{"id":22761,"date":"2018-09-30T01:09:41","date_gmt":"2018-09-29T23:09:41","guid":{"rendered":"http:\/\/www.ocean4future.org\/?p=22761"},"modified":"2026-03-22T18:21:44","modified_gmt":"2026-03-22T17:21:44","slug":"lassedio-di-malta-del-1565-dallassalto-della-senglea-allarrivo-del-gran-soccorso-di-gabriele-campagnano","status":"publish","type":"post","link":"https:\/\/www.ocean4future.org\/savetheocean\/archives\/22761","title":{"rendered":"L\u2019Assedio di Malta del 1565, dall\u2019assalto della Senglea all\u2019Arrivo del Gran Soccorso Parte VI"},"content":{"rendered":"<span class=\"span-reading-time rt-reading-time\" style=\"display: block;\"><span class=\"rt-label rt-prefix\">tempo di lettura: <\/span> <span class=\"rt-time\"> 9<\/span> <span class=\"rt-label rt-postfix\">minuti<\/span><\/span><p><strong><span style=\"color: #008000;\"><span style=\"color: #ffffff;\">.<\/span><br \/>\n<a class=\"maxbutton-4 maxbutton maxbutton-livello-di-comprensione\" href=\"javascript:void(0);\"><span class='mb-text'>livello elementare<\/span><\/a><br \/>\n<\/span><\/strong><span style=\"color: #ffffff;\">.<\/span><br \/>\n<strong><span style=\"color: #008000;\">ARGOMENTO: STORIA NAVALE<br \/>\n<\/span><\/strong><strong><span style=\"color: #008000;\">PERIODO: XVI SECOLO<br \/>\n<\/span><\/strong><strong><span style=\"color: #008000;\">AREA: MAR MEDITERRANEO<br \/>\n<\/span><\/strong>parole chiave: Malta, Ottomani, assedio<br \/>\n<span style=\"color: #ffffff;\">,<\/span><\/p>\n<p>&nbsp;<\/p>\n<p style=\"text-align: justify;\">Nei precedenti articoli abbiamo trattato la prima fase dell\u2019Assedio (fino alla Caduta di S. Elmo) e la seconda fase (l\u2019inizio dell\u2019Assalto alla Senglea). Prima di leggere questo articolo, vi consiglio di leggere anche i precedenti (link in calce).<\/p>\n<p style=\"text-align: justify;\">Avevamo lasciato l\u2019ingegnere maltese <strong><span style=\"color: #008000;\">Evangelista Menga<\/span><\/strong> e il suo allievo <strong><span style=\"color: #008000;\">Girolamo Cassar<\/span><\/strong> alle prese con lo studio di un piano atto a distruggere il ponte di assi gettato dai Turchi sul fossato.&nbsp;<strong><span style=\"color: #008000;\">Girolamo Cassar<\/span><\/strong> decide di rischiare la vita per effettuare le accurate misurazioni necessarie al progetto. Fa costruire una cassa di legno, un p\u00f2 pi\u00f9 lunga di lui ed imbottita con diversi materiali per attutire un eventuale colpo di artiglieria. Entra nella cassa disteso a pancia in gi\u00f9 e, piano piano, si fa spingere fuori dalle mura.<\/p>\n<figure id=\"attachment_11351\" class=\"wp-caption aligncenter\" style=\"width: 568px;\"><img decoding=\"async\" class=\"wp-image-11351 \" src=\"https:\/\/i2.wp.com\/zweilawyer.com\/wp-content\/uploads\/2016\/03\/galea.jpg?resize=501%2C324\" sizes=\"(max-width: 501px) 100vw, 501px\" srcset=\"https:\/\/i2.wp.com\/zweilawyer.com\/wp-content\/uploads\/2016\/03\/galea.jpg?w=1340 1340w, https:\/\/i2.wp.com\/zweilawyer.com\/wp-content\/uploads\/2016\/03\/galea.jpg?resize=300%2C194 300w, https:\/\/i2.wp.com\/zweilawyer.com\/wp-content\/uploads\/2016\/03\/galea.jpg?resize=768%2C496 768w, https:\/\/i2.wp.com\/zweilawyer.com\/wp-content\/uploads\/2016\/03\/galea.jpg?resize=1024%2C662 1024w, https:\/\/i2.wp.com\/zweilawyer.com\/wp-content\/uploads\/2016\/03\/galea.jpg?resize=60%2C39 60w, https:\/\/i2.wp.com\/zweilawyer.com\/wp-content\/uploads\/2016\/03\/galea.jpg?resize=600%2C388 600w\" alt=\"galea\" width=\"568\" height=\"367\"><figcaption class=\"wp-caption-text\"><strong><span style=\"color: #008000;\">Una galea maggiore dell\u2019Ordine<\/span><\/strong><\/figcaption><\/figure>\n<p style=\"text-align: justify;\">Dobbiamo immaginarla come una specie di bara con la parte anteriore, quella che sbuca oltre il parapetto, ben corazzata. Cassar rimane quasi sospeso, grazie alle due funi che permettono alla cassa di \u201cuscire\u201d dalle mura, sul ponte dei Turchi, ed \u00e8 quindi in grado di prendere le misure necessarie con il filo a piombo (calato da un\u2019apertura sul fondo della \u201cbara\u201d). Con tutti i dati a disposizione, Menga e Cassar ricavano una nuova troniera&nbsp;(un\u2019apertura per l\u2019artiglieria) all&#8217;interno di una casamatta, che guardi esattamente al centro del ponte. Il cannone viene posizionato e fa fuoco a ripetizione, mandando in frantumi parte del ponte. Vista la grande quantit\u00e0 di schegge e detriti prodotti, i maltesi completano l\u2019opera incendiandolo con pignatte infuocate. Il ponte brucia per tutta la notte del 17 Luglio. I Turchi provano a rimetterlo in sesto durante la mattinata, ma non c\u2019\u00e8 pi\u00f9 nulla da fare.<\/p>\n<p style=\"text-align: justify;\">Nel frattempo, a quasi tre mesi dall\u2019arrivo a Malta, il campo degli assedianti continua a essere fiaccato dalle malattie e dalla mancanza d\u2019acqua. Si sparge inoltre la voce che il Gran Soccorso stia arrivando; Mustaf\u00e0 (anche per tenere buoni i suoi) manda Hassan di Algeri a pattugliare le acque intorno all\u2019isola, mentre&nbsp;<a href=\"https:\/\/it.wikipedia.org\/wiki\/Ulu%C3%A7_Al%C3%AC_Pasci%C3%A0\">Uccial\u00ec<\/a>&nbsp;(corsaro rinnegato italiano, nato&nbsp;Giovanni Dionigi Galeni), governatore di Tripoli, \u00e8 costretto a ritornare ai suoi possedimenti a causa di una rivolta araba. Le defezioni non si fermano qui, visto che anche Pial\u00ec Pasci\u00e0, infuriato per essere bloccato a Malta da mesi con tutta la flotta, decide di riprendere il largo con operazioni di pattugliamento. Giovane e favorito di Solimano, Pial\u00ec Pasci\u00e0 \u00e8 a malapena tollerato dal vecchio Mustaf\u00e0, che, dal canto suo, ha inanellato una serie di sconfitte inaspettate. Proprio per questo, Mustaf\u00e0 riesce a convincere Pial\u00ec a rientrare in Malta e guidare egli stesso il prossimo assalto, diretto al Borgo. Egli riesce a convincere l\u2019Ammiraglio &nbsp;(pi\u00f9 volte definito \u201cgiovane\u201d nonostante avesse 50 anni) dicendogli che a vittoria \u00e8 certa, ma in realt\u00e0 vuole qualcuno con cui condividere&nbsp;un eventuale fallimento. Altra spina nel fianco \u00e8 la cavalleria della Notabile (la vecchia capitale di Malta, una roccaforte al centro dell\u2019isola), che per tutto l\u2019assedio ha continuato le sue scorribande, intercettando ogni drappello turco che prova a staccarsi dal grosso dell\u2019esercito.<\/p>\n<p style=\"text-align: justify;\">Le disavventure dell\u2019esercito turco sono boccate d\u2019ossigeno per il Gran Maestro, che reputa imminente anche l\u2019arrivo del Grande Soccorso (lo aspetta per il 25 Luglio). Purtroppo per i Cavalieri per\u00f2, i Turchi cominciano i preparativi per il nuovo assalto. A preoccupare maggiormente i difensori sono le mine che i Turchi iniziano a scavare sotto i bastioni. Protetti infatti dal tiro di ottimi cecchini, che rendono quasi impossibile affacciarsi ai parapetti senza il rischio di una palla in fronte, i manovali ottomani non hanno problemi ad arrivare fin sotto le mura.<\/p>\n<figure id=\"attachment_11350\" class=\"wp-caption aligncenter\"><img decoding=\"async\" class=\"wp-image-11350 size-full\" src=\"https:\/\/i0.wp.com\/zweilawyer.com\/wp-content\/uploads\/2016\/03\/notabile-fortificazioni-malta.png?resize=1028%2C463\" sizes=\"(max-width: 1028px) 100vw, 1028px\" srcset=\"https:\/\/i0.wp.com\/zweilawyer.com\/wp-content\/uploads\/2016\/03\/notabile-fortificazioni-malta.png?w=1028 1028w, https:\/\/i0.wp.com\/zweilawyer.com\/wp-content\/uploads\/2016\/03\/notabile-fortificazioni-malta.png?resize=300%2C135 300w, https:\/\/i0.wp.com\/zweilawyer.com\/wp-content\/uploads\/2016\/03\/notabile-fortificazioni-malta.png?resize=768%2C346 768w, https:\/\/i0.wp.com\/zweilawyer.com\/wp-content\/uploads\/2016\/03\/notabile-fortificazioni-malta.png?resize=1024%2C461 1024w, https:\/\/i0.wp.com\/zweilawyer.com\/wp-content\/uploads\/2016\/03\/notabile-fortificazioni-malta.png?resize=60%2C27 60w, https:\/\/i0.wp.com\/zweilawyer.com\/wp-content\/uploads\/2016\/03\/notabile-fortificazioni-malta.png?resize=600%2C270 600w\" alt=\"notabile fortificazioni malta\" width=\"740\" height=\"333\"><strong><span style=\"color: #008000;\">Ancora oggi, \u00e8 facile comprendere come la Notabile fosse una citt\u00e0 quasi inespugnabile.<\/span><\/strong><\/figure>\n<p style=\"text-align: justify;\">Il 22 Luglio, le artiglierie di Mustaf\u00e0 e Pial\u00ec cantano all&#8217;unisono sul Borgo. Sessanta cannoni e altri pezzi di piccolo calibro. I Turchi bersagliano soprattutto le abitazioni, volendosi vendicare sui maltesi, rei di non aver tradito di Cavalieri. Il Gran Maestro, a rischio della vita, continua a percorrere le vie del Borgo senza mostrare preoccupazione, in armatura completa e con picca e scudo. Vacilla solo il 25 Luglio, quando capisce che del Gran Soccorso non c\u2019\u00e8 traccia. Raduna quindi tutta la popolazione nella piazza del Borgo e tiene l\u2019ennesimo discorso, in cui sostiene che ormai Malta deve contare solo sulle proprie forze e sperare nell&#8217;aiuto divino. Si dice pronto a morire per primo e giura di non abbandonare mai il suo popolo. Alle parole, La Valette fa seguire i fatti. Abbandona infatti la sua residenza nell\u2019Albergo d\u2019Italia e si trasferisce nella bottega di un mercante nella piazza del Borgo. L\u2019effetto psicologico di questa sua azione sulla popolazione \u00e8 enorme: il Gran Maestro \u00e8 l\u00ec con loro, sotto il tiro dei cannoni turchi. <strong><span style=\"color: #008000;\">Forse non tutto \u00e8 perduto.<\/span><\/strong><\/p>\n<p><img decoding=\"async\" class=\"wp-image-23808 alignleft\" src=\"https:\/\/www.ocean4future.org\/savetheocean\/wp-content\/uploads\/2018\/09\/malta-torre.jpg\" alt=\"\" width=\"265\" height=\"380\"><\/p>\n<p style=\"text-align: justify;\">Il cannoneggiamento delle abitazioni civili lascia anche presumere che Mustaf\u00e0 punti molto sulla&nbsp;guerra di mina. Tuttavia, le controgallerie dei Cavalieri riescono&nbsp;spesso a intercettare e vanificare il lavoro dei Turchi. Ad ogni modo, Mustaf\u00e0 non abbandona neanche l\u2019idea di ottenere la resa dei Cavalieri. A questo fine sfrutta Orlando Magri e Giorgio Malvasia, due messaggeri del&nbsp;<a href=\"https:\/\/it.wikipedia.org\/wiki\/Garc%C3%ADa_%C3%81lvarez_de_Toledo_y_Osorio\">Vicer\u00e9<\/a>&nbsp; di Sicilia,&nbsp;catturati al largo di Malta. <strong><span style=\"color: #008000;\">Orlando Magri<\/span><\/strong> riferisce a Mustaf\u00e0 che l\u2019armata cattolica conta gi\u00e0 210 vascelli, ma quest\u2019ultimo lo costringe a dire tutt\u2019altro al Gran Maestro. Lo porta infatti davanti alle mura, dove Magri urla al Bal\u00ec Felizes che il Vicer\u00e9 ha solo 50 navi malconce e che quindi \u00e8 meglio arrendersi.<\/p>\n<p style=\"text-align: justify;\">In realt\u00e0 il Vicer\u00e9, su ordine di Filippo II, sta effettivamente preparando un contingente di 12.000 uomini, e invia un nuovo messo per avvertire il Cav. Mesquita, che continua a mantenere il controllo delle comunicazioni fra l\u2019isolotto del Gozo e la Notabile. Il messaggio per\u00f2 contiene anche una data, fine Agosto, per l\u2019arrivo del Gran Soccorso. Ancora un mese.<\/p>\n<p style=\"text-align: justify;\">Poco dopo, Mesquita d\u00e0 al Gran Maestro un notizia ben peggiore: i Turchi tenteranno un altro assalto generale il 2 Agosto. Un\u2019ora dopo mezzogiorno, tutte le artiglierie turche tornano a tuonare. Si tratta del cannoneggiamento pi\u00f9 devastante dell\u2019intero Assedio. S.Angelo \u00e8 bersagliato da un fuoco incrociato proveniente da Gallows Point, dal Salvatore, dal Monte Sciberras e addirittura da S.Elmo, dove i Turchi sono riusciti a piazzare, fra i detriti, altra artiglieria. Verso la Senglea invece, Mustaf\u00e0 \u00e8 talmente convinto di uscire vittorioso da ordinare ai cannonieri di sparare alto sopra le mura o senza palla. Fare frastuono, insomma, senza rovinare le fortificazioni, che immagina di poter utilizzare a proprio favore negli anni successivi.<\/p>\n<figure id=\"attachment_11352\" class=\"wp-caption aligncenter\">\n<figure id=\"attachment_11352\" aria-describedby=\"caption-attachment-11352\" style=\"width: 740px\" class=\"wp-caption aligncenter\"><img decoding=\"async\" class=\"wp-image-11352 size-full\" src=\"https:\/\/i0.wp.com\/zweilawyer.com\/wp-content\/uploads\/2016\/03\/S.Angelo-Malta.jpg?resize=888%2C785\" sizes=\"(max-width: 888px) 100vw, 888px\" srcset=\"https:\/\/i0.wp.com\/zweilawyer.com\/wp-content\/uploads\/2016\/03\/S.Angelo-Malta.jpg?w=888 888w, https:\/\/i0.wp.com\/zweilawyer.com\/wp-content\/uploads\/2016\/03\/S.Angelo-Malta.jpg?resize=300%2C265 300w, https:\/\/i0.wp.com\/zweilawyer.com\/wp-content\/uploads\/2016\/03\/S.Angelo-Malta.jpg?resize=768%2C679 768w, https:\/\/i0.wp.com\/zweilawyer.com\/wp-content\/uploads\/2016\/03\/S.Angelo-Malta.jpg?resize=60%2C53 60w, https:\/\/i0.wp.com\/zweilawyer.com\/wp-content\/uploads\/2016\/03\/S.Angelo-Malta.jpg?resize=600%2C530 600w\" alt=\"Le linee di tiro dell'artiglieria turca su S.Angelo\" width=\"740\" height=\"654\"><figcaption id=\"caption-attachment-11352\" class=\"wp-caption-text\"><strong><span style=\"color: #008000;\">Le linee di tiro dell\u2019artiglieria turca su S.Angelo<\/span><\/strong><\/figcaption><\/figure>\n<p style=\"text-align: justify;\">Migliaia di Turchi si gettano sui parapetti. Inizialmente hanno la meglio, e lo stendardo della mezzaluna appare in diverse sezioni dei bastioni. Poi lo scontro all\u2019arma bianca volge a favore dei Cavalieri. Da un lato corazze europee, armi in asta e zweihander, dall\u2019altro sciabole, qualche armatura e molte vesti di seta. Il peso specifico degli Europei alla fine \u00e8 decisivo e i Turchi finiscono a centinaia nel fossato. L\u2019ennesimo attacco fallito alla Senglea, mentre il Borgo non ha ancora subito assalti. Intorno a quest\u2019ultimo i Turchi lavorano senza sosta, scavando trincee e postazioni difensive per l\u2019imminente aggressione. Durante la notte del 2 Agosto, i Cavalieri effettuano una sortita del tutto inaspettata. I Turchi fuggono verso le retrovie, abbandonando i loro lavori, alcuni dei quali vengono distrutti.<\/p>\n<\/figure>\n<figure id=\"attachment_23809\" aria-describedby=\"caption-attachment-23809\" style=\"width: 632px\" class=\"wp-caption alignleft\"><img decoding=\"async\" class=\"wp-image-23809\" src=\"https:\/\/www.ocean4future.org\/savetheocean\/wp-content\/uploads\/2018\/09\/zweihANDER.jpg\" alt=\"\" width=\"632\" height=\"945\" srcset=\"https:\/\/www.ocean4future.org\/savetheocean\/wp-content\/uploads\/2018\/09\/zweihANDER.jpg 236w, https:\/\/www.ocean4future.org\/savetheocean\/wp-content\/uploads\/2018\/09\/zweihANDER-201x300.jpg 201w\" sizes=\"(max-width: 632px) 100vw, 632px\" \/><figcaption id=\"caption-attachment-23809\" class=\"wp-caption-text\"><strong><span style=\"color: #008000;\">zweihander<\/span><\/strong><\/figcaption><\/figure>\n<p style=\"text-align: justify;\">Ma c\u2019\u00e8 poco da festeggiare. Un soldato spagnolo ha infatti disertato, unendosi ai Turchi, e ha reso nota la tremenda situazione all&#8217;interno delle fortificazioni: fra Cavalieri e mercenari, sono rimaste solo 500 persone in grado di combattere. E le munizioni scarseggiano. La Valette decide di lasciare solo pochi difensori sul lato marino delle due penisole (dove i Turchi effettuano finte manovre di attacco da giorni) e di concentrarsi sulla difesa nell&#8217;entroterra. Per avere a disposizione pi\u00f9 armi, fa demolire alcune case e utilizzare i detriti come proiettili da tirare sugli assedianti. La mattina del 7 Agosto, parte un nuovo&nbsp;cannoneggiamento generale della Senglea. Gli imam intonano canti, promettendo 72 vergini ai martiri, e Mustaf\u00e0 \u00e8 ben lieto di mandare all&#8217;assalto buona parte dei suoi. \u00c8 un assalto generalizzato, contro tutte le poste della Senglea; i difensori riescono a malapena a coprire tutti i bastioni. I Turchi lanciano oltre i parapetti un &nbsp;gran numero di fuochi artificiali e ordigni incendiari, sperando di costringere i Cavalieri a ritirarsi. In realt\u00e0, sia i Cavalieri che i Maltesi sono molto abili nel maneggiare gli ordigni e rispedirli al mittente prima dell\u2019esplosione. Sugli assedianti precipitano massi e ogni tipo di materiale infiammabile a disposizione dei Cavalieri. Il combattimento diviene&nbsp;molto intenso sulla posta difesa da Robles, ma l\u2019assalto pi\u00f9 duro e prolungato impegna la posta di Burmola.<\/p>\n<p style=\"text-align: justify;\">Dopo un\u2019ora, entra in azione <strong><span style=\"color: #008000;\">Pial\u00ec Pasci\u00e0<\/span><\/strong>, che bombarda il Borgo mentre i suoi attaccano la posta di Castiglia. La Valette ha per\u00f2 previsto un attacco in quel punto e l\u2019ha dotata del miglior rifornimento possibile di uomini e munizioni. Colpita duro dal tiro laterale proveniente dalle batterie posizionate sul Salvatore, la posta barcolla, ma regge. Non ci sono per\u00f2 defezioni o fughe: Maltesi e Cavalieri rimangono alle loro postazioni anche quando vedono che i loro vicini sono straziati o spazzati via da una palla di ferro. Candelissa, il rinnegato che, poche settimane prima, aveva tentato il disastroso sbarco sullo sperone della Senglea (dove avevano perso la vita 800 Giannizzeri), vuole rifarsi agli occhi di Pial\u00ec. Getta la scala contro le mura e guida in prima persona il nuovo assalto. Ad attenderlo dietro il parapetto c\u2019\u00e8 per\u00f2 un archibugio cristiano, che lo centra in fronte; il suo cadavere precipita nel fossato. I Musulmani cercano di entrare in ogni breccia scavata dall\u2019artiglieria, ma sono respinti ogni volta e subiscono enormi perdite nel tentativo di avere la meglio sulle guarnigioni della Posta d\u2019Alemagna e d\u2019Inghilterra. A quattro ore dall\u2019inizio dell\u2019assalto, assediati e assedianti sono allo stremo. La Valette \u00e8 convinto che, a breve, i nemici suoneranno la ritirata, ma si sbaglia. Mustaf\u00e0 e Pial\u00ec giungono insieme sotto le poste e ordinano ai loro di continuare. I Turchi hanno mostrato un grande coraggio nel continuare le scalate nonostante abbiano assistito al massacro di migliaia di commilitoni, ma ai due generali non basta. Il Cav. Robles, che da giorni non si toglie l\u2019armatura completa, osserva con rassegnazione i preparativi dei Turchi. Si gira verso i suoi, forse un centinaio di uomini, e si toglie il crocifisso. Lo alza in aria e gira per le poste esortando Cavalieri e Maltesi a ricevere la&nbsp;<a href=\"https:\/\/it.wikipedia.org\/wiki\/Palma_del_martirio\">palma del martirio<\/a>. Allora anche i vecchi e i bambini si gettano sulle mura, e in generale tutti i Maltesi sono percorsi da un furore innaturale. L\u2019inerzia psicologica vira in pochi minuti, e ora i Turchi si ritrovano Maltesi armati fino ai denti che li insultano nella loro lingua e li massacrano senza piet\u00e0.<\/p>\n<figure id=\"attachment_11353\" aria-describedby=\"caption-attachment-11353\" style=\"width: 632px\" class=\"wp-caption alignnone\"><img decoding=\"async\" class=\"wp-image-11353\" src=\"https:\/\/i0.wp.com\/zweilawyer.com\/wp-content\/uploads\/2016\/03\/mustaf%C3%A0.jpg?resize=282%2C400\" alt=\"Mustaf\u00e0 Pasci\u00e0 aveva 65 anni quando inizi\u00f2 l'Assedio di Malta.\" width=\"632\" height=\"897\"><figcaption id=\"caption-attachment-11353\" class=\"wp-caption-text\"><strong><span style=\"color: #008000;\">Mustaf\u00e0 Pasci\u00e0 aveva 65 anni quando inizi\u00f2 l\u2019Assedio di Malta<\/span><\/strong><\/figcaption><\/figure>\n<p style=\"text-align: justify;\">La Valette, settantunenne, si presenta sulla breccia in armatura completa e guida il contrattacco. Tutti i soldati \u2013 mercenari, maltesi e Cavalieri \u2013 lo guardano come un\u2019apparizione divina. A risolvere la battaglia \u00e8 anche l\u2019intuizione del Cav. De Lingny, che piomba con la cavalleria sul campo Turco della Marsa, pieno di feriti, e massacra sia loro che il corpo di guardia. Le voci di un attacco al campo raggiungono gli assedianti, che cercano di tornare indietro sotto le cannonate e gli scherni provenienti dalle mura. Gli ottomani si ammassano gli uni sugli altri e le chiacchiere circolano senza freni; a un certo punto, lo stesso Mustaf\u00e0 si convince che sia arrivato il Gran Soccorso! Degli aiuti siciliani non c\u2019\u00e8 per\u00f2 traccia, e l\u20198 Agosto le postazioni di artiglieria ottomane ritornano all\u2019opera. La Valette \u00e8 addirittura costretto a non far entrare in porto due galee dell\u2019Ordine che sono in attesa del momento propizio per forzare il blocco. Da S.Angelo segnala loro di tornare in Sicilia. L\u2019unico a sbarcare, di soppiatto, \u00e8 il Capitano Andrea Salazar, incaricato dal Vicer\u00e9 di raccogliere (grazie all\u2019aiuto di Mesquita e della Notabile) tutte le informazioni necessarie all\u2019attacco e alle modalit\u00e0 per portarlo a termine con successo. Il 10 Agosto, Pial\u00ec Pasci\u00e0 lascia le operazioni nei dintorni di Borgo e Senglea e si porta con 5.000 uomini in vista della Notabile. Visti gli enormi danni fatti dalla cavalleria della citt\u00e0 (che rappresentava anche il centro direzionale dell\u2019intelligenza di Malta), molti pensano che Pial\u00ec voglia assediarla. Tuttavia, egli si limita a tagliare le vie di rientro ai cavalieri cristiani, che si frammentano in decine di bande per sfuggire ai blocchi con maggiore facilit\u00e0. Negli scontri perdono la vita diversi uomini ma, cosa peggiore, ne cadono prigionieri 11. Una volta giunti davanti a Mustaf\u00e0, questi ultimi sono costretti a svelare parte della corrispondenza fra la Notabile e il Vicer\u00e9. Lo stesso giorno, i Cavalieri sono protagonisti di un altro evento sfortunato. Il Cav. Robles, che pochi giorni prima era stato fondamentale a respingere gli assalti turchi, decide di affacciarsi a un parapetto per controllare in prima persona l\u2019opera di un gruppo di ingegneri ottomani sotto una posta della Senglea. Fra i Giannizzeri ci sono per\u00f2 dei cecchini davvero straordinari, e uno di loro gli piazza una palla in mezzo alla fronte.<\/p>\n<p style=\"text-align: justify;\"><strong><span style=\"color: #008000;\">Gabriele Campagnano<\/span><\/strong><\/p>\n<p style=\"text-align: justify;\">&nbsp;<\/p>\n<p>Alcune delle immagini possono essere state prese dal web, citandone ove possibile gli autori e\/o le fonti. Se qualcuno desiderasse specificarne l\u2019autore e le fonti o rimuoverle, pu\u00f2 scrivere a infoocean4future@gmail.com e provvederemo immediatamente alla correzione dell\u2019articolo<\/p>\n<p>&nbsp;<\/p>\n<p><a class=\"maxbutton-3 maxbutton maxbutton-pagina-principale\" target=\"_blank\" title=\"tooltip\" rel=\"nofollow noopener\" href=\"http:\/\/www.ocean4future.org\"><span class='mb-text'>PAGINA PRINCIPALE<\/span><\/a><br \/>\n<span style=\"color: #ffffff;\">.<\/span><\/p>\n<p><a class=\"maxbutton-13 maxbutton maxbutton-parte-i\" target=\"_blank\" title=\" tooltip\" rel=\"nofollow noopener\" href=\"https:\/\/www.ocean4future.org\/savetheocean\/archives\/22743\"><span class='mb-text'>PARTE I<\/span><\/a> <a class=\"maxbutton-14 maxbutton maxbutton-parte-ii\" target=\"_blank\" title=\" tooltip\" rel=\"nofollow noopener\" href=\"https:\/\/www.ocean4future.org\/savetheocean\/archives\/23303\"><span class='mb-text'>PARTE II<\/span><\/a> <a class=\"maxbutton-15 maxbutton maxbutton-parte-iii\" target=\"_blank\" title=\" tooltip\" rel=\"nofollow noopener\" href=\"https:\/\/www.ocean4future.org\/savetheocean\/archives\/23314\"><span class='mb-text'>PARTE III<\/span><\/a> <a class=\"maxbutton-16 maxbutton maxbutton-parte-iv\" target=\"_blank\" title=\" tooltip\" rel=\"nofollow noopener\" href=\"https:\/\/www.ocean4future.org\/savetheocean\/archives\/22756\"><span class='mb-text'>PARTE IV<\/span><\/a> <a class=\"maxbutton-17 maxbutton maxbutton-parte-v\" target=\"_blank\" title=\" tooltip\" rel=\"nofollow noopener\" href=\"https:\/\/www.ocean4future.org\/savetheocean\/archives\/23317\"><span class='mb-text'>PARTE V<\/span><\/a> <a class=\"maxbutton-18 maxbutton maxbutton-parte-vi\" target=\"_blank\" title=\" tooltip\" rel=\"nofollow noopener\" href=\"https:\/\/www.ocean4future.org\/savetheocean\/archives\/22761\"><span class='mb-text'>PARTE VI<\/span><\/a> <a class=\"maxbutton-19 maxbutton maxbutton-parte-vii\" target=\"_blank\" title=\" tooltip\" rel=\"nofollow noopener\" href=\"https:\/\/www.ocean4future.org\/savetheocean\/archives\/23810\"><span class='mb-text'>PARTE VII<\/span><\/a> <a class=\"maxbutton-20 maxbutton maxbutton-parte-viii\" target=\"_blank\" title=\" tooltip\" rel=\"nofollow noopener\" href=\"https:\/\/www.ocean4future.org\/savetheocean\/archives\/22763\"><span class='mb-text'>PARTE VIII<\/span><\/a><\/p>\n","protected":false},"excerpt":{"rendered":"<p><span class=\"span-reading-time rt-reading-time\" style=\"display: block;\"><span class=\"rt-label rt-prefix\">tempo di lettura: <\/span> <span class=\"rt-time\"> 9<\/span> <span class=\"rt-label rt-postfix\">minuti<\/span><\/span>. . ARGOMENTO: STORIA NAVALE PERIODO: XVI SECOLO AREA: MAR MEDITERRANEO parole chiave: Malta, Ottomani, assedio , &nbsp; Nei precedenti articoli abbiamo trattato la prima fase dell\u2019Assedio (fino alla Caduta di S. Elmo) e la seconda fase (l\u2019inizio dell\u2019Assalto alla Senglea). Prima di leggere questo articolo, vi consiglio di leggere anche i precedenti (link in [&hellip;]<\/p>\n","protected":false},"author":2366,"featured_media":23806,"comment_status":"open","ping_status":"open","sticky":false,"template":"","format":"standard","meta":{"_acf_changed":false,"_monsterinsights_skip_tracking":false,"_monsterinsights_sitenote_active":false,"_monsterinsights_sitenote_note":"","_monsterinsights_sitenote_category":0,"footnotes":""},"categories":[2318],"tags":[421,2086,2087,2162],"class_list":["post-22761","post","type-post","status-publish","format-standard","has-post-thumbnail","hentry","category-eta-moderna","tag-malta","tag-ospitalieri","tag-ottomani","tag-senglea"],"acf":[],"yoast_head":"<!-- This site is optimized with the Yoast SEO plugin v27.4 - https:\/\/yoast.com\/product\/yoast-seo-wordpress\/ -->\n<title>L\u2019Assedio di Malta del 1565, dall\u2019assalto della Senglea all\u2019Arrivo del Gran Soccorso Parte VI &#8226; OCEAN4FUTURE autore<\/title>\n<meta name=\"robots\" content=\"index, follow, max-snippet:-1, max-image-preview:large, max-video-preview:-1\" \/>\n<link rel=\"canonical\" href=\"https:\/\/www.ocean4future.org\/savetheocean\/archives\/22761\" \/>\n<meta property=\"og:locale\" content=\"it_IT\" \/>\n<meta property=\"og:type\" content=\"article\" \/>\n<meta property=\"og:title\" content=\"L\u2019Assedio di Malta del 1565, dall\u2019assalto della Senglea all\u2019Arrivo del Gran Soccorso Parte VI &#8226; OCEAN4FUTURE autore\" \/>\n<meta property=\"og:description\" content=\"tempo di lettura:  9 minuti. . ARGOMENTO: STORIA NAVALE PERIODO: XVI SECOLO AREA: MAR MEDITERRANEO parole chiave: Malta, Ottomani, assedio , &nbsp; Nei precedenti articoli abbiamo trattato la prima fase dell\u2019Assedio (fino alla Caduta di S. Elmo) e la seconda fase (l\u2019inizio dell\u2019Assalto alla Senglea). Prima di leggere questo articolo, vi consiglio di leggere anche i precedenti (link in [&hellip;]\" \/>\n<meta property=\"og:url\" content=\"https:\/\/www.ocean4future.org\/savetheocean\/archives\/22761\" \/>\n<meta property=\"og:site_name\" content=\"OCEAN4FUTURE\" \/>\n<meta property=\"article:published_time\" content=\"2018-09-29T23:09:41+00:00\" \/>\n<meta property=\"article:modified_time\" content=\"2026-03-22T17:21:44+00:00\" \/>\n<meta property=\"og:image\" content=\"https:\/\/www.ocean4future.org\/savetheocean\/wp-content\/uploads\/2018\/09\/P1000565.jpg\" \/>\n\t<meta property=\"og:image:width\" content=\"1600\" \/>\n\t<meta property=\"og:image:height\" content=\"1200\" \/>\n\t<meta property=\"og:image:type\" content=\"image\/jpeg\" \/>\n<meta name=\"author\" content=\"Gabriele Campagnano\" \/>\n<meta name=\"twitter:card\" content=\"summary_large_image\" \/>\n<meta name=\"twitter:creator\" content=\"@ocean4future\" \/>\n<meta name=\"twitter:site\" content=\"@ocean4future\" \/>\n<meta name=\"twitter:label1\" content=\"Scritto da\" \/>\n\t<meta name=\"twitter:data1\" content=\"Gabriele Campagnano\" \/>\n\t<meta name=\"twitter:label2\" content=\"Tempo di lettura stimato\" \/>\n\t<meta name=\"twitter:data2\" content=\"14 minuti\" \/>\n<script type=\"application\/ld+json\" class=\"yoast-schema-graph\">{\"@context\":\"https:\\\/\\\/schema.org\",\"@graph\":[{\"@type\":\"Article\",\"@id\":\"https:\\\/\\\/www.ocean4future.org\\\/savetheocean\\\/archives\\\/22761#article\",\"isPartOf\":{\"@id\":\"https:\\\/\\\/www.ocean4future.org\\\/savetheocean\\\/archives\\\/22761\"},\"author\":{\"name\":\"Gabriele Campagnano\",\"@id\":\"https:\\\/\\\/www.ocean4future.org\\\/savetheocean\\\/#\\\/schema\\\/person\\\/8f268e05d09f0a406d4ac8c90079d6f2\"},\"headline\":\"L\u2019Assedio di Malta del 1565, dall\u2019assalto della Senglea all\u2019Arrivo del Gran Soccorso Parte VI\",\"datePublished\":\"2018-09-29T23:09:41+00:00\",\"dateModified\":\"2026-03-22T17:21:44+00:00\",\"mainEntityOfPage\":{\"@id\":\"https:\\\/\\\/www.ocean4future.org\\\/savetheocean\\\/archives\\\/22761\"},\"wordCount\":2458,\"commentCount\":0,\"publisher\":{\"@id\":\"https:\\\/\\\/www.ocean4future.org\\\/savetheocean\\\/#\\\/schema\\\/person\\\/4e1c26437054353074d7bb2efa77162c\"},\"image\":{\"@id\":\"https:\\\/\\\/www.ocean4future.org\\\/savetheocean\\\/archives\\\/22761#primaryimage\"},\"thumbnailUrl\":\"https:\\\/\\\/www.ocean4future.org\\\/savetheocean\\\/wp-content\\\/uploads\\\/2018\\\/09\\\/P1000565.jpg\",\"keywords\":[\"Malta\",\"Ospitalieri\",\"Ottomani\",\"Senglea\"],\"articleSection\":[\"Storia navale dell'et\u00e0 moderna (post 1492 - oggi)\"],\"inLanguage\":\"it-IT\",\"potentialAction\":[{\"@type\":\"CommentAction\",\"name\":\"Comment\",\"target\":[\"https:\\\/\\\/www.ocean4future.org\\\/savetheocean\\\/archives\\\/22761#respond\"]}]},{\"@type\":\"WebPage\",\"@id\":\"https:\\\/\\\/www.ocean4future.org\\\/savetheocean\\\/archives\\\/22761\",\"url\":\"https:\\\/\\\/www.ocean4future.org\\\/savetheocean\\\/archives\\\/22761\",\"name\":\"L\u2019Assedio di Malta del 1565, dall\u2019assalto della Senglea all\u2019Arrivo del Gran Soccorso Parte VI &#8226; OCEAN4FUTURE autore\",\"isPartOf\":{\"@id\":\"https:\\\/\\\/www.ocean4future.org\\\/savetheocean\\\/#website\"},\"primaryImageOfPage\":{\"@id\":\"https:\\\/\\\/www.ocean4future.org\\\/savetheocean\\\/archives\\\/22761#primaryimage\"},\"image\":{\"@id\":\"https:\\\/\\\/www.ocean4future.org\\\/savetheocean\\\/archives\\\/22761#primaryimage\"},\"thumbnailUrl\":\"https:\\\/\\\/www.ocean4future.org\\\/savetheocean\\\/wp-content\\\/uploads\\\/2018\\\/09\\\/P1000565.jpg\",\"datePublished\":\"2018-09-29T23:09:41+00:00\",\"dateModified\":\"2026-03-22T17:21:44+00:00\",\"breadcrumb\":{\"@id\":\"https:\\\/\\\/www.ocean4future.org\\\/savetheocean\\\/archives\\\/22761#breadcrumb\"},\"inLanguage\":\"it-IT\",\"potentialAction\":[{\"@type\":\"ReadAction\",\"target\":[\"https:\\\/\\\/www.ocean4future.org\\\/savetheocean\\\/archives\\\/22761\"]}]},{\"@type\":\"ImageObject\",\"inLanguage\":\"it-IT\",\"@id\":\"https:\\\/\\\/www.ocean4future.org\\\/savetheocean\\\/archives\\\/22761#primaryimage\",\"url\":\"https:\\\/\\\/www.ocean4future.org\\\/savetheocean\\\/wp-content\\\/uploads\\\/2018\\\/09\\\/P1000565.jpg\",\"contentUrl\":\"https:\\\/\\\/www.ocean4future.org\\\/savetheocean\\\/wp-content\\\/uploads\\\/2018\\\/09\\\/P1000565.jpg\",\"width\":1600,\"height\":1200},{\"@type\":\"BreadcrumbList\",\"@id\":\"https:\\\/\\\/www.ocean4future.org\\\/savetheocean\\\/archives\\\/22761#breadcrumb\",\"itemListElement\":[{\"@type\":\"ListItem\",\"position\":1,\"name\":\"Home\",\"item\":\"https:\\\/\\\/www.ocean4future.org\\\/savetheocean\"},{\"@type\":\"ListItem\",\"position\":2,\"name\":\"L\u2019Assedio di Malta del 1565, dall\u2019assalto della Senglea all\u2019Arrivo del Gran Soccorso Parte VI\"}]},{\"@type\":\"WebSite\",\"@id\":\"https:\\\/\\\/www.ocean4future.org\\\/savetheocean\\\/#website\",\"url\":\"https:\\\/\\\/www.ocean4future.org\\\/savetheocean\\\/\",\"name\":\"Ocean 4 Future\",\"description\":\"Per una nuova cultura del mare e della marittimit\u00e0\",\"publisher\":{\"@id\":\"https:\\\/\\\/www.ocean4future.org\\\/savetheocean\\\/#\\\/schema\\\/person\\\/4e1c26437054353074d7bb2efa77162c\"},\"potentialAction\":[{\"@type\":\"SearchAction\",\"target\":{\"@type\":\"EntryPoint\",\"urlTemplate\":\"https:\\\/\\\/www.ocean4future.org\\\/savetheocean\\\/?s={search_term_string}\"},\"query-input\":{\"@type\":\"PropertyValueSpecification\",\"valueRequired\":true,\"valueName\":\"search_term_string\"}}],\"inLanguage\":\"it-IT\"},{\"@type\":[\"Person\",\"Organization\"],\"@id\":\"https:\\\/\\\/www.ocean4future.org\\\/savetheocean\\\/#\\\/schema\\\/person\\\/4e1c26437054353074d7bb2efa77162c\",\"name\":\"oceandiver\",\"image\":{\"@type\":\"ImageObject\",\"inLanguage\":\"it-IT\",\"@id\":\"https:\\\/\\\/www.ocean4future.org\\\/savetheocean\\\/wp-content\\\/uploads\\\/2023\\\/04\\\/logo-ocean3.jpg\",\"url\":\"https:\\\/\\\/www.ocean4future.org\\\/savetheocean\\\/wp-content\\\/uploads\\\/2023\\\/04\\\/logo-ocean3.jpg\",\"contentUrl\":\"https:\\\/\\\/www.ocean4future.org\\\/savetheocean\\\/wp-content\\\/uploads\\\/2023\\\/04\\\/logo-ocean3.jpg\",\"width\":472,\"height\":301,\"caption\":\"oceandiver\"},\"logo\":{\"@id\":\"https:\\\/\\\/www.ocean4future.org\\\/savetheocean\\\/wp-content\\\/uploads\\\/2023\\\/04\\\/logo-ocean3.jpg\"}},{\"@type\":\"Person\",\"@id\":\"https:\\\/\\\/www.ocean4future.org\\\/savetheocean\\\/#\\\/schema\\\/person\\\/8f268e05d09f0a406d4ac8c90079d6f2\",\"name\":\"Gabriele Campagnano\",\"image\":{\"@type\":\"ImageObject\",\"inLanguage\":\"it-IT\",\"@id\":\"https:\\\/\\\/secure.gravatar.com\\\/avatar\\\/b59d7eecc86f7aeffd90b535bfd296914b36d6f8aea9e60483c339cadbbad6b2?s=96&d=mm&r=g\",\"url\":\"https:\\\/\\\/secure.gravatar.com\\\/avatar\\\/b59d7eecc86f7aeffd90b535bfd296914b36d6f8aea9e60483c339cadbbad6b2?s=96&d=mm&r=g\",\"contentUrl\":\"https:\\\/\\\/secure.gravatar.com\\\/avatar\\\/b59d7eecc86f7aeffd90b535bfd296914b36d6f8aea9e60483c339cadbbad6b2?s=96&d=mm&r=g\",\"caption\":\"Gabriele Campagnano\"},\"description\":\"Diplomato al Liceo Classico Francesco Vivona di Roma e laureato in Giurisprudenza (indirizzo storico comparatistico), ha esercitato la professione di legale d\u2019azienda prima di dedicarsi alla comunicazione d\u2019impresa e istituzionale. Attualmente \u00e8 Capo Ufficio Stampa del Dipartimento Trasformazione Digitale - Presidenza del Consiglio. Ha conseguito il Master Universitario di 2\u00b0 livello - CMU2 in Scienze Giuridiche presso la LUISS. \u00c8 il fondatore e presidente di Zhistorica e Necrosword. Ha scritto pi\u00f9 di 250 articoli e tre libri: Storia della Presa di Famagosta (2014), I Padroni dell\u2019Acciaio (2017) e Zodd, Alba di Sangue (2018) e\u00a0I Padroni dell\u2019Acciaio 2 \u2013 Gotz von Berlichingen\u00a0(2021)\",\"sameAs\":[\"http:\\\/\\\/www.zweilawyer.com\"],\"url\":\"https:\\\/\\\/www.ocean4future.org\\\/savetheocean\\\/archives\\\/author\\\/gabriele-campagnano\"}]}<\/script>\n<!-- \/ Yoast SEO plugin. -->","yoast_head_json":{"title":"L\u2019Assedio di Malta del 1565, dall\u2019assalto della Senglea all\u2019Arrivo del Gran Soccorso Parte VI &#8226; OCEAN4FUTURE autore","robots":{"index":"index","follow":"follow","max-snippet":"max-snippet:-1","max-image-preview":"max-image-preview:large","max-video-preview":"max-video-preview:-1"},"canonical":"https:\/\/www.ocean4future.org\/savetheocean\/archives\/22761","og_locale":"it_IT","og_type":"article","og_title":"L\u2019Assedio di Malta del 1565, dall\u2019assalto della Senglea all\u2019Arrivo del Gran Soccorso Parte VI &#8226; OCEAN4FUTURE autore","og_description":"tempo di lettura:  9 minuti. . ARGOMENTO: STORIA NAVALE PERIODO: XVI SECOLO AREA: MAR MEDITERRANEO parole chiave: Malta, Ottomani, assedio , &nbsp; Nei precedenti articoli abbiamo trattato la prima fase dell\u2019Assedio (fino alla Caduta di S. Elmo) e la seconda fase (l\u2019inizio dell\u2019Assalto alla Senglea). Prima di leggere questo articolo, vi consiglio di leggere anche i precedenti (link in [&hellip;]","og_url":"https:\/\/www.ocean4future.org\/savetheocean\/archives\/22761","og_site_name":"OCEAN4FUTURE","article_published_time":"2018-09-29T23:09:41+00:00","article_modified_time":"2026-03-22T17:21:44+00:00","og_image":[{"width":1600,"height":1200,"url":"https:\/\/www.ocean4future.org\/savetheocean\/wp-content\/uploads\/2018\/09\/P1000565.jpg","type":"image\/jpeg"}],"author":"Gabriele Campagnano","twitter_card":"summary_large_image","twitter_creator":"@ocean4future","twitter_site":"@ocean4future","twitter_misc":{"Scritto da":"Gabriele Campagnano","Tempo di lettura stimato":"14 minuti"},"schema":{"@context":"https:\/\/schema.org","@graph":[{"@type":"Article","@id":"https:\/\/www.ocean4future.org\/savetheocean\/archives\/22761#article","isPartOf":{"@id":"https:\/\/www.ocean4future.org\/savetheocean\/archives\/22761"},"author":{"name":"Gabriele Campagnano","@id":"https:\/\/www.ocean4future.org\/savetheocean\/#\/schema\/person\/8f268e05d09f0a406d4ac8c90079d6f2"},"headline":"L\u2019Assedio di Malta del 1565, dall\u2019assalto della Senglea all\u2019Arrivo del Gran Soccorso Parte VI","datePublished":"2018-09-29T23:09:41+00:00","dateModified":"2026-03-22T17:21:44+00:00","mainEntityOfPage":{"@id":"https:\/\/www.ocean4future.org\/savetheocean\/archives\/22761"},"wordCount":2458,"commentCount":0,"publisher":{"@id":"https:\/\/www.ocean4future.org\/savetheocean\/#\/schema\/person\/4e1c26437054353074d7bb2efa77162c"},"image":{"@id":"https:\/\/www.ocean4future.org\/savetheocean\/archives\/22761#primaryimage"},"thumbnailUrl":"https:\/\/www.ocean4future.org\/savetheocean\/wp-content\/uploads\/2018\/09\/P1000565.jpg","keywords":["Malta","Ospitalieri","Ottomani","Senglea"],"articleSection":["Storia navale dell'et\u00e0 moderna (post 1492 - oggi)"],"inLanguage":"it-IT","potentialAction":[{"@type":"CommentAction","name":"Comment","target":["https:\/\/www.ocean4future.org\/savetheocean\/archives\/22761#respond"]}]},{"@type":"WebPage","@id":"https:\/\/www.ocean4future.org\/savetheocean\/archives\/22761","url":"https:\/\/www.ocean4future.org\/savetheocean\/archives\/22761","name":"L\u2019Assedio di Malta del 1565, dall\u2019assalto della Senglea all\u2019Arrivo del Gran Soccorso Parte VI &#8226; OCEAN4FUTURE autore","isPartOf":{"@id":"https:\/\/www.ocean4future.org\/savetheocean\/#website"},"primaryImageOfPage":{"@id":"https:\/\/www.ocean4future.org\/savetheocean\/archives\/22761#primaryimage"},"image":{"@id":"https:\/\/www.ocean4future.org\/savetheocean\/archives\/22761#primaryimage"},"thumbnailUrl":"https:\/\/www.ocean4future.org\/savetheocean\/wp-content\/uploads\/2018\/09\/P1000565.jpg","datePublished":"2018-09-29T23:09:41+00:00","dateModified":"2026-03-22T17:21:44+00:00","breadcrumb":{"@id":"https:\/\/www.ocean4future.org\/savetheocean\/archives\/22761#breadcrumb"},"inLanguage":"it-IT","potentialAction":[{"@type":"ReadAction","target":["https:\/\/www.ocean4future.org\/savetheocean\/archives\/22761"]}]},{"@type":"ImageObject","inLanguage":"it-IT","@id":"https:\/\/www.ocean4future.org\/savetheocean\/archives\/22761#primaryimage","url":"https:\/\/www.ocean4future.org\/savetheocean\/wp-content\/uploads\/2018\/09\/P1000565.jpg","contentUrl":"https:\/\/www.ocean4future.org\/savetheocean\/wp-content\/uploads\/2018\/09\/P1000565.jpg","width":1600,"height":1200},{"@type":"BreadcrumbList","@id":"https:\/\/www.ocean4future.org\/savetheocean\/archives\/22761#breadcrumb","itemListElement":[{"@type":"ListItem","position":1,"name":"Home","item":"https:\/\/www.ocean4future.org\/savetheocean"},{"@type":"ListItem","position":2,"name":"L\u2019Assedio di Malta del 1565, dall\u2019assalto della Senglea all\u2019Arrivo del Gran Soccorso Parte VI"}]},{"@type":"WebSite","@id":"https:\/\/www.ocean4future.org\/savetheocean\/#website","url":"https:\/\/www.ocean4future.org\/savetheocean\/","name":"Ocean 4 Future","description":"Per una nuova cultura del mare e della marittimit\u00e0","publisher":{"@id":"https:\/\/www.ocean4future.org\/savetheocean\/#\/schema\/person\/4e1c26437054353074d7bb2efa77162c"},"potentialAction":[{"@type":"SearchAction","target":{"@type":"EntryPoint","urlTemplate":"https:\/\/www.ocean4future.org\/savetheocean\/?s={search_term_string}"},"query-input":{"@type":"PropertyValueSpecification","valueRequired":true,"valueName":"search_term_string"}}],"inLanguage":"it-IT"},{"@type":["Person","Organization"],"@id":"https:\/\/www.ocean4future.org\/savetheocean\/#\/schema\/person\/4e1c26437054353074d7bb2efa77162c","name":"oceandiver","image":{"@type":"ImageObject","inLanguage":"it-IT","@id":"https:\/\/www.ocean4future.org\/savetheocean\/wp-content\/uploads\/2023\/04\/logo-ocean3.jpg","url":"https:\/\/www.ocean4future.org\/savetheocean\/wp-content\/uploads\/2023\/04\/logo-ocean3.jpg","contentUrl":"https:\/\/www.ocean4future.org\/savetheocean\/wp-content\/uploads\/2023\/04\/logo-ocean3.jpg","width":472,"height":301,"caption":"oceandiver"},"logo":{"@id":"https:\/\/www.ocean4future.org\/savetheocean\/wp-content\/uploads\/2023\/04\/logo-ocean3.jpg"}},{"@type":"Person","@id":"https:\/\/www.ocean4future.org\/savetheocean\/#\/schema\/person\/8f268e05d09f0a406d4ac8c90079d6f2","name":"Gabriele Campagnano","image":{"@type":"ImageObject","inLanguage":"it-IT","@id":"https:\/\/secure.gravatar.com\/avatar\/b59d7eecc86f7aeffd90b535bfd296914b36d6f8aea9e60483c339cadbbad6b2?s=96&d=mm&r=g","url":"https:\/\/secure.gravatar.com\/avatar\/b59d7eecc86f7aeffd90b535bfd296914b36d6f8aea9e60483c339cadbbad6b2?s=96&d=mm&r=g","contentUrl":"https:\/\/secure.gravatar.com\/avatar\/b59d7eecc86f7aeffd90b535bfd296914b36d6f8aea9e60483c339cadbbad6b2?s=96&d=mm&r=g","caption":"Gabriele Campagnano"},"description":"Diplomato al Liceo Classico Francesco Vivona di Roma e laureato in Giurisprudenza (indirizzo storico comparatistico), ha esercitato la professione di legale d\u2019azienda prima di dedicarsi alla comunicazione d\u2019impresa e istituzionale. Attualmente \u00e8 Capo Ufficio Stampa del Dipartimento Trasformazione Digitale - Presidenza del Consiglio. Ha conseguito il Master Universitario di 2\u00b0 livello - CMU2 in Scienze Giuridiche presso la LUISS. \u00c8 il fondatore e presidente di Zhistorica e Necrosword. Ha scritto pi\u00f9 di 250 articoli e tre libri: Storia della Presa di Famagosta (2014), I Padroni dell\u2019Acciaio (2017) e Zodd, Alba di Sangue (2018) e\u00a0I Padroni dell\u2019Acciaio 2 \u2013 Gotz von Berlichingen\u00a0(2021)","sameAs":["http:\/\/www.zweilawyer.com"],"url":"https:\/\/www.ocean4future.org\/savetheocean\/archives\/author\/gabriele-campagnano"}]}},"_links":{"self":[{"href":"https:\/\/www.ocean4future.org\/savetheocean\/wp-json\/wp\/v2\/posts\/22761","targetHints":{"allow":["GET"]}}],"collection":[{"href":"https:\/\/www.ocean4future.org\/savetheocean\/wp-json\/wp\/v2\/posts"}],"about":[{"href":"https:\/\/www.ocean4future.org\/savetheocean\/wp-json\/wp\/v2\/types\/post"}],"author":[{"embeddable":true,"href":"https:\/\/www.ocean4future.org\/savetheocean\/wp-json\/wp\/v2\/users\/2366"}],"replies":[{"embeddable":true,"href":"https:\/\/www.ocean4future.org\/savetheocean\/wp-json\/wp\/v2\/comments?post=22761"}],"version-history":[{"count":1,"href":"https:\/\/www.ocean4future.org\/savetheocean\/wp-json\/wp\/v2\/posts\/22761\/revisions"}],"predecessor-version":[{"id":126574,"href":"https:\/\/www.ocean4future.org\/savetheocean\/wp-json\/wp\/v2\/posts\/22761\/revisions\/126574"}],"wp:featuredmedia":[{"embeddable":true,"href":"https:\/\/www.ocean4future.org\/savetheocean\/wp-json\/wp\/v2\/media\/23806"}],"wp:attachment":[{"href":"https:\/\/www.ocean4future.org\/savetheocean\/wp-json\/wp\/v2\/media?parent=22761"}],"wp:term":[{"taxonomy":"category","embeddable":true,"href":"https:\/\/www.ocean4future.org\/savetheocean\/wp-json\/wp\/v2\/categories?post=22761"},{"taxonomy":"post_tag","embeddable":true,"href":"https:\/\/www.ocean4future.org\/savetheocean\/wp-json\/wp\/v2\/tags?post=22761"}],"curies":[{"name":"wp","href":"https:\/\/api.w.org\/{rel}","templated":true}]}}