{"id":22272,"date":"2018-07-18T00:20:37","date_gmt":"2018-07-17T23:20:37","guid":{"rendered":"http:\/\/www.ocean4future.org\/?p=22272"},"modified":"2023-05-18T11:29:20","modified_gmt":"2023-05-18T09:29:20","slug":"le-navi-dei-veleni-di-nicola-di-attista","status":"publish","type":"post","link":"https:\/\/www.ocean4future.org\/savetheocean\/archives\/22272","title":{"rendered":"Le navi dei veleni"},"content":{"rendered":"<span class=\"span-reading-time rt-reading-time\" style=\"display: block;\"><span class=\"rt-label rt-prefix\">tempo di lettura: <\/span> <span class=\"rt-time\"> 4<\/span> <span class=\"rt-label rt-postfix\">minuti<\/span><\/span><p><span style=\"color: #ffffff;\">.<\/span><br \/>\n<a class=\"maxbutton-4 maxbutton maxbutton-livello-di-comprensione\" href=\"javascript:void(0);\"><span class='mb-text'>livello elementare<\/span><\/a><br \/>\n<span style=\"color: #ffffff;\">.<\/span><br \/>\n<strong><span style=\"color: #008000;\">ARGOMENTO: EMERGENZE AMBIENTALI<\/span><\/strong><br \/>\n<strong><span style=\"color: #008000;\">PERIODO: XX SECOLO<\/span><\/strong><br \/>\n<strong><span style=\"color: #008000;\">AREA: OCEANI<\/span><\/strong><br \/>\nparole chiave: inquinamento marino, scorie<\/p>\n<p style=\"text-align: justify;\">&nbsp;<\/p>\n<p style=\"text-align: justify;\">L&#8217;espressione \u00ab<strong><span style=\"color: #008000;\">nave dei veleni<\/span><\/strong>\u00bb \u00e8 usata per indicare qualsiasi tipo di imbarcazione che trasporti merce particolarmente pericolosa e nociva, che viene deliberatamente affondata. Sono navi cariche di rifiuti tossici altamente pericolosi affondate nel Mar Mediterraneo dalla \u2018ndrangheta con la complicit\u00e0 di imprenditori e con la copertura di elementi deviati dei servizi segreti.<\/p>\n<figure id=\"attachment_22274\" aria-describedby=\"caption-attachment-22274\" style=\"width: 580px\" class=\"wp-caption alignright\"><img decoding=\"async\" class=\"wp-image-22274\" src=\"https:\/\/www.ocean4future.org\/savetheocean\/wp-content\/uploads\/2018\/07\/cc-di-grazia.jpg\" alt=\"\" width=\"580\" height=\"818\" srcset=\"https:\/\/www.ocean4future.org\/savetheocean\/wp-content\/uploads\/2018\/07\/cc-di-grazia.jpg 1445w, https:\/\/www.ocean4future.org\/savetheocean\/wp-content\/uploads\/2018\/07\/cc-di-grazia-213x300.jpg 213w, https:\/\/www.ocean4future.org\/savetheocean\/wp-content\/uploads\/2018\/07\/cc-di-grazia-768x1084.jpg 768w, https:\/\/www.ocean4future.org\/savetheocean\/wp-content\/uploads\/2018\/07\/cc-di-grazia-726x1024.jpg 726w\" sizes=\"(max-width: 580px) 100vw, 580px\" \/><figcaption id=\"caption-attachment-22274\" class=\"wp-caption-text\"><strong><span style=\"color: #008000;\">capitano di fregata Natale De Grazia<\/span><\/strong> <a href=\"https:\/\/it.wikipedia.org\/wiki\/Natale_De_Grazia\">https:\/\/it.wikipedia.org\/wiki\/Natale_De_Grazia<\/a><\/figcaption><\/figure>\n<p style=\"text-align: justify;\">Il primo ad indagare sul fenomeno fu il <strong><span style=\"color: #008000;\">capitano di fregata Natale De Grazia<\/span><\/strong> della Marina Militare, morto in circostanze misteriose nel 1995 mentre si recava a La Spezia per&nbsp; indagini in merito ad una di&nbsp; queste navi, la <strong><span style=\"color: #008000;\">Latvia<\/span><\/strong>, una bagnarola usata dai servizi segreti russi, e poi venduta ad un prezzo superiore di quello del valore reale. Poteva essere stata utilizzata come &#8220;bagnarola&#8221; per traffici illegali di varia natura? Forse rifiuti nucleari o tossico-nocivi da affondare lungo il tragitto?<\/p>\n<p style=\"text-align: justify;\">Dalla fine degli anni &#8217;70 sarebbero almeno trenta le navi affondate nel Mediterraneo in circostanze ambigue. Gli inquirenti da tempo sospettano un nutrito traffico di rifiuti pericolosi dal Nord Europa verso la costa del basso Tirreno e dai Paesi dell\u2019Africa verso le coste italiane. Sin dagli anni Settanta, complice la carenza legislativa nazionale ed internazionale, il nostro Paese fa ricorso al dumping ambientale per liberarsi dei propri rifiuti industriali. Il Sud del mondo \u00e8 il principale destinatario delle sostanze pi\u00f9 velenose e pi\u00f9 costose da smaltire: Somalia, Guinea, Mozambico, Libano etc.&nbsp;Negli anni Ottanta le proteste ambientaliste e dei Paesi vittime dei traffici spingono le Nazioni Unite e i Paesi esportatori a riprendersi i rifiuti: partono dall\u2019Italia diverse navi con il compito di rimediare al grave imbarazzo internazionale. Tra queste la <strong><span style=\"color: #008000;\">Jolly Rosso<\/span><\/strong>, la Zanoobia, la Keren B vengono ingaggiate dal governo italiano per rimpatriare le sostanze tossiche esportate: verranno ricordate nella stampa come le navi dei veleni.&nbsp;Scrive il quotidiano <strong><span style=\"color: #008000;\">Calabria Ora<\/span><\/strong> che secondo l\u2019<strong><span style=\"color: #008000;\">ammiraglio Bruno Branciforte<\/span><\/strong>, allora capo dei Servizi segreti italiani, sarebbero 55 le navi affondate per occultare rifiuti tossici.<\/p>\n<p style=\"text-align: justify;\">Secondo la Commissione d\u2019inchiesta sul ciclo dei rifiuti della XIII legislatura sarebbero invece 39 gli affondamenti che non convincono, avvenuti tra il 1979 e il 1995. Di una di queste, la Rigel, inabissata il 21 settembre del 1987, la magistratura ha accertato in tre gradi di giudizio l\u2019affondamento fraudolento e la corruzione dei doganieri; come molte altre navi affondate trasportavano blocchi di cemento e granulato di marmo, sostanza capace di schermare le radiazioni. La <strong><span style=\"color: #008000;\">Rigel<\/span><\/strong> \u00e8 affondata al largo di Capo Spartivento, provincia di Reggio Calabria, in un punto ben preciso: nessuno fino ad oggi ha provato a recuperare il relitto.&nbsp;Tali navi vengono affondate volutamente insieme al loro carico di morte: un salto di qualit\u00e0 nella strategia criminale, perch\u00e9 si truffa l\u2019assicurazione e si fa piazza pulita in un colpo solo di scorie tossiche e radioattive. Dagli anni Ottanta, come spiegano i tanti magistrati impegnati nel difficile lavoro di indagine, si muove su uno scenario internazionale una vera e propria holding con forti agganci economici ed istituzionali nei diversi Paesi. Grazie al coinvolgimento di loschi individui, imprenditori, faccendieri con coperture politiche e statali deviate in combutta con la criminalit\u00e0 organizzata prende piede quello che vengono definite&nbsp; un \u201cintrigo radioattivo\u201d. I documenti forniti dal Sismi (servizio informazioni e sicurezza militare) portarono alla luce una storia di traffici illegali che dagli anni \u201970 ed arriva fino alla met\u00e0 degli anni 2000 furono condotti nei mari. Sta di fatto che sono tante le navi che affondano in maniera sospetta, senza lanciare il may day, con carichi e destinazioni sospette.<\/p>\n<p style=\"text-align: justify;\">Navi che scompaiono dai radar, insieme ai loro equipaggi, senza motivo e, stranamente, proprio nei punti pi\u00f9 profondi dello Jonio o del Tirreno. Navi che secondo testimonianze e documenti investigativi risultano essere state caricate di rifiuti tossici e\/o radioattivi. Fino ad oggi, a causa delle notevoli profondit\u00e0, non si \u00e8 mai recuperato alcuno dei relitti sospetti e nessuno sa quali misteri essi nascondano.&nbsp;Come \u00e8 emerso in diverse inchieste, spesso ai traffici di rifiuti si sono intrecciati quelli delle armi; con ogni probabilit\u00e0, proprio indagando su una di queste piste, in Somalia nel 1994 furono uccisi a poca distanza dall&#8217;ambasciata italiana di Mogadiscio la giornalista <strong><span style=\"color: #008000;\">Ilaria Alpi<\/span><\/strong>, inviata del Tg3 in Somalia, insieme all\u2019operatore <strong><span style=\"color: #008000;\">Miran Hrovatin<\/span><\/strong>. Nessuna certezza \u00e8 arrivata da processi e commissioni parlamentari su chi avesse ordinato l\u2019omicidio, ma anche su chi fossero i sette uomini del commando che spar\u00f2 sull&#8217;auto dei giornalisti. Ed il caso ha rischiato di essere chiuso.<\/p>\n<p style=\"text-align: justify;\"><strong><span style=\"color: #008000;\">In conclusione, come confermato dai rapporti degli investigatori, il Mar Mediterraneo sembra sia stato in passato la tomba di navi caricate di veleni, un&#8217;attivit\u00e0 congiunta tra organizzazioni criminali mafiose, imprenditori senza scrupoli ed istituzioni deviate. C&#8217;\u00e8 bisogno di chiarezza.<\/span><\/strong><\/p>\n<p><strong>&nbsp;<\/strong><\/p>\n<p><strong><span style=\"color: #008000;\">Nicola Di Battista<\/span><br \/>\n<\/strong>Pagina Facebook: care the oceans organizzazione di volontariato<br \/>\nIndirizzo di posta elettronica: <strong><span style=\"color: #008000;\">caretheoceans@gmail.com<\/span><\/strong><\/p>\n<p>in anteprima barili di rifiuti tossici &#8230; photo credit Massachusetts Department of Environmental protection &#8211; CC BY 2.0<br \/>\n<a href=\"https:\/\/commons.wikimedia.org\/wiki\/File:37hazwaste_(4085488575).jpg\">File:37hazwaste (4085488575).jpg &#8211; Wikimedia Commons<\/a><\/p>\n<p>&nbsp;<\/p>\n<p><a class=\"maxbutton-27 maxbutton maxbutton-un-regalo-per-te\" href=\"https:\/\/www.primevideo.com\/offers\/ref=atv_nb_lcl_it_IT?tag=amazon0e150-21 Italia\"><span class='mb-text'>Una sorpresa per te su Amazon Music unlimited<\/span><\/a>&nbsp; &nbsp;<a class=\"maxbutton-28 maxbutton maxbutton-amazon-prime\" title=\"Scopri i vantaggi di Amazon Prime\" href=\"javascript:void(0);\"><span class='mb-text'>Scopri i vantaggi di Amazon Prime<\/span><\/a><\/p>\n<p>&nbsp;<\/p>\n<p style=\"text-align: justify;\">Alcune delle foto presenti in questo blog possono essere state prese dal web, citandone ove possibile gli autori e\/o le fonti. Se qualcuno desiderasse specificarne l\u2019autore o rimuoverle, pu\u00f2 scrivere a infoocean4future@gmail.com e provvederemo immediatamente alla correzione dell\u2019articolo<br \/>\n<span style=\"color: #ffffff;\">,<\/span><\/p>\n<a class=\"maxbutton-3 maxbutton maxbutton-pagina-principale\" target=\"_blank\" title=\"tooltip\" rel=\"nofollow noopener\" href=\"http:\/\/www.ocean4future.org\"><span class='mb-text'>PAGINA PRINCIPALE<\/span><\/a>\n","protected":false},"excerpt":{"rendered":"<p><span class=\"span-reading-time rt-reading-time\" style=\"display: block;\"><span class=\"rt-label rt-prefix\">tempo di lettura: <\/span> <span class=\"rt-time\"> 4<\/span> <span class=\"rt-label rt-postfix\">minuti<\/span><\/span>. . ARGOMENTO: EMERGENZE AMBIENTALI PERIODO: XX SECOLO AREA: OCEANI parole chiave: inquinamento marino, scorie &nbsp; L&#8217;espressione \u00abnave dei veleni\u00bb \u00e8 usata per indicare qualsiasi tipo di imbarcazione che trasporti merce particolarmente pericolosa e nociva, che viene deliberatamente affondata. Sono navi cariche di rifiuti tossici altamente pericolosi affondate nel Mar Mediterraneo dalla \u2018ndrangheta con la [&hellip;]<\/p>\n","protected":false},"author":2358,"featured_media":91049,"comment_status":"open","ping_status":"open","sticky":false,"template":"","format":"standard","meta":{"_acf_changed":false,"_monsterinsights_skip_tracking":false,"_monsterinsights_sitenote_active":false,"_monsterinsights_sitenote_note":"","_monsterinsights_sitenote_category":0,"footnotes":""},"categories":[59],"tags":[2195,2196],"class_list":["post-22272","post","type-post","status-publish","format-standard","has-post-thumbnail","hentry","category-emergency-at-sea","tag-navi","tag-veleni"],"acf":[],"yoast_head":"<!-- This site is optimized with the Yoast SEO plugin v27.4 - https:\/\/yoast.com\/product\/yoast-seo-wordpress\/ -->\n<title>Le navi dei veleni &#8226; OCEAN4FUTURE autore<\/title>\n<meta name=\"robots\" content=\"index, follow, max-snippet:-1, max-image-preview:large, max-video-preview:-1\" \/>\n<link rel=\"canonical\" href=\"https:\/\/www.ocean4future.org\/savetheocean\/archives\/22272\" \/>\n<meta property=\"og:locale\" content=\"it_IT\" \/>\n<meta property=\"og:type\" content=\"article\" \/>\n<meta property=\"og:title\" content=\"Le navi dei veleni &#8226; OCEAN4FUTURE autore\" \/>\n<meta property=\"og:description\" content=\"tempo di lettura:  4 minuti. . ARGOMENTO: EMERGENZE AMBIENTALI PERIODO: XX SECOLO AREA: OCEANI parole chiave: inquinamento marino, scorie &nbsp; L&#8217;espressione \u00abnave dei veleni\u00bb \u00e8 usata per indicare qualsiasi tipo di imbarcazione che trasporti merce particolarmente pericolosa e nociva, che viene deliberatamente affondata. Sono navi cariche di rifiuti tossici altamente pericolosi affondate nel Mar Mediterraneo dalla \u2018ndrangheta con la [&hellip;]\" \/>\n<meta property=\"og:url\" content=\"https:\/\/www.ocean4future.org\/savetheocean\/archives\/22272\" \/>\n<meta property=\"og:site_name\" content=\"OCEAN4FUTURE\" \/>\n<meta property=\"article:published_time\" content=\"2018-07-17T23:20:37+00:00\" \/>\n<meta property=\"article:modified_time\" content=\"2023-05-18T09:29:20+00:00\" \/>\n<meta property=\"og:image\" content=\"https:\/\/www.ocean4future.org\/savetheocean\/wp-content\/uploads\/2018\/07\/AMBIENTE-RIFIUTI-TOSSICI-37hazwaste_4085488575.jpg\" \/>\n\t<meta property=\"og:image:width\" content=\"640\" \/>\n\t<meta property=\"og:image:height\" content=\"479\" \/>\n\t<meta property=\"og:image:type\" content=\"image\/jpeg\" \/>\n<meta name=\"author\" content=\"nicola di battista\" \/>\n<meta name=\"twitter:card\" content=\"summary_large_image\" \/>\n<meta name=\"twitter:creator\" content=\"@ocean4future\" \/>\n<meta name=\"twitter:site\" content=\"@ocean4future\" \/>\n<meta name=\"twitter:label1\" content=\"Scritto da\" \/>\n\t<meta name=\"twitter:data1\" content=\"nicola di battista\" \/>\n\t<meta name=\"twitter:label2\" content=\"Tempo di lettura stimato\" \/>\n\t<meta name=\"twitter:data2\" content=\"5 minuti\" \/>\n<script type=\"application\/ld+json\" class=\"yoast-schema-graph\">{\"@context\":\"https:\\\/\\\/schema.org\",\"@graph\":[{\"@type\":\"Article\",\"@id\":\"https:\\\/\\\/www.ocean4future.org\\\/savetheocean\\\/archives\\\/22272#article\",\"isPartOf\":{\"@id\":\"https:\\\/\\\/www.ocean4future.org\\\/savetheocean\\\/archives\\\/22272\"},\"author\":{\"name\":\"nicola di battista\",\"@id\":\"https:\\\/\\\/www.ocean4future.org\\\/savetheocean\\\/#\\\/schema\\\/person\\\/498d83b30d18a5f91bb1fba79b77ddf0\"},\"headline\":\"Le navi dei veleni\",\"datePublished\":\"2018-07-17T23:20:37+00:00\",\"dateModified\":\"2023-05-18T09:29:20+00:00\",\"mainEntityOfPage\":{\"@id\":\"https:\\\/\\\/www.ocean4future.org\\\/savetheocean\\\/archives\\\/22272\"},\"wordCount\":919,\"commentCount\":0,\"publisher\":{\"@id\":\"https:\\\/\\\/www.ocean4future.org\\\/savetheocean\\\/#\\\/schema\\\/person\\\/4e1c26437054353074d7bb2efa77162c\"},\"image\":{\"@id\":\"https:\\\/\\\/www.ocean4future.org\\\/savetheocean\\\/archives\\\/22272#primaryimage\"},\"thumbnailUrl\":\"https:\\\/\\\/www.ocean4future.org\\\/savetheocean\\\/wp-content\\\/uploads\\\/2018\\\/07\\\/AMBIENTE-RIFIUTI-TOSSICI-37hazwaste_4085488575.jpg\",\"keywords\":[\"navi\",\"veleni\"],\"articleSection\":[\"Emergenze ambientali\"],\"inLanguage\":\"it-IT\",\"potentialAction\":[{\"@type\":\"CommentAction\",\"name\":\"Comment\",\"target\":[\"https:\\\/\\\/www.ocean4future.org\\\/savetheocean\\\/archives\\\/22272#respond\"]}]},{\"@type\":\"WebPage\",\"@id\":\"https:\\\/\\\/www.ocean4future.org\\\/savetheocean\\\/archives\\\/22272\",\"url\":\"https:\\\/\\\/www.ocean4future.org\\\/savetheocean\\\/archives\\\/22272\",\"name\":\"Le navi dei veleni &#8226; OCEAN4FUTURE autore\",\"isPartOf\":{\"@id\":\"https:\\\/\\\/www.ocean4future.org\\\/savetheocean\\\/#website\"},\"primaryImageOfPage\":{\"@id\":\"https:\\\/\\\/www.ocean4future.org\\\/savetheocean\\\/archives\\\/22272#primaryimage\"},\"image\":{\"@id\":\"https:\\\/\\\/www.ocean4future.org\\\/savetheocean\\\/archives\\\/22272#primaryimage\"},\"thumbnailUrl\":\"https:\\\/\\\/www.ocean4future.org\\\/savetheocean\\\/wp-content\\\/uploads\\\/2018\\\/07\\\/AMBIENTE-RIFIUTI-TOSSICI-37hazwaste_4085488575.jpg\",\"datePublished\":\"2018-07-17T23:20:37+00:00\",\"dateModified\":\"2023-05-18T09:29:20+00:00\",\"breadcrumb\":{\"@id\":\"https:\\\/\\\/www.ocean4future.org\\\/savetheocean\\\/archives\\\/22272#breadcrumb\"},\"inLanguage\":\"it-IT\",\"potentialAction\":[{\"@type\":\"ReadAction\",\"target\":[\"https:\\\/\\\/www.ocean4future.org\\\/savetheocean\\\/archives\\\/22272\"]}]},{\"@type\":\"ImageObject\",\"inLanguage\":\"it-IT\",\"@id\":\"https:\\\/\\\/www.ocean4future.org\\\/savetheocean\\\/archives\\\/22272#primaryimage\",\"url\":\"https:\\\/\\\/www.ocean4future.org\\\/savetheocean\\\/wp-content\\\/uploads\\\/2018\\\/07\\\/AMBIENTE-RIFIUTI-TOSSICI-37hazwaste_4085488575.jpg\",\"contentUrl\":\"https:\\\/\\\/www.ocean4future.org\\\/savetheocean\\\/wp-content\\\/uploads\\\/2018\\\/07\\\/AMBIENTE-RIFIUTI-TOSSICI-37hazwaste_4085488575.jpg\",\"width\":640,\"height\":479,\"caption\":\"OLYMPUS DIGITAL CAMERA\"},{\"@type\":\"BreadcrumbList\",\"@id\":\"https:\\\/\\\/www.ocean4future.org\\\/savetheocean\\\/archives\\\/22272#breadcrumb\",\"itemListElement\":[{\"@type\":\"ListItem\",\"position\":1,\"name\":\"Home\",\"item\":\"https:\\\/\\\/www.ocean4future.org\\\/savetheocean\"},{\"@type\":\"ListItem\",\"position\":2,\"name\":\"Le navi dei veleni\"}]},{\"@type\":\"WebSite\",\"@id\":\"https:\\\/\\\/www.ocean4future.org\\\/savetheocean\\\/#website\",\"url\":\"https:\\\/\\\/www.ocean4future.org\\\/savetheocean\\\/\",\"name\":\"Ocean 4 Future\",\"description\":\"Per una nuova cultura del mare e della marittimit\u00e0\",\"publisher\":{\"@id\":\"https:\\\/\\\/www.ocean4future.org\\\/savetheocean\\\/#\\\/schema\\\/person\\\/4e1c26437054353074d7bb2efa77162c\"},\"potentialAction\":[{\"@type\":\"SearchAction\",\"target\":{\"@type\":\"EntryPoint\",\"urlTemplate\":\"https:\\\/\\\/www.ocean4future.org\\\/savetheocean\\\/?s={search_term_string}\"},\"query-input\":{\"@type\":\"PropertyValueSpecification\",\"valueRequired\":true,\"valueName\":\"search_term_string\"}}],\"inLanguage\":\"it-IT\"},{\"@type\":[\"Person\",\"Organization\"],\"@id\":\"https:\\\/\\\/www.ocean4future.org\\\/savetheocean\\\/#\\\/schema\\\/person\\\/4e1c26437054353074d7bb2efa77162c\",\"name\":\"oceandiver\",\"image\":{\"@type\":\"ImageObject\",\"inLanguage\":\"it-IT\",\"@id\":\"https:\\\/\\\/www.ocean4future.org\\\/savetheocean\\\/wp-content\\\/uploads\\\/2023\\\/04\\\/logo-ocean3.jpg\",\"url\":\"https:\\\/\\\/www.ocean4future.org\\\/savetheocean\\\/wp-content\\\/uploads\\\/2023\\\/04\\\/logo-ocean3.jpg\",\"contentUrl\":\"https:\\\/\\\/www.ocean4future.org\\\/savetheocean\\\/wp-content\\\/uploads\\\/2023\\\/04\\\/logo-ocean3.jpg\",\"width\":472,\"height\":301,\"caption\":\"oceandiver\"},\"logo\":{\"@id\":\"https:\\\/\\\/www.ocean4future.org\\\/savetheocean\\\/wp-content\\\/uploads\\\/2023\\\/04\\\/logo-ocean3.jpg\"}},{\"@type\":\"Person\",\"@id\":\"https:\\\/\\\/www.ocean4future.org\\\/savetheocean\\\/#\\\/schema\\\/person\\\/498d83b30d18a5f91bb1fba79b77ddf0\",\"name\":\"nicola di battista\",\"image\":{\"@type\":\"ImageObject\",\"inLanguage\":\"it-IT\",\"@id\":\"https:\\\/\\\/secure.gravatar.com\\\/avatar\\\/6958f05ad936fc972c4af61cc7c06640475cb03cbb505965bc5340191da855e9?s=96&d=mm&r=g\",\"url\":\"https:\\\/\\\/secure.gravatar.com\\\/avatar\\\/6958f05ad936fc972c4af61cc7c06640475cb03cbb505965bc5340191da855e9?s=96&d=mm&r=g\",\"contentUrl\":\"https:\\\/\\\/secure.gravatar.com\\\/avatar\\\/6958f05ad936fc972c4af61cc7c06640475cb03cbb505965bc5340191da855e9?s=96&d=mm&r=g\",\"caption\":\"nicola di battista\"},\"description\":\"psicologo \\\/ psicoterapeuta, assistente alla comunicazione per sordi e ciechi con l\u2019uso del Braille e della Lingua Italiana dei Segni \u2013 Dattilologia, nonch\u00e8 mediatore familiare \u00e8 specializzato con un Master in Psicologia Oncologica. Appassionato di mare \u00e8 Presidente dell\u2019Organizzazione di Volontariato Care The Oceans.\",\"sameAs\":[\"http:\\\/\\\/www.ocean4future.org\"],\"url\":\"https:\\\/\\\/www.ocean4future.org\\\/savetheocean\\\/archives\\\/author\\\/nicola-di-battista\"}]}<\/script>\n<!-- \/ Yoast SEO plugin. -->","yoast_head_json":{"title":"Le navi dei veleni &#8226; OCEAN4FUTURE autore","robots":{"index":"index","follow":"follow","max-snippet":"max-snippet:-1","max-image-preview":"max-image-preview:large","max-video-preview":"max-video-preview:-1"},"canonical":"https:\/\/www.ocean4future.org\/savetheocean\/archives\/22272","og_locale":"it_IT","og_type":"article","og_title":"Le navi dei veleni &#8226; OCEAN4FUTURE autore","og_description":"tempo di lettura:  4 minuti. . ARGOMENTO: EMERGENZE AMBIENTALI PERIODO: XX SECOLO AREA: OCEANI parole chiave: inquinamento marino, scorie &nbsp; L&#8217;espressione \u00abnave dei veleni\u00bb \u00e8 usata per indicare qualsiasi tipo di imbarcazione che trasporti merce particolarmente pericolosa e nociva, che viene deliberatamente affondata. Sono navi cariche di rifiuti tossici altamente pericolosi affondate nel Mar Mediterraneo dalla \u2018ndrangheta con la [&hellip;]","og_url":"https:\/\/www.ocean4future.org\/savetheocean\/archives\/22272","og_site_name":"OCEAN4FUTURE","article_published_time":"2018-07-17T23:20:37+00:00","article_modified_time":"2023-05-18T09:29:20+00:00","og_image":[{"width":640,"height":479,"url":"https:\/\/www.ocean4future.org\/savetheocean\/wp-content\/uploads\/2018\/07\/AMBIENTE-RIFIUTI-TOSSICI-37hazwaste_4085488575.jpg","type":"image\/jpeg"}],"author":"nicola di battista","twitter_card":"summary_large_image","twitter_creator":"@ocean4future","twitter_site":"@ocean4future","twitter_misc":{"Scritto da":"nicola di battista","Tempo di lettura stimato":"5 minuti"},"schema":{"@context":"https:\/\/schema.org","@graph":[{"@type":"Article","@id":"https:\/\/www.ocean4future.org\/savetheocean\/archives\/22272#article","isPartOf":{"@id":"https:\/\/www.ocean4future.org\/savetheocean\/archives\/22272"},"author":{"name":"nicola di battista","@id":"https:\/\/www.ocean4future.org\/savetheocean\/#\/schema\/person\/498d83b30d18a5f91bb1fba79b77ddf0"},"headline":"Le navi dei veleni","datePublished":"2018-07-17T23:20:37+00:00","dateModified":"2023-05-18T09:29:20+00:00","mainEntityOfPage":{"@id":"https:\/\/www.ocean4future.org\/savetheocean\/archives\/22272"},"wordCount":919,"commentCount":0,"publisher":{"@id":"https:\/\/www.ocean4future.org\/savetheocean\/#\/schema\/person\/4e1c26437054353074d7bb2efa77162c"},"image":{"@id":"https:\/\/www.ocean4future.org\/savetheocean\/archives\/22272#primaryimage"},"thumbnailUrl":"https:\/\/www.ocean4future.org\/savetheocean\/wp-content\/uploads\/2018\/07\/AMBIENTE-RIFIUTI-TOSSICI-37hazwaste_4085488575.jpg","keywords":["navi","veleni"],"articleSection":["Emergenze ambientali"],"inLanguage":"it-IT","potentialAction":[{"@type":"CommentAction","name":"Comment","target":["https:\/\/www.ocean4future.org\/savetheocean\/archives\/22272#respond"]}]},{"@type":"WebPage","@id":"https:\/\/www.ocean4future.org\/savetheocean\/archives\/22272","url":"https:\/\/www.ocean4future.org\/savetheocean\/archives\/22272","name":"Le navi dei veleni &#8226; OCEAN4FUTURE autore","isPartOf":{"@id":"https:\/\/www.ocean4future.org\/savetheocean\/#website"},"primaryImageOfPage":{"@id":"https:\/\/www.ocean4future.org\/savetheocean\/archives\/22272#primaryimage"},"image":{"@id":"https:\/\/www.ocean4future.org\/savetheocean\/archives\/22272#primaryimage"},"thumbnailUrl":"https:\/\/www.ocean4future.org\/savetheocean\/wp-content\/uploads\/2018\/07\/AMBIENTE-RIFIUTI-TOSSICI-37hazwaste_4085488575.jpg","datePublished":"2018-07-17T23:20:37+00:00","dateModified":"2023-05-18T09:29:20+00:00","breadcrumb":{"@id":"https:\/\/www.ocean4future.org\/savetheocean\/archives\/22272#breadcrumb"},"inLanguage":"it-IT","potentialAction":[{"@type":"ReadAction","target":["https:\/\/www.ocean4future.org\/savetheocean\/archives\/22272"]}]},{"@type":"ImageObject","inLanguage":"it-IT","@id":"https:\/\/www.ocean4future.org\/savetheocean\/archives\/22272#primaryimage","url":"https:\/\/www.ocean4future.org\/savetheocean\/wp-content\/uploads\/2018\/07\/AMBIENTE-RIFIUTI-TOSSICI-37hazwaste_4085488575.jpg","contentUrl":"https:\/\/www.ocean4future.org\/savetheocean\/wp-content\/uploads\/2018\/07\/AMBIENTE-RIFIUTI-TOSSICI-37hazwaste_4085488575.jpg","width":640,"height":479,"caption":"OLYMPUS DIGITAL CAMERA"},{"@type":"BreadcrumbList","@id":"https:\/\/www.ocean4future.org\/savetheocean\/archives\/22272#breadcrumb","itemListElement":[{"@type":"ListItem","position":1,"name":"Home","item":"https:\/\/www.ocean4future.org\/savetheocean"},{"@type":"ListItem","position":2,"name":"Le navi dei veleni"}]},{"@type":"WebSite","@id":"https:\/\/www.ocean4future.org\/savetheocean\/#website","url":"https:\/\/www.ocean4future.org\/savetheocean\/","name":"Ocean 4 Future","description":"Per una nuova cultura del mare e della marittimit\u00e0","publisher":{"@id":"https:\/\/www.ocean4future.org\/savetheocean\/#\/schema\/person\/4e1c26437054353074d7bb2efa77162c"},"potentialAction":[{"@type":"SearchAction","target":{"@type":"EntryPoint","urlTemplate":"https:\/\/www.ocean4future.org\/savetheocean\/?s={search_term_string}"},"query-input":{"@type":"PropertyValueSpecification","valueRequired":true,"valueName":"search_term_string"}}],"inLanguage":"it-IT"},{"@type":["Person","Organization"],"@id":"https:\/\/www.ocean4future.org\/savetheocean\/#\/schema\/person\/4e1c26437054353074d7bb2efa77162c","name":"oceandiver","image":{"@type":"ImageObject","inLanguage":"it-IT","@id":"https:\/\/www.ocean4future.org\/savetheocean\/wp-content\/uploads\/2023\/04\/logo-ocean3.jpg","url":"https:\/\/www.ocean4future.org\/savetheocean\/wp-content\/uploads\/2023\/04\/logo-ocean3.jpg","contentUrl":"https:\/\/www.ocean4future.org\/savetheocean\/wp-content\/uploads\/2023\/04\/logo-ocean3.jpg","width":472,"height":301,"caption":"oceandiver"},"logo":{"@id":"https:\/\/www.ocean4future.org\/savetheocean\/wp-content\/uploads\/2023\/04\/logo-ocean3.jpg"}},{"@type":"Person","@id":"https:\/\/www.ocean4future.org\/savetheocean\/#\/schema\/person\/498d83b30d18a5f91bb1fba79b77ddf0","name":"nicola di battista","image":{"@type":"ImageObject","inLanguage":"it-IT","@id":"https:\/\/secure.gravatar.com\/avatar\/6958f05ad936fc972c4af61cc7c06640475cb03cbb505965bc5340191da855e9?s=96&d=mm&r=g","url":"https:\/\/secure.gravatar.com\/avatar\/6958f05ad936fc972c4af61cc7c06640475cb03cbb505965bc5340191da855e9?s=96&d=mm&r=g","contentUrl":"https:\/\/secure.gravatar.com\/avatar\/6958f05ad936fc972c4af61cc7c06640475cb03cbb505965bc5340191da855e9?s=96&d=mm&r=g","caption":"nicola di battista"},"description":"psicologo \/ psicoterapeuta, assistente alla comunicazione per sordi e ciechi con l\u2019uso del Braille e della Lingua Italiana dei Segni \u2013 Dattilologia, nonch\u00e8 mediatore familiare \u00e8 specializzato con un Master in Psicologia Oncologica. Appassionato di mare \u00e8 Presidente dell\u2019Organizzazione di Volontariato Care The Oceans.","sameAs":["http:\/\/www.ocean4future.org"],"url":"https:\/\/www.ocean4future.org\/savetheocean\/archives\/author\/nicola-di-battista"}]}},"_links":{"self":[{"href":"https:\/\/www.ocean4future.org\/savetheocean\/wp-json\/wp\/v2\/posts\/22272","targetHints":{"allow":["GET"]}}],"collection":[{"href":"https:\/\/www.ocean4future.org\/savetheocean\/wp-json\/wp\/v2\/posts"}],"about":[{"href":"https:\/\/www.ocean4future.org\/savetheocean\/wp-json\/wp\/v2\/types\/post"}],"author":[{"embeddable":true,"href":"https:\/\/www.ocean4future.org\/savetheocean\/wp-json\/wp\/v2\/users\/2358"}],"replies":[{"embeddable":true,"href":"https:\/\/www.ocean4future.org\/savetheocean\/wp-json\/wp\/v2\/comments?post=22272"}],"version-history":[{"count":0,"href":"https:\/\/www.ocean4future.org\/savetheocean\/wp-json\/wp\/v2\/posts\/22272\/revisions"}],"wp:featuredmedia":[{"embeddable":true,"href":"https:\/\/www.ocean4future.org\/savetheocean\/wp-json\/wp\/v2\/media\/91049"}],"wp:attachment":[{"href":"https:\/\/www.ocean4future.org\/savetheocean\/wp-json\/wp\/v2\/media?parent=22272"}],"wp:term":[{"taxonomy":"category","embeddable":true,"href":"https:\/\/www.ocean4future.org\/savetheocean\/wp-json\/wp\/v2\/categories?post=22272"},{"taxonomy":"post_tag","embeddable":true,"href":"https:\/\/www.ocean4future.org\/savetheocean\/wp-json\/wp\/v2\/tags?post=22272"}],"curies":[{"name":"wp","href":"https:\/\/api.w.org\/{rel}","templated":true}]}}