{"id":17949,"date":"2026-08-21T00:05:50","date_gmt":"2026-08-20T22:05:50","guid":{"rendered":"http:\/\/www.ocean4future.org\/?p=17949"},"modified":"2026-08-16T18:08:26","modified_gmt":"2026-08-16T16:08:26","slug":"levoluzione-dello-stemma-della-bandiera-della-marina-militare-italiana","status":"publish","type":"post","link":"https:\/\/www.ocean4future.org\/savetheocean\/archives\/17949","title":{"rendered":"Evoluzione artistica dello stemma della bandiera della Marina Militare Italiana"},"content":{"rendered":"<span class=\"span-reading-time rt-reading-time\" style=\"display: block;\"><span class=\"rt-label rt-prefix\">tempo di lettura: <\/span> <span class=\"rt-time\"> 7<\/span> <span class=\"rt-label rt-postfix\">minuti<\/span><\/span><p><span style=\"color: #ffffff;\">.<\/span><br \/>\n<a class=\"maxbutton-4 maxbutton maxbutton-livello-di-comprensione\" href=\"javascript:void(0);\"><span class='mb-text'>livello elementare<\/span><\/a><br \/>\n<span style=\"color: #ffffff;\">.<\/span><br \/>\n<strong><span style=\"color: #008000;\">ARGOMENTO: STORIA NAVALE<\/span><\/strong><br \/>\n<strong><span style=\"color: #008000;\">PERIODO: XX SECOLO<\/span><\/strong><br \/>\n<strong><span style=\"color: #008000;\">AREA: ITALIA<\/span><\/strong><br \/>\nparole chiave: Marina Militare italiana, Regia Marina italiana<\/p>\n<p>&nbsp;<\/p>\n<p style=\"text-align: justify;\"><span style=\"font-size: 14pt;\"><strong><span style=\"color: #008000;\"><span style=\"font-size: 18pt;\">La nascita della bandiera della Regia Marina<\/span><\/span><span style=\"color: #008000;\"><br \/>\n<\/span><\/strong><\/span><br \/>\n<a href=\"https:\/\/www.ocean4future.org\/savetheocean\/wp-content\/uploads\/2018\/01\/Carlo_Alberto_busto.jpg\"><img loading=\"lazy\" decoding=\"async\" class=\"wp-image-17965 alignleft\" src=\"https:\/\/www.ocean4future.org\/savetheocean\/wp-content\/uploads\/2018\/01\/Carlo_Alberto_busto.jpg\" alt=\"Carlo_Alberto_busto\" width=\"256\" height=\"254\" srcset=\"https:\/\/www.ocean4future.org\/savetheocean\/wp-content\/uploads\/2018\/01\/Carlo_Alberto_busto.jpg 390w, https:\/\/www.ocean4future.org\/savetheocean\/wp-content\/uploads\/2018\/01\/Carlo_Alberto_busto-150x150.jpg 150w, https:\/\/www.ocean4future.org\/savetheocean\/wp-content\/uploads\/2018\/01\/Carlo_Alberto_busto-300x298.jpg 300w, https:\/\/www.ocean4future.org\/savetheocean\/wp-content\/uploads\/2018\/01\/Carlo_Alberto_busto-144x144.jpg 144w, https:\/\/www.ocean4future.org\/savetheocean\/wp-content\/uploads\/2018\/01\/Carlo_Alberto_busto-50x50.jpg 50w, https:\/\/www.ocean4future.org\/savetheocean\/wp-content\/uploads\/2018\/01\/Carlo_Alberto_busto-65x65.jpg 65w\" sizes=\"auto, (max-width: 256px) 100vw, 256px\" \/><\/a>Tutto ebbe inizio con il proclama di <strong><span style=\"color: #008000;\">Carlo Alberto di Savoia-Carignano<\/span> <span style=\"color: #008000;\">del 23 marzo 1848, che istituiva la nuova Bandiera tricolore del Regno di Sardegna<\/span><\/strong>. Il decreto si riferiva alle bandiere per le nostre truppe quindi solo per l&#8217;Esercito ma non per la Marina Sarda, per la quale fu necessario provvedere con il Regio Decreto del 15 aprile 1848 che disponeva: \u201c <strong><em><span style=\"color: #008000;\">omissis \u2026 volendo che la stessa bandiera che quale simbolo dell&#8217;unione italiana, sventola sulle schiere da Noi guidate a liberare il sacro suolo d&#8217;Italia, sia inalberata sulle Nostre Navi da guerra e della marineria mercantile, ordiniamo:\u00a0<\/span><\/em><\/strong><em><strong><span style=\"color: #008000;\">Le Nostre Navi da guerra e della marineria mercantile inalbereranno, quale bandiera nazionale, la bandiera tricolore (verde, bianco e rosso ) con lo scudo di Savoia al centro. Lo scudo sar\u00e0 sormontato da una corona per le navi da guerra. \u2026 omissis<\/span><\/strong><span style=\"color: #008000;\"> \u201c<\/span><\/em>.<\/p>\n<p><a href=\"https:\/\/www.ocean4future.org\/savetheocean\/wp-content\/uploads\/2017\/12\/bandieraitalianamarinamilitare2.gif\"><img loading=\"lazy\" decoding=\"async\" class=\" wp-image-17950 alignright\" src=\"https:\/\/www.ocean4future.org\/savetheocean\/wp-content\/uploads\/2017\/12\/bandieraitalianamarinamilitare2.gif\" alt=\"bandieraitalianamarinamilitare2\" width=\"602\" height=\"401\" \/><\/a><\/p>\n<p style=\"text-align: justify;\">Al momento della costituzione della <strong><span style=\"color: #008000;\">Regia Marina Italiana<\/span><\/strong>, avvenuta il <strong><span style=\"color: #008000;\">17 marzo 1861<\/span><\/strong>, le navi inalberavano la bandiera nazionale, cio\u00e8 il Tricolore verde, bianco, rosso, con lo scudo sabaudo con bordo azzurro, sormontato dalla corona reale. La bandiera di bompresso, nella forma rimasta in uso fino al 1946, fu istituita con il Regio decreto del 22 aprile 1879: \u201c<strong><em><span style=\"color: #008000;\">La bandiera di bompresso che le Regie Navi devono tenere stando all&#8217;ancora sar\u00e0 di forma quadrata con croce bianca verticale in campo rosso, contornata d&#8217;azzurro &#8230;<\/span><\/em><\/strong> \u201c.<\/p>\n<figure id=\"attachment_17962\" aria-describedby=\"caption-attachment-17962\" style=\"width: 198px\" class=\"wp-caption alignleft\"><a href=\"https:\/\/www.ocean4future.org\/savetheocean\/wp-content\/uploads\/2018\/01\/ammiraglio_Cavagnari.jpg\"><img loading=\"lazy\" decoding=\"async\" class=\"wp-image-17962\" src=\"https:\/\/www.ocean4future.org\/savetheocean\/wp-content\/uploads\/2018\/01\/ammiraglio_Cavagnari.jpg\" alt=\"ammiraglio_Cavagnari\" width=\"198\" height=\"294\" srcset=\"https:\/\/www.ocean4future.org\/savetheocean\/wp-content\/uploads\/2018\/01\/ammiraglio_Cavagnari.jpg 420w, https:\/\/www.ocean4future.org\/savetheocean\/wp-content\/uploads\/2018\/01\/ammiraglio_Cavagnari-203x300.jpg 203w\" sizes=\"auto, (max-width: 198px) 100vw, 198px\" \/><\/a><figcaption id=\"caption-attachment-17962\" class=\"wp-caption-text\"><span style=\"font-size: 12pt;\"><strong><span style=\"color: #008000;\">ammiraglio Domenico Cavagnari<\/span><\/strong><\/span><\/figcaption><\/figure>\n<p style=\"text-align: justify;\">Il 30 dicembre 1939, l\u2019<strong><span style=\"color: #008000;\">ammiraglio Domenico Cavagnari<\/span><\/strong>, in qualit\u00e0 di Sottosegretario di Stato per la Marina, chiese alla Regia Consulta Araldica del Ministero dell\u2019Interno di riconoscere uno stemma alla Regia Marina costituito da elementi \u00a0caratteristici della storia navale del nostro Paese, specificando che &#8220;<em><strong><span style=\"color: #008000;\">l&#8217;emblema araldico della Marina sar\u00e0 applicato allo scafo delle RR. Navi, sull&#8217;estrema prora, al posto della stella a cinque punte attualmente prescritta<\/span><\/strong><span style=\"color: #008000;\">&#8220;<\/span><\/em>. Il che non \u00e8 mai avvenuto.\u00a0Furono quindi presi come riferimento i simboli della antica marina romana, che assicur\u00f2 il potere nel Mediterraneo per oltre\u00a0cinque secoli, e delle quattro potenze\u00a0 marittime che governarono il mare per molto secoli, le Repubbliche marinare di Genova, Venezia, Pisa ed Amalfi. Lo stemma era sovrapposto da uno scudo sabaudo affiancato, nel particolare periodo storico, dai fasci littori,\u00a0e sormontato da una\u00a0corona turrita e rostrata (massima onorificenza navale romana che veniva concessa dal Senato romano ai propri comandanti navali).<\/p>\n<p style=\"text-align: justify;\"><a href=\"https:\/\/www.ocean4future.org\/savetheocean\/wp-content\/uploads\/2018\/01\/Regia_nave_ZARA_02_200.jpg\"><img loading=\"lazy\" decoding=\"async\" class=\"alignnone size-full wp-image-18410\" src=\"https:\/\/www.ocean4future.org\/savetheocean\/wp-content\/uploads\/2018\/01\/Regia_nave_ZARA_02_200.jpg\" alt=\"Regia_nave_ZARA_02_(200)\" width=\"1700\" height=\"1096\" srcset=\"https:\/\/www.ocean4future.org\/savetheocean\/wp-content\/uploads\/2018\/01\/Regia_nave_ZARA_02_200.jpg 1700w, https:\/\/www.ocean4future.org\/savetheocean\/wp-content\/uploads\/2018\/01\/Regia_nave_ZARA_02_200-300x193.jpg 300w, https:\/\/www.ocean4future.org\/savetheocean\/wp-content\/uploads\/2018\/01\/Regia_nave_ZARA_02_200-1024x660.jpg 1024w\" sizes=\"auto, (max-width: 1700px) 100vw, 1700px\" \/><\/a>La corona rostrata o <strong><span style=\"color: #008000;\"><em>corona navalis<\/em><\/span><\/strong>\u00a0o\u00a0<i>corona classica (<\/i>da\u00a0<em><span style=\"color: #008000;\"><strong>classis<\/strong>\u00a0<\/span><\/em>cio\u00e8 della flotta) fu assegnata per la prima volta a Marco Attilio Regolo nel 257 a.C. per la vittoria navale di Capo Ecnomo nella I guerra punica. In seguito la ricevette anche Marco Terenzio Varrone da Pompeo Magno\u00a0 a seguito degli straordinari risultati durante la guerra ai pirati.<\/p>\n<p style=\"text-align: justify;\"><a href=\"https:\/\/www.ocean4future.org\/savetheocean\/wp-content\/uploads\/2017\/12\/jack-regia-marina.png\"><img loading=\"lazy\" decoding=\"async\" class=\"wp-image-17951 alignright\" src=\"https:\/\/www.ocean4future.org\/savetheocean\/wp-content\/uploads\/2017\/12\/jack-regia-marina.png\" alt=\"jack regia marina\" width=\"228\" height=\"354\" \/><\/a>La richiesta di <strong><span style=\"color: #008000;\">Cavagnari<\/span><\/strong> sfoci\u00f2 nel decreto del 20 settembre 1941 che istituiva ufficialmente il simbolo della Regia Marina italiana, che veniva cos\u00ec descritto: \u00ab <em><strong><span style=\"color: #008000;\">Inquartato: al 1\u00ba (Marineria Veneta) di rosso al leone di San Marco con la spada e con il libro degli Evangeli chiuso, quale si usava in tempo di guerra; al 2\u00ba (Marineria Genovese) d&#8217;argento alla croce di rosso; al 3\u00ba (Marineria Amalfitana) d&#8217;azzurro alla croce biforcata d&#8217;argento; al 4\u00ba (Marineria Pisana) di rosso alla croce pisana d&#8217;argento; sul tutto l&#8217;insegna Sabauda affiancata da due fasci Littori d&#8217;oro. Lo scudo sar\u00e0 contornato da un cavo torticcio d&#8217;oro e sormontato da una corona formata da un cerchio con motivi alternati di rostri e di ancore romane, cimato di quattro torri (tre visibili) merlate alla guelfa,<\/span><\/strong><strong><span style=\"color: #008000;\"> fiancheggiato da due prore rostrate che sporgono lateralmente, il tutto d&#8217;oro.\u00a0<\/span><\/strong><\/em>\u00bb.<\/p>\n<p style=\"text-align: justify;\">In particolare il quarto di Venezia fu subito oggetto di numerosi contributi di riflessione, a partire dall&#8217;ottimo saggio dell&#8217;<strong><span style=\"color: #008000;\">Ammiraglio Antonio Severi<\/span><\/strong> pubblicato sul numero di marzo 1991 del &#8220;Bollettino d&#8217;Archivio\u00bb dell&#8217;Ufficio Storico della Marina Militare.<\/p>\n<p style=\"text-align: justify;\"><a href=\"https:\/\/www.ocean4future.org\/savetheocean\/wp-content\/uploads\/2017\/12\/leone-di-SanMarco.gif\"><img loading=\"lazy\" decoding=\"async\" class=\"alignnone size-full wp-image-17953\" src=\"https:\/\/www.ocean4future.org\/savetheocean\/wp-content\/uploads\/2017\/12\/leone-di-SanMarco.gif\" alt=\"leone di SanMarco\" width=\"968\" height=\"726\" \/><\/a><\/p>\n<p style=\"text-align: justify;\">Anche l&#8217;<strong><span style=\"color: #008000;\">araldista Giorgio Aldrighetti<\/span><\/strong>, cui si devono diversi\u00a0 studi sul leone marciano, sollev\u00f2 pi\u00f9 volte la questione. Il Decreto non consentiva un\u2019unicit\u00e0 di rappresentazione per cui il miniaturista del 1941 rappresent\u00f2 molti elementi a gusto, per cos\u00ec dire personale. Ad esempio, nel quadrante (tecnicamente chiamato quarto) di Venezia, il leone poggia la zampa sul libro del vangelo poco definito e con le zampe posteriori poggianti sul vuoto, in contrasto con il leone del simbolo\u00a0originale\u00a0che la Repubblica di Venezia aveva voluto con le zampe saldamente poggiate sulla terraferma per ricordare i propri vasti domini.\u00a0Inoltre la spada e il libro chiuso furono rappresentati dal disegnatore come simbolo di guerra.<\/p>\n<p style=\"text-align: justify;\">Un noto araldista, <strong><span style=\"color: #008000;\">Michele D\u2019Andrea<\/span><\/strong>, in un suo studio dal titolo \u201c<a href=\"http:\/\/www.marina.difesa.it\/storiacultura\/storia\/tradizioni\/Documents\/Per_uno_stemma_rinnovato_della_Marina_Militare_di_Michele_D_Andrea.pdf\"><strong><span style=\"color: #008000;\">Per uno stemma rinnovato della Marina Militare<\/span><\/strong>\u201d<\/a> descrive l\u2019evoluzione del simbolo della Marina nei suoi diversi momenti storici. D&#8217;Andrea nel suo saggio sottolinea le difformit\u00e0 tra il quarto &#8220;di Venezia\u00bb della Marina e lo stemma della citt\u00e0 di Venezia. Curiosamente, Genova, Pisa e Amalfi furono rappresentate nelle loro tradizionali vesti araldiche, ma questo non avvenne per la Repubblica marinara di Venezia, forse la pi\u00f9 eminente, che perse nel disegno molte delle sue connotazioni. La scelta del fondo rosso, al posto dell&#8217;originale azzurro potrebbe essere spiegato con il fatto che l&#8217;azzurro avrebbe confuso il confine tra il simbolo di Venezia e quello di Amalfi (entrambi su fondo azzurro). D\u2019altro canto non sarebbe stato possibile invertire l\u2019ordine dei quarti, in quanto il principio gerarchico, stabilito nel 1942, prevedeva un ordine ben preciso\u00a0ponendo Amalfi al terzo posto (verosimilmente perch\u00e9 pi\u00f9 antica di Pisa). Di fatto, l&#8217;unica rappresentazione disponibile dello stemma della Regia Marina \u00e8 l&#8217;immagine a tempera allegata al decreto del settembre 1941, a cui non seguirono per\u00f2 disposizioni esecutive per l\u2019uso a bordo delle navi da guerra. Nel 1946 lo stemma, depurato dai fasci littori, incominci\u00f2 ad essere impiegato nei diplomi di conferimento di onorificenze militari.<\/p>\n<p style=\"text-align: justify;\"><strong><span style=\"color: #008000; font-size: 14pt;\"><span style=\"font-size: 18pt;\">Lo stemma della Marina Militare repubblicana dal 1946 fino al 2012<\/span> <\/span><\/strong><\/p>\n<p style=\"text-align: justify;\"><span style=\"color: #008000; font-size: 14pt;\"><a style=\"color: #008000;\" href=\"https:\/\/www.ocean4future.org\/savetheocean\/wp-content\/uploads\/2017\/12\/de-nicola_interna_nuova.jpg\"><img loading=\"lazy\" decoding=\"async\" class=\"alignnone wp-image-17955\" src=\"https:\/\/www.ocean4future.org\/savetheocean\/wp-content\/uploads\/2017\/12\/de-nicola_interna_nuova.jpg\" alt=\"de-nicola_interna_nuova\" width=\"842\" height=\"281\" srcset=\"https:\/\/www.ocean4future.org\/savetheocean\/wp-content\/uploads\/2017\/12\/de-nicola_interna_nuova.jpg 600w, https:\/\/www.ocean4future.org\/savetheocean\/wp-content\/uploads\/2017\/12\/de-nicola_interna_nuova-300x100.jpg 300w\" sizes=\"auto, (max-width: 842px) 100vw, 842px\" \/><br \/>\n<\/a><\/span><\/p>\n<p style=\"text-align: justify;\">La rimozione dello stemma sabaudo e dei fasci littori, necessaria con la nascita della Repubblica Italiana, avvenne nel giugno 1946, quasi in contemporanea\u00a0 con il cambio di nome della Regia Marina nell&#8217;attuale Marina Militare. Tutto fu sancito con il decreto legislativo n. 1305 del 9 novembre 1947, emanato dall&#8217;allora\u00a0capo provvisorio dello Stato, <strong><span style=\"color: #008000;\">Enrico De Nicola<\/span><\/strong>, che istitu\u00ec anche la bandiera di forza armata:<\/p>\n<p style=\"text-align: justify;\"><a href=\"https:\/\/www.ocean4future.org\/savetheocean\/wp-content\/uploads\/2017\/12\/jack-fino-al-2012.png\"><img loading=\"lazy\" decoding=\"async\" class=\" wp-image-17952 alignleft\" src=\"https:\/\/www.ocean4future.org\/savetheocean\/wp-content\/uploads\/2017\/12\/jack-fino-al-2012.png\" alt=\"jack fino al 2012\" width=\"221\" height=\"343\" \/><\/a><\/p>\n<p style=\"text-align: justify;\">\u00ab<em><strong><span style=\"color: #008000;\">Per la Marina militare, la bandiera navale \u00e8 costituita dal tricolore italiano, caricato, al centro della banda bianca, dall&#8217;emblema araldico della Marina militare, rappresentante in quattro parti gli stemmi delle Repubbliche marinare (Venezia, Pisa, Genova, Amalfi) e sormontata da una corona turrita e rostrata.\u00a0<\/span><\/strong><\/em>\u00bb<br \/>\nIn realt\u00e0 il disegno delle bandiere della flotta continu\u00f2 ad essere interpretato, a causa della vaghezza descrittiva del decreto legislativo che non specificava fogge e dimensioni. Col tempo, nelle pubblicazioni edite dallo Stato Maggiore della Marina apparvero differenti versioni della corona turrita e delle prue rostrate i suoi lati. Questa libert\u00e0 artistica si not\u00f2 anche sui crest di ottone delle unit\u00e0 navali. Basta recarsi in un qualsiasi circolo della Marina militare o in un Musei navale ed osservare le variazioni sul tema, alcune tra l&#8217;altro di pregevole gusto artistico.<\/p>\n<p style=\"text-align: justify;\"><span style=\"font-size: 14pt;\"><strong><span style=\"color: #008000;\">Lo stemma della Marina fu rinnovato nel 2012<br \/>\n<\/span><\/strong><\/span>Finalmente nel 2012, per ovviare alle tante difformit\u00e0, lo stemma della Marina Militare fu rivisto completamente, in particolar modo il quarto di Venezia, la croce pisana e la corona. Se ne occup\u00f2 l&#8217;araldista Michele d&#8217;Andrea, autore, tra l&#8217;altro, del primo tentativo di modifica del leone di Venezia realizzato durante la realizzazione della\u00a0bandiera del Battaglione San Marco. Essendo i decreti del 1941 e del 1947 molto approssimativi, gli interventi di modifica del nuovo stemma non\u00a0necessitarono un nuovo decreto. Lo stemma rinnovato nella forma attuale fu ufficializzato con un <strong><span style=\"color: #008000;\">foglio d&#8217;ordine della marina (FOM), il n. 52 del 16 dicembre 2012<\/span><\/strong>.<\/p>\n<p style=\"text-align: justify;\"><strong><span style=\"color: #008000;\"><span style=\"font-size: 18pt;\">Che cosa \u00e8 cambiato?<\/span><br \/>\n<\/span><\/strong>Nel nuovo stemma, si apprezza una nuova forma delle prue,\u00a0simili\u00a0alle prue bronzee che ornano il basamento delle aste portabandiera del Vittoriano. Le torri laterali mostrano una maggiore tridimensionalit\u00e0 e sono pi\u00f9 simili al castelletto ligneo collocato nella porzione anteriore delle navi militari romane. L&#8217;ancora centrale \u00e8 stata rimpicciolita e nel cerchio della corona sono scomparse le cordonate.<\/p>\n<p><a href=\"https:\/\/www.ocean4future.org\/savetheocean\/wp-content\/uploads\/2017\/12\/Coat_of_arms_of_Marina_Militare.svg.png\"><img loading=\"lazy\" decoding=\"async\" class=\"alignnone wp-image-17957\" src=\"https:\/\/www.ocean4future.org\/savetheocean\/wp-content\/uploads\/2017\/12\/Coat_of_arms_of_Marina_Militare.svg.png\" alt=\"Coat_of_arms_of_Marina_Militare.svg\" width=\"800\" height=\"1024\" srcset=\"https:\/\/www.ocean4future.org\/savetheocean\/wp-content\/uploads\/2017\/12\/Coat_of_arms_of_Marina_Militare.svg.png 1200w, https:\/\/www.ocean4future.org\/savetheocean\/wp-content\/uploads\/2017\/12\/Coat_of_arms_of_Marina_Militare.svg-234x300.png 234w, https:\/\/www.ocean4future.org\/savetheocean\/wp-content\/uploads\/2017\/12\/Coat_of_arms_of_Marina_Militare.svg-800x1024.png 800w\" sizes=\"auto, (max-width: 800px) 100vw, 800px\" \/><\/a><\/p>\n<p style=\"text-align: justify;\">Il leone di san Marco \u00e8 diventato pi\u00f9 muscoloso e leonino, con una criniera pi\u00f9 folta, zampe pi\u00f9 possenti e una coda meno rigida. Il mare (cinque righe di onde) che lambisce una visibile terraferma dove \u00e8 poggiato, sotto la zampa anteriore sinistra del leone, Anche il libro chiuso, rilegato in cuoio rosso, appare pi\u00f9 definito. Il simbolo di Pisa \u00e8 stato privato delle nervature interne ed i pomi non hanno pi\u00f9 le linee di contorno, come se fossero saldati alla croce ora pi\u00f9 dilatata. Infine, \u00e8 stato ridotto lo spessore del cavo ritorto d&#8217;oro per far risaltare i simboli araldici.<\/p>\n<p><a href=\"https:\/\/www.ocean4future.org\/savetheocean\/wp-content\/uploads\/2017\/12\/navi-marina-militare-21052014.jpg\"><img loading=\"lazy\" decoding=\"async\" class=\"alignnone wp-image-17958\" src=\"https:\/\/www.ocean4future.org\/savetheocean\/wp-content\/uploads\/2017\/12\/navi-marina-militare-21052014.jpg\" alt=\"navi-marina-militare-21052014\" width=\"842\" height=\"477\" srcset=\"https:\/\/www.ocean4future.org\/savetheocean\/wp-content\/uploads\/2017\/12\/navi-marina-militare-21052014.jpg 696w, https:\/\/www.ocean4future.org\/savetheocean\/wp-content\/uploads\/2017\/12\/navi-marina-militare-21052014-300x170.jpg 300w\" sizes=\"auto, (max-width: 842px) 100vw, 842px\" \/><\/a><\/p>\n<p style=\"text-align: justify;\"><strong><span style=\"color: #008000;\">Un nuovo stemma per la nostra Marina che si colloca tra le maggiori marine militari del mondo non solo per la sua moderna flotta, ormai in toto &#8220;made in Italy&#8221;, ma per la qualit\u00e0 del suo personale, non secondo ad altri per professionalit\u00e0 e comportamento.<\/span><\/strong><\/p>\n<p style=\"text-align: justify;\"><span style=\"color: #ffffff;\">.<\/span><br \/>\nAlcune delle immagini possono essere state prese dal web, pur rispettando la netiquette, citandone ove possibile gli autori e\/o le fonti. Se qualcuno desiderasse specificarne l\u2019autore o rimuoverle, pu\u00f2 scrivere a infoocean4future@gmail.com e provvederemo immediatamente alla correzione dell\u2019articolo<\/p>\n<p>&nbsp;<\/p>\n<p><a class=\"maxbutton-3 maxbutton maxbutton-pagina-principale\" target=\"_blank\" title=\"tooltip\" rel=\"nofollow noopener\" href=\"http:\/\/www.ocean4future.org\"><span class='mb-text'>PAGINA PRINCIPALE<\/span><\/a><br \/>\n<span style=\"color: #ffffff;\">.<\/span><\/p>\n","protected":false},"excerpt":{"rendered":"<p><span class=\"span-reading-time rt-reading-time\" style=\"display: block;\"><span class=\"rt-label rt-prefix\">tempo di lettura: <\/span> <span class=\"rt-time\"> 7<\/span> <span class=\"rt-label rt-postfix\">minuti<\/span><\/span>. . ARGOMENTO: STORIA NAVALE PERIODO: XX SECOLO AREA: ITALIA parole chiave: Marina Militare italiana, Regia Marina italiana &nbsp; La nascita della bandiera della Regia Marina Tutto ebbe inizio con il proclama di Carlo Alberto di Savoia-Carignano del 23 marzo 1848, che istituiva la nuova Bandiera tricolore del Regno di Sardegna. Il decreto si riferiva [&hellip;]<\/p>\n","protected":false},"author":2380,"featured_media":17964,"comment_status":"open","ping_status":"open","sticky":false,"template":"","format":"standard","meta":{"_acf_changed":false,"_monsterinsights_skip_tracking":false,"footnotes":""},"categories":[1360],"tags":[1921,1633,955],"class_list":["post-17949","post","type-post","status-publish","format-standard","has-post-thumbnail","hentry","category-marine-militari","tag-jack","tag-marina-militare-italiana","tag-regia-marina-italiana"],"acf":[],"yoast_head":"<!-- This site is optimized with the Yoast SEO plugin v28.3 - https:\/\/yoast.com\/product\/yoast-seo-wordpress\/ -->\n<title>Evoluzione artistica dello stemma della bandiera della Marina Militare Italiana &#8226; OCEAN4FUTURE autore<\/title>\n<meta name=\"robots\" content=\"index, follow, max-snippet:-1, max-image-preview:large, max-video-preview:-1\" \/>\n<link rel=\"canonical\" href=\"https:\/\/www.ocean4future.org\/savetheocean\/archives\/17949\" \/>\n<meta property=\"og:locale\" content=\"it_IT\" \/>\n<meta property=\"og:type\" content=\"article\" \/>\n<meta property=\"og:title\" content=\"Evoluzione artistica dello stemma della bandiera della Marina Militare Italiana &#8226; OCEAN4FUTURE autore\" \/>\n<meta property=\"og:description\" content=\"\u00a0 La nascita della bandiera della Regia Marina Tutto ebbe inizio con il proclama di Carlo Alberto\u00a0 \u00a0di Savoia-Carignano del 23 marzo 1848, che istituiva la nuova Bandiera tricolore del Regno di Sardegna. Il decreto si riferiva alle bandiere per le nostre truppe quindi solo per l\u2019Esercito ma non per la Marina Sarda, per la\u2026\" \/>\n<meta property=\"og:url\" content=\"https:\/\/www.ocean4future.org\/savetheocean\/archives\/17949\" \/>\n<meta property=\"og:site_name\" content=\"OCEAN4FUTURE\" \/>\n<meta property=\"article:published_time\" content=\"2026-08-20T22:05:50+00:00\" \/>\n<meta property=\"og:image\" content=\"https:\/\/www.ocean4future.org\/savetheocean\/wp-content\/uploads\/2018\/01\/CREM19301417160662.jpg\" \/>\n\t<meta property=\"og:image:width\" content=\"760\" \/>\n\t<meta property=\"og:image:height\" content=\"544\" \/>\n\t<meta property=\"og:image:type\" content=\"image\/jpeg\" \/>\n<meta name=\"author\" content=\"Andrea Mucedola\" \/>\n<meta name=\"twitter:card\" content=\"summary_large_image\" \/>\n<meta name=\"twitter:creator\" content=\"@ocean4future\" \/>\n<meta name=\"twitter:site\" content=\"@ocean4future\" \/>\n<meta name=\"twitter:label1\" content=\"Scritto da\" \/>\n\t<meta name=\"twitter:data1\" content=\"Andrea Mucedola\" \/>\n\t<meta name=\"twitter:label2\" content=\"Tempo di lettura stimato\" \/>\n\t<meta name=\"twitter:data2\" content=\"11 minuti\" \/>\n<script type=\"application\/ld+json\" class=\"yoast-schema-graph\">{\"@context\":\"https:\\\/\\\/schema.org\",\"@graph\":[{\"@type\":\"Article\",\"@id\":\"https:\\\/\\\/www.ocean4future.org\\\/savetheocean\\\/archives\\\/17949#article\",\"isPartOf\":{\"@id\":\"https:\\\/\\\/www.ocean4future.org\\\/savetheocean\\\/archives\\\/17949\"},\"author\":{\"name\":\"Andrea Mucedola\",\"@id\":\"https:\\\/\\\/www.ocean4future.org\\\/savetheocean\\\/#\\\/schema\\\/person\\\/252d25dcc5c002abcde7b2d4baa78f13\"},\"headline\":\"Evoluzione artistica dello stemma della bandiera della Marina Militare Italiana\",\"datePublished\":\"2026-08-20T22:05:50+00:00\",\"mainEntityOfPage\":{\"@id\":\"https:\\\/\\\/www.ocean4future.org\\\/savetheocean\\\/archives\\\/17949\"},\"wordCount\":1551,\"commentCount\":4,\"publisher\":{\"@id\":\"https:\\\/\\\/www.ocean4future.org\\\/savetheocean\\\/#\\\/schema\\\/person\\\/4e1c26437054353074d7bb2efa77162c\"},\"image\":{\"@id\":\"https:\\\/\\\/www.ocean4future.org\\\/savetheocean\\\/archives\\\/17949#primaryimage\"},\"thumbnailUrl\":\"https:\\\/\\\/www.ocean4future.org\\\/savetheocean\\\/wp-content\\\/uploads\\\/2018\\\/01\\\/CREM19301417160662.jpg\",\"keywords\":[\"Jack\",\"Marina Militare Italiana\",\"Regia marina italiana\"],\"articleSection\":[\"Marine militari\"],\"inLanguage\":\"it-IT\",\"potentialAction\":[{\"@type\":\"CommentAction\",\"name\":\"Comment\",\"target\":[\"https:\\\/\\\/www.ocean4future.org\\\/savetheocean\\\/archives\\\/17949#respond\"]}]},{\"@type\":\"WebPage\",\"@id\":\"https:\\\/\\\/www.ocean4future.org\\\/savetheocean\\\/archives\\\/17949\",\"url\":\"https:\\\/\\\/www.ocean4future.org\\\/savetheocean\\\/archives\\\/17949\",\"name\":\"Evoluzione artistica dello stemma della bandiera della Marina Militare Italiana &#8226; OCEAN4FUTURE autore\",\"isPartOf\":{\"@id\":\"https:\\\/\\\/www.ocean4future.org\\\/savetheocean\\\/#website\"},\"primaryImageOfPage\":{\"@id\":\"https:\\\/\\\/www.ocean4future.org\\\/savetheocean\\\/archives\\\/17949#primaryimage\"},\"image\":{\"@id\":\"https:\\\/\\\/www.ocean4future.org\\\/savetheocean\\\/archives\\\/17949#primaryimage\"},\"thumbnailUrl\":\"https:\\\/\\\/www.ocean4future.org\\\/savetheocean\\\/wp-content\\\/uploads\\\/2018\\\/01\\\/CREM19301417160662.jpg\",\"datePublished\":\"2026-08-20T22:05:50+00:00\",\"breadcrumb\":{\"@id\":\"https:\\\/\\\/www.ocean4future.org\\\/savetheocean\\\/archives\\\/17949#breadcrumb\"},\"inLanguage\":\"it-IT\",\"potentialAction\":[{\"@type\":\"ReadAction\",\"target\":[\"https:\\\/\\\/www.ocean4future.org\\\/savetheocean\\\/archives\\\/17949\"]}]},{\"@type\":\"ImageObject\",\"inLanguage\":\"it-IT\",\"@id\":\"https:\\\/\\\/www.ocean4future.org\\\/savetheocean\\\/archives\\\/17949#primaryimage\",\"url\":\"https:\\\/\\\/www.ocean4future.org\\\/savetheocean\\\/wp-content\\\/uploads\\\/2018\\\/01\\\/CREM19301417160662.jpg\",\"contentUrl\":\"https:\\\/\\\/www.ocean4future.org\\\/savetheocean\\\/wp-content\\\/uploads\\\/2018\\\/01\\\/CREM19301417160662.jpg\",\"width\":760,\"height\":544},{\"@type\":\"BreadcrumbList\",\"@id\":\"https:\\\/\\\/www.ocean4future.org\\\/savetheocean\\\/archives\\\/17949#breadcrumb\",\"itemListElement\":[{\"@type\":\"ListItem\",\"position\":1,\"name\":\"Home\",\"item\":\"https:\\\/\\\/www.ocean4future.org\\\/savetheocean\"},{\"@type\":\"ListItem\",\"position\":2,\"name\":\"Evoluzione artistica dello stemma della bandiera della Marina Militare Italiana\"}]},{\"@type\":\"WebSite\",\"@id\":\"https:\\\/\\\/www.ocean4future.org\\\/savetheocean\\\/#website\",\"url\":\"https:\\\/\\\/www.ocean4future.org\\\/savetheocean\\\/\",\"name\":\"Ocean 4 Future\",\"description\":\"Per una nuova cultura del mare e della marittimit\u00e0\",\"publisher\":{\"@id\":\"https:\\\/\\\/www.ocean4future.org\\\/savetheocean\\\/#\\\/schema\\\/person\\\/4e1c26437054353074d7bb2efa77162c\"},\"potentialAction\":[{\"@type\":\"SearchAction\",\"target\":{\"@type\":\"EntryPoint\",\"urlTemplate\":\"https:\\\/\\\/www.ocean4future.org\\\/savetheocean\\\/?s={search_term_string}\"},\"query-input\":{\"@type\":\"PropertyValueSpecification\",\"valueRequired\":true,\"valueName\":\"search_term_string\"}}],\"inLanguage\":\"it-IT\"},{\"@type\":[\"Person\",\"Organization\"],\"@id\":\"https:\\\/\\\/www.ocean4future.org\\\/savetheocean\\\/#\\\/schema\\\/person\\\/4e1c26437054353074d7bb2efa77162c\",\"name\":\"oceandiver\",\"image\":{\"@type\":\"ImageObject\",\"inLanguage\":\"it-IT\",\"@id\":\"https:\\\/\\\/www.ocean4future.org\\\/savetheocean\\\/wp-content\\\/uploads\\\/2023\\\/04\\\/logo-ocean3.jpg\",\"url\":\"https:\\\/\\\/www.ocean4future.org\\\/savetheocean\\\/wp-content\\\/uploads\\\/2023\\\/04\\\/logo-ocean3.jpg\",\"contentUrl\":\"https:\\\/\\\/www.ocean4future.org\\\/savetheocean\\\/wp-content\\\/uploads\\\/2023\\\/04\\\/logo-ocean3.jpg\",\"width\":472,\"height\":301,\"caption\":\"oceandiver\"},\"logo\":{\"@id\":\"https:\\\/\\\/www.ocean4future.org\\\/savetheocean\\\/wp-content\\\/uploads\\\/2023\\\/04\\\/logo-ocean3.jpg\"}},{\"@type\":\"Person\",\"@id\":\"https:\\\/\\\/www.ocean4future.org\\\/savetheocean\\\/#\\\/schema\\\/person\\\/252d25dcc5c002abcde7b2d4baa78f13\",\"name\":\"Andrea Mucedola\",\"image\":{\"@type\":\"ImageObject\",\"inLanguage\":\"it-IT\",\"@id\":\"https:\\\/\\\/secure.gravatar.com\\\/avatar\\\/befc97e7f9e17a6b60a3969a83be976bdb6f8fc3d0b55cb27b11ae85db4b6240?s=96&d=mm&r=g\",\"url\":\"https:\\\/\\\/secure.gravatar.com\\\/avatar\\\/befc97e7f9e17a6b60a3969a83be976bdb6f8fc3d0b55cb27b11ae85db4b6240?s=96&d=mm&r=g\",\"contentUrl\":\"https:\\\/\\\/secure.gravatar.com\\\/avatar\\\/befc97e7f9e17a6b60a3969a83be976bdb6f8fc3d0b55cb27b11ae85db4b6240?s=96&d=mm&r=g\",\"caption\":\"Andrea Mucedola\"},\"description\":\"ammiraglio della Marina Militare Italiana (riserva), \u00e8 laureato in Scienze Marittime della Difesa presso l\u2019Universit\u00e0 di Pisa ed in Scienze Politiche cum laude all\u2019Universit\u00e0 di Trieste. Analista di Maritime Security, collabora con numerosi Centri di studi e analisi geopolitici italiani ed internazionali. Ricercatore subacqueo scientifico dal 1993, nel 2019, ha ricevuto il Tridente d'oro dell'Accademia delle Scienze e Tecniche Subacquee per la divulgazione della cultura del mare. Fa parte del Comitato scientifico della Fondazione Atlantide e della Scuola internazionale Subacquei scientifici (ISSD - AIOSS).\",\"sameAs\":[\"http:\\\/\\\/www.ocean4future.org\"],\"url\":\"https:\\\/\\\/www.ocean4future.org\\\/savetheocean\\\/archives\\\/author\\\/andrea-mucedola\"}]}<\/script>\n<!-- \/ Yoast SEO plugin. -->","yoast_head_json":{"title":"Evoluzione artistica dello stemma della bandiera della Marina Militare Italiana &#8226; OCEAN4FUTURE autore","robots":{"index":"index","follow":"follow","max-snippet":"max-snippet:-1","max-image-preview":"max-image-preview:large","max-video-preview":"max-video-preview:-1"},"canonical":"https:\/\/www.ocean4future.org\/savetheocean\/archives\/17949","og_locale":"it_IT","og_type":"article","og_title":"Evoluzione artistica dello stemma della bandiera della Marina Militare Italiana &#8226; OCEAN4FUTURE autore","og_description":"\u00a0 La nascita della bandiera della Regia Marina Tutto ebbe inizio con il proclama di Carlo Alberto\u00a0 \u00a0di Savoia-Carignano del 23 marzo 1848, che istituiva la nuova Bandiera tricolore del Regno di Sardegna. Il decreto si riferiva alle bandiere per le nostre truppe quindi solo per l\u2019Esercito ma non per la Marina Sarda, per la\u2026","og_url":"https:\/\/www.ocean4future.org\/savetheocean\/archives\/17949","og_site_name":"OCEAN4FUTURE","article_published_time":"2026-08-20T22:05:50+00:00","og_image":[{"width":760,"height":544,"url":"https:\/\/www.ocean4future.org\/savetheocean\/wp-content\/uploads\/2018\/01\/CREM19301417160662.jpg","type":"image\/jpeg"}],"author":"Andrea Mucedola","twitter_card":"summary_large_image","twitter_creator":"@ocean4future","twitter_site":"@ocean4future","twitter_misc":{"Scritto da":"Andrea Mucedola","Tempo di lettura stimato":"11 minuti"},"schema":{"@context":"https:\/\/schema.org","@graph":[{"@type":"Article","@id":"https:\/\/www.ocean4future.org\/savetheocean\/archives\/17949#article","isPartOf":{"@id":"https:\/\/www.ocean4future.org\/savetheocean\/archives\/17949"},"author":{"name":"Andrea Mucedola","@id":"https:\/\/www.ocean4future.org\/savetheocean\/#\/schema\/person\/252d25dcc5c002abcde7b2d4baa78f13"},"headline":"Evoluzione artistica dello stemma della bandiera della Marina Militare Italiana","datePublished":"2026-08-20T22:05:50+00:00","mainEntityOfPage":{"@id":"https:\/\/www.ocean4future.org\/savetheocean\/archives\/17949"},"wordCount":1551,"commentCount":4,"publisher":{"@id":"https:\/\/www.ocean4future.org\/savetheocean\/#\/schema\/person\/4e1c26437054353074d7bb2efa77162c"},"image":{"@id":"https:\/\/www.ocean4future.org\/savetheocean\/archives\/17949#primaryimage"},"thumbnailUrl":"https:\/\/www.ocean4future.org\/savetheocean\/wp-content\/uploads\/2018\/01\/CREM19301417160662.jpg","keywords":["Jack","Marina Militare Italiana","Regia marina italiana"],"articleSection":["Marine militari"],"inLanguage":"it-IT","potentialAction":[{"@type":"CommentAction","name":"Comment","target":["https:\/\/www.ocean4future.org\/savetheocean\/archives\/17949#respond"]}]},{"@type":"WebPage","@id":"https:\/\/www.ocean4future.org\/savetheocean\/archives\/17949","url":"https:\/\/www.ocean4future.org\/savetheocean\/archives\/17949","name":"Evoluzione artistica dello stemma della bandiera della Marina Militare Italiana &#8226; OCEAN4FUTURE autore","isPartOf":{"@id":"https:\/\/www.ocean4future.org\/savetheocean\/#website"},"primaryImageOfPage":{"@id":"https:\/\/www.ocean4future.org\/savetheocean\/archives\/17949#primaryimage"},"image":{"@id":"https:\/\/www.ocean4future.org\/savetheocean\/archives\/17949#primaryimage"},"thumbnailUrl":"https:\/\/www.ocean4future.org\/savetheocean\/wp-content\/uploads\/2018\/01\/CREM19301417160662.jpg","datePublished":"2026-08-20T22:05:50+00:00","breadcrumb":{"@id":"https:\/\/www.ocean4future.org\/savetheocean\/archives\/17949#breadcrumb"},"inLanguage":"it-IT","potentialAction":[{"@type":"ReadAction","target":["https:\/\/www.ocean4future.org\/savetheocean\/archives\/17949"]}]},{"@type":"ImageObject","inLanguage":"it-IT","@id":"https:\/\/www.ocean4future.org\/savetheocean\/archives\/17949#primaryimage","url":"https:\/\/www.ocean4future.org\/savetheocean\/wp-content\/uploads\/2018\/01\/CREM19301417160662.jpg","contentUrl":"https:\/\/www.ocean4future.org\/savetheocean\/wp-content\/uploads\/2018\/01\/CREM19301417160662.jpg","width":760,"height":544},{"@type":"BreadcrumbList","@id":"https:\/\/www.ocean4future.org\/savetheocean\/archives\/17949#breadcrumb","itemListElement":[{"@type":"ListItem","position":1,"name":"Home","item":"https:\/\/www.ocean4future.org\/savetheocean"},{"@type":"ListItem","position":2,"name":"Evoluzione artistica dello stemma della bandiera della Marina Militare Italiana"}]},{"@type":"WebSite","@id":"https:\/\/www.ocean4future.org\/savetheocean\/#website","url":"https:\/\/www.ocean4future.org\/savetheocean\/","name":"Ocean 4 Future","description":"Per una nuova cultura del mare e della marittimit\u00e0","publisher":{"@id":"https:\/\/www.ocean4future.org\/savetheocean\/#\/schema\/person\/4e1c26437054353074d7bb2efa77162c"},"potentialAction":[{"@type":"SearchAction","target":{"@type":"EntryPoint","urlTemplate":"https:\/\/www.ocean4future.org\/savetheocean\/?s={search_term_string}"},"query-input":{"@type":"PropertyValueSpecification","valueRequired":true,"valueName":"search_term_string"}}],"inLanguage":"it-IT"},{"@type":["Person","Organization"],"@id":"https:\/\/www.ocean4future.org\/savetheocean\/#\/schema\/person\/4e1c26437054353074d7bb2efa77162c","name":"oceandiver","image":{"@type":"ImageObject","inLanguage":"it-IT","@id":"https:\/\/www.ocean4future.org\/savetheocean\/wp-content\/uploads\/2023\/04\/logo-ocean3.jpg","url":"https:\/\/www.ocean4future.org\/savetheocean\/wp-content\/uploads\/2023\/04\/logo-ocean3.jpg","contentUrl":"https:\/\/www.ocean4future.org\/savetheocean\/wp-content\/uploads\/2023\/04\/logo-ocean3.jpg","width":472,"height":301,"caption":"oceandiver"},"logo":{"@id":"https:\/\/www.ocean4future.org\/savetheocean\/wp-content\/uploads\/2023\/04\/logo-ocean3.jpg"}},{"@type":"Person","@id":"https:\/\/www.ocean4future.org\/savetheocean\/#\/schema\/person\/252d25dcc5c002abcde7b2d4baa78f13","name":"Andrea Mucedola","image":{"@type":"ImageObject","inLanguage":"it-IT","@id":"https:\/\/secure.gravatar.com\/avatar\/befc97e7f9e17a6b60a3969a83be976bdb6f8fc3d0b55cb27b11ae85db4b6240?s=96&d=mm&r=g","url":"https:\/\/secure.gravatar.com\/avatar\/befc97e7f9e17a6b60a3969a83be976bdb6f8fc3d0b55cb27b11ae85db4b6240?s=96&d=mm&r=g","contentUrl":"https:\/\/secure.gravatar.com\/avatar\/befc97e7f9e17a6b60a3969a83be976bdb6f8fc3d0b55cb27b11ae85db4b6240?s=96&d=mm&r=g","caption":"Andrea Mucedola"},"description":"ammiraglio della Marina Militare Italiana (riserva), \u00e8 laureato in Scienze Marittime della Difesa presso l\u2019Universit\u00e0 di Pisa ed in Scienze Politiche cum laude all\u2019Universit\u00e0 di Trieste. Analista di Maritime Security, collabora con numerosi Centri di studi e analisi geopolitici italiani ed internazionali. Ricercatore subacqueo scientifico dal 1993, nel 2019, ha ricevuto il Tridente d'oro dell'Accademia delle Scienze e Tecniche Subacquee per la divulgazione della cultura del mare. Fa parte del Comitato scientifico della Fondazione Atlantide e della Scuola internazionale Subacquei scientifici (ISSD - AIOSS).","sameAs":["http:\/\/www.ocean4future.org"],"url":"https:\/\/www.ocean4future.org\/savetheocean\/archives\/author\/andrea-mucedola"}]}},"_links":{"self":[{"href":"https:\/\/www.ocean4future.org\/savetheocean\/wp-json\/wp\/v2\/posts\/17949","targetHints":{"allow":["GET"]}}],"collection":[{"href":"https:\/\/www.ocean4future.org\/savetheocean\/wp-json\/wp\/v2\/posts"}],"about":[{"href":"https:\/\/www.ocean4future.org\/savetheocean\/wp-json\/wp\/v2\/types\/post"}],"author":[{"embeddable":true,"href":"https:\/\/www.ocean4future.org\/savetheocean\/wp-json\/wp\/v2\/users\/2380"}],"replies":[{"embeddable":true,"href":"https:\/\/www.ocean4future.org\/savetheocean\/wp-json\/wp\/v2\/comments?post=17949"}],"version-history":[{"count":1,"href":"https:\/\/www.ocean4future.org\/savetheocean\/wp-json\/wp\/v2\/posts\/17949\/revisions"}],"predecessor-version":[{"id":132537,"href":"https:\/\/www.ocean4future.org\/savetheocean\/wp-json\/wp\/v2\/posts\/17949\/revisions\/132537"}],"wp:featuredmedia":[{"embeddable":true,"href":"https:\/\/www.ocean4future.org\/savetheocean\/wp-json\/wp\/v2\/media\/17964"}],"wp:attachment":[{"href":"https:\/\/www.ocean4future.org\/savetheocean\/wp-json\/wp\/v2\/media?parent=17949"}],"wp:term":[{"taxonomy":"category","embeddable":true,"href":"https:\/\/www.ocean4future.org\/savetheocean\/wp-json\/wp\/v2\/categories?post=17949"},{"taxonomy":"post_tag","embeddable":true,"href":"https:\/\/www.ocean4future.org\/savetheocean\/wp-json\/wp\/v2\/tags?post=17949"}],"curies":[{"name":"wp","href":"https:\/\/api.w.org\/{rel}","templated":true}]}}