{"id":17262,"date":"2025-12-06T00:02:25","date_gmt":"2025-12-05T23:02:25","guid":{"rendered":"http:\/\/www.ocean4future.org\/?p=17262"},"modified":"2026-03-25T19:05:24","modified_gmt":"2026-03-25T18:05:24","slug":"la-magenta-e-il-suo-periplo-quello-che-rimane-150-anni-del-primo-viaggio-intorno-al-globo-di-una-nave-italiana","status":"publish","type":"post","link":"https:\/\/www.ocean4future.org\/savetheocean\/archives\/17262","title":{"rendered":"La Regia Nave Magenta e il suo periplo. Quello che rimane a 150 anni del primo viaggio intorno al globo di una nave italiana di Gianni Boscolo"},"content":{"rendered":"<span class=\"span-reading-time rt-reading-time\" style=\"display: block;\"><span class=\"rt-label rt-prefix\">tempo di lettura: <\/span> <span class=\"rt-time\"> 8<\/span> <span class=\"rt-label rt-postfix\">minuti<\/span><\/span><p style=\"text-align: justify;\"><strong><span style=\"color: #ffffff;\">.<\/span><br \/>\n<a class=\"maxbutton-4 maxbutton maxbutton-livello-di-comprensione\" href=\"javascript:void(0);\"><span class='mb-text'>livello elementare<\/span><\/a><br \/>\n<span style=\"color: #ffffff;\">.<\/span><br \/>\n<span style=\"color: #008000;\">ARGOMENTO: STORIA NAVALE<\/span><\/strong><br \/>\n<strong><span style=\"color: #008000;\">PERIODO: XIX SECOLO<\/span><\/strong><br \/>\n<strong><span style=\"color: #008000;\">AREA: DIDATTICA<\/span><\/strong><br \/>\nparole chiave: Regia Marina<\/p>\n<p>&nbsp;<\/p>\n<p style=\"text-align: justify;\">A 150 anni dalla prima circumnavigazione di una nave della neonata Regia Marina unitaria, il <strong><span style=\"color: #008000;\">Magenta<\/span><\/strong>, raccontiamo la storia di questa gloriosa nave che, dal 1866 al 1868, effettu\u00f2 il primo viaggio intorno al mondo di una nave militare italiana. La spedizione part\u00ec l\u20198 novembre 1865 da Napoli dove imperversava da tempo il colera, con la fregata <strong><span style=\"color: #008000;\">Margherita<\/span><\/strong>.\u00a0Dopo il lungo attraversamento dell&#8217;oceano atlantico i ricercatori trasbordarono sul Magenta che si trovava nel porto di Montevideo.<\/p>\n<p style=\"text-align: justify;\">La circumnavigazione del mondo si svolse in 870 giorni, dal 2 febbraio 1866 al 17 dicembre 1868, e rientr\u00f2 a Napoli il 28 marzo 1868. La navigazione svoltasi a bordo della pirocorvetta Magenta venne effettuata solo in parte a vela e, soprattutto, a motore. A bordo, erano imbarcati tre naturalisti di fama (uno dei quali, <strong><span style=\"color: #008000;\">Filippo De Filippi<\/span><\/strong>, non torn\u00f2 in patria stroncato dalle febbri ad Hong Kong), trecento uomini di equipaggio e 20 ufficiali, tutti al comando del <strong><span style=\"color: #008000;\">capitano di vascello\u00a0Vittorio Arminjon<\/span><\/strong>, che ricopriva anche l&#8217;incarico di plenipotenziario del Regno. Il Magenta era una pirocorvetta di poco pi\u00f9 di\u00a0due mila tonnellate di stazza, lunga 60 metri fuori tutto, larga 12 metri e con 6 metri di pescaggio che era stata in origine\u00a0 progettata per la marina del Granducato di Toscana.<\/p>\n<table>\n<tbody>\n<tr>\n<td>\n<p style=\"text-align: justify;\"><span style=\"color: #008000;\"><a style=\"color: #008000;\" href=\"https:\/\/www.ocean4future.org\/savetheocean\/wp-content\/uploads\/2017\/11\/330px-Magenta_Giglioli.png\"><img decoding=\"async\" class=\"wp-image-17263 alignright\" src=\"https:\/\/www.ocean4future.org\/savetheocean\/wp-content\/uploads\/2017\/11\/330px-Magenta_Giglioli.png\" alt=\"330px-Magenta_Giglioli\" width=\"568\" height=\"338\" srcset=\"https:\/\/www.ocean4future.org\/savetheocean\/wp-content\/uploads\/2017\/11\/330px-Magenta_Giglioli.png 330w, https:\/\/www.ocean4future.org\/savetheocean\/wp-content\/uploads\/2017\/11\/330px-Magenta_Giglioli-300x179.png 300w\" sizes=\"(max-width: 568px) 100vw, 568px\" \/><\/a><\/span><span style=\"font-size: 14pt;\"><strong><span style=\"color: #008000;\"><span style=\"font-size: 18pt;\">Qualche notizia storica sulla nave<\/span><br \/>\n<\/span><span style=\"color: #008000;\">Il R.N. Magenta, fu progettato dall&#8217;ingegner Micheli ed impostato nell&#8217;Arsenale Mediceo di Livorno per la marina del Granducato di Toscana nel settembre 1859, prendendo il nome dalla omonima battaglia che aveva dato il via all&#8217;unificazione nazionale. Pochi mesi dopo, con l&#8217;annessione al Regno di Sardegna\u00a0la propriet\u00e0 della nave in costruzione pass\u00f2 alla Marina del regno\u00a0 di Sardegna, e poi, dal 17 marzo 1861, alla neo costituita Regia Marina italiana, per la quale la nave\u00a0venne varata\u00a0il 17 luglio 1862. La nave era una pirocorvetta con uno scafo\u00a0in legno ricoperto da lastre di rame.\u00a0Come molte unit\u00e0 della stessa epoca, il\u00a0<i>Magenta<\/i>\u00a0era in grado, sebbene con fatica, di navigare a vela con mare e vento assicurato. Infatti la sua struttura con tre alberi, troppo bassi e pesanti in rapporto allo scafo, e con vele quadre sottodimensionate non consentiva tutte le andature.\u00a0La propulsione era quindi assicurata da una macchina a vapore\u00a0Penn &amp; Sons prodotta in Gran Bretagna\u00a0alimentata da due caldaia\u00a0 con una potenza di 1900\u00a0CV trasmessa ad un unica elica. Nell&#8217;aprile 1865 la\u00a0<i>Magenta<\/i>\u00a0venne inviata come stazionaria sul Rio della Plata e poi si trasfer\u00ec a Rio de Janeiro. Il 2 febbraio 1866, al comando del capitano di vascello\u00a0Vittorio Arminjon, la nave lasci\u00f2 Rio de Janeiro per Montevideo, diretta a sudest per\u00a0compiere il\u00a0 giro del mondo che la rese famosa.\u00a0 \u00a0<\/span><\/strong><\/span><\/p>\n<\/td>\n<\/tr>\n<\/tbody>\n<\/table>\n<p style=\"text-align: justify;\">Il <strong><span style=\"color: #008000;\">Magenta<\/span><\/strong> part\u00ec da Montevideo per volgersi in estremo oriente (Cina e Giappone) dove aveva compiti diplomatici da assolvere. La spedizione, che era gi\u00e0 stata rinviata dall&#8217;anno prima, fu un viaggio con scopi commerciali, naturalistici, nautici, oltre che ovviamente diplomatici per \u201cmostrare\u201d la bandiera nelle nazioni dove iniziavano a migrare consistenti quote di italiani.<\/p>\n<p style=\"text-align: justify;\"><a href=\"https:\/\/www.ocean4future.org\/savetheocean\/wp-content\/uploads\/2017\/11\/viaggio-della-magenta.jpg\"><img decoding=\"async\" class=\"alignnone wp-image-17268\" src=\"https:\/\/www.ocean4future.org\/savetheocean\/wp-content\/uploads\/2017\/11\/viaggio-della-magenta.jpg\" alt=\"viaggio della magenta\" width=\"750\" height=\"308\" srcset=\"https:\/\/www.ocean4future.org\/savetheocean\/wp-content\/uploads\/2017\/11\/viaggio-della-magenta.jpg 650w, https:\/\/www.ocean4future.org\/savetheocean\/wp-content\/uploads\/2017\/11\/viaggio-della-magenta-300x123.jpg 300w\" sizes=\"(max-width: 750px) 100vw, 750px\" \/><br \/>\n<\/a><\/p>\n<p style=\"text-align: justify;\">Fu una spedizione commerciale perch\u00e9 in Oriente si cercava tramite trattati commerciali di poter disporre di bachi da seta, all&#8217;epoca ridimensionati in patria e in Europa per l\u2019infezione di pebrina. Diplomatica per la nuova giovane nazione che intendeva farsi accreditare nel celeste impero e nel Sol Levante, e scientifica perch\u00e9,\u00a0 nonostante il contenimento di mezzi e uomini e la frettolosa preparazione, riport\u00f2 in Italia seimila esemplari di specie vegetali e animali sconosciute o poco note in Europa. Non ultimo fu anche una spedizione nautica per addestrare gli uomini della Marina reale in acque molto distanti da quelle di normale gravitazione, il cui ritorno avvenne attraverso i canali patagonici del cono australe americano, dando l\u2019occasione per completare i rilevamenti nautici di quella parte dell globo.<\/p>\n<p><a href=\"https:\/\/www.ocean4future.org\/savetheocean\/wp-content\/uploads\/2017\/11\/libro_magenta.jpg\"><img decoding=\"async\" class=\"wp-image-17265\" src=\"https:\/\/www.ocean4future.org\/savetheocean\/wp-content\/uploads\/2017\/11\/libro_magenta.jpg\" alt=\"libro_magenta\" width=\"610\" height=\"808\" srcset=\"https:\/\/www.ocean4future.org\/savetheocean\/wp-content\/uploads\/2017\/11\/libro_magenta.jpg 281w, https:\/\/www.ocean4future.org\/savetheocean\/wp-content\/uploads\/2017\/11\/libro_magenta-227x300.jpg 227w\" sizes=\"(max-width: 610px) 100vw, 610px\" \/><\/a><\/p>\n<p align=\"justify\"><span style=\"font-size: inherit;\">La missione scientifica divenne nota in seguito grazie alla corposa relazione che ne fece <\/span><strong style=\"font-size: inherit;\"><span style=\"color: #008000;\">Enrico Hillyer Giglioli<\/span><\/strong><span style=\"font-size: inherit;\"> che \u201ceredit\u00f2\u201d il compito, dal naturalista <\/span><strong style=\"font-size: inherit;\"><span style=\"color: #008000;\">Filippo De Filippi<\/span><\/strong><span style=\"font-size: inherit;\"> deceduto durante il viaggio. Dopo la missione diplomatica nei mari orientali la corvetta si trasfer\u00ec in Australia, attravers\u00f2 il Pacifico e approd\u00f2 a Valparaiso, quindi scese a sud nei mari australi per completare il giro intorno al mondo e tornare in Italia. Enrico Giglioli produsse la relazione finale di oltre mille pagine in folio, pubblicata nel 1875, ancor oggi rintracciabile in una quarantina di biblioteche scientifiche.<\/span><\/p>\n<p style=\"text-align: justify;\">Mentre la Regia Nave Magenta si stava avvicinando alle coste cilene vi fu un avvistamento di una balena con due pinne dorsali. &#8220;<em><span style=\"color: #008000;\"><strong>Vedendo quel Cetaceo<\/strong>&#8221; <\/span><\/em>scrive Giglioli<em><span style=\"color: #008000;\"> &#8221; <strong>in apparenza cos\u00ec mansueto, furono fatti dagli ufficiali vari preparativi per tentarne la cattura, mentre il comandante Arminjon faceva mettere a mare un battello [perch\u00e8] potessi dare pi\u00f9 da vicino un\u2019occhiata alla mia nuova conoscenza. Tutto ci\u00f2 procedeva nel massimo silenzio mentre il nostromo frugava per rinvenire un\u2019arpone e metter insieme una cima sufficientemente lunga, ed il capo-cannoniere aveva lentamente fatto correre fuori uno dei cannoncini d\u2019ottone nel caso si presentasse l\u2019occasione di un buon colpo, ma non pot\u00e9 essere abbassato tanto poter puntare sulla vittima desiderata; la quale cominciando ad intendere l\u2019interessamento di cui diventava oggetto, si volse sul fianco per dare un\u2019occhiata al suo grande vicino la Magenta &#8230;<\/strong><\/span><\/em><strong>&#8221; &#8221; <\/strong><em><span style=\"color: #008000;\"><strong>&#8230; ed io<\/strong>&#8220;<\/span><\/em>, aggiunge Giglioli, <em><span style=\"color: #008000;\">&#8220;<strong>ebbi l\u2019opportunit\u00e0 di completare le mie osservazioni sui suoi caratteri esterni<\/strong>&#8220;. <\/span><\/em><\/p>\n<p><img decoding=\"async\" class=\"\" src=\"https:\/\/www.ocean4future.org\/savetheocean\/wp-content\/uploads\/2021\/02\/giglioli-BALENA-NAVE-MAGENTA.jpg\" alt=\"Questa immagine ha l'attributo alt vuoto; il nome del file \u00e8 giglioli-BALENA-NAVE-MAGENTA.jpg\" width=\"638\" height=\"500\" \/><\/p>\n<p style=\"text-align: justify;\">Il naturalista <strong><span style=\"color: #008000;\">Enrico Giglioli<\/span><\/strong> la battezz\u00f2 <strong><em><span style=\"color: #008000;\">Amphiptera pacifica<\/span><\/em><\/strong> in diverse memorie scientifiche (<em><strong><span style=\"color: #008000;\">Fauna vertebrata dell\u2019Oceano, I Cetacei e <\/span><span style=\"color: #008000;\">Pelagos<\/span><\/strong>,<\/em> un libro scritto con <strong><span style=\"color: #008000;\">Arturo Issel<\/span><\/strong>, paleontologo genovese). Dopo un secolo e mezzo il mistero permane: errore (poco probabile), svista (ancora pi\u00f9 incredibile, avendone fatto <strong><span style=\"color: #008000;\">Enrico Giglioli<\/span><\/strong> anche un disegno). Oggi i naturalisti propendono per un cetaceo affetto da una malformazione. Questa l\u2019ipotesi pi\u00f9 accreditata anche perch\u00e9 un\u2019altra balena con due pinne dorsali non \u00e8 mai pi\u00f9 stata vista in seguito. Mentre \u00e8 stato a lungo misterioso l\u2019incontro con una procellaria incontrata nel mar australe dalla Magenta. Scriver\u00e0 <strong><span style=\"color: #008000;\">Giglioli<\/span><\/strong> ..&#8221; <strong><em><span style=\"color: #008000;\">il 22 si pot\u00e9 fare una nuova caccia ai Procellaridi che ci seguivano, essa ci frutt\u00f2 due specie nuove per noi, il raro Prion artel e la Oestrelata magenta, che non era ancora stata descritta, e che fu poscia dal prof. Salvadori e da me dedicata alla nostra nave nella memoria ornitologica\u2026<\/span><\/em><\/strong>&#8220;.\u00a0Per pi\u00f9 di un secolo dalla sua scoperta, della <strong><span style=\"color: #008000;\">Procellaria di Magenta<\/span> <\/strong>si persero le tracce e si pens\u00f2 si fosse estinta.<\/p>\n<p><a href=\"https:\/\/www.ocean4future.org\/savetheocean\/wp-content\/uploads\/2017\/12\/petrello-di-Magenta.jpg\"><img decoding=\"async\" class=\"wp-image-17271\" src=\"https:\/\/www.ocean4future.org\/savetheocean\/wp-content\/uploads\/2017\/12\/petrello-di-Magenta.jpg\" alt=\"petrello di Magenta\" width=\"750\" height=\"520\" srcset=\"https:\/\/www.ocean4future.org\/savetheocean\/wp-content\/uploads\/2017\/12\/petrello-di-Magenta.jpg 709w, https:\/\/www.ocean4future.org\/savetheocean\/wp-content\/uploads\/2017\/12\/petrello-di-Magenta-300x208.jpg 300w\" sizes=\"(max-width: 750px) 100vw, 750px\" \/><\/a><\/p>\n<p align=\"justify\"><strong><span style=\"color: #008000;\">Petrello di Magenta, illustrazione di J.G.Keulemans tratta dal volume \u201cA monograph of the petrels\u201d 1907-1910<\/span><\/strong><\/p>\n<p style=\"text-align: justify;\">Poi nel gennaio 1973 il <strong><span style=\"color: #008000;\">naturalista David Crockett<\/span><\/strong> nelle sperdute Isole Chatman (piccolo arcipelago ad est della Nuova Zelanda) illumina due uccelli che identifica come Petrelli di Magenta, ma passano altri cinque anni prima di riuscire a catturarli: fino alla notte di capodanno 1978, dimostrando cos\u00ec alla comunit\u00e0 scientifica che il Petrello di Magenta non era estinto, come si temeva.<\/p>\n<p><a href=\"https:\/\/www.ocean4future.org\/savetheocean\/wp-content\/uploads\/2017\/11\/pirocorvetta_magenta.jpg\"><img decoding=\"async\" class=\"wp-image-17267\" src=\"https:\/\/www.ocean4future.org\/savetheocean\/wp-content\/uploads\/2017\/11\/pirocorvetta_magenta.jpg\" alt=\"pirocorvetta_magenta\" width=\"750\" height=\"493\" srcset=\"https:\/\/www.ocean4future.org\/savetheocean\/wp-content\/uploads\/2017\/11\/pirocorvetta_magenta.jpg 600w, https:\/\/www.ocean4future.org\/savetheocean\/wp-content\/uploads\/2017\/11\/pirocorvetta_magenta-300x197.jpg 300w\" sizes=\"(max-width: 750px) 100vw, 750px\" \/><\/a><\/p>\n<p align=\"justify\"><strong><span style=\"color: #008000;\">foto degli ufficiali del Magenta con una rappresentanza dell&#8217;equipaggio<\/span><\/strong><\/p>\n<p style=\"text-align: justify;\">Invece il passaggio della <strong><span style=\"color: #008000;\">RN Magenta<\/span><\/strong> in Patagonia fece migrare alcuni nomi italiani alla &#8220;fin du mundo&#8221;. Sebbene le carte a grande scala riportano la cordigliera De Agostini, dal nome dell&#8217;esploratore e missionario salesiano, detto padre Patagonia, il ghiacciaio Giacomo Bove, ottocentesco esploratore italiano, il monte Italia, il Cerro Pier Giorgio (in onore a Pier Giorgio Frassati, poi dichiarato Beato), Cerro Don Bosco e di altri italiani che frequentarono quei luoghi, bisogna invece ricorrere alle istruzioni nautiche attuali, per trovare un\u2019isola Giglioli e un\u2019isola Candiani (conte e ufficiale di marina imbarcato al tempo imbarcato sul Magenta); l\u2019isola Vittorio (primo re d\u2019Italia), la baia Arminjom (ora Baia Libert\u00e0), l\u2019isola Libetta (secondo della corvetta), caleta Sabauda, l\u2019isola Solferino, l\u2019isola Cavour, l\u2019isla La Marmora. Ancora altri italici toponimi in Patagonia, arrivarono vent&#8217;anni dopo con il viaggio del Caracciolo al comando di <strong><span style=\"color: #008000;\">Carlos de Amezaga<\/span><\/strong>.<\/p>\n<p style=\"text-align: justify;\"><strong><span style=\"color: #008000; font-size: 14pt;\"><span style=\"font-size: 18pt;\">Cosa rimane a 150 anni del periplo<\/span><br \/>\n<\/span><\/strong>Il viaggio della Magenta riporta a molte realt\u00e0 e vicende italiane e in particolare piemontesi. La marina post-unitaria, i naturalisti ottocenteschi e le scienze naturali, i primi passi dell\u2019antropologia, tutte vicende che sembrano ruotare, o addensarsi, intorno al viaggio del Magenta e ai personaggi che vi presero parte, con ruoli diversi e sviluppi successivi. Di De Filippi, a parte gli studi, resta solo un busto a Torino, in Via Po, nella sede dell\u2019Ateneo della citt\u00e0 subalpina. Il libro da cui prendere le mosse \u00e8 sempre <strong><em><span style=\"color: #008000;\">Viaggio intorno al globo della R. Pirocorvetta Italiana Magenta di Enrico Hillyer Giglioli<\/span><\/em><\/strong>, pubblicato nel 1875. Ma sulla sua impresa, su questa spedizione navale ed esplorativa, vi sono poche opere: l\u2019importante libro in ottavo di Giglioli e, ad esempio, un libro del comandante Vittorio Arminjon, <strong><em><span style=\"color: #008000;\">Il Giappone e il viaggio della Corvetta Magenta<\/span><\/em><\/strong> nel 1866. Chiss\u00e0 che il 150\u00b0 anniversario della spedizione non aiuti a riportarne in auge la memoria, con la necessit\u00e0 anche di rendere di nuovo vive e valide le numerose storie che l\u2019hanno fatta diventare la \u2018Storia della Magenta\u2019, ossia &#8220;L\u2019impresa della Magenta&#8221;.<\/p>\n<p><a href=\"https:\/\/www.ocean4future.org\/savetheocean\/wp-content\/uploads\/2017\/12\/Giglioli_Enrico_Hillyer_1845-1909.jpg\"><img decoding=\"async\" class=\"wp-image-17296 alignleft\" src=\"https:\/\/www.ocean4future.org\/savetheocean\/wp-content\/uploads\/2017\/12\/Giglioli_Enrico_Hillyer_1845-1909.jpg\" alt=\"Giglioli_Enrico_Hillyer_1845-1909\" width=\"228\" height=\"335\" srcset=\"https:\/\/www.ocean4future.org\/savetheocean\/wp-content\/uploads\/2017\/12\/Giglioli_Enrico_Hillyer_1845-1909.jpg 220w, https:\/\/www.ocean4future.org\/savetheocean\/wp-content\/uploads\/2017\/12\/Giglioli_Enrico_Hillyer_1845-1909-204x300.jpg 204w\" sizes=\"(max-width: 228px) 100vw, 228px\" \/><\/a><strong><span style=\"color: #008000;\">Enrico Hillyer Giglioli<\/span><\/strong><\/p>\n<p style=\"text-align: justify;\">La relazione di <strong><span style=\"color: #008000;\">Enrico Giglioli<\/span><\/strong> finir\u00e0 di dare il nome alla circumnavigazione e alla missione Magenta\u00a0e produrr\u00e0 alcune riduzioni di particolari aspetti del viaggio con numerose memorie naturalistiche e corpose note antropologiche. Partendo dalla raccolta privata di oggetti etnografici fatta durante il viaggio della \u201cMagenta\u201d, e sempre pi\u00f9 accresciuta grazie alla rete di conoscenze di cui disponeva a livello internazionale, Giglioli cre\u00f2 una collezione di oggetti (accompagnata da una raccolta fotografica e da una biblioteca specializzata) che gi\u00e0 nel 1888\u00a0si distinse nell&#8217;ambito degli studi etnografici come una delle maggiori mai realizzate. Va menzionato l&#8217;apporto dello zoologo <strong><span style=\"color: #008000;\">Filippo De Filippi<\/span><\/strong>.\u00a0De Filippi fu scienziato prolifico, come testimonia l&#8217;elenco delle sue opere; tra l&#8217;altro fu\u00a0pioniere dell&#8217;itticoltura\u00a0ed uno dei primi seguaci del Darwinismo\u00a0in Italia. Rimase famosa una sua conferenza divulgativa delle teorie di Darwin, intitolata\u00a0<strong><em><span style=\"color: #008000;\">L&#8217;uomo e le scimmie<\/span><\/em><\/strong>, che tenne a Torino nel gennaio 1864. Le ricerche e l\u2019attivit\u00e0 didattica di Filippo De Filippi suscitarono l\u2019attenzione e la stima di Giuseppe Gen\u00e9, professore di zoologia e successore di Andrea Bonelli all&#8217;Universit\u00e0 di Torino.<\/p>\n<p style=\"text-align: justify;\"><a href=\"https:\/\/www.ocean4future.org\/savetheocean\/wp-content\/uploads\/2017\/12\/800px-Filippo_De_Filippi_Busto_Torino_Universit\u00e0.jpg\"><img decoding=\"async\" class=\"alignnone wp-image-17272\" src=\"https:\/\/www.ocean4future.org\/savetheocean\/wp-content\/uploads\/2017\/12\/800px-Filippo_De_Filippi_Busto_Torino_Universit\u00e0.jpg\" alt=\"800px-Filippo_De_Filippi_Busto_Torino_Universit\u00e0\" width=\"750\" height=\"1000\" srcset=\"https:\/\/www.ocean4future.org\/savetheocean\/wp-content\/uploads\/2017\/12\/800px-Filippo_De_Filippi_Busto_Torino_Universit\u00e0.jpg 800w, https:\/\/www.ocean4future.org\/savetheocean\/wp-content\/uploads\/2017\/12\/800px-Filippo_De_Filippi_Busto_Torino_Universit\u00e0-225x300.jpg 225w, https:\/\/www.ocean4future.org\/savetheocean\/wp-content\/uploads\/2017\/12\/800px-Filippo_De_Filippi_Busto_Torino_Universit\u00e0-768x1024.jpg 768w\" sizes=\"(max-width: 750px) 100vw, 750px\" \/><br \/>\n<\/a><\/p>\n<p style=\"text-align: justify;\">Quando Gen\u00e9 mor\u00ec nel 1847, fu <strong><span style=\"color: #008000;\">De Filippi<\/span><\/strong> a raccoglierne l\u2019eredit\u00e0 alla cattedra di zoologia e alla direzione del museo zoologico dell\u2019allora capitale d\u2019Italia (dal 1848 al 1865).\u00a0Il busto di Filippo De Filippi, zoologo e medico della spedizione,\u00a0che\u00a0non fece ritorno colpito da una grave patologia infettiva acuta, probabilmente dal colera, morendo ad Hong Kong\u00a0all&#8217;et\u00e0 di soli 53 anni, si ritrova nel loggiato dell\u2019Universit\u00e0 di Torino. Uno dei tanto eroi di quella incredibile campagna che tanti risultati port\u00f2 alla nostra giovane nazione.<\/p>\n<p style=\"text-align: justify;\">Sulla campagna della <strong><span style=\"color: #008000;\">Regia Pirocorvetta Magenta<\/span><\/strong> \u00e8 stato tenuto un ciclo di incontri organizzato dal museo regionale di scienze naturali torinese nel 2016\/17.<\/p>\n<p><strong><span style=\"color: #008000; font-size: 14pt;\">Gianni Boscolo<\/span><\/strong><\/p>\n<p style=\"text-align: justify;\"><a href=\"https:\/\/www.ocean4future.org\/savetheocean\/wp-content\/uploads\/2017\/12\/gianni_300.jpg\"><img decoding=\"async\" class=\"wp-image-17293 alignleft\" src=\"https:\/\/www.ocean4future.org\/savetheocean\/wp-content\/uploads\/2017\/12\/gianni_300.jpg\" alt=\"gianni_300\" width=\"243\" height=\"362\" srcset=\"https:\/\/www.ocean4future.org\/savetheocean\/wp-content\/uploads\/2017\/12\/gianni_300.jpg 406w, https:\/\/www.ocean4future.org\/savetheocean\/wp-content\/uploads\/2017\/12\/gianni_300-202x300.jpg 202w\" sizes=\"(max-width: 243px) 100vw, 243px\" \/><\/a><strong><span style=\"color: #008000;\">Gianni Boscolo<\/span><\/strong>\u00a0\u00e8 uno scrittore e giornalista appassionato di mare. E&#8217; stato responsabile della rivista regionale Piemonte parchi di cui \u00e8 stato Direttore per una decina d&#8217;anni. E&#8217; co-autore, con Angela Rutigliano del\u00a0saggio intitolato \u201c<strong><span style=\"color: #008000;\">L\u2019impresa della Magenta<\/span><\/strong>\u201d (ed. BookSprint, settembre 2015).<br \/>\nIn poco meno di 300 pagine vi si trovano, inquadrati in una breve storia della navigazione e della sua epopea, marinai e personaggi di quella impresa. Con dovizia sono descritti gli incontri politici e le scoperte geografiche e scientifiche (come quelli riportati a casa dal naturalista Enrico Giglioli) della prima nave militare italiana che circumnavig\u00f2 il globo nella seconda met\u00e0 del XIX secolo.<\/p>\n<p style=\"text-align: justify;\"><span style=\"color: #ffffff;\">http:\/\/<\/span><\/p>\n<p style=\"text-align: justify;\"><span style=\"color: #ffffff;\">http:\/\/<\/span><\/p>\n<p style=\"text-align: justify;\"><span style=\"font-size: 12pt;\">Alcune delle immagini possono essere state prese dal web, citandone ove possibile gli autori e\/o le fonti. Se qualcuno desiderasse specificarne l\u2019autore o rimuoverle, pu\u00f2 scrivere a infoocean4future@gmail.com e provvederemo immediatamente alla correzione dell\u2019articolo<\/span><\/p>\n<p><span style=\"font-size: 10.0pt;\">\u00a0<\/span><\/p>\n<p><a class=\"maxbutton-3 maxbutton maxbutton-pagina-principale\" target=\"_blank\" title=\"tooltip\" rel=\"nofollow noopener\" href=\"http:\/\/www.ocean4future.org\"><span class='mb-text'>PAGINA PRINCIPALE - HOME PAGE<\/span><\/a><br \/>\n<span style=\"color: #ffffff;\">.<\/span><\/p>\n","protected":false},"excerpt":{"rendered":"<p><span class=\"span-reading-time rt-reading-time\" style=\"display: block;\"><span class=\"rt-label rt-prefix\">tempo di lettura: <\/span> <span class=\"rt-time\"> 8<\/span> <span class=\"rt-label rt-postfix\">minuti<\/span><\/span>. . ARGOMENTO: STORIA NAVALE PERIODO: XIX SECOLO AREA: DIDATTICA parole chiave: Regia Marina &nbsp; A 150 anni dalla prima circumnavigazione di una nave della neonata Regia Marina unitaria, il Magenta, raccontiamo la storia di questa gloriosa nave che, dal 1866 al 1868, effettu\u00f2 il primo viaggio intorno al mondo di una nave militare italiana. [&hellip;]<\/p>\n","protected":false},"author":2398,"featured_media":67422,"comment_status":"open","ping_status":"open","sticky":false,"template":"","format":"standard","meta":{"_acf_changed":false,"_monsterinsights_skip_tracking":false,"_monsterinsights_sitenote_active":false,"_monsterinsights_sitenote_note":"","_monsterinsights_sitenote_category":0,"footnotes":""},"categories":[2431],"tags":[1871,1870],"class_list":["post-17262","post","type-post","status-publish","format-standard","has-post-thumbnail","hentry","category-storia","tag-campagna-navale","tag-regia-nave-magenta"],"acf":[],"yoast_head":"<!-- This site is optimized with the Yoast SEO plugin v27.4 - https:\/\/yoast.com\/product\/yoast-seo-wordpress\/ -->\n<title>La Regia Nave Magenta e il suo periplo. Quello che rimane a 150 anni del primo viaggio intorno al globo di una nave italiana di Gianni Boscolo &#8226; OCEAN4FUTURE autore<\/title>\n<meta name=\"robots\" content=\"index, follow, max-snippet:-1, max-image-preview:large, max-video-preview:-1\" \/>\n<link rel=\"canonical\" href=\"https:\/\/www.ocean4future.org\/savetheocean\/archives\/17262\" \/>\n<meta property=\"og:locale\" content=\"it_IT\" \/>\n<meta property=\"og:type\" content=\"article\" \/>\n<meta property=\"og:title\" content=\"La Regia Nave Magenta e il suo periplo. Quello che rimane a 150 anni del primo viaggio intorno al globo di una nave italiana di Gianni Boscolo &#8226; OCEAN4FUTURE autore\" \/>\n<meta property=\"og:description\" content=\"A 150 anni dalla prima circumnavigazione di una nave della neonata Regia Marina unitaria raccontiamo la storia di questa gloriosa nave che\u00a0 dal 1866 al 1868 effettu\u00f2 il primo viaggio intorno al mondo di una nave militare italiana. La spedizione part\u00ec l\u20198 novembre 1865 da Napoli dove imperversava da tempo il colera, con la fregata\u2026\" \/>\n<meta property=\"og:url\" content=\"https:\/\/www.ocean4future.org\/savetheocean\/archives\/17262\" \/>\n<meta property=\"og:site_name\" content=\"OCEAN4FUTURE\" \/>\n<meta property=\"article:published_time\" content=\"2025-12-05T23:02:25+00:00\" \/>\n<meta property=\"article:modified_time\" content=\"2026-03-25T18:05:24+00:00\" \/>\n<meta property=\"og:image\" content=\"https:\/\/www.ocean4future.org\/savetheocean\/wp-content\/uploads\/2017\/12\/rn-magenta.jpg\" \/>\n\t<meta property=\"og:image:width\" content=\"800\" \/>\n\t<meta property=\"og:image:height\" content=\"560\" \/>\n\t<meta property=\"og:image:type\" content=\"image\/jpeg\" \/>\n<meta name=\"author\" content=\"Redazione OCEAN4FUTURE\" \/>\n<meta name=\"twitter:card\" content=\"summary_large_image\" \/>\n<meta name=\"twitter:creator\" content=\"@ocean4future\" \/>\n<meta name=\"twitter:site\" content=\"@ocean4future\" \/>\n<meta name=\"twitter:label1\" content=\"Scritto da\" \/>\n\t<meta name=\"twitter:data1\" content=\"Redazione OCEAN4FUTURE\" \/>\n\t<meta name=\"twitter:label2\" content=\"Tempo di lettura stimato\" \/>\n\t<meta name=\"twitter:data2\" content=\"13 minuti\" \/>\n<script type=\"application\/ld+json\" class=\"yoast-schema-graph\">{\"@context\":\"https:\\\/\\\/schema.org\",\"@graph\":[{\"@type\":\"Article\",\"@id\":\"https:\\\/\\\/www.ocean4future.org\\\/savetheocean\\\/archives\\\/17262#article\",\"isPartOf\":{\"@id\":\"https:\\\/\\\/www.ocean4future.org\\\/savetheocean\\\/archives\\\/17262\"},\"author\":{\"name\":\"Redazione OCEAN4FUTURE\",\"@id\":\"https:\\\/\\\/www.ocean4future.org\\\/savetheocean\\\/#\\\/schema\\\/person\\\/ad3962a4283da6a7ba5d2e66f435a340\"},\"headline\":\"La Regia Nave Magenta e il suo periplo. Quello che rimane a 150 anni del primo viaggio intorno al globo di una nave italiana di Gianni Boscolo\",\"datePublished\":\"2025-12-05T23:02:25+00:00\",\"dateModified\":\"2026-03-25T18:05:24+00:00\",\"mainEntityOfPage\":{\"@id\":\"https:\\\/\\\/www.ocean4future.org\\\/savetheocean\\\/archives\\\/17262\"},\"wordCount\":1957,\"commentCount\":0,\"publisher\":{\"@id\":\"https:\\\/\\\/www.ocean4future.org\\\/savetheocean\\\/#\\\/schema\\\/person\\\/4e1c26437054353074d7bb2efa77162c\"},\"image\":{\"@id\":\"https:\\\/\\\/www.ocean4future.org\\\/savetheocean\\\/archives\\\/17262#primaryimage\"},\"thumbnailUrl\":\"https:\\\/\\\/www.ocean4future.org\\\/savetheocean\\\/wp-content\\\/uploads\\\/2017\\\/12\\\/rn-magenta.jpg\",\"keywords\":[\"campagna navale\",\"Regia nave Magenta\"],\"articleSection\":[\"Storia\"],\"inLanguage\":\"it-IT\",\"potentialAction\":[{\"@type\":\"CommentAction\",\"name\":\"Comment\",\"target\":[\"https:\\\/\\\/www.ocean4future.org\\\/savetheocean\\\/archives\\\/17262#respond\"]}]},{\"@type\":\"WebPage\",\"@id\":\"https:\\\/\\\/www.ocean4future.org\\\/savetheocean\\\/archives\\\/17262\",\"url\":\"https:\\\/\\\/www.ocean4future.org\\\/savetheocean\\\/archives\\\/17262\",\"name\":\"La Regia Nave Magenta e il suo periplo. Quello che rimane a 150 anni del primo viaggio intorno al globo di una nave italiana di Gianni Boscolo &#8226; OCEAN4FUTURE autore\",\"isPartOf\":{\"@id\":\"https:\\\/\\\/www.ocean4future.org\\\/savetheocean\\\/#website\"},\"primaryImageOfPage\":{\"@id\":\"https:\\\/\\\/www.ocean4future.org\\\/savetheocean\\\/archives\\\/17262#primaryimage\"},\"image\":{\"@id\":\"https:\\\/\\\/www.ocean4future.org\\\/savetheocean\\\/archives\\\/17262#primaryimage\"},\"thumbnailUrl\":\"https:\\\/\\\/www.ocean4future.org\\\/savetheocean\\\/wp-content\\\/uploads\\\/2017\\\/12\\\/rn-magenta.jpg\",\"datePublished\":\"2025-12-05T23:02:25+00:00\",\"dateModified\":\"2026-03-25T18:05:24+00:00\",\"breadcrumb\":{\"@id\":\"https:\\\/\\\/www.ocean4future.org\\\/savetheocean\\\/archives\\\/17262#breadcrumb\"},\"inLanguage\":\"it-IT\",\"potentialAction\":[{\"@type\":\"ReadAction\",\"target\":[\"https:\\\/\\\/www.ocean4future.org\\\/savetheocean\\\/archives\\\/17262\"]}]},{\"@type\":\"ImageObject\",\"inLanguage\":\"it-IT\",\"@id\":\"https:\\\/\\\/www.ocean4future.org\\\/savetheocean\\\/archives\\\/17262#primaryimage\",\"url\":\"https:\\\/\\\/www.ocean4future.org\\\/savetheocean\\\/wp-content\\\/uploads\\\/2017\\\/12\\\/rn-magenta.jpg\",\"contentUrl\":\"https:\\\/\\\/www.ocean4future.org\\\/savetheocean\\\/wp-content\\\/uploads\\\/2017\\\/12\\\/rn-magenta.jpg\",\"width\":800,\"height\":560},{\"@type\":\"BreadcrumbList\",\"@id\":\"https:\\\/\\\/www.ocean4future.org\\\/savetheocean\\\/archives\\\/17262#breadcrumb\",\"itemListElement\":[{\"@type\":\"ListItem\",\"position\":1,\"name\":\"Home\",\"item\":\"https:\\\/\\\/www.ocean4future.org\\\/savetheocean\"},{\"@type\":\"ListItem\",\"position\":2,\"name\":\"La Regia Nave Magenta e il suo periplo. Quello che rimane a 150 anni del primo viaggio intorno al globo di una nave italiana di Gianni Boscolo\"}]},{\"@type\":\"WebSite\",\"@id\":\"https:\\\/\\\/www.ocean4future.org\\\/savetheocean\\\/#website\",\"url\":\"https:\\\/\\\/www.ocean4future.org\\\/savetheocean\\\/\",\"name\":\"Ocean 4 Future\",\"description\":\"Per una nuova cultura del mare e della marittimit\u00e0\",\"publisher\":{\"@id\":\"https:\\\/\\\/www.ocean4future.org\\\/savetheocean\\\/#\\\/schema\\\/person\\\/4e1c26437054353074d7bb2efa77162c\"},\"potentialAction\":[{\"@type\":\"SearchAction\",\"target\":{\"@type\":\"EntryPoint\",\"urlTemplate\":\"https:\\\/\\\/www.ocean4future.org\\\/savetheocean\\\/?s={search_term_string}\"},\"query-input\":{\"@type\":\"PropertyValueSpecification\",\"valueRequired\":true,\"valueName\":\"search_term_string\"}}],\"inLanguage\":\"it-IT\"},{\"@type\":[\"Person\",\"Organization\"],\"@id\":\"https:\\\/\\\/www.ocean4future.org\\\/savetheocean\\\/#\\\/schema\\\/person\\\/4e1c26437054353074d7bb2efa77162c\",\"name\":\"oceandiver\",\"image\":{\"@type\":\"ImageObject\",\"inLanguage\":\"it-IT\",\"@id\":\"https:\\\/\\\/www.ocean4future.org\\\/savetheocean\\\/wp-content\\\/uploads\\\/2023\\\/04\\\/logo-ocean3.jpg\",\"url\":\"https:\\\/\\\/www.ocean4future.org\\\/savetheocean\\\/wp-content\\\/uploads\\\/2023\\\/04\\\/logo-ocean3.jpg\",\"contentUrl\":\"https:\\\/\\\/www.ocean4future.org\\\/savetheocean\\\/wp-content\\\/uploads\\\/2023\\\/04\\\/logo-ocean3.jpg\",\"width\":472,\"height\":301,\"caption\":\"oceandiver\"},\"logo\":{\"@id\":\"https:\\\/\\\/www.ocean4future.org\\\/savetheocean\\\/wp-content\\\/uploads\\\/2023\\\/04\\\/logo-ocean3.jpg\"}},{\"@type\":\"Person\",\"@id\":\"https:\\\/\\\/www.ocean4future.org\\\/savetheocean\\\/#\\\/schema\\\/person\\\/ad3962a4283da6a7ba5d2e66f435a340\",\"name\":\"Redazione OCEAN4FUTURE\",\"image\":{\"@type\":\"ImageObject\",\"inLanguage\":\"it-IT\",\"@id\":\"https:\\\/\\\/secure.gravatar.com\\\/avatar\\\/ba6774c3cc06933a10f7e80f4184a636b9f8fe6f86714a5b2c583173eaf54646?s=96&d=mm&r=g\",\"url\":\"https:\\\/\\\/secure.gravatar.com\\\/avatar\\\/ba6774c3cc06933a10f7e80f4184a636b9f8fe6f86714a5b2c583173eaf54646?s=96&d=mm&r=g\",\"contentUrl\":\"https:\\\/\\\/secure.gravatar.com\\\/avatar\\\/ba6774c3cc06933a10f7e80f4184a636b9f8fe6f86714a5b2c583173eaf54646?s=96&d=mm&r=g\",\"caption\":\"Redazione OCEAN4FUTURE\"},\"description\":\"\u00e8 composta da oltre 60 collaboratori che lavorano in smart working, selezionati tra esperti di settore di diverse discipline. Hanno il compito di\u00a0 selezionare argomenti di particolare interesse, redigendo articoli basati su studi recenti. I contenuti degli stessi restano di responsabilit\u00e0 degli autori che sono ovviamente sempre citati. Eventuali quesiti possono essere inviati alla Redazione (infoocean4future@gmail.com) che, quando possibile, provveder\u00e0 ad inoltrarli agli Autori.\",\"sameAs\":[\"http:\\\/\\\/www.ocean4future.org\"],\"url\":\"https:\\\/\\\/www.ocean4future.org\\\/savetheocean\\\/archives\\\/author\\\/redazione-ocean4future\"}]}<\/script>\n<!-- \/ Yoast SEO plugin. -->","yoast_head_json":{"title":"La Regia Nave Magenta e il suo periplo. Quello che rimane a 150 anni del primo viaggio intorno al globo di una nave italiana di Gianni Boscolo &#8226; OCEAN4FUTURE autore","robots":{"index":"index","follow":"follow","max-snippet":"max-snippet:-1","max-image-preview":"max-image-preview:large","max-video-preview":"max-video-preview:-1"},"canonical":"https:\/\/www.ocean4future.org\/savetheocean\/archives\/17262","og_locale":"it_IT","og_type":"article","og_title":"La Regia Nave Magenta e il suo periplo. Quello che rimane a 150 anni del primo viaggio intorno al globo di una nave italiana di Gianni Boscolo &#8226; OCEAN4FUTURE autore","og_description":"A 150 anni dalla prima circumnavigazione di una nave della neonata Regia Marina unitaria raccontiamo la storia di questa gloriosa nave che\u00a0 dal 1866 al 1868 effettu\u00f2 il primo viaggio intorno al mondo di una nave militare italiana. La spedizione part\u00ec l\u20198 novembre 1865 da Napoli dove imperversava da tempo il colera, con la fregata\u2026","og_url":"https:\/\/www.ocean4future.org\/savetheocean\/archives\/17262","og_site_name":"OCEAN4FUTURE","article_published_time":"2025-12-05T23:02:25+00:00","article_modified_time":"2026-03-25T18:05:24+00:00","og_image":[{"width":800,"height":560,"url":"https:\/\/www.ocean4future.org\/savetheocean\/wp-content\/uploads\/2017\/12\/rn-magenta.jpg","type":"image\/jpeg"}],"author":"Redazione OCEAN4FUTURE","twitter_card":"summary_large_image","twitter_creator":"@ocean4future","twitter_site":"@ocean4future","twitter_misc":{"Scritto da":"Redazione OCEAN4FUTURE","Tempo di lettura stimato":"13 minuti"},"schema":{"@context":"https:\/\/schema.org","@graph":[{"@type":"Article","@id":"https:\/\/www.ocean4future.org\/savetheocean\/archives\/17262#article","isPartOf":{"@id":"https:\/\/www.ocean4future.org\/savetheocean\/archives\/17262"},"author":{"name":"Redazione OCEAN4FUTURE","@id":"https:\/\/www.ocean4future.org\/savetheocean\/#\/schema\/person\/ad3962a4283da6a7ba5d2e66f435a340"},"headline":"La Regia Nave Magenta e il suo periplo. Quello che rimane a 150 anni del primo viaggio intorno al globo di una nave italiana di Gianni Boscolo","datePublished":"2025-12-05T23:02:25+00:00","dateModified":"2026-03-25T18:05:24+00:00","mainEntityOfPage":{"@id":"https:\/\/www.ocean4future.org\/savetheocean\/archives\/17262"},"wordCount":1957,"commentCount":0,"publisher":{"@id":"https:\/\/www.ocean4future.org\/savetheocean\/#\/schema\/person\/4e1c26437054353074d7bb2efa77162c"},"image":{"@id":"https:\/\/www.ocean4future.org\/savetheocean\/archives\/17262#primaryimage"},"thumbnailUrl":"https:\/\/www.ocean4future.org\/savetheocean\/wp-content\/uploads\/2017\/12\/rn-magenta.jpg","keywords":["campagna navale","Regia nave Magenta"],"articleSection":["Storia"],"inLanguage":"it-IT","potentialAction":[{"@type":"CommentAction","name":"Comment","target":["https:\/\/www.ocean4future.org\/savetheocean\/archives\/17262#respond"]}]},{"@type":"WebPage","@id":"https:\/\/www.ocean4future.org\/savetheocean\/archives\/17262","url":"https:\/\/www.ocean4future.org\/savetheocean\/archives\/17262","name":"La Regia Nave Magenta e il suo periplo. Quello che rimane a 150 anni del primo viaggio intorno al globo di una nave italiana di Gianni Boscolo &#8226; OCEAN4FUTURE autore","isPartOf":{"@id":"https:\/\/www.ocean4future.org\/savetheocean\/#website"},"primaryImageOfPage":{"@id":"https:\/\/www.ocean4future.org\/savetheocean\/archives\/17262#primaryimage"},"image":{"@id":"https:\/\/www.ocean4future.org\/savetheocean\/archives\/17262#primaryimage"},"thumbnailUrl":"https:\/\/www.ocean4future.org\/savetheocean\/wp-content\/uploads\/2017\/12\/rn-magenta.jpg","datePublished":"2025-12-05T23:02:25+00:00","dateModified":"2026-03-25T18:05:24+00:00","breadcrumb":{"@id":"https:\/\/www.ocean4future.org\/savetheocean\/archives\/17262#breadcrumb"},"inLanguage":"it-IT","potentialAction":[{"@type":"ReadAction","target":["https:\/\/www.ocean4future.org\/savetheocean\/archives\/17262"]}]},{"@type":"ImageObject","inLanguage":"it-IT","@id":"https:\/\/www.ocean4future.org\/savetheocean\/archives\/17262#primaryimage","url":"https:\/\/www.ocean4future.org\/savetheocean\/wp-content\/uploads\/2017\/12\/rn-magenta.jpg","contentUrl":"https:\/\/www.ocean4future.org\/savetheocean\/wp-content\/uploads\/2017\/12\/rn-magenta.jpg","width":800,"height":560},{"@type":"BreadcrumbList","@id":"https:\/\/www.ocean4future.org\/savetheocean\/archives\/17262#breadcrumb","itemListElement":[{"@type":"ListItem","position":1,"name":"Home","item":"https:\/\/www.ocean4future.org\/savetheocean"},{"@type":"ListItem","position":2,"name":"La Regia Nave Magenta e il suo periplo. Quello che rimane a 150 anni del primo viaggio intorno al globo di una nave italiana di Gianni Boscolo"}]},{"@type":"WebSite","@id":"https:\/\/www.ocean4future.org\/savetheocean\/#website","url":"https:\/\/www.ocean4future.org\/savetheocean\/","name":"Ocean 4 Future","description":"Per una nuova cultura del mare e della marittimit\u00e0","publisher":{"@id":"https:\/\/www.ocean4future.org\/savetheocean\/#\/schema\/person\/4e1c26437054353074d7bb2efa77162c"},"potentialAction":[{"@type":"SearchAction","target":{"@type":"EntryPoint","urlTemplate":"https:\/\/www.ocean4future.org\/savetheocean\/?s={search_term_string}"},"query-input":{"@type":"PropertyValueSpecification","valueRequired":true,"valueName":"search_term_string"}}],"inLanguage":"it-IT"},{"@type":["Person","Organization"],"@id":"https:\/\/www.ocean4future.org\/savetheocean\/#\/schema\/person\/4e1c26437054353074d7bb2efa77162c","name":"oceandiver","image":{"@type":"ImageObject","inLanguage":"it-IT","@id":"https:\/\/www.ocean4future.org\/savetheocean\/wp-content\/uploads\/2023\/04\/logo-ocean3.jpg","url":"https:\/\/www.ocean4future.org\/savetheocean\/wp-content\/uploads\/2023\/04\/logo-ocean3.jpg","contentUrl":"https:\/\/www.ocean4future.org\/savetheocean\/wp-content\/uploads\/2023\/04\/logo-ocean3.jpg","width":472,"height":301,"caption":"oceandiver"},"logo":{"@id":"https:\/\/www.ocean4future.org\/savetheocean\/wp-content\/uploads\/2023\/04\/logo-ocean3.jpg"}},{"@type":"Person","@id":"https:\/\/www.ocean4future.org\/savetheocean\/#\/schema\/person\/ad3962a4283da6a7ba5d2e66f435a340","name":"Redazione OCEAN4FUTURE","image":{"@type":"ImageObject","inLanguage":"it-IT","@id":"https:\/\/secure.gravatar.com\/avatar\/ba6774c3cc06933a10f7e80f4184a636b9f8fe6f86714a5b2c583173eaf54646?s=96&d=mm&r=g","url":"https:\/\/secure.gravatar.com\/avatar\/ba6774c3cc06933a10f7e80f4184a636b9f8fe6f86714a5b2c583173eaf54646?s=96&d=mm&r=g","contentUrl":"https:\/\/secure.gravatar.com\/avatar\/ba6774c3cc06933a10f7e80f4184a636b9f8fe6f86714a5b2c583173eaf54646?s=96&d=mm&r=g","caption":"Redazione OCEAN4FUTURE"},"description":"\u00e8 composta da oltre 60 collaboratori che lavorano in smart working, selezionati tra esperti di settore di diverse discipline. Hanno il compito di\u00a0 selezionare argomenti di particolare interesse, redigendo articoli basati su studi recenti. I contenuti degli stessi restano di responsabilit\u00e0 degli autori che sono ovviamente sempre citati. Eventuali quesiti possono essere inviati alla Redazione (infoocean4future@gmail.com) che, quando possibile, provveder\u00e0 ad inoltrarli agli Autori.","sameAs":["http:\/\/www.ocean4future.org"],"url":"https:\/\/www.ocean4future.org\/savetheocean\/archives\/author\/redazione-ocean4future"}]}},"_links":{"self":[{"href":"https:\/\/www.ocean4future.org\/savetheocean\/wp-json\/wp\/v2\/posts\/17262","targetHints":{"allow":["GET"]}}],"collection":[{"href":"https:\/\/www.ocean4future.org\/savetheocean\/wp-json\/wp\/v2\/posts"}],"about":[{"href":"https:\/\/www.ocean4future.org\/savetheocean\/wp-json\/wp\/v2\/types\/post"}],"author":[{"embeddable":true,"href":"https:\/\/www.ocean4future.org\/savetheocean\/wp-json\/wp\/v2\/users\/2398"}],"replies":[{"embeddable":true,"href":"https:\/\/www.ocean4future.org\/savetheocean\/wp-json\/wp\/v2\/comments?post=17262"}],"version-history":[{"count":1,"href":"https:\/\/www.ocean4future.org\/savetheocean\/wp-json\/wp\/v2\/posts\/17262\/revisions"}],"predecessor-version":[{"id":126871,"href":"https:\/\/www.ocean4future.org\/savetheocean\/wp-json\/wp\/v2\/posts\/17262\/revisions\/126871"}],"wp:featuredmedia":[{"embeddable":true,"href":"https:\/\/www.ocean4future.org\/savetheocean\/wp-json\/wp\/v2\/media\/67422"}],"wp:attachment":[{"href":"https:\/\/www.ocean4future.org\/savetheocean\/wp-json\/wp\/v2\/media?parent=17262"}],"wp:term":[{"taxonomy":"category","embeddable":true,"href":"https:\/\/www.ocean4future.org\/savetheocean\/wp-json\/wp\/v2\/categories?post=17262"},{"taxonomy":"post_tag","embeddable":true,"href":"https:\/\/www.ocean4future.org\/savetheocean\/wp-json\/wp\/v2\/tags?post=17262"}],"curies":[{"name":"wp","href":"https:\/\/api.w.org\/{rel}","templated":true}]}}