{"id":15789,"date":"2025-01-11T00:02:37","date_gmt":"2025-01-10T23:02:37","guid":{"rendered":"http:\/\/www.ocean4future.org\/?p=15789"},"modified":"2025-10-25T19:00:35","modified_gmt":"2025-10-25T17:00:35","slug":"il-caio-duilio-1876-la-piu-potente-nave-da-guerra-che-larte-navale-abbia-mai-espresso","status":"publish","type":"post","link":"https:\/\/www.ocean4future.org\/savetheocean\/archives\/15789","title":{"rendered":"Il Caio Duilio (1876) &#8220;&#8230; la pi\u00f9 potente nave da guerra che l&#8217;arte navale abbia mai espresso&#8230;&#8221;"},"content":{"rendered":"<span class=\"span-reading-time rt-reading-time\" style=\"display: block;\"><span class=\"rt-label rt-prefix\">tempo di lettura: <\/span> <span class=\"rt-time\"> 4<\/span> <span class=\"rt-label rt-postfix\">minuti<\/span><\/span><p><span style=\"color: #ffffff;\">.<\/span><br \/>\n<a class=\"maxbutton-4 maxbutton maxbutton-livello-di-comprensione\" href=\"javascript:void(0);\"><span class='mb-text'>livello elementare<\/span><\/a><br \/>\n<span style=\"color: #ffffff;\">.<\/span><br \/>\n<strong><span style=\"color: #008000;\">ARGOMENTO: STORIA NAVALE<\/span><\/strong><br \/>\n<strong><span style=\"color: #008000;\">PERIODO: XIX SECOLO<\/span><\/strong><br \/>\n<strong><span style=\"color: #008000;\">AREA: MAR MEDITERRANEO<\/span><\/strong><br \/>\nparole chiave: Caio Duilio<\/p>\n<p style=\"text-align: justify;\">La <strong><span style=\"color: #008000;\">nave da battaglia Caio Duilio<\/span><\/strong>, varata nel 1876 a Castellammare di Stabia e completata nel 1880, al suo apparire provoc\u00f2 forti reazioni nelle potenze navali europee e negli Stati Uniti. Voluta fortemente dal Ministro della Marina, <strong><span style=\"color: #008000;\">ammiraglio Saint-Bon<\/span><\/strong>, e progettata da <strong><span style=\"color: #008000;\">Benedetto Bri<\/span><span style=\"color: #008000;\">n<\/span><\/strong>, era in quel momen<span class=\"text_exposed_show\">to, con la pari classe Enrico Dandolo (costruita nell&#8217;Arsenale della Spezia e varata nel 1878), la pi\u00f9 potente nave da guerra del Mondo.<\/span><\/p>\n<p style=\"text-align: justify;\"><a href=\"https:\/\/www.ocean4future.org\/savetheocean\/wp-content\/uploads\/2017\/09\/Cantiere-di-Castellammae-di-Stabia-1876-stampa-per-il-varo-della-regia-nave-Caio-Duilio-www.lavocedelmarinaio.com_.jpg\"><img decoding=\"async\" class=\"wp-image-15793 alignleft\" src=\"https:\/\/www.ocean4future.org\/savetheocean\/wp-content\/uploads\/2017\/09\/Cantiere-di-Castellammae-di-Stabia-1876-stampa-per-il-varo-della-regia-nave-Caio-Duilio-www.lavocedelmarinaio.com_.jpg\" alt=\"Cantiere-di-Castellammae-di-Stabia-1876-stampa-per-il-varo-della-regia-nave-Caio-Duilio-www.lavocedelmarinaio.com_\" width=\"659\" height=\"785\" srcset=\"https:\/\/www.ocean4future.org\/savetheocean\/wp-content\/uploads\/2017\/09\/Cantiere-di-Castellammae-di-Stabia-1876-stampa-per-il-varo-della-regia-nave-Caio-Duilio-www.lavocedelmarinaio.com_.jpg 482w, https:\/\/www.ocean4future.org\/savetheocean\/wp-content\/uploads\/2017\/09\/Cantiere-di-Castellammae-di-Stabia-1876-stampa-per-il-varo-della-regia-nave-Caio-Duilio-www.lavocedelmarinaio.com_-252x300.jpg 252w\" sizes=\"(max-width: 659px) 100vw, 659px\" \/><\/a><\/p>\n<p style=\"text-align: justify;\">La Marina francese valut\u00f2 che le due unit\u00e0 da sole erano in grado di tenere testa a tutta la squadra da battaglia del Mediterraneo. Per il governo statunitense il Duilio era l&#8217;esempio della strada che il programma di sviluppo della US Navy doveva seguire. La Gran Bretagna aveva gi\u00e0 risposto a livello progettuale con la <strong><span style=\"color: #008000;\">HMS Inflexible<\/span> <\/strong>(molto simile al Duilio anche se meno innovativa), varata in quello stesso 1876.\u00a0A causa del mutamento estremamente accelerato, che caratterizz\u00f2 la tecnologia bellica negli ultimi decenni dell&#8217;Ottocento e nei primi anni del Novecento, le due unit\u00e0 navali divennero rapidamente obsolete, ma ci\u00f2 nulla toglie al loro valore storico (ed al prestigioso valore di &#8220;manifesto&#8221; che, a livello internazionale, esse rappresentarono per la giovane Regia Marina &#8211; ancora scossa dalla sconfitta di Lissa &#8211; e per la moderna cantieristica navale italiane).<\/p>\n<p><img decoding=\"async\" src=\"https:\/\/www.ocean4future.org\/savetheocean\/wp-content\/uploads\/2017\/09\/caio-duilio-3.jpg\" alt=\"caio duilio 3\" \/><\/p>\n<p style=\"text-align: justify;\">Lo scafo, costruito in ferro, annoverava, in prossimit\u00e0 del dritto di prora uno sperone, interamente sommerso, di oltre 4 metri. Le due corazzate risultavano molto basse sull&#8217;acqua (circa 3 metri sopra la linea di galleggiamento) e disponevano di un ponte di comando allocato alla base dell\u2019albero maestro, utilizzato per compiti di segnalazione ed osservazione, posto tra i due fumaioli.<\/p>\n<p><a href=\"https:\/\/www.ocean4future.org\/savetheocean\/wp-content\/uploads\/2017\/09\/caio-duilio-2.jpg\"><img decoding=\"async\" class=\"wp-image-15797\" src=\"https:\/\/www.ocean4future.org\/savetheocean\/wp-content\/uploads\/2017\/09\/caio-duilio-2.jpg\" alt=\"caio duilio 2\" width=\"842\" height=\"263\" srcset=\"https:\/\/www.ocean4future.org\/savetheocean\/wp-content\/uploads\/2017\/09\/caio-duilio-2.jpg 1598w, https:\/\/www.ocean4future.org\/savetheocean\/wp-content\/uploads\/2017\/09\/caio-duilio-2-300x94.jpg 300w, https:\/\/www.ocean4future.org\/savetheocean\/wp-content\/uploads\/2017\/09\/caio-duilio-2-1024x320.jpg 1024w\" sizes=\"(max-width: 842px) 100vw, 842px\" \/><\/a><\/p>\n<p align=\"justify\"><strong><span style=\"color: #008000;\">un disegno di Augusto Nani dove si comprendono le dimensioni del &#8220;bacino<\/span><\/strong><\/p>\n<p style=\"text-align: justify;\"><span class=\"text_exposed_show\">A poppa si trovavano ubicate le sovrastrutture destinate agli ufficiali, mentre l&#8217;equipaggio veniva alloggiato sotto coperta. Nella estrema poppa della Caio Duilio venne ricavato un compartimento, cui si accedeva a mezzo di una porta stagna azionata a pressione idraulica, per l\u2019alloggiamento di una piccola torpediniera in cui trov\u00f2 asilo per breve tempo, nel corso del 1885, la torpediniera Clio imbarcata insieme alle siluranti Locusta e Cicala che, diversamente, trovarono sistemazione sul ponte di coperta. <\/span><\/p>\n<p><a href=\"https:\/\/www.ocean4future.org\/savetheocean\/wp-content\/uploads\/2017\/09\/torpediniera-Clio-1876.jpg\"><img decoding=\"async\" class=\"wp-image-15799 size-full\" src=\"https:\/\/www.ocean4future.org\/savetheocean\/wp-content\/uploads\/2017\/09\/torpediniera-Clio-1876.jpg\" alt=\"torpediniera Clio 1876\" width=\"1027\" height=\"680\" srcset=\"https:\/\/www.ocean4future.org\/savetheocean\/wp-content\/uploads\/2017\/09\/torpediniera-Clio-1876.jpg 1027w, https:\/\/www.ocean4future.org\/savetheocean\/wp-content\/uploads\/2017\/09\/torpediniera-Clio-1876-300x199.jpg 300w, https:\/\/www.ocean4future.org\/savetheocean\/wp-content\/uploads\/2017\/09\/torpediniera-Clio-1876-1024x678.jpg 1024w\" sizes=\"(max-width: 1027px) 100vw, 1027px\" \/><\/a><\/p>\n<p align=\"justify\"><strong><span style=\"color: #008000;\">modello che mostra come era &#8220;alloggiata&#8221; la torpediniera Clio<\/span><\/strong><\/p>\n<p style=\"text-align: justify;\"><span class=\"text_exposed_show\"><span style=\"font-size: 18pt;\"><strong><span style=\"color: #008000;\">Impiego<\/span><\/strong><\/span><br \/>\nLa nave non fu mai impiegata in operazioni belliche ma svolse diverse crociere ed esercitazioni nel Mediterraneo sia centrale che orientale. In particolare, nel marzo del 1889 venne inviata in missione speciale nelle acque di Bengasi con compiti di supporto alle autorit\u00e0 consolari italiane e ci\u00f2 al fine di ristabilire il prestigio dovuto alla nostra bandiera. Nell&#8217;ottobre del 1890, mentre si trovava impegnata in esercitazioni con la Squadra Navale, venne chiamata in soccorso della <strong><span style=\"color: #008000;\">corazzata Ruggiero di Lauria<\/span><\/strong> colpita violentemente da un ciclone che caus\u00f2 nell&#8217;occasione la perdita della torpediniera 105 S.<\/span><\/p>\n<p style=\"text-align: justify;\"><span class=\"text_exposed_show\">Dal 1900 al 1906 fu impiegata come nave scuola timonieri e mozzi e come unit\u00e0 per la difesa locale di basi navali. Dopo essere stata posta in disarmo nel corso del 1906, con <strong><span style=\"color: #008000;\">Regio Decreto del 27.06.1909<\/span><\/strong>, la Caio Duilio venne quindi radiata dal quadro del naviglio per essere successivamente iscritta, con <strong><span style=\"color: #008000;\">Decreto Ministeriale del 15.07.1909<\/span><\/strong>, nel ruolo dei galleggianti venendo il suo scafo utilizzato per diversi anni come deposito combustibile.<\/span><\/p>\n<p style=\"text-align: justify;\"><span class=\"text_exposed_show\"><a href=\"https:\/\/www.ocean4future.org\/savetheocean\/wp-content\/uploads\/2017\/09\/caio-duilio.jpg\"><img decoding=\"async\" class=\"alignnone wp-image-15798\" src=\"https:\/\/www.ocean4future.org\/savetheocean\/wp-content\/uploads\/2017\/09\/caio-duilio.jpg\" alt=\"caio duilio\" width=\"839\" height=\"568\" srcset=\"https:\/\/www.ocean4future.org\/savetheocean\/wp-content\/uploads\/2017\/09\/caio-duilio.jpg 2048w, https:\/\/www.ocean4future.org\/savetheocean\/wp-content\/uploads\/2017\/09\/caio-duilio-300x203.jpg 300w, https:\/\/www.ocean4future.org\/savetheocean\/wp-content\/uploads\/2017\/09\/caio-duilio-1024x693.jpg 1024w\" sizes=\"(max-width: 839px) 100vw, 839px\" \/><\/a><\/span><\/p>\n<p><span style=\"font-size: 18pt;\"><strong><span style=\"color: #008000;\">Scheda tecnica<\/span><\/strong><\/span><\/p>\n<table>\n<tbody>\n<tr>\n<td>Cantiere: Castellammare di Stabia<br \/>\nImpostazione: 24.04.1873<br \/>\nVaro: 8.05.1876<br \/>\nCompletamento: 6.01.1880<br \/>\nRadiazione: 27.06.1909<\/td>\n<td>Equipaggio: 420 (26 Ufficiali &#8211; 394 marinai)<br \/>\nDislocamento<br \/>\nNormale: 11.138 t<br \/>\nPieno carico: 12.265 t<\/td>\n<\/tr>\n<tr>\n<td><strong><span style=\"color: #008000;\">Dimensioni:<\/span><\/strong><br \/>\nLunghezza: 109,2 ( f.t.) &#8211; 103,5 ( pp.) m<br \/>\nLarghezza: 19,7 m<br \/>\nImmersione: 8,8 m<br \/>\n<span style=\"color: #008000;\">Apparato motore:<\/span><br \/>\n8 caldaie ovali<br \/>\n2 motrici orizzontali a doppia espansione<\/td>\n<td>2 eliche<br \/>\nPotenza: 7.710 HP<br \/>\nVelocit\u00e0: 15 nodi<br \/>\nCombustibile: 1.000 tonnellate di carbone<br \/>\nAutonomia: 2875 miglia a 13 nodi<\/td>\n<\/tr>\n<tr>\n<td><strong><span style=\"color: #008000;\">Protezione:<\/span><\/strong><br \/>\nVerticale (galleggiamento): max. 550 mm<br \/>\nOrizzontale: max. 50 mm + 30 mm<br \/>\nArtiglierie: torri g.c. max. 250 mm; barbette g.c. max. 450 mm<br \/>\nRidotto: max. 400 mm<br \/>\nTorrione: max. 350 mm<\/td>\n<td><strong><span style=\"color: #008000;\">Armamento:<\/span><\/strong><br \/>\n4 pezzi da 450\/20 mm.<br \/>\n3 pezzi da 120 mm<br \/>\n2 pezzi da 75 mm.<br \/>\n8 pezzi da 57 mm.<br \/>\n22 pezzi da 37 mm.<br \/>\n3 tubi lanciasiluri<\/td>\n<\/tr>\n<\/tbody>\n<\/table>\n<p style=\"text-align: justify;\"><strong><span style=\"color: #008000;\">Emiliano Beri<\/span><\/strong><\/p>\n<p><span class=\"text_exposed_show\"><span style=\"font-size: 18pt;\"><strong><span style=\"color: #008000;\">Fonti:<\/span><\/strong><\/span><br \/>\n<a href=\"http:\/\/www.marina.difesa.it\/storiacultura\/storia\/almanacco\/Pagine\/ABCD\/caio_duilio.aspx\" target=\"_blank\" rel=\"noopener nofollow noreferrer\" data-lynx-mode=\"async\" data-lynx-uri=\"https:\/\/l.facebook.com\/l.php?u=http%3A%2F%2Fwww.marina.difesa.it%2Fstoriacultura%2Fstoria%2Falmanacco%2FPagine%2FABCD%2Fcaio_duilio.aspx&amp;h=ATNNcdRFXi1B1yiZ5yJjpG3iinycDrvOkPqC1I9siHZKD1G3nebQe3TDA9LR_hrFhxlXX0YONlVGtar2hK7tCp0Mr9SjcfyGMpgKbKZx0NsAID1wK4JRZSYmRHuTaWfrELuIJO-uGOPPTIrx8gwcWXBDSrxCWRo_eXaeJ6XK-DE7VEZd6I7veyE021y8-SRwKW4Hu4A5ahkL2vAcFQVk-h2leERUb9w6ChykOvympBuTkOVuzw\">http:\/\/<wbr \/>www.marina.difesa.it\/<wbr \/>storiacultura\/storia\/<wbr \/>almanacco\/Pagine\/ABCD\/<wbr \/>caio_duilio.aspx<\/a><br \/>\n<a href=\"http:\/\/files.balancer.ru\/forums\/attaches\/2013\/05\/03-3137088-duilio-1880-1-2-.jpg\" target=\"_blank\" rel=\"noopener nofollow noreferrer\" data-lynx-mode=\"async\" data-lynx-uri=\"https:\/\/l.facebook.com\/l.php?u=http%3A%2F%2Ffiles.balancer.ru%2Fforums%2Fattaches%2F2013%2F05%2F03-3137088-duilio-1880-1-2-.jpg&amp;h=ATOCEESHSsPpqFG2SO8-OZ6AXQypw3K74QZSMqsKqUefrLMxPeRNvVIxxgsynmjVzd_h1af3azyiD3nVHnJzT_9xlU4gmrUQN-CPRtGWF5hzJuV7x8vSm_myseIcSbH-4oZm99d5NFMHZFof55vLro1ePWhCaau3eKU-ujtIWO1FVukXogs5TLxADiEx3WYfL2PiiFPX7_MM-mnj8eEVdsJmkbtE9TxmGdD6GBpWR3Z_4GGBIw\">http:\/\/files.balancer.ru\/<wbr \/>forums\/attaches\/2013\/05\/<wbr \/>03-3137088-duilio-1880-1-2-<wbr \/>.jpg<\/a><\/span><\/p>\n<p><span style=\"color: #ffffff;\">.<\/span><\/p>\n<p style=\"text-align: justify;\">Alcune delle immagini possono essere state prese dal web, citandone ove possibile gli autori e\/o le fonti. Se qualcuno desiderasse specificarne l\u2019autore o rimuoverle, pu\u00f2 scrivere a infoocean4future@gmail.com e provvederemo immediatamente alla correzione dell\u2019articolo<br \/>\n<span style=\"color: #ffffff;\">,<\/span><\/p>\n<p style=\"text-align: justify;\"><a class=\"maxbutton-3 maxbutton maxbutton-pagina-principale\" target=\"_blank\" title=\"tooltip\" rel=\"nofollow noopener\" href=\"http:\/\/www.ocean4future.org\"><span class='mb-text'>PAGINA PRINCIPALE<\/span><\/a><br \/>\n<span style=\"color: #ffffff;\">.<\/span><\/p>\n","protected":false},"excerpt":{"rendered":"<p><span class=\"span-reading-time rt-reading-time\" style=\"display: block;\"><span class=\"rt-label rt-prefix\">tempo di lettura: <\/span> <span class=\"rt-time\"> 4<\/span> <span class=\"rt-label rt-postfix\">minuti<\/span><\/span>. . ARGOMENTO: STORIA NAVALE PERIODO: XIX SECOLO AREA: MAR MEDITERRANEO parole chiave: Caio Duilio La nave da battaglia Caio Duilio, varata nel 1876 a Castellammare di Stabia e completata nel 1880, al suo apparire provoc\u00f2 forti reazioni nelle potenze navali europee e negli Stati Uniti. Voluta fortemente dal Ministro della Marina, ammiraglio Saint-Bon, e [&hellip;]<\/p>\n","protected":false},"author":2351,"featured_media":52447,"comment_status":"open","ping_status":"open","sticky":false,"template":"","format":"standard","meta":{"_acf_changed":false,"_monsterinsights_skip_tracking":false,"_monsterinsights_sitenote_active":false,"_monsterinsights_sitenote_note":"","_monsterinsights_sitenote_category":0,"footnotes":""},"categories":[2318],"tags":[1751,1752],"class_list":["post-15789","post","type-post","status-publish","format-standard","has-post-thumbnail","hentry","category-eta-moderna","tag-corazzate","tag-ironclad"],"acf":[],"yoast_head":"<!-- This site is optimized with the Yoast SEO plugin v27.4 - https:\/\/yoast.com\/product\/yoast-seo-wordpress\/ -->\n<title>Il Caio Duilio (1876) &quot;... la pi\u00f9 potente nave da guerra che l&#039;arte navale abbia mai espresso...&quot; &#8226; OCEAN4FUTURE autore<\/title>\n<meta name=\"robots\" content=\"index, follow, max-snippet:-1, max-image-preview:large, max-video-preview:-1\" \/>\n<link rel=\"canonical\" href=\"https:\/\/www.ocean4future.org\/savetheocean\/archives\/15789\" \/>\n<meta property=\"og:locale\" content=\"it_IT\" \/>\n<meta property=\"og:type\" content=\"article\" \/>\n<meta property=\"og:title\" content=\"Il Caio Duilio (1876) &quot;... la pi\u00f9 potente nave da guerra che l&#039;arte navale abbia mai espresso...&quot; &#8226; OCEAN4FUTURE autore\" \/>\n<meta property=\"og:description\" content=\"La nave da battaglia Caio Duilio, varata nel 1876 a Castellammare di Stabia e completata nel 1880, al suo apparire provoc\u00f2 forti reazioni nelle potenze navali europee e negli Stati Uniti. Voluta fortemente dal Ministro della Marina, ammiraglio Saint-Bon, e progettata da Benedetto Brin, era in quel momento, con la pari classe Enrico Dandolo (costruita\u2026\" \/>\n<meta property=\"og:url\" content=\"https:\/\/www.ocean4future.org\/savetheocean\/archives\/15789\" \/>\n<meta property=\"og:site_name\" content=\"OCEAN4FUTURE\" \/>\n<meta property=\"article:published_time\" content=\"2025-01-10T23:02:37+00:00\" \/>\n<meta property=\"article:modified_time\" content=\"2025-10-25T17:00:35+00:00\" \/>\n<meta property=\"og:image\" content=\"https:\/\/www.ocean4future.org\/savetheocean\/wp-content\/uploads\/2017\/10\/Duilio_1880_002.jpg\" \/>\n\t<meta property=\"og:image:width\" content=\"705\" \/>\n\t<meta property=\"og:image:height\" content=\"546\" \/>\n\t<meta property=\"og:image:type\" content=\"image\/jpeg\" \/>\n<meta name=\"author\" content=\"Emiliano Beri\" \/>\n<meta name=\"twitter:card\" content=\"summary_large_image\" \/>\n<meta name=\"twitter:creator\" content=\"@ocean4future\" \/>\n<meta name=\"twitter:site\" content=\"@ocean4future\" \/>\n<meta name=\"twitter:label1\" content=\"Scritto da\" \/>\n\t<meta name=\"twitter:data1\" content=\"Emiliano Beri\" \/>\n\t<meta name=\"twitter:label2\" content=\"Tempo di lettura stimato\" \/>\n\t<meta name=\"twitter:data2\" content=\"6 minuti\" \/>\n<script type=\"application\/ld+json\" class=\"yoast-schema-graph\">{\"@context\":\"https:\\\/\\\/schema.org\",\"@graph\":[{\"@type\":\"Article\",\"@id\":\"https:\\\/\\\/www.ocean4future.org\\\/savetheocean\\\/archives\\\/15789#article\",\"isPartOf\":{\"@id\":\"https:\\\/\\\/www.ocean4future.org\\\/savetheocean\\\/archives\\\/15789\"},\"author\":{\"name\":\"Emiliano Beri\",\"@id\":\"https:\\\/\\\/www.ocean4future.org\\\/savetheocean\\\/#\\\/schema\\\/person\\\/781583c5da04e27397a84aa8179c39b4\"},\"headline\":\"Il Caio Duilio (1876) &#8220;&#8230; la pi\u00f9 potente nave da guerra che l&#8217;arte navale abbia mai espresso&#8230;&#8221;\",\"datePublished\":\"2025-01-10T23:02:37+00:00\",\"dateModified\":\"2025-10-25T17:00:35+00:00\",\"mainEntityOfPage\":{\"@id\":\"https:\\\/\\\/www.ocean4future.org\\\/savetheocean\\\/archives\\\/15789\"},\"wordCount\":734,\"commentCount\":2,\"publisher\":{\"@id\":\"https:\\\/\\\/www.ocean4future.org\\\/savetheocean\\\/#\\\/schema\\\/person\\\/4e1c26437054353074d7bb2efa77162c\"},\"image\":{\"@id\":\"https:\\\/\\\/www.ocean4future.org\\\/savetheocean\\\/archives\\\/15789#primaryimage\"},\"thumbnailUrl\":\"https:\\\/\\\/www.ocean4future.org\\\/savetheocean\\\/wp-content\\\/uploads\\\/2017\\\/10\\\/Duilio_1880_002.jpg\",\"keywords\":[\"corazzate\",\"ironclad\"],\"articleSection\":[\"Storia navale dell'et\u00e0 moderna (post 1492 - oggi)\"],\"inLanguage\":\"it-IT\",\"potentialAction\":[{\"@type\":\"CommentAction\",\"name\":\"Comment\",\"target\":[\"https:\\\/\\\/www.ocean4future.org\\\/savetheocean\\\/archives\\\/15789#respond\"]}]},{\"@type\":\"WebPage\",\"@id\":\"https:\\\/\\\/www.ocean4future.org\\\/savetheocean\\\/archives\\\/15789\",\"url\":\"https:\\\/\\\/www.ocean4future.org\\\/savetheocean\\\/archives\\\/15789\",\"name\":\"Il Caio Duilio (1876) \\\"... la pi\u00f9 potente nave da guerra che l'arte navale abbia mai espresso...\\\" &#8226; OCEAN4FUTURE autore\",\"isPartOf\":{\"@id\":\"https:\\\/\\\/www.ocean4future.org\\\/savetheocean\\\/#website\"},\"primaryImageOfPage\":{\"@id\":\"https:\\\/\\\/www.ocean4future.org\\\/savetheocean\\\/archives\\\/15789#primaryimage\"},\"image\":{\"@id\":\"https:\\\/\\\/www.ocean4future.org\\\/savetheocean\\\/archives\\\/15789#primaryimage\"},\"thumbnailUrl\":\"https:\\\/\\\/www.ocean4future.org\\\/savetheocean\\\/wp-content\\\/uploads\\\/2017\\\/10\\\/Duilio_1880_002.jpg\",\"datePublished\":\"2025-01-10T23:02:37+00:00\",\"dateModified\":\"2025-10-25T17:00:35+00:00\",\"breadcrumb\":{\"@id\":\"https:\\\/\\\/www.ocean4future.org\\\/savetheocean\\\/archives\\\/15789#breadcrumb\"},\"inLanguage\":\"it-IT\",\"potentialAction\":[{\"@type\":\"ReadAction\",\"target\":[\"https:\\\/\\\/www.ocean4future.org\\\/savetheocean\\\/archives\\\/15789\"]}]},{\"@type\":\"ImageObject\",\"inLanguage\":\"it-IT\",\"@id\":\"https:\\\/\\\/www.ocean4future.org\\\/savetheocean\\\/archives\\\/15789#primaryimage\",\"url\":\"https:\\\/\\\/www.ocean4future.org\\\/savetheocean\\\/wp-content\\\/uploads\\\/2017\\\/10\\\/Duilio_1880_002.jpg\",\"contentUrl\":\"https:\\\/\\\/www.ocean4future.org\\\/savetheocean\\\/wp-content\\\/uploads\\\/2017\\\/10\\\/Duilio_1880_002.jpg\",\"width\":705,\"height\":546},{\"@type\":\"BreadcrumbList\",\"@id\":\"https:\\\/\\\/www.ocean4future.org\\\/savetheocean\\\/archives\\\/15789#breadcrumb\",\"itemListElement\":[{\"@type\":\"ListItem\",\"position\":1,\"name\":\"Home\",\"item\":\"https:\\\/\\\/www.ocean4future.org\\\/savetheocean\"},{\"@type\":\"ListItem\",\"position\":2,\"name\":\"Il Caio Duilio (1876) &#8220;&#8230; la pi\u00f9 potente nave da guerra che l&#8217;arte navale abbia mai espresso&#8230;&#8221;\"}]},{\"@type\":\"WebSite\",\"@id\":\"https:\\\/\\\/www.ocean4future.org\\\/savetheocean\\\/#website\",\"url\":\"https:\\\/\\\/www.ocean4future.org\\\/savetheocean\\\/\",\"name\":\"Ocean 4 Future\",\"description\":\"Per una nuova cultura del mare e della marittimit\u00e0\",\"publisher\":{\"@id\":\"https:\\\/\\\/www.ocean4future.org\\\/savetheocean\\\/#\\\/schema\\\/person\\\/4e1c26437054353074d7bb2efa77162c\"},\"potentialAction\":[{\"@type\":\"SearchAction\",\"target\":{\"@type\":\"EntryPoint\",\"urlTemplate\":\"https:\\\/\\\/www.ocean4future.org\\\/savetheocean\\\/?s={search_term_string}\"},\"query-input\":{\"@type\":\"PropertyValueSpecification\",\"valueRequired\":true,\"valueName\":\"search_term_string\"}}],\"inLanguage\":\"it-IT\"},{\"@type\":[\"Person\",\"Organization\"],\"@id\":\"https:\\\/\\\/www.ocean4future.org\\\/savetheocean\\\/#\\\/schema\\\/person\\\/4e1c26437054353074d7bb2efa77162c\",\"name\":\"oceandiver\",\"image\":{\"@type\":\"ImageObject\",\"inLanguage\":\"it-IT\",\"@id\":\"https:\\\/\\\/www.ocean4future.org\\\/savetheocean\\\/wp-content\\\/uploads\\\/2023\\\/04\\\/logo-ocean3.jpg\",\"url\":\"https:\\\/\\\/www.ocean4future.org\\\/savetheocean\\\/wp-content\\\/uploads\\\/2023\\\/04\\\/logo-ocean3.jpg\",\"contentUrl\":\"https:\\\/\\\/www.ocean4future.org\\\/savetheocean\\\/wp-content\\\/uploads\\\/2023\\\/04\\\/logo-ocean3.jpg\",\"width\":472,\"height\":301,\"caption\":\"oceandiver\"},\"logo\":{\"@id\":\"https:\\\/\\\/www.ocean4future.org\\\/savetheocean\\\/wp-content\\\/uploads\\\/2023\\\/04\\\/logo-ocean3.jpg\"}},{\"@type\":\"Person\",\"@id\":\"https:\\\/\\\/www.ocean4future.org\\\/savetheocean\\\/#\\\/schema\\\/person\\\/781583c5da04e27397a84aa8179c39b4\",\"name\":\"Emiliano Beri\",\"image\":{\"@type\":\"ImageObject\",\"inLanguage\":\"it-IT\",\"@id\":\"https:\\\/\\\/secure.gravatar.com\\\/avatar\\\/8fc6a18bf2f7c144695ff5e8c53788326be3a0392d4247dab507705e5001cbd6?s=96&d=mm&r=g\",\"url\":\"https:\\\/\\\/secure.gravatar.com\\\/avatar\\\/8fc6a18bf2f7c144695ff5e8c53788326be3a0392d4247dab507705e5001cbd6?s=96&d=mm&r=g\",\"contentUrl\":\"https:\\\/\\\/secure.gravatar.com\\\/avatar\\\/8fc6a18bf2f7c144695ff5e8c53788326be3a0392d4247dab507705e5001cbd6?s=96&d=mm&r=g\",\"caption\":\"Emiliano Beri\"},\"description\":\"Emiliano Beri si \u00e8 laureato con lode in Storia presso la Facolt\u00e0 di Lettere e Filosofia dell\u2019Universit\u00e0 di Genova. Nel 2011 ha conseguito il Dottorato di Ricerca in Storia, discutendo una tesi sulle guerre di Corsica del medio Settecento. Dal 2012 al 2016 \u00e8 stato assegnista di ricerca presso il Dipartimento di Antichit\u00e0, Filosofia, Storia e Geografia dell\u2019Universit\u00e0 di Genova. \u00a0Negli anni accademici 2016-17 e 2017-18 ha insegnato Storia sociale nel corso di Laurea triennale in Storia e Storia militare nel corso di Laurea magistrale in Scienze Storiche della Scuola di Scienze Umanistiche dell\u2019Universit\u00e0 di Genova. Per l\u2019anno accademico 2018-19 \u00e8 stato docente aggregato di Storia militare nel corso di Laurea magistrale in Scienze storiche della stessa Scuola. A partire dall\u2019anno accademico 2019-20 \u00e8 docente aggregato sia di Storia militare che di Storia sociale.\",\"url\":\"https:\\\/\\\/www.ocean4future.org\\\/savetheocean\\\/archives\\\/author\\\/emiliano-beri\"}]}<\/script>\n<!-- \/ Yoast SEO plugin. -->","yoast_head_json":{"title":"Il Caio Duilio (1876) \"... la pi\u00f9 potente nave da guerra che l'arte navale abbia mai espresso...\" &#8226; OCEAN4FUTURE autore","robots":{"index":"index","follow":"follow","max-snippet":"max-snippet:-1","max-image-preview":"max-image-preview:large","max-video-preview":"max-video-preview:-1"},"canonical":"https:\/\/www.ocean4future.org\/savetheocean\/archives\/15789","og_locale":"it_IT","og_type":"article","og_title":"Il Caio Duilio (1876) \"... la pi\u00f9 potente nave da guerra che l'arte navale abbia mai espresso...\" &#8226; OCEAN4FUTURE autore","og_description":"La nave da battaglia Caio Duilio, varata nel 1876 a Castellammare di Stabia e completata nel 1880, al suo apparire provoc\u00f2 forti reazioni nelle potenze navali europee e negli Stati Uniti. Voluta fortemente dal Ministro della Marina, ammiraglio Saint-Bon, e progettata da Benedetto Brin, era in quel momento, con la pari classe Enrico Dandolo (costruita\u2026","og_url":"https:\/\/www.ocean4future.org\/savetheocean\/archives\/15789","og_site_name":"OCEAN4FUTURE","article_published_time":"2025-01-10T23:02:37+00:00","article_modified_time":"2025-10-25T17:00:35+00:00","og_image":[{"width":705,"height":546,"url":"https:\/\/www.ocean4future.org\/savetheocean\/wp-content\/uploads\/2017\/10\/Duilio_1880_002.jpg","type":"image\/jpeg"}],"author":"Emiliano Beri","twitter_card":"summary_large_image","twitter_creator":"@ocean4future","twitter_site":"@ocean4future","twitter_misc":{"Scritto da":"Emiliano Beri","Tempo di lettura stimato":"6 minuti"},"schema":{"@context":"https:\/\/schema.org","@graph":[{"@type":"Article","@id":"https:\/\/www.ocean4future.org\/savetheocean\/archives\/15789#article","isPartOf":{"@id":"https:\/\/www.ocean4future.org\/savetheocean\/archives\/15789"},"author":{"name":"Emiliano Beri","@id":"https:\/\/www.ocean4future.org\/savetheocean\/#\/schema\/person\/781583c5da04e27397a84aa8179c39b4"},"headline":"Il Caio Duilio (1876) &#8220;&#8230; la pi\u00f9 potente nave da guerra che l&#8217;arte navale abbia mai espresso&#8230;&#8221;","datePublished":"2025-01-10T23:02:37+00:00","dateModified":"2025-10-25T17:00:35+00:00","mainEntityOfPage":{"@id":"https:\/\/www.ocean4future.org\/savetheocean\/archives\/15789"},"wordCount":734,"commentCount":2,"publisher":{"@id":"https:\/\/www.ocean4future.org\/savetheocean\/#\/schema\/person\/4e1c26437054353074d7bb2efa77162c"},"image":{"@id":"https:\/\/www.ocean4future.org\/savetheocean\/archives\/15789#primaryimage"},"thumbnailUrl":"https:\/\/www.ocean4future.org\/savetheocean\/wp-content\/uploads\/2017\/10\/Duilio_1880_002.jpg","keywords":["corazzate","ironclad"],"articleSection":["Storia navale dell'et\u00e0 moderna (post 1492 - oggi)"],"inLanguage":"it-IT","potentialAction":[{"@type":"CommentAction","name":"Comment","target":["https:\/\/www.ocean4future.org\/savetheocean\/archives\/15789#respond"]}]},{"@type":"WebPage","@id":"https:\/\/www.ocean4future.org\/savetheocean\/archives\/15789","url":"https:\/\/www.ocean4future.org\/savetheocean\/archives\/15789","name":"Il Caio Duilio (1876) \"... la pi\u00f9 potente nave da guerra che l'arte navale abbia mai espresso...\" &#8226; OCEAN4FUTURE autore","isPartOf":{"@id":"https:\/\/www.ocean4future.org\/savetheocean\/#website"},"primaryImageOfPage":{"@id":"https:\/\/www.ocean4future.org\/savetheocean\/archives\/15789#primaryimage"},"image":{"@id":"https:\/\/www.ocean4future.org\/savetheocean\/archives\/15789#primaryimage"},"thumbnailUrl":"https:\/\/www.ocean4future.org\/savetheocean\/wp-content\/uploads\/2017\/10\/Duilio_1880_002.jpg","datePublished":"2025-01-10T23:02:37+00:00","dateModified":"2025-10-25T17:00:35+00:00","breadcrumb":{"@id":"https:\/\/www.ocean4future.org\/savetheocean\/archives\/15789#breadcrumb"},"inLanguage":"it-IT","potentialAction":[{"@type":"ReadAction","target":["https:\/\/www.ocean4future.org\/savetheocean\/archives\/15789"]}]},{"@type":"ImageObject","inLanguage":"it-IT","@id":"https:\/\/www.ocean4future.org\/savetheocean\/archives\/15789#primaryimage","url":"https:\/\/www.ocean4future.org\/savetheocean\/wp-content\/uploads\/2017\/10\/Duilio_1880_002.jpg","contentUrl":"https:\/\/www.ocean4future.org\/savetheocean\/wp-content\/uploads\/2017\/10\/Duilio_1880_002.jpg","width":705,"height":546},{"@type":"BreadcrumbList","@id":"https:\/\/www.ocean4future.org\/savetheocean\/archives\/15789#breadcrumb","itemListElement":[{"@type":"ListItem","position":1,"name":"Home","item":"https:\/\/www.ocean4future.org\/savetheocean"},{"@type":"ListItem","position":2,"name":"Il Caio Duilio (1876) &#8220;&#8230; la pi\u00f9 potente nave da guerra che l&#8217;arte navale abbia mai espresso&#8230;&#8221;"}]},{"@type":"WebSite","@id":"https:\/\/www.ocean4future.org\/savetheocean\/#website","url":"https:\/\/www.ocean4future.org\/savetheocean\/","name":"Ocean 4 Future","description":"Per una nuova cultura del mare e della marittimit\u00e0","publisher":{"@id":"https:\/\/www.ocean4future.org\/savetheocean\/#\/schema\/person\/4e1c26437054353074d7bb2efa77162c"},"potentialAction":[{"@type":"SearchAction","target":{"@type":"EntryPoint","urlTemplate":"https:\/\/www.ocean4future.org\/savetheocean\/?s={search_term_string}"},"query-input":{"@type":"PropertyValueSpecification","valueRequired":true,"valueName":"search_term_string"}}],"inLanguage":"it-IT"},{"@type":["Person","Organization"],"@id":"https:\/\/www.ocean4future.org\/savetheocean\/#\/schema\/person\/4e1c26437054353074d7bb2efa77162c","name":"oceandiver","image":{"@type":"ImageObject","inLanguage":"it-IT","@id":"https:\/\/www.ocean4future.org\/savetheocean\/wp-content\/uploads\/2023\/04\/logo-ocean3.jpg","url":"https:\/\/www.ocean4future.org\/savetheocean\/wp-content\/uploads\/2023\/04\/logo-ocean3.jpg","contentUrl":"https:\/\/www.ocean4future.org\/savetheocean\/wp-content\/uploads\/2023\/04\/logo-ocean3.jpg","width":472,"height":301,"caption":"oceandiver"},"logo":{"@id":"https:\/\/www.ocean4future.org\/savetheocean\/wp-content\/uploads\/2023\/04\/logo-ocean3.jpg"}},{"@type":"Person","@id":"https:\/\/www.ocean4future.org\/savetheocean\/#\/schema\/person\/781583c5da04e27397a84aa8179c39b4","name":"Emiliano Beri","image":{"@type":"ImageObject","inLanguage":"it-IT","@id":"https:\/\/secure.gravatar.com\/avatar\/8fc6a18bf2f7c144695ff5e8c53788326be3a0392d4247dab507705e5001cbd6?s=96&d=mm&r=g","url":"https:\/\/secure.gravatar.com\/avatar\/8fc6a18bf2f7c144695ff5e8c53788326be3a0392d4247dab507705e5001cbd6?s=96&d=mm&r=g","contentUrl":"https:\/\/secure.gravatar.com\/avatar\/8fc6a18bf2f7c144695ff5e8c53788326be3a0392d4247dab507705e5001cbd6?s=96&d=mm&r=g","caption":"Emiliano Beri"},"description":"Emiliano Beri si \u00e8 laureato con lode in Storia presso la Facolt\u00e0 di Lettere e Filosofia dell\u2019Universit\u00e0 di Genova. Nel 2011 ha conseguito il Dottorato di Ricerca in Storia, discutendo una tesi sulle guerre di Corsica del medio Settecento. Dal 2012 al 2016 \u00e8 stato assegnista di ricerca presso il Dipartimento di Antichit\u00e0, Filosofia, Storia e Geografia dell\u2019Universit\u00e0 di Genova. \u00a0Negli anni accademici 2016-17 e 2017-18 ha insegnato Storia sociale nel corso di Laurea triennale in Storia e Storia militare nel corso di Laurea magistrale in Scienze Storiche della Scuola di Scienze Umanistiche dell\u2019Universit\u00e0 di Genova. Per l\u2019anno accademico 2018-19 \u00e8 stato docente aggregato di Storia militare nel corso di Laurea magistrale in Scienze storiche della stessa Scuola. A partire dall\u2019anno accademico 2019-20 \u00e8 docente aggregato sia di Storia militare che di Storia sociale.","url":"https:\/\/www.ocean4future.org\/savetheocean\/archives\/author\/emiliano-beri"}]}},"_links":{"self":[{"href":"https:\/\/www.ocean4future.org\/savetheocean\/wp-json\/wp\/v2\/posts\/15789","targetHints":{"allow":["GET"]}}],"collection":[{"href":"https:\/\/www.ocean4future.org\/savetheocean\/wp-json\/wp\/v2\/posts"}],"about":[{"href":"https:\/\/www.ocean4future.org\/savetheocean\/wp-json\/wp\/v2\/types\/post"}],"author":[{"embeddable":true,"href":"https:\/\/www.ocean4future.org\/savetheocean\/wp-json\/wp\/v2\/users\/2351"}],"replies":[{"embeddable":true,"href":"https:\/\/www.ocean4future.org\/savetheocean\/wp-json\/wp\/v2\/comments?post=15789"}],"version-history":[{"count":0,"href":"https:\/\/www.ocean4future.org\/savetheocean\/wp-json\/wp\/v2\/posts\/15789\/revisions"}],"wp:featuredmedia":[{"embeddable":true,"href":"https:\/\/www.ocean4future.org\/savetheocean\/wp-json\/wp\/v2\/media\/52447"}],"wp:attachment":[{"href":"https:\/\/www.ocean4future.org\/savetheocean\/wp-json\/wp\/v2\/media?parent=15789"}],"wp:term":[{"taxonomy":"category","embeddable":true,"href":"https:\/\/www.ocean4future.org\/savetheocean\/wp-json\/wp\/v2\/categories?post=15789"},{"taxonomy":"post_tag","embeddable":true,"href":"https:\/\/www.ocean4future.org\/savetheocean\/wp-json\/wp\/v2\/tags?post=15789"}],"curies":[{"name":"wp","href":"https:\/\/api.w.org\/{rel}","templated":true}]}}