{"id":133578,"date":"2026-09-04T00:02:00","date_gmt":"2026-09-03T22:02:00","guid":{"rendered":"https:\/\/www.ocean4future.org\/savetheocean\/?p=133578"},"modified":"2026-09-04T06:50:10","modified_gmt":"2026-09-04T04:50:10","slug":"reportage-taranto-e-i-xx-giochi-del-mediterraneo-di-francesco-scarpetta","status":"publish","type":"post","link":"https:\/\/www.ocean4future.org\/savetheocean\/archives\/133578","title":{"rendered":"Reportage: Taranto e i XX Giochi del Mediterraneo di Francesco Scarpetta"},"content":{"rendered":"<span class=\"span-reading-time rt-reading-time\" style=\"display: block;\"><span class=\"rt-label rt-prefix\">tempo di lettura: <\/span> <span class=\"rt-time\"> 8<\/span> <span class=\"rt-label rt-postfix\">minuti<\/span><\/span><p><span style=\"color: #ffffff;\">.<\/span><\/p>\n<a class=\"maxbutton-4 maxbutton maxbutton-livello-di-comprensione\" href=\"javascript:void(0);\"><span class='mb-text'>livello elementare<\/span><\/a>\n<p><span style=\"color: white;\">.<\/span><\/p>\n<p><strong><span style=\"color: green;\">ARGOMENTO: REPORTAGE<\/span><\/strong><br \/>\n<strong><span style=\"color: green;\">PERIODO: XXI SECOLO<\/span><\/strong><br \/>\n<strong><span style=\"color: green;\">AREA: TARANTO<\/span><\/strong><br \/>\nparole chiave: Giochi del Mediterraneo<\/p>\n<p style=\"text-align: justify;\">Dal 21 agosto al 3 settembre 2026 si sono svolti a Taranto i Giochi del Mediterraneo, giunti oramai alla loro ventesima edizione. La loro apertura avviene nel rinato Stadio Erasmo Iacovone la sera del 21 agosto con la Cerimonia inaugurale dei Giochi, alla Presenza del <strong><span style=\"color: #008000;\">Capo dello Stato, Sergio Mattarella, del Presidente del Senato, Ignazio La Russa e della Presidente del Consiglio, Giorgia Meloni<\/span><\/strong>, <strong><span style=\"color: #008000;\">nonch\u00e9 di sei Capi di Stato stranieri<\/span><\/strong>.\u00a0La mottolese <span style=\"color: #008000;\"><strong>Antonella Palmisano<\/strong><\/span>, campionessa olimpica a Tokio della 20 km di marcia consegna il Tricolore a due Corazzieri della Guardia d\u2019onore del Presidente dando cos\u00ec inizio alla Cerimonia con l\u2019alzabandiera e l\u2019esecuzione dell\u2019Inno nazionale, cantato da un applauditissimo <strong><span style=\"color: #008000;\">Simone Grande<\/span><\/strong>, vincitore di The Voice Kids nel 2023.<\/p>\n<p style=\"text-align: justify;\"><img loading=\"lazy\" decoding=\"async\" class=\" wp-image-133811 alignleft\" src=\"https:\/\/www.ocean4future.org\/savetheocean\/wp-content\/uploads\/2026\/09\/taranto-io-1-e1788366393105.jpg\" alt=\"\" width=\"519\" height=\"364\" \/>Figuranti, show con i droni, coreografie rievocanti la Magna Grecia hanno poi sicuramente stupito tutti i 20.000 spettatori presenti, ma quello che ha lasciato ognuno di noi a bocca aperta \u00e8 stato il \u201crisveglio\u201d dell\u2019<strong><span style=\"color: #008000;\"><a style=\"color: #008000;\" href=\"https:\/\/www.ocean4future.org\/savetheocean\/archives\/133592\">Atleta di Taranto<\/a><\/span><\/strong>, il primo grande atleta della storia di cui si abbia memoria, che riposa nel nostro <strong><span style=\"color: #008000;\">Museo Archeologico Nazionale (il Mar.Ta)<\/span><\/strong>. Un gonfiabile color marmo si \u00e8 infatti lentamente sollevato dal terreno, prendendo la forma del busto di un gigantesco giovane atleta muscoloso che ha cos\u00ec accolto tutte le ventisei rappresentative entrate una alla volta in campo e applaudite con entusiasmo da tutto il pubblico. Applauditissima, ovviamente, la squadra di casa, con i portabandiera <span style=\"color: #008000;\"><strong>Filippo Tortu<\/strong><\/span>, medaglia d\u2019oro alla staffetta 4&#215;100 a Tokio e la campionessa di pugilato <span style=\"color: #008000;\"><strong>Irma Testa<\/strong><\/span>. Trascinanti l\u2019esecuzione musicale della tarantina <strong><span style=\"color: #008000;\">Mietta<\/span><\/strong>, che ha interpretato l\u2019inno ufficiale dell\u2019edizione \u201c<strong><span style=\"color: #008000;\">Sott\u2019u Sole<\/span><\/strong>\u201d e quella di <strong><span style=\"color: #008000;\">Serena Brancale<\/span><\/strong> (foto a sinistra), che ha riproposto molti dei suoi brani di successo. Presente, con un\u2019interpretazione in playback, anche il cantante pugliese <strong><span style=\"color: #008000;\">Al Bano<\/span><\/strong>.<\/p>\n<p style=\"text-align: justify;\">La serata prosegue con i discorsi del commissario <span style=\"color: #008000;\"><strong>Massimo Ferrarese<\/strong><\/span> e del Presidente del Comitato internazionale dei Giochi, <span style=\"color: #008000;\"><strong>Meherez Boussavene<\/strong><\/span> che ringraziano le autorit\u00e0 e tutti i volontari che hanno consentito la realizzazione di un evento in cui hanno creduto anche quando sembrava impossibile.\u00a0Archiviata con successo la serata inaugurale dei Giochi, resta ora la speranza che la loro eredit\u00e0 ed il clima di entusiasmo che hanno risvegliato in una citt\u00e0 cos\u00ec provata da eventi negativi, durino ben oltre i giochi stessi. Se molto indovinato \u00e8 stato infatti il logo dei Giochi che nella sua stilizzazione ricorda sia il numero romano XX sia il <strong><span style=\"color: #008000;\">Monumento al Marinaio dello scultore Vittorio Di Cobertaldo<\/span><\/strong>, che dal 1974 rappresenta uno dei simboli della citt\u00e0, veramente evocativo, secondo me, \u00e8 stato il risveglio dell\u2019Atleta di Taranto, quasi come se con lui si risvegliasse l\u2019intera cittadinanza.<\/p>\n<table style=\"border-collapse: collapse; width: 100%; height: 168px;\">\n<tbody>\n<tr style=\"height: 24px;\">\n<td style=\"width: 33.3333%; height: 24px;\"><strong><span style=\"color: #008000;\">Alessandria \u2013 EGITTO \u2013 1951<\/span><\/strong><\/td>\n<td style=\"width: 33.3333%; height: 24px;\"><strong><span style=\"color: #008000;\">Barcellona \u2013 SPAGNA \u2013 1955<\/span><\/strong><\/td>\n<td style=\"width: 33.3333%; height: 24px;\"><strong><span style=\"color: #008000;\">Beirut \u2013 LIBANO \u2013 1959<\/span><\/strong><\/td>\n<\/tr>\n<tr style=\"height: 24px;\">\n<td style=\"width: 33.3333%; height: 24px;\"><strong><span style=\"color: #008000;\">Napoli \u2013 ITALIA \u2013 1963<\/span><\/strong><\/td>\n<td style=\"width: 33.3333%; height: 24px;\"><strong><span style=\"color: #008000;\">Tunisi \u2013 TUNISIA \u2013 1967<\/span><\/strong><\/td>\n<td style=\"width: 33.3333%; height: 24px;\"><strong><span style=\"color: #008000;\">Izmir \u2013 TURCHIA \u2013 1971<\/span><\/strong><\/td>\n<\/tr>\n<tr style=\"height: 24px;\">\n<td style=\"width: 33.3333%; height: 24px;\"><strong><span style=\"color: #008000;\">Algeri \u2013 ALGERIA \u2013 1975<\/span><\/strong><\/td>\n<td style=\"width: 33.3333%; height: 24px;\"><strong><span style=\"color: #008000;\">Spalato \u2013 YUGOSLAVIA \u2013 1979<\/span><\/strong><\/td>\n<td style=\"width: 33.3333%; height: 24px;\"><strong><span style=\"color: #008000;\">Casablanca \u2013 MAROCCO \u2013 1983<\/span><\/strong><\/td>\n<\/tr>\n<tr style=\"height: 24px;\">\n<td style=\"width: 33.3333%; height: 24px;\"><strong><span style=\"color: #008000;\">Laodicea \u2013 SIRIA \u2013 1987<\/span><\/strong><\/td>\n<td style=\"width: 33.3333%; height: 24px;\"><strong><span style=\"color: #008000;\">\u00a0Atene \u2013 GRECIA \u2013 1991<\/span><\/strong><\/td>\n<td style=\"width: 33.3333%; height: 24px;\"><strong><span style=\"color: #008000;\">Linguadoca-Rossiglione \u2013 FRANCIA \u2013 1993<\/span><\/strong><\/td>\n<\/tr>\n<tr style=\"height: 24px;\">\n<td style=\"width: 33.3333%; height: 24px;\"><strong><span style=\"color: #008000;\">Bari \u2013 ITALIA &#8211; 1997<\/span><\/strong><\/td>\n<td style=\"width: 33.3333%; height: 24px;\"><strong><span style=\"color: #008000;\">Tunisi \u2013 TUNISIA \u2013 2001<\/span><\/strong><\/td>\n<td style=\"width: 33.3333%; height: 24px;\"><strong><span style=\"color: #008000;\">Almeria \u2013 SPAGNA \u2013 2005<\/span><\/strong><\/td>\n<\/tr>\n<tr style=\"height: 24px;\">\n<td style=\"width: 33.3333%; height: 24px;\"><strong><span style=\"color: #008000;\">Pescara \u2013 ITALIA \u2013 2009<\/span><\/strong><\/td>\n<td style=\"width: 33.3333%; height: 24px;\"><strong><span style=\"color: #008000;\">Mersina \u2013 TURCHIA \u2013 2013<\/span><\/strong><\/td>\n<td style=\"width: 33.3333%; height: 24px;\"><strong><span style=\"color: #008000;\">Tarragona \u2013 SPAGNA \u2013 2018<\/span><\/strong><\/td>\n<\/tr>\n<tr style=\"height: 24px;\">\n<td style=\"width: 33.3333%; height: 24px;\"><strong><span style=\"color: #008000;\">Orano \u2013 ALGERIA \u2013 2022<\/span><\/strong><\/td>\n<td style=\"width: 33.3333%; height: 24px;\"><strong><span style=\"color: #008000;\">Taranto \u2013 ITALIA \u2013 2026<\/span><\/strong><\/td>\n<td style=\"width: 33.3333%; height: 24px;\"><\/td>\n<\/tr>\n<\/tbody>\n<\/table>\n<p style=\"text-align: justify;\"><img loading=\"lazy\" decoding=\"async\" class=\" wp-image-133875 alignright\" src=\"https:\/\/www.ocean4future.org\/savetheocean\/wp-content\/uploads\/2026\/09\/giovhi-med-1951.jpg\" alt=\"\" width=\"294\" height=\"422\" srcset=\"https:\/\/www.ocean4future.org\/savetheocean\/wp-content\/uploads\/2026\/09\/giovhi-med-1951.jpg 860w, https:\/\/www.ocean4future.org\/savetheocean\/wp-content\/uploads\/2026\/09\/giovhi-med-1951-209x300.jpg 209w, https:\/\/www.ocean4future.org\/savetheocean\/wp-content\/uploads\/2026\/09\/giovhi-med-1951-714x1024.jpg 714w, https:\/\/www.ocean4future.org\/savetheocean\/wp-content\/uploads\/2026\/09\/giovhi-med-1951-768x1102.jpg 768w\" sizes=\"auto, (max-width: 294px) 100vw, 294px\" \/>La storia dei giochi ebbe inizio nel 1948, a pochissimi anni dal termine della Seconda Guerra Mondiale, durante la sessione del <strong><span style=\"color: #008000;\">Comitato Olimpico Internazionale<\/span><\/strong> a St. Moritz. Fu un dirigente sportivo egiziano, <strong><span style=\"color: #008000;\">Mohammed Taher Pacha<\/span><\/strong>, vicepresidente del CIO, a immaginare una manifestazione capace di riunire gli atleti dei Paesi che si affacciano sul Mediterraneo. Non un surrogato di Olimpiade, ma un luogo dove la competizione potesse diventare uno strumento di pace e di cooperazione, dopo tanti anni di orrore. Tre anni dopo ad <strong><span style=\"color: #008000;\">Alessandria, dal 5 al 22 ottobre<\/span> <span style=\"color: #008000;\">1951<\/span><\/strong>, l\u2019Egitto ospit\u00f2 la prima edizione dei Giochi a cui parteciparono dieci Nazioni e 734 atleti, tutti uomini.<\/p>\n<p><img loading=\"lazy\" decoding=\"async\" class=\"wp-image-133585 alignleft\" style=\"text-align: justify;\" src=\"https:\/\/www.ocean4future.org\/savetheocean\/wp-content\/uploads\/2026\/09\/GdM_logo_header_it.png\" alt=\"\" width=\"226\" height=\"273\" srcset=\"https:\/\/www.ocean4future.org\/savetheocean\/wp-content\/uploads\/2026\/09\/GdM_logo_header_it.png 682w, https:\/\/www.ocean4future.org\/savetheocean\/wp-content\/uploads\/2026\/09\/GdM_logo_header_it-249x300.png 249w\" sizes=\"auto, (max-width: 226px) 100vw, 226px\" \/><\/p>\n<p style=\"text-align: justify;\">Da allora i giochi hanno attraversato in lungo e largo il <em>Mare Nostrum<\/em> approdando, ogni quattro anni, sulle coste dei tre continenti che vi si affacciano. Per questo motivo il logo dei Giochi \u00e8 costituito da tre cerchi lambiti alla base dalle onde del mare: ognuno di quei cerchi rappresenta infatti uno dei tre Continenti che si affacciano il Mediterraneo. Da quel lontano 1951, in cui parteciparono ai giochi dieci Nazioni per un totale di 734 atleti, la XX edizione dei Giochi del Mediterraneo vede scendere in campo ben 3.803 atleti (2.189 uomini e 1.614 donne) provenienti da 26 Nazioni appartenenti al bacino Mediterraneo, quindi non solo da quei Paesi che si affacciano direttamente sul Mare. Il medagliere. prima di questa edizione, vedeva in testa l&#8217;Italia, con un forziere di 924 medaglie d&#8217;oro, 791 di argento\u00a0 e 747 di bronzo per un totale di 2462 medaglie. primo in assoluto e seguito dalla Francia e dalla Turchia.<\/p>\n<p style=\"text-align: justify;\"><img loading=\"lazy\" decoding=\"async\" class=\"wp-image-133579 alignright\" src=\"https:\/\/www.ocean4future.org\/savetheocean\/wp-content\/uploads\/2026\/09\/MEDAGLIERE-PRE-XX-GIOCHI-DEL-MEDITERRANEO.png\" alt=\"\" width=\"544\" height=\"239\" srcset=\"https:\/\/www.ocean4future.org\/savetheocean\/wp-content\/uploads\/2026\/09\/MEDAGLIERE-PRE-XX-GIOCHI-DEL-MEDITERRANEO.png 835w, https:\/\/www.ocean4future.org\/savetheocean\/wp-content\/uploads\/2026\/09\/MEDAGLIERE-PRE-XX-GIOCHI-DEL-MEDITERRANEO-300x132.png 300w, https:\/\/www.ocean4future.org\/savetheocean\/wp-content\/uploads\/2026\/09\/MEDAGLIERE-PRE-XX-GIOCHI-DEL-MEDITERRANEO-768x338.png 768w\" sizes=\"auto, (max-width: 544px) 100vw, 544px\" \/>Le Squadre dei Paesi partecipanti, che hanno fatto il loro festoso ingresso nella Cerimonia d\u2019Inaugurazione dei Giochi, tenutasi nel rinato <strong><span style=\"color: #008000;\">Stadio Erasmo Iacovone<\/span><\/strong>, sono entrate in ordine alfabetico la sera del 21 agosto precedute dalla Grecia, a cui competeva l\u2019onore di entrare per prima quale rappresentante del Paese culla delle Olimpiadi. Ultima ad entrare la delegazione italiana, paese ospitante, preceduta dal Kosovo che nel 2030 ospiter\u00e0 i XXI giochi del Mediterraneo.<\/p>\n<p style=\"text-align: justify;\"><strong><span style=\"color: #008000;\">in alto il medagliere dei giochi del Mediterraneo (prime sei classificate \u2013 dalla I alla XIX edizione), in basso l&#8217;ordine di entrata dei partecipanti<\/span><\/strong><\/p>\n<table style=\"border-collapse: collapse; width: 100%;\">\n<tbody>\n<tr>\n<td style=\"width: 23.9497%;\"><strong><span style=\"color: #008000;\">Grecia *1<\/span><\/strong><\/td>\n<td style=\"width: 25.5656%;\"><strong><span style=\"color: #008000;\">Albania<\/span><\/strong><\/td>\n<td style=\"width: 14.4344%;\"><strong><span style=\"color: #008000;\">Algeria<\/span><\/strong><\/td>\n<td style=\"width: 16.0503%;\"><strong><span style=\"color: #008000;\">Andorra<\/span><\/strong><\/td>\n<td style=\"width: 20%;\"><strong><span style=\"color: #008000;\">Bosnia ed Erzegovina<\/span><\/strong><\/td>\n<\/tr>\n<tr>\n<td style=\"width: 23.9497%;\"><strong><span style=\"color: #008000;\">Cipro<\/span><\/strong><\/td>\n<td style=\"width: 25.5656%;\"><strong><span style=\"color: #008000;\">Croazia<\/span><\/strong><\/td>\n<td style=\"width: 14.4344%;\"><strong><span style=\"color: #008000;\">Egitto<\/span><\/strong><\/td>\n<td style=\"width: 16.0503%;\"><strong><span style=\"color: #008000;\">Francia<\/span><\/strong><\/td>\n<td style=\"width: 20%;\"><strong><span style=\"color: #008000;\">Libano<\/span><\/strong><\/td>\n<\/tr>\n<tr>\n<td style=\"width: 23.9497%;\"><strong><span style=\"color: #008000;\">Libia<\/span><\/strong><\/td>\n<td style=\"width: 25.5656%;\"><strong><span style=\"color: #008000;\">Macedonia del Nord<\/span><\/strong><\/td>\n<td style=\"width: 14.4344%;\"><strong><span style=\"color: #008000;\">Malta<\/span><\/strong><\/td>\n<td style=\"width: 16.0503%;\"><strong><span style=\"color: #008000;\">Marocco<\/span><\/strong><\/td>\n<td style=\"width: 20%;\"><strong><span style=\"color: #008000;\">Monaco<\/span><\/strong><\/td>\n<\/tr>\n<tr>\n<td style=\"width: 23.9497%;\"><strong><span style=\"color: #008000;\">Montenegro<\/span><\/strong><\/td>\n<td style=\"width: 25.5656%;\"><strong><span style=\"color: #008000;\">Portogallo<\/span><\/strong><\/td>\n<td style=\"width: 14.4344%;\"><strong><span style=\"color: #008000;\">San Marino<\/span><\/strong><\/td>\n<td style=\"width: 16.0503%;\"><strong><span style=\"color: #008000;\">Serbia<\/span><\/strong><\/td>\n<td style=\"width: 20%;\"><strong><span style=\"color: #008000;\">Siria<\/span><\/strong><\/td>\n<\/tr>\n<tr>\n<td style=\"width: 23.9497%;\"><strong><span style=\"color: #008000;\">Slovenia<\/span><\/strong><\/td>\n<td style=\"width: 25.5656%;\"><strong><span style=\"color: #008000;\">Spagna<\/span><\/strong><\/td>\n<td style=\"width: 14.4344%;\"><strong><span style=\"color: #008000;\">Tunisia<\/span><\/strong><\/td>\n<td style=\"width: 16.0503%;\"><strong><span style=\"color: #008000;\">Turchia<\/span><\/strong><\/td>\n<td style=\"width: 20%;\"><strong><span style=\"color: #008000;\">Kosovo *2<\/span><\/strong><\/td>\n<\/tr>\n<tr>\n<td style=\"width: 23.9497%;\"><strong><span style=\"color: #008000;\">Italia 3* quale paese ospitante<\/span><\/strong><\/td>\n<td style=\"width: 25.5656%;\"><strong><span style=\"color: #008000;\">delegazione di Athletica Vaticana<\/span><\/strong><\/td>\n<td style=\"width: 14.4344%;\"><\/td>\n<td style=\"width: 16.0503%;\"><\/td>\n<td style=\"width: 20%;\"><\/td>\n<\/tr>\n<\/tbody>\n<\/table>\n<p style=\"text-align: justify;\">1* a cui compete da sempre l\u2019onore di entrare per prima quale culla delle Olimpiadi<br \/>\n2* Paese organizzatore dei XXI Giochi che si terranno nel 2030<\/p>\n<p style=\"text-align: justify;\">Sono state disputate gare in 33 discipline (27 olimpiche, 5 non olimpiche e 2 debuttanti: roller skating e padel) dislocate a Taranto ed in altri venti comuni della Puglia. In particolare, a Taranto sono stati costruiti o ristrutturati per l\u2019occasione impianti sportivi di notevole spessore che costituiranno un lascito ereditario straordinario per il territorio jonico. Tra tutti ricordo il gi\u00e0 citato Stadio dedicato a Erasmo Iacovone, indimenticato bomber del Taranto degli anni \u201970, quando la citt\u00e0 accarezzava il sogno di andare in serie A. Al termine di un lungo periodo di ristrutturazione Taranto dispone ora di uno stadio radicalmente cambiato, con oltre 20.000 posti a sedere, tutti occupati sin dalla sua riapertura, la cerimonia inaugurale dei Giochi. Nei pressi dello Iacovone sorge inoltre il <strong><span style=\"color: #008000;\">Parco Urbano Sportivo<\/span><\/strong>, con i suoi campi da tennis, da padel e gli spazi per lo skateboard. L\u2019impianto forse pi\u00f9 rivoluzionario di tutti \u00e8 per\u00f2 il <strong><span style=\"color: #008000;\">PalaRicciardi<\/span><\/strong>, luogo simbolo del basket jonico, da anni in decadenza, trasformato ora in un modernissimo Centro Sportivo Polivalente, accanto allo Stadio di Atletica Leggera &#8220;Giuseppe Valente<strong>&#8220;<\/strong>, situato nel quartiere Salinella, sorto sull&#8217;area del preesistente &#8220;Campo Scuola Salinella&#8221;,\u00a0 dove saranno ospitate le gare di atletica. Sempre a poca distanza dagli altri impianti vive di nuova vita il riqualificato <strong><span style=\"color: #008000;\">PalaMazzola<\/span><\/strong>, che potr\u00e0 ospitare le partite di basket e di pallavolo e, magari, in futuro concerti in tour. Ancora nei pressi, vicino la pineta Cimino, c\u2019\u00e8 ora il <strong><span style=\"color: #008000;\">Centro Nautico<\/span><\/strong>, traguardo delle gare di canoa, canottaggio, kayak e vela che partiranno dalla ex Stazione Torpediniere. Ulteriori impianti, destinati ad essere fruiti dalla cittadinanza fin da subito, sono stati realizzati a Talsano, riqualificando il Campo di Calcio Renzino Paradiso, nella Villa Peritato, in cui \u00e8 stato sistemato un campo di basket 3&#215;3, e in via Zara con il ristrutturato Centro Sportivo Magna Grecia.<br \/>\n<img loading=\"lazy\" decoding=\"async\" class=\"alignnone size-full wp-image-133590\" src=\"https:\/\/www.ocean4future.org\/savetheocean\/wp-content\/uploads\/2026\/09\/taranto-scarpetta-e1788118198787.jpeg\" alt=\"\" width=\"1200\" height=\"675\" \/><\/p>\n<p style=\"text-align: justify;\">Taranto fu designata dal Comitato Internazionale dei Giochi quale sede della XX edizione della manifestazione sportiva il 24 agosto 2019 a Patrasso, in realt\u00e0 in assenza di altre candidature. Da allora i primi cinque anni passarono senza che praticamente fosse realizzato nulla, secondo le migliori tradizioni della burocrazia italica. Finalmente, con la designazione di Massimo Ferrarese quale Commissario Governativo per l\u2019attuazione delle opere previste e con lo stanziamento dei fondi necessari, ampliato a pi\u00f9 riprese, ma sicuramente inferiore a quelli stanziati in altre kermesse simili, il progetto si \u00e8 concretizzato, anche per mezzo di soluzioni innovative, quali ad esempio, l\u2019impiego di due navi da crociera come Villaggio Mediterraneo galleggiante. La <strong><span style=\"color: #008000;\">Marina Militare<\/span><\/strong> ha partecipato mettendo a disposizione alle due Navi da crociera, l\u2019AROYA e la ROMANTIKA, la sua Nuova Base Navale in Mar Grande (vicinissima ai campi di gioco), ma anche rendendo disponibile il <strong><span style=\"color: #008000;\">Circolo Ufficiali<\/span><\/strong> quale Centro Media ufficiale (un hub tecnologico e redazionale all\u2019avanguardia), e lo stesso <strong><span style=\"color: #008000;\">Castello Aragonese<\/span><\/strong>, solenne ed elegante cornice in cui il Presidente della Repubblica ha accolto in una cena di Gala Capi di Stato e di Governo. Grandi, ovviamente erano le aspettative dello sport italiano e dei suoi 498 atleti (259 uomini e 239 donne) non solo perch\u00e9 l\u2019Italia giocava in casa, ma anche perch\u00e9 in questo contesto sportivo ha da sempre svolto la parte del leone, senza considerare poi il felicissimo momento che l\u2019atletica italiana sta attraversando in ambito internazionale. L\u2019ambizione non celata era quella di raggiungere quota 1.000 medaglie d\u2019oro, rimpolpando il bottino di 924 ori gi\u00e0 ottenuti in 75 anni di Giochi. Tra i partecipanti spiccavano peraltro 4 ori Olimpici: <span style=\"color: #008000;\"><strong>Gianmarco Tamberi<\/strong><\/span>\u00a0(atletica),\u00a0<span style=\"color: #008000;\"><strong>Filippo Tortu<\/strong><\/span>\u00a0(atletica),\u00a0<span style=\"color: #008000;\"><strong>Diana Bacosi<\/strong>\u00a0<\/span>e\u00a0<span style=\"color: #008000;\"><strong>Gabriele Rossetti<\/strong>\u00a0<\/span>(tiro a volo).<\/p>\n<table style=\"border-collapse: collapse; width: 71.7235%; height: 132px;\">\n<tbody>\n<tr style=\"height: 24px;\">\n<td style=\"width: 3.74031%; text-align: center; height: 24px;\"><\/td>\n<td style=\"width: 13.1658%; text-align: center; height: 24px;\"><span style=\"color: #008000; font-size: 20px;\"><strong>Nazione<\/strong><\/span><\/td>\n<td style=\"width: 11.6398%; text-align: center; height: 24px;\"><span style=\"color: #008000; font-size: 20px;\"><strong>ORO<\/strong><\/span><\/td>\n<td style=\"width: 14.7816%; text-align: center; height: 24px;\"><span style=\"color: #008000; font-size: 20px;\"><strong>ARGENTO<\/strong><\/span><\/td>\n<td style=\"width: 13.7044%; text-align: center; height: 24px;\"><span style=\"color: #008000; font-size: 20px;\"><strong>BRONZO<\/strong><\/span><\/td>\n<td style=\"width: 14.6918%; text-align: center; height: 24px;\"><span style=\"color: #008000; font-size: 20px;\"><strong>Totale<\/strong><\/span><\/td>\n<\/tr>\n<tr style=\"height: 36px;\">\n<td style=\"width: 3.74031%; text-align: center; height: 36px;\"><span style=\"font-size: 20px; color: #008000;\"><strong>1<\/strong><\/span><\/td>\n<td style=\"width: 13.1658%; text-align: center; height: 36px;\"><span style=\"font-size: 20px; color: #008000;\">Italia<\/span><\/td>\n<td style=\"width: 11.6398%; text-align: center; height: 36px;\"><span style=\"font-size: 20px; color: #008000;\">74<\/span><\/td>\n<td style=\"width: 14.7816%; text-align: center; height: 36px;\"><span style=\"font-size: 20px; color: #008000;\">78<\/span><\/td>\n<td style=\"width: 13.7044%; text-align: center; height: 36px;\"><span style=\"font-size: 20px; color: #008000;\">72<\/span><\/td>\n<td style=\"width: 14.6918%; text-align: center; height: 36px;\"><span style=\"font-size: 20px; color: #008000;\">224<\/span><\/td>\n<\/tr>\n<tr style=\"height: 36px;\">\n<td style=\"width: 3.74031%; text-align: center; height: 36px;\"><span style=\"font-size: 20px; color: #008000;\"><strong>2<\/strong><\/span><\/td>\n<td style=\"width: 13.1658%; text-align: center; height: 36px;\"><span style=\"font-size: 20px; color: #008000;\">Turchia<\/span><\/td>\n<td style=\"width: 11.6398%; text-align: center; height: 36px;\"><span style=\"font-size: 20px; color: #008000;\">41<\/span><\/td>\n<td style=\"width: 14.7816%; text-align: center; height: 36px;\"><span style=\"font-size: 20px; color: #008000;\">28<\/span><\/td>\n<td style=\"width: 13.7044%; text-align: center; height: 36px;\"><span style=\"font-size: 20px; color: #008000;\">42<\/span><\/td>\n<td style=\"width: 14.6918%; text-align: center; height: 36px;\"><span style=\"font-size: 20px; color: #008000;\">111<\/span><\/td>\n<\/tr>\n<tr style=\"height: 36px;\">\n<td style=\"width: 3.74031%; text-align: center; height: 36px;\"><span style=\"font-size: 20px; color: #008000;\"><strong>3<\/strong><\/span><\/td>\n<td style=\"width: 13.1658%; text-align: center; height: 36px;\"><span style=\"font-size: 20px; color: #008000;\">Grecia<\/span><\/td>\n<td style=\"width: 11.6398%; text-align: center; height: 36px;\"><span style=\"font-size: 20px; color: #008000;\">26<\/span><\/td>\n<td style=\"width: 14.7816%; text-align: center; height: 36px;\"><span style=\"font-size: 20px; color: #008000;\">26<\/span><\/td>\n<td style=\"width: 13.7044%; text-align: center; height: 36px;\"><span style=\"font-size: 20px; color: #008000;\">19<\/span><\/td>\n<td style=\"width: 14.6918%; text-align: center; height: 36px;\"><span style=\"font-size: 20px; color: #008000;\">71<\/span><\/td>\n<\/tr>\n<\/tbody>\n<\/table>\n<p style=\"text-align: justify;\">Al termine dei Giochi gli azzurri hanno confermato il dominio assoluto su tutte le squadre del Mare Nostrum conquistando <strong><span style=\"color: #008000;\">73 medaglie d\u2019oro, 78 medaglie d\u2019argento e 72 medaglie di bronzo.<\/span><\/strong> Non \u00e8 possibile qui citare ogni singola impresa ma mi piace sottolineare: la medaglia d\u2019oro ottenuta il primo giorno delle competizioni da una tarantina, <span style=\"color: #008000;\"><strong>Benedetta Pilato<\/strong><\/span>, nei 100 metri rana, un\u2019atleta che vanta un oro ai mondiali e quattro ai campionati europei, che da ragazza doveva andare fino a Bari ad allenarsi per mancanza di piscine olimpiche nella sua citt\u00e0. Lo stadio Giuseppe Valente si \u00e8 inoltre trasformato in un teatro a cielo aperto per il mattatore <strong><span style=\"color: #008000;\">Gianmarco Tamberi<\/span><\/strong>. Gimbo ha infatti conquistato l\u2019oro nel salto in alto superando 2,25 metri alla prima prova, completando cos\u00ec il suo palmar\u00e8s con l\u2019unico titolo dei Giochi del Mediterraneo che ancora mancava alla sua collezione. Ha poi tentato l\u2019assalto ai 2,35 metri, senza riuscire per\u00f2 a superare l\u2019asticella. Ma lui aveva gi\u00e0 conquistato il pubblico che lo stava acclamando. Un altro grande campione che ha scelto Taranto per scrivere una pagina importante della propria carriera. E se Tamberi \u00e8 arrivato a Taranto da campione, <span style=\"color: #008000;\"><strong>Silvia Semeraro<\/strong><\/span> \u00e8 Taranto, la karateka tarantina ha conquistato la medaglia d\u2019argento nel kumite -68 kg, al termine di un percorso combattuto fino alla finale. Un argento speciale, perch\u00e9 arrivato davanti alla propria gente, nella citt\u00e0 che l\u2019ha vista crescere e diventare una delle protagoniste del karate italiano. Una medaglia che vale molto pi\u00f9 del metallo.\u00a0Infine, da citare anche la portabandiera degli azzurri,<strong><span style=\"color: #008000;\"> Irma Testa<\/span><\/strong>, che si \u00e8 fatta onore conquistando un\u2019altra bellissima medaglia d\u2019oro nel pugilato -57kg.\u00a0 E, a ben vedere, c\u2019\u00e8 da considerare ancora una medaglia d\u2019oro, che non sar\u00e0 per\u00f2 mai contabilizzata: quella da attribuire ai cittadini di Taranto che con la loro pazienza hanno sopportato il blocco stradale imposto dell\u2019intera citt\u00e0 per giorni e giorni e con il loro travolgente entusiasmo hanno sostenuto tutti gli atleti partecipanti, come da loro stessi riconosciuto.<\/p>\n<p><img loading=\"lazy\" decoding=\"async\" class=\"alignnone size-full wp-image-133850\" src=\"https:\/\/www.ocean4future.org\/savetheocean\/wp-content\/uploads\/2026\/09\/AI-MEDITERRANEO-GIOCHI-2026.jpg\" alt=\"\" width=\"1150\" height=\"767\" srcset=\"https:\/\/www.ocean4future.org\/savetheocean\/wp-content\/uploads\/2026\/09\/AI-MEDITERRANEO-GIOCHI-2026.jpg 1150w, https:\/\/www.ocean4future.org\/savetheocean\/wp-content\/uploads\/2026\/09\/AI-MEDITERRANEO-GIOCHI-2026-300x200.jpg 300w, https:\/\/www.ocean4future.org\/savetheocean\/wp-content\/uploads\/2026\/09\/AI-MEDITERRANEO-GIOCHI-2026-1024x683.jpg 1024w, https:\/\/www.ocean4future.org\/savetheocean\/wp-content\/uploads\/2026\/09\/AI-MEDITERRANEO-GIOCHI-2026-768x512.jpg 768w\" sizes=\"auto, (max-width: 1150px) 100vw, 1150px\" \/><\/p>\n<p style=\"text-align: justify;\">\u00a0 &#8220;<strong><em><span style=\"color: #008000;\">E&#8217; sempre difficile pronosticare i successi<\/span><\/em><\/strong> &#8211; ha commentato soddisfatto il segretario generale del Coni,\u00a0<span style=\"color: #008000;\"><strong>Carlo Mornati<\/strong>\u00a0<\/span>&#8211; <strong><em><span style=\"color: #008000;\">\u00e8 vero che venivamo da ottimi risultati stagionali, ma battere un record storico come quello di Bari &#8217;97 non era scontato, e forse arriva anche inaspettato. E&#8217; un&#8217;onda lunga che passa dalle Olimpiadi agli Europei, dai Mondiali ai Giochi del Mediterraneo, il movimento sportivo italiano si conferma all&#8217;altezza della situazione<\/span><\/em><\/strong>&#8220;. La classifica finale delle medaglie conquistate conferma questo record storico.<\/p>\n<p style=\"text-align: justify;\">La Cerimonia di chiusura \u00e8 avvenuta il 3 settembre sempre allo Stadio Erasmo Iacovone di Taranto, un momento conclusivo di questa indimenticabile edizione dei Giochi per salutare nello spirito olimpico gli atleti e le delegazioni di tutti i Paesi partecipanti. Le luci si sono spente ma non il loro messaggio; vogliamo sperare che lo spirito olimpico continui a soffiare sulla citt\u00e0 dei due mari, restituendo a Taranto la gloria del suo passato.<strong><br \/>\n<\/strong><strong><span style=\"color: #008000;\">Francesco Scarpetta<\/span><\/strong><\/p>\n<p><span style=\"color: #ffffff;\">.<\/span><\/p>\n<p><a class=\"maxbutton-3 maxbutton maxbutton-pagina-principale\" target=\"_blank\" title=\"tooltip\" rel=\"nofollow noopener\" href=\"http:\/\/www.ocean4future.org\"><span class='mb-text'>PAGINA PRINCIPALE - HOME PAGE<\/span><\/a><br \/>\n<span style=\"color: #ffffff;\">.<\/span><\/p>\n<p style=\"text-align: justify;\">Alcune delle immagini possono essere state prese dal web, citandone ove possibile gli autori e\/o le fonti. Se qualcuno desiderasse specificarne l\u2019autore e le fonti o rimuoverle, pu\u00f2 scrivere a infoocean4future@gmail.com e provvederemo immediatamente alla correzione dell\u2019articolo<\/p>\n<p>&nbsp;<\/p>\n","protected":false},"excerpt":{"rendered":"<p><span class=\"span-reading-time rt-reading-time\" style=\"display: block;\"><span class=\"rt-label rt-prefix\">tempo di lettura: <\/span> <span class=\"rt-time\"> 8<\/span> <span class=\"rt-label rt-postfix\">minuti<\/span><\/span>. . ARGOMENTO: REPORTAGE PERIODO: XXI SECOLO AREA: TARANTO parole chiave: Giochi del Mediterraneo Dal 21 agosto al 3 settembre 2026 si sono svolti a Taranto i Giochi del Mediterraneo, giunti oramai alla loro ventesima edizione. La loro apertura avviene nel rinato Stadio Erasmo Iacovone la sera del 21 agosto con la Cerimonia inaugurale dei [&hellip;]<\/p>\n","protected":false},"author":4444,"featured_media":133812,"comment_status":"open","ping_status":"open","sticky":false,"template":"","format":"standard","meta":{"_acf_changed":false,"_monsterinsights_skip_tracking":false,"footnotes":""},"categories":[76],"tags":[],"class_list":["post-133578","post","type-post","status-publish","format-standard","has-post-thumbnail","hentry","category-reportage"],"acf":[],"yoast_head":"<!-- This site is optimized with the Yoast SEO plugin v28.3 - https:\/\/yoast.com\/product\/yoast-seo-wordpress\/ -->\n<title>Reportage: Taranto e i XX Giochi del Mediterraneo di Francesco Scarpetta &#8226; OCEAN4FUTURE autore<\/title>\n<meta name=\"robots\" content=\"index, follow, max-snippet:-1, max-image-preview:large, max-video-preview:-1\" \/>\n<link rel=\"canonical\" href=\"https:\/\/www.ocean4future.org\/savetheocean\/archives\/133578\" \/>\n<meta property=\"og:locale\" content=\"it_IT\" \/>\n<meta property=\"og:type\" content=\"article\" \/>\n<meta property=\"og:title\" content=\"Reportage: Taranto e i XX Giochi del Mediterraneo di Francesco Scarpetta &#8226; OCEAN4FUTURE autore\" \/>\n<meta property=\"og:description\" content=\"tempo di lettura:  8 minuti. . ARGOMENTO: REPORTAGE PERIODO: XXI SECOLO AREA: TARANTO parole chiave: Giochi del Mediterraneo Dal 21 agosto al 3 settembre 2026 si sono svolti a Taranto i Giochi del Mediterraneo, giunti oramai alla loro ventesima edizione. La loro apertura avviene nel rinato Stadio Erasmo Iacovone la sera del 21 agosto con la Cerimonia inaugurale dei [&hellip;]\" \/>\n<meta property=\"og:url\" content=\"https:\/\/www.ocean4future.org\/savetheocean\/archives\/133578\" \/>\n<meta property=\"og:site_name\" content=\"OCEAN4FUTURE\" \/>\n<meta property=\"article:published_time\" content=\"2026-09-03T22:02:00+00:00\" \/>\n<meta property=\"article:modified_time\" content=\"2026-09-04T04:50:10+00:00\" \/>\n<meta property=\"og:image\" content=\"https:\/\/www.ocean4future.org\/savetheocean\/wp-content\/uploads\/2026\/09\/atleta-di-taranto.jpg\" \/>\n\t<meta property=\"og:image:width\" content=\"1150\" \/>\n\t<meta property=\"og:image:height\" content=\"647\" \/>\n\t<meta property=\"og:image:type\" content=\"image\/jpeg\" \/>\n<meta name=\"author\" content=\"Francesco Scarpetta\" \/>\n<meta name=\"twitter:card\" content=\"summary_large_image\" \/>\n<meta name=\"twitter:creator\" content=\"@ocean4future\" \/>\n<meta name=\"twitter:site\" content=\"@ocean4future\" \/>\n<meta name=\"twitter:label1\" content=\"Scritto da\" \/>\n\t<meta name=\"twitter:data1\" content=\"Francesco Scarpetta\" \/>\n\t<meta name=\"twitter:label2\" content=\"Tempo di lettura stimato\" \/>\n\t<meta name=\"twitter:data2\" content=\"13 minuti\" \/>\n<script type=\"application\/ld+json\" class=\"yoast-schema-graph\">{\"@context\":\"https:\\\/\\\/schema.org\",\"@graph\":[{\"@type\":\"Article\",\"@id\":\"https:\\\/\\\/www.ocean4future.org\\\/savetheocean\\\/archives\\\/133578#article\",\"isPartOf\":{\"@id\":\"https:\\\/\\\/www.ocean4future.org\\\/savetheocean\\\/archives\\\/133578\"},\"author\":{\"name\":\"Francesco Scarpetta\",\"@id\":\"https:\\\/\\\/www.ocean4future.org\\\/savetheocean\\\/#\\\/schema\\\/person\\\/785c670798068ea489bc64b063d2efd7\"},\"headline\":\"Reportage: Taranto e i XX Giochi del Mediterraneo di Francesco Scarpetta\",\"datePublished\":\"2026-09-03T22:02:00+00:00\",\"dateModified\":\"2026-09-04T04:50:10+00:00\",\"mainEntityOfPage\":{\"@id\":\"https:\\\/\\\/www.ocean4future.org\\\/savetheocean\\\/archives\\\/133578\"},\"wordCount\":2034,\"commentCount\":0,\"publisher\":{\"@id\":\"https:\\\/\\\/www.ocean4future.org\\\/savetheocean\\\/#\\\/schema\\\/person\\\/4e1c26437054353074d7bb2efa77162c\"},\"image\":{\"@id\":\"https:\\\/\\\/www.ocean4future.org\\\/savetheocean\\\/archives\\\/133578#primaryimage\"},\"thumbnailUrl\":\"https:\\\/\\\/www.ocean4future.org\\\/savetheocean\\\/wp-content\\\/uploads\\\/2026\\\/09\\\/atleta-di-taranto.jpg\",\"articleSection\":[\"Reportage\"],\"inLanguage\":\"it-IT\",\"potentialAction\":[{\"@type\":\"CommentAction\",\"name\":\"Comment\",\"target\":[\"https:\\\/\\\/www.ocean4future.org\\\/savetheocean\\\/archives\\\/133578#respond\"]}]},{\"@type\":\"WebPage\",\"@id\":\"https:\\\/\\\/www.ocean4future.org\\\/savetheocean\\\/archives\\\/133578\",\"url\":\"https:\\\/\\\/www.ocean4future.org\\\/savetheocean\\\/archives\\\/133578\",\"name\":\"Reportage: Taranto e i XX Giochi del Mediterraneo di Francesco Scarpetta &#8226; OCEAN4FUTURE autore\",\"isPartOf\":{\"@id\":\"https:\\\/\\\/www.ocean4future.org\\\/savetheocean\\\/#website\"},\"primaryImageOfPage\":{\"@id\":\"https:\\\/\\\/www.ocean4future.org\\\/savetheocean\\\/archives\\\/133578#primaryimage\"},\"image\":{\"@id\":\"https:\\\/\\\/www.ocean4future.org\\\/savetheocean\\\/archives\\\/133578#primaryimage\"},\"thumbnailUrl\":\"https:\\\/\\\/www.ocean4future.org\\\/savetheocean\\\/wp-content\\\/uploads\\\/2026\\\/09\\\/atleta-di-taranto.jpg\",\"datePublished\":\"2026-09-03T22:02:00+00:00\",\"dateModified\":\"2026-09-04T04:50:10+00:00\",\"breadcrumb\":{\"@id\":\"https:\\\/\\\/www.ocean4future.org\\\/savetheocean\\\/archives\\\/133578#breadcrumb\"},\"inLanguage\":\"it-IT\",\"potentialAction\":[{\"@type\":\"ReadAction\",\"target\":[\"https:\\\/\\\/www.ocean4future.org\\\/savetheocean\\\/archives\\\/133578\"]}]},{\"@type\":\"ImageObject\",\"inLanguage\":\"it-IT\",\"@id\":\"https:\\\/\\\/www.ocean4future.org\\\/savetheocean\\\/archives\\\/133578#primaryimage\",\"url\":\"https:\\\/\\\/www.ocean4future.org\\\/savetheocean\\\/wp-content\\\/uploads\\\/2026\\\/09\\\/atleta-di-taranto.jpg\",\"contentUrl\":\"https:\\\/\\\/www.ocean4future.org\\\/savetheocean\\\/wp-content\\\/uploads\\\/2026\\\/09\\\/atleta-di-taranto.jpg\",\"width\":1150,\"height\":647},{\"@type\":\"BreadcrumbList\",\"@id\":\"https:\\\/\\\/www.ocean4future.org\\\/savetheocean\\\/archives\\\/133578#breadcrumb\",\"itemListElement\":[{\"@type\":\"ListItem\",\"position\":1,\"name\":\"Home\",\"item\":\"https:\\\/\\\/www.ocean4future.org\\\/savetheocean\"},{\"@type\":\"ListItem\",\"position\":2,\"name\":\"Reportage: Taranto e i XX Giochi del Mediterraneo di Francesco Scarpetta\"}]},{\"@type\":\"WebSite\",\"@id\":\"https:\\\/\\\/www.ocean4future.org\\\/savetheocean\\\/#website\",\"url\":\"https:\\\/\\\/www.ocean4future.org\\\/savetheocean\\\/\",\"name\":\"Ocean 4 Future\",\"description\":\"Per una nuova cultura del mare e della marittimit\u00e0\",\"publisher\":{\"@id\":\"https:\\\/\\\/www.ocean4future.org\\\/savetheocean\\\/#\\\/schema\\\/person\\\/4e1c26437054353074d7bb2efa77162c\"},\"potentialAction\":[{\"@type\":\"SearchAction\",\"target\":{\"@type\":\"EntryPoint\",\"urlTemplate\":\"https:\\\/\\\/www.ocean4future.org\\\/savetheocean\\\/?s={search_term_string}\"},\"query-input\":{\"@type\":\"PropertyValueSpecification\",\"valueRequired\":true,\"valueName\":\"search_term_string\"}}],\"inLanguage\":\"it-IT\"},{\"@type\":[\"Person\",\"Organization\"],\"@id\":\"https:\\\/\\\/www.ocean4future.org\\\/savetheocean\\\/#\\\/schema\\\/person\\\/4e1c26437054353074d7bb2efa77162c\",\"name\":\"oceandiver\",\"image\":{\"@type\":\"ImageObject\",\"inLanguage\":\"it-IT\",\"@id\":\"https:\\\/\\\/www.ocean4future.org\\\/savetheocean\\\/wp-content\\\/uploads\\\/2023\\\/04\\\/logo-ocean3.jpg\",\"url\":\"https:\\\/\\\/www.ocean4future.org\\\/savetheocean\\\/wp-content\\\/uploads\\\/2023\\\/04\\\/logo-ocean3.jpg\",\"contentUrl\":\"https:\\\/\\\/www.ocean4future.org\\\/savetheocean\\\/wp-content\\\/uploads\\\/2023\\\/04\\\/logo-ocean3.jpg\",\"width\":472,\"height\":301,\"caption\":\"oceandiver\"},\"logo\":{\"@id\":\"https:\\\/\\\/www.ocean4future.org\\\/savetheocean\\\/wp-content\\\/uploads\\\/2023\\\/04\\\/logo-ocean3.jpg\"}},{\"@type\":\"Person\",\"@id\":\"https:\\\/\\\/www.ocean4future.org\\\/savetheocean\\\/#\\\/schema\\\/person\\\/785c670798068ea489bc64b063d2efd7\",\"name\":\"Francesco Scarpetta\",\"image\":{\"@type\":\"ImageObject\",\"inLanguage\":\"it-IT\",\"@id\":\"https:\\\/\\\/secure.gravatar.com\\\/avatar\\\/f29e1eb92bc2d807f568d5afbd3a1340bc5726c966d0624c14067a172d8251bc?s=96&d=mm&r=g\",\"url\":\"https:\\\/\\\/secure.gravatar.com\\\/avatar\\\/f29e1eb92bc2d807f568d5afbd3a1340bc5726c966d0624c14067a172d8251bc?s=96&d=mm&r=g\",\"contentUrl\":\"https:\\\/\\\/secure.gravatar.com\\\/avatar\\\/f29e1eb92bc2d807f568d5afbd3a1340bc5726c966d0624c14067a172d8251bc?s=96&d=mm&r=g\",\"caption\":\"Francesco Scarpetta\"},\"description\":\"L'ammiraglio Francesco Scarpetta \u00e8 nato a Taranto nel 1959; entrato in Accademia Navale nel 1978 ha completato la sua formazione professionale nel 1982, conseguendo la qualifica accademica di Dottore Magistrale in Scienze Marittime e Navali nel 2006. Dal 1983 al 1990 ha svolto vari incarichi a bordo delle Unit\u00e0 della Squadra Navale nell'ambito del Componente Telecomunicazioni. Nel 1995 ha conseguito la Specializzazione TLC nel primo Corso di Specializzazione interforze presso la Scuola di Trasmissioni della Cecchignola. Dopo i comando di Nave Urania ha svolto vari incarichi nell\u2019ambito dello Stato maggiore e della NATO. Nel biennio 2009\\\/2011 ha comandato la Scuola Telecomunicazioni delle FF.AA. a Chiavari e successivamente, fino al 2013, ricoperto l\u2019incarico di Capo Divisione Telecomunicazioni della Squadra Navale. Promosso Contrammiraglio nel 2015, \u00e8 attualmente nella Riserva e vive a Roma.\",\"url\":\"https:\\\/\\\/www.ocean4future.org\\\/savetheocean\\\/archives\\\/author\\\/francesco-scarpetta\"}]}<\/script>\n<!-- \/ Yoast SEO plugin. -->","yoast_head_json":{"title":"Reportage: Taranto e i XX Giochi del Mediterraneo di Francesco Scarpetta &#8226; OCEAN4FUTURE autore","robots":{"index":"index","follow":"follow","max-snippet":"max-snippet:-1","max-image-preview":"max-image-preview:large","max-video-preview":"max-video-preview:-1"},"canonical":"https:\/\/www.ocean4future.org\/savetheocean\/archives\/133578","og_locale":"it_IT","og_type":"article","og_title":"Reportage: Taranto e i XX Giochi del Mediterraneo di Francesco Scarpetta &#8226; OCEAN4FUTURE autore","og_description":"tempo di lettura:  8 minuti. . ARGOMENTO: REPORTAGE PERIODO: XXI SECOLO AREA: TARANTO parole chiave: Giochi del Mediterraneo Dal 21 agosto al 3 settembre 2026 si sono svolti a Taranto i Giochi del Mediterraneo, giunti oramai alla loro ventesima edizione. La loro apertura avviene nel rinato Stadio Erasmo Iacovone la sera del 21 agosto con la Cerimonia inaugurale dei [&hellip;]","og_url":"https:\/\/www.ocean4future.org\/savetheocean\/archives\/133578","og_site_name":"OCEAN4FUTURE","article_published_time":"2026-09-03T22:02:00+00:00","article_modified_time":"2026-09-04T04:50:10+00:00","og_image":[{"width":1150,"height":647,"url":"https:\/\/www.ocean4future.org\/savetheocean\/wp-content\/uploads\/2026\/09\/atleta-di-taranto.jpg","type":"image\/jpeg"}],"author":"Francesco Scarpetta","twitter_card":"summary_large_image","twitter_creator":"@ocean4future","twitter_site":"@ocean4future","twitter_misc":{"Scritto da":"Francesco Scarpetta","Tempo di lettura stimato":"13 minuti"},"schema":{"@context":"https:\/\/schema.org","@graph":[{"@type":"Article","@id":"https:\/\/www.ocean4future.org\/savetheocean\/archives\/133578#article","isPartOf":{"@id":"https:\/\/www.ocean4future.org\/savetheocean\/archives\/133578"},"author":{"name":"Francesco Scarpetta","@id":"https:\/\/www.ocean4future.org\/savetheocean\/#\/schema\/person\/785c670798068ea489bc64b063d2efd7"},"headline":"Reportage: Taranto e i XX Giochi del Mediterraneo di Francesco Scarpetta","datePublished":"2026-09-03T22:02:00+00:00","dateModified":"2026-09-04T04:50:10+00:00","mainEntityOfPage":{"@id":"https:\/\/www.ocean4future.org\/savetheocean\/archives\/133578"},"wordCount":2034,"commentCount":0,"publisher":{"@id":"https:\/\/www.ocean4future.org\/savetheocean\/#\/schema\/person\/4e1c26437054353074d7bb2efa77162c"},"image":{"@id":"https:\/\/www.ocean4future.org\/savetheocean\/archives\/133578#primaryimage"},"thumbnailUrl":"https:\/\/www.ocean4future.org\/savetheocean\/wp-content\/uploads\/2026\/09\/atleta-di-taranto.jpg","articleSection":["Reportage"],"inLanguage":"it-IT","potentialAction":[{"@type":"CommentAction","name":"Comment","target":["https:\/\/www.ocean4future.org\/savetheocean\/archives\/133578#respond"]}]},{"@type":"WebPage","@id":"https:\/\/www.ocean4future.org\/savetheocean\/archives\/133578","url":"https:\/\/www.ocean4future.org\/savetheocean\/archives\/133578","name":"Reportage: Taranto e i XX Giochi del Mediterraneo di Francesco Scarpetta &#8226; OCEAN4FUTURE autore","isPartOf":{"@id":"https:\/\/www.ocean4future.org\/savetheocean\/#website"},"primaryImageOfPage":{"@id":"https:\/\/www.ocean4future.org\/savetheocean\/archives\/133578#primaryimage"},"image":{"@id":"https:\/\/www.ocean4future.org\/savetheocean\/archives\/133578#primaryimage"},"thumbnailUrl":"https:\/\/www.ocean4future.org\/savetheocean\/wp-content\/uploads\/2026\/09\/atleta-di-taranto.jpg","datePublished":"2026-09-03T22:02:00+00:00","dateModified":"2026-09-04T04:50:10+00:00","breadcrumb":{"@id":"https:\/\/www.ocean4future.org\/savetheocean\/archives\/133578#breadcrumb"},"inLanguage":"it-IT","potentialAction":[{"@type":"ReadAction","target":["https:\/\/www.ocean4future.org\/savetheocean\/archives\/133578"]}]},{"@type":"ImageObject","inLanguage":"it-IT","@id":"https:\/\/www.ocean4future.org\/savetheocean\/archives\/133578#primaryimage","url":"https:\/\/www.ocean4future.org\/savetheocean\/wp-content\/uploads\/2026\/09\/atleta-di-taranto.jpg","contentUrl":"https:\/\/www.ocean4future.org\/savetheocean\/wp-content\/uploads\/2026\/09\/atleta-di-taranto.jpg","width":1150,"height":647},{"@type":"BreadcrumbList","@id":"https:\/\/www.ocean4future.org\/savetheocean\/archives\/133578#breadcrumb","itemListElement":[{"@type":"ListItem","position":1,"name":"Home","item":"https:\/\/www.ocean4future.org\/savetheocean"},{"@type":"ListItem","position":2,"name":"Reportage: Taranto e i XX Giochi del Mediterraneo di Francesco Scarpetta"}]},{"@type":"WebSite","@id":"https:\/\/www.ocean4future.org\/savetheocean\/#website","url":"https:\/\/www.ocean4future.org\/savetheocean\/","name":"Ocean 4 Future","description":"Per una nuova cultura del mare e della marittimit\u00e0","publisher":{"@id":"https:\/\/www.ocean4future.org\/savetheocean\/#\/schema\/person\/4e1c26437054353074d7bb2efa77162c"},"potentialAction":[{"@type":"SearchAction","target":{"@type":"EntryPoint","urlTemplate":"https:\/\/www.ocean4future.org\/savetheocean\/?s={search_term_string}"},"query-input":{"@type":"PropertyValueSpecification","valueRequired":true,"valueName":"search_term_string"}}],"inLanguage":"it-IT"},{"@type":["Person","Organization"],"@id":"https:\/\/www.ocean4future.org\/savetheocean\/#\/schema\/person\/4e1c26437054353074d7bb2efa77162c","name":"oceandiver","image":{"@type":"ImageObject","inLanguage":"it-IT","@id":"https:\/\/www.ocean4future.org\/savetheocean\/wp-content\/uploads\/2023\/04\/logo-ocean3.jpg","url":"https:\/\/www.ocean4future.org\/savetheocean\/wp-content\/uploads\/2023\/04\/logo-ocean3.jpg","contentUrl":"https:\/\/www.ocean4future.org\/savetheocean\/wp-content\/uploads\/2023\/04\/logo-ocean3.jpg","width":472,"height":301,"caption":"oceandiver"},"logo":{"@id":"https:\/\/www.ocean4future.org\/savetheocean\/wp-content\/uploads\/2023\/04\/logo-ocean3.jpg"}},{"@type":"Person","@id":"https:\/\/www.ocean4future.org\/savetheocean\/#\/schema\/person\/785c670798068ea489bc64b063d2efd7","name":"Francesco Scarpetta","image":{"@type":"ImageObject","inLanguage":"it-IT","@id":"https:\/\/secure.gravatar.com\/avatar\/f29e1eb92bc2d807f568d5afbd3a1340bc5726c966d0624c14067a172d8251bc?s=96&d=mm&r=g","url":"https:\/\/secure.gravatar.com\/avatar\/f29e1eb92bc2d807f568d5afbd3a1340bc5726c966d0624c14067a172d8251bc?s=96&d=mm&r=g","contentUrl":"https:\/\/secure.gravatar.com\/avatar\/f29e1eb92bc2d807f568d5afbd3a1340bc5726c966d0624c14067a172d8251bc?s=96&d=mm&r=g","caption":"Francesco Scarpetta"},"description":"L'ammiraglio Francesco Scarpetta \u00e8 nato a Taranto nel 1959; entrato in Accademia Navale nel 1978 ha completato la sua formazione professionale nel 1982, conseguendo la qualifica accademica di Dottore Magistrale in Scienze Marittime e Navali nel 2006. Dal 1983 al 1990 ha svolto vari incarichi a bordo delle Unit\u00e0 della Squadra Navale nell'ambito del Componente Telecomunicazioni. Nel 1995 ha conseguito la Specializzazione TLC nel primo Corso di Specializzazione interforze presso la Scuola di Trasmissioni della Cecchignola. Dopo i comando di Nave Urania ha svolto vari incarichi nell\u2019ambito dello Stato maggiore e della NATO. Nel biennio 2009\/2011 ha comandato la Scuola Telecomunicazioni delle FF.AA. a Chiavari e successivamente, fino al 2013, ricoperto l\u2019incarico di Capo Divisione Telecomunicazioni della Squadra Navale. Promosso Contrammiraglio nel 2015, \u00e8 attualmente nella Riserva e vive a Roma.","url":"https:\/\/www.ocean4future.org\/savetheocean\/archives\/author\/francesco-scarpetta"}]}},"_links":{"self":[{"href":"https:\/\/www.ocean4future.org\/savetheocean\/wp-json\/wp\/v2\/posts\/133578","targetHints":{"allow":["GET"]}}],"collection":[{"href":"https:\/\/www.ocean4future.org\/savetheocean\/wp-json\/wp\/v2\/posts"}],"about":[{"href":"https:\/\/www.ocean4future.org\/savetheocean\/wp-json\/wp\/v2\/types\/post"}],"author":[{"embeddable":true,"href":"https:\/\/www.ocean4future.org\/savetheocean\/wp-json\/wp\/v2\/users\/4444"}],"replies":[{"embeddable":true,"href":"https:\/\/www.ocean4future.org\/savetheocean\/wp-json\/wp\/v2\/comments?post=133578"}],"version-history":[{"count":35,"href":"https:\/\/www.ocean4future.org\/savetheocean\/wp-json\/wp\/v2\/posts\/133578\/revisions"}],"predecessor-version":[{"id":133888,"href":"https:\/\/www.ocean4future.org\/savetheocean\/wp-json\/wp\/v2\/posts\/133578\/revisions\/133888"}],"wp:featuredmedia":[{"embeddable":true,"href":"https:\/\/www.ocean4future.org\/savetheocean\/wp-json\/wp\/v2\/media\/133812"}],"wp:attachment":[{"href":"https:\/\/www.ocean4future.org\/savetheocean\/wp-json\/wp\/v2\/media?parent=133578"}],"wp:term":[{"taxonomy":"category","embeddable":true,"href":"https:\/\/www.ocean4future.org\/savetheocean\/wp-json\/wp\/v2\/categories?post=133578"},{"taxonomy":"post_tag","embeddable":true,"href":"https:\/\/www.ocean4future.org\/savetheocean\/wp-json\/wp\/v2\/tags?post=133578"}],"curies":[{"name":"wp","href":"https:\/\/api.w.org\/{rel}","templated":true}]}}