{"id":133444,"date":"2026-08-30T00:02:00","date_gmt":"2026-08-29T22:02:00","guid":{"rendered":"https:\/\/www.ocean4future.org\/savetheocean\/?p=133444"},"modified":"2026-08-30T16:00:40","modified_gmt":"2026-08-30T14:00:40","slug":"editoriale-del-30-agosto-2026-perche-e-molto-piu-difficile-uccidere-un-fantasma-che-la-realta-la-disinformazione-nellera-digitale","status":"publish","type":"post","link":"https:\/\/www.ocean4future.org\/savetheocean\/archives\/133444","title":{"rendered":"Editoriale del 30 agosto 2026: perch\u00e8 \u00e8 molto pi\u00f9 difficile uccidere un fantasma che la realt\u00e0? La &#8220;voluta&#8221; disinformazione nell&#8217;era digitale"},"content":{"rendered":"<span class=\"span-reading-time rt-reading-time\" style=\"display: block;\"><span class=\"rt-label rt-prefix\">tempo di lettura: <\/span> <span class=\"rt-time\"> 6<\/span> <span class=\"rt-label rt-postfix\">minuti<\/span><\/span><p><span style=\"color: #ffffff;\">.<\/span><br \/>\n<a class=\"maxbutton-4 maxbutton maxbutton-livello-di-comprensione\" href=\"javascript:void(0);\"><span class='mb-text'>livello elementare<\/span><\/a><br \/>\n<span style=\"color: #ffffff;\">.<\/span><br \/>\n<strong><span style=\"color: #008000;\">ARGOMENTO: EDITORIALE<\/span><\/strong><br \/>\n<strong><span style=\"color: #008000;\">PERIODO: XXI SECOLO<\/span><\/strong><br \/>\n<strong><span style=\"color: #008000;\">AREA: COMUNICAZIONE<\/span><\/strong><br \/>\nparole chiave: news, informazione<\/p>\n<p style=\"text-align: justify;\">Buongiorno e buona domenica, eccoci di nuovo all\u2019appuntamento domenicale, un\u2019occasione per scambiare idee sul mondo che cambia. Leggendo qua e l\u00e0 sui titoli dei media di questa settimana mi sono imbattuto in alcune notizie quanto meno curiose, meritevoli secondo i giornalisti che se ne erano occupati di riempire lo spazio editoriale di riviste molto conosciute. Pensate, &#8220;due bagnanti morsi da tartarughe di mare&#8221;, una notizia intesa a colpire l&#8217;immaginario collettivo del popolo delle spiagge, argomento di discussione tra spritz e gossip.<\/p>\n<p style=\"text-align: justify;\"><img loading=\"lazy\" decoding=\"async\" class=\"alignnone size-full wp-image-599\" src=\"https:\/\/www.ocean4future.org\/savetheocean\/wp-content\/uploads\/2015\/03\/2013-polpessa-allElba-plus-e1787862178358.jpg\" alt=\"\" width=\"1200\" height=\"782\" \/><\/p>\n<p style=\"text-align: justify;\">Leggendo qua e l\u00e0 nella galassia della rete scopriamo anche che anche i polpi possono mordere e che gli squali possono essere, pensate, letali. Eppure basterebbe leggere sul manuale delle marmotte, edizione secolo scorso, per scoprire molte pi\u00f9 cose sul regno animale. Penserete: ecco la solita frecciatina verso coloro che con questo lavoro ci vivono &#8230; ma non \u00e8 cos\u00ec, voglio solo cogliere l&#8217;occasione per parlarvi di una questione pi\u00f9 seria. Mi domando se dietro la corsa a riempire gli spazi editoriali ci sia l&#8217;intenzione benevola di arricchire il livello culturale dei sempre meno lettori partendo dal basso oppure il problema sia ancora pi\u00f9 vasto e riguardi anche alcuni seri professionisti della carta sempre meno stampata. Che viviamo in un&#8217;epoca in cui l&#8217;ignoranza si \u00e8 intimamente diffusa nelle classi pi\u00f9 deboli \u00e8 ben noto &#8230; servire panem et circenses funziona sempre.\u00a0 Gli esempi li leggiamo e sentiamo quotidianamente: per par condicio (bisogna dare a tutti la possibilit\u00e0 di parlare) si odono rappresentanti della cultura propinarci strafalcioni che farebbero suicidare i padri della nostra letteratura. E non \u00e8 un male solo italiano; ricordate che sempre per par condicio sono stati messi in discussione, se non all&#8217;indice, autori ed opere ritenute sessiste da parte del movimento woke (per assurdo woke deriverebbe dal verbo to wake, svegliarsi). Sempre oltre oceano, sempre per par condicio, durante il COVID fu consigliato di fare sciacqui con la candeggina (e molti lo fecero davvero)<strong><sup>1<\/sup><\/strong>.<\/p>\n<p style=\"text-align: justify;\">In sintesi, stiamo subendo un&#8217;imposizione di una cultura ritenuta migliore delle altre che porta a non studiare pi\u00f9 nelle scuole scienza, storia e geografia (a cosa servono? \u00e8 solo nozionismo e se uno vuole pu\u00f2 sempre aprire wikipedia) &#8230; in parallelo i media non sono da meno; eserciti di influencer ci insegnano che l&#8217;acqua calda brucia e che il glutine fa male a tutti (ma chi l&#8217;ha detto?).\u00a0 Insomma stiamo diventando tutti, ma ugualmente, pi\u00f9 ignoranti, favoriti in questo processo non virtuoso dalla disinformazione mediatica, che come sempre conviene ad alcuni. Sentirsi dire da giornalisti professionisti (io non lo sono) che \u00e8 vero che si fanno errori comunicativi, anche eclatanti, ma l\u2019importante \u00e8 dare le notizie prima degli altri, consentitemi, \u00e8 sconvolgente.<\/p>\n<p style=\"text-align: justify;\"><span style=\"font-size: 20px;\"><strong><span style=\"color: #008000;\">Ma c&#8217;\u00e8 qualcos&#8217;altro<\/span><\/strong><\/span><br \/>\nVi siete mai chiesti per quale motivo siamo tempestati principalmente da notizie che favoriscono reazioni di paura, indignazione, senso di impotenza? Io non sono uno psicologo, ma basta poco per comprendere che ci\u00f2 che si vuole \u00e8 solo attrarre la curiosit\u00e0 dei lettori, o meglio ascoltatori, senza alcuna preoccupazione per gli effetti che certe immagini producono. Si tratta del sensazionalismo che tanto piace ai giovani di tutte le et\u00e0, che non vogliono crescere e soprattutto soffrire. I media non si preoccupano della crescita degli utenti, evitando di analizzare gli argomenti con equilibrio e onest\u00e0 intellettuale. Certo sarebbe meglio far insorgere dei dubbi piuttosto che imporre false verit\u00e0. Una situazione che sta rivelando i suoi lati negativi, affidando il futuro a nuove generazioni ignoranti (dal verbo ignorare) che preferiscono video o foto eclatanti che colpiscano l\u2019immaginario collettivo, dando risposte immediate che appaghino i nostri pi\u00f9 intimi desideri (anche la paura \u00e8 un bisogno naturale), seguite da notizie che narcotizzino i sentimenti umani che suscitano.<\/p>\n<p><img loading=\"lazy\" decoding=\"async\" class=\"alignnone size-full wp-image-133447\" src=\"https:\/\/www.ocean4future.org\/savetheocean\/wp-content\/uploads\/2026\/08\/Immagine2.png\" alt=\"\" width=\"1280\" height=\"964\" srcset=\"https:\/\/www.ocean4future.org\/savetheocean\/wp-content\/uploads\/2026\/08\/Immagine2.png 1280w, https:\/\/www.ocean4future.org\/savetheocean\/wp-content\/uploads\/2026\/08\/Immagine2-300x226.png 300w, https:\/\/www.ocean4future.org\/savetheocean\/wp-content\/uploads\/2026\/08\/Immagine2-1024x771.png 1024w, https:\/\/www.ocean4future.org\/savetheocean\/wp-content\/uploads\/2026\/08\/Immagine2-768x578.png 768w, https:\/\/www.ocean4future.org\/savetheocean\/wp-content\/uploads\/2026\/08\/Immagine2-1200x904.png 1200w\" sizes=\"auto, (max-width: 1280px) 100vw, 1280px\" \/><\/p>\n<p style=\"text-align: justify;\">Ecco una foto (generata con l\u2019Intelligenza artificiale) di uno squalo bianco fotografato da un subacqueo con una macchina fotografica DSRL (senza custodia subacquea). Ho mostrato questa foto ad una mia conferenza sull\u2019IA , chiedendo che cosa gli spettatori vedessero nella foto e la maggior parte si concentrava sulle fauci dello squalo \u2026 nessuno sul subacqueo (a meno di chiedermi se fosse ancora vivo). Anche i sentimenti vengono addomesticati: non pi\u00f9 gestione del dolore (non si portano i bambini ai funerali perch\u00e9 se no si possono traumatizzare \u2013 purtroppo si sente anche questo) ma solo fastidi da evitare narcotizzandoli con altre emozioni. The <strong><span style=\"color: #008000;\"><em>show must go on<\/em><\/span><\/strong>, cantavano i Queen: \u201c <strong><em><span style=\"color: #008000;\">Gli spazi vuoti, per cosa viviamo? I posti abbandonati, suppongo che conosciamo la situazione, Ancora e ancora. Qualcuno sa cosa stiamo cercando?<\/span><\/em><\/strong>\u201d.<\/p>\n<p style=\"text-align: justify;\">E&#8217; un modo di superare gli spazi vuoti che ci hanno creato, facendoci crescere nell\u2019illusione che tutto sia facile e non ci sia la necessit\u00e0 di fare sacrifici. D\u2019altronde, come scrisse <strong><span style=\"color: #008000;\">Demostene<\/span><\/strong>: \u201c<strong><em><span style=\"color: #008000;\">Nulla \u00e8 pi\u00f9 facile che illudersi, perch\u00e9 ci\u00f2 che ogni uomo desidera, crede anche che sia vero.<\/span><\/em><\/strong>\u201d \u2026 e ancora \u2026 \u201c<strong><em><span style=\"color: #008000;\">E\u2019 molto pi\u00f9 difficile uccidere un fantasma che una realt\u00e0.<\/span><\/em><\/strong>\u201d (Virginia Woolf). Va bene, va bene cos\u00ec \u2026 \u00e8 bello sognare ma prima o poi ci dovremo svegliare, e magari non a seguito di un incubo. L\u2019importanza della conoscenza \u00e8 quindi un valore da riscoprire, privilegiando la certo pi\u00f9 faticosa lettura a video demenziali o prediche di santoni che ci fanno scoprire che se mettiamo la mano in bocca ad un cane o ad un gatto &#8211; incredibile vero? &#8211; ci possono anche mordere. Oppure che le miti tartarughine possono azzannarci se le urtiamo sulla spiaggia (aggiungerei anche i granchi che ci possono pizzicare con le loro chele). Disinformazione gratuita che suscita nei distratti lettori curiosit\u00e0, paura e ilarit\u00e0 ma certo non li aiuta a crescere, lasciandoli vivere nel loro ego.<\/p>\n<p style=\"text-align: justify;\"><span style=\"font-size: 20px;\"><strong><span style=\"color: #008000;\">Qualcosa sta cambiando<\/span><\/strong><\/span><br \/>\nPer fortuna, a livello mondiale qualcosa si sta muovendo e anche qualche testata di cronaca importante ha introdotto reportage approfonditi, non tanto per suscitare nuove paure ma per dare informazioni positive su ci\u00f2 che invece funziona nella realt\u00e0 quotidiana. Ecco che si scopre che ci sono progressi in campi spinosi come i cambiamenti climatici, nel mondo economico e delle imprese ma anche nel mondo sanitario. La politica del NO &#8211; per definizione &#8211; viene sostituita da quella del \u201c<strong><em><span style=\"color: #008000;\">ricerchiamo nuove soluzioni, combattiamo l\u2019immobilismo, diamo una visione pi\u00f9 reale ed equilibrata di ci\u00f2 che ci circonda<\/span><\/em><\/strong>\u201d. In un mondo in cui sembra ci siano solo guerre e dolore, scopriamo che esistono ancora belle storie di amore e di speranza, intese non a edulcorare una situazione che spesso appare tutt\u2019altro che rosea, ma a far capire che da sempre esiste una armonia tra il bene ed il male, che sono due aspetti complementari del mondo in cui viviamo. Che esistono tante persone che rinunciano ad una vita tranquilla e ovattata per dedicarsi a coloro che hanno bisogno (e non c&#8217;\u00e8 bisogno di andare all&#8217;estero). Che non guardano solo a se stessi, ai propri egoismi, ma cercano nella condivisione con gli altri stimoli positivi che diano un senso alla vita.<\/p>\n<p style=\"text-align: justify;\"><img loading=\"lazy\" decoding=\"async\" class=\"alignnone size-full wp-image-133476\" src=\"https:\/\/www.ocean4future.org\/savetheocean\/wp-content\/uploads\/2026\/08\/AI-FIORE-SU-DISTRUZIONE-e1787862053396.jpg\" alt=\"\" width=\"1200\" height=\"800\" \/><\/p>\n<p style=\"text-align: justify;\">Quello che ci vuole \u00e8 un\u2019ondata di realismo ma anche di sano ottimismo al fine di instillare un dialogo costruttivo fra i lettori ed il mondo che ci circonda. <strong><span style=\"color: #008000;\">Va bene segnalare, denunciare, modificare situazioni errate ma anche valorizzare quelle tante iniziative materiali e di pensiero che possono contribuire positivamente al nostro futuro.<\/span><\/strong> Perch\u00e9, non dimentichiamolo, il futuro siamo noi, attori di questa grande commedia che viene descritta come la storia umana. Quando su <strong><span style=\"color: #008000;\">OCEAN4FUTURE<\/span><\/strong> raccontiamo il passato, il presente ed il futuro lo facciamo per darvi nuovi strumenti per valutare ci\u00f2 che ci circonda. <strong><span style=\"color: #008000;\">Il nostro scopo \u00e8 di far crescere lettori sempre pi\u00f9 consapevoli<\/span> <span style=\"color: #008000;\">del mondo che ci circonda <\/span><\/strong>\u2026 e gli oltre 23 milioni di accessi annui al nostro sito ci confermano che esistono ancora tanti lettori che non si fermano alle immagini, vere o false che siano, ma leggano e riflettano su ci\u00f2 che proponiamo. D&#8217;altronde, come scrisse Bernard Russel, da sempre, \u201c<strong><em><span style=\"color: #008000;\">Il\u00a0problema\u00a0dell&#8217;Umanit\u00e0\u00a0\u00e8 che gli\u00a0stupidi\u00a0sono sempre sicurissimi, mentre gli\u00a0intelligenti\u00a0sono pieni di\u00a0dubbi.<\/span><\/em><\/strong>\u201d<br \/>\n<strong><span style=\"color: #008000;\">Andrea Mucedola<\/span><\/strong><\/p>\n<p style=\"text-align: justify;\">1 La notizia fu riportata dal <strong><span style=\"color: #008000;\">Centers for Disease Control and Prevention<\/span><\/strong>, un&#8217;agenzia federale di controllo sulla sanit\u00e0 pubblica degli Stati Uniti d&#8217;America, a seguito di un&#8217;inchiesta a campione condotta durante l\u2019epidemia COVID 19 da cui emerse che un terzo degli interpellati aveva fatto ricorso a cure e o tecniche preventive (facendo gargarismi con candeggina e detersivi) che avevano messo a rischio la salute.<\/p>\n<p style=\"text-align: justify;\"><span style=\"color: #ffffff;\">.<\/span><br \/>\n<a class=\"maxbutton-3 maxbutton maxbutton-pagina-principale\" target=\"_blank\" title=\"tooltip\" rel=\"nofollow noopener\" href=\"http:\/\/www.ocean4future.org\"><span class='mb-text'>PAGINA PRINCIPALE - HOME PAGE<\/span><\/a><br \/>\n<span style=\"color: #ffffff;\">.<\/span><br \/>\nAlcune delle immagini possono essere state prese dal web, citandone ove possibile gli autori e\/o le fonti. Se qualcuno desiderasse specificarne l\u2019autore e le fonti o rimuoverle, pu\u00f2 scrivere a infoocean4future@gmail.com e provvederemo immediatamente alla correzione dell\u2019articolo<br \/>\n<span style=\"color: #ffffff;\">.<\/span><\/p>\n","protected":false},"excerpt":{"rendered":"<p><span class=\"span-reading-time rt-reading-time\" style=\"display: block;\"><span class=\"rt-label rt-prefix\">tempo di lettura: <\/span> <span class=\"rt-time\"> 6<\/span> <span class=\"rt-label rt-postfix\">minuti<\/span><\/span>. . ARGOMENTO: EDITORIALE PERIODO: XXI SECOLO AREA: COMUNICAZIONE parole chiave: news, informazione Buongiorno e buona domenica, eccoci di nuovo all\u2019appuntamento domenicale, un\u2019occasione per scambiare idee sul mondo che cambia. Leggendo qua e l\u00e0 sui titoli dei media di questa settimana mi sono imbattuto in alcune notizie quanto meno curiose, meritevoli secondo i giornalisti che [&hellip;]<\/p>\n","protected":false},"author":2380,"featured_media":133476,"comment_status":"open","ping_status":"open","sticky":false,"template":"","format":"standard","meta":{"_acf_changed":false,"_monsterinsights_skip_tracking":false,"footnotes":""},"categories":[2433],"tags":[],"class_list":["post-133444","post","type-post","status-publish","format-standard","has-post-thumbnail","hentry","category-editoriale"],"acf":[],"yoast_head":"<!-- This site is optimized with the Yoast SEO plugin v28.3 - https:\/\/yoast.com\/product\/yoast-seo-wordpress\/ -->\n<title>Editoriale del 30 agosto 2026: perch\u00e8 \u00e8 molto pi\u00f9 difficile uccidere un fantasma che la realt\u00e0? La &quot;voluta&quot; disinformazione nell&#039;era digitale &#8226; OCEAN4FUTURE autore<\/title>\n<meta name=\"robots\" content=\"index, follow, max-snippet:-1, max-image-preview:large, max-video-preview:-1\" \/>\n<link rel=\"canonical\" href=\"https:\/\/www.ocean4future.org\/savetheocean\/archives\/133444\" \/>\n<meta property=\"og:locale\" content=\"it_IT\" \/>\n<meta property=\"og:type\" content=\"article\" \/>\n<meta property=\"og:title\" content=\"Editoriale del 30 agosto 2026: perch\u00e8 \u00e8 molto pi\u00f9 difficile uccidere un fantasma che la realt\u00e0? La &quot;voluta&quot; disinformazione nell&#039;era digitale &#8226; OCEAN4FUTURE autore\" \/>\n<meta property=\"og:description\" content=\"tempo di lettura:  6 minuti. . ARGOMENTO: EDITORIALE PERIODO: XXI SECOLO AREA: COMUNICAZIONE parole chiave: news, informazione Buongiorno e buona domenica, eccoci di nuovo all\u2019appuntamento domenicale, un\u2019occasione per scambiare idee sul mondo che cambia. Leggendo qua e l\u00e0 sui titoli dei media di questa settimana mi sono imbattuto in alcune notizie quanto meno curiose, meritevoli secondo i giornalisti che [&hellip;]\" \/>\n<meta property=\"og:url\" content=\"https:\/\/www.ocean4future.org\/savetheocean\/archives\/133444\" \/>\n<meta property=\"og:site_name\" content=\"OCEAN4FUTURE\" \/>\n<meta property=\"article:published_time\" content=\"2026-08-29T22:02:00+00:00\" \/>\n<meta property=\"article:modified_time\" content=\"2026-08-30T14:00:40+00:00\" \/>\n<meta property=\"og:image\" content=\"https:\/\/www.ocean4future.org\/savetheocean\/wp-content\/uploads\/2026\/08\/AI-FIORE-SU-DISTRUZIONE-e1787862053396.jpg\" \/>\n\t<meta property=\"og:image:width\" content=\"1200\" \/>\n\t<meta property=\"og:image:height\" content=\"800\" \/>\n\t<meta property=\"og:image:type\" content=\"image\/jpeg\" \/>\n<meta name=\"author\" content=\"Andrea Mucedola\" \/>\n<meta name=\"twitter:card\" content=\"summary_large_image\" \/>\n<meta name=\"twitter:creator\" content=\"@ocean4future\" \/>\n<meta name=\"twitter:site\" content=\"@ocean4future\" \/>\n<meta name=\"twitter:label1\" content=\"Scritto da\" \/>\n\t<meta name=\"twitter:data1\" content=\"Andrea Mucedola\" \/>\n\t<meta name=\"twitter:label2\" content=\"Tempo di lettura stimato\" \/>\n\t<meta name=\"twitter:data2\" content=\"9 minuti\" \/>\n<script type=\"application\/ld+json\" class=\"yoast-schema-graph\">{\"@context\":\"https:\\\/\\\/schema.org\",\"@graph\":[{\"@type\":\"Article\",\"@id\":\"https:\\\/\\\/www.ocean4future.org\\\/savetheocean\\\/archives\\\/133444#article\",\"isPartOf\":{\"@id\":\"https:\\\/\\\/www.ocean4future.org\\\/savetheocean\\\/archives\\\/133444\"},\"author\":{\"name\":\"Andrea Mucedola\",\"@id\":\"https:\\\/\\\/www.ocean4future.org\\\/savetheocean\\\/#\\\/schema\\\/person\\\/252d25dcc5c002abcde7b2d4baa78f13\"},\"headline\":\"Editoriale del 30 agosto 2026: perch\u00e8 \u00e8 molto pi\u00f9 difficile uccidere un fantasma che la realt\u00e0? La &#8220;voluta&#8221; disinformazione nell&#8217;era digitale\",\"datePublished\":\"2026-08-29T22:02:00+00:00\",\"dateModified\":\"2026-08-30T14:00:40+00:00\",\"mainEntityOfPage\":{\"@id\":\"https:\\\/\\\/www.ocean4future.org\\\/savetheocean\\\/archives\\\/133444\"},\"wordCount\":1466,\"commentCount\":0,\"publisher\":{\"@id\":\"https:\\\/\\\/www.ocean4future.org\\\/savetheocean\\\/#\\\/schema\\\/person\\\/4e1c26437054353074d7bb2efa77162c\"},\"image\":{\"@id\":\"https:\\\/\\\/www.ocean4future.org\\\/savetheocean\\\/archives\\\/133444#primaryimage\"},\"thumbnailUrl\":\"https:\\\/\\\/www.ocean4future.org\\\/savetheocean\\\/wp-content\\\/uploads\\\/2026\\\/08\\\/AI-FIORE-SU-DISTRUZIONE-e1787862053396.jpg\",\"articleSection\":[\"Editoriale\"],\"inLanguage\":\"it-IT\",\"potentialAction\":[{\"@type\":\"CommentAction\",\"name\":\"Comment\",\"target\":[\"https:\\\/\\\/www.ocean4future.org\\\/savetheocean\\\/archives\\\/133444#respond\"]}]},{\"@type\":\"WebPage\",\"@id\":\"https:\\\/\\\/www.ocean4future.org\\\/savetheocean\\\/archives\\\/133444\",\"url\":\"https:\\\/\\\/www.ocean4future.org\\\/savetheocean\\\/archives\\\/133444\",\"name\":\"Editoriale del 30 agosto 2026: perch\u00e8 \u00e8 molto pi\u00f9 difficile uccidere un fantasma che la realt\u00e0? La \\\"voluta\\\" disinformazione nell'era digitale &#8226; OCEAN4FUTURE autore\",\"isPartOf\":{\"@id\":\"https:\\\/\\\/www.ocean4future.org\\\/savetheocean\\\/#website\"},\"primaryImageOfPage\":{\"@id\":\"https:\\\/\\\/www.ocean4future.org\\\/savetheocean\\\/archives\\\/133444#primaryimage\"},\"image\":{\"@id\":\"https:\\\/\\\/www.ocean4future.org\\\/savetheocean\\\/archives\\\/133444#primaryimage\"},\"thumbnailUrl\":\"https:\\\/\\\/www.ocean4future.org\\\/savetheocean\\\/wp-content\\\/uploads\\\/2026\\\/08\\\/AI-FIORE-SU-DISTRUZIONE-e1787862053396.jpg\",\"datePublished\":\"2026-08-29T22:02:00+00:00\",\"dateModified\":\"2026-08-30T14:00:40+00:00\",\"breadcrumb\":{\"@id\":\"https:\\\/\\\/www.ocean4future.org\\\/savetheocean\\\/archives\\\/133444#breadcrumb\"},\"inLanguage\":\"it-IT\",\"potentialAction\":[{\"@type\":\"ReadAction\",\"target\":[\"https:\\\/\\\/www.ocean4future.org\\\/savetheocean\\\/archives\\\/133444\"]}]},{\"@type\":\"ImageObject\",\"inLanguage\":\"it-IT\",\"@id\":\"https:\\\/\\\/www.ocean4future.org\\\/savetheocean\\\/archives\\\/133444#primaryimage\",\"url\":\"https:\\\/\\\/www.ocean4future.org\\\/savetheocean\\\/wp-content\\\/uploads\\\/2026\\\/08\\\/AI-FIORE-SU-DISTRUZIONE-e1787862053396.jpg\",\"contentUrl\":\"https:\\\/\\\/www.ocean4future.org\\\/savetheocean\\\/wp-content\\\/uploads\\\/2026\\\/08\\\/AI-FIORE-SU-DISTRUZIONE-e1787862053396.jpg\",\"width\":1200,\"height\":800},{\"@type\":\"BreadcrumbList\",\"@id\":\"https:\\\/\\\/www.ocean4future.org\\\/savetheocean\\\/archives\\\/133444#breadcrumb\",\"itemListElement\":[{\"@type\":\"ListItem\",\"position\":1,\"name\":\"Home\",\"item\":\"https:\\\/\\\/www.ocean4future.org\\\/savetheocean\"},{\"@type\":\"ListItem\",\"position\":2,\"name\":\"Editoriale del 30 agosto 2026: perch\u00e8 \u00e8 molto pi\u00f9 difficile uccidere un fantasma che la realt\u00e0? La &#8220;voluta&#8221; disinformazione nell&#8217;era digitale\"}]},{\"@type\":\"WebSite\",\"@id\":\"https:\\\/\\\/www.ocean4future.org\\\/savetheocean\\\/#website\",\"url\":\"https:\\\/\\\/www.ocean4future.org\\\/savetheocean\\\/\",\"name\":\"Ocean 4 Future\",\"description\":\"Per una nuova cultura del mare e della marittimit\u00e0\",\"publisher\":{\"@id\":\"https:\\\/\\\/www.ocean4future.org\\\/savetheocean\\\/#\\\/schema\\\/person\\\/4e1c26437054353074d7bb2efa77162c\"},\"potentialAction\":[{\"@type\":\"SearchAction\",\"target\":{\"@type\":\"EntryPoint\",\"urlTemplate\":\"https:\\\/\\\/www.ocean4future.org\\\/savetheocean\\\/?s={search_term_string}\"},\"query-input\":{\"@type\":\"PropertyValueSpecification\",\"valueRequired\":true,\"valueName\":\"search_term_string\"}}],\"inLanguage\":\"it-IT\"},{\"@type\":[\"Person\",\"Organization\"],\"@id\":\"https:\\\/\\\/www.ocean4future.org\\\/savetheocean\\\/#\\\/schema\\\/person\\\/4e1c26437054353074d7bb2efa77162c\",\"name\":\"oceandiver\",\"image\":{\"@type\":\"ImageObject\",\"inLanguage\":\"it-IT\",\"@id\":\"https:\\\/\\\/www.ocean4future.org\\\/savetheocean\\\/wp-content\\\/uploads\\\/2023\\\/04\\\/logo-ocean3.jpg\",\"url\":\"https:\\\/\\\/www.ocean4future.org\\\/savetheocean\\\/wp-content\\\/uploads\\\/2023\\\/04\\\/logo-ocean3.jpg\",\"contentUrl\":\"https:\\\/\\\/www.ocean4future.org\\\/savetheocean\\\/wp-content\\\/uploads\\\/2023\\\/04\\\/logo-ocean3.jpg\",\"width\":472,\"height\":301,\"caption\":\"oceandiver\"},\"logo\":{\"@id\":\"https:\\\/\\\/www.ocean4future.org\\\/savetheocean\\\/wp-content\\\/uploads\\\/2023\\\/04\\\/logo-ocean3.jpg\"}},{\"@type\":\"Person\",\"@id\":\"https:\\\/\\\/www.ocean4future.org\\\/savetheocean\\\/#\\\/schema\\\/person\\\/252d25dcc5c002abcde7b2d4baa78f13\",\"name\":\"Andrea Mucedola\",\"image\":{\"@type\":\"ImageObject\",\"inLanguage\":\"it-IT\",\"@id\":\"https:\\\/\\\/secure.gravatar.com\\\/avatar\\\/befc97e7f9e17a6b60a3969a83be976bdb6f8fc3d0b55cb27b11ae85db4b6240?s=96&d=mm&r=g\",\"url\":\"https:\\\/\\\/secure.gravatar.com\\\/avatar\\\/befc97e7f9e17a6b60a3969a83be976bdb6f8fc3d0b55cb27b11ae85db4b6240?s=96&d=mm&r=g\",\"contentUrl\":\"https:\\\/\\\/secure.gravatar.com\\\/avatar\\\/befc97e7f9e17a6b60a3969a83be976bdb6f8fc3d0b55cb27b11ae85db4b6240?s=96&d=mm&r=g\",\"caption\":\"Andrea Mucedola\"},\"description\":\"ammiraglio della Marina Militare Italiana (riserva), \u00e8 laureato in Scienze Marittime della Difesa presso l\u2019Universit\u00e0 di Pisa ed in Scienze Politiche cum laude all\u2019Universit\u00e0 di Trieste. Analista di Maritime Security, collabora con numerosi Centri di studi e analisi geopolitici italiani ed internazionali. Ricercatore subacqueo scientifico dal 1993, nel 2019, ha ricevuto il Tridente d'oro dell'Accademia delle Scienze e Tecniche Subacquee per la divulgazione della cultura del mare. Fa parte del Comitato scientifico della Fondazione Atlantide e della Scuola internazionale Subacquei scientifici (ISSD - AIOSS).\",\"sameAs\":[\"http:\\\/\\\/www.ocean4future.org\"],\"url\":\"https:\\\/\\\/www.ocean4future.org\\\/savetheocean\\\/archives\\\/author\\\/andrea-mucedola\"}]}<\/script>\n<!-- \/ Yoast SEO plugin. -->","yoast_head_json":{"title":"Editoriale del 30 agosto 2026: perch\u00e8 \u00e8 molto pi\u00f9 difficile uccidere un fantasma che la realt\u00e0? La \"voluta\" disinformazione nell'era digitale &#8226; OCEAN4FUTURE autore","robots":{"index":"index","follow":"follow","max-snippet":"max-snippet:-1","max-image-preview":"max-image-preview:large","max-video-preview":"max-video-preview:-1"},"canonical":"https:\/\/www.ocean4future.org\/savetheocean\/archives\/133444","og_locale":"it_IT","og_type":"article","og_title":"Editoriale del 30 agosto 2026: perch\u00e8 \u00e8 molto pi\u00f9 difficile uccidere un fantasma che la realt\u00e0? La \"voluta\" disinformazione nell'era digitale &#8226; OCEAN4FUTURE autore","og_description":"tempo di lettura:  6 minuti. . ARGOMENTO: EDITORIALE PERIODO: XXI SECOLO AREA: COMUNICAZIONE parole chiave: news, informazione Buongiorno e buona domenica, eccoci di nuovo all\u2019appuntamento domenicale, un\u2019occasione per scambiare idee sul mondo che cambia. Leggendo qua e l\u00e0 sui titoli dei media di questa settimana mi sono imbattuto in alcune notizie quanto meno curiose, meritevoli secondo i giornalisti che [&hellip;]","og_url":"https:\/\/www.ocean4future.org\/savetheocean\/archives\/133444","og_site_name":"OCEAN4FUTURE","article_published_time":"2026-08-29T22:02:00+00:00","article_modified_time":"2026-08-30T14:00:40+00:00","og_image":[{"width":1200,"height":800,"url":"https:\/\/www.ocean4future.org\/savetheocean\/wp-content\/uploads\/2026\/08\/AI-FIORE-SU-DISTRUZIONE-e1787862053396.jpg","type":"image\/jpeg"}],"author":"Andrea Mucedola","twitter_card":"summary_large_image","twitter_creator":"@ocean4future","twitter_site":"@ocean4future","twitter_misc":{"Scritto da":"Andrea Mucedola","Tempo di lettura stimato":"9 minuti"},"schema":{"@context":"https:\/\/schema.org","@graph":[{"@type":"Article","@id":"https:\/\/www.ocean4future.org\/savetheocean\/archives\/133444#article","isPartOf":{"@id":"https:\/\/www.ocean4future.org\/savetheocean\/archives\/133444"},"author":{"name":"Andrea Mucedola","@id":"https:\/\/www.ocean4future.org\/savetheocean\/#\/schema\/person\/252d25dcc5c002abcde7b2d4baa78f13"},"headline":"Editoriale del 30 agosto 2026: perch\u00e8 \u00e8 molto pi\u00f9 difficile uccidere un fantasma che la realt\u00e0? La &#8220;voluta&#8221; disinformazione nell&#8217;era digitale","datePublished":"2026-08-29T22:02:00+00:00","dateModified":"2026-08-30T14:00:40+00:00","mainEntityOfPage":{"@id":"https:\/\/www.ocean4future.org\/savetheocean\/archives\/133444"},"wordCount":1466,"commentCount":0,"publisher":{"@id":"https:\/\/www.ocean4future.org\/savetheocean\/#\/schema\/person\/4e1c26437054353074d7bb2efa77162c"},"image":{"@id":"https:\/\/www.ocean4future.org\/savetheocean\/archives\/133444#primaryimage"},"thumbnailUrl":"https:\/\/www.ocean4future.org\/savetheocean\/wp-content\/uploads\/2026\/08\/AI-FIORE-SU-DISTRUZIONE-e1787862053396.jpg","articleSection":["Editoriale"],"inLanguage":"it-IT","potentialAction":[{"@type":"CommentAction","name":"Comment","target":["https:\/\/www.ocean4future.org\/savetheocean\/archives\/133444#respond"]}]},{"@type":"WebPage","@id":"https:\/\/www.ocean4future.org\/savetheocean\/archives\/133444","url":"https:\/\/www.ocean4future.org\/savetheocean\/archives\/133444","name":"Editoriale del 30 agosto 2026: perch\u00e8 \u00e8 molto pi\u00f9 difficile uccidere un fantasma che la realt\u00e0? La \"voluta\" disinformazione nell'era digitale &#8226; OCEAN4FUTURE autore","isPartOf":{"@id":"https:\/\/www.ocean4future.org\/savetheocean\/#website"},"primaryImageOfPage":{"@id":"https:\/\/www.ocean4future.org\/savetheocean\/archives\/133444#primaryimage"},"image":{"@id":"https:\/\/www.ocean4future.org\/savetheocean\/archives\/133444#primaryimage"},"thumbnailUrl":"https:\/\/www.ocean4future.org\/savetheocean\/wp-content\/uploads\/2026\/08\/AI-FIORE-SU-DISTRUZIONE-e1787862053396.jpg","datePublished":"2026-08-29T22:02:00+00:00","dateModified":"2026-08-30T14:00:40+00:00","breadcrumb":{"@id":"https:\/\/www.ocean4future.org\/savetheocean\/archives\/133444#breadcrumb"},"inLanguage":"it-IT","potentialAction":[{"@type":"ReadAction","target":["https:\/\/www.ocean4future.org\/savetheocean\/archives\/133444"]}]},{"@type":"ImageObject","inLanguage":"it-IT","@id":"https:\/\/www.ocean4future.org\/savetheocean\/archives\/133444#primaryimage","url":"https:\/\/www.ocean4future.org\/savetheocean\/wp-content\/uploads\/2026\/08\/AI-FIORE-SU-DISTRUZIONE-e1787862053396.jpg","contentUrl":"https:\/\/www.ocean4future.org\/savetheocean\/wp-content\/uploads\/2026\/08\/AI-FIORE-SU-DISTRUZIONE-e1787862053396.jpg","width":1200,"height":800},{"@type":"BreadcrumbList","@id":"https:\/\/www.ocean4future.org\/savetheocean\/archives\/133444#breadcrumb","itemListElement":[{"@type":"ListItem","position":1,"name":"Home","item":"https:\/\/www.ocean4future.org\/savetheocean"},{"@type":"ListItem","position":2,"name":"Editoriale del 30 agosto 2026: perch\u00e8 \u00e8 molto pi\u00f9 difficile uccidere un fantasma che la realt\u00e0? La &#8220;voluta&#8221; disinformazione nell&#8217;era digitale"}]},{"@type":"WebSite","@id":"https:\/\/www.ocean4future.org\/savetheocean\/#website","url":"https:\/\/www.ocean4future.org\/savetheocean\/","name":"Ocean 4 Future","description":"Per una nuova cultura del mare e della marittimit\u00e0","publisher":{"@id":"https:\/\/www.ocean4future.org\/savetheocean\/#\/schema\/person\/4e1c26437054353074d7bb2efa77162c"},"potentialAction":[{"@type":"SearchAction","target":{"@type":"EntryPoint","urlTemplate":"https:\/\/www.ocean4future.org\/savetheocean\/?s={search_term_string}"},"query-input":{"@type":"PropertyValueSpecification","valueRequired":true,"valueName":"search_term_string"}}],"inLanguage":"it-IT"},{"@type":["Person","Organization"],"@id":"https:\/\/www.ocean4future.org\/savetheocean\/#\/schema\/person\/4e1c26437054353074d7bb2efa77162c","name":"oceandiver","image":{"@type":"ImageObject","inLanguage":"it-IT","@id":"https:\/\/www.ocean4future.org\/savetheocean\/wp-content\/uploads\/2023\/04\/logo-ocean3.jpg","url":"https:\/\/www.ocean4future.org\/savetheocean\/wp-content\/uploads\/2023\/04\/logo-ocean3.jpg","contentUrl":"https:\/\/www.ocean4future.org\/savetheocean\/wp-content\/uploads\/2023\/04\/logo-ocean3.jpg","width":472,"height":301,"caption":"oceandiver"},"logo":{"@id":"https:\/\/www.ocean4future.org\/savetheocean\/wp-content\/uploads\/2023\/04\/logo-ocean3.jpg"}},{"@type":"Person","@id":"https:\/\/www.ocean4future.org\/savetheocean\/#\/schema\/person\/252d25dcc5c002abcde7b2d4baa78f13","name":"Andrea Mucedola","image":{"@type":"ImageObject","inLanguage":"it-IT","@id":"https:\/\/secure.gravatar.com\/avatar\/befc97e7f9e17a6b60a3969a83be976bdb6f8fc3d0b55cb27b11ae85db4b6240?s=96&d=mm&r=g","url":"https:\/\/secure.gravatar.com\/avatar\/befc97e7f9e17a6b60a3969a83be976bdb6f8fc3d0b55cb27b11ae85db4b6240?s=96&d=mm&r=g","contentUrl":"https:\/\/secure.gravatar.com\/avatar\/befc97e7f9e17a6b60a3969a83be976bdb6f8fc3d0b55cb27b11ae85db4b6240?s=96&d=mm&r=g","caption":"Andrea Mucedola"},"description":"ammiraglio della Marina Militare Italiana (riserva), \u00e8 laureato in Scienze Marittime della Difesa presso l\u2019Universit\u00e0 di Pisa ed in Scienze Politiche cum laude all\u2019Universit\u00e0 di Trieste. Analista di Maritime Security, collabora con numerosi Centri di studi e analisi geopolitici italiani ed internazionali. Ricercatore subacqueo scientifico dal 1993, nel 2019, ha ricevuto il Tridente d'oro dell'Accademia delle Scienze e Tecniche Subacquee per la divulgazione della cultura del mare. Fa parte del Comitato scientifico della Fondazione Atlantide e della Scuola internazionale Subacquei scientifici (ISSD - AIOSS).","sameAs":["http:\/\/www.ocean4future.org"],"url":"https:\/\/www.ocean4future.org\/savetheocean\/archives\/author\/andrea-mucedola"}]}},"_links":{"self":[{"href":"https:\/\/www.ocean4future.org\/savetheocean\/wp-json\/wp\/v2\/posts\/133444","targetHints":{"allow":["GET"]}}],"collection":[{"href":"https:\/\/www.ocean4future.org\/savetheocean\/wp-json\/wp\/v2\/posts"}],"about":[{"href":"https:\/\/www.ocean4future.org\/savetheocean\/wp-json\/wp\/v2\/types\/post"}],"author":[{"embeddable":true,"href":"https:\/\/www.ocean4future.org\/savetheocean\/wp-json\/wp\/v2\/users\/2380"}],"replies":[{"embeddable":true,"href":"https:\/\/www.ocean4future.org\/savetheocean\/wp-json\/wp\/v2\/comments?post=133444"}],"version-history":[{"count":18,"href":"https:\/\/www.ocean4future.org\/savetheocean\/wp-json\/wp\/v2\/posts\/133444\/revisions"}],"predecessor-version":[{"id":133560,"href":"https:\/\/www.ocean4future.org\/savetheocean\/wp-json\/wp\/v2\/posts\/133444\/revisions\/133560"}],"wp:featuredmedia":[{"embeddable":true,"href":"https:\/\/www.ocean4future.org\/savetheocean\/wp-json\/wp\/v2\/media\/133476"}],"wp:attachment":[{"href":"https:\/\/www.ocean4future.org\/savetheocean\/wp-json\/wp\/v2\/media?parent=133444"}],"wp:term":[{"taxonomy":"category","embeddable":true,"href":"https:\/\/www.ocean4future.org\/savetheocean\/wp-json\/wp\/v2\/categories?post=133444"},{"taxonomy":"post_tag","embeddable":true,"href":"https:\/\/www.ocean4future.org\/savetheocean\/wp-json\/wp\/v2\/tags?post=133444"}],"curies":[{"name":"wp","href":"https:\/\/api.w.org\/{rel}","templated":true}]}}