{"id":132962,"date":"2026-09-03T00:02:00","date_gmt":"2026-09-02T22:02:00","guid":{"rendered":"https:\/\/www.ocean4future.org\/savetheocean\/?p=132962"},"modified":"2026-08-30T22:28:43","modified_gmt":"2026-08-30T20:28:43","slug":"considerazioni-e-documenti-storici-che-validano-il-viaggio-di-amerigo-vespucci-parte-iii-di-piero-carpani","status":"publish","type":"post","link":"https:\/\/www.ocean4future.org\/savetheocean\/archives\/132962","title":{"rendered":"Considerazioni e documenti storici che validano il Viaggio di Amerigo Vespucci &#8211; Parte III di Piero Carpani"},"content":{"rendered":"<span class=\"span-reading-time rt-reading-time\" style=\"display: block;\"><span class=\"rt-label rt-prefix\">tempo di lettura: <\/span> <span class=\"rt-time\"> 6<\/span> <span class=\"rt-label rt-postfix\">minuti<\/span><\/span><p><span style=\"color: #ffffff;\">.<\/span><\/p>\n<a class=\"maxbutton-4 maxbutton maxbutton-livello-di-comprensione\" href=\"javascript:void(0);\"><span class='mb-text'>livello elementare<\/span><\/a>\n<p><span style=\"color: white;\">.<\/span><\/p>\n<p><strong><span style=\"color: green;\">ARGOMENTO: STORIA NAVALE<\/span><\/strong><br \/>\n<strong><span style=\"color: green;\">PERIODO: XVI SECOLO<\/span><\/strong><br \/>\n<strong><span style=\"color: green;\">AREA: OCEANO ATLANTICO<\/span><\/strong><br \/>\nparole chiave: Amerigo Vespucci<\/p>\n<p style=\"text-align: justify;\">Nella parte precedente ho accennato a come critiche sul viaggio del grande Fiorentino siano in realt\u00e0 di poco spessore. In questa terza parte illustro di seguito\u00a0 quali prove oggettive esistano del viaggio e quali considerazioni possano farlo ritenere valido.<\/p>\n<p style=\"text-align: justify;\"><span style=\"font-size: 20px;\"><strong><span style=\"color: #008000;\">Prove oggettive<\/span><\/strong><\/span><br \/>\nI ripetuti riferimenti scritti in questa e nelle altre lettere, compreso il frammento Ridolfi, a due viaggi effettuati per la Spagna con rotta Ovest, ribadiscono che i viaggi furono due e quello sopra riassunto non pu\u00f2 che essere il primo dei due.<\/p>\n<p style=\"text-align: justify;\">I numeri, delle coordinate geografiche e delle distanze, sono stati considerati come valori assoluti e non come simboli grafici soggetti a errori di trascrizione o volutamente approssimati per motivi di riservatezza.<\/p>\n<p style=\"text-align: justify;\"><img loading=\"lazy\" decoding=\"async\" class=\" wp-image-133104 alignleft\" src=\"https:\/\/www.ocean4future.org\/savetheocean\/wp-content\/uploads\/2026\/08\/Indios-che-fuma-tabacco.jpg\" alt=\"\" width=\"254\" height=\"381\" srcset=\"https:\/\/www.ocean4future.org\/savetheocean\/wp-content\/uploads\/2026\/08\/Indios-che-fuma-tabacco.jpg 494w, https:\/\/www.ocean4future.org\/savetheocean\/wp-content\/uploads\/2026\/08\/Indios-che-fuma-tabacco-200x300.jpg 200w\" sizes=\"auto, (max-width: 254px) 100vw, 254px\" \/>Le difficolt\u00e0 di una corretta interpretazione di alcuni termini, anche nelle altre lettere a causa della scarsit\u00e0 d\u2019informazioni. Ad esempio, l\u2019erba verde masticata dagli indigeni di un\u2019isola, corrisponde alle foglie di tabacco mescolate alla cenere e non, come invece teorizzato, alla coca ed \u00e8 quindi pertinente all\u2019America meridionale; il ramarro a due code, visto come un mostro immaginario e grottesco, in realt\u00e0, \u00e8 il <strong><span style=\"color: #008000;\">Teju<\/span><\/strong>, un lucertolone dalla grossa (scritta doppia) coda, che tuttora vive nell\u2019<strong><span style=\"color: #008000;\">isola Ferdinando de Noro\u0148ha<\/span><\/strong>.<\/p>\n<p style=\"text-align: right;\"><img loading=\"lazy\" decoding=\"async\" class=\"size-full wp-image-133103 alignright\" src=\"https:\/\/www.ocean4future.org\/savetheocean\/wp-content\/uploads\/2026\/08\/Teju-tupinambis-merianae.jpg\" alt=\"\" width=\"280\" height=\"236\" \/><br \/>\n<strong><span style=\"color: #008000;\">Teju tupinambis merianae<\/span><\/strong><\/p>\n<p style=\"text-align: justify;\">Il tipo di messaggio, la lettera, come ben rileva lo stesso Amerigo Vespucci, non ha il valore di una relazione ufficiale ma rappresenta semplicemente un\u2019informativa. La descrizione di questo viaggio non fornisce molti elementi geografici solo, di quando in quando, riporta la misura delle distanze coperte o la durata di qualche spostamento. Ma il Waldseem\u00fcller afferma, disegna e pubblica nel 1507 un planisfero dal titolo \u201c<em><strong><span style=\"color: #008000;\">Universalis cosmographia secundum Ptholomaei traditionem et Americi Vespucii alioru[m]que lustrationes<\/span><\/strong><\/em>\u201d in cui il nome <strong><span style=\"color: #008000;\">Parias<\/span><\/strong> non \u00e8 attribuito all\u2019isola di Trinidad (Venezuela), chiamata \u201c<span style=\"color: #008000;\"><strong>Arcan<\/strong><\/span>\u201d, ma alla <strong><span style=\"color: #008000;\">Penisola dello Yucatan<\/span><\/strong>.<\/p>\n<p style=\"text-align: justify;\">In aggiunta, sulla stessa carta, disegna un ritratto del Vespucci accanto a quello di Tolomeo, un accostamento non da poco e dovuto al fatto che grazie ai dati del Vespucci aveva potuto disegnare le coste atlantiche del continente americano dal 50 parallelo Sud al 50\u00b0 parallelo Nord, riportando precise indicazioni geografiche (nomi dei capi, dei fiumi ecc.).<\/p>\n<p><img loading=\"lazy\" decoding=\"async\" class=\"alignnone size-full wp-image-133101\" src=\"https:\/\/www.ocean4future.org\/savetheocean\/wp-content\/uploads\/2026\/08\/Ruysch-dettaglio-del-planisfero-1507.jpg\" alt=\"\" width=\"1391\" height=\"1038\" \/><\/p>\n<p><strong><span style=\"color: #008000;\">Dettaglio del planisfero di Martin Waldseem\u00fcller<\/span><\/strong><\/p>\n<p><img loading=\"lazy\" decoding=\"async\" class=\" wp-image-133102 alignleft\" src=\"https:\/\/www.ocean4future.org\/savetheocean\/wp-content\/uploads\/2026\/08\/Dettaglio-del-planisfero-di-Martin-Waldseemuller.jpg\" alt=\"\" width=\"392\" height=\"294\" srcset=\"https:\/\/www.ocean4future.org\/savetheocean\/wp-content\/uploads\/2026\/08\/Dettaglio-del-planisfero-di-Martin-Waldseemuller.jpg 343w, https:\/\/www.ocean4future.org\/savetheocean\/wp-content\/uploads\/2026\/08\/Dettaglio-del-planisfero-di-Martin-Waldseemuller-300x225.jpg 300w\" sizes=\"auto, (max-width: 392px) 100vw, 392px\" \/><strong><span style=\"color: #008000;\"><img loading=\"lazy\" decoding=\"async\" class=\" wp-image-133187 alignright\" src=\"https:\/\/www.ocean4future.org\/savetheocean\/wp-content\/uploads\/2026\/09\/dettaglio-amrerico-vespucci-vespa.jpg\" alt=\"\" width=\"245\" height=\"296\" \/><\/span><\/strong><span style=\"color: #008000;\"><strong>Dettaglio del planisfero di Martin Waldseem\u00fcller con r<\/strong><strong>itratto di Americo Vespucci con una vespa (a destra simbolo della casata)<\/strong><\/span><\/p>\n<p style=\"text-align: justify;\">Il <strong><span style=\"color: #008000;\">mappamondo di Johann Ruysch<\/span><\/strong> (1507) riporta, sopra l\u2019isola Spagnola un promontorio, un golfo, una penisola e un cartiglio che afferma che quei luoghi essere stati scoperti da navi del re di Spagna Ferdinando. Si noti che riporta anche la costa del Venezuela, Colombia, Guyana e Brasile mentre manca l\u2019America settentrionale. La pone sotto l\u2019India e non c\u2019\u00e8 l\u2019idea di un nuovo continente. In altre parole Vespucci non ha copiato dal Waldseem\u00fcller e si \u00e8 basato su dati differenti.<\/p>\n<p>&nbsp;<\/p>\n<p><img loading=\"lazy\" decoding=\"async\" class=\"wp-image-133101 alignright\" src=\"https:\/\/www.ocean4future.org\/savetheocean\/wp-content\/uploads\/2026\/08\/Ruysch-dettaglio-del-planisfero-1507.jpg\" alt=\"\" width=\"791\" height=\"591\" \/><\/p>\n<p style=\"text-align: justify;\"><strong><span style=\"color: #008000;\">A cavallo della linea rossa del Tropico del Capricorno e sopra Spagnola: un promontorio, un golfo, una penisola e un cartiglio che afferma la scoperta spagnola.<\/span><\/strong><\/p>\n<p style=\"text-align: justify;\">Un documento ufficiale del Regno di Castiglia e Leon \u00e8 stato completamente ignorato: si tratta della carta, disegnata dal <strong><span style=\"color: #008000;\">Piloto Mayor Diego Gutierrez,<\/span><\/strong> a Siviglia nel 1562 per il Re spagnolo Carlo V, col titolo \u201c<strong><span style=\"color: #008000;\">America quarta parte del Mondo<\/span><\/strong>\u201d con un cartiglio in cui \u00e8 scritto: questa \u00e8 la quarta parte del Mondo che \u00e8 rimasta sconosciuta a tutti i geografi fino al 1497 epoca in cui, per ordine del Re di Castiglia, fu descritta da Amerigo Vespucci ed ha preso il nome da colui che l\u2019ha fatta conoscere.<\/p>\n<p style=\"text-align: justify;\">\u00c8 una delle poche carte spagnole in cui il nuovo continente \u00e8 chiamato col nome del Vespucci perch\u00e9 gli storici spagnoli hanno continuato a usare la denominazione iniziale e generica di Nuovo Mondo attribuitagli proprio dal Vespucci.<\/p>\n<p style=\"text-align: right;\"><img loading=\"lazy\" decoding=\"async\" class=\"wp-image-133100 alignleft\" src=\"https:\/\/www.ocean4future.org\/savetheocean\/wp-content\/uploads\/2026\/08\/A-cavallo-della-linea-rossa-del-Tropico-del-Capricorno-e-sopra-Spagnola-e1787345321363.jpg\" alt=\"\" width=\"280\" height=\"251\" srcset=\"https:\/\/www.ocean4future.org\/savetheocean\/wp-content\/uploads\/2026\/08\/A-cavallo-della-linea-rossa-del-Tropico-del-Capricorno-e-sopra-Spagnola-e1787345321363.jpg 527w, https:\/\/www.ocean4future.org\/savetheocean\/wp-content\/uploads\/2026\/08\/A-cavallo-della-linea-rossa-del-Tropico-del-Capricorno-e-sopra-Spagnola-e1787345321363-300x268.jpg 300w\" sizes=\"auto, (max-width: 280px) 100vw, 280px\" \/><strong><span style=\"color: #008000;\">\u00a0 \u00a0<\/span><\/strong><\/p>\n<p><img loading=\"lazy\" decoding=\"async\" class=\"wp-image-133098 alignright\" style=\"text-align: right;\" src=\"https:\/\/www.ocean4future.org\/savetheocean\/wp-content\/uploads\/2026\/08\/Dettaglio-del-cartiglio-centrale-in-alto-della-carta-Vespucci.png\" alt=\"\" width=\"427\" height=\"199\" srcset=\"https:\/\/www.ocean4future.org\/savetheocean\/wp-content\/uploads\/2026\/08\/Dettaglio-del-cartiglio-centrale-in-alto-della-carta-Vespucci.png 551w, https:\/\/www.ocean4future.org\/savetheocean\/wp-content\/uploads\/2026\/08\/Dettaglio-del-cartiglio-centrale-in-alto-della-carta-Vespucci-300x140.png 300w\" sizes=\"auto, (max-width: 427px) 100vw, 427px\" \/><span style=\"color: #008000;\"><strong>dettaglio del planisfero &#8211; 1507 &#8211; <\/strong><\/span><span style=\"color: #008000;\"><strong>Groenlandia e Terranova. In basso: coste sudamericane<\/strong><\/span><\/p>\n<p style=\"text-align: right;\"><strong><span style=\"color: #008000;\">Dettaglio del cartiglio centrale in alto della carta sottostante<\/span><\/strong><\/p>\n<p style=\"text-align: left;\"><span style=\"color: #008000;\"><strong>Diego Gutierrez -1562- Carta delle Americhe (Library of Congress Washington D.C.) con dettaglio sottostante<\/strong><\/span><\/p>\n<p>&nbsp;<\/p>\n<p style=\"text-align: justify;\"><img loading=\"lazy\" decoding=\"async\" class=\"alignnone size-full wp-image-133355\" src=\"https:\/\/www.ocean4future.org\/savetheocean\/wp-content\/uploads\/2026\/09\/1562_Americae_Gutierrez.jpg\" alt=\"\" width=\"1200\" height=\"1316\" srcset=\"https:\/\/www.ocean4future.org\/savetheocean\/wp-content\/uploads\/2026\/09\/1562_Americae_Gutierrez.jpg 1200w, https:\/\/www.ocean4future.org\/savetheocean\/wp-content\/uploads\/2026\/09\/1562_Americae_Gutierrez-274x300.jpg 274w, https:\/\/www.ocean4future.org\/savetheocean\/wp-content\/uploads\/2026\/09\/1562_Americae_Gutierrez-934x1024.jpg 934w, https:\/\/www.ocean4future.org\/savetheocean\/wp-content\/uploads\/2026\/09\/1562_Americae_Gutierrez-768x842.jpg 768w, https:\/\/www.ocean4future.org\/savetheocean\/wp-content\/uploads\/2026\/09\/1562_Americae_Gutierrez-1024x1123.jpg 1024w\" sizes=\"auto, (max-width: 1200px) 100vw, 1200px\" \/><\/p>\n<p><img loading=\"lazy\" decoding=\"async\" class=\"alignnone size-full wp-image-133356\" src=\"https:\/\/www.ocean4future.org\/savetheocean\/wp-content\/uploads\/2026\/09\/1562_Americae_Gutierrez-dettaglio.jpg\" alt=\"\" width=\"1200\" height=\"824\" srcset=\"https:\/\/www.ocean4future.org\/savetheocean\/wp-content\/uploads\/2026\/09\/1562_Americae_Gutierrez-dettaglio.jpg 1200w, https:\/\/www.ocean4future.org\/savetheocean\/wp-content\/uploads\/2026\/09\/1562_Americae_Gutierrez-dettaglio-300x206.jpg 300w, https:\/\/www.ocean4future.org\/savetheocean\/wp-content\/uploads\/2026\/09\/1562_Americae_Gutierrez-dettaglio-1024x703.jpg 1024w, https:\/\/www.ocean4future.org\/savetheocean\/wp-content\/uploads\/2026\/09\/1562_Americae_Gutierrez-dettaglio-768x527.jpg 768w\" sizes=\"auto, (max-width: 1200px) 100vw, 1200px\" \/><\/p>\n<p style=\"text-align: justify;\">Per completezza cito alcuni cartografi che hanno utilizzato il nome America: Pietro Apiano (1520), Sim Grynaeus (1539), Sebastian Munster (1540), Guillame le Testu (1555), Gerardo Mercatore (1569), Fernao vaz Dourado (1570), Abraham Ortelius (1578), Andr\u00e9 Thevet (1580), Pietro Plancio (1584), Cornelius de Jode (1589) senza dimenticare La Sala delle Carte Geografiche, nel Palazzo Vecchio di Firenze, dove Ignazio Danti esegu\u00ec trenta dipinti cartografici di cui quattordici dedicati all\u2019America nel periodo 1563 &#8211; 1575.<\/p>\n<p style=\"text-align: justify;\"><img loading=\"lazy\" decoding=\"async\" class=\"wp-image-133097 alignleft\" src=\"https:\/\/www.ocean4future.org\/savetheocean\/wp-content\/uploads\/2026\/08\/La-rappresentazione-dellAmerica-misura-4x5-metri.jpg\" alt=\"\" width=\"484\" height=\"532\" srcset=\"https:\/\/www.ocean4future.org\/savetheocean\/wp-content\/uploads\/2026\/08\/La-rappresentazione-dellAmerica-misura-4x5-metri.jpg 329w, https:\/\/www.ocean4future.org\/savetheocean\/wp-content\/uploads\/2026\/08\/La-rappresentazione-dellAmerica-misura-4x5-metri-273x300.jpg 273w\" sizes=\"auto, (max-width: 484px) 100vw, 484px\" \/><\/p>\n<p style=\"text-align: justify;\">Il mappamondo, disegnato su un\u2019intera parete, e la carta geografica dell\u2019America, disegnata ancora pi\u00f9 nel dettaglio sulla parete adiacente, nel <strong><span style=\"color: #008000;\">palazzo Farnese di Caprarola (Vt)<\/span> <\/strong>dipinte assieme ai ritratti di C. Colombo e di A. Vespucci, nel 1574 da G.A. Vanosio e R. da Reggio, con il nome America che campeggia nella parte settentrionale di quel continente. A <strong><span style=\"color: #008000;\">Palazzo Farnese di Caprarola<\/span> <\/strong>\u00e8 rappresentato un Mappamondo che misura circa 7&#215;4 metri (la rappresentazione dell\u2019America misura 4&#215;5 metri). Il ritratto di Vespucci \u00e8 rappresentato sopra la porta d\u2019accesso alla sala, di fronte al dipinto del Mappamondo. La navigazione in Internet con Google Hearth consente a chiunque di andare a vedere i territori descritti nel viaggio verificando la corrispondenza tra il racconto, l\u2019ambiente naturale e alcune usanze ancora vive (canoe, palafitte, costumi tradizionali ecc.). <img loading=\"lazy\" decoding=\"async\" class=\"wp-image-133096 alignright\" src=\"https:\/\/www.ocean4future.org\/savetheocean\/wp-content\/uploads\/2026\/08\/Il-ritratto-di-Vespucci-e-sopra-la-porta-daccesso-alla-sala-di-fronte-al-dipinto-del-Mappamondo.jpg\" alt=\"\" width=\"311\" height=\"408\" srcset=\"https:\/\/www.ocean4future.org\/savetheocean\/wp-content\/uploads\/2026\/08\/Il-ritratto-di-Vespucci-e-sopra-la-porta-daccesso-alla-sala-di-fronte-al-dipinto-del-Mappamondo.jpg 267w, https:\/\/www.ocean4future.org\/savetheocean\/wp-content\/uploads\/2026\/08\/Il-ritratto-di-Vespucci-e-sopra-la-porta-daccesso-alla-sala-di-fronte-al-dipinto-del-Mappamondo-228x300.jpg 228w\" sizes=\"auto, (max-width: 311px) 100vw, 311px\" \/>Il risultato scientifico dei viaggi di Amerigo Vespucci \u00e8 registrato nella carta di <span style=\"color: #008000;\"><strong>Martin Waldseem\u00fcller <\/strong><\/span>prima ricordata<strong><sup>1<\/sup><\/strong>. Se volete, potete utilizzare la procedura riportata al punto <strong><span style=\"color: #008000;\">1<\/span><\/strong> e ripercorrere il viaggio di Vespucci su un documento stampato nel 1507 e dunque precedente a tutti gli altri viaggi spagnoli di scoperta o, per meglio dire, di esplorazione del continente americano.<\/p>\n<p style=\"text-align: justify;\">Si comprende che sia il lavoro preparatorio, ossia i rilievi delle coste, sia la rappresentazione grafica dei dati, non furono lavori da poco bens\u00ec dimostrano, in entrambi i casi, l\u2019esistenza di una precisa organizzazione e di una costante e attenta applicazione. Per disegnare, com\u2019\u00e8 stato fatto con sufficiente precisione, gran parte della costa atlantica dell\u2019America, era necessario che qualcuno l\u2019avesse prima rilevata e il Waldseem\u00fcller scrive, a St. Die dei Volgi, che quei dati erano stati forniti dal Vespucci. Nelle lettere non sono riportati elementi che permettano di tracciare una carta, ne consegue che doveva esserci un qualcos\u2019altro, un libretto con la registrazione dei rilievi, a noi non pervenuto.<\/p>\n<p><strong><span style=\"color: #008000;\">Notevole, a mio avviso, \u00e8 notare come Vespucci scriva che l\u2019atterraggio del primo viaggio fosse avvenuto a 16\u00b0 Nord e che abbia lasciato la terra ferma, nel secondo viaggio, a 15\u00b0 Nord.<\/span> <\/strong>Questi due differenti valori spiegano perch\u00e9 sul planisfero di <span style=\"color: #008000;\"><strong>Martin Waldseem\u00fcller <\/strong><\/span> l\u2019America centrale presenti un\u2019interruzione: mancano i dati e il rilievo della costa per quelle sessanta miglia e il cartografo lasci\u00f2 vuoto lo spazio relativo. Si deve rilevare anche la differente posizione dell\u2019interruzione esistente tra la mappa e le lettere, questo conferma l\u2019esistenza (allora) di un documento con i rilievi veritieri non, per forza, coincidenti con quelli riportati nelle lettere familiari.<\/p>\n<p><strong><span style=\"color: #008000;\">Fine Parte III &#8211; continua<\/span><\/strong><br \/>\n<strong><span style=\"color: #008000;\">Piero Carpani<\/span><\/strong><\/p>\n<p style=\"text-align: justify;\">1 per prenderne visione \u00e8 sufficiente digitare <a href=\"https:\/\/www.loc.gov\/\"><strong><span style=\"color: #008000;\">www.loc.gov<\/span><\/strong><\/a>\u00a0accedere alla home page della <strong><span style=\"color: #008000;\">Library Of Congress<\/span><\/strong> di Washington (USA), nella colonna a destra, <strong><span style=\"color: #008000;\">Topics,<\/span> <\/strong>cliccare su <strong><span style=\"color: #008000;\">Maps &amp; Geography<\/span> <\/strong>e dopo su <strong><span style=\"color: #008000;\">Discovery &amp; Exploration<\/span><\/strong>, comparir\u00e0 una pagina con la carta e le notizie a essa relative. Cliccando sulla carta saranno mostrate due differenti rappresentazioni della stessa e, scegliendone una, la pagina successiva fornir\u00e0 la possibilit\u00e0 di determinare la profondit\u00e0 dell\u2019ingrandimento (zoom in) e l\u2019ampiezza della riproduzione (window size). A questo punto, cliccando in un punto della carta, sar\u00e0 aperta una finestra centrata e definita dai parametri selezionati<br \/>\n<span style=\"color: #ffffff;\">.<\/span><\/p>\n<p><a class=\"maxbutton-3 maxbutton maxbutton-pagina-principale\" target=\"_blank\" title=\"tooltip\" rel=\"nofollow noopener\" href=\"http:\/\/www.ocean4future.org\"><span class='mb-text'>PAGINA PRINCIPALE - HOME PAGE<\/span><\/a><br \/>\n<span style=\"color: #ffffff;\">.<\/span><br \/>\n<a class=\"maxbutton-13 maxbutton maxbutton-parte-i\" target=\"_blank\" title=\" tooltip\" rel=\"nofollow noopener\" href=\"https:\/\/www.ocean4future.org\/savetheocean\/archives\/132958\"><span class='mb-text'>PARTE I<\/span><\/a> <a class=\"maxbutton-14 maxbutton maxbutton-parte-ii\" target=\"_blank\" title=\" tooltip\" rel=\"nofollow noopener\" href=\"https:\/\/www.ocean4future.org\/savetheocean\/archives\/132960\"><span class='mb-text'>PARTE II<\/span><\/a> <a class=\"maxbutton-15 maxbutton maxbutton-parte-iii\" target=\"_blank\" title=\" tooltip\" rel=\"nofollow noopener\" href=\"https:\/\/www.ocean4future.org\/savetheocean\/archives\/132962\"><span class='mb-text'>PARTE III<\/span><\/a> <a class=\"maxbutton-16 maxbutton maxbutton-parte-iv\" target=\"_blank\" title=\" tooltip\" rel=\"nofollow noopener\" href=\"https:\/\/www.ocean4future.org\/savetheocean\/archives\/132963\"><span class='mb-text'>PARTE IV<\/span><\/a> <a class=\"maxbutton-17 maxbutton maxbutton-parte-v\" target=\"_blank\" title=\" tooltip\" rel=\"nofollow noopener\" href=\"https:\/\/www.ocean4future.org\/savetheocean\/archives\/132964\"><span class='mb-text'>PARTE V<\/span><\/a> <a class=\"maxbutton-18 maxbutton maxbutton-parte-vi\" target=\"_blank\" title=\" tooltip\" rel=\"nofollow noopener\" href=\"https:\/\/www.ocean4future.org\/savetheocean\/archives\/132965\"><span class='mb-text'>PARTE VI<\/span><\/a> <a class=\"maxbutton-19 maxbutton maxbutton-parte-vii\" target=\"_blank\" title=\" tooltip\" rel=\"nofollow noopener\" href=\"https:\/\/www.ocean4future.org\/savetheocean\/archives\/132966\"><span class='mb-text'>PARTE VII<\/span><\/a><br \/>\n<span style=\"color: #ffffff;\">.<\/span><\/p>\n<p style=\"text-align: justify;\">Alcune delle immagini possono essere state prese dal web, citandone ove possibile gli autori e\/o le fonti. Se qualcuno desiderasse specificarne l\u2019autore e le fonti o rimuoverle, pu\u00f2 scrivere a infoocean4future@gmail.com e provvederemo immediatamente alla correzione dell\u2019articolo<br \/>\n<span style=\"color: #ffffff;\">.<\/span><\/p>\n","protected":false},"excerpt":{"rendered":"<p><span class=\"span-reading-time rt-reading-time\" style=\"display: block;\"><span class=\"rt-label rt-prefix\">tempo di lettura: <\/span> <span class=\"rt-time\"> 6<\/span> <span class=\"rt-label rt-postfix\">minuti<\/span><\/span>. . ARGOMENTO: STORIA NAVALE PERIODO: XVI SECOLO AREA: OCEANO ATLANTICO parole chiave: Amerigo Vespucci Nella parte precedente ho accennato a come critiche sul viaggio del grande Fiorentino siano in realt\u00e0 di poco spessore. In questa terza parte illustro di seguito\u00a0 quali prove oggettive esistano del viaggio e quali considerazioni possano farlo ritenere valido. Prove [&hellip;]<\/p>\n","protected":false},"author":4438,"featured_media":133101,"comment_status":"open","ping_status":"open","sticky":false,"template":"","format":"standard","meta":{"_acf_changed":false,"_monsterinsights_skip_tracking":false,"footnotes":""},"categories":[83],"tags":[],"class_list":["post-132962","post","type-post","status-publish","format-standard","has-post-thumbnail","hentry","category-storia-navale"],"acf":[],"yoast_head":"<!-- This site is optimized with the Yoast SEO plugin v28.3 - https:\/\/yoast.com\/product\/yoast-seo-wordpress\/ -->\n<title>Considerazioni e documenti storici che validano il Viaggio di Amerigo Vespucci - Parte III di Piero Carpani &#8226; OCEAN4FUTURE autore<\/title>\n<meta name=\"robots\" content=\"index, follow, max-snippet:-1, max-image-preview:large, max-video-preview:-1\" \/>\n<link rel=\"canonical\" href=\"https:\/\/www.ocean4future.org\/savetheocean\/archives\/132962\" \/>\n<meta property=\"og:locale\" content=\"it_IT\" \/>\n<meta property=\"og:type\" content=\"article\" \/>\n<meta property=\"og:title\" content=\"Considerazioni e documenti storici che validano il Viaggio di Amerigo Vespucci - Parte III di Piero Carpani &#8226; OCEAN4FUTURE autore\" \/>\n<meta property=\"og:description\" content=\"tempo di lettura:  6 minuti. . ARGOMENTO: STORIA NAVALE PERIODO: XVI SECOLO AREA: OCEANO ATLANTICO parole chiave: Amerigo Vespucci Nella parte precedente ho accennato a come critiche sul viaggio del grande Fiorentino siano in realt\u00e0 di poco spessore. In questa terza parte illustro di seguito\u00a0 quali prove oggettive esistano del viaggio e quali considerazioni possano farlo ritenere valido. Prove [&hellip;]\" \/>\n<meta property=\"og:url\" content=\"https:\/\/www.ocean4future.org\/savetheocean\/archives\/132962\" \/>\n<meta property=\"og:site_name\" content=\"OCEAN4FUTURE\" \/>\n<meta property=\"article:published_time\" content=\"2026-09-02T22:02:00+00:00\" \/>\n<meta property=\"og:image\" content=\"https:\/\/www.ocean4future.org\/savetheocean\/wp-content\/uploads\/2026\/08\/Ruysch-dettaglio-del-planisfero-1507-e1787344143225.jpg\" \/>\n\t<meta property=\"og:image:width\" content=\"1200\" \/>\n\t<meta property=\"og:image:height\" content=\"895\" \/>\n\t<meta property=\"og:image:type\" content=\"image\/jpeg\" \/>\n<meta name=\"author\" content=\"Piero Carpani\" \/>\n<meta name=\"twitter:card\" content=\"summary_large_image\" \/>\n<meta name=\"twitter:creator\" content=\"@ocean4future\" \/>\n<meta name=\"twitter:site\" content=\"@ocean4future\" \/>\n<meta name=\"twitter:label1\" content=\"Scritto da\" \/>\n\t<meta name=\"twitter:data1\" content=\"Piero Carpani\" \/>\n\t<meta name=\"twitter:label2\" content=\"Tempo di lettura stimato\" \/>\n\t<meta name=\"twitter:data2\" content=\"10 minuti\" \/>\n<script type=\"application\/ld+json\" class=\"yoast-schema-graph\">{\"@context\":\"https:\\\/\\\/schema.org\",\"@graph\":[{\"@type\":\"Article\",\"@id\":\"https:\\\/\\\/www.ocean4future.org\\\/savetheocean\\\/archives\\\/132962#article\",\"isPartOf\":{\"@id\":\"https:\\\/\\\/www.ocean4future.org\\\/savetheocean\\\/archives\\\/132962\"},\"author\":{\"name\":\"Piero Carpani\",\"@id\":\"https:\\\/\\\/www.ocean4future.org\\\/savetheocean\\\/#\\\/schema\\\/person\\\/965165c540de5feedd0a44d02d8a0a52\"},\"headline\":\"Considerazioni e documenti storici che validano il Viaggio di Amerigo Vespucci &#8211; Parte III di Piero Carpani\",\"datePublished\":\"2026-09-02T22:02:00+00:00\",\"mainEntityOfPage\":{\"@id\":\"https:\\\/\\\/www.ocean4future.org\\\/savetheocean\\\/archives\\\/132962\"},\"wordCount\":1435,\"commentCount\":0,\"publisher\":{\"@id\":\"https:\\\/\\\/www.ocean4future.org\\\/savetheocean\\\/#\\\/schema\\\/person\\\/4e1c26437054353074d7bb2efa77162c\"},\"image\":{\"@id\":\"https:\\\/\\\/www.ocean4future.org\\\/savetheocean\\\/archives\\\/132962#primaryimage\"},\"thumbnailUrl\":\"https:\\\/\\\/www.ocean4future.org\\\/savetheocean\\\/wp-content\\\/uploads\\\/2026\\\/08\\\/Ruysch-dettaglio-del-planisfero-1507-e1787344143225.jpg\",\"articleSection\":[\"Storia Navale\"],\"inLanguage\":\"it-IT\",\"potentialAction\":[{\"@type\":\"CommentAction\",\"name\":\"Comment\",\"target\":[\"https:\\\/\\\/www.ocean4future.org\\\/savetheocean\\\/archives\\\/132962#respond\"]}]},{\"@type\":\"WebPage\",\"@id\":\"https:\\\/\\\/www.ocean4future.org\\\/savetheocean\\\/archives\\\/132962\",\"url\":\"https:\\\/\\\/www.ocean4future.org\\\/savetheocean\\\/archives\\\/132962\",\"name\":\"Considerazioni e documenti storici che validano il Viaggio di Amerigo Vespucci - Parte III di Piero Carpani &#8226; OCEAN4FUTURE autore\",\"isPartOf\":{\"@id\":\"https:\\\/\\\/www.ocean4future.org\\\/savetheocean\\\/#website\"},\"primaryImageOfPage\":{\"@id\":\"https:\\\/\\\/www.ocean4future.org\\\/savetheocean\\\/archives\\\/132962#primaryimage\"},\"image\":{\"@id\":\"https:\\\/\\\/www.ocean4future.org\\\/savetheocean\\\/archives\\\/132962#primaryimage\"},\"thumbnailUrl\":\"https:\\\/\\\/www.ocean4future.org\\\/savetheocean\\\/wp-content\\\/uploads\\\/2026\\\/08\\\/Ruysch-dettaglio-del-planisfero-1507-e1787344143225.jpg\",\"datePublished\":\"2026-09-02T22:02:00+00:00\",\"breadcrumb\":{\"@id\":\"https:\\\/\\\/www.ocean4future.org\\\/savetheocean\\\/archives\\\/132962#breadcrumb\"},\"inLanguage\":\"it-IT\",\"potentialAction\":[{\"@type\":\"ReadAction\",\"target\":[\"https:\\\/\\\/www.ocean4future.org\\\/savetheocean\\\/archives\\\/132962\"]}]},{\"@type\":\"ImageObject\",\"inLanguage\":\"it-IT\",\"@id\":\"https:\\\/\\\/www.ocean4future.org\\\/savetheocean\\\/archives\\\/132962#primaryimage\",\"url\":\"https:\\\/\\\/www.ocean4future.org\\\/savetheocean\\\/wp-content\\\/uploads\\\/2026\\\/08\\\/Ruysch-dettaglio-del-planisfero-1507-e1787344143225.jpg\",\"contentUrl\":\"https:\\\/\\\/www.ocean4future.org\\\/savetheocean\\\/wp-content\\\/uploads\\\/2026\\\/08\\\/Ruysch-dettaglio-del-planisfero-1507-e1787344143225.jpg\",\"width\":1200,\"height\":895},{\"@type\":\"BreadcrumbList\",\"@id\":\"https:\\\/\\\/www.ocean4future.org\\\/savetheocean\\\/archives\\\/132962#breadcrumb\",\"itemListElement\":[{\"@type\":\"ListItem\",\"position\":1,\"name\":\"Home\",\"item\":\"https:\\\/\\\/www.ocean4future.org\\\/savetheocean\"},{\"@type\":\"ListItem\",\"position\":2,\"name\":\"Considerazioni e documenti storici che validano il Viaggio di Amerigo Vespucci &#8211; Parte III di Piero Carpani\"}]},{\"@type\":\"WebSite\",\"@id\":\"https:\\\/\\\/www.ocean4future.org\\\/savetheocean\\\/#website\",\"url\":\"https:\\\/\\\/www.ocean4future.org\\\/savetheocean\\\/\",\"name\":\"Ocean 4 Future\",\"description\":\"Per una nuova cultura del mare e della marittimit\u00e0\",\"publisher\":{\"@id\":\"https:\\\/\\\/www.ocean4future.org\\\/savetheocean\\\/#\\\/schema\\\/person\\\/4e1c26437054353074d7bb2efa77162c\"},\"potentialAction\":[{\"@type\":\"SearchAction\",\"target\":{\"@type\":\"EntryPoint\",\"urlTemplate\":\"https:\\\/\\\/www.ocean4future.org\\\/savetheocean\\\/?s={search_term_string}\"},\"query-input\":{\"@type\":\"PropertyValueSpecification\",\"valueRequired\":true,\"valueName\":\"search_term_string\"}}],\"inLanguage\":\"it-IT\"},{\"@type\":[\"Person\",\"Organization\"],\"@id\":\"https:\\\/\\\/www.ocean4future.org\\\/savetheocean\\\/#\\\/schema\\\/person\\\/4e1c26437054353074d7bb2efa77162c\",\"name\":\"oceandiver\",\"image\":{\"@type\":\"ImageObject\",\"inLanguage\":\"it-IT\",\"@id\":\"https:\\\/\\\/www.ocean4future.org\\\/savetheocean\\\/wp-content\\\/uploads\\\/2023\\\/04\\\/logo-ocean3.jpg\",\"url\":\"https:\\\/\\\/www.ocean4future.org\\\/savetheocean\\\/wp-content\\\/uploads\\\/2023\\\/04\\\/logo-ocean3.jpg\",\"contentUrl\":\"https:\\\/\\\/www.ocean4future.org\\\/savetheocean\\\/wp-content\\\/uploads\\\/2023\\\/04\\\/logo-ocean3.jpg\",\"width\":472,\"height\":301,\"caption\":\"oceandiver\"},\"logo\":{\"@id\":\"https:\\\/\\\/www.ocean4future.org\\\/savetheocean\\\/wp-content\\\/uploads\\\/2023\\\/04\\\/logo-ocean3.jpg\"}},{\"@type\":\"Person\",\"@id\":\"https:\\\/\\\/www.ocean4future.org\\\/savetheocean\\\/#\\\/schema\\\/person\\\/965165c540de5feedd0a44d02d8a0a52\",\"name\":\"Piero Carpani\",\"image\":{\"@type\":\"ImageObject\",\"inLanguage\":\"it-IT\",\"@id\":\"https:\\\/\\\/secure.gravatar.com\\\/avatar\\\/97d36f90f34bc23ab4a9c3b352d6329ba4c394725cbe1f713c2c59a7d6168853?s=96&d=mm&r=g\",\"url\":\"https:\\\/\\\/secure.gravatar.com\\\/avatar\\\/97d36f90f34bc23ab4a9c3b352d6329ba4c394725cbe1f713c2c59a7d6168853?s=96&d=mm&r=g\",\"contentUrl\":\"https:\\\/\\\/secure.gravatar.com\\\/avatar\\\/97d36f90f34bc23ab4a9c3b352d6329ba4c394725cbe1f713c2c59a7d6168853?s=96&d=mm&r=g\",\"caption\":\"Piero Carpani\"},\"description\":\"L\u2019ammiraglio Genio Navale Piero Carpani, nato a Roma nel 1945, ha frequentato l\u2019Accademia Navale di Livorno e si \u00e8 laureato in Ingegneria Navale e Meccanica presso l\u2019Universit\u00e0 di Trieste. Tra i suoi numerosi incarichi professionali \u00e8 stato capo servizio Genio Navale a bordo dell\u2019Amerigo Vespucci e su Nave Sagittario, oltre a essere stato imbarcato sull\u2019Incrociatore Andrea Doria e sul Cacciatorpediniere Audace. La passione per la vela lo ha portato a partecipare alle attivit\u00e0 della Sezione Velica di La Spezia di cui \u00e8 stato vice presidente. Gli \u00e8 stata affidata Artica II, l\u2019imbarcazione storica della Marina Militare, che ha curato e portato in regata per dodici anni partecipando a numerose edizioni dei raduni di Porto Cervo, Imperia, Porto Santo Stefano, Napoli e alle regate delle Tall Ships del 1996 e 2000. Partecipa alle attivit\u00e0 di avvicinamento dei giovani alla vela collaborando con la STA Italia (Sail Training Association) come skipper di un\u2019imbarcazione privata. Ha pubblicato numerosi saggi tra cui \u00a0\u201cGiornale di bordo\u201d (Istituto Idrografico della Marina \u2013 2006 Genova) e \u00a0\u201cLa pi\u00f9 bella del Mondo \u2013 Nave Scuola Amerigo Vespucci\u201d (Grafiche Amadeo \u2013 C.S.O. 2008 Imperia).\",\"url\":\"https:\\\/\\\/www.ocean4future.org\\\/savetheocean\\\/archives\\\/author\\\/piero-carpani\"}]}<\/script>\n<!-- \/ Yoast SEO plugin. -->","yoast_head_json":{"title":"Considerazioni e documenti storici che validano il Viaggio di Amerigo Vespucci - Parte III di Piero Carpani &#8226; OCEAN4FUTURE autore","robots":{"index":"index","follow":"follow","max-snippet":"max-snippet:-1","max-image-preview":"max-image-preview:large","max-video-preview":"max-video-preview:-1"},"canonical":"https:\/\/www.ocean4future.org\/savetheocean\/archives\/132962","og_locale":"it_IT","og_type":"article","og_title":"Considerazioni e documenti storici che validano il Viaggio di Amerigo Vespucci - Parte III di Piero Carpani &#8226; OCEAN4FUTURE autore","og_description":"tempo di lettura:  6 minuti. . ARGOMENTO: STORIA NAVALE PERIODO: XVI SECOLO AREA: OCEANO ATLANTICO parole chiave: Amerigo Vespucci Nella parte precedente ho accennato a come critiche sul viaggio del grande Fiorentino siano in realt\u00e0 di poco spessore. In questa terza parte illustro di seguito\u00a0 quali prove oggettive esistano del viaggio e quali considerazioni possano farlo ritenere valido. Prove [&hellip;]","og_url":"https:\/\/www.ocean4future.org\/savetheocean\/archives\/132962","og_site_name":"OCEAN4FUTURE","article_published_time":"2026-09-02T22:02:00+00:00","og_image":[{"width":1200,"height":895,"url":"https:\/\/www.ocean4future.org\/savetheocean\/wp-content\/uploads\/2026\/08\/Ruysch-dettaglio-del-planisfero-1507-e1787344143225.jpg","type":"image\/jpeg"}],"author":"Piero Carpani","twitter_card":"summary_large_image","twitter_creator":"@ocean4future","twitter_site":"@ocean4future","twitter_misc":{"Scritto da":"Piero Carpani","Tempo di lettura stimato":"10 minuti"},"schema":{"@context":"https:\/\/schema.org","@graph":[{"@type":"Article","@id":"https:\/\/www.ocean4future.org\/savetheocean\/archives\/132962#article","isPartOf":{"@id":"https:\/\/www.ocean4future.org\/savetheocean\/archives\/132962"},"author":{"name":"Piero Carpani","@id":"https:\/\/www.ocean4future.org\/savetheocean\/#\/schema\/person\/965165c540de5feedd0a44d02d8a0a52"},"headline":"Considerazioni e documenti storici che validano il Viaggio di Amerigo Vespucci &#8211; Parte III di Piero Carpani","datePublished":"2026-09-02T22:02:00+00:00","mainEntityOfPage":{"@id":"https:\/\/www.ocean4future.org\/savetheocean\/archives\/132962"},"wordCount":1435,"commentCount":0,"publisher":{"@id":"https:\/\/www.ocean4future.org\/savetheocean\/#\/schema\/person\/4e1c26437054353074d7bb2efa77162c"},"image":{"@id":"https:\/\/www.ocean4future.org\/savetheocean\/archives\/132962#primaryimage"},"thumbnailUrl":"https:\/\/www.ocean4future.org\/savetheocean\/wp-content\/uploads\/2026\/08\/Ruysch-dettaglio-del-planisfero-1507-e1787344143225.jpg","articleSection":["Storia Navale"],"inLanguage":"it-IT","potentialAction":[{"@type":"CommentAction","name":"Comment","target":["https:\/\/www.ocean4future.org\/savetheocean\/archives\/132962#respond"]}]},{"@type":"WebPage","@id":"https:\/\/www.ocean4future.org\/savetheocean\/archives\/132962","url":"https:\/\/www.ocean4future.org\/savetheocean\/archives\/132962","name":"Considerazioni e documenti storici che validano il Viaggio di Amerigo Vespucci - Parte III di Piero Carpani &#8226; OCEAN4FUTURE autore","isPartOf":{"@id":"https:\/\/www.ocean4future.org\/savetheocean\/#website"},"primaryImageOfPage":{"@id":"https:\/\/www.ocean4future.org\/savetheocean\/archives\/132962#primaryimage"},"image":{"@id":"https:\/\/www.ocean4future.org\/savetheocean\/archives\/132962#primaryimage"},"thumbnailUrl":"https:\/\/www.ocean4future.org\/savetheocean\/wp-content\/uploads\/2026\/08\/Ruysch-dettaglio-del-planisfero-1507-e1787344143225.jpg","datePublished":"2026-09-02T22:02:00+00:00","breadcrumb":{"@id":"https:\/\/www.ocean4future.org\/savetheocean\/archives\/132962#breadcrumb"},"inLanguage":"it-IT","potentialAction":[{"@type":"ReadAction","target":["https:\/\/www.ocean4future.org\/savetheocean\/archives\/132962"]}]},{"@type":"ImageObject","inLanguage":"it-IT","@id":"https:\/\/www.ocean4future.org\/savetheocean\/archives\/132962#primaryimage","url":"https:\/\/www.ocean4future.org\/savetheocean\/wp-content\/uploads\/2026\/08\/Ruysch-dettaglio-del-planisfero-1507-e1787344143225.jpg","contentUrl":"https:\/\/www.ocean4future.org\/savetheocean\/wp-content\/uploads\/2026\/08\/Ruysch-dettaglio-del-planisfero-1507-e1787344143225.jpg","width":1200,"height":895},{"@type":"BreadcrumbList","@id":"https:\/\/www.ocean4future.org\/savetheocean\/archives\/132962#breadcrumb","itemListElement":[{"@type":"ListItem","position":1,"name":"Home","item":"https:\/\/www.ocean4future.org\/savetheocean"},{"@type":"ListItem","position":2,"name":"Considerazioni e documenti storici che validano il Viaggio di Amerigo Vespucci &#8211; Parte III di Piero Carpani"}]},{"@type":"WebSite","@id":"https:\/\/www.ocean4future.org\/savetheocean\/#website","url":"https:\/\/www.ocean4future.org\/savetheocean\/","name":"Ocean 4 Future","description":"Per una nuova cultura del mare e della marittimit\u00e0","publisher":{"@id":"https:\/\/www.ocean4future.org\/savetheocean\/#\/schema\/person\/4e1c26437054353074d7bb2efa77162c"},"potentialAction":[{"@type":"SearchAction","target":{"@type":"EntryPoint","urlTemplate":"https:\/\/www.ocean4future.org\/savetheocean\/?s={search_term_string}"},"query-input":{"@type":"PropertyValueSpecification","valueRequired":true,"valueName":"search_term_string"}}],"inLanguage":"it-IT"},{"@type":["Person","Organization"],"@id":"https:\/\/www.ocean4future.org\/savetheocean\/#\/schema\/person\/4e1c26437054353074d7bb2efa77162c","name":"oceandiver","image":{"@type":"ImageObject","inLanguage":"it-IT","@id":"https:\/\/www.ocean4future.org\/savetheocean\/wp-content\/uploads\/2023\/04\/logo-ocean3.jpg","url":"https:\/\/www.ocean4future.org\/savetheocean\/wp-content\/uploads\/2023\/04\/logo-ocean3.jpg","contentUrl":"https:\/\/www.ocean4future.org\/savetheocean\/wp-content\/uploads\/2023\/04\/logo-ocean3.jpg","width":472,"height":301,"caption":"oceandiver"},"logo":{"@id":"https:\/\/www.ocean4future.org\/savetheocean\/wp-content\/uploads\/2023\/04\/logo-ocean3.jpg"}},{"@type":"Person","@id":"https:\/\/www.ocean4future.org\/savetheocean\/#\/schema\/person\/965165c540de5feedd0a44d02d8a0a52","name":"Piero Carpani","image":{"@type":"ImageObject","inLanguage":"it-IT","@id":"https:\/\/secure.gravatar.com\/avatar\/97d36f90f34bc23ab4a9c3b352d6329ba4c394725cbe1f713c2c59a7d6168853?s=96&d=mm&r=g","url":"https:\/\/secure.gravatar.com\/avatar\/97d36f90f34bc23ab4a9c3b352d6329ba4c394725cbe1f713c2c59a7d6168853?s=96&d=mm&r=g","contentUrl":"https:\/\/secure.gravatar.com\/avatar\/97d36f90f34bc23ab4a9c3b352d6329ba4c394725cbe1f713c2c59a7d6168853?s=96&d=mm&r=g","caption":"Piero Carpani"},"description":"L\u2019ammiraglio Genio Navale Piero Carpani, nato a Roma nel 1945, ha frequentato l\u2019Accademia Navale di Livorno e si \u00e8 laureato in Ingegneria Navale e Meccanica presso l\u2019Universit\u00e0 di Trieste. Tra i suoi numerosi incarichi professionali \u00e8 stato capo servizio Genio Navale a bordo dell\u2019Amerigo Vespucci e su Nave Sagittario, oltre a essere stato imbarcato sull\u2019Incrociatore Andrea Doria e sul Cacciatorpediniere Audace. La passione per la vela lo ha portato a partecipare alle attivit\u00e0 della Sezione Velica di La Spezia di cui \u00e8 stato vice presidente. Gli \u00e8 stata affidata Artica II, l\u2019imbarcazione storica della Marina Militare, che ha curato e portato in regata per dodici anni partecipando a numerose edizioni dei raduni di Porto Cervo, Imperia, Porto Santo Stefano, Napoli e alle regate delle Tall Ships del 1996 e 2000. Partecipa alle attivit\u00e0 di avvicinamento dei giovani alla vela collaborando con la STA Italia (Sail Training Association) come skipper di un\u2019imbarcazione privata. Ha pubblicato numerosi saggi tra cui \u00a0\u201cGiornale di bordo\u201d (Istituto Idrografico della Marina \u2013 2006 Genova) e \u00a0\u201cLa pi\u00f9 bella del Mondo \u2013 Nave Scuola Amerigo Vespucci\u201d (Grafiche Amadeo \u2013 C.S.O. 2008 Imperia).","url":"https:\/\/www.ocean4future.org\/savetheocean\/archives\/author\/piero-carpani"}]}},"_links":{"self":[{"href":"https:\/\/www.ocean4future.org\/savetheocean\/wp-json\/wp\/v2\/posts\/132962","targetHints":{"allow":["GET"]}}],"collection":[{"href":"https:\/\/www.ocean4future.org\/savetheocean\/wp-json\/wp\/v2\/posts"}],"about":[{"href":"https:\/\/www.ocean4future.org\/savetheocean\/wp-json\/wp\/v2\/types\/post"}],"author":[{"embeddable":true,"href":"https:\/\/www.ocean4future.org\/savetheocean\/wp-json\/wp\/v2\/users\/4438"}],"replies":[{"embeddable":true,"href":"https:\/\/www.ocean4future.org\/savetheocean\/wp-json\/wp\/v2\/comments?post=132962"}],"version-history":[{"count":27,"href":"https:\/\/www.ocean4future.org\/savetheocean\/wp-json\/wp\/v2\/posts\/132962\/revisions"}],"predecessor-version":[{"id":133367,"href":"https:\/\/www.ocean4future.org\/savetheocean\/wp-json\/wp\/v2\/posts\/132962\/revisions\/133367"}],"wp:featuredmedia":[{"embeddable":true,"href":"https:\/\/www.ocean4future.org\/savetheocean\/wp-json\/wp\/v2\/media\/133101"}],"wp:attachment":[{"href":"https:\/\/www.ocean4future.org\/savetheocean\/wp-json\/wp\/v2\/media?parent=132962"}],"wp:term":[{"taxonomy":"category","embeddable":true,"href":"https:\/\/www.ocean4future.org\/savetheocean\/wp-json\/wp\/v2\/categories?post=132962"},{"taxonomy":"post_tag","embeddable":true,"href":"https:\/\/www.ocean4future.org\/savetheocean\/wp-json\/wp\/v2\/tags?post=132962"}],"curies":[{"name":"wp","href":"https:\/\/api.w.org\/{rel}","templated":true}]}}