{"id":132960,"date":"2026-08-25T00:02:00","date_gmt":"2026-08-24T22:02:00","guid":{"rendered":"https:\/\/www.ocean4future.org\/savetheocean\/?p=132960"},"modified":"2026-08-25T11:00:09","modified_gmt":"2026-08-25T09:00:09","slug":"parte-ii-vespucci","status":"publish","type":"post","link":"https:\/\/www.ocean4future.org\/savetheocean\/archives\/132960","title":{"rendered":"Amerigo Vespucci e il primo viaggio sulle coste centro settentrionali dell\u2019America &#8211; Parte II di Piero Carpani"},"content":{"rendered":"<span class=\"span-reading-time rt-reading-time\" style=\"display: block;\"><span class=\"rt-label rt-prefix\">tempo di lettura: <\/span> <span class=\"rt-time\"> 4<\/span> <span class=\"rt-label rt-postfix\">minuti<\/span><\/span><p><span style=\"color: #ffffff;\">.<\/span><\/p>\n<a class=\"maxbutton-4 maxbutton maxbutton-livello-di-comprensione\" href=\"javascript:void(0);\"><span class='mb-text'>livello elementare<\/span><\/a>\n<p><span style=\"color: white;\">.<\/span><\/p>\n<p><strong><span style=\"color: green;\">ARGOMENTO: STORIA NAVALE<\/span><\/strong><br \/>\n<strong><span style=\"color: green;\">PERIODO: XVI SECOLO<\/span><\/strong><br \/>\n<strong><span style=\"color: green;\">AREA: OCEANO ATLANTICO<\/span><\/strong><br \/>\nparole chiave: Amerigo Vespucci<\/p>\n<p style=\"text-align: justify;\">Come preannunciato nella I parte, furono effettuate delle critiche di plagio, se non di falso, mettendo in discussione che il primo viaggio di Amerigo Vespucci fosse solo un&#8217;invenzione basandosi sull&#8217;analisi della lettera del Fiorentino. Per facilitare la vostra valutazione le riporter\u00f2 sulla colonna di sinistra, fornendo i miei commenti su quella a sinistra:<\/p>\n<table style=\"border-collapse: collapse; width: 100%;\">\n<tbody>\n<tr>\n<td style=\"width: 53.0519%; text-align: justify;\"><strong><span style=\"color: #008000;\">Si scrive che il viaggio sia durato 18 mesi quando invece era durato poco pi\u00f9 di 17 mesi.<\/span><\/strong><\/td>\n<td style=\"width: 46.9481%; text-align: justify;\"><strong><em><span style=\"color: #008000;\">\u00c8 corretto ma, se si contano i mesi, questi sono 18. Questa critica ricorda una osservazione concernente una copia della lettera a Soderini in cui la data d\u2019arrivo stampata \u00e8 ottobre 1499, non congruente con i diciotto mesi dalla partenza (maggio 1497) che sarebbero 30. Il considerare valido il 1499 e perci\u00f2 bollare tutta la lettera di falsit\u00e0, contrasta con la sequenza temporale degli avvenimenti descritti nella lettera ma \u00e8 utilizzato per squalificare le copie a stampa nel confronto con le copie manoscritte.<\/span><\/em><\/strong><\/td>\n<\/tr>\n<tr>\n<td style=\"width: 53.0519%; text-align: justify;\"><strong><span style=\"color: #008000;\">secondo la critica la direzione presa all\u2019inizio della navigazione attraverso l\u2019oceano \u00e8 Ovest \u2013Sud- Ovest che di logica condurrebbe pi\u00f9 a Sud, ovvero sulle coste del Nicaragua.<\/span><\/strong><\/td>\n<td style=\"width: 46.9481%; text-align: justify;\"><strong><em><span style=\"color: #008000;\">Non si considera che la rotta transatlantica non \u00e8 mai una linea retta come si potrebbe tracciare su una carta di Mercatore ma, procedendo su una sfera, si dovrebbe considerare un arco di cerchio per circolo massimo (differenza tra rotta ortodromica o lossodromica). Inoltre, ricavare la zona d\u2019arrivo di una flottiglia di quattro navi a vela, dopo una traversata di oltre un mese, basandosi sulla rotta assunta alla partenza \u00e8 quanto meno irreale.<\/span><\/em><\/strong><\/td>\n<\/tr>\n<tr>\n<td style=\"width: 53.0519%; text-align: justify;\"><strong><span style=\"color: #008000;\">\u00c8 descritto l\u2019incontro con i nativi e il loro iniziale nascondersi dietro un monte interpretando tale vocabolo vocabolo come se si fossero rifugiati dietro un bosco<\/span><\/strong><\/td>\n<td style=\"width: 46.9481%;\"><strong><em><span style=\"color: #008000;\">Pi\u00f9 realisticamente potrebbe essere una duna o un tombolo.<\/span><\/em><\/strong><\/td>\n<\/tr>\n<tr>\n<td style=\"width: 53.0519%; text-align: justify;\"><strong><span style=\"color: #008000;\">la descrizione dell\u2019incontro con i nativi e i baratti intercorsi vengono visti come topos letterari. Confrontandoli con gli scritti di Colombo e di altri autori, che hanno fatto racconti similari le Lettere di Vespucci sono viste come opere letteraria e non come esposizione dell\u2019accaduto. In altre parole si accusa Vespucci di plagio<\/span><\/strong><\/td>\n<td style=\"width: 46.9481%;\"><strong><em><span style=\"color: #008000;\">Vicende simili sono state narrate da moltissimi esploratori e, con lo stesso criterio, dovremmo pensare che anche Buganville, Cook, Bligh e tanti altri abbiano copiato fra di loro.<\/span><\/em><\/strong><\/td>\n<\/tr>\n<tr>\n<td style=\"width: 53.0519%; text-align: justify;\"><strong><span style=\"color: #008000;\">La linea costiera dalla zona d\u2019atterraggio volge a Maestrale e la navigazione procede in quella direzione, questo non \u00e8 possibile per le coste del Venezuela e dunque la narrazione \u00e8 inattendibile.<\/span><\/strong><\/td>\n<td style=\"width: 46.9481%; text-align: justify;\"><span style=\"color: #008000;\"><em><strong>Questo capita se, con pregiudizio, s\u2019insiste a presumere l\u2019arrivo in Venezuela e non dove indicato nella lettera a 16\u00b0 Nord dov\u2019\u00e8 perfettamente attinente alla costa caraibica dell\u2019Honduras.<\/strong><\/em><\/span><\/td>\n<\/tr>\n<tr>\n<td style=\"width: 53.0519%; text-align: justify;\"><strong><span style=\"color: #008000;\">Percorrono 100 leghe = 320 miglia =590 Km e trovano popoli che parlano diverse lingue<\/span><\/strong><\/td>\n<td style=\"width: 46.9481%; text-align: justify;\"><span style=\"color: #008000;\"><em><strong>pu\u00f2 sembrare strano ma basta pensare ai differenti dialetti parlati in Italia perch\u00e9 tanto strano non sia.<\/strong><\/em><\/span><\/td>\n<\/tr>\n<tr>\n<td style=\"width: 53.0519%; text-align: justify;\"><strong><span style=\"color: #008000;\">Costeggiano per molti giorni ed effettuano molti scali: trovano un villaggio su palafitte fondato sull\u2019acqua come a Venezia e, richiamandosi al Venezuela, si pensa all\u2019America del Sud<\/span><\/strong><\/td>\n<td style=\"width: 46.9481%; text-align: justify;\"><span style=\"color: #008000;\"><em><strong>in realt\u00e0\u00a0\u00a0tutta la costa dello Yucatan \u00e8 cosparsa di palafitte.<\/strong><\/em><\/span><\/td>\n<\/tr>\n<tr>\n<td style=\"width: 53.0519%; text-align: justify;\"><strong><span style=\"color: #008000;\">Percorrono altre 80 leghe e visitano altre popolazioni. Battezzano gli indigeni e riportano il nome del posto: Lariab denominazione presto espunta nelle trascrizioni e sostituita con Paria o Parias, identico a quello dato alla penisola protesa verso l\u2019isola di Trinidad davanti al Venezuela.<\/span><\/strong><\/td>\n<td style=\"width: 46.9481%; text-align: justify;\"><span style=\"color: #008000;\"><em><strong>s\u2019insiste a voler far adattare la lettera ai propri pregiudizi e,\u00a0 non trovando corrispondenza, si incolpa la lettera di Vespucci<\/strong><\/em><\/span><\/td>\n<\/tr>\n<tr>\n<td style=\"width: 53.0519%; text-align: justify;\"><strong><span style=\"color: #008000;\">I nativi usano abbellirsi infilando sassi, ossa e anelli nelle guance, nelle labbra e nelle orecchie. La moda del piercing \u00e8 riferita dai critici ai soli Tupi-Guarani del Brasile come se solo loro la praticassero<br \/>\n<\/span><\/strong><\/td>\n<td style=\"width: 46.9481%; text-align: justify;\"><span style=\"color: #008000;\"><em><strong style=\"font-family: inherit; font-size: inherit;\"><img loading=\"lazy\" decoding=\"async\" class=\" wp-image-133105 alignright\" src=\"https:\/\/www.ocean4future.org\/savetheocean\/wp-content\/uploads\/2026\/08\/Disegno-di-un-vaso-Maya.jpg\" alt=\"\" width=\"160\" height=\"157\" \/>Falso, questa pratica era <\/strong><\/em><em style=\"font-family: inherit; font-size: inherit;\"><strong>diffusa in tutto il mondo. <\/strong><\/em><em><strong style=\"font-family: inherit; font-size: inherit; color: #333333;\"><span style=\"color: #008000;\">Nel disegno a lato da un vaso Maya &#8211; si possono notare le pietre azzurre sulla guancia e al lato delle labbra e <\/span><\/strong><strong style=\"font-family: inherit; font-size: inherit; color: #333333;\"><span style=\"color: #008000;\">l\u2019orecchino circolare\u00a0<\/span><\/strong><\/em><strong style=\"color: #333333; font-family: inherit; font-size: inherit;\"><span style=\"color: #008000;\"><br \/>\n<\/span><\/strong><\/span><\/td>\n<\/tr>\n<\/tbody>\n<\/table>\n<p><img loading=\"lazy\" decoding=\"async\" class=\"alignnone wp-image-133106\" src=\"https:\/\/www.ocean4future.org\/savetheocean\/wp-content\/uploads\/2026\/08\/Dettaglio-del-planisfero-del-Waldseemuller.jpg\" alt=\"\" width=\"1110\" height=\"1240\" srcset=\"https:\/\/www.ocean4future.org\/savetheocean\/wp-content\/uploads\/2026\/08\/Dettaglio-del-planisfero-del-Waldseemuller.jpg 614w, https:\/\/www.ocean4future.org\/savetheocean\/wp-content\/uploads\/2026\/08\/Dettaglio-del-planisfero-del-Waldseemuller-269x300.jpg 269w\" sizes=\"auto, (max-width: 1110px) 100vw, 1110px\" \/><strong><span style=\"color: #008000;\">Dettaglio del planisfero del Waldseem\u00fcller dove sono evidenziati i nomi Parias nello Yucatan e Arien a Trinidad<\/span><\/strong><\/p>\n<table style=\"border-collapse: collapse; width: 100%;\">\n<tbody>\n<tr>\n<td style=\"width: 50%; text-align: justify;\"><span style=\"color: #008000;\"><strong>La descrizione dell\u2019ospitalit\u00e0 e delle cerimonie funebri \u00e8 sempre motivo di confronto con gli scritti di Colombo<\/strong><\/span><\/td>\n<td style=\"width: 50%; text-align: justify;\"><strong><em><span style=\"color: #008000;\">dimenticando che condizioni ambientali similari possono indurre gli abitanti di luoghi lontani geograficamente ad adottare simili, se non le stesse, usanze.<\/span><\/em><\/strong><\/td>\n<\/tr>\n<tr>\n<td style=\"width: 50%; text-align: justify;\"><span style=\"color: #008000;\"><strong>Nel racconto \u00e8 riportato che le zone descritte si trovano al di sotto o sul tropico del Cancro, 23\u00b0 Nord sulle coste del Messico<\/strong><\/span><\/td>\n<td style=\"width: 50%; text-align: justify;\"><strong><em><span style=\"color: #008000;\">questa indicazione \u00e8 ignorata da chi vuole credere che la vicenda si svolga in Venezuela.<\/span><\/em><\/strong><\/td>\n<\/tr>\n<tr>\n<td style=\"width: 50%; text-align: justify;\"><strong><span style=\"color: #008000;\">\u00a0Continuano a navigare e ad approdare e infine si fermano, per 37 giorni, a riparare e calafatare le navi in un porto dichiarato come uno dei pi\u00f9 belli del mondo; qui costruiscono un fortino per alloggiarvi mentre eseguono le manutenzioni.<\/span><\/strong><\/td>\n<td style=\"width: 50%; text-align: justify;\"><strong><em><span style=\"color: #008000;\">Siamo nel giugno 1498. Nel frammento Ridolfi si ricorda che la posizione pi\u00f9 a Nord raggiunta da Vespucci \u00e8 di 33\u00b0Nord il che corrisponde a Cape Island in Carolina del Sud, appena pi\u00f9 a Nord di Charleston.<\/span><\/em><\/strong><\/td>\n<\/tr>\n<tr>\n<td style=\"width: 50%;\"><strong><span style=\"color: #008000;\">Da l\u00ec partono per delle isole distanti 100 leghe = 320 miglia<\/span><\/strong><\/td>\n<td style=\"width: 50%;\"><strong><em><span style=\"color: #008000;\">le Bahamas sono a distanza maggiore ma la spinta della corrente del golfo pu\u00f2 aver fatto sottostimare la distanza.<\/span><\/em><\/strong><\/td>\n<\/tr>\n<tr>\n<td style=\"width: 50%;\"><strong><span style=\"color: #008000;\">Si parla di un\u2019isola chiamata Iti e subito \u00e8 interpretata come Haiti e la direzione presa per raggiungerla viene criticata come sbagliata<\/span><\/strong><\/td>\n<td style=\"width: 50%;\"><strong><em><span style=\"color: #008000;\">l nome potrebbe significare un qualunque attributo di un\u2019isola: grande, montagnosa, piatta, colorata o semplicemente isola. Navigando in Corsica e in Sardegna di scogli o isole Rosse se ne trovano un bel numero.<\/span><\/em><\/strong><\/td>\n<\/tr>\n<tr>\n<td style=\"width: 50%; text-align: justify;\"><strong><span style=\"color: #008000;\">Nei due scontri con i nativi sbarcano dapprima in 42 e nello scontro finale tutti e 57<\/span><\/strong><\/td>\n<td style=\"width: 50%; text-align: justify;\"><strong><em><span style=\"color: #008000;\">&#8230; \u00e8 settembre inoltrato, partono per la Spagna dove approdano il 15 ottobre 1498<\/span><\/em><\/strong><\/td>\n<\/tr>\n<\/tbody>\n<\/table>\n<p style=\"text-align: justify;\">Come leggete le critiche sono attaccabili e non tengono conto di similitudini esistenti fra popoli seppur differenti fra di loro. Ma c&#8217;\u00e8 ancora molto da dire, restate con noi.<\/p>\n<p><strong><span style=\"color: #008000;\">Fine II parte &#8211; continua<\/span><\/strong><br \/>\n<strong><span style=\"color: #008000;\">Piero Carpani<\/span><\/strong><br \/>\n<span style=\"color: #ffffff;\">.<\/span><\/p>\n<p><a class=\"maxbutton-3 maxbutton maxbutton-pagina-principale\" target=\"_blank\" title=\"tooltip\" rel=\"nofollow noopener\" href=\"http:\/\/www.ocean4future.org\"><span class='mb-text'>PAGINA PRINCIPALE - HOME PAGE<\/span><\/a><br \/>\n<span style=\"color: #ffffff;\">.<\/span><br \/>\n<a class=\"maxbutton-13 maxbutton maxbutton-parte-i\" target=\"_blank\" title=\" tooltip\" rel=\"nofollow noopener\" href=\"https:\/\/www.ocean4future.org\/savetheocean\/archives\/132958\"><span class='mb-text'>PARTE I<\/span><\/a> <a class=\"maxbutton-14 maxbutton maxbutton-parte-ii\" target=\"_blank\" title=\" tooltip\" rel=\"nofollow noopener\" href=\"https:\/\/www.ocean4future.org\/savetheocean\/archives\/132960\"><span class='mb-text'>PARTE II<\/span><\/a> <a class=\"maxbutton-15 maxbutton maxbutton-parte-iii\" target=\"_blank\" title=\" tooltip\" rel=\"nofollow noopener\" href=\"https:\/\/www.ocean4future.org\/savetheocean\/archives\/132962\"><span class='mb-text'>PARTE III<\/span><\/a> <a class=\"maxbutton-16 maxbutton maxbutton-parte-iv\" target=\"_blank\" title=\" tooltip\" rel=\"nofollow noopener\" href=\"https:\/\/www.ocean4future.org\/savetheocean\/archives\/132963\"><span class='mb-text'>PARTE IV<\/span><\/a> <a class=\"maxbutton-17 maxbutton maxbutton-parte-v\" target=\"_blank\" title=\" tooltip\" rel=\"nofollow noopener\" href=\"https:\/\/www.ocean4future.org\/savetheocean\/archives\/132964\"><span class='mb-text'>PARTE V<\/span><\/a> <a class=\"maxbutton-18 maxbutton maxbutton-parte-vi\" target=\"_blank\" title=\" tooltip\" rel=\"nofollow noopener\" href=\"https:\/\/www.ocean4future.org\/savetheocean\/archives\/132965\"><span class='mb-text'>PARTE VI<\/span><\/a> <a class=\"maxbutton-19 maxbutton maxbutton-parte-vii\" target=\"_blank\" title=\" tooltip\" rel=\"nofollow noopener\" href=\"https:\/\/www.ocean4future.org\/savetheocean\/archives\/132966\"><span class='mb-text'>PARTE VII<\/span><\/a><br \/>\n<span style=\"color: #ffffff;\">.<\/span><\/p>\n<p style=\"text-align: justify;\">Alcune delle immagini possono essere state prese dal web, citandone ove possibile gli autori e\/o le fonti. Se qualcuno desiderasse specificarne l\u2019autore e le fonti o rimuoverle, pu\u00f2 scrivere a infoocean4future@gmail.com e provvederemo immediatamente alla correzione dell\u2019articolo<br \/>\n<span style=\"color: #ffffff;\">.<\/span><\/p>\n","protected":false},"excerpt":{"rendered":"<p><span class=\"span-reading-time rt-reading-time\" style=\"display: block;\"><span class=\"rt-label rt-prefix\">tempo di lettura: <\/span> <span class=\"rt-time\"> 4<\/span> <span class=\"rt-label rt-postfix\">minuti<\/span><\/span>. . ARGOMENTO: STORIA NAVALE PERIODO: XVI SECOLO AREA: OCEANO ATLANTICO parole chiave: Amerigo Vespucci Come preannunciato nella I parte, furono effettuate delle critiche di plagio, se non di falso, mettendo in discussione che il primo viaggio di Amerigo Vespucci fosse solo un&#8217;invenzione basandosi sull&#8217;analisi della lettera del Fiorentino. Per facilitare la vostra valutazione le [&hellip;]<\/p>\n","protected":false},"author":4438,"featured_media":133115,"comment_status":"open","ping_status":"open","sticky":false,"template":"","format":"standard","meta":{"_acf_changed":false,"_monsterinsights_skip_tracking":false,"footnotes":""},"categories":[83],"tags":[],"class_list":["post-132960","post","type-post","status-publish","format-standard","has-post-thumbnail","hentry","category-storia-navale"],"acf":[],"yoast_head":"<!-- This site is optimized with the Yoast SEO plugin v28.3 - https:\/\/yoast.com\/product\/yoast-seo-wordpress\/ -->\n<title>Amerigo Vespucci e il primo viaggio sulle coste centro settentrionali dell\u2019America - Parte II di Piero Carpani &#8226; OCEAN4FUTURE autore<\/title>\n<meta name=\"robots\" content=\"index, follow, max-snippet:-1, max-image-preview:large, max-video-preview:-1\" \/>\n<link rel=\"canonical\" href=\"https:\/\/www.ocean4future.org\/savetheocean\/archives\/132960\" \/>\n<meta property=\"og:locale\" content=\"it_IT\" \/>\n<meta property=\"og:type\" content=\"article\" \/>\n<meta property=\"og:title\" content=\"Amerigo Vespucci e il primo viaggio sulle coste centro settentrionali dell\u2019America - Parte II di Piero Carpani &#8226; OCEAN4FUTURE autore\" \/>\n<meta property=\"og:description\" content=\"tempo di lettura:  4 minuti. . ARGOMENTO: STORIA NAVALE PERIODO: XVI SECOLO AREA: OCEANO ATLANTICO parole chiave: Amerigo Vespucci Come preannunciato nella I parte, furono effettuate delle critiche di plagio, se non di falso, mettendo in discussione che il primo viaggio di Amerigo Vespucci fosse solo un&#8217;invenzione basandosi sull&#8217;analisi della lettera del Fiorentino. Per facilitare la vostra valutazione le [&hellip;]\" \/>\n<meta property=\"og:url\" content=\"https:\/\/www.ocean4future.org\/savetheocean\/archives\/132960\" \/>\n<meta property=\"og:site_name\" content=\"OCEAN4FUTURE\" \/>\n<meta property=\"article:published_time\" content=\"2026-08-24T22:02:00+00:00\" \/>\n<meta property=\"article:modified_time\" content=\"2026-08-25T09:00:09+00:00\" \/>\n<meta property=\"og:image\" content=\"https:\/\/www.ocean4future.org\/savetheocean\/wp-content\/uploads\/2026\/08\/AI-AMERIGO-VESPUCCI-SCOPRE-LE-AMERICHE.jpg\" \/>\n\t<meta property=\"og:image:width\" content=\"1100\" \/>\n\t<meta property=\"og:image:height\" content=\"733\" \/>\n\t<meta property=\"og:image:type\" content=\"image\/jpeg\" \/>\n<meta name=\"author\" content=\"Piero Carpani\" \/>\n<meta name=\"twitter:card\" content=\"summary_large_image\" \/>\n<meta name=\"twitter:creator\" content=\"@ocean4future\" \/>\n<meta name=\"twitter:site\" content=\"@ocean4future\" \/>\n<meta name=\"twitter:label1\" content=\"Scritto da\" \/>\n\t<meta name=\"twitter:data1\" content=\"Piero Carpani\" \/>\n\t<meta name=\"twitter:label2\" content=\"Tempo di lettura stimato\" \/>\n\t<meta name=\"twitter:data2\" content=\"6 minuti\" \/>\n<script type=\"application\/ld+json\" class=\"yoast-schema-graph\">{\"@context\":\"https:\\\/\\\/schema.org\",\"@graph\":[{\"@type\":\"Article\",\"@id\":\"https:\\\/\\\/www.ocean4future.org\\\/savetheocean\\\/archives\\\/132960#article\",\"isPartOf\":{\"@id\":\"https:\\\/\\\/www.ocean4future.org\\\/savetheocean\\\/archives\\\/132960\"},\"author\":{\"name\":\"Piero Carpani\",\"@id\":\"https:\\\/\\\/www.ocean4future.org\\\/savetheocean\\\/#\\\/schema\\\/person\\\/965165c540de5feedd0a44d02d8a0a52\"},\"headline\":\"Amerigo Vespucci e il primo viaggio sulle coste centro settentrionali dell\u2019America &#8211; Parte II di Piero Carpani\",\"datePublished\":\"2026-08-24T22:02:00+00:00\",\"dateModified\":\"2026-08-25T09:00:09+00:00\",\"mainEntityOfPage\":{\"@id\":\"https:\\\/\\\/www.ocean4future.org\\\/savetheocean\\\/archives\\\/132960\"},\"wordCount\":1142,\"commentCount\":0,\"publisher\":{\"@id\":\"https:\\\/\\\/www.ocean4future.org\\\/savetheocean\\\/#\\\/schema\\\/person\\\/4e1c26437054353074d7bb2efa77162c\"},\"image\":{\"@id\":\"https:\\\/\\\/www.ocean4future.org\\\/savetheocean\\\/archives\\\/132960#primaryimage\"},\"thumbnailUrl\":\"https:\\\/\\\/www.ocean4future.org\\\/savetheocean\\\/wp-content\\\/uploads\\\/2026\\\/08\\\/AI-AMERIGO-VESPUCCI-SCOPRE-LE-AMERICHE.jpg\",\"articleSection\":[\"Storia Navale\"],\"inLanguage\":\"it-IT\",\"potentialAction\":[{\"@type\":\"CommentAction\",\"name\":\"Comment\",\"target\":[\"https:\\\/\\\/www.ocean4future.org\\\/savetheocean\\\/archives\\\/132960#respond\"]}]},{\"@type\":\"WebPage\",\"@id\":\"https:\\\/\\\/www.ocean4future.org\\\/savetheocean\\\/archives\\\/132960\",\"url\":\"https:\\\/\\\/www.ocean4future.org\\\/savetheocean\\\/archives\\\/132960\",\"name\":\"Amerigo Vespucci e il primo viaggio sulle coste centro settentrionali dell\u2019America - Parte II di Piero Carpani &#8226; OCEAN4FUTURE autore\",\"isPartOf\":{\"@id\":\"https:\\\/\\\/www.ocean4future.org\\\/savetheocean\\\/#website\"},\"primaryImageOfPage\":{\"@id\":\"https:\\\/\\\/www.ocean4future.org\\\/savetheocean\\\/archives\\\/132960#primaryimage\"},\"image\":{\"@id\":\"https:\\\/\\\/www.ocean4future.org\\\/savetheocean\\\/archives\\\/132960#primaryimage\"},\"thumbnailUrl\":\"https:\\\/\\\/www.ocean4future.org\\\/savetheocean\\\/wp-content\\\/uploads\\\/2026\\\/08\\\/AI-AMERIGO-VESPUCCI-SCOPRE-LE-AMERICHE.jpg\",\"datePublished\":\"2026-08-24T22:02:00+00:00\",\"dateModified\":\"2026-08-25T09:00:09+00:00\",\"breadcrumb\":{\"@id\":\"https:\\\/\\\/www.ocean4future.org\\\/savetheocean\\\/archives\\\/132960#breadcrumb\"},\"inLanguage\":\"it-IT\",\"potentialAction\":[{\"@type\":\"ReadAction\",\"target\":[\"https:\\\/\\\/www.ocean4future.org\\\/savetheocean\\\/archives\\\/132960\"]}]},{\"@type\":\"ImageObject\",\"inLanguage\":\"it-IT\",\"@id\":\"https:\\\/\\\/www.ocean4future.org\\\/savetheocean\\\/archives\\\/132960#primaryimage\",\"url\":\"https:\\\/\\\/www.ocean4future.org\\\/savetheocean\\\/wp-content\\\/uploads\\\/2026\\\/08\\\/AI-AMERIGO-VESPUCCI-SCOPRE-LE-AMERICHE.jpg\",\"contentUrl\":\"https:\\\/\\\/www.ocean4future.org\\\/savetheocean\\\/wp-content\\\/uploads\\\/2026\\\/08\\\/AI-AMERIGO-VESPUCCI-SCOPRE-LE-AMERICHE.jpg\",\"width\":1100,\"height\":733},{\"@type\":\"BreadcrumbList\",\"@id\":\"https:\\\/\\\/www.ocean4future.org\\\/savetheocean\\\/archives\\\/132960#breadcrumb\",\"itemListElement\":[{\"@type\":\"ListItem\",\"position\":1,\"name\":\"Home\",\"item\":\"https:\\\/\\\/www.ocean4future.org\\\/savetheocean\"},{\"@type\":\"ListItem\",\"position\":2,\"name\":\"Amerigo Vespucci e il primo viaggio sulle coste centro settentrionali dell\u2019America &#8211; Parte II di Piero Carpani\"}]},{\"@type\":\"WebSite\",\"@id\":\"https:\\\/\\\/www.ocean4future.org\\\/savetheocean\\\/#website\",\"url\":\"https:\\\/\\\/www.ocean4future.org\\\/savetheocean\\\/\",\"name\":\"Ocean 4 Future\",\"description\":\"Per una nuova cultura del mare e della marittimit\u00e0\",\"publisher\":{\"@id\":\"https:\\\/\\\/www.ocean4future.org\\\/savetheocean\\\/#\\\/schema\\\/person\\\/4e1c26437054353074d7bb2efa77162c\"},\"potentialAction\":[{\"@type\":\"SearchAction\",\"target\":{\"@type\":\"EntryPoint\",\"urlTemplate\":\"https:\\\/\\\/www.ocean4future.org\\\/savetheocean\\\/?s={search_term_string}\"},\"query-input\":{\"@type\":\"PropertyValueSpecification\",\"valueRequired\":true,\"valueName\":\"search_term_string\"}}],\"inLanguage\":\"it-IT\"},{\"@type\":[\"Person\",\"Organization\"],\"@id\":\"https:\\\/\\\/www.ocean4future.org\\\/savetheocean\\\/#\\\/schema\\\/person\\\/4e1c26437054353074d7bb2efa77162c\",\"name\":\"oceandiver\",\"image\":{\"@type\":\"ImageObject\",\"inLanguage\":\"it-IT\",\"@id\":\"https:\\\/\\\/www.ocean4future.org\\\/savetheocean\\\/wp-content\\\/uploads\\\/2023\\\/04\\\/logo-ocean3.jpg\",\"url\":\"https:\\\/\\\/www.ocean4future.org\\\/savetheocean\\\/wp-content\\\/uploads\\\/2023\\\/04\\\/logo-ocean3.jpg\",\"contentUrl\":\"https:\\\/\\\/www.ocean4future.org\\\/savetheocean\\\/wp-content\\\/uploads\\\/2023\\\/04\\\/logo-ocean3.jpg\",\"width\":472,\"height\":301,\"caption\":\"oceandiver\"},\"logo\":{\"@id\":\"https:\\\/\\\/www.ocean4future.org\\\/savetheocean\\\/wp-content\\\/uploads\\\/2023\\\/04\\\/logo-ocean3.jpg\"}},{\"@type\":\"Person\",\"@id\":\"https:\\\/\\\/www.ocean4future.org\\\/savetheocean\\\/#\\\/schema\\\/person\\\/965165c540de5feedd0a44d02d8a0a52\",\"name\":\"Piero Carpani\",\"image\":{\"@type\":\"ImageObject\",\"inLanguage\":\"it-IT\",\"@id\":\"https:\\\/\\\/secure.gravatar.com\\\/avatar\\\/97d36f90f34bc23ab4a9c3b352d6329ba4c394725cbe1f713c2c59a7d6168853?s=96&d=mm&r=g\",\"url\":\"https:\\\/\\\/secure.gravatar.com\\\/avatar\\\/97d36f90f34bc23ab4a9c3b352d6329ba4c394725cbe1f713c2c59a7d6168853?s=96&d=mm&r=g\",\"contentUrl\":\"https:\\\/\\\/secure.gravatar.com\\\/avatar\\\/97d36f90f34bc23ab4a9c3b352d6329ba4c394725cbe1f713c2c59a7d6168853?s=96&d=mm&r=g\",\"caption\":\"Piero Carpani\"},\"description\":\"L\u2019ammiraglio Genio Navale Piero Carpani, nato a Roma nel 1945, ha frequentato l\u2019Accademia Navale di Livorno e si \u00e8 laureato in Ingegneria Navale e Meccanica presso l\u2019Universit\u00e0 di Trieste. Tra i suoi numerosi incarichi professionali \u00e8 stato capo servizio Genio Navale a bordo dell\u2019Amerigo Vespucci e su Nave Sagittario, oltre a essere stato imbarcato sull\u2019Incrociatore Andrea Doria e sul Cacciatorpediniere Audace. La passione per la vela lo ha portato a partecipare alle attivit\u00e0 della Sezione Velica di La Spezia di cui \u00e8 stato vice presidente. Gli \u00e8 stata affidata Artica II, l\u2019imbarcazione storica della Marina Militare, che ha curato e portato in regata per dodici anni partecipando a numerose edizioni dei raduni di Porto Cervo, Imperia, Porto Santo Stefano, Napoli e alle regate delle Tall Ships del 1996 e 2000. Partecipa alle attivit\u00e0 di avvicinamento dei giovani alla vela collaborando con la STA Italia (Sail Training Association) come skipper di un\u2019imbarcazione privata. Ha pubblicato numerosi saggi tra cui \u00a0\u201cGiornale di bordo\u201d (Istituto Idrografico della Marina \u2013 2006 Genova) e \u00a0\u201cLa pi\u00f9 bella del Mondo \u2013 Nave Scuola Amerigo Vespucci\u201d (Grafiche Amadeo \u2013 C.S.O. 2008 Imperia).\",\"url\":\"https:\\\/\\\/www.ocean4future.org\\\/savetheocean\\\/archives\\\/author\\\/piero-carpani\"}]}<\/script>\n<!-- \/ Yoast SEO plugin. -->","yoast_head_json":{"title":"Amerigo Vespucci e il primo viaggio sulle coste centro settentrionali dell\u2019America - Parte II di Piero Carpani &#8226; OCEAN4FUTURE autore","robots":{"index":"index","follow":"follow","max-snippet":"max-snippet:-1","max-image-preview":"max-image-preview:large","max-video-preview":"max-video-preview:-1"},"canonical":"https:\/\/www.ocean4future.org\/savetheocean\/archives\/132960","og_locale":"it_IT","og_type":"article","og_title":"Amerigo Vespucci e il primo viaggio sulle coste centro settentrionali dell\u2019America - Parte II di Piero Carpani &#8226; OCEAN4FUTURE autore","og_description":"tempo di lettura:  4 minuti. . ARGOMENTO: STORIA NAVALE PERIODO: XVI SECOLO AREA: OCEANO ATLANTICO parole chiave: Amerigo Vespucci Come preannunciato nella I parte, furono effettuate delle critiche di plagio, se non di falso, mettendo in discussione che il primo viaggio di Amerigo Vespucci fosse solo un&#8217;invenzione basandosi sull&#8217;analisi della lettera del Fiorentino. Per facilitare la vostra valutazione le [&hellip;]","og_url":"https:\/\/www.ocean4future.org\/savetheocean\/archives\/132960","og_site_name":"OCEAN4FUTURE","article_published_time":"2026-08-24T22:02:00+00:00","article_modified_time":"2026-08-25T09:00:09+00:00","og_image":[{"width":1100,"height":733,"url":"https:\/\/www.ocean4future.org\/savetheocean\/wp-content\/uploads\/2026\/08\/AI-AMERIGO-VESPUCCI-SCOPRE-LE-AMERICHE.jpg","type":"image\/jpeg"}],"author":"Piero Carpani","twitter_card":"summary_large_image","twitter_creator":"@ocean4future","twitter_site":"@ocean4future","twitter_misc":{"Scritto da":"Piero Carpani","Tempo di lettura stimato":"6 minuti"},"schema":{"@context":"https:\/\/schema.org","@graph":[{"@type":"Article","@id":"https:\/\/www.ocean4future.org\/savetheocean\/archives\/132960#article","isPartOf":{"@id":"https:\/\/www.ocean4future.org\/savetheocean\/archives\/132960"},"author":{"name":"Piero Carpani","@id":"https:\/\/www.ocean4future.org\/savetheocean\/#\/schema\/person\/965165c540de5feedd0a44d02d8a0a52"},"headline":"Amerigo Vespucci e il primo viaggio sulle coste centro settentrionali dell\u2019America &#8211; Parte II di Piero Carpani","datePublished":"2026-08-24T22:02:00+00:00","dateModified":"2026-08-25T09:00:09+00:00","mainEntityOfPage":{"@id":"https:\/\/www.ocean4future.org\/savetheocean\/archives\/132960"},"wordCount":1142,"commentCount":0,"publisher":{"@id":"https:\/\/www.ocean4future.org\/savetheocean\/#\/schema\/person\/4e1c26437054353074d7bb2efa77162c"},"image":{"@id":"https:\/\/www.ocean4future.org\/savetheocean\/archives\/132960#primaryimage"},"thumbnailUrl":"https:\/\/www.ocean4future.org\/savetheocean\/wp-content\/uploads\/2026\/08\/AI-AMERIGO-VESPUCCI-SCOPRE-LE-AMERICHE.jpg","articleSection":["Storia Navale"],"inLanguage":"it-IT","potentialAction":[{"@type":"CommentAction","name":"Comment","target":["https:\/\/www.ocean4future.org\/savetheocean\/archives\/132960#respond"]}]},{"@type":"WebPage","@id":"https:\/\/www.ocean4future.org\/savetheocean\/archives\/132960","url":"https:\/\/www.ocean4future.org\/savetheocean\/archives\/132960","name":"Amerigo Vespucci e il primo viaggio sulle coste centro settentrionali dell\u2019America - Parte II di Piero Carpani &#8226; OCEAN4FUTURE autore","isPartOf":{"@id":"https:\/\/www.ocean4future.org\/savetheocean\/#website"},"primaryImageOfPage":{"@id":"https:\/\/www.ocean4future.org\/savetheocean\/archives\/132960#primaryimage"},"image":{"@id":"https:\/\/www.ocean4future.org\/savetheocean\/archives\/132960#primaryimage"},"thumbnailUrl":"https:\/\/www.ocean4future.org\/savetheocean\/wp-content\/uploads\/2026\/08\/AI-AMERIGO-VESPUCCI-SCOPRE-LE-AMERICHE.jpg","datePublished":"2026-08-24T22:02:00+00:00","dateModified":"2026-08-25T09:00:09+00:00","breadcrumb":{"@id":"https:\/\/www.ocean4future.org\/savetheocean\/archives\/132960#breadcrumb"},"inLanguage":"it-IT","potentialAction":[{"@type":"ReadAction","target":["https:\/\/www.ocean4future.org\/savetheocean\/archives\/132960"]}]},{"@type":"ImageObject","inLanguage":"it-IT","@id":"https:\/\/www.ocean4future.org\/savetheocean\/archives\/132960#primaryimage","url":"https:\/\/www.ocean4future.org\/savetheocean\/wp-content\/uploads\/2026\/08\/AI-AMERIGO-VESPUCCI-SCOPRE-LE-AMERICHE.jpg","contentUrl":"https:\/\/www.ocean4future.org\/savetheocean\/wp-content\/uploads\/2026\/08\/AI-AMERIGO-VESPUCCI-SCOPRE-LE-AMERICHE.jpg","width":1100,"height":733},{"@type":"BreadcrumbList","@id":"https:\/\/www.ocean4future.org\/savetheocean\/archives\/132960#breadcrumb","itemListElement":[{"@type":"ListItem","position":1,"name":"Home","item":"https:\/\/www.ocean4future.org\/savetheocean"},{"@type":"ListItem","position":2,"name":"Amerigo Vespucci e il primo viaggio sulle coste centro settentrionali dell\u2019America &#8211; Parte II di Piero Carpani"}]},{"@type":"WebSite","@id":"https:\/\/www.ocean4future.org\/savetheocean\/#website","url":"https:\/\/www.ocean4future.org\/savetheocean\/","name":"Ocean 4 Future","description":"Per una nuova cultura del mare e della marittimit\u00e0","publisher":{"@id":"https:\/\/www.ocean4future.org\/savetheocean\/#\/schema\/person\/4e1c26437054353074d7bb2efa77162c"},"potentialAction":[{"@type":"SearchAction","target":{"@type":"EntryPoint","urlTemplate":"https:\/\/www.ocean4future.org\/savetheocean\/?s={search_term_string}"},"query-input":{"@type":"PropertyValueSpecification","valueRequired":true,"valueName":"search_term_string"}}],"inLanguage":"it-IT"},{"@type":["Person","Organization"],"@id":"https:\/\/www.ocean4future.org\/savetheocean\/#\/schema\/person\/4e1c26437054353074d7bb2efa77162c","name":"oceandiver","image":{"@type":"ImageObject","inLanguage":"it-IT","@id":"https:\/\/www.ocean4future.org\/savetheocean\/wp-content\/uploads\/2023\/04\/logo-ocean3.jpg","url":"https:\/\/www.ocean4future.org\/savetheocean\/wp-content\/uploads\/2023\/04\/logo-ocean3.jpg","contentUrl":"https:\/\/www.ocean4future.org\/savetheocean\/wp-content\/uploads\/2023\/04\/logo-ocean3.jpg","width":472,"height":301,"caption":"oceandiver"},"logo":{"@id":"https:\/\/www.ocean4future.org\/savetheocean\/wp-content\/uploads\/2023\/04\/logo-ocean3.jpg"}},{"@type":"Person","@id":"https:\/\/www.ocean4future.org\/savetheocean\/#\/schema\/person\/965165c540de5feedd0a44d02d8a0a52","name":"Piero Carpani","image":{"@type":"ImageObject","inLanguage":"it-IT","@id":"https:\/\/secure.gravatar.com\/avatar\/97d36f90f34bc23ab4a9c3b352d6329ba4c394725cbe1f713c2c59a7d6168853?s=96&d=mm&r=g","url":"https:\/\/secure.gravatar.com\/avatar\/97d36f90f34bc23ab4a9c3b352d6329ba4c394725cbe1f713c2c59a7d6168853?s=96&d=mm&r=g","contentUrl":"https:\/\/secure.gravatar.com\/avatar\/97d36f90f34bc23ab4a9c3b352d6329ba4c394725cbe1f713c2c59a7d6168853?s=96&d=mm&r=g","caption":"Piero Carpani"},"description":"L\u2019ammiraglio Genio Navale Piero Carpani, nato a Roma nel 1945, ha frequentato l\u2019Accademia Navale di Livorno e si \u00e8 laureato in Ingegneria Navale e Meccanica presso l\u2019Universit\u00e0 di Trieste. Tra i suoi numerosi incarichi professionali \u00e8 stato capo servizio Genio Navale a bordo dell\u2019Amerigo Vespucci e su Nave Sagittario, oltre a essere stato imbarcato sull\u2019Incrociatore Andrea Doria e sul Cacciatorpediniere Audace. La passione per la vela lo ha portato a partecipare alle attivit\u00e0 della Sezione Velica di La Spezia di cui \u00e8 stato vice presidente. Gli \u00e8 stata affidata Artica II, l\u2019imbarcazione storica della Marina Militare, che ha curato e portato in regata per dodici anni partecipando a numerose edizioni dei raduni di Porto Cervo, Imperia, Porto Santo Stefano, Napoli e alle regate delle Tall Ships del 1996 e 2000. Partecipa alle attivit\u00e0 di avvicinamento dei giovani alla vela collaborando con la STA Italia (Sail Training Association) come skipper di un\u2019imbarcazione privata. Ha pubblicato numerosi saggi tra cui \u00a0\u201cGiornale di bordo\u201d (Istituto Idrografico della Marina \u2013 2006 Genova) e \u00a0\u201cLa pi\u00f9 bella del Mondo \u2013 Nave Scuola Amerigo Vespucci\u201d (Grafiche Amadeo \u2013 C.S.O. 2008 Imperia).","url":"https:\/\/www.ocean4future.org\/savetheocean\/archives\/author\/piero-carpani"}]}},"_links":{"self":[{"href":"https:\/\/www.ocean4future.org\/savetheocean\/wp-json\/wp\/v2\/posts\/132960","targetHints":{"allow":["GET"]}}],"collection":[{"href":"https:\/\/www.ocean4future.org\/savetheocean\/wp-json\/wp\/v2\/posts"}],"about":[{"href":"https:\/\/www.ocean4future.org\/savetheocean\/wp-json\/wp\/v2\/types\/post"}],"author":[{"embeddable":true,"href":"https:\/\/www.ocean4future.org\/savetheocean\/wp-json\/wp\/v2\/users\/4438"}],"replies":[{"embeddable":true,"href":"https:\/\/www.ocean4future.org\/savetheocean\/wp-json\/wp\/v2\/comments?post=132960"}],"version-history":[{"count":5,"href":"https:\/\/www.ocean4future.org\/savetheocean\/wp-json\/wp\/v2\/posts\/132960\/revisions"}],"predecessor-version":[{"id":133368,"href":"https:\/\/www.ocean4future.org\/savetheocean\/wp-json\/wp\/v2\/posts\/132960\/revisions\/133368"}],"wp:featuredmedia":[{"embeddable":true,"href":"https:\/\/www.ocean4future.org\/savetheocean\/wp-json\/wp\/v2\/media\/133115"}],"wp:attachment":[{"href":"https:\/\/www.ocean4future.org\/savetheocean\/wp-json\/wp\/v2\/media?parent=132960"}],"wp:term":[{"taxonomy":"category","embeddable":true,"href":"https:\/\/www.ocean4future.org\/savetheocean\/wp-json\/wp\/v2\/categories?post=132960"},{"taxonomy":"post_tag","embeddable":true,"href":"https:\/\/www.ocean4future.org\/savetheocean\/wp-json\/wp\/v2\/tags?post=132960"}],"curies":[{"name":"wp","href":"https:\/\/api.w.org\/{rel}","templated":true}]}}