{"id":132958,"date":"2026-08-22T00:02:00","date_gmt":"2026-08-21T22:02:00","guid":{"rendered":"https:\/\/www.ocean4future.org\/savetheocean\/?p=132958"},"modified":"2026-08-22T09:04:52","modified_gmt":"2026-08-22T07:04:52","slug":"amerigo-vespucci-e-il-primo-viaggio-sulle-coste-centro-settentrionali-dellamerica-parte-i-di-piero-carpani","status":"publish","type":"post","link":"https:\/\/www.ocean4future.org\/savetheocean\/archives\/132958","title":{"rendered":"Amerigo Vespucci e il primo viaggio sulle coste centro settentrionali dell\u2019America &#8211; Parte I di Piero Carpani"},"content":{"rendered":"<span class=\"span-reading-time rt-reading-time\" style=\"display: block;\"><span class=\"rt-label rt-prefix\">tempo di lettura: <\/span> <span class=\"rt-time\"> 6<\/span> <span class=\"rt-label rt-postfix\">minuti<\/span><\/span><p><span style=\"color: #ffffff;\">.<\/span><\/p>\n<a class=\"maxbutton-4 maxbutton maxbutton-livello-di-comprensione\" href=\"javascript:void(0);\"><span class='mb-text'>livello elementare<\/span><\/a>\n<p><span style=\"color: white;\">.<\/span><\/p>\n<p><strong><span style=\"color: green;\">ARGOMENTO: STORIA NAVALE<\/span><\/strong><br \/>\n<strong><span style=\"color: green;\">PERIODO: XVI SECOLO<\/span><\/strong><br \/>\n<strong><span style=\"color: green;\">AREA: OCENA ATLANTICO<\/span><\/strong><br \/>\nparole chiave: Amerigo Vespucci<\/p>\n<p style=\"text-align: justify;\">Fino agli inizi del 1900 erano note solo alcune lettere, tra l&#8217;altro in copia, che descrivevano le regioni e le popolazioni incontrate dal fiorentino Amerigo Vespucci durante i suoi quattro viaggi nel Nuovo Mondo <strong><sup>1<\/sup><\/strong>. In Italia e all\u2019estero, l\u2019argomento \u00e8 stato trattato e approfondito da molti studiosi che hanno basato il loro lavoro sia sulle trascrizioni a mano che sulle copie a stampa delle lettere del Vespucci. Questi documenti prestano il fianco a numerose critiche perch\u00e9 riportano cifre diverse e vicende non sempre coincidenti se si considerano le copie e la lingua in cui sono state trascritte. Per tali motivi si \u00e8 finito per considerarle opere letterarie e dunque, esaminandole e criticandole come tali, si pass\u00f2 dalla critica alla negazione dei viaggi in esse descritti.<\/p>\n<p style=\"text-align: justify;\">Anche le scoperte riportate dalla carta del Waldseem\u00fcller, ritrovata ai primi del 1900, e del frammento Ridolfi (dal nome di chi lo pubblic\u00f2 nel 1937) non sono servite a far luce sui dubbi espressi; in primo luogo perch\u00e9 la carta &#8211; le cui dimensioni reali sono di 1,28 x 2,33 m. &#8211; era consultabile solo in riproduzioni di dimensioni cos\u00ec ridotte da non permettere la visione degli interessanti dettagli. Inoltre, il frammento trattava principalmente il terzo viaggio, che non era stato messo in discussione.<\/p>\n<p style=\"text-align: justify;\">\u00a0<img loading=\"lazy\" decoding=\"async\" class=\" wp-image-133108 alignleft\" src=\"https:\/\/www.ocean4future.org\/savetheocean\/wp-content\/uploads\/2026\/08\/planisfero-di-Martin-Waldseemuller-del-1507.jpg\" alt=\"\" width=\"731\" height=\"408\" srcset=\"https:\/\/www.ocean4future.org\/savetheocean\/wp-content\/uploads\/2026\/08\/planisfero-di-Martin-Waldseemuller-del-1507.jpg 674w, https:\/\/www.ocean4future.org\/savetheocean\/wp-content\/uploads\/2026\/08\/planisfero-di-Martin-Waldseemuller-del-1507-300x167.jpg 300w\" sizes=\"auto, (max-width: 731px) 100vw, 731px\" \/><strong><span style=\"color: #008000;\">Il planisfero di Martin Waldseem\u00fcller del 1507<\/span><\/strong><\/p>\n<p style=\"text-align: justify;\">L\u2019America Settentrionale \u00e8 descritta da Amerigo Vespucci nel primo viaggio, effettuato dal maggio 1497 all\u2019ottobre 1498, il cui racconto costituisce la parte iniziale della cosiddetta <strong><span style=\"color: #008000;\">Lettera al Soderini<\/span><\/strong>. Ricordo che il viaggio di Vespucci fu intrapreso per incarico del re spagnolo <strong><span style=\"color: #008000;\">Ferdinando II<\/span><\/strong> che si era rivolto a un personaggio che conosceva bene (aveva lavorato per la Corona come banchiere), di cui stimava l&#8217;elevata cultura ed il grande senso pratico. Vespucci era stato infatti\u00a0 l&#8217;organizzatore della flotta utilizzata da Colombo per il suo secondo viaggio, composta da ben 17 navi. L\u2019obiettivo era di ottenere un diverso punto di vista sui territori scoperti dal Genovese, a seguito delle rimostranze dei sottoposti al rientro dal suddetto viaggio.<\/p>\n<p style=\"text-align: justify;\"><span style=\"font-size: 20px;\"><strong><span style=\"color: #008000;\">Il racconto del primo viaggio<\/span><\/strong><\/span><br \/>\nAmerigo afferma nella lettera &#8211; con una battuta spiritosa da buon toscano &#8211; di dare inizio ad un\u2019attivit\u00e0 apprezzata e tranquilla (laudabile e ferma) cio\u00e8 quella d\u2019imbarcarsi verso terre sconosciute, attivit\u00e0 che di laudabile aveva poco (marinai e pirati erano molto simili) e di fermo non aveva niente perch\u00e9 sarebbe stato un continuo navigare. Se ci pensiamo, anche nell\u2019italiano moderno imbarcarsi in un\u2019impresa ha un significato ben diverso da iniziare o intraprendere.<br \/>\nIl Fiorentino parte il 16 maggio 1497 da Cadice con le quattro navi sotto il comando di Alonzo de Ojeda, fa sosta e rifornimento alle Canarie (28\u00b0 Nord ed estremo confine del mondo abitato, l\u2019ecumene) e dopo otto giorni riprende il mare con rotta ovest-sudovest. La traversata dell\u2019Atlantico dura pi\u00f9 di un mese e quando i naviganti avvistano terra sono a 1.000 leghe dalle Isole Canarie, spostati di circa 75\u00b0 a occidente e alla latitudine di 16\u00b0 Nord. La costa si prolunga verso maestrale (nord \u2013 ovest) e la spedizione la costeggia alla ricerca di un buon ancoraggio.<\/p>\n<p style=\"text-align: justify;\"><img loading=\"lazy\" decoding=\"async\" class=\"wp-image-133107 alignleft\" src=\"https:\/\/www.ocean4future.org\/savetheocean\/wp-content\/uploads\/2026\/08\/La-rotta-del-viaggio-tracciata-su-una-moderna-Pilot-Chart.jpg\" alt=\"\" width=\"832\" height=\"286\" srcset=\"https:\/\/www.ocean4future.org\/savetheocean\/wp-content\/uploads\/2026\/08\/La-rotta-del-viaggio-tracciata-su-una-moderna-Pilot-Chart.jpg 643w, https:\/\/www.ocean4future.org\/savetheocean\/wp-content\/uploads\/2026\/08\/La-rotta-del-viaggio-tracciata-su-una-moderna-Pilot-Chart-300x103.jpg 300w\" sizes=\"auto, (max-width: 832px) 100vw, 832px\" \/><strong><span style=\"color: #008000;\">La rotta del viaggio tracciata su una moderna Pilot Chart<\/span><\/strong><\/p>\n<p style=\"text-align: justify;\">Su un moderno atlante geografico troviamo che la costa, alla latitudine indicata e con l\u2019andamento descritto, pu\u00f2 essere solo quella dell\u2019Honduras a iniziare dal <strong><span style=\"color: #008000;\">Capo Gracias a Dios<\/span><\/strong>. Vespucci riporta che il primo sbarco \u00e8 effettuato con le cautele del caso: gli Spagnoli si portano il loro equipaggiamento di armi ma non serve; i nativi sono timorosi e solo dopo ripetuti allettamenti con oggetti sconosciuti e avvincenti (campanelli, specchietti e collanine rilucenti) si lasciano avvicinare. Rotto il ghiaccio, i rapporti sono subito buoni tanto che gli indigeni vanno incontro a nuoto ai battelli che, il giorno successivo, riportano a terra gli Spagnoli. Una lunga descrizione degli usi e dei costumi indigeni ci mostra una popolazione che vive dei prodotti della terra (frutta, verdura e radici) con legami familiari e sociali molto blandi (non hanno propriet\u00e0), che trova una certa coesione solo quando combatte le trib\u00f9 nemiche, quando pratica il cannibalismo.<\/p>\n<p style=\"text-align: justify;\">\u00c8 una realt\u00e0 completamente differente dalla terra molto antropizzata dalla quale provengono i viaggiatori. Le varie trib\u00f9 che incontrano vivono in capanne su palafitte e dal tetto di foglie di palma, dormono su amache, girano sempre nude e si adornano con penne multicolori. La spedizione prosegue quindi navigando lungo costa, dando fondo e sbarcando l\u00e0 dove \u00e8 possibile con una certa sicurezza. Gli incontri con i nativi non sono sempre pacifici, infatti, esiste la descrizione di uno scontro nel quale le armature e le spade fanno la differenza e consentono la vittoria agli Spagnoli. Man mano che si susseguono gli approdi, dopo brevi navigazioni di pochi giorni, lo scenario non cambia: una natura verdeggiante popolata da animali sconosciuti e selvatici che non hanno attinenze con quelli conosciuti in Europa. Quando i rapporti con i nativi sono buoni, si organizzano spedizioni all\u2019interno guidate dalle popolazioni locali che ospitano e accolgono i visitatori con rispetto e curiosit\u00e0. Il lungo itinerario percorso, stimato in 2.800 miglia, si snoda lungo le coste del Golfo del Messico e, a un certo punto, i marinai si rendono conto che \u00e8 arrivato il momento di fare manutenzione alle navi. Ricordiamo che gli scafi di legno soffrivano, oltre che del comune degrado (tenuta all\u2019acqua e incrostazioni della flora subacquea), anche della teredine che rodeva il legno scavando lunghe gallerie che lo indebolivano fino a portare la struttura al collasso.<\/p>\n<p><img loading=\"lazy\" decoding=\"async\" class=\"size-full wp-image-88977 alignleft\" src=\"https:\/\/www.ocean4future.org\/savetheocean\/wp-content\/uploads\/2023\/05\/teredine-wikipedia.jpg\" alt=\"\" width=\"400\" height=\"377\" srcset=\"https:\/\/www.ocean4future.org\/savetheocean\/wp-content\/uploads\/2023\/05\/teredine-wikipedia.jpg 400w, https:\/\/www.ocean4future.org\/savetheocean\/wp-content\/uploads\/2023\/05\/teredine-wikipedia-300x283.jpg 300w\" sizes=\"auto, (max-width: 400px) 100vw, 400px\" \/><\/p>\n<p style=\"text-align: justify;\">Per fare manutenzione e rattoppare i problemi delle navi \u00e8 necessario tirarle in secco e la spedizione, dopo tanto viaggiare, giunge in un porto descritto come il migliore del mondo. Qui \u00e8 costruito un fortino e viene effettuata la necessaria manutenzione agli scafi. La popolazione \u00e8 molto ospitale e rifornisce di viveri gli Spagnoli che, per sdebitarsi, si accordano con gli indigeni per effettuare una battuta contro i loro nemici storici abitanti su isole a pochi giorni di navigazione in direzione est-nordest. Vanno dunque verso le Bermuda e approdano a <strong><span style=\"color: #008000;\">Iti<\/span><\/strong>. Dopo due giorni di scontri, che si concludono con la cattura di 250 nemici poi ridotti in schiavit\u00f9, la spedizione lamenta la perdita di un solo marinaio e il ferimento di altri ventidue. Il 18 ottobre 1498, inizia il rientro in Spagna e, dopo diciassette mesi di lontananza, dei quali ben quindici trascorsi in navigazione, le navi rientrano a Cadice. Ma Vespucci non si ferma e sette mesi dopo riparte per un altro viaggio; Colombo partir\u00e0 quindici giorni pi\u00f9 tardi per la sua terza esplorazione e partono pure i portoghesi Miguel e Gaspar Corte-Real verso Terranova e il Labrador.<\/p>\n<p style=\"text-align: justify;\">Dopo questa breve narrazione arriviamo al punto, oggetto del mio studio. La lettera di Vespucci in cui \u00e8 riportato questo primo viaggio, \u00e8 stata molto contestata in passato e di conseguenza si \u00e8 deciso che il viaggio descritto fosse solo frutto di fantasia, perci\u00f2 da non tenere in considerazione. Un\u2019ipotesi condivisibile? Ritengo necessario fare a questo punti delle considerazioni che tratter\u00f2 pi\u00f9 ampiamente nelle prossime parti. A presto.<\/p>\n<p style=\"text-align: justify;\"><strong><span style=\"color: #008000;\">Fine I parte \u2013 continua<\/span><\/strong><br \/>\n<strong><span style=\"color: #008000;\">Piero Carpani<br \/>\n<span style=\"color: #ffffff;\">.<\/span><\/span><\/strong><\/p>\n<p style=\"text-align: justify;\"><span style=\"font-size: 20px;\"><strong><span style=\"color: #008000;\">Nota<\/span><\/strong><\/span><br \/>\n<span style=\"color: #000000;\">1. per la precisione tre lettere a Lorenzo di Pierfrancesco de\u2019 Medici, suo precedente datore di lavoro e compagno di studi, una lettera a Piero Soderini, Gonfaloniere di Firenze e anch\u2019esso compagno di studi e infine il libriccino divulgativo dal titolo Mundus Novus che ebbe, fin dalla pubblicazione nel 1504, una grande diffusione<br \/>\n<span style=\"color: #ffffff;\">.<\/span><\/span><\/p>\n<p><a class=\"maxbutton-3 maxbutton maxbutton-pagina-principale\" target=\"_blank\" title=\"tooltip\" rel=\"nofollow noopener\" href=\"http:\/\/www.ocean4future.org\"><span class='mb-text'>PAGINA PRINCIPALE - HOME PAGE<\/span><\/a><br \/>\n<span style=\"color: #ffffff;\">.<\/span><br \/>\n<a class=\"maxbutton-13 maxbutton maxbutton-parte-i\" target=\"_blank\" title=\" tooltip\" rel=\"nofollow noopener\" href=\"https:\/\/www.ocean4future.org\/savetheocean\/archives\/132958\"><span class='mb-text'>PARTE I<\/span><\/a> <a class=\"maxbutton-14 maxbutton maxbutton-parte-ii\" target=\"_blank\" title=\" tooltip\" rel=\"nofollow noopener\" href=\"https:\/\/www.ocean4future.org\/savetheocean\/archives\/132960\"><span class='mb-text'>PARTE II<\/span><\/a> <a class=\"maxbutton-15 maxbutton maxbutton-parte-iii\" target=\"_blank\" title=\" tooltip\" rel=\"nofollow noopener\" href=\"https:\/\/www.ocean4future.org\/savetheocean\/archives\/132962\"><span class='mb-text'>PARTE III<\/span><\/a> <a class=\"maxbutton-16 maxbutton maxbutton-parte-iv\" target=\"_blank\" title=\" tooltip\" rel=\"nofollow noopener\" href=\"https:\/\/www.ocean4future.org\/savetheocean\/archives\/132963\"><span class='mb-text'>PARTE IV<\/span><\/a> <a class=\"maxbutton-17 maxbutton maxbutton-parte-v\" target=\"_blank\" title=\" tooltip\" rel=\"nofollow noopener\" href=\"https:\/\/www.ocean4future.org\/savetheocean\/archives\/132964\"><span class='mb-text'>PARTE V<\/span><\/a> <a class=\"maxbutton-18 maxbutton maxbutton-parte-vi\" target=\"_blank\" title=\" tooltip\" rel=\"nofollow noopener\" href=\"https:\/\/www.ocean4future.org\/savetheocean\/archives\/132965\"><span class='mb-text'>PARTE VI<\/span><\/a> <a class=\"maxbutton-19 maxbutton maxbutton-parte-vii\" target=\"_blank\" title=\" tooltip\" rel=\"nofollow noopener\" href=\"https:\/\/www.ocean4future.org\/savetheocean\/archives\/132966\"><span class='mb-text'>PARTE VII<\/span><\/a><br \/>\n<span style=\"color: #ffffff;\">.<\/span><\/p>\n<p style=\"text-align: justify;\">Alcune delle immagini possono essere state prese dal web, citandone ove possibile gli autori e\/o le fonti. Se qualcuno desiderasse specificarne l\u2019autore e le fonti o rimuoverle, pu\u00f2 scrivere a infoocean4future@gmail.com e provvederemo immediatamente alla correzione dell\u2019articolo<br \/>\n<span style=\"color: #ffffff;\">.<\/span><\/p>\n","protected":false},"excerpt":{"rendered":"<p><span class=\"span-reading-time rt-reading-time\" style=\"display: block;\"><span class=\"rt-label rt-prefix\">tempo di lettura: <\/span> <span class=\"rt-time\"> 6<\/span> <span class=\"rt-label rt-postfix\">minuti<\/span><\/span>. . ARGOMENTO: STORIA NAVALE PERIODO: XVI SECOLO AREA: OCENA ATLANTICO parole chiave: Amerigo Vespucci Fino agli inizi del 1900 erano note solo alcune lettere, tra l&#8217;altro in copia, che descrivevano le regioni e le popolazioni incontrate dal fiorentino Amerigo Vespucci durante i suoi quattro viaggi nel Nuovo Mondo 1. In Italia e all\u2019estero, l\u2019argomento [&hellip;]<\/p>\n","protected":false},"author":4438,"featured_media":133117,"comment_status":"open","ping_status":"open","sticky":false,"template":"","format":"standard","meta":{"_acf_changed":false,"_monsterinsights_skip_tracking":false,"footnotes":""},"categories":[83],"tags":[],"class_list":["post-132958","post","type-post","status-publish","format-standard","has-post-thumbnail","hentry","category-storia-navale"],"acf":[],"yoast_head":"<!-- This site is optimized with the Yoast SEO plugin v28.3 - https:\/\/yoast.com\/product\/yoast-seo-wordpress\/ -->\n<title>Amerigo Vespucci e il primo viaggio sulle coste centro settentrionali dell\u2019America - Parte I di Piero Carpani &#8226; OCEAN4FUTURE autore<\/title>\n<meta name=\"robots\" content=\"index, follow, max-snippet:-1, max-image-preview:large, max-video-preview:-1\" \/>\n<link rel=\"canonical\" href=\"https:\/\/www.ocean4future.org\/savetheocean\/archives\/132958\" \/>\n<meta property=\"og:locale\" content=\"it_IT\" \/>\n<meta property=\"og:type\" content=\"article\" \/>\n<meta property=\"og:title\" content=\"Amerigo Vespucci e il primo viaggio sulle coste centro settentrionali dell\u2019America - Parte I di Piero Carpani &#8226; OCEAN4FUTURE autore\" \/>\n<meta property=\"og:description\" content=\"tempo di lettura:  6 minuti. . ARGOMENTO: STORIA NAVALE PERIODO: XVI SECOLO AREA: OCENA ATLANTICO parole chiave: Amerigo Vespucci Fino agli inizi del 1900 erano note solo alcune lettere, tra l&#8217;altro in copia, che descrivevano le regioni e le popolazioni incontrate dal fiorentino Amerigo Vespucci durante i suoi quattro viaggi nel Nuovo Mondo 1. In Italia e all\u2019estero, l\u2019argomento [&hellip;]\" \/>\n<meta property=\"og:url\" content=\"https:\/\/www.ocean4future.org\/savetheocean\/archives\/132958\" \/>\n<meta property=\"og:site_name\" content=\"OCEAN4FUTURE\" \/>\n<meta property=\"article:published_time\" content=\"2026-08-21T22:02:00+00:00\" \/>\n<meta property=\"article:modified_time\" content=\"2026-08-22T07:04:52+00:00\" \/>\n<meta property=\"og:image\" content=\"https:\/\/www.ocean4future.org\/savetheocean\/wp-content\/uploads\/2026\/08\/AI-IL-NUOVO-MONDO-AMERICHE.jpg\" \/>\n\t<meta property=\"og:image:width\" content=\"1100\" \/>\n\t<meta property=\"og:image:height\" content=\"733\" \/>\n\t<meta property=\"og:image:type\" content=\"image\/jpeg\" \/>\n<meta name=\"author\" content=\"Piero Carpani\" \/>\n<meta name=\"twitter:card\" content=\"summary_large_image\" \/>\n<meta name=\"twitter:creator\" content=\"@ocean4future\" \/>\n<meta name=\"twitter:site\" content=\"@ocean4future\" \/>\n<meta name=\"twitter:label1\" content=\"Scritto da\" \/>\n\t<meta name=\"twitter:data1\" content=\"Piero Carpani\" \/>\n\t<meta name=\"twitter:label2\" content=\"Tempo di lettura stimato\" \/>\n\t<meta name=\"twitter:data2\" content=\"8 minuti\" \/>\n<script type=\"application\/ld+json\" class=\"yoast-schema-graph\">{\"@context\":\"https:\\\/\\\/schema.org\",\"@graph\":[{\"@type\":\"Article\",\"@id\":\"https:\\\/\\\/www.ocean4future.org\\\/savetheocean\\\/archives\\\/132958#article\",\"isPartOf\":{\"@id\":\"https:\\\/\\\/www.ocean4future.org\\\/savetheocean\\\/archives\\\/132958\"},\"author\":{\"name\":\"Piero Carpani\",\"@id\":\"https:\\\/\\\/www.ocean4future.org\\\/savetheocean\\\/#\\\/schema\\\/person\\\/965165c540de5feedd0a44d02d8a0a52\"},\"headline\":\"Amerigo Vespucci e il primo viaggio sulle coste centro settentrionali dell\u2019America &#8211; Parte I di Piero Carpani\",\"datePublished\":\"2026-08-21T22:02:00+00:00\",\"dateModified\":\"2026-08-22T07:04:52+00:00\",\"mainEntityOfPage\":{\"@id\":\"https:\\\/\\\/www.ocean4future.org\\\/savetheocean\\\/archives\\\/132958\"},\"wordCount\":1410,\"commentCount\":0,\"publisher\":{\"@id\":\"https:\\\/\\\/www.ocean4future.org\\\/savetheocean\\\/#\\\/schema\\\/person\\\/4e1c26437054353074d7bb2efa77162c\"},\"image\":{\"@id\":\"https:\\\/\\\/www.ocean4future.org\\\/savetheocean\\\/archives\\\/132958#primaryimage\"},\"thumbnailUrl\":\"https:\\\/\\\/www.ocean4future.org\\\/savetheocean\\\/wp-content\\\/uploads\\\/2026\\\/08\\\/AI-IL-NUOVO-MONDO-AMERICHE.jpg\",\"articleSection\":[\"Storia Navale\"],\"inLanguage\":\"it-IT\",\"potentialAction\":[{\"@type\":\"CommentAction\",\"name\":\"Comment\",\"target\":[\"https:\\\/\\\/www.ocean4future.org\\\/savetheocean\\\/archives\\\/132958#respond\"]}]},{\"@type\":\"WebPage\",\"@id\":\"https:\\\/\\\/www.ocean4future.org\\\/savetheocean\\\/archives\\\/132958\",\"url\":\"https:\\\/\\\/www.ocean4future.org\\\/savetheocean\\\/archives\\\/132958\",\"name\":\"Amerigo Vespucci e il primo viaggio sulle coste centro settentrionali dell\u2019America - Parte I di Piero Carpani &#8226; OCEAN4FUTURE autore\",\"isPartOf\":{\"@id\":\"https:\\\/\\\/www.ocean4future.org\\\/savetheocean\\\/#website\"},\"primaryImageOfPage\":{\"@id\":\"https:\\\/\\\/www.ocean4future.org\\\/savetheocean\\\/archives\\\/132958#primaryimage\"},\"image\":{\"@id\":\"https:\\\/\\\/www.ocean4future.org\\\/savetheocean\\\/archives\\\/132958#primaryimage\"},\"thumbnailUrl\":\"https:\\\/\\\/www.ocean4future.org\\\/savetheocean\\\/wp-content\\\/uploads\\\/2026\\\/08\\\/AI-IL-NUOVO-MONDO-AMERICHE.jpg\",\"datePublished\":\"2026-08-21T22:02:00+00:00\",\"dateModified\":\"2026-08-22T07:04:52+00:00\",\"breadcrumb\":{\"@id\":\"https:\\\/\\\/www.ocean4future.org\\\/savetheocean\\\/archives\\\/132958#breadcrumb\"},\"inLanguage\":\"it-IT\",\"potentialAction\":[{\"@type\":\"ReadAction\",\"target\":[\"https:\\\/\\\/www.ocean4future.org\\\/savetheocean\\\/archives\\\/132958\"]}]},{\"@type\":\"ImageObject\",\"inLanguage\":\"it-IT\",\"@id\":\"https:\\\/\\\/www.ocean4future.org\\\/savetheocean\\\/archives\\\/132958#primaryimage\",\"url\":\"https:\\\/\\\/www.ocean4future.org\\\/savetheocean\\\/wp-content\\\/uploads\\\/2026\\\/08\\\/AI-IL-NUOVO-MONDO-AMERICHE.jpg\",\"contentUrl\":\"https:\\\/\\\/www.ocean4future.org\\\/savetheocean\\\/wp-content\\\/uploads\\\/2026\\\/08\\\/AI-IL-NUOVO-MONDO-AMERICHE.jpg\",\"width\":1100,\"height\":733},{\"@type\":\"BreadcrumbList\",\"@id\":\"https:\\\/\\\/www.ocean4future.org\\\/savetheocean\\\/archives\\\/132958#breadcrumb\",\"itemListElement\":[{\"@type\":\"ListItem\",\"position\":1,\"name\":\"Home\",\"item\":\"https:\\\/\\\/www.ocean4future.org\\\/savetheocean\"},{\"@type\":\"ListItem\",\"position\":2,\"name\":\"Amerigo Vespucci e il primo viaggio sulle coste centro settentrionali dell\u2019America &#8211; Parte I di Piero Carpani\"}]},{\"@type\":\"WebSite\",\"@id\":\"https:\\\/\\\/www.ocean4future.org\\\/savetheocean\\\/#website\",\"url\":\"https:\\\/\\\/www.ocean4future.org\\\/savetheocean\\\/\",\"name\":\"Ocean 4 Future\",\"description\":\"Per una nuova cultura del mare e della marittimit\u00e0\",\"publisher\":{\"@id\":\"https:\\\/\\\/www.ocean4future.org\\\/savetheocean\\\/#\\\/schema\\\/person\\\/4e1c26437054353074d7bb2efa77162c\"},\"potentialAction\":[{\"@type\":\"SearchAction\",\"target\":{\"@type\":\"EntryPoint\",\"urlTemplate\":\"https:\\\/\\\/www.ocean4future.org\\\/savetheocean\\\/?s={search_term_string}\"},\"query-input\":{\"@type\":\"PropertyValueSpecification\",\"valueRequired\":true,\"valueName\":\"search_term_string\"}}],\"inLanguage\":\"it-IT\"},{\"@type\":[\"Person\",\"Organization\"],\"@id\":\"https:\\\/\\\/www.ocean4future.org\\\/savetheocean\\\/#\\\/schema\\\/person\\\/4e1c26437054353074d7bb2efa77162c\",\"name\":\"oceandiver\",\"image\":{\"@type\":\"ImageObject\",\"inLanguage\":\"it-IT\",\"@id\":\"https:\\\/\\\/www.ocean4future.org\\\/savetheocean\\\/wp-content\\\/uploads\\\/2023\\\/04\\\/logo-ocean3.jpg\",\"url\":\"https:\\\/\\\/www.ocean4future.org\\\/savetheocean\\\/wp-content\\\/uploads\\\/2023\\\/04\\\/logo-ocean3.jpg\",\"contentUrl\":\"https:\\\/\\\/www.ocean4future.org\\\/savetheocean\\\/wp-content\\\/uploads\\\/2023\\\/04\\\/logo-ocean3.jpg\",\"width\":472,\"height\":301,\"caption\":\"oceandiver\"},\"logo\":{\"@id\":\"https:\\\/\\\/www.ocean4future.org\\\/savetheocean\\\/wp-content\\\/uploads\\\/2023\\\/04\\\/logo-ocean3.jpg\"}},{\"@type\":\"Person\",\"@id\":\"https:\\\/\\\/www.ocean4future.org\\\/savetheocean\\\/#\\\/schema\\\/person\\\/965165c540de5feedd0a44d02d8a0a52\",\"name\":\"Piero Carpani\",\"image\":{\"@type\":\"ImageObject\",\"inLanguage\":\"it-IT\",\"@id\":\"https:\\\/\\\/secure.gravatar.com\\\/avatar\\\/97d36f90f34bc23ab4a9c3b352d6329ba4c394725cbe1f713c2c59a7d6168853?s=96&d=mm&r=g\",\"url\":\"https:\\\/\\\/secure.gravatar.com\\\/avatar\\\/97d36f90f34bc23ab4a9c3b352d6329ba4c394725cbe1f713c2c59a7d6168853?s=96&d=mm&r=g\",\"contentUrl\":\"https:\\\/\\\/secure.gravatar.com\\\/avatar\\\/97d36f90f34bc23ab4a9c3b352d6329ba4c394725cbe1f713c2c59a7d6168853?s=96&d=mm&r=g\",\"caption\":\"Piero Carpani\"},\"description\":\"L\u2019ammiraglio Genio Navale Piero Carpani, nato a Roma nel 1945, ha frequentato l\u2019Accademia Navale di Livorno e si \u00e8 laureato in Ingegneria Navale e Meccanica presso l\u2019Universit\u00e0 di Trieste. Tra i suoi numerosi incarichi professionali \u00e8 stato capo servizio Genio Navale a bordo dell\u2019Amerigo Vespucci e su Nave Sagittario, oltre a essere stato imbarcato sull\u2019Incrociatore Andrea Doria e sul Cacciatorpediniere Audace. La passione per la vela lo ha portato a partecipare alle attivit\u00e0 della Sezione Velica di La Spezia di cui \u00e8 stato vice presidente. Gli \u00e8 stata affidata Artica II, l\u2019imbarcazione storica della Marina Militare, che ha curato e portato in regata per dodici anni partecipando a numerose edizioni dei raduni di Porto Cervo, Imperia, Porto Santo Stefano, Napoli e alle regate delle Tall Ships del 1996 e 2000. Partecipa alle attivit\u00e0 di avvicinamento dei giovani alla vela collaborando con la STA Italia (Sail Training Association) come skipper di un\u2019imbarcazione privata. Ha pubblicato numerosi saggi tra cui \u00a0\u201cGiornale di bordo\u201d (Istituto Idrografico della Marina \u2013 2006 Genova) e \u00a0\u201cLa pi\u00f9 bella del Mondo \u2013 Nave Scuola Amerigo Vespucci\u201d (Grafiche Amadeo \u2013 C.S.O. 2008 Imperia).\",\"url\":\"https:\\\/\\\/www.ocean4future.org\\\/savetheocean\\\/archives\\\/author\\\/piero-carpani\"}]}<\/script>\n<!-- \/ Yoast SEO plugin. -->","yoast_head_json":{"title":"Amerigo Vespucci e il primo viaggio sulle coste centro settentrionali dell\u2019America - Parte I di Piero Carpani &#8226; OCEAN4FUTURE autore","robots":{"index":"index","follow":"follow","max-snippet":"max-snippet:-1","max-image-preview":"max-image-preview:large","max-video-preview":"max-video-preview:-1"},"canonical":"https:\/\/www.ocean4future.org\/savetheocean\/archives\/132958","og_locale":"it_IT","og_type":"article","og_title":"Amerigo Vespucci e il primo viaggio sulle coste centro settentrionali dell\u2019America - Parte I di Piero Carpani &#8226; OCEAN4FUTURE autore","og_description":"tempo di lettura:  6 minuti. . ARGOMENTO: STORIA NAVALE PERIODO: XVI SECOLO AREA: OCENA ATLANTICO parole chiave: Amerigo Vespucci Fino agli inizi del 1900 erano note solo alcune lettere, tra l&#8217;altro in copia, che descrivevano le regioni e le popolazioni incontrate dal fiorentino Amerigo Vespucci durante i suoi quattro viaggi nel Nuovo Mondo 1. In Italia e all\u2019estero, l\u2019argomento [&hellip;]","og_url":"https:\/\/www.ocean4future.org\/savetheocean\/archives\/132958","og_site_name":"OCEAN4FUTURE","article_published_time":"2026-08-21T22:02:00+00:00","article_modified_time":"2026-08-22T07:04:52+00:00","og_image":[{"width":1100,"height":733,"url":"https:\/\/www.ocean4future.org\/savetheocean\/wp-content\/uploads\/2026\/08\/AI-IL-NUOVO-MONDO-AMERICHE.jpg","type":"image\/jpeg"}],"author":"Piero Carpani","twitter_card":"summary_large_image","twitter_creator":"@ocean4future","twitter_site":"@ocean4future","twitter_misc":{"Scritto da":"Piero Carpani","Tempo di lettura stimato":"8 minuti"},"schema":{"@context":"https:\/\/schema.org","@graph":[{"@type":"Article","@id":"https:\/\/www.ocean4future.org\/savetheocean\/archives\/132958#article","isPartOf":{"@id":"https:\/\/www.ocean4future.org\/savetheocean\/archives\/132958"},"author":{"name":"Piero Carpani","@id":"https:\/\/www.ocean4future.org\/savetheocean\/#\/schema\/person\/965165c540de5feedd0a44d02d8a0a52"},"headline":"Amerigo Vespucci e il primo viaggio sulle coste centro settentrionali dell\u2019America &#8211; Parte I di Piero Carpani","datePublished":"2026-08-21T22:02:00+00:00","dateModified":"2026-08-22T07:04:52+00:00","mainEntityOfPage":{"@id":"https:\/\/www.ocean4future.org\/savetheocean\/archives\/132958"},"wordCount":1410,"commentCount":0,"publisher":{"@id":"https:\/\/www.ocean4future.org\/savetheocean\/#\/schema\/person\/4e1c26437054353074d7bb2efa77162c"},"image":{"@id":"https:\/\/www.ocean4future.org\/savetheocean\/archives\/132958#primaryimage"},"thumbnailUrl":"https:\/\/www.ocean4future.org\/savetheocean\/wp-content\/uploads\/2026\/08\/AI-IL-NUOVO-MONDO-AMERICHE.jpg","articleSection":["Storia Navale"],"inLanguage":"it-IT","potentialAction":[{"@type":"CommentAction","name":"Comment","target":["https:\/\/www.ocean4future.org\/savetheocean\/archives\/132958#respond"]}]},{"@type":"WebPage","@id":"https:\/\/www.ocean4future.org\/savetheocean\/archives\/132958","url":"https:\/\/www.ocean4future.org\/savetheocean\/archives\/132958","name":"Amerigo Vespucci e il primo viaggio sulle coste centro settentrionali dell\u2019America - Parte I di Piero Carpani &#8226; OCEAN4FUTURE autore","isPartOf":{"@id":"https:\/\/www.ocean4future.org\/savetheocean\/#website"},"primaryImageOfPage":{"@id":"https:\/\/www.ocean4future.org\/savetheocean\/archives\/132958#primaryimage"},"image":{"@id":"https:\/\/www.ocean4future.org\/savetheocean\/archives\/132958#primaryimage"},"thumbnailUrl":"https:\/\/www.ocean4future.org\/savetheocean\/wp-content\/uploads\/2026\/08\/AI-IL-NUOVO-MONDO-AMERICHE.jpg","datePublished":"2026-08-21T22:02:00+00:00","dateModified":"2026-08-22T07:04:52+00:00","breadcrumb":{"@id":"https:\/\/www.ocean4future.org\/savetheocean\/archives\/132958#breadcrumb"},"inLanguage":"it-IT","potentialAction":[{"@type":"ReadAction","target":["https:\/\/www.ocean4future.org\/savetheocean\/archives\/132958"]}]},{"@type":"ImageObject","inLanguage":"it-IT","@id":"https:\/\/www.ocean4future.org\/savetheocean\/archives\/132958#primaryimage","url":"https:\/\/www.ocean4future.org\/savetheocean\/wp-content\/uploads\/2026\/08\/AI-IL-NUOVO-MONDO-AMERICHE.jpg","contentUrl":"https:\/\/www.ocean4future.org\/savetheocean\/wp-content\/uploads\/2026\/08\/AI-IL-NUOVO-MONDO-AMERICHE.jpg","width":1100,"height":733},{"@type":"BreadcrumbList","@id":"https:\/\/www.ocean4future.org\/savetheocean\/archives\/132958#breadcrumb","itemListElement":[{"@type":"ListItem","position":1,"name":"Home","item":"https:\/\/www.ocean4future.org\/savetheocean"},{"@type":"ListItem","position":2,"name":"Amerigo Vespucci e il primo viaggio sulle coste centro settentrionali dell\u2019America &#8211; Parte I di Piero Carpani"}]},{"@type":"WebSite","@id":"https:\/\/www.ocean4future.org\/savetheocean\/#website","url":"https:\/\/www.ocean4future.org\/savetheocean\/","name":"Ocean 4 Future","description":"Per una nuova cultura del mare e della marittimit\u00e0","publisher":{"@id":"https:\/\/www.ocean4future.org\/savetheocean\/#\/schema\/person\/4e1c26437054353074d7bb2efa77162c"},"potentialAction":[{"@type":"SearchAction","target":{"@type":"EntryPoint","urlTemplate":"https:\/\/www.ocean4future.org\/savetheocean\/?s={search_term_string}"},"query-input":{"@type":"PropertyValueSpecification","valueRequired":true,"valueName":"search_term_string"}}],"inLanguage":"it-IT"},{"@type":["Person","Organization"],"@id":"https:\/\/www.ocean4future.org\/savetheocean\/#\/schema\/person\/4e1c26437054353074d7bb2efa77162c","name":"oceandiver","image":{"@type":"ImageObject","inLanguage":"it-IT","@id":"https:\/\/www.ocean4future.org\/savetheocean\/wp-content\/uploads\/2023\/04\/logo-ocean3.jpg","url":"https:\/\/www.ocean4future.org\/savetheocean\/wp-content\/uploads\/2023\/04\/logo-ocean3.jpg","contentUrl":"https:\/\/www.ocean4future.org\/savetheocean\/wp-content\/uploads\/2023\/04\/logo-ocean3.jpg","width":472,"height":301,"caption":"oceandiver"},"logo":{"@id":"https:\/\/www.ocean4future.org\/savetheocean\/wp-content\/uploads\/2023\/04\/logo-ocean3.jpg"}},{"@type":"Person","@id":"https:\/\/www.ocean4future.org\/savetheocean\/#\/schema\/person\/965165c540de5feedd0a44d02d8a0a52","name":"Piero Carpani","image":{"@type":"ImageObject","inLanguage":"it-IT","@id":"https:\/\/secure.gravatar.com\/avatar\/97d36f90f34bc23ab4a9c3b352d6329ba4c394725cbe1f713c2c59a7d6168853?s=96&d=mm&r=g","url":"https:\/\/secure.gravatar.com\/avatar\/97d36f90f34bc23ab4a9c3b352d6329ba4c394725cbe1f713c2c59a7d6168853?s=96&d=mm&r=g","contentUrl":"https:\/\/secure.gravatar.com\/avatar\/97d36f90f34bc23ab4a9c3b352d6329ba4c394725cbe1f713c2c59a7d6168853?s=96&d=mm&r=g","caption":"Piero Carpani"},"description":"L\u2019ammiraglio Genio Navale Piero Carpani, nato a Roma nel 1945, ha frequentato l\u2019Accademia Navale di Livorno e si \u00e8 laureato in Ingegneria Navale e Meccanica presso l\u2019Universit\u00e0 di Trieste. Tra i suoi numerosi incarichi professionali \u00e8 stato capo servizio Genio Navale a bordo dell\u2019Amerigo Vespucci e su Nave Sagittario, oltre a essere stato imbarcato sull\u2019Incrociatore Andrea Doria e sul Cacciatorpediniere Audace. La passione per la vela lo ha portato a partecipare alle attivit\u00e0 della Sezione Velica di La Spezia di cui \u00e8 stato vice presidente. Gli \u00e8 stata affidata Artica II, l\u2019imbarcazione storica della Marina Militare, che ha curato e portato in regata per dodici anni partecipando a numerose edizioni dei raduni di Porto Cervo, Imperia, Porto Santo Stefano, Napoli e alle regate delle Tall Ships del 1996 e 2000. Partecipa alle attivit\u00e0 di avvicinamento dei giovani alla vela collaborando con la STA Italia (Sail Training Association) come skipper di un\u2019imbarcazione privata. Ha pubblicato numerosi saggi tra cui \u00a0\u201cGiornale di bordo\u201d (Istituto Idrografico della Marina \u2013 2006 Genova) e \u00a0\u201cLa pi\u00f9 bella del Mondo \u2013 Nave Scuola Amerigo Vespucci\u201d (Grafiche Amadeo \u2013 C.S.O. 2008 Imperia).","url":"https:\/\/www.ocean4future.org\/savetheocean\/archives\/author\/piero-carpani"}]}},"_links":{"self":[{"href":"https:\/\/www.ocean4future.org\/savetheocean\/wp-json\/wp\/v2\/posts\/132958","targetHints":{"allow":["GET"]}}],"collection":[{"href":"https:\/\/www.ocean4future.org\/savetheocean\/wp-json\/wp\/v2\/posts"}],"about":[{"href":"https:\/\/www.ocean4future.org\/savetheocean\/wp-json\/wp\/v2\/types\/post"}],"author":[{"embeddable":true,"href":"https:\/\/www.ocean4future.org\/savetheocean\/wp-json\/wp\/v2\/users\/4438"}],"replies":[{"embeddable":true,"href":"https:\/\/www.ocean4future.org\/savetheocean\/wp-json\/wp\/v2\/comments?post=132958"}],"version-history":[{"count":9,"href":"https:\/\/www.ocean4future.org\/savetheocean\/wp-json\/wp\/v2\/posts\/132958\/revisions"}],"predecessor-version":[{"id":133179,"href":"https:\/\/www.ocean4future.org\/savetheocean\/wp-json\/wp\/v2\/posts\/132958\/revisions\/133179"}],"wp:featuredmedia":[{"embeddable":true,"href":"https:\/\/www.ocean4future.org\/savetheocean\/wp-json\/wp\/v2\/media\/133117"}],"wp:attachment":[{"href":"https:\/\/www.ocean4future.org\/savetheocean\/wp-json\/wp\/v2\/media?parent=132958"}],"wp:term":[{"taxonomy":"category","embeddable":true,"href":"https:\/\/www.ocean4future.org\/savetheocean\/wp-json\/wp\/v2\/categories?post=132958"},{"taxonomy":"post_tag","embeddable":true,"href":"https:\/\/www.ocean4future.org\/savetheocean\/wp-json\/wp\/v2\/tags?post=132958"}],"curies":[{"name":"wp","href":"https:\/\/api.w.org\/{rel}","templated":true}]}}