{"id":128331,"date":"2026-05-03T00:02:00","date_gmt":"2026-05-02T22:02:00","guid":{"rendered":"https:\/\/www.ocean4future.org\/savetheocean\/?p=128331"},"modified":"2026-05-03T07:29:10","modified_gmt":"2026-05-03T05:29:10","slug":"editoriale-3-maggio-2026-la-famiglia-del-bosco-quando-le-differenze-sono-un-valore-aggiunto","status":"publish","type":"post","link":"https:\/\/www.ocean4future.org\/savetheocean\/archives\/128331","title":{"rendered":"Editoriale 3 maggio: quando le differenze sono un valore aggiunto"},"content":{"rendered":"<span class=\"span-reading-time rt-reading-time\" style=\"display: block;\"><span class=\"rt-label rt-prefix\">tempo di lettura: <\/span> <span class=\"rt-time\"> 6<\/span> <span class=\"rt-label rt-postfix\">minuti<\/span><\/span><p>.<\/p>\n<a class=\"maxbutton-4 maxbutton maxbutton-livello-di-comprensione\" href=\"javascript:void(0);\"><span class='mb-text'>livello elementare<\/span><\/a>\n<p><span style=\"color: #ffffff;\">.<\/span><\/p>\n<p><span style=\"color: #008000;\"><strong>ARGOMENTO: EDITORIALE<\/strong><\/span><br \/>\n<span style=\"color: #008000;\"><strong>PERIODO: XXI SECOLO<\/strong><\/span><br \/>\n<span style=\"color: #008000;\"><strong>AREA: CRONACA<\/strong><\/span><br \/>\nparole chiave: societ\u00e0, hippy, vita libertaria, rispetto delle leggi, libert\u00e0 individuale e sociale<\/p>\n<p><strong>\u00a0<\/strong><\/p>\n<p style=\"text-align: justify;\"><span style=\"font-size: 20px;\"><strong><em><span style=\"color: #008000;\">&#8220;Vieni, c&#8217;\u00e8 una strada nel bosco, Il suo nome conosco, Vuoi conoscerlo tu?<\/span><\/em><\/strong><\/span><br \/>\n<span style=\"font-size: 20px;\"><strong><em><span style=\"color: #008000;\">Vieni, \u00e8 la strada del cuore, Dove nasce l&#8217;amore, che non muore mai pi\u00f9 &#8230;&#8221;<\/span><\/em><\/strong><\/span><\/p>\n<p style=\"text-align: justify;\">Buongiorno e buona domenica, qualcuno ricorder\u00e0 questo brano che risale agli anni della guerra (1943), cantato da Claudio Villa, interprete della canzone melodica italiana del dopoguerra, una canzone scritta sotto le bombe, in un momento critico della nostra storia in cui si aveva bisogno di sognare e di amare. La strada del bosco era un invito a vivere in una visione bucolica di pace e amore.<\/p>\n<p style=\"text-align: justify;\">Veniamo all\u2019editoriale di oggi che vuol prendere spunto dalla \u00a0storia &#8220;senza fine&#8221; della &#8220;famiglia del bosco&#8221;, non per entrare in merito ma per cercare di andare oltre la cronaca, riflettendo sulla attuale credibilit\u00e0 del rapporto tra cittadini e Stato. Tutto \u00e8 incominciato quando <strong><span style=\"color: #008000;\">Catherine Birmingham e Nathan Trevallion<\/span><\/strong> decisero di intraprendere uno stile di vita diverso, optando per un regime liberale in cui i diritti naturali fossero superiori a quelli dello Stato, trasferendosi nel nostro Paese che, a loro avviso, dava pi\u00f9 vantaggi rispetto ad altri per il loro progetto. Abbracciando una filosofia di vita che, semplificando, trova nello sviluppo sociale e filosofico del pensiero occidentale una ricca eredit\u00e0, frutto dell\u2019eterno dualismo tra etica e liberalit\u00e0; ci\u00f2 ha portato nei secoli alla necessit\u00e0 di un patto sociale in cui entit\u00e0 elementari, come la famiglia, cedevano alcuni dei propri diritti ad un organismo superiore (lo Stato) che, in cambio, forniva servizi per una migliore sopravvivenza di tutti. Di fatto questa coppia, per motivi legati al loro passato, rifiutare le convenzioni di una societ\u00e0 moderna, preferendo vivere quanto pi\u00f9 possibile in un ambiente naturale e, \u201c<em>casus belli<\/em>\u201d, basando l\u2019educazione dei propri figli su principi personali. Secondo quanto dichiarato dalla madre, esporre i bambini alla natura, agli animali e alla terra, li renderebbe pi\u00f9 resistenti alle malattie. Inoltre, separare i bambini dai genitori molto presto, mandandoli a scuola, indebolirebbe il legame familiare. Nel tempo questa forte opposizione ha portato il\u00a0<span style=\"color: #008000;\"><strong>Tribunale per i minorenni dell\u2019Aquila<\/strong><\/span> ad ordinare l\u2019allontanamento della madre dalla casa famiglia dove erano stati ricoverati i figli e il loro trasferimento in un\u2019altra struttura, a causa della condotta materna, definita \u00aboppositiva e ostile\u00bb nei confronti degli operatori, che aveva alimentato nei figli diffidenza verso chiunque non facesse parte del nucleo familiare.<\/p>\n<p style=\"text-align: justify;\">Per chi \u00e8 nato nel secolo scorso, il modus vivendi dei coniugi del bosco ricorda il <strong><span style=\"color: #008000;\">movimento hippy<\/span><\/strong> degli anni \u201960, anche se con molti distinguo. Gli Hippy, come venivano definiti all\u2019epoca, ereditando la tradizione di dissenso dai beatnik, respingevano con forza le imposizioni delle istituzioni, denunciando l\u2019ipocrisia della classe media americana, l\u2019escalation militare della guerra fredda &#8211; che li portava ad andare a combattere in terre lontane (Vietnam) &#8211; per ideali che non comprendevano e rifuggivano (qualcuno ricorder\u00e0 la opera pop Hair).<\/p>\n<figure id=\"attachment_128336\" aria-describedby=\"caption-attachment-128336\" style=\"width: 1200px\" class=\"wp-caption alignnone\"><img decoding=\"async\" class=\"size-full wp-image-128336\" src=\"https:\/\/www.ocean4future.org\/savetheocean\/wp-content\/uploads\/2026\/05\/006GAR19737-hippy-1.jpg\" alt=\"\" width=\"1200\" height=\"799\" srcset=\"https:\/\/www.ocean4future.org\/savetheocean\/wp-content\/uploads\/2026\/05\/006GAR19737-hippy-1.jpg 1200w, https:\/\/www.ocean4future.org\/savetheocean\/wp-content\/uploads\/2026\/05\/006GAR19737-hippy-1-300x200.jpg 300w, https:\/\/www.ocean4future.org\/savetheocean\/wp-content\/uploads\/2026\/05\/006GAR19737-hippy-1-1024x682.jpg 1024w, https:\/\/www.ocean4future.org\/savetheocean\/wp-content\/uploads\/2026\/05\/006GAR19737-hippy-1-768x511.jpg 768w\" sizes=\"(max-width: 1200px) 100vw, 1200px\" \/><figcaption id=\"caption-attachment-128336\" class=\"wp-caption-text\"><strong><span style=\"color: #008000;\">Murales, Los Angeles, California &#8211; copyright Guido Alberto Rossi\u00a0<\/span><\/strong><\/figcaption><\/figure>\n<p style=\"text-align: justify;\">Rigettavano la cultura tradizionale abbracciando filosofie orientali, promuovendo la libert\u00e0 sessuale, il cibo vegetariano e l\u2019amore per la natura. In realt\u00e0 erano tutt\u2019altro che salutisti: vivevano nella sporcizia e facevano uso di droghe psichedeliche convinti che fossero vie per ampliare la propria coscienza. Per assurdo trovarono estimatori anche nel mondo accademico: professori di Harvard come lo psicologo <strong><span style=\"color: #008000;\">Timothy Leary<\/span><\/strong> difesero l&#8217;uso delle sostanze psicotrope anche per usi religiosi e spirituali, di fatto creando una back door per il movimento. Questo comportamento irrazionale port\u00f2 molti giovani alla schiavit\u00f9 della droga ed alla morte.<\/p>\n<p style=\"text-align: justify;\">Sono passati molti anni dalla fine degli anni 60, ma ogni tanto riappaiono i frutti della loro eredit\u00e0, anche se mascherati da espressioni liberal della sinistra. Alcuni comportamenti e credenze sessuali, religiose e culturali sono ancora un frutto cavalcato nei suoi eccessi dalla cultura di quell&#8217;epoca, quando l\u2019&#8221;<strong><em><span style=\"color: #008000;\">essere contro<\/span><\/em><\/strong>&#8221; \u00e8 diventato un business con la creazione di personaggi che periodicamente proliferano sui media abbinando talvolta ideologie discutibili ad interessi personali.<\/p>\n<figure id=\"attachment_128321\" aria-describedby=\"caption-attachment-128321\" style=\"width: 1200px\" class=\"wp-caption alignnone\"><img decoding=\"async\" class=\"wp-image-128321 size-full\" src=\"https:\/\/www.ocean4future.org\/savetheocean\/wp-content\/uploads\/2024\/02\/ROSSI-001GAR00096-300x200-1.jpg\" alt=\"\" width=\"1200\" height=\"800\" srcset=\"https:\/\/www.ocean4future.org\/savetheocean\/wp-content\/uploads\/2024\/02\/ROSSI-001GAR00096-300x200-1.jpg 1200w, https:\/\/www.ocean4future.org\/savetheocean\/wp-content\/uploads\/2024\/02\/ROSSI-001GAR00096-300x200-1-300x200.jpg 300w, https:\/\/www.ocean4future.org\/savetheocean\/wp-content\/uploads\/2024\/02\/ROSSI-001GAR00096-300x200-1-1024x683.jpg 1024w, https:\/\/www.ocean4future.org\/savetheocean\/wp-content\/uploads\/2024\/02\/ROSSI-001GAR00096-300x200-1-768x512.jpg 768w\" sizes=\"(max-width: 1200px) 100vw, 1200px\" \/><figcaption id=\"caption-attachment-128321\" class=\"wp-caption-text\"><strong><span style=\"color: #008000;\">soldato americano in Vietnam &#8211; copyright Guido Alberto Rossi\u00a0<\/span><\/strong><\/figcaption><\/figure>\n<p style=\"text-align: justify;\">Ma torniamo a questa storia. Catherine e Nathan &#8211; di cui ho s celto di non mettere alcuna immagine &#8211; si sono trasferiti nel Bel Paese dopo diverse esperienze in diversi Paesi, scegliendo uno stile di vita lontano dai principi di una societ\u00e0 moderna, rifiutando le convenzioni e cercando di educare i figli in un ambiente quanto pi\u00f9 naturale e lontano dalle regole costituite. L&#8217;Italia non \u00e8 stata prescelta solo per la sua bellezza ma perch\u00e9 forniva pi\u00f9 garanzie alla loro scelta di vita. Lo hanno fatto sotto gli occhi delle autorit\u00e0 italiane, almeno fino al fatidico settembre 2024, quando i loro bambini furono ricoverati per una sospetta intossicazione da funghi velenosi. La conseguente denuncia dei servizi sociali port\u00f2 ad un\u2019indagine che scopr\u00ec che la famiglia abitava in un rudere dove non era presenti impianto idraulico, rete fognaria e servizi igienici. Inoltre, i minori non seguivano nessuna istruzione formale (ma l&#8217;unschooling) e non eseguivano le vaccinazioni obbligatorie previste dall\u2019assistenza sanitaria italiana. Quindi il tribunale per i minori decise di allontanare i bambini (le vere vittime di questa farsa) dalla famiglia e di collocarli in una casa-famiglia, per salvaguardare il diritto dei bambini ad una normale vita di relazione, alla salute e alla loro sicurezza fisica. La situazione per\u00f2 degener\u00f2 con il rifiuto dei genitori di eseguire le procedure mediche obbligatorie disposte dal Tribunale.<br \/>\n<img decoding=\"async\" class=\"wp-image-128332 \" src=\"https:\/\/www.ocean4future.org\/savetheocean\/wp-content\/uploads\/2026\/05\/960px-Over-Education_300dpi.png\" alt=\"\" width=\"1072\" height=\"746\" srcset=\"https:\/\/www.ocean4future.org\/savetheocean\/wp-content\/uploads\/2026\/05\/960px-Over-Education_300dpi.png 960w, https:\/\/www.ocean4future.org\/savetheocean\/wp-content\/uploads\/2026\/05\/960px-Over-Education_300dpi-300x209.png 300w, https:\/\/www.ocean4future.org\/savetheocean\/wp-content\/uploads\/2026\/05\/960px-Over-Education_300dpi-768x534.png 768w\" sizes=\"(max-width: 1072px) 100vw, 1072px\" \/><\/p>\n<p align=\"justify\"><strong><span style=\"color: #008000;\">La striscia a fumetti Nina&#8217;s Adventures sul desiderio comune di educare gli altri, 1999 &#8211; Fonte Opera propria &#8211; Autore Nina Paley (1968\u2013) &#8211; Copyleft &#8211;<\/span><\/strong> <a href=\"https:\/\/commons.wikimedia.org\/wiki\/File:Over-Education_300dpi.png\">Iper-educazione.png &#8211; Wikimedia Commons<\/a><\/p>\n<p style=\"text-align: justify;\"><span style=\"font-size: 20px;\"><strong><span style=\"color: #008000;\">Questa storia grottesca ha rimesso in discussione il diritto individuale a fare scelte di vita alternative, se non ci fosse il fatto che possono includere responsabilit\u00e0 legali, in particolare per la protezione dei minori<\/span><\/strong><\/span><br \/>\nStranamente, nonostante il bailamme mediatico, non sono riuscito a trovare da nessuna parte come i Trevaillon possano vivere senza un&#8217;occupazione che possa dare al nucleo familiare un minimo di reddito: anche mangiando erbe selvatiche e bevendo acqua piovana &#8230; esistono sempre altri bisogni. Per l\u2019amore del cielo, verrebbe da dire \u201c<strong><em><span style=\"color: #008000;\">viva la libert\u00e0<\/span><\/em><\/strong>\u201d, ma allora lo Stato a cosa serve? Viene da pensare che nel Bel Paese esistano regole diverse in funzione dei soggetti in essere, tollerando famiglie che vivono nell\u2019illegalit\u00e0 pi\u00f9 assoluta ma sanzionando al minimo problema coloro che si attengono da buoni cittadini alle leggi. ll Trash fa notizia, attira pi\u00f9 che la normalit\u00e0 &#8211; quasi che questa fosse un difetto &#8211; e i Media ci sguazzano sopra creando falsi miti, splendidi esempi di trasgressione. Allora personaggi che, per loro scelta, non si attengono alle regole di civile convivenza, non solo non sono censurati ma esultati. Il dubbio \u00e8 che questa tolleranza non sia sempre derivata da carit\u00e0 umana, ma che ci siano dietro ben altre motivazioni. D\u2019altronde come diceva Andreotti \u201c<strong><em><span style=\"color: #008000;\">A pensare male si fa peccato, ma spesso ci si azzecca<\/span><\/em><\/strong>\u201d.<\/p>\n<p style=\"text-align: justify;\"><strong><span style=\"color: #008000;\">Tornando alla vicenda della \u201cfamiglia del bosco\u201d trovo ingiusto che con tante famiglie italiane che vivono nell\u2019indigenza, con giovani coppie che non hanno una casa e faticano per avviare il loro futuro, si preferisca dare mediaticamente spazio a queste vicende.<\/span> <\/strong>\u00a0Un vero scandalo se pensiamo a chi da decenni, dopo i grandi disastri che hanno colpito il nostro paese, aspetta ancora una casa. Cosa ha di diverso questa famiglia da giustificare, in un senso o nell&#8217;altro, una tale attenzione mediatica? Sarebbe da dire, per rimanere in carattere, <span class=\"keyword\"><strong><em><span style=\"color: #008000;\">that&#8217;s all folks<\/span><\/em><\/strong>, \u00e8 finito lo spettacolo, \u00e8 ora di cambiare finalmente canale.<\/span> A questo punto mi fermo; da Uomo della strada, non ho pi\u00f9 parole. Certo preferirei che le leggi fossero rispettate, e che non si desse maggiore attenzione a coloro che decidono di vivere \u201cdiversamente\u201d, trasgredendo le regole di civile convivenza, quasi fosse un valore aggiunto. In questo i Media hanno le loro colpe, creando degli eroi che di eroico hanno ben poco. D&#8217;altronde se \u00e8 vero che siamo tutti i uguali, lo dice la Costituzione, \u00e8 anche vero che le cosiddette differenze emergono solo quando le si vogliono far notare o quando fa comodo a qualcuno. Perch\u00e9 un uomo pubblico, un giornalista o un magistrato quando sbagliano non vengono mai puniti?\u00a0 Chi ripaga il dolore che provocano? Pensate a tutti i servitori dello Stato che spesso vengono infangati per colpe che non hanno, colpevoli di dedicarsi silenziosamente al bene collettivo ovunque vengano mandati ad operare, usi ad obbedir tacendo, si diceva un tempo \u2026 scusate, ma forse mi sfugge qualcosa?<\/p>\n<p style=\"text-align: justify;\"><strong><span style=\"color: #008000;\">Andrea Mucedola<br \/>\n<\/span><\/strong><\/p>\n<p><span style=\"color: #ffffff;\">.<\/span><\/p>\n<p><a class=\"maxbutton-3 maxbutton maxbutton-pagina-principale\" target=\"_blank\" title=\"tooltip\" rel=\"nofollow noopener\" href=\"http:\/\/www.ocean4future.org\"><span class='mb-text'>PAGINA PRINCIPALE - HOME PAGE<\/span><\/a><br \/>\n<span style=\"color: #ffffff;\">.<\/span><\/p>\n<p style=\"text-align: justify;\">Alcune delle immagini possono essere state prese dal web, citandone ove possibile gli autori e\/o le fonti. Se qualcuno desiderasse specificarne l\u2019autore e le fonti o rimuoverle, pu\u00f2 scrivere a infoocean4future<br \/>\n<span style=\"color: #ffffff;\">.<\/span><\/p>\n","protected":false},"excerpt":{"rendered":"<p><span class=\"span-reading-time rt-reading-time\" style=\"display: block;\"><span class=\"rt-label rt-prefix\">tempo di lettura: <\/span> <span class=\"rt-time\"> 6<\/span> <span class=\"rt-label rt-postfix\">minuti<\/span><\/span>. . ARGOMENTO: EDITORIALE PERIODO: XXI SECOLO AREA: CRONACA parole chiave: societ\u00e0, hippy, vita libertaria, rispetto delle leggi, libert\u00e0 individuale e sociale \u00a0 &#8220;Vieni, c&#8217;\u00e8 una strada nel bosco, Il suo nome conosco, Vuoi conoscerlo tu? Vieni, \u00e8 la strada del cuore, Dove nasce l&#8217;amore, che non muore mai pi\u00f9 &#8230;&#8221; Buongiorno e buona domenica, [&hellip;]<\/p>\n","protected":false},"author":2380,"featured_media":128336,"comment_status":"open","ping_status":"open","sticky":false,"template":"","format":"standard","meta":{"_acf_changed":false,"_monsterinsights_skip_tracking":false,"_monsterinsights_sitenote_active":false,"_monsterinsights_sitenote_note":"","_monsterinsights_sitenote_category":0,"footnotes":""},"categories":[2433],"tags":[],"class_list":["post-128331","post","type-post","status-publish","format-standard","has-post-thumbnail","hentry","category-editoriale"],"acf":[],"yoast_head":"<!-- This site is optimized with the Yoast SEO plugin v27.5 - https:\/\/yoast.com\/product\/yoast-seo-wordpress\/ -->\n<title>Editoriale 3 maggio: quando le differenze sono un valore aggiunto &#8226; OCEAN4FUTURE autore<\/title>\n<meta name=\"robots\" content=\"index, follow, max-snippet:-1, max-image-preview:large, max-video-preview:-1\" \/>\n<link rel=\"canonical\" href=\"https:\/\/www.ocean4future.org\/savetheocean\/archives\/128331\" \/>\n<meta property=\"og:locale\" content=\"it_IT\" \/>\n<meta property=\"og:type\" content=\"article\" \/>\n<meta property=\"og:title\" content=\"Editoriale 3 maggio: quando le differenze sono un valore aggiunto &#8226; OCEAN4FUTURE autore\" \/>\n<meta property=\"og:description\" content=\"tempo di lettura:  6 minuti. . ARGOMENTO: EDITORIALE PERIODO: XXI SECOLO AREA: CRONACA parole chiave: societ\u00e0, hippy, vita libertaria, rispetto delle leggi, libert\u00e0 individuale e sociale \u00a0 &#8220;Vieni, c&#8217;\u00e8 una strada nel bosco, Il suo nome conosco, Vuoi conoscerlo tu? Vieni, \u00e8 la strada del cuore, Dove nasce l&#8217;amore, che non muore mai pi\u00f9 &#8230;&#8221; Buongiorno e buona domenica, [&hellip;]\" \/>\n<meta property=\"og:url\" content=\"https:\/\/www.ocean4future.org\/savetheocean\/archives\/128331\" \/>\n<meta property=\"og:site_name\" content=\"OCEAN4FUTURE\" \/>\n<meta property=\"article:published_time\" content=\"2026-05-02T22:02:00+00:00\" \/>\n<meta property=\"article:modified_time\" content=\"2026-05-03T05:29:10+00:00\" \/>\n<meta property=\"og:image\" content=\"https:\/\/www.ocean4future.org\/savetheocean\/wp-content\/uploads\/2026\/05\/006GAR19737-hippy-1.jpg\" \/>\n\t<meta property=\"og:image:width\" content=\"1200\" \/>\n\t<meta property=\"og:image:height\" content=\"799\" \/>\n\t<meta property=\"og:image:type\" content=\"image\/jpeg\" \/>\n<meta name=\"author\" content=\"Andrea Mucedola\" \/>\n<meta name=\"twitter:card\" content=\"summary_large_image\" \/>\n<meta name=\"twitter:creator\" content=\"@ocean4future\" \/>\n<meta name=\"twitter:site\" content=\"@ocean4future\" \/>\n<meta name=\"twitter:label1\" content=\"Scritto da\" \/>\n\t<meta name=\"twitter:data1\" content=\"Andrea Mucedola\" \/>\n\t<meta name=\"twitter:label2\" content=\"Tempo di lettura stimato\" \/>\n\t<meta name=\"twitter:data2\" content=\"9 minuti\" \/>\n<script type=\"application\/ld+json\" class=\"yoast-schema-graph\">{\"@context\":\"https:\\\/\\\/schema.org\",\"@graph\":[{\"@type\":\"Article\",\"@id\":\"https:\\\/\\\/www.ocean4future.org\\\/savetheocean\\\/archives\\\/128331#article\",\"isPartOf\":{\"@id\":\"https:\\\/\\\/www.ocean4future.org\\\/savetheocean\\\/archives\\\/128331\"},\"author\":{\"name\":\"Andrea Mucedola\",\"@id\":\"https:\\\/\\\/www.ocean4future.org\\\/savetheocean\\\/#\\\/schema\\\/person\\\/252d25dcc5c002abcde7b2d4baa78f13\"},\"headline\":\"Editoriale 3 maggio: quando le differenze sono un valore aggiunto\",\"datePublished\":\"2026-05-02T22:02:00+00:00\",\"dateModified\":\"2026-05-03T05:29:10+00:00\",\"mainEntityOfPage\":{\"@id\":\"https:\\\/\\\/www.ocean4future.org\\\/savetheocean\\\/archives\\\/128331\"},\"wordCount\":1489,\"commentCount\":0,\"publisher\":{\"@id\":\"https:\\\/\\\/www.ocean4future.org\\\/savetheocean\\\/#\\\/schema\\\/person\\\/4e1c26437054353074d7bb2efa77162c\"},\"image\":{\"@id\":\"https:\\\/\\\/www.ocean4future.org\\\/savetheocean\\\/archives\\\/128331#primaryimage\"},\"thumbnailUrl\":\"https:\\\/\\\/www.ocean4future.org\\\/savetheocean\\\/wp-content\\\/uploads\\\/2026\\\/05\\\/006GAR19737-hippy-1.jpg\",\"articleSection\":[\"Editoriale\"],\"inLanguage\":\"it-IT\",\"potentialAction\":[{\"@type\":\"CommentAction\",\"name\":\"Comment\",\"target\":[\"https:\\\/\\\/www.ocean4future.org\\\/savetheocean\\\/archives\\\/128331#respond\"]}]},{\"@type\":\"WebPage\",\"@id\":\"https:\\\/\\\/www.ocean4future.org\\\/savetheocean\\\/archives\\\/128331\",\"url\":\"https:\\\/\\\/www.ocean4future.org\\\/savetheocean\\\/archives\\\/128331\",\"name\":\"Editoriale 3 maggio: quando le differenze sono un valore aggiunto &#8226; OCEAN4FUTURE autore\",\"isPartOf\":{\"@id\":\"https:\\\/\\\/www.ocean4future.org\\\/savetheocean\\\/#website\"},\"primaryImageOfPage\":{\"@id\":\"https:\\\/\\\/www.ocean4future.org\\\/savetheocean\\\/archives\\\/128331#primaryimage\"},\"image\":{\"@id\":\"https:\\\/\\\/www.ocean4future.org\\\/savetheocean\\\/archives\\\/128331#primaryimage\"},\"thumbnailUrl\":\"https:\\\/\\\/www.ocean4future.org\\\/savetheocean\\\/wp-content\\\/uploads\\\/2026\\\/05\\\/006GAR19737-hippy-1.jpg\",\"datePublished\":\"2026-05-02T22:02:00+00:00\",\"dateModified\":\"2026-05-03T05:29:10+00:00\",\"breadcrumb\":{\"@id\":\"https:\\\/\\\/www.ocean4future.org\\\/savetheocean\\\/archives\\\/128331#breadcrumb\"},\"inLanguage\":\"it-IT\",\"potentialAction\":[{\"@type\":\"ReadAction\",\"target\":[\"https:\\\/\\\/www.ocean4future.org\\\/savetheocean\\\/archives\\\/128331\"]}]},{\"@type\":\"ImageObject\",\"inLanguage\":\"it-IT\",\"@id\":\"https:\\\/\\\/www.ocean4future.org\\\/savetheocean\\\/archives\\\/128331#primaryimage\",\"url\":\"https:\\\/\\\/www.ocean4future.org\\\/savetheocean\\\/wp-content\\\/uploads\\\/2026\\\/05\\\/006GAR19737-hippy-1.jpg\",\"contentUrl\":\"https:\\\/\\\/www.ocean4future.org\\\/savetheocean\\\/wp-content\\\/uploads\\\/2026\\\/05\\\/006GAR19737-hippy-1.jpg\",\"width\":1200,\"height\":799},{\"@type\":\"BreadcrumbList\",\"@id\":\"https:\\\/\\\/www.ocean4future.org\\\/savetheocean\\\/archives\\\/128331#breadcrumb\",\"itemListElement\":[{\"@type\":\"ListItem\",\"position\":1,\"name\":\"Home\",\"item\":\"https:\\\/\\\/www.ocean4future.org\\\/savetheocean\"},{\"@type\":\"ListItem\",\"position\":2,\"name\":\"Editoriale 3 maggio: quando le differenze sono un valore aggiunto\"}]},{\"@type\":\"WebSite\",\"@id\":\"https:\\\/\\\/www.ocean4future.org\\\/savetheocean\\\/#website\",\"url\":\"https:\\\/\\\/www.ocean4future.org\\\/savetheocean\\\/\",\"name\":\"Ocean 4 Future\",\"description\":\"Per una nuova cultura del mare e della marittimit\u00e0\",\"publisher\":{\"@id\":\"https:\\\/\\\/www.ocean4future.org\\\/savetheocean\\\/#\\\/schema\\\/person\\\/4e1c26437054353074d7bb2efa77162c\"},\"potentialAction\":[{\"@type\":\"SearchAction\",\"target\":{\"@type\":\"EntryPoint\",\"urlTemplate\":\"https:\\\/\\\/www.ocean4future.org\\\/savetheocean\\\/?s={search_term_string}\"},\"query-input\":{\"@type\":\"PropertyValueSpecification\",\"valueRequired\":true,\"valueName\":\"search_term_string\"}}],\"inLanguage\":\"it-IT\"},{\"@type\":[\"Person\",\"Organization\"],\"@id\":\"https:\\\/\\\/www.ocean4future.org\\\/savetheocean\\\/#\\\/schema\\\/person\\\/4e1c26437054353074d7bb2efa77162c\",\"name\":\"oceandiver\",\"image\":{\"@type\":\"ImageObject\",\"inLanguage\":\"it-IT\",\"@id\":\"https:\\\/\\\/www.ocean4future.org\\\/savetheocean\\\/wp-content\\\/uploads\\\/2023\\\/04\\\/logo-ocean3.jpg\",\"url\":\"https:\\\/\\\/www.ocean4future.org\\\/savetheocean\\\/wp-content\\\/uploads\\\/2023\\\/04\\\/logo-ocean3.jpg\",\"contentUrl\":\"https:\\\/\\\/www.ocean4future.org\\\/savetheocean\\\/wp-content\\\/uploads\\\/2023\\\/04\\\/logo-ocean3.jpg\",\"width\":472,\"height\":301,\"caption\":\"oceandiver\"},\"logo\":{\"@id\":\"https:\\\/\\\/www.ocean4future.org\\\/savetheocean\\\/wp-content\\\/uploads\\\/2023\\\/04\\\/logo-ocean3.jpg\"}},{\"@type\":\"Person\",\"@id\":\"https:\\\/\\\/www.ocean4future.org\\\/savetheocean\\\/#\\\/schema\\\/person\\\/252d25dcc5c002abcde7b2d4baa78f13\",\"name\":\"Andrea Mucedola\",\"image\":{\"@type\":\"ImageObject\",\"inLanguage\":\"it-IT\",\"@id\":\"https:\\\/\\\/secure.gravatar.com\\\/avatar\\\/befc97e7f9e17a6b60a3969a83be976bdb6f8fc3d0b55cb27b11ae85db4b6240?s=96&d=mm&r=g\",\"url\":\"https:\\\/\\\/secure.gravatar.com\\\/avatar\\\/befc97e7f9e17a6b60a3969a83be976bdb6f8fc3d0b55cb27b11ae85db4b6240?s=96&d=mm&r=g\",\"contentUrl\":\"https:\\\/\\\/secure.gravatar.com\\\/avatar\\\/befc97e7f9e17a6b60a3969a83be976bdb6f8fc3d0b55cb27b11ae85db4b6240?s=96&d=mm&r=g\",\"caption\":\"Andrea Mucedola\"},\"description\":\"ammiraglio della Marina Militare Italiana (riserva), \u00e8 laureato in Scienze Marittime della Difesa presso l\u2019Universit\u00e0 di Pisa ed in Scienze Politiche cum laude all\u2019Universit\u00e0 di Trieste. Analista di Maritime Security, collabora con numerosi Centri di studi e analisi geopolitici italiani ed internazionali. Ricercatore subacqueo scientifico dal 1993, nel 2019, ha ricevuto il Tridente d'oro dell'Accademia delle Scienze e Tecniche Subacquee per la divulgazione della cultura del mare. Fa parte del Comitato scientifico della Fondazione Atlantide e della Scuola internazionale Subacquei scientifici (ISSD - AIOSS).\",\"sameAs\":[\"http:\\\/\\\/www.ocean4future.org\"],\"url\":\"https:\\\/\\\/www.ocean4future.org\\\/savetheocean\\\/archives\\\/author\\\/andrea-mucedola\"}]}<\/script>\n<!-- \/ Yoast SEO plugin. -->","yoast_head_json":{"title":"Editoriale 3 maggio: quando le differenze sono un valore aggiunto &#8226; OCEAN4FUTURE autore","robots":{"index":"index","follow":"follow","max-snippet":"max-snippet:-1","max-image-preview":"max-image-preview:large","max-video-preview":"max-video-preview:-1"},"canonical":"https:\/\/www.ocean4future.org\/savetheocean\/archives\/128331","og_locale":"it_IT","og_type":"article","og_title":"Editoriale 3 maggio: quando le differenze sono un valore aggiunto &#8226; OCEAN4FUTURE autore","og_description":"tempo di lettura:  6 minuti. . ARGOMENTO: EDITORIALE PERIODO: XXI SECOLO AREA: CRONACA parole chiave: societ\u00e0, hippy, vita libertaria, rispetto delle leggi, libert\u00e0 individuale e sociale \u00a0 &#8220;Vieni, c&#8217;\u00e8 una strada nel bosco, Il suo nome conosco, Vuoi conoscerlo tu? Vieni, \u00e8 la strada del cuore, Dove nasce l&#8217;amore, che non muore mai pi\u00f9 &#8230;&#8221; Buongiorno e buona domenica, [&hellip;]","og_url":"https:\/\/www.ocean4future.org\/savetheocean\/archives\/128331","og_site_name":"OCEAN4FUTURE","article_published_time":"2026-05-02T22:02:00+00:00","article_modified_time":"2026-05-03T05:29:10+00:00","og_image":[{"width":1200,"height":799,"url":"https:\/\/www.ocean4future.org\/savetheocean\/wp-content\/uploads\/2026\/05\/006GAR19737-hippy-1.jpg","type":"image\/jpeg"}],"author":"Andrea Mucedola","twitter_card":"summary_large_image","twitter_creator":"@ocean4future","twitter_site":"@ocean4future","twitter_misc":{"Scritto da":"Andrea Mucedola","Tempo di lettura stimato":"9 minuti"},"schema":{"@context":"https:\/\/schema.org","@graph":[{"@type":"Article","@id":"https:\/\/www.ocean4future.org\/savetheocean\/archives\/128331#article","isPartOf":{"@id":"https:\/\/www.ocean4future.org\/savetheocean\/archives\/128331"},"author":{"name":"Andrea Mucedola","@id":"https:\/\/www.ocean4future.org\/savetheocean\/#\/schema\/person\/252d25dcc5c002abcde7b2d4baa78f13"},"headline":"Editoriale 3 maggio: quando le differenze sono un valore aggiunto","datePublished":"2026-05-02T22:02:00+00:00","dateModified":"2026-05-03T05:29:10+00:00","mainEntityOfPage":{"@id":"https:\/\/www.ocean4future.org\/savetheocean\/archives\/128331"},"wordCount":1489,"commentCount":0,"publisher":{"@id":"https:\/\/www.ocean4future.org\/savetheocean\/#\/schema\/person\/4e1c26437054353074d7bb2efa77162c"},"image":{"@id":"https:\/\/www.ocean4future.org\/savetheocean\/archives\/128331#primaryimage"},"thumbnailUrl":"https:\/\/www.ocean4future.org\/savetheocean\/wp-content\/uploads\/2026\/05\/006GAR19737-hippy-1.jpg","articleSection":["Editoriale"],"inLanguage":"it-IT","potentialAction":[{"@type":"CommentAction","name":"Comment","target":["https:\/\/www.ocean4future.org\/savetheocean\/archives\/128331#respond"]}]},{"@type":"WebPage","@id":"https:\/\/www.ocean4future.org\/savetheocean\/archives\/128331","url":"https:\/\/www.ocean4future.org\/savetheocean\/archives\/128331","name":"Editoriale 3 maggio: quando le differenze sono un valore aggiunto &#8226; OCEAN4FUTURE autore","isPartOf":{"@id":"https:\/\/www.ocean4future.org\/savetheocean\/#website"},"primaryImageOfPage":{"@id":"https:\/\/www.ocean4future.org\/savetheocean\/archives\/128331#primaryimage"},"image":{"@id":"https:\/\/www.ocean4future.org\/savetheocean\/archives\/128331#primaryimage"},"thumbnailUrl":"https:\/\/www.ocean4future.org\/savetheocean\/wp-content\/uploads\/2026\/05\/006GAR19737-hippy-1.jpg","datePublished":"2026-05-02T22:02:00+00:00","dateModified":"2026-05-03T05:29:10+00:00","breadcrumb":{"@id":"https:\/\/www.ocean4future.org\/savetheocean\/archives\/128331#breadcrumb"},"inLanguage":"it-IT","potentialAction":[{"@type":"ReadAction","target":["https:\/\/www.ocean4future.org\/savetheocean\/archives\/128331"]}]},{"@type":"ImageObject","inLanguage":"it-IT","@id":"https:\/\/www.ocean4future.org\/savetheocean\/archives\/128331#primaryimage","url":"https:\/\/www.ocean4future.org\/savetheocean\/wp-content\/uploads\/2026\/05\/006GAR19737-hippy-1.jpg","contentUrl":"https:\/\/www.ocean4future.org\/savetheocean\/wp-content\/uploads\/2026\/05\/006GAR19737-hippy-1.jpg","width":1200,"height":799},{"@type":"BreadcrumbList","@id":"https:\/\/www.ocean4future.org\/savetheocean\/archives\/128331#breadcrumb","itemListElement":[{"@type":"ListItem","position":1,"name":"Home","item":"https:\/\/www.ocean4future.org\/savetheocean"},{"@type":"ListItem","position":2,"name":"Editoriale 3 maggio: quando le differenze sono un valore aggiunto"}]},{"@type":"WebSite","@id":"https:\/\/www.ocean4future.org\/savetheocean\/#website","url":"https:\/\/www.ocean4future.org\/savetheocean\/","name":"Ocean 4 Future","description":"Per una nuova cultura del mare e della marittimit\u00e0","publisher":{"@id":"https:\/\/www.ocean4future.org\/savetheocean\/#\/schema\/person\/4e1c26437054353074d7bb2efa77162c"},"potentialAction":[{"@type":"SearchAction","target":{"@type":"EntryPoint","urlTemplate":"https:\/\/www.ocean4future.org\/savetheocean\/?s={search_term_string}"},"query-input":{"@type":"PropertyValueSpecification","valueRequired":true,"valueName":"search_term_string"}}],"inLanguage":"it-IT"},{"@type":["Person","Organization"],"@id":"https:\/\/www.ocean4future.org\/savetheocean\/#\/schema\/person\/4e1c26437054353074d7bb2efa77162c","name":"oceandiver","image":{"@type":"ImageObject","inLanguage":"it-IT","@id":"https:\/\/www.ocean4future.org\/savetheocean\/wp-content\/uploads\/2023\/04\/logo-ocean3.jpg","url":"https:\/\/www.ocean4future.org\/savetheocean\/wp-content\/uploads\/2023\/04\/logo-ocean3.jpg","contentUrl":"https:\/\/www.ocean4future.org\/savetheocean\/wp-content\/uploads\/2023\/04\/logo-ocean3.jpg","width":472,"height":301,"caption":"oceandiver"},"logo":{"@id":"https:\/\/www.ocean4future.org\/savetheocean\/wp-content\/uploads\/2023\/04\/logo-ocean3.jpg"}},{"@type":"Person","@id":"https:\/\/www.ocean4future.org\/savetheocean\/#\/schema\/person\/252d25dcc5c002abcde7b2d4baa78f13","name":"Andrea Mucedola","image":{"@type":"ImageObject","inLanguage":"it-IT","@id":"https:\/\/secure.gravatar.com\/avatar\/befc97e7f9e17a6b60a3969a83be976bdb6f8fc3d0b55cb27b11ae85db4b6240?s=96&d=mm&r=g","url":"https:\/\/secure.gravatar.com\/avatar\/befc97e7f9e17a6b60a3969a83be976bdb6f8fc3d0b55cb27b11ae85db4b6240?s=96&d=mm&r=g","contentUrl":"https:\/\/secure.gravatar.com\/avatar\/befc97e7f9e17a6b60a3969a83be976bdb6f8fc3d0b55cb27b11ae85db4b6240?s=96&d=mm&r=g","caption":"Andrea Mucedola"},"description":"ammiraglio della Marina Militare Italiana (riserva), \u00e8 laureato in Scienze Marittime della Difesa presso l\u2019Universit\u00e0 di Pisa ed in Scienze Politiche cum laude all\u2019Universit\u00e0 di Trieste. Analista di Maritime Security, collabora con numerosi Centri di studi e analisi geopolitici italiani ed internazionali. Ricercatore subacqueo scientifico dal 1993, nel 2019, ha ricevuto il Tridente d'oro dell'Accademia delle Scienze e Tecniche Subacquee per la divulgazione della cultura del mare. Fa parte del Comitato scientifico della Fondazione Atlantide e della Scuola internazionale Subacquei scientifici (ISSD - AIOSS).","sameAs":["http:\/\/www.ocean4future.org"],"url":"https:\/\/www.ocean4future.org\/savetheocean\/archives\/author\/andrea-mucedola"}]}},"_links":{"self":[{"href":"https:\/\/www.ocean4future.org\/savetheocean\/wp-json\/wp\/v2\/posts\/128331","targetHints":{"allow":["GET"]}}],"collection":[{"href":"https:\/\/www.ocean4future.org\/savetheocean\/wp-json\/wp\/v2\/posts"}],"about":[{"href":"https:\/\/www.ocean4future.org\/savetheocean\/wp-json\/wp\/v2\/types\/post"}],"author":[{"embeddable":true,"href":"https:\/\/www.ocean4future.org\/savetheocean\/wp-json\/wp\/v2\/users\/2380"}],"replies":[{"embeddable":true,"href":"https:\/\/www.ocean4future.org\/savetheocean\/wp-json\/wp\/v2\/comments?post=128331"}],"version-history":[{"count":17,"href":"https:\/\/www.ocean4future.org\/savetheocean\/wp-json\/wp\/v2\/posts\/128331\/revisions"}],"predecessor-version":[{"id":128379,"href":"https:\/\/www.ocean4future.org\/savetheocean\/wp-json\/wp\/v2\/posts\/128331\/revisions\/128379"}],"wp:featuredmedia":[{"embeddable":true,"href":"https:\/\/www.ocean4future.org\/savetheocean\/wp-json\/wp\/v2\/media\/128336"}],"wp:attachment":[{"href":"https:\/\/www.ocean4future.org\/savetheocean\/wp-json\/wp\/v2\/media?parent=128331"}],"wp:term":[{"taxonomy":"category","embeddable":true,"href":"https:\/\/www.ocean4future.org\/savetheocean\/wp-json\/wp\/v2\/categories?post=128331"},{"taxonomy":"post_tag","embeddable":true,"href":"https:\/\/www.ocean4future.org\/savetheocean\/wp-json\/wp\/v2\/tags?post=128331"}],"curies":[{"name":"wp","href":"https:\/\/api.w.org\/{rel}","templated":true}]}}