{"id":127975,"date":"2026-04-26T00:02:00","date_gmt":"2026-04-25T22:02:00","guid":{"rendered":"https:\/\/www.ocean4future.org\/savetheocean\/?p=127975"},"modified":"2026-04-26T16:01:12","modified_gmt":"2026-04-26T14:01:12","slug":"editoriale-26-aprile-la-guerra-alla-stupidita","status":"publish","type":"post","link":"https:\/\/www.ocean4future.org\/savetheocean\/archives\/127975","title":{"rendered":"Editoriale 26 aprile: la guerra alla stupidit\u00e0"},"content":{"rendered":"<span class=\"span-reading-time rt-reading-time\" style=\"display: block;\"><span class=\"rt-label rt-prefix\">tempo di lettura: <\/span> <span class=\"rt-time\"> 6<\/span> <span class=\"rt-label rt-postfix\">minuti<\/span><\/span><p><span style=\"color: #ffffff;\">.<\/span><br \/>\n<a class=\"maxbutton-4 maxbutton maxbutton-livello-di-comprensione\" href=\"javascript:void(0);\"><span class='mb-text'>livello elementare<\/span><\/a><\/p>\n<p><span style=\"color: white;\">.<\/span><\/p>\n<p><strong><span style=\"color: green;\">ARGOMENTO: EDITORIALE<\/span><\/strong><br \/>\n<strong><span style=\"color: green;\">PERIODO: XXI SECOLO<\/span><\/strong><br \/>\n<strong><span style=\"color: green;\">AREA: RIFLESSIONI SEMISERIE<\/span><\/strong><br \/>\nparole chiave: Stupidit\u00e0<\/p>\n<p><span style=\"color: #ffffff;\">.<\/span><\/p>\n<p style=\"text-align: justify;\">L&#8217;editoriale di oggi \u00e8 sul rapporto tra stupidit\u00e0 e comunicazione che vedremo ha radici antiche e ben consolidate. Viviamo in una societ\u00e0 basata sull&#8217;informazione condita da un&#8217;inarrestabile flusso di disinformazione che mantiene i lettori e ascoltatori in splendida ignoranza. E&#8217; il potere della presunzione, dell&#8221;apparire pi\u00f9 che essere, e della stupidit\u00e0 che, come diceva Eco, non \u00e8 ormai cos\u00ec facile da individuare<strong><span style=\"color: #008000;\"><sup>1<\/sup><\/span><\/strong>. E la comunicazione? Non \u00e8 da meno, spesso gestita da personaggi mediaticamente accattivanti ma improbabili che fanno spettacolo. <span style=\"color: #008000;\"><strong><em>Cui prodest<\/em><\/strong><\/span>? Ignoranza e presappochismo fanno comodo perch\u00e8 favoriscono la non conoscenza, ed \u00e8 noto che chi meno sa pi\u00f9 \u00e8 manovrabile. Senza tornare al <strong><em><span style=\"color: #008000;\">panem et circenses<\/span><\/em><\/strong> dei Romani, questa prassi si \u00e8 tramandata nel tempo, unendo le debolezze umane agli interessi personali. Insomma, non \u00e8 un problema di quest&#8217;ultimi tempi &#8230; \u201c<em><span style=\"color: #008000;\"><strong>Spagna o Franza purch\u00e9 se magna<\/strong><\/span><\/em>\u201c, non fu un detto di un arguto romano ma di un fiorentino, <strong><span style=\"color: #008000;\">Francesco Guicciardini<\/span><\/strong>, uno tra i maggiori scrittori di politica nell\u2019epoca del Rinascimento italiano, che nel XV secolo gi\u00e0 criticava quella classe dirigente &#8211; che sarebbe diventata secoli dopo l&#8217;Italietta di Montanelli &#8211; che, pur di mantenere potere e benessere, si metteva a disposizione dei potenti dell&#8217;epoca in modo opportunistico.<\/p>\n<p style=\"text-align: justify;\">Detto questo, favorire personaggi mediatici, forieri di buoni ascolti, ma improbabili, fa gioco per molti. Anche ammettendo <em>lapsus<\/em> occasionali &#8211; ne sentiamo di tutti i colori in un vero gioco bipartisan &#8211; la verit\u00e0 \u00e8 che l&#8217;ignoranza \u00e8 sovrana. D&#8217;altronde qual \u00e8 il problema se un onorevole annuncia alla camera dei Deputati la volont\u00e0 di essere \u00ab<strong><em><span style=\"color: #008000;\">breve e circonciso<\/span><\/em><\/strong>\u00bb se poi viene immediatamente corretto dal collega dell&#8217;altro schieramento con un \u00ab<strong><span style=\"color: #008000;\">c<\/span><em><span style=\"color: #008000;\">oinciso &#8230; si dice<\/span><\/em><\/strong>\u00bb. Senza parlare degli strafalcioni storici, geografici e geopolitici. Nel XVI secolo <strong><span style=\"color: #008000;\">Fran\u00e7ois Rabelais<\/span><\/strong> sentenziava che l\u2019ignoranza \u00e8 la madre di tutti i mali che ci affliggono. Ma siamo veramente ignoranti? Secondo uno studio di Ipsos Mori, sulla base di un <a href=\"https:\/\/www.ipsos-mori.com\/researchpublications\/researcharchive\/3466\/Perceptions-are-not-reality-Things-the-world-gets-wrong.aspx\" target=\"_blank\" rel=\"noopener\">sondaggio internazionale<\/a>, purtroppo gli italiani risultano tra i pi\u00f9 ignoranti (voce del verbo ignorare), seguiti in coda da Stati Uniti e Corea del Sud. Se fosse vero &#8230;\u00a0 avremmo ottime ragioni per preoccuparci ulteriormente.<\/p>\n<p style=\"text-align: justify;\">Viviamo in una giungla mediatica dove tutto pu\u00f2 accadere &#8230; Vi racconto un evento di questa settimana &#8230; sono stato contattato telefonicamente da un sedicente sconosciuto giornalista romano, che mi ha chiesto una valutazione \u2013 <strong><em><span style=\"color: #008000;\">la prego in 15 secondi<\/span><\/em><\/strong> &#8211; sull\u2019impiego delle unit\u00e0 di contromisure mine nello stretto di Hormuz. In quei 15 secondi concessimi ho risposto che una missione di quel genere necessita di almeno tre condizioni: un mandato internazionale, uno stato di pace (e quindi assenza di conflitti) e l\u2019impiego di unit\u00e0 di contro misure mine addestrate e opportunamente supportate. [12 secondi]. Il &#8220;giornalista&#8221; ha subito ribattuto &#8230; &#8220;<strong><em><span style=\"color: #008000;\">in 15 secondi, mi dica: Trump ce lo far\u00e0 fare?<\/span><\/em><\/strong>&#8221; \u2013 risposta \u2013\u201c <strong><em><span style=\"color: #008000;\">lo stato di pace deve essere sancito con un patto bilaterale<\/span><\/em><\/strong>\u201d [2 secondi].\u00a0 \u201c<strong><em><span style=\"color: #008000;\">Ma allora i dragamine dovranno operare sotto le bombe?<\/span><\/em><\/strong>\u201d \u2026 risposta \u201c<strong><em><span style=\"color: #008000;\">No, come ho detto ci deve essere uno stato di pace consolidato tra le parti<\/span><\/em><\/strong>\u201d.<br \/>\n\u201c<strong><em><span style=\"color: #008000;\">OK ma i dragamine?<\/span><\/em><\/strong>\u201d \u2026 risposta, ormai desolato, \u201c<strong><em><span style=\"color: #008000;\">Mi scusi &#8230; non ho parlato di dragamine ma di unit\u00e0 di CMM, i dragamine ne fanno parte come i cacciamine ma l\u2019Italia possiede solo cacciamine<\/span><\/em><\/strong>\u201d [3 secondi.]<br \/>\nSbuffando, \u201c<strong><em><span style=\"color: #008000;\">Quindi il nostro Governo ha sbagliato costruendo navi che non servono?<\/span><\/em><\/strong>\u201d A questo punti ho incominciato a recitare il mio mantra \u2026 \u201c<strong><em><span style=\"color: #008000;\">La costruzione di una nave, dalla sua approvazione alla consegna, \u00e8 un processo molto lungo. L\u2019Italia negli anni \u201970-80\u2018 decise di costruire unit\u00e0 cacciamine, abbandonando il dragaggio tradizionale ad influenza e meccanico (quello dei dragamine per intenderci) che non forniva una risposta altrettanto efficace contro le mine moderne perseguendo quella dei cacciamine<\/span><\/em><\/strong> [uff\u2026 12 secondi]\u2026<br \/>\n\u201c<strong><em><span style=\"color: #008000;\">Ah \u2026 e allora cosa facciamo?<\/span><\/em><\/strong>\u201d domanda veemente \u2026 \u201c<strong><em><span style=\"color: #008000;\">In che senso? Mi pare che il Presidente del Consiglio si sia espressa chiaramente<\/span><\/em><\/strong>\u201d [3 secondi] &#8230; ormai mi aspetto di tutto &#8230; Lui, ancora pi\u00f9 scocciato, \u2026 \u201c<strong><em><span style=\"color: #008000;\">Beh dobbiamo distruggere le mine, ha presente quelle con le corna (?), che hanno messo gli americani con gli iraniani, dimostrandoci, alla fin fine, che se avessimo investito nel solare non avremmo pi\u00f9 avuto bisogno dei combustibili solidi. Mi rendo conto che non sono cose per i militari \u2026 e \u2026<\/span><\/em><\/strong> \u201d a questo punto vorrei dirgli che i militari, forse, di queste cose ne sanno pi\u00f9 di molti altri,\u00a0 ma mi mordo la lingua e mi limito a ricordargli che non sono solo i combustibili ad essere bloccati ma anche fertilizzanti, metalli, gas necessari per l\u2019industria \u2026 comunque, se voleva, potevo inviargli uno scritto che spiegava sinteticamente la situazione. La risposta \u00e8 scioccante, \u201c<strong><em><span style=\"color: #008000;\">Grazie, ma non ho tempo di leggere e verificare quello che lei mi pu\u00f2 scrivere \u2026 sa noi lavoriamo tutti cos\u00ec<\/span><\/em><\/strong>\u201d. A questo punto gli chiedo che scuola avesse frequentato .. \u201c<strong><em><span style=\"color: #008000;\">ho fatto il liceo classico e poi lettere, laureandomi con una tesi sul pensiero delle minoranze\u2026 poi il sindacato e i primi lavori \u2026 lei capisce<\/span> <\/em><\/strong>\u201d. Annuisco &#8230; e gli chiedo se ha bisogno di altro \u2026 \u201c<strong><span style=\"color: #008000;\">Si \u2026 grazie<\/span><\/strong> \u2013 momento di silenzio &#8211; <strong><em><span style=\"color: #008000;\">beh. .. ma questi dragamine non li possiamo comprare, magari usati?<\/span><\/em><\/strong>\u201d.<\/p>\n<p><strong><span style=\"color: #008000; font-size: 20px;\">Ignoranza o stupidit\u00e0? Questo \u00e8 il problema<\/span><\/strong><\/p>\n<p style=\"text-align: justify;\">Come disse Albert Einstein \u201c<strong><em><span style=\"color: #008000;\">Solo due cose sono infinite, l\u2019universo e la stupidit\u00e0 umana, e non sono sicuro della prima<\/span><\/em><\/strong>\u201d \u2026 tra tante giornate celebrative forse si potrebbe dedicargliene una, anche se viene festeggiata tutti i giorni nei salotti televisivi e sui social media.<\/p>\n<p style=\"text-align: justify;\"><img decoding=\"async\" class=\"alignnone size-full wp-image-127978\" src=\"https:\/\/www.ocean4future.org\/savetheocean\/wp-content\/uploads\/2026\/04\/stupidita-umana-e1777060311152.png\" alt=\"\" width=\"1200\" height=\"800\" \/><\/p>\n<p style=\"text-align: justify;\"><span style=\"font-size: 20px;\">&#8220;<strong><em><span style=\"color: #008000;\">Niente \u00e8 pi\u00f9 pericoloso di uno stupido che afferra un\u2019idea, il che succede con una frequenza preoccupante. Se uno stupido afferra un\u2019idea, \u00e8 fatto: su quella costruir\u00e0 un sistema e obbligher\u00e0 gli altri a condividerlo<\/span><\/em><\/strong>&#8220;<\/span> Ennio Flaiano<\/p>\n<p style=\"text-align: justify;\"><strong><span style=\"color: #008000;\">Si pu\u00f2 quantificare la stupidit\u00e0?<\/span> <\/strong>Voglio ricordare <strong><span style=\"color: #008000;\">Carlo Cipolla<\/span><\/strong>, uno storico ed economista italiano, che ritenne che dietro ai cambiamenti economici in realt\u00e0 si nascondono gli uomini, guidati nelle loro scelte dalle specifiche caratteristiche personali. Cipolla approfond\u00ec il tema della &#8220;stupidit\u00e0 umana&#8221;, formulando un&#8217;interessante teoria &#8211; sintetizzata in cinque punti<strong><sup><span style=\"color: #008000;\">2<\/span><\/sup><\/strong> &#8211; che distribuiva gli esseri umani in quattro categorie: gli <strong><span style=\"color: #008000;\">Sprovveduti<\/span><\/strong> che danneggiano s\u00e9 stessi e avvantaggiano gli altri, gli <strong><span style=\"color: #008000;\">Intelligenti<\/span> <\/strong>che fanno il proprio vantaggio e quello degli altri, gli <strong><span style=\"color: #008000;\">Stupidi<\/span> <\/strong>che danneggiano gli altri e s\u00e9 stessi e i <strong><span style=\"color: #008000;\">Banditi<\/span><\/strong> che danneggiano gli altri per trarne vantaggio. Esse vengono rappresentate in un diagramma da cui si deduce che di fatto ci sono infinite variazioni, rendendo la stupidit\u00e0 non facilmente individuabile e spesso ahim\u00e8 vincente.<\/p>\n<p><span style=\"color: #008000;\"><img decoding=\"async\" class=\"alignnone size-full wp-image-127976\" src=\"https:\/\/www.ocean4future.org\/savetheocean\/wp-content\/uploads\/2026\/04\/Allegro_ma_non_troppo.svg_-e1777059267653.png\" alt=\"\" width=\"1200\" height=\"1025\" \/><\/span><\/p>\n<p style=\"text-align: justify;\">Il <strong><span style=\"color: #008000;\">diagramma di Cipolla<\/span><\/strong> ricorda molto la suddivisione degli Ufficiali del feldmaresciallo <strong><span style=\"color: #008000;\">Helmuth von Moltke<\/span><\/strong>, il capo di stato maggiore dell&#8217;esercito prussiano\u00a0 che nel XIX secolo rivoluzion\u00f2 il sistema di Comando dell\u2019esercito prussiano, istituendo il sistema delle &#8220;direttive generali&#8221; che presto sostitu\u00ec il precedente, basato sulla rigida esecuzione degli &#8220;ordini operativi&#8221;. In pratica, ogni destinatario di ordini riceveva un compito a lungo termine ma gli veniva concessa una notevole libert\u00e0 d&#8217;azione, aspettandosi discrezione e iniziativa. Una concezione molto moderna che fa comprendere che Von Moltke non amava gli <strong><span style=\"color: #008000;\">Yesmen<\/span><\/strong>, sempre pronti a dare ragione ai superiori, mostrandosi accondiscendenti per ottenere favori: in pratica coloro che popolano ancora oggi molti ambienti lavorativi riuscendo spesso a raggiungere le alte sfere. Della sua opera si ricorda una suddivisione caratteriologica dei suoi ufficiali che, senza molta fantasia, potrebbe per\u00f2 essere adattata in qualsiasi ambito del mondo civile. Von Moltke suddivideva i suoi ufficiali in <strong><span style=\"color: #008000;\">Intelligenti, Stupidi, Volenterosi e Pigri<\/span><\/strong> <sup><strong><span style=\"color: #008000;\">3<\/span><\/strong><\/sup>, sulla base delle possibili combinazioni (ad esempio, stupidi e volenterosi, pigri e intelligenti) suggeriva come queste potessero influenzare il sistema decisionale e esecutivo. Inutile dire che gli <strong><span style=\"color: #008000;\">stupidi-volenterosi<\/span> <\/strong>erano, come sono ancora oggi, i pi\u00f9 pericolosi &#8230; Il problema \u00e8 spesso fanno carriera, sguazzando nel mare dell&#8217;ignoranza che ci circonda. In una societ\u00e0 intelligente dovrebbero essere messi in condizione di non fare danni ma, in una societ\u00e0 &#8220;woke&#8221;, una simile azione \u00e8 considerata discriminatoria &#8230; meglio quindi coltivare la mediocrit\u00e0 e l&#8217;ignoranza che creare delle differenze. D&#8217;altronde la madre degli stupidi \u00e8 sempre incinta e &#8230; produce voti facili.<\/p>\n<p style=\"text-align: justify;\">La suddivisione di Von Moltke fu insegnata alla mia generazione il primo anno di accademia, ma mi domando quanti oggi la conoscano. Purtroppo la lotta \u00e8 impari e, come disse Stanislaw Jerzy Lec &#8220;<strong><em><span style=\"color: #008000;\">Gli stupidi non sono cos\u00ec stupidi, sono sempre in maggioranza<\/span><\/em><\/strong>&#8220;.<\/p>\n<p><strong><span style=\"color: #008000;\">Andrea Mucedola<br \/>\n<span style=\"color: #ffffff;\">.<\/span><\/span><\/strong><\/p>\n<p><strong><span style=\"font-size: 20px; color: #008000;\">Note<\/span><\/strong><\/p>\n<p>1. Umberto Eco, &#8220;<strong><span style=\"color: #008000;\"><em>\u00c8 difficile individuare lo stupido. Uno stupido pu\u00f2 prendere anche il premio Nobel<\/em><\/span><\/strong>&#8220;.<br \/>\n2. <strong><span style=\"color: #008000;\">i cinque punti di Carlo Cipolla<\/span><\/strong>:<\/p>\n<table style=\"border-collapse: collapse; width: 96.8342%; height: 202px;\">\n<tbody>\n<tr>\n<td style=\"width: 100%; text-align: justify;\"><span style=\"color: #000000;\"><em>\u00a0Sempre e inevitabilmente ognuno di noi sottovaluta il numero di individui stupidi in circolazione<\/em><\/span><\/td>\n<\/tr>\n<tr>\n<td style=\"width: 100%; text-align: justify;\"><span style=\"color: #000000;\"><em>\u00a0La probabilit\u00e0 che una certa persona sia stupida \u00e8 indipendente da qualsiasi altra caratteristica della persona stessa<\/em><\/span><\/td>\n<\/tr>\n<tr>\n<td style=\"width: 100%; text-align: justify;\"><span style=\"color: #000000;\"><em>Una persona \u00e8 stupida se causa un danno a un&#8217;altra persona o ad un gruppo di persone senza realizzare alcun vantaggio per s\u00e9 o addirittura subendo un danno.<\/em><\/span><\/td>\n<\/tr>\n<tr>\n<td style=\"width: 100%; text-align: justify;\"><span style=\"color: #000000;\"><em>Le persone non stupide sottovalutano sempre il potenziale nocivo delle persone stupide; dimenticano costantemente che in qualsiasi momento e luogo, e in qualunque circostanza, trattare o associarsi con individui stupidi costituisce infallibilmente un costoso errore.<\/em><\/span><\/td>\n<\/tr>\n<tr>\n<td style=\"width: 100%; text-align: left;\"><span style=\"color: #000000;\"><em>La persona stupida \u00e8 il tipo di persona pi\u00f9 pericoloso che esista.<\/em><\/span><\/td>\n<\/tr>\n<\/tbody>\n<\/table>\n<p>3. <strong><span style=\"color: #008000;\">Le deduzioni di Von Moltke sulle combinazioni delle tipologie dei suoi ufficiali:<\/span><\/strong><\/p>\n<table style=\"border-collapse: collapse; width: 100%;\">\n<tbody>\n<tr>\n<td style=\"width: 100%;\"><span style=\"color: #000000;\"><em>Quelli che sono intelligenti e volenterosi sono idonei ad alti incarichi nello Stato Maggiore, dove si possono impiegare anche gli stupidi ed i pigri.<\/em><\/span><\/td>\n<\/tr>\n<tr>\n<td style=\"width: 100%;\"><span style=\"color: #000000;\"><em>Coloro che sono intelligenti e pigri sono idonei alla pi\u00f9 alta funzione di Comando, avendo il temperamento ed il sangue freddo indispensabili per far fronte a tutte le circostanze.<\/em><\/span><\/td>\n<\/tr>\n<tr>\n<td style=\"width: 100%;\"><span style=\"color: #000000;\"><em>Ma chi sia contemporaneamente stupido e volenteroso costituisce un grave pericolo e deve essere immediatamente sostituito.<\/em><\/span><\/td>\n<\/tr>\n<\/tbody>\n<\/table>\n<p>&nbsp;<\/p>\n<p><a class=\"maxbutton-3 maxbutton maxbutton-pagina-principale\" target=\"_blank\" title=\"tooltip\" rel=\"nofollow noopener\" href=\"http:\/\/www.ocean4future.org\"><span class='mb-text'>PAGINA PRINCIPALE - HOME PAGE<\/span><\/a><br \/>\n<span style=\"color: #ffffff;\">.<\/span><\/p>\n<p style=\"text-align: justify;\">Alcune delle immagini possono essere state prese dal web, citandone ove possibile gli autori e\/o le fonti. Se qualcuno desiderasse specificarne l\u2019autore e le fonti o rimuoverle, pu\u00f2 scrivere a infoocean4future@gmail.com e provvederemo immediatamente alla correzione dell\u2019articolo<br \/>\n<span style=\"color: #ffffff;\">.<\/span><\/p>\n","protected":false},"excerpt":{"rendered":"<p><span class=\"span-reading-time rt-reading-time\" style=\"display: block;\"><span class=\"rt-label rt-prefix\">tempo di lettura: <\/span> <span class=\"rt-time\"> 6<\/span> <span class=\"rt-label rt-postfix\">minuti<\/span><\/span>. . ARGOMENTO: EDITORIALE PERIODO: XXI SECOLO AREA: RIFLESSIONI SEMISERIE parole chiave: Stupidit\u00e0 . L&#8217;editoriale di oggi \u00e8 sul rapporto tra stupidit\u00e0 e comunicazione che vedremo ha radici antiche e ben consolidate. Viviamo in una societ\u00e0 basata sull&#8217;informazione condita da un&#8217;inarrestabile flusso di disinformazione che mantiene i lettori e ascoltatori in splendida ignoranza. E&#8217; il [&hellip;]<\/p>\n","protected":false},"author":2380,"featured_media":127979,"comment_status":"open","ping_status":"open","sticky":false,"template":"","format":"standard","meta":{"_acf_changed":false,"_monsterinsights_skip_tracking":false,"_monsterinsights_sitenote_active":false,"_monsterinsights_sitenote_note":"","_monsterinsights_sitenote_category":0,"footnotes":""},"categories":[2433],"tags":[],"class_list":["post-127975","post","type-post","status-publish","format-standard","has-post-thumbnail","hentry","category-editoriale"],"acf":[],"yoast_head":"<!-- This site is optimized with the Yoast SEO plugin v27.4 - https:\/\/yoast.com\/product\/yoast-seo-wordpress\/ -->\n<title>Editoriale 26 aprile: la guerra alla stupidit\u00e0 &#8226; OCEAN4FUTURE autore<\/title>\n<meta name=\"robots\" content=\"index, follow, max-snippet:-1, max-image-preview:large, max-video-preview:-1\" \/>\n<link rel=\"canonical\" href=\"https:\/\/www.ocean4future.org\/savetheocean\/archives\/127975\" \/>\n<meta property=\"og:locale\" content=\"it_IT\" \/>\n<meta property=\"og:type\" content=\"article\" \/>\n<meta property=\"og:title\" content=\"Editoriale 26 aprile: la guerra alla stupidit\u00e0 &#8226; OCEAN4FUTURE autore\" \/>\n<meta property=\"og:description\" content=\"tempo di lettura:  6 minuti. . ARGOMENTO: EDITORIALE PERIODO: XXI SECOLO AREA: RIFLESSIONI SEMISERIE parole chiave: Stupidit\u00e0 . L&#8217;editoriale di oggi \u00e8 sul rapporto tra stupidit\u00e0 e comunicazione che vedremo ha radici antiche e ben consolidate. Viviamo in una societ\u00e0 basata sull&#8217;informazione condita da un&#8217;inarrestabile flusso di disinformazione che mantiene i lettori e ascoltatori in splendida ignoranza. E&#8217; il [&hellip;]\" \/>\n<meta property=\"og:url\" content=\"https:\/\/www.ocean4future.org\/savetheocean\/archives\/127975\" \/>\n<meta property=\"og:site_name\" content=\"OCEAN4FUTURE\" \/>\n<meta property=\"article:published_time\" content=\"2026-04-25T22:02:00+00:00\" \/>\n<meta property=\"article:modified_time\" content=\"2026-04-26T14:01:12+00:00\" \/>\n<meta property=\"og:image\" content=\"https:\/\/www.ocean4future.org\/savetheocean\/wp-content\/uploads\/2026\/04\/Copilot_20260424_214951-683x1024.png\" \/>\n\t<meta property=\"og:image:width\" content=\"683\" \/>\n\t<meta property=\"og:image:height\" content=\"1024\" \/>\n\t<meta property=\"og:image:type\" content=\"image\/png\" \/>\n<meta name=\"author\" content=\"Andrea Mucedola\" \/>\n<meta name=\"twitter:card\" content=\"summary_large_image\" \/>\n<meta name=\"twitter:creator\" content=\"@ocean4future\" \/>\n<meta name=\"twitter:site\" content=\"@ocean4future\" \/>\n<meta name=\"twitter:label1\" content=\"Scritto da\" \/>\n\t<meta name=\"twitter:data1\" content=\"Andrea Mucedola\" \/>\n\t<meta name=\"twitter:label2\" content=\"Tempo di lettura stimato\" \/>\n\t<meta name=\"twitter:data2\" content=\"10 minuti\" \/>\n<script type=\"application\/ld+json\" class=\"yoast-schema-graph\">{\"@context\":\"https:\\\/\\\/schema.org\",\"@graph\":[{\"@type\":\"Article\",\"@id\":\"https:\\\/\\\/www.ocean4future.org\\\/savetheocean\\\/archives\\\/127975#article\",\"isPartOf\":{\"@id\":\"https:\\\/\\\/www.ocean4future.org\\\/savetheocean\\\/archives\\\/127975\"},\"author\":{\"name\":\"Andrea Mucedola\",\"@id\":\"https:\\\/\\\/www.ocean4future.org\\\/savetheocean\\\/#\\\/schema\\\/person\\\/252d25dcc5c002abcde7b2d4baa78f13\"},\"headline\":\"Editoriale 26 aprile: la guerra alla stupidit\u00e0\",\"datePublished\":\"2026-04-25T22:02:00+00:00\",\"dateModified\":\"2026-04-26T14:01:12+00:00\",\"mainEntityOfPage\":{\"@id\":\"https:\\\/\\\/www.ocean4future.org\\\/savetheocean\\\/archives\\\/127975\"},\"wordCount\":1621,\"commentCount\":0,\"publisher\":{\"@id\":\"https:\\\/\\\/www.ocean4future.org\\\/savetheocean\\\/#\\\/schema\\\/person\\\/4e1c26437054353074d7bb2efa77162c\"},\"image\":{\"@id\":\"https:\\\/\\\/www.ocean4future.org\\\/savetheocean\\\/archives\\\/127975#primaryimage\"},\"thumbnailUrl\":\"https:\\\/\\\/www.ocean4future.org\\\/savetheocean\\\/wp-content\\\/uploads\\\/2026\\\/04\\\/Copilot_20260424_214951.png\",\"articleSection\":[\"Editoriale\"],\"inLanguage\":\"it-IT\",\"potentialAction\":[{\"@type\":\"CommentAction\",\"name\":\"Comment\",\"target\":[\"https:\\\/\\\/www.ocean4future.org\\\/savetheocean\\\/archives\\\/127975#respond\"]}]},{\"@type\":\"WebPage\",\"@id\":\"https:\\\/\\\/www.ocean4future.org\\\/savetheocean\\\/archives\\\/127975\",\"url\":\"https:\\\/\\\/www.ocean4future.org\\\/savetheocean\\\/archives\\\/127975\",\"name\":\"Editoriale 26 aprile: la guerra alla stupidit\u00e0 &#8226; OCEAN4FUTURE autore\",\"isPartOf\":{\"@id\":\"https:\\\/\\\/www.ocean4future.org\\\/savetheocean\\\/#website\"},\"primaryImageOfPage\":{\"@id\":\"https:\\\/\\\/www.ocean4future.org\\\/savetheocean\\\/archives\\\/127975#primaryimage\"},\"image\":{\"@id\":\"https:\\\/\\\/www.ocean4future.org\\\/savetheocean\\\/archives\\\/127975#primaryimage\"},\"thumbnailUrl\":\"https:\\\/\\\/www.ocean4future.org\\\/savetheocean\\\/wp-content\\\/uploads\\\/2026\\\/04\\\/Copilot_20260424_214951.png\",\"datePublished\":\"2026-04-25T22:02:00+00:00\",\"dateModified\":\"2026-04-26T14:01:12+00:00\",\"breadcrumb\":{\"@id\":\"https:\\\/\\\/www.ocean4future.org\\\/savetheocean\\\/archives\\\/127975#breadcrumb\"},\"inLanguage\":\"it-IT\",\"potentialAction\":[{\"@type\":\"ReadAction\",\"target\":[\"https:\\\/\\\/www.ocean4future.org\\\/savetheocean\\\/archives\\\/127975\"]}]},{\"@type\":\"ImageObject\",\"inLanguage\":\"it-IT\",\"@id\":\"https:\\\/\\\/www.ocean4future.org\\\/savetheocean\\\/archives\\\/127975#primaryimage\",\"url\":\"https:\\\/\\\/www.ocean4future.org\\\/savetheocean\\\/wp-content\\\/uploads\\\/2026\\\/04\\\/Copilot_20260424_214951.png\",\"contentUrl\":\"https:\\\/\\\/www.ocean4future.org\\\/savetheocean\\\/wp-content\\\/uploads\\\/2026\\\/04\\\/Copilot_20260424_214951.png\",\"width\":1024,\"height\":1536},{\"@type\":\"BreadcrumbList\",\"@id\":\"https:\\\/\\\/www.ocean4future.org\\\/savetheocean\\\/archives\\\/127975#breadcrumb\",\"itemListElement\":[{\"@type\":\"ListItem\",\"position\":1,\"name\":\"Home\",\"item\":\"https:\\\/\\\/www.ocean4future.org\\\/savetheocean\"},{\"@type\":\"ListItem\",\"position\":2,\"name\":\"Editoriale 26 aprile: la guerra alla stupidit\u00e0\"}]},{\"@type\":\"WebSite\",\"@id\":\"https:\\\/\\\/www.ocean4future.org\\\/savetheocean\\\/#website\",\"url\":\"https:\\\/\\\/www.ocean4future.org\\\/savetheocean\\\/\",\"name\":\"Ocean 4 Future\",\"description\":\"Per una nuova cultura del mare e della marittimit\u00e0\",\"publisher\":{\"@id\":\"https:\\\/\\\/www.ocean4future.org\\\/savetheocean\\\/#\\\/schema\\\/person\\\/4e1c26437054353074d7bb2efa77162c\"},\"potentialAction\":[{\"@type\":\"SearchAction\",\"target\":{\"@type\":\"EntryPoint\",\"urlTemplate\":\"https:\\\/\\\/www.ocean4future.org\\\/savetheocean\\\/?s={search_term_string}\"},\"query-input\":{\"@type\":\"PropertyValueSpecification\",\"valueRequired\":true,\"valueName\":\"search_term_string\"}}],\"inLanguage\":\"it-IT\"},{\"@type\":[\"Person\",\"Organization\"],\"@id\":\"https:\\\/\\\/www.ocean4future.org\\\/savetheocean\\\/#\\\/schema\\\/person\\\/4e1c26437054353074d7bb2efa77162c\",\"name\":\"oceandiver\",\"image\":{\"@type\":\"ImageObject\",\"inLanguage\":\"it-IT\",\"@id\":\"https:\\\/\\\/www.ocean4future.org\\\/savetheocean\\\/wp-content\\\/uploads\\\/2023\\\/04\\\/logo-ocean3.jpg\",\"url\":\"https:\\\/\\\/www.ocean4future.org\\\/savetheocean\\\/wp-content\\\/uploads\\\/2023\\\/04\\\/logo-ocean3.jpg\",\"contentUrl\":\"https:\\\/\\\/www.ocean4future.org\\\/savetheocean\\\/wp-content\\\/uploads\\\/2023\\\/04\\\/logo-ocean3.jpg\",\"width\":472,\"height\":301,\"caption\":\"oceandiver\"},\"logo\":{\"@id\":\"https:\\\/\\\/www.ocean4future.org\\\/savetheocean\\\/wp-content\\\/uploads\\\/2023\\\/04\\\/logo-ocean3.jpg\"}},{\"@type\":\"Person\",\"@id\":\"https:\\\/\\\/www.ocean4future.org\\\/savetheocean\\\/#\\\/schema\\\/person\\\/252d25dcc5c002abcde7b2d4baa78f13\",\"name\":\"Andrea Mucedola\",\"image\":{\"@type\":\"ImageObject\",\"inLanguage\":\"it-IT\",\"@id\":\"https:\\\/\\\/secure.gravatar.com\\\/avatar\\\/befc97e7f9e17a6b60a3969a83be976bdb6f8fc3d0b55cb27b11ae85db4b6240?s=96&d=mm&r=g\",\"url\":\"https:\\\/\\\/secure.gravatar.com\\\/avatar\\\/befc97e7f9e17a6b60a3969a83be976bdb6f8fc3d0b55cb27b11ae85db4b6240?s=96&d=mm&r=g\",\"contentUrl\":\"https:\\\/\\\/secure.gravatar.com\\\/avatar\\\/befc97e7f9e17a6b60a3969a83be976bdb6f8fc3d0b55cb27b11ae85db4b6240?s=96&d=mm&r=g\",\"caption\":\"Andrea Mucedola\"},\"description\":\"ammiraglio della Marina Militare Italiana (riserva), \u00e8 laureato in Scienze Marittime della Difesa presso l\u2019Universit\u00e0 di Pisa ed in Scienze Politiche cum laude all\u2019Universit\u00e0 di Trieste. Analista di Maritime Security, collabora con numerosi Centri di studi e analisi geopolitici italiani ed internazionali. Ricercatore subacqueo scientifico dal 1993, nel 2019, ha ricevuto il Tridente d'oro dell'Accademia delle Scienze e Tecniche Subacquee per la divulgazione della cultura del mare. Fa parte del Comitato scientifico della Fondazione Atlantide e della Scuola internazionale Subacquei scientifici (ISSD - AIOSS).\",\"sameAs\":[\"http:\\\/\\\/www.ocean4future.org\"],\"url\":\"https:\\\/\\\/www.ocean4future.org\\\/savetheocean\\\/archives\\\/author\\\/andrea-mucedola\"}]}<\/script>\n<!-- \/ Yoast SEO plugin. -->","yoast_head_json":{"title":"Editoriale 26 aprile: la guerra alla stupidit\u00e0 &#8226; OCEAN4FUTURE autore","robots":{"index":"index","follow":"follow","max-snippet":"max-snippet:-1","max-image-preview":"max-image-preview:large","max-video-preview":"max-video-preview:-1"},"canonical":"https:\/\/www.ocean4future.org\/savetheocean\/archives\/127975","og_locale":"it_IT","og_type":"article","og_title":"Editoriale 26 aprile: la guerra alla stupidit\u00e0 &#8226; OCEAN4FUTURE autore","og_description":"tempo di lettura:  6 minuti. . ARGOMENTO: EDITORIALE PERIODO: XXI SECOLO AREA: RIFLESSIONI SEMISERIE parole chiave: Stupidit\u00e0 . L&#8217;editoriale di oggi \u00e8 sul rapporto tra stupidit\u00e0 e comunicazione che vedremo ha radici antiche e ben consolidate. Viviamo in una societ\u00e0 basata sull&#8217;informazione condita da un&#8217;inarrestabile flusso di disinformazione che mantiene i lettori e ascoltatori in splendida ignoranza. E&#8217; il [&hellip;]","og_url":"https:\/\/www.ocean4future.org\/savetheocean\/archives\/127975","og_site_name":"OCEAN4FUTURE","article_published_time":"2026-04-25T22:02:00+00:00","article_modified_time":"2026-04-26T14:01:12+00:00","og_image":[{"width":683,"height":1024,"url":"https:\/\/www.ocean4future.org\/savetheocean\/wp-content\/uploads\/2026\/04\/Copilot_20260424_214951-683x1024.png","type":"image\/png"}],"author":"Andrea Mucedola","twitter_card":"summary_large_image","twitter_creator":"@ocean4future","twitter_site":"@ocean4future","twitter_misc":{"Scritto da":"Andrea Mucedola","Tempo di lettura stimato":"10 minuti"},"schema":{"@context":"https:\/\/schema.org","@graph":[{"@type":"Article","@id":"https:\/\/www.ocean4future.org\/savetheocean\/archives\/127975#article","isPartOf":{"@id":"https:\/\/www.ocean4future.org\/savetheocean\/archives\/127975"},"author":{"name":"Andrea Mucedola","@id":"https:\/\/www.ocean4future.org\/savetheocean\/#\/schema\/person\/252d25dcc5c002abcde7b2d4baa78f13"},"headline":"Editoriale 26 aprile: la guerra alla stupidit\u00e0","datePublished":"2026-04-25T22:02:00+00:00","dateModified":"2026-04-26T14:01:12+00:00","mainEntityOfPage":{"@id":"https:\/\/www.ocean4future.org\/savetheocean\/archives\/127975"},"wordCount":1621,"commentCount":0,"publisher":{"@id":"https:\/\/www.ocean4future.org\/savetheocean\/#\/schema\/person\/4e1c26437054353074d7bb2efa77162c"},"image":{"@id":"https:\/\/www.ocean4future.org\/savetheocean\/archives\/127975#primaryimage"},"thumbnailUrl":"https:\/\/www.ocean4future.org\/savetheocean\/wp-content\/uploads\/2026\/04\/Copilot_20260424_214951.png","articleSection":["Editoriale"],"inLanguage":"it-IT","potentialAction":[{"@type":"CommentAction","name":"Comment","target":["https:\/\/www.ocean4future.org\/savetheocean\/archives\/127975#respond"]}]},{"@type":"WebPage","@id":"https:\/\/www.ocean4future.org\/savetheocean\/archives\/127975","url":"https:\/\/www.ocean4future.org\/savetheocean\/archives\/127975","name":"Editoriale 26 aprile: la guerra alla stupidit\u00e0 &#8226; OCEAN4FUTURE autore","isPartOf":{"@id":"https:\/\/www.ocean4future.org\/savetheocean\/#website"},"primaryImageOfPage":{"@id":"https:\/\/www.ocean4future.org\/savetheocean\/archives\/127975#primaryimage"},"image":{"@id":"https:\/\/www.ocean4future.org\/savetheocean\/archives\/127975#primaryimage"},"thumbnailUrl":"https:\/\/www.ocean4future.org\/savetheocean\/wp-content\/uploads\/2026\/04\/Copilot_20260424_214951.png","datePublished":"2026-04-25T22:02:00+00:00","dateModified":"2026-04-26T14:01:12+00:00","breadcrumb":{"@id":"https:\/\/www.ocean4future.org\/savetheocean\/archives\/127975#breadcrumb"},"inLanguage":"it-IT","potentialAction":[{"@type":"ReadAction","target":["https:\/\/www.ocean4future.org\/savetheocean\/archives\/127975"]}]},{"@type":"ImageObject","inLanguage":"it-IT","@id":"https:\/\/www.ocean4future.org\/savetheocean\/archives\/127975#primaryimage","url":"https:\/\/www.ocean4future.org\/savetheocean\/wp-content\/uploads\/2026\/04\/Copilot_20260424_214951.png","contentUrl":"https:\/\/www.ocean4future.org\/savetheocean\/wp-content\/uploads\/2026\/04\/Copilot_20260424_214951.png","width":1024,"height":1536},{"@type":"BreadcrumbList","@id":"https:\/\/www.ocean4future.org\/savetheocean\/archives\/127975#breadcrumb","itemListElement":[{"@type":"ListItem","position":1,"name":"Home","item":"https:\/\/www.ocean4future.org\/savetheocean"},{"@type":"ListItem","position":2,"name":"Editoriale 26 aprile: la guerra alla stupidit\u00e0"}]},{"@type":"WebSite","@id":"https:\/\/www.ocean4future.org\/savetheocean\/#website","url":"https:\/\/www.ocean4future.org\/savetheocean\/","name":"Ocean 4 Future","description":"Per una nuova cultura del mare e della marittimit\u00e0","publisher":{"@id":"https:\/\/www.ocean4future.org\/savetheocean\/#\/schema\/person\/4e1c26437054353074d7bb2efa77162c"},"potentialAction":[{"@type":"SearchAction","target":{"@type":"EntryPoint","urlTemplate":"https:\/\/www.ocean4future.org\/savetheocean\/?s={search_term_string}"},"query-input":{"@type":"PropertyValueSpecification","valueRequired":true,"valueName":"search_term_string"}}],"inLanguage":"it-IT"},{"@type":["Person","Organization"],"@id":"https:\/\/www.ocean4future.org\/savetheocean\/#\/schema\/person\/4e1c26437054353074d7bb2efa77162c","name":"oceandiver","image":{"@type":"ImageObject","inLanguage":"it-IT","@id":"https:\/\/www.ocean4future.org\/savetheocean\/wp-content\/uploads\/2023\/04\/logo-ocean3.jpg","url":"https:\/\/www.ocean4future.org\/savetheocean\/wp-content\/uploads\/2023\/04\/logo-ocean3.jpg","contentUrl":"https:\/\/www.ocean4future.org\/savetheocean\/wp-content\/uploads\/2023\/04\/logo-ocean3.jpg","width":472,"height":301,"caption":"oceandiver"},"logo":{"@id":"https:\/\/www.ocean4future.org\/savetheocean\/wp-content\/uploads\/2023\/04\/logo-ocean3.jpg"}},{"@type":"Person","@id":"https:\/\/www.ocean4future.org\/savetheocean\/#\/schema\/person\/252d25dcc5c002abcde7b2d4baa78f13","name":"Andrea Mucedola","image":{"@type":"ImageObject","inLanguage":"it-IT","@id":"https:\/\/secure.gravatar.com\/avatar\/befc97e7f9e17a6b60a3969a83be976bdb6f8fc3d0b55cb27b11ae85db4b6240?s=96&d=mm&r=g","url":"https:\/\/secure.gravatar.com\/avatar\/befc97e7f9e17a6b60a3969a83be976bdb6f8fc3d0b55cb27b11ae85db4b6240?s=96&d=mm&r=g","contentUrl":"https:\/\/secure.gravatar.com\/avatar\/befc97e7f9e17a6b60a3969a83be976bdb6f8fc3d0b55cb27b11ae85db4b6240?s=96&d=mm&r=g","caption":"Andrea Mucedola"},"description":"ammiraglio della Marina Militare Italiana (riserva), \u00e8 laureato in Scienze Marittime della Difesa presso l\u2019Universit\u00e0 di Pisa ed in Scienze Politiche cum laude all\u2019Universit\u00e0 di Trieste. Analista di Maritime Security, collabora con numerosi Centri di studi e analisi geopolitici italiani ed internazionali. Ricercatore subacqueo scientifico dal 1993, nel 2019, ha ricevuto il Tridente d'oro dell'Accademia delle Scienze e Tecniche Subacquee per la divulgazione della cultura del mare. Fa parte del Comitato scientifico della Fondazione Atlantide e della Scuola internazionale Subacquei scientifici (ISSD - AIOSS).","sameAs":["http:\/\/www.ocean4future.org"],"url":"https:\/\/www.ocean4future.org\/savetheocean\/archives\/author\/andrea-mucedola"}]}},"_links":{"self":[{"href":"https:\/\/www.ocean4future.org\/savetheocean\/wp-json\/wp\/v2\/posts\/127975","targetHints":{"allow":["GET"]}}],"collection":[{"href":"https:\/\/www.ocean4future.org\/savetheocean\/wp-json\/wp\/v2\/posts"}],"about":[{"href":"https:\/\/www.ocean4future.org\/savetheocean\/wp-json\/wp\/v2\/types\/post"}],"author":[{"embeddable":true,"href":"https:\/\/www.ocean4future.org\/savetheocean\/wp-json\/wp\/v2\/users\/2380"}],"replies":[{"embeddable":true,"href":"https:\/\/www.ocean4future.org\/savetheocean\/wp-json\/wp\/v2\/comments?post=127975"}],"version-history":[{"count":23,"href":"https:\/\/www.ocean4future.org\/savetheocean\/wp-json\/wp\/v2\/posts\/127975\/revisions"}],"predecessor-version":[{"id":128095,"href":"https:\/\/www.ocean4future.org\/savetheocean\/wp-json\/wp\/v2\/posts\/127975\/revisions\/128095"}],"wp:featuredmedia":[{"embeddable":true,"href":"https:\/\/www.ocean4future.org\/savetheocean\/wp-json\/wp\/v2\/media\/127979"}],"wp:attachment":[{"href":"https:\/\/www.ocean4future.org\/savetheocean\/wp-json\/wp\/v2\/media?parent=127975"}],"wp:term":[{"taxonomy":"category","embeddable":true,"href":"https:\/\/www.ocean4future.org\/savetheocean\/wp-json\/wp\/v2\/categories?post=127975"},{"taxonomy":"post_tag","embeddable":true,"href":"https:\/\/www.ocean4future.org\/savetheocean\/wp-json\/wp\/v2\/tags?post=127975"}],"curies":[{"name":"wp","href":"https:\/\/api.w.org\/{rel}","templated":true}]}}