{"id":127421,"date":"2026-04-28T00:02:00","date_gmt":"2026-04-27T22:02:00","guid":{"rendered":"https:\/\/www.ocean4future.org\/savetheocean\/?p=127421"},"modified":"2026-04-27T22:17:14","modified_gmt":"2026-04-27T20:17:14","slug":"guerra-ibrida-vs-guerra-asimmetrica","status":"publish","type":"post","link":"https:\/\/www.ocean4future.org\/savetheocean\/archives\/127421","title":{"rendered":"Guerra asimmetrica vs ibrida di Marco Bandioli e Francesco Caldari &#8211; Parte II"},"content":{"rendered":"<span class=\"span-reading-time rt-reading-time\" style=\"display: block;\"><span class=\"rt-label rt-prefix\">tempo di lettura: <\/span> <span class=\"rt-time\"> 8<\/span> <span class=\"rt-label rt-postfix\">minuti<\/span><\/span><p><span style=\"color: #ffffff;\">.<\/span><\/p>\n<a class=\"maxbutton-4 maxbutton maxbutton-livello-di-comprensione\" href=\"javascript:void(0);\"><span class='mb-text'>livello elementare<\/span><\/a>\n<p><span style=\"color: white;\">.<\/span><\/p>\n<p><strong><span style=\"color: green;\">ARGOMENTO: GEOPOLITICA<\/span><\/strong><br \/>\n<strong><span style=\"color: green;\">PERIODO: XXI SECOLO<\/span><\/strong><br \/>\n<strong><span style=\"color: green;\">AREA: MILITARE<\/span><\/strong><br \/>\nparole chiave: Tipologie belliche, guerra asimmetrica, guerra asimmetrica, guerra ibrida<br \/>\n<span style=\"color: #ffffff;\">.<\/span><\/p>\n<p style=\"text-align: justify;\">In prima battuta la \u201c<strong><span style=\"color: #008000;\">guerra non convenzionale<\/span><\/strong>\u201d e la \u201c<strong><span style=\"color: #008000;\">guerra asimmetrica<\/span><\/strong>\u201d possono apparire sinonimi di \u201c<strong><span style=\"color: #008000;\">guerra ibrida<\/span><\/strong>\u201d. In realt\u00e0 la guerra ibrida, pur derivando in parte da quella simmetrica, \u00e8 concettualmente molto diversa in quanto naturale risposta ad una forma particolare di minaccia, definita ibrida che va ben oltre i confini di quella bellica. Per comprendere da dove scaturisce tale concetto \u00e8 necessario andare indietro nel tempo di circa vent\u2019anni quando la\u00a0<strong><span style=\"color: #008000;\">minaccia ibrida<\/span><\/strong>\u00a0venne dottrinalmente definita come l&#8217;insieme delle azioni messe in atto da avversari che \u201c<span style=\"color: #008000;\"><strong><em>possiedono la capacit\u00e0 di impiegare simultaneamente sia mezzi convenzionali che non convenzionali adattandoli al fine di conseguire i loro obiettivi<\/em><\/strong><\/span>\u201d. Una definizione molto ampia che va ad includere a pieno titolo le azioni perpetuate da terroristi e da membri del crimine organizzato, ovvero da coloro che con scopi diversi perseguono attivit\u00e0 a fini di lucro per autofinanziarsi. Una galassia di categorie la cui commistione trova spesso difficile un inquadramento comune. Un esempio classico \u00e8 la <strong><span style=\"color: #008000;\">pirateria<\/span><\/strong> che comporta il sequestro di unit\u00e0 navali ma anche del personale di bordo e dei turisti per ottenere un riscatto. Spesso i malcapitati vengono venduti o barattati, anche a pi\u00f9 riprese, tra le diverse tipologie criminali in cambio di droga, denaro, armi, ma anche &#8230; generi commerciali di interesse di coloro che sono coinvolti. I proventi sono poi rinvestiti sia per il benessere del clan che per scopi politici o terroristici.<\/p>\n<p><img decoding=\"async\" class=\"alignnone size-full wp-image-128100\" src=\"https:\/\/www.ocean4future.org\/savetheocean\/wp-content\/uploads\/2026\/04\/AI-pirateria--e1777215152452.jpg\" alt=\"\" width=\"1200\" height=\"800\" \/><\/p>\n<p style=\"text-align: justify;\">Come accennato nel primo articolo, i primi a percepire lo sviluppo di questo fenomeno furono due ufficiali cinesi, il Colonnello Qiao Liang (Aeronautica Militare) ed il Colonnello Wang Xiangsui (Servizi Segreti Militari), che svilupparono la <strong><span style=\"color: #008000;\">dottrina Liang-Xiangsui<\/span><\/strong>, ovvero la \u201c<em><strong><span style=\"color: #008000;\">Dottrina della guerra asimmetrica senza limiti tra terrorismo e globalizzazione<\/span><\/strong><\/em>\u201d &#8211; 1999, di fatto definendo un nuovo concetto ovvero \u201cguerre non militari\u201d, evidenziate da minacce riconducibili a conflittualit\u00e0 non convenzionali. Successivamente, il concetto venne ripreso ed approfondito sia in campo NATO (\u201c<strong><em><span style=\"color: #008000;\">New Hybrid Threats Doctrine<\/span><\/em><\/strong>\u201d \u2013 2010) che in Russia dal Generale Gerasimov (<a href=\"https:\/\/www.amazon.it\/s?k=dottrina+gerasimov&amp;adgrpid=1225955785045361&amp;hvadid=76622401449918&amp;hvbmt=bp&amp;hvdev=c&amp;hvlocphy=93&amp;hvnetw=o&amp;hvqmt=p&amp;hvtargid=kwd-76622482622763%3Aloc-93&amp;hydadcr=18877_1871704&amp;mcid=c443cbbf68c7355094d4fb3e767bf698&amp;msclkid=dfb52c4f24b314467f3045ad6dddef24&amp;tag=amamitsp-21&amp;ref=pd_sl_2jedd9ifde_p\"><strong><span style=\"color: #008000;\">Dottrina Gerasimov \u2013 2013<\/span><\/strong><\/a>), che evidenziarono la presenza di nuove minacce, definibili <strong><span style=\"color: #008000;\">ibride<\/span><\/strong>, che potevano manifestarsi pericolosamente in varie modalit\u00e0 operative e generare conflitti armati imprevedibili, molto dinamici, asimmetrici e non convenzionali.<\/p>\n<p style=\"text-align: justify;\">La guerra ibrida, che ne deriva, pu\u00f2 essere definita \u201cguerra non lineare\u201d o \u201cguerra ambigua\u201d, in quanto rappresenta una forma di conflitto che inizia e si sviluppa impiegando modalit\u00e0 non tradizionali e talvolta non ben chiare, tra loro spesso diverse dalle ordinarie dottrine di combattimento. Questo caratterizza la forte componente di imprevedibilit\u00e0 che ne deriva, dove le modalit\u00e0 di scontro sul terreno sono superate da azioni condotte su \u201clivelli\u201d diversi, colpendo l&#8217;avversario simultaneamente e facendo ampio ricorso a procedure non convenzionali. Non a caso, anzich\u00e9 impiegare \u201cgrandi unit\u00e0 di manovra\u201d tradizionali, si privilegia l\u2019impiego di \u201cpiccole unit\u00e0\u201d flessibili, mobili e rapide, spesso prive di insegne di riconoscimento o distintivi nazionali. Questo punto \u00e8 critico in quanto personale armato non riconoscibile come militare non \u00e8 protetto dal diritto bellico. Come premesso, il concetto di \u201cGuerra Ibrida\u201d, che deriva dalla minaccia ibrida, si materializz\u00f2 sui mezzi di informazione quando il Generale d\u2019Armata Valerij Gerasimov, Capo di Stato Maggiore della Difesa Generale delle Forze Armate russe, fu incaricato di condurre le forze impiegate in Ucraina in qualit\u00e0 di \u201cesperto di guerra ibrida\u201d.<\/p>\n<p><img decoding=\"async\" class=\"alignnone size-full wp-image-127588\" src=\"https:\/\/www.ocean4future.org\/savetheocean\/wp-content\/uploads\/2026\/04\/guerra-ibrida-AI-.jpg\" alt=\"\" width=\"1200\" height=\"800\" srcset=\"https:\/\/www.ocean4future.org\/savetheocean\/wp-content\/uploads\/2026\/04\/guerra-ibrida-AI-.jpg 1200w, https:\/\/www.ocean4future.org\/savetheocean\/wp-content\/uploads\/2026\/04\/guerra-ibrida-AI--300x200.jpg 300w, https:\/\/www.ocean4future.org\/savetheocean\/wp-content\/uploads\/2026\/04\/guerra-ibrida-AI--1024x683.jpg 1024w, https:\/\/www.ocean4future.org\/savetheocean\/wp-content\/uploads\/2026\/04\/guerra-ibrida-AI--768x512.jpg 768w\" sizes=\"(max-width: 1200px) 100vw, 1200px\" \/><\/p>\n<p style=\"text-align: justify;\"><span style=\"font-size: 20px;\"><strong><span style=\"color: #008000;\">Il pericolo delle operazioni ibride<\/span><\/strong><\/span><br \/>\nOccorre sottolineare ora l\u2019importante differenza, molto ben illustrata nella dottrina Liang-Xiangsui, che intercorre tra le <strong><em><span style=\"color: #008000;\">&#8220;<\/span><\/em><span style=\"color: #008000;\">Operazioni militari diverse dalla guerra&#8221; (MOOTW \u2013 Military Operations Other Than War)<\/span><\/strong> e le <strong><em><span style=\"color: #008000;\">&#8220;<\/span><\/em><span style=\"color: #008000;\">Operazioni di guerra non militari&#8221; (NMWOs \u2013 Non Military War Operations)&#8221;<\/span><\/strong>. Il primo concetto pu\u00f2 essere inteso come la sostanziale ridefinizione di quelle \u201c<strong><span style=\"color: #008000;\">Operazioni militari condotte in un contesto privo di uno stato di guerra<\/span><\/strong>\u201d, quindi al di fuori di una guerra, di un conflitto ufficialmente dichiarato o in una situazione di crisi internazionale. Il secondo concetto invece, le \u201c<strong><span style=\"color: #008000;\">Operazioni di guerra non militari<\/span><\/strong>\u201d, si riferisce ad attivit\u00e0, in alcuni Paesi considerate come veri e propri \u201catti di guerra\u201d, che possono essere gestite sia da governi che da organizzazioni private non governative e quindi \u201cnon militari\u201d, orientate a creare varie forme di destabilizzazione in uno specifico Paese.<\/p>\n<p style=\"text-align: justify;\">\u00a0<img decoding=\"async\" class=\"alignnone size-full wp-image-127589\" src=\"https:\/\/www.ocean4future.org\/savetheocean\/wp-content\/uploads\/2026\/04\/HACKER-GUERRA-IBRIDA-.jpg\" alt=\"\" width=\"1200\" height=\"800\" srcset=\"https:\/\/www.ocean4future.org\/savetheocean\/wp-content\/uploads\/2026\/04\/HACKER-GUERRA-IBRIDA-.jpg 1200w, https:\/\/www.ocean4future.org\/savetheocean\/wp-content\/uploads\/2026\/04\/HACKER-GUERRA-IBRIDA--300x200.jpg 300w, https:\/\/www.ocean4future.org\/savetheocean\/wp-content\/uploads\/2026\/04\/HACKER-GUERRA-IBRIDA--1024x683.jpg 1024w, https:\/\/www.ocean4future.org\/savetheocean\/wp-content\/uploads\/2026\/04\/HACKER-GUERRA-IBRIDA--768x512.jpg 768w\" sizes=\"(max-width: 1200px) 100vw, 1200px\" \/><\/p>\n<p style=\"text-align: justify;\">L&#8217;asimmetria entra nel campo della guerra ibrida anche nella dimensione cibernetica, attraverso l&#8217;asimmetria algoritmica e crittografica che trova spazio nei \u201cSistemi operativi\u201d che gestiscono il \u201cCampo di Battaglia\u201d, attraverso l&#8217;analisi delle banche dati per individuare, identificare e selezionare i comportamenti e tattiche pi\u00f9 adatte e di minor rischio ma anche per ingannare i sistemi decisionali. Nella storia recente, l\u2019impiego di nuclei hacker \u00e8 stato in grado di infliggere malfunzionamenti importanti ad infrastrutture critiche anche in campo navale. In questo caso la risposta non pu\u00f2 che essere analoga, i Paesi hanno dovuto adeguarsi creando nuclei di specialisti di cyber security in una lotta all&#8217;ultimo bit contro gli avversari. Non a caso tra le varie minacce ibride compaiono oggi a pieno titolo la \u201c<strong><span style=\"color: #008000;\">minaccia informatica<\/span><\/strong>\u201d (un insieme di azioni condotte per compromettere la riservatezza, integrit\u00e0 o disponibilit\u00e0 di dati \u2013 Information Security Threat) e la \u201c<strong><span style=\"color: #008000;\">minaccia cibernetica<\/span><\/strong>\u201d (un insieme di condotte illecite che mirano a compromettere assetti digitali, reti internet, reti informatiche e i relativi connessi sistemi per colpire infrastrutture sensibili e strutture di sicurezza di varia natura \u2013 Cyber Threat).<\/p>\n<p style=\"text-align: justify;\"><img decoding=\"async\" class=\"alignnone wp-image-93533\" src=\"https:\/\/www.ocean4future.org\/savetheocean\/wp-content\/uploads\/2019\/09\/cyber-menace-seaside-.jpg\" alt=\"\" width=\"1075\" height=\"622\" srcset=\"https:\/\/www.ocean4future.org\/savetheocean\/wp-content\/uploads\/2019\/09\/cyber-menace-seaside-.jpg 657w, https:\/\/www.ocean4future.org\/savetheocean\/wp-content\/uploads\/2019\/09\/cyber-menace-seaside--300x174.jpg 300w\" sizes=\"(max-width: 1075px) 100vw, 1075px\" \/><\/p>\n<p style=\"text-align: justify;\">Spesso i due concetti tendono a sovrapporsi ma il loro contrasto si identifica nel dominio della <strong><span style=\"color: #008000;\">Cyber-sicurezza<\/span><\/strong>, ovvero l\u2019insieme di tutte quelle attivit\u00e0, procedure e sistemi usati per difendersi da attacchi e sabotaggi informatici (industrie, basi militari, dominio marittimo\u2026), per proteggere i servizi essenziali (energia, trasporti, ospedali\u2026), le infrastrutture critiche, le reti e le banche dati nonch\u00e9 combattere la disinformazione in rete. Pi\u00f9 in generale, queste nuove forme di minaccia e di attacco sono attinenti alla <strong><span style=\"color: #008000;\">Guerra Cibernetica (Cyber Warfare)<\/span><\/strong>, ovvero \u201c<strong><em><span style=\"color: #008000;\">una forma di conflitto condotto da uno Stato, o da strutture organizzate, che utilizza attacchi informatici su larga scala per danneggiare le infrastrutture critiche, le reti o le capacit\u00e0 di difesa di un\u2019altra Nazione<\/span><\/em><\/strong>\u201d. Gli attori principali di queste attivit\u00e0 sono gli hacker, esperti di informatica in grado modificare software ed hardware impiegati sia nell&#8217;<strong><span style=\"color: #008000;\">InfoWar<\/span> <span style=\"color: #008000;\">(Information Warfare)<\/span><\/strong>, per manipolare informazioni al fine di ottenere un vantaggio strategico, utilizzando sia la propaganda mediatica che la disinformazione, resa ancora pi\u00f9 malevola dalla possibilit\u00e0 di diffondere informazioni false, caotiche e contrastanti (<strong><span style=\"color: #008000;\">Total Chaos Warfare<\/span><\/strong>). Emblematico l\u2019impiego della rete anche per attivare sistemi esplosivi a distanza, facendo si che ogni dispositivo pu\u00f2 diventare una potenziale arma per il nemico (ad esempio le esplosioni comandate a distanza di IED (ordigni esplosivi improvvisati) in Afghanistan e in Libano e quelle dei \u201ccercapersone\u201d dei miliziani Hezbollah filo-iraniani nel settembre del 2024). A questo punto la distinzione tra impiego &#8220;civile&#8221; e &#8220;militare&#8221; diviene sempre pi\u00f9 sfuocata e la sicurezza nazionale una sfida che attraversa ogni aspetto della vita quotidiana.<\/p>\n<p><img decoding=\"async\" class=\"alignnone size-full wp-image-127590\" src=\"https:\/\/www.ocean4future.org\/savetheocean\/wp-content\/uploads\/2026\/04\/IED-generato-con-AI-schema-srticolo-.jpg\" alt=\"\" width=\"1200\" height=\"800\" srcset=\"https:\/\/www.ocean4future.org\/savetheocean\/wp-content\/uploads\/2026\/04\/IED-generato-con-AI-schema-srticolo-.jpg 1200w, https:\/\/www.ocean4future.org\/savetheocean\/wp-content\/uploads\/2026\/04\/IED-generato-con-AI-schema-srticolo--300x200.jpg 300w, https:\/\/www.ocean4future.org\/savetheocean\/wp-content\/uploads\/2026\/04\/IED-generato-con-AI-schema-srticolo--1024x683.jpg 1024w, https:\/\/www.ocean4future.org\/savetheocean\/wp-content\/uploads\/2026\/04\/IED-generato-con-AI-schema-srticolo--768x512.jpg 768w\" sizes=\"(max-width: 1200px) 100vw, 1200px\" \/><\/p>\n<p style=\"text-align: justify;\"><span style=\"font-size: 20px;\"><strong><span style=\"color: #008000;\">In conclusione, la guerra asimmetrica \u00e8 passata dall&#8217;essere stata in passato \u201cl&#8217;arma degli arditi\u201d ad una nuova e sofisticata forma di guerra, quella ibrida.<\/span><\/strong><\/span><br \/>\nGli assaltatori italiani dell\u2019ultimo conflitto dimostrarono che la creativit\u00e0 e audacia di pochi potevano contrastare efficacemente e abbattere la supremazia di molti. Nel dopoguerra furono un esempio di come l\u2019obiettivo non era pi\u00f9 il proprio simile (uomo contro uomo) ma la capacit\u00e0 offensiva dell\u2019avversario. Gli &#8220;Uomini contro nave&#8221;, per richiamare gli assaltatori della Regia Marina, si sono evoluti nel tempo, entrando in possesso di sistemi sempre pi\u00f9 evoluti di infiltrazione, sviluppando tecniche poi mutuate anche nel campo delle forze dell\u2019ordine per la caccia ad elementi della criminalit\u00e0 organizzata. Questo sviluppo parallelo ha di fatto creato i presupposti per un cambio dottrinale: una minimizzazione dell&#8217;importanza del fattore\u00a0 numerico a fronte di\u00a0 una variabilit\u00e0 della minaccia che fa si che ad un avversario basta era fortunato una volta sola.<\/p>\n<p><img decoding=\"async\" class=\"alignnone size-full wp-image-67175\" src=\"https:\/\/www.ocean4future.org\/savetheocean\/wp-content\/uploads\/2015\/03\/cropped-1951-gamma-3.jpg\" alt=\"\" width=\"1101\" height=\"271\" srcset=\"https:\/\/www.ocean4future.org\/savetheocean\/wp-content\/uploads\/2015\/03\/cropped-1951-gamma-3.jpg 1101w, https:\/\/www.ocean4future.org\/savetheocean\/wp-content\/uploads\/2015\/03\/cropped-1951-gamma-3-300x74.jpg 300w, https:\/\/www.ocean4future.org\/savetheocean\/wp-content\/uploads\/2015\/03\/cropped-1951-gamma-3-1024x252.jpg 1024w, https:\/\/www.ocean4future.org\/savetheocean\/wp-content\/uploads\/2015\/03\/cropped-1951-gamma-3-768x189.jpg 768w\" sizes=\"(max-width: 1101px) 100vw, 1101px\" \/><\/p>\n<p style=\"text-align: justify;\">In questo contesto senza regole la minaccia asimmetrica viene contrastata a tutto campo grazie allo sviluppo di nuove tecniche che vanno dal mondo reale al <strong><span style=\"color: #008000;\">cyberspace<\/span><\/strong>. Questa capacit\u00e0 di combattere asimmetricamente avversari sempre pi\u00f9 evoluti ha trovato nella guerra ibrida un\u2019evoluzione certo meno eroica di quella originale (dove l\u2019elemento umano era fondamentale) ma sicuramente pi\u00f9 efficace per contrastare un mondo che non ha pi\u00f9 regole, n\u00e9 in guerra n\u00e9 nella lotta alla criminalit\u00e0. Va compreso che la<strong><span style=\"color: #008000;\"> cyberwarfare<\/span> <\/strong>non scende direttamente sul campo di battaglia ma pu\u00f2 influenzare\u00a0 a distanza l\u2019andamento di un conflitto, creando danni infrastrutturali ma anche economici significativi. L&#8217;impiego di mini droni in sciame ha dimostrato di essere in grado di fermare l&#8217;avanzata di truppe che, a differenza dei primi, hanno lasciato sul terreno vite umane. Se vogliamo stiamo assistendo ad un&#8217;evoluzione che supera il limiti etici e morali che gli Stati si erano dati firmando trattati di diritto bellico ed umanitario. L\u2019asimmetria delle forme di lotta entra quindi nella guerra ibrida sostituendo, nella disumanit\u00e0 della guerra, l\u2019umanit\u00e0 dei suoi combattenti ed alimentando la giostra del disordine internazionale. Ma anche questo \u00e8 frutto dei nostri tempi.<\/p>\n<p><strong><span style=\"color: #008000;\">Marco Bandioli\u00a0 Francesco Caldari<\/span><\/strong><\/p>\n<p>immagini generate con l&#8217;AI da OCEAN4FUTURE<\/p>\n<p><strong><span style=\"color: #008000;\">\u00a0<\/span><\/strong><\/p>\n<p style=\"text-align: justify;\"><strong><span style=\"color: #008000;\"><img decoding=\"async\" class=\" wp-image-111050 alignleft\" src=\"https:\/\/www.ocean4future.org\/savetheocean\/wp-content\/uploads\/2024\/11\/marco-bandioli-RID.jpg\" alt=\"\" width=\"212\" height=\"206\" srcset=\"https:\/\/www.ocean4future.org\/savetheocean\/wp-content\/uploads\/2024\/11\/marco-bandioli-RID.jpg 308w, https:\/\/www.ocean4future.org\/savetheocean\/wp-content\/uploads\/2024\/11\/marco-bandioli-RID-300x291.jpg 300w, https:\/\/www.ocean4future.org\/savetheocean\/wp-content\/uploads\/2024\/11\/marco-bandioli-RID-50x50.jpg 50w\" sizes=\"(max-width: 212px) 100vw, 212px\" \/>Marco Bandioli, ammiraglio della riserva della Marina Militare italiana ha al suo attivo lunghi periodi di imbarco nei quali ha partecipato ad operazioni navali, anfibie e di sicurezza marittima, sia in contesti nazionali che multinazionali e\/o NATO. Ha comandato tre unit\u00e0 navali in piena attivit\u00e0 operativa ed \u00e8 stato anche impiegato in ambito Interforze nonch\u00e9 nello staff alle dirette dipendenze del Ministro della Difesa. Ha scritto un manuale di \u201cGuerra anfibia\u201d ad uso dell\u2019Accademia Navale e per la casa editrice IBN un manuale operativo per la difesa antiterrorismo dei porti. Inoltre \u00e8 autore di numerosi articoli, sia a livello strategico che tattico, per diverse riviste di settore, sia istituzionali che di normale divulgazione. In qualit\u00e0 di cintura nera 5\u00b0Dan di karate, e specialista in tecniche di combattimento militare, scrive periodicamente articoli per una organizzazione internazionale di arti marziali<\/span><\/strong><br \/>\n<span style=\"color: #ffffff;\">.<\/span><\/p>\n<p style=\"text-align: justify;\"><strong><span style=\"color: #008000;\"><img decoding=\"async\" class=\" wp-image-123182 alignleft\" src=\"https:\/\/www.ocean4future.org\/savetheocean\/wp-content\/uploads\/2025\/11\/Caldari_Uniforme_mezzo_busto-1-1-e1764061271139.jpg\" alt=\"\" width=\"222\" height=\"255\" \/>Francesco Caldari, G<\/span><span style=\"color: #008000;\">enerale di Brigata (riserva), ha servito per quaranta anni nel servizio permanente effettivo nell\u2019Arma dei carabinieri, ricoprendo incarichi di comando nella organizzazione Mobile (8\u00b0 Battaglione \u201cLazio\u201d &#8211; Roma), in quella Territoriale (Tenenza \/ Compagnia di Acerenza), di Polizia Militare (Compagnia per la Marina Militare presso l\u2019Alto Comando della Spezia) e della Tutela del Segreto (Agenzia di Sicurezza Interregionale CC M.M. La Spezia) nonch\u00e9 in servizio di polizia giudiziaria (Nucleo Investigativo del Comando Provinciale di Genova).\u00c8 stato altres\u00ec impiegato nel contesto di Stato Maggiore (da ultimo quale Ca.SM del Comando Legione \u201cLiguria\u201d in Genova), anche all\u2019estero, come Provost Marshal presso il Quartier Generale di NATO-KFOR (Kosovo Force) a Prishtina\/Pri\u0161tina. Ha seguito numerosi e variegati corsi militari. Gli \u00e8 stata concessa la Medaglia Mauriziana e di Cavaliere della Repubblica. Ha conseguito la laurea triennale in Scienze della Sicurezza (Roma &#8211; Tor Vergata) e quella magistrale in Relazioni Internazionali (Genova), con una tesi sulla &#8220;cooperazione internazionale di polizia&#8221;, argomento sul quale cura un blog ed un podcast. Concluso il servizio attivo si dedica alla sua passione per la storia<\/span><\/strong><\/p>\n<p><span style=\"color: #ffffff;\">.<\/span><\/p>\n<p><a class=\"maxbutton-3 maxbutton maxbutton-pagina-principale\" target=\"_blank\" title=\"tooltip\" rel=\"nofollow noopener\" href=\"http:\/\/www.ocean4future.org\"><span class='mb-text'>PAGINA PRINCIPALE - HOME PAGE<\/span><\/a><br \/>\n<span style=\"color: #ffffff;\">.<\/span><\/p>\n<p>Alcune delle immagini possono essere state prese dal web, citandone ove possibile gli autori e\/o le fonti. Se qualcuno desiderasse specificarne l\u2019autore e le fonti o rimuoverle, pu\u00f2 scrivere a infoocean4future@gmail.com e provvederemo immediatamente alla correzione dell\u2019articolo<\/p>\n<p>&nbsp;<\/p>\n<p><a class=\"maxbutton-13 maxbutton maxbutton-parte-i\" target=\"_blank\" title=\" tooltip\" rel=\"nofollow noopener\" href=\"https:\/\/www.ocean4future.org\/savetheocean\/archives\/127420\"><span class='mb-text'>PARTE I<\/span><\/a> <a class=\"maxbutton-14 maxbutton maxbutton-parte-ii\" target=\"_blank\" title=\" tooltip\" rel=\"nofollow noopener\" href=\"https:\/\/www.ocean4future.org\/savetheocean\/archives\/127421\"><span class='mb-text'>PARTE II<\/span><\/a><br \/>\n<span style=\"color: #ffffff;\">.<\/span><\/p>\n<p><strong><span style=\"color: #008000;\">\u00a0<\/span><\/strong><\/p>\n<p><span style=\"color: #ffffff;\">.<\/span><\/p>\n","protected":false},"excerpt":{"rendered":"<p><span class=\"span-reading-time rt-reading-time\" style=\"display: block;\"><span class=\"rt-label rt-prefix\">tempo di lettura: <\/span> <span class=\"rt-time\"> 8<\/span> <span class=\"rt-label rt-postfix\">minuti<\/span><\/span>. . ARGOMENTO: GEOPOLITICA PERIODO: XXI SECOLO AREA: MILITARE parole chiave: Tipologie belliche, guerra asimmetrica, guerra asimmetrica, guerra ibrida . In prima battuta la \u201cguerra non convenzionale\u201d e la \u201cguerra asimmetrica\u201d possono apparire sinonimi di \u201cguerra ibrida\u201d. In realt\u00e0 la guerra ibrida, pur derivando in parte da quella simmetrica, \u00e8 concettualmente molto diversa in quanto [&hellip;]<\/p>\n","protected":false},"author":2398,"featured_media":128100,"comment_status":"open","ping_status":"open","sticky":false,"template":"","format":"standard","meta":{"_acf_changed":false,"_monsterinsights_skip_tracking":false,"_monsterinsights_sitenote_active":false,"_monsterinsights_sitenote_note":"","_monsterinsights_sitenote_category":0,"footnotes":""},"categories":[1413],"tags":[],"class_list":["post-127421","post","type-post","status-publish","format-standard","has-post-thumbnail","hentry","category-geopolitica"],"acf":[],"yoast_head":"<!-- This site is optimized with the Yoast SEO plugin v27.4 - https:\/\/yoast.com\/product\/yoast-seo-wordpress\/ -->\n<title>Guerra asimmetrica vs ibrida di Marco Bandioli e Francesco Caldari - Parte II &#8226; OCEAN4FUTURE autore<\/title>\n<meta name=\"robots\" content=\"index, follow, max-snippet:-1, max-image-preview:large, max-video-preview:-1\" \/>\n<link rel=\"canonical\" href=\"https:\/\/www.ocean4future.org\/savetheocean\/archives\/127421\" \/>\n<meta property=\"og:locale\" content=\"it_IT\" \/>\n<meta property=\"og:type\" content=\"article\" \/>\n<meta property=\"og:title\" content=\"Guerra asimmetrica vs ibrida di Marco Bandioli e Francesco Caldari - Parte II &#8226; OCEAN4FUTURE autore\" \/>\n<meta property=\"og:description\" content=\"tempo di lettura:  8 minuti. . ARGOMENTO: GEOPOLITICA PERIODO: XXI SECOLO AREA: MILITARE parole chiave: Tipologie belliche, guerra asimmetrica, guerra asimmetrica, guerra ibrida . In prima battuta la \u201cguerra non convenzionale\u201d e la \u201cguerra asimmetrica\u201d possono apparire sinonimi di \u201cguerra ibrida\u201d. In realt\u00e0 la guerra ibrida, pur derivando in parte da quella simmetrica, \u00e8 concettualmente molto diversa in quanto [&hellip;]\" \/>\n<meta property=\"og:url\" content=\"https:\/\/www.ocean4future.org\/savetheocean\/archives\/127421\" \/>\n<meta property=\"og:site_name\" content=\"OCEAN4FUTURE\" \/>\n<meta property=\"article:published_time\" content=\"2026-04-27T22:02:00+00:00\" \/>\n<meta property=\"og:image\" content=\"https:\/\/www.ocean4future.org\/savetheocean\/wp-content\/uploads\/2026\/04\/AI-pirateria--e1777215152452.jpg\" \/>\n\t<meta property=\"og:image:width\" content=\"1200\" \/>\n\t<meta property=\"og:image:height\" content=\"800\" \/>\n\t<meta property=\"og:image:type\" content=\"image\/jpeg\" \/>\n<meta name=\"author\" content=\"Redazione OCEAN4FUTURE\" \/>\n<meta name=\"twitter:card\" content=\"summary_large_image\" \/>\n<meta name=\"twitter:creator\" content=\"@ocean4future\" \/>\n<meta name=\"twitter:site\" content=\"@ocean4future\" \/>\n<meta name=\"twitter:label1\" content=\"Scritto da\" \/>\n\t<meta name=\"twitter:data1\" content=\"Redazione OCEAN4FUTURE\" \/>\n\t<meta name=\"twitter:label2\" content=\"Tempo di lettura stimato\" \/>\n\t<meta name=\"twitter:data2\" content=\"12 minuti\" \/>\n<script type=\"application\/ld+json\" class=\"yoast-schema-graph\">{\"@context\":\"https:\\\/\\\/schema.org\",\"@graph\":[{\"@type\":\"Article\",\"@id\":\"https:\\\/\\\/www.ocean4future.org\\\/savetheocean\\\/archives\\\/127421#article\",\"isPartOf\":{\"@id\":\"https:\\\/\\\/www.ocean4future.org\\\/savetheocean\\\/archives\\\/127421\"},\"author\":{\"name\":\"Redazione OCEAN4FUTURE\",\"@id\":\"https:\\\/\\\/www.ocean4future.org\\\/savetheocean\\\/#\\\/schema\\\/person\\\/ad3962a4283da6a7ba5d2e66f435a340\"},\"headline\":\"Guerra asimmetrica vs ibrida di Marco Bandioli e Francesco Caldari &#8211; Parte II\",\"datePublished\":\"2026-04-27T22:02:00+00:00\",\"mainEntityOfPage\":{\"@id\":\"https:\\\/\\\/www.ocean4future.org\\\/savetheocean\\\/archives\\\/127421\"},\"wordCount\":1921,\"commentCount\":0,\"publisher\":{\"@id\":\"https:\\\/\\\/www.ocean4future.org\\\/savetheocean\\\/#\\\/schema\\\/person\\\/4e1c26437054353074d7bb2efa77162c\"},\"image\":{\"@id\":\"https:\\\/\\\/www.ocean4future.org\\\/savetheocean\\\/archives\\\/127421#primaryimage\"},\"thumbnailUrl\":\"https:\\\/\\\/www.ocean4future.org\\\/savetheocean\\\/wp-content\\\/uploads\\\/2026\\\/04\\\/AI-pirateria--e1777215152452.jpg\",\"articleSection\":[\"Geopolitica e Storia contemporanea\"],\"inLanguage\":\"it-IT\",\"potentialAction\":[{\"@type\":\"CommentAction\",\"name\":\"Comment\",\"target\":[\"https:\\\/\\\/www.ocean4future.org\\\/savetheocean\\\/archives\\\/127421#respond\"]}]},{\"@type\":\"WebPage\",\"@id\":\"https:\\\/\\\/www.ocean4future.org\\\/savetheocean\\\/archives\\\/127421\",\"url\":\"https:\\\/\\\/www.ocean4future.org\\\/savetheocean\\\/archives\\\/127421\",\"name\":\"Guerra asimmetrica vs ibrida di Marco Bandioli e Francesco Caldari - Parte II &#8226; OCEAN4FUTURE autore\",\"isPartOf\":{\"@id\":\"https:\\\/\\\/www.ocean4future.org\\\/savetheocean\\\/#website\"},\"primaryImageOfPage\":{\"@id\":\"https:\\\/\\\/www.ocean4future.org\\\/savetheocean\\\/archives\\\/127421#primaryimage\"},\"image\":{\"@id\":\"https:\\\/\\\/www.ocean4future.org\\\/savetheocean\\\/archives\\\/127421#primaryimage\"},\"thumbnailUrl\":\"https:\\\/\\\/www.ocean4future.org\\\/savetheocean\\\/wp-content\\\/uploads\\\/2026\\\/04\\\/AI-pirateria--e1777215152452.jpg\",\"datePublished\":\"2026-04-27T22:02:00+00:00\",\"breadcrumb\":{\"@id\":\"https:\\\/\\\/www.ocean4future.org\\\/savetheocean\\\/archives\\\/127421#breadcrumb\"},\"inLanguage\":\"it-IT\",\"potentialAction\":[{\"@type\":\"ReadAction\",\"target\":[\"https:\\\/\\\/www.ocean4future.org\\\/savetheocean\\\/archives\\\/127421\"]}]},{\"@type\":\"ImageObject\",\"inLanguage\":\"it-IT\",\"@id\":\"https:\\\/\\\/www.ocean4future.org\\\/savetheocean\\\/archives\\\/127421#primaryimage\",\"url\":\"https:\\\/\\\/www.ocean4future.org\\\/savetheocean\\\/wp-content\\\/uploads\\\/2026\\\/04\\\/AI-pirateria--e1777215152452.jpg\",\"contentUrl\":\"https:\\\/\\\/www.ocean4future.org\\\/savetheocean\\\/wp-content\\\/uploads\\\/2026\\\/04\\\/AI-pirateria--e1777215152452.jpg\",\"width\":1200,\"height\":800},{\"@type\":\"BreadcrumbList\",\"@id\":\"https:\\\/\\\/www.ocean4future.org\\\/savetheocean\\\/archives\\\/127421#breadcrumb\",\"itemListElement\":[{\"@type\":\"ListItem\",\"position\":1,\"name\":\"Home\",\"item\":\"https:\\\/\\\/www.ocean4future.org\\\/savetheocean\"},{\"@type\":\"ListItem\",\"position\":2,\"name\":\"Guerra asimmetrica vs ibrida di Marco Bandioli e Francesco Caldari &#8211; Parte II\"}]},{\"@type\":\"WebSite\",\"@id\":\"https:\\\/\\\/www.ocean4future.org\\\/savetheocean\\\/#website\",\"url\":\"https:\\\/\\\/www.ocean4future.org\\\/savetheocean\\\/\",\"name\":\"Ocean 4 Future\",\"description\":\"Per una nuova cultura del mare e della marittimit\u00e0\",\"publisher\":{\"@id\":\"https:\\\/\\\/www.ocean4future.org\\\/savetheocean\\\/#\\\/schema\\\/person\\\/4e1c26437054353074d7bb2efa77162c\"},\"potentialAction\":[{\"@type\":\"SearchAction\",\"target\":{\"@type\":\"EntryPoint\",\"urlTemplate\":\"https:\\\/\\\/www.ocean4future.org\\\/savetheocean\\\/?s={search_term_string}\"},\"query-input\":{\"@type\":\"PropertyValueSpecification\",\"valueRequired\":true,\"valueName\":\"search_term_string\"}}],\"inLanguage\":\"it-IT\"},{\"@type\":[\"Person\",\"Organization\"],\"@id\":\"https:\\\/\\\/www.ocean4future.org\\\/savetheocean\\\/#\\\/schema\\\/person\\\/4e1c26437054353074d7bb2efa77162c\",\"name\":\"oceandiver\",\"image\":{\"@type\":\"ImageObject\",\"inLanguage\":\"it-IT\",\"@id\":\"https:\\\/\\\/www.ocean4future.org\\\/savetheocean\\\/wp-content\\\/uploads\\\/2023\\\/04\\\/logo-ocean3.jpg\",\"url\":\"https:\\\/\\\/www.ocean4future.org\\\/savetheocean\\\/wp-content\\\/uploads\\\/2023\\\/04\\\/logo-ocean3.jpg\",\"contentUrl\":\"https:\\\/\\\/www.ocean4future.org\\\/savetheocean\\\/wp-content\\\/uploads\\\/2023\\\/04\\\/logo-ocean3.jpg\",\"width\":472,\"height\":301,\"caption\":\"oceandiver\"},\"logo\":{\"@id\":\"https:\\\/\\\/www.ocean4future.org\\\/savetheocean\\\/wp-content\\\/uploads\\\/2023\\\/04\\\/logo-ocean3.jpg\"}},{\"@type\":\"Person\",\"@id\":\"https:\\\/\\\/www.ocean4future.org\\\/savetheocean\\\/#\\\/schema\\\/person\\\/ad3962a4283da6a7ba5d2e66f435a340\",\"name\":\"Redazione OCEAN4FUTURE\",\"image\":{\"@type\":\"ImageObject\",\"inLanguage\":\"it-IT\",\"@id\":\"https:\\\/\\\/secure.gravatar.com\\\/avatar\\\/ba6774c3cc06933a10f7e80f4184a636b9f8fe6f86714a5b2c583173eaf54646?s=96&d=mm&r=g\",\"url\":\"https:\\\/\\\/secure.gravatar.com\\\/avatar\\\/ba6774c3cc06933a10f7e80f4184a636b9f8fe6f86714a5b2c583173eaf54646?s=96&d=mm&r=g\",\"contentUrl\":\"https:\\\/\\\/secure.gravatar.com\\\/avatar\\\/ba6774c3cc06933a10f7e80f4184a636b9f8fe6f86714a5b2c583173eaf54646?s=96&d=mm&r=g\",\"caption\":\"Redazione OCEAN4FUTURE\"},\"description\":\"\u00e8 composta da oltre 60 collaboratori che lavorano in smart working, selezionati tra esperti di settore di diverse discipline. Hanno il compito di\u00a0 selezionare argomenti di particolare interesse, redigendo articoli basati su studi recenti. I contenuti degli stessi restano di responsabilit\u00e0 degli autori che sono ovviamente sempre citati. Eventuali quesiti possono essere inviati alla Redazione (infoocean4future@gmail.com) che, quando possibile, provveder\u00e0 ad inoltrarli agli Autori.\",\"sameAs\":[\"http:\\\/\\\/www.ocean4future.org\"],\"url\":\"https:\\\/\\\/www.ocean4future.org\\\/savetheocean\\\/archives\\\/author\\\/redazione-ocean4future\"}]}<\/script>\n<!-- \/ Yoast SEO plugin. -->","yoast_head_json":{"title":"Guerra asimmetrica vs ibrida di Marco Bandioli e Francesco Caldari - Parte II &#8226; OCEAN4FUTURE autore","robots":{"index":"index","follow":"follow","max-snippet":"max-snippet:-1","max-image-preview":"max-image-preview:large","max-video-preview":"max-video-preview:-1"},"canonical":"https:\/\/www.ocean4future.org\/savetheocean\/archives\/127421","og_locale":"it_IT","og_type":"article","og_title":"Guerra asimmetrica vs ibrida di Marco Bandioli e Francesco Caldari - Parte II &#8226; OCEAN4FUTURE autore","og_description":"tempo di lettura:  8 minuti. . ARGOMENTO: GEOPOLITICA PERIODO: XXI SECOLO AREA: MILITARE parole chiave: Tipologie belliche, guerra asimmetrica, guerra asimmetrica, guerra ibrida . In prima battuta la \u201cguerra non convenzionale\u201d e la \u201cguerra asimmetrica\u201d possono apparire sinonimi di \u201cguerra ibrida\u201d. In realt\u00e0 la guerra ibrida, pur derivando in parte da quella simmetrica, \u00e8 concettualmente molto diversa in quanto [&hellip;]","og_url":"https:\/\/www.ocean4future.org\/savetheocean\/archives\/127421","og_site_name":"OCEAN4FUTURE","article_published_time":"2026-04-27T22:02:00+00:00","og_image":[{"width":1200,"height":800,"url":"https:\/\/www.ocean4future.org\/savetheocean\/wp-content\/uploads\/2026\/04\/AI-pirateria--e1777215152452.jpg","type":"image\/jpeg"}],"author":"Redazione OCEAN4FUTURE","twitter_card":"summary_large_image","twitter_creator":"@ocean4future","twitter_site":"@ocean4future","twitter_misc":{"Scritto da":"Redazione OCEAN4FUTURE","Tempo di lettura stimato":"12 minuti"},"schema":{"@context":"https:\/\/schema.org","@graph":[{"@type":"Article","@id":"https:\/\/www.ocean4future.org\/savetheocean\/archives\/127421#article","isPartOf":{"@id":"https:\/\/www.ocean4future.org\/savetheocean\/archives\/127421"},"author":{"name":"Redazione OCEAN4FUTURE","@id":"https:\/\/www.ocean4future.org\/savetheocean\/#\/schema\/person\/ad3962a4283da6a7ba5d2e66f435a340"},"headline":"Guerra asimmetrica vs ibrida di Marco Bandioli e Francesco Caldari &#8211; Parte II","datePublished":"2026-04-27T22:02:00+00:00","mainEntityOfPage":{"@id":"https:\/\/www.ocean4future.org\/savetheocean\/archives\/127421"},"wordCount":1921,"commentCount":0,"publisher":{"@id":"https:\/\/www.ocean4future.org\/savetheocean\/#\/schema\/person\/4e1c26437054353074d7bb2efa77162c"},"image":{"@id":"https:\/\/www.ocean4future.org\/savetheocean\/archives\/127421#primaryimage"},"thumbnailUrl":"https:\/\/www.ocean4future.org\/savetheocean\/wp-content\/uploads\/2026\/04\/AI-pirateria--e1777215152452.jpg","articleSection":["Geopolitica e Storia contemporanea"],"inLanguage":"it-IT","potentialAction":[{"@type":"CommentAction","name":"Comment","target":["https:\/\/www.ocean4future.org\/savetheocean\/archives\/127421#respond"]}]},{"@type":"WebPage","@id":"https:\/\/www.ocean4future.org\/savetheocean\/archives\/127421","url":"https:\/\/www.ocean4future.org\/savetheocean\/archives\/127421","name":"Guerra asimmetrica vs ibrida di Marco Bandioli e Francesco Caldari - Parte II &#8226; OCEAN4FUTURE autore","isPartOf":{"@id":"https:\/\/www.ocean4future.org\/savetheocean\/#website"},"primaryImageOfPage":{"@id":"https:\/\/www.ocean4future.org\/savetheocean\/archives\/127421#primaryimage"},"image":{"@id":"https:\/\/www.ocean4future.org\/savetheocean\/archives\/127421#primaryimage"},"thumbnailUrl":"https:\/\/www.ocean4future.org\/savetheocean\/wp-content\/uploads\/2026\/04\/AI-pirateria--e1777215152452.jpg","datePublished":"2026-04-27T22:02:00+00:00","breadcrumb":{"@id":"https:\/\/www.ocean4future.org\/savetheocean\/archives\/127421#breadcrumb"},"inLanguage":"it-IT","potentialAction":[{"@type":"ReadAction","target":["https:\/\/www.ocean4future.org\/savetheocean\/archives\/127421"]}]},{"@type":"ImageObject","inLanguage":"it-IT","@id":"https:\/\/www.ocean4future.org\/savetheocean\/archives\/127421#primaryimage","url":"https:\/\/www.ocean4future.org\/savetheocean\/wp-content\/uploads\/2026\/04\/AI-pirateria--e1777215152452.jpg","contentUrl":"https:\/\/www.ocean4future.org\/savetheocean\/wp-content\/uploads\/2026\/04\/AI-pirateria--e1777215152452.jpg","width":1200,"height":800},{"@type":"BreadcrumbList","@id":"https:\/\/www.ocean4future.org\/savetheocean\/archives\/127421#breadcrumb","itemListElement":[{"@type":"ListItem","position":1,"name":"Home","item":"https:\/\/www.ocean4future.org\/savetheocean"},{"@type":"ListItem","position":2,"name":"Guerra asimmetrica vs ibrida di Marco Bandioli e Francesco Caldari &#8211; Parte II"}]},{"@type":"WebSite","@id":"https:\/\/www.ocean4future.org\/savetheocean\/#website","url":"https:\/\/www.ocean4future.org\/savetheocean\/","name":"Ocean 4 Future","description":"Per una nuova cultura del mare e della marittimit\u00e0","publisher":{"@id":"https:\/\/www.ocean4future.org\/savetheocean\/#\/schema\/person\/4e1c26437054353074d7bb2efa77162c"},"potentialAction":[{"@type":"SearchAction","target":{"@type":"EntryPoint","urlTemplate":"https:\/\/www.ocean4future.org\/savetheocean\/?s={search_term_string}"},"query-input":{"@type":"PropertyValueSpecification","valueRequired":true,"valueName":"search_term_string"}}],"inLanguage":"it-IT"},{"@type":["Person","Organization"],"@id":"https:\/\/www.ocean4future.org\/savetheocean\/#\/schema\/person\/4e1c26437054353074d7bb2efa77162c","name":"oceandiver","image":{"@type":"ImageObject","inLanguage":"it-IT","@id":"https:\/\/www.ocean4future.org\/savetheocean\/wp-content\/uploads\/2023\/04\/logo-ocean3.jpg","url":"https:\/\/www.ocean4future.org\/savetheocean\/wp-content\/uploads\/2023\/04\/logo-ocean3.jpg","contentUrl":"https:\/\/www.ocean4future.org\/savetheocean\/wp-content\/uploads\/2023\/04\/logo-ocean3.jpg","width":472,"height":301,"caption":"oceandiver"},"logo":{"@id":"https:\/\/www.ocean4future.org\/savetheocean\/wp-content\/uploads\/2023\/04\/logo-ocean3.jpg"}},{"@type":"Person","@id":"https:\/\/www.ocean4future.org\/savetheocean\/#\/schema\/person\/ad3962a4283da6a7ba5d2e66f435a340","name":"Redazione OCEAN4FUTURE","image":{"@type":"ImageObject","inLanguage":"it-IT","@id":"https:\/\/secure.gravatar.com\/avatar\/ba6774c3cc06933a10f7e80f4184a636b9f8fe6f86714a5b2c583173eaf54646?s=96&d=mm&r=g","url":"https:\/\/secure.gravatar.com\/avatar\/ba6774c3cc06933a10f7e80f4184a636b9f8fe6f86714a5b2c583173eaf54646?s=96&d=mm&r=g","contentUrl":"https:\/\/secure.gravatar.com\/avatar\/ba6774c3cc06933a10f7e80f4184a636b9f8fe6f86714a5b2c583173eaf54646?s=96&d=mm&r=g","caption":"Redazione OCEAN4FUTURE"},"description":"\u00e8 composta da oltre 60 collaboratori che lavorano in smart working, selezionati tra esperti di settore di diverse discipline. Hanno il compito di\u00a0 selezionare argomenti di particolare interesse, redigendo articoli basati su studi recenti. I contenuti degli stessi restano di responsabilit\u00e0 degli autori che sono ovviamente sempre citati. Eventuali quesiti possono essere inviati alla Redazione (infoocean4future@gmail.com) che, quando possibile, provveder\u00e0 ad inoltrarli agli Autori.","sameAs":["http:\/\/www.ocean4future.org"],"url":"https:\/\/www.ocean4future.org\/savetheocean\/archives\/author\/redazione-ocean4future"}]}},"_links":{"self":[{"href":"https:\/\/www.ocean4future.org\/savetheocean\/wp-json\/wp\/v2\/posts\/127421","targetHints":{"allow":["GET"]}}],"collection":[{"href":"https:\/\/www.ocean4future.org\/savetheocean\/wp-json\/wp\/v2\/posts"}],"about":[{"href":"https:\/\/www.ocean4future.org\/savetheocean\/wp-json\/wp\/v2\/types\/post"}],"author":[{"embeddable":true,"href":"https:\/\/www.ocean4future.org\/savetheocean\/wp-json\/wp\/v2\/users\/2398"}],"replies":[{"embeddable":true,"href":"https:\/\/www.ocean4future.org\/savetheocean\/wp-json\/wp\/v2\/comments?post=127421"}],"version-history":[{"count":13,"href":"https:\/\/www.ocean4future.org\/savetheocean\/wp-json\/wp\/v2\/posts\/127421\/revisions"}],"predecessor-version":[{"id":128207,"href":"https:\/\/www.ocean4future.org\/savetheocean\/wp-json\/wp\/v2\/posts\/127421\/revisions\/128207"}],"wp:featuredmedia":[{"embeddable":true,"href":"https:\/\/www.ocean4future.org\/savetheocean\/wp-json\/wp\/v2\/media\/128100"}],"wp:attachment":[{"href":"https:\/\/www.ocean4future.org\/savetheocean\/wp-json\/wp\/v2\/media?parent=127421"}],"wp:term":[{"taxonomy":"category","embeddable":true,"href":"https:\/\/www.ocean4future.org\/savetheocean\/wp-json\/wp\/v2\/categories?post=127421"},{"taxonomy":"post_tag","embeddable":true,"href":"https:\/\/www.ocean4future.org\/savetheocean\/wp-json\/wp\/v2\/tags?post=127421"}],"curies":[{"name":"wp","href":"https:\/\/api.w.org\/{rel}","templated":true}]}}