{"id":124532,"date":"2026-01-14T00:02:00","date_gmt":"2026-01-13T23:02:00","guid":{"rendered":"https:\/\/www.ocean4future.org\/savetheocean\/?p=124532"},"modified":"2026-03-25T18:56:18","modified_gmt":"2026-03-25T17:56:18","slug":"venezuela-un-paese-ferito-dalla-sua-storia","status":"publish","type":"post","link":"https:\/\/www.ocean4future.org\/savetheocean\/archives\/124532","title":{"rendered":"Venezuela, un Paese ferito dalla sua storia"},"content":{"rendered":"<span class=\"span-reading-time rt-reading-time\" style=\"display: block;\"><span class=\"rt-label rt-prefix\">tempo di lettura: <\/span> <span class=\"rt-time\"> 10<\/span> <span class=\"rt-label rt-postfix\">minuti<\/span><\/span><p style=\"text-align: justify;\"><span style=\"color: #ffffff;\">.<\/span><br \/>\n<a class=\"maxbutton-4 maxbutton maxbutton-livello-di-comprensione\" href=\"javascript:void(0);\"><span class='mb-text'>livello elementare<\/span><\/a><br \/>\n<span style=\"color: #ffffff;\">&#8211;<\/span><br \/>\n<span style=\"color: #ffffff;\">.<\/span><br \/>\n<strong><span style=\"color: #008000;\">ARGOMENTO: STORIA CONTEMPORANEA<\/span><\/strong><br \/>\n<strong><span style=\"color: #008000;\">PERIODO: XVII-XXI SECOLO<\/span><\/strong><br \/>\n<strong><span style=\"color: #008000;\">AREA: VENEZUELA<\/span><\/strong><br \/>\nparole chiave: storia, dominazione spagnola, Simone Bolivar, Caudillos, Chavez, Maduro, Hezbollah, Trump<br \/>\n<span style=\"color: #ffffff;\">.<\/span><br \/>\nGli echi dell\u2019intervento statunitense in Venezuela stanno ancora occupando le pagine dei media di tutto il mondo Dopo le parole di fiamma inerenti all\u2019aggressione di un Paese indipendente con l\u2019arresto del suo presidente, sono emersi motivi che hanno spinto un Paese occidentale a compiere azioni di siffatta violenza. Non voglio entrare nella discussione se l\u2019uso della forza sia giustificabile in un altro Paese sovrano, contro il diritto internazionale (di per s\u00e8 consuetudinario), perch\u00e9 la valutazione potrebbe essere ovvia,&nbsp; scivolando nel banale, e non considerare le condizioni di contorno.<\/p>\n<p><img decoding=\"async\" class=\"wp-image-124575 size-full\" src=\"https:\/\/www.ocean4future.org\/savetheocean\/wp-content\/uploads\/2026\/01\/ROSSI-guido05148_29273_military_helicopter_attacking_and_flying_ove_42185c78-37c3-4519-9133-dbbcb54bef82_3.jpg\" alt=\"\" width=\"640\" height=\"480\" srcset=\"https:\/\/www.ocean4future.org\/savetheocean\/wp-content\/uploads\/2026\/01\/ROSSI-guido05148_29273_military_helicopter_attacking_and_flying_ove_42185c78-37c3-4519-9133-dbbcb54bef82_3.jpg 640w, https:\/\/www.ocean4future.org\/savetheocean\/wp-content\/uploads\/2026\/01\/ROSSI-guido05148_29273_military_helicopter_attacking_and_flying_ove_42185c78-37c3-4519-9133-dbbcb54bef82_3-300x225.jpg 300w\" sizes=\"(max-width: 640px) 100vw, 640px\" \/><\/p>\n<p align=\"justify\"><strong><span style=\"color: #008000;\">immagine pittorica realizzata dall&#8217;AI &#8211; credit Guido Alberto Rossi<\/span><\/strong><\/p>\n<p style=\"text-align: justify;\">Come gi\u00e0 previsto in documenti di analisi geopolitiche dei primi anni di questo secolo le potenze dominanti stanno tornando a rinchiudersi in aree di influenza, dove poter pescare le risorse necessarie alla loro sopravvivenza. Per quanto possano essere considerati obsoleti, termini come neo-colonizzazioni si sposano bene per definire ancora azioni iniziate dopo la seconda guerra mondiale in molti paesi del mondo, talvolta con metodi \u201cdemocratici\u201d&nbsp; o con la violenza perpetuata con operazioni &#8220;speciali&#8221;, giustificate da ragioni di sicurezza collettiva. Quello che emerse, alla fine del II millennio, fu che il concetto di esportazione della democrazia aveva causato pi\u00f9 problemi alle popolazioni che il permanere di abitudini non accettabili per la nostra cultura. Parallelamente, se non in simbiosi, la penetrazione sociale, auspicata dalla globalizzazione, comport\u00f2 forse il fallimento maggiore, causando situazioni di povert\u00e0 nei ceti pi\u00f9 bassi e instabilit\u00e0 sociale che sfoci\u00f2 in fenomeni criminali e terroristici.<\/p>\n<p><img decoding=\"async\" class=\"wp-image-124577 size-full\" src=\"https:\/\/www.ocean4future.org\/savetheocean\/wp-content\/uploads\/2026\/01\/China-Africa-Port-Map-FINAL-e1767870037804.jpg\" alt=\"\" width=\"640\" height=\"637\"><\/p>\n<p align=\"justify\"><strong><span style=\"color: #008000;\">la penetrazione cinese in Africa &#8211; da<\/span><\/strong> <a href=\"https:\/\/africacenter.org\/spotlight\/china-port-development-africa\/\">Mapping China\u2019s Strategic Port Development in Africa \u2013 Africa Center<\/a><\/p>\n<p style=\"text-align: justify;\">La penetrazione delle superpotenze nelle economie di Paesi ancora in fase di sviluppo o del terzo mondo hanno comportato e comportano fenomeni di migrazioni di massa, dall\u2019Africa al Sud America, verso Paesi erroneamente considerati capaci di assorbire una pressione demografica maggiore. Un&#8217;arma demografica che spinge masse di disperati verso un mondo solo apparentemente in grado di accoglierli. Questo processo di colonizzazione, avvenuto in maniera pi\u00f9 o meno morbida in Africa (da parte della Cina e della Russia) e nei Paesi ex sovietici e in altre parti del mondo (da parte della Russia) comporta in ogni modo ad un incremento dell\u2019instabilit\u00e0 locale.<\/p>\n<p><img decoding=\"async\" class=\"alignnone size-full wp-image-124578\" src=\"https:\/\/www.ocean4future.org\/savetheocean\/wp-content\/uploads\/2026\/01\/guido05148_29273_two_groups_of_people_doing_a_tug_of_war_with_09ec115c-ad1a-442a-8d89-d9cb9358cc83_0-e1767870277526.png\" alt=\"\" width=\"640\" height=\"640\"><\/p>\n<p style=\"text-align: justify;\"><span style=\"font-size: 24px;\"><strong><span style=\"color: #008000;\">Il Venezuela, un Paese complesso, ferito dalla sua stessa storia<\/span><\/strong><\/span><br \/>\nSebbene considerato uno dei Paesi pi\u00f9 ricchi per le sue risorse al mondo non ha mai risolto i suoi problemi atavici che lo hanno portato al collasso politico, economico e istituzionale del XXI secolo. Dalle ferite della disumana colonizzazione spagnola alla sua dissoluzione aiutata dai principi dell\u2019illuminismo e dalla crisi della monarchia spagnola sconfitta dalle armate napoleoniche, fattori che spinsero sotto la guida carismatica di Sim\u00f3n Bol\u00edvar, il \u201cLibertador\u201d alla guerra d\u2019indipendenza (1810-1823) che port\u00f2 alla liberazione non solo del Venezuela ma anche della Colombia, Ecuador, Per\u00f9 e Bolivia. Ne deriv\u00f2 il sogno della <strong><span style=\"color: #008000;\">Gran Colombia<\/span><\/strong> (composta dagli odierni stati di Venezuela, Colombia, Panama ed Ecuador), un progetto politico che comprendeva le ex colonie spagnole con un sogno irrealizzabile che non teneva conto delle differenze e dei legittimi interessi locali.<\/p>\n<p style=\"text-align: justify;\">Nel 1830 il Venezuela divenne uno Stato indipendente in cui si ebbe un susseguirsi di regimi dittatoriali retti da numerosi \u201ccaudillos\u201d locali che portarono a lunghi periodi di instabilit\u00e0 politica che di fatto costituirono un freno allo sviluppo del paese. Gli unici fattori ricorrenti furono i sogni di <strong><span style=\"color: #008000;\">Simon Bolivar<\/span><\/strong>, per una nazione basata sui concetti di \u201cpatria, sovranit\u00e0 ed anti-imperialismo\u201d, proclami che si ritrovano in Venezuela nei programmi dei diversi caudillos fino ai giorni nostri.<\/p>\n<div class=\"lyte-wrapper fourthree\" style=\"width:420px;max-width:100%;margin:5px;\"><div class=\"lyMe\" id=\"WYL_Wt7EMn3OCsY\"><div id=\"lyte_Wt7EMn3OCsY\" data-src=\"\/\/i.ytimg.com\/vi\/Wt7EMn3OCsY\/hqdefault.jpg\" class=\"pL\"><div class=\"tC\"><div class=\"tT\"><\/div><\/div><div class=\"play\"><\/div><div class=\"ctrl\"><div class=\"Lctrl\"><\/div><div class=\"Rctrl\"><\/div><\/div><\/div><noscript><a href=\"https:\/\/youtu.be\/Wt7EMn3OCsY\" rel=\"nofollow\"><img decoding=\"async\" src=\"https:\/\/i.ytimg.com\/vi\/Wt7EMn3OCsY\/0.jpg\" alt=\"YouTube video thumbnail\" width=\"420\" height=\"295\" \/><br \/>Guarda questo video su YouTube<\/a><\/noscript><\/div><\/div><div class=\"lL\" style=\"max-width:100%;width:420px;margin:5px;\"><\/div><\/p>\n<p style=\"text-align: justify;\">Ma il fattore forse pi\u00f9 destabilizzante per questo grande Paese fu la scoperta, nel 1914, del petrolio, una risorsa che port\u00f2 un iniziale afflusso di capitali che provoc\u00f2 di fatto una rapida trasformazione del paese: da un\u2019impronta rurale ad una veloce urbanizzazione non accompagnata da un\u2019educazione parallela del popolo. In pratica, il Venezuela divent\u00f2 presto completamente dipendente dalle sue esportazioni energetiche senza per\u00f2 avere una effettiva capacit\u00e0 di gestirle.<\/p>\n<p style=\"text-align: justify;\">Tralasciando le varie dittature militari &#8211; tra cui forse la pi\u00f9 importante fu quella di <strong><span style=\"color: #008000;\">Juan Vicente G\u00f3mez<\/span><\/strong> (1908-1935) &#8211; il costo della modernizzazione del Paese fu spesso pagato con la repressione politica. Nel 1958 cadde l\u2019ultima dittatura e fu avviata una democrazia basata sul <strong><span style=\"color: #008000;\">Patto di Punto Fijo<\/span><\/strong>, costruita sul principio dell\u2019alternanza democratica tra i principali partiti. Sebbene in quegli anni apparisse come uno dei paesi pi\u00f9 stabili dell\u2019America latina, in realt\u00e0 il Venezuela soffriva ancora di una povert\u00e0 diffusa dove corruzione e clientelismo ruotavano sulla dipendenza delle vendite di un petrolio che, nonostante la sua abbondanza, non era di grande qualit\u00e0 e necessitava di costi di raffinazione maggiori di quello estratto in altri Paesi.<\/p>\n<p><img decoding=\"async\" class=\"wp-image-124573 size-full\" src=\"https:\/\/www.ocean4future.org\/savetheocean\/wp-content\/uploads\/2026\/01\/Caracazo-e1767870588647.jpg\" alt=\"\" width=\"640\" height=\"501\"><\/p>\n<p align=\"justify\"><strong><span style=\"color: #008000;\">la rivolta popolare di Caracazo &#8211; foto scattata al terminal degli autobus di Guarenas &#8211; Autore Jheremycg<\/span><\/strong> <a href=\"https:\/\/commons.wikimedia.org\/wiki\/File:Caracazo.jpg\">Caracazo.jpg &#8211; Wikimedia Commons<\/a><\/p>\n<p style=\"text-align: justify;\">A seguito della crisi mondiale iniziata nel 1979 in Iran, ovvero a seguito della Rivoluzione contro lo sci\u00e0 Pahlavi, tutto il comparto petrolifero mondiale croll\u00f2. Di conseguenza, la caduta del prezzo del petrolio port\u00f2 il Venezuela ad una crisi devastante, culminata nelle proteste di piazza, represse nel sangue con centinaia o migliaia di morti, ricordate come <strong><span style=\"color: #008000;\">Caracazo<\/span><\/strong>, scoppiate nella citt\u00e0 venezuelana di Guarenas e poi estese a Caracas e alle citt\u00e0 circostanti. Il popolo si ribell\u00f2 alle misure di austerit\u00e0 emesse dal presidente Carlos Andr\u00e9s P\u00e9rez che decise quindi di sospendere temporaneamente i diritti costituzionali dei cittadini, impiegando le forze armate per contrastare le agitazioni popolari.<\/p>\n<div class=\"lyte-wrapper fourthree\" style=\"width:420px;max-width:100%;margin:5px;\"><div class=\"lyMe\" id=\"WYL_fgXbSUV6jsw\"><div id=\"lyte_fgXbSUV6jsw\" data-src=\"\/\/i.ytimg.com\/vi\/fgXbSUV6jsw\/hqdefault.jpg\" class=\"pL\"><div class=\"tC\"><div class=\"tT\"><\/div><\/div><div class=\"play\"><\/div><div class=\"ctrl\"><div class=\"Lctrl\"><\/div><div class=\"Rctrl\"><\/div><\/div><\/div><noscript><a href=\"https:\/\/youtu.be\/fgXbSUV6jsw\" rel=\"nofollow\"><img decoding=\"async\" src=\"https:\/\/i.ytimg.com\/vi\/fgXbSUV6jsw\/0.jpg\" alt=\"YouTube video thumbnail\" width=\"420\" height=\"295\" \/><br \/>Guarda questo video su YouTube<\/a><\/noscript><\/div><\/div><div class=\"lL\" style=\"max-width:100%;width:420px;margin:5px;\"><\/div><\/p>\n<p style=\"text-align: justify;\">Con il senno del poi, queste rivolte furono dovute all\u2019illusione governativa di basare la sopravvivenza del Paese solo sugli utili della debole industria petrolifera. Nel 1992 fu ordito un complotto per eliminare P\u00e9rez, al quale partecip\u00f2 anche un giovane Hugo Ch\u00e1vez. La rivolta non ebbe seguito ma fu il prologo dell&#8217;avvento di una governance che port\u00f2 in seguito al potere Ch\u00e1vez, una figura chiave per comprendere la seguente ascesa di Maduro.&nbsp; Ch\u00e1vez aveva un passato di studi militari e universitari (mai conclusi) e svilupp\u00f2 una dottrina nazionalista di sinistra, definita &#8220;bolivariana&#8221;, che si ispirava alla filosofia panamericanista di Sim\u00f3n Bol\u00edvar, mista ad ideologie comuniste e socialiste (Marx e Lenin) ed ispirazioni rivoluzionarie (Che Guevara e Fidel Castro).&nbsp;<\/p>\n<p style=\"text-align: justify;\"><div class=\"lyte-wrapper fourthree\" style=\"width:420px;max-width:100%;margin:5px;\"><div class=\"lyMe\" id=\"WYL_G6Cm5ZkZ5J8\"><div id=\"lyte_G6Cm5ZkZ5J8\" data-src=\"\/\/i.ytimg.com\/vi\/G6Cm5ZkZ5J8\/hqdefault.jpg\" class=\"pL\"><div class=\"tC\"><div class=\"tT\"><\/div><\/div><div class=\"play\"><\/div><div class=\"ctrl\"><div class=\"Lctrl\"><\/div><div class=\"Rctrl\"><\/div><\/div><\/div><noscript><a href=\"https:\/\/youtu.be\/G6Cm5ZkZ5J8\" rel=\"nofollow\"><img decoding=\"async\" src=\"https:\/\/i.ytimg.com\/vi\/G6Cm5ZkZ5J8\/0.jpg\" alt=\"YouTube video thumbnail\" width=\"420\" height=\"295\" \/><br \/>Guarda questo video su YouTube<\/a><\/noscript><\/div><\/div><div class=\"lL\" style=\"max-width:100%;width:420px;margin:5px;\"><\/div><\/p>\n<p style=\"text-align: justify;\">Di fatto, con l&#8217;elezione di Chavez, nel 1998, termin\u00f2 il sogno di un\u2019alternanza democratica in Venezuela, ed inizi\u00f2 la cosiddetta &#8220;Quinta Repubblica&#8221;, o Rep\u00fablica Bolivariana de Venezuela, con una nuova Costituzione e struttura sociale. Vennero fondate le assemblee di partito locali, chiamate <strong><span style=\"color: #008000;\">circulos bolivarianos<\/span><\/strong>, intese ad &#8220;educare&#8221; il popolo agli sforzi realizzati dal governo per una pi\u00f9 equa ripartizione del reddito a favore delle classi meno abbienti. Un azione di propaganda mirata a livellare il pensiero del popolo per ridurre l&#8217;opposizione. La politica nazionalistica allontan\u00f2 gli investimenti stranieri provocando l\u2019isolamento internazionale e quindi maggiore povert\u00e0 nelle classi pi\u00f9 povere che, nel 2001, proclamarono uno sciopero nazionale seguito da un tentativo di colpo di Stato nell&#8217;aprile del 2002 (fallito). Un ulteriore sciopero nel dicembre dello stesso anno caus\u00f2 la chiusura per due mesi della <strong><span style=\"color: #008000;\">compagnia nazionale petrolifera (PDVSA)<\/span><\/strong> con gravi conseguenze per l&#8217;economia interna. Ciononostante Chavez fu rieletto alla fine del 2006 e nel 2012, anche se con sospetti di brogli e intimazioni. Ch\u00e1vez mor\u00ec il 5 marzo 2013, e fu sostituito dal suo delfino Nicol\u00e1s Maduro, alal fine di elezioni caratterizzate da violente contestazioni.<\/p>\n<p style=\"text-align: justify;\">La figura di Chavez \u00e8 ancor oggi dibattuta; durante il suo governo il tasso di omicidi triplic\u00f2 e Caracas divenne la terza citt\u00e0 pi\u00f9 violenta e corrotta dell&#8217;America Latina. <strong><span style=\"color: #008000;\">Amnesty International<\/span><\/strong> accert\u00f2 numerose vessazioni contro i difensori dei diritti umani e la gravit\u00e0 delle condizioni inumane all&#8217;intern delle carceri. Situazioni, a direi il vero, non diverse dalle precedenti gestioni che mostravano come il potere dei gruppi criminali fosse trasversale e diffuso a livello sociale. In altre parole una dittatura che imponeva il proprio potere grazie a forze militari e di polizia corrotte do regole, talvolta impiegando gruppi terroristici o criminali stranieri come le FARC. Secondo l&#8217;<strong><span style=\"color: #008000;\">International Institute for Strategic Studies (IISS)<\/span><\/strong>, &#8220;<strong><em><span style=\"color: #008000;\">il governo Chavez avrebbe istituito un ufficio delle FARC a Caracas e avrebbe dato loro accesso ai servizi di intelligence del Venezuela<\/span><\/em><\/strong>&#8220;, che avrebbero collaborato durante il tentativo di golpe del 2002 per l\u2019effettuazione di assassinii degli oppositori politici di Chavez. Da documenti di WikiLeaks del 2002 sembrerebbe che esistessero accampamenti FARC in Venezuela e che il Governo avesse richiesto alle alte gerarchie militari di ignorarne la presenza. Nel 2015 l&#8217;ex-guardia del corpo di Ch\u00e1vez, Leamsy Salazar, afferm\u00f2 che Ch\u00e1vez aveva incontrato l&#8217;alto comando delle FARC nel 2007 in Venezuela suggerendo un metodo per farsi rifornire dalle FARC di droga, che veniva trasportata &#8220;dentro mucche vive&#8221;. Chavez ricambiava, si fa per dire, con denaro e armi che servivano per indebolire il presidente colombiano \u00c1lvaro Uribe, suo avversario politico.<\/p>\n<div class=\"lyte-wrapper fourthree\" style=\"width:420px;max-width:100%;margin:5px;\"><div class=\"lyMe\" id=\"WYL_yJSFtcvwRzc\"><div id=\"lyte_yJSFtcvwRzc\" data-src=\"\/\/i.ytimg.com\/vi\/yJSFtcvwRzc\/hqdefault.jpg\" class=\"pL\"><div class=\"tC\"><div class=\"tT\"><\/div><\/div><div class=\"play\"><\/div><div class=\"ctrl\"><div class=\"Lctrl\"><\/div><div class=\"Rctrl\"><\/div><\/div><\/div><noscript><a href=\"https:\/\/youtu.be\/yJSFtcvwRzc\" rel=\"nofollow\"><img decoding=\"async\" src=\"https:\/\/i.ytimg.com\/vi\/yJSFtcvwRzc\/0.jpg\" alt=\"YouTube video thumbnail\" width=\"420\" height=\"295\" \/><br \/>Guarda questo video su YouTube<\/a><\/noscript><\/div><\/div><div class=\"lL\" style=\"max-width:100%;width:420px;margin:5px;\"><\/div><\/p>\n<p style=\"text-align: justify;\">Arriviamo ora a <strong><span style=\"color: #008000;\">Nicolas Maduro<\/span><\/strong>, ex autista di autobus, membro della Lega socialista, diventato dirigente del sindacato fino alla sua elezione all&#8217;assemblea nazionale nel 2000. Entr\u00f2 nei favoriti di Ch\u00e1vez, divenne Ministro degli esteri, dal 2006 al gennaio 2013, e vicepresidente del Venezuela dall&#8217;ottobre 2012 al 5 marzo 2013. Alla morte di Chavez, <strong><span style=\"color: #008000;\">Maduro,<\/span><\/strong> il 19 novembre 2013, assunse con decreto legge la presidenza.<\/p>\n<p style=\"text-align: justify;\">La rottura degli equilibri interni caus\u00f2 un peggioramento dell\u2019economia, causando nuove proteste. Fattore ancora pi\u00f9 preoccupante fu <strong><span style=\"color: #008000;\">l\u2019aumento del crimine, della povert\u00e0 e della penuria di generi alimentari <\/span><\/strong>che provoc\u00f2 nel 2016 nuove e frequenti proteste di piazza che furono represse violentemente. L\u2019opposizione democratica al regime riport\u00f2 casi di assassini, torture e maltrattamenti, inclusi episodi di violenza sessuale ai danni di manifestanti. Un modo brutale per ridurre al silenzio i dissidenti di Maduro, accusato nel 2020 da una commissione dell&#8217;ONU di crimini contro l&#8217;Umanit\u00e0 e passibile di processo presso la Corte penale internazionale de L&#8217;Aja.<\/p>\n<div class=\"lyte-wrapper fourthree\" style=\"width:420px;max-width:100%;margin:5px;\"><div class=\"lyMe\" id=\"WYL_CZ74jrnkleQ\"><div id=\"lyte_CZ74jrnkleQ\" data-src=\"\/\/i.ytimg.com\/vi\/CZ74jrnkleQ\/hqdefault.jpg\" class=\"pL\"><div class=\"tC\"><div class=\"tT\"><\/div><\/div><div class=\"play\"><\/div><div class=\"ctrl\"><div class=\"Lctrl\"><\/div><div class=\"Rctrl\"><\/div><\/div><\/div><noscript><a href=\"https:\/\/youtu.be\/CZ74jrnkleQ\" rel=\"nofollow\"><img decoding=\"async\" src=\"https:\/\/i.ytimg.com\/vi\/CZ74jrnkleQ\/0.jpg\" alt=\"YouTube video thumbnail\" width=\"420\" height=\"295\" \/><br \/>Guarda questo video su YouTube<\/a><\/noscript><\/div><\/div><div class=\"lL\" style=\"max-width:100%;width:420px;margin:5px;\"><\/div><\/p>\n<p>I suoi presunti rapporti con il narcotraffico comportarono nel tempo una taglia sulla sua cattura, salita nell&#8217;ultimo periodo a 50 milioni di dollari da parte della presidenza Trump.<\/p>\n<p style=\"text-align: justify;\">Val la pena per\u00f2 citare anche la sua politica estera, caratterizzata da un&#8217;opposizione all&#8217;Occidente, in particolare agli Stati Uniti, ed un avvicinamento ai BRICS. Tra le amicizie di maggiore importanza i suoi rapporti con l\u2019Iran, gi\u00e0 avviati da Chavez e poi confermati in un incontro ad alto livello tra funzionari iraniani e venezuelani alle Nazioni Unite. Di fatto&nbsp; si gener\u00f2 un allineamento politico sempre pi\u00f9 stretto durante la Conferenza sul Disarmo, ed il 58\u00b0 Consiglio per i Diritti Umani svolto a Ginevra, che port\u00f2 ad un partenariato strategico sempre pi\u00f9 profondo comprendente una stretta cooperazione in ambito energetico, militare e diplomatico.<\/p>\n<p style=\"text-align: justify;\">Analoga collaborazione con la Cina con cui Maduro firm\u00f2 un certo numero di accordi che portarono miliardi di dollari in prestiti in Venezuela. <strong><span style=\"color: #008000;\">Di fatto la Cina \u00e8 oggi il secondo partner commerciale del Venezuela che vi esporta pi\u00f9 di due terzi del suo petrolio.<\/span><\/strong> Secondo il <strong><span style=\"color: #008000;\">Baker Institute<\/span><\/strong>, la Cina cerca di investire in Venezuela per motivi strategici piuttosto che per similitudini ideologiche e da tempo fornisce armamenti per l\u2019Esercito venezuelano &#8211; tra l&#8217;altro impiegati durante le manifestazioni di protesta tra il 2014 e il 2015. La produzione petrolifera venezuelano \u00e8 afflitta da anni sia dalle sanzioni internazionali sia da una cattiva gestione del greggio, aggravata dalla diffusa corruzione. La partnership con l&#8217;Iran offre vantaggi reciproci &#8211; che ripagano soprattutto Teheran &#8211; che ha cos\u00ec ottenuto un punto d&#8217;appoggio economico strategico in America Latina, inclusa la possibilit\u00e0 di sfruttare le infrastrutture portuali per il trasporto di petrolio e merci soggette a procedure di embargo internazionale. Questo dovrebbe spiegare ai non addetti ai lavori la presenza di tante navi ombra che effettuano traffici illegali dai Caraibi all&#8217;Oceano Indiano.<\/p>\n<p><a href=\"https:\/\/www.ocean4future.org\/savetheocean\/wp-content\/uploads\/2026\/01\/Hezbollah_areas_of_operation_and_finance_map-e1767895845426.jpg\"><img decoding=\"async\" class=\"wp-image-124619\" src=\"https:\/\/www.ocean4future.org\/savetheocean\/wp-content\/uploads\/2026\/01\/Hezbollah_areas_of_operation_and_finance_map-e1767895845426.jpg\" alt=\"\" width=\"639\" height=\"382\" srcset=\"https:\/\/www.ocean4future.org\/savetheocean\/wp-content\/uploads\/2026\/01\/Hezbollah_areas_of_operation_and_finance_map-e1767895845426.jpg 621w, https:\/\/www.ocean4future.org\/savetheocean\/wp-content\/uploads\/2026\/01\/Hezbollah_areas_of_operation_and_finance_map-e1767895845426-300x179.jpg 300w\" sizes=\"(max-width: 639px) 100vw, 639px\" \/><\/a><\/p>\n<p align=\"justify\"><span style=\"color: #008000;\"><strong>mappa della presenza di Hezbollah nel mondo &#8211; Fonte Threat Tactics Report: Hizballah (January 2017) Version 1.0 \/TRADOC G-2 ACE Threats Integration &#8211; Autore US Army <a href=\"https:\/\/commons.wikimedia.org\/wiki\/File:Hizballah_areas_of_operation_and_finance_map.tiff\">Hezbollah areas of operation and finance map.tiff &#8211; Wikimedia Commons <\/a><\/strong><\/span><\/p>\n<p style=\"text-align: justify;\">Nell&#8217;ambito dei rapporti reciproci sono stati avviati tra Venezuela ed Iran dei sistemi finanziari alternativi, per ridurre la dipendenza dai sistemi occidentali allo scopo di ridurre l&#8217;impatto delle sanzioni. La cosa pi\u00f9 preoccupante sono per\u00f2 i legami militari cresciuti costantemente, diventando un pilastro fondamentale delle loro relazioni strategiche. In particolare il Venezuela ha potuto acquisire l&#8217;accesso ad attrezzature militari iraniane bypassando le restrizioni internazionali sugli armamenti. Questo ha comportato la realizzazione di un impianto di produzione di droni iraniani presso la base aerea di El Libertador in Venezuela che include sia i droni one shot <strong><span style=\"color: #008000;\">ZAMORA V-1<\/span><\/strong>, (simili ai Shahed-131) ampiamenti visti nei conflitti mediorientali, e l\u2019acquisizione di <strong><span style=\"color: #008000;\">unit\u00e0 veloci lanciamissili classe Zolfaghar<\/span><\/strong>, una variante iraniana dell&#8217;<strong><span style=\"color: #008000;\">IPS-16<\/span><\/strong> nordcoreano progettate per la guerra navale asimmetrica.<\/p>\n<p><img decoding=\"async\" class=\"wp-image-124731 size-full\" src=\"https:\/\/www.ocean4future.org\/savetheocean\/wp-content\/uploads\/2026\/01\/Shamshir_missile_boat_and_Kajami_semi-submersible_craft.jpg\" alt=\"\" width=\"640\" height=\"446\" srcset=\"https:\/\/www.ocean4future.org\/savetheocean\/wp-content\/uploads\/2026\/01\/Shamshir_missile_boat_and_Kajami_semi-submersible_craft.jpg 640w, https:\/\/www.ocean4future.org\/savetheocean\/wp-content\/uploads\/2026\/01\/Shamshir_missile_boat_and_Kajami_semi-submersible_craft-300x209.jpg 300w, https:\/\/www.ocean4future.org\/savetheocean\/wp-content\/uploads\/2026\/01\/Shamshir_missile_boat_and_Kajami_semi-submersible_craft-400x280.jpg 400w\" sizes=\"(max-width: 640px) 100vw, 640px\" \/><\/p>\n<p align=\"justify\"><strong><span style=\"color: #008000;\">Immagine di una unit\u00e0 classe La Combattante, denominata Shamshir, e di un mezzo semisommergibile Taedong-B (chiamato anche Kajami) noto in Iran come Zolfaghar, 2006 &#8211; Autore: Hossein Fatemi&nbsp; &#8211; Fonte: https:\/\/web.archive.org\/web\/20160401141025\/https:\/\/media.farsnews.ir\/Media\/8501\/ImageReports\/8501170180\/1_8501170180_L600.jpg <a href=\"https:\/\/commons.wikimedia.org\/wiki\/File:Shamshir_missile_boat_and_Kajami_semi-submersible_craft.jpg\">Shamshir missile boat and Kajami semi-submersible craft.jpg &#8211; Wikimedia Commons<\/a><\/span><\/strong><\/p>\n<p style=\"text-align: justify;\">In questa collaborazione, pi\u00f9 o meno ufficiale, secondo le fonti aperte, rientra lo scambio di consulenti militari e di sicurezza, per lo pi\u00f9 impiegati per addestrare le forze di polizia e militari locali, in analogia come avviene in molti paesi medio-orientali dove personale della <strong><span style=\"color: #008000;\">Forza Quds<\/span><\/strong> coopera nell&#8217;addestramento e nel supporto delle milizie alleate. Non ultimo, l&#8217;importante presenza di miliziani di Hezbollah, un movimento proxy affiliato all&#8217;Iran, che dal 2002 (ovvero sotto Chavez), hanno accesso alle istituzioni statali venezuelane. Un\u2019infiltrazione che ha permesso l&#8217;espansione di reti legate a Hezbollah in tutta l&#8217;America Latina, estese in Brasile, Argentina e Cile fino al confine tra Stati Uniti e Messico.<\/p>\n<p style=\"text-align: justify;\">A tal riguardo <strong><span style=\"color: #008000;\">Walid Phares<\/span><\/strong>, uno dei maggiori esperti sul movimento Hezbollah, ha riferito a Fox News Digital che il movimento ha una presenza sostanziale in tutto il Venezuela, con elementi di comando e controllo a Caracas. Oltre che nell&#8217;interno del Paese, sembrerebbe che Hezbollah abbia realizzato sull\u2019isola di Margarita un hub logistico per attivit\u00e0 che spaziano da operazioni finanziarie, pi\u00f9 o meno lecite, alla raccolta di informazioni di sicurezza \u2026 fino al \u201cpresunto\u201d traffico di stupefacenti per autofinanziamento. Phares ritiene che \u201c<strong><em><span style=\"color: #008000;\">Ulteriori resoconti pubblici hanno suggerito la cooperazione venezuelana con operazioni iraniane e legate a Hezbollah che prendono di mira i dissidenti iraniani all&#8217;estero, inclusi tentativi di sequestro e campagne intimidatorie nell&#8217;emisfero occidentale<\/span><\/em><\/strong>&#8220;.<\/p>\n<p style=\"text-align: justify;\">In estrema sintesi, una presenza inquietante che ha di certo preoccupato gli Stati Uniti, storico alleato di Israele, per possibili escalation terroristici sul suo territorio da parte di cellule armate. La fine del regime di Maduro, al di l\u00e0 di un duro colpo al narcotraffico verso il CONUS, ridimensiona quindi il pericolo di una infiltrazione di elementi affiliati all\u2019Iran in Venezuela, dando un duro colpo alle &#8220;reti marittime ombra&#8221; coinvolte in traffici illeciti internazionali. Cosa succeder\u00e0 in questo tormentato Paese lo scopriremo nei prossimi mesi.<br \/>\n<strong><span style=\"color: #008000;\">Andrea Mucedola<\/span><\/strong><\/p>\n<p style=\"text-align: justify;\"><span style=\"color: #ffffff;\">.<\/span><br \/>\n<span style=\"font-size: 20px;\"><strong><span style=\"color: #008000;\">Note<\/span><\/strong><\/span><br \/>\n1 La FARC &#8211; EP o Forze Armate Rivoluzionarie della Colombia &#8211; Esercito del Popolo&nbsp;(<span id=\"mwBw\" dir=\"ltr\" lang=\"es\"><i>Fuerzas Armadas Revolucionarias de Colombia &#8211; Ej\u00e9rcito del Pueblo) \u00e8 stata<\/i><\/span> un&#8217;organizzazione guerrigliera comunista colombiana di ispirazione marxista-leninista e bolivariana, nata il 27 maggio 1964. La FARC utilizz\u00f2 i suoi militi in operazioni terroristiche in America Latina, finanziate da rapimenti e riscatti, da estrazioni minerarie illegali,<sup id=\"cite_ref-7\" class=\"mw-ref reference\" data-mw=\"{&quot;name&quot;:&quot;ref&quot;,&quot;attrs&quot;:{},&quot;body&quot;:{&quot;id&quot;:&quot;mw-reference-text-cite_note-7&quot;}}\"><\/sup> da crimini come l&#8217;estorsione ed il narcotraffico. Molti dei loro membri furono incriminati per crimini contro l&#8217;Umanit\u00e0 come il sequestro di persona, l&#8217;omicidio politico, la tortura e violenza sessuale di cittadini sia in Colombia che in altri Stati dell&#8217;America Latina<br \/>\n<span style=\"color: #ffffff;\">.<\/span><sup id=\"cite_ref-9\" class=\"mw-ref reference\" data-mw=\"{&quot;name&quot;:&quot;ref&quot;,&quot;attrs&quot;:{},&quot;body&quot;:{&quot;id&quot;:&quot;mw-reference-text-cite_note-9&quot;}}\"><\/sup><\/p>\n<p style=\"text-align: justify;\"><a class=\"maxbutton-3 maxbutton maxbutton-pagina-principale\" target=\"_blank\" title=\"tooltip\" rel=\"nofollow noopener\" href=\"http:\/\/www.ocean4future.org\"><span class='mb-text'>PAGINA PRINCIPALE - HOME PAGE<\/span><\/a><br \/>\n<span style=\"color: #ffffff;\">.<\/span><br \/>\nAlcune delle immagini presenti possono essere state prese dal web, citandone ove possibile gli autori e\/o le fonti. Se qualcuno desiderasse specificarne l\u2019autore e la fonte o rimuoverle, pu\u00f2 scrivere a infoocean4future@gmail.com e provvederemo immediatamente alla correzione dell\u2019articolo<br \/>\n<span style=\"color: #ffffff;\">.<\/span><\/p>\n","protected":false},"excerpt":{"rendered":"<p><span class=\"span-reading-time rt-reading-time\" style=\"display: block;\"><span class=\"rt-label rt-prefix\">tempo di lettura: <\/span> <span class=\"rt-time\"> 10<\/span> <span class=\"rt-label rt-postfix\">minuti<\/span><\/span>. &#8211; . ARGOMENTO: STORIA CONTEMPORANEA PERIODO: XVII-XXI SECOLO AREA: VENEZUELA parole chiave: storia, dominazione spagnola, Simone Bolivar, Caudillos, Chavez, Maduro, Hezbollah, Trump . Gli echi dell\u2019intervento statunitense in Venezuela stanno ancora occupando le pagine dei media di tutto il mondo Dopo le parole di fiamma inerenti all\u2019aggressione di un Paese indipendente con l\u2019arresto del [&hellip;]<\/p>\n","protected":false},"author":2380,"featured_media":124578,"comment_status":"open","ping_status":"open","sticky":false,"template":"","format":"standard","meta":{"_acf_changed":false,"_monsterinsights_skip_tracking":false,"_monsterinsights_sitenote_active":false,"_monsterinsights_sitenote_note":"","_monsterinsights_sitenote_category":0,"footnotes":""},"categories":[1413],"tags":[],"class_list":["post-124532","post","type-post","status-publish","format-standard","has-post-thumbnail","hentry","category-geopolitica"],"acf":[],"yoast_head":"<!-- This site is optimized with the Yoast SEO plugin v27.4 - https:\/\/yoast.com\/product\/yoast-seo-wordpress\/ -->\n<title>Venezuela, un Paese ferito dalla sua storia &#8226; OCEAN4FUTURE autore<\/title>\n<meta name=\"robots\" content=\"index, follow, max-snippet:-1, max-image-preview:large, max-video-preview:-1\" \/>\n<link rel=\"canonical\" href=\"https:\/\/www.ocean4future.org\/savetheocean\/archives\/124532\" \/>\n<meta property=\"og:locale\" content=\"it_IT\" \/>\n<meta property=\"og:type\" content=\"article\" \/>\n<meta property=\"og:title\" content=\"Venezuela, un Paese ferito dalla sua storia &#8226; OCEAN4FUTURE autore\" \/>\n<meta property=\"og:description\" content=\"tempo di lettura:  10 minuti. &#8211; . ARGOMENTO: STORIA CONTEMPORANEA PERIODO: XVII-XXI SECOLO AREA: VENEZUELA parole chiave: storia, dominazione spagnola, Simone Bolivar, Caudillos, Chavez, Maduro, Hezbollah, Trump . Gli echi dell\u2019intervento statunitense in Venezuela stanno ancora occupando le pagine dei media di tutto il mondo Dopo le parole di fiamma inerenti all\u2019aggressione di un Paese indipendente con l\u2019arresto del [&hellip;]\" \/>\n<meta property=\"og:url\" content=\"https:\/\/www.ocean4future.org\/savetheocean\/archives\/124532\" \/>\n<meta property=\"og:site_name\" content=\"OCEAN4FUTURE\" \/>\n<meta property=\"article:published_time\" content=\"2026-01-13T23:02:00+00:00\" \/>\n<meta property=\"article:modified_time\" content=\"2026-03-25T17:56:18+00:00\" \/>\n<meta property=\"og:image\" content=\"https:\/\/www.ocean4future.org\/savetheocean\/wp-content\/uploads\/2026\/01\/guido05148_29273_two_groups_of_people_doing_a_tug_of_war_with_09ec115c-ad1a-442a-8d89-d9cb9358cc83_0-e1767870277526.png\" \/>\n\t<meta property=\"og:image:width\" content=\"640\" \/>\n\t<meta property=\"og:image:height\" content=\"640\" \/>\n\t<meta property=\"og:image:type\" content=\"image\/png\" \/>\n<meta name=\"author\" content=\"Andrea Mucedola\" \/>\n<meta name=\"twitter:card\" content=\"summary_large_image\" \/>\n<meta name=\"twitter:creator\" content=\"@ocean4future\" \/>\n<meta name=\"twitter:site\" content=\"@ocean4future\" \/>\n<meta name=\"twitter:label1\" content=\"Scritto da\" \/>\n\t<meta name=\"twitter:data1\" content=\"Andrea Mucedola\" \/>\n\t<meta name=\"twitter:label2\" content=\"Tempo di lettura stimato\" \/>\n\t<meta name=\"twitter:data2\" content=\"16 minuti\" \/>\n<script type=\"application\/ld+json\" class=\"yoast-schema-graph\">{\"@context\":\"https:\\\/\\\/schema.org\",\"@graph\":[{\"@type\":\"Article\",\"@id\":\"https:\\\/\\\/www.ocean4future.org\\\/savetheocean\\\/archives\\\/124532#article\",\"isPartOf\":{\"@id\":\"https:\\\/\\\/www.ocean4future.org\\\/savetheocean\\\/archives\\\/124532\"},\"author\":{\"name\":\"Andrea Mucedola\",\"@id\":\"https:\\\/\\\/www.ocean4future.org\\\/savetheocean\\\/#\\\/schema\\\/person\\\/252d25dcc5c002abcde7b2d4baa78f13\"},\"headline\":\"Venezuela, un Paese ferito dalla sua storia\",\"datePublished\":\"2026-01-13T23:02:00+00:00\",\"dateModified\":\"2026-03-25T17:56:18+00:00\",\"mainEntityOfPage\":{\"@id\":\"https:\\\/\\\/www.ocean4future.org\\\/savetheocean\\\/archives\\\/124532\"},\"wordCount\":2682,\"commentCount\":0,\"publisher\":{\"@id\":\"https:\\\/\\\/www.ocean4future.org\\\/savetheocean\\\/#\\\/schema\\\/person\\\/4e1c26437054353074d7bb2efa77162c\"},\"image\":{\"@id\":\"https:\\\/\\\/www.ocean4future.org\\\/savetheocean\\\/archives\\\/124532#primaryimage\"},\"thumbnailUrl\":\"https:\\\/\\\/www.ocean4future.org\\\/savetheocean\\\/wp-content\\\/uploads\\\/2026\\\/01\\\/guido05148_29273_two_groups_of_people_doing_a_tug_of_war_with_09ec115c-ad1a-442a-8d89-d9cb9358cc83_0-e1767870277526.png\",\"articleSection\":[\"Geopolitica e Storia contemporanea\"],\"inLanguage\":\"it-IT\",\"potentialAction\":[{\"@type\":\"CommentAction\",\"name\":\"Comment\",\"target\":[\"https:\\\/\\\/www.ocean4future.org\\\/savetheocean\\\/archives\\\/124532#respond\"]}]},{\"@type\":\"WebPage\",\"@id\":\"https:\\\/\\\/www.ocean4future.org\\\/savetheocean\\\/archives\\\/124532\",\"url\":\"https:\\\/\\\/www.ocean4future.org\\\/savetheocean\\\/archives\\\/124532\",\"name\":\"Venezuela, un Paese ferito dalla sua storia &#8226; OCEAN4FUTURE autore\",\"isPartOf\":{\"@id\":\"https:\\\/\\\/www.ocean4future.org\\\/savetheocean\\\/#website\"},\"primaryImageOfPage\":{\"@id\":\"https:\\\/\\\/www.ocean4future.org\\\/savetheocean\\\/archives\\\/124532#primaryimage\"},\"image\":{\"@id\":\"https:\\\/\\\/www.ocean4future.org\\\/savetheocean\\\/archives\\\/124532#primaryimage\"},\"thumbnailUrl\":\"https:\\\/\\\/www.ocean4future.org\\\/savetheocean\\\/wp-content\\\/uploads\\\/2026\\\/01\\\/guido05148_29273_two_groups_of_people_doing_a_tug_of_war_with_09ec115c-ad1a-442a-8d89-d9cb9358cc83_0-e1767870277526.png\",\"datePublished\":\"2026-01-13T23:02:00+00:00\",\"dateModified\":\"2026-03-25T17:56:18+00:00\",\"breadcrumb\":{\"@id\":\"https:\\\/\\\/www.ocean4future.org\\\/savetheocean\\\/archives\\\/124532#breadcrumb\"},\"inLanguage\":\"it-IT\",\"potentialAction\":[{\"@type\":\"ReadAction\",\"target\":[\"https:\\\/\\\/www.ocean4future.org\\\/savetheocean\\\/archives\\\/124532\"]}]},{\"@type\":\"ImageObject\",\"inLanguage\":\"it-IT\",\"@id\":\"https:\\\/\\\/www.ocean4future.org\\\/savetheocean\\\/archives\\\/124532#primaryimage\",\"url\":\"https:\\\/\\\/www.ocean4future.org\\\/savetheocean\\\/wp-content\\\/uploads\\\/2026\\\/01\\\/guido05148_29273_two_groups_of_people_doing_a_tug_of_war_with_09ec115c-ad1a-442a-8d89-d9cb9358cc83_0-e1767870277526.png\",\"contentUrl\":\"https:\\\/\\\/www.ocean4future.org\\\/savetheocean\\\/wp-content\\\/uploads\\\/2026\\\/01\\\/guido05148_29273_two_groups_of_people_doing_a_tug_of_war_with_09ec115c-ad1a-442a-8d89-d9cb9358cc83_0-e1767870277526.png\",\"width\":640,\"height\":640},{\"@type\":\"BreadcrumbList\",\"@id\":\"https:\\\/\\\/www.ocean4future.org\\\/savetheocean\\\/archives\\\/124532#breadcrumb\",\"itemListElement\":[{\"@type\":\"ListItem\",\"position\":1,\"name\":\"Home\",\"item\":\"https:\\\/\\\/www.ocean4future.org\\\/savetheocean\"},{\"@type\":\"ListItem\",\"position\":2,\"name\":\"Venezuela, un Paese ferito dalla sua storia\"}]},{\"@type\":\"WebSite\",\"@id\":\"https:\\\/\\\/www.ocean4future.org\\\/savetheocean\\\/#website\",\"url\":\"https:\\\/\\\/www.ocean4future.org\\\/savetheocean\\\/\",\"name\":\"Ocean 4 Future\",\"description\":\"Per una nuova cultura del mare e della marittimit\u00e0\",\"publisher\":{\"@id\":\"https:\\\/\\\/www.ocean4future.org\\\/savetheocean\\\/#\\\/schema\\\/person\\\/4e1c26437054353074d7bb2efa77162c\"},\"potentialAction\":[{\"@type\":\"SearchAction\",\"target\":{\"@type\":\"EntryPoint\",\"urlTemplate\":\"https:\\\/\\\/www.ocean4future.org\\\/savetheocean\\\/?s={search_term_string}\"},\"query-input\":{\"@type\":\"PropertyValueSpecification\",\"valueRequired\":true,\"valueName\":\"search_term_string\"}}],\"inLanguage\":\"it-IT\"},{\"@type\":[\"Person\",\"Organization\"],\"@id\":\"https:\\\/\\\/www.ocean4future.org\\\/savetheocean\\\/#\\\/schema\\\/person\\\/4e1c26437054353074d7bb2efa77162c\",\"name\":\"oceandiver\",\"image\":{\"@type\":\"ImageObject\",\"inLanguage\":\"it-IT\",\"@id\":\"https:\\\/\\\/www.ocean4future.org\\\/savetheocean\\\/wp-content\\\/uploads\\\/2023\\\/04\\\/logo-ocean3.jpg\",\"url\":\"https:\\\/\\\/www.ocean4future.org\\\/savetheocean\\\/wp-content\\\/uploads\\\/2023\\\/04\\\/logo-ocean3.jpg\",\"contentUrl\":\"https:\\\/\\\/www.ocean4future.org\\\/savetheocean\\\/wp-content\\\/uploads\\\/2023\\\/04\\\/logo-ocean3.jpg\",\"width\":472,\"height\":301,\"caption\":\"oceandiver\"},\"logo\":{\"@id\":\"https:\\\/\\\/www.ocean4future.org\\\/savetheocean\\\/wp-content\\\/uploads\\\/2023\\\/04\\\/logo-ocean3.jpg\"}},{\"@type\":\"Person\",\"@id\":\"https:\\\/\\\/www.ocean4future.org\\\/savetheocean\\\/#\\\/schema\\\/person\\\/252d25dcc5c002abcde7b2d4baa78f13\",\"name\":\"Andrea Mucedola\",\"image\":{\"@type\":\"ImageObject\",\"inLanguage\":\"it-IT\",\"@id\":\"https:\\\/\\\/secure.gravatar.com\\\/avatar\\\/befc97e7f9e17a6b60a3969a83be976bdb6f8fc3d0b55cb27b11ae85db4b6240?s=96&d=mm&r=g\",\"url\":\"https:\\\/\\\/secure.gravatar.com\\\/avatar\\\/befc97e7f9e17a6b60a3969a83be976bdb6f8fc3d0b55cb27b11ae85db4b6240?s=96&d=mm&r=g\",\"contentUrl\":\"https:\\\/\\\/secure.gravatar.com\\\/avatar\\\/befc97e7f9e17a6b60a3969a83be976bdb6f8fc3d0b55cb27b11ae85db4b6240?s=96&d=mm&r=g\",\"caption\":\"Andrea Mucedola\"},\"description\":\"ammiraglio della Marina Militare Italiana (riserva), \u00e8 laureato in Scienze Marittime della Difesa presso l\u2019Universit\u00e0 di Pisa ed in Scienze Politiche cum laude all\u2019Universit\u00e0 di Trieste. Analista di Maritime Security, collabora con numerosi Centri di studi e analisi geopolitici italiani ed internazionali. Ricercatore subacqueo scientifico dal 1993, nel 2019, ha ricevuto il Tridente d'oro dell'Accademia delle Scienze e Tecniche Subacquee per la divulgazione della cultura del mare. Fa parte del Comitato scientifico della Fondazione Atlantide e della Scuola internazionale Subacquei scientifici (ISSD - AIOSS).\",\"sameAs\":[\"http:\\\/\\\/www.ocean4future.org\"],\"url\":\"https:\\\/\\\/www.ocean4future.org\\\/savetheocean\\\/archives\\\/author\\\/andrea-mucedola\"}]}<\/script>\n<!-- \/ Yoast SEO plugin. -->","yoast_head_json":{"title":"Venezuela, un Paese ferito dalla sua storia &#8226; OCEAN4FUTURE autore","robots":{"index":"index","follow":"follow","max-snippet":"max-snippet:-1","max-image-preview":"max-image-preview:large","max-video-preview":"max-video-preview:-1"},"canonical":"https:\/\/www.ocean4future.org\/savetheocean\/archives\/124532","og_locale":"it_IT","og_type":"article","og_title":"Venezuela, un Paese ferito dalla sua storia &#8226; OCEAN4FUTURE autore","og_description":"tempo di lettura:  10 minuti. &#8211; . ARGOMENTO: STORIA CONTEMPORANEA PERIODO: XVII-XXI SECOLO AREA: VENEZUELA parole chiave: storia, dominazione spagnola, Simone Bolivar, Caudillos, Chavez, Maduro, Hezbollah, Trump . Gli echi dell\u2019intervento statunitense in Venezuela stanno ancora occupando le pagine dei media di tutto il mondo Dopo le parole di fiamma inerenti all\u2019aggressione di un Paese indipendente con l\u2019arresto del [&hellip;]","og_url":"https:\/\/www.ocean4future.org\/savetheocean\/archives\/124532","og_site_name":"OCEAN4FUTURE","article_published_time":"2026-01-13T23:02:00+00:00","article_modified_time":"2026-03-25T17:56:18+00:00","og_image":[{"width":640,"height":640,"url":"https:\/\/www.ocean4future.org\/savetheocean\/wp-content\/uploads\/2026\/01\/guido05148_29273_two_groups_of_people_doing_a_tug_of_war_with_09ec115c-ad1a-442a-8d89-d9cb9358cc83_0-e1767870277526.png","type":"image\/png"}],"author":"Andrea Mucedola","twitter_card":"summary_large_image","twitter_creator":"@ocean4future","twitter_site":"@ocean4future","twitter_misc":{"Scritto da":"Andrea Mucedola","Tempo di lettura stimato":"16 minuti"},"schema":{"@context":"https:\/\/schema.org","@graph":[{"@type":"Article","@id":"https:\/\/www.ocean4future.org\/savetheocean\/archives\/124532#article","isPartOf":{"@id":"https:\/\/www.ocean4future.org\/savetheocean\/archives\/124532"},"author":{"name":"Andrea Mucedola","@id":"https:\/\/www.ocean4future.org\/savetheocean\/#\/schema\/person\/252d25dcc5c002abcde7b2d4baa78f13"},"headline":"Venezuela, un Paese ferito dalla sua storia","datePublished":"2026-01-13T23:02:00+00:00","dateModified":"2026-03-25T17:56:18+00:00","mainEntityOfPage":{"@id":"https:\/\/www.ocean4future.org\/savetheocean\/archives\/124532"},"wordCount":2682,"commentCount":0,"publisher":{"@id":"https:\/\/www.ocean4future.org\/savetheocean\/#\/schema\/person\/4e1c26437054353074d7bb2efa77162c"},"image":{"@id":"https:\/\/www.ocean4future.org\/savetheocean\/archives\/124532#primaryimage"},"thumbnailUrl":"https:\/\/www.ocean4future.org\/savetheocean\/wp-content\/uploads\/2026\/01\/guido05148_29273_two_groups_of_people_doing_a_tug_of_war_with_09ec115c-ad1a-442a-8d89-d9cb9358cc83_0-e1767870277526.png","articleSection":["Geopolitica e Storia contemporanea"],"inLanguage":"it-IT","potentialAction":[{"@type":"CommentAction","name":"Comment","target":["https:\/\/www.ocean4future.org\/savetheocean\/archives\/124532#respond"]}]},{"@type":"WebPage","@id":"https:\/\/www.ocean4future.org\/savetheocean\/archives\/124532","url":"https:\/\/www.ocean4future.org\/savetheocean\/archives\/124532","name":"Venezuela, un Paese ferito dalla sua storia &#8226; OCEAN4FUTURE autore","isPartOf":{"@id":"https:\/\/www.ocean4future.org\/savetheocean\/#website"},"primaryImageOfPage":{"@id":"https:\/\/www.ocean4future.org\/savetheocean\/archives\/124532#primaryimage"},"image":{"@id":"https:\/\/www.ocean4future.org\/savetheocean\/archives\/124532#primaryimage"},"thumbnailUrl":"https:\/\/www.ocean4future.org\/savetheocean\/wp-content\/uploads\/2026\/01\/guido05148_29273_two_groups_of_people_doing_a_tug_of_war_with_09ec115c-ad1a-442a-8d89-d9cb9358cc83_0-e1767870277526.png","datePublished":"2026-01-13T23:02:00+00:00","dateModified":"2026-03-25T17:56:18+00:00","breadcrumb":{"@id":"https:\/\/www.ocean4future.org\/savetheocean\/archives\/124532#breadcrumb"},"inLanguage":"it-IT","potentialAction":[{"@type":"ReadAction","target":["https:\/\/www.ocean4future.org\/savetheocean\/archives\/124532"]}]},{"@type":"ImageObject","inLanguage":"it-IT","@id":"https:\/\/www.ocean4future.org\/savetheocean\/archives\/124532#primaryimage","url":"https:\/\/www.ocean4future.org\/savetheocean\/wp-content\/uploads\/2026\/01\/guido05148_29273_two_groups_of_people_doing_a_tug_of_war_with_09ec115c-ad1a-442a-8d89-d9cb9358cc83_0-e1767870277526.png","contentUrl":"https:\/\/www.ocean4future.org\/savetheocean\/wp-content\/uploads\/2026\/01\/guido05148_29273_two_groups_of_people_doing_a_tug_of_war_with_09ec115c-ad1a-442a-8d89-d9cb9358cc83_0-e1767870277526.png","width":640,"height":640},{"@type":"BreadcrumbList","@id":"https:\/\/www.ocean4future.org\/savetheocean\/archives\/124532#breadcrumb","itemListElement":[{"@type":"ListItem","position":1,"name":"Home","item":"https:\/\/www.ocean4future.org\/savetheocean"},{"@type":"ListItem","position":2,"name":"Venezuela, un Paese ferito dalla sua storia"}]},{"@type":"WebSite","@id":"https:\/\/www.ocean4future.org\/savetheocean\/#website","url":"https:\/\/www.ocean4future.org\/savetheocean\/","name":"Ocean 4 Future","description":"Per una nuova cultura del mare e della marittimit\u00e0","publisher":{"@id":"https:\/\/www.ocean4future.org\/savetheocean\/#\/schema\/person\/4e1c26437054353074d7bb2efa77162c"},"potentialAction":[{"@type":"SearchAction","target":{"@type":"EntryPoint","urlTemplate":"https:\/\/www.ocean4future.org\/savetheocean\/?s={search_term_string}"},"query-input":{"@type":"PropertyValueSpecification","valueRequired":true,"valueName":"search_term_string"}}],"inLanguage":"it-IT"},{"@type":["Person","Organization"],"@id":"https:\/\/www.ocean4future.org\/savetheocean\/#\/schema\/person\/4e1c26437054353074d7bb2efa77162c","name":"oceandiver","image":{"@type":"ImageObject","inLanguage":"it-IT","@id":"https:\/\/www.ocean4future.org\/savetheocean\/wp-content\/uploads\/2023\/04\/logo-ocean3.jpg","url":"https:\/\/www.ocean4future.org\/savetheocean\/wp-content\/uploads\/2023\/04\/logo-ocean3.jpg","contentUrl":"https:\/\/www.ocean4future.org\/savetheocean\/wp-content\/uploads\/2023\/04\/logo-ocean3.jpg","width":472,"height":301,"caption":"oceandiver"},"logo":{"@id":"https:\/\/www.ocean4future.org\/savetheocean\/wp-content\/uploads\/2023\/04\/logo-ocean3.jpg"}},{"@type":"Person","@id":"https:\/\/www.ocean4future.org\/savetheocean\/#\/schema\/person\/252d25dcc5c002abcde7b2d4baa78f13","name":"Andrea Mucedola","image":{"@type":"ImageObject","inLanguage":"it-IT","@id":"https:\/\/secure.gravatar.com\/avatar\/befc97e7f9e17a6b60a3969a83be976bdb6f8fc3d0b55cb27b11ae85db4b6240?s=96&d=mm&r=g","url":"https:\/\/secure.gravatar.com\/avatar\/befc97e7f9e17a6b60a3969a83be976bdb6f8fc3d0b55cb27b11ae85db4b6240?s=96&d=mm&r=g","contentUrl":"https:\/\/secure.gravatar.com\/avatar\/befc97e7f9e17a6b60a3969a83be976bdb6f8fc3d0b55cb27b11ae85db4b6240?s=96&d=mm&r=g","caption":"Andrea Mucedola"},"description":"ammiraglio della Marina Militare Italiana (riserva), \u00e8 laureato in Scienze Marittime della Difesa presso l\u2019Universit\u00e0 di Pisa ed in Scienze Politiche cum laude all\u2019Universit\u00e0 di Trieste. Analista di Maritime Security, collabora con numerosi Centri di studi e analisi geopolitici italiani ed internazionali. Ricercatore subacqueo scientifico dal 1993, nel 2019, ha ricevuto il Tridente d'oro dell'Accademia delle Scienze e Tecniche Subacquee per la divulgazione della cultura del mare. Fa parte del Comitato scientifico della Fondazione Atlantide e della Scuola internazionale Subacquei scientifici (ISSD - AIOSS).","sameAs":["http:\/\/www.ocean4future.org"],"url":"https:\/\/www.ocean4future.org\/savetheocean\/archives\/author\/andrea-mucedola"}]}},"_links":{"self":[{"href":"https:\/\/www.ocean4future.org\/savetheocean\/wp-json\/wp\/v2\/posts\/124532","targetHints":{"allow":["GET"]}}],"collection":[{"href":"https:\/\/www.ocean4future.org\/savetheocean\/wp-json\/wp\/v2\/posts"}],"about":[{"href":"https:\/\/www.ocean4future.org\/savetheocean\/wp-json\/wp\/v2\/types\/post"}],"author":[{"embeddable":true,"href":"https:\/\/www.ocean4future.org\/savetheocean\/wp-json\/wp\/v2\/users\/2380"}],"replies":[{"embeddable":true,"href":"https:\/\/www.ocean4future.org\/savetheocean\/wp-json\/wp\/v2\/comments?post=124532"}],"version-history":[{"count":1,"href":"https:\/\/www.ocean4future.org\/savetheocean\/wp-json\/wp\/v2\/posts\/124532\/revisions"}],"predecessor-version":[{"id":126846,"href":"https:\/\/www.ocean4future.org\/savetheocean\/wp-json\/wp\/v2\/posts\/124532\/revisions\/126846"}],"wp:featuredmedia":[{"embeddable":true,"href":"https:\/\/www.ocean4future.org\/savetheocean\/wp-json\/wp\/v2\/media\/124578"}],"wp:attachment":[{"href":"https:\/\/www.ocean4future.org\/savetheocean\/wp-json\/wp\/v2\/media?parent=124532"}],"wp:term":[{"taxonomy":"category","embeddable":true,"href":"https:\/\/www.ocean4future.org\/savetheocean\/wp-json\/wp\/v2\/categories?post=124532"},{"taxonomy":"post_tag","embeddable":true,"href":"https:\/\/www.ocean4future.org\/savetheocean\/wp-json\/wp\/v2\/tags?post=124532"}],"curies":[{"name":"wp","href":"https:\/\/api.w.org\/{rel}","templated":true}]}}