{"id":124009,"date":"2026-01-03T00:02:00","date_gmt":"2026-01-02T23:02:00","guid":{"rendered":"https:\/\/www.ocean4future.org\/savetheocean\/?p=124009"},"modified":"2026-03-25T18:58:31","modified_gmt":"2026-03-25T17:58:31","slug":"la-storia-del-rimorchiatore-luni","status":"publish","type":"post","link":"https:\/\/www.ocean4future.org\/savetheocean\/archives\/124009","title":{"rendered":"La storia del rimorchiatore Luni"},"content":{"rendered":"<span class=\"span-reading-time rt-reading-time\" style=\"display: block;\"><span class=\"rt-label rt-prefix\">tempo di lettura: <\/span> <span class=\"rt-time\"> 4<\/span> <span class=\"rt-label rt-postfix\">minuti<\/span><\/span><p><span style=\"color: #ffffff;\">.<\/span><\/p>\n<a class=\"maxbutton-4 maxbutton maxbutton-livello-di-comprensione\" href=\"javascript:void(0);\"><span class='mb-text'>livello elementare<\/span><\/a>\n<p><span style=\"color: #ffffff;\">.<\/span><\/p>\n<p><strong><span style=\"color: #008000;\">ARGOMENTO: STORIA NAVALE<\/span><\/strong><\/p>\n<p><strong><span style=\"color: #008000;\">PERIODO: XIX SECOLO<\/span><\/strong><\/p>\n<p><strong><span style=\"color: #008000;\">AREA: UNITA&#8217; NAVALI MINORI<\/span><\/strong><\/p>\n<p>parole chiave: Luni, rimorchiatore<\/p>\n<p><span style=\"color: #ffffff;\">.<\/span><\/p>\n<p style=\"text-align: justify;\">Nel XIX secolo, finch\u00e9 rimasero in attivit\u00e0 le navi a vela, il servizio di rimorchio a vapore era importantissimo sia che si trattasse del loro semplice spostamento in porto, sia che permettesse di superare un periodo di bonaccia. In qualche caso i piroscafi rimorchiatori avevano l\u2019incarico di schierare le navi di linea di fronte a quelle avversarie o alle batterie costiere e poi si ritiravano velocemente lasciandole ad affrontare il combattimento.<\/p>\n<p style=\"text-align: justify;\"><strong><span style=\"color: #008000;\"><img decoding=\"async\" class=\"alignnone size-full wp-image-124039\" src=\"https:\/\/www.ocean4future.org\/savetheocean\/wp-content\/uploads\/2026\/01\/evangelista-rimorch.-Luni-1.png\" alt=\"\" width=\"798\" height=\"626\" srcset=\"https:\/\/www.ocean4future.org\/savetheocean\/wp-content\/uploads\/2026\/01\/evangelista-rimorch.-Luni-1.png 798w, https:\/\/www.ocean4future.org\/savetheocean\/wp-content\/uploads\/2026\/01\/evangelista-rimorch.-Luni-1-300x235.png 300w, https:\/\/www.ocean4future.org\/savetheocean\/wp-content\/uploads\/2026\/01\/evangelista-rimorch.-Luni-1-768x602.png 768w\" sizes=\"(max-width: 798px) 100vw, 798px\" \/><\/span><\/strong><\/p>\n<p style=\"text-align: justify;\">Il rimorchiatore non doveva avere caratteristiche particolari: qualunque nave poteva andare bene e bastava che bruciasse il suo carbone per supplire in un attimo a secoli di esperienza e abilit\u00e0 di comandanti ed equipaggi nell\u2019affrontare i capricci atmosferici.<br \/>\nInizialmente la Regia Marina adib\u00ec in questi compiti spesso, dopo il 1860, un ammasso disordinato di navi ereditate dalla marina siciliana; erano soprattutto trasporti, grandi e piccoli, in mediocri condizioni e da escludersi per qualsiasi impiego operativo ma potevano sempre rimorchiare un\u2019altra nave.<\/p>\n<p style=\"text-align: justify;\">L\u2019unica eccezione fu il rimorchiatore <strong><span style=\"color: #008000;\">Luni<\/span><\/strong>, costruito come tale dalla marina sarda nel Cantiere della Foce di Genova, un&#8217;\u201copera giovanile\u201d di quel <strong><span style=\"color: #008000;\">Felice Mattei<\/span> <\/strong>che poi sarebbe diventato <strong><span style=\"color: #008000;\">I<\/span><span style=\"color: #008000;\">spettore Generale del Genio Navale<\/span><\/strong>. Secondo gli standard dei tempi non era un piroscafo trascurabile: aveva scafo in legno e un dislocamento di circa 150 tonnellate; la lunghezza era di 29,59 metri, la larghezza di 5,02 e l\u2019immersione di 1,21. Lo scafo fu costruito dai cantieri della Foce mentre la macchina, da 60 o 40 HP secondo le fonti, era stata interamente progettata e costruita dall\u2019Ansaldo di Sampierdarena sotto la supervisione di <strong><span style=\"color: #008000;\">Luigi Orlando<\/span><\/strong>. In alcuni periodi figura armato con due cannoni da 80 e con una velatura ausiliaria a vele quadre su due alberi.<\/p>\n<p style=\"text-align: justify;\">Fu una nave ben riuscita: la Regia Marina lo apprezz\u00f2 molto e la sua attivit\u00e0 fu intensa. Possiamo dire paradossalmente che, anche se per un solo attimo, assunse il rango della nave pi\u00f9 preziosa della flotta quando, nella notte sul 30 luglio 1862, nell\u2019arsenale di Genova scoppi\u00f2 un violentissimo incendio nel fabbricato delle velerie, presto estesosi a quelli contigui. Mentre tutti i pompieri del comune, della marina e dell\u2019esercito erano intenti a fronteggiare le fiamme, si temeva che il forte vento avrebbe portato le scintille verso la vicina Darsena dove si trovavano stipate molte navi in disarmo e impossibilitate a muoversi. Fu il Luni, che fortunatamente aveva le macchine in pressione, a intervenire e, con continue manovre, riusc\u00ec a portare fuori pericolo la f<strong><span style=\"color: #008000;\">regata Carlo Alberto, la corvetta Monzambano, il trasporto Tanaro e altre unit\u00e0<\/span><\/strong>.<\/p>\n<p style=\"text-align: justify;\"><strong><span style=\"color: #008000;\"><img decoding=\"async\" class=\"alignnone size-full wp-image-124038\" src=\"https:\/\/www.ocean4future.org\/savetheocean\/wp-content\/uploads\/2026\/01\/rimorchiatore-Luni-02.png\" alt=\"\" width=\"821\" height=\"435\" srcset=\"https:\/\/www.ocean4future.org\/savetheocean\/wp-content\/uploads\/2026\/01\/rimorchiatore-Luni-02.png 821w, https:\/\/www.ocean4future.org\/savetheocean\/wp-content\/uploads\/2026\/01\/rimorchiatore-Luni-02-300x159.png 300w, https:\/\/www.ocean4future.org\/savetheocean\/wp-content\/uploads\/2026\/01\/rimorchiatore-Luni-02-768x407.png 768w\" sizes=\"(max-width: 821px) 100vw, 821px\" \/><\/span><\/strong><\/p>\n<p style=\"text-align: justify;\">Dopo l\u2019infelice spedizione di Giuseppe Garibaldi nel 1862, bloccata in Aspromonte, <strong><span style=\"color: #008000;\">la fregata Duca di Genova<\/span><\/strong> trasport\u00f2 in Liguria gli arrestati: sbarc\u00f2 il generale al Varignano e prosegu\u00ec per Genova fermandosi al largo dove l\u2019aspettava il Luni su cui trasbord\u00f2 i suoi compagni di avventura che furono sbarcati alla Lanterna e poi condotti a Pinerolo.<\/p>\n<p style=\"text-align: justify;\"><strong><span style=\"color: #008000;\"><img decoding=\"async\" class=\"alignnone size-full wp-image-124037\" src=\"https:\/\/www.ocean4future.org\/savetheocean\/wp-content\/uploads\/2026\/01\/rimorchiatore-Luni-03.png\" alt=\"\" width=\"807\" height=\"391\" srcset=\"https:\/\/www.ocean4future.org\/savetheocean\/wp-content\/uploads\/2026\/01\/rimorchiatore-Luni-03.png 807w, https:\/\/www.ocean4future.org\/savetheocean\/wp-content\/uploads\/2026\/01\/rimorchiatore-Luni-03-300x145.png 300w, https:\/\/www.ocean4future.org\/savetheocean\/wp-content\/uploads\/2026\/01\/rimorchiatore-Luni-03-768x372.png 768w, https:\/\/www.ocean4future.org\/savetheocean\/wp-content\/uploads\/2026\/01\/rimorchiatore-Luni-03-680x330.png 680w\" sizes=\"(max-width: 807px) 100vw, 807px\" \/><\/span><\/strong><br \/>\nLa successiva vita del Luni trascorse tutta nell\u2019ambito del 1\u00b0 Dipartimento. La Rivista Marittima del 1870 in una relazione sulle attivit\u00e0 del flotta scrive \u201c<strong><em><span style=\"color: #008000;\">traffica fra Genova e La Spezia<\/span><\/em><\/strong>\u201d, un modo di esprimersi poco militare ma appropriato perch\u00e9 sottintende l\u2019operosa attivit\u00e0 svolta \u201cdietro le quinte\u201d della nave.<\/p>\n<p style=\"text-align: justify;\"><strong><span style=\"color: #008000;\"><img decoding=\"async\" class=\" wp-image-124036 alignleft\" src=\"https:\/\/www.ocean4future.org\/savetheocean\/wp-content\/uploads\/2026\/01\/rimorchiatore-luni-04.png\" alt=\"\" width=\"625\" height=\"887\" srcset=\"https:\/\/www.ocean4future.org\/savetheocean\/wp-content\/uploads\/2026\/01\/rimorchiatore-luni-04.png 426w, https:\/\/www.ocean4future.org\/savetheocean\/wp-content\/uploads\/2026\/01\/rimorchiatore-luni-04-211x300.png 211w\" sizes=\"(max-width: 625px) 100vw, 625px\" \/><\/span><\/strong>Nel 1872, al comando del <strong><span style=\"color: #008000;\">Tenente di vascello Di Palma<\/span><\/strong>, scandagli\u00f2 il Tirreno in vista della posa del cavo telegrafico sottomarino fra Civitavecchia e Terranova (attuale Olbia). Svolse anche crociere di vigilanza pesca nel Tirreno. Nel 1878 fu scelto per sperimentare il carbone sardo estratto a Baku Abis. Ne deriv\u00f2 un fumo denso, oleoso e nero che rese necessario sostituire le tubature della macchina.&nbsp;Forse fu il primo ma non l\u2019ultimo dei deludenti esperimenti di questo genere eseguiti per affrancarsi quanto possibile dal carbone Newcastle, che furono ripetuti con zelo degno di miglior causa nonostante i risultati costantemente negativi. La nave prest\u00f2 servizio fino al 1903 e il suo nome fu assegnato pi\u00f9 tardi a un rimorchiatore d\u2019altura, il cui nome \u00e8 assai pi\u00f9 noto a causa della sua tragica fine durante la seconda guerra mondiale. Pur con molti dubbi, questa potrebbe essere l\u2019unica immagine esistente del rimorchiatore Luni &#8211; Acquerello di Paolo Domenico Cambiaso.<\/p>\n<p><strong><span style=\"color: #008000;\">Guglielmo Evangelista &nbsp;&nbsp;<br \/>\n<\/span><\/strong><\/p>\n<p><span style=\"color: #ffffff;\">.<\/span><\/p>\n<a class=\"maxbutton-3 maxbutton maxbutton-pagina-principale\" target=\"_blank\" title=\"tooltip\" rel=\"nofollow noopener\" href=\"http:\/\/www.ocean4future.org\"><span class='mb-text'>PAGINA PRINCIPALE - HOME PAGE<\/span><\/a>\n<p><span style=\"color: #ffffff;\">.<\/span><\/p>\n<p style=\"text-align: justify;\">Alcune delle immagini presenti possono essere state prese dal web, citandone ove possibile gli autori e\/o le fonti. Se qualcuno desiderasse specificarne l\u2019autore e la fonte o rimuoverle, pu\u00f2 scrivere a infoocean4future@gmail.com e provvederemo immediatamente alla correzione dell\u2019articolo<\/p>\n<p><span style=\"color: #ffffff;\">.<\/span><\/p>\n<p><strong><span style=\"color: #008000;\">&nbsp;<\/span><\/strong><\/p>\n","protected":false},"excerpt":{"rendered":"<p><span class=\"span-reading-time rt-reading-time\" style=\"display: block;\"><span class=\"rt-label rt-prefix\">tempo di lettura: <\/span> <span class=\"rt-time\"> 4<\/span> <span class=\"rt-label rt-postfix\">minuti<\/span><\/span>. . ARGOMENTO: STORIA NAVALE PERIODO: XIX SECOLO AREA: UNITA&#8217; NAVALI MINORI parole chiave: Luni, rimorchiatore . Nel XIX secolo, finch\u00e9 rimasero in attivit\u00e0 le navi a vela, il servizio di rimorchio a vapore era importantissimo sia che si trattasse del loro semplice spostamento in porto, sia che permettesse di superare un periodo di bonaccia. [&hellip;]<\/p>\n","protected":false},"author":2428,"featured_media":124039,"comment_status":"open","ping_status":"open","sticky":false,"template":"","format":"standard","meta":{"_acf_changed":false,"_monsterinsights_skip_tracking":false,"_monsterinsights_sitenote_active":false,"_monsterinsights_sitenote_note":"","_monsterinsights_sitenote_category":0,"footnotes":""},"categories":[2431],"tags":[],"class_list":["post-124009","post","type-post","status-publish","format-standard","has-post-thumbnail","hentry","category-storia"],"acf":[],"yoast_head":"<!-- This site is optimized with the Yoast SEO plugin v27.4 - https:\/\/yoast.com\/product\/yoast-seo-wordpress\/ -->\n<title>La storia del rimorchiatore Luni &#8226; OCEAN4FUTURE autore<\/title>\n<meta name=\"robots\" content=\"index, follow, max-snippet:-1, max-image-preview:large, max-video-preview:-1\" \/>\n<link rel=\"canonical\" href=\"https:\/\/www.ocean4future.org\/savetheocean\/archives\/124009\" \/>\n<meta property=\"og:locale\" content=\"it_IT\" \/>\n<meta property=\"og:type\" content=\"article\" \/>\n<meta property=\"og:title\" content=\"La storia del rimorchiatore Luni &#8226; OCEAN4FUTURE autore\" \/>\n<meta property=\"og:description\" content=\"tempo di lettura:  4 minuti. . ARGOMENTO: STORIA NAVALE PERIODO: XIX SECOLO AREA: UNITA&#8217; NAVALI MINORI parole chiave: Luni, rimorchiatore . Nel XIX secolo, finch\u00e9 rimasero in attivit\u00e0 le navi a vela, il servizio di rimorchio a vapore era importantissimo sia che si trattasse del loro semplice spostamento in porto, sia che permettesse di superare un periodo di bonaccia. [&hellip;]\" \/>\n<meta property=\"og:url\" content=\"https:\/\/www.ocean4future.org\/savetheocean\/archives\/124009\" \/>\n<meta property=\"og:site_name\" content=\"OCEAN4FUTURE\" \/>\n<meta property=\"article:published_time\" content=\"2026-01-02T23:02:00+00:00\" \/>\n<meta property=\"article:modified_time\" content=\"2026-03-25T17:58:31+00:00\" \/>\n<meta property=\"og:image\" content=\"https:\/\/www.ocean4future.org\/savetheocean\/wp-content\/uploads\/2026\/01\/evangelista-rimorch.-Luni-1.png\" \/>\n\t<meta property=\"og:image:width\" content=\"798\" \/>\n\t<meta property=\"og:image:height\" content=\"626\" \/>\n\t<meta property=\"og:image:type\" content=\"image\/png\" \/>\n<meta name=\"author\" content=\"Guglielmo Evangelista\" \/>\n<meta name=\"twitter:card\" content=\"summary_large_image\" \/>\n<meta name=\"twitter:creator\" content=\"@ocean4future\" \/>\n<meta name=\"twitter:site\" content=\"@ocean4future\" \/>\n<meta name=\"twitter:label1\" content=\"Scritto da\" \/>\n\t<meta name=\"twitter:data1\" content=\"Guglielmo Evangelista\" \/>\n\t<meta name=\"twitter:label2\" content=\"Tempo di lettura stimato\" \/>\n\t<meta name=\"twitter:data2\" content=\"5 minuti\" \/>\n<script type=\"application\/ld+json\" class=\"yoast-schema-graph\">{\"@context\":\"https:\\\/\\\/schema.org\",\"@graph\":[{\"@type\":\"Article\",\"@id\":\"https:\\\/\\\/www.ocean4future.org\\\/savetheocean\\\/archives\\\/124009#article\",\"isPartOf\":{\"@id\":\"https:\\\/\\\/www.ocean4future.org\\\/savetheocean\\\/archives\\\/124009\"},\"author\":{\"name\":\"Guglielmo Evangelista\",\"@id\":\"https:\\\/\\\/www.ocean4future.org\\\/savetheocean\\\/#\\\/schema\\\/person\\\/3dd16465e3eca75b65ae959225362b71\"},\"headline\":\"La storia del rimorchiatore Luni\",\"datePublished\":\"2026-01-02T23:02:00+00:00\",\"dateModified\":\"2026-03-25T17:58:31+00:00\",\"mainEntityOfPage\":{\"@id\":\"https:\\\/\\\/www.ocean4future.org\\\/savetheocean\\\/archives\\\/124009\"},\"wordCount\":760,\"commentCount\":0,\"publisher\":{\"@id\":\"https:\\\/\\\/www.ocean4future.org\\\/savetheocean\\\/#\\\/schema\\\/person\\\/4e1c26437054353074d7bb2efa77162c\"},\"image\":{\"@id\":\"https:\\\/\\\/www.ocean4future.org\\\/savetheocean\\\/archives\\\/124009#primaryimage\"},\"thumbnailUrl\":\"https:\\\/\\\/www.ocean4future.org\\\/savetheocean\\\/wp-content\\\/uploads\\\/2026\\\/01\\\/evangelista-rimorch.-Luni-1.png\",\"articleSection\":[\"Storia\"],\"inLanguage\":\"it-IT\",\"potentialAction\":[{\"@type\":\"CommentAction\",\"name\":\"Comment\",\"target\":[\"https:\\\/\\\/www.ocean4future.org\\\/savetheocean\\\/archives\\\/124009#respond\"]}]},{\"@type\":\"WebPage\",\"@id\":\"https:\\\/\\\/www.ocean4future.org\\\/savetheocean\\\/archives\\\/124009\",\"url\":\"https:\\\/\\\/www.ocean4future.org\\\/savetheocean\\\/archives\\\/124009\",\"name\":\"La storia del rimorchiatore Luni &#8226; OCEAN4FUTURE autore\",\"isPartOf\":{\"@id\":\"https:\\\/\\\/www.ocean4future.org\\\/savetheocean\\\/#website\"},\"primaryImageOfPage\":{\"@id\":\"https:\\\/\\\/www.ocean4future.org\\\/savetheocean\\\/archives\\\/124009#primaryimage\"},\"image\":{\"@id\":\"https:\\\/\\\/www.ocean4future.org\\\/savetheocean\\\/archives\\\/124009#primaryimage\"},\"thumbnailUrl\":\"https:\\\/\\\/www.ocean4future.org\\\/savetheocean\\\/wp-content\\\/uploads\\\/2026\\\/01\\\/evangelista-rimorch.-Luni-1.png\",\"datePublished\":\"2026-01-02T23:02:00+00:00\",\"dateModified\":\"2026-03-25T17:58:31+00:00\",\"breadcrumb\":{\"@id\":\"https:\\\/\\\/www.ocean4future.org\\\/savetheocean\\\/archives\\\/124009#breadcrumb\"},\"inLanguage\":\"it-IT\",\"potentialAction\":[{\"@type\":\"ReadAction\",\"target\":[\"https:\\\/\\\/www.ocean4future.org\\\/savetheocean\\\/archives\\\/124009\"]}]},{\"@type\":\"ImageObject\",\"inLanguage\":\"it-IT\",\"@id\":\"https:\\\/\\\/www.ocean4future.org\\\/savetheocean\\\/archives\\\/124009#primaryimage\",\"url\":\"https:\\\/\\\/www.ocean4future.org\\\/savetheocean\\\/wp-content\\\/uploads\\\/2026\\\/01\\\/evangelista-rimorch.-Luni-1.png\",\"contentUrl\":\"https:\\\/\\\/www.ocean4future.org\\\/savetheocean\\\/wp-content\\\/uploads\\\/2026\\\/01\\\/evangelista-rimorch.-Luni-1.png\",\"width\":798,\"height\":626},{\"@type\":\"BreadcrumbList\",\"@id\":\"https:\\\/\\\/www.ocean4future.org\\\/savetheocean\\\/archives\\\/124009#breadcrumb\",\"itemListElement\":[{\"@type\":\"ListItem\",\"position\":1,\"name\":\"Home\",\"item\":\"https:\\\/\\\/www.ocean4future.org\\\/savetheocean\"},{\"@type\":\"ListItem\",\"position\":2,\"name\":\"La storia del rimorchiatore Luni\"}]},{\"@type\":\"WebSite\",\"@id\":\"https:\\\/\\\/www.ocean4future.org\\\/savetheocean\\\/#website\",\"url\":\"https:\\\/\\\/www.ocean4future.org\\\/savetheocean\\\/\",\"name\":\"Ocean 4 Future\",\"description\":\"Per una nuova cultura del mare e della marittimit\u00e0\",\"publisher\":{\"@id\":\"https:\\\/\\\/www.ocean4future.org\\\/savetheocean\\\/#\\\/schema\\\/person\\\/4e1c26437054353074d7bb2efa77162c\"},\"potentialAction\":[{\"@type\":\"SearchAction\",\"target\":{\"@type\":\"EntryPoint\",\"urlTemplate\":\"https:\\\/\\\/www.ocean4future.org\\\/savetheocean\\\/?s={search_term_string}\"},\"query-input\":{\"@type\":\"PropertyValueSpecification\",\"valueRequired\":true,\"valueName\":\"search_term_string\"}}],\"inLanguage\":\"it-IT\"},{\"@type\":[\"Person\",\"Organization\"],\"@id\":\"https:\\\/\\\/www.ocean4future.org\\\/savetheocean\\\/#\\\/schema\\\/person\\\/4e1c26437054353074d7bb2efa77162c\",\"name\":\"oceandiver\",\"image\":{\"@type\":\"ImageObject\",\"inLanguage\":\"it-IT\",\"@id\":\"https:\\\/\\\/www.ocean4future.org\\\/savetheocean\\\/wp-content\\\/uploads\\\/2023\\\/04\\\/logo-ocean3.jpg\",\"url\":\"https:\\\/\\\/www.ocean4future.org\\\/savetheocean\\\/wp-content\\\/uploads\\\/2023\\\/04\\\/logo-ocean3.jpg\",\"contentUrl\":\"https:\\\/\\\/www.ocean4future.org\\\/savetheocean\\\/wp-content\\\/uploads\\\/2023\\\/04\\\/logo-ocean3.jpg\",\"width\":472,\"height\":301,\"caption\":\"oceandiver\"},\"logo\":{\"@id\":\"https:\\\/\\\/www.ocean4future.org\\\/savetheocean\\\/wp-content\\\/uploads\\\/2023\\\/04\\\/logo-ocean3.jpg\"}},{\"@type\":\"Person\",\"@id\":\"https:\\\/\\\/www.ocean4future.org\\\/savetheocean\\\/#\\\/schema\\\/person\\\/3dd16465e3eca75b65ae959225362b71\",\"name\":\"Guglielmo Evangelista\",\"image\":{\"@type\":\"ImageObject\",\"inLanguage\":\"it-IT\",\"@id\":\"https:\\\/\\\/secure.gravatar.com\\\/avatar\\\/8543fae321a3a9d0dc4969a44c25b3990d365743f80a3573c9993c240078027b?s=96&d=mm&r=g\",\"url\":\"https:\\\/\\\/secure.gravatar.com\\\/avatar\\\/8543fae321a3a9d0dc4969a44c25b3990d365743f80a3573c9993c240078027b?s=96&d=mm&r=g\",\"contentUrl\":\"https:\\\/\\\/secure.gravatar.com\\\/avatar\\\/8543fae321a3a9d0dc4969a44c25b3990d365743f80a3573c9993c240078027b?s=96&d=mm&r=g\",\"caption\":\"Guglielmo Evangelista\"},\"description\":\"nasce a Broni (PV) nel 1951. Laureato in giurisprudenza \u00e8 stato ufficiale delle Capitanerie di Porto e successivamente funzionario di un Ente Pubblico. Ha al suo attivo nove libri fra cui \u201cStoria delle Capitanerie di porto\u201d , \u201cDuemila anni di navigazione padana\u201d e \u201cLe ancore e la tiara \u2013 La Marina Pontificia fra Restaurazione e Risorgimento\u201d ed oltre 400 articoli che riguardano storia, economia e trasporti. Collabora con numerosi periodici specializzati fra cui la Rivista Marittima\u201d.\",\"url\":\"https:\\\/\\\/www.ocean4future.org\\\/savetheocean\\\/archives\\\/author\\\/guglielmo-evangelista\"}]}<\/script>\n<!-- \/ Yoast SEO plugin. -->","yoast_head_json":{"title":"La storia del rimorchiatore Luni &#8226; OCEAN4FUTURE autore","robots":{"index":"index","follow":"follow","max-snippet":"max-snippet:-1","max-image-preview":"max-image-preview:large","max-video-preview":"max-video-preview:-1"},"canonical":"https:\/\/www.ocean4future.org\/savetheocean\/archives\/124009","og_locale":"it_IT","og_type":"article","og_title":"La storia del rimorchiatore Luni &#8226; OCEAN4FUTURE autore","og_description":"tempo di lettura:  4 minuti. . ARGOMENTO: STORIA NAVALE PERIODO: XIX SECOLO AREA: UNITA&#8217; NAVALI MINORI parole chiave: Luni, rimorchiatore . Nel XIX secolo, finch\u00e9 rimasero in attivit\u00e0 le navi a vela, il servizio di rimorchio a vapore era importantissimo sia che si trattasse del loro semplice spostamento in porto, sia che permettesse di superare un periodo di bonaccia. [&hellip;]","og_url":"https:\/\/www.ocean4future.org\/savetheocean\/archives\/124009","og_site_name":"OCEAN4FUTURE","article_published_time":"2026-01-02T23:02:00+00:00","article_modified_time":"2026-03-25T17:58:31+00:00","og_image":[{"width":798,"height":626,"url":"https:\/\/www.ocean4future.org\/savetheocean\/wp-content\/uploads\/2026\/01\/evangelista-rimorch.-Luni-1.png","type":"image\/png"}],"author":"Guglielmo Evangelista","twitter_card":"summary_large_image","twitter_creator":"@ocean4future","twitter_site":"@ocean4future","twitter_misc":{"Scritto da":"Guglielmo Evangelista","Tempo di lettura stimato":"5 minuti"},"schema":{"@context":"https:\/\/schema.org","@graph":[{"@type":"Article","@id":"https:\/\/www.ocean4future.org\/savetheocean\/archives\/124009#article","isPartOf":{"@id":"https:\/\/www.ocean4future.org\/savetheocean\/archives\/124009"},"author":{"name":"Guglielmo Evangelista","@id":"https:\/\/www.ocean4future.org\/savetheocean\/#\/schema\/person\/3dd16465e3eca75b65ae959225362b71"},"headline":"La storia del rimorchiatore Luni","datePublished":"2026-01-02T23:02:00+00:00","dateModified":"2026-03-25T17:58:31+00:00","mainEntityOfPage":{"@id":"https:\/\/www.ocean4future.org\/savetheocean\/archives\/124009"},"wordCount":760,"commentCount":0,"publisher":{"@id":"https:\/\/www.ocean4future.org\/savetheocean\/#\/schema\/person\/4e1c26437054353074d7bb2efa77162c"},"image":{"@id":"https:\/\/www.ocean4future.org\/savetheocean\/archives\/124009#primaryimage"},"thumbnailUrl":"https:\/\/www.ocean4future.org\/savetheocean\/wp-content\/uploads\/2026\/01\/evangelista-rimorch.-Luni-1.png","articleSection":["Storia"],"inLanguage":"it-IT","potentialAction":[{"@type":"CommentAction","name":"Comment","target":["https:\/\/www.ocean4future.org\/savetheocean\/archives\/124009#respond"]}]},{"@type":"WebPage","@id":"https:\/\/www.ocean4future.org\/savetheocean\/archives\/124009","url":"https:\/\/www.ocean4future.org\/savetheocean\/archives\/124009","name":"La storia del rimorchiatore Luni &#8226; OCEAN4FUTURE autore","isPartOf":{"@id":"https:\/\/www.ocean4future.org\/savetheocean\/#website"},"primaryImageOfPage":{"@id":"https:\/\/www.ocean4future.org\/savetheocean\/archives\/124009#primaryimage"},"image":{"@id":"https:\/\/www.ocean4future.org\/savetheocean\/archives\/124009#primaryimage"},"thumbnailUrl":"https:\/\/www.ocean4future.org\/savetheocean\/wp-content\/uploads\/2026\/01\/evangelista-rimorch.-Luni-1.png","datePublished":"2026-01-02T23:02:00+00:00","dateModified":"2026-03-25T17:58:31+00:00","breadcrumb":{"@id":"https:\/\/www.ocean4future.org\/savetheocean\/archives\/124009#breadcrumb"},"inLanguage":"it-IT","potentialAction":[{"@type":"ReadAction","target":["https:\/\/www.ocean4future.org\/savetheocean\/archives\/124009"]}]},{"@type":"ImageObject","inLanguage":"it-IT","@id":"https:\/\/www.ocean4future.org\/savetheocean\/archives\/124009#primaryimage","url":"https:\/\/www.ocean4future.org\/savetheocean\/wp-content\/uploads\/2026\/01\/evangelista-rimorch.-Luni-1.png","contentUrl":"https:\/\/www.ocean4future.org\/savetheocean\/wp-content\/uploads\/2026\/01\/evangelista-rimorch.-Luni-1.png","width":798,"height":626},{"@type":"BreadcrumbList","@id":"https:\/\/www.ocean4future.org\/savetheocean\/archives\/124009#breadcrumb","itemListElement":[{"@type":"ListItem","position":1,"name":"Home","item":"https:\/\/www.ocean4future.org\/savetheocean"},{"@type":"ListItem","position":2,"name":"La storia del rimorchiatore Luni"}]},{"@type":"WebSite","@id":"https:\/\/www.ocean4future.org\/savetheocean\/#website","url":"https:\/\/www.ocean4future.org\/savetheocean\/","name":"Ocean 4 Future","description":"Per una nuova cultura del mare e della marittimit\u00e0","publisher":{"@id":"https:\/\/www.ocean4future.org\/savetheocean\/#\/schema\/person\/4e1c26437054353074d7bb2efa77162c"},"potentialAction":[{"@type":"SearchAction","target":{"@type":"EntryPoint","urlTemplate":"https:\/\/www.ocean4future.org\/savetheocean\/?s={search_term_string}"},"query-input":{"@type":"PropertyValueSpecification","valueRequired":true,"valueName":"search_term_string"}}],"inLanguage":"it-IT"},{"@type":["Person","Organization"],"@id":"https:\/\/www.ocean4future.org\/savetheocean\/#\/schema\/person\/4e1c26437054353074d7bb2efa77162c","name":"oceandiver","image":{"@type":"ImageObject","inLanguage":"it-IT","@id":"https:\/\/www.ocean4future.org\/savetheocean\/wp-content\/uploads\/2023\/04\/logo-ocean3.jpg","url":"https:\/\/www.ocean4future.org\/savetheocean\/wp-content\/uploads\/2023\/04\/logo-ocean3.jpg","contentUrl":"https:\/\/www.ocean4future.org\/savetheocean\/wp-content\/uploads\/2023\/04\/logo-ocean3.jpg","width":472,"height":301,"caption":"oceandiver"},"logo":{"@id":"https:\/\/www.ocean4future.org\/savetheocean\/wp-content\/uploads\/2023\/04\/logo-ocean3.jpg"}},{"@type":"Person","@id":"https:\/\/www.ocean4future.org\/savetheocean\/#\/schema\/person\/3dd16465e3eca75b65ae959225362b71","name":"Guglielmo Evangelista","image":{"@type":"ImageObject","inLanguage":"it-IT","@id":"https:\/\/secure.gravatar.com\/avatar\/8543fae321a3a9d0dc4969a44c25b3990d365743f80a3573c9993c240078027b?s=96&d=mm&r=g","url":"https:\/\/secure.gravatar.com\/avatar\/8543fae321a3a9d0dc4969a44c25b3990d365743f80a3573c9993c240078027b?s=96&d=mm&r=g","contentUrl":"https:\/\/secure.gravatar.com\/avatar\/8543fae321a3a9d0dc4969a44c25b3990d365743f80a3573c9993c240078027b?s=96&d=mm&r=g","caption":"Guglielmo Evangelista"},"description":"nasce a Broni (PV) nel 1951. Laureato in giurisprudenza \u00e8 stato ufficiale delle Capitanerie di Porto e successivamente funzionario di un Ente Pubblico. Ha al suo attivo nove libri fra cui \u201cStoria delle Capitanerie di porto\u201d , \u201cDuemila anni di navigazione padana\u201d e \u201cLe ancore e la tiara \u2013 La Marina Pontificia fra Restaurazione e Risorgimento\u201d ed oltre 400 articoli che riguardano storia, economia e trasporti. Collabora con numerosi periodici specializzati fra cui la Rivista Marittima\u201d.","url":"https:\/\/www.ocean4future.org\/savetheocean\/archives\/author\/guglielmo-evangelista"}]}},"_links":{"self":[{"href":"https:\/\/www.ocean4future.org\/savetheocean\/wp-json\/wp\/v2\/posts\/124009","targetHints":{"allow":["GET"]}}],"collection":[{"href":"https:\/\/www.ocean4future.org\/savetheocean\/wp-json\/wp\/v2\/posts"}],"about":[{"href":"https:\/\/www.ocean4future.org\/savetheocean\/wp-json\/wp\/v2\/types\/post"}],"author":[{"embeddable":true,"href":"https:\/\/www.ocean4future.org\/savetheocean\/wp-json\/wp\/v2\/users\/2428"}],"replies":[{"embeddable":true,"href":"https:\/\/www.ocean4future.org\/savetheocean\/wp-json\/wp\/v2\/comments?post=124009"}],"version-history":[{"count":1,"href":"https:\/\/www.ocean4future.org\/savetheocean\/wp-json\/wp\/v2\/posts\/124009\/revisions"}],"predecessor-version":[{"id":126852,"href":"https:\/\/www.ocean4future.org\/savetheocean\/wp-json\/wp\/v2\/posts\/124009\/revisions\/126852"}],"wp:featuredmedia":[{"embeddable":true,"href":"https:\/\/www.ocean4future.org\/savetheocean\/wp-json\/wp\/v2\/media\/124039"}],"wp:attachment":[{"href":"https:\/\/www.ocean4future.org\/savetheocean\/wp-json\/wp\/v2\/media?parent=124009"}],"wp:term":[{"taxonomy":"category","embeddable":true,"href":"https:\/\/www.ocean4future.org\/savetheocean\/wp-json\/wp\/v2\/categories?post=124009"},{"taxonomy":"post_tag","embeddable":true,"href":"https:\/\/www.ocean4future.org\/savetheocean\/wp-json\/wp\/v2\/tags?post=124009"}],"curies":[{"name":"wp","href":"https:\/\/api.w.org\/{rel}","templated":true}]}}