{"id":123802,"date":"2025-12-30T00:02:00","date_gmt":"2025-12-29T23:02:00","guid":{"rendered":"https:\/\/www.ocean4future.org\/savetheocean\/?p=123802"},"modified":"2025-12-30T07:54:05","modified_gmt":"2025-12-30T06:54:05","slug":"conosciamo-alvaro-herrero-mekan-fotografo-subacqueo-dellanno-2025","status":"publish","type":"post","link":"https:\/\/www.ocean4future.org\/savetheocean\/archives\/123802","title":{"rendered":"Conosciamo \u00c1lvaro Herrero (Mekan) Fotografo Subacqueo dell&#8217;Anno 2025"},"content":{"rendered":"<span class=\"span-reading-time rt-reading-time\" style=\"display: block;\"><span class=\"rt-label rt-prefix\">tempo di lettura: <\/span> <span class=\"rt-time\"> 3<\/span> <span class=\"rt-label rt-postfix\">minuti<\/span><\/span><p style=\"text-align: justify;\"><span style=\"color: #ffffff;\">.<\/span><br \/>\n<a class=\"maxbutton-4 maxbutton maxbutton-livello-di-comprensione\" href=\"javascript:void(0);\"><span class='mb-text'>livello elementare<\/span><\/a><br \/>\n<span style=\"color: #ffffff;\">.<\/span><br \/>\n<strong><span style=\"color: #008000;\">ARGOMENTO: FOTOGRAFIA<\/span><\/strong><br \/>\n<strong><span style=\"color: #008000;\">PERIODO: 2025<\/span><\/strong><br \/>\n<strong><span style=\"color: #008000;\">AREA: SUBACQUEA<\/span><\/strong><br \/>\nparole chiave: Alvaro Herrero, UPY 2025<br \/>\n<span style=\"color: #ffffff;\">.<\/span><br \/>\nCome tradizione celebriamo il vincitore del premio internazionale &#8220;fotografo subacqueo dell\u2019anno&#8221; (UPY &#8211; Underwater photographer of the year); quest\u2019anno il prestigioso premio \u00e8 andato a <span style=\"color: #008000;\"><strong>\u00c1lvaro Herrero<\/strong><\/span>, alias Mekan, un fotografo originario della Spagna che ha stabilito sin dalla giovane et\u00e0 un rapporto speciale, quasi intimo, con la natura. Il suo viaggio nel mondo marino inizia all&#8217;et\u00e0 di cinque anni quando suo nonno gli regal\u00f2 il suo primo set di pinne, maschera e boccaglio, di fatto accendendogli la passione per il mare ch,e sotto un certo aspetto, ha trasformato nel tempo la sua vita. A otto anni, Mekan inizi\u00f2 a sperimentare la fotografia, utilizzando la vecchia fotocamera di suo padre per catturare il mondo intorno a lui. Il passaggio al mondo sottomarino fu poi naturale.<\/p>\n<p style=\"text-align: justify;\"><img decoding=\"async\" class=\"alignnone size-full wp-image-123807\" src=\"https:\/\/www.ocean4future.org\/savetheocean\/wp-content\/uploads\/2025\/12\/Alvaro-Herrero.webp\" alt=\"\" width=\"1000\" height=\"1000\" srcset=\"https:\/\/www.ocean4future.org\/savetheocean\/wp-content\/uploads\/2025\/12\/Alvaro-Herrero.webp 1000w, https:\/\/www.ocean4future.org\/savetheocean\/wp-content\/uploads\/2025\/12\/Alvaro-Herrero-300x300.webp 300w, https:\/\/www.ocean4future.org\/savetheocean\/wp-content\/uploads\/2025\/12\/Alvaro-Herrero-150x150.webp 150w, https:\/\/www.ocean4future.org\/savetheocean\/wp-content\/uploads\/2025\/12\/Alvaro-Herrero-768x768.webp 768w, https:\/\/www.ocean4future.org\/savetheocean\/wp-content\/uploads\/2025\/12\/Alvaro-Herrero-144x144.webp 144w, https:\/\/www.ocean4future.org\/savetheocean\/wp-content\/uploads\/2025\/12\/Alvaro-Herrero-50x50.webp 50w, https:\/\/www.ocean4future.org\/savetheocean\/wp-content\/uploads\/2025\/12\/Alvaro-Herrero-65x65.webp 65w\" sizes=\"(max-width: 1000px) 100vw, 1000px\" \/><br \/>\nNegli ultimi 18 anni, Mekan \u00e8 diventato un subacqueo e fotografo subacqueo esperto, accumulando un&#8217;impressionante lista di esperienze, lavorando come istruttore subacqueo di immersione ricreativa sommozzatore commerciale, tecnico per la riparazione e manutenzione dell&#8217;attrezzatura subacquea, skipper di barca e insegnante di fotografia subacquea. La sua vasta formazione include certificazioni di immersione tecnica con il rebreather JJ-CCR, Advanced Mixed Gas, immersioni in grotta complete CCR con il Kiss Sidewinder e immersioni in grotta con veicolo subacqueo (DPV). Oltre alle immersioni, Mekan \u00e8 un ottimo apneista (free diving), esperto nelle immersioni in laghi di alta montagna, nelle immersioni sotto il ghiaccio, nella speleologia e nelle tecniche SRT, non ultimo una guida di montagna esperta. In sintesi non gli manca nulla. La sua completa biografia (nonch\u00e8 molte sue foto) la potete trovare su&nbsp; <a href=\"https:\/\/www.mekanphotography.com\/\">MEKAN PHOTOGRAPHY<\/a>.<\/p>\n<p style=\"text-align: justify;\">La meravigliosa foto che gli ha permesso di vincere la prestigiosa competizione \u00e8 una megattera che, da buona madre coscienziosa, accompagna il suo cucciolo in superficie per il suo primo respiro la mattina presto. Un\u2019immagine piena di poesia che mostra l\u2019affetto tra la mamma ed il suo piccolo che si vede rilasciare alcune bolle mentre risale. Mekan sottolinea come questa foto mostri l&#8217;amore di una madre per il suo cucciolo, comunicando sia la fragilit\u00e0 che la bellezza dei nostri oceani e rivelando una delle specie straordinarie con cui condividiamo il nostro mondo.<\/p>\n<p style=\"text-align: justify;\"><img decoding=\"async\" class=\"alignnone wp-image-123806\" src=\"https:\/\/www.ocean4future.org\/savetheocean\/wp-content\/uploads\/2025\/12\/Screenshot-2025-12-11-075925.png\" alt=\"\" width=\"631\" height=\"792\" srcset=\"https:\/\/www.ocean4future.org\/savetheocean\/wp-content\/uploads\/2025\/12\/Screenshot-2025-12-11-075925.png 560w, https:\/\/www.ocean4future.org\/savetheocean\/wp-content\/uploads\/2025\/12\/Screenshot-2025-12-11-075925-239x300.png 239w\" sizes=\"(max-width: 631px) 100vw, 631px\" \/><\/p>\n<p style=\"text-align: justify;\">Ogni anno, durante l&#8217;inverno australe, \u00c1lvaro Herrero si reca nelle acque della Polinesia Francese per fotografare questi maestosi animali; ama fotografarli nelle prime ore del mattino perch\u00e9 la luce \u00e8 morbida e obliqua e permette di trovare l&#8217;angolazione perfetta per definire chiaramente la sagoma di questi grandi animali nel blu.<\/p>\n<p style=\"text-align: justify;\">Per Mekan, l&#8217;oceano \u00e8 sia un santuario che una fonte inesauribile di ispirazione. Ha riportato a <a href=\"https:\/\/nostasrome.com\/it\/blogs\/nostas-universe\/alvaro-herrero\"><strong><span style=\"color: #008000;\">Nostas<\/span><\/strong><\/a> :&#8221;<strong><em><span style=\"color: #008000;\">La passione per la vita marina \u00e8 la forza trainante del mio lavoro. \u00c8 ci\u00f2 che mi spinge ogni giorno a cercare nuove opportunit\u00e0 fotografiche. Da un lato, perch\u00e9 mi piace trascorrere il mio tempo nella natura, nell&#8217;oceano o in qualsiasi corpo d&#8217;acqua circondato dalla fauna acquatica\u2026<\/span><\/em><\/strong>\u201d<\/p>\n<p style=\"text-align: justify;\">Riporto il commento di un altro grande campione, <a href=\"https:\/\/www.ocean4future.org\/savetheocean\/archives\/27165\"><strong><span style=\"color: #008000;\">Tobias Friedrich<\/span><\/strong><\/a> (fotografo dell\u2019anno 2018):<br \/>\n\u201c<strong><em><span style=\"color: #008000;\">Che scatto! Di solito vediamo molte immagini di megattere durante le valutazioni dei concorsi UPY, ma questa immagine ci ha fatto fermare immediatamente. Dimostra davvero l&#8217;abilit\u00e0 del fotografo nel cogliere l&#8217;attimo e nel riconoscere l&#8217;immagine giusta in seguito, sfogliandola al computer. La luce proveniente dall&#8217;angolo in alto a sinistra, il movimento perfetto della megattera e del suo cucciolo, oltre all&#8217;eccellente inquadratura e composizione, rendono questa foto una meritatissima vincitrice del concorso UPY 2025. Sono stato molto felice di dare a questa immagine il mio voto finale, perch\u00e9 \u00e8 un esempio eccellente di scatto &#8220;classico&#8221; eseguito alla perfezione. Complimenti, Mekan! :-)&#8221;.<\/span><\/em><\/strong><\/p>\n<p style=\"text-align: justify;\"><strong><em><span style=\"color: #008000;\"><img decoding=\"async\" class=\"alignnone size-full wp-image-123805\" src=\"https:\/\/www.ocean4future.org\/savetheocean\/wp-content\/uploads\/2025\/12\/Alvaro-herrero-6_f3f404eb-f22e-4137-9245-31cebdaf6eee-e1765437931336.webp\" alt=\"\" width=\"640\" height=\"373\"><\/span><\/em><\/strong><\/p>\n<p>Auguri e congratulazioni da parte di OCEAN4FUTURE per il prestigioso traguardo.<\/p>\n<p>Riferimento<br \/>\n<a href=\"https:\/\/www.mekanphotography.com\/bio\">BIO \u2014 MEKAN PHOTOGRAPHY<\/a><br \/>\n<a href=\"https:\/\/nostasrome.com\/it\/blogs\/nostas-universe\/alvaro-herrero\">ALVARO HERRERO | NOSTAS Rome<\/a><\/p>\n<p>photo credit Alvaro Herrero @<\/p>\n<p style=\"text-align: justify;\"><span style=\"color: #ffffff;\">.<\/span><br \/>\n<a class=\"maxbutton-3 maxbutton maxbutton-pagina-principale\" target=\"_blank\" title=\"tooltip\" rel=\"nofollow noopener\" href=\"http:\/\/www.ocean4future.org\"><span class='mb-text'>PAGINA PRINCIPALE - HOME PAGE<\/span><\/a><br \/>\n<span style=\"color: #ffffff;\">.<\/span><br \/>\nAlcune delle immagini presenti possono essere state prese dal web, citandone ove possibile gli autori e\/o le fonti. Se qualcuno desiderasse specificarne l\u2019autore e la fonte o rimuoverle, pu\u00f2 scrivere a infoocean4future@gmail.com e provvederemo immediatamente alla correzione dell\u2019articolo<br \/>\n<span style=\"color: #ffffff;\">.<\/span><\/p>\n","protected":false},"excerpt":{"rendered":"<p><span class=\"span-reading-time rt-reading-time\" style=\"display: block;\"><span class=\"rt-label rt-prefix\">tempo di lettura: <\/span> <span class=\"rt-time\"> 3<\/span> <span class=\"rt-label rt-postfix\">minuti<\/span><\/span>. . ARGOMENTO: FOTOGRAFIA PERIODO: 2025 AREA: SUBACQUEA parole chiave: Alvaro Herrero, UPY 2025 . Come tradizione celebriamo il vincitore del premio internazionale &#8220;fotografo subacqueo dell\u2019anno&#8221; (UPY &#8211; Underwater photographer of the year); quest\u2019anno il prestigioso premio \u00e8 andato a \u00c1lvaro Herrero, alias Mekan, un fotografo originario della Spagna che ha stabilito sin dalla giovane [&hellip;]<\/p>\n","protected":false},"author":2398,"featured_media":123806,"comment_status":"open","ping_status":"open","sticky":false,"template":"","format":"standard","meta":{"_acf_changed":false,"_monsterinsights_skip_tracking":false,"_monsterinsights_sitenote_active":false,"_monsterinsights_sitenote_note":"","_monsterinsights_sitenote_category":0,"footnotes":""},"categories":[21],"tags":[],"class_list":["post-123802","post","type-post","status-publish","format-standard","has-post-thumbnail","hentry","category-fotografia"],"acf":[],"yoast_head":"<!-- This site is optimized with the Yoast SEO plugin v27.4 - https:\/\/yoast.com\/product\/yoast-seo-wordpress\/ -->\n<title>Conosciamo \u00c1lvaro Herrero (Mekan) Fotografo Subacqueo dell&#039;Anno 2025 &#8226; OCEAN4FUTURE autore<\/title>\n<meta name=\"robots\" content=\"index, follow, max-snippet:-1, max-image-preview:large, max-video-preview:-1\" \/>\n<link rel=\"canonical\" href=\"https:\/\/www.ocean4future.org\/savetheocean\/archives\/123802\" \/>\n<meta property=\"og:locale\" content=\"it_IT\" \/>\n<meta property=\"og:type\" content=\"article\" \/>\n<meta property=\"og:title\" content=\"Conosciamo \u00c1lvaro Herrero (Mekan) Fotografo Subacqueo dell&#039;Anno 2025 &#8226; OCEAN4FUTURE autore\" \/>\n<meta property=\"og:description\" content=\"tempo di lettura:  3 minuti. . ARGOMENTO: FOTOGRAFIA PERIODO: 2025 AREA: SUBACQUEA parole chiave: Alvaro Herrero, UPY 2025 . Come tradizione celebriamo il vincitore del premio internazionale &#8220;fotografo subacqueo dell\u2019anno&#8221; (UPY &#8211; Underwater photographer of the year); quest\u2019anno il prestigioso premio \u00e8 andato a \u00c1lvaro Herrero, alias Mekan, un fotografo originario della Spagna che ha stabilito sin dalla giovane [&hellip;]\" \/>\n<meta property=\"og:url\" content=\"https:\/\/www.ocean4future.org\/savetheocean\/archives\/123802\" \/>\n<meta property=\"og:site_name\" content=\"OCEAN4FUTURE\" \/>\n<meta property=\"article:published_time\" content=\"2025-12-29T23:02:00+00:00\" \/>\n<meta property=\"article:modified_time\" content=\"2025-12-30T06:54:05+00:00\" \/>\n<meta property=\"og:image\" content=\"https:\/\/www.ocean4future.org\/savetheocean\/wp-content\/uploads\/2025\/12\/Screenshot-2025-12-11-075925.png\" \/>\n\t<meta property=\"og:image:width\" content=\"560\" \/>\n\t<meta property=\"og:image:height\" content=\"703\" \/>\n\t<meta property=\"og:image:type\" content=\"image\/png\" \/>\n<meta name=\"author\" content=\"Redazione OCEAN4FUTURE\" \/>\n<meta name=\"twitter:card\" content=\"summary_large_image\" \/>\n<meta name=\"twitter:creator\" content=\"@ocean4future\" \/>\n<meta name=\"twitter:site\" content=\"@ocean4future\" \/>\n<meta name=\"twitter:label1\" content=\"Scritto da\" \/>\n\t<meta name=\"twitter:data1\" content=\"Redazione OCEAN4FUTURE\" \/>\n\t<meta name=\"twitter:label2\" content=\"Tempo di lettura stimato\" \/>\n\t<meta name=\"twitter:data2\" content=\"5 minuti\" \/>\n<script type=\"application\/ld+json\" class=\"yoast-schema-graph\">{\"@context\":\"https:\\\/\\\/schema.org\",\"@graph\":[{\"@type\":\"Article\",\"@id\":\"https:\\\/\\\/www.ocean4future.org\\\/savetheocean\\\/archives\\\/123802#article\",\"isPartOf\":{\"@id\":\"https:\\\/\\\/www.ocean4future.org\\\/savetheocean\\\/archives\\\/123802\"},\"author\":{\"name\":\"Redazione OCEAN4FUTURE\",\"@id\":\"https:\\\/\\\/www.ocean4future.org\\\/savetheocean\\\/#\\\/schema\\\/person\\\/ad3962a4283da6a7ba5d2e66f435a340\"},\"headline\":\"Conosciamo \u00c1lvaro Herrero (Mekan) Fotografo Subacqueo dell&#8217;Anno 2025\",\"datePublished\":\"2025-12-29T23:02:00+00:00\",\"dateModified\":\"2025-12-30T06:54:05+00:00\",\"mainEntityOfPage\":{\"@id\":\"https:\\\/\\\/www.ocean4future.org\\\/savetheocean\\\/archives\\\/123802\"},\"wordCount\":693,\"commentCount\":0,\"publisher\":{\"@id\":\"https:\\\/\\\/www.ocean4future.org\\\/savetheocean\\\/#\\\/schema\\\/person\\\/4e1c26437054353074d7bb2efa77162c\"},\"image\":{\"@id\":\"https:\\\/\\\/www.ocean4future.org\\\/savetheocean\\\/archives\\\/123802#primaryimage\"},\"thumbnailUrl\":\"https:\\\/\\\/www.ocean4future.org\\\/savetheocean\\\/wp-content\\\/uploads\\\/2025\\\/12\\\/Screenshot-2025-12-11-075925.png\",\"articleSection\":[\"Fotografia\"],\"inLanguage\":\"it-IT\",\"potentialAction\":[{\"@type\":\"CommentAction\",\"name\":\"Comment\",\"target\":[\"https:\\\/\\\/www.ocean4future.org\\\/savetheocean\\\/archives\\\/123802#respond\"]}]},{\"@type\":\"WebPage\",\"@id\":\"https:\\\/\\\/www.ocean4future.org\\\/savetheocean\\\/archives\\\/123802\",\"url\":\"https:\\\/\\\/www.ocean4future.org\\\/savetheocean\\\/archives\\\/123802\",\"name\":\"Conosciamo \u00c1lvaro Herrero (Mekan) Fotografo Subacqueo dell'Anno 2025 &#8226; OCEAN4FUTURE autore\",\"isPartOf\":{\"@id\":\"https:\\\/\\\/www.ocean4future.org\\\/savetheocean\\\/#website\"},\"primaryImageOfPage\":{\"@id\":\"https:\\\/\\\/www.ocean4future.org\\\/savetheocean\\\/archives\\\/123802#primaryimage\"},\"image\":{\"@id\":\"https:\\\/\\\/www.ocean4future.org\\\/savetheocean\\\/archives\\\/123802#primaryimage\"},\"thumbnailUrl\":\"https:\\\/\\\/www.ocean4future.org\\\/savetheocean\\\/wp-content\\\/uploads\\\/2025\\\/12\\\/Screenshot-2025-12-11-075925.png\",\"datePublished\":\"2025-12-29T23:02:00+00:00\",\"dateModified\":\"2025-12-30T06:54:05+00:00\",\"breadcrumb\":{\"@id\":\"https:\\\/\\\/www.ocean4future.org\\\/savetheocean\\\/archives\\\/123802#breadcrumb\"},\"inLanguage\":\"it-IT\",\"potentialAction\":[{\"@type\":\"ReadAction\",\"target\":[\"https:\\\/\\\/www.ocean4future.org\\\/savetheocean\\\/archives\\\/123802\"]}]},{\"@type\":\"ImageObject\",\"inLanguage\":\"it-IT\",\"@id\":\"https:\\\/\\\/www.ocean4future.org\\\/savetheocean\\\/archives\\\/123802#primaryimage\",\"url\":\"https:\\\/\\\/www.ocean4future.org\\\/savetheocean\\\/wp-content\\\/uploads\\\/2025\\\/12\\\/Screenshot-2025-12-11-075925.png\",\"contentUrl\":\"https:\\\/\\\/www.ocean4future.org\\\/savetheocean\\\/wp-content\\\/uploads\\\/2025\\\/12\\\/Screenshot-2025-12-11-075925.png\",\"width\":560,\"height\":703},{\"@type\":\"BreadcrumbList\",\"@id\":\"https:\\\/\\\/www.ocean4future.org\\\/savetheocean\\\/archives\\\/123802#breadcrumb\",\"itemListElement\":[{\"@type\":\"ListItem\",\"position\":1,\"name\":\"Home\",\"item\":\"https:\\\/\\\/www.ocean4future.org\\\/savetheocean\"},{\"@type\":\"ListItem\",\"position\":2,\"name\":\"Conosciamo \u00c1lvaro Herrero (Mekan) Fotografo Subacqueo dell&#8217;Anno 2025\"}]},{\"@type\":\"WebSite\",\"@id\":\"https:\\\/\\\/www.ocean4future.org\\\/savetheocean\\\/#website\",\"url\":\"https:\\\/\\\/www.ocean4future.org\\\/savetheocean\\\/\",\"name\":\"Ocean 4 Future\",\"description\":\"Per una nuova cultura del mare e della marittimit\u00e0\",\"publisher\":{\"@id\":\"https:\\\/\\\/www.ocean4future.org\\\/savetheocean\\\/#\\\/schema\\\/person\\\/4e1c26437054353074d7bb2efa77162c\"},\"potentialAction\":[{\"@type\":\"SearchAction\",\"target\":{\"@type\":\"EntryPoint\",\"urlTemplate\":\"https:\\\/\\\/www.ocean4future.org\\\/savetheocean\\\/?s={search_term_string}\"},\"query-input\":{\"@type\":\"PropertyValueSpecification\",\"valueRequired\":true,\"valueName\":\"search_term_string\"}}],\"inLanguage\":\"it-IT\"},{\"@type\":[\"Person\",\"Organization\"],\"@id\":\"https:\\\/\\\/www.ocean4future.org\\\/savetheocean\\\/#\\\/schema\\\/person\\\/4e1c26437054353074d7bb2efa77162c\",\"name\":\"oceandiver\",\"image\":{\"@type\":\"ImageObject\",\"inLanguage\":\"it-IT\",\"@id\":\"https:\\\/\\\/www.ocean4future.org\\\/savetheocean\\\/wp-content\\\/uploads\\\/2023\\\/04\\\/logo-ocean3.jpg\",\"url\":\"https:\\\/\\\/www.ocean4future.org\\\/savetheocean\\\/wp-content\\\/uploads\\\/2023\\\/04\\\/logo-ocean3.jpg\",\"contentUrl\":\"https:\\\/\\\/www.ocean4future.org\\\/savetheocean\\\/wp-content\\\/uploads\\\/2023\\\/04\\\/logo-ocean3.jpg\",\"width\":472,\"height\":301,\"caption\":\"oceandiver\"},\"logo\":{\"@id\":\"https:\\\/\\\/www.ocean4future.org\\\/savetheocean\\\/wp-content\\\/uploads\\\/2023\\\/04\\\/logo-ocean3.jpg\"}},{\"@type\":\"Person\",\"@id\":\"https:\\\/\\\/www.ocean4future.org\\\/savetheocean\\\/#\\\/schema\\\/person\\\/ad3962a4283da6a7ba5d2e66f435a340\",\"name\":\"Redazione OCEAN4FUTURE\",\"image\":{\"@type\":\"ImageObject\",\"inLanguage\":\"it-IT\",\"@id\":\"https:\\\/\\\/secure.gravatar.com\\\/avatar\\\/ba6774c3cc06933a10f7e80f4184a636b9f8fe6f86714a5b2c583173eaf54646?s=96&d=mm&r=g\",\"url\":\"https:\\\/\\\/secure.gravatar.com\\\/avatar\\\/ba6774c3cc06933a10f7e80f4184a636b9f8fe6f86714a5b2c583173eaf54646?s=96&d=mm&r=g\",\"contentUrl\":\"https:\\\/\\\/secure.gravatar.com\\\/avatar\\\/ba6774c3cc06933a10f7e80f4184a636b9f8fe6f86714a5b2c583173eaf54646?s=96&d=mm&r=g\",\"caption\":\"Redazione OCEAN4FUTURE\"},\"description\":\"\u00e8 composta da oltre 60 collaboratori che lavorano in smart working, selezionati tra esperti di settore di diverse discipline. Hanno il compito di\u00a0 selezionare argomenti di particolare interesse, redigendo articoli basati su studi recenti. I contenuti degli stessi restano di responsabilit\u00e0 degli autori che sono ovviamente sempre citati. Eventuali quesiti possono essere inviati alla Redazione (infoocean4future@gmail.com) che, quando possibile, provveder\u00e0 ad inoltrarli agli Autori.\",\"sameAs\":[\"http:\\\/\\\/www.ocean4future.org\"],\"url\":\"https:\\\/\\\/www.ocean4future.org\\\/savetheocean\\\/archives\\\/author\\\/redazione-ocean4future\"}]}<\/script>\n<!-- \/ Yoast SEO plugin. -->","yoast_head_json":{"title":"Conosciamo \u00c1lvaro Herrero (Mekan) Fotografo Subacqueo dell'Anno 2025 &#8226; OCEAN4FUTURE autore","robots":{"index":"index","follow":"follow","max-snippet":"max-snippet:-1","max-image-preview":"max-image-preview:large","max-video-preview":"max-video-preview:-1"},"canonical":"https:\/\/www.ocean4future.org\/savetheocean\/archives\/123802","og_locale":"it_IT","og_type":"article","og_title":"Conosciamo \u00c1lvaro Herrero (Mekan) Fotografo Subacqueo dell'Anno 2025 &#8226; OCEAN4FUTURE autore","og_description":"tempo di lettura:  3 minuti. . ARGOMENTO: FOTOGRAFIA PERIODO: 2025 AREA: SUBACQUEA parole chiave: Alvaro Herrero, UPY 2025 . Come tradizione celebriamo il vincitore del premio internazionale &#8220;fotografo subacqueo dell\u2019anno&#8221; (UPY &#8211; Underwater photographer of the year); quest\u2019anno il prestigioso premio \u00e8 andato a \u00c1lvaro Herrero, alias Mekan, un fotografo originario della Spagna che ha stabilito sin dalla giovane [&hellip;]","og_url":"https:\/\/www.ocean4future.org\/savetheocean\/archives\/123802","og_site_name":"OCEAN4FUTURE","article_published_time":"2025-12-29T23:02:00+00:00","article_modified_time":"2025-12-30T06:54:05+00:00","og_image":[{"width":560,"height":703,"url":"https:\/\/www.ocean4future.org\/savetheocean\/wp-content\/uploads\/2025\/12\/Screenshot-2025-12-11-075925.png","type":"image\/png"}],"author":"Redazione OCEAN4FUTURE","twitter_card":"summary_large_image","twitter_creator":"@ocean4future","twitter_site":"@ocean4future","twitter_misc":{"Scritto da":"Redazione OCEAN4FUTURE","Tempo di lettura stimato":"5 minuti"},"schema":{"@context":"https:\/\/schema.org","@graph":[{"@type":"Article","@id":"https:\/\/www.ocean4future.org\/savetheocean\/archives\/123802#article","isPartOf":{"@id":"https:\/\/www.ocean4future.org\/savetheocean\/archives\/123802"},"author":{"name":"Redazione OCEAN4FUTURE","@id":"https:\/\/www.ocean4future.org\/savetheocean\/#\/schema\/person\/ad3962a4283da6a7ba5d2e66f435a340"},"headline":"Conosciamo \u00c1lvaro Herrero (Mekan) Fotografo Subacqueo dell&#8217;Anno 2025","datePublished":"2025-12-29T23:02:00+00:00","dateModified":"2025-12-30T06:54:05+00:00","mainEntityOfPage":{"@id":"https:\/\/www.ocean4future.org\/savetheocean\/archives\/123802"},"wordCount":693,"commentCount":0,"publisher":{"@id":"https:\/\/www.ocean4future.org\/savetheocean\/#\/schema\/person\/4e1c26437054353074d7bb2efa77162c"},"image":{"@id":"https:\/\/www.ocean4future.org\/savetheocean\/archives\/123802#primaryimage"},"thumbnailUrl":"https:\/\/www.ocean4future.org\/savetheocean\/wp-content\/uploads\/2025\/12\/Screenshot-2025-12-11-075925.png","articleSection":["Fotografia"],"inLanguage":"it-IT","potentialAction":[{"@type":"CommentAction","name":"Comment","target":["https:\/\/www.ocean4future.org\/savetheocean\/archives\/123802#respond"]}]},{"@type":"WebPage","@id":"https:\/\/www.ocean4future.org\/savetheocean\/archives\/123802","url":"https:\/\/www.ocean4future.org\/savetheocean\/archives\/123802","name":"Conosciamo \u00c1lvaro Herrero (Mekan) Fotografo Subacqueo dell'Anno 2025 &#8226; OCEAN4FUTURE autore","isPartOf":{"@id":"https:\/\/www.ocean4future.org\/savetheocean\/#website"},"primaryImageOfPage":{"@id":"https:\/\/www.ocean4future.org\/savetheocean\/archives\/123802#primaryimage"},"image":{"@id":"https:\/\/www.ocean4future.org\/savetheocean\/archives\/123802#primaryimage"},"thumbnailUrl":"https:\/\/www.ocean4future.org\/savetheocean\/wp-content\/uploads\/2025\/12\/Screenshot-2025-12-11-075925.png","datePublished":"2025-12-29T23:02:00+00:00","dateModified":"2025-12-30T06:54:05+00:00","breadcrumb":{"@id":"https:\/\/www.ocean4future.org\/savetheocean\/archives\/123802#breadcrumb"},"inLanguage":"it-IT","potentialAction":[{"@type":"ReadAction","target":["https:\/\/www.ocean4future.org\/savetheocean\/archives\/123802"]}]},{"@type":"ImageObject","inLanguage":"it-IT","@id":"https:\/\/www.ocean4future.org\/savetheocean\/archives\/123802#primaryimage","url":"https:\/\/www.ocean4future.org\/savetheocean\/wp-content\/uploads\/2025\/12\/Screenshot-2025-12-11-075925.png","contentUrl":"https:\/\/www.ocean4future.org\/savetheocean\/wp-content\/uploads\/2025\/12\/Screenshot-2025-12-11-075925.png","width":560,"height":703},{"@type":"BreadcrumbList","@id":"https:\/\/www.ocean4future.org\/savetheocean\/archives\/123802#breadcrumb","itemListElement":[{"@type":"ListItem","position":1,"name":"Home","item":"https:\/\/www.ocean4future.org\/savetheocean"},{"@type":"ListItem","position":2,"name":"Conosciamo \u00c1lvaro Herrero (Mekan) Fotografo Subacqueo dell&#8217;Anno 2025"}]},{"@type":"WebSite","@id":"https:\/\/www.ocean4future.org\/savetheocean\/#website","url":"https:\/\/www.ocean4future.org\/savetheocean\/","name":"Ocean 4 Future","description":"Per una nuova cultura del mare e della marittimit\u00e0","publisher":{"@id":"https:\/\/www.ocean4future.org\/savetheocean\/#\/schema\/person\/4e1c26437054353074d7bb2efa77162c"},"potentialAction":[{"@type":"SearchAction","target":{"@type":"EntryPoint","urlTemplate":"https:\/\/www.ocean4future.org\/savetheocean\/?s={search_term_string}"},"query-input":{"@type":"PropertyValueSpecification","valueRequired":true,"valueName":"search_term_string"}}],"inLanguage":"it-IT"},{"@type":["Person","Organization"],"@id":"https:\/\/www.ocean4future.org\/savetheocean\/#\/schema\/person\/4e1c26437054353074d7bb2efa77162c","name":"oceandiver","image":{"@type":"ImageObject","inLanguage":"it-IT","@id":"https:\/\/www.ocean4future.org\/savetheocean\/wp-content\/uploads\/2023\/04\/logo-ocean3.jpg","url":"https:\/\/www.ocean4future.org\/savetheocean\/wp-content\/uploads\/2023\/04\/logo-ocean3.jpg","contentUrl":"https:\/\/www.ocean4future.org\/savetheocean\/wp-content\/uploads\/2023\/04\/logo-ocean3.jpg","width":472,"height":301,"caption":"oceandiver"},"logo":{"@id":"https:\/\/www.ocean4future.org\/savetheocean\/wp-content\/uploads\/2023\/04\/logo-ocean3.jpg"}},{"@type":"Person","@id":"https:\/\/www.ocean4future.org\/savetheocean\/#\/schema\/person\/ad3962a4283da6a7ba5d2e66f435a340","name":"Redazione OCEAN4FUTURE","image":{"@type":"ImageObject","inLanguage":"it-IT","@id":"https:\/\/secure.gravatar.com\/avatar\/ba6774c3cc06933a10f7e80f4184a636b9f8fe6f86714a5b2c583173eaf54646?s=96&d=mm&r=g","url":"https:\/\/secure.gravatar.com\/avatar\/ba6774c3cc06933a10f7e80f4184a636b9f8fe6f86714a5b2c583173eaf54646?s=96&d=mm&r=g","contentUrl":"https:\/\/secure.gravatar.com\/avatar\/ba6774c3cc06933a10f7e80f4184a636b9f8fe6f86714a5b2c583173eaf54646?s=96&d=mm&r=g","caption":"Redazione OCEAN4FUTURE"},"description":"\u00e8 composta da oltre 60 collaboratori che lavorano in smart working, selezionati tra esperti di settore di diverse discipline. Hanno il compito di\u00a0 selezionare argomenti di particolare interesse, redigendo articoli basati su studi recenti. I contenuti degli stessi restano di responsabilit\u00e0 degli autori che sono ovviamente sempre citati. Eventuali quesiti possono essere inviati alla Redazione (infoocean4future@gmail.com) che, quando possibile, provveder\u00e0 ad inoltrarli agli Autori.","sameAs":["http:\/\/www.ocean4future.org"],"url":"https:\/\/www.ocean4future.org\/savetheocean\/archives\/author\/redazione-ocean4future"}]}},"_links":{"self":[{"href":"https:\/\/www.ocean4future.org\/savetheocean\/wp-json\/wp\/v2\/posts\/123802","targetHints":{"allow":["GET"]}}],"collection":[{"href":"https:\/\/www.ocean4future.org\/savetheocean\/wp-json\/wp\/v2\/posts"}],"about":[{"href":"https:\/\/www.ocean4future.org\/savetheocean\/wp-json\/wp\/v2\/types\/post"}],"author":[{"embeddable":true,"href":"https:\/\/www.ocean4future.org\/savetheocean\/wp-json\/wp\/v2\/users\/2398"}],"replies":[{"embeddable":true,"href":"https:\/\/www.ocean4future.org\/savetheocean\/wp-json\/wp\/v2\/comments?post=123802"}],"version-history":[{"count":0,"href":"https:\/\/www.ocean4future.org\/savetheocean\/wp-json\/wp\/v2\/posts\/123802\/revisions"}],"wp:featuredmedia":[{"embeddable":true,"href":"https:\/\/www.ocean4future.org\/savetheocean\/wp-json\/wp\/v2\/media\/123806"}],"wp:attachment":[{"href":"https:\/\/www.ocean4future.org\/savetheocean\/wp-json\/wp\/v2\/media?parent=123802"}],"wp:term":[{"taxonomy":"category","embeddable":true,"href":"https:\/\/www.ocean4future.org\/savetheocean\/wp-json\/wp\/v2\/categories?post=123802"},{"taxonomy":"post_tag","embeddable":true,"href":"https:\/\/www.ocean4future.org\/savetheocean\/wp-json\/wp\/v2\/tags?post=123802"}],"curies":[{"name":"wp","href":"https:\/\/api.w.org\/{rel}","templated":true}]}}