{"id":123308,"date":"2025-12-20T00:02:00","date_gmt":"2025-12-19T23:02:00","guid":{"rendered":"https:\/\/www.ocean4future.org\/savetheocean\/?p=123308"},"modified":"2026-04-18T22:38:14","modified_gmt":"2026-04-18T20:38:14","slug":"verso-lautonomia-strategica-di-chiacchio","status":"publish","type":"post","link":"https:\/\/www.ocean4future.org\/savetheocean\/archives\/123308","title":{"rendered":"La svolta turca verso l\u2019autonomia strategica dei primi anni del 2000 di Giovanni Chiacchio"},"content":{"rendered":"<span class=\"span-reading-time rt-reading-time\" style=\"display: block;\"><span class=\"rt-label rt-prefix\">tempo di lettura: <\/span> <span class=\"rt-time\"> 5<\/span> <span class=\"rt-label rt-postfix\">minuti<\/span><\/span><p style=\"text-align: justify;\"><span style=\"color: #ffffff;\">.<\/span><br \/>\n<a class=\"maxbutton-4 maxbutton maxbutton-livello-di-comprensione\" href=\"javascript:void(0);\"><span class='mb-text'>livello elementare<\/span><\/a><br \/>\n<span style=\"color: #ffffff;\">.<\/span><br \/>\n<strong><span style=\"color: #008000;\">ARGOMENTO: GEOPOLITICA<\/span><\/strong><br \/>\n<strong><span style=\"color: #008000;\">PERIODO: XXI SECOLO<\/span><\/strong><br \/>\n<strong><span style=\"color: #008000;\">AREA: TURCHIA<\/span><\/strong><br \/>\nparole chiave: Industria, Difesa<br \/>\n<span style=\"color: #ffffff;\">.<\/span><br \/>\nLa fine degli anni Settanta coincise con una crescente instabilit\u00e0 economica e politica nel paese, culminata con il golpe militare operato dal <strong><span style=\"color: #008000;\">generale Kenan Evren<\/span> <\/strong>nel 1980. Questa azione venne intesa dal suo promotore come un\u2019azione atta a stabilizzare la nazione e gettare le basi per un drastico, quanto quanto necessario, programma di riforme. In tal contesto, <strong><span style=\"color: #008000;\">Turgut Ozal<\/span><\/strong>, ex sottosegretario alla presidenza del Consiglio dei Ministri, posto al vertice degli sforzi volti a riformare l\u2019economia del paese, venne nominato vice primo ministro dalla nuova giunta militare.<\/p>\n<p><img decoding=\"async\" class=\"wp-image-123328\" src=\"https:\/\/www.ocean4future.org\/savetheocean\/wp-content\/uploads\/2025\/12\/Turgut_Ozal_as_Turkish_Prime_Minister.jpg\" alt=\"\" width=\"1064\" height=\"1373\" srcset=\"https:\/\/www.ocean4future.org\/savetheocean\/wp-content\/uploads\/2025\/12\/Turgut_Ozal_as_Turkish_Prime_Minister.jpg 511w, https:\/\/www.ocean4future.org\/savetheocean\/wp-content\/uploads\/2025\/12\/Turgut_Ozal_as_Turkish_Prime_Minister-233x300.jpg 233w\" sizes=\"(max-width: 1064px) 100vw, 1064px\" \/><\/p>\n<p align=\"justify\"><strong><span style=\"color: #008000;\">Turgut Ozal (1927-1993) fondatore e guida del Partito della Madrepatria, d&#8217;ispirazione liberal-conservatrice e neo-liberista, fu per due volte Primo ministro della Turchia fra il 1983 ed il 1989, ed ottavo Presidente della Repubblica Turca dal 1989 fino alla sua morte dovuta ad un improvviso attacco cardiaco. La sua morte, avvenuta in n momento di apertura politica nei confronti dei separatisti curdi fu ritenuta sospetta e nel 2012 la salma fu riesumata per un&#8217;analisi tossicologica che rivel\u00f2 la presenza di veleno nel suo corpo (anche se fu dichiarato che non era stato la causa della sua morte &#8211; da wikipedia<\/span><\/strong><\/p>\n<p style=\"text-align: justify;\">Ripresi sotto un differente esecutivo i propri sforzi e asceso in seguito al vertice della presidenza del Consiglio dei Ministri, Ozal si adoper\u00f2 al fine di incrementare l\u2019autosufficienza turca nella produzione bellica. Tale intento venne concretizzato mediante l\u2019avvio di una politica volta a riformare profondamente la locale industria bellica<strong><sup><span style=\"color: #008000;\">6<\/span><\/sup><\/strong>. La definitiva cesura in tal senso venne rappresentata dall\u2019approvazione della <strong><span style=\"color: #008000;\">legge n. 3238<\/span><\/strong>, la quale risult\u00f2 nella formazione di un meccanismo amministrativo di coordinamento per l\u2019industria della difesa costituito da tre organismi:<br \/>\n\u2022 <strong><span style=\"color: #008000;\">Comitato Esecutivo dell\u2019Industria della Difesa<\/span><\/strong>, composto dal primo ministro, dal ministro della Difesa e dal Capo di Stato Maggiore e incaricato di coordinare a livello nazionale tutte le entit\u00e0 che operano nel settore della difesa;<br \/>\n\u2022 <strong><span style=\"color: #008000;\">Sottosegretariato per le Industrie della Difesa (SSM);<\/span><\/strong>\u00a0incaricato di attuare le decisioni prese dal Comitato Esecutivo e di pianificare produzione e ricerca;<br \/>\n\u2022 <strong><span style=\"color: #008000;\">Fondo di Sostegno all\u2019Industria della Difesa,<\/span><\/strong>\u00a0volto a finanziare i propositi dell\u2019SSM.<\/p>\n<p style=\"text-align: justify;\">Le riforme di Ozal fornirono due elementi essenziali per l\u2019incremento della produzione bellica turca: <strong><span style=\"color: #008000;\">una pianificazione strategica centralizzata volta a garantire l\u2019adozione di politiche incentrate sul conseguimento di obbiettivi di lungo termine e la base finanziaria necessaria per il loro perseguimento.<\/span><\/strong><br \/>\nIn particolare, la composizione del Comitato Esecutivo consent\u00ec di modulare le politiche relative all\u2019industria della difesa sulla base sulla base delle necessit\u00e0 strategiche dettate dalla situazione internazionale del paese. Le riforme di Ozal fornirono due elementi essenziali per la produzione bellica turca: una pianificazione strategica centralizzata per obbiettivi a lungo termine e la base finanziaria per il loro perseguimento. La successiva approvazione della <strong><span style=\"color: #008000;\">legge n. 3388 nel 1987<\/span><\/strong> comport\u00f2 la fusione delle fondazioni appartenenti ai vari rami delle forze militari del paese per formare la \u201c<strong><span style=\"color: #008000;\">Fondazione per il Rafforzamento delle Forze Armate Turche<\/span><\/strong>\u201d, incrementando notevolmente il capitale a disposizione per nuovi progetti nel settore della difesa. La morte di Ozal nel 1993 avrebbe determinato la temporanea interruzione del programma di riforme. Lo SSM venne infatti posto sotto l\u2019autorit\u00e0 del Ministero della Difesa, comportando l\u2019abbandono di politiche di lungo periodo fondate sulla pianificazione strategica in luogo dell\u2019impiego di soluzioni pret \u00e0 porter volte a soddisfare le esigenze di breve termine delle forze armate<strong><sup><span style=\"color: #008000;\">7<\/span><\/sup><\/strong>.<\/p>\n<p><img decoding=\"async\" class=\"wp-image-123332 \" src=\"https:\/\/www.ocean4future.org\/savetheocean\/wp-content\/uploads\/2025\/12\/Turkish_KFOR_Soldiers_conduct_town_patrol_6644488.jpg\" alt=\"\" width=\"1073\" height=\"714\" srcset=\"https:\/\/www.ocean4future.org\/savetheocean\/wp-content\/uploads\/2025\/12\/Turkish_KFOR_Soldiers_conduct_town_patrol_6644488.jpg 640w, https:\/\/www.ocean4future.org\/savetheocean\/wp-content\/uploads\/2025\/12\/Turkish_KFOR_Soldiers_conduct_town_patrol_6644488-300x200.jpg 300w\" sizes=\"(max-width: 1073px) 100vw, 1073px\" \/><\/p>\n<p align=\"justify\"><strong><span style=\"color: #008000;\"><span class=\"jCAhz ChMk0b\"><span class=\"ryNqvb\">Un soldato delle Forze Armate turche assegnato al Comando Regionale Est della Kosovo Force posa per una foto durante un pattugliamento notturno fuori Ranilluk\/Ranilug, Kosovo, l&#8217;11 maggio 2021. I soldati hanno collaborato con la polizia locale del Kosovo per condurre un pattugliamento di routine e istituire un posto di blocco per la ricerca di contrabbando illegale.<\/span><\/span> <span class=\"jCAhz ChMk0b\"><span class=\"ryNqvb\">Fonte: Foto della Guardia Nazionale dell&#8217;Esercito degli Stati Uniti del sergente Jonathan Perdelwitz &#8211; Wikimedia Commons<\/span><\/span><\/span><\/strong><\/p>\n<p style=\"text-align: justify;\"><span style=\"font-size: 20px;\"><strong><span style=\"color: #008000;\">Un paese, due mondi<\/span><\/strong><\/span><br \/>\nLa fine della Guerra Fredda comport\u00f2 una drastica rimodulazione della Grand Strategy turca. Il crollo dell\u2019Unione Sovietica determin\u00f2 infatti il venir meno di una minaccia esistenziale per la Turchia, nonch\u00e9 un profondo mutamento della sua posizione geostrategica. Ankara cess\u00f2 infatti di rappresentare il confine tra due blocchi, ritrovandosi nuovamente ad essere il crocevia tra due civilt\u00e0. In tal contesto, lo Stato turco avvi\u00f2 una nuova politica estera incentrata sulla proiezione della propria forza militare, politica e culturale verso il Medio Oriente e le nazioni di lingua turca che avevano ritrovato la propria indipendenza dopo il collasso sovietico<strong><sup><span style=\"color: #008000;\">8<\/span><\/sup><\/strong>.<\/p>\n<p style=\"text-align: justify;\">L\u2019istituzione nel 1992 nella citt\u00e0 di Istanbul dell\u2019<strong><span style=\"color: #008000;\">Organization of the Black Sea Economic Cooperation<\/span><\/strong> rappresent\u00f2 il primo passo verso tale processo. Contestualmente, l\u2019intensificazione dell\u2019insurrezione del <strong><span style=\"color: #008000;\">Partito dei Lavoratori del Kurdistan (PKK)<\/span><\/strong> comport\u00f2 l\u2019insorgere di profonde tensioni diplomatiche tra la Turchia e i suoi tradizionali alleati, gli Stati Uniti e l\u2019Europa. Nel 2004 il <strong><span style=\"color: #008000;\">Comitato Esecutivo<\/span><\/strong> guidato da Erdogan avvi\u00f2 una politica di transizione verso nuovi modelli d\u2019appalto, incentrati sul massimo uso di risorse nazionali e produzione domestica. Il suddetto contesto strategico rappresent\u00f2 un rilevante catalizzatore per la ripresa del programma di riforme avviato negli anni Ottanta. L\u2019eccessiva dipendenza dalle importazioni estere risultava infatti un significativo impedimento tanto allo svolgimento di operazioni di contro insurrezione aventi come bersaglio il PKK, quanto per la proiezione della potenza di Ankara.<\/p>\n<p style=\"text-align: justify;\">La definitiva istituzionalizzazione di una politica volta all\u2019autarchizzazione della produzione bellica si ebbe a seguito del <strong><span style=\"color: #008000;\">successo elettorale del Partito della Giustizia e dello Sviluppo (AKP) nel 2002<\/span><\/strong>. Nel 2004 il Comitato Esecutivo guidato dal <strong><span style=\"color: #008000;\">nuovo primo ministro Recep Tayyip Erdogan<\/span><\/strong> deliber\u00f2 l\u2019avvio di una politica volta alla transizione verso nuovi modelli di procurement incentrati sul massimo uso di risorse nazionali e produzione domestica9. Tale iniziativa, recepita dal successivo <strong><span style=\"color: #008000;\">Piano di Sviluppo Nazionale<\/span><\/strong>, venne concretizzata mediante l\u2019avvio di diversi programmi militari volti a riequipaggiare le forze armate con piattaforme di fabbricazione locale, nello specifico:<br \/>\n<strong><span style=\"color: #008000;\">\u2022 MILGEM, volto a costruire diverse tipologie di navi da guerra;<\/span><\/strong><br \/>\n<strong><span style=\"color: #008000;\">\u2022 Atak volto a costruire elicotteri militari;<\/span><\/strong><br \/>\n<strong><span style=\"color: #008000;\">\u2022 Altay finalizzato alla realizzazione di carri armati.<\/span><\/strong><\/p>\n<p style=\"text-align: justify;\">Contestualmente, una cordata di investitori turchi acquist\u00f2 la totalit\u00e0 delle azioni della Lockheed Martin nella Turkish Aerospace Industry, restituendola successivamente al pieno controllo statale.<br \/>\n<strong><span style=\"color: #008000;\">Fine parte II &#8211; continua<\/span><\/strong><br \/>\n<strong><span style=\"color: #008000;\">Giovanni Chiacchio<\/span><\/strong><br \/>\n<span style=\"color: #ffffff;\">.<\/span><br \/>\n<img decoding=\"async\" class=\"size-full wp-image-123354 alignleft\" src=\"https:\/\/www.ocean4future.org\/savetheocean\/wp-content\/uploads\/2025\/12\/giovanni-chiacchio-200x200-1.jpeg\" alt=\"\" width=\"200\" height=\"200\" srcset=\"https:\/\/www.ocean4future.org\/savetheocean\/wp-content\/uploads\/2025\/12\/giovanni-chiacchio-200x200-1.jpeg 200w, https:\/\/www.ocean4future.org\/savetheocean\/wp-content\/uploads\/2025\/12\/giovanni-chiacchio-200x200-1-150x150.jpeg 150w, https:\/\/www.ocean4future.org\/savetheocean\/wp-content\/uploads\/2025\/12\/giovanni-chiacchio-200x200-1-144x144.jpeg 144w, https:\/\/www.ocean4future.org\/savetheocean\/wp-content\/uploads\/2025\/12\/giovanni-chiacchio-200x200-1-50x50.jpeg 50w, https:\/\/www.ocean4future.org\/savetheocean\/wp-content\/uploads\/2025\/12\/giovanni-chiacchio-200x200-1-65x65.jpeg 65w\" sizes=\"(max-width: 200px) 100vw, 200px\" \/>Laureando in Scienze Politiche presso l\u2019Universit\u00e0 degli Studi di Napoli Federico II, ha conseguito come borsista il master \u201cLeadership per le relazioni internazionali e il Made in Italy\u201d presso la Fondazione Italia USA e ha frequentato l\u2019accademia estiva della Heritage Foundation. Scrive per vari blog. I suoi campi sono le relazioni internazionali, gli studi strategici e il conservatorismo di matrice anglosassone.<br \/>\n<span style=\"color: #ffffff;\">.<\/span><br \/>\nsaggio pubblicato originalmente su <a href=\"https:\/\/www.centromachiavelli.com\/report\/\">Report \u2022 Fondazione Machiavelli<\/a><\/p>\n<p style=\"text-align: justify;\"><span style=\"color: #000000;\">in anteprima u<span class=\"jCAhz ChMk0b\"><span class=\"ryNqvb\">n soldato delle Forze Armate turche assegnato al Comando Regionale Est della Kosovo Force durante un pattugliamento notturno fuori Ranilug, Kosovo, l&#8217;11 maggio 2021 &#8211; <\/span><\/span><span class=\"jCAhz ChMk0b\"><span class=\"ryNqvb\">Foto della Guardia Nazionale dell&#8217;Esercito degli Stati Uniti del sergente Jonathan Perdelwitz <a style=\"color: #000000;\" href=\"https:\/\/commons.wikimedia.org\/wiki\/File:Turkish_KFOR_Soldiers_conduct_town_patrol_(6644488).jpg\">Turkish &#8230; Soldiers conduct town patrol (6644488).jpg &#8211; Wikimedia Commons<\/a><\/span><\/span><\/span><\/p>\n<p><strong><span style=\"font-size: 20px; color: #008000;\">Note<\/span><\/strong><br \/>\n6 Hasun Ozlu, The Foundation\u00a0 and Development of Turkey\u2019s Defence Industry in the Context of National Security Strategy, 2021<br \/>\n7 Sikti Egeli, Serhat Guvenc, Calgar Kur\u00e7 e Arda Mevlutoglu, From Client to Competitor: The Rise of T\u00fcrkiye\u2019s Defence Industry, International Institute of Strategic Studies, 2024<br \/>\n8 Gulbakar Yelen Aktas, Turkish Foreign Policy: New Concepts and Reflections, Middle East Technical University, Aralik, 2010<br \/>\n9 Ayse I. A Ozer, The Rise of the Turkish Defense Industry, Seta, Ankara, 201<\/p>\n<p style=\"text-align: justify;\"><span style=\"color: #ffffff;\">.<\/span><br \/>\n<a class=\"maxbutton-3 maxbutton maxbutton-pagina-principale\" target=\"_blank\" title=\"tooltip\" rel=\"nofollow noopener\" href=\"http:\/\/www.ocean4future.org\"><span class='mb-text'>PAGINA PRINCIPALE - HOME PAGE<\/span><\/a><br \/>\n<span style=\"color: #ffffff;\">.<\/span><br \/>\n<a class=\"maxbutton-13 maxbutton maxbutton-parte-i\" target=\"_blank\" title=\" tooltip\" rel=\"nofollow noopener\" href=\"https:\/\/www.ocean4future.org\/savetheocean\/archives\/123307\"><span class='mb-text'>PARTE I<\/span><\/a> <a class=\"maxbutton-14 maxbutton maxbutton-parte-ii\" target=\"_blank\" title=\" tooltip\" rel=\"nofollow noopener\" href=\"https:\/\/www.ocean4future.org\/savetheocean\/archives\/123308\"><span class='mb-text'>PARTE II<\/span><\/a> <a class=\"maxbutton-15 maxbutton maxbutton-parte-iii\" target=\"_blank\" title=\" tooltip\" rel=\"nofollow noopener\" href=\"https:\/\/www.ocean4future.org\/savetheocean\/archives\/123309\"><span class='mb-text'>PARTE III<\/span><\/a><br \/>\n<span style=\"color: #ffffff;\">.<\/span><br \/>\nAlcune delle immagini presenti possono essere state prese dal web, citandone ove possibile gli autori e\/o le fonti. Se qualcuno desiderasse specificarne l\u2019autore o rimuoverle, pu\u00f2 scrivere a infoocean4future@gmail.com e provvederemo immediatamente alla correzione dell\u2019articolo.<br \/>\n<span style=\"color: #ffffff;\">.<\/span><\/p>\n","protected":false},"excerpt":{"rendered":"<p><span class=\"span-reading-time rt-reading-time\" style=\"display: block;\"><span class=\"rt-label rt-prefix\">tempo di lettura: <\/span> <span class=\"rt-time\"> 5<\/span> <span class=\"rt-label rt-postfix\">minuti<\/span><\/span>. . ARGOMENTO: GEOPOLITICA PERIODO: XXI SECOLO AREA: TURCHIA parole chiave: Industria, Difesa . La fine degli anni Settanta coincise con una crescente instabilit\u00e0 economica e politica nel paese, culminata con il golpe militare operato dal generale Kenan Evren nel 1980. Questa azione venne intesa dal suo promotore come un\u2019azione atta a stabilizzare la nazione [&hellip;]<\/p>\n","protected":false},"author":2398,"featured_media":123332,"comment_status":"open","ping_status":"open","sticky":false,"template":"","format":"standard","meta":{"_acf_changed":false,"_monsterinsights_skip_tracking":false,"_monsterinsights_sitenote_active":false,"_monsterinsights_sitenote_note":"","_monsterinsights_sitenote_category":0,"footnotes":""},"categories":[1413],"tags":[],"class_list":["post-123308","post","type-post","status-publish","format-standard","has-post-thumbnail","hentry","category-geopolitica"],"acf":[],"yoast_head":"<!-- This site is optimized with the Yoast SEO plugin v27.4 - https:\/\/yoast.com\/product\/yoast-seo-wordpress\/ -->\n<title>La svolta turca verso l\u2019autonomia strategica dei primi anni del 2000 di Giovanni Chiacchio &#8226; OCEAN4FUTURE autore<\/title>\n<meta name=\"robots\" content=\"index, follow, max-snippet:-1, max-image-preview:large, max-video-preview:-1\" \/>\n<link rel=\"canonical\" href=\"https:\/\/www.ocean4future.org\/savetheocean\/archives\/123308\" \/>\n<meta property=\"og:locale\" content=\"it_IT\" \/>\n<meta property=\"og:type\" content=\"article\" \/>\n<meta property=\"og:title\" content=\"La svolta turca verso l\u2019autonomia strategica dei primi anni del 2000 di Giovanni Chiacchio &#8226; OCEAN4FUTURE autore\" \/>\n<meta property=\"og:description\" content=\"tempo di lettura:  5 minuti. . ARGOMENTO: GEOPOLITICA PERIODO: XXI SECOLO AREA: TURCHIA parole chiave: Industria, Difesa . La fine degli anni Settanta coincise con una crescente instabilit\u00e0 economica e politica nel paese, culminata con il golpe militare operato dal generale Kenan Evren nel 1980. Questa azione venne intesa dal suo promotore come un\u2019azione atta a stabilizzare la nazione [&hellip;]\" \/>\n<meta property=\"og:url\" content=\"https:\/\/www.ocean4future.org\/savetheocean\/archives\/123308\" \/>\n<meta property=\"og:site_name\" content=\"OCEAN4FUTURE\" \/>\n<meta property=\"article:published_time\" content=\"2025-12-19T23:02:00+00:00\" \/>\n<meta property=\"article:modified_time\" content=\"2026-04-18T20:38:14+00:00\" \/>\n<meta property=\"og:image\" content=\"https:\/\/www.ocean4future.org\/savetheocean\/wp-content\/uploads\/2025\/12\/Turkish_KFOR_Soldiers_conduct_town_patrol_6644488.jpg\" \/>\n\t<meta property=\"og:image:width\" content=\"640\" \/>\n\t<meta property=\"og:image:height\" content=\"426\" \/>\n\t<meta property=\"og:image:type\" content=\"image\/jpeg\" \/>\n<meta name=\"author\" content=\"Redazione OCEAN4FUTURE\" \/>\n<meta name=\"twitter:card\" content=\"summary_large_image\" \/>\n<meta name=\"twitter:creator\" content=\"@ocean4future\" \/>\n<meta name=\"twitter:site\" content=\"@ocean4future\" \/>\n<meta name=\"twitter:label1\" content=\"Scritto da\" \/>\n\t<meta name=\"twitter:data1\" content=\"Redazione OCEAN4FUTURE\" \/>\n\t<meta name=\"twitter:label2\" content=\"Tempo di lettura stimato\" \/>\n\t<meta name=\"twitter:data2\" content=\"8 minuti\" \/>\n<script type=\"application\/ld+json\" class=\"yoast-schema-graph\">{\"@context\":\"https:\\\/\\\/schema.org\",\"@graph\":[{\"@type\":\"Article\",\"@id\":\"https:\\\/\\\/www.ocean4future.org\\\/savetheocean\\\/archives\\\/123308#article\",\"isPartOf\":{\"@id\":\"https:\\\/\\\/www.ocean4future.org\\\/savetheocean\\\/archives\\\/123308\"},\"author\":{\"name\":\"Redazione OCEAN4FUTURE\",\"@id\":\"https:\\\/\\\/www.ocean4future.org\\\/savetheocean\\\/#\\\/schema\\\/person\\\/ad3962a4283da6a7ba5d2e66f435a340\"},\"headline\":\"La svolta turca verso l\u2019autonomia strategica dei primi anni del 2000 di Giovanni Chiacchio\",\"datePublished\":\"2025-12-19T23:02:00+00:00\",\"dateModified\":\"2026-04-18T20:38:14+00:00\",\"mainEntityOfPage\":{\"@id\":\"https:\\\/\\\/www.ocean4future.org\\\/savetheocean\\\/archives\\\/123308\"},\"wordCount\":1331,\"commentCount\":0,\"publisher\":{\"@id\":\"https:\\\/\\\/www.ocean4future.org\\\/savetheocean\\\/#\\\/schema\\\/person\\\/4e1c26437054353074d7bb2efa77162c\"},\"image\":{\"@id\":\"https:\\\/\\\/www.ocean4future.org\\\/savetheocean\\\/archives\\\/123308#primaryimage\"},\"thumbnailUrl\":\"https:\\\/\\\/www.ocean4future.org\\\/savetheocean\\\/wp-content\\\/uploads\\\/2025\\\/12\\\/Turkish_KFOR_Soldiers_conduct_town_patrol_6644488.jpg\",\"articleSection\":[\"Geopolitica e Storia contemporanea\"],\"inLanguage\":\"it-IT\",\"potentialAction\":[{\"@type\":\"CommentAction\",\"name\":\"Comment\",\"target\":[\"https:\\\/\\\/www.ocean4future.org\\\/savetheocean\\\/archives\\\/123308#respond\"]}]},{\"@type\":\"WebPage\",\"@id\":\"https:\\\/\\\/www.ocean4future.org\\\/savetheocean\\\/archives\\\/123308\",\"url\":\"https:\\\/\\\/www.ocean4future.org\\\/savetheocean\\\/archives\\\/123308\",\"name\":\"La svolta turca verso l\u2019autonomia strategica dei primi anni del 2000 di Giovanni Chiacchio &#8226; OCEAN4FUTURE autore\",\"isPartOf\":{\"@id\":\"https:\\\/\\\/www.ocean4future.org\\\/savetheocean\\\/#website\"},\"primaryImageOfPage\":{\"@id\":\"https:\\\/\\\/www.ocean4future.org\\\/savetheocean\\\/archives\\\/123308#primaryimage\"},\"image\":{\"@id\":\"https:\\\/\\\/www.ocean4future.org\\\/savetheocean\\\/archives\\\/123308#primaryimage\"},\"thumbnailUrl\":\"https:\\\/\\\/www.ocean4future.org\\\/savetheocean\\\/wp-content\\\/uploads\\\/2025\\\/12\\\/Turkish_KFOR_Soldiers_conduct_town_patrol_6644488.jpg\",\"datePublished\":\"2025-12-19T23:02:00+00:00\",\"dateModified\":\"2026-04-18T20:38:14+00:00\",\"breadcrumb\":{\"@id\":\"https:\\\/\\\/www.ocean4future.org\\\/savetheocean\\\/archives\\\/123308#breadcrumb\"},\"inLanguage\":\"it-IT\",\"potentialAction\":[{\"@type\":\"ReadAction\",\"target\":[\"https:\\\/\\\/www.ocean4future.org\\\/savetheocean\\\/archives\\\/123308\"]}]},{\"@type\":\"ImageObject\",\"inLanguage\":\"it-IT\",\"@id\":\"https:\\\/\\\/www.ocean4future.org\\\/savetheocean\\\/archives\\\/123308#primaryimage\",\"url\":\"https:\\\/\\\/www.ocean4future.org\\\/savetheocean\\\/wp-content\\\/uploads\\\/2025\\\/12\\\/Turkish_KFOR_Soldiers_conduct_town_patrol_6644488.jpg\",\"contentUrl\":\"https:\\\/\\\/www.ocean4future.org\\\/savetheocean\\\/wp-content\\\/uploads\\\/2025\\\/12\\\/Turkish_KFOR_Soldiers_conduct_town_patrol_6644488.jpg\",\"width\":640,\"height\":426},{\"@type\":\"BreadcrumbList\",\"@id\":\"https:\\\/\\\/www.ocean4future.org\\\/savetheocean\\\/archives\\\/123308#breadcrumb\",\"itemListElement\":[{\"@type\":\"ListItem\",\"position\":1,\"name\":\"Home\",\"item\":\"https:\\\/\\\/www.ocean4future.org\\\/savetheocean\"},{\"@type\":\"ListItem\",\"position\":2,\"name\":\"La svolta turca verso l\u2019autonomia strategica dei primi anni del 2000 di Giovanni Chiacchio\"}]},{\"@type\":\"WebSite\",\"@id\":\"https:\\\/\\\/www.ocean4future.org\\\/savetheocean\\\/#website\",\"url\":\"https:\\\/\\\/www.ocean4future.org\\\/savetheocean\\\/\",\"name\":\"Ocean 4 Future\",\"description\":\"Per una nuova cultura del mare e della marittimit\u00e0\",\"publisher\":{\"@id\":\"https:\\\/\\\/www.ocean4future.org\\\/savetheocean\\\/#\\\/schema\\\/person\\\/4e1c26437054353074d7bb2efa77162c\"},\"potentialAction\":[{\"@type\":\"SearchAction\",\"target\":{\"@type\":\"EntryPoint\",\"urlTemplate\":\"https:\\\/\\\/www.ocean4future.org\\\/savetheocean\\\/?s={search_term_string}\"},\"query-input\":{\"@type\":\"PropertyValueSpecification\",\"valueRequired\":true,\"valueName\":\"search_term_string\"}}],\"inLanguage\":\"it-IT\"},{\"@type\":[\"Person\",\"Organization\"],\"@id\":\"https:\\\/\\\/www.ocean4future.org\\\/savetheocean\\\/#\\\/schema\\\/person\\\/4e1c26437054353074d7bb2efa77162c\",\"name\":\"oceandiver\",\"image\":{\"@type\":\"ImageObject\",\"inLanguage\":\"it-IT\",\"@id\":\"https:\\\/\\\/www.ocean4future.org\\\/savetheocean\\\/wp-content\\\/uploads\\\/2023\\\/04\\\/logo-ocean3.jpg\",\"url\":\"https:\\\/\\\/www.ocean4future.org\\\/savetheocean\\\/wp-content\\\/uploads\\\/2023\\\/04\\\/logo-ocean3.jpg\",\"contentUrl\":\"https:\\\/\\\/www.ocean4future.org\\\/savetheocean\\\/wp-content\\\/uploads\\\/2023\\\/04\\\/logo-ocean3.jpg\",\"width\":472,\"height\":301,\"caption\":\"oceandiver\"},\"logo\":{\"@id\":\"https:\\\/\\\/www.ocean4future.org\\\/savetheocean\\\/wp-content\\\/uploads\\\/2023\\\/04\\\/logo-ocean3.jpg\"}},{\"@type\":\"Person\",\"@id\":\"https:\\\/\\\/www.ocean4future.org\\\/savetheocean\\\/#\\\/schema\\\/person\\\/ad3962a4283da6a7ba5d2e66f435a340\",\"name\":\"Redazione OCEAN4FUTURE\",\"image\":{\"@type\":\"ImageObject\",\"inLanguage\":\"it-IT\",\"@id\":\"https:\\\/\\\/secure.gravatar.com\\\/avatar\\\/ba6774c3cc06933a10f7e80f4184a636b9f8fe6f86714a5b2c583173eaf54646?s=96&d=mm&r=g\",\"url\":\"https:\\\/\\\/secure.gravatar.com\\\/avatar\\\/ba6774c3cc06933a10f7e80f4184a636b9f8fe6f86714a5b2c583173eaf54646?s=96&d=mm&r=g\",\"contentUrl\":\"https:\\\/\\\/secure.gravatar.com\\\/avatar\\\/ba6774c3cc06933a10f7e80f4184a636b9f8fe6f86714a5b2c583173eaf54646?s=96&d=mm&r=g\",\"caption\":\"Redazione OCEAN4FUTURE\"},\"description\":\"\u00e8 composta da oltre 60 collaboratori che lavorano in smart working, selezionati tra esperti di settore di diverse discipline. Hanno il compito di\u00a0 selezionare argomenti di particolare interesse, redigendo articoli basati su studi recenti. I contenuti degli stessi restano di responsabilit\u00e0 degli autori che sono ovviamente sempre citati. Eventuali quesiti possono essere inviati alla Redazione (infoocean4future@gmail.com) che, quando possibile, provveder\u00e0 ad inoltrarli agli Autori.\",\"sameAs\":[\"http:\\\/\\\/www.ocean4future.org\"],\"url\":\"https:\\\/\\\/www.ocean4future.org\\\/savetheocean\\\/archives\\\/author\\\/redazione-ocean4future\"}]}<\/script>\n<!-- \/ Yoast SEO plugin. -->","yoast_head_json":{"title":"La svolta turca verso l\u2019autonomia strategica dei primi anni del 2000 di Giovanni Chiacchio &#8226; OCEAN4FUTURE autore","robots":{"index":"index","follow":"follow","max-snippet":"max-snippet:-1","max-image-preview":"max-image-preview:large","max-video-preview":"max-video-preview:-1"},"canonical":"https:\/\/www.ocean4future.org\/savetheocean\/archives\/123308","og_locale":"it_IT","og_type":"article","og_title":"La svolta turca verso l\u2019autonomia strategica dei primi anni del 2000 di Giovanni Chiacchio &#8226; OCEAN4FUTURE autore","og_description":"tempo di lettura:  5 minuti. . ARGOMENTO: GEOPOLITICA PERIODO: XXI SECOLO AREA: TURCHIA parole chiave: Industria, Difesa . La fine degli anni Settanta coincise con una crescente instabilit\u00e0 economica e politica nel paese, culminata con il golpe militare operato dal generale Kenan Evren nel 1980. Questa azione venne intesa dal suo promotore come un\u2019azione atta a stabilizzare la nazione [&hellip;]","og_url":"https:\/\/www.ocean4future.org\/savetheocean\/archives\/123308","og_site_name":"OCEAN4FUTURE","article_published_time":"2025-12-19T23:02:00+00:00","article_modified_time":"2026-04-18T20:38:14+00:00","og_image":[{"width":640,"height":426,"url":"https:\/\/www.ocean4future.org\/savetheocean\/wp-content\/uploads\/2025\/12\/Turkish_KFOR_Soldiers_conduct_town_patrol_6644488.jpg","type":"image\/jpeg"}],"author":"Redazione OCEAN4FUTURE","twitter_card":"summary_large_image","twitter_creator":"@ocean4future","twitter_site":"@ocean4future","twitter_misc":{"Scritto da":"Redazione OCEAN4FUTURE","Tempo di lettura stimato":"8 minuti"},"schema":{"@context":"https:\/\/schema.org","@graph":[{"@type":"Article","@id":"https:\/\/www.ocean4future.org\/savetheocean\/archives\/123308#article","isPartOf":{"@id":"https:\/\/www.ocean4future.org\/savetheocean\/archives\/123308"},"author":{"name":"Redazione OCEAN4FUTURE","@id":"https:\/\/www.ocean4future.org\/savetheocean\/#\/schema\/person\/ad3962a4283da6a7ba5d2e66f435a340"},"headline":"La svolta turca verso l\u2019autonomia strategica dei primi anni del 2000 di Giovanni Chiacchio","datePublished":"2025-12-19T23:02:00+00:00","dateModified":"2026-04-18T20:38:14+00:00","mainEntityOfPage":{"@id":"https:\/\/www.ocean4future.org\/savetheocean\/archives\/123308"},"wordCount":1331,"commentCount":0,"publisher":{"@id":"https:\/\/www.ocean4future.org\/savetheocean\/#\/schema\/person\/4e1c26437054353074d7bb2efa77162c"},"image":{"@id":"https:\/\/www.ocean4future.org\/savetheocean\/archives\/123308#primaryimage"},"thumbnailUrl":"https:\/\/www.ocean4future.org\/savetheocean\/wp-content\/uploads\/2025\/12\/Turkish_KFOR_Soldiers_conduct_town_patrol_6644488.jpg","articleSection":["Geopolitica e Storia contemporanea"],"inLanguage":"it-IT","potentialAction":[{"@type":"CommentAction","name":"Comment","target":["https:\/\/www.ocean4future.org\/savetheocean\/archives\/123308#respond"]}]},{"@type":"WebPage","@id":"https:\/\/www.ocean4future.org\/savetheocean\/archives\/123308","url":"https:\/\/www.ocean4future.org\/savetheocean\/archives\/123308","name":"La svolta turca verso l\u2019autonomia strategica dei primi anni del 2000 di Giovanni Chiacchio &#8226; OCEAN4FUTURE autore","isPartOf":{"@id":"https:\/\/www.ocean4future.org\/savetheocean\/#website"},"primaryImageOfPage":{"@id":"https:\/\/www.ocean4future.org\/savetheocean\/archives\/123308#primaryimage"},"image":{"@id":"https:\/\/www.ocean4future.org\/savetheocean\/archives\/123308#primaryimage"},"thumbnailUrl":"https:\/\/www.ocean4future.org\/savetheocean\/wp-content\/uploads\/2025\/12\/Turkish_KFOR_Soldiers_conduct_town_patrol_6644488.jpg","datePublished":"2025-12-19T23:02:00+00:00","dateModified":"2026-04-18T20:38:14+00:00","breadcrumb":{"@id":"https:\/\/www.ocean4future.org\/savetheocean\/archives\/123308#breadcrumb"},"inLanguage":"it-IT","potentialAction":[{"@type":"ReadAction","target":["https:\/\/www.ocean4future.org\/savetheocean\/archives\/123308"]}]},{"@type":"ImageObject","inLanguage":"it-IT","@id":"https:\/\/www.ocean4future.org\/savetheocean\/archives\/123308#primaryimage","url":"https:\/\/www.ocean4future.org\/savetheocean\/wp-content\/uploads\/2025\/12\/Turkish_KFOR_Soldiers_conduct_town_patrol_6644488.jpg","contentUrl":"https:\/\/www.ocean4future.org\/savetheocean\/wp-content\/uploads\/2025\/12\/Turkish_KFOR_Soldiers_conduct_town_patrol_6644488.jpg","width":640,"height":426},{"@type":"BreadcrumbList","@id":"https:\/\/www.ocean4future.org\/savetheocean\/archives\/123308#breadcrumb","itemListElement":[{"@type":"ListItem","position":1,"name":"Home","item":"https:\/\/www.ocean4future.org\/savetheocean"},{"@type":"ListItem","position":2,"name":"La svolta turca verso l\u2019autonomia strategica dei primi anni del 2000 di Giovanni Chiacchio"}]},{"@type":"WebSite","@id":"https:\/\/www.ocean4future.org\/savetheocean\/#website","url":"https:\/\/www.ocean4future.org\/savetheocean\/","name":"Ocean 4 Future","description":"Per una nuova cultura del mare e della marittimit\u00e0","publisher":{"@id":"https:\/\/www.ocean4future.org\/savetheocean\/#\/schema\/person\/4e1c26437054353074d7bb2efa77162c"},"potentialAction":[{"@type":"SearchAction","target":{"@type":"EntryPoint","urlTemplate":"https:\/\/www.ocean4future.org\/savetheocean\/?s={search_term_string}"},"query-input":{"@type":"PropertyValueSpecification","valueRequired":true,"valueName":"search_term_string"}}],"inLanguage":"it-IT"},{"@type":["Person","Organization"],"@id":"https:\/\/www.ocean4future.org\/savetheocean\/#\/schema\/person\/4e1c26437054353074d7bb2efa77162c","name":"oceandiver","image":{"@type":"ImageObject","inLanguage":"it-IT","@id":"https:\/\/www.ocean4future.org\/savetheocean\/wp-content\/uploads\/2023\/04\/logo-ocean3.jpg","url":"https:\/\/www.ocean4future.org\/savetheocean\/wp-content\/uploads\/2023\/04\/logo-ocean3.jpg","contentUrl":"https:\/\/www.ocean4future.org\/savetheocean\/wp-content\/uploads\/2023\/04\/logo-ocean3.jpg","width":472,"height":301,"caption":"oceandiver"},"logo":{"@id":"https:\/\/www.ocean4future.org\/savetheocean\/wp-content\/uploads\/2023\/04\/logo-ocean3.jpg"}},{"@type":"Person","@id":"https:\/\/www.ocean4future.org\/savetheocean\/#\/schema\/person\/ad3962a4283da6a7ba5d2e66f435a340","name":"Redazione OCEAN4FUTURE","image":{"@type":"ImageObject","inLanguage":"it-IT","@id":"https:\/\/secure.gravatar.com\/avatar\/ba6774c3cc06933a10f7e80f4184a636b9f8fe6f86714a5b2c583173eaf54646?s=96&d=mm&r=g","url":"https:\/\/secure.gravatar.com\/avatar\/ba6774c3cc06933a10f7e80f4184a636b9f8fe6f86714a5b2c583173eaf54646?s=96&d=mm&r=g","contentUrl":"https:\/\/secure.gravatar.com\/avatar\/ba6774c3cc06933a10f7e80f4184a636b9f8fe6f86714a5b2c583173eaf54646?s=96&d=mm&r=g","caption":"Redazione OCEAN4FUTURE"},"description":"\u00e8 composta da oltre 60 collaboratori che lavorano in smart working, selezionati tra esperti di settore di diverse discipline. Hanno il compito di\u00a0 selezionare argomenti di particolare interesse, redigendo articoli basati su studi recenti. I contenuti degli stessi restano di responsabilit\u00e0 degli autori che sono ovviamente sempre citati. Eventuali quesiti possono essere inviati alla Redazione (infoocean4future@gmail.com) che, quando possibile, provveder\u00e0 ad inoltrarli agli Autori.","sameAs":["http:\/\/www.ocean4future.org"],"url":"https:\/\/www.ocean4future.org\/savetheocean\/archives\/author\/redazione-ocean4future"}]}},"_links":{"self":[{"href":"https:\/\/www.ocean4future.org\/savetheocean\/wp-json\/wp\/v2\/posts\/123308","targetHints":{"allow":["GET"]}}],"collection":[{"href":"https:\/\/www.ocean4future.org\/savetheocean\/wp-json\/wp\/v2\/posts"}],"about":[{"href":"https:\/\/www.ocean4future.org\/savetheocean\/wp-json\/wp\/v2\/types\/post"}],"author":[{"embeddable":true,"href":"https:\/\/www.ocean4future.org\/savetheocean\/wp-json\/wp\/v2\/users\/2398"}],"replies":[{"embeddable":true,"href":"https:\/\/www.ocean4future.org\/savetheocean\/wp-json\/wp\/v2\/comments?post=123308"}],"version-history":[{"count":2,"href":"https:\/\/www.ocean4future.org\/savetheocean\/wp-json\/wp\/v2\/posts\/123308\/revisions"}],"predecessor-version":[{"id":127639,"href":"https:\/\/www.ocean4future.org\/savetheocean\/wp-json\/wp\/v2\/posts\/123308\/revisions\/127639"}],"wp:featuredmedia":[{"embeddable":true,"href":"https:\/\/www.ocean4future.org\/savetheocean\/wp-json\/wp\/v2\/media\/123332"}],"wp:attachment":[{"href":"https:\/\/www.ocean4future.org\/savetheocean\/wp-json\/wp\/v2\/media?parent=123308"}],"wp:term":[{"taxonomy":"category","embeddable":true,"href":"https:\/\/www.ocean4future.org\/savetheocean\/wp-json\/wp\/v2\/categories?post=123308"},{"taxonomy":"post_tag","embeddable":true,"href":"https:\/\/www.ocean4future.org\/savetheocean\/wp-json\/wp\/v2\/tags?post=123308"}],"curies":[{"name":"wp","href":"https:\/\/api.w.org\/{rel}","templated":true}]}}