{"id":123045,"date":"2025-12-17T00:02:00","date_gmt":"2025-12-16T23:02:00","guid":{"rendered":"https:\/\/www.ocean4future.org\/savetheocean\/?p=123045"},"modified":"2026-04-18T22:39:31","modified_gmt":"2026-04-18T20:39:31","slug":"la-creazione-delle-unita-specializzate-multinazionali-msu","status":"publish","type":"post","link":"https:\/\/www.ocean4future.org\/savetheocean\/archives\/123045","title":{"rendered":"La creazione delle Unit\u00e0 Specializzate Multinazionali (MSU)"},"content":{"rendered":"<span class=\"span-reading-time rt-reading-time\" style=\"display: block;\"><span class=\"rt-label rt-prefix\">tempo di lettura: <\/span> <span class=\"rt-time\"> 9<\/span> <span class=\"rt-label rt-postfix\">minuti<\/span><\/span><p><span style=\"color: #ffffff;\">.<\/span><\/p>\n<p><a class=\"maxbutton-4 maxbutton maxbutton-livello-di-comprensione\" href=\"javascript:void(0);\"><span class='mb-text'>livello elementare<\/span><\/a><br \/>\n<span style=\"color: #ffffff;\">.<\/span><br \/>\n<strong><span style=\"color: #008000;\">ARGOMENTO: GEOPOLITICA<\/span><\/strong><br \/>\n<strong><span style=\"color: #008000;\">PERIODO: XXI SECOLO<\/span><\/strong><br \/>\n<strong><span style=\"color: #008000;\">AREA: OPERAZIONI MILITARI<\/span><\/strong><br \/>\nparole chiave: Operazioni ONU, MSU<br \/>\n<span style=\"color: #ffffff;\">.<\/span><\/p>\n<p style=\"text-align: justify;\">La risposta innovativa a quel \u201cvuoto di sicurezza\u201d che si era avvertito e che era stato recepito dalla NATO attraverso lo <strong><span style=\"color: #008000;\">Stability Policing<\/span><\/strong>, si concretizz\u00f2 nella creazione della prima \u201cUnit\u00e0 Specializzata Multinazionale\u201d, meglio nota come \u201c<strong><span style=\"color: #008000;\">Multinational Specialized Unit\u201d (MSU)<\/span><\/strong>, dispiegata in Bosnia nell\u2019agosto del 1998 nell\u2019ambito della missione <strong><span style=\"color: #008000;\">NATO SFOR (\u201cStabilization FORce\u201d)<\/span><\/strong>. Questa unit\u00e0, di dimensioni reggimentali, era composta da forze di tipo gendarmeria <strong><span style=\"color: #008000;\">(Gendarmerie Type Forces \u2013 GTF)<\/span><\/strong>, nello specifico carabinieri italiani e gendarmi argentini, supportati da una componente di polizia militare rumena, sotto la guida italiana. Sostanzialmente si trattava di forze \u201cibride\u201d, ovvero forze di polizia con status militare che combinavano la disciplina, l\u2019organizzazione e la robustezza tipiche delle forze armate con le competenze, la mentalit\u00e0 e le funzioni proprie della polizia civile. Questo carattere ibrido si \u00e8 poi rivelato la soluzione unica al policing gap, poich\u00e9 consente una risposta calibrata in ambienti troppo ostili per la polizia civile, ma dove un impiego della forza militare letale sarebbe inappropriato e controproducente.<\/p>\n<p><img decoding=\"async\" class=\"wp-image-123189 \" src=\"https:\/\/www.ocean4future.org\/savetheocean\/wp-content\/uploads\/2025\/12\/MSU_Mitrovica_Manbox_-_Ibar_Bridge_summer_2019-e1764063368816.jpg\" alt=\"\" width=\"1063\" height=\"520\" \/><\/p>\n<p align=\"justify\"><strong><span style=\"color: #008000;\">Dispositivo di controllo dei Carabinieri di KFOR MSU, di guardia al ponte sul fiume Ibar, in Mitrovica (Kosovo) durante la missione KFOR &#8211; estate 2019 &#8211; autore Allions &#8211;<\/span> <\/strong><a href=\"https:\/\/commons.wikimedia.org\/wiki\/File:MSU_Mitrovica_Manbox_-_Ibar_Bridge_summer_2019.jpg\">MSU Mitrovica Manbox &#8211; Ibar Bridge summer 2019.jpg &#8211; Wikimedia Commons<\/a><\/p>\n<p style=\"text-align: justify;\">L\u2019esperienza positiva delle MSU nei Balcani ha gettato le basi operative per la successiva formalizzazione di una dottrina condivisa all\u2019interno della NATO, trasformando una soluzione tattica in una riconosciuta capacit\u00e0 di livello strategico. L\u2019efficacia dimostrata sul campo dalle <strong><span style=\"color: #008000;\">MSU<\/span><\/strong> ha portato alla necessit\u00e0 di codificare l\u2019esperienza operativa in un quadro dottrinale formale e condiviso. Questo processo si \u00e8 concretizzato nel 2016 con la pubblicazione dell\u2019<strong><span style=\"color: #008000;\"><a href=\"https:\/\/assets.publishing.service.gov.uk\/media\/5a821ac2ed915d74e3401bfe\/20160801-nato_stab_pol_ajp_3_22_a_secured.pdf\">Allied Joint Publication AJP-3.22<\/a> (Allied Joint Doctrine for Stability Policing)<\/span><\/strong>, che oggi rappresenta il documento di riferimento per l\u2019Alleanza Atlantica in questa materia. La dottrina non solo standardizza l\u2019approccio, ma espande anche la portata del concetto, rendendolo uno strumento flessibile applicabile all\u2019intero spettro dei conflitti.<\/p>\n<p><img decoding=\"async\" class=\"alignnone wp-image-123254\" src=\"https:\/\/www.ocean4future.org\/savetheocean\/wp-content\/uploads\/2025\/12\/Screenshot-2025-11-25-162816.png\" alt=\"\" width=\"1065\" height=\"1353\" srcset=\"https:\/\/www.ocean4future.org\/savetheocean\/wp-content\/uploads\/2025\/12\/Screenshot-2025-11-25-162816.png 541w, https:\/\/www.ocean4future.org\/savetheocean\/wp-content\/uploads\/2025\/12\/Screenshot-2025-11-25-162816-236x300.png 236w\" sizes=\"(max-width: 1065px) 100vw, 1065px\" \/><\/p>\n<p style=\"text-align: justify;\">L\u2019<a href=\"https:\/\/assets.publishing.service.gov.uk\/media\/5a821ac2ed915d74e3401bfe\/20160801-nato_stab_pol_ajp_3_22_a_secured.pdf\"><strong><span style=\"color: #008000;\">AJP-3.22<\/span><\/strong><\/a> definisce due missioni principali per lo <strong><span style=\"color: #008000;\">Stability Policing <\/span><\/strong><span style=\"color: #000000;\">(vedi immagine dalla pubblicazione)<\/span>, che si adattano a diversi livelli di collasso o inefficienza delle istituzioni di sicurezza locali:<br \/>\n&#8211; <strong><span style=\"color: #008000;\">replacement<\/span><\/strong> (sostituzione), necessaria nelle situazioni in cui le forze di polizia locali (<strong><span style=\"color: #008000;\">IPF \u2013 Indigenous Police Force<\/span><\/strong>) o un governo riconosciuto sono inesistenti o completamente collassati. Questo \u00e8 il caso pi\u00f9 esigente e pu\u00f2 caratterizzare un cosiddetto \u201c<strong><span style=\"color: #008000;\">Failed State\u201d<\/span><\/strong> (Stato fallito). La sostituzione pu\u00f2 essere completa (coprendo controllo territoriale, polizia generale e funzioni specialistiche) o parziale (limitata a lacune di capacit\u00e0 specifiche che le IPF esistenti non riescono a coprire);<br \/>\n&#8211; <strong><span style=\"color: #008000;\">reinforcement<\/span><\/strong> (rafforzamento), richiesta quando la polizia locale esiste ed \u00e8 considerata affidabile, ma la sua efficacia \u00e8 limitata o indebolita. Questa situazione \u00e8 spesso caratteristica di un \u201c<strong><span style=\"color: #008000;\">Recovering State<\/span><\/strong>\u201d (Stato in ripresa).<\/p>\n<p><img decoding=\"async\" class=\"alignnone wp-image-123255\" src=\"https:\/\/www.ocean4future.org\/savetheocean\/wp-content\/uploads\/2025\/12\/Screenshot-2025-11-25-163012.png\" alt=\"\" width=\"1077\" height=\"487\" srcset=\"https:\/\/www.ocean4future.org\/savetheocean\/wp-content\/uploads\/2025\/12\/Screenshot-2025-11-25-163012.png 535w, https:\/\/www.ocean4future.org\/savetheocean\/wp-content\/uploads\/2025\/12\/Screenshot-2025-11-25-163012-300x136.png 300w\" sizes=\"(max-width: 1077px) 100vw, 1077px\" \/><\/p>\n<p style=\"text-align: justify;\"><strong><span style=\"color: #008000;\">Le attivit\u00e0 di rafforzamento possono includere diverse funzioni:<\/span><\/strong><br \/>\n<strong><span style=\"color: #008000;\">&#8211; monitoring<\/span><\/strong> (monitoraggio): osservazione, valutazione e rendicontazione delle prestazioni delle IPF per garantire il rispetto dei diritti umani e delle migliori pratiche internazionali;<br \/>\n<strong><span style=\"color: #008000;\">&#8211; mentoring<\/span> <\/strong>(affiancamento): fornire guida e consulenza continua a individui, team o unit\u00e0 specifiche fino a quando non sono in grado di funzionare autonomamente, spesso focalizzato sullo sviluppo del personale in posizioni di leadership e comando;<br \/>\n<strong><span style=\"color: #008000;\">&#8211; advising<\/span> <\/strong>(consulenza): fornire competenze e consigli specialistici alle forze locali, applicabile dal livello tattico a quello strategico;<br \/>\n<strong><span style=\"color: #008000;\">&#8211; reforming<\/span> <\/strong>(riforma): processo di trasformazione strategica volto a migliorare le capacit\u00e0 e l\u2019integrit\u00e0, che pu\u00f2 includere la ristrutturazione interna, la ricostruzione e l\u2019ispezione;<br \/>\n<strong><span style=\"color: #008000;\">&#8211; training<\/span><\/strong> (addestramento): iniziative che contribuiscono all\u2019educazione e all\u2019addestramento della forza locale, sia a livello individuale che collettivo;<br \/>\n<strong><span style=\"color: #008000;\">&#8211; partnering<\/span><\/strong> (collaborazione): coinvolgimento in attivit\u00e0 congiunte. Il rafforzamento pu\u00f2 evolvere dalla funzione di sostituzione (fase iniziale), e richiede un progressivo passaggio di responsabilit\u00e0 alla polizia locale.<\/p>\n<p style=\"text-align: justify;\">Per adempiere a queste missioni, le <strong><span style=\"color: #008000;\">forze di<\/span> <span style=\"color: #008000;\">Stability Policing<\/span><\/strong> devono possedere un\u2019ampia gamma di capacit\u00e0 specialistiche, diverse da quelle di un\u2019unit\u00e0 militare convenzionale ed in particolare:<br \/>\n&#8211; <strong><span style=\"color: #008000;\">controllo della folla e gestione dei disordini<\/span><\/strong> \u2013 capacit\u00e0 fondamentale per gestire le tensioni civili con un uso proporzionato della forza, prevenendo l\u2019escalation della violenza;<br \/>\nindagini penali e attivit\u00e0 forensi: competenze essenziali per raccogliere prove, gestire la scena del crimine e supportare il sistema giudiziario nel perseguire i responsabili di reati;<br \/>\n&#8211; <strong><span style=\"color: #008000;\">c<\/span><span style=\"color: #008000;\">ontrollo delle frontiere e sicurezza di siti critici<\/span> <\/strong>\u2013 per ristabilire la sovranit\u00e0 dello Stato e proteggere le infrastrutture vitali per il funzionamento della societ\u00e0;<br \/>\n&#8211; <strong><span style=\"color: #008000;\">lotta al terrorismo e alla criminalit\u00e0 organizzata<\/span><\/strong> \u2013 capacit\u00e0 specialistiche per contrastare le minacce che minano la stabilit\u00e0 e finanziano gruppi destabilizzanti;<br \/>\n&#8211; <strong><span style=\"color: #008000;\">protezione dei civili e dei gruppi vulnerabili<\/span><\/strong> \u2013 per garantire la sicurezza umana e creare un ambiente protetto, in particolare per minoranze, donne e bambini.<\/p>\n<p style=\"text-align: justify;\">L\u2019impiego di unit\u00e0 <strong><span style=\"color: #008000;\">MSU<\/span><\/strong> si dimostr\u00f2 sin dall\u2019inizio pienamente in grado sia di porre sul terreno la capacit\u00e0 di colmare il \u201c<strong><span style=\"color: #008000;\">deployment gap<\/span><\/strong>\u201d <strong><sup><span style=\"color: #008000;\">1<\/span><\/sup><\/strong>, sia di fornire un concreto contributo per porre fine alla violenza su larga scala. Come esempio di impiego si possono citare il dispiegamento in Bosnia ed in Kosovo nonch\u00e9 l\u2019impegno nelle lotta contro l\u2019I<strong><span style=\"color: #008000;\">SIS (Islamic State in Iraq and Syria).<\/span><\/strong><\/p>\n<p><img decoding=\"async\" class=\"wp-image-123256 \" src=\"https:\/\/www.ocean4future.org\/savetheocean\/wp-content\/uploads\/2025\/12\/Army_Photography_Contest_-_2004_-_FMWRC_-_Arts_and_Crafts_-_SFOR_Surveillance-e1764084901350.jpg\" alt=\"\" width=\"1062\" height=\"695\" \/><\/p>\n<p align=\"JUSTIFY\"><strong><span style=\"color: #008000;\">attivit\u00e0 forze statunitensi durante l&#8217;operazione SFOR in Bosnia &#8211; Fonte US ARMY &#8211; Autore non noto &#8211; <a href=\"https:\/\/commons.wikimedia.org\/wiki\/File:Army_Photography_Contest_-_2004_-_FMWRC_-_Arts_and_Crafts_-_SFOR_Surveillance.jpg\">2004 &#8230; SFOR Surveillance.jpg &#8211; Wikimedia Commons<\/a><\/span><\/strong><\/p>\n<p style=\"text-align: justify;\">In <strong><span style=\"color: #008000;\">Bosnia<\/span><\/strong>, il dispiegamento della <strong><span style=\"color: #008000;\">NATO SFOR<\/span> <\/strong>si scontr\u00f2 con la minaccia dei disordini civili orchestrati, noti come \u201c<strong><span style=\"color: #008000;\">rent-a-mobs<\/span><\/strong>\u201d <strong><sup><span style=\"color: #008000;\">2<\/span><\/sup><\/strong>. La SFOR, priva di capacit\u00e0 di controllo della folla, si trovava paralizzata. Il dispiegamento della MSU nel 1998 colm\u00f2 in modo decisivo questo deployment gap. Nel suo primo anno di attivit\u00e0 la MSU risolse 261 dei 263 \u201cinterventi\u201d senza ricorrere all\u2019uso della forza, basandosi su deterrenza, dissuasione e negoziazione.<\/p>\n<p style=\"text-align: justify;\">In <strong><span style=\"color: #008000;\">Kosovo<\/span><\/strong>, il rapido dispiegamento della <strong><span style=\"color: #008000;\">MSU<\/span><\/strong> in ambito <strong><span style=\"color: #008000;\">KFOR (Kosovo FORce)<\/span><\/strong> nel 1999 evit\u00f2 il verificarsi di un deployment gap. Questa prontezza permise di gestire efficacemente i disordini nella citt\u00e0 divisa di Mitrovica, neutralizzando le tattiche dei cosiddetti \u201c<strong><span style=\"color: #008000;\">Bridge Watchers<\/span><\/strong>\u201d (\u201cOsservatori\/Guardie del ponte\u201d), gruppo paramilitare formato principalmente da serbi del Kosovo settentrionale, attivo soprattutto tra la fine degli anni \u201990 e i primi anni 2000. Per inciso, il loro nome deriva dall&#8217;attivit\u00e0 sul ponte sul fiume Ibar, che divide la citt\u00e0 di Mitrovica in due parti: la parte nord, a maggioranza serba, e la parte sud, a maggioranza albanese, diventato un simbolo della divisione etnica e politica tra le due comunit\u00e0.<\/p>\n<p><img decoding=\"async\" class=\"wp-image-123257 \" src=\"https:\/\/www.ocean4future.org\/savetheocean\/wp-content\/uploads\/2025\/12\/Italian_Carabinieri_KFOR_Soldier_at_Ibar_River_Bridge_-_Mitrovica_Albanian_Side_-_Kosovo-e1764085453174.jpg\" alt=\"\" width=\"1062\" height=\"1415\" \/><\/p>\n<p align=\"JUSTIFY\"><strong><span style=\"color: #008000;\">Carabiniere della KFOR di guardia al ponte sul fiume Ibar &#8211; Mitrovica (lato albanese) &#8211; Kosovo, 2013 &#8211; Autore Adam Jones, Ph.D.<\/span><\/strong> <a href=\"https:\/\/commons.wikimedia.org\/wiki\/File:Italian_Carabinieri_KFOR_Soldier_at_Ibar_River_Bridge_-_Mitrovica_(Albanian_Side)_-_Kosovo.jpg\">Italian Carabinieri KFOR Soldier at Ibar River Bridge &#8211; Mitrovica (Albanian Side) &#8211; Kosovo.jpg &#8211; Wikimedia Commons<\/a><\/p>\n<p style=\"text-align: justify;\">Nel contesto della lotta all\u2019ISIS, il contributo dello <strong><span style=\"color: #008000;\">Stability Policing<\/span><\/strong>, dopo il gravissimo attentato alla base italiana Maestrale di Nassiriya sede della MSU del 12 novembre 2003,\u00a0 che caus\u00f2 la morte di 19 italiani (12 carabinieri, 5 militari dell\u2019Esercito e 2 civili) e 9 iracheni, assunse la forma della Police Task Force \u2013 Iraq (PTF-I), a guida carabinieri, come evoluzione di precedenti missioni di addestramento avviate dall\u2019Arma in Iraq. Un contingente di 90 carabinieri fu schierato nel marzo 2015 per formare la PTF-I, successivamente cresciuta fino a includere circa 170 addetti, tra cui Guardia Civil spagnola e personale di polizia militare e civile di altri paesi. <strong><span style=\"color: #008000;\">La strategia della coalizione si basava sul concetto di \u201cclear and hold\u201d (\u201cripulisci e mantieni\u201d): le forze militari \u201cripulivano\u201d le aree da ISIS, mentre le forze di polizia locali (\u201cHold Forces\u201c) avevano il compito di \u201cmantenerle\u201d sicure. La PTF-I fu creata per addestrare queste forze, un modello di successo nel campo del \u201ctrain, advise and assist\u201d (addestramento, consulenza e assistenza).<\/span><\/strong><\/p>\n<p style=\"text-align: justify;\">In ogni caso, l\u2019impegno ed i risultati conseguiti dai carabinieri delle MSU, ha messo in risalto il ruolo pionieristico dell\u2019Italia nello sviluppo, nella codifica e nella diffusione del concetto di Stability Policing a livello mondiale, permettendo di trasformare l\u2019esperienza operativa maturata in una capacit\u00e0 strategica riconosciuta e in un modello di eccellenza. Il riconoscimento di tale ruolo pioneristico si \u00e8 poi concretizzato con la costituzione del \u201c<strong><span style=\"color: #008000;\">Center of Excellence for Stability Police Units\u201d (CoESPU) &#8211; Centro di Eccellenza per le Stability Police Units)<\/span><\/strong> inaugurato a Vicenza il 1\u00b0 marzo 2005.<\/p>\n<p><img decoding=\"async\" class=\"wp-image-123258 \" src=\"https:\/\/www.ocean4future.org\/savetheocean\/wp-content\/uploads\/2025\/12\/Graduation_Ceremony_19th_Course_on_Civilian_Military_and_Police_Units_Relationship_at_Center_of_Excellence_for_Stability_Police_Units_CoESPU_Vicenza_Italy_170228-A-JM436-093.jpg\" alt=\"\" width=\"1066\" height=\"711\" srcset=\"https:\/\/www.ocean4future.org\/savetheocean\/wp-content\/uploads\/2025\/12\/Graduation_Ceremony_19th_Course_on_Civilian_Military_and_Police_Units_Relationship_at_Center_of_Excellence_for_Stability_Police_Units_CoESPU_Vicenza_Italy_170228-A-JM436-093.jpg 640w, https:\/\/www.ocean4future.org\/savetheocean\/wp-content\/uploads\/2025\/12\/Graduation_Ceremony_19th_Course_on_Civilian_Military_and_Police_Units_Relationship_at_Center_of_Excellence_for_Stability_Police_Units_CoESPU_Vicenza_Italy_170228-A-JM436-093-300x200.jpg 300w\" sizes=\"(max-width: 1066px) 100vw, 1066px\" \/><\/p>\n<p align=\"JUSTIFY\"><strong><span style=\"color: #008000;\">militari e studenti provenienti da Europa, Africa, Italia e Stati Uniti durante la cerimonia di laurea del 19\u00b0 corso sulle relazioni tra unit\u00e0 civili, militari e di polizia presso il Centro di eccellenza per le unit\u00e0 di polizia di stabilit\u00e0 (CoESPU) a Vicenza, Italia, 28 febbraio 2017 &#8211; Foto US ARMY Autore Paolo Bovo, Visual Information Specialist<\/span><\/strong>\u00a0<a href=\"https:\/\/commons.wikimedia.org\/wiki\/File:Graduation_Ceremony_19th_Course_on_Civilian,_Military_and_Police_Units_Relationship_at_Center_of_Excellence_for_Stability_Police_Units_(CoESPU)_Vicenza,_Italy_170228-A-JM436-093.jpg\">Graduation Ceremony 19th Course on Civilian, Military and Police Units Relationship at Center of Excellence for Stability Police Units (CoESPU) Vicenza, Italy 170228-A-JM436-093.jpg &#8211; Wikimedia Commons<\/a><\/p>\n<p style=\"text-align: justify;\">L\u2019istituzione nacque da una proposta italiana accolta dal G8 durante il \u201cSea Island Summit\u201d del 2004 e sostenuta fin dall\u2019inizio da un fondamentale finanziamento del Dipartimento di Stato degli Stati Uniti. La missione del CoESPU \u00e8 duplice, facendone un punto di riferimento unico con:<br \/>\n&#8211; il \u201ccentro di formazione avanzata\u201d (advanced training center): il <strong><span style=\"color: #008000;\">CoESPU<\/span><\/strong> \u00e8 un polo addestrativo di livello mondiale;<br \/>\n&#8211; il \u201cpolo dottrinale\u201d(doctrinal hub): oltre all\u2019addestramento, il <strong><span style=\"color: #008000;\">CoESPU<\/span><\/strong> funziona come un \u201cthink tank\u201d strategico collaborando con organizzazioni internazionali per sviluppare e standardizzare dottrine e procedure comuni e promuovendo l\u2019interoperabilit\u00e0. Per completezza, la stessa struttura che ospita il <strong><span style=\"color: #008000;\">CoESPU<\/span><\/strong> ospita ora anche il \u201c<strong><span style=\"color: #008000;\">NATO Stability Policing \u2013 Center of Excellence\u201d (NATO SP-CoE) (Centro di Eccellenza NATO per lo Stability Policing)<\/span> <\/strong>nonch\u00e8 il Quartier Generale permanente della \u201c<strong><span style=\"color: #008000;\">Forza di Gendarmeria Europea<\/span><\/strong>\u201d, meglio nota come <strong><span style=\"color: #008000;\">EUROGENDFOR (EUROpean GENDarmerie FORce \u2013 EGF)<\/span><\/strong>.<\/p>\n<p style=\"text-align: justify;\">In definitiva \u00e8 evidente che lo <strong><span style=\"color: #008000;\">Stability Policing<\/span><\/strong>, condotto da forze specializzate di tipo gendarmeria, non \u00e8 un\u2019opzione accessoria, ma uno strumento per la gestione delle crisi e rappresenta l\u2019anello di congiunzione che colma il divario tra l\u2019intervento militare, necessario per fermare il conflitto, e la costruzione di una pace sostenibile, fondata sullo stato di diritto.<\/p>\n<p style=\"text-align: justify;\">Per completezza di informazione, l\u2019attuale impegno di <strong><span style=\"color: #008000;\">EUROGENDFOR<\/span><\/strong> si manifesta presso il valico di Rafah, (tra Gaza ed Egitto) nell\u2019ambito della missione dell\u2019Unione Europea \u201c<strong><span style=\"color: #008000;\">EUBAM Rafah<\/span><\/strong>\u201d (<strong><span style=\"color: #008000;\">European Union Border Assistance Mission \u2013 Rafah<\/span><\/strong>), missione riattivata all\u2019inizio del 2025 dopo una sospensione durata dal 2007. In tale Forza \u00e8 presente un nucleo di carabinieri, circostanza che dimostra che tali forze di <strong><span style=\"color: #008000;\">Stability Policing<\/span><\/strong> possono svolgere un ruolo chiave nel garantire la sicurezza e la gestione ordinata post-conflitto di quei territori in situazioni precarie, contribuendo cos\u00ec agli sforzi internazionali per la pace e la stabilit\u00e0 nella regione.<\/p>\n<p><strong><span style=\"color: #008000;\">Francesco Caldari\u00a0 Marco Bandioli<br \/>\n<span style=\"color: #ffffff;\">.<\/span><\/span><\/strong><\/p>\n<p style=\"text-align: justify;\">1 <strong><span style=\"color: #008000;\">deployment gap<\/span><\/strong>\u201d \u00e8 l&#8217;impossibilit\u00e0 o mancata volont\u00e0 da parte della polizia locale di svolgere la missione assegnata<br \/>\n2 <strong><span style=\"color: #008000;\">rent a mobs<\/span><\/strong> \u00e8 un termine dispregiativo che indica un gruppo di persone, spesso assunte, che partecipano a proteste o eventi per creare una dimostrazione artificiale o non autentica di sostegno o opposizione<br \/>\n<span style=\"color: #ffffff;\">.<\/span><\/p>\n<p style=\"text-align: justify;\"><strong><span style=\"color: #008000;\"><img decoding=\"async\" class=\" wp-image-123182 alignleft\" src=\"https:\/\/www.ocean4future.org\/savetheocean\/wp-content\/uploads\/2025\/11\/Caldari_Uniforme_mezzo_busto-1-1-e1764061271139.jpg\" alt=\"\" width=\"222\" height=\"255\" \/>Francesco Caldari, <\/span><span style=\"color: #008000;\">Generale di Brigata (riserva),\u00a0 ha servito per quaranta anni nel servizio permanente effettivo nell\u2019Arma dei carabinieri, ricoprendo incarichi di comando nella organizzazione Mobile (8\u00b0 Battaglione \u201cLazio\u201d &#8211; Roma), in quella Territoriale (Tenenza \/ Compagnia di Acerenza), di Polizia Militare (Compagnia per la Marina Militare presso l\u2019Alto Comando della Spezia) e della Tutela del Segreto (Agenzia di Sicurezza Interregionale CC M.M. La Spezia) nonch\u00e9 in servizio di polizia giudiziaria (Nucleo Investigativo del Comando Provinciale di Genova).\u00c8 stato altres\u00ec impiegato nel contesto di Stato Maggiore (da ultimo quale Ca.SM del Comando Legione \u201cLiguria\u201d in Genova), anche all\u2019estero, come Provost Marshal presso il Quartier Generale di NATO-KFOR (Kosovo Force) a Prishtina\/Pri\u0161tina. Ha seguito numerosi e variegati corsi militari. Gli \u00e8 stata concessa la Medaglia Mauriziana e\u00a0di Cavaliere della Repubblica. Ha conseguito la laurea triennale in Scienze della Sicurezza (Roma &#8211; Tor Vergata) e quella magistrale in Relazioni Internazionali (Genova), con una tesi sulla &#8220;cooperazione internazionale di polizia&#8221;, argomento sul quale cura un blog ed un podcast. Concluso il servizio attivo si dedica alla sua passione per la storia<\/span><\/strong><\/p>\n<p style=\"text-align: justify;\"><strong><span style=\"color: #008000;\"><br \/>\n<img decoding=\"async\" class=\" wp-image-111050 alignleft\" src=\"https:\/\/www.ocean4future.org\/savetheocean\/wp-content\/uploads\/2024\/11\/marco-bandioli-RID.jpg\" alt=\"\" width=\"212\" height=\"206\" srcset=\"https:\/\/www.ocean4future.org\/savetheocean\/wp-content\/uploads\/2024\/11\/marco-bandioli-RID.jpg 308w, https:\/\/www.ocean4future.org\/savetheocean\/wp-content\/uploads\/2024\/11\/marco-bandioli-RID-300x291.jpg 300w, https:\/\/www.ocean4future.org\/savetheocean\/wp-content\/uploads\/2024\/11\/marco-bandioli-RID-50x50.jpg 50w\" sizes=\"(max-width: 212px) 100vw, 212px\" \/>Marco Bandioli Ufficiale ammiraglio della riserva della Marina Militare italiana ha al suo attivo lunghi periodi di imbarco nei quali ha partecipato ad operazioni navali, anfibie e di sicurezza marittima, sia in contesti nazionali che multinazionali e\/o NATO. Ha comandato tre unit\u00e0 navali in piena attivit\u00e0 operativa ed \u00e8 stato anche impiegato in ambito Interforze nonch\u00e9 nello staff alle dirette dipendenze del Ministro della Difesa. Ha scritto un manuale di \u201cGuerra anfibia\u201d ad uso dell\u2019Accademia Navale e per la casa editrice IBN un manuale operativo per la difesa antiterrorismo dei porti. Inoltre \u00e8 autore di numerosi articoli, sia a livello strategico che tattico, per diverse riviste di settore, sia istituzionali che di normale divulgazione. In qualit\u00e0 di cintura nera 5\u00b0Dan di karate, e specialista in tecniche di combattimento militare, scrive periodicamente articoli per una organizzazione internazionale di arti marziali<br \/>\n<span style=\"color: #ffffff;\">.<\/span><\/span><\/strong><\/p>\n<p style=\"text-align: justify;\"><span style=\"color: #000000;\">in anteprima un\u00a0<\/span><span class=\"jCAhz ChMk0b\"><span class=\"ryNqvb\">IVECO-OTO Melara Centauro B1 del 19\u00b0 Reggimento di Cavalleria dell&#8217;Esercito Italiano durante un pattugliamento a Sarajevo, Bosnia-Erzegovina, durante la missione IFOR (<\/span><\/span><span class=\"jCAhz ChMk0b\"><span class=\"ryNqvb\">Forza di Implementazione multinazionale &#8211; IFOR), composta da forze militari NATO e non NATO, schierata in Bosnia a supporto degli accordi di Dayton\u00a0 &#8211; Autore <\/span><\/span><span class=\"jCAhz\"><span class=\"ryNqvb\">PH2 Jeffery Russell <a href=\"https:\/\/commons.wikimedia.org\/wiki\/File:Centauro01.JPEG\">Centauro01.JPEG &#8211; Wikimedia Commons<\/a><\/span><\/span><\/p>\n<p><span style=\"color: #ffffff;\">.<\/span><br \/>\n<span style=\"color: #ffffff;\">.<\/span><\/p>\n<p><strong><span style=\"color: #008000;\">pubblicato precedentemente integralmente su <a href=\"https:\/\/www.difesaonline.it\/2025\/11\/20\/lo-stability-policing-come-strumento-di-gestione-delle-crisi-e-nel-mantenimento-della-pace\/\">DIFESAONLINE<\/a><\/span><\/strong><\/p>\n<p style=\"text-align: justify;\"><span style=\"color: #ffffff;\">.<\/span><\/p>\n<p style=\"text-align: justify;\"><a class=\"maxbutton-3 maxbutton maxbutton-pagina-principale\" target=\"_blank\" title=\"tooltip\" rel=\"nofollow noopener\" href=\"http:\/\/www.ocean4future.org\"><span class='mb-text'>PAGINA PRINCIPALE - HOME PAGE<\/span><\/a><br \/>\n<span style=\"color: #ffffff;\">.<\/span><br \/>\n<a class=\"maxbutton-13 maxbutton maxbutton-parte-i\" target=\"_blank\" title=\" tooltip\" rel=\"nofollow noopener\" href=\"https:\/\/www.ocean4future.org\/savetheocean\/archives\/123043\"><span class='mb-text'>PARTE I<\/span><\/a> <a class=\"maxbutton-14 maxbutton maxbutton-parte-ii\" target=\"_blank\" title=\" tooltip\" rel=\"nofollow noopener\" href=\"https:\/\/www.ocean4future.org\/savetheocean\/archives\/123044\"><span class='mb-text'>PARTE II<\/span><\/a> <a class=\"maxbutton-15 maxbutton maxbutton-parte-iii\" target=\"_blank\" title=\" tooltip\" rel=\"nofollow noopener\" href=\"https:\/\/www.ocean4future.org\/savetheocean\/archives\/123045\"><span class='mb-text'>PARTE III<\/span><\/a><br \/>\n<span style=\"color: #ffffff;\">.<\/span><br \/>\nAlcune delle immagini presenti possono essere state prese dal web, citandone ove possibile gli autori e\/o le fonti. Se qualcuno desiderasse specificarne l\u2019autore o rimuoverle, pu\u00f2 scrivere a infoocean4future@gmail.com e provvederemo immediatamente alla correzione dell\u2019articolo<br \/>\n<span style=\"color: #ffffff;\">.<\/span><\/p>\n","protected":false},"excerpt":{"rendered":"<p><span class=\"span-reading-time rt-reading-time\" style=\"display: block;\"><span class=\"rt-label rt-prefix\">tempo di lettura: <\/span> <span class=\"rt-time\"> 9<\/span> <span class=\"rt-label rt-postfix\">minuti<\/span><\/span>. . ARGOMENTO: GEOPOLITICA PERIODO: XXI SECOLO AREA: OPERAZIONI MILITARI parole chiave: Operazioni ONU, MSU . La risposta innovativa a quel \u201cvuoto di sicurezza\u201d che si era avvertito e che era stato recepito dalla NATO attraverso lo Stability Policing, si concretizz\u00f2 nella creazione della prima \u201cUnit\u00e0 Specializzata Multinazionale\u201d, meglio nota come \u201cMultinational Specialized Unit\u201d (MSU), [&hellip;]<\/p>\n","protected":false},"author":2398,"featured_media":123189,"comment_status":"open","ping_status":"open","sticky":false,"template":"","format":"standard","meta":{"_acf_changed":false,"_monsterinsights_skip_tracking":false,"_monsterinsights_sitenote_active":false,"_monsterinsights_sitenote_note":"","_monsterinsights_sitenote_category":0,"footnotes":""},"categories":[1413],"tags":[],"class_list":["post-123045","post","type-post","status-publish","format-standard","has-post-thumbnail","hentry","category-geopolitica"],"acf":[],"yoast_head":"<!-- This site is optimized with the Yoast SEO plugin v27.4 - https:\/\/yoast.com\/product\/yoast-seo-wordpress\/ -->\n<title>La creazione delle Unit\u00e0 Specializzate Multinazionali (MSU) &#8226; OCEAN4FUTURE autore<\/title>\n<meta name=\"robots\" content=\"index, follow, max-snippet:-1, max-image-preview:large, max-video-preview:-1\" \/>\n<link rel=\"canonical\" href=\"https:\/\/www.ocean4future.org\/savetheocean\/archives\/123045\" \/>\n<meta property=\"og:locale\" content=\"it_IT\" \/>\n<meta property=\"og:type\" content=\"article\" \/>\n<meta property=\"og:title\" content=\"La creazione delle Unit\u00e0 Specializzate Multinazionali (MSU) &#8226; OCEAN4FUTURE autore\" \/>\n<meta property=\"og:description\" content=\"tempo di lettura:  9 minuti. . ARGOMENTO: GEOPOLITICA PERIODO: XXI SECOLO AREA: OPERAZIONI MILITARI parole chiave: Operazioni ONU, MSU . La risposta innovativa a quel \u201cvuoto di sicurezza\u201d che si era avvertito e che era stato recepito dalla NATO attraverso lo Stability Policing, si concretizz\u00f2 nella creazione della prima \u201cUnit\u00e0 Specializzata Multinazionale\u201d, meglio nota come \u201cMultinational Specialized Unit\u201d (MSU), [&hellip;]\" \/>\n<meta property=\"og:url\" content=\"https:\/\/www.ocean4future.org\/savetheocean\/archives\/123045\" \/>\n<meta property=\"og:site_name\" content=\"OCEAN4FUTURE\" \/>\n<meta property=\"article:published_time\" content=\"2025-12-16T23:02:00+00:00\" \/>\n<meta property=\"article:modified_time\" content=\"2026-04-18T20:39:31+00:00\" \/>\n<meta property=\"og:image\" content=\"https:\/\/www.ocean4future.org\/savetheocean\/wp-content\/uploads\/2025\/12\/MSU_Mitrovica_Manbox_-_Ibar_Bridge_summer_2019-e1764063368816.jpg\" \/>\n\t<meta property=\"og:image:width\" content=\"640\" \/>\n\t<meta property=\"og:image:height\" content=\"313\" \/>\n\t<meta property=\"og:image:type\" content=\"image\/jpeg\" \/>\n<meta name=\"author\" content=\"Redazione OCEAN4FUTURE\" \/>\n<meta name=\"twitter:card\" content=\"summary_large_image\" \/>\n<meta name=\"twitter:creator\" content=\"@ocean4future\" \/>\n<meta name=\"twitter:site\" content=\"@ocean4future\" \/>\n<meta name=\"twitter:label1\" content=\"Scritto da\" \/>\n\t<meta name=\"twitter:data1\" content=\"Redazione OCEAN4FUTURE\" \/>\n\t<meta name=\"twitter:label2\" content=\"Tempo di lettura stimato\" \/>\n\t<meta name=\"twitter:data2\" content=\"14 minuti\" \/>\n<script type=\"application\/ld+json\" class=\"yoast-schema-graph\">{\"@context\":\"https:\\\/\\\/schema.org\",\"@graph\":[{\"@type\":\"Article\",\"@id\":\"https:\\\/\\\/www.ocean4future.org\\\/savetheocean\\\/archives\\\/123045#article\",\"isPartOf\":{\"@id\":\"https:\\\/\\\/www.ocean4future.org\\\/savetheocean\\\/archives\\\/123045\"},\"author\":{\"name\":\"Redazione OCEAN4FUTURE\",\"@id\":\"https:\\\/\\\/www.ocean4future.org\\\/savetheocean\\\/#\\\/schema\\\/person\\\/ad3962a4283da6a7ba5d2e66f435a340\"},\"headline\":\"La creazione delle Unit\u00e0 Specializzate Multinazionali (MSU)\",\"datePublished\":\"2025-12-16T23:02:00+00:00\",\"dateModified\":\"2026-04-18T20:39:31+00:00\",\"mainEntityOfPage\":{\"@id\":\"https:\\\/\\\/www.ocean4future.org\\\/savetheocean\\\/archives\\\/123045\"},\"wordCount\":2256,\"commentCount\":0,\"publisher\":{\"@id\":\"https:\\\/\\\/www.ocean4future.org\\\/savetheocean\\\/#\\\/schema\\\/person\\\/4e1c26437054353074d7bb2efa77162c\"},\"image\":{\"@id\":\"https:\\\/\\\/www.ocean4future.org\\\/savetheocean\\\/archives\\\/123045#primaryimage\"},\"thumbnailUrl\":\"https:\\\/\\\/www.ocean4future.org\\\/savetheocean\\\/wp-content\\\/uploads\\\/2025\\\/12\\\/MSU_Mitrovica_Manbox_-_Ibar_Bridge_summer_2019-e1764063368816.jpg\",\"articleSection\":[\"Geopolitica e Storia contemporanea\"],\"inLanguage\":\"it-IT\",\"potentialAction\":[{\"@type\":\"CommentAction\",\"name\":\"Comment\",\"target\":[\"https:\\\/\\\/www.ocean4future.org\\\/savetheocean\\\/archives\\\/123045#respond\"]}]},{\"@type\":\"WebPage\",\"@id\":\"https:\\\/\\\/www.ocean4future.org\\\/savetheocean\\\/archives\\\/123045\",\"url\":\"https:\\\/\\\/www.ocean4future.org\\\/savetheocean\\\/archives\\\/123045\",\"name\":\"La creazione delle Unit\u00e0 Specializzate Multinazionali (MSU) &#8226; OCEAN4FUTURE autore\",\"isPartOf\":{\"@id\":\"https:\\\/\\\/www.ocean4future.org\\\/savetheocean\\\/#website\"},\"primaryImageOfPage\":{\"@id\":\"https:\\\/\\\/www.ocean4future.org\\\/savetheocean\\\/archives\\\/123045#primaryimage\"},\"image\":{\"@id\":\"https:\\\/\\\/www.ocean4future.org\\\/savetheocean\\\/archives\\\/123045#primaryimage\"},\"thumbnailUrl\":\"https:\\\/\\\/www.ocean4future.org\\\/savetheocean\\\/wp-content\\\/uploads\\\/2025\\\/12\\\/MSU_Mitrovica_Manbox_-_Ibar_Bridge_summer_2019-e1764063368816.jpg\",\"datePublished\":\"2025-12-16T23:02:00+00:00\",\"dateModified\":\"2026-04-18T20:39:31+00:00\",\"breadcrumb\":{\"@id\":\"https:\\\/\\\/www.ocean4future.org\\\/savetheocean\\\/archives\\\/123045#breadcrumb\"},\"inLanguage\":\"it-IT\",\"potentialAction\":[{\"@type\":\"ReadAction\",\"target\":[\"https:\\\/\\\/www.ocean4future.org\\\/savetheocean\\\/archives\\\/123045\"]}]},{\"@type\":\"ImageObject\",\"inLanguage\":\"it-IT\",\"@id\":\"https:\\\/\\\/www.ocean4future.org\\\/savetheocean\\\/archives\\\/123045#primaryimage\",\"url\":\"https:\\\/\\\/www.ocean4future.org\\\/savetheocean\\\/wp-content\\\/uploads\\\/2025\\\/12\\\/MSU_Mitrovica_Manbox_-_Ibar_Bridge_summer_2019-e1764063368816.jpg\",\"contentUrl\":\"https:\\\/\\\/www.ocean4future.org\\\/savetheocean\\\/wp-content\\\/uploads\\\/2025\\\/12\\\/MSU_Mitrovica_Manbox_-_Ibar_Bridge_summer_2019-e1764063368816.jpg\",\"width\":640,\"height\":313,\"caption\":\"dav\"},{\"@type\":\"BreadcrumbList\",\"@id\":\"https:\\\/\\\/www.ocean4future.org\\\/savetheocean\\\/archives\\\/123045#breadcrumb\",\"itemListElement\":[{\"@type\":\"ListItem\",\"position\":1,\"name\":\"Home\",\"item\":\"https:\\\/\\\/www.ocean4future.org\\\/savetheocean\"},{\"@type\":\"ListItem\",\"position\":2,\"name\":\"La creazione delle Unit\u00e0 Specializzate Multinazionali (MSU)\"}]},{\"@type\":\"WebSite\",\"@id\":\"https:\\\/\\\/www.ocean4future.org\\\/savetheocean\\\/#website\",\"url\":\"https:\\\/\\\/www.ocean4future.org\\\/savetheocean\\\/\",\"name\":\"Ocean 4 Future\",\"description\":\"Per una nuova cultura del mare e della marittimit\u00e0\",\"publisher\":{\"@id\":\"https:\\\/\\\/www.ocean4future.org\\\/savetheocean\\\/#\\\/schema\\\/person\\\/4e1c26437054353074d7bb2efa77162c\"},\"potentialAction\":[{\"@type\":\"SearchAction\",\"target\":{\"@type\":\"EntryPoint\",\"urlTemplate\":\"https:\\\/\\\/www.ocean4future.org\\\/savetheocean\\\/?s={search_term_string}\"},\"query-input\":{\"@type\":\"PropertyValueSpecification\",\"valueRequired\":true,\"valueName\":\"search_term_string\"}}],\"inLanguage\":\"it-IT\"},{\"@type\":[\"Person\",\"Organization\"],\"@id\":\"https:\\\/\\\/www.ocean4future.org\\\/savetheocean\\\/#\\\/schema\\\/person\\\/4e1c26437054353074d7bb2efa77162c\",\"name\":\"oceandiver\",\"image\":{\"@type\":\"ImageObject\",\"inLanguage\":\"it-IT\",\"@id\":\"https:\\\/\\\/www.ocean4future.org\\\/savetheocean\\\/wp-content\\\/uploads\\\/2023\\\/04\\\/logo-ocean3.jpg\",\"url\":\"https:\\\/\\\/www.ocean4future.org\\\/savetheocean\\\/wp-content\\\/uploads\\\/2023\\\/04\\\/logo-ocean3.jpg\",\"contentUrl\":\"https:\\\/\\\/www.ocean4future.org\\\/savetheocean\\\/wp-content\\\/uploads\\\/2023\\\/04\\\/logo-ocean3.jpg\",\"width\":472,\"height\":301,\"caption\":\"oceandiver\"},\"logo\":{\"@id\":\"https:\\\/\\\/www.ocean4future.org\\\/savetheocean\\\/wp-content\\\/uploads\\\/2023\\\/04\\\/logo-ocean3.jpg\"}},{\"@type\":\"Person\",\"@id\":\"https:\\\/\\\/www.ocean4future.org\\\/savetheocean\\\/#\\\/schema\\\/person\\\/ad3962a4283da6a7ba5d2e66f435a340\",\"name\":\"Redazione OCEAN4FUTURE\",\"image\":{\"@type\":\"ImageObject\",\"inLanguage\":\"it-IT\",\"@id\":\"https:\\\/\\\/secure.gravatar.com\\\/avatar\\\/ba6774c3cc06933a10f7e80f4184a636b9f8fe6f86714a5b2c583173eaf54646?s=96&d=mm&r=g\",\"url\":\"https:\\\/\\\/secure.gravatar.com\\\/avatar\\\/ba6774c3cc06933a10f7e80f4184a636b9f8fe6f86714a5b2c583173eaf54646?s=96&d=mm&r=g\",\"contentUrl\":\"https:\\\/\\\/secure.gravatar.com\\\/avatar\\\/ba6774c3cc06933a10f7e80f4184a636b9f8fe6f86714a5b2c583173eaf54646?s=96&d=mm&r=g\",\"caption\":\"Redazione OCEAN4FUTURE\"},\"description\":\"\u00e8 composta da oltre 60 collaboratori che lavorano in smart working, selezionati tra esperti di settore di diverse discipline. Hanno il compito di\u00a0 selezionare argomenti di particolare interesse, redigendo articoli basati su studi recenti. I contenuti degli stessi restano di responsabilit\u00e0 degli autori che sono ovviamente sempre citati. Eventuali quesiti possono essere inviati alla Redazione (infoocean4future@gmail.com) che, quando possibile, provveder\u00e0 ad inoltrarli agli Autori.\",\"sameAs\":[\"http:\\\/\\\/www.ocean4future.org\"],\"url\":\"https:\\\/\\\/www.ocean4future.org\\\/savetheocean\\\/archives\\\/author\\\/redazione-ocean4future\"}]}<\/script>\n<!-- \/ Yoast SEO plugin. -->","yoast_head_json":{"title":"La creazione delle Unit\u00e0 Specializzate Multinazionali (MSU) &#8226; OCEAN4FUTURE autore","robots":{"index":"index","follow":"follow","max-snippet":"max-snippet:-1","max-image-preview":"max-image-preview:large","max-video-preview":"max-video-preview:-1"},"canonical":"https:\/\/www.ocean4future.org\/savetheocean\/archives\/123045","og_locale":"it_IT","og_type":"article","og_title":"La creazione delle Unit\u00e0 Specializzate Multinazionali (MSU) &#8226; OCEAN4FUTURE autore","og_description":"tempo di lettura:  9 minuti. . ARGOMENTO: GEOPOLITICA PERIODO: XXI SECOLO AREA: OPERAZIONI MILITARI parole chiave: Operazioni ONU, MSU . La risposta innovativa a quel \u201cvuoto di sicurezza\u201d che si era avvertito e che era stato recepito dalla NATO attraverso lo Stability Policing, si concretizz\u00f2 nella creazione della prima \u201cUnit\u00e0 Specializzata Multinazionale\u201d, meglio nota come \u201cMultinational Specialized Unit\u201d (MSU), [&hellip;]","og_url":"https:\/\/www.ocean4future.org\/savetheocean\/archives\/123045","og_site_name":"OCEAN4FUTURE","article_published_time":"2025-12-16T23:02:00+00:00","article_modified_time":"2026-04-18T20:39:31+00:00","og_image":[{"width":640,"height":313,"url":"https:\/\/www.ocean4future.org\/savetheocean\/wp-content\/uploads\/2025\/12\/MSU_Mitrovica_Manbox_-_Ibar_Bridge_summer_2019-e1764063368816.jpg","type":"image\/jpeg"}],"author":"Redazione OCEAN4FUTURE","twitter_card":"summary_large_image","twitter_creator":"@ocean4future","twitter_site":"@ocean4future","twitter_misc":{"Scritto da":"Redazione OCEAN4FUTURE","Tempo di lettura stimato":"14 minuti"},"schema":{"@context":"https:\/\/schema.org","@graph":[{"@type":"Article","@id":"https:\/\/www.ocean4future.org\/savetheocean\/archives\/123045#article","isPartOf":{"@id":"https:\/\/www.ocean4future.org\/savetheocean\/archives\/123045"},"author":{"name":"Redazione OCEAN4FUTURE","@id":"https:\/\/www.ocean4future.org\/savetheocean\/#\/schema\/person\/ad3962a4283da6a7ba5d2e66f435a340"},"headline":"La creazione delle Unit\u00e0 Specializzate Multinazionali (MSU)","datePublished":"2025-12-16T23:02:00+00:00","dateModified":"2026-04-18T20:39:31+00:00","mainEntityOfPage":{"@id":"https:\/\/www.ocean4future.org\/savetheocean\/archives\/123045"},"wordCount":2256,"commentCount":0,"publisher":{"@id":"https:\/\/www.ocean4future.org\/savetheocean\/#\/schema\/person\/4e1c26437054353074d7bb2efa77162c"},"image":{"@id":"https:\/\/www.ocean4future.org\/savetheocean\/archives\/123045#primaryimage"},"thumbnailUrl":"https:\/\/www.ocean4future.org\/savetheocean\/wp-content\/uploads\/2025\/12\/MSU_Mitrovica_Manbox_-_Ibar_Bridge_summer_2019-e1764063368816.jpg","articleSection":["Geopolitica e Storia contemporanea"],"inLanguage":"it-IT","potentialAction":[{"@type":"CommentAction","name":"Comment","target":["https:\/\/www.ocean4future.org\/savetheocean\/archives\/123045#respond"]}]},{"@type":"WebPage","@id":"https:\/\/www.ocean4future.org\/savetheocean\/archives\/123045","url":"https:\/\/www.ocean4future.org\/savetheocean\/archives\/123045","name":"La creazione delle Unit\u00e0 Specializzate Multinazionali (MSU) &#8226; OCEAN4FUTURE autore","isPartOf":{"@id":"https:\/\/www.ocean4future.org\/savetheocean\/#website"},"primaryImageOfPage":{"@id":"https:\/\/www.ocean4future.org\/savetheocean\/archives\/123045#primaryimage"},"image":{"@id":"https:\/\/www.ocean4future.org\/savetheocean\/archives\/123045#primaryimage"},"thumbnailUrl":"https:\/\/www.ocean4future.org\/savetheocean\/wp-content\/uploads\/2025\/12\/MSU_Mitrovica_Manbox_-_Ibar_Bridge_summer_2019-e1764063368816.jpg","datePublished":"2025-12-16T23:02:00+00:00","dateModified":"2026-04-18T20:39:31+00:00","breadcrumb":{"@id":"https:\/\/www.ocean4future.org\/savetheocean\/archives\/123045#breadcrumb"},"inLanguage":"it-IT","potentialAction":[{"@type":"ReadAction","target":["https:\/\/www.ocean4future.org\/savetheocean\/archives\/123045"]}]},{"@type":"ImageObject","inLanguage":"it-IT","@id":"https:\/\/www.ocean4future.org\/savetheocean\/archives\/123045#primaryimage","url":"https:\/\/www.ocean4future.org\/savetheocean\/wp-content\/uploads\/2025\/12\/MSU_Mitrovica_Manbox_-_Ibar_Bridge_summer_2019-e1764063368816.jpg","contentUrl":"https:\/\/www.ocean4future.org\/savetheocean\/wp-content\/uploads\/2025\/12\/MSU_Mitrovica_Manbox_-_Ibar_Bridge_summer_2019-e1764063368816.jpg","width":640,"height":313,"caption":"dav"},{"@type":"BreadcrumbList","@id":"https:\/\/www.ocean4future.org\/savetheocean\/archives\/123045#breadcrumb","itemListElement":[{"@type":"ListItem","position":1,"name":"Home","item":"https:\/\/www.ocean4future.org\/savetheocean"},{"@type":"ListItem","position":2,"name":"La creazione delle Unit\u00e0 Specializzate Multinazionali (MSU)"}]},{"@type":"WebSite","@id":"https:\/\/www.ocean4future.org\/savetheocean\/#website","url":"https:\/\/www.ocean4future.org\/savetheocean\/","name":"Ocean 4 Future","description":"Per una nuova cultura del mare e della marittimit\u00e0","publisher":{"@id":"https:\/\/www.ocean4future.org\/savetheocean\/#\/schema\/person\/4e1c26437054353074d7bb2efa77162c"},"potentialAction":[{"@type":"SearchAction","target":{"@type":"EntryPoint","urlTemplate":"https:\/\/www.ocean4future.org\/savetheocean\/?s={search_term_string}"},"query-input":{"@type":"PropertyValueSpecification","valueRequired":true,"valueName":"search_term_string"}}],"inLanguage":"it-IT"},{"@type":["Person","Organization"],"@id":"https:\/\/www.ocean4future.org\/savetheocean\/#\/schema\/person\/4e1c26437054353074d7bb2efa77162c","name":"oceandiver","image":{"@type":"ImageObject","inLanguage":"it-IT","@id":"https:\/\/www.ocean4future.org\/savetheocean\/wp-content\/uploads\/2023\/04\/logo-ocean3.jpg","url":"https:\/\/www.ocean4future.org\/savetheocean\/wp-content\/uploads\/2023\/04\/logo-ocean3.jpg","contentUrl":"https:\/\/www.ocean4future.org\/savetheocean\/wp-content\/uploads\/2023\/04\/logo-ocean3.jpg","width":472,"height":301,"caption":"oceandiver"},"logo":{"@id":"https:\/\/www.ocean4future.org\/savetheocean\/wp-content\/uploads\/2023\/04\/logo-ocean3.jpg"}},{"@type":"Person","@id":"https:\/\/www.ocean4future.org\/savetheocean\/#\/schema\/person\/ad3962a4283da6a7ba5d2e66f435a340","name":"Redazione OCEAN4FUTURE","image":{"@type":"ImageObject","inLanguage":"it-IT","@id":"https:\/\/secure.gravatar.com\/avatar\/ba6774c3cc06933a10f7e80f4184a636b9f8fe6f86714a5b2c583173eaf54646?s=96&d=mm&r=g","url":"https:\/\/secure.gravatar.com\/avatar\/ba6774c3cc06933a10f7e80f4184a636b9f8fe6f86714a5b2c583173eaf54646?s=96&d=mm&r=g","contentUrl":"https:\/\/secure.gravatar.com\/avatar\/ba6774c3cc06933a10f7e80f4184a636b9f8fe6f86714a5b2c583173eaf54646?s=96&d=mm&r=g","caption":"Redazione OCEAN4FUTURE"},"description":"\u00e8 composta da oltre 60 collaboratori che lavorano in smart working, selezionati tra esperti di settore di diverse discipline. Hanno il compito di\u00a0 selezionare argomenti di particolare interesse, redigendo articoli basati su studi recenti. I contenuti degli stessi restano di responsabilit\u00e0 degli autori che sono ovviamente sempre citati. Eventuali quesiti possono essere inviati alla Redazione (infoocean4future@gmail.com) che, quando possibile, provveder\u00e0 ad inoltrarli agli Autori.","sameAs":["http:\/\/www.ocean4future.org"],"url":"https:\/\/www.ocean4future.org\/savetheocean\/archives\/author\/redazione-ocean4future"}]}},"_links":{"self":[{"href":"https:\/\/www.ocean4future.org\/savetheocean\/wp-json\/wp\/v2\/posts\/123045","targetHints":{"allow":["GET"]}}],"collection":[{"href":"https:\/\/www.ocean4future.org\/savetheocean\/wp-json\/wp\/v2\/posts"}],"about":[{"href":"https:\/\/www.ocean4future.org\/savetheocean\/wp-json\/wp\/v2\/types\/post"}],"author":[{"embeddable":true,"href":"https:\/\/www.ocean4future.org\/savetheocean\/wp-json\/wp\/v2\/users\/2398"}],"replies":[{"embeddable":true,"href":"https:\/\/www.ocean4future.org\/savetheocean\/wp-json\/wp\/v2\/comments?post=123045"}],"version-history":[{"count":2,"href":"https:\/\/www.ocean4future.org\/savetheocean\/wp-json\/wp\/v2\/posts\/123045\/revisions"}],"predecessor-version":[{"id":127640,"href":"https:\/\/www.ocean4future.org\/savetheocean\/wp-json\/wp\/v2\/posts\/123045\/revisions\/127640"}],"wp:featuredmedia":[{"embeddable":true,"href":"https:\/\/www.ocean4future.org\/savetheocean\/wp-json\/wp\/v2\/media\/123189"}],"wp:attachment":[{"href":"https:\/\/www.ocean4future.org\/savetheocean\/wp-json\/wp\/v2\/media?parent=123045"}],"wp:term":[{"taxonomy":"category","embeddable":true,"href":"https:\/\/www.ocean4future.org\/savetheocean\/wp-json\/wp\/v2\/categories?post=123045"},{"taxonomy":"post_tag","embeddable":true,"href":"https:\/\/www.ocean4future.org\/savetheocean\/wp-json\/wp\/v2\/tags?post=123045"}],"curies":[{"name":"wp","href":"https:\/\/api.w.org\/{rel}","templated":true}]}}