{"id":122626,"date":"2025-12-31T00:02:00","date_gmt":"2025-12-30T23:02:00","guid":{"rendered":"https:\/\/www.ocean4future.org\/savetheocean\/?p=122626"},"modified":"2026-03-25T18:59:08","modified_gmt":"2026-03-25T17:59:08","slug":"vivere-insieme-nellarmonia-delluniverso-il-sogno-di-martin-luther-king","status":"publish","type":"post","link":"https:\/\/www.ocean4future.org\/savetheocean\/archives\/122626","title":{"rendered":"Vivere insieme nell\u2019armonia dell\u2019Universo: il sogno di Martin Luther King \u00e8 sempre attuale"},"content":{"rendered":"<span class=\"span-reading-time rt-reading-time\" style=\"display: block;\"><span class=\"rt-label rt-prefix\">tempo di lettura: <\/span> <span class=\"rt-time\"> 10<\/span> <span class=\"rt-label rt-postfix\">minuti<\/span><\/span><p style=\"text-align: justify;\"><span style=\"color: #ffffff;\">.<\/span><br \/>\n<a class=\"maxbutton-4 maxbutton maxbutton-livello-di-comprensione\" href=\"javascript:void(0);\"><span class='mb-text'>livello elementare<\/span><\/a><br \/>\n<span style=\"color: #ffffff;\">.<\/span><br \/>\n<strong><span style=\"color: #008000;\">ARGOMENTO: GEOPOLITICA<\/span><\/strong><br \/>\n<strong><span style=\"color: #008000;\">PERIODO: XX SECOLO<\/span><\/strong><br \/>\n<strong><span style=\"color: #008000;\">AREA: DIDATTICA<\/span><\/strong><br \/>\n<span style=\"color: #ffffff;\">.<\/span><br \/>\nPer concludere questo Annus horribilis, vorrei ricordare un tratto della lezione magistrale di&nbsp;<strong><span style=\"color: #008000;\">Martin Luther King<\/span><\/strong>, in occasione della consegna del Premio Nobel, che nella sua semplicit\u00e0 non pu\u00f2 che essere pi\u00f9 attuale, nonostante fosse stata scritta oltre 50 anni fa, in piena guerra fredda quando gran parte del mondo tremava in attesa dell\u2019olocausto nucleare. Era l\u201911 dicembre 1964 e King recit\u00f2 una frase di <strong><span style=\"color: #008000;\">George Bernard Shaw<\/span><\/strong><sup><strong><span style=\"color: #008000;\">1&nbsp;<\/span><\/strong><\/sup> non nascondendo una certa amarezza: \u201c<strong><em><span style=\"color: #008000;\">Abbiamo imparato a volare nell&#8217;aria come uccelli e a nuotare nel mare come pesci, ma non abbiamo imparato la semplice arte di vivere insieme come fratelli<\/span><\/em><\/strong>.\u201d<\/p>\n<p><img decoding=\"async\" class=\"alignnone size-full wp-image-123032\" src=\"https:\/\/www.ocean4future.org\/savetheocean\/wp-content\/uploads\/2025\/12\/wikipedia-Martin_Luther_King_Jr_NYWTS-e1763659305528.jpg\" alt=\"\" width=\"640\" height=\"777\"><\/p>\n<p style=\"text-align: justify;\"><strong><span style=\"color: #008000;\">Martin Luther King Jr., anno 1964 &#8211; Autore Dick DeMarsico, fotografo del New York World &#8211; Telegram and Sun &#8211; Fonte biografia Wikipedia commons.<\/span><\/strong> <a href=\"https:\/\/commons.wikimedia.org\/wiki\/File:Martin_Luther_King_Jr_NYWTS.jpg\">https:\/\/commons.wikimedia.org\/wiki\/File:Martin_Luther_King_Jr_NYWTS.jpg<\/a><\/p>\n<p style=\"text-align: justify;\">Nella sua lecture&nbsp;<strong><span style=\"color: #008000;\">Martin Luther King<\/span><\/strong> offr\u00ec un\u2019analisi cruda del mondo dell\u2019epoca, evidenziando come l\u2019Uomo, a fronte dei sorprendenti risultati scientifici e tecnologici ottenuti, dimostrava di perseguire un doloroso e preoccupante regresso spirituale. Contestualizzando l&#8217;evento, alla ricchezza materiale degli Stati Uniti, visti all&#8217;epoca come la terra dei self made men, si opponeva una povert\u00e0 morale che King evidenziava con la citata frase di Shaw. Una constatazione semplice e tristemente attuale; un mondo tecnologicamente molto avanzato che sembra non aver imparato nulla dal passato, dove la lotta per le risorse delle nuove e vecchie superpotenze ci mostra un futuro oscuro dove un\u2019intelligenza artificiale potrebbe dettare le regole della convivenza di un genere umano inebetito da un finto benessere.<\/p>\n<p><img decoding=\"async\" class=\"wp-image-123037 size-full\" src=\"https:\/\/www.ocean4future.org\/savetheocean\/wp-content\/uploads\/2025\/12\/Lyndon_Johnson_signing_Civil_Rights_Act_July_2_1964-e1763660649188.jpg\" alt=\"\" width=\"640\" height=\"429\"><\/p>\n<p align=\"justify\"><strong><span style=\"color: #008000;\">il presidente Lyndon B. Johnson firma il Civil Rights Act del 1964 con Martin Luther King Jr., 2 luglio 1964 &#8211; Fonte: White House Press Office <a style=\"color: #008000;\" href=\"http:\/\/photolab.lbjlib.utexas.edu\/detail.asp?id=18031\">http:\/\/photolab.lbjlib.utexas.edu&#8230;18031<\/a> &#8211; Autore Cecil Stoughton, Ufficio Stampa della Casa Bianca <a href=\"https:\/\/commons.wikimedia.org\/wiki\/File:Lbjsigningbill.jpg\">Lbjsigningbill.jpg &#8211; Wikimedia Commons<\/a><\/span><\/strong><\/p>\n<p style=\"text-align: justify;\"><strong><span style=\"color: #008000;\">King<\/span><\/strong> sottoline\u00f2 come l\u2019Umanit\u00e0 viveva tra due regni: uno interiore (scandito dallo spirito) ed uno esteriore, costruito negli anni dagli straordinari progressi scientifici. Se questi avevano dato maggior confort alla vita quotidiana, poco si era fatto per far crescere le masse da un punto di vista umano. Secondo King restavano aperte tre grandi questioni: l&#8217;<em><strong><span style=\"color: #008000;\">ingiustizia razziale, la povert\u00e0 e la guerra<\/span><\/strong>.<\/em><\/p>\n<p style=\"text-align: justify;\">Il primo problema era ovviamente legato al movimento sociale per i diritti civili negli Stati Uniti. Non dimentichiamo che all&#8217;epoca, nonostante l&#8217;abolizione delle leggi razziali, sussistevano ancora gravi ingiustizie non solo verso americani di razze diverse ma anche verso il mondo femminile. Gli eventi tragici avvenuti, non solo negli Stati del Sud, avevano lasciato un segno nel tessuto sociale statunitense, diviso tra politiche internazionali che molti non comprendevano e avversavano; molto si stava facendo ma nel suo interno esistevano ancora notevoli differenze razziali. Ricordo che alla fine degli anni \u201970 negli Stati del Sud esistevano ancora locali con una targa sulla porta (\u201c<strong><span style=\"color: #008000;\">WHITE ONLY<\/span><\/strong>\u201d) significando la lentezza di assimilazione del cambiamento in atto nonostante le aperture presidenziali.&nbsp;<\/p>\n<p><img decoding=\"async\" class=\"wp-image-122630 size-full\" src=\"https:\/\/www.ocean4future.org\/savetheocean\/wp-content\/uploads\/2025\/12\/WHITE_ONLY_MAIDS_IN_UNIFORM_ACCEPTED_storefront_-_New_Orleans_-_Tulane_Jambalaya_1969_-_cropped.jpg\" alt=\"\" width=\"640\" height=\"480\" srcset=\"https:\/\/www.ocean4future.org\/savetheocean\/wp-content\/uploads\/2025\/12\/WHITE_ONLY_MAIDS_IN_UNIFORM_ACCEPTED_storefront_-_New_Orleans_-_Tulane_Jambalaya_1969_-_cropped.jpg 640w, https:\/\/www.ocean4future.org\/savetheocean\/wp-content\/uploads\/2025\/12\/WHITE_ONLY_MAIDS_IN_UNIFORM_ACCEPTED_storefront_-_New_Orleans_-_Tulane_Jambalaya_1969_-_cropped-300x225.jpg 300w\" sizes=\"(max-width: 640px) 100vw, 640px\" \/><\/p>\n<p align=\"JUSTIFY\"><strong><span style=\"color: #008000;\">New Orleans: le restrizioni razziali per l&#8217;uso dei negozi dur\u00f2 fino alla fine degli anni &#8217;60 &#8211; Fonte 1969 &#8220;Jambalaya&#8221; Tulane University Yearbook &#8211; Autore non noto &#8211; da<\/span> <span style=\"color: #008000;\"><a style=\"color: #008000;\" href=\"https:\/\/commons.wikimedia.org\/wiki\/File:%E2%80%9CWHITE_ONLY%E2%80%9D_%E2%80%9CMAIDS_IN_UNIFORM_ACCEPTED%E2%80%9D_storefront_-_New_Orleans_-_Tulane_Jambalaya_1969_-_(cropped).jpg\">https:\/\/commons.wikimedia.org\/wiki &#8230;_New_Orleans_-_Tulane_Jambalaya_1969_&#8230;jpg<\/a><\/span><\/strong><\/p>\n<p style=\"text-align: justify;\">Non era un problema locale e King era consapevole che gli stessi problemi, che spesso sfociavano in fenomeni di intolleranza, erano ancora diffusi in molte parti del mondo ma nelle sue dichiarazioni sottolineava che l&#8217;ingiustizia razziale era un fenomeno che \u201c<strong><em><span style=\"color: #008000;\">doveva essere compreso alla luce della storia americana e affrontato nei termini della situazione americana<\/span><\/em><\/strong>\u201d. D&#8217;altro lato, <strong><span style=\"color: #008000;\">Martin Luther King<\/span><\/strong> percepiva che anche in altre parti del mondo si osservavano gli effetti aberranti post colonialismo, dove fazioni impreparate democraticamente venivano abbandonate al loro destino, incapaci di risolvere le ferite profonde di secoli di sopraffazione. <strong><span style=\"color: #008000;\">Vulnus sociali che non potevano certo risolversi facilmente a causa delle diversit\u00e0 e dei disequilibri interni (la questione israele-palestinese ne \u00e8 un esempio ancora attuale).<\/span><br \/>\n<\/strong>Il rischio per questi popoli era naturalmente di finire in mano a \u201cfalsi amici\u201d, pronti ad aiutare in cambio di condizioni economiche vantaggiose.<\/p>\n<p style=\"text-align: justify;\">Nel 1954 gli Stati Uniti, con una <strong><span style=\"color: #008000;\">sentenza della Corte Suprema<\/span><\/strong>, avevano finalmente messo al bando la segregazione nelle scuole pubbliche, in linea con il disegno di legge, promosso dal <strong><span style=\"color: #008000;\">Presidente Kennedy<\/span><\/strong>, approvato grazie al sostegno di milioni di americani; di fatto era una base giuridica per ottenere le pari opportunit\u00e0 che avrebbe calmato gli spiriti violenti che soffiavano da entrambe le parti. Per King, il fattore sociale che avrebbe potuto catalizzare questo <strong><em><span style=\"color: #008000;\">zeitgeist<\/span><\/em><\/strong> era la <strong><span style=\"color: #008000;\">non violenza,<\/span><\/strong> abbandonando l&#8217;uso delle armi che non avrebbero mai portato ad una pace permanente<strong><sup><span style=\"color: #008000;\">2<\/span><\/sup><\/strong>; sosteneva che la violenza \u201c<em><strong><span style=\"color: #008000;\">non risolve alcun problema sociale: ne crea semplicemente di nuovi e pi\u00f9 complessi<\/span><\/strong><\/em>\u201d. La violenza era quindi impraticabile ed immorale perch\u00e9 di fatto prosperava sull&#8217;odio anzich\u00e9 sull&#8217;amore, colpendo le comunit\u00e0 e creando amarezza nei sopravvissuti e brutalit\u00e0 in chi distrugge; in pratica avrebbe generato solo sentimenti di odio che avrebbero perdurato per generazioni.<\/p>\n<table style=\"border-collapse: collapse; width: 100%;\">\n<tbody>\n<tr>\n<td style=\"width: 100%; text-align: justify;\"><span style=\"font-size: 20px;\"><strong><span style=\"text-align: justify; color: #008000;\">Pensiamo all\u2019attuale guerra russo-ucraina e nella striscia di Gaza. Ammesso si possano trovare delle soluzioni per portare finalmente una pace giusta a quelle tormentate popolazioni, l\u2019odio permarr\u00e0 per decenni prima di assopirsi e niente potr\u00e0 mai essere come prima. Se le cause nel tempo potranno essere comprensibili &#8211; andando a leggere a posteriori i presupposti &#8211; come sempre le generazioni future saranno confuse dalla manipolazione dell\u2019informazione fornita dai vincitori, che impedir\u00e0 una valutazione corretta, accusando chi non pu\u00f2 pi\u00f9 difendersi.&nbsp;<\/span><\/strong><\/span><\/td>\n<\/tr>\n<\/tbody>\n<\/table>\n<p style=\"text-align: justify;\">Secondo King, doveva essere quindi perseguita una politica basata sulla <strong><span style=\"color: #008000;\">non violenza<\/span><\/strong>, simile a quella perpetuata da Gandhi per liberare il suo popolo dal dominio politico e dallo sfruttamento subito dal continente indiano per secoli a causa della colonizzazione dell\u2019Impero Britannico. Non ultimo lanci\u00f2 un richiamo ai \u201c<strong><em><span style=\"color: #008000;\">grandi pozzi di democrazia che furono scavati in profondit\u00e0 dai padri fondatori nella formulazione della Costituzione e della Dichiarazione d&#8217;Indipendenza [americana]<\/span><\/em><\/strong>\u201d.<\/p>\n<p><img decoding=\"async\" class=\"wp-image-123033 size-full\" src=\"https:\/\/www.ocean4future.org\/savetheocean\/wp-content\/uploads\/2025\/12\/DSC_1422-m-scaled-e1763659820670.jpg\" alt=\"\" width=\"640\" height=\"964\"><\/p>\n<p align=\"justify\"><span style=\"color: #008000;\"><strong>New York &#8211; photo credit andrea mucedola<\/strong><\/span><\/p>\n<p style=\"text-align: justify;\">Il secondo fattore individuato era la<strong><span style=\"color: #008000;\"> povert\u00e0<\/span><\/strong><span style=\"color: #000000;\">; i<\/span>n un certo senso, secondo King, la povert\u00e0 dei &#8220;poveri&#8221; americani era pi\u00f9 frustrante di quella delle popolazioni africane e asiatiche, dove era stata condivisa ed accettata dalla stragrande maggioranza delle popolazioni. Negli Stati Uniti i poveri erano consci delle differenze, sapendo di vivere in una nazione ricca, circondati da una prosperit\u00e0 materiale che anche il <strong><span style=\"color: #008000;\">Presidente Johnson,<\/span><\/strong> nel suo Messaggio sullo Stato dell&#8217;Unione del gennaio 1964, aveva tristemente sottolineato<strong><sup><span style=\"color: #008000;\">3<\/span><\/sup><\/strong>.<br \/>\nC\u2019era quindi bisogno di \u201c<strong><span style=\"color: #008000;\">una guerra mondiale totale contro la povert\u00e0<\/span><\/strong>\u201d usando le risorse disponibili per sviluppare i sottosviluppati, istruire chi non aveva istruzione e nutrire chi non aveva cibo. Secondo questo principio \u2013 chiudeva King \u2013 \u201c<strong><em><span style=\"color: #008000;\">una grande nazione \u00e8 una nazione compassionevole. Nessun individuo o nazione pu\u00f2 essere grande se non si preoccupa &#8220;degli ultimi&#8221;.<\/span><\/em><\/strong>\u201d Per quanto sopra tutte le nazioni ricche avrebbero dovuto fare il possibile per colmare il divario tra la minoranza ricca e la maggioranza povera. Cit\u00f2 allora la celebre frase di <strong><span style=\"color: #008000;\">John Donne <sup>7<\/sup><\/span><\/strong>:<br \/>\n\u201c<strong><em><span style=\"color: #008000;\">Nessun uomo \u00e8 un&#8217;isola, intero in s\u00e9: ogni uomo \u00e8 un pezzo del continente, una parte del mondo: se una zolla di terra venisse spazzata via dal mare, l&#8217;Europa ne sarebbe diminuita, cos\u00ec come se lo fosse un promontorio, come se lo fosse una casa dei tuoi amici, o una tua: la morte di qualsiasi uomo mi sminuisce, perch\u00e9 sono coinvolto nell&#8217;umanit\u00e0: e quindi non chiedere mai per chi suona la campana: suona per te.<\/span><\/em><\/strong>\u201d<\/p>\n<p><img decoding=\"async\" class=\"wp-image-103385 size-full\" src=\"https:\/\/www.ocean4future.org\/savetheocean\/wp-content\/uploads\/2024\/03\/rossi-001GAR03964-e1763659954947.jpg\" alt=\"\" width=\"640\" height=\"398\"><\/p>\n<p align=\"justify\"><strong><span style=\"color: #008000;\">guerra del Vietnam &#8211; photo credit @ Guido Alberto Rossi<\/span><\/strong><\/p>\n<p style=\"text-align: justify;\"><strong><span style=\"color: #008000;\">Martin Luther King<\/span><\/strong> cit\u00f2 quindi il terzo grande male che affligge la nostra Umanit\u00e0: la <strong><span style=\"color: #008000;\">guerra<\/span><\/strong>. Ritorniamo al contesto storico di quegli anni (guerra fredda) quando il mondo viveva nell\u2019incubo dei pericoli della proliferazione nucleare, che si erano estesi dopo la notizia del primo esperimento nucleare da parte della Repubblica Popolare Cinese (16 ottobre 1964). Secondo King, l\u2019Uomo sembrava ignorare la minaccia di un annientamento reciproco perch\u00e9 troppo dolorosa e quindi inaccettabile. Ambedue le forme di guerra (<strong><span style=\"color: #008000;\">limitata e nucleare<\/span><\/strong>) non erano risolutive ed il pericolo era che se l&#8217;Uomo avesse continuato \u201c<em><strong><span style=\"color: #008000;\">a flirtare senza esitazione con la guerra<\/span><\/strong><\/em>\u201d avrebbe trasformato la Terra in \u201c<strong><em><span style=\"color: #008000;\">un inferno che nemmeno la mente di Dante avrebbe potuto immaginare<\/span><\/em><\/strong>\u201d. Si sarebbe quindi dovuto costruire un mondo pacifico, non limitandoci a dire &#8220;<strong><em><span style=\"color: #008000;\">Non dobbiamo fare la guerra<\/span><\/em><\/strong>&#8221; ma <strong><span style=\"color: #008000;\">amando la pace, essendo pronti a sacrificarsi per essa.<\/span><\/strong><\/p>\n<p style=\"text-align: justify;\"><img decoding=\"async\" class=\"alignnone wp-image-17132\" src=\"https:\/\/www.ocean4future.org\/savetheocean\/wp-content\/uploads\/2017\/12\/ulisse-e-le-sirene.jpg\" alt=\"\" width=\"646\" height=\"826\" srcset=\"https:\/\/www.ocean4future.org\/savetheocean\/wp-content\/uploads\/2017\/12\/ulisse-e-le-sirene.jpg 444w, https:\/\/www.ocean4future.org\/savetheocean\/wp-content\/uploads\/2017\/12\/ulisse-e-le-sirene-235x300.jpg 235w\" sizes=\"(max-width: 646px) 100vw, 646px\" \/><\/p>\n<p style=\"text-align: justify;\"><strong><span style=\"color: #008000;\">Martin Luther King<\/span><\/strong> ricorreva quindi ad una metafora interessante:<br \/>\n\u201c<strong><em><span style=\"color: #008000;\">C\u2019\u00e8 una piccola storia affascinante che ci \u00e8 stata tramandata nella letteratura greca su Ulisse e le Sirene. Le Sirene avevano la capacit\u00e0 di cantare cos\u00ec dolcemente che i marinai non resistettero alla tentazione di dirigersi verso la loro isola. Molte navi furono attirate contro gli scogli e gli uomini dimenticarono casa, dovere e onore mentre si gettavano in mare per essere abbracciati da braccia che li trascinavano verso la morte. Ulisse, determinato a non lasciarsi sedurre dalle Sirene, decise inizialmente di legarsi saldamente all&#8217;albero della sua nave e il suo equipaggio si turava le orecchie con la cera. Ma alla fine lui e il suo equipaggio scoprirono un modo migliore per salvarsi: presero a bordo il bellissimo cantore Orfeo, le cui melodie erano pi\u00f9 dolci della musica delle Sirene. Quando Orfeo cantava, chi si preoccupava di ascoltare le Sirene?<\/span><\/em><\/strong>\u201d<br \/>\nUna metafora per esaltare<strong><span style=\"color: #008000;\">&nbsp;l&#8217;affermazione della pace, una melodia di gran lunga superiore alle discordie della guerra.<\/span><\/strong> Andavano quindi trasformate le dinamiche delle superpotenze per il potere mondiale, passando da una corsa pericolosa agli armamenti nucleari ad una competizione positiva <strong><span style=\"color: #008000;\">per rendere la pace e la prosperit\u00e0 una realt\u00e0 per tutte le nazioni del mondo<\/span><sup><span style=\"color: #008000;\">5<\/span><\/sup><\/strong>. L&#8217;amore era (ed \u00e8) la parola chiave che ci dovrebbe unire tutti, indipendentemente dal nostro credo, una convinzione che \u2013 cita King &#8211; si ritrova nella <strong><span style=\"color: #008000;\">Prima Lettera di San Giovanni<\/span><\/strong>: \u201c<strong><em><span style=\"color: #008000;\">Amiamoci gli uni gli altri, perch\u00e9 l&#8217;amore \u00e8 da Dio; e chiunque ama \u00e8 nato da Dio e conosce Dio. Chi non ama non ha conosciuto Dio; Perch\u00e9 Dio \u00e8 amore. Se ci amiamo gli uni gli altri, Dio dimora in noi e il Suo amore \u00e8 perfetto in noi.<\/span><\/em><\/strong>\u201d<\/p>\n<p style=\"text-align: justify;\">King chiudeva questa sua lezione magistrale con una constatazione:<br \/>\n\u201c<strong><em><span style=\"color: #008000;\">Gli oceani della storia sono resi turbolenti dalle crescenti ondate di odio. La storia \u00e8 ingombra delle rovine di nazioni e individui che hanno seguito questa strada autodistruttiva dell&#8217;odio. L&#8217;amore \u00e8 la chiave per la soluzione dei problemi del mondo.<\/span><\/em><\/strong>\u201c \u201c<strong><em><span style=\"color: #008000;\">Se l&#8217;ottimismo di ieri \u00e8 impossibile, in quanto ci troviamo di fronte a una crisi mondiale che ci lascia cos\u00ec spesso in balia del mormorio impetuoso del mare inquieto della vita \u00e8 anche vero che \u2026 ogni crisi ha sia i suoi pericoli che le sue opportunit\u00e0. Pu\u00f2 significare salvezza o rovina. In un mondo oscuro e confuso, il regno di Dio pu\u00f2 ancora regnare nei cuori degli uomini.<\/span><\/em><\/strong>\u201d<\/p>\n<p style=\"text-align: justify;\">Sebbene King si fosse espresso criticamente sia contro il capitalismo che contro il socialismo reale &#8211; realizzato in URSS e in altri paesi &#8211; fu accusato dal Governo americano di comunismo.&nbsp;<strong><span style=\"color: #008000;\">Martin Luther King<\/span><\/strong>&nbsp;veniva ucciso a Memphis il 4 aprile 1968.<br \/>\nNel 1983, la proposta di dedicargli un giorno alla memoria divenne legge e fu firmata dal&nbsp;<strong><span style=\"color: #008000;\">presidente Ronald Reagan<\/span><\/strong>&nbsp;che istitu\u00ec una festa nazionale da celebrarsi il terzo luned\u00ec di gennaio. Solo il 18 gennaio 1993 il&nbsp;<strong><span style=\"color: #008000;\">Martin Luther King Day<\/span><\/strong>&nbsp;fu celebrato per la prima volta in tutti i cinquanta Stati degli USA.&nbsp; Andava combattuta l\u2019ipocrisia umana sostenendo la necessit\u00e0 di un cambiamento della societ\u00e0 che non poteva essere appagato con la semplice elemosina ad un mendicante \u2026 l\u2019Uomo doveva rigenerarsi facendo un salto di qualit\u00e0 verso una Era di pace da lui sognata con il celebre discorso \u201c<strong><span style=\"color: #008000;\">I have a dream<\/span><\/strong>\u201d <sup><strong><span style=\"color: #008000;\">8<\/span><\/strong><\/sup>: \u00ab<strong><span style=\"color: #008000;\">&#8230;<\/span><\/strong> <em><strong><span style=\"color: #008000;\">I have a dream I say to you today, even though we face the difficulties of today and tomorrow, I still have a dream. It is a dream that is deeply rooted in the American dream. I have a dream: that one day this nation will rise up and live out the true meaning of its creed: &#8220;We hold these truths to be self-evident, that all men are created equal &#8230; <\/span><\/strong><\/em>\u00bb.<\/p>\n<p><img decoding=\"async\" class=\"size-full wp-image-123034\" src=\"https:\/\/www.ocean4future.org\/savetheocean\/wp-content\/uploads\/2025\/12\/Martin_Luther_King_Jr_Quote_6480089.jpg\" alt=\"\" width=\"640\" height=\"427\" srcset=\"https:\/\/www.ocean4future.org\/savetheocean\/wp-content\/uploads\/2025\/12\/Martin_Luther_King_Jr_Quote_6480089.jpg 640w, https:\/\/www.ocean4future.org\/savetheocean\/wp-content\/uploads\/2025\/12\/Martin_Luther_King_Jr_Quote_6480089-300x200.jpg 300w\" sizes=\"(max-width: 640px) 100vw, 640px\" \/><\/p>\n<p style=\"text-align: justify;\"><strong><span style=\"color: #008000;\">Citazione di Martin Luther King Jr. &#8211; autore U.S. Army USAGW by <a class=\"external text\" style=\"color: #008000;\" href=\"https:\/\/www.dvidshub.net\/portfolio\/1660006\" rel=\"nofollow\">Lisa Bishop<\/a> <a class=\"external text\" style=\"color: #008000;\" href=\"https:\/\/www.dvidshub.net\/portfolio\/1660006\" rel=\"nofollow\">https:\/\/commons.wikimedia.org\/wiki\/Martin_Luther_King_Jr&#8230;jpg<\/a><\/span><\/strong><\/p>\n<p style=\"text-align: justify;\"><span style=\"color: #000000;\"><span style=\"font-size: 20px;\"><strong><span style=\"color: #008000;\">Martin Luther King ha lasciato un&#8217;eredit\u00e0 che non \u00e8 stata ancora raccolta<\/span><\/strong><\/span><\/span><span style=\"color: #000000;\">&nbsp;<br \/>\nSi fa fatica a trovarne un segno nei nostri giorni fra egoismi e anacronistici disegni di potere che si ripetono in un mondo sempre pi\u00f9 multipolare che viaggia a pi\u00f9 velocit\u00e0. Tutto ci\u00f2 che sta avvenendo \u00e8 frutto degli errori dei secoli precedenti e dimostra come secoli di pensiero laico e religioso sono spesso calpestati dal fatto illusorio di sentirsi superiori agli altri, senza comprendere che esistono diverse realt\u00e0, spesso inconciliabili. Sebbene si odano tamburi di guerra c&#8217;\u00e8 per\u00f2 sempre una speranza che deve restare accesa dentro di noi: cambiare e trasmettere i cambiamento agli altri, non con la violenza e la sopraffazione ma con la condivisione dei nostri sentimenti. Voglio anch&#8217;io, nel mio piccolo,&nbsp; avere un sogno con cui voglio chiudere quest&#8217;anno: <\/span><strong><span style=\"color: #008000;\">&#8220;<em>che il nuovo anno porti saggezza a questa Umanit\u00e0 sofferente, debole e ferita, che i grandi della Terra comprendano la loro follia e l&#8217;importanza di condividere le risorse di questo pianeta per dare un futuro alle nuove generazioni&#8221;<\/em>. <\/span><\/strong><span style=\"color: #000000;\">E&#8217; un sogno ma, come disse Shakespeare nella &#8220;<strong><span style=\"color: #008000;\">Tempesta<\/span><\/strong>&#8221; noi <\/span><strong><span style=\"color: #008000;\"><em>&#8220;Siamo fatti della materia di cui son fatti i sogni; e nello spazio e nel tempo d\u2019un sogno \u00e8 racchiusa la nostra breve vita<span style=\"color: #008000;\"><sup>9<\/sup><\/span>&#8221; &#8230; e la nostra vita \u00e8 meravigliosa &#8230; Buona fine e Buon principio per un anno di serenit\u00e0 e felicit\u00e0.<\/em><\/span><\/strong><\/p>\n<p style=\"text-align: justify;\"><strong><div class=\"lyte-wrapper fourthree\" style=\"width:420px;max-width:100%;margin:5px;\"><div class=\"lyMe\" id=\"WYL_rBrd_3VMC3c\"><div id=\"lyte_rBrd_3VMC3c\" data-src=\"\/\/i.ytimg.com\/vi\/rBrd_3VMC3c\/hqdefault.jpg\" class=\"pL\"><div class=\"tC\"><div class=\"tT\"><\/div><\/div><div class=\"play\"><\/div><div class=\"ctrl\"><div class=\"Lctrl\"><\/div><div class=\"Rctrl\"><\/div><\/div><\/div><noscript><a href=\"https:\/\/youtu.be\/rBrd_3VMC3c\" rel=\"nofollow\"><img decoding=\"async\" src=\"https:\/\/i.ytimg.com\/vi\/rBrd_3VMC3c\/0.jpg\" alt=\"YouTube video thumbnail\" width=\"420\" height=\"295\" \/><br \/>Guarda questo video su YouTube<\/a><\/noscript><\/div><\/div><div class=\"lL\" style=\"max-width:100%;width:420px;margin:5px;\"><\/div><\/strong><\/p>\n<p style=\"text-align: justify;\"><strong><span style=\"color: #008000;\">Andrea Mucedola<\/span><\/strong><\/p>\n<p style=\"text-align: justify;\"><span style=\"color: #000000;\">foto in anteprima, alba sul deserto, 2013&nbsp; &#8211; @ photo credit andrea mucedola&nbsp;<\/span><strong><span style=\"color: #008000;\"><br \/>\n<span style=\"color: #ffffff;\">\u00f2<\/span><\/span><\/strong><\/p>\n<p style=\"text-align: justify;\"><strong><span style=\"color: #008000; font-size: 20px;\">Note<\/span><\/strong><br \/>\n1. <strong><span style=\"color: #008000;\">George Bernard Shaw<\/span><\/strong> \u201c<strong><em><span style=\"color: #008000;\">Now that we learned to fly the air like birds, swim under water like fish, we lack one thing \u2013 to learn to live on earth as human beings<\/span><\/em><\/strong>\u201d.<br \/>\n2. la violenza non risolve alcun problema sociale: ne crea semplicemente di nuovi e pi\u00f9 complessi.<br \/>\n3. Fortunatamente, sono stati compiuti passi significativi nella lotta per porre fine alla lunga notte dell&#8217;ingiustizia razziale. Abbiamo assistito al magnifico dramma dell&#8217;indipendenza dispiegarsi in Asia e Africa. Solo trent&#8217;anni fa c&#8217;erano solo tre nazioni indipendenti in tutta l&#8217;Africa. Ma oggi trentacinque nazioni africane si sono sollevate dalla schiavit\u00f9 coloniale. Negli Stati Uniti abbiamo assistito alla graduale scomparsa del sistema di segregazione razziale.<br \/>\n4. Johnson aveva proclamato il &#8220;pi\u00f9 alto tenore di vita al mondo&#8221; degli Stati Uniti, ma si era rammaricato che ci\u00f2 aveva comportato dolorose &#8220;dislocazioni, perdita di posti di lavoro e lo spettro della povert\u00e0 in mezzo all&#8217;abbondanza&#8221;.<br \/>\n5. In pratica vivendo tutti in una grande &#8220;casa mondiale&#8221;\u2026 \u201c<strong><em><span style=\"color: #008000;\">in cui dobbiamo vivere insieme: indipendentemente dalle nostre razze e religioni, poich\u00e9 non potremo mai pi\u00f9 vivere l&#8217;uno senza l&#8217;altro, e dovremo imparare a vivere insieme<\/span><\/em><\/strong>\u201d.<br \/>\n6. Martin Luther King, essendo cristiano e quindi contrario a qualsiasi totalitarismo, non era comunista e, nel libro <strong><em><span style=\"color: #008000;\">La forza di amare<\/span><\/em><\/strong>, aveva affermato <strong><span style=\"color: #008000;\">la necessit\u00e0 di riconoscere il bene e il male in entrambi i sistemi economici che si fronteggiavano durante la guerra fredda.<\/span><\/strong>&nbsp;<br \/>\n7. John Donne (1572-1631), poeta inglese, da \u201c<strong><span style=\"color: #008000;\">Devotions<\/span><\/strong>\u201d (1624).<br \/>\n8. Libera traduzione da <strong><em><span style=\"color: #008000;\">I have a dream<\/span><\/em><\/strong>: \u201c<strong><em><span style=\"color: #008000;\">Ho un sogno e vi dico oggi: anche se affrontiamo le difficolt\u00e0 di oggi e di domani, ho ancora un sogno. \u00c8 un sogno profondamente radicato nel sogno americano. Ho un sogno: che un giorno questa nazione si sollevi e viva il vero significato del suo credo&#8230; &#8220;Riteniamo che queste verit\u00e0 siano di per s\u00e9 evidenti: che tutti gli uomini sono creati uguali<\/span><\/em><\/strong>&#8220;.<br \/>\n9. <em>&#8220;<\/em><span style=\"color: #008000;\"><em><strong><span style=\"color: #008000;\">We are such stuff as dreams are made on &#8230; and our little life<\/span> <span style=\"color: #008000;\">Is rounded with a sleep<\/span><\/strong>&#8220;<\/em><\/span> &#8211; Shakespeare, La Tempesta (Atto 4, Scena 1)<span style=\"color: #ffffff;\">.<br \/>\n.<\/span><\/p>\n<p><a class=\"maxbutton-3 maxbutton maxbutton-pagina-principale\" target=\"_blank\" title=\"tooltip\" rel=\"nofollow noopener\" href=\"http:\/\/www.ocean4future.org\"><span class='mb-text'>PAGINA PRINCIPALE - HOME PAGE<\/span><\/a><br \/>\n<span style=\"color: #ffffff;\">.<\/span><\/p>\n<p style=\"text-align: justify;\">Alcune delle immagini presenti possono essere state prese dal web, citandone ove possibile gli autori e\/o le fonti. Se qualcuno desiderasse specificarne l\u2019autore o rimuoverle, pu\u00f2 scrivere a infoocean4future@gmail.com e provvederemo immediatamente alla correzione dell\u2019articolo.<br \/>\n<span style=\"color: #ffffff;\">.<\/span><\/p>\n","protected":false},"excerpt":{"rendered":"<p><span class=\"span-reading-time rt-reading-time\" style=\"display: block;\"><span class=\"rt-label rt-prefix\">tempo di lettura: <\/span> <span class=\"rt-time\"> 10<\/span> <span class=\"rt-label rt-postfix\">minuti<\/span><\/span>. . ARGOMENTO: GEOPOLITICA PERIODO: XX SECOLO AREA: DIDATTICA . Per concludere questo Annus horribilis, vorrei ricordare un tratto della lezione magistrale di&nbsp;Martin Luther King, in occasione della consegna del Premio Nobel, che nella sua semplicit\u00e0 non pu\u00f2 che essere pi\u00f9 attuale, nonostante fosse stata scritta oltre 50 anni fa, in piena guerra fredda quando [&hellip;]<\/p>\n","protected":false},"author":2380,"featured_media":124262,"comment_status":"open","ping_status":"open","sticky":false,"template":"","format":"standard","meta":{"_acf_changed":false,"_monsterinsights_skip_tracking":false,"_monsterinsights_sitenote_active":false,"_monsterinsights_sitenote_note":"","_monsterinsights_sitenote_category":0,"footnotes":""},"categories":[1413],"tags":[],"class_list":["post-122626","post","type-post","status-publish","format-standard","has-post-thumbnail","hentry","category-geopolitica"],"acf":[],"yoast_head":"<!-- This site is optimized with the Yoast SEO plugin v27.4 - https:\/\/yoast.com\/product\/yoast-seo-wordpress\/ -->\n<title>Vivere insieme nell\u2019armonia dell\u2019Universo: il sogno di Martin Luther King \u00e8 sempre attuale &#8226; OCEAN4FUTURE autore<\/title>\n<meta name=\"robots\" content=\"index, follow, max-snippet:-1, max-image-preview:large, max-video-preview:-1\" \/>\n<link rel=\"canonical\" href=\"https:\/\/www.ocean4future.org\/savetheocean\/archives\/122626\" \/>\n<meta property=\"og:locale\" content=\"it_IT\" \/>\n<meta property=\"og:type\" content=\"article\" \/>\n<meta property=\"og:title\" content=\"Vivere insieme nell\u2019armonia dell\u2019Universo: il sogno di Martin Luther King \u00e8 sempre attuale &#8226; OCEAN4FUTURE autore\" \/>\n<meta property=\"og:description\" content=\"tempo di lettura:  10 minuti. . ARGOMENTO: GEOPOLITICA PERIODO: XX SECOLO AREA: DIDATTICA . Per concludere questo Annus horribilis, vorrei ricordare un tratto della lezione magistrale di&nbsp;Martin Luther King, in occasione della consegna del Premio Nobel, che nella sua semplicit\u00e0 non pu\u00f2 che essere pi\u00f9 attuale, nonostante fosse stata scritta oltre 50 anni fa, in piena guerra fredda quando [&hellip;]\" \/>\n<meta property=\"og:url\" content=\"https:\/\/www.ocean4future.org\/savetheocean\/archives\/122626\" \/>\n<meta property=\"og:site_name\" content=\"OCEAN4FUTURE\" \/>\n<meta property=\"article:published_time\" content=\"2025-12-30T23:02:00+00:00\" \/>\n<meta property=\"article:modified_time\" content=\"2026-03-25T17:59:08+00:00\" \/>\n<meta property=\"og:image\" content=\"https:\/\/www.ocean4future.org\/savetheocean\/wp-content\/uploads\/2025\/12\/gita-nel-desero-da-dubai-2012-58-corr-scaled-e1767163274564.jpg\" \/>\n\t<meta property=\"og:image:width\" content=\"640\" \/>\n\t<meta property=\"og:image:height\" content=\"425\" \/>\n\t<meta property=\"og:image:type\" content=\"image\/jpeg\" \/>\n<meta name=\"author\" content=\"Andrea Mucedola\" \/>\n<meta name=\"twitter:card\" content=\"summary_large_image\" \/>\n<meta name=\"twitter:creator\" content=\"@ocean4future\" \/>\n<meta name=\"twitter:site\" content=\"@ocean4future\" \/>\n<meta name=\"twitter:label1\" content=\"Scritto da\" \/>\n\t<meta name=\"twitter:data1\" content=\"Andrea Mucedola\" \/>\n\t<meta name=\"twitter:label2\" content=\"Tempo di lettura stimato\" \/>\n\t<meta name=\"twitter:data2\" content=\"16 minuti\" \/>\n<script type=\"application\/ld+json\" class=\"yoast-schema-graph\">{\"@context\":\"https:\\\/\\\/schema.org\",\"@graph\":[{\"@type\":\"Article\",\"@id\":\"https:\\\/\\\/www.ocean4future.org\\\/savetheocean\\\/archives\\\/122626#article\",\"isPartOf\":{\"@id\":\"https:\\\/\\\/www.ocean4future.org\\\/savetheocean\\\/archives\\\/122626\"},\"author\":{\"name\":\"Andrea Mucedola\",\"@id\":\"https:\\\/\\\/www.ocean4future.org\\\/savetheocean\\\/#\\\/schema\\\/person\\\/252d25dcc5c002abcde7b2d4baa78f13\"},\"headline\":\"Vivere insieme nell\u2019armonia dell\u2019Universo: il sogno di Martin Luther King \u00e8 sempre attuale\",\"datePublished\":\"2025-12-30T23:02:00+00:00\",\"dateModified\":\"2026-03-25T17:59:08+00:00\",\"mainEntityOfPage\":{\"@id\":\"https:\\\/\\\/www.ocean4future.org\\\/savetheocean\\\/archives\\\/122626\"},\"wordCount\":2672,\"commentCount\":0,\"publisher\":{\"@id\":\"https:\\\/\\\/www.ocean4future.org\\\/savetheocean\\\/#\\\/schema\\\/person\\\/4e1c26437054353074d7bb2efa77162c\"},\"image\":{\"@id\":\"https:\\\/\\\/www.ocean4future.org\\\/savetheocean\\\/archives\\\/122626#primaryimage\"},\"thumbnailUrl\":\"https:\\\/\\\/www.ocean4future.org\\\/savetheocean\\\/wp-content\\\/uploads\\\/2025\\\/12\\\/gita-nel-desero-da-dubai-2012-58-corr-scaled-e1775308359769.jpg\",\"articleSection\":[\"Geopolitica e Storia contemporanea\"],\"inLanguage\":\"it-IT\",\"potentialAction\":[{\"@type\":\"CommentAction\",\"name\":\"Comment\",\"target\":[\"https:\\\/\\\/www.ocean4future.org\\\/savetheocean\\\/archives\\\/122626#respond\"]}]},{\"@type\":\"WebPage\",\"@id\":\"https:\\\/\\\/www.ocean4future.org\\\/savetheocean\\\/archives\\\/122626\",\"url\":\"https:\\\/\\\/www.ocean4future.org\\\/savetheocean\\\/archives\\\/122626\",\"name\":\"Vivere insieme nell\u2019armonia dell\u2019Universo: il sogno di Martin Luther King \u00e8 sempre attuale &#8226; OCEAN4FUTURE autore\",\"isPartOf\":{\"@id\":\"https:\\\/\\\/www.ocean4future.org\\\/savetheocean\\\/#website\"},\"primaryImageOfPage\":{\"@id\":\"https:\\\/\\\/www.ocean4future.org\\\/savetheocean\\\/archives\\\/122626#primaryimage\"},\"image\":{\"@id\":\"https:\\\/\\\/www.ocean4future.org\\\/savetheocean\\\/archives\\\/122626#primaryimage\"},\"thumbnailUrl\":\"https:\\\/\\\/www.ocean4future.org\\\/savetheocean\\\/wp-content\\\/uploads\\\/2025\\\/12\\\/gita-nel-desero-da-dubai-2012-58-corr-scaled-e1775308359769.jpg\",\"datePublished\":\"2025-12-30T23:02:00+00:00\",\"dateModified\":\"2026-03-25T17:59:08+00:00\",\"breadcrumb\":{\"@id\":\"https:\\\/\\\/www.ocean4future.org\\\/savetheocean\\\/archives\\\/122626#breadcrumb\"},\"inLanguage\":\"it-IT\",\"potentialAction\":[{\"@type\":\"ReadAction\",\"target\":[\"https:\\\/\\\/www.ocean4future.org\\\/savetheocean\\\/archives\\\/122626\"]}]},{\"@type\":\"ImageObject\",\"inLanguage\":\"it-IT\",\"@id\":\"https:\\\/\\\/www.ocean4future.org\\\/savetheocean\\\/archives\\\/122626#primaryimage\",\"url\":\"https:\\\/\\\/www.ocean4future.org\\\/savetheocean\\\/wp-content\\\/uploads\\\/2025\\\/12\\\/gita-nel-desero-da-dubai-2012-58-corr-scaled-e1775308359769.jpg\",\"contentUrl\":\"https:\\\/\\\/www.ocean4future.org\\\/savetheocean\\\/wp-content\\\/uploads\\\/2025\\\/12\\\/gita-nel-desero-da-dubai-2012-58-corr-scaled-e1775308359769.jpg\",\"width\":900,\"height\":598},{\"@type\":\"BreadcrumbList\",\"@id\":\"https:\\\/\\\/www.ocean4future.org\\\/savetheocean\\\/archives\\\/122626#breadcrumb\",\"itemListElement\":[{\"@type\":\"ListItem\",\"position\":1,\"name\":\"Home\",\"item\":\"https:\\\/\\\/www.ocean4future.org\\\/savetheocean\"},{\"@type\":\"ListItem\",\"position\":2,\"name\":\"Vivere insieme nell\u2019armonia dell\u2019Universo: il sogno di Martin Luther King \u00e8 sempre attuale\"}]},{\"@type\":\"WebSite\",\"@id\":\"https:\\\/\\\/www.ocean4future.org\\\/savetheocean\\\/#website\",\"url\":\"https:\\\/\\\/www.ocean4future.org\\\/savetheocean\\\/\",\"name\":\"Ocean 4 Future\",\"description\":\"Per una nuova cultura del mare e della marittimit\u00e0\",\"publisher\":{\"@id\":\"https:\\\/\\\/www.ocean4future.org\\\/savetheocean\\\/#\\\/schema\\\/person\\\/4e1c26437054353074d7bb2efa77162c\"},\"potentialAction\":[{\"@type\":\"SearchAction\",\"target\":{\"@type\":\"EntryPoint\",\"urlTemplate\":\"https:\\\/\\\/www.ocean4future.org\\\/savetheocean\\\/?s={search_term_string}\"},\"query-input\":{\"@type\":\"PropertyValueSpecification\",\"valueRequired\":true,\"valueName\":\"search_term_string\"}}],\"inLanguage\":\"it-IT\"},{\"@type\":[\"Person\",\"Organization\"],\"@id\":\"https:\\\/\\\/www.ocean4future.org\\\/savetheocean\\\/#\\\/schema\\\/person\\\/4e1c26437054353074d7bb2efa77162c\",\"name\":\"oceandiver\",\"image\":{\"@type\":\"ImageObject\",\"inLanguage\":\"it-IT\",\"@id\":\"https:\\\/\\\/www.ocean4future.org\\\/savetheocean\\\/wp-content\\\/uploads\\\/2023\\\/04\\\/logo-ocean3.jpg\",\"url\":\"https:\\\/\\\/www.ocean4future.org\\\/savetheocean\\\/wp-content\\\/uploads\\\/2023\\\/04\\\/logo-ocean3.jpg\",\"contentUrl\":\"https:\\\/\\\/www.ocean4future.org\\\/savetheocean\\\/wp-content\\\/uploads\\\/2023\\\/04\\\/logo-ocean3.jpg\",\"width\":472,\"height\":301,\"caption\":\"oceandiver\"},\"logo\":{\"@id\":\"https:\\\/\\\/www.ocean4future.org\\\/savetheocean\\\/wp-content\\\/uploads\\\/2023\\\/04\\\/logo-ocean3.jpg\"}},{\"@type\":\"Person\",\"@id\":\"https:\\\/\\\/www.ocean4future.org\\\/savetheocean\\\/#\\\/schema\\\/person\\\/252d25dcc5c002abcde7b2d4baa78f13\",\"name\":\"Andrea Mucedola\",\"image\":{\"@type\":\"ImageObject\",\"inLanguage\":\"it-IT\",\"@id\":\"https:\\\/\\\/secure.gravatar.com\\\/avatar\\\/befc97e7f9e17a6b60a3969a83be976bdb6f8fc3d0b55cb27b11ae85db4b6240?s=96&d=mm&r=g\",\"url\":\"https:\\\/\\\/secure.gravatar.com\\\/avatar\\\/befc97e7f9e17a6b60a3969a83be976bdb6f8fc3d0b55cb27b11ae85db4b6240?s=96&d=mm&r=g\",\"contentUrl\":\"https:\\\/\\\/secure.gravatar.com\\\/avatar\\\/befc97e7f9e17a6b60a3969a83be976bdb6f8fc3d0b55cb27b11ae85db4b6240?s=96&d=mm&r=g\",\"caption\":\"Andrea Mucedola\"},\"description\":\"ammiraglio della Marina Militare Italiana (riserva), \u00e8 laureato in Scienze Marittime della Difesa presso l\u2019Universit\u00e0 di Pisa ed in Scienze Politiche cum laude all\u2019Universit\u00e0 di Trieste. Analista di Maritime Security, collabora con numerosi Centri di studi e analisi geopolitici italiani ed internazionali. Ricercatore subacqueo scientifico dal 1993, nel 2019, ha ricevuto il Tridente d'oro dell'Accademia delle Scienze e Tecniche Subacquee per la divulgazione della cultura del mare. Fa parte del Comitato scientifico della Fondazione Atlantide e della Scuola internazionale Subacquei scientifici (ISSD - AIOSS).\",\"sameAs\":[\"http:\\\/\\\/www.ocean4future.org\"],\"url\":\"https:\\\/\\\/www.ocean4future.org\\\/savetheocean\\\/archives\\\/author\\\/andrea-mucedola\"}]}<\/script>\n<!-- \/ Yoast SEO plugin. -->","yoast_head_json":{"title":"Vivere insieme nell\u2019armonia dell\u2019Universo: il sogno di Martin Luther King \u00e8 sempre attuale &#8226; OCEAN4FUTURE autore","robots":{"index":"index","follow":"follow","max-snippet":"max-snippet:-1","max-image-preview":"max-image-preview:large","max-video-preview":"max-video-preview:-1"},"canonical":"https:\/\/www.ocean4future.org\/savetheocean\/archives\/122626","og_locale":"it_IT","og_type":"article","og_title":"Vivere insieme nell\u2019armonia dell\u2019Universo: il sogno di Martin Luther King \u00e8 sempre attuale &#8226; OCEAN4FUTURE autore","og_description":"tempo di lettura:  10 minuti. . ARGOMENTO: GEOPOLITICA PERIODO: XX SECOLO AREA: DIDATTICA . Per concludere questo Annus horribilis, vorrei ricordare un tratto della lezione magistrale di&nbsp;Martin Luther King, in occasione della consegna del Premio Nobel, che nella sua semplicit\u00e0 non pu\u00f2 che essere pi\u00f9 attuale, nonostante fosse stata scritta oltre 50 anni fa, in piena guerra fredda quando [&hellip;]","og_url":"https:\/\/www.ocean4future.org\/savetheocean\/archives\/122626","og_site_name":"OCEAN4FUTURE","article_published_time":"2025-12-30T23:02:00+00:00","article_modified_time":"2026-03-25T17:59:08+00:00","og_image":[{"width":640,"height":425,"url":"https:\/\/www.ocean4future.org\/savetheocean\/wp-content\/uploads\/2025\/12\/gita-nel-desero-da-dubai-2012-58-corr-scaled-e1767163274564.jpg","type":"image\/jpeg"}],"author":"Andrea Mucedola","twitter_card":"summary_large_image","twitter_creator":"@ocean4future","twitter_site":"@ocean4future","twitter_misc":{"Scritto da":"Andrea Mucedola","Tempo di lettura stimato":"16 minuti"},"schema":{"@context":"https:\/\/schema.org","@graph":[{"@type":"Article","@id":"https:\/\/www.ocean4future.org\/savetheocean\/archives\/122626#article","isPartOf":{"@id":"https:\/\/www.ocean4future.org\/savetheocean\/archives\/122626"},"author":{"name":"Andrea Mucedola","@id":"https:\/\/www.ocean4future.org\/savetheocean\/#\/schema\/person\/252d25dcc5c002abcde7b2d4baa78f13"},"headline":"Vivere insieme nell\u2019armonia dell\u2019Universo: il sogno di Martin Luther King \u00e8 sempre attuale","datePublished":"2025-12-30T23:02:00+00:00","dateModified":"2026-03-25T17:59:08+00:00","mainEntityOfPage":{"@id":"https:\/\/www.ocean4future.org\/savetheocean\/archives\/122626"},"wordCount":2672,"commentCount":0,"publisher":{"@id":"https:\/\/www.ocean4future.org\/savetheocean\/#\/schema\/person\/4e1c26437054353074d7bb2efa77162c"},"image":{"@id":"https:\/\/www.ocean4future.org\/savetheocean\/archives\/122626#primaryimage"},"thumbnailUrl":"https:\/\/www.ocean4future.org\/savetheocean\/wp-content\/uploads\/2025\/12\/gita-nel-desero-da-dubai-2012-58-corr-scaled-e1775308359769.jpg","articleSection":["Geopolitica e Storia contemporanea"],"inLanguage":"it-IT","potentialAction":[{"@type":"CommentAction","name":"Comment","target":["https:\/\/www.ocean4future.org\/savetheocean\/archives\/122626#respond"]}]},{"@type":"WebPage","@id":"https:\/\/www.ocean4future.org\/savetheocean\/archives\/122626","url":"https:\/\/www.ocean4future.org\/savetheocean\/archives\/122626","name":"Vivere insieme nell\u2019armonia dell\u2019Universo: il sogno di Martin Luther King \u00e8 sempre attuale &#8226; OCEAN4FUTURE autore","isPartOf":{"@id":"https:\/\/www.ocean4future.org\/savetheocean\/#website"},"primaryImageOfPage":{"@id":"https:\/\/www.ocean4future.org\/savetheocean\/archives\/122626#primaryimage"},"image":{"@id":"https:\/\/www.ocean4future.org\/savetheocean\/archives\/122626#primaryimage"},"thumbnailUrl":"https:\/\/www.ocean4future.org\/savetheocean\/wp-content\/uploads\/2025\/12\/gita-nel-desero-da-dubai-2012-58-corr-scaled-e1775308359769.jpg","datePublished":"2025-12-30T23:02:00+00:00","dateModified":"2026-03-25T17:59:08+00:00","breadcrumb":{"@id":"https:\/\/www.ocean4future.org\/savetheocean\/archives\/122626#breadcrumb"},"inLanguage":"it-IT","potentialAction":[{"@type":"ReadAction","target":["https:\/\/www.ocean4future.org\/savetheocean\/archives\/122626"]}]},{"@type":"ImageObject","inLanguage":"it-IT","@id":"https:\/\/www.ocean4future.org\/savetheocean\/archives\/122626#primaryimage","url":"https:\/\/www.ocean4future.org\/savetheocean\/wp-content\/uploads\/2025\/12\/gita-nel-desero-da-dubai-2012-58-corr-scaled-e1775308359769.jpg","contentUrl":"https:\/\/www.ocean4future.org\/savetheocean\/wp-content\/uploads\/2025\/12\/gita-nel-desero-da-dubai-2012-58-corr-scaled-e1775308359769.jpg","width":900,"height":598},{"@type":"BreadcrumbList","@id":"https:\/\/www.ocean4future.org\/savetheocean\/archives\/122626#breadcrumb","itemListElement":[{"@type":"ListItem","position":1,"name":"Home","item":"https:\/\/www.ocean4future.org\/savetheocean"},{"@type":"ListItem","position":2,"name":"Vivere insieme nell\u2019armonia dell\u2019Universo: il sogno di Martin Luther King \u00e8 sempre attuale"}]},{"@type":"WebSite","@id":"https:\/\/www.ocean4future.org\/savetheocean\/#website","url":"https:\/\/www.ocean4future.org\/savetheocean\/","name":"Ocean 4 Future","description":"Per una nuova cultura del mare e della marittimit\u00e0","publisher":{"@id":"https:\/\/www.ocean4future.org\/savetheocean\/#\/schema\/person\/4e1c26437054353074d7bb2efa77162c"},"potentialAction":[{"@type":"SearchAction","target":{"@type":"EntryPoint","urlTemplate":"https:\/\/www.ocean4future.org\/savetheocean\/?s={search_term_string}"},"query-input":{"@type":"PropertyValueSpecification","valueRequired":true,"valueName":"search_term_string"}}],"inLanguage":"it-IT"},{"@type":["Person","Organization"],"@id":"https:\/\/www.ocean4future.org\/savetheocean\/#\/schema\/person\/4e1c26437054353074d7bb2efa77162c","name":"oceandiver","image":{"@type":"ImageObject","inLanguage":"it-IT","@id":"https:\/\/www.ocean4future.org\/savetheocean\/wp-content\/uploads\/2023\/04\/logo-ocean3.jpg","url":"https:\/\/www.ocean4future.org\/savetheocean\/wp-content\/uploads\/2023\/04\/logo-ocean3.jpg","contentUrl":"https:\/\/www.ocean4future.org\/savetheocean\/wp-content\/uploads\/2023\/04\/logo-ocean3.jpg","width":472,"height":301,"caption":"oceandiver"},"logo":{"@id":"https:\/\/www.ocean4future.org\/savetheocean\/wp-content\/uploads\/2023\/04\/logo-ocean3.jpg"}},{"@type":"Person","@id":"https:\/\/www.ocean4future.org\/savetheocean\/#\/schema\/person\/252d25dcc5c002abcde7b2d4baa78f13","name":"Andrea Mucedola","image":{"@type":"ImageObject","inLanguage":"it-IT","@id":"https:\/\/secure.gravatar.com\/avatar\/befc97e7f9e17a6b60a3969a83be976bdb6f8fc3d0b55cb27b11ae85db4b6240?s=96&d=mm&r=g","url":"https:\/\/secure.gravatar.com\/avatar\/befc97e7f9e17a6b60a3969a83be976bdb6f8fc3d0b55cb27b11ae85db4b6240?s=96&d=mm&r=g","contentUrl":"https:\/\/secure.gravatar.com\/avatar\/befc97e7f9e17a6b60a3969a83be976bdb6f8fc3d0b55cb27b11ae85db4b6240?s=96&d=mm&r=g","caption":"Andrea Mucedola"},"description":"ammiraglio della Marina Militare Italiana (riserva), \u00e8 laureato in Scienze Marittime della Difesa presso l\u2019Universit\u00e0 di Pisa ed in Scienze Politiche cum laude all\u2019Universit\u00e0 di Trieste. Analista di Maritime Security, collabora con numerosi Centri di studi e analisi geopolitici italiani ed internazionali. Ricercatore subacqueo scientifico dal 1993, nel 2019, ha ricevuto il Tridente d'oro dell'Accademia delle Scienze e Tecniche Subacquee per la divulgazione della cultura del mare. Fa parte del Comitato scientifico della Fondazione Atlantide e della Scuola internazionale Subacquei scientifici (ISSD - AIOSS).","sameAs":["http:\/\/www.ocean4future.org"],"url":"https:\/\/www.ocean4future.org\/savetheocean\/archives\/author\/andrea-mucedola"}]}},"_links":{"self":[{"href":"https:\/\/www.ocean4future.org\/savetheocean\/wp-json\/wp\/v2\/posts\/122626","targetHints":{"allow":["GET"]}}],"collection":[{"href":"https:\/\/www.ocean4future.org\/savetheocean\/wp-json\/wp\/v2\/posts"}],"about":[{"href":"https:\/\/www.ocean4future.org\/savetheocean\/wp-json\/wp\/v2\/types\/post"}],"author":[{"embeddable":true,"href":"https:\/\/www.ocean4future.org\/savetheocean\/wp-json\/wp\/v2\/users\/2380"}],"replies":[{"embeddable":true,"href":"https:\/\/www.ocean4future.org\/savetheocean\/wp-json\/wp\/v2\/comments?post=122626"}],"version-history":[{"count":1,"href":"https:\/\/www.ocean4future.org\/savetheocean\/wp-json\/wp\/v2\/posts\/122626\/revisions"}],"predecessor-version":[{"id":126854,"href":"https:\/\/www.ocean4future.org\/savetheocean\/wp-json\/wp\/v2\/posts\/122626\/revisions\/126854"}],"wp:featuredmedia":[{"embeddable":true,"href":"https:\/\/www.ocean4future.org\/savetheocean\/wp-json\/wp\/v2\/media\/124262"}],"wp:attachment":[{"href":"https:\/\/www.ocean4future.org\/savetheocean\/wp-json\/wp\/v2\/media?parent=122626"}],"wp:term":[{"taxonomy":"category","embeddable":true,"href":"https:\/\/www.ocean4future.org\/savetheocean\/wp-json\/wp\/v2\/categories?post=122626"},{"taxonomy":"post_tag","embeddable":true,"href":"https:\/\/www.ocean4future.org\/savetheocean\/wp-json\/wp\/v2\/tags?post=122626"}],"curies":[{"name":"wp","href":"https:\/\/api.w.org\/{rel}","templated":true}]}}