{"id":122143,"date":"2025-11-18T00:02:00","date_gmt":"2025-11-17T23:02:00","guid":{"rendered":"https:\/\/www.ocean4future.org\/savetheocean\/?p=122143"},"modified":"2026-03-26T12:44:10","modified_gmt":"2026-03-26T11:44:10","slug":"le-cannoniere-lagunari-classe-brondolo-parte-ii","status":"publish","type":"post","link":"https:\/\/www.ocean4future.org\/savetheocean\/archives\/122143","title":{"rendered":"Le cannoniere lagunari classe Brondolo &#8211; parte II"},"content":{"rendered":"<span class=\"span-reading-time rt-reading-time\" style=\"display: block;\"><span class=\"rt-label rt-prefix\">tempo di lettura: <\/span> <span class=\"rt-time\"> 4<\/span> <span class=\"rt-label rt-postfix\">minuti<\/span><\/span><p><span style=\"color: #ffffff;\">,<\/span><\/p>\n<p><span style=\"color: #ffffff;\">.<\/span><a class=\"maxbutton-4 maxbutton maxbutton-livello-di-comprensione\" href=\"javascript:void(0);\"><span class='mb-text'>livello elementare<\/span><\/a><\/p>\n<p><span style=\"color: #ffffff;\">.<\/span><\/p>\n<p><strong><span style=\"color: #008000;\">ARGOMENTO: STORIA NAVALE<\/span><\/strong><br \/>\n<strong><span style=\"color: #008000;\">PERIODO: XX SECOLO<\/span><\/strong><br \/>\n<strong><span style=\"color: #008000;\">AREA: DIDATTICA<\/span><\/strong><br \/>\nparole chiave: Cannoniere fluviali &#8211; cannoniere lagunari<br \/>\n<span style=\"color: #ffffff;\">.<\/span><\/p>\n<p style=\"text-align: justify;\">Mentre le ultime cannoniere ex austriache stavano scomparendo, furono progettate due nuove unit\u00e0 che vennero classificate \u201c<strong><span style=\"color: #008000;\">cannoniere lagunari<\/span><\/strong>\u201d. Se quelle precedenti seguivano ancora la filosofia tradizionale, che vedeva questo tipo di nave armato di un solo cannone di grosso calibro e destinato a operare in sciami, queste erano semplicemente dei vaporetti armati e tuttofare, senza nessun tratto caratteristico di impiego. Vennero battezzate <strong><span style=\"color: #008000;\">Brondolo<\/span><\/strong> e <strong><span style=\"color: #008000;\">Malghera<\/span><\/strong>, nome presto rettificato in <strong><span style=\"color: #008000;\">Marghera<\/span><\/strong>. Costruite dall\u2019arsenale di Venezia vennero poi varate nel 1909. La loro buona velocit\u00e0 ne permise lo sfruttamento anche al di fuori dell\u2019ambito locale ed entrambe le navi non solo affrontarono il mare libero ma svolsero anche una certa attivit\u00e0 bellica.<\/p>\n<p><img decoding=\"async\" class=\"alignnone size-full wp-image-122336\" src=\"https:\/\/www.ocean4future.org\/savetheocean\/wp-content\/uploads\/2025\/11\/Screenshot-2025-10-27-171713.png\" alt=\"\" width=\"690\" height=\"456\" srcset=\"https:\/\/www.ocean4future.org\/savetheocean\/wp-content\/uploads\/2025\/11\/Screenshot-2025-10-27-171713.png 690w, https:\/\/www.ocean4future.org\/savetheocean\/wp-content\/uploads\/2025\/11\/Screenshot-2025-10-27-171713-300x198.png 300w\" sizes=\"(max-width: 690px) 100vw, 690px\" \/><\/p>\n<p style=\"text-align: justify;\">Durante la prima guerra mondiale il <strong><span style=\"color: #008000;\">Brondolo<\/span><\/strong> fu usato in compiti di pattugliamento e in un\u2019occasione si accorse di essere inseguito da un sommergibile; poich\u00e9 non aveva possibilit\u00e0 n\u00e9 di difesa n\u00e9 di attacco, riusc\u00ec a sfuggirgli entrando in un campo minato su cui pot\u00e9 passare impunemente grazie alla sua minima immersione.<\/p>\n<p style=\"text-align: justify;\"><img decoding=\"async\" class=\"alignnone size-full wp-image-122335\" src=\"https:\/\/www.ocean4future.org\/savetheocean\/wp-content\/uploads\/2025\/11\/Screenshot-2025-10-27-171657.png\" alt=\"\" width=\"518\" height=\"296\" srcset=\"https:\/\/www.ocean4future.org\/savetheocean\/wp-content\/uploads\/2025\/11\/Screenshot-2025-10-27-171657.png 518w, https:\/\/www.ocean4future.org\/savetheocean\/wp-content\/uploads\/2025\/11\/Screenshot-2025-10-27-171657-300x171.png 300w\" sizes=\"(max-width: 518px) 100vw, 518px\" \/><br \/>\nII <strong><span style=\"color: #008000;\">Marghera<\/span><\/strong>, invece, rese un apprezzato servizio in occasione delle operazioni multinazionali in Albania nel 1913-14 durante il tumultuoso periodo del distacco del paese dall\u2019impero ottomano. Fu infatti inviato nel basso Adriatico dove, al comando del tenente di vascello Primo Leonardi, svolse servizio di polizia risalendo spesso la Bojana fino al lago di Scutari. Entrambe le unit\u00e0, infine, scortarono il convoglio che, preceduto dal <strong><span style=\"color: #008000;\">cacciatorpediniere Audace<\/span><\/strong>, il 3 novembre 1918 portava le truppe italiane a Trieste.<\/p>\n<p style=\"text-align: justify;\"><img decoding=\"async\" class=\"alignnone size-full wp-image-122337\" src=\"https:\/\/www.ocean4future.org\/savetheocean\/wp-content\/uploads\/2025\/11\/Screenshot-2025-10-27-171730.png\" alt=\"\" width=\"924\" height=\"271\" srcset=\"https:\/\/www.ocean4future.org\/savetheocean\/wp-content\/uploads\/2025\/11\/Screenshot-2025-10-27-171730.png 924w, https:\/\/www.ocean4future.org\/savetheocean\/wp-content\/uploads\/2025\/11\/Screenshot-2025-10-27-171730-300x88.png 300w, https:\/\/www.ocean4future.org\/savetheocean\/wp-content\/uploads\/2025\/11\/Screenshot-2025-10-27-171730-768x225.png 768w\" sizes=\"(max-width: 924px) 100vw, 924px\" \/><br \/>\nNel 1921 le due cannoniere unit\u00e0 vennero classificate <strong><span style=\"color: #008000;\">posamine<\/span><\/strong> e il Brondolo risulta usato anche per esperienze che comportarono la modifica delle sovrastrutture rendendolo molto diverso dall\u2019unit\u00e0 gemella. Vennero radiate nel 1934 e, dalla vendita per demolizione, furono ricavate 14.729 lire per il <strong><span style=\"color: #008000;\">Brondolo<\/span><\/strong> e 17.250 per il <strong><span style=\"color: #008000;\">Marghera<\/span><\/strong>.<\/p>\n<p style=\"text-align: justify;\"><img decoding=\"async\" class=\"alignnone size-full wp-image-122340\" src=\"https:\/\/www.ocean4future.org\/savetheocean\/wp-content\/uploads\/2025\/11\/Screenshot-2025-10-27-171917.png\" alt=\"\" width=\"796\" height=\"473\" srcset=\"https:\/\/www.ocean4future.org\/savetheocean\/wp-content\/uploads\/2025\/11\/Screenshot-2025-10-27-171917.png 796w, https:\/\/www.ocean4future.org\/savetheocean\/wp-content\/uploads\/2025\/11\/Screenshot-2025-10-27-171917-300x178.png 300w, https:\/\/www.ocean4future.org\/savetheocean\/wp-content\/uploads\/2025\/11\/Screenshot-2025-10-27-171917-768x456.png 768w\" sizes=\"(max-width: 796px) 100vw, 796px\" \/><br \/>\n<span style=\"font-size: 20px;\"><strong><span style=\"color: #008000;\">La classe Ape<\/span><\/strong><\/span><br \/>\nFurono classificate come cannoniere lagunari e quindi vengono convenzionalmente comprese in questa categoria: \u00e8 forse appropriata la definizione \u201clagunare\u201d perch\u00e9 destinate esclusivamente a muoversi in bassi fondali e in acque interne, ma della cannoniera intesa in senso tradizionale non avevano assolutamente nulla perch\u00e9 erano due unit\u00e0 di prima linea e di impiego particolare: erano destinate a fornire supporto alla fanteria, specialmente alle truppe da sbarco, nelle lagune dell\u2019Adriatico o nei fiumi e canali dell\u2019immediato retroterra. Grazie alle numerose mitragliere erano in grado di fornire un notevole supporto di fuoco a brevissimo raggio ed erano protette con una leggera corazzatura contro le armi leggere.<\/p>\n<p style=\"text-align: justify;\"><img decoding=\"async\" class=\"alignnone size-full wp-image-122339\" src=\"https:\/\/www.ocean4future.org\/savetheocean\/wp-content\/uploads\/2025\/11\/Screenshot-2025-10-27-171901.png\" alt=\"\" width=\"708\" height=\"294\" srcset=\"https:\/\/www.ocean4future.org\/savetheocean\/wp-content\/uploads\/2025\/11\/Screenshot-2025-10-27-171901.png 708w, https:\/\/www.ocean4future.org\/savetheocean\/wp-content\/uploads\/2025\/11\/Screenshot-2025-10-27-171901-300x125.png 300w\" sizes=\"(max-width: 708px) 100vw, 708px\" \/><br \/>\nDalle immagini il cannone appare dotato del normale affusto ruotato usato dall\u2019artiglieria di terra, probabilmente per poterlo usare come pezzo da sbarco se necessario.<\/p>\n<p style=\"text-align: justify;\">Queste unit\u00e0 furono costruite su progetto del <strong><span style=\"color: #008000;\">Maggior Generale del Genio Navale Giorgio Pruneri<\/span><\/strong> nell\u2019Arsenale di Venezia e consegnate nell\u2019agosto del 1918. Avevano qualche punto di contatto con i tanti pontoni e zatteroni improvvisati, semoventi o meno , che la Regia Marina impieg\u00f2 nelle acque prossime al fronte terrestre, ma erano costruzioni originali e non ricavate da altri galleggianti di origini disparate e ovviamente erano di costruzione pi\u00f9 accurata.<br \/>\n<img decoding=\"async\" class=\"alignnone size-full wp-image-122338\" src=\"https:\/\/www.ocean4future.org\/savetheocean\/wp-content\/uploads\/2025\/11\/Screenshot-2025-10-27-171851.png\" alt=\"\" width=\"892\" height=\"101\" srcset=\"https:\/\/www.ocean4future.org\/savetheocean\/wp-content\/uploads\/2025\/11\/Screenshot-2025-10-27-171851.png 892w, https:\/\/www.ocean4future.org\/savetheocean\/wp-content\/uploads\/2025\/11\/Screenshot-2025-10-27-171851-300x34.png 300w, https:\/\/www.ocean4future.org\/savetheocean\/wp-content\/uploads\/2025\/11\/Screenshot-2025-10-27-171851-768x87.png 768w\" sizes=\"(max-width: 892px) 100vw, 892px\" \/><br \/>\nOperarono a supporto delle truppe del Reggimento Marina e il 31 ottobre 1918, con a bordo un plotone di arditi e un reparto di mitraglieri al comando del <strong><span style=\"color: #008000;\">tenente di vascello Enrico Insom<\/span><\/strong>, si portarono a Caorle e a Porto Falconera occupando le batterie abbandonate dagli Austriaci in ritirata. Ad ogni modo, considerato anche il loro aspetto piuttosto spartano, si direbbe che siano state costruite in fretta sotto l\u2019incalzare degli avvenimenti e servendosi di materiali immediatamente disponibili, come dimostrerebbe l\u2019inusitato motore americano Buffalo, forse di derivazione aeronautica o forse, pi\u00f9 verosimilmente, del tipo che prima del conflitto figurava adottato da molte imbarcazioni da diporto. Furono unit\u00e0 interessanti ma la realizzazione troppo tardiva e la produzione di due soli esemplari imped\u00ec a questo tipo di cannoniera di portare un fattivo contributo alle operazioni belliche. Al termine del conflitto non trovarono pi\u00f9 nessun impiego &#8211; n\u00e9 se ne poteva ipotizzare uno futuro &#8211; e vennero quindi radiate nel 1924.<br \/>\n<strong><span style=\"color: #008000;\">Guglielmo Evangelista<\/span><\/strong><br \/>\n<span style=\"color: #ffffff;\">.<\/span><\/p>\n<a class=\"maxbutton-3 maxbutton maxbutton-pagina-principale\" target=\"_blank\" title=\"tooltip\" rel=\"nofollow noopener\" href=\"http:\/\/www.ocean4future.org\"><span class='mb-text'>PAGINA PRINCIPALE - HOME PAGE<\/span><\/a>\n<p><span style=\"color: #ffffff;\">.<\/span><\/p>\n<p><a class=\"maxbutton-13 maxbutton maxbutton-parte-i\" target=\"_blank\" title=\" tooltip\" rel=\"nofollow noopener\" href=\"https:\/\/www.ocean4future.org\/savetheocean\/archives\/122141\"><span class='mb-text'>PARTE I<\/span><\/a> <a class=\"maxbutton-14 maxbutton maxbutton-parte-ii\" target=\"_blank\" title=\" tooltip\" rel=\"nofollow noopener\" href=\"https:\/\/www.ocean4future.org\/savetheocean\/archives\/122143\"><span class='mb-text'>PARTE II<\/span><\/a><br \/>\n<span style=\"color: #ffffff;\">.<\/span><\/p>\n<p style=\"text-align: justify;\">Alcune delle immagini presenti possono essere state prese dal web, citandone ove possibile gli autori e\/o le fonti. Se qualcuno desiderasse specificarne l\u2019autore o rimuoverle, pu\u00f2 scrivere a infoocean4future@gmail.com e provvederemo immediatamente alla correzione dell\u2019articolo.<br \/>\n<span style=\"color: #ffffff;\">.<\/span><\/p>\n","protected":false},"excerpt":{"rendered":"<p><span class=\"span-reading-time rt-reading-time\" style=\"display: block;\"><span class=\"rt-label rt-prefix\">tempo di lettura: <\/span> <span class=\"rt-time\"> 4<\/span> <span class=\"rt-label rt-postfix\">minuti<\/span><\/span>, . . ARGOMENTO: STORIA NAVALE PERIODO: XX SECOLO AREA: DIDATTICA parole chiave: Cannoniere fluviali &#8211; cannoniere lagunari . Mentre le ultime cannoniere ex austriache stavano scomparendo, furono progettate due nuove unit\u00e0 che vennero classificate \u201ccannoniere lagunari\u201d. Se quelle precedenti seguivano ancora la filosofia tradizionale, che vedeva questo tipo di nave armato di un solo [&hellip;]<\/p>\n","protected":false},"author":2428,"featured_media":122336,"comment_status":"open","ping_status":"open","sticky":false,"template":"","format":"standard","meta":{"_acf_changed":false,"_monsterinsights_skip_tracking":false,"_monsterinsights_sitenote_active":false,"_monsterinsights_sitenote_note":"","_monsterinsights_sitenote_category":0,"footnotes":""},"categories":[2431],"tags":[],"class_list":["post-122143","post","type-post","status-publish","format-standard","has-post-thumbnail","hentry","category-storia"],"acf":[],"yoast_head":"<!-- This site is optimized with the Yoast SEO plugin v27.4 - https:\/\/yoast.com\/product\/yoast-seo-wordpress\/ -->\n<title>Le cannoniere lagunari classe Brondolo - parte II &#8226; OCEAN4FUTURE autore<\/title>\n<meta name=\"robots\" content=\"index, follow, max-snippet:-1, max-image-preview:large, max-video-preview:-1\" \/>\n<link rel=\"canonical\" href=\"https:\/\/www.ocean4future.org\/savetheocean\/archives\/122143\" \/>\n<meta property=\"og:locale\" content=\"it_IT\" \/>\n<meta property=\"og:type\" content=\"article\" \/>\n<meta property=\"og:title\" content=\"Le cannoniere lagunari classe Brondolo - parte II &#8226; OCEAN4FUTURE autore\" \/>\n<meta property=\"og:description\" content=\"tempo di lettura:  4 minuti, . . ARGOMENTO: STORIA NAVALE PERIODO: XX SECOLO AREA: DIDATTICA parole chiave: Cannoniere fluviali &#8211; cannoniere lagunari . Mentre le ultime cannoniere ex austriache stavano scomparendo, furono progettate due nuove unit\u00e0 che vennero classificate \u201ccannoniere lagunari\u201d. Se quelle precedenti seguivano ancora la filosofia tradizionale, che vedeva questo tipo di nave armato di un solo [&hellip;]\" \/>\n<meta property=\"og:url\" content=\"https:\/\/www.ocean4future.org\/savetheocean\/archives\/122143\" \/>\n<meta property=\"og:site_name\" content=\"OCEAN4FUTURE\" \/>\n<meta property=\"article:published_time\" content=\"2025-11-17T23:02:00+00:00\" \/>\n<meta property=\"article:modified_time\" content=\"2026-03-26T11:44:10+00:00\" \/>\n<meta property=\"og:image\" content=\"https:\/\/www.ocean4future.org\/savetheocean\/wp-content\/uploads\/2025\/11\/Screenshot-2025-10-27-171713.png\" \/>\n\t<meta property=\"og:image:width\" content=\"690\" \/>\n\t<meta property=\"og:image:height\" content=\"456\" \/>\n\t<meta property=\"og:image:type\" content=\"image\/png\" \/>\n<meta name=\"author\" content=\"Guglielmo Evangelista\" \/>\n<meta name=\"twitter:card\" content=\"summary_large_image\" \/>\n<meta name=\"twitter:creator\" content=\"@ocean4future\" \/>\n<meta name=\"twitter:site\" content=\"@ocean4future\" \/>\n<meta name=\"twitter:label1\" content=\"Scritto da\" \/>\n\t<meta name=\"twitter:data1\" content=\"Guglielmo Evangelista\" \/>\n\t<meta name=\"twitter:label2\" content=\"Tempo di lettura stimato\" \/>\n\t<meta name=\"twitter:data2\" content=\"6 minuti\" \/>\n<script type=\"application\/ld+json\" class=\"yoast-schema-graph\">{\"@context\":\"https:\\\/\\\/schema.org\",\"@graph\":[{\"@type\":\"Article\",\"@id\":\"https:\\\/\\\/www.ocean4future.org\\\/savetheocean\\\/archives\\\/122143#article\",\"isPartOf\":{\"@id\":\"https:\\\/\\\/www.ocean4future.org\\\/savetheocean\\\/archives\\\/122143\"},\"author\":{\"name\":\"Guglielmo Evangelista\",\"@id\":\"https:\\\/\\\/www.ocean4future.org\\\/savetheocean\\\/#\\\/schema\\\/person\\\/3dd16465e3eca75b65ae959225362b71\"},\"headline\":\"Le cannoniere lagunari classe Brondolo &#8211; parte II\",\"datePublished\":\"2025-11-17T23:02:00+00:00\",\"dateModified\":\"2026-03-26T11:44:10+00:00\",\"mainEntityOfPage\":{\"@id\":\"https:\\\/\\\/www.ocean4future.org\\\/savetheocean\\\/archives\\\/122143\"},\"wordCount\":762,\"commentCount\":0,\"publisher\":{\"@id\":\"https:\\\/\\\/www.ocean4future.org\\\/savetheocean\\\/#\\\/schema\\\/person\\\/4e1c26437054353074d7bb2efa77162c\"},\"image\":{\"@id\":\"https:\\\/\\\/www.ocean4future.org\\\/savetheocean\\\/archives\\\/122143#primaryimage\"},\"thumbnailUrl\":\"https:\\\/\\\/www.ocean4future.org\\\/savetheocean\\\/wp-content\\\/uploads\\\/2025\\\/11\\\/Screenshot-2025-10-27-171713.png\",\"articleSection\":[\"Storia\"],\"inLanguage\":\"it-IT\",\"potentialAction\":[{\"@type\":\"CommentAction\",\"name\":\"Comment\",\"target\":[\"https:\\\/\\\/www.ocean4future.org\\\/savetheocean\\\/archives\\\/122143#respond\"]}]},{\"@type\":\"WebPage\",\"@id\":\"https:\\\/\\\/www.ocean4future.org\\\/savetheocean\\\/archives\\\/122143\",\"url\":\"https:\\\/\\\/www.ocean4future.org\\\/savetheocean\\\/archives\\\/122143\",\"name\":\"Le cannoniere lagunari classe Brondolo - parte II &#8226; OCEAN4FUTURE autore\",\"isPartOf\":{\"@id\":\"https:\\\/\\\/www.ocean4future.org\\\/savetheocean\\\/#website\"},\"primaryImageOfPage\":{\"@id\":\"https:\\\/\\\/www.ocean4future.org\\\/savetheocean\\\/archives\\\/122143#primaryimage\"},\"image\":{\"@id\":\"https:\\\/\\\/www.ocean4future.org\\\/savetheocean\\\/archives\\\/122143#primaryimage\"},\"thumbnailUrl\":\"https:\\\/\\\/www.ocean4future.org\\\/savetheocean\\\/wp-content\\\/uploads\\\/2025\\\/11\\\/Screenshot-2025-10-27-171713.png\",\"datePublished\":\"2025-11-17T23:02:00+00:00\",\"dateModified\":\"2026-03-26T11:44:10+00:00\",\"breadcrumb\":{\"@id\":\"https:\\\/\\\/www.ocean4future.org\\\/savetheocean\\\/archives\\\/122143#breadcrumb\"},\"inLanguage\":\"it-IT\",\"potentialAction\":[{\"@type\":\"ReadAction\",\"target\":[\"https:\\\/\\\/www.ocean4future.org\\\/savetheocean\\\/archives\\\/122143\"]}]},{\"@type\":\"ImageObject\",\"inLanguage\":\"it-IT\",\"@id\":\"https:\\\/\\\/www.ocean4future.org\\\/savetheocean\\\/archives\\\/122143#primaryimage\",\"url\":\"https:\\\/\\\/www.ocean4future.org\\\/savetheocean\\\/wp-content\\\/uploads\\\/2025\\\/11\\\/Screenshot-2025-10-27-171713.png\",\"contentUrl\":\"https:\\\/\\\/www.ocean4future.org\\\/savetheocean\\\/wp-content\\\/uploads\\\/2025\\\/11\\\/Screenshot-2025-10-27-171713.png\",\"width\":690,\"height\":456},{\"@type\":\"BreadcrumbList\",\"@id\":\"https:\\\/\\\/www.ocean4future.org\\\/savetheocean\\\/archives\\\/122143#breadcrumb\",\"itemListElement\":[{\"@type\":\"ListItem\",\"position\":1,\"name\":\"Home\",\"item\":\"https:\\\/\\\/www.ocean4future.org\\\/savetheocean\"},{\"@type\":\"ListItem\",\"position\":2,\"name\":\"Le cannoniere lagunari classe Brondolo &#8211; parte II\"}]},{\"@type\":\"WebSite\",\"@id\":\"https:\\\/\\\/www.ocean4future.org\\\/savetheocean\\\/#website\",\"url\":\"https:\\\/\\\/www.ocean4future.org\\\/savetheocean\\\/\",\"name\":\"Ocean 4 Future\",\"description\":\"Per una nuova cultura del mare e della marittimit\u00e0\",\"publisher\":{\"@id\":\"https:\\\/\\\/www.ocean4future.org\\\/savetheocean\\\/#\\\/schema\\\/person\\\/4e1c26437054353074d7bb2efa77162c\"},\"potentialAction\":[{\"@type\":\"SearchAction\",\"target\":{\"@type\":\"EntryPoint\",\"urlTemplate\":\"https:\\\/\\\/www.ocean4future.org\\\/savetheocean\\\/?s={search_term_string}\"},\"query-input\":{\"@type\":\"PropertyValueSpecification\",\"valueRequired\":true,\"valueName\":\"search_term_string\"}}],\"inLanguage\":\"it-IT\"},{\"@type\":[\"Person\",\"Organization\"],\"@id\":\"https:\\\/\\\/www.ocean4future.org\\\/savetheocean\\\/#\\\/schema\\\/person\\\/4e1c26437054353074d7bb2efa77162c\",\"name\":\"oceandiver\",\"image\":{\"@type\":\"ImageObject\",\"inLanguage\":\"it-IT\",\"@id\":\"https:\\\/\\\/www.ocean4future.org\\\/savetheocean\\\/wp-content\\\/uploads\\\/2023\\\/04\\\/logo-ocean3.jpg\",\"url\":\"https:\\\/\\\/www.ocean4future.org\\\/savetheocean\\\/wp-content\\\/uploads\\\/2023\\\/04\\\/logo-ocean3.jpg\",\"contentUrl\":\"https:\\\/\\\/www.ocean4future.org\\\/savetheocean\\\/wp-content\\\/uploads\\\/2023\\\/04\\\/logo-ocean3.jpg\",\"width\":472,\"height\":301,\"caption\":\"oceandiver\"},\"logo\":{\"@id\":\"https:\\\/\\\/www.ocean4future.org\\\/savetheocean\\\/wp-content\\\/uploads\\\/2023\\\/04\\\/logo-ocean3.jpg\"}},{\"@type\":\"Person\",\"@id\":\"https:\\\/\\\/www.ocean4future.org\\\/savetheocean\\\/#\\\/schema\\\/person\\\/3dd16465e3eca75b65ae959225362b71\",\"name\":\"Guglielmo Evangelista\",\"image\":{\"@type\":\"ImageObject\",\"inLanguage\":\"it-IT\",\"@id\":\"https:\\\/\\\/secure.gravatar.com\\\/avatar\\\/8543fae321a3a9d0dc4969a44c25b3990d365743f80a3573c9993c240078027b?s=96&d=mm&r=g\",\"url\":\"https:\\\/\\\/secure.gravatar.com\\\/avatar\\\/8543fae321a3a9d0dc4969a44c25b3990d365743f80a3573c9993c240078027b?s=96&d=mm&r=g\",\"contentUrl\":\"https:\\\/\\\/secure.gravatar.com\\\/avatar\\\/8543fae321a3a9d0dc4969a44c25b3990d365743f80a3573c9993c240078027b?s=96&d=mm&r=g\",\"caption\":\"Guglielmo Evangelista\"},\"description\":\"nasce a Broni (PV) nel 1951. Laureato in giurisprudenza \u00e8 stato ufficiale delle Capitanerie di Porto e successivamente funzionario di un Ente Pubblico. Ha al suo attivo nove libri fra cui \u201cStoria delle Capitanerie di porto\u201d , \u201cDuemila anni di navigazione padana\u201d e \u201cLe ancore e la tiara \u2013 La Marina Pontificia fra Restaurazione e Risorgimento\u201d ed oltre 400 articoli che riguardano storia, economia e trasporti. Collabora con numerosi periodici specializzati fra cui la Rivista Marittima\u201d.\",\"url\":\"https:\\\/\\\/www.ocean4future.org\\\/savetheocean\\\/archives\\\/author\\\/guglielmo-evangelista\"}]}<\/script>\n<!-- \/ Yoast SEO plugin. -->","yoast_head_json":{"title":"Le cannoniere lagunari classe Brondolo - parte II &#8226; OCEAN4FUTURE autore","robots":{"index":"index","follow":"follow","max-snippet":"max-snippet:-1","max-image-preview":"max-image-preview:large","max-video-preview":"max-video-preview:-1"},"canonical":"https:\/\/www.ocean4future.org\/savetheocean\/archives\/122143","og_locale":"it_IT","og_type":"article","og_title":"Le cannoniere lagunari classe Brondolo - parte II &#8226; OCEAN4FUTURE autore","og_description":"tempo di lettura:  4 minuti, . . ARGOMENTO: STORIA NAVALE PERIODO: XX SECOLO AREA: DIDATTICA parole chiave: Cannoniere fluviali &#8211; cannoniere lagunari . Mentre le ultime cannoniere ex austriache stavano scomparendo, furono progettate due nuove unit\u00e0 che vennero classificate \u201ccannoniere lagunari\u201d. Se quelle precedenti seguivano ancora la filosofia tradizionale, che vedeva questo tipo di nave armato di un solo [&hellip;]","og_url":"https:\/\/www.ocean4future.org\/savetheocean\/archives\/122143","og_site_name":"OCEAN4FUTURE","article_published_time":"2025-11-17T23:02:00+00:00","article_modified_time":"2026-03-26T11:44:10+00:00","og_image":[{"width":690,"height":456,"url":"https:\/\/www.ocean4future.org\/savetheocean\/wp-content\/uploads\/2025\/11\/Screenshot-2025-10-27-171713.png","type":"image\/png"}],"author":"Guglielmo Evangelista","twitter_card":"summary_large_image","twitter_creator":"@ocean4future","twitter_site":"@ocean4future","twitter_misc":{"Scritto da":"Guglielmo Evangelista","Tempo di lettura stimato":"6 minuti"},"schema":{"@context":"https:\/\/schema.org","@graph":[{"@type":"Article","@id":"https:\/\/www.ocean4future.org\/savetheocean\/archives\/122143#article","isPartOf":{"@id":"https:\/\/www.ocean4future.org\/savetheocean\/archives\/122143"},"author":{"name":"Guglielmo Evangelista","@id":"https:\/\/www.ocean4future.org\/savetheocean\/#\/schema\/person\/3dd16465e3eca75b65ae959225362b71"},"headline":"Le cannoniere lagunari classe Brondolo &#8211; parte II","datePublished":"2025-11-17T23:02:00+00:00","dateModified":"2026-03-26T11:44:10+00:00","mainEntityOfPage":{"@id":"https:\/\/www.ocean4future.org\/savetheocean\/archives\/122143"},"wordCount":762,"commentCount":0,"publisher":{"@id":"https:\/\/www.ocean4future.org\/savetheocean\/#\/schema\/person\/4e1c26437054353074d7bb2efa77162c"},"image":{"@id":"https:\/\/www.ocean4future.org\/savetheocean\/archives\/122143#primaryimage"},"thumbnailUrl":"https:\/\/www.ocean4future.org\/savetheocean\/wp-content\/uploads\/2025\/11\/Screenshot-2025-10-27-171713.png","articleSection":["Storia"],"inLanguage":"it-IT","potentialAction":[{"@type":"CommentAction","name":"Comment","target":["https:\/\/www.ocean4future.org\/savetheocean\/archives\/122143#respond"]}]},{"@type":"WebPage","@id":"https:\/\/www.ocean4future.org\/savetheocean\/archives\/122143","url":"https:\/\/www.ocean4future.org\/savetheocean\/archives\/122143","name":"Le cannoniere lagunari classe Brondolo - parte II &#8226; OCEAN4FUTURE autore","isPartOf":{"@id":"https:\/\/www.ocean4future.org\/savetheocean\/#website"},"primaryImageOfPage":{"@id":"https:\/\/www.ocean4future.org\/savetheocean\/archives\/122143#primaryimage"},"image":{"@id":"https:\/\/www.ocean4future.org\/savetheocean\/archives\/122143#primaryimage"},"thumbnailUrl":"https:\/\/www.ocean4future.org\/savetheocean\/wp-content\/uploads\/2025\/11\/Screenshot-2025-10-27-171713.png","datePublished":"2025-11-17T23:02:00+00:00","dateModified":"2026-03-26T11:44:10+00:00","breadcrumb":{"@id":"https:\/\/www.ocean4future.org\/savetheocean\/archives\/122143#breadcrumb"},"inLanguage":"it-IT","potentialAction":[{"@type":"ReadAction","target":["https:\/\/www.ocean4future.org\/savetheocean\/archives\/122143"]}]},{"@type":"ImageObject","inLanguage":"it-IT","@id":"https:\/\/www.ocean4future.org\/savetheocean\/archives\/122143#primaryimage","url":"https:\/\/www.ocean4future.org\/savetheocean\/wp-content\/uploads\/2025\/11\/Screenshot-2025-10-27-171713.png","contentUrl":"https:\/\/www.ocean4future.org\/savetheocean\/wp-content\/uploads\/2025\/11\/Screenshot-2025-10-27-171713.png","width":690,"height":456},{"@type":"BreadcrumbList","@id":"https:\/\/www.ocean4future.org\/savetheocean\/archives\/122143#breadcrumb","itemListElement":[{"@type":"ListItem","position":1,"name":"Home","item":"https:\/\/www.ocean4future.org\/savetheocean"},{"@type":"ListItem","position":2,"name":"Le cannoniere lagunari classe Brondolo &#8211; parte II"}]},{"@type":"WebSite","@id":"https:\/\/www.ocean4future.org\/savetheocean\/#website","url":"https:\/\/www.ocean4future.org\/savetheocean\/","name":"Ocean 4 Future","description":"Per una nuova cultura del mare e della marittimit\u00e0","publisher":{"@id":"https:\/\/www.ocean4future.org\/savetheocean\/#\/schema\/person\/4e1c26437054353074d7bb2efa77162c"},"potentialAction":[{"@type":"SearchAction","target":{"@type":"EntryPoint","urlTemplate":"https:\/\/www.ocean4future.org\/savetheocean\/?s={search_term_string}"},"query-input":{"@type":"PropertyValueSpecification","valueRequired":true,"valueName":"search_term_string"}}],"inLanguage":"it-IT"},{"@type":["Person","Organization"],"@id":"https:\/\/www.ocean4future.org\/savetheocean\/#\/schema\/person\/4e1c26437054353074d7bb2efa77162c","name":"oceandiver","image":{"@type":"ImageObject","inLanguage":"it-IT","@id":"https:\/\/www.ocean4future.org\/savetheocean\/wp-content\/uploads\/2023\/04\/logo-ocean3.jpg","url":"https:\/\/www.ocean4future.org\/savetheocean\/wp-content\/uploads\/2023\/04\/logo-ocean3.jpg","contentUrl":"https:\/\/www.ocean4future.org\/savetheocean\/wp-content\/uploads\/2023\/04\/logo-ocean3.jpg","width":472,"height":301,"caption":"oceandiver"},"logo":{"@id":"https:\/\/www.ocean4future.org\/savetheocean\/wp-content\/uploads\/2023\/04\/logo-ocean3.jpg"}},{"@type":"Person","@id":"https:\/\/www.ocean4future.org\/savetheocean\/#\/schema\/person\/3dd16465e3eca75b65ae959225362b71","name":"Guglielmo Evangelista","image":{"@type":"ImageObject","inLanguage":"it-IT","@id":"https:\/\/secure.gravatar.com\/avatar\/8543fae321a3a9d0dc4969a44c25b3990d365743f80a3573c9993c240078027b?s=96&d=mm&r=g","url":"https:\/\/secure.gravatar.com\/avatar\/8543fae321a3a9d0dc4969a44c25b3990d365743f80a3573c9993c240078027b?s=96&d=mm&r=g","contentUrl":"https:\/\/secure.gravatar.com\/avatar\/8543fae321a3a9d0dc4969a44c25b3990d365743f80a3573c9993c240078027b?s=96&d=mm&r=g","caption":"Guglielmo Evangelista"},"description":"nasce a Broni (PV) nel 1951. Laureato in giurisprudenza \u00e8 stato ufficiale delle Capitanerie di Porto e successivamente funzionario di un Ente Pubblico. Ha al suo attivo nove libri fra cui \u201cStoria delle Capitanerie di porto\u201d , \u201cDuemila anni di navigazione padana\u201d e \u201cLe ancore e la tiara \u2013 La Marina Pontificia fra Restaurazione e Risorgimento\u201d ed oltre 400 articoli che riguardano storia, economia e trasporti. Collabora con numerosi periodici specializzati fra cui la Rivista Marittima\u201d.","url":"https:\/\/www.ocean4future.org\/savetheocean\/archives\/author\/guglielmo-evangelista"}]}},"_links":{"self":[{"href":"https:\/\/www.ocean4future.org\/savetheocean\/wp-json\/wp\/v2\/posts\/122143","targetHints":{"allow":["GET"]}}],"collection":[{"href":"https:\/\/www.ocean4future.org\/savetheocean\/wp-json\/wp\/v2\/posts"}],"about":[{"href":"https:\/\/www.ocean4future.org\/savetheocean\/wp-json\/wp\/v2\/types\/post"}],"author":[{"embeddable":true,"href":"https:\/\/www.ocean4future.org\/savetheocean\/wp-json\/wp\/v2\/users\/2428"}],"replies":[{"embeddable":true,"href":"https:\/\/www.ocean4future.org\/savetheocean\/wp-json\/wp\/v2\/comments?post=122143"}],"version-history":[{"count":1,"href":"https:\/\/www.ocean4future.org\/savetheocean\/wp-json\/wp\/v2\/posts\/122143\/revisions"}],"predecessor-version":[{"id":126891,"href":"https:\/\/www.ocean4future.org\/savetheocean\/wp-json\/wp\/v2\/posts\/122143\/revisions\/126891"}],"wp:featuredmedia":[{"embeddable":true,"href":"https:\/\/www.ocean4future.org\/savetheocean\/wp-json\/wp\/v2\/media\/122336"}],"wp:attachment":[{"href":"https:\/\/www.ocean4future.org\/savetheocean\/wp-json\/wp\/v2\/media?parent=122143"}],"wp:term":[{"taxonomy":"category","embeddable":true,"href":"https:\/\/www.ocean4future.org\/savetheocean\/wp-json\/wp\/v2\/categories?post=122143"},{"taxonomy":"post_tag","embeddable":true,"href":"https:\/\/www.ocean4future.org\/savetheocean\/wp-json\/wp\/v2\/tags?post=122143"}],"curies":[{"name":"wp","href":"https:\/\/api.w.org\/{rel}","templated":true}]}}