{"id":122141,"date":"2025-11-11T00:02:00","date_gmt":"2025-11-10T23:02:00","guid":{"rendered":"https:\/\/www.ocean4future.org\/savetheocean\/?p=122141"},"modified":"2026-03-26T12:46:52","modified_gmt":"2026-03-26T11:46:52","slug":"le-cannoniere-lagunari-parte-i","status":"publish","type":"post","link":"https:\/\/www.ocean4future.org\/savetheocean\/archives\/122141","title":{"rendered":"Le cannoniere italiane lagunari &#8211; parte I"},"content":{"rendered":"<span class=\"span-reading-time rt-reading-time\" style=\"display: block;\"><span class=\"rt-label rt-prefix\">tempo di lettura: <\/span> <span class=\"rt-time\"> 5<\/span> <span class=\"rt-label rt-postfix\">minuti<\/span><\/span><p><span style=\"color: #ffffff;\">.<\/span><br \/>\n<a class=\"maxbutton-4 maxbutton maxbutton-livello-di-comprensione\" href=\"javascript:void(0);\"><span class='mb-text'>livello elementare<\/span><\/a><\/p>\n<p><span style=\"color: #ffffff;\">.<\/span><\/p>\n<p><strong><span style=\"color: #008000;\">ARGOMENTO: STORIA NAVALE<\/span><\/strong><br \/>\n<strong><span style=\"color: #008000;\">PERIODO: XX SECOLO<\/span><\/strong><br \/>\n<strong><span style=\"color: #008000;\">AREA: DIDATTICA<\/span><\/strong><br \/>\nparole chiave: Cannoniere fluviali<br \/>\n<span style=\"color: #ffffff;\">.<\/span><\/p>\n<p style=\"text-align: justify;\">Guglielmo Evangelista, attento storico e ricercatore, ci svela oggi la storia dimenticata di alcune unit\u00e0 minori, le cannoniere lagunari, un tipo di imbarcazioni insidiose che, grazie alle loro piccole dimensioni, potevano nascondersi fra i canali ed attaccare le forze terrestri o anche unit\u00e0 pi\u00f9 grandi.<\/p>\n<p><img decoding=\"async\" class=\"alignnone size-full wp-image-122192\" src=\"https:\/\/www.ocean4future.org\/savetheocean\/wp-content\/uploads\/2025\/11\/Screenshot-2025-10-23-175251-e1761234821189.png\" alt=\"\" width=\"650\" height=\"525\" \/><\/p>\n<p style=\"text-align: justify;\"><span style=\"font-size: 20px;\"><strong><span style=\"color: #008000;\">Le cannoniere austriache<\/span><\/strong><\/span><br \/>\nA Venezia e nel Veneto le <strong><span style=\"color: #008000;\">barche cannoniere<\/span><\/strong> e le derivate<span style=\"color: #008000;\">\u00a0<strong>obusiere<\/strong><\/span> avevano una lunga tradizione perch\u00e9, piccole e con un\u2019immersione minima, erano ideali per spostarsi agevolmente sugli infidi fondali della laguna e potevano essere in grado di mettere in serie difficolt\u00e0 le navi maggiori, mentre nei fiumi e nei canali interni potevano nascondersi fra la vegetazione delle rive e colpire all\u2019improvviso le fanterie, spesso paralizzate nei terreni paludosi; nel 1797 la morente Repubblica schierava otto cannoniere, 42 obusiere e 60 galleggianti armati mentre altre otto cannoniere erano in costruzione.<\/p>\n<p><img decoding=\"async\" class=\"alignnone size-full wp-image-122193\" src=\"https:\/\/www.ocean4future.org\/savetheocean\/wp-content\/uploads\/2025\/11\/Screenshot-2025-10-23-175446-e1761234948955.png\" alt=\"\" width=\"650\" height=\"403\" \/><\/p>\n<p style=\"text-align: justify;\">L\u2019 Austria, dopo aver raccolto l\u2019esperienza della Serenissima Repubblica, fece tesoro anche di quella maturata nel 1848-49 quando le cannoniere della Repubblica di San Marco &#8211; che ne ebbe in servizio almeno 30 &#8211; furono per lei una spina nel fianco; cos\u00ec, a met\u00e0 \u2018800, la Marina Imperiale austro-ungarica dette la sua risposta allestendo pi\u00f9 serie di cannoniere per la laguna di tipo del tutto nuovo; con scafo in ferro e macchina a vapore, erano divise da un abisso dalle tradizionali cannoniere sarde o pontificie e dalle speronare toscane e napoletane, ancora in servizio e mosse dai remi o dalle vele. Si trattava di vere e proprie navi moderne anche se in miniatura.<\/p>\n<p style=\"text-align: justify;\">Nel 1846 fu fornita dai cantieri londinesi di Blackwall la <strong><span style=\"color: #008000;\">cannoniera Messaggiere<\/span><\/strong> da 50 tonnellate ed un metro &#8230; di immersione e, nel 1854, fu messa in servizio la <strong><span style=\"color: #008000;\">cannoniera Gorzkowsky<\/span> <\/strong>da 40 tonnellate, costruita da Escher Wyss di Zurigo in sezioni e montata a Venezia. Seguirono varie altre unit\u00e0 e secondo quanto riferisce la \u201c<strong><span style=\"color: #008000;\">Rivista Contemporanea<\/span><\/strong>\u201d del 1861, l\u2019anno precedente a Venezia erano state costruite tre unit\u00e0 con macchina da 50 cavalli e sei scialuppe a ruote da 25 cavalli; nel 1861 sarebbero state consegnate altre 7 unit\u00e0 pi\u00f9 grandi da 230 tonnellate mentre dai cantieri di Trieste sarebbero uscite due unit\u00e0 da 90 tonnellate e da quello di Pola una pi\u00f9 piccola scialuppa. D\u2019altra parte la situazione politica faceva presumere, presto o tardi, un\u2019inevitabile ripresa delle ostilit\u00e0 fra Italia e Austria che quindi, in questo contesto e prevedendo un attacco a Venezia, predispose mezzi idonei alla difesa della laguna. L\u2019attacco non vi fu e il destino del Veneto fu deciso al tavolino: in laguna non si combatt\u00e9 e al termine delle ostilit\u00e0 tutte le navi furono trasferite a Pola o a Trieste.<\/p>\n<p style=\"text-align: justify;\"><span style=\"font-size: 20px;\"><strong><span style=\"color: #008000;\">Le Unit\u00e0 ex austriache<\/span><\/strong><\/span><br \/>\nLe cannoniere della flottiglia del Garda furono consegnate all\u2019Italia, ma la Regia Marina italiana trov\u00f2 a Venezia anche sei altre unit\u00e0. Non facendo parte degli accordi intervenuti fra le due nazioni e, a quanto pare, non essendo intenzione dell\u2019Austria ritirarle, vennero acquistate secondo il diritto comune al prezzo molto conveniente di 20.000 fiorini, cio\u00e8 circa 5.000 lire (1 Lira=4,05 Fiorini). Queste navi furono numerate da 1 a 6 dalla Regia Marina italiana, anche se talvolta figurano identificate dai numeri romani I-VI.<br \/>\nE\u2019 abbastanza arduo determinare quando e dove furono costruite per la discordanza fra le fonti che fanno confusione fra le tante serie di cannoniere realizzate in quel periodo.<br \/>\nRisulta infatti quanto segue:<br \/>\n<img decoding=\"async\" class=\"alignnone size-full wp-image-122194\" src=\"https:\/\/www.ocean4future.org\/savetheocean\/wp-content\/uploads\/2025\/11\/Screenshot-2025-10-23-180050-e1761235292574.png\" alt=\"\" width=\"650\" height=\"134\" \/>Aggiungiamo anche che secondo il giornale \u201c<strong><span style=\"color: #008000;\">L\u2019amico del popolo di Roma<\/span><\/strong>\u201d la Escher Wyss ebbe l\u2019incarico di costruire 28 cannoniere per la laguna di Venezia; www.marina.difesa.it scrive che nel 1868 le nostre navi furono poi mandate ai cantieri Ruston per essere modificate. Inoltre, nel 1860, il <strong><span style=\"color: #008000;\">cantiere Tonello<\/span><\/strong> aveva ricevuto dalla marina del legname per costruire alcune componenti di 6 nuove cannoniere che impiegati infedeli dell\u2019arsenale fecero figurare in quantit\u00e0 molto superiore al fabbisogno. Il prezzo pagato in sovrappi\u00f9 and\u00f2 a vantaggio di varie persone fra cui anche un agente del Tonello stesso. Se si trattasse proprio di quelle di cui stiamo trattando, essendo seguita una causa penale lunga e complessa, pu\u00f2 darsi che fossero gravate da qualche provvedimento giudiziario e questo spiegherebbe perch\u00e9 l\u2019Austria le abbia abbandonate. Qualunque sia l\u2019origine di queste navi, le troviamo successivamente definite <strong><span style=\"color: #008000;\">cannoniere lagunari a ruote con scafo in ferro e senza vele<\/span><\/strong> con le seguenti caratteristiche:<\/p>\n<p><img decoding=\"async\" class=\"alignnone  wp-image-122810\" src=\"https:\/\/www.ocean4future.org\/savetheocean\/wp-content\/uploads\/2025\/11\/Screenshot-2025-11-11-140035.png\" alt=\"\" width=\"639\" height=\"235\" srcset=\"https:\/\/www.ocean4future.org\/savetheocean\/wp-content\/uploads\/2025\/11\/Screenshot-2025-11-11-140035.png 533w, https:\/\/www.ocean4future.org\/savetheocean\/wp-content\/uploads\/2025\/11\/Screenshot-2025-11-11-140035-300x110.png 300w\" sizes=\"(max-width: 639px) 100vw, 639px\" \/><\/p>\n<p style=\"text-align: justify;\">L\u2019equipaggio era composto da un Nocchiere di 1^ classe, un Sottonocchiere, 4 marinai, due macchinisti e 3 fuochisti. Nel caso in cui un\u2019unit\u00e0 venisse posta in \u201carmamento speciale\u201d poteva imbarcare anche un Sottotenente di vascello o un Guardiamarina. All\u2019inizio della sua carriera l\u2019<strong><span style=\"color: #008000;\">ammiraglio Carlo Mirabello<\/span><\/strong> fu comandante delle cannoniere n.1 e n.5.<br \/>\n<img decoding=\"async\" class=\"alignnone wp-image-122196\" src=\"https:\/\/www.ocean4future.org\/savetheocean\/wp-content\/uploads\/2025\/11\/Screenshot-2025-10-23-180536.png\" alt=\"\" width=\"644\" height=\"823\" srcset=\"https:\/\/www.ocean4future.org\/savetheocean\/wp-content\/uploads\/2025\/11\/Screenshot-2025-10-23-180536.png 407w, https:\/\/www.ocean4future.org\/savetheocean\/wp-content\/uploads\/2025\/11\/Screenshot-2025-10-23-180536-235x300.png 235w\" sizes=\"(max-width: 644px) 100vw, 644px\" \/><\/p>\n<p style=\"text-align: justify;\">Queste navi trascorsero tutta la loro vita a Venezia, tenute in disarmo a turno o tutte contemporaneamente. Il saggio annuale \u201c<strong><span style=\"color: #008000;\">L\u2019Italia economica<\/span><\/strong>\u201d, relativo al 1873, riferisce che in quell\u2019anno tutte le cannoniere si trovavano sul Po date in uso temporaneo al Ministero dei Lavori Pubblici. Pi\u00f9 tardi una di queste, al gioved\u00ec e alla domenica, veniva accesa per l\u2019istruzione pratica degli allievi della Scuola Macchinisti. La loro indovinata carena a fondo piatto serv\u00ec da modello per vari progetti di nuove navi che vennero riproposte nei decenni successivi per unit\u00e0 di impiego speciale come traghetti e cannoniere coloniali. Furono navi che ebbero una vita molto lunga anche se priva di avvenimenti, limitata al pilotaggio in laguna delle navi maggiori e a piccoli trasporti fra le isole.<\/p>\n<p><img decoding=\"async\" class=\"alignnone wp-image-122197\" src=\"https:\/\/www.ocean4future.org\/savetheocean\/wp-content\/uploads\/2025\/11\/Screenshot-2025-10-23-180943.png\" alt=\"\" width=\"639\" height=\"1260\" srcset=\"https:\/\/www.ocean4future.org\/savetheocean\/wp-content\/uploads\/2025\/11\/Screenshot-2025-10-23-180943.png 324w, https:\/\/www.ocean4future.org\/savetheocean\/wp-content\/uploads\/2025\/11\/Screenshot-2025-10-23-180943-152x300.png 152w\" sizes=\"(max-width: 639px) 100vw, 639px\" \/><br \/>\nBen poco registra la cronaca: solo l\u2019impiego di una di queste, assieme ad alcuni barconi, per i soccorsi nelle acque interne alle vittime dell\u2019alluvione del settembre 1882 che devast\u00f2 Venezia e il Veneto. La n. 6 fu radiata nel 1896 e le altre fra il 1901 e il 1908.<br \/>\n<strong><span style=\"color: #008000;\">Fine I parte &#8211; continua<\/span><\/strong><br \/>\n<strong><span style=\"color: #008000;\">Guglielmo Evangelista<\/span><\/strong><br \/>\n<span style=\"color: #ffffff;\">.<\/span><\/p>\n<a class=\"maxbutton-3 maxbutton maxbutton-pagina-principale\" target=\"_blank\" title=\"tooltip\" rel=\"nofollow noopener\" href=\"http:\/\/www.ocean4future.org\"><span class='mb-text'>PAGINA PRINCIPALE - HOME PAGE<\/span><\/a>\n<p><span style=\"color: #ffffff;\">.<\/span><\/p>\n<p><a class=\"maxbutton-13 maxbutton maxbutton-parte-i\" target=\"_blank\" title=\" tooltip\" rel=\"nofollow noopener\" href=\"https:\/\/www.ocean4future.org\/savetheocean\/archives\/122141\"><span class='mb-text'>PARTE I<\/span><\/a> <a class=\"maxbutton-14 maxbutton maxbutton-parte-ii\" target=\"_blank\" title=\" tooltip\" rel=\"nofollow noopener\" href=\"https:\/\/www.ocean4future.org\/savetheocean\/archives\/122143\"><span class='mb-text'>PARTE II<\/span><\/a><br \/>\n<span style=\"color: #ffffff;\">.<\/span><\/p>\n<p style=\"text-align: justify;\">Alcune delle immagini presenti possono essere state prese dal web, citandone ove possibile gli autori e\/o le fonti. Se qualcuno desiderasse specificarne l\u2019autore o rimuoverle, pu\u00f2 scrivere a infoocean4future@gmail.com e provvederemo immediatamente alla correzione dell\u2019articolo.<br \/>\n<span style=\"color: #ffffff;\">.<\/span><\/p>\n","protected":false},"excerpt":{"rendered":"<p><span class=\"span-reading-time rt-reading-time\" style=\"display: block;\"><span class=\"rt-label rt-prefix\">tempo di lettura: <\/span> <span class=\"rt-time\"> 5<\/span> <span class=\"rt-label rt-postfix\">minuti<\/span><\/span>. . ARGOMENTO: STORIA NAVALE PERIODO: XX SECOLO AREA: DIDATTICA parole chiave: Cannoniere fluviali . Guglielmo Evangelista, attento storico e ricercatore, ci svela oggi la storia dimenticata di alcune unit\u00e0 minori, le cannoniere lagunari, un tipo di imbarcazioni insidiose che, grazie alle loro piccole dimensioni, potevano nascondersi fra i canali ed attaccare le forze terrestri [&hellip;]<\/p>\n","protected":false},"author":2428,"featured_media":122193,"comment_status":"open","ping_status":"open","sticky":false,"template":"","format":"standard","meta":{"_acf_changed":false,"_monsterinsights_skip_tracking":false,"_monsterinsights_sitenote_active":false,"_monsterinsights_sitenote_note":"","_monsterinsights_sitenote_category":0,"footnotes":""},"categories":[2431],"tags":[],"class_list":["post-122141","post","type-post","status-publish","format-standard","has-post-thumbnail","hentry","category-storia"],"acf":[],"yoast_head":"<!-- This site is optimized with the Yoast SEO plugin v27.4 - https:\/\/yoast.com\/product\/yoast-seo-wordpress\/ -->\n<title>Le cannoniere italiane lagunari - parte I &#8226; OCEAN4FUTURE autore<\/title>\n<meta name=\"robots\" content=\"index, follow, max-snippet:-1, max-image-preview:large, max-video-preview:-1\" \/>\n<link rel=\"canonical\" href=\"https:\/\/www.ocean4future.org\/savetheocean\/archives\/122141\" \/>\n<meta property=\"og:locale\" content=\"it_IT\" \/>\n<meta property=\"og:type\" content=\"article\" \/>\n<meta property=\"og:title\" content=\"Le cannoniere italiane lagunari - parte I &#8226; OCEAN4FUTURE autore\" \/>\n<meta property=\"og:description\" content=\"tempo di lettura:  5 minuti. . ARGOMENTO: STORIA NAVALE PERIODO: XX SECOLO AREA: DIDATTICA parole chiave: Cannoniere fluviali . Guglielmo Evangelista, attento storico e ricercatore, ci svela oggi la storia dimenticata di alcune unit\u00e0 minori, le cannoniere lagunari, un tipo di imbarcazioni insidiose che, grazie alle loro piccole dimensioni, potevano nascondersi fra i canali ed attaccare le forze terrestri [&hellip;]\" \/>\n<meta property=\"og:url\" content=\"https:\/\/www.ocean4future.org\/savetheocean\/archives\/122141\" \/>\n<meta property=\"og:site_name\" content=\"OCEAN4FUTURE\" \/>\n<meta property=\"article:published_time\" content=\"2025-11-10T23:02:00+00:00\" \/>\n<meta property=\"article:modified_time\" content=\"2026-03-26T11:46:52+00:00\" \/>\n<meta property=\"og:image\" content=\"https:\/\/www.ocean4future.org\/savetheocean\/wp-content\/uploads\/2025\/11\/Screenshot-2025-10-23-175446-e1761234948955.png\" \/>\n\t<meta property=\"og:image:width\" content=\"650\" \/>\n\t<meta property=\"og:image:height\" content=\"403\" \/>\n\t<meta property=\"og:image:type\" content=\"image\/png\" \/>\n<meta name=\"author\" content=\"Guglielmo Evangelista\" \/>\n<meta name=\"twitter:card\" content=\"summary_large_image\" \/>\n<meta name=\"twitter:creator\" content=\"@ocean4future\" \/>\n<meta name=\"twitter:site\" content=\"@ocean4future\" \/>\n<meta name=\"twitter:label1\" content=\"Scritto da\" \/>\n\t<meta name=\"twitter:data1\" content=\"Guglielmo Evangelista\" \/>\n\t<meta name=\"twitter:label2\" content=\"Tempo di lettura stimato\" \/>\n\t<meta name=\"twitter:data2\" content=\"7 minuti\" \/>\n<script type=\"application\/ld+json\" class=\"yoast-schema-graph\">{\"@context\":\"https:\\\/\\\/schema.org\",\"@graph\":[{\"@type\":\"Article\",\"@id\":\"https:\\\/\\\/www.ocean4future.org\\\/savetheocean\\\/archives\\\/122141#article\",\"isPartOf\":{\"@id\":\"https:\\\/\\\/www.ocean4future.org\\\/savetheocean\\\/archives\\\/122141\"},\"author\":{\"name\":\"Guglielmo Evangelista\",\"@id\":\"https:\\\/\\\/www.ocean4future.org\\\/savetheocean\\\/#\\\/schema\\\/person\\\/3dd16465e3eca75b65ae959225362b71\"},\"headline\":\"Le cannoniere italiane lagunari &#8211; parte I\",\"datePublished\":\"2025-11-10T23:02:00+00:00\",\"dateModified\":\"2026-03-26T11:46:52+00:00\",\"mainEntityOfPage\":{\"@id\":\"https:\\\/\\\/www.ocean4future.org\\\/savetheocean\\\/archives\\\/122141\"},\"wordCount\":1043,\"commentCount\":0,\"publisher\":{\"@id\":\"https:\\\/\\\/www.ocean4future.org\\\/savetheocean\\\/#\\\/schema\\\/person\\\/4e1c26437054353074d7bb2efa77162c\"},\"image\":{\"@id\":\"https:\\\/\\\/www.ocean4future.org\\\/savetheocean\\\/archives\\\/122141#primaryimage\"},\"thumbnailUrl\":\"https:\\\/\\\/www.ocean4future.org\\\/savetheocean\\\/wp-content\\\/uploads\\\/2025\\\/11\\\/Screenshot-2025-10-23-175446-e1761234948955.png\",\"articleSection\":[\"Storia\"],\"inLanguage\":\"it-IT\",\"potentialAction\":[{\"@type\":\"CommentAction\",\"name\":\"Comment\",\"target\":[\"https:\\\/\\\/www.ocean4future.org\\\/savetheocean\\\/archives\\\/122141#respond\"]}]},{\"@type\":\"WebPage\",\"@id\":\"https:\\\/\\\/www.ocean4future.org\\\/savetheocean\\\/archives\\\/122141\",\"url\":\"https:\\\/\\\/www.ocean4future.org\\\/savetheocean\\\/archives\\\/122141\",\"name\":\"Le cannoniere italiane lagunari - parte I &#8226; OCEAN4FUTURE autore\",\"isPartOf\":{\"@id\":\"https:\\\/\\\/www.ocean4future.org\\\/savetheocean\\\/#website\"},\"primaryImageOfPage\":{\"@id\":\"https:\\\/\\\/www.ocean4future.org\\\/savetheocean\\\/archives\\\/122141#primaryimage\"},\"image\":{\"@id\":\"https:\\\/\\\/www.ocean4future.org\\\/savetheocean\\\/archives\\\/122141#primaryimage\"},\"thumbnailUrl\":\"https:\\\/\\\/www.ocean4future.org\\\/savetheocean\\\/wp-content\\\/uploads\\\/2025\\\/11\\\/Screenshot-2025-10-23-175446-e1761234948955.png\",\"datePublished\":\"2025-11-10T23:02:00+00:00\",\"dateModified\":\"2026-03-26T11:46:52+00:00\",\"breadcrumb\":{\"@id\":\"https:\\\/\\\/www.ocean4future.org\\\/savetheocean\\\/archives\\\/122141#breadcrumb\"},\"inLanguage\":\"it-IT\",\"potentialAction\":[{\"@type\":\"ReadAction\",\"target\":[\"https:\\\/\\\/www.ocean4future.org\\\/savetheocean\\\/archives\\\/122141\"]}]},{\"@type\":\"ImageObject\",\"inLanguage\":\"it-IT\",\"@id\":\"https:\\\/\\\/www.ocean4future.org\\\/savetheocean\\\/archives\\\/122141#primaryimage\",\"url\":\"https:\\\/\\\/www.ocean4future.org\\\/savetheocean\\\/wp-content\\\/uploads\\\/2025\\\/11\\\/Screenshot-2025-10-23-175446-e1761234948955.png\",\"contentUrl\":\"https:\\\/\\\/www.ocean4future.org\\\/savetheocean\\\/wp-content\\\/uploads\\\/2025\\\/11\\\/Screenshot-2025-10-23-175446-e1761234948955.png\",\"width\":650,\"height\":403},{\"@type\":\"BreadcrumbList\",\"@id\":\"https:\\\/\\\/www.ocean4future.org\\\/savetheocean\\\/archives\\\/122141#breadcrumb\",\"itemListElement\":[{\"@type\":\"ListItem\",\"position\":1,\"name\":\"Home\",\"item\":\"https:\\\/\\\/www.ocean4future.org\\\/savetheocean\"},{\"@type\":\"ListItem\",\"position\":2,\"name\":\"Le cannoniere italiane lagunari &#8211; parte I\"}]},{\"@type\":\"WebSite\",\"@id\":\"https:\\\/\\\/www.ocean4future.org\\\/savetheocean\\\/#website\",\"url\":\"https:\\\/\\\/www.ocean4future.org\\\/savetheocean\\\/\",\"name\":\"Ocean 4 Future\",\"description\":\"Per una nuova cultura del mare e della marittimit\u00e0\",\"publisher\":{\"@id\":\"https:\\\/\\\/www.ocean4future.org\\\/savetheocean\\\/#\\\/schema\\\/person\\\/4e1c26437054353074d7bb2efa77162c\"},\"potentialAction\":[{\"@type\":\"SearchAction\",\"target\":{\"@type\":\"EntryPoint\",\"urlTemplate\":\"https:\\\/\\\/www.ocean4future.org\\\/savetheocean\\\/?s={search_term_string}\"},\"query-input\":{\"@type\":\"PropertyValueSpecification\",\"valueRequired\":true,\"valueName\":\"search_term_string\"}}],\"inLanguage\":\"it-IT\"},{\"@type\":[\"Person\",\"Organization\"],\"@id\":\"https:\\\/\\\/www.ocean4future.org\\\/savetheocean\\\/#\\\/schema\\\/person\\\/4e1c26437054353074d7bb2efa77162c\",\"name\":\"oceandiver\",\"image\":{\"@type\":\"ImageObject\",\"inLanguage\":\"it-IT\",\"@id\":\"https:\\\/\\\/www.ocean4future.org\\\/savetheocean\\\/wp-content\\\/uploads\\\/2023\\\/04\\\/logo-ocean3.jpg\",\"url\":\"https:\\\/\\\/www.ocean4future.org\\\/savetheocean\\\/wp-content\\\/uploads\\\/2023\\\/04\\\/logo-ocean3.jpg\",\"contentUrl\":\"https:\\\/\\\/www.ocean4future.org\\\/savetheocean\\\/wp-content\\\/uploads\\\/2023\\\/04\\\/logo-ocean3.jpg\",\"width\":472,\"height\":301,\"caption\":\"oceandiver\"},\"logo\":{\"@id\":\"https:\\\/\\\/www.ocean4future.org\\\/savetheocean\\\/wp-content\\\/uploads\\\/2023\\\/04\\\/logo-ocean3.jpg\"}},{\"@type\":\"Person\",\"@id\":\"https:\\\/\\\/www.ocean4future.org\\\/savetheocean\\\/#\\\/schema\\\/person\\\/3dd16465e3eca75b65ae959225362b71\",\"name\":\"Guglielmo Evangelista\",\"image\":{\"@type\":\"ImageObject\",\"inLanguage\":\"it-IT\",\"@id\":\"https:\\\/\\\/secure.gravatar.com\\\/avatar\\\/8543fae321a3a9d0dc4969a44c25b3990d365743f80a3573c9993c240078027b?s=96&d=mm&r=g\",\"url\":\"https:\\\/\\\/secure.gravatar.com\\\/avatar\\\/8543fae321a3a9d0dc4969a44c25b3990d365743f80a3573c9993c240078027b?s=96&d=mm&r=g\",\"contentUrl\":\"https:\\\/\\\/secure.gravatar.com\\\/avatar\\\/8543fae321a3a9d0dc4969a44c25b3990d365743f80a3573c9993c240078027b?s=96&d=mm&r=g\",\"caption\":\"Guglielmo Evangelista\"},\"description\":\"nasce a Broni (PV) nel 1951. Laureato in giurisprudenza \u00e8 stato ufficiale delle Capitanerie di Porto e successivamente funzionario di un Ente Pubblico. Ha al suo attivo nove libri fra cui \u201cStoria delle Capitanerie di porto\u201d , \u201cDuemila anni di navigazione padana\u201d e \u201cLe ancore e la tiara \u2013 La Marina Pontificia fra Restaurazione e Risorgimento\u201d ed oltre 400 articoli che riguardano storia, economia e trasporti. Collabora con numerosi periodici specializzati fra cui la Rivista Marittima\u201d.\",\"url\":\"https:\\\/\\\/www.ocean4future.org\\\/savetheocean\\\/archives\\\/author\\\/guglielmo-evangelista\"}]}<\/script>\n<!-- \/ Yoast SEO plugin. -->","yoast_head_json":{"title":"Le cannoniere italiane lagunari - parte I &#8226; OCEAN4FUTURE autore","robots":{"index":"index","follow":"follow","max-snippet":"max-snippet:-1","max-image-preview":"max-image-preview:large","max-video-preview":"max-video-preview:-1"},"canonical":"https:\/\/www.ocean4future.org\/savetheocean\/archives\/122141","og_locale":"it_IT","og_type":"article","og_title":"Le cannoniere italiane lagunari - parte I &#8226; OCEAN4FUTURE autore","og_description":"tempo di lettura:  5 minuti. . ARGOMENTO: STORIA NAVALE PERIODO: XX SECOLO AREA: DIDATTICA parole chiave: Cannoniere fluviali . Guglielmo Evangelista, attento storico e ricercatore, ci svela oggi la storia dimenticata di alcune unit\u00e0 minori, le cannoniere lagunari, un tipo di imbarcazioni insidiose che, grazie alle loro piccole dimensioni, potevano nascondersi fra i canali ed attaccare le forze terrestri [&hellip;]","og_url":"https:\/\/www.ocean4future.org\/savetheocean\/archives\/122141","og_site_name":"OCEAN4FUTURE","article_published_time":"2025-11-10T23:02:00+00:00","article_modified_time":"2026-03-26T11:46:52+00:00","og_image":[{"width":650,"height":403,"url":"https:\/\/www.ocean4future.org\/savetheocean\/wp-content\/uploads\/2025\/11\/Screenshot-2025-10-23-175446-e1761234948955.png","type":"image\/png"}],"author":"Guglielmo Evangelista","twitter_card":"summary_large_image","twitter_creator":"@ocean4future","twitter_site":"@ocean4future","twitter_misc":{"Scritto da":"Guglielmo Evangelista","Tempo di lettura stimato":"7 minuti"},"schema":{"@context":"https:\/\/schema.org","@graph":[{"@type":"Article","@id":"https:\/\/www.ocean4future.org\/savetheocean\/archives\/122141#article","isPartOf":{"@id":"https:\/\/www.ocean4future.org\/savetheocean\/archives\/122141"},"author":{"name":"Guglielmo Evangelista","@id":"https:\/\/www.ocean4future.org\/savetheocean\/#\/schema\/person\/3dd16465e3eca75b65ae959225362b71"},"headline":"Le cannoniere italiane lagunari &#8211; parte I","datePublished":"2025-11-10T23:02:00+00:00","dateModified":"2026-03-26T11:46:52+00:00","mainEntityOfPage":{"@id":"https:\/\/www.ocean4future.org\/savetheocean\/archives\/122141"},"wordCount":1043,"commentCount":0,"publisher":{"@id":"https:\/\/www.ocean4future.org\/savetheocean\/#\/schema\/person\/4e1c26437054353074d7bb2efa77162c"},"image":{"@id":"https:\/\/www.ocean4future.org\/savetheocean\/archives\/122141#primaryimage"},"thumbnailUrl":"https:\/\/www.ocean4future.org\/savetheocean\/wp-content\/uploads\/2025\/11\/Screenshot-2025-10-23-175446-e1761234948955.png","articleSection":["Storia"],"inLanguage":"it-IT","potentialAction":[{"@type":"CommentAction","name":"Comment","target":["https:\/\/www.ocean4future.org\/savetheocean\/archives\/122141#respond"]}]},{"@type":"WebPage","@id":"https:\/\/www.ocean4future.org\/savetheocean\/archives\/122141","url":"https:\/\/www.ocean4future.org\/savetheocean\/archives\/122141","name":"Le cannoniere italiane lagunari - parte I &#8226; OCEAN4FUTURE autore","isPartOf":{"@id":"https:\/\/www.ocean4future.org\/savetheocean\/#website"},"primaryImageOfPage":{"@id":"https:\/\/www.ocean4future.org\/savetheocean\/archives\/122141#primaryimage"},"image":{"@id":"https:\/\/www.ocean4future.org\/savetheocean\/archives\/122141#primaryimage"},"thumbnailUrl":"https:\/\/www.ocean4future.org\/savetheocean\/wp-content\/uploads\/2025\/11\/Screenshot-2025-10-23-175446-e1761234948955.png","datePublished":"2025-11-10T23:02:00+00:00","dateModified":"2026-03-26T11:46:52+00:00","breadcrumb":{"@id":"https:\/\/www.ocean4future.org\/savetheocean\/archives\/122141#breadcrumb"},"inLanguage":"it-IT","potentialAction":[{"@type":"ReadAction","target":["https:\/\/www.ocean4future.org\/savetheocean\/archives\/122141"]}]},{"@type":"ImageObject","inLanguage":"it-IT","@id":"https:\/\/www.ocean4future.org\/savetheocean\/archives\/122141#primaryimage","url":"https:\/\/www.ocean4future.org\/savetheocean\/wp-content\/uploads\/2025\/11\/Screenshot-2025-10-23-175446-e1761234948955.png","contentUrl":"https:\/\/www.ocean4future.org\/savetheocean\/wp-content\/uploads\/2025\/11\/Screenshot-2025-10-23-175446-e1761234948955.png","width":650,"height":403},{"@type":"BreadcrumbList","@id":"https:\/\/www.ocean4future.org\/savetheocean\/archives\/122141#breadcrumb","itemListElement":[{"@type":"ListItem","position":1,"name":"Home","item":"https:\/\/www.ocean4future.org\/savetheocean"},{"@type":"ListItem","position":2,"name":"Le cannoniere italiane lagunari &#8211; parte I"}]},{"@type":"WebSite","@id":"https:\/\/www.ocean4future.org\/savetheocean\/#website","url":"https:\/\/www.ocean4future.org\/savetheocean\/","name":"Ocean 4 Future","description":"Per una nuova cultura del mare e della marittimit\u00e0","publisher":{"@id":"https:\/\/www.ocean4future.org\/savetheocean\/#\/schema\/person\/4e1c26437054353074d7bb2efa77162c"},"potentialAction":[{"@type":"SearchAction","target":{"@type":"EntryPoint","urlTemplate":"https:\/\/www.ocean4future.org\/savetheocean\/?s={search_term_string}"},"query-input":{"@type":"PropertyValueSpecification","valueRequired":true,"valueName":"search_term_string"}}],"inLanguage":"it-IT"},{"@type":["Person","Organization"],"@id":"https:\/\/www.ocean4future.org\/savetheocean\/#\/schema\/person\/4e1c26437054353074d7bb2efa77162c","name":"oceandiver","image":{"@type":"ImageObject","inLanguage":"it-IT","@id":"https:\/\/www.ocean4future.org\/savetheocean\/wp-content\/uploads\/2023\/04\/logo-ocean3.jpg","url":"https:\/\/www.ocean4future.org\/savetheocean\/wp-content\/uploads\/2023\/04\/logo-ocean3.jpg","contentUrl":"https:\/\/www.ocean4future.org\/savetheocean\/wp-content\/uploads\/2023\/04\/logo-ocean3.jpg","width":472,"height":301,"caption":"oceandiver"},"logo":{"@id":"https:\/\/www.ocean4future.org\/savetheocean\/wp-content\/uploads\/2023\/04\/logo-ocean3.jpg"}},{"@type":"Person","@id":"https:\/\/www.ocean4future.org\/savetheocean\/#\/schema\/person\/3dd16465e3eca75b65ae959225362b71","name":"Guglielmo Evangelista","image":{"@type":"ImageObject","inLanguage":"it-IT","@id":"https:\/\/secure.gravatar.com\/avatar\/8543fae321a3a9d0dc4969a44c25b3990d365743f80a3573c9993c240078027b?s=96&d=mm&r=g","url":"https:\/\/secure.gravatar.com\/avatar\/8543fae321a3a9d0dc4969a44c25b3990d365743f80a3573c9993c240078027b?s=96&d=mm&r=g","contentUrl":"https:\/\/secure.gravatar.com\/avatar\/8543fae321a3a9d0dc4969a44c25b3990d365743f80a3573c9993c240078027b?s=96&d=mm&r=g","caption":"Guglielmo Evangelista"},"description":"nasce a Broni (PV) nel 1951. Laureato in giurisprudenza \u00e8 stato ufficiale delle Capitanerie di Porto e successivamente funzionario di un Ente Pubblico. Ha al suo attivo nove libri fra cui \u201cStoria delle Capitanerie di porto\u201d , \u201cDuemila anni di navigazione padana\u201d e \u201cLe ancore e la tiara \u2013 La Marina Pontificia fra Restaurazione e Risorgimento\u201d ed oltre 400 articoli che riguardano storia, economia e trasporti. Collabora con numerosi periodici specializzati fra cui la Rivista Marittima\u201d.","url":"https:\/\/www.ocean4future.org\/savetheocean\/archives\/author\/guglielmo-evangelista"}]}},"_links":{"self":[{"href":"https:\/\/www.ocean4future.org\/savetheocean\/wp-json\/wp\/v2\/posts\/122141","targetHints":{"allow":["GET"]}}],"collection":[{"href":"https:\/\/www.ocean4future.org\/savetheocean\/wp-json\/wp\/v2\/posts"}],"about":[{"href":"https:\/\/www.ocean4future.org\/savetheocean\/wp-json\/wp\/v2\/types\/post"}],"author":[{"embeddable":true,"href":"https:\/\/www.ocean4future.org\/savetheocean\/wp-json\/wp\/v2\/users\/2428"}],"replies":[{"embeddable":true,"href":"https:\/\/www.ocean4future.org\/savetheocean\/wp-json\/wp\/v2\/comments?post=122141"}],"version-history":[{"count":1,"href":"https:\/\/www.ocean4future.org\/savetheocean\/wp-json\/wp\/v2\/posts\/122141\/revisions"}],"predecessor-version":[{"id":126898,"href":"https:\/\/www.ocean4future.org\/savetheocean\/wp-json\/wp\/v2\/posts\/122141\/revisions\/126898"}],"wp:featuredmedia":[{"embeddable":true,"href":"https:\/\/www.ocean4future.org\/savetheocean\/wp-json\/wp\/v2\/media\/122193"}],"wp:attachment":[{"href":"https:\/\/www.ocean4future.org\/savetheocean\/wp-json\/wp\/v2\/media?parent=122141"}],"wp:term":[{"taxonomy":"category","embeddable":true,"href":"https:\/\/www.ocean4future.org\/savetheocean\/wp-json\/wp\/v2\/categories?post=122141"},{"taxonomy":"post_tag","embeddable":true,"href":"https:\/\/www.ocean4future.org\/savetheocean\/wp-json\/wp\/v2\/tags?post=122141"}],"curies":[{"name":"wp","href":"https:\/\/api.w.org\/{rel}","templated":true}]}}