{"id":121571,"date":"2025-09-16T00:02:00","date_gmt":"2025-09-15T22:02:00","guid":{"rendered":"https:\/\/www.ocean4future.org\/savetheocean\/?p=121571"},"modified":"2025-09-16T07:39:41","modified_gmt":"2025-09-16T05:39:41","slug":"tour-mondiale-vespucci-tre-miliardi-di-ritorno-economico","status":"publish","type":"post","link":"https:\/\/www.ocean4future.org\/savetheocean\/archives\/121571","title":{"rendered":"Tour Mondiale dell&#8217;Amerigo Vespucci, radici e innovazione, identit\u00e0 e comunicazione, storia e futuro del nostro Paese"},"content":{"rendered":"<span class=\"span-reading-time rt-reading-time\" style=\"display: block;\"><span class=\"rt-label rt-prefix\">tempo di lettura: <\/span> <span class=\"rt-time\"> 5<\/span> <span class=\"rt-label rt-postfix\">minuti<\/span><\/span><p><span style=\"color: #ffffff;\">.<\/span><\/p>\n<a class=\"maxbutton-4 maxbutton maxbutton-livello-di-comprensione\" href=\"javascript:void(0);\"><span class='mb-text'>livello elementare<\/span><\/a>\n<p><span style=\"color: #ffffff;\">.<\/span><\/p>\n<p><strong><span style=\"color: #008000;\">ARGOMENTO: NAVE AMERIGO VESPUCCI<\/span><\/strong><br \/>\n<strong><span style=\"color: #008000;\">PERIODO: XXI SECOLO<\/span><\/strong><br \/>\n<strong><span style=\"color: #008000;\">AREA: PRESS RELEASE<\/span><\/strong><br \/>\nparole chiave: Tour mondiale, press release<\/p>\n<p style=\"text-align: justify;\"><span style=\"color: #ffffff;\">.<\/span><br \/>\nSi \u00e8 tenuta ieri mattina a Roma, presso il Tempio di Venere, all\u2019interno del Parco Archeologico del Colosseo, la presentazione dei risultati del \u201c<strong><span style=\"color: #008000;\">Tour Mondiale di Nave Amerigo Vespucci &#8211; Villaggio Italia e Villaggio IN Italia 2023 \u2013 2025\u201d. Come ricorderete abbiamo seguito su OCEAN4FUTURE la nave pi\u00f9 bella del mondo nel suo viaggio intorno al mondo cercando di evidenziare non solo gli aspetti nautici ma anche l&#8217;importanza economica, diplomatica e politica di questo\u00a0 grande progetto. Se li avete persi, potete rileggere tutti gli articoli accedendo tramite il <span style=\"color: #0000ff;\"><a style=\"color: #0000ff;\" href=\"https:\/\/www.ocean4future.org\/Nave%20Amerigo%20Vespucci\">tasto Nave Amerigo Vespucci<\/a><\/span> dal vostro PC\/notebook, IPad.<\/span><\/strong><\/p>\n<p><img decoding=\"async\" class=\"alignnone size-full wp-image-113173\" src=\"https:\/\/www.ocean4future.org\/savetheocean\/wp-content\/uploads\/2024\/12\/20240721-Nave-Vespucci-Invelato-DJI_0004-2-scaled-e1739196935800.jpg\" alt=\"\" width=\"650\" height=\"433\" \/><\/p>\n<p style=\"text-align: justify;\">Come sottolineato dal <strong><span style=\"color: #008000;\">Ministro della Difesa Guido Crosetto<\/span><\/strong>, si \u00e8 trattato di un viaggio unico in cui l\u2019Italia \u00e8 stata portata nel mondo a bordo di un\u2019ambasciatrice d\u2019eccezione, Nave Amerigo Vespucci, orgoglio della nostra Marina Militare e della Difesa italiana. \u201c<strong><em><span style=\"color: #008000;\">Ogni approdo \u00e8 stato un\u2019occasione per raccontare chi siamo: arte, cultura, storia, moda, design, inclusione: eccellenze che uniscono la forza del nostro passato alla spinta verso il futuro. Il Tour Vespucci ha dimostrato come il nostro patrimonio, antico e contemporaneo, pu\u00f2 diventare leva per costruire il domani. Dobbiamo saper attingere alla preziosa eredit\u00e0 che ci \u00e8 stata lasciata per trasformarla in energia, lavoro, crescita, visione. Un\u2019iniziativa che la Difesa ha fortemente voluto, costruita giorno dopo giorno, porto dopo porto. Un modello straordinario che intendiamo rilanciare, perch\u00e9 \u00e8 cos\u00ec che si rafforza il Sistema Italia: unendo radici e innovazione, identit\u00e0 e comunicazione, storia e futuro. Le Forze Armate hanno dimostrato ancora una volta capacit\u00e0 di collaborare al servizio di un obiettivo comune, rappresentando l\u2019Italia con professionalit\u00e0, passione e orgoglio. Un patrimonio per il Paese, una risorsa per la pace e per il futuro<\/span><\/em><\/strong>\u201d.<\/p>\n<p><img decoding=\"async\" class=\"alignnone size-full wp-image-111636\" src=\"https:\/\/www.ocean4future.org\/savetheocean\/wp-content\/uploads\/2024\/11\/20241105-Nave-Vespucci-Navigazione-Phuket-_LAP7843-scaled-e1731663729771.jpg\" alt=\"\" width=\"800\" height=\"533\" \/><\/p>\n<p style=\"text-align: justify;\">Alla presentazione, aperta dal Ministro della Difesa, sono intervenuti diversi ministri, ed Autorit\u00e0 tra cui l\u2019<strong><span style=\"color: #008000;\">Ammiraglio di Squadra Enrico Credendino<\/span><\/strong>, Capo di Stato Maggiore della Marina Militare, <strong><span style=\"color: #008000;\">Luca Andreoli<\/span> <\/strong>Amministratore Delegato di Difesa Servizi S.p.A., la societ\u00e0 in house del Ministero della Difesa che valorizza gli asset delle Forze Armate e che ha realizzato e supportato tutte le fasi dell\u2019iniziativa, e <strong><span style=\"color: #008000;\">Simone Mazzarelli<\/span><\/strong>, Amministratore Delegato di Ninetynine, l\u2019agenzia specializzata nella governance di progetti strategici che, in partenariato pubblico-privato con Difesa Servizi S.p.A., ha prodotto il progetto, moderati dal <strong><span style=\"color: #008000;\">direttore del Sole 24 Ore Fabio Tamburini<\/span><\/strong>.<\/p>\n<p style=\"text-align: justify;\">Presenti le due realt\u00e0 che hanno di fatto certificato i risultati complessivi ovvero <strong><span style=\"color: #008000;\">Interbrand<\/span><\/strong>, la principale societ\u00e0 internazionale di consulenza di branding, che ha analizzato la fase mondiale del Tour, ed il <strong><span style=\"color: #008000;\">Centro Studi Confindustria<\/span><\/strong>, rappresentato dall\u2019economista Tullio Buccellato che con Carolina Serpieri, Professore associato in Politica Economica \u2013 Sapienza, Universit\u00e0 di Roma, ha analizzato i risultati della fase mediterranea.<\/p>\n<p><img decoding=\"async\" class=\"alignnone size-full wp-image-113299\" src=\"https:\/\/www.ocean4future.org\/savetheocean\/wp-content\/uploads\/2024\/12\/20241224-Nave-Vespucci-Arrivo-a-Abu-Dhabi-_LAP7169-scaled-e1739196825756.jpg\" alt=\"\" width=\"660\" height=\"440\" \/><\/p>\n<p style=\"text-align: justify;\"><span style=\"font-size: 20px;\"><strong><span style=\"color: #008000;\">Ma non \u00e8 finita<\/span><\/strong><\/span><br \/>\nLa presentazione \u00e8 stata anche l\u2019occasione per svelare i prossimi sviluppi del progetto: il 2026 sar\u00e0 l\u2019anno del Nord America con il \u201c<strong><span style=\"color: #008000;\">T<\/span><span style=\"color: #008000;\">our Mondiale Amerigo Vespucci Nord America 2026<\/span><\/strong>\u201d che continuer\u00e0 cos\u00ec a unire la tradizionale attivit\u00e0 di addestramento e di Naval Diplomacy della Nave Scuola della Marina Militare con la promozione delle eccellenze del Made in Italy, portando nel mondo, attraverso il Villaggio Italia, la cultura, la storia, l\u2019innovazione, la gastronomia, la scienza, la ricerca, la tecnologia e l\u2019industria che fanno dell\u2019Italia un Paese universalmente apprezzato. <strong><span style=\"color: #008000;\">Nave Amerigo Vespucci<\/span><\/strong>, attualmente si trova nell\u2019Arsenale della Marina Militare di La Spezia per una importante sosta lavori, fondamentale per preservarne l\u2019efficienza, la sicurezza ed il fascino senza tempo, ma nell\u2019estate 2026 riprender\u00e0 il mare per raggiungere le principali citt\u00e0 del Nord America, in particolare a New York, dove sar\u00e0 realizzata un\u2019edizione speciale del Villaggio Italia, in versione \u201cexpo\u201d.<\/p>\n<p><img decoding=\"async\" class=\"alignnone size-full wp-image-114871\" src=\"https:\/\/www.ocean4future.org\/savetheocean\/wp-content\/uploads\/2025\/02\/vespucci-suez.jpg\" alt=\"\" width=\"1066\" height=\"1600\" \/><\/p>\n<p style=\"text-align: justify;\"><span style=\"font-size: 20px;\"><strong><span style=\"color: #008000;\">Qualche numero<\/span><\/strong><\/span><br \/>\nSecondo le analisi realizzate da Interbrand e dal Centro Studi di Confindustria con l\u2019universit\u00e0 Sapienza di Roma, <strong><span style=\"color: #008000;\">il Tour Mondiale di Nave Amerigo Vespucci (con il Villaggio Italia e il Villaggio In Italia) ha generato complessivamente un ritorno economico totale pari a 3,04 miliardi di euro,<\/span> <\/strong>con un Ritorno sugli Investimenti che ha moltiplicato l\u2019investimento iniziale per 62,78.<br \/>\nSecondo la stima realizzata dalla piattaforma <strong><span style=\"color: #008000;\">Confindustria ExPand (Export Potential Analysis and Development)<\/span><\/strong>, <strong><span style=\"color: #008000;\">il contributo della fase Mondiale del Tour Vespucci all\u2019export \u00e8 pari a 479 milioni di euro e <\/span><\/strong><strong><span style=\"color: #008000;\">il progetto ha generato e generer\u00e0 complessivamente 11.155 nuovi posti di lavoro con un valore mediatico pari a 254 milioni di euro.<\/span><\/strong><\/p>\n<p style=\"text-align: justify;\"><strong><span style=\"color: #008000;\"><img decoding=\"async\" class=\"alignnone size-full wp-image-114238\" src=\"https:\/\/www.ocean4future.org\/savetheocean\/wp-content\/uploads\/2025\/01\/vespucci-meloni.jpg\" alt=\"\" width=\"720\" height=\"502\" srcset=\"https:\/\/www.ocean4future.org\/savetheocean\/wp-content\/uploads\/2025\/01\/vespucci-meloni.jpg 720w, https:\/\/www.ocean4future.org\/savetheocean\/wp-content\/uploads\/2025\/01\/vespucci-meloni-300x209.jpg 300w, https:\/\/www.ocean4future.org\/savetheocean\/wp-content\/uploads\/2025\/01\/vespucci-meloni-400x280.jpg 400w\" sizes=\"(max-width: 720px) 100vw, 720px\" \/><\/span><\/strong><br \/>\n<span style=\"font-size: 20px;\"><strong><span style=\"color: #008000;\">Un&#8217;onda di visitatori intorno al mondo<\/span><\/strong><\/span><br \/>\n<strong><span style=\"color: #008000;\">Sono 1.269.533 le persone che hanno visitato la Nave Scuola della Marina Militare e i Villaggi Italia e i Villaggi IN Italia<\/span><\/strong>; nello specifico, all\u2019estero oltre 419.000 visitatori hanno visitato gli otto Villaggi Italia mentre, nella fase mediterranea, sono stati complessivamente oltre 446.000 nei 9 Villaggi IN Italia. Inoltre, \u00e8 stato calcolato che\u00a0oltre 403.000 persone abbiano visitato Nave Amerigo Vespucci nelle tappe nelle quali in cui non erano stati allestiti i Villaggi. Considerando che viviamo in un poca mediatica, dove i media, purtroppo, spesso si sostituiscono alle presenze fisiche, sono stati calcolati oltre 2.514.000 follower nei sei canali social del Tour che hanno avuto modi di guardare i contenuti social della campagna con oltre 1,31 miliardi di visualizzazioni. Nel nostro piccolo, OCEAN4FUTURE,\u00a0 tra l&#8217;altro nella sua fase di trasformazione da portale a testata giornalistica, ha dedicato 56 articoli sulla campagna che hanno ottenuto oltre 40.000 visioni.<\/p>\n<p><img decoding=\"async\" class=\"alignnone size-full wp-image-96924\" src=\"https:\/\/www.ocean4future.org\/savetheocean\/wp-content\/uploads\/2023\/08\/carlo-mari-vespucci-las-palmas.jpg\" alt=\"\" width=\"805\" height=\"1200\" srcset=\"https:\/\/www.ocean4future.org\/savetheocean\/wp-content\/uploads\/2023\/08\/carlo-mari-vespucci-las-palmas.jpg 805w, https:\/\/www.ocean4future.org\/savetheocean\/wp-content\/uploads\/2023\/08\/carlo-mari-vespucci-las-palmas-201x300.jpg 201w, https:\/\/www.ocean4future.org\/savetheocean\/wp-content\/uploads\/2023\/08\/carlo-mari-vespucci-las-palmas-687x1024.jpg 687w, https:\/\/www.ocean4future.org\/savetheocean\/wp-content\/uploads\/2023\/08\/carlo-mari-vespucci-las-palmas-768x1145.jpg 768w\" sizes=\"(max-width: 805px) 100vw, 805px\" \/><\/p>\n<p style=\"text-align: justify;\">Tornando alla presentazione dei risultati del Tour, tra i molti interessanti interventi offerti dalle Autorit\u00e0 presenti, vorrei riportare un estratto di quello dell\u2019<strong><span style=\"color: #008000;\">Ammiraglio di Squadra Enrico Credendino Capo di Stato Maggiore della Marina Militare<\/span>.<\/strong><\/p>\n<p style=\"text-align: justify;\">\u201c<strong><em><span style=\"color: #008000;\">La campagna \u201cGiro del Mondo\u201d di nave Amerigo Vespucci \u00e8 stata un evento straordinario. Il Vespucci ha svolto pienamente il suo ruolo di nave scuola unitamente ai compiti tradizionali della Marina, tra i quali spicca la \u201cnaval diplomacy\u201d; e in questo ruolo nave Vespucci rappresenta un&#8217;eccellenza. Ognuno dei porti visitati \u00e8 stato occasione di scambio di culture e di promozione del \u201csistema Italia\u201d. <\/span><\/em><\/strong><\/p>\n<p><img decoding=\"async\" class=\"alignnone size-full wp-image-111638\" src=\"https:\/\/www.ocean4future.org\/savetheocean\/wp-content\/uploads\/2024\/11\/20241104-Nave-Vespucci-Ammaina-Solenne-Navigazione-Phuket-_LAP7712-Migliorato-NR-Modifica-scaled-e1739196973563.jpg\" alt=\"\" width=\"660\" height=\"440\" \/><\/p>\n<p style=\"text-align: justify;\"><strong><em><span style=\"color: #008000;\">Come ha ricordato il ministro Crosetto, \u00e8 stato lo strumento per portare in giro nel mondo l&#8217;italianit\u00e0, le tradizioni, la storia, la cultura, l&#8217;industria e quindi il \u201cmade in Italy\u201d. Il futuro vedr\u00e0 Nave Amerigo Vespucci, che in questo momento \u00e8 in bacino e sta facendo un importante lavoro di manutenzione &#8211; necessario per una nave di 94 anni \u2013 per poter andare negli Stati Uniti l&#8217;estate prossima<\/span><\/em><\/strong>\u201d.<\/p>\n<p style=\"text-align: justify;\">E noi continueremo a seguire questa signora del mare, ambasciatrice dell\u2019Italia nel mondo, format unico di comunicazione; un nuovo modello di marketing istituzionale che ha visto coinvolti dodici Ministeri oltre la Presidenza del Consiglio ed ha prodotto, certificati, risultati mediatici, sociali ed economici oltre ogni pi\u00f9 lungimirante aspettativa. Fatti e non parole che hanno consentito l\u2019avvio di collaborazioni bilaterali con tutte le Marine visitate, rafforzando il dialogo con Paesi chiave in aree geografiche di crescente rilevanza strategica per il nostro Paese.<br \/>\n<span style=\"color: #ffffff;\">.<\/span><\/p>\n<p>immagini UPICOM, <i>Difesa Servizi S.p.A.<\/i><br \/>\n<span style=\"color: #ffffff;\">.<\/span><\/p>\n<a class=\"maxbutton-3 maxbutton maxbutton-pagina-principale\" target=\"_blank\" title=\"tooltip\" rel=\"nofollow noopener\" href=\"http:\/\/www.ocean4future.org\"><span class='mb-text'>PAGINA PRINCIPALE - HOME PAGE<\/span><\/a>\n<p>&nbsp;<\/p>\n<p style=\"text-align: justify;\">Alcune delle immagini presenti possono essere state prese dal web, citandone ove possibile gli autori e\/o le fonti. Se qualcuno desiderasse specificarne l\u2019autore o rimuoverle, pu\u00f2 scrivere a infoocean4future@gmail.com e provvederemo immediatamente alla correzione dell\u2019articolo.<\/p>\n","protected":false},"excerpt":{"rendered":"<p><span class=\"span-reading-time rt-reading-time\" style=\"display: block;\"><span class=\"rt-label rt-prefix\">tempo di lettura: <\/span> <span class=\"rt-time\"> 5<\/span> <span class=\"rt-label rt-postfix\">minuti<\/span><\/span>. . ARGOMENTO: NAVE AMERIGO VESPUCCI PERIODO: XXI SECOLO AREA: PRESS RELEASE parole chiave: Tour mondiale, press release . Si \u00e8 tenuta ieri mattina a Roma, presso il Tempio di Venere, all\u2019interno del Parco Archeologico del Colosseo, la presentazione dei risultati del \u201cTour Mondiale di Nave Amerigo Vespucci &#8211; Villaggio Italia e Villaggio IN Italia [&hellip;]<\/p>\n","protected":false},"author":1,"featured_media":111636,"comment_status":"open","ping_status":"open","sticky":false,"template":"","format":"standard","meta":{"_acf_changed":false,"_monsterinsights_skip_tracking":false,"_monsterinsights_sitenote_active":false,"_monsterinsights_sitenote_note":"","_monsterinsights_sitenote_category":0,"footnotes":""},"categories":[17],"tags":[],"class_list":["post-121571","post","type-post","status-publish","format-standard","has-post-thumbnail","hentry","category-scienze-del-mare"],"acf":[],"yoast_head":"<!-- This site is optimized with the Yoast SEO plugin v27.4 - https:\/\/yoast.com\/product\/yoast-seo-wordpress\/ -->\n<title>Tour Mondiale dell&#039;Amerigo Vespucci, radici e innovazione, identit\u00e0 e comunicazione, storia e futuro del nostro Paese &#8226; OCEAN4FUTURE autore<\/title>\n<meta name=\"robots\" content=\"index, follow, max-snippet:-1, max-image-preview:large, max-video-preview:-1\" \/>\n<link rel=\"canonical\" href=\"https:\/\/www.ocean4future.org\/savetheocean\/archives\/121571\" \/>\n<meta property=\"og:locale\" content=\"it_IT\" \/>\n<meta property=\"og:type\" content=\"article\" \/>\n<meta property=\"og:title\" content=\"Tour Mondiale dell&#039;Amerigo Vespucci, radici e innovazione, identit\u00e0 e comunicazione, storia e futuro del nostro Paese &#8226; OCEAN4FUTURE autore\" \/>\n<meta property=\"og:description\" content=\"tempo di lettura:  5 minuti. . ARGOMENTO: NAVE AMERIGO VESPUCCI PERIODO: XXI SECOLO AREA: PRESS RELEASE parole chiave: Tour mondiale, press release . Si \u00e8 tenuta ieri mattina a Roma, presso il Tempio di Venere, all\u2019interno del Parco Archeologico del Colosseo, la presentazione dei risultati del \u201cTour Mondiale di Nave Amerigo Vespucci &#8211; Villaggio Italia e Villaggio IN Italia [&hellip;]\" \/>\n<meta property=\"og:url\" content=\"https:\/\/www.ocean4future.org\/savetheocean\/archives\/121571\" \/>\n<meta property=\"og:site_name\" content=\"OCEAN4FUTURE\" \/>\n<meta property=\"article:published_time\" content=\"2025-09-15T22:02:00+00:00\" \/>\n<meta property=\"article:modified_time\" content=\"2025-09-16T05:39:41+00:00\" \/>\n<meta property=\"og:image\" content=\"https:\/\/www.ocean4future.org\/savetheocean\/wp-content\/uploads\/2024\/11\/20241105-Nave-Vespucci-Navigazione-Phuket-_LAP7843-scaled-e1731663729771.jpg\" \/>\n\t<meta property=\"og:image:width\" content=\"800\" \/>\n\t<meta property=\"og:image:height\" content=\"533\" \/>\n\t<meta property=\"og:image:type\" content=\"image\/jpeg\" \/>\n<meta name=\"author\" content=\"Admin\" \/>\n<meta name=\"twitter:card\" content=\"summary_large_image\" \/>\n<meta name=\"twitter:creator\" content=\"@ocean4future\" \/>\n<meta name=\"twitter:site\" content=\"@ocean4future\" \/>\n<meta name=\"twitter:label1\" content=\"Scritto da\" \/>\n\t<meta name=\"twitter:data1\" content=\"Admin\" \/>\n\t<meta name=\"twitter:label2\" content=\"Tempo di lettura stimato\" \/>\n\t<meta name=\"twitter:data2\" content=\"8 minuti\" \/>\n<script type=\"application\/ld+json\" class=\"yoast-schema-graph\">{\"@context\":\"https:\\\/\\\/schema.org\",\"@graph\":[{\"@type\":\"Article\",\"@id\":\"https:\\\/\\\/www.ocean4future.org\\\/savetheocean\\\/archives\\\/121571#article\",\"isPartOf\":{\"@id\":\"https:\\\/\\\/www.ocean4future.org\\\/savetheocean\\\/archives\\\/121571\"},\"author\":{\"name\":\"Admin\",\"@id\":\"https:\\\/\\\/www.ocean4future.org\\\/savetheocean\\\/#\\\/schema\\\/person\\\/3205b648e09942114ed508b82b58968a\"},\"headline\":\"Tour Mondiale dell&#8217;Amerigo Vespucci, radici e innovazione, identit\u00e0 e comunicazione, storia e futuro del nostro Paese\",\"datePublished\":\"2025-09-15T22:02:00+00:00\",\"dateModified\":\"2025-09-16T05:39:41+00:00\",\"mainEntityOfPage\":{\"@id\":\"https:\\\/\\\/www.ocean4future.org\\\/savetheocean\\\/archives\\\/121571\"},\"wordCount\":1202,\"commentCount\":0,\"publisher\":{\"@id\":\"https:\\\/\\\/www.ocean4future.org\\\/savetheocean\\\/#\\\/schema\\\/person\\\/4e1c26437054353074d7bb2efa77162c\"},\"image\":{\"@id\":\"https:\\\/\\\/www.ocean4future.org\\\/savetheocean\\\/archives\\\/121571#primaryimage\"},\"thumbnailUrl\":\"https:\\\/\\\/www.ocean4future.org\\\/savetheocean\\\/wp-content\\\/uploads\\\/2024\\\/11\\\/20241105-Nave-Vespucci-Navigazione-Phuket-_LAP7843-scaled-e1731663729771.jpg\",\"articleSection\":[\"Scienze del mare\"],\"inLanguage\":\"it-IT\",\"potentialAction\":[{\"@type\":\"CommentAction\",\"name\":\"Comment\",\"target\":[\"https:\\\/\\\/www.ocean4future.org\\\/savetheocean\\\/archives\\\/121571#respond\"]}]},{\"@type\":\"WebPage\",\"@id\":\"https:\\\/\\\/www.ocean4future.org\\\/savetheocean\\\/archives\\\/121571\",\"url\":\"https:\\\/\\\/www.ocean4future.org\\\/savetheocean\\\/archives\\\/121571\",\"name\":\"Tour Mondiale dell'Amerigo Vespucci, radici e innovazione, identit\u00e0 e comunicazione, storia e futuro del nostro Paese &#8226; OCEAN4FUTURE autore\",\"isPartOf\":{\"@id\":\"https:\\\/\\\/www.ocean4future.org\\\/savetheocean\\\/#website\"},\"primaryImageOfPage\":{\"@id\":\"https:\\\/\\\/www.ocean4future.org\\\/savetheocean\\\/archives\\\/121571#primaryimage\"},\"image\":{\"@id\":\"https:\\\/\\\/www.ocean4future.org\\\/savetheocean\\\/archives\\\/121571#primaryimage\"},\"thumbnailUrl\":\"https:\\\/\\\/www.ocean4future.org\\\/savetheocean\\\/wp-content\\\/uploads\\\/2024\\\/11\\\/20241105-Nave-Vespucci-Navigazione-Phuket-_LAP7843-scaled-e1731663729771.jpg\",\"datePublished\":\"2025-09-15T22:02:00+00:00\",\"dateModified\":\"2025-09-16T05:39:41+00:00\",\"breadcrumb\":{\"@id\":\"https:\\\/\\\/www.ocean4future.org\\\/savetheocean\\\/archives\\\/121571#breadcrumb\"},\"inLanguage\":\"it-IT\",\"potentialAction\":[{\"@type\":\"ReadAction\",\"target\":[\"https:\\\/\\\/www.ocean4future.org\\\/savetheocean\\\/archives\\\/121571\"]}]},{\"@type\":\"ImageObject\",\"inLanguage\":\"it-IT\",\"@id\":\"https:\\\/\\\/www.ocean4future.org\\\/savetheocean\\\/archives\\\/121571#primaryimage\",\"url\":\"https:\\\/\\\/www.ocean4future.org\\\/savetheocean\\\/wp-content\\\/uploads\\\/2024\\\/11\\\/20241105-Nave-Vespucci-Navigazione-Phuket-_LAP7843-scaled-e1731663729771.jpg\",\"contentUrl\":\"https:\\\/\\\/www.ocean4future.org\\\/savetheocean\\\/wp-content\\\/uploads\\\/2024\\\/11\\\/20241105-Nave-Vespucci-Navigazione-Phuket-_LAP7843-scaled-e1731663729771.jpg\",\"width\":800,\"height\":533},{\"@type\":\"BreadcrumbList\",\"@id\":\"https:\\\/\\\/www.ocean4future.org\\\/savetheocean\\\/archives\\\/121571#breadcrumb\",\"itemListElement\":[{\"@type\":\"ListItem\",\"position\":1,\"name\":\"Home\",\"item\":\"https:\\\/\\\/www.ocean4future.org\\\/savetheocean\"},{\"@type\":\"ListItem\",\"position\":2,\"name\":\"Tour Mondiale dell&#8217;Amerigo Vespucci, radici e innovazione, identit\u00e0 e comunicazione, storia e futuro del nostro Paese\"}]},{\"@type\":\"WebSite\",\"@id\":\"https:\\\/\\\/www.ocean4future.org\\\/savetheocean\\\/#website\",\"url\":\"https:\\\/\\\/www.ocean4future.org\\\/savetheocean\\\/\",\"name\":\"Ocean 4 Future\",\"description\":\"Per una nuova cultura del mare e della marittimit\u00e0\",\"publisher\":{\"@id\":\"https:\\\/\\\/www.ocean4future.org\\\/savetheocean\\\/#\\\/schema\\\/person\\\/4e1c26437054353074d7bb2efa77162c\"},\"potentialAction\":[{\"@type\":\"SearchAction\",\"target\":{\"@type\":\"EntryPoint\",\"urlTemplate\":\"https:\\\/\\\/www.ocean4future.org\\\/savetheocean\\\/?s={search_term_string}\"},\"query-input\":{\"@type\":\"PropertyValueSpecification\",\"valueRequired\":true,\"valueName\":\"search_term_string\"}}],\"inLanguage\":\"it-IT\"},{\"@type\":[\"Person\",\"Organization\"],\"@id\":\"https:\\\/\\\/www.ocean4future.org\\\/savetheocean\\\/#\\\/schema\\\/person\\\/4e1c26437054353074d7bb2efa77162c\",\"name\":\"oceandiver\",\"image\":{\"@type\":\"ImageObject\",\"inLanguage\":\"it-IT\",\"@id\":\"https:\\\/\\\/www.ocean4future.org\\\/savetheocean\\\/wp-content\\\/uploads\\\/2023\\\/04\\\/logo-ocean3.jpg\",\"url\":\"https:\\\/\\\/www.ocean4future.org\\\/savetheocean\\\/wp-content\\\/uploads\\\/2023\\\/04\\\/logo-ocean3.jpg\",\"contentUrl\":\"https:\\\/\\\/www.ocean4future.org\\\/savetheocean\\\/wp-content\\\/uploads\\\/2023\\\/04\\\/logo-ocean3.jpg\",\"width\":472,\"height\":301,\"caption\":\"oceandiver\"},\"logo\":{\"@id\":\"https:\\\/\\\/www.ocean4future.org\\\/savetheocean\\\/wp-content\\\/uploads\\\/2023\\\/04\\\/logo-ocean3.jpg\"}},{\"@type\":\"Person\",\"@id\":\"https:\\\/\\\/www.ocean4future.org\\\/savetheocean\\\/#\\\/schema\\\/person\\\/3205b648e09942114ed508b82b58968a\",\"name\":\"Admin\",\"image\":{\"@type\":\"ImageObject\",\"inLanguage\":\"it-IT\",\"@id\":\"https:\\\/\\\/secure.gravatar.com\\\/avatar\\\/74a53e8d4a2a128a5645382cc1aba75fd5b7a550c2b4199e141d245bc936c3a4?s=96&d=mm&r=g\",\"url\":\"https:\\\/\\\/secure.gravatar.com\\\/avatar\\\/74a53e8d4a2a128a5645382cc1aba75fd5b7a550c2b4199e141d245bc936c3a4?s=96&d=mm&r=g\",\"contentUrl\":\"https:\\\/\\\/secure.gravatar.com\\\/avatar\\\/74a53e8d4a2a128a5645382cc1aba75fd5b7a550c2b4199e141d245bc936c3a4?s=96&d=mm&r=g\",\"caption\":\"Admin\"},\"description\":\"La Redazione di OCEAN4FUTURE \u00e8 composta da oltre 60 collaboratori che operano in smart working in tutto il mondo per offrirvi articoli sul mare e la sua cultura\",\"sameAs\":[\"http:\\\/\\\/www.ocean4future.org\"],\"url\":\"https:\\\/\\\/www.ocean4future.org\\\/savetheocean\\\/archives\\\/author\\\/admin\"}]}<\/script>\n<!-- \/ Yoast SEO plugin. -->","yoast_head_json":{"title":"Tour Mondiale dell'Amerigo Vespucci, radici e innovazione, identit\u00e0 e comunicazione, storia e futuro del nostro Paese &#8226; OCEAN4FUTURE autore","robots":{"index":"index","follow":"follow","max-snippet":"max-snippet:-1","max-image-preview":"max-image-preview:large","max-video-preview":"max-video-preview:-1"},"canonical":"https:\/\/www.ocean4future.org\/savetheocean\/archives\/121571","og_locale":"it_IT","og_type":"article","og_title":"Tour Mondiale dell'Amerigo Vespucci, radici e innovazione, identit\u00e0 e comunicazione, storia e futuro del nostro Paese &#8226; OCEAN4FUTURE autore","og_description":"tempo di lettura:  5 minuti. . ARGOMENTO: NAVE AMERIGO VESPUCCI PERIODO: XXI SECOLO AREA: PRESS RELEASE parole chiave: Tour mondiale, press release . Si \u00e8 tenuta ieri mattina a Roma, presso il Tempio di Venere, all\u2019interno del Parco Archeologico del Colosseo, la presentazione dei risultati del \u201cTour Mondiale di Nave Amerigo Vespucci &#8211; Villaggio Italia e Villaggio IN Italia [&hellip;]","og_url":"https:\/\/www.ocean4future.org\/savetheocean\/archives\/121571","og_site_name":"OCEAN4FUTURE","article_published_time":"2025-09-15T22:02:00+00:00","article_modified_time":"2025-09-16T05:39:41+00:00","og_image":[{"width":800,"height":533,"url":"https:\/\/www.ocean4future.org\/savetheocean\/wp-content\/uploads\/2024\/11\/20241105-Nave-Vespucci-Navigazione-Phuket-_LAP7843-scaled-e1731663729771.jpg","type":"image\/jpeg"}],"author":"Admin","twitter_card":"summary_large_image","twitter_creator":"@ocean4future","twitter_site":"@ocean4future","twitter_misc":{"Scritto da":"Admin","Tempo di lettura stimato":"8 minuti"},"schema":{"@context":"https:\/\/schema.org","@graph":[{"@type":"Article","@id":"https:\/\/www.ocean4future.org\/savetheocean\/archives\/121571#article","isPartOf":{"@id":"https:\/\/www.ocean4future.org\/savetheocean\/archives\/121571"},"author":{"name":"Admin","@id":"https:\/\/www.ocean4future.org\/savetheocean\/#\/schema\/person\/3205b648e09942114ed508b82b58968a"},"headline":"Tour Mondiale dell&#8217;Amerigo Vespucci, radici e innovazione, identit\u00e0 e comunicazione, storia e futuro del nostro Paese","datePublished":"2025-09-15T22:02:00+00:00","dateModified":"2025-09-16T05:39:41+00:00","mainEntityOfPage":{"@id":"https:\/\/www.ocean4future.org\/savetheocean\/archives\/121571"},"wordCount":1202,"commentCount":0,"publisher":{"@id":"https:\/\/www.ocean4future.org\/savetheocean\/#\/schema\/person\/4e1c26437054353074d7bb2efa77162c"},"image":{"@id":"https:\/\/www.ocean4future.org\/savetheocean\/archives\/121571#primaryimage"},"thumbnailUrl":"https:\/\/www.ocean4future.org\/savetheocean\/wp-content\/uploads\/2024\/11\/20241105-Nave-Vespucci-Navigazione-Phuket-_LAP7843-scaled-e1731663729771.jpg","articleSection":["Scienze del mare"],"inLanguage":"it-IT","potentialAction":[{"@type":"CommentAction","name":"Comment","target":["https:\/\/www.ocean4future.org\/savetheocean\/archives\/121571#respond"]}]},{"@type":"WebPage","@id":"https:\/\/www.ocean4future.org\/savetheocean\/archives\/121571","url":"https:\/\/www.ocean4future.org\/savetheocean\/archives\/121571","name":"Tour Mondiale dell'Amerigo Vespucci, radici e innovazione, identit\u00e0 e comunicazione, storia e futuro del nostro Paese &#8226; OCEAN4FUTURE autore","isPartOf":{"@id":"https:\/\/www.ocean4future.org\/savetheocean\/#website"},"primaryImageOfPage":{"@id":"https:\/\/www.ocean4future.org\/savetheocean\/archives\/121571#primaryimage"},"image":{"@id":"https:\/\/www.ocean4future.org\/savetheocean\/archives\/121571#primaryimage"},"thumbnailUrl":"https:\/\/www.ocean4future.org\/savetheocean\/wp-content\/uploads\/2024\/11\/20241105-Nave-Vespucci-Navigazione-Phuket-_LAP7843-scaled-e1731663729771.jpg","datePublished":"2025-09-15T22:02:00+00:00","dateModified":"2025-09-16T05:39:41+00:00","breadcrumb":{"@id":"https:\/\/www.ocean4future.org\/savetheocean\/archives\/121571#breadcrumb"},"inLanguage":"it-IT","potentialAction":[{"@type":"ReadAction","target":["https:\/\/www.ocean4future.org\/savetheocean\/archives\/121571"]}]},{"@type":"ImageObject","inLanguage":"it-IT","@id":"https:\/\/www.ocean4future.org\/savetheocean\/archives\/121571#primaryimage","url":"https:\/\/www.ocean4future.org\/savetheocean\/wp-content\/uploads\/2024\/11\/20241105-Nave-Vespucci-Navigazione-Phuket-_LAP7843-scaled-e1731663729771.jpg","contentUrl":"https:\/\/www.ocean4future.org\/savetheocean\/wp-content\/uploads\/2024\/11\/20241105-Nave-Vespucci-Navigazione-Phuket-_LAP7843-scaled-e1731663729771.jpg","width":800,"height":533},{"@type":"BreadcrumbList","@id":"https:\/\/www.ocean4future.org\/savetheocean\/archives\/121571#breadcrumb","itemListElement":[{"@type":"ListItem","position":1,"name":"Home","item":"https:\/\/www.ocean4future.org\/savetheocean"},{"@type":"ListItem","position":2,"name":"Tour Mondiale dell&#8217;Amerigo Vespucci, radici e innovazione, identit\u00e0 e comunicazione, storia e futuro del nostro Paese"}]},{"@type":"WebSite","@id":"https:\/\/www.ocean4future.org\/savetheocean\/#website","url":"https:\/\/www.ocean4future.org\/savetheocean\/","name":"Ocean 4 Future","description":"Per una nuova cultura del mare e della marittimit\u00e0","publisher":{"@id":"https:\/\/www.ocean4future.org\/savetheocean\/#\/schema\/person\/4e1c26437054353074d7bb2efa77162c"},"potentialAction":[{"@type":"SearchAction","target":{"@type":"EntryPoint","urlTemplate":"https:\/\/www.ocean4future.org\/savetheocean\/?s={search_term_string}"},"query-input":{"@type":"PropertyValueSpecification","valueRequired":true,"valueName":"search_term_string"}}],"inLanguage":"it-IT"},{"@type":["Person","Organization"],"@id":"https:\/\/www.ocean4future.org\/savetheocean\/#\/schema\/person\/4e1c26437054353074d7bb2efa77162c","name":"oceandiver","image":{"@type":"ImageObject","inLanguage":"it-IT","@id":"https:\/\/www.ocean4future.org\/savetheocean\/wp-content\/uploads\/2023\/04\/logo-ocean3.jpg","url":"https:\/\/www.ocean4future.org\/savetheocean\/wp-content\/uploads\/2023\/04\/logo-ocean3.jpg","contentUrl":"https:\/\/www.ocean4future.org\/savetheocean\/wp-content\/uploads\/2023\/04\/logo-ocean3.jpg","width":472,"height":301,"caption":"oceandiver"},"logo":{"@id":"https:\/\/www.ocean4future.org\/savetheocean\/wp-content\/uploads\/2023\/04\/logo-ocean3.jpg"}},{"@type":"Person","@id":"https:\/\/www.ocean4future.org\/savetheocean\/#\/schema\/person\/3205b648e09942114ed508b82b58968a","name":"Admin","image":{"@type":"ImageObject","inLanguage":"it-IT","@id":"https:\/\/secure.gravatar.com\/avatar\/74a53e8d4a2a128a5645382cc1aba75fd5b7a550c2b4199e141d245bc936c3a4?s=96&d=mm&r=g","url":"https:\/\/secure.gravatar.com\/avatar\/74a53e8d4a2a128a5645382cc1aba75fd5b7a550c2b4199e141d245bc936c3a4?s=96&d=mm&r=g","contentUrl":"https:\/\/secure.gravatar.com\/avatar\/74a53e8d4a2a128a5645382cc1aba75fd5b7a550c2b4199e141d245bc936c3a4?s=96&d=mm&r=g","caption":"Admin"},"description":"La Redazione di OCEAN4FUTURE \u00e8 composta da oltre 60 collaboratori che operano in smart working in tutto il mondo per offrirvi articoli sul mare e la sua cultura","sameAs":["http:\/\/www.ocean4future.org"],"url":"https:\/\/www.ocean4future.org\/savetheocean\/archives\/author\/admin"}]}},"_links":{"self":[{"href":"https:\/\/www.ocean4future.org\/savetheocean\/wp-json\/wp\/v2\/posts\/121571","targetHints":{"allow":["GET"]}}],"collection":[{"href":"https:\/\/www.ocean4future.org\/savetheocean\/wp-json\/wp\/v2\/posts"}],"about":[{"href":"https:\/\/www.ocean4future.org\/savetheocean\/wp-json\/wp\/v2\/types\/post"}],"author":[{"embeddable":true,"href":"https:\/\/www.ocean4future.org\/savetheocean\/wp-json\/wp\/v2\/users\/1"}],"replies":[{"embeddable":true,"href":"https:\/\/www.ocean4future.org\/savetheocean\/wp-json\/wp\/v2\/comments?post=121571"}],"version-history":[{"count":0,"href":"https:\/\/www.ocean4future.org\/savetheocean\/wp-json\/wp\/v2\/posts\/121571\/revisions"}],"wp:featuredmedia":[{"embeddable":true,"href":"https:\/\/www.ocean4future.org\/savetheocean\/wp-json\/wp\/v2\/media\/111636"}],"wp:attachment":[{"href":"https:\/\/www.ocean4future.org\/savetheocean\/wp-json\/wp\/v2\/media?parent=121571"}],"wp:term":[{"taxonomy":"category","embeddable":true,"href":"https:\/\/www.ocean4future.org\/savetheocean\/wp-json\/wp\/v2\/categories?post=121571"},{"taxonomy":"post_tag","embeddable":true,"href":"https:\/\/www.ocean4future.org\/savetheocean\/wp-json\/wp\/v2\/tags?post=121571"}],"curies":[{"name":"wp","href":"https:\/\/api.w.org\/{rel}","templated":true}]}}