{"id":121116,"date":"2026-01-02T00:02:00","date_gmt":"2026-01-01T23:02:00","guid":{"rendered":"https:\/\/www.ocean4future.org\/savetheocean\/?p=121116"},"modified":"2026-03-25T18:58:48","modified_gmt":"2026-03-25T17:58:48","slug":"conclusioni-sulle-marine-dellepoca-napoleonica","status":"publish","type":"post","link":"https:\/\/www.ocean4future.org\/savetheocean\/archives\/121116","title":{"rendered":"Le marine napoleoniche ed il tramonto di un&#8217;epoca"},"content":{"rendered":"<span class=\"span-reading-time rt-reading-time\" style=\"display: block;\"><span class=\"rt-label rt-prefix\">tempo di lettura: <\/span> <span class=\"rt-time\"> 5<\/span> <span class=\"rt-label rt-postfix\">minuti<\/span><\/span><p style=\"text-align: justify;\"><span style=\"color: #ffffff;\">..<\/span><br \/>\n<a class=\"maxbutton-4 maxbutton maxbutton-livello-di-comprensione\" href=\"javascript:void(0);\"><span class='mb-text'>livello elementare<\/span><\/a><br \/>\n<span style=\"color: #ffffff;\">.<\/span><br \/>\n<strong><span style=\"color: #008000;\">ARGOMENTO: STORIA NAVALE<\/span><\/strong><br \/>\n<strong><span style=\"color: #008000;\">PERIODO: XVIII SECOLO<\/span><\/strong><br \/>\n<strong><span style=\"color: #008000;\">AREA: COMBATTIMENTO IN MARE<\/span><\/strong><br \/>\nparole chiave: Marina francese, Royal Navy<br \/>\n<span style=\"color: #ffffff;\">.<\/span><br \/>\nContinuo l&#8217;analisi dei romanzi di <strong><span style=\"color: #008000;\">Patrick O\u2019Brian<\/span><\/strong>, iniziata nell&#8217;articolo precedente; dal suo tredicesimo romanzo, <strong><span style=\"color: #008000;\">Rotta a Oriente<\/span><\/strong>, a Jack viene dato il comando della fregata Diane, catturata in precedenza. Nel frattempo viene reintegrato nei ruoli, e inviato con la sua nave nel Sud-est asiatico, per convincere un sultano locale a non bloccare la via d\u2019acqua alle navi della Compagnia delle Indie. Sul luogo \u00e8 per\u00f2 presente anche un\u2019identica missione francese con scopi ovviamente opposti. La spedizione raggiunge comunque i suoi obiettivi anche se, sulla via del ritorno, la <strong><span style=\"color: #008000;\">HMS Diane<\/span><\/strong> incaglia su dei banchi di sabbia non segnalati sulle carte. Come commento generale, ci\u00f2 che abbiamo menzionato per il nono romanzo della serie, pu\u00f2 valere come interpretazione storica anche per questo nuovo capitol di questa saga &#8211; anche se realmente non sono segnalate missioni specifiche di questo periodo in tale area.<\/p>\n<p><img decoding=\"async\" class=\"alignnone wp-image-8237\" src=\"https:\/\/www.ocean4future.org\/savetheocean\/wp-content\/uploads\/2016\/05\/220px-Gun_recovered_from_HMS_Endeavour.jpg\" alt=\"\" width=\"806\" height=\"1073\"><\/p>\n<p style=\"text-align: justify;\">Nel 14esimo romanzo, <strong><span style=\"color: #008000;\">Caccia notturna<\/span><\/strong>, dopo molte vicissitudini contro i pirati malesi, i protagonisti riescono a fuggire dall\u2019isola sulla quale sono naufragati e Jack ottiene dal governatore di Batavia il comando di un vascello con il quale riescono finalmente a ricongiungersi con la Surprise. Con essa affrontano e sconfiggono la fregata francese Cecilie, grazie soprattutto al fuoco delle carronate. Giungono infine in Australia, alla colonia penale di <em><a href=\"https:\/\/www.ocean4future.org\/savetheocean\/archives\/101892\"><strong><span style=\"color: #008000;\">Botany Bay<\/span><\/strong><\/a><\/em>. Abbiamo gi\u00e0 profondamente citato la terribile potenza che erano in grado di produrre le carronate, rappresentate in azione con vivezza di particolari da O\u2019Brian. Una parte interessante del romanzo \u00e8 rappresentata dalla descrizione della colonia penale di <strong><span style=\"color: #008000;\">Botany Bay<\/span><\/strong>; a riguardo voglio ricordare che l\u2019intera Australia, prima di diventare colonia britannica di popolamento, fu innanzitutto una grande colonia penale.<\/p>\n<p><img decoding=\"async\" class=\"size-full wp-image-101939\" src=\"https:\/\/www.ocean4future.org\/savetheocean\/wp-content\/uploads\/2024\/01\/AUSTRALIA-640px-Admiralty_Chart_No_1987_Australia_East_Coast_Botany_Bay_Published_1850.jpg\" alt=\"\" width=\"617\" height=\"452\" srcset=\"https:\/\/www.ocean4future.org\/savetheocean\/wp-content\/uploads\/2024\/01\/AUSTRALIA-640px-Admiralty_Chart_No_1987_Australia_East_Coast_Botany_Bay_Published_1850.jpg 617w, https:\/\/www.ocean4future.org\/savetheocean\/wp-content\/uploads\/2024\/01\/AUSTRALIA-640px-Admiralty_Chart_No_1987_Australia_East_Coast_Botany_Bay_Published_1850-300x220.jpg 300w, https:\/\/www.ocean4future.org\/savetheocean\/wp-content\/uploads\/2024\/01\/AUSTRALIA-640px-Admiralty_Chart_No_1987_Australia_East_Coast_Botany_Bay_Published_1850-220x161.jpg 220w\" sizes=\"(max-width: 617px) 100vw, 617px\" \/><\/p>\n<p style=\"text-align: justify;\">Concludo questa rapida analisi letteraria solo menzionando l&#8217;esistenza di altri sei romanzi della saga che, pur presentando eventi interessanti da indagare, non sono per\u00f2 in gran parte correlati alla mia ricerca, ambientandosi dopo il 1814, anno della sconfitta di <strong><span style=\"color: #008000;\">Napoleone<\/span> <\/strong>seguita dalla breve avventura dei cosiddetti \u201cCento Giorni\u201d. Nella consapevolezza di non essere riuscito a rendere in poche pagine il lavoro intenso e attento di <strong><span style=\"color: #008000;\">Patrick O\u2019Brian<\/span><\/strong> nel ricreare, con dovizia di particolari, alcuni dei pi\u00f9 salienti eventi in ambito bellico navale nelle guerre napoleoniche, voglio ora trarre qualche conclusione.&nbsp;<br \/>\nNel corso dei miei articoli ho analizzato diversi aspetti delle marine nell&#8217;epocaa napoleonica; dopo una doverosa premessa ed un\u2019introduzione riguardante le tecniche costruttive dei vascelli, sono passato all\u2019analisi della loro suddivisione in classi, dettata dal numero di pezzi lunghi imbarcati, per poi descrivere in dettaglio le armi di artiglieria: dagli affusti ai sistemi di accensione, dal loro caricamento all\u2019attrezzatura utilizzata. Particolare attenzione ho voluto porre all\u2019analisi della balistica e delle difficolt\u00e0 nell\u2019uso di tali artiglierie; negli articoli successivi ho parlato di armi personali e di come venissero utilizzate in combattimento. Per non cadere troppo nel tecnicismo, ho poi inaugurato la parte critica occupandoci del caso emblematico delle carronate, visualizzate in dettaglio, per passare poi al famoso affondamento della <strong><span style=\"color: #008000;\">Droits de l\u2019Homme<\/span><\/strong> del 1797, per finire con l\u2019analisi letteraria del ciclo di romanzi di <strong><span style=\"color: #008000;\">Patrick O\u2019Brian<\/span><\/strong>, confrontati volta per volta con la realt\u00e0 storica.&nbsp;<\/p>\n<p style=\"text-align: justify;\"><img decoding=\"async\" class=\"alignnone size-full wp-image-123371\" src=\"https:\/\/www.ocean4future.org\/savetheocean\/wp-content\/uploads\/2025\/12\/640px-Vaisseau-Droits-de-lHomme.jpg\" alt=\"\" width=\"640\" height=\"479\" srcset=\"https:\/\/www.ocean4future.org\/savetheocean\/wp-content\/uploads\/2025\/12\/640px-Vaisseau-Droits-de-lHomme.jpg 640w, https:\/\/www.ocean4future.org\/savetheocean\/wp-content\/uploads\/2025\/12\/640px-Vaisseau-Droits-de-lHomme-300x225.jpg 300w\" sizes=\"(max-width: 640px) 100vw, 640px\" \/><br \/>\n<span style=\"color: #ffffff;\">.<\/span><br \/>\nCome si potr\u00e0 intuire dalla lettura degli articoli precedenti <a href=\"https:\/\/www.ocean4future.org\/savetheocean\/archives\/121099\">[<span style=\"color: #0000ff;\"><strong><em>che potrete leggere su OCEAN4FUTURE ricercando Davide Villa partendo dal suo primo articolo<\/em><\/strong><\/span><\/a><span style=\"color: #008000;\"><strong><em>]<\/em><\/strong><\/span>, la complessit\u00e0 e la vastit\u00e0 dei temi trattati sono tali che vi \u00e8 ancora molto da scoprire; possiamo intendere l\u2019argomento bellico come il fulcro dell\u2019azione politica di quei decenni e, a sua volta, il tema degli armamenti come il centro attorno a cui ruota l\u2019argomento bellico stesso. Per analogia un p\u00f2 spicciola, potrei concludere che il mondo politico fu deciso in buona parte dall\u2019azione degli scontri militari in mare. Inoltre, una mia considerazione interpretativa, riguardante il miglioramento nel corso del tempo degli armamenti imbarcati e delle tecniche per usarli. Abbiamo accennato in precedenza alla relativa lentezza con la quale lo sviluppo nautico e bellico procedeva; tale particolarit\u00e0 fu a mio parere dovuta alla tradizione stessa implicita nelle marinerie dell\u2019epoca, per antonomasia conservatrici e tradizionaliste (con l\u2019esempio principe della Royal Navy); ora, dal mio punto di vista lo sviluppo bellico in ambito navale procedeva a rilento su due binari ben distinti in quei decenni, uno diremo \u201cufficiale\u201d e l\u2019altro \u201cufficioso\u201d. Il primo di essi riguarda lo studio, gli esperimenti e la scoperta teorica di nuovi metodi di costruire artiglierie, di caricarle, di puntarle e quant\u2019altro; tale binario \u00e8 imputabile al lavoro degli Ammiragliati, delle commissioni e delle stesse fonderie che le producevano. Il secondo invece \u00e8 un risultato che deriva da un\u2019applicazione di principi diversi, molto pi\u00f9 empirici e pratici, fatto dai comandanti stessi di navi, dai soldati e dai marinai che utilizzavano tali strumenti bellici, e per questo lo definirei ufficioso; tale binario aveva un peso a mio parere maggiore rispetto al primo canale menzionato, dal momento che le innovazioni introdotte direttamente nell\u2019uso pratico senza prima passare da ingenti studi teorici risultavano, se funzionali, ben pi\u00f9 utili di quelle proposte da personale che, di fatto, ragionava in base a un livello astratto, teorico, senza avere in mente le difficolt\u00e0 e l\u2019impiego pratico di tali innovazioni sul mare.<\/p>\n<p><img decoding=\"async\" class=\"alignnone wp-image-124022\" src=\"https:\/\/www.ocean4future.org\/savetheocean\/wp-content\/uploads\/2026\/01\/HMS_Duke.jpg\" alt=\"\" width=\"644\" height=\"829\" srcset=\"https:\/\/www.ocean4future.org\/savetheocean\/wp-content\/uploads\/2026\/01\/HMS_Duke.jpg 500w, https:\/\/www.ocean4future.org\/savetheocean\/wp-content\/uploads\/2026\/01\/HMS_Duke-233x300.jpg 233w\" sizes=\"(max-width: 644px) 100vw, 644px\" \/><\/p>\n<p style=\"text-align: justify;\">Ho gi\u00e0 menzionato il caso dell\u2019introduzione da parte del comandante <strong><span style=\"color: #008000;\">Douglas<\/span><\/strong> dell\u2019<strong><span style=\"color: #008000;\">HMS Duke<\/span><\/strong> (nell&#8217;acquerello superiore) dei primi acciarini a martellina (strappati al riluttante Ammiragliato britannico), e che poi divennero un\u2019innovazione cos\u00ec importante da risultare indispensabili, o di quello dell\u2019inclinometro a pendolo usato inizialmente da <strong><span style=\"color: #008000;\">Sir Philip Brooke<\/span><\/strong> sull\u2019<strong><span style=\"color: #008000;\">HMS Shannon<\/span><\/strong>.<br \/>\nI casi non si fermerebbero ovviamente qui (pensiamo all\u2019efficiente modifica degli affusti per carronate introdotta dall\u2019ufficiale olandese <strong><span style=\"color: #008000;\">Van Kinsbergen<\/span> <\/strong>nel 1786), ma a titolo di esempio basti citare questi; \u00e8 quindi chiaro come il secondo binario di sviluppo tecnico avesse una spinta e una vitalit\u00e0 ben maggiore rispetto a quello tradizionale. Il problema consisteva, ancora una volta, nel rigido immobilismo dei regolamenti dell\u2019epoca: si pensi infatti che ogni vascello prevedeva una limitata riserva di polvere e proiettili, da usarsi solamente in combattimento, e che qualunque altro loro utilizzo (addestramento dei cannonieri soprattutto) doveva essere fatto con una scorta di polvere da sparo e munizioni pagata di tasca propria dai singoli comandanti.<\/p>\n<p style=\"text-align: justify;\">Ora, lo stipendio mensile di ufficiali e capitani non era molto elevato, specialmente nel caso di quelli molto giovani o appena promossi, e l\u2019innalzamento dei prezzi della polvere nera dovuto alla guerra rendeva in molti casi impossibile per questi ultimi l\u2019acquisto di un soprannumero di rifornimenti o ricambi per la propria nave. Stesso discorso valeva per gli approvvigionamenti e le modifiche al vascello e, sempre ritornando al caso della <strong><span style=\"color: #008000;\">HMS Duke<\/span><\/strong>, si ricorder\u00e0 che il <strong><span style=\"color: #008000;\">comandante Douglas<\/span><\/strong> dovette dotare i suoi pezzi di acciarini a pietra focaia completamente di tasca propria (ben 25 sterline, che all\u2019epoca rappresentava un\u2019ammontare non da poco). Se sommassimo i dettagli potremmo spiegare, almeno in parte, l&#8217;immobilismo nell\u2019avanzamento nautico e bellico che sar\u00e0 annullato solo decenni dopo la fine delle guerre napoleoniche con la rivoluzione portata da corazzatura, artiglierie migliorate e l&#8217;utilizzo del vapore.<br \/>\n<strong><span style=\"color: #008000;\">Davide Villa<br \/>\n<\/span><\/strong><span style=\"color: #ffffff;\">.<\/span><br \/>\n<span style=\"color: #ffffff;\">.<\/span><br \/>\n<a class=\"maxbutton-3 maxbutton maxbutton-pagina-principale\" target=\"_blank\" title=\"tooltip\" rel=\"noopener\" href=\"http:\/\/www.ocean4future.org\"><span class='mb-text'>PAGINA PRINCIPALE - HOME PAGE<\/span><\/a><br \/>\n<span style=\"color: #ffffff;\">.<\/span><br \/>\n<a class=\"maxbutton-13 maxbutton maxbutton-parte-i\" target=\"_blank\" title=\" tooltip\" rel=\"nofollow noopener\" href=\"https:\/\/www.ocean4future.org\/savetheocean\/archives\/121114\"><span class='mb-text'>PARTE I<\/span><\/a> <a class=\"maxbutton-14 maxbutton maxbutton-parte-ii\" target=\"_blank\" title=\" tooltip\" rel=\"nofollow noopener\" href=\"https:\/\/www.ocean4future.org\/savetheocean\/archives\/121116\"><span class='mb-text'>PARTE II<\/span><\/a><br \/>\n<span style=\"color: #ffffff;\">.<\/span><\/p>\n","protected":false},"excerpt":{"rendered":"<p><span class=\"span-reading-time rt-reading-time\" style=\"display: block;\"><span class=\"rt-label rt-prefix\">tempo di lettura: <\/span> <span class=\"rt-time\"> 5<\/span> <span class=\"rt-label rt-postfix\">minuti<\/span><\/span>.. . ARGOMENTO: STORIA NAVALE PERIODO: XVIII SECOLO AREA: COMBATTIMENTO IN MARE parole chiave: Marina francese, Royal Navy . Continuo l&#8217;analisi dei romanzi di Patrick O\u2019Brian, iniziata nell&#8217;articolo precedente; dal suo tredicesimo romanzo, Rotta a Oriente, a Jack viene dato il comando della fregata Diane, catturata in precedenza. Nel frattempo viene reintegrato nei ruoli, e [&hellip;]<\/p>\n","protected":false},"author":4446,"featured_media":121602,"comment_status":"open","ping_status":"open","sticky":false,"template":"","format":"standard","meta":{"_acf_changed":false,"_monsterinsights_skip_tracking":false,"_monsterinsights_sitenote_active":false,"_monsterinsights_sitenote_note":"","_monsterinsights_sitenote_category":0,"footnotes":""},"categories":[2431],"tags":[],"class_list":["post-121116","post","type-post","status-publish","format-standard","has-post-thumbnail","hentry","category-storia"],"acf":[],"yoast_head":"<!-- This site is optimized with the Yoast SEO plugin v27.4 - https:\/\/yoast.com\/product\/yoast-seo-wordpress\/ -->\n<title>Le marine napoleoniche ed il tramonto di un&#039;epoca &#8226; OCEAN4FUTURE autore<\/title>\n<meta name=\"robots\" content=\"index, follow, max-snippet:-1, max-image-preview:large, max-video-preview:-1\" \/>\n<link rel=\"canonical\" href=\"https:\/\/www.ocean4future.org\/savetheocean\/archives\/121116\" \/>\n<meta property=\"og:locale\" content=\"it_IT\" \/>\n<meta property=\"og:type\" content=\"article\" \/>\n<meta property=\"og:title\" content=\"Le marine napoleoniche ed il tramonto di un&#039;epoca &#8226; OCEAN4FUTURE autore\" \/>\n<meta property=\"og:description\" content=\"tempo di lettura:  5 minuti.. . ARGOMENTO: STORIA NAVALE PERIODO: XVIII SECOLO AREA: COMBATTIMENTO IN MARE parole chiave: Marina francese, Royal Navy . Continuo l&#8217;analisi dei romanzi di Patrick O\u2019Brian, iniziata nell&#8217;articolo precedente; dal suo tredicesimo romanzo, Rotta a Oriente, a Jack viene dato il comando della fregata Diane, catturata in precedenza. Nel frattempo viene reintegrato nei ruoli, e [&hellip;]\" \/>\n<meta property=\"og:url\" content=\"https:\/\/www.ocean4future.org\/savetheocean\/archives\/121116\" \/>\n<meta property=\"og:site_name\" content=\"OCEAN4FUTURE\" \/>\n<meta property=\"article:published_time\" content=\"2026-01-01T23:02:00+00:00\" \/>\n<meta property=\"article:modified_time\" content=\"2026-03-25T17:58:48+00:00\" \/>\n<meta property=\"og:image\" content=\"https:\/\/www.ocean4future.org\/savetheocean\/wp-content\/uploads\/2025\/10\/Long_gun_mg_8144-CANNONE-FRANCESE-BREST-e1758041458488.jpg\" \/>\n\t<meta property=\"og:image:width\" content=\"640\" \/>\n\t<meta property=\"og:image:height\" content=\"427\" \/>\n\t<meta property=\"og:image:type\" content=\"image\/jpeg\" \/>\n<meta name=\"author\" content=\"Davide Villa\" \/>\n<meta name=\"twitter:card\" content=\"summary_large_image\" \/>\n<meta name=\"twitter:creator\" content=\"@ocean4future\" \/>\n<meta name=\"twitter:site\" content=\"@ocean4future\" \/>\n<meta name=\"twitter:label1\" content=\"Scritto da\" \/>\n\t<meta name=\"twitter:data1\" content=\"Davide Villa\" \/>\n\t<meta name=\"twitter:label2\" content=\"Tempo di lettura stimato\" \/>\n\t<meta name=\"twitter:data2\" content=\"8 minuti\" \/>\n<script type=\"application\/ld+json\" class=\"yoast-schema-graph\">{\"@context\":\"https:\\\/\\\/schema.org\",\"@graph\":[{\"@type\":\"Article\",\"@id\":\"https:\\\/\\\/www.ocean4future.org\\\/savetheocean\\\/archives\\\/121116#article\",\"isPartOf\":{\"@id\":\"https:\\\/\\\/www.ocean4future.org\\\/savetheocean\\\/archives\\\/121116\"},\"author\":{\"name\":\"Davide Villa\",\"@id\":\"https:\\\/\\\/www.ocean4future.org\\\/savetheocean\\\/#\\\/schema\\\/person\\\/3a5c63db1ebd0b97d1c856c1405bcb23\"},\"headline\":\"Le marine napoleoniche ed il tramonto di un&#8217;epoca\",\"datePublished\":\"2026-01-01T23:02:00+00:00\",\"dateModified\":\"2026-03-25T17:58:48+00:00\",\"mainEntityOfPage\":{\"@id\":\"https:\\\/\\\/www.ocean4future.org\\\/savetheocean\\\/archives\\\/121116\"},\"wordCount\":1260,\"commentCount\":0,\"publisher\":{\"@id\":\"https:\\\/\\\/www.ocean4future.org\\\/savetheocean\\\/#\\\/schema\\\/person\\\/4e1c26437054353074d7bb2efa77162c\"},\"image\":{\"@id\":\"https:\\\/\\\/www.ocean4future.org\\\/savetheocean\\\/archives\\\/121116#primaryimage\"},\"thumbnailUrl\":\"https:\\\/\\\/www.ocean4future.org\\\/savetheocean\\\/wp-content\\\/uploads\\\/2025\\\/10\\\/Long_gun_mg_8144-CANNONE-FRANCESE-BREST-e1758041458488.jpg\",\"articleSection\":[\"Storia\"],\"inLanguage\":\"it-IT\",\"potentialAction\":[{\"@type\":\"CommentAction\",\"name\":\"Comment\",\"target\":[\"https:\\\/\\\/www.ocean4future.org\\\/savetheocean\\\/archives\\\/121116#respond\"]}]},{\"@type\":\"WebPage\",\"@id\":\"https:\\\/\\\/www.ocean4future.org\\\/savetheocean\\\/archives\\\/121116\",\"url\":\"https:\\\/\\\/www.ocean4future.org\\\/savetheocean\\\/archives\\\/121116\",\"name\":\"Le marine napoleoniche ed il tramonto di un'epoca &#8226; OCEAN4FUTURE autore\",\"isPartOf\":{\"@id\":\"https:\\\/\\\/www.ocean4future.org\\\/savetheocean\\\/#website\"},\"primaryImageOfPage\":{\"@id\":\"https:\\\/\\\/www.ocean4future.org\\\/savetheocean\\\/archives\\\/121116#primaryimage\"},\"image\":{\"@id\":\"https:\\\/\\\/www.ocean4future.org\\\/savetheocean\\\/archives\\\/121116#primaryimage\"},\"thumbnailUrl\":\"https:\\\/\\\/www.ocean4future.org\\\/savetheocean\\\/wp-content\\\/uploads\\\/2025\\\/10\\\/Long_gun_mg_8144-CANNONE-FRANCESE-BREST-e1758041458488.jpg\",\"datePublished\":\"2026-01-01T23:02:00+00:00\",\"dateModified\":\"2026-03-25T17:58:48+00:00\",\"breadcrumb\":{\"@id\":\"https:\\\/\\\/www.ocean4future.org\\\/savetheocean\\\/archives\\\/121116#breadcrumb\"},\"inLanguage\":\"it-IT\",\"potentialAction\":[{\"@type\":\"ReadAction\",\"target\":[\"https:\\\/\\\/www.ocean4future.org\\\/savetheocean\\\/archives\\\/121116\"]}]},{\"@type\":\"ImageObject\",\"inLanguage\":\"it-IT\",\"@id\":\"https:\\\/\\\/www.ocean4future.org\\\/savetheocean\\\/archives\\\/121116#primaryimage\",\"url\":\"https:\\\/\\\/www.ocean4future.org\\\/savetheocean\\\/wp-content\\\/uploads\\\/2025\\\/10\\\/Long_gun_mg_8144-CANNONE-FRANCESE-BREST-e1758041458488.jpg\",\"contentUrl\":\"https:\\\/\\\/www.ocean4future.org\\\/savetheocean\\\/wp-content\\\/uploads\\\/2025\\\/10\\\/Long_gun_mg_8144-CANNONE-FRANCESE-BREST-e1758041458488.jpg\",\"width\":640,\"height\":427},{\"@type\":\"BreadcrumbList\",\"@id\":\"https:\\\/\\\/www.ocean4future.org\\\/savetheocean\\\/archives\\\/121116#breadcrumb\",\"itemListElement\":[{\"@type\":\"ListItem\",\"position\":1,\"name\":\"Home\",\"item\":\"https:\\\/\\\/www.ocean4future.org\\\/savetheocean\"},{\"@type\":\"ListItem\",\"position\":2,\"name\":\"Le marine napoleoniche ed il tramonto di un&#8217;epoca\"}]},{\"@type\":\"WebSite\",\"@id\":\"https:\\\/\\\/www.ocean4future.org\\\/savetheocean\\\/#website\",\"url\":\"https:\\\/\\\/www.ocean4future.org\\\/savetheocean\\\/\",\"name\":\"Ocean 4 Future\",\"description\":\"Per una nuova cultura del mare e della marittimit\u00e0\",\"publisher\":{\"@id\":\"https:\\\/\\\/www.ocean4future.org\\\/savetheocean\\\/#\\\/schema\\\/person\\\/4e1c26437054353074d7bb2efa77162c\"},\"potentialAction\":[{\"@type\":\"SearchAction\",\"target\":{\"@type\":\"EntryPoint\",\"urlTemplate\":\"https:\\\/\\\/www.ocean4future.org\\\/savetheocean\\\/?s={search_term_string}\"},\"query-input\":{\"@type\":\"PropertyValueSpecification\",\"valueRequired\":true,\"valueName\":\"search_term_string\"}}],\"inLanguage\":\"it-IT\"},{\"@type\":[\"Person\",\"Organization\"],\"@id\":\"https:\\\/\\\/www.ocean4future.org\\\/savetheocean\\\/#\\\/schema\\\/person\\\/4e1c26437054353074d7bb2efa77162c\",\"name\":\"oceandiver\",\"image\":{\"@type\":\"ImageObject\",\"inLanguage\":\"it-IT\",\"@id\":\"https:\\\/\\\/www.ocean4future.org\\\/savetheocean\\\/wp-content\\\/uploads\\\/2023\\\/04\\\/logo-ocean3.jpg\",\"url\":\"https:\\\/\\\/www.ocean4future.org\\\/savetheocean\\\/wp-content\\\/uploads\\\/2023\\\/04\\\/logo-ocean3.jpg\",\"contentUrl\":\"https:\\\/\\\/www.ocean4future.org\\\/savetheocean\\\/wp-content\\\/uploads\\\/2023\\\/04\\\/logo-ocean3.jpg\",\"width\":472,\"height\":301,\"caption\":\"oceandiver\"},\"logo\":{\"@id\":\"https:\\\/\\\/www.ocean4future.org\\\/savetheocean\\\/wp-content\\\/uploads\\\/2023\\\/04\\\/logo-ocean3.jpg\"}},{\"@type\":\"Person\",\"@id\":\"https:\\\/\\\/www.ocean4future.org\\\/savetheocean\\\/#\\\/schema\\\/person\\\/3a5c63db1ebd0b97d1c856c1405bcb23\",\"name\":\"Davide Villa\",\"image\":{\"@type\":\"ImageObject\",\"inLanguage\":\"it-IT\",\"@id\":\"https:\\\/\\\/secure.gravatar.com\\\/avatar\\\/5b7f1441027f8c833f443d94b8211dd96a82aedba468c63c6af3bab00017f101?s=96&d=mm&r=g\",\"url\":\"https:\\\/\\\/secure.gravatar.com\\\/avatar\\\/5b7f1441027f8c833f443d94b8211dd96a82aedba468c63c6af3bab00017f101?s=96&d=mm&r=g\",\"contentUrl\":\"https:\\\/\\\/secure.gravatar.com\\\/avatar\\\/5b7f1441027f8c833f443d94b8211dd96a82aedba468c63c6af3bab00017f101?s=96&d=mm&r=g\",\"caption\":\"Davide Villa\"},\"description\":\"il dottor Villa, classe 1991, \u00e8 nato a Padova ma \u00e8 veneziano \\\"d'adozione\\\". Si diploma in Marketing e Comunicazioni estere nel 2010, per poi proseguire gli studi in Storia dal Medioevo all'Et\u00e0 Contemporanea presso l'universit\u00e0 Ca' Foscari di Venezia. Ha conseguito la Laurea Magistrale nel 2015. Il suo campo di applicazione \u00e8 la Storia Militare e della Repubblica di Venezia\",\"url\":\"https:\\\/\\\/www.ocean4future.org\\\/savetheocean\\\/archives\\\/author\\\/davide-villa\"}]}<\/script>\n<!-- \/ Yoast SEO plugin. -->","yoast_head_json":{"title":"Le marine napoleoniche ed il tramonto di un'epoca &#8226; OCEAN4FUTURE autore","robots":{"index":"index","follow":"follow","max-snippet":"max-snippet:-1","max-image-preview":"max-image-preview:large","max-video-preview":"max-video-preview:-1"},"canonical":"https:\/\/www.ocean4future.org\/savetheocean\/archives\/121116","og_locale":"it_IT","og_type":"article","og_title":"Le marine napoleoniche ed il tramonto di un'epoca &#8226; OCEAN4FUTURE autore","og_description":"tempo di lettura:  5 minuti.. . ARGOMENTO: STORIA NAVALE PERIODO: XVIII SECOLO AREA: COMBATTIMENTO IN MARE parole chiave: Marina francese, Royal Navy . Continuo l&#8217;analisi dei romanzi di Patrick O\u2019Brian, iniziata nell&#8217;articolo precedente; dal suo tredicesimo romanzo, Rotta a Oriente, a Jack viene dato il comando della fregata Diane, catturata in precedenza. Nel frattempo viene reintegrato nei ruoli, e [&hellip;]","og_url":"https:\/\/www.ocean4future.org\/savetheocean\/archives\/121116","og_site_name":"OCEAN4FUTURE","article_published_time":"2026-01-01T23:02:00+00:00","article_modified_time":"2026-03-25T17:58:48+00:00","og_image":[{"width":640,"height":427,"url":"https:\/\/www.ocean4future.org\/savetheocean\/wp-content\/uploads\/2025\/10\/Long_gun_mg_8144-CANNONE-FRANCESE-BREST-e1758041458488.jpg","type":"image\/jpeg"}],"author":"Davide Villa","twitter_card":"summary_large_image","twitter_creator":"@ocean4future","twitter_site":"@ocean4future","twitter_misc":{"Scritto da":"Davide Villa","Tempo di lettura stimato":"8 minuti"},"schema":{"@context":"https:\/\/schema.org","@graph":[{"@type":"Article","@id":"https:\/\/www.ocean4future.org\/savetheocean\/archives\/121116#article","isPartOf":{"@id":"https:\/\/www.ocean4future.org\/savetheocean\/archives\/121116"},"author":{"name":"Davide Villa","@id":"https:\/\/www.ocean4future.org\/savetheocean\/#\/schema\/person\/3a5c63db1ebd0b97d1c856c1405bcb23"},"headline":"Le marine napoleoniche ed il tramonto di un&#8217;epoca","datePublished":"2026-01-01T23:02:00+00:00","dateModified":"2026-03-25T17:58:48+00:00","mainEntityOfPage":{"@id":"https:\/\/www.ocean4future.org\/savetheocean\/archives\/121116"},"wordCount":1260,"commentCount":0,"publisher":{"@id":"https:\/\/www.ocean4future.org\/savetheocean\/#\/schema\/person\/4e1c26437054353074d7bb2efa77162c"},"image":{"@id":"https:\/\/www.ocean4future.org\/savetheocean\/archives\/121116#primaryimage"},"thumbnailUrl":"https:\/\/www.ocean4future.org\/savetheocean\/wp-content\/uploads\/2025\/10\/Long_gun_mg_8144-CANNONE-FRANCESE-BREST-e1758041458488.jpg","articleSection":["Storia"],"inLanguage":"it-IT","potentialAction":[{"@type":"CommentAction","name":"Comment","target":["https:\/\/www.ocean4future.org\/savetheocean\/archives\/121116#respond"]}]},{"@type":"WebPage","@id":"https:\/\/www.ocean4future.org\/savetheocean\/archives\/121116","url":"https:\/\/www.ocean4future.org\/savetheocean\/archives\/121116","name":"Le marine napoleoniche ed il tramonto di un'epoca &#8226; OCEAN4FUTURE autore","isPartOf":{"@id":"https:\/\/www.ocean4future.org\/savetheocean\/#website"},"primaryImageOfPage":{"@id":"https:\/\/www.ocean4future.org\/savetheocean\/archives\/121116#primaryimage"},"image":{"@id":"https:\/\/www.ocean4future.org\/savetheocean\/archives\/121116#primaryimage"},"thumbnailUrl":"https:\/\/www.ocean4future.org\/savetheocean\/wp-content\/uploads\/2025\/10\/Long_gun_mg_8144-CANNONE-FRANCESE-BREST-e1758041458488.jpg","datePublished":"2026-01-01T23:02:00+00:00","dateModified":"2026-03-25T17:58:48+00:00","breadcrumb":{"@id":"https:\/\/www.ocean4future.org\/savetheocean\/archives\/121116#breadcrumb"},"inLanguage":"it-IT","potentialAction":[{"@type":"ReadAction","target":["https:\/\/www.ocean4future.org\/savetheocean\/archives\/121116"]}]},{"@type":"ImageObject","inLanguage":"it-IT","@id":"https:\/\/www.ocean4future.org\/savetheocean\/archives\/121116#primaryimage","url":"https:\/\/www.ocean4future.org\/savetheocean\/wp-content\/uploads\/2025\/10\/Long_gun_mg_8144-CANNONE-FRANCESE-BREST-e1758041458488.jpg","contentUrl":"https:\/\/www.ocean4future.org\/savetheocean\/wp-content\/uploads\/2025\/10\/Long_gun_mg_8144-CANNONE-FRANCESE-BREST-e1758041458488.jpg","width":640,"height":427},{"@type":"BreadcrumbList","@id":"https:\/\/www.ocean4future.org\/savetheocean\/archives\/121116#breadcrumb","itemListElement":[{"@type":"ListItem","position":1,"name":"Home","item":"https:\/\/www.ocean4future.org\/savetheocean"},{"@type":"ListItem","position":2,"name":"Le marine napoleoniche ed il tramonto di un&#8217;epoca"}]},{"@type":"WebSite","@id":"https:\/\/www.ocean4future.org\/savetheocean\/#website","url":"https:\/\/www.ocean4future.org\/savetheocean\/","name":"Ocean 4 Future","description":"Per una nuova cultura del mare e della marittimit\u00e0","publisher":{"@id":"https:\/\/www.ocean4future.org\/savetheocean\/#\/schema\/person\/4e1c26437054353074d7bb2efa77162c"},"potentialAction":[{"@type":"SearchAction","target":{"@type":"EntryPoint","urlTemplate":"https:\/\/www.ocean4future.org\/savetheocean\/?s={search_term_string}"},"query-input":{"@type":"PropertyValueSpecification","valueRequired":true,"valueName":"search_term_string"}}],"inLanguage":"it-IT"},{"@type":["Person","Organization"],"@id":"https:\/\/www.ocean4future.org\/savetheocean\/#\/schema\/person\/4e1c26437054353074d7bb2efa77162c","name":"oceandiver","image":{"@type":"ImageObject","inLanguage":"it-IT","@id":"https:\/\/www.ocean4future.org\/savetheocean\/wp-content\/uploads\/2023\/04\/logo-ocean3.jpg","url":"https:\/\/www.ocean4future.org\/savetheocean\/wp-content\/uploads\/2023\/04\/logo-ocean3.jpg","contentUrl":"https:\/\/www.ocean4future.org\/savetheocean\/wp-content\/uploads\/2023\/04\/logo-ocean3.jpg","width":472,"height":301,"caption":"oceandiver"},"logo":{"@id":"https:\/\/www.ocean4future.org\/savetheocean\/wp-content\/uploads\/2023\/04\/logo-ocean3.jpg"}},{"@type":"Person","@id":"https:\/\/www.ocean4future.org\/savetheocean\/#\/schema\/person\/3a5c63db1ebd0b97d1c856c1405bcb23","name":"Davide Villa","image":{"@type":"ImageObject","inLanguage":"it-IT","@id":"https:\/\/secure.gravatar.com\/avatar\/5b7f1441027f8c833f443d94b8211dd96a82aedba468c63c6af3bab00017f101?s=96&d=mm&r=g","url":"https:\/\/secure.gravatar.com\/avatar\/5b7f1441027f8c833f443d94b8211dd96a82aedba468c63c6af3bab00017f101?s=96&d=mm&r=g","contentUrl":"https:\/\/secure.gravatar.com\/avatar\/5b7f1441027f8c833f443d94b8211dd96a82aedba468c63c6af3bab00017f101?s=96&d=mm&r=g","caption":"Davide Villa"},"description":"il dottor Villa, classe 1991, \u00e8 nato a Padova ma \u00e8 veneziano \"d'adozione\". Si diploma in Marketing e Comunicazioni estere nel 2010, per poi proseguire gli studi in Storia dal Medioevo all'Et\u00e0 Contemporanea presso l'universit\u00e0 Ca' Foscari di Venezia. Ha conseguito la Laurea Magistrale nel 2015. Il suo campo di applicazione \u00e8 la Storia Militare e della Repubblica di Venezia","url":"https:\/\/www.ocean4future.org\/savetheocean\/archives\/author\/davide-villa"}]}},"_links":{"self":[{"href":"https:\/\/www.ocean4future.org\/savetheocean\/wp-json\/wp\/v2\/posts\/121116","targetHints":{"allow":["GET"]}}],"collection":[{"href":"https:\/\/www.ocean4future.org\/savetheocean\/wp-json\/wp\/v2\/posts"}],"about":[{"href":"https:\/\/www.ocean4future.org\/savetheocean\/wp-json\/wp\/v2\/types\/post"}],"author":[{"embeddable":true,"href":"https:\/\/www.ocean4future.org\/savetheocean\/wp-json\/wp\/v2\/users\/4446"}],"replies":[{"embeddable":true,"href":"https:\/\/www.ocean4future.org\/savetheocean\/wp-json\/wp\/v2\/comments?post=121116"}],"version-history":[{"count":1,"href":"https:\/\/www.ocean4future.org\/savetheocean\/wp-json\/wp\/v2\/posts\/121116\/revisions"}],"predecessor-version":[{"id":126853,"href":"https:\/\/www.ocean4future.org\/savetheocean\/wp-json\/wp\/v2\/posts\/121116\/revisions\/126853"}],"wp:featuredmedia":[{"embeddable":true,"href":"https:\/\/www.ocean4future.org\/savetheocean\/wp-json\/wp\/v2\/media\/121602"}],"wp:attachment":[{"href":"https:\/\/www.ocean4future.org\/savetheocean\/wp-json\/wp\/v2\/media?parent=121116"}],"wp:term":[{"taxonomy":"category","embeddable":true,"href":"https:\/\/www.ocean4future.org\/savetheocean\/wp-json\/wp\/v2\/categories?post=121116"},{"taxonomy":"post_tag","embeddable":true,"href":"https:\/\/www.ocean4future.org\/savetheocean\/wp-json\/wp\/v2\/tags?post=121116"}],"curies":[{"name":"wp","href":"https:\/\/api.w.org\/{rel}","templated":true}]}}