{"id":121112,"date":"2025-12-12T00:02:00","date_gmt":"2025-12-11T23:02:00","guid":{"rendered":"https:\/\/www.ocean4future.org\/savetheocean\/?p=121112"},"modified":"2026-03-25T19:03:46","modified_gmt":"2026-03-25T18:03:46","slug":"la-spedizione-dirlanda-e-laffondamento-della-droits-de-lhomme-1796-1797","status":"publish","type":"post","link":"https:\/\/www.ocean4future.org\/savetheocean\/archives\/121112","title":{"rendered":"La spedizione francese d\u2019Irlanda per l&#8217;invasione delle isole britanniche &#8211; XVIII secolo"},"content":{"rendered":"<span class=\"span-reading-time rt-reading-time\" style=\"display: block;\"><span class=\"rt-label rt-prefix\">tempo di lettura: <\/span> <span class=\"rt-time\"> 6<\/span> <span class=\"rt-label rt-postfix\">minuti<\/span><\/span><p><span style=\"color: #ffffff;\">.<\/span><br \/>\n<a class=\"maxbutton-4 maxbutton maxbutton-livello-di-comprensione\" href=\"javascript:void(0);\"><span class='mb-text'>livello elementare<\/span><\/a><br \/>\n<span style=\"color: #ffffff;\">.<\/span><br \/>\n<strong><span style=\"color: #008000;\">ARGOMENTO: STORIA NAVALE<\/span><\/strong><br \/>\n<strong><span style=\"color: #008000;\">PERIODO: XVIII SECOLO<\/span><\/strong><br \/>\n<strong><span style=\"color: #008000;\">AREA: DIDATTICA<\/span><\/strong><br \/>\nparole chiave: Francia, Gran Bretagna.<br \/>\n<span style=\"color: #ffffff;\">.<\/span><\/p>\n<p style=\"text-align: justify;\">Nella storia i tentativi di un esercito di invadere le isole Britanniche e di portare la guerra sul territorio dell\u2019Inghilterra stessa furono innumerevoli &#8230; ed altrettanto innumerevoli furono i fallimenti. L\u2019unico che vi riusc\u00ec, dall&#8217;anno mille in poi, fu <strong><span style=\"color: #008000;\">Guglielmo il Conquistatore<\/span><\/strong> nel lontano 1066 ed <span style=\"color: #008000;\">il <strong>Direttorio prima e Napoleone Bonaparte<\/strong> poi<\/span>, avrebbero voluto essere i secondi. Per portare a compimento questo ambizioso progetto, la <strong><span style=\"color: #008000;\">Francia post-rivoluzionaria<\/span><\/strong> attu\u00f2 una serie di preparativi, poi rivelatisi inutili e dispendiosi in termini di risorse militari e uomini, come l\u2019ammassamento di truppe a nord del paese ed il rafforzamento del porto atlantico di Brest, la pi\u00f9 importante base marittima francese gi\u00e0 dal tempo di Luigi XIV.<\/p>\n<p><img decoding=\"async\" class=\"wp-image-123365 size-full\" src=\"https:\/\/www.ocean4future.org\/savetheocean\/wp-content\/uploads\/2025\/12\/THomas-Jefferys-M0212_AG-912-43-422-U_Plan_of_the_city_castle__harbour_of_Brest-e1764232542456.jpg\" alt=\"\" width=\"640\" height=\"515\" \/><\/p>\n<p align=\"justify\"><strong><span style=\"color: #008000;\">Museo della Bretagna, Collezione di arti grafiche &#8211; Pianta del castello della citt\u00e0 e del porto di Brest &#8211; Pianta di Brest con didascalie in inglese, il titolo in un cartiglio in alto a destra; <span class=\"jCAhz ChMk0b\"><span class=\"ryNqvb\">la scala &#8220;2 furlong o 1\/4 di miglio&#8221; in basso a destra;<\/span><\/span> <span class=\"jCAhz ChMk0b\"><span class=\"ryNqvb\">in alto, i punti cardinali sormontati da un giglio.<\/span><\/span> <span class=\"jCAhz ChMk0b\"><span class=\"ryNqvb\">&#8211; Jefferys Thomas (1710 (?) &#8211; 1771) (incisore)<\/span><\/span><\/span><\/strong><\/p>\n<p style=\"text-align: justify;\">Il problema principale, oltre che di carattere logistico, era di tipo puramente strategico: la Gran Bretagna, consapevole di essere vulnerabile in caso di invasione del suo territorio insulare, gi\u00e0 dal XV secolo aveva basato la sua sicurezza su un controllo pressoch\u00e9 totale dei mari, specialmente nel <strong><span style=\"color: #008000;\">Canale della Manica<\/span><\/strong>, e sull\u2019elemento naturale 1. Esempio emblematico di tale dualit\u00e0 di difesa (controllo dei mari e barriere naturali) pu\u00f2 certamente essere considerato il fallimentare tentativo di invasione da parte della Spagna nel XVI secolo, che con la sua \u201c<strong><span style=\"color: #008000;\">Invincibile Armata<\/span><\/strong>\u201d (1588) si proponeva di liberare la Manica, ma, sorpresa da tre forti fortunali mentre era in navigazione, fu pressoch\u00e9 annientata dalla burrasca, per venire poi definitivamente distrutta dai pi\u00f9 leggeri e veloci vascelli inglesi. Tempi diversi, stesso problema: nel 1940 Hitler si trov\u00f2 di fronte alle medesime difficolt\u00e0, anche se la Royal Navy era stata sostituita dalla RAF. Ma torniamo al nostro argomento: consapevoli dei rischi, i membri del Direttorio decisero di tentare comunque l\u2019impresa, come far\u00e0 in seguito Napoleone, ma adottarono una tecnica diversa: destabilizzare in un primo tempo il potere della Gran Bretagna dall\u2019interno, e concentrarne l\u2019attenzione su un diversivo; tale diversivo doveva essere l\u2019invasione dell\u2019Irlanda.<\/p>\n<p><img decoding=\"async\" class=\"wp-image-123366 size-full\" src=\"https:\/\/www.ocean4future.org\/savetheocean\/wp-content\/uploads\/2025\/12\/640px-Sir_John_Colpoys.jpg\" alt=\"\" width=\"640\" height=\"894\" srcset=\"https:\/\/www.ocean4future.org\/savetheocean\/wp-content\/uploads\/2025\/12\/640px-Sir_John_Colpoys.jpg 640w, https:\/\/www.ocean4future.org\/savetheocean\/wp-content\/uploads\/2025\/12\/640px-Sir_John_Colpoys-215x300.jpg 215w\" sizes=\"(max-width: 640px) 100vw, 640px\" \/><\/p>\n<p align=\"justify\"><strong><span style=\"color: #008000;\">Sir John Colpoys K.B. Ammiraglio dello Squadrone Blu, 30 aprile 1804, Autore Mather Brown (artista), Joyce Gold (editore), William Ridley [incisore] &#8211; Fonte\u00a0 <a href=\"http:\/\/www.nmm.ac.uk\/collections\/prints\/viewPrint.cfm?ID=PAD3328\">http:\/\/www.nmm.ac.uk\/collections\/&#8230; <\/a><\/span><\/strong><a href=\"https:\/\/commons.wikimedia.org\/wiki\/File:Sir_John_Colpoys.jpg\">sir John Colpoys.jpg &#8211; Wikimedia Commons<\/a><\/p>\n<p style=\"text-align: justify;\">Il progetto, preceduto da un capillare e delicato lavoro di spionaggio e di contatti con i ribelli irlandesi (i cosiddetti <strong><span style=\"color: #008000;\">United Irishman<\/span><\/strong>), avrebbe segnato il preludio della distruzione della Royal Navy, seguito poi dall\u2019invasione vera e propria con il grosso della forza francese. Visto da questa prospettiva, il piano sembrava relativamente semplice; ma squadre di vascelli della Royal Navy comandati dall\u2019ammiraglio di retroguardia <strong><span style=\"color: #008000;\">John Colpoys<\/span> <\/strong>attuavano da molti mesi un blocco continentale in acque francesi, con lo scopo di impedire la fuga a navi nemiche, il commercio, la navigazione di cabotaggio e perfino rendere difficoltoso l\u2019addestramento degli equipaggi dei vascelli francesi. Tuttavia il Blocco Continentale, per quanto bene attuato, non era impenetrabile: burrasche, necessit\u00e0 di rifornimenti e riparazioni, incidenti ecc. costringevano la flotta britannica ad allentare di alcune miglia marine la stretta intorno ai porti francesi (come quello di Brest appunto) in determinati frangenti.<\/p>\n<p><img decoding=\"async\" class=\"wp-image-123367 size-full\" src=\"https:\/\/www.ocean4future.org\/savetheocean\/wp-content\/uploads\/2025\/12\/Justin_Bonaventure_Morard_de_Galles-e1764233369872.jpg\" alt=\"\" width=\"640\" height=\"928\" \/><\/p>\n<p align=\"justify\"><strong><span style=\"color: #008000;\">Litografia dell&#8217;ammiraglio Justin Bonaventure Morard de Galle(s), Litografia, 1837 Fonte Museo d&#8217;Arte e Archeologia, Gu\u00e9ret &#8211; Autore Antoine Maurin (1793-1860)<\/span> <a href=\"https:\/\/commons.wikimedia.org\/wiki\/File:Justin_Bonaventure_Morard_de_Galles.jpg\">Justin Bonaventure Morard de Galles.jpg &#8211; Wikimedia Commons<\/a><\/strong><\/p>\n<p style=\"text-align: justify;\">Proprio a Brest si stava intanto preparando la forza di spedizione francese per l\u2019Irlanda, una squadra di ben 17 navi di linea, 27 navi da guerra minori e trasporti, per un totale di oltre 18.000 soldati, completi di viveri, equipaggiamenti, artiglierie da campo e rifornimenti, molti dei quali destinati ai ribelli irlandesi capitanati da <strong><span style=\"color: #008000;\">Wolfe Tone<\/span><\/strong>. La spedizione francese invece era diretta dal <strong><span style=\"color: #008000;\">vice ammiraglio Morard de Galles<\/span><\/strong>. Proprio a causa delle tempeste invernali, l\u2019<strong><span style=\"color: #008000;\">ammiraglio Colpoys<\/span><\/strong> era stato costretto ad allontanare di circa 30 Km la rotta ad incrociare della squadra inglese destinata al controllo di Brest; inoltre, la notte della partenza della squadra francese le uniche navi effettivamente attive sul posto erano la<strong><span style=\"color: #008000;\"> HMS Indefatigable, l\u2019HMS Amazon, la HMS Phoebe, la HMS R\u00e9volutionnaire<\/span><\/strong> e la piccola <strong><span style=\"color: #008000;\">HMS Duke of York<\/span><\/strong>, tutte fregate o vascelli non di linea, che per la loro agilit\u00e0 e manovrabilit\u00e0 sostituivano le navi maggiori nel pattugliamento in caso di cattivo tempo. Approfittando quindi della momentanea assenza della squadra inglese al completo, e col favore della notte, la spedizione del vice ammiraglio de Galles prese il largo da Brest tra il 15 e il 16 dicembre 1796.<\/p>\n<p><img decoding=\"async\" class=\"wp-image-123368\" src=\"https:\/\/www.ocean4future.org\/savetheocean\/wp-content\/uploads\/2025\/12\/Edward_Pellew_Viscount_Exmouth_G.C.B._4674214-e1764234059716.jpg\" alt=\"\" width=\"647\" height=\"957\" srcset=\"https:\/\/www.ocean4future.org\/savetheocean\/wp-content\/uploads\/2025\/12\/Edward_Pellew_Viscount_Exmouth_G.C.B._4674214-e1764234059716.jpg 374w, https:\/\/www.ocean4future.org\/savetheocean\/wp-content\/uploads\/2025\/12\/Edward_Pellew_Viscount_Exmouth_G.C.B._4674214-e1764234059716-203x300.jpg 203w\" sizes=\"(max-width: 647px) 100vw, 647px\" \/><\/p>\n<p align=\"justify\"><span style=\"color: #008000;\"><strong>Sir Edward Pellew, 1\u00b0 Visconte Exmouth \u2013 Ammiraglio della Royal Navy (1757-1833), 1831 &#8211; Incisione a puntino medio &#8211; Autore William Holl &#8211; Fonte Welsh Portrait Collection presso la Biblioteca nazionale del Galles<\/strong><\/span><\/p>\n<p style=\"text-align: justify;\">La squadra inglese era comandata da un commodoro, <strong><span style=\"color: #008000;\">Sir Edward Pellew<\/span><\/strong>, gi\u00e0 noto per le sue audaci azioni,\u00a0 come la cattura della fregata francese <strong><span style=\"color: #008000;\">Cl\u00e9op\u00e2tre<\/span><\/strong> nel 1793, la prima presa di una nave francese nelle guerre rivoluzionarie. <strong><span style=\"color: #008000;\">Pellew<\/span><\/strong>, osservando al calar del sole la partenza delle navi francesi da Brest, invi\u00f2 immediatamente la <strong><span style=\"color: #008000;\">HMS Phoebe<\/span> <\/strong>ad avvertire il resto della squadra di Colpoys, e la <strong><span style=\"color: #008000;\">HMS Amazon<\/span><\/strong> direttamente in Inghilterra per fornire la notizia il pi\u00f9 velocemente possibile all\u2019Ammiragliato britannico. Egli intanto, con le navi rimaste, decise di tentare un avvicinamento a Brest, se non per confrontarsi direttamente con le avversarie francesi, che erano uscite in forze, almeno per tentare di rallentarne e disturbarne la formazione e l\u2019uscita.<\/p>\n<p style=\"text-align: justify;\">La spedizione di de Galles, nonostante le ingenti potenzialit\u00e0, era cominciata nel segno della sfortuna: le condizioni meteorologiche e la luce crepuscolare avevano infatti confuso la valutazione dell\u2019entit\u00e0 delle forze nemiche da parte del vice ammiraglio francese che, convinto di avere di fronte (al contrario delle sue previsioni) l\u2019intera squadra inglese e non solo la sua avanguardia, decise rischiosamente di prendere il largo non attraverso la via classica, ma attraverso lo stretto passaggio noto come \u201c<strong><span style=\"color: #008000;\">Raz de Sein<\/span><\/strong>\u201d. Per far ci\u00f2, de Galles pose in testa le sue veloci corvette, con il compito di precedere il resto delle navi, segnalando con lancio di razzi luminosi pericoli, zone di bassa marea e scogli affioranti.<\/p>\n<p><img decoding=\"async\" class=\"wp-image-123369 size-full\" src=\"https:\/\/www.ocean4future.org\/savetheocean\/wp-content\/uploads\/2025\/12\/Mappa-Brest-FMIB_36822_Raz_de_Sein_Situe_Entre_lIle_de_Sein_et_la_Pointe_du_Raz.jpeg\" alt=\"\" width=\"640\" height=\"244\" srcset=\"https:\/\/www.ocean4future.org\/savetheocean\/wp-content\/uploads\/2025\/12\/Mappa-Brest-FMIB_36822_Raz_de_Sein_Situe_Entre_lIle_de_Sein_et_la_Pointe_du_Raz.jpeg 640w, https:\/\/www.ocean4future.org\/savetheocean\/wp-content\/uploads\/2025\/12\/Mappa-Brest-FMIB_36822_Raz_de_Sein_Situe_Entre_lIle_de_Sein_et_la_Pointe_du_Raz-300x114.jpeg 300w\" sizes=\"(max-width: 640px) 100vw, 640px\" \/><\/p>\n<p align=\"justify\"><strong><span style=\"color: #008000;\">Raz de Sein, lo stretto passaggio tra l&#8217;Ile de Sein e la Pointe du Raz &#8211; mappa di Georges Clerc Rampal Fonte Clerc-Rampal, G. (1913)\u00a0<i>Mer: la Mer Dans la Nature, la Mer et l&#8217;Homme<\/i>,\u00a0<span title=\"capital city and largest city of France\">Paris<\/span>: Librairie Larousse, p. 86<br \/>\n<\/span><\/strong><a href=\"https:\/\/commons.wikimedia.org\/wiki\/File:FMIB_36822_Raz_de_Sein,_Situe_Entre_l%27Ile_de_Sein_et_la_Pointe_du_Raz.jpeg\">Raz de Sein, Situe Entre l&#8217;Ile de Sein et la Pointe du Raz.jpeg &#8211; Wikimedia Commons<\/a><\/p>\n<p style=\"text-align: justify;\"><strong><span style=\"color: #008000;\">Pellew<\/span> <\/strong>che intanto era sopraggiunto, non avvistato, in vicinanza con la Indefatigable riusc\u00ec nel suo intento di disturbo, lanciando anch\u2019egli segnali luminosi in modo casuale, confondendo ulteriormente le navi francesi gi\u00e0 abbastanza disperse dal cattivo tempo. Il risultato fu disastroso per la spedizione: il vascello <strong><span style=\"color: #008000;\">S\u00e9duisant<\/span><\/strong> si schiant\u00f2 sugli scogli, subendo l\u2019affondamento e la morte di oltre 700 uomini, ma cosa ancora pi\u00f9 importante la fregata francese\u00a0 che portava sia i comandanti di terra che di mare fall\u00ec nel ricongiungersi al resto della flotta, riuscendovi solamente in prossimit\u00e0 della costa irlandese.<\/p>\n<div class=\"lyte-wrapper fourthree\" style=\"width:420px;max-width:100%;margin:5px;\"><div class=\"lyMe\" id=\"WYL_OVGmjbOAfpo\"><div id=\"lyte_OVGmjbOAfpo\" data-src=\"\/\/i.ytimg.com\/vi\/OVGmjbOAfpo\/hqdefault.jpg\" class=\"pL\"><div class=\"tC\"><div class=\"tT\"><\/div><\/div><div class=\"play\"><\/div><div class=\"ctrl\"><div class=\"Lctrl\"><\/div><div class=\"Rctrl\"><\/div><\/div><\/div><noscript><a href=\"https:\/\/youtu.be\/OVGmjbOAfpo\" rel=\"nofollow\"><img decoding=\"async\" src=\"https:\/\/i.ytimg.com\/vi\/OVGmjbOAfpo\/0.jpg\" alt=\"YouTube video thumbnail\" width=\"420\" height=\"295\" \/><br \/>Guarda questo video su YouTube<\/a><\/noscript><\/div><\/div><div class=\"lL\" style=\"max-width:100%;width:420px;margin:5px;\"><\/div><\/p>\n<p style=\"text-align: justify;\">L\u2019attraversamento del <strong><span style=\"color: #008000;\">Raz de Sein<\/span><\/strong> avvenne soltanto alle prime luci dell\u2019alba. I giorni seguenti si rivelarono addirittura peggiori per la spedizione: dopo una navigazione funestata da cattivo tempo e ritardi, la flotta francese, giunta sulle coste irlandesi, prov\u00f2 pi\u00f9 volte a sbarcare uomini e materiale, ma ci\u00f2 non fu possibile a causa delle avverse condizioni meteorologiche. Finalmente, il 29 dicembre, l\u2019<strong><span style=\"color: #008000;\">ammiraglio de Galles<\/span><\/strong> decise di rinunciare al progetto, anche a causa della sempre pi\u00f9 pressante penuria di rifornimenti &#8211; le navi erano cariche di soldati che andavano alloggiati e sfamati &#8211; e di fare vela verso Brest; il ritorno fu, se possibile, peggio anche del viaggio di andata, e la spedizione, tra naufragi e navi catturate dagli inglesi, perse altri undici vascelli. Questa in sintesi la vicenda della fallimentare \u201c<strong><span style=\"color: #008000;\">Exp\u00e9dition d&#8217;Irlande<\/span><\/strong>\u201d. Nel prossimo articolo racconter\u00f2 con pi\u00f9 dettagli la battaglia.<br \/>\n<strong><span style=\"color: #008000;\">Davide Villa<\/span><\/strong><br \/>\n<span style=\"color: #ffffff;\">.<\/span><br \/>\n1. le tempeste nel tratto della Manica possono essere molto violente, durare per giorni interi, e colpire senza preavviso ignari naviganti<\/p>\n<p style=\"text-align: justify;\"><span style=\"color: #ffffff;\">,<\/span><br \/>\nin anteprima lo scontro navale tra la nave francese <strong><span style=\"color: #008000;\">Les Droits de l&#8217;Homme e le fregate inglesi HMS Indefatigable e HMS Amazon<\/span><\/strong><span style=\"color: #008000;\"><span style=\"color: #000000;\">,<\/span><\/span> avvenuto il 13 e 14 gennaio 1797 nella baia di Audierne &#8211; Dipinto di L\u00e9opold Le Guen, 1853 &#8211; Collezione del Museo delle Belle Arti di Brest<br \/>\n<span style=\"color: #ffffff;\">.<\/span><\/p>\n<a class=\"maxbutton-3 maxbutton maxbutton-pagina-principale\" target=\"_blank\" title=\"tooltip\" rel=\"nofollow noopener\" href=\"http:\/\/www.ocean4future.org\"><span class='mb-text'>PAGINA PRINCIPALE - HOME PAGE<\/span><\/a>\n<p style=\"text-align: justify;\"><span style=\"color: #ffffff;\">.<\/span><\/p>\n<p style=\"text-align: justify;\">Alcune delle immagini presenti possono essere state prese dal web, citandone ove possibile gli autori e\/o le fonti. Se qualcuno desiderasse specificarne l\u2019autore e la fonte o rimuoverle, pu\u00f2 scrivere a infoocean4future@gmail.com e provvederemo immediatamente alla correzione dell\u2019articolo<br \/>\n<span style=\"color: #ffffff;\">.<\/span><\/p>\n<p style=\"text-align: justify;\">\n","protected":false},"excerpt":{"rendered":"<p><span class=\"span-reading-time rt-reading-time\" style=\"display: block;\"><span class=\"rt-label rt-prefix\">tempo di lettura: <\/span> <span class=\"rt-time\"> 6<\/span> <span class=\"rt-label rt-postfix\">minuti<\/span><\/span>. . ARGOMENTO: STORIA NAVALE PERIODO: XVIII SECOLO AREA: DIDATTICA parole chiave: Francia, Gran Bretagna. . Nella storia i tentativi di un esercito di invadere le isole Britanniche e di portare la guerra sul territorio dell\u2019Inghilterra stessa furono innumerevoli &#8230; ed altrettanto innumerevoli furono i fallimenti. L\u2019unico che vi riusc\u00ec, dall&#8217;anno mille in poi, fu [&hellip;]<\/p>\n","protected":false},"author":4446,"featured_media":123371,"comment_status":"open","ping_status":"open","sticky":false,"template":"","format":"standard","meta":{"_acf_changed":false,"_monsterinsights_skip_tracking":false,"_monsterinsights_sitenote_active":false,"_monsterinsights_sitenote_note":"","_monsterinsights_sitenote_category":0,"footnotes":""},"categories":[2431],"tags":[],"class_list":["post-121112","post","type-post","status-publish","format-standard","has-post-thumbnail","hentry","category-storia"],"acf":[],"yoast_head":"<!-- This site is optimized with the Yoast SEO plugin v27.4 - https:\/\/yoast.com\/product\/yoast-seo-wordpress\/ -->\n<title>La spedizione francese d\u2019Irlanda per l&#039;invasione delle isole britanniche - XVIII secolo &#8226; OCEAN4FUTURE autore<\/title>\n<meta name=\"robots\" content=\"index, follow, max-snippet:-1, max-image-preview:large, max-video-preview:-1\" \/>\n<link rel=\"canonical\" href=\"https:\/\/www.ocean4future.org\/savetheocean\/archives\/121112\" \/>\n<meta property=\"og:locale\" content=\"it_IT\" \/>\n<meta property=\"og:type\" content=\"article\" \/>\n<meta property=\"og:title\" content=\"La spedizione francese d\u2019Irlanda per l&#039;invasione delle isole britanniche - XVIII secolo &#8226; OCEAN4FUTURE autore\" \/>\n<meta property=\"og:description\" content=\"tempo di lettura:  6 minuti. . ARGOMENTO: STORIA NAVALE PERIODO: XVIII SECOLO AREA: DIDATTICA parole chiave: Francia, Gran Bretagna. . Nella storia i tentativi di un esercito di invadere le isole Britanniche e di portare la guerra sul territorio dell\u2019Inghilterra stessa furono innumerevoli &#8230; ed altrettanto innumerevoli furono i fallimenti. L\u2019unico che vi riusc\u00ec, dall&#8217;anno mille in poi, fu [&hellip;]\" \/>\n<meta property=\"og:url\" content=\"https:\/\/www.ocean4future.org\/savetheocean\/archives\/121112\" \/>\n<meta property=\"og:site_name\" content=\"OCEAN4FUTURE\" \/>\n<meta property=\"article:published_time\" content=\"2025-12-11T23:02:00+00:00\" \/>\n<meta property=\"article:modified_time\" content=\"2026-03-25T18:03:46+00:00\" \/>\n<meta property=\"og:image\" content=\"https:\/\/www.ocean4future.org\/savetheocean\/wp-content\/uploads\/2025\/12\/640px-Vaisseau-Droits-de-lHomme.jpg\" \/>\n\t<meta property=\"og:image:width\" content=\"640\" \/>\n\t<meta property=\"og:image:height\" content=\"479\" \/>\n\t<meta property=\"og:image:type\" content=\"image\/jpeg\" \/>\n<meta name=\"author\" content=\"Davide Villa\" \/>\n<meta name=\"twitter:card\" content=\"summary_large_image\" \/>\n<meta name=\"twitter:creator\" content=\"@ocean4future\" \/>\n<meta name=\"twitter:site\" content=\"@ocean4future\" \/>\n<meta name=\"twitter:label1\" content=\"Scritto da\" \/>\n\t<meta name=\"twitter:data1\" content=\"Davide Villa\" \/>\n\t<meta name=\"twitter:label2\" content=\"Tempo di lettura stimato\" \/>\n\t<meta name=\"twitter:data2\" content=\"9 minuti\" \/>\n<script type=\"application\/ld+json\" class=\"yoast-schema-graph\">{\"@context\":\"https:\\\/\\\/schema.org\",\"@graph\":[{\"@type\":\"Article\",\"@id\":\"https:\\\/\\\/www.ocean4future.org\\\/savetheocean\\\/archives\\\/121112#article\",\"isPartOf\":{\"@id\":\"https:\\\/\\\/www.ocean4future.org\\\/savetheocean\\\/archives\\\/121112\"},\"author\":{\"name\":\"Davide Villa\",\"@id\":\"https:\\\/\\\/www.ocean4future.org\\\/savetheocean\\\/#\\\/schema\\\/person\\\/3a5c63db1ebd0b97d1c856c1405bcb23\"},\"headline\":\"La spedizione francese d\u2019Irlanda per l&#8217;invasione delle isole britanniche &#8211; XVIII secolo\",\"datePublished\":\"2025-12-11T23:02:00+00:00\",\"dateModified\":\"2026-03-25T18:03:46+00:00\",\"mainEntityOfPage\":{\"@id\":\"https:\\\/\\\/www.ocean4future.org\\\/savetheocean\\\/archives\\\/121112\"},\"wordCount\":1498,\"commentCount\":0,\"publisher\":{\"@id\":\"https:\\\/\\\/www.ocean4future.org\\\/savetheocean\\\/#\\\/schema\\\/person\\\/4e1c26437054353074d7bb2efa77162c\"},\"image\":{\"@id\":\"https:\\\/\\\/www.ocean4future.org\\\/savetheocean\\\/archives\\\/121112#primaryimage\"},\"thumbnailUrl\":\"https:\\\/\\\/www.ocean4future.org\\\/savetheocean\\\/wp-content\\\/uploads\\\/2025\\\/12\\\/640px-Vaisseau-Droits-de-lHomme.jpg\",\"articleSection\":[\"Storia\"],\"inLanguage\":\"it-IT\",\"potentialAction\":[{\"@type\":\"CommentAction\",\"name\":\"Comment\",\"target\":[\"https:\\\/\\\/www.ocean4future.org\\\/savetheocean\\\/archives\\\/121112#respond\"]}]},{\"@type\":\"WebPage\",\"@id\":\"https:\\\/\\\/www.ocean4future.org\\\/savetheocean\\\/archives\\\/121112\",\"url\":\"https:\\\/\\\/www.ocean4future.org\\\/savetheocean\\\/archives\\\/121112\",\"name\":\"La spedizione francese d\u2019Irlanda per l'invasione delle isole britanniche - XVIII secolo &#8226; OCEAN4FUTURE autore\",\"isPartOf\":{\"@id\":\"https:\\\/\\\/www.ocean4future.org\\\/savetheocean\\\/#website\"},\"primaryImageOfPage\":{\"@id\":\"https:\\\/\\\/www.ocean4future.org\\\/savetheocean\\\/archives\\\/121112#primaryimage\"},\"image\":{\"@id\":\"https:\\\/\\\/www.ocean4future.org\\\/savetheocean\\\/archives\\\/121112#primaryimage\"},\"thumbnailUrl\":\"https:\\\/\\\/www.ocean4future.org\\\/savetheocean\\\/wp-content\\\/uploads\\\/2025\\\/12\\\/640px-Vaisseau-Droits-de-lHomme.jpg\",\"datePublished\":\"2025-12-11T23:02:00+00:00\",\"dateModified\":\"2026-03-25T18:03:46+00:00\",\"breadcrumb\":{\"@id\":\"https:\\\/\\\/www.ocean4future.org\\\/savetheocean\\\/archives\\\/121112#breadcrumb\"},\"inLanguage\":\"it-IT\",\"potentialAction\":[{\"@type\":\"ReadAction\",\"target\":[\"https:\\\/\\\/www.ocean4future.org\\\/savetheocean\\\/archives\\\/121112\"]}]},{\"@type\":\"ImageObject\",\"inLanguage\":\"it-IT\",\"@id\":\"https:\\\/\\\/www.ocean4future.org\\\/savetheocean\\\/archives\\\/121112#primaryimage\",\"url\":\"https:\\\/\\\/www.ocean4future.org\\\/savetheocean\\\/wp-content\\\/uploads\\\/2025\\\/12\\\/640px-Vaisseau-Droits-de-lHomme.jpg\",\"contentUrl\":\"https:\\\/\\\/www.ocean4future.org\\\/savetheocean\\\/wp-content\\\/uploads\\\/2025\\\/12\\\/640px-Vaisseau-Droits-de-lHomme.jpg\",\"width\":640,\"height\":479},{\"@type\":\"BreadcrumbList\",\"@id\":\"https:\\\/\\\/www.ocean4future.org\\\/savetheocean\\\/archives\\\/121112#breadcrumb\",\"itemListElement\":[{\"@type\":\"ListItem\",\"position\":1,\"name\":\"Home\",\"item\":\"https:\\\/\\\/www.ocean4future.org\\\/savetheocean\"},{\"@type\":\"ListItem\",\"position\":2,\"name\":\"La spedizione francese d\u2019Irlanda per l&#8217;invasione delle isole britanniche &#8211; XVIII secolo\"}]},{\"@type\":\"WebSite\",\"@id\":\"https:\\\/\\\/www.ocean4future.org\\\/savetheocean\\\/#website\",\"url\":\"https:\\\/\\\/www.ocean4future.org\\\/savetheocean\\\/\",\"name\":\"Ocean 4 Future\",\"description\":\"Per una nuova cultura del mare e della marittimit\u00e0\",\"publisher\":{\"@id\":\"https:\\\/\\\/www.ocean4future.org\\\/savetheocean\\\/#\\\/schema\\\/person\\\/4e1c26437054353074d7bb2efa77162c\"},\"potentialAction\":[{\"@type\":\"SearchAction\",\"target\":{\"@type\":\"EntryPoint\",\"urlTemplate\":\"https:\\\/\\\/www.ocean4future.org\\\/savetheocean\\\/?s={search_term_string}\"},\"query-input\":{\"@type\":\"PropertyValueSpecification\",\"valueRequired\":true,\"valueName\":\"search_term_string\"}}],\"inLanguage\":\"it-IT\"},{\"@type\":[\"Person\",\"Organization\"],\"@id\":\"https:\\\/\\\/www.ocean4future.org\\\/savetheocean\\\/#\\\/schema\\\/person\\\/4e1c26437054353074d7bb2efa77162c\",\"name\":\"oceandiver\",\"image\":{\"@type\":\"ImageObject\",\"inLanguage\":\"it-IT\",\"@id\":\"https:\\\/\\\/www.ocean4future.org\\\/savetheocean\\\/wp-content\\\/uploads\\\/2023\\\/04\\\/logo-ocean3.jpg\",\"url\":\"https:\\\/\\\/www.ocean4future.org\\\/savetheocean\\\/wp-content\\\/uploads\\\/2023\\\/04\\\/logo-ocean3.jpg\",\"contentUrl\":\"https:\\\/\\\/www.ocean4future.org\\\/savetheocean\\\/wp-content\\\/uploads\\\/2023\\\/04\\\/logo-ocean3.jpg\",\"width\":472,\"height\":301,\"caption\":\"oceandiver\"},\"logo\":{\"@id\":\"https:\\\/\\\/www.ocean4future.org\\\/savetheocean\\\/wp-content\\\/uploads\\\/2023\\\/04\\\/logo-ocean3.jpg\"}},{\"@type\":\"Person\",\"@id\":\"https:\\\/\\\/www.ocean4future.org\\\/savetheocean\\\/#\\\/schema\\\/person\\\/3a5c63db1ebd0b97d1c856c1405bcb23\",\"name\":\"Davide Villa\",\"image\":{\"@type\":\"ImageObject\",\"inLanguage\":\"it-IT\",\"@id\":\"https:\\\/\\\/secure.gravatar.com\\\/avatar\\\/5b7f1441027f8c833f443d94b8211dd96a82aedba468c63c6af3bab00017f101?s=96&d=mm&r=g\",\"url\":\"https:\\\/\\\/secure.gravatar.com\\\/avatar\\\/5b7f1441027f8c833f443d94b8211dd96a82aedba468c63c6af3bab00017f101?s=96&d=mm&r=g\",\"contentUrl\":\"https:\\\/\\\/secure.gravatar.com\\\/avatar\\\/5b7f1441027f8c833f443d94b8211dd96a82aedba468c63c6af3bab00017f101?s=96&d=mm&r=g\",\"caption\":\"Davide Villa\"},\"description\":\"il dottor Villa, classe 1991, \u00e8 nato a Padova ma \u00e8 veneziano \\\"d'adozione\\\". Si diploma in Marketing e Comunicazioni estere nel 2010, per poi proseguire gli studi in Storia dal Medioevo all'Et\u00e0 Contemporanea presso l'universit\u00e0 Ca' Foscari di Venezia. Ha conseguito la Laurea Magistrale nel 2015. Il suo campo di applicazione \u00e8 la Storia Militare e della Repubblica di Venezia\",\"url\":\"https:\\\/\\\/www.ocean4future.org\\\/savetheocean\\\/archives\\\/author\\\/davide-villa\"}]}<\/script>\n<!-- \/ Yoast SEO plugin. -->","yoast_head_json":{"title":"La spedizione francese d\u2019Irlanda per l'invasione delle isole britanniche - XVIII secolo &#8226; OCEAN4FUTURE autore","robots":{"index":"index","follow":"follow","max-snippet":"max-snippet:-1","max-image-preview":"max-image-preview:large","max-video-preview":"max-video-preview:-1"},"canonical":"https:\/\/www.ocean4future.org\/savetheocean\/archives\/121112","og_locale":"it_IT","og_type":"article","og_title":"La spedizione francese d\u2019Irlanda per l'invasione delle isole britanniche - XVIII secolo &#8226; OCEAN4FUTURE autore","og_description":"tempo di lettura:  6 minuti. . ARGOMENTO: STORIA NAVALE PERIODO: XVIII SECOLO AREA: DIDATTICA parole chiave: Francia, Gran Bretagna. . Nella storia i tentativi di un esercito di invadere le isole Britanniche e di portare la guerra sul territorio dell\u2019Inghilterra stessa furono innumerevoli &#8230; ed altrettanto innumerevoli furono i fallimenti. L\u2019unico che vi riusc\u00ec, dall&#8217;anno mille in poi, fu [&hellip;]","og_url":"https:\/\/www.ocean4future.org\/savetheocean\/archives\/121112","og_site_name":"OCEAN4FUTURE","article_published_time":"2025-12-11T23:02:00+00:00","article_modified_time":"2026-03-25T18:03:46+00:00","og_image":[{"width":640,"height":479,"url":"https:\/\/www.ocean4future.org\/savetheocean\/wp-content\/uploads\/2025\/12\/640px-Vaisseau-Droits-de-lHomme.jpg","type":"image\/jpeg"}],"author":"Davide Villa","twitter_card":"summary_large_image","twitter_creator":"@ocean4future","twitter_site":"@ocean4future","twitter_misc":{"Scritto da":"Davide Villa","Tempo di lettura stimato":"9 minuti"},"schema":{"@context":"https:\/\/schema.org","@graph":[{"@type":"Article","@id":"https:\/\/www.ocean4future.org\/savetheocean\/archives\/121112#article","isPartOf":{"@id":"https:\/\/www.ocean4future.org\/savetheocean\/archives\/121112"},"author":{"name":"Davide Villa","@id":"https:\/\/www.ocean4future.org\/savetheocean\/#\/schema\/person\/3a5c63db1ebd0b97d1c856c1405bcb23"},"headline":"La spedizione francese d\u2019Irlanda per l&#8217;invasione delle isole britanniche &#8211; XVIII secolo","datePublished":"2025-12-11T23:02:00+00:00","dateModified":"2026-03-25T18:03:46+00:00","mainEntityOfPage":{"@id":"https:\/\/www.ocean4future.org\/savetheocean\/archives\/121112"},"wordCount":1498,"commentCount":0,"publisher":{"@id":"https:\/\/www.ocean4future.org\/savetheocean\/#\/schema\/person\/4e1c26437054353074d7bb2efa77162c"},"image":{"@id":"https:\/\/www.ocean4future.org\/savetheocean\/archives\/121112#primaryimage"},"thumbnailUrl":"https:\/\/www.ocean4future.org\/savetheocean\/wp-content\/uploads\/2025\/12\/640px-Vaisseau-Droits-de-lHomme.jpg","articleSection":["Storia"],"inLanguage":"it-IT","potentialAction":[{"@type":"CommentAction","name":"Comment","target":["https:\/\/www.ocean4future.org\/savetheocean\/archives\/121112#respond"]}]},{"@type":"WebPage","@id":"https:\/\/www.ocean4future.org\/savetheocean\/archives\/121112","url":"https:\/\/www.ocean4future.org\/savetheocean\/archives\/121112","name":"La spedizione francese d\u2019Irlanda per l'invasione delle isole britanniche - XVIII secolo &#8226; OCEAN4FUTURE autore","isPartOf":{"@id":"https:\/\/www.ocean4future.org\/savetheocean\/#website"},"primaryImageOfPage":{"@id":"https:\/\/www.ocean4future.org\/savetheocean\/archives\/121112#primaryimage"},"image":{"@id":"https:\/\/www.ocean4future.org\/savetheocean\/archives\/121112#primaryimage"},"thumbnailUrl":"https:\/\/www.ocean4future.org\/savetheocean\/wp-content\/uploads\/2025\/12\/640px-Vaisseau-Droits-de-lHomme.jpg","datePublished":"2025-12-11T23:02:00+00:00","dateModified":"2026-03-25T18:03:46+00:00","breadcrumb":{"@id":"https:\/\/www.ocean4future.org\/savetheocean\/archives\/121112#breadcrumb"},"inLanguage":"it-IT","potentialAction":[{"@type":"ReadAction","target":["https:\/\/www.ocean4future.org\/savetheocean\/archives\/121112"]}]},{"@type":"ImageObject","inLanguage":"it-IT","@id":"https:\/\/www.ocean4future.org\/savetheocean\/archives\/121112#primaryimage","url":"https:\/\/www.ocean4future.org\/savetheocean\/wp-content\/uploads\/2025\/12\/640px-Vaisseau-Droits-de-lHomme.jpg","contentUrl":"https:\/\/www.ocean4future.org\/savetheocean\/wp-content\/uploads\/2025\/12\/640px-Vaisseau-Droits-de-lHomme.jpg","width":640,"height":479},{"@type":"BreadcrumbList","@id":"https:\/\/www.ocean4future.org\/savetheocean\/archives\/121112#breadcrumb","itemListElement":[{"@type":"ListItem","position":1,"name":"Home","item":"https:\/\/www.ocean4future.org\/savetheocean"},{"@type":"ListItem","position":2,"name":"La spedizione francese d\u2019Irlanda per l&#8217;invasione delle isole britanniche &#8211; XVIII secolo"}]},{"@type":"WebSite","@id":"https:\/\/www.ocean4future.org\/savetheocean\/#website","url":"https:\/\/www.ocean4future.org\/savetheocean\/","name":"Ocean 4 Future","description":"Per una nuova cultura del mare e della marittimit\u00e0","publisher":{"@id":"https:\/\/www.ocean4future.org\/savetheocean\/#\/schema\/person\/4e1c26437054353074d7bb2efa77162c"},"potentialAction":[{"@type":"SearchAction","target":{"@type":"EntryPoint","urlTemplate":"https:\/\/www.ocean4future.org\/savetheocean\/?s={search_term_string}"},"query-input":{"@type":"PropertyValueSpecification","valueRequired":true,"valueName":"search_term_string"}}],"inLanguage":"it-IT"},{"@type":["Person","Organization"],"@id":"https:\/\/www.ocean4future.org\/savetheocean\/#\/schema\/person\/4e1c26437054353074d7bb2efa77162c","name":"oceandiver","image":{"@type":"ImageObject","inLanguage":"it-IT","@id":"https:\/\/www.ocean4future.org\/savetheocean\/wp-content\/uploads\/2023\/04\/logo-ocean3.jpg","url":"https:\/\/www.ocean4future.org\/savetheocean\/wp-content\/uploads\/2023\/04\/logo-ocean3.jpg","contentUrl":"https:\/\/www.ocean4future.org\/savetheocean\/wp-content\/uploads\/2023\/04\/logo-ocean3.jpg","width":472,"height":301,"caption":"oceandiver"},"logo":{"@id":"https:\/\/www.ocean4future.org\/savetheocean\/wp-content\/uploads\/2023\/04\/logo-ocean3.jpg"}},{"@type":"Person","@id":"https:\/\/www.ocean4future.org\/savetheocean\/#\/schema\/person\/3a5c63db1ebd0b97d1c856c1405bcb23","name":"Davide Villa","image":{"@type":"ImageObject","inLanguage":"it-IT","@id":"https:\/\/secure.gravatar.com\/avatar\/5b7f1441027f8c833f443d94b8211dd96a82aedba468c63c6af3bab00017f101?s=96&d=mm&r=g","url":"https:\/\/secure.gravatar.com\/avatar\/5b7f1441027f8c833f443d94b8211dd96a82aedba468c63c6af3bab00017f101?s=96&d=mm&r=g","contentUrl":"https:\/\/secure.gravatar.com\/avatar\/5b7f1441027f8c833f443d94b8211dd96a82aedba468c63c6af3bab00017f101?s=96&d=mm&r=g","caption":"Davide Villa"},"description":"il dottor Villa, classe 1991, \u00e8 nato a Padova ma \u00e8 veneziano \"d'adozione\". Si diploma in Marketing e Comunicazioni estere nel 2010, per poi proseguire gli studi in Storia dal Medioevo all'Et\u00e0 Contemporanea presso l'universit\u00e0 Ca' Foscari di Venezia. Ha conseguito la Laurea Magistrale nel 2015. Il suo campo di applicazione \u00e8 la Storia Militare e della Repubblica di Venezia","url":"https:\/\/www.ocean4future.org\/savetheocean\/archives\/author\/davide-villa"}]}},"_links":{"self":[{"href":"https:\/\/www.ocean4future.org\/savetheocean\/wp-json\/wp\/v2\/posts\/121112","targetHints":{"allow":["GET"]}}],"collection":[{"href":"https:\/\/www.ocean4future.org\/savetheocean\/wp-json\/wp\/v2\/posts"}],"about":[{"href":"https:\/\/www.ocean4future.org\/savetheocean\/wp-json\/wp\/v2\/types\/post"}],"author":[{"embeddable":true,"href":"https:\/\/www.ocean4future.org\/savetheocean\/wp-json\/wp\/v2\/users\/4446"}],"replies":[{"embeddable":true,"href":"https:\/\/www.ocean4future.org\/savetheocean\/wp-json\/wp\/v2\/comments?post=121112"}],"version-history":[{"count":1,"href":"https:\/\/www.ocean4future.org\/savetheocean\/wp-json\/wp\/v2\/posts\/121112\/revisions"}],"predecessor-version":[{"id":126867,"href":"https:\/\/www.ocean4future.org\/savetheocean\/wp-json\/wp\/v2\/posts\/121112\/revisions\/126867"}],"wp:featuredmedia":[{"embeddable":true,"href":"https:\/\/www.ocean4future.org\/savetheocean\/wp-json\/wp\/v2\/media\/123371"}],"wp:attachment":[{"href":"https:\/\/www.ocean4future.org\/savetheocean\/wp-json\/wp\/v2\/media?parent=121112"}],"wp:term":[{"taxonomy":"category","embeddable":true,"href":"https:\/\/www.ocean4future.org\/savetheocean\/wp-json\/wp\/v2\/categories?post=121112"},{"taxonomy":"post_tag","embeddable":true,"href":"https:\/\/www.ocean4future.org\/savetheocean\/wp-json\/wp\/v2\/tags?post=121112"}],"curies":[{"name":"wp","href":"https:\/\/api.w.org\/{rel}","templated":true}]}}