{"id":121099,"date":"2025-10-03T00:02:00","date_gmt":"2025-10-02T22:02:00","guid":{"rendered":"https:\/\/www.ocean4future.org\/savetheocean\/?p=121099"},"modified":"2025-11-21T08:51:05","modified_gmt":"2025-11-21T07:51:05","slug":"larmamento-navale-nelle-guerre-napoleoniche-di-davide-villa","status":"publish","type":"post","link":"https:\/\/www.ocean4future.org\/savetheocean\/archives\/121099","title":{"rendered":"L\u2019armamento navale nelle guerre napoleoniche di Davide Villa"},"content":{"rendered":"<span class=\"span-reading-time rt-reading-time\" style=\"display: block;\"><span class=\"rt-label rt-prefix\">tempo di lettura: <\/span> <span class=\"rt-time\"> 5<\/span> <span class=\"rt-label rt-postfix\">minuti<\/span><\/span><p style=\"text-align: justify;\"><span style=\"color: #ffffff;\">.<\/span><br \/>\n<a class=\"maxbutton-4 maxbutton maxbutton-livello-di-comprensione\" href=\"javascript:void(0);\"><span class='mb-text'>livello elementare<\/span><\/a><br \/>\n<span style=\"color: #ffffff;\">.<\/span><br \/>\n<strong><span style=\"color: #008000;\">ARGOMENTO: STORIA NAVALE<\/span><\/strong><br \/>\n<strong><span style=\"color: #008000;\">PERIODO: XVIII SECOLO<\/span><\/strong><br \/>\n<strong><span style=\"color: #008000;\">AREA: MARINE DA GUERRA<\/span><\/strong><br \/>\nparole chiave: Francia, Gran Bretagna<br \/>\n<span style=\"color: #ffffff;\">.<\/span><br \/>\nQuando ci si accinge a studiare l\u2019arte navale e le sue applicazioni nelle guerre, dopo un\u2019analisi approfondita, appare evidente come questa realt\u00e0, a prima vista lineare, appaia invece profondamente complessa ed eterogenea. Come si pu\u00f2 osservare, ho usato deliberatamente il termine &#8220;<strong><span style=\"color: #008000;\">arte navale&#8221;<\/span><\/strong>; il navigare sui mari rappresent\u00f2 un vivo problema gi\u00e0 dagli albori dell\u2019Uomo, quando i piccoli ed instabili bastimenti antichi iniziavano timidamente a farsi strada sull\u2019elemento acqueo, con gli equipaggi che, pregando gli dei per una buona sorte, si auguravano di compiere il loro viaggio in sicurezza. <strong><span style=\"color: #008000;\">Non \u00e8 un caso che il mare (a livello mitico e concettuale) sia sempre stato considerato, pi\u00f9 o meno da tutte le civilt\u00e0, simbolo di libert\u00e0, di mistero e di ignoto, mentre la terra come il corrispettivo di ordine, stabilit\u00e0 e governo.<\/span><\/strong> Con il passare dei secoli, il viaggio in mare e il corrispettivo combattimento in quell\u2019elemento fu sempre meno affidato nelle mani degli dei e sempre pi\u00f9 in quelle degli uomini, con il progredirsi della tecnica nautica e costruttiva delle imbarcazioni. Curioso \u00e8 notare come praticamente tutti gli impieghi umani, anche i pi\u00f9 improbabili, nella storia vengano quasi sempre accostati a un loro uso in guerra; non fa l\u2019eccezione l\u2019arte navale, ma il chiedersi se sia nata prima la navigazione o l\u2019idea di combattere sui (o tramite i) mari sarebbe come domandarsi se sia nato prima l\u2019uovo o la gallina. La guerra su mare infatti, nonostante i chiari rischi, presenta indubbi vantaggi: portare il conflitto sul territorio nemico controllando le vie di navigazione, tagliare le linee di rifornimento avversarie, eseguire attacchi lampo, magari anfibi, sulle sue coste, le sue citt\u00e0 e i suoi porti, per sparire poi nel vasto elemento acquatico senza lasciare traccia.<\/p>\n<p><img decoding=\"async\" class=\"alignnone size-full wp-image-73208\" src=\"https:\/\/www.ocean4future.org\/savetheocean\/wp-content\/uploads\/2022\/05\/monumenti09_trireme_palestrina.jpg\" alt=\"\" width=\"1600\" height=\"900\" srcset=\"https:\/\/www.ocean4future.org\/savetheocean\/wp-content\/uploads\/2022\/05\/monumenti09_trireme_palestrina.jpg 1600w, https:\/\/www.ocean4future.org\/savetheocean\/wp-content\/uploads\/2022\/05\/monumenti09_trireme_palestrina-300x169.jpg 300w, https:\/\/www.ocean4future.org\/savetheocean\/wp-content\/uploads\/2022\/05\/monumenti09_trireme_palestrina-1024x576.jpg 1024w, https:\/\/www.ocean4future.org\/savetheocean\/wp-content\/uploads\/2022\/05\/monumenti09_trireme_palestrina-768x432.jpg 768w, https:\/\/www.ocean4future.org\/savetheocean\/wp-content\/uploads\/2022\/05\/monumenti09_trireme_palestrina-1536x864.jpg 1536w, https:\/\/www.ocean4future.org\/savetheocean\/wp-content\/uploads\/2022\/05\/monumenti09_trireme_palestrina-1200x675.jpg 1200w\" sizes=\"(max-width: 1600px) 100vw, 1600px\" \/><\/p>\n<p style=\"text-align: justify;\">Esempio paradigmatico di questa <strong><span style=\"color: #008000;\">talassocrazia<\/span><\/strong> non pu\u00f2 che essere l\u2019antica Atene, e in generale il mondo greco, cos\u00ec legato al mare. Ma abbiamo anche esempi molto pi\u00f9 recenti sull\u2019importanza del controllo delle acque e della superiorit\u00e0 in combattimento sui mari: nella prima met\u00e0 del \u2018900, geografi politici come <strong><span style=\"color: #008000;\">Ratzel<\/span><\/strong> o geopolitici come <strong><span style=\"color: #008000;\">Haushofer<\/span><\/strong>, <strong><span style=\"color: #008000;\">Mahan<\/span><\/strong> e <strong><span style=\"color: #008000;\">Mackinder<\/span><\/strong> consideravano come inevitabile un conflitto tra potenze principalmente terrestri (Germania e Russia) contro potenze navali (Gran Bretagna e, in misura minore, Giappone e Stati Uniti).<\/p>\n<p><img decoding=\"async\" class=\"wp-image-121447 size-full\" src=\"https:\/\/www.ocean4future.org\/savetheocean\/wp-content\/uploads\/2025\/10\/1024px-HMS_Prince_1670-e1757605975414.jpg\" alt=\"\" width=\"640\" height=\"525\" \/><\/p>\n<p align=\"justify\"><strong><span style=\"color: #0000ff;\"><span style=\"color: #008000;\">L&#8217;HMS Royal Prince fu un vascello di primo rango da 100 cannoni in servizio nella Royal Navy tra il 1672 e il 1692 e, con il nome di <i><b>Royal William,<\/b><\/i> dal 1692 al 1813. In totale il vascello prest\u00f2 servizio nella Marina Britannica per 143 anni.<\/span> https:\/\/commons.wikimedia.org\/wiki\/File:HMS_Prince_(1670).jpg<\/span><\/strong><\/p>\n<p style=\"text-align: justify;\"><strong><span style=\"color: #008000;\"><span style=\"font-size: 20px;\">La Guerra sui mari ai tempi di Napoleone<\/span><br \/>\n<\/span><\/strong><span style=\"color: #008000;\"><span style=\"color: #000000;\">Veniamo ora al nostro argomento, gli armamenti e le tecniche di combattimento sui mari delle guerre napoleoniche; m<\/span><\/span>ai nella storia come nel XVIII e XIX secolo esistette un\u2019altra \u201cet\u00e0 dell\u2019oro\u201d per la navigazione, da molti considerata l\u2019apogeo della tecnica navale prima della scioccante rivoluzione del vapore e dei motori; in quei decenni enormi vascelli in legno, vere e proprie fortezze galleggianti per l\u2019epoca, solcavano i mari, orgoglio dei costruttori e la maggior parte delle volte dello stesso equipaggio, combattendo battaglie tra giganti con esiti visivi e pratici impressionanti. Prima di trattare dell\u2019argomento bellico in s\u00e9, \u00e8 quantomai necessario e doveroso fissare, seppur brevemente, alcuni punti fondamentali dell\u2019arte ingegneristica navale dell\u2019epoca (non si pu\u00f2 infatti parlare di cannoni, strumenti o tecniche se non si ha una conoscenza almeno di base della struttura di un vascello del periodo). Prima di trattare dell\u2019argomento bellico in s\u00e9,\u00a0 fisser\u00f2, seppur brevemente, alcuni punti fondamentali dell\u2019arte ingegneristica navale dell\u2019epoca in quanto non si pu\u00f2 parlare di cannoni, strumenti o tecniche se non si ha una conoscenza almeno di base della struttura di un vascello del periodo.<\/p>\n<table style=\"border-collapse: collapse; width: 100%;\">\n<tbody>\n<tr>\n<td style=\"width: 100%; text-align: justify;\"><strong><span style=\"font-size: 20px; color: #008000;\">Glossario nautico<\/span><\/strong><br \/>\n<span style=\"font-size: 14px;\"><strong><span style=\"color: #008000;\">Presento qui di seguito una breve lista di termini marinareschi utili, se non indispensabili, nella trattazione della navigazione e del combattimento nell\u2019et\u00e0 della vela.\u00a0<\/span><\/strong><\/span><\/td>\n<\/tr>\n<\/tbody>\n<\/table>\n<table style=\"border-collapse: collapse; width: 100%; height: 813px;\">\n<tbody>\n<tr style=\"height: 72px;\">\n<td style=\"width: 20.9375%; height: 72px;\"><strong><span style=\"color: #008000;\">Albero<\/span><\/strong><\/td>\n<td style=\"width: 79.0625%; height: 72px; text-align: justify;\"><strong><span style=\"color: #008000;\">Nome generico e comprensivo della struttura primaria destinata a sorreggere la velatura; \u00e8 distinto in albero di trinchetto, di maestra o di mezzana<\/span><\/strong><\/td>\n<\/tr>\n<tr style=\"height: 48px;\">\n<td style=\"width: 20.9375%; height: 48px;\"><strong><span style=\"color: #008000;\">Alberetto<\/span><\/strong><\/td>\n<td style=\"width: 79.0625%; height: 48px; text-align: justify;\"><strong><span style=\"color: #008000;\">Nome specifico del fuso superiore di ogni albero; \u00e8 distinto dalle vele che vi\u00a0corrispondono: ad esempio alberetto di velaccino, di velaccio, ecc.<\/span><\/strong><\/td>\n<\/tr>\n<tr style=\"height: 24px;\">\n<td style=\"width: 20.9375%; height: 24px;\"><strong><span style=\"color: #008000;\">Atterraggio<\/span><\/strong><\/td>\n<td style=\"width: 79.0625%; height: 24px; text-align: justify;\"><strong><span style=\"color: #008000;\">Avvicinamento alla costa<\/span><\/strong><\/td>\n<\/tr>\n<tr style=\"height: 72px;\">\n<td style=\"width: 20.9375%; height: 72px;\"><strong><span style=\"color: #008000;\">Batteria<\/span><\/strong><\/td>\n<td style=\"width: 79.0625%; height: 72px; text-align: justify;\"><strong><span style=\"color: #008000;\">Nella marineria velica ha designato ogni fila di cannoni disposta lungo il fianco della nave, da cui le locuzioni specifiche di ponte di batteria, batteria di dritta ecc.<\/span><\/strong><\/td>\n<\/tr>\n<tr style=\"height: 48px;\">\n<td style=\"width: 20.9375%; height: 48px;\"><strong><span style=\"color: #008000;\">Beccheggio<\/span><\/strong><\/td>\n<td style=\"width: 79.0625%; height: 48px; text-align: justify;\"><strong><span style=\"color: #008000;\">Oscillazione longitudinale della nave impressale dal moto ondoso<\/span><\/strong><\/td>\n<\/tr>\n<tr style=\"height: 24px;\">\n<td style=\"width: 20.9375%; height: 24px;\"><strong><span style=\"color: #008000;\">Bordata<\/span><\/strong><\/td>\n<td style=\"width: 79.0625%; height: 24px; text-align: justify;\"><strong><span style=\"color: #008000;\">Sparo simultaneo dei cannoni di una batteria<\/span><\/strong><\/td>\n<\/tr>\n<tr style=\"height: 48px;\">\n<td style=\"width: 20.9375%; height: 48px;\"><strong><span style=\"color: #008000;\">Bordo<\/span><\/strong><\/td>\n<td style=\"width: 79.0625%; height: 48px; text-align: justify;\"><strong><span style=\"color: #008000;\">Fianco di una nave e, per estensione, la nave stessa in determinate locuzioni; indica per\u00f2 anche una particolare rotta<\/span><\/strong><\/td>\n<\/tr>\n<tr style=\"height: 96px;\">\n<td style=\"width: 20.9375%; height: 96px;\"><strong><span style=\"color: #008000;\">Braca<\/span><\/strong><\/td>\n<td style=\"width: 79.0625%; height: 96px; text-align: justify;\"><strong><span style=\"color: #008000;\">Chiamata in alcune fonti anche braga, \u00e8 un legamento, in genere semi avvolgente, per sollevare, spostare o trattenere (in particolar modo) in posizione oggetti voluminosi<\/span><\/strong><br \/>\n<strong><span style=\"color: #008000;\">(come un cannone).<\/span><\/strong><\/td>\n<\/tr>\n<tr style=\"height: 24px;\">\n<td style=\"width: 20.9375%; height: 24px;\"><strong><span style=\"color: #008000;\">Carronata<\/span><\/strong><\/td>\n<td style=\"width: 79.0625%; height: 24px; text-align: justify;\"><strong><span style=\"color: #008000;\">Corto cannone navale in ghisa<\/span><\/strong><\/td>\n<\/tr>\n<tr style=\"height: 48px;\">\n<td style=\"width: 20.9375%; height: 48px;\"><strong><span style=\"color: #008000;\">Cassero<\/span><\/strong><\/td>\n<td style=\"width: 79.0625%; height: 48px; text-align: justify;\"><strong><span style=\"color: #008000;\">Negli antichi velieri parte (in genere rialzata) del ponte di coperta compresa tra l\u2019albero di maestra e la poppa<\/span><\/strong><\/td>\n<\/tr>\n<tr style=\"height: 48px;\">\n<td style=\"width: 20.9375%; height: 48px;\"><strong><span style=\"color: #008000;\">Coffa<\/span><\/strong><\/td>\n<td style=\"width: 79.0625%; height: 48px; text-align: justify;\"><strong><span style=\"color: #008000;\">Piattaforma di legno generalmente circolare collocata alla sommit\u00e0 del fuso maggiore di ogni albero<\/span><\/strong><\/td>\n<\/tr>\n<tr style=\"height: 48px;\">\n<td style=\"width: 20.9375%; height: 48px;\"><strong><span style=\"color: #008000;\">Conserva<\/span><\/strong><\/td>\n<td style=\"width: 79.0625%; height: 48px; text-align: justify;\"><strong><span style=\"color: #008000;\">Procedere in conserva significa procedere in gruppo, in convoglio o semplicemente in vicinanza di altri bastimenti<\/span><\/strong><\/td>\n<\/tr>\n<tr style=\"height: 72px;\">\n<td style=\"width: 20.9375%; height: 72px;\"><strong><span style=\"color: #008000;\">Corvetta<\/span><\/strong><\/td>\n<td style=\"width: 79.0625%; height: 72px; text-align: justify;\"><strong><span style=\"color: #008000;\">Nave da guerra con un solo ponte di batteria, quello di coperta. Armata in genere con tre alberi a vele quadre, pu\u00f2 essere in contemporanea un brigantino (solo due alberi)<\/span><\/strong><\/td>\n<\/tr>\n<tr style=\"height: 48px;\">\n<td style=\"width: 20.9375%; height: 48px;\"><strong><span style=\"color: #008000;\">Focone<\/span><\/strong><\/td>\n<td style=\"width: 79.0625%; height: 48px; text-align: justify;\"><strong><span style=\"color: #008000;\">Piccolo foro nella culatta delle armi da fuoco ad avancarica tramite il quale si innescava la detonazione della carica di sparo<\/span><\/strong><\/td>\n<\/tr>\n<tr style=\"height: 48px;\">\n<td style=\"width: 20.9375%; height: 48px;\"><strong><span style=\"color: #008000;\">Fregata<\/span><\/strong><\/td>\n<td style=\"width: 79.0625%; height: 48px; text-align: justify;\"><strong><span style=\"color: #008000;\">Veliero da guerra con due ponti di batteria e armato con tre alberi a vele quadre<\/span><\/strong><\/td>\n<\/tr>\n<tr style=\"height: 45px;\">\n<td style=\"width: 20.9375%; height: 45px;\"><strong><span style=\"color: #008000;\">Goletta<\/span><\/strong><\/td>\n<td style=\"width: 79.0625%; height: 45px; text-align: justify;\"><strong><span style=\"color: #008000;\">Nave con due alberi inclinati a poppa e dotati di vele auriche e bompresso<\/span><\/strong><\/td>\n<\/tr>\n<tr>\n<td style=\"width: 20.9375%;\"><strong><span style=\"color: #008000;\">Gomena<\/span><\/strong><\/td>\n<td style=\"width: 79.0625%; text-align: justify;\"><strong><span style=\"color: #008000;\">Grossa fune usata per ormeggio, tonneggio (rimorchio da te rra dell\u2019imbarcazione) o rimorchio via mare. E\u2019 inoltre un\u2019unita di misura, anche se oggi desueta<\/span><\/strong><\/td>\n<\/tr>\n<tr>\n<td style=\"width: 20.9375%;\"><strong><span style=\"color: #008000;\">Linea o \u201cdi linea\u201d<\/span><\/strong><\/td>\n<td style=\"width: 79.0625%; text-align: justify;\"><strong><span style=\"color: #008000;\">Sinonimo generico di nave da guerra o meglio da battaglia. Il nome deriva dalla classica formazione assunta all\u2019epoca negli scontri maggiori delle flotte, organizzate in linea di battaglia<\/span><\/strong><\/td>\n<\/tr>\n<tr>\n<td style=\"width: 20.9375%;\"><strong><span style=\"color: #008000;\">Ponte<\/span><\/strong><\/td>\n<td style=\"width: 79.0625%; text-align: justify;\"><strong><span style=\"color: #008000;\">Ogni struttura continua orizzontale che si estende da una parte all\u2019altra dello scafo, da prora a poppa; quello superiore \u00e8 detto ponte di coperta, quelli sottostanti ponti di batteria<\/span><\/strong><\/td>\n<\/tr>\n<tr>\n<td style=\"width: 20.9375%;\"><strong><span style=\"color: #008000;\">Raddobbo<\/span><\/strong><\/td>\n<td style=\"width: 79.0625%; text-align: justify;\"><strong><span style=\"color: #008000;\">Operazione di lavoro o riparazione<\/span><\/strong><\/td>\n<\/tr>\n<tr>\n<td style=\"width: 20.9375%;\"><strong><span style=\"color: #008000;\">\u00a0Rollio<\/span><\/strong><\/td>\n<td style=\"width: 79.0625%; text-align: justify;\"><strong><span style=\"color: #008000;\">Oscillazione trasversale della nave impressa dal moto ondoso<\/span><\/strong><\/td>\n<\/tr>\n<tr>\n<td style=\"width: 20.9375%;\"><strong><span style=\"color: #008000;\">Ruota<\/span><\/strong><\/td>\n<td style=\"width: 79.0625%; text-align: justify;\"><strong><span style=\"color: #008000;\">Organo di governo del timone<\/span><\/strong><\/td>\n<\/tr>\n<tr>\n<td style=\"width: 20.9375%;\"><strong><span style=\"color: #008000;\">Sopravvento<\/span><\/strong><\/td>\n<td style=\"width: 79.0625%; text-align: justify;\"><strong><span style=\"color: #008000;\">Indica tutto ci\u00f2 che si trovi dalla parte dalla quale spira il vento<\/span><\/strong><\/td>\n<\/tr>\n<tr>\n<td style=\"width: 20.9375%;\"><strong><span style=\"color: #008000;\">Vascello<\/span><\/strong><\/td>\n<td style=\"width: 79.0625%; text-align: justify;\"><strong><span style=\"color: #008000;\">propriamente, nave a due o tre ponti da battaglia<\/span><\/strong><\/td>\n<\/tr>\n<tr>\n<td style=\"width: 20.9375%;\"><strong><span style=\"color: #008000;\">Virare<\/span><\/strong><\/td>\n<td style=\"width: 79.0625%; text-align: justify;\"><strong><span style=\"color: #008000;\">Far ruotare la nave intorno al suo asse verticale in modo che essa venga a essere investita dal vento dalla parte opposta alla precedente, facendo passare la prua nella direzione del vento stesso<\/span><\/strong><\/td>\n<\/tr>\n<tr>\n<td style=\"width: 20.9375%;\"><strong><span style=\"color: #008000;\">Zavorra<\/span><\/strong><\/td>\n<td style=\"width: 79.0625%; text-align: justify;\"><strong><span style=\"color: #008000;\">Materiale pesante posto sul fondo di una nave per aumentarne la stabilit\u00e0 che, in caso eccessivo, ne riduce la velocit\u00e0 e la capacit\u00e0 di manovra<\/span><\/strong><\/td>\n<\/tr>\n<\/tbody>\n<\/table>\n<p>[NdR. Il saggio, per motivi editoriali, \u00e8 stato suddiviso in pi\u00f9 parti, raggiungibili tramite i tasti in calce, attivi dal momento dell&#8217;uscita sul giornale on line]<\/p>\n<p><strong><span style=\"color: #008000;\">Fine I parte \u2013 continua<\/span><\/strong><br \/>\n<strong><span style=\"color: #008000;\">Davide\u00a0<\/span><\/strong><span style=\"color: #ffffff;\">.<\/span><strong><span style=\"color: #008000;\">Villa<\/span><\/strong><\/p>\n<p><span style=\"color: #ffffff;\">.<\/span><\/p>\n<p><span style=\"color: #ffffff;\">.<\/span><br \/>\n<a class=\"maxbutton-3 maxbutton maxbutton-pagina-principale\" target=\"_blank\" title=\"tooltip\" rel=\"nofollow noopener\" href=\"http:\/\/www.ocean4future.org\"><span class='mb-text'>PAGINA PRINCIPALE - HOME PAGE<\/span><\/a><br \/>\n<span style=\"color: #ffffff;\">.<\/span><br \/>\n<a class=\"maxbutton-13 maxbutton maxbutton-parte-i\" target=\"_blank\" title=\" tooltip\" rel=\"nofollow noopener\" href=\"https:\/\/www.ocean4future.org\/savetheocean\/archives\/121099\"><span class='mb-text'>PARTE I<\/span><\/a> <a class=\"maxbutton-14 maxbutton maxbutton-parte-ii\" target=\"_blank\" title=\" tooltip\" rel=\"nofollow noopener\" href=\"https:\/\/www.ocean4future.org\/savetheocean\/archives\/121100\"><span class='mb-text'>PARTE II<\/span><\/a> <a class=\"maxbutton-15 maxbutton maxbutton-parte-iii\" target=\"_blank\" title=\" tooltip\" rel=\"nofollow noopener\" href=\"https:\/\/www.ocean4future.org\/savetheocean\/archives\/121102\"><span class='mb-text'>PARTE III<\/span><\/a><\/p>\n<p><a class=\"maxbutton-16 maxbutton maxbutton-parte-iv\" target=\"_blank\" title=\" tooltip\" rel=\"nofollow noopener\" href=\"https:\/\/www.ocean4future.org\/savetheocean\/archives\/121103\"><span class='mb-text'>PARTE IV<\/span><\/a> <a class=\"maxbutton-17 maxbutton maxbutton-parte-v\" target=\"_blank\" title=\" tooltip\" rel=\"nofollow noopener\" href=\"https:\/\/www.ocean4future.org\/savetheocean\/archives\/121104\"><span class='mb-text'>PARTE V<\/span><\/a> <a class=\"maxbutton-18 maxbutton maxbutton-parte-vi\" target=\"_blank\" title=\" tooltip\" rel=\"nofollow noopener\" href=\"https:\/\/www.ocean4future.org\/savetheocean\/archives\/121105\"><span class='mb-text'>PARTE VI<\/span><\/a><\/p>\n<p><a class=\"maxbutton-19 maxbutton maxbutton-parte-vii\" target=\"_blank\" title=\" tooltip\" rel=\"nofollow noopener\" href=\"https:\/\/www.ocean4future.org\/savetheocean\/archives\/121107\"><span class='mb-text'>PARTE VII<\/span><\/a> <a class=\"maxbutton-20 maxbutton maxbutton-parte-viii\" target=\"_blank\" title=\" tooltip\" rel=\"nofollow noopener\" href=\"https:\/\/www.ocean4future.org\/savetheocean\/archives\/121108\"><span class='mb-text'>PARTE VIII<\/span><\/a><br \/>\n<span style=\"color: #ffffff;\">.<\/span><\/p>\n<p align=\"justify\">Alcune delle immagini presenti possono essere state prese dal web, citandone ove possibile gli autori e\/o le fonti. Se qualcuno desiderasse specificarne l\u2019autore o rimuoverle, pu\u00f2 scrivere a infoocean4future@gmail.com e provvederemo immediatamente alla correzione dell\u2019articolo<\/p>\n<p align=\"justify\"><span style=\"color: #ffffff;\">.<\/span><\/p>\n","protected":false},"excerpt":{"rendered":"<p><span class=\"span-reading-time rt-reading-time\" style=\"display: block;\"><span class=\"rt-label rt-prefix\">tempo di lettura: <\/span> <span class=\"rt-time\"> 5<\/span> <span class=\"rt-label rt-postfix\">minuti<\/span><\/span>. . ARGOMENTO: STORIA NAVALE PERIODO: XVIII SECOLO AREA: MARINE DA GUERRA parole chiave: Francia, Gran Bretagna . Quando ci si accinge a studiare l\u2019arte navale e le sue applicazioni nelle guerre, dopo un\u2019analisi approfondita, appare evidente come questa realt\u00e0, a prima vista lineare, appaia invece profondamente complessa ed eterogenea. Come si pu\u00f2 osservare, ho [&hellip;]<\/p>\n","protected":false},"author":4446,"featured_media":121447,"comment_status":"open","ping_status":"open","sticky":false,"template":"","format":"standard","meta":{"_acf_changed":false,"_monsterinsights_skip_tracking":false,"_monsterinsights_sitenote_active":false,"_monsterinsights_sitenote_note":"","_monsterinsights_sitenote_category":0,"footnotes":""},"categories":[2318],"tags":[],"class_list":["post-121099","post","type-post","status-publish","format-standard","has-post-thumbnail","hentry","category-eta-moderna"],"acf":[],"yoast_head":"<!-- This site is optimized with the Yoast SEO plugin v27.4 - https:\/\/yoast.com\/product\/yoast-seo-wordpress\/ -->\n<title>L\u2019armamento navale nelle guerre napoleoniche di Davide Villa &#8226; OCEAN4FUTURE autore<\/title>\n<meta name=\"robots\" content=\"index, follow, max-snippet:-1, max-image-preview:large, max-video-preview:-1\" \/>\n<link rel=\"canonical\" href=\"https:\/\/www.ocean4future.org\/savetheocean\/archives\/121099\" \/>\n<meta property=\"og:locale\" content=\"it_IT\" \/>\n<meta property=\"og:type\" content=\"article\" \/>\n<meta property=\"og:title\" content=\"L\u2019armamento navale nelle guerre napoleoniche di Davide Villa &#8226; OCEAN4FUTURE autore\" \/>\n<meta property=\"og:description\" content=\"tempo di lettura:  5 minuti. . ARGOMENTO: STORIA NAVALE PERIODO: XVIII SECOLO AREA: MARINE DA GUERRA parole chiave: Francia, Gran Bretagna . Quando ci si accinge a studiare l\u2019arte navale e le sue applicazioni nelle guerre, dopo un\u2019analisi approfondita, appare evidente come questa realt\u00e0, a prima vista lineare, appaia invece profondamente complessa ed eterogenea. Come si pu\u00f2 osservare, ho [&hellip;]\" \/>\n<meta property=\"og:url\" content=\"https:\/\/www.ocean4future.org\/savetheocean\/archives\/121099\" \/>\n<meta property=\"og:site_name\" content=\"OCEAN4FUTURE\" \/>\n<meta property=\"article:published_time\" content=\"2025-10-02T22:02:00+00:00\" \/>\n<meta property=\"article:modified_time\" content=\"2025-11-21T07:51:05+00:00\" \/>\n<meta property=\"og:image\" content=\"https:\/\/www.ocean4future.org\/savetheocean\/wp-content\/uploads\/2025\/10\/1024px-HMS_Prince_1670-e1757605975414.jpg\" \/>\n\t<meta property=\"og:image:width\" content=\"640\" \/>\n\t<meta property=\"og:image:height\" content=\"525\" \/>\n\t<meta property=\"og:image:type\" content=\"image\/jpeg\" \/>\n<meta name=\"author\" content=\"Davide Villa\" \/>\n<meta name=\"twitter:card\" content=\"summary_large_image\" \/>\n<meta name=\"twitter:creator\" content=\"@ocean4future\" \/>\n<meta name=\"twitter:site\" content=\"@ocean4future\" \/>\n<meta name=\"twitter:label1\" content=\"Scritto da\" \/>\n\t<meta name=\"twitter:data1\" content=\"Davide Villa\" \/>\n\t<meta name=\"twitter:label2\" content=\"Tempo di lettura stimato\" \/>\n\t<meta name=\"twitter:data2\" content=\"8 minuti\" \/>\n<script type=\"application\/ld+json\" class=\"yoast-schema-graph\">{\"@context\":\"https:\\\/\\\/schema.org\",\"@graph\":[{\"@type\":\"Article\",\"@id\":\"https:\\\/\\\/www.ocean4future.org\\\/savetheocean\\\/archives\\\/121099#article\",\"isPartOf\":{\"@id\":\"https:\\\/\\\/www.ocean4future.org\\\/savetheocean\\\/archives\\\/121099\"},\"author\":{\"name\":\"Davide Villa\",\"@id\":\"https:\\\/\\\/www.ocean4future.org\\\/savetheocean\\\/#\\\/schema\\\/person\\\/3a5c63db1ebd0b97d1c856c1405bcb23\"},\"headline\":\"L\u2019armamento navale nelle guerre napoleoniche di Davide Villa\",\"datePublished\":\"2025-10-02T22:02:00+00:00\",\"dateModified\":\"2025-11-21T07:51:05+00:00\",\"mainEntityOfPage\":{\"@id\":\"https:\\\/\\\/www.ocean4future.org\\\/savetheocean\\\/archives\\\/121099\"},\"wordCount\":1378,\"commentCount\":0,\"publisher\":{\"@id\":\"https:\\\/\\\/www.ocean4future.org\\\/savetheocean\\\/#\\\/schema\\\/person\\\/4e1c26437054353074d7bb2efa77162c\"},\"image\":{\"@id\":\"https:\\\/\\\/www.ocean4future.org\\\/savetheocean\\\/archives\\\/121099#primaryimage\"},\"thumbnailUrl\":\"https:\\\/\\\/www.ocean4future.org\\\/savetheocean\\\/wp-content\\\/uploads\\\/2025\\\/10\\\/1024px-HMS_Prince_1670-e1757605975414.jpg\",\"articleSection\":[\"Storia navale dell'et\u00e0 moderna (post 1492 - oggi)\"],\"inLanguage\":\"it-IT\",\"potentialAction\":[{\"@type\":\"CommentAction\",\"name\":\"Comment\",\"target\":[\"https:\\\/\\\/www.ocean4future.org\\\/savetheocean\\\/archives\\\/121099#respond\"]}]},{\"@type\":\"WebPage\",\"@id\":\"https:\\\/\\\/www.ocean4future.org\\\/savetheocean\\\/archives\\\/121099\",\"url\":\"https:\\\/\\\/www.ocean4future.org\\\/savetheocean\\\/archives\\\/121099\",\"name\":\"L\u2019armamento navale nelle guerre napoleoniche di Davide Villa &#8226; OCEAN4FUTURE autore\",\"isPartOf\":{\"@id\":\"https:\\\/\\\/www.ocean4future.org\\\/savetheocean\\\/#website\"},\"primaryImageOfPage\":{\"@id\":\"https:\\\/\\\/www.ocean4future.org\\\/savetheocean\\\/archives\\\/121099#primaryimage\"},\"image\":{\"@id\":\"https:\\\/\\\/www.ocean4future.org\\\/savetheocean\\\/archives\\\/121099#primaryimage\"},\"thumbnailUrl\":\"https:\\\/\\\/www.ocean4future.org\\\/savetheocean\\\/wp-content\\\/uploads\\\/2025\\\/10\\\/1024px-HMS_Prince_1670-e1757605975414.jpg\",\"datePublished\":\"2025-10-02T22:02:00+00:00\",\"dateModified\":\"2025-11-21T07:51:05+00:00\",\"breadcrumb\":{\"@id\":\"https:\\\/\\\/www.ocean4future.org\\\/savetheocean\\\/archives\\\/121099#breadcrumb\"},\"inLanguage\":\"it-IT\",\"potentialAction\":[{\"@type\":\"ReadAction\",\"target\":[\"https:\\\/\\\/www.ocean4future.org\\\/savetheocean\\\/archives\\\/121099\"]}]},{\"@type\":\"ImageObject\",\"inLanguage\":\"it-IT\",\"@id\":\"https:\\\/\\\/www.ocean4future.org\\\/savetheocean\\\/archives\\\/121099#primaryimage\",\"url\":\"https:\\\/\\\/www.ocean4future.org\\\/savetheocean\\\/wp-content\\\/uploads\\\/2025\\\/10\\\/1024px-HMS_Prince_1670-e1757605975414.jpg\",\"contentUrl\":\"https:\\\/\\\/www.ocean4future.org\\\/savetheocean\\\/wp-content\\\/uploads\\\/2025\\\/10\\\/1024px-HMS_Prince_1670-e1757605975414.jpg\",\"width\":640,\"height\":525},{\"@type\":\"BreadcrumbList\",\"@id\":\"https:\\\/\\\/www.ocean4future.org\\\/savetheocean\\\/archives\\\/121099#breadcrumb\",\"itemListElement\":[{\"@type\":\"ListItem\",\"position\":1,\"name\":\"Home\",\"item\":\"https:\\\/\\\/www.ocean4future.org\\\/savetheocean\"},{\"@type\":\"ListItem\",\"position\":2,\"name\":\"L\u2019armamento navale nelle guerre napoleoniche di Davide Villa\"}]},{\"@type\":\"WebSite\",\"@id\":\"https:\\\/\\\/www.ocean4future.org\\\/savetheocean\\\/#website\",\"url\":\"https:\\\/\\\/www.ocean4future.org\\\/savetheocean\\\/\",\"name\":\"Ocean 4 Future\",\"description\":\"Per una nuova cultura del mare e della marittimit\u00e0\",\"publisher\":{\"@id\":\"https:\\\/\\\/www.ocean4future.org\\\/savetheocean\\\/#\\\/schema\\\/person\\\/4e1c26437054353074d7bb2efa77162c\"},\"potentialAction\":[{\"@type\":\"SearchAction\",\"target\":{\"@type\":\"EntryPoint\",\"urlTemplate\":\"https:\\\/\\\/www.ocean4future.org\\\/savetheocean\\\/?s={search_term_string}\"},\"query-input\":{\"@type\":\"PropertyValueSpecification\",\"valueRequired\":true,\"valueName\":\"search_term_string\"}}],\"inLanguage\":\"it-IT\"},{\"@type\":[\"Person\",\"Organization\"],\"@id\":\"https:\\\/\\\/www.ocean4future.org\\\/savetheocean\\\/#\\\/schema\\\/person\\\/4e1c26437054353074d7bb2efa77162c\",\"name\":\"oceandiver\",\"image\":{\"@type\":\"ImageObject\",\"inLanguage\":\"it-IT\",\"@id\":\"https:\\\/\\\/www.ocean4future.org\\\/savetheocean\\\/wp-content\\\/uploads\\\/2023\\\/04\\\/logo-ocean3.jpg\",\"url\":\"https:\\\/\\\/www.ocean4future.org\\\/savetheocean\\\/wp-content\\\/uploads\\\/2023\\\/04\\\/logo-ocean3.jpg\",\"contentUrl\":\"https:\\\/\\\/www.ocean4future.org\\\/savetheocean\\\/wp-content\\\/uploads\\\/2023\\\/04\\\/logo-ocean3.jpg\",\"width\":472,\"height\":301,\"caption\":\"oceandiver\"},\"logo\":{\"@id\":\"https:\\\/\\\/www.ocean4future.org\\\/savetheocean\\\/wp-content\\\/uploads\\\/2023\\\/04\\\/logo-ocean3.jpg\"}},{\"@type\":\"Person\",\"@id\":\"https:\\\/\\\/www.ocean4future.org\\\/savetheocean\\\/#\\\/schema\\\/person\\\/3a5c63db1ebd0b97d1c856c1405bcb23\",\"name\":\"Davide Villa\",\"image\":{\"@type\":\"ImageObject\",\"inLanguage\":\"it-IT\",\"@id\":\"https:\\\/\\\/secure.gravatar.com\\\/avatar\\\/5b7f1441027f8c833f443d94b8211dd96a82aedba468c63c6af3bab00017f101?s=96&d=mm&r=g\",\"url\":\"https:\\\/\\\/secure.gravatar.com\\\/avatar\\\/5b7f1441027f8c833f443d94b8211dd96a82aedba468c63c6af3bab00017f101?s=96&d=mm&r=g\",\"contentUrl\":\"https:\\\/\\\/secure.gravatar.com\\\/avatar\\\/5b7f1441027f8c833f443d94b8211dd96a82aedba468c63c6af3bab00017f101?s=96&d=mm&r=g\",\"caption\":\"Davide Villa\"},\"description\":\"il dottor Villa, classe 1991, \u00e8 nato a Padova ma \u00e8 veneziano \\\"d'adozione\\\". Si diploma in Marketing e Comunicazioni estere nel 2010, per poi proseguire gli studi in Storia dal Medioevo all'Et\u00e0 Contemporanea presso l'universit\u00e0 Ca' Foscari di Venezia. Ha conseguito la Laurea Magistrale nel 2015. Il suo campo di applicazione \u00e8 la Storia Militare e della Repubblica di Venezia\",\"url\":\"https:\\\/\\\/www.ocean4future.org\\\/savetheocean\\\/archives\\\/author\\\/davide-villa\"}]}<\/script>\n<!-- \/ Yoast SEO plugin. -->","yoast_head_json":{"title":"L\u2019armamento navale nelle guerre napoleoniche di Davide Villa &#8226; OCEAN4FUTURE autore","robots":{"index":"index","follow":"follow","max-snippet":"max-snippet:-1","max-image-preview":"max-image-preview:large","max-video-preview":"max-video-preview:-1"},"canonical":"https:\/\/www.ocean4future.org\/savetheocean\/archives\/121099","og_locale":"it_IT","og_type":"article","og_title":"L\u2019armamento navale nelle guerre napoleoniche di Davide Villa &#8226; OCEAN4FUTURE autore","og_description":"tempo di lettura:  5 minuti. . ARGOMENTO: STORIA NAVALE PERIODO: XVIII SECOLO AREA: MARINE DA GUERRA parole chiave: Francia, Gran Bretagna . Quando ci si accinge a studiare l\u2019arte navale e le sue applicazioni nelle guerre, dopo un\u2019analisi approfondita, appare evidente come questa realt\u00e0, a prima vista lineare, appaia invece profondamente complessa ed eterogenea. Come si pu\u00f2 osservare, ho [&hellip;]","og_url":"https:\/\/www.ocean4future.org\/savetheocean\/archives\/121099","og_site_name":"OCEAN4FUTURE","article_published_time":"2025-10-02T22:02:00+00:00","article_modified_time":"2025-11-21T07:51:05+00:00","og_image":[{"width":640,"height":525,"url":"https:\/\/www.ocean4future.org\/savetheocean\/wp-content\/uploads\/2025\/10\/1024px-HMS_Prince_1670-e1757605975414.jpg","type":"image\/jpeg"}],"author":"Davide Villa","twitter_card":"summary_large_image","twitter_creator":"@ocean4future","twitter_site":"@ocean4future","twitter_misc":{"Scritto da":"Davide Villa","Tempo di lettura stimato":"8 minuti"},"schema":{"@context":"https:\/\/schema.org","@graph":[{"@type":"Article","@id":"https:\/\/www.ocean4future.org\/savetheocean\/archives\/121099#article","isPartOf":{"@id":"https:\/\/www.ocean4future.org\/savetheocean\/archives\/121099"},"author":{"name":"Davide Villa","@id":"https:\/\/www.ocean4future.org\/savetheocean\/#\/schema\/person\/3a5c63db1ebd0b97d1c856c1405bcb23"},"headline":"L\u2019armamento navale nelle guerre napoleoniche di Davide Villa","datePublished":"2025-10-02T22:02:00+00:00","dateModified":"2025-11-21T07:51:05+00:00","mainEntityOfPage":{"@id":"https:\/\/www.ocean4future.org\/savetheocean\/archives\/121099"},"wordCount":1378,"commentCount":0,"publisher":{"@id":"https:\/\/www.ocean4future.org\/savetheocean\/#\/schema\/person\/4e1c26437054353074d7bb2efa77162c"},"image":{"@id":"https:\/\/www.ocean4future.org\/savetheocean\/archives\/121099#primaryimage"},"thumbnailUrl":"https:\/\/www.ocean4future.org\/savetheocean\/wp-content\/uploads\/2025\/10\/1024px-HMS_Prince_1670-e1757605975414.jpg","articleSection":["Storia navale dell'et\u00e0 moderna (post 1492 - oggi)"],"inLanguage":"it-IT","potentialAction":[{"@type":"CommentAction","name":"Comment","target":["https:\/\/www.ocean4future.org\/savetheocean\/archives\/121099#respond"]}]},{"@type":"WebPage","@id":"https:\/\/www.ocean4future.org\/savetheocean\/archives\/121099","url":"https:\/\/www.ocean4future.org\/savetheocean\/archives\/121099","name":"L\u2019armamento navale nelle guerre napoleoniche di Davide Villa &#8226; OCEAN4FUTURE autore","isPartOf":{"@id":"https:\/\/www.ocean4future.org\/savetheocean\/#website"},"primaryImageOfPage":{"@id":"https:\/\/www.ocean4future.org\/savetheocean\/archives\/121099#primaryimage"},"image":{"@id":"https:\/\/www.ocean4future.org\/savetheocean\/archives\/121099#primaryimage"},"thumbnailUrl":"https:\/\/www.ocean4future.org\/savetheocean\/wp-content\/uploads\/2025\/10\/1024px-HMS_Prince_1670-e1757605975414.jpg","datePublished":"2025-10-02T22:02:00+00:00","dateModified":"2025-11-21T07:51:05+00:00","breadcrumb":{"@id":"https:\/\/www.ocean4future.org\/savetheocean\/archives\/121099#breadcrumb"},"inLanguage":"it-IT","potentialAction":[{"@type":"ReadAction","target":["https:\/\/www.ocean4future.org\/savetheocean\/archives\/121099"]}]},{"@type":"ImageObject","inLanguage":"it-IT","@id":"https:\/\/www.ocean4future.org\/savetheocean\/archives\/121099#primaryimage","url":"https:\/\/www.ocean4future.org\/savetheocean\/wp-content\/uploads\/2025\/10\/1024px-HMS_Prince_1670-e1757605975414.jpg","contentUrl":"https:\/\/www.ocean4future.org\/savetheocean\/wp-content\/uploads\/2025\/10\/1024px-HMS_Prince_1670-e1757605975414.jpg","width":640,"height":525},{"@type":"BreadcrumbList","@id":"https:\/\/www.ocean4future.org\/savetheocean\/archives\/121099#breadcrumb","itemListElement":[{"@type":"ListItem","position":1,"name":"Home","item":"https:\/\/www.ocean4future.org\/savetheocean"},{"@type":"ListItem","position":2,"name":"L\u2019armamento navale nelle guerre napoleoniche di Davide Villa"}]},{"@type":"WebSite","@id":"https:\/\/www.ocean4future.org\/savetheocean\/#website","url":"https:\/\/www.ocean4future.org\/savetheocean\/","name":"Ocean 4 Future","description":"Per una nuova cultura del mare e della marittimit\u00e0","publisher":{"@id":"https:\/\/www.ocean4future.org\/savetheocean\/#\/schema\/person\/4e1c26437054353074d7bb2efa77162c"},"potentialAction":[{"@type":"SearchAction","target":{"@type":"EntryPoint","urlTemplate":"https:\/\/www.ocean4future.org\/savetheocean\/?s={search_term_string}"},"query-input":{"@type":"PropertyValueSpecification","valueRequired":true,"valueName":"search_term_string"}}],"inLanguage":"it-IT"},{"@type":["Person","Organization"],"@id":"https:\/\/www.ocean4future.org\/savetheocean\/#\/schema\/person\/4e1c26437054353074d7bb2efa77162c","name":"oceandiver","image":{"@type":"ImageObject","inLanguage":"it-IT","@id":"https:\/\/www.ocean4future.org\/savetheocean\/wp-content\/uploads\/2023\/04\/logo-ocean3.jpg","url":"https:\/\/www.ocean4future.org\/savetheocean\/wp-content\/uploads\/2023\/04\/logo-ocean3.jpg","contentUrl":"https:\/\/www.ocean4future.org\/savetheocean\/wp-content\/uploads\/2023\/04\/logo-ocean3.jpg","width":472,"height":301,"caption":"oceandiver"},"logo":{"@id":"https:\/\/www.ocean4future.org\/savetheocean\/wp-content\/uploads\/2023\/04\/logo-ocean3.jpg"}},{"@type":"Person","@id":"https:\/\/www.ocean4future.org\/savetheocean\/#\/schema\/person\/3a5c63db1ebd0b97d1c856c1405bcb23","name":"Davide Villa","image":{"@type":"ImageObject","inLanguage":"it-IT","@id":"https:\/\/secure.gravatar.com\/avatar\/5b7f1441027f8c833f443d94b8211dd96a82aedba468c63c6af3bab00017f101?s=96&d=mm&r=g","url":"https:\/\/secure.gravatar.com\/avatar\/5b7f1441027f8c833f443d94b8211dd96a82aedba468c63c6af3bab00017f101?s=96&d=mm&r=g","contentUrl":"https:\/\/secure.gravatar.com\/avatar\/5b7f1441027f8c833f443d94b8211dd96a82aedba468c63c6af3bab00017f101?s=96&d=mm&r=g","caption":"Davide Villa"},"description":"il dottor Villa, classe 1991, \u00e8 nato a Padova ma \u00e8 veneziano \"d'adozione\". Si diploma in Marketing e Comunicazioni estere nel 2010, per poi proseguire gli studi in Storia dal Medioevo all'Et\u00e0 Contemporanea presso l'universit\u00e0 Ca' Foscari di Venezia. Ha conseguito la Laurea Magistrale nel 2015. Il suo campo di applicazione \u00e8 la Storia Militare e della Repubblica di Venezia","url":"https:\/\/www.ocean4future.org\/savetheocean\/archives\/author\/davide-villa"}]}},"_links":{"self":[{"href":"https:\/\/www.ocean4future.org\/savetheocean\/wp-json\/wp\/v2\/posts\/121099","targetHints":{"allow":["GET"]}}],"collection":[{"href":"https:\/\/www.ocean4future.org\/savetheocean\/wp-json\/wp\/v2\/posts"}],"about":[{"href":"https:\/\/www.ocean4future.org\/savetheocean\/wp-json\/wp\/v2\/types\/post"}],"author":[{"embeddable":true,"href":"https:\/\/www.ocean4future.org\/savetheocean\/wp-json\/wp\/v2\/users\/4446"}],"replies":[{"embeddable":true,"href":"https:\/\/www.ocean4future.org\/savetheocean\/wp-json\/wp\/v2\/comments?post=121099"}],"version-history":[{"count":0,"href":"https:\/\/www.ocean4future.org\/savetheocean\/wp-json\/wp\/v2\/posts\/121099\/revisions"}],"wp:featuredmedia":[{"embeddable":true,"href":"https:\/\/www.ocean4future.org\/savetheocean\/wp-json\/wp\/v2\/media\/121447"}],"wp:attachment":[{"href":"https:\/\/www.ocean4future.org\/savetheocean\/wp-json\/wp\/v2\/media?parent=121099"}],"wp:term":[{"taxonomy":"category","embeddable":true,"href":"https:\/\/www.ocean4future.org\/savetheocean\/wp-json\/wp\/v2\/categories?post=121099"},{"taxonomy":"post_tag","embeddable":true,"href":"https:\/\/www.ocean4future.org\/savetheocean\/wp-json\/wp\/v2\/tags?post=121099"}],"curies":[{"name":"wp","href":"https:\/\/api.w.org\/{rel}","templated":true}]}}