{"id":120881,"date":"2025-11-02T00:02:00","date_gmt":"2025-11-01T23:02:00","guid":{"rendered":"https:\/\/www.ocean4future.org\/savetheocean\/?p=120881"},"modified":"2026-03-26T12:50:32","modified_gmt":"2026-03-26T11:50:32","slug":"brindisi-romana","status":"publish","type":"post","link":"https:\/\/www.ocean4future.org\/savetheocean\/archives\/120881","title":{"rendered":"Brindisi romana"},"content":{"rendered":"<span class=\"span-reading-time rt-reading-time\" style=\"display: block;\"><span class=\"rt-label rt-prefix\">tempo di lettura: <\/span> <span class=\"rt-time\"> 7<\/span> <span class=\"rt-label rt-postfix\">minuti<\/span><\/span><p><span style=\"color: #ffffff;\">.<\/span><\/p>\n<a class=\"maxbutton-4 maxbutton maxbutton-livello-di-comprensione\" href=\"javascript:void(0);\"><span class='mb-text'>livello elementare<\/span><\/a>\n<p><span style=\"color: #ffffff;\">.<\/span><\/p>\n<p style=\"text-align: justify;\"><strong><span style=\"color: #008000;\">ARGOMENTO: STORIA NAVALE<\/span><\/strong><br \/>\n<strong><span style=\"color: #008000;\">PERIODO: I SECOLO\u00a0<\/span><\/strong><br \/>\n<strong><span style=\"color: #008000;\">AREA: BRINDISI<\/span><\/strong><br \/>\nparole chiave: Brindisi<\/p>\n<p style=\"text-align: justify;\"><span style=\"text-align: justify;\">Anche se \u00e9 abbastanza naturale e comunque spiegabile che non siano pervenuti documenti che descrivano come fosse la citt\u00e0 di Brindisi nelle sue lontanissime origini e negli anni della sua protostoria e anche della sua storia pre-romana, \u00e9 invece un vero peccato che tra i tanti romani colti, letterati, filosofi, politici, storici, etc., non fosse diffusa la consuetudine di raccontare per scritto i luoghi e le citt\u00e0 visitate e conosciute.<\/span><\/p>\n<p><img decoding=\"async\" class=\"wp-image-121733 size-full\" src=\"https:\/\/www.ocean4future.org\/savetheocean\/wp-content\/uploads\/2025\/10\/Strabone-e1758209488629.jpg\" alt=\"\" width=\"640\" height=\"773\" \/><\/p>\n<p align=\"justify\"><strong><span style=\"color: #008000;\">Strabone, incisione di fantasia del XVI secolo Andr\u00e9 Thevet &#8211; dal libro di Andr\u00e9 Thevet, Les vrais pourtraits et vies des hommes illustres, chapter 35, page 76 , 1584 &#8211; Wikipedia<\/span><\/strong><\/p>\n<p style=\"text-align: justify;\">Solamente il grande <strong><span style=\"color: #008000;\">Strabone<\/span><\/strong>, da geografo <em>sui generis<\/em> quale fu in quanto anche storico, ha lasciato una documentazione importante, veramente eccezionale e valorosissima, l\u2019unica appunto relativamente estesa che sia disponibile sui tempi della <strong><span style=\"color: #008000;\">Brundusium<\/span><\/strong> romana, anche se la stessa purtroppo non comprende una vera e propria descrizione fisica della citt\u00e0, ma solo una sua descrizione geografica, tra l\u00b4altro essenzialmente riferita al porto. Infatti, nonostante a Brindisi furono in tanti e famosissimi i cittadini romani che vi transitarono e che anche vi sostarono durante periodi prolungati, basti tra tutti pensare a Cicerone, Orazio e Virgilio, nessuno di loro ha lasciato una chiara descrizione, neanche parziale, della Brundusium che conobbero e che vissero.<\/p>\n<p><span style=\"color: #ffffff;\"><img decoding=\"async\" class=\"alignnone size-full wp-image-118440\" src=\"https:\/\/www.ocean4future.org\/savetheocean\/wp-content\/uploads\/2025\/06\/Brindisi_-_Colonne_romane_di_Brindisi_-_2024-09-05_18-33-08_001.jpg\" alt=\"\" width=\"640\" height=\"427\" srcset=\"https:\/\/www.ocean4future.org\/savetheocean\/wp-content\/uploads\/2025\/06\/Brindisi_-_Colonne_romane_di_Brindisi_-_2024-09-05_18-33-08_001.jpg 640w, https:\/\/www.ocean4future.org\/savetheocean\/wp-content\/uploads\/2025\/06\/Brindisi_-_Colonne_romane_di_Brindisi_-_2024-09-05_18-33-08_001-300x200.jpg 300w\" sizes=\"(max-width: 640px) 100vw, 640px\" \/><\/span><\/p>\n<p style=\"text-align: justify;\">N\u00e9 d&#8217;altra parte lo fece nessuno degli illustri e pur letterati cittadini di Brundusium, quali tra tanti altri <strong><span style=\"color: #008000;\">Marco Pacuvio, Lucio Ramnio e Lenio Flacco<\/span><\/strong>: sarebbe stato interessantissimo, ed invece la pi\u00f9 dettagliata descrizione fisica della quale si dispone su quella che fu la romana Brundisium, molto probabilmente altra non \u00e9 che quella scritta dal letterato e pittore francese <strong><span style=\"color: #008000;\">Antoine Laurent Castellan<\/span><\/strong>, il quale visit\u00f3 Brindisi nel 1797 e, descrivendola nelle \u201c<strong><em><span style=\"color: #008000;\">Lettres sur l&#8217;Italie<\/span><\/em><\/strong>\u201d pubblicate nel 1819, raccont\u00f3 anche di siti e resti romani ancora identificabili ai suoi tempi e poi definitivamente scomparsi senza aver lasciato traccia alcuna. E ad un altro illustre visitante di fine settecento a Brindisi, il barone tedesco <strong><span style=\"color: #008000;\">Johann Hermann von Riedesel,<\/span><\/strong> si deve aver raccontato nel suo \u201c<strong><span style=\"color: #008000;\">Viaggio attraverso la Sicilia e la Magna Grecia<\/span><\/strong>\u201d pubblicato nel 1771, dell\u00b4origine nella Brundusium romana del \u00abf<strong><span style=\"color: #008000;\">are un Brindisi<\/span><\/strong>\u00bb, di quell\u00b4augurio cio\u00e8 che accompagnato al gesto dell\u00b4alzata dei calici, era destinato a diventare il pi\u00f9 famoso ed utilizzato al mondo.<\/p>\n<p style=\"text-align: justify;\">Ai tempi della grande Roma, essendo Atene il massimo centro culturale del mondo, culla di personaggi come Ippocrate, Pitagora e cos\u00ec via, i rampolli romani pi\u00f9 privilegiati si recavano in Grecia per acculturarsi, e naturalmente lo facevano partendo dal porto di Brindisi. Sorse cos\u00ec l\u2019abitudine di recitare, all\u2019accomiatarsi tra parenti e amici con un buon bicchiere di vino locale, il seguente augurio: \u00ab<strong><em><span style=\"color: #008000;\">possano gli dei propizi farci rincontrare a Brindisi<\/span><\/em><\/strong>\u00bb. L\u2019uso di formulare tale augurio si estese in seguito ai momenti del commiato tra parenti ed amici d\u00b4altre citt\u00e0 di mare, con il dire \u00ab<strong><em><span style=\"color: #008000;\">facciamo come a Brindisi<\/span><\/em><\/strong>\u00bb e poi nel tempo si estese a m\u00f3 di buon augurio in generale e di festeggiamento, con il pi\u00fa comune dire \u00ab<strong><em><span style=\"color: #008000;\">facciamo un brindisi<\/span><\/em><\/strong>\u00bb.<\/p>\n<p style=\"text-align: justify;\">E prima di passare a raccontare la \u201c<strong><span style=\"color: #008000;\">Brindisi raccontata<\/span><\/strong>\u201d dai viaggiatori susseguitisi nel tempo a partire dall\u00b4epoca romana, una sola eccezione: un frammento brevissimo dal racconto, non di un visitante, ma di un brindisino doc, di certo tra i pi\u00f9 illustri di questa citt\u00e0: \u201c<strong><span style=\"color: #008000;\">Ove il mare Adriatico bagnando l`estrema parte d`Italia, si distende entro la penisola, che Japigia dagli antichi si nominava, quivi \u00e8 formato dalla natura il porto di Brindisi: porto il pi\u00fa celebre che immaginar si possa in tutta l`antichit\u00e0, e che racchiudendo in se stesso pi\u00f9 porti, oltremodo si rese rinomato n\u00e9 tempi della Roma repubblicana\u2026<\/span><\/strong>\u201d &#8211; <strong><span style=\"color: #008000;\">Annibale De Leo<\/span><\/strong>, 1846.<\/p>\n<p style=\"text-align: justify;\"><strong><span style=\"color: #008000;\">Lucio Strabone<\/span><\/strong>, vissuto tra il 60 a.C. e il 23 d.C., fu tra i pi\u00fa importanti geografi dell\u2019antichit\u00e0, fu anche storico e perci\u00f2 le sue opere geografiche sono densamente complementate da valorosissime considerazioni storiche. Di origini greche e vissuto in et\u00e0 augustea, Strabone fu autore, intorno all\u2019anno zero, della \u201cGeographia\u201d in ben 17 libri. E nel Libro Sesto del Tomo I dedicato all\u2019Italia meridionale, a proposito di Brindisi, tra molte altre cose scrisse: \u00ab<strong><em><span style=\"color: #008000;\">&#8230;Nella Japigia, che i Greci chiamavano e chiamano Messapia, adesso si distingue la Calabria, che oltre al territorio dei Messapi comprende, intorno al promontorio Japygium, il settore dei Salentini. A nord di queste genti, abitano le popolazioni chiamate in greco Peucezi e Dauni, ma che ora si chiamano Apulii, cos\u00ec come tutta la regione sopra la Calabria si chiama Apulia<\/span><\/em><\/strong>.\u00bb<\/p>\n<p style=\"text-align: justify;\">La Regio II di Augusto: \u201c<strong><span style=\"color: #008000;\">Apulia et Calabria<\/span><\/strong>\u201d &#8230; Il sito del porto insieme alla stessa citt\u00e0 di Brundusium da l\u2019aspetto precisamente della testa di un cervo, dal quale anche il nome, che nella lingua dei Messapi si dice <strong><span style=\"color: #008000;\">Brentesion<\/span><\/strong>. \u00ab<strong><em><span style=\"color: #008000;\">&#8230;<\/span><\/em><\/strong> <strong><em><span style=\"color: #008000;\">La terra brindisina \u00e8 pi\u00f9 ricca di quella tarentina; \u00e8 s\u00ec magra, ma molto produttiva, ed il miele e la lana sono fra i suoi prodotti pi\u00f9 celebrati. E il porto \u00e9 assai pi\u00f9 comodo per i molti seni che s\u2019incontrano in una medesima bocca, e tutti sicuri dalle tempeste, laddove quello tarantino essendo molto pi\u00f9 ampio ed esteso, ha le sue acque sempre esposte alle agitazioni dei venti, oltre il pericolo di alcuni sassi nascosti sotto le onde. <\/span><\/em><\/strong><strong><em><span style=\"color: #008000;\">&#8230; Due vie collegano Brundusium a Roma: una a man diritta per i Peucezi, i Dauni e i Sanniti; l\u00b4altra, l\u00b4Appia, carrozzabile a man sinistra, che tirando per Oria, piega sino a Taranto, e s\u00b4indirizza per Venosa, e poi ambedue vie si uniscono a Benevento&#8230;<\/span><\/em><\/strong>\u00bb.<\/p>\n<p style=\"text-align: justify;\">La <strong><span style=\"color: #008000;\">Calabria romana<\/span><\/strong> accorp\u00f2 la Messapia di Brindisi e la Sallenzia di Taranto. Il porto di Brindisi, la messapica <strong><span style=\"color: #008000;\">Brunda<\/span><\/strong>, poi in latino <strong><span style=\"color: #008000;\">Brundusium<\/span><\/strong>, fu dai Romani subito considerato di facile passaggio dall\u00b4Italia alla Grecia e dalla Grecia all\u00b4Italia. Lo storiografo romano repubblicano Tito Livio, vissuto tra il 19 a.C. e il 57 d.C., che annover\u00f3 <strong><span style=\"color: #008000;\">Brundusium<\/span><\/strong> tra le diciotto colonie che aiutarono la Repubblica romana con soldati e navi nel tempo che guerreggiava con Annibale in Italia. Livio assicurava che il <strong><span style=\"color: #008000;\">console Paolo Emilio<\/span><\/strong> in otto ore con la sua flotta da Brindisi giunse a Corf\u00f9, con il <strong><span style=\"color: #008000;\">console Servio Sulpizio Galba<\/span><\/strong>,<\/p>\n<p style=\"text-align: justify;\">Oltre che per il porto, Brundusium fu decantata dai Romani per la fertilit\u00e0 della campagna e anche per la pescosit\u00e0 delle sue acque. Lo stesso <strong><span style=\"color: #008000;\">Strabone<\/span> <\/strong>attestava che l\u00b4agro brindisino, nonostante la terra fosse leggera, era certamente migliore del tarantino, mentre lo scrittore romano contemporaneo di Strabone, <strong><span style=\"color: #008000;\">Gaio Plinio<\/span><\/strong>, detto <strong><span style=\"color: #008000;\">Plinio il vecchio<\/span><\/strong>, vissuto tra il 23 e il 79 d.C., studioso multidisciplinare e grande specialista di agro alimentazione, nella sua opera \u201c<strong><span style=\"color: #008000;\">Naturalis Historia<\/span><\/strong>\u201d comment\u00f2 molto benevolmente il vino della la vigna brindisina \u00ab<strong><em><span style=\"color: #008000;\">la quale sostenuta da un semplice giogo che si fa con una pertica o una canna o una corda di crine o di giunco, d\u00e0 le migliori uve da vino, poich\u00e9 cos\u00ec sostenuta l\u00b4uva \u00e9 costantemente mantenuta esposta al caldo dei raggi solari, avverte di pi\u00fa il soffio dei venti e perde pi\u00fa velocemente la rugiada<\/span><\/em><\/strong>\u00bb.<\/p>\n<p><img decoding=\"async\" class=\"wp-image-17651 size-full\" src=\"https:\/\/www.ocean4future.org\/savetheocean\/wp-content\/uploads\/2017\/12\/plinio-il-vecchio.jpg\" alt=\"\" width=\"900\" height=\"675\" srcset=\"https:\/\/www.ocean4future.org\/savetheocean\/wp-content\/uploads\/2017\/12\/plinio-il-vecchio.jpg 900w, https:\/\/www.ocean4future.org\/savetheocean\/wp-content\/uploads\/2017\/12\/plinio-il-vecchio-300x225.jpg 300w\" sizes=\"(max-width: 900px) 100vw, 900px\" \/><\/p>\n<p align=\"justify\"><strong><span style=\"color: #008000;\">Plinio il vecchio<\/span><\/strong><\/p>\n<p style=\"text-align: justify;\">Inoltre, <strong><span style=\"color: #008000;\">Plinio<\/span><\/strong> commentava come nel porto di Brindisi &#8211; <strong><em><span style=\"color: #008000;\">in primis Italiae portus nobili<\/span> <\/em><\/strong>&#8211; una fonte elargisse ai naviganti un\u00b4acqua purissima: \u201cLe fontanelle\u201d. E quindi, a proposito delle ostriche brindisine, che erano molto celebri presso i Romani, lo stesso Plinio raccontava che dissertandosi quali fossero pi\u00f9 preziose &#8211; se le brindisine o le britanniche, &#8211; si determin\u00f2 finalmente che le une e le altre per essere riprodotte si collocassero nel lago Lucrino, che era gi\u00e0 famoso per i suoi vivai; e cos\u00ec si pot\u00e9 costatare come le ostriche brindisine non solo ritenessero il proprio sapore, ma acquistassero anche quello del luogo dove erano state trapiantate.<\/p>\n<p style=\"text-align: justify;\"><strong><span style=\"color: #008000;\">Caio Giulio Cesare<\/span><\/strong> invece, nei suoi \u201c<strong><em><span style=\"color: #008000;\">Commentarii de bello civili<\/span><\/em><\/strong>\u201d del 49 a.C., quando racconta di Brundisium, oltre che per descrivere il porto ed i dettagli tecnici del suo vano tentativo di sbarrarne il canale di accesso per impedire la fuga di Pompeo, lo fa per segnalare che i suoi soldati vi si ammalarono di malaria, nell\u00b4aria malsana dell&#8217;autunno brindisino, rimanendone decimati: \u00ab<strong><em><span style=\"color: #008000;\">&#8230; gravis autumnus in Apulia circumque Brundusium ex saluberrimis Galliae et Hispaniae regioinibus omnem exercitum valetudine temptaverat ..<\/span><\/em><\/strong>.\u00bb.<\/p>\n<p style=\"text-align: justify;\">Andrebbe per\u00f2 segnalato a questo proposito come la malaria, effettivamente patita dai soldati cesariani a Brindisi, non necessariamente fosse del tutto autoctona, essendo anche abbastanza accreditata la tesi dello storico inglese <strong><span style=\"color: #008000;\">Peter Atsbury Brunt<\/span><\/strong>, secondo la quale i soldati di Cesare giunti a Brindisi erano gi\u00e0 affetti da forme malariche indotte dal plasmodium vivax o dal plasmodium malariae.<\/p>\n<p><img decoding=\"async\" class=\"wp-image-121732\" src=\"https:\/\/www.ocean4future.org\/savetheocean\/wp-content\/uploads\/2025\/10\/BRINDISI-MAPPA-ROMANA-lito_palladio.jpg\" alt=\"\" width=\"641\" height=\"406\" srcset=\"https:\/\/www.ocean4future.org\/savetheocean\/wp-content\/uploads\/2025\/10\/BRINDISI-MAPPA-ROMANA-lito_palladio.jpg 480w, https:\/\/www.ocean4future.org\/savetheocean\/wp-content\/uploads\/2025\/10\/BRINDISI-MAPPA-ROMANA-lito_palladio-300x190.jpg 300w, https:\/\/www.ocean4future.org\/savetheocean\/wp-content\/uploads\/2025\/10\/BRINDISI-MAPPA-ROMANA-lito_palladio-320x202.jpg 320w\" sizes=\"(max-width: 641px) 100vw, 641px\" \/><\/p>\n<p align=\"JUSTIFY\"><strong><span style=\"color: #008000;\">Una antica immagine topografica di Brindisi \u00e9 stampata nel libro con cui si pubblic\u00f2 la versione in lingua volgare del famoso libro di Giulio Cesare \u201cI Commentari di C. Giulio Cesare\u201d &#8230; con le figure in rame degli alloggiamenti, d\u00e9 fatti d&#8217;arme, delle circonvallationi delle citt\u00e0 e di molte altre cose notabili descritte in essi, fatte da Andrea Palladio per facilitare la cognitione dell&#8217;historia a chi legge. Gli autori: Julius Caesar; Francesco Baldelli; Andrea Palladio; Leonida Palladio; Orazio Palladio. L\u00b4editore: Appresso Pietro De&#8217; Franceschi, Venezia M.D.LXXV [1575]<\/span><\/strong><\/p>\n<p style=\"text-align: justify;\"><strong><span style=\"color: #008000;\">Marco Anneo Lucano<\/span><\/strong>, vissuto tra il 39 e il 65 d.C. ed autore del famoso poema epico Farsalia sulla guerra civile tra Cesare e Pompeo, nel Libro II dell\u00b4opera, cos\u00ec in versi descrive Brindisi: \u00ab<strong><em><span style=\"color: #008000;\">&#8230;Questa citt\u00e0 fu un tempo possesso dei coloni Ditt\u00e8i, che navi cecr\u00f2pie trasportarono, profughi attraverso il mare, da Creta, allorquando le vele proclamarono falsamente che T\u00e8seo era stato sconfitto. Un angusto tratto di terra dell\u00b4Italia, che ormai si restringe, spinge nel mare quella tenue lingua, che racchiude le onde dell\u00b4Adriatico come fra corna ricurve. Tuttavia in questa gola cos\u00ec stretta, in cui si insinua il mare, non potrebbe esserci un porto, se un\u00b4isola non facesse scaricare sui suoi scogli la violenza dei cori e non respingesse le onde stanche. Da una parte e dall\u00b4altra la natura ha posto di fronte al mare aperto monti rocciosi ed ha tenuto lontani i venti, in modo che le imbarcazioni potessero rimanere all\u00b4attracco, assicurate da una fune anche debole. All\u00b4esterno si estende per largo tratto la superficie del mare, sia che si faccia vela verso i tuoi porti, o Corc\u00ecra, sia che ci si diriga a sinistra verso l\u00b4illirica Epidamno, che si tende in avanti sui flutti dello Ionio. Questo \u00e8 il rifugio dei naviganti, allorquando l\u00b4Adriatico sprigiona tutta la sua violenza e i Cer\u00e0uni si immergono nelle nubi e la calabra Sas\u00f2na \u00e8 sommersa dai flutti spumeggianti&#8230;<\/span><\/em><\/strong>\u00bb.<\/p>\n<p style=\"text-align: justify;\">E per finalmente concludere questo capitolo romano, gi\u00e0 nel 200 a.C. e quindi ben prima di tutti gli altri illustri e famosi personaggi d\u00b4epoca romana citati, il poeta e drammaturgo <strong><span style=\"color: #008000;\">Quinto Ennio<\/span> <\/strong>di Rudiae, il quale pertanto certamente conosceva molto bene quello di cui stava parlando &#8211; <strong><em><span style=\"color: #008000;\">Brundusium pulcro praecinctum praepete portu <\/span><\/em><\/strong>&#8211; aveva decantato il porto di Brindisi e la bont\u00e0 e la salubrit\u00e0 del mare brindisino, e si era specialmente profuso in lodi al sarago brindisino \u00ab<strong><em><span style=\"color: #008000;\">Brundusii sargus bonus est<\/span><\/em><\/strong>\u00bb precisando anche, che per essere veramente buono doveva esso avere grandi dimensioni!<br \/>\n<strong><span style=\"color: #008000;\">Gianfranco Perri<br \/>\n<span style=\"color: #ffffff;\">.<\/span><br \/>\n<span style=\"color: #ffffff;\">.<\/span><br \/>\nin anteprima dettaglio della colonna al termine della via Appia a Brindisi &#8211; autore Anghelus90 <a href=\"https:\/\/commons.wikimedia.org\/wiki\/File:Brindisi_-_Colonne_romane_di_Brindisi_-_2024-09-05_18-33-08_001.jpg\">https:\/\/commons.wikimedia.org\/wiki\/File:Brindisi_-_Colonne_romane_di_Brindisi_-_2024-09-05_18-33-08_001.jpg<\/a><\/span><\/strong><\/p>\n<p style=\"text-align: justify;\"><span style=\"color: #ffffff;\">.<\/span><\/p>\n<p><strong><a class=\"maxbutton-3 maxbutton maxbutton-pagina-principale\" target=\"_blank\" title=\"tooltip\" rel=\"nofollow noopener\" href=\"http:\/\/www.ocean4future.org\"><span class='mb-text'>PAGINA PRINCIPALE - HOME PAGE<\/span><\/a><br \/>\n<span style=\"color: #ffffff;\">.<\/span><\/strong><\/p>\n<p style=\"text-align: justify;\">Alcune delle immagini presenti possono essere state prese dal web, citandone ove possibile gli autori e\/o le fonti. Se qualcuno desiderasse specificarne l\u2019autore o rimuoverle, pu\u00f2 scrivere a infoocean4future@gmail.com e provvederemo immediatamente alla correzione dell\u2019articolo<\/p>\n<p><strong>\u00a0<\/strong><\/p>\n","protected":false},"excerpt":{"rendered":"<p><span class=\"span-reading-time rt-reading-time\" style=\"display: block;\"><span class=\"rt-label rt-prefix\">tempo di lettura: <\/span> <span class=\"rt-time\"> 7<\/span> <span class=\"rt-label rt-postfix\">minuti<\/span><\/span>. . ARGOMENTO: STORIA NAVALE PERIODO: I SECOLO\u00a0 AREA: BRINDISI parole chiave: Brindisi Anche se \u00e9 abbastanza naturale e comunque spiegabile che non siano pervenuti documenti che descrivano come fosse la citt\u00e0 di Brindisi nelle sue lontanissime origini e negli anni della sua protostoria e anche della sua storia pre-romana, \u00e9 invece un vero peccato [&hellip;]<\/p>\n","protected":false},"author":2429,"featured_media":118440,"comment_status":"open","ping_status":"open","sticky":false,"template":"","format":"standard","meta":{"_acf_changed":false,"_monsterinsights_skip_tracking":false,"_monsterinsights_sitenote_active":false,"_monsterinsights_sitenote_note":"","_monsterinsights_sitenote_category":0,"footnotes":""},"categories":[2431],"tags":[],"class_list":["post-120881","post","type-post","status-publish","format-standard","has-post-thumbnail","hentry","category-storia"],"acf":[],"yoast_head":"<!-- This site is optimized with the Yoast SEO plugin v27.4 - https:\/\/yoast.com\/product\/yoast-seo-wordpress\/ -->\n<title>Brindisi romana &#8226; OCEAN4FUTURE autore<\/title>\n<meta name=\"robots\" content=\"index, follow, max-snippet:-1, max-image-preview:large, max-video-preview:-1\" \/>\n<link rel=\"canonical\" href=\"https:\/\/www.ocean4future.org\/savetheocean\/archives\/120881\" \/>\n<meta property=\"og:locale\" content=\"it_IT\" \/>\n<meta property=\"og:type\" content=\"article\" \/>\n<meta property=\"og:title\" content=\"Brindisi romana &#8226; OCEAN4FUTURE autore\" \/>\n<meta property=\"og:description\" content=\"tempo di lettura:  7 minuti. . ARGOMENTO: STORIA NAVALE PERIODO: I SECOLO\u00a0 AREA: BRINDISI parole chiave: Brindisi Anche se \u00e9 abbastanza naturale e comunque spiegabile che non siano pervenuti documenti che descrivano come fosse la citt\u00e0 di Brindisi nelle sue lontanissime origini e negli anni della sua protostoria e anche della sua storia pre-romana, \u00e9 invece un vero peccato [&hellip;]\" \/>\n<meta property=\"og:url\" content=\"https:\/\/www.ocean4future.org\/savetheocean\/archives\/120881\" \/>\n<meta property=\"og:site_name\" content=\"OCEAN4FUTURE\" \/>\n<meta property=\"article:published_time\" content=\"2025-11-01T23:02:00+00:00\" \/>\n<meta property=\"article:modified_time\" content=\"2026-03-26T11:50:32+00:00\" \/>\n<meta property=\"og:image\" content=\"https:\/\/www.ocean4future.org\/savetheocean\/wp-content\/uploads\/2025\/06\/Brindisi_-_Colonne_romane_di_Brindisi_-_2024-09-05_18-33-08_001.jpg\" \/>\n\t<meta property=\"og:image:width\" content=\"640\" \/>\n\t<meta property=\"og:image:height\" content=\"427\" \/>\n\t<meta property=\"og:image:type\" content=\"image\/jpeg\" \/>\n<meta name=\"author\" content=\"Gianfranco Perri\" \/>\n<meta name=\"twitter:card\" content=\"summary_large_image\" \/>\n<meta name=\"twitter:creator\" content=\"@ocean4future\" \/>\n<meta name=\"twitter:site\" content=\"@ocean4future\" \/>\n<meta name=\"twitter:label1\" content=\"Scritto da\" \/>\n\t<meta name=\"twitter:data1\" content=\"Gianfranco Perri\" \/>\n\t<meta name=\"twitter:label2\" content=\"Tempo di lettura stimato\" \/>\n\t<meta name=\"twitter:data2\" content=\"11 minuti\" \/>\n<script type=\"application\/ld+json\" class=\"yoast-schema-graph\">{\"@context\":\"https:\\\/\\\/schema.org\",\"@graph\":[{\"@type\":\"Article\",\"@id\":\"https:\\\/\\\/www.ocean4future.org\\\/savetheocean\\\/archives\\\/120881#article\",\"isPartOf\":{\"@id\":\"https:\\\/\\\/www.ocean4future.org\\\/savetheocean\\\/archives\\\/120881\"},\"author\":{\"name\":\"Gianfranco Perri\",\"@id\":\"https:\\\/\\\/www.ocean4future.org\\\/savetheocean\\\/#\\\/schema\\\/person\\\/2807aad6351c9429df20d5d07ee045f3\"},\"headline\":\"Brindisi romana\",\"datePublished\":\"2025-11-01T23:02:00+00:00\",\"dateModified\":\"2026-03-26T11:50:32+00:00\",\"mainEntityOfPage\":{\"@id\":\"https:\\\/\\\/www.ocean4future.org\\\/savetheocean\\\/archives\\\/120881\"},\"wordCount\":1931,\"commentCount\":0,\"publisher\":{\"@id\":\"https:\\\/\\\/www.ocean4future.org\\\/savetheocean\\\/#\\\/schema\\\/person\\\/4e1c26437054353074d7bb2efa77162c\"},\"image\":{\"@id\":\"https:\\\/\\\/www.ocean4future.org\\\/savetheocean\\\/archives\\\/120881#primaryimage\"},\"thumbnailUrl\":\"https:\\\/\\\/www.ocean4future.org\\\/savetheocean\\\/wp-content\\\/uploads\\\/2025\\\/06\\\/Brindisi_-_Colonne_romane_di_Brindisi_-_2024-09-05_18-33-08_001.jpg\",\"articleSection\":[\"Storia\"],\"inLanguage\":\"it-IT\",\"potentialAction\":[{\"@type\":\"CommentAction\",\"name\":\"Comment\",\"target\":[\"https:\\\/\\\/www.ocean4future.org\\\/savetheocean\\\/archives\\\/120881#respond\"]}]},{\"@type\":\"WebPage\",\"@id\":\"https:\\\/\\\/www.ocean4future.org\\\/savetheocean\\\/archives\\\/120881\",\"url\":\"https:\\\/\\\/www.ocean4future.org\\\/savetheocean\\\/archives\\\/120881\",\"name\":\"Brindisi romana &#8226; OCEAN4FUTURE autore\",\"isPartOf\":{\"@id\":\"https:\\\/\\\/www.ocean4future.org\\\/savetheocean\\\/#website\"},\"primaryImageOfPage\":{\"@id\":\"https:\\\/\\\/www.ocean4future.org\\\/savetheocean\\\/archives\\\/120881#primaryimage\"},\"image\":{\"@id\":\"https:\\\/\\\/www.ocean4future.org\\\/savetheocean\\\/archives\\\/120881#primaryimage\"},\"thumbnailUrl\":\"https:\\\/\\\/www.ocean4future.org\\\/savetheocean\\\/wp-content\\\/uploads\\\/2025\\\/06\\\/Brindisi_-_Colonne_romane_di_Brindisi_-_2024-09-05_18-33-08_001.jpg\",\"datePublished\":\"2025-11-01T23:02:00+00:00\",\"dateModified\":\"2026-03-26T11:50:32+00:00\",\"breadcrumb\":{\"@id\":\"https:\\\/\\\/www.ocean4future.org\\\/savetheocean\\\/archives\\\/120881#breadcrumb\"},\"inLanguage\":\"it-IT\",\"potentialAction\":[{\"@type\":\"ReadAction\",\"target\":[\"https:\\\/\\\/www.ocean4future.org\\\/savetheocean\\\/archives\\\/120881\"]}]},{\"@type\":\"ImageObject\",\"inLanguage\":\"it-IT\",\"@id\":\"https:\\\/\\\/www.ocean4future.org\\\/savetheocean\\\/archives\\\/120881#primaryimage\",\"url\":\"https:\\\/\\\/www.ocean4future.org\\\/savetheocean\\\/wp-content\\\/uploads\\\/2025\\\/06\\\/Brindisi_-_Colonne_romane_di_Brindisi_-_2024-09-05_18-33-08_001.jpg\",\"contentUrl\":\"https:\\\/\\\/www.ocean4future.org\\\/savetheocean\\\/wp-content\\\/uploads\\\/2025\\\/06\\\/Brindisi_-_Colonne_romane_di_Brindisi_-_2024-09-05_18-33-08_001.jpg\",\"width\":640,\"height\":427},{\"@type\":\"BreadcrumbList\",\"@id\":\"https:\\\/\\\/www.ocean4future.org\\\/savetheocean\\\/archives\\\/120881#breadcrumb\",\"itemListElement\":[{\"@type\":\"ListItem\",\"position\":1,\"name\":\"Home\",\"item\":\"https:\\\/\\\/www.ocean4future.org\\\/savetheocean\"},{\"@type\":\"ListItem\",\"position\":2,\"name\":\"Brindisi romana\"}]},{\"@type\":\"WebSite\",\"@id\":\"https:\\\/\\\/www.ocean4future.org\\\/savetheocean\\\/#website\",\"url\":\"https:\\\/\\\/www.ocean4future.org\\\/savetheocean\\\/\",\"name\":\"Ocean 4 Future\",\"description\":\"Per una nuova cultura del mare e della marittimit\u00e0\",\"publisher\":{\"@id\":\"https:\\\/\\\/www.ocean4future.org\\\/savetheocean\\\/#\\\/schema\\\/person\\\/4e1c26437054353074d7bb2efa77162c\"},\"potentialAction\":[{\"@type\":\"SearchAction\",\"target\":{\"@type\":\"EntryPoint\",\"urlTemplate\":\"https:\\\/\\\/www.ocean4future.org\\\/savetheocean\\\/?s={search_term_string}\"},\"query-input\":{\"@type\":\"PropertyValueSpecification\",\"valueRequired\":true,\"valueName\":\"search_term_string\"}}],\"inLanguage\":\"it-IT\"},{\"@type\":[\"Person\",\"Organization\"],\"@id\":\"https:\\\/\\\/www.ocean4future.org\\\/savetheocean\\\/#\\\/schema\\\/person\\\/4e1c26437054353074d7bb2efa77162c\",\"name\":\"oceandiver\",\"image\":{\"@type\":\"ImageObject\",\"inLanguage\":\"it-IT\",\"@id\":\"https:\\\/\\\/www.ocean4future.org\\\/savetheocean\\\/wp-content\\\/uploads\\\/2023\\\/04\\\/logo-ocean3.jpg\",\"url\":\"https:\\\/\\\/www.ocean4future.org\\\/savetheocean\\\/wp-content\\\/uploads\\\/2023\\\/04\\\/logo-ocean3.jpg\",\"contentUrl\":\"https:\\\/\\\/www.ocean4future.org\\\/savetheocean\\\/wp-content\\\/uploads\\\/2023\\\/04\\\/logo-ocean3.jpg\",\"width\":472,\"height\":301,\"caption\":\"oceandiver\"},\"logo\":{\"@id\":\"https:\\\/\\\/www.ocean4future.org\\\/savetheocean\\\/wp-content\\\/uploads\\\/2023\\\/04\\\/logo-ocean3.jpg\"}},{\"@type\":\"Person\",\"@id\":\"https:\\\/\\\/www.ocean4future.org\\\/savetheocean\\\/#\\\/schema\\\/person\\\/2807aad6351c9429df20d5d07ee045f3\",\"name\":\"Gianfranco Perri\",\"image\":{\"@type\":\"ImageObject\",\"inLanguage\":\"it-IT\",\"@id\":\"https:\\\/\\\/secure.gravatar.com\\\/avatar\\\/25132120ae1b86613a98dd3b8dd2ef1c50406ce2b2bde10cad3ff57315421dc0?s=96&d=mm&r=g\",\"url\":\"https:\\\/\\\/secure.gravatar.com\\\/avatar\\\/25132120ae1b86613a98dd3b8dd2ef1c50406ce2b2bde10cad3ff57315421dc0?s=96&d=mm&r=g\",\"contentUrl\":\"https:\\\/\\\/secure.gravatar.com\\\/avatar\\\/25132120ae1b86613a98dd3b8dd2ef1c50406ce2b2bde10cad3ff57315421dc0?s=96&d=mm&r=g\",\"caption\":\"Gianfranco Perri\"},\"description\":\"nato a Brindisi il 21 settembre 1951, nel 1974 ha ottenuto la laurea in Ingegneria Mineraria \u00a8con Lode\u00a8 nel Politecnico di Torino dove ha anche esercitato la docenza. Attualmente \u00e8 docente di \u201cProgettazione di gallerie\u201d presso l\u2019Universit\u00e0 Centrale del Venezuela di Caracas. \u00c8 consulente e progettista di opere sotterranee nei vari paesi del Centro e del Sud America. Ha pubblicato due libri sulla progettazione di gallerie e un centinaio di paper tecnici e scientifici, in spagnolo, italiano ed inglese, la maggior parte dei quali presentati in convegni internazionali in molte regioni del mondo. Nel 2009 a Bari, ha ricevuto il Premio Internazionale \u201cPugliesi nel Mondo\u201d e nel 2010 dall\u2019Universit\u00e0 degli Studi di Foggia, \u00e8 stato incluso tra i \u201cPugliesi illustri nel mondo\u201d.\u00a0 E' anche un appassionato studioso e impegnato divulgatore della storia di Brindisi sulla quale ha scritto diversi libri e saggi pubblicando molti articoli sul quotidiano \u201cSenzacolonne\u201d e sul settimanale \u201cil7 Magazine\u201d di Brindisi. Dal 2013 ha attivo il Blog \u201cVia da Brindisi\u201d sul giornale online \u201cSenza Colonne News\u201d. Ha anche pubblicati i suoi lavori, a stampa o online sulle pagine web www.fondazioneterradotranto.it www.academia.edu e www.brindisiweb.it\",\"sameAs\":[\"http:\\\/\\\/www.gianfrancoperri.net\"],\"url\":\"https:\\\/\\\/www.ocean4future.org\\\/savetheocean\\\/archives\\\/author\\\/gianfranco-perri\"}]}<\/script>\n<!-- \/ Yoast SEO plugin. -->","yoast_head_json":{"title":"Brindisi romana &#8226; OCEAN4FUTURE autore","robots":{"index":"index","follow":"follow","max-snippet":"max-snippet:-1","max-image-preview":"max-image-preview:large","max-video-preview":"max-video-preview:-1"},"canonical":"https:\/\/www.ocean4future.org\/savetheocean\/archives\/120881","og_locale":"it_IT","og_type":"article","og_title":"Brindisi romana &#8226; OCEAN4FUTURE autore","og_description":"tempo di lettura:  7 minuti. . ARGOMENTO: STORIA NAVALE PERIODO: I SECOLO\u00a0 AREA: BRINDISI parole chiave: Brindisi Anche se \u00e9 abbastanza naturale e comunque spiegabile che non siano pervenuti documenti che descrivano come fosse la citt\u00e0 di Brindisi nelle sue lontanissime origini e negli anni della sua protostoria e anche della sua storia pre-romana, \u00e9 invece un vero peccato [&hellip;]","og_url":"https:\/\/www.ocean4future.org\/savetheocean\/archives\/120881","og_site_name":"OCEAN4FUTURE","article_published_time":"2025-11-01T23:02:00+00:00","article_modified_time":"2026-03-26T11:50:32+00:00","og_image":[{"width":640,"height":427,"url":"https:\/\/www.ocean4future.org\/savetheocean\/wp-content\/uploads\/2025\/06\/Brindisi_-_Colonne_romane_di_Brindisi_-_2024-09-05_18-33-08_001.jpg","type":"image\/jpeg"}],"author":"Gianfranco Perri","twitter_card":"summary_large_image","twitter_creator":"@ocean4future","twitter_site":"@ocean4future","twitter_misc":{"Scritto da":"Gianfranco Perri","Tempo di lettura stimato":"11 minuti"},"schema":{"@context":"https:\/\/schema.org","@graph":[{"@type":"Article","@id":"https:\/\/www.ocean4future.org\/savetheocean\/archives\/120881#article","isPartOf":{"@id":"https:\/\/www.ocean4future.org\/savetheocean\/archives\/120881"},"author":{"name":"Gianfranco Perri","@id":"https:\/\/www.ocean4future.org\/savetheocean\/#\/schema\/person\/2807aad6351c9429df20d5d07ee045f3"},"headline":"Brindisi romana","datePublished":"2025-11-01T23:02:00+00:00","dateModified":"2026-03-26T11:50:32+00:00","mainEntityOfPage":{"@id":"https:\/\/www.ocean4future.org\/savetheocean\/archives\/120881"},"wordCount":1931,"commentCount":0,"publisher":{"@id":"https:\/\/www.ocean4future.org\/savetheocean\/#\/schema\/person\/4e1c26437054353074d7bb2efa77162c"},"image":{"@id":"https:\/\/www.ocean4future.org\/savetheocean\/archives\/120881#primaryimage"},"thumbnailUrl":"https:\/\/www.ocean4future.org\/savetheocean\/wp-content\/uploads\/2025\/06\/Brindisi_-_Colonne_romane_di_Brindisi_-_2024-09-05_18-33-08_001.jpg","articleSection":["Storia"],"inLanguage":"it-IT","potentialAction":[{"@type":"CommentAction","name":"Comment","target":["https:\/\/www.ocean4future.org\/savetheocean\/archives\/120881#respond"]}]},{"@type":"WebPage","@id":"https:\/\/www.ocean4future.org\/savetheocean\/archives\/120881","url":"https:\/\/www.ocean4future.org\/savetheocean\/archives\/120881","name":"Brindisi romana &#8226; OCEAN4FUTURE autore","isPartOf":{"@id":"https:\/\/www.ocean4future.org\/savetheocean\/#website"},"primaryImageOfPage":{"@id":"https:\/\/www.ocean4future.org\/savetheocean\/archives\/120881#primaryimage"},"image":{"@id":"https:\/\/www.ocean4future.org\/savetheocean\/archives\/120881#primaryimage"},"thumbnailUrl":"https:\/\/www.ocean4future.org\/savetheocean\/wp-content\/uploads\/2025\/06\/Brindisi_-_Colonne_romane_di_Brindisi_-_2024-09-05_18-33-08_001.jpg","datePublished":"2025-11-01T23:02:00+00:00","dateModified":"2026-03-26T11:50:32+00:00","breadcrumb":{"@id":"https:\/\/www.ocean4future.org\/savetheocean\/archives\/120881#breadcrumb"},"inLanguage":"it-IT","potentialAction":[{"@type":"ReadAction","target":["https:\/\/www.ocean4future.org\/savetheocean\/archives\/120881"]}]},{"@type":"ImageObject","inLanguage":"it-IT","@id":"https:\/\/www.ocean4future.org\/savetheocean\/archives\/120881#primaryimage","url":"https:\/\/www.ocean4future.org\/savetheocean\/wp-content\/uploads\/2025\/06\/Brindisi_-_Colonne_romane_di_Brindisi_-_2024-09-05_18-33-08_001.jpg","contentUrl":"https:\/\/www.ocean4future.org\/savetheocean\/wp-content\/uploads\/2025\/06\/Brindisi_-_Colonne_romane_di_Brindisi_-_2024-09-05_18-33-08_001.jpg","width":640,"height":427},{"@type":"BreadcrumbList","@id":"https:\/\/www.ocean4future.org\/savetheocean\/archives\/120881#breadcrumb","itemListElement":[{"@type":"ListItem","position":1,"name":"Home","item":"https:\/\/www.ocean4future.org\/savetheocean"},{"@type":"ListItem","position":2,"name":"Brindisi romana"}]},{"@type":"WebSite","@id":"https:\/\/www.ocean4future.org\/savetheocean\/#website","url":"https:\/\/www.ocean4future.org\/savetheocean\/","name":"Ocean 4 Future","description":"Per una nuova cultura del mare e della marittimit\u00e0","publisher":{"@id":"https:\/\/www.ocean4future.org\/savetheocean\/#\/schema\/person\/4e1c26437054353074d7bb2efa77162c"},"potentialAction":[{"@type":"SearchAction","target":{"@type":"EntryPoint","urlTemplate":"https:\/\/www.ocean4future.org\/savetheocean\/?s={search_term_string}"},"query-input":{"@type":"PropertyValueSpecification","valueRequired":true,"valueName":"search_term_string"}}],"inLanguage":"it-IT"},{"@type":["Person","Organization"],"@id":"https:\/\/www.ocean4future.org\/savetheocean\/#\/schema\/person\/4e1c26437054353074d7bb2efa77162c","name":"oceandiver","image":{"@type":"ImageObject","inLanguage":"it-IT","@id":"https:\/\/www.ocean4future.org\/savetheocean\/wp-content\/uploads\/2023\/04\/logo-ocean3.jpg","url":"https:\/\/www.ocean4future.org\/savetheocean\/wp-content\/uploads\/2023\/04\/logo-ocean3.jpg","contentUrl":"https:\/\/www.ocean4future.org\/savetheocean\/wp-content\/uploads\/2023\/04\/logo-ocean3.jpg","width":472,"height":301,"caption":"oceandiver"},"logo":{"@id":"https:\/\/www.ocean4future.org\/savetheocean\/wp-content\/uploads\/2023\/04\/logo-ocean3.jpg"}},{"@type":"Person","@id":"https:\/\/www.ocean4future.org\/savetheocean\/#\/schema\/person\/2807aad6351c9429df20d5d07ee045f3","name":"Gianfranco Perri","image":{"@type":"ImageObject","inLanguage":"it-IT","@id":"https:\/\/secure.gravatar.com\/avatar\/25132120ae1b86613a98dd3b8dd2ef1c50406ce2b2bde10cad3ff57315421dc0?s=96&d=mm&r=g","url":"https:\/\/secure.gravatar.com\/avatar\/25132120ae1b86613a98dd3b8dd2ef1c50406ce2b2bde10cad3ff57315421dc0?s=96&d=mm&r=g","contentUrl":"https:\/\/secure.gravatar.com\/avatar\/25132120ae1b86613a98dd3b8dd2ef1c50406ce2b2bde10cad3ff57315421dc0?s=96&d=mm&r=g","caption":"Gianfranco Perri"},"description":"nato a Brindisi il 21 settembre 1951, nel 1974 ha ottenuto la laurea in Ingegneria Mineraria \u00a8con Lode\u00a8 nel Politecnico di Torino dove ha anche esercitato la docenza. Attualmente \u00e8 docente di \u201cProgettazione di gallerie\u201d presso l\u2019Universit\u00e0 Centrale del Venezuela di Caracas. \u00c8 consulente e progettista di opere sotterranee nei vari paesi del Centro e del Sud America. Ha pubblicato due libri sulla progettazione di gallerie e un centinaio di paper tecnici e scientifici, in spagnolo, italiano ed inglese, la maggior parte dei quali presentati in convegni internazionali in molte regioni del mondo. Nel 2009 a Bari, ha ricevuto il Premio Internazionale \u201cPugliesi nel Mondo\u201d e nel 2010 dall\u2019Universit\u00e0 degli Studi di Foggia, \u00e8 stato incluso tra i \u201cPugliesi illustri nel mondo\u201d.\u00a0 E' anche un appassionato studioso e impegnato divulgatore della storia di Brindisi sulla quale ha scritto diversi libri e saggi pubblicando molti articoli sul quotidiano \u201cSenzacolonne\u201d e sul settimanale \u201cil7 Magazine\u201d di Brindisi. Dal 2013 ha attivo il Blog \u201cVia da Brindisi\u201d sul giornale online \u201cSenza Colonne News\u201d. Ha anche pubblicati i suoi lavori, a stampa o online sulle pagine web www.fondazioneterradotranto.it www.academia.edu e www.brindisiweb.it","sameAs":["http:\/\/www.gianfrancoperri.net"],"url":"https:\/\/www.ocean4future.org\/savetheocean\/archives\/author\/gianfranco-perri"}]}},"_links":{"self":[{"href":"https:\/\/www.ocean4future.org\/savetheocean\/wp-json\/wp\/v2\/posts\/120881","targetHints":{"allow":["GET"]}}],"collection":[{"href":"https:\/\/www.ocean4future.org\/savetheocean\/wp-json\/wp\/v2\/posts"}],"about":[{"href":"https:\/\/www.ocean4future.org\/savetheocean\/wp-json\/wp\/v2\/types\/post"}],"author":[{"embeddable":true,"href":"https:\/\/www.ocean4future.org\/savetheocean\/wp-json\/wp\/v2\/users\/2429"}],"replies":[{"embeddable":true,"href":"https:\/\/www.ocean4future.org\/savetheocean\/wp-json\/wp\/v2\/comments?post=120881"}],"version-history":[{"count":1,"href":"https:\/\/www.ocean4future.org\/savetheocean\/wp-json\/wp\/v2\/posts\/120881\/revisions"}],"predecessor-version":[{"id":126905,"href":"https:\/\/www.ocean4future.org\/savetheocean\/wp-json\/wp\/v2\/posts\/120881\/revisions\/126905"}],"wp:featuredmedia":[{"embeddable":true,"href":"https:\/\/www.ocean4future.org\/savetheocean\/wp-json\/wp\/v2\/media\/118440"}],"wp:attachment":[{"href":"https:\/\/www.ocean4future.org\/savetheocean\/wp-json\/wp\/v2\/media?parent=120881"}],"wp:term":[{"taxonomy":"category","embeddable":true,"href":"https:\/\/www.ocean4future.org\/savetheocean\/wp-json\/wp\/v2\/categories?post=120881"},{"taxonomy":"post_tag","embeddable":true,"href":"https:\/\/www.ocean4future.org\/savetheocean\/wp-json\/wp\/v2\/tags?post=120881"}],"curies":[{"name":"wp","href":"https:\/\/api.w.org\/{rel}","templated":true}]}}