{"id":120774,"date":"2025-09-25T00:02:00","date_gmt":"2025-09-24T22:02:00","guid":{"rendered":"https:\/\/www.ocean4future.org\/savetheocean\/?p=120774"},"modified":"2026-03-26T15:16:52","modified_gmt":"2026-03-26T14:16:52","slug":"la-regia-maria-italiana-e-lo-sviluppo-della-radio","status":"publish","type":"post","link":"https:\/\/www.ocean4future.org\/savetheocean\/archives\/120774","title":{"rendered":"La Regia Maria italiana e lo sviluppo dei servizi di telecomunicazione"},"content":{"rendered":"<span class=\"span-reading-time rt-reading-time\" style=\"display: block;\"><span class=\"rt-label rt-prefix\">tempo di lettura: <\/span> <span class=\"rt-time\"> 5<\/span> <span class=\"rt-label rt-postfix\">minuti<\/span><\/span><p><span style=\"color: #ffffff;\">.<\/span><br \/>\n<a class=\"maxbutton-8 maxbutton maxbutton-livello-2\" href=\"javascript:void(0);\"><span class='mb-text'>livello medio<\/span><\/a><br \/>\n<span style=\"color: #ffffff;\">.<\/span><br \/>\n<strong><span style=\"color: #008000;\">ARGOMENTO: STORIA CONTEMPORANEA<\/span><\/strong><br \/>\n<strong><span style=\"color: #008000;\">PERIODO: XX SECOLO<\/span><\/strong><br \/>\n<strong><span style=\"color: #008000;\">AREA: RADIOTECNICA<\/span><\/strong><br \/>\nparole chiave: Radio, Guglielmo Marconi, Giancarlo Vallauri<br \/>\n<span style=\"color: #ffffff;\">.<\/span><\/p>\n<p style=\"text-align: justify;\">Malgrado l\u2019influenza di Guglielmo Marconi e l\u2019incondizionato appoggio imposto dalla politica alla Regia Marina per favorirne le esperienze e la costituzione dei primi servizi di telecomunicazione, la Prima Guerra Mondiale trov\u00f2 la Regia Marina e le sue strutture sostanzialmente impreparate; proprio quando la guerra stava dando la dimostrazione dell\u2019importanza della radio come sistema rapido di comunicazione. Purtroppo, in Italia, senza servizi diffusi ed industria di supporto, il settore era ancora poco conosciuto, quasi pionieristico, la cui priorit\u00e0 era per\u00f2 stata considerata dalla <strong><span style=\"color: #008000;\">Regia Marina Militare<\/span><\/strong>, tanto da inviare i suoi ufficiali all\u2019estero, per studi e specializzazione presso le scuole inglesi e francesi. Questo percorso di formazione, di particolare affinit\u00e0 con gli Inglesi, fu poi anche un sottofondo nelle ricorrenti tesi di tradimenti e complotti.<\/p>\n<p style=\"text-align: justify;\"><img decoding=\"async\" class=\"alignnone wp-image-61401\" src=\"https:\/\/www.ocean4future.org\/savetheocean\/wp-content\/uploads\/2021\/06\/marconi-mil-2-e1757062127432.png\" alt=\"\" width=\"1066\" height=\"748\"><br \/>\n<span style=\"color: #ffffff;\">.<\/span><br \/>\nQui si manifesta, nella ricerca storica, una certa difficolt\u00e0 e mancanza di sintonia tra date reali e \u201cdate cartolarie\u201d, tanto da far nascere qualche dubbio, se non sospetto; secondo lo stato di servizio di Guglielmo Marconi lo stesso risulterebbe in servizio dal momento dell\u2019entrata in guerra, in forza, nel dicembre 1915, al Regio Esercito con la &#8216;Brigata Specialisti&#8217; per una pi\u00f9 efficiente applicazione della radio in guerra. Dopo di che, nel luglio 1916, fu poi promosso (per \u201cmeriti speciali\u201d) Capitano del Genio (vedi foto in alto), poco prima di essere trasferito (con relativa promozione) alla Regia Marina italiana nell\u2019agosto 1916 con il grado Capitano di Corvetta di Complemento (vedi foto in basso).<\/p>\n<p style=\"text-align: justify;\"><img decoding=\"async\" class=\"alignnone wp-image-93104\" src=\"https:\/\/www.ocean4future.org\/savetheocean\/wp-content\/uploads\/2021\/07\/STORIA-MARINA-ITALIANA-G._Marconi_LOC_19983978160.jpg\" alt=\"\" width=\"1074\" height=\"1549\" srcset=\"https:\/\/www.ocean4future.org\/savetheocean\/wp-content\/uploads\/2021\/07\/STORIA-MARINA-ITALIANA-G._Marconi_LOC_19983978160.jpg 640w, https:\/\/www.ocean4future.org\/savetheocean\/wp-content\/uploads\/2021\/07\/STORIA-MARINA-ITALIANA-G._Marconi_LOC_19983978160-208x300.jpg 208w\" sizes=\"(max-width: 1074px) 100vw, 1074px\" \/><br \/>\nQuello che \u00e8 certo \u00e8 che, nel <strong><span style=\"color: #008000;\">luglio 1916<\/span><\/strong> la Regia Marina italiana, pressata dalle necessit\u00e0 di guerra e da evidenti carenze tecniche e di personale, aveva deciso di inserire l\u2019insegnamento della radiotecnica presso la <strong><span style=\"color: #008000;\">Regia Accademia Navale di Livorno<\/span><\/strong>, e contemporaneamente costituire, nello stesso comprensorio dell\u2019Accademia Navale, un istituto specializzato con il compito istituzionale di contribuirne allo sviluppo con ricerche ed attivit\u00e0 di studio. I vertici della marina decisero di far dirigere il nuovo Istituto (<strong><span style=\"color: #008000;\">Istituto Elettrotecnico e Radiotelegrafico della Regia Marina, IERT<\/span><\/strong>), ad un proprio ufficiale, in aspettativa, in possesso di una profonda preparazione tecnica nonch\u00e8 adeguati riconoscimenti accademici. Giancarlo Vallauri &#8211; professore universitario &#8211; era infatti la massima autorit\u00e0 italiana dell\u2019epoca nel campo della radiotecnica, e si era formato nella Regia Accademia con i massimi onori. Non ultimo, aveva avuto contatti con Marconi sia per i suoi precedenti come Ufficiale di Marina, sia per il ristrettissimo ambiente su tale specialit\u00e0. Curiosamente, in questo frangente, non si menziona Marconi, personaggio non certo sconosciuto (n\u00e9 lui n\u00e9 il suo sodale braccio destro TV Solari) ai vertici della Regia Marina ed agli operativi.<\/p>\n<p align=\"justify\"><img decoding=\"async\" class=\"wp-image-121352\" style=\"font-weight: bold; background-color: #f1f1f1; font-size: 12px; text-align: center;\" src=\"https:\/\/www.ocean4future.org\/savetheocean\/wp-content\/uploads\/2025\/10\/Screenshot-2025-09-09-173059.png\" alt=\"\" width=\"1049\" height=\"1539\" srcset=\"https:\/\/www.ocean4future.org\/savetheocean\/wp-content\/uploads\/2025\/10\/Screenshot-2025-09-09-173059.png 283w, https:\/\/www.ocean4future.org\/savetheocean\/wp-content\/uploads\/2025\/10\/Screenshot-2025-09-09-173059-205x300.png 205w\" sizes=\"(max-width: 1049px) 100vw, 1049px\" \/><\/p>\n<p align=\"justify\"><strong><span style=\"color: #008000;\">l&#8217;allievo Giancarlo Vallauri, brillantissimo ricevette la sciabola d&#8217;onore<\/span><\/strong><\/p>\n<p style=\"text-align: justify;\">A questo punto \u00e8 d\u2019obbligo un ulteriore breve cenno su <strong><span style=\"color: #008000;\">Giancarlo Vallauri<\/span><\/strong>; dopo aver frequentato la Regia Accademia Navale fu promosso guardiamarina nel 1903 con il massimo dei voti, conseguendo la sciabola d\u2019onore; dopo un breve periodo di servizio si era poi dimesso dalla Regia Marina nel 1906, per conseguire a nel 1907 a Napoli la laurea in ingegneria elettrica, per dedicarsi definitivamente all\u2019insegnamento universitario. Al momento della decisione della costituzione del nuovo Istituto, Vallauri era la massima autorit\u00e0 italiana in materia, da qualche mese era vincitore del concorso di docenza presso la Regia Accademia Navale, e quindi gi\u00e0 destinato a Livorno.<\/p>\n<p><img decoding=\"async\" class=\"wp-image-121093\" src=\"https:\/\/www.ocean4future.org\/savetheocean\/wp-content\/uploads\/2025\/09\/giancarlo-vallauri-ammiraglio.jpg\" alt=\"\" width=\"1050\" height=\"1399\" srcset=\"https:\/\/www.ocean4future.org\/savetheocean\/wp-content\/uploads\/2025\/09\/giancarlo-vallauri-ammiraglio.jpg 360w, https:\/\/www.ocean4future.org\/savetheocean\/wp-content\/uploads\/2025\/09\/giancarlo-vallauri-ammiraglio-225x300.jpg 225w\" sizes=\"(max-width: 1050px) 100vw, 1050px\" \/><\/p>\n<p align=\"justify\"><strong><span style=\"color: #008000;\">l&#8217;ammiraglio Giancarlo Vallauri<\/span><\/strong><\/p>\n<p style=\"text-align: justify;\">L\u2019uscita di <strong><span style=\"color: #008000;\">Giancarlo Vallauri<\/span><\/strong> nel 1926, ed il successivo cono d\u2019ombra che si cre\u00f2 intorno a lui, anche a seguito del rigetto della sua candidatura all\u2019Accademia d\u2019Italia, avrebbero molto a che vedere con un antisemitismo ante litteram e le azioni dello stesso Marconi che voleva il controllo assoluto del settore e lo sfruttamento di Coltano; la Marina Militare in seguito rivalut\u00f2 giustamente la figura di Vallauri. Ordinario&nbsp;della cattedra di Elettrotecnica all&#8217;Universit\u00e0 di Pisa, assunse dopo il 1926&nbsp;la stessa cattedra presso il&nbsp;Politecnico di Torino, di cui fu rettore dal&nbsp;1933&nbsp;al&nbsp;1938<sup id=\"cite_ref-3\" class=\"reference\"><\/sup>; nello stesso anno fu nominato&nbsp;Accademico delle Scienze pontificio, nominato Socio dell&#8217;Accademia delle Scienze di Torino&nbsp;e nel&nbsp;1929&nbsp;Accademico d&#8217;Italia; dal&nbsp;1934&nbsp;fu vicepresidente della classe di Scienze Fisiche. A Torino fond\u00f2 e diresse l&#8217;Istituto elettrotecnico nazionale Galileo Ferraris, avviato nel&nbsp;1934. Fu anche&nbsp;presidente della&nbsp;SIP&nbsp;e dell&#8217;EIAR, di cui mantenne la guida fino al&nbsp;1943; non ultimo dal&nbsp;1941&nbsp;al&nbsp;1943&nbsp;fu presidente del&nbsp;CNR<sup id=\"cite_ref-5\" class=\"reference\"><\/sup>. Nel dopoguerra, scagionato da ogni sospetto generato dai numerosi incarichi ricoperti durante il&nbsp;Fascismo<sup id=\"cite_ref-6\" class=\"reference\"><\/sup>, venne reintegrato nei suoi incarichi di professore universitario nel&nbsp;1946-1947&nbsp;e fu nominato&nbsp;Accademico dei Lincei&nbsp;nel&nbsp;1948. Mor\u00ec il 7 maggio 1957 a&nbsp;Torino&nbsp;e venne sepolto a&nbsp;Sant&#8217;Albano Stura, suo paese di provenienza.<\/p>\n<p style=\"text-align: justify;\"><span style=\"font-size: 20px;\"><strong><span style=\"color: #008000;\">Vallauri e Marconi: due opposti che spesso furono obbligati a confrontarsi: uno eminentemente istituzionale, l\u2019altro eminentemente politico.<\/span><\/strong><\/span><\/p>\n<p style=\"text-align: justify;\">Va compreso che all&#8217;epoca la ricerca scientifica nel campo radiotelegrafico ed elettrotecnico&nbsp; era in mano a due personaggi totalmente diversi:<\/p>\n<p style=\"text-align: justify;\"><strong><span style=\"color: #008000;\">Giancarlo Vallauri<\/span><\/strong>, in possesso di solide basi etiche e professionali, con esperienza di servizio navale, laurea, docenza Universitaria, in grado di formare e gestire personale;<\/p>\n<p style=\"text-align: justify;\"><strong><span style=\"color: #008000;\">Guglielmo Marconi<\/span><\/strong>, un geniale autodidatta, un astuto uomo d\u2019affari dotato di incredibile intuito e comprovate capacit\u00e0, abituato a destreggiarsi nel mondo politico e dell\u2019alta finanza, nazionale e internazionale, della quale Londra era la capitale.<\/p>\n<p style=\"text-align: justify;\">Quando fu fondato l\u2019<strong><span style=\"color: #008000;\">Istituto Elettrotecnico e Radiotelegrafico della Regia <\/span><\/strong><strong><span style=\"color: #008000;\">Marina<\/span><\/strong><strong><span style=\"color: #008000;\"> (I.E.R.T.),&nbsp; <\/span><span style=\"color: #008000;\">Giancarlo Vallauri<\/span> <\/strong>si trov\u00f2 <strong><span style=\"color: #008000;\">solo<\/span><\/strong> ad affrontare un compito immane: nel 1916, si era nel pieno della Prima guerra mondiale ed occorrevano armi e mezzi tecnici sempre pi\u00f9 efficienti. Consapevole della necessit\u00e0 di perfezionare al massimo le radiocomunicazioni, la Regia Marina italiana volle che il nuovo Istituto costituisse l\u2019eccellenza nel settore, con il duplice scopo di occuparsi dello studio e della ricerca nei campi dell\u2019elettrotecnica, della radiotelegrafia e della radiofonia. Un Istituto che doveva essere al corrente ed all\u2019altezza del progresso internazionale, capace di contribuire a ogni sviluppo, e al tempo stesso impartire l\u2019insegnamento della radiotecnica ai futuri ufficiali che, fino ad allora, erano costretti a recarsi all\u2019estero \u2013 principalmente Francia ed Inghilterra \u2013 per apprenderne gli elementi fondamentali. Aspetto, quello della solitudine in cui fu lasciato Vallauri, che dimostra la distanza reale tra la Regia Marina italiana e Marconi, che da quasi un ventennio era sovvenzionato proprio dalla Marina con i propri mezzi, avvallandone i risultati e comprandone prodotti e servizi (come nel caso limite della guerra di Libia). Non certo un rapporto di quelli che in termini moderni si definirebbero &#8220;win win&#8221;.<\/p>\n<p style=\"text-align: justify;\"><strong><span style=\"color: #008000;\">La costituzione dello IERT da parte della Regia Marina e dei suoi vertici fu una corretta visione del futuro e di una ricerca di una propria autonomia a tutto campo<\/span><\/strong>: dalla formazione, alla ricerca, all\u2019industrializzazione, almeno a livello di quella che oggi si definirebbe start-up.<br \/>\n<strong><span style=\"color: #008000;\">Fine I parte &#8211; continua<\/span><\/strong><br \/>\n<strong><span style=\"color: #008000;\">Gian Carlo Poddighe<\/span><\/strong><br \/>\n<span style=\"color: #ffffff;\">.<\/span><br \/>\n<span style=\"color: #ffffff;\">.<\/span><br \/>\n<a class=\"maxbutton-3 maxbutton maxbutton-pagina-principale\" target=\"_blank\" title=\"tooltip\" rel=\"nofollow noopener\" href=\"http:\/\/www.ocean4future.org\"><span class='mb-text'>PAGINA PRINCIPALE - HOME PAGE<\/span><\/a><br \/>\n<span style=\"color: #ffffff;\">.<\/span><br \/>\n<a class=\"maxbutton-13 maxbutton maxbutton-parte-i\" target=\"_blank\" title=\" tooltip\" rel=\"nofollow noopener\" href=\"https:\/\/www.ocean4future.org\/savetheocean\/archives\/120774\"><span class='mb-text'>PARTE I<\/span><\/a> <a class=\"maxbutton-14 maxbutton maxbutton-parte-ii\" target=\"_blank\" title=\" tooltip\" rel=\"nofollow noopener\" href=\"https:\/\/www.ocean4future.org\/savetheocean\/archives\/120775\"><span class='mb-text'>PARTE II<\/span><\/a><br \/>\n<span style=\"color: #ffffff;\">.<\/span><br \/>\nAlcune delle immagini presenti possono essere state prese dal web, citandone ove possibile gli autori e\/o le fonti. Se qualcuno desiderasse specificarne l\u2019autore o rimuoverle, pu\u00f2 scrivere a infoocean4future@gmail.com e provvederemo immediatamente alla correzione dell\u2019articolo<br \/>\n<span style=\"color: #ffffff;\">.<\/span><br \/>\n<span style=\"color: #ffffff;\">&#8211;<\/span><\/p>\n","protected":false},"excerpt":{"rendered":"<p><span class=\"span-reading-time rt-reading-time\" style=\"display: block;\"><span class=\"rt-label rt-prefix\">tempo di lettura: <\/span> <span class=\"rt-time\"> 5<\/span> <span class=\"rt-label rt-postfix\">minuti<\/span><\/span>. . ARGOMENTO: STORIA CONTEMPORANEA PERIODO: XX SECOLO AREA: RADIOTECNICA parole chiave: Radio, Guglielmo Marconi, Giancarlo Vallauri . Malgrado l\u2019influenza di Guglielmo Marconi e l\u2019incondizionato appoggio imposto dalla politica alla Regia Marina per favorirne le esperienze e la costituzione dei primi servizi di telecomunicazione, la Prima Guerra Mondiale trov\u00f2 la Regia Marina e le sue [&hellip;]<\/p>\n","protected":false},"author":2391,"featured_media":121093,"comment_status":"open","ping_status":"open","sticky":false,"template":"","format":"standard","meta":{"_acf_changed":false,"_monsterinsights_skip_tracking":false,"_monsterinsights_sitenote_active":false,"_monsterinsights_sitenote_note":"","_monsterinsights_sitenote_category":0,"footnotes":""},"categories":[2431],"tags":[],"class_list":["post-120774","post","type-post","status-publish","format-standard","has-post-thumbnail","hentry","category-storia"],"acf":[],"yoast_head":"<!-- This site is optimized with the Yoast SEO plugin v27.4 - https:\/\/yoast.com\/product\/yoast-seo-wordpress\/ -->\n<title>La Regia Maria italiana e lo sviluppo dei servizi di telecomunicazione &#8226; OCEAN4FUTURE autore<\/title>\n<meta name=\"robots\" content=\"index, follow, max-snippet:-1, max-image-preview:large, max-video-preview:-1\" \/>\n<link rel=\"canonical\" href=\"https:\/\/www.ocean4future.org\/savetheocean\/archives\/120774\" \/>\n<meta property=\"og:locale\" content=\"it_IT\" \/>\n<meta property=\"og:type\" content=\"article\" \/>\n<meta property=\"og:title\" content=\"La Regia Maria italiana e lo sviluppo dei servizi di telecomunicazione &#8226; OCEAN4FUTURE autore\" \/>\n<meta property=\"og:description\" content=\"tempo di lettura:  5 minuti. . ARGOMENTO: STORIA CONTEMPORANEA PERIODO: XX SECOLO AREA: RADIOTECNICA parole chiave: Radio, Guglielmo Marconi, Giancarlo Vallauri . Malgrado l\u2019influenza di Guglielmo Marconi e l\u2019incondizionato appoggio imposto dalla politica alla Regia Marina per favorirne le esperienze e la costituzione dei primi servizi di telecomunicazione, la Prima Guerra Mondiale trov\u00f2 la Regia Marina e le sue [&hellip;]\" \/>\n<meta property=\"og:url\" content=\"https:\/\/www.ocean4future.org\/savetheocean\/archives\/120774\" \/>\n<meta property=\"og:site_name\" content=\"OCEAN4FUTURE\" \/>\n<meta property=\"article:published_time\" content=\"2025-09-24T22:02:00+00:00\" \/>\n<meta property=\"article:modified_time\" content=\"2026-03-26T14:16:52+00:00\" \/>\n<meta property=\"og:image\" content=\"https:\/\/www.ocean4future.org\/savetheocean\/wp-content\/uploads\/2025\/09\/giancarlo-vallauri-ammiraglio.jpg\" \/>\n\t<meta property=\"og:image:width\" content=\"360\" \/>\n\t<meta property=\"og:image:height\" content=\"480\" \/>\n\t<meta property=\"og:image:type\" content=\"image\/jpeg\" \/>\n<meta name=\"author\" content=\"Gian Carlo Poddighe\" \/>\n<meta name=\"twitter:card\" content=\"summary_large_image\" \/>\n<meta name=\"twitter:creator\" content=\"@ocean4future\" \/>\n<meta name=\"twitter:site\" content=\"@ocean4future\" \/>\n<meta name=\"twitter:label1\" content=\"Scritto da\" \/>\n\t<meta name=\"twitter:data1\" content=\"Gian Carlo Poddighe\" \/>\n\t<meta name=\"twitter:label2\" content=\"Tempo di lettura stimato\" \/>\n\t<meta name=\"twitter:data2\" content=\"8 minuti\" \/>\n<script type=\"application\/ld+json\" class=\"yoast-schema-graph\">{\"@context\":\"https:\\\/\\\/schema.org\",\"@graph\":[{\"@type\":\"Article\",\"@id\":\"https:\\\/\\\/www.ocean4future.org\\\/savetheocean\\\/archives\\\/120774#article\",\"isPartOf\":{\"@id\":\"https:\\\/\\\/www.ocean4future.org\\\/savetheocean\\\/archives\\\/120774\"},\"author\":{\"name\":\"Gian Carlo Poddighe\",\"@id\":\"https:\\\/\\\/www.ocean4future.org\\\/savetheocean\\\/#\\\/schema\\\/person\\\/7d024833a7d3784b692b375bd72ea501\"},\"headline\":\"La Regia Maria italiana e lo sviluppo dei servizi di telecomunicazione\",\"datePublished\":\"2025-09-24T22:02:00+00:00\",\"dateModified\":\"2026-03-26T14:16:52+00:00\",\"mainEntityOfPage\":{\"@id\":\"https:\\\/\\\/www.ocean4future.org\\\/savetheocean\\\/archives\\\/120774\"},\"wordCount\":1254,\"commentCount\":0,\"publisher\":{\"@id\":\"https:\\\/\\\/www.ocean4future.org\\\/savetheocean\\\/#\\\/schema\\\/person\\\/4e1c26437054353074d7bb2efa77162c\"},\"image\":{\"@id\":\"https:\\\/\\\/www.ocean4future.org\\\/savetheocean\\\/archives\\\/120774#primaryimage\"},\"thumbnailUrl\":\"https:\\\/\\\/www.ocean4future.org\\\/savetheocean\\\/wp-content\\\/uploads\\\/2025\\\/09\\\/giancarlo-vallauri-ammiraglio.jpg\",\"articleSection\":[\"Storia\"],\"inLanguage\":\"it-IT\",\"potentialAction\":[{\"@type\":\"CommentAction\",\"name\":\"Comment\",\"target\":[\"https:\\\/\\\/www.ocean4future.org\\\/savetheocean\\\/archives\\\/120774#respond\"]}]},{\"@type\":\"WebPage\",\"@id\":\"https:\\\/\\\/www.ocean4future.org\\\/savetheocean\\\/archives\\\/120774\",\"url\":\"https:\\\/\\\/www.ocean4future.org\\\/savetheocean\\\/archives\\\/120774\",\"name\":\"La Regia Maria italiana e lo sviluppo dei servizi di telecomunicazione &#8226; OCEAN4FUTURE autore\",\"isPartOf\":{\"@id\":\"https:\\\/\\\/www.ocean4future.org\\\/savetheocean\\\/#website\"},\"primaryImageOfPage\":{\"@id\":\"https:\\\/\\\/www.ocean4future.org\\\/savetheocean\\\/archives\\\/120774#primaryimage\"},\"image\":{\"@id\":\"https:\\\/\\\/www.ocean4future.org\\\/savetheocean\\\/archives\\\/120774#primaryimage\"},\"thumbnailUrl\":\"https:\\\/\\\/www.ocean4future.org\\\/savetheocean\\\/wp-content\\\/uploads\\\/2025\\\/09\\\/giancarlo-vallauri-ammiraglio.jpg\",\"datePublished\":\"2025-09-24T22:02:00+00:00\",\"dateModified\":\"2026-03-26T14:16:52+00:00\",\"breadcrumb\":{\"@id\":\"https:\\\/\\\/www.ocean4future.org\\\/savetheocean\\\/archives\\\/120774#breadcrumb\"},\"inLanguage\":\"it-IT\",\"potentialAction\":[{\"@type\":\"ReadAction\",\"target\":[\"https:\\\/\\\/www.ocean4future.org\\\/savetheocean\\\/archives\\\/120774\"]}]},{\"@type\":\"ImageObject\",\"inLanguage\":\"it-IT\",\"@id\":\"https:\\\/\\\/www.ocean4future.org\\\/savetheocean\\\/archives\\\/120774#primaryimage\",\"url\":\"https:\\\/\\\/www.ocean4future.org\\\/savetheocean\\\/wp-content\\\/uploads\\\/2025\\\/09\\\/giancarlo-vallauri-ammiraglio.jpg\",\"contentUrl\":\"https:\\\/\\\/www.ocean4future.org\\\/savetheocean\\\/wp-content\\\/uploads\\\/2025\\\/09\\\/giancarlo-vallauri-ammiraglio.jpg\",\"width\":360,\"height\":480},{\"@type\":\"BreadcrumbList\",\"@id\":\"https:\\\/\\\/www.ocean4future.org\\\/savetheocean\\\/archives\\\/120774#breadcrumb\",\"itemListElement\":[{\"@type\":\"ListItem\",\"position\":1,\"name\":\"Home\",\"item\":\"https:\\\/\\\/www.ocean4future.org\\\/savetheocean\"},{\"@type\":\"ListItem\",\"position\":2,\"name\":\"La Regia Maria italiana e lo sviluppo dei servizi di telecomunicazione\"}]},{\"@type\":\"WebSite\",\"@id\":\"https:\\\/\\\/www.ocean4future.org\\\/savetheocean\\\/#website\",\"url\":\"https:\\\/\\\/www.ocean4future.org\\\/savetheocean\\\/\",\"name\":\"Ocean 4 Future\",\"description\":\"Per una nuova cultura del mare e della marittimit\u00e0\",\"publisher\":{\"@id\":\"https:\\\/\\\/www.ocean4future.org\\\/savetheocean\\\/#\\\/schema\\\/person\\\/4e1c26437054353074d7bb2efa77162c\"},\"potentialAction\":[{\"@type\":\"SearchAction\",\"target\":{\"@type\":\"EntryPoint\",\"urlTemplate\":\"https:\\\/\\\/www.ocean4future.org\\\/savetheocean\\\/?s={search_term_string}\"},\"query-input\":{\"@type\":\"PropertyValueSpecification\",\"valueRequired\":true,\"valueName\":\"search_term_string\"}}],\"inLanguage\":\"it-IT\"},{\"@type\":[\"Person\",\"Organization\"],\"@id\":\"https:\\\/\\\/www.ocean4future.org\\\/savetheocean\\\/#\\\/schema\\\/person\\\/4e1c26437054353074d7bb2efa77162c\",\"name\":\"oceandiver\",\"image\":{\"@type\":\"ImageObject\",\"inLanguage\":\"it-IT\",\"@id\":\"https:\\\/\\\/www.ocean4future.org\\\/savetheocean\\\/wp-content\\\/uploads\\\/2023\\\/04\\\/logo-ocean3.jpg\",\"url\":\"https:\\\/\\\/www.ocean4future.org\\\/savetheocean\\\/wp-content\\\/uploads\\\/2023\\\/04\\\/logo-ocean3.jpg\",\"contentUrl\":\"https:\\\/\\\/www.ocean4future.org\\\/savetheocean\\\/wp-content\\\/uploads\\\/2023\\\/04\\\/logo-ocean3.jpg\",\"width\":472,\"height\":301,\"caption\":\"oceandiver\"},\"logo\":{\"@id\":\"https:\\\/\\\/www.ocean4future.org\\\/savetheocean\\\/wp-content\\\/uploads\\\/2023\\\/04\\\/logo-ocean3.jpg\"}},{\"@type\":\"Person\",\"@id\":\"https:\\\/\\\/www.ocean4future.org\\\/savetheocean\\\/#\\\/schema\\\/person\\\/7d024833a7d3784b692b375bd72ea501\",\"name\":\"Gian Carlo Poddighe\",\"image\":{\"@type\":\"ImageObject\",\"inLanguage\":\"it-IT\",\"@id\":\"https:\\\/\\\/secure.gravatar.com\\\/avatar\\\/8a380c37e048f5be58bf374feb48f50096bda65840a148fddb2847d7a421fc81?s=96&d=mm&r=g\",\"url\":\"https:\\\/\\\/secure.gravatar.com\\\/avatar\\\/8a380c37e048f5be58bf374feb48f50096bda65840a148fddb2847d7a421fc81?s=96&d=mm&r=g\",\"contentUrl\":\"https:\\\/\\\/secure.gravatar.com\\\/avatar\\\/8a380c37e048f5be58bf374feb48f50096bda65840a148fddb2847d7a421fc81?s=96&d=mm&r=g\",\"caption\":\"Gian Carlo Poddighe\"},\"description\":\"Ufficiale del Genio Navale della Marina Militare Italiana in congedo, nei suoi anni di servizio \u00e8 stato destinato a bordo di unit\u00e0 di superficie, con diversi tipi di apparato motore, Diesel, Vapore, TAG. Transitato all\u2019industria nazionale ha svolto incarichi di responsabilit\u00e0 per le costruzioni della prima legge navale diventando promotore delle Mostre Navali Italiane. Ha occupato posizioni dirigenziali sia nel settore impiantistico che delle grandi opere e dell\u2019industria automobilistica, occupandosi della diversificazione produttiva e dei progetti di decarbonizzazione, con il passaggio alle motorizzazioni GNV. E\u2019 stato membro dei CdA di alcune importanti JV internazionali nei settori metallurgico, infrastrutturale ed automotive ed \u00e8 stato chiamato a far parte di commissioni specialistiche da parte di organismi internazionali, tra cui rilevanti quelle in materia di disaster management. Giornalista iscritto all\u2019OdG nazionale dal 1982, ha collaborato con periodici e quotidiani, ed \u00e8 stato direttore responsabile di quotidiani ricoprendo incarichi di vertice in societ\u00e0 editoriali. Membro di alcuni Think Tank geopolitici, collabora con quotidiani soprattutto per corrispondenze all\u2019estero, pubblica on line su testate del settore marittimo e navale italiane ed internazionali. Non ultimo ha pubblicato una serie di pregevoli saggi sull\u2019evoluzione tecnologica e militare sino alla 2^ Guerra Mondiale, in particolare della Regia Marina, pubblicati da Academia.edu.\",\"sameAs\":[\"https:\\\/\\\/independent.academia.edu\\\/\"],\"url\":\"https:\\\/\\\/www.ocean4future.org\\\/savetheocean\\\/archives\\\/author\\\/gian-carlo-poddighe\"}]}<\/script>\n<!-- \/ Yoast SEO plugin. -->","yoast_head_json":{"title":"La Regia Maria italiana e lo sviluppo dei servizi di telecomunicazione &#8226; OCEAN4FUTURE autore","robots":{"index":"index","follow":"follow","max-snippet":"max-snippet:-1","max-image-preview":"max-image-preview:large","max-video-preview":"max-video-preview:-1"},"canonical":"https:\/\/www.ocean4future.org\/savetheocean\/archives\/120774","og_locale":"it_IT","og_type":"article","og_title":"La Regia Maria italiana e lo sviluppo dei servizi di telecomunicazione &#8226; OCEAN4FUTURE autore","og_description":"tempo di lettura:  5 minuti. . ARGOMENTO: STORIA CONTEMPORANEA PERIODO: XX SECOLO AREA: RADIOTECNICA parole chiave: Radio, Guglielmo Marconi, Giancarlo Vallauri . Malgrado l\u2019influenza di Guglielmo Marconi e l\u2019incondizionato appoggio imposto dalla politica alla Regia Marina per favorirne le esperienze e la costituzione dei primi servizi di telecomunicazione, la Prima Guerra Mondiale trov\u00f2 la Regia Marina e le sue [&hellip;]","og_url":"https:\/\/www.ocean4future.org\/savetheocean\/archives\/120774","og_site_name":"OCEAN4FUTURE","article_published_time":"2025-09-24T22:02:00+00:00","article_modified_time":"2026-03-26T14:16:52+00:00","og_image":[{"width":360,"height":480,"url":"https:\/\/www.ocean4future.org\/savetheocean\/wp-content\/uploads\/2025\/09\/giancarlo-vallauri-ammiraglio.jpg","type":"image\/jpeg"}],"author":"Gian Carlo Poddighe","twitter_card":"summary_large_image","twitter_creator":"@ocean4future","twitter_site":"@ocean4future","twitter_misc":{"Scritto da":"Gian Carlo Poddighe","Tempo di lettura stimato":"8 minuti"},"schema":{"@context":"https:\/\/schema.org","@graph":[{"@type":"Article","@id":"https:\/\/www.ocean4future.org\/savetheocean\/archives\/120774#article","isPartOf":{"@id":"https:\/\/www.ocean4future.org\/savetheocean\/archives\/120774"},"author":{"name":"Gian Carlo Poddighe","@id":"https:\/\/www.ocean4future.org\/savetheocean\/#\/schema\/person\/7d024833a7d3784b692b375bd72ea501"},"headline":"La Regia Maria italiana e lo sviluppo dei servizi di telecomunicazione","datePublished":"2025-09-24T22:02:00+00:00","dateModified":"2026-03-26T14:16:52+00:00","mainEntityOfPage":{"@id":"https:\/\/www.ocean4future.org\/savetheocean\/archives\/120774"},"wordCount":1254,"commentCount":0,"publisher":{"@id":"https:\/\/www.ocean4future.org\/savetheocean\/#\/schema\/person\/4e1c26437054353074d7bb2efa77162c"},"image":{"@id":"https:\/\/www.ocean4future.org\/savetheocean\/archives\/120774#primaryimage"},"thumbnailUrl":"https:\/\/www.ocean4future.org\/savetheocean\/wp-content\/uploads\/2025\/09\/giancarlo-vallauri-ammiraglio.jpg","articleSection":["Storia"],"inLanguage":"it-IT","potentialAction":[{"@type":"CommentAction","name":"Comment","target":["https:\/\/www.ocean4future.org\/savetheocean\/archives\/120774#respond"]}]},{"@type":"WebPage","@id":"https:\/\/www.ocean4future.org\/savetheocean\/archives\/120774","url":"https:\/\/www.ocean4future.org\/savetheocean\/archives\/120774","name":"La Regia Maria italiana e lo sviluppo dei servizi di telecomunicazione &#8226; OCEAN4FUTURE autore","isPartOf":{"@id":"https:\/\/www.ocean4future.org\/savetheocean\/#website"},"primaryImageOfPage":{"@id":"https:\/\/www.ocean4future.org\/savetheocean\/archives\/120774#primaryimage"},"image":{"@id":"https:\/\/www.ocean4future.org\/savetheocean\/archives\/120774#primaryimage"},"thumbnailUrl":"https:\/\/www.ocean4future.org\/savetheocean\/wp-content\/uploads\/2025\/09\/giancarlo-vallauri-ammiraglio.jpg","datePublished":"2025-09-24T22:02:00+00:00","dateModified":"2026-03-26T14:16:52+00:00","breadcrumb":{"@id":"https:\/\/www.ocean4future.org\/savetheocean\/archives\/120774#breadcrumb"},"inLanguage":"it-IT","potentialAction":[{"@type":"ReadAction","target":["https:\/\/www.ocean4future.org\/savetheocean\/archives\/120774"]}]},{"@type":"ImageObject","inLanguage":"it-IT","@id":"https:\/\/www.ocean4future.org\/savetheocean\/archives\/120774#primaryimage","url":"https:\/\/www.ocean4future.org\/savetheocean\/wp-content\/uploads\/2025\/09\/giancarlo-vallauri-ammiraglio.jpg","contentUrl":"https:\/\/www.ocean4future.org\/savetheocean\/wp-content\/uploads\/2025\/09\/giancarlo-vallauri-ammiraglio.jpg","width":360,"height":480},{"@type":"BreadcrumbList","@id":"https:\/\/www.ocean4future.org\/savetheocean\/archives\/120774#breadcrumb","itemListElement":[{"@type":"ListItem","position":1,"name":"Home","item":"https:\/\/www.ocean4future.org\/savetheocean"},{"@type":"ListItem","position":2,"name":"La Regia Maria italiana e lo sviluppo dei servizi di telecomunicazione"}]},{"@type":"WebSite","@id":"https:\/\/www.ocean4future.org\/savetheocean\/#website","url":"https:\/\/www.ocean4future.org\/savetheocean\/","name":"Ocean 4 Future","description":"Per una nuova cultura del mare e della marittimit\u00e0","publisher":{"@id":"https:\/\/www.ocean4future.org\/savetheocean\/#\/schema\/person\/4e1c26437054353074d7bb2efa77162c"},"potentialAction":[{"@type":"SearchAction","target":{"@type":"EntryPoint","urlTemplate":"https:\/\/www.ocean4future.org\/savetheocean\/?s={search_term_string}"},"query-input":{"@type":"PropertyValueSpecification","valueRequired":true,"valueName":"search_term_string"}}],"inLanguage":"it-IT"},{"@type":["Person","Organization"],"@id":"https:\/\/www.ocean4future.org\/savetheocean\/#\/schema\/person\/4e1c26437054353074d7bb2efa77162c","name":"oceandiver","image":{"@type":"ImageObject","inLanguage":"it-IT","@id":"https:\/\/www.ocean4future.org\/savetheocean\/wp-content\/uploads\/2023\/04\/logo-ocean3.jpg","url":"https:\/\/www.ocean4future.org\/savetheocean\/wp-content\/uploads\/2023\/04\/logo-ocean3.jpg","contentUrl":"https:\/\/www.ocean4future.org\/savetheocean\/wp-content\/uploads\/2023\/04\/logo-ocean3.jpg","width":472,"height":301,"caption":"oceandiver"},"logo":{"@id":"https:\/\/www.ocean4future.org\/savetheocean\/wp-content\/uploads\/2023\/04\/logo-ocean3.jpg"}},{"@type":"Person","@id":"https:\/\/www.ocean4future.org\/savetheocean\/#\/schema\/person\/7d024833a7d3784b692b375bd72ea501","name":"Gian Carlo Poddighe","image":{"@type":"ImageObject","inLanguage":"it-IT","@id":"https:\/\/secure.gravatar.com\/avatar\/8a380c37e048f5be58bf374feb48f50096bda65840a148fddb2847d7a421fc81?s=96&d=mm&r=g","url":"https:\/\/secure.gravatar.com\/avatar\/8a380c37e048f5be58bf374feb48f50096bda65840a148fddb2847d7a421fc81?s=96&d=mm&r=g","contentUrl":"https:\/\/secure.gravatar.com\/avatar\/8a380c37e048f5be58bf374feb48f50096bda65840a148fddb2847d7a421fc81?s=96&d=mm&r=g","caption":"Gian Carlo Poddighe"},"description":"Ufficiale del Genio Navale della Marina Militare Italiana in congedo, nei suoi anni di servizio \u00e8 stato destinato a bordo di unit\u00e0 di superficie, con diversi tipi di apparato motore, Diesel, Vapore, TAG. Transitato all\u2019industria nazionale ha svolto incarichi di responsabilit\u00e0 per le costruzioni della prima legge navale diventando promotore delle Mostre Navali Italiane. Ha occupato posizioni dirigenziali sia nel settore impiantistico che delle grandi opere e dell\u2019industria automobilistica, occupandosi della diversificazione produttiva e dei progetti di decarbonizzazione, con il passaggio alle motorizzazioni GNV. E\u2019 stato membro dei CdA di alcune importanti JV internazionali nei settori metallurgico, infrastrutturale ed automotive ed \u00e8 stato chiamato a far parte di commissioni specialistiche da parte di organismi internazionali, tra cui rilevanti quelle in materia di disaster management. Giornalista iscritto all\u2019OdG nazionale dal 1982, ha collaborato con periodici e quotidiani, ed \u00e8 stato direttore responsabile di quotidiani ricoprendo incarichi di vertice in societ\u00e0 editoriali. Membro di alcuni Think Tank geopolitici, collabora con quotidiani soprattutto per corrispondenze all\u2019estero, pubblica on line su testate del settore marittimo e navale italiane ed internazionali. Non ultimo ha pubblicato una serie di pregevoli saggi sull\u2019evoluzione tecnologica e militare sino alla 2^ Guerra Mondiale, in particolare della Regia Marina, pubblicati da Academia.edu.","sameAs":["https:\/\/independent.academia.edu\/"],"url":"https:\/\/www.ocean4future.org\/savetheocean\/archives\/author\/gian-carlo-poddighe"}]}},"_links":{"self":[{"href":"https:\/\/www.ocean4future.org\/savetheocean\/wp-json\/wp\/v2\/posts\/120774","targetHints":{"allow":["GET"]}}],"collection":[{"href":"https:\/\/www.ocean4future.org\/savetheocean\/wp-json\/wp\/v2\/posts"}],"about":[{"href":"https:\/\/www.ocean4future.org\/savetheocean\/wp-json\/wp\/v2\/types\/post"}],"author":[{"embeddable":true,"href":"https:\/\/www.ocean4future.org\/savetheocean\/wp-json\/wp\/v2\/users\/2391"}],"replies":[{"embeddable":true,"href":"https:\/\/www.ocean4future.org\/savetheocean\/wp-json\/wp\/v2\/comments?post=120774"}],"version-history":[{"count":1,"href":"https:\/\/www.ocean4future.org\/savetheocean\/wp-json\/wp\/v2\/posts\/120774\/revisions"}],"predecessor-version":[{"id":126921,"href":"https:\/\/www.ocean4future.org\/savetheocean\/wp-json\/wp\/v2\/posts\/120774\/revisions\/126921"}],"wp:featuredmedia":[{"embeddable":true,"href":"https:\/\/www.ocean4future.org\/savetheocean\/wp-json\/wp\/v2\/media\/121093"}],"wp:attachment":[{"href":"https:\/\/www.ocean4future.org\/savetheocean\/wp-json\/wp\/v2\/media?parent=120774"}],"wp:term":[{"taxonomy":"category","embeddable":true,"href":"https:\/\/www.ocean4future.org\/savetheocean\/wp-json\/wp\/v2\/categories?post=120774"},{"taxonomy":"post_tag","embeddable":true,"href":"https:\/\/www.ocean4future.org\/savetheocean\/wp-json\/wp\/v2\/tags?post=120774"}],"curies":[{"name":"wp","href":"https:\/\/api.w.org\/{rel}","templated":true}]}}