{"id":120127,"date":"2025-08-29T00:02:00","date_gmt":"2025-08-28T22:02:00","guid":{"rendered":"https:\/\/www.ocean4future.org\/savetheocean\/?p=120127"},"modified":"2025-08-25T12:17:39","modified_gmt":"2025-08-25T10:17:39","slug":"il-lungo-e-difficile-cammino-verso-la-conquista-del-potere-navale","status":"publish","type":"post","link":"https:\/\/www.ocean4future.org\/savetheocean\/archives\/120127","title":{"rendered":"Nascita del potere marittimo statunitense: dalle ceneri della guerra civile alla necessit\u00e0 di una marina oceanica"},"content":{"rendered":"<span class=\"span-reading-time rt-reading-time\" style=\"display: block;\"><span class=\"rt-label rt-prefix\">tempo di lettura: <\/span> <span class=\"rt-time\"> 5<\/span> <span class=\"rt-label rt-postfix\">minuti<\/span><\/span><p><span style=\"color: #ffffff;\">.<\/span><\/p>\n<a class=\"maxbutton-4 maxbutton maxbutton-livello-di-comprensione\" href=\"javascript:void(0);\"><span class='mb-text'>livello elementare<\/span><\/a>\n<p><span style=\"color: #ffffff;\">.<\/span><\/p>\n<p><strong><span style=\"color: #008000;\">ARGOMENTO: STORIA NAVALE<\/span><\/strong><br \/>\n<strong><span style=\"color: #008000;\">PERIODO: XIX SECOLO<\/span><\/strong><br \/>\n<strong><span style=\"color: #008000;\">AREA: OCEANI<\/span><\/strong><br \/>\nparole chiave: politica navale statunitense<br \/>\n<span style=\"color: #ffffff;\">.<\/span><\/p>\n<p style=\"text-align: justify;\">Per comprendere le ambizioni di oggi bisogna rileggere il passato. Nel 1890 non era per nulla scontato che gli Stati Uniti avessero una vocazione marittima n\u00e9 potessero diventare una potenza navale, n\u00e9 regionale e tanto meno globale. Le capacit\u00e0 navali e di proiezione marittima degli Stati Uniti si sono trasformate in meno di una generazione da quelle di una piccola potenza, dubbiosamente alla pari con il Cile negli anni &#8217;80 dell&#8217;Ottocento, a quelle di una potenza globale.<\/p>\n<p><img decoding=\"async\" class=\"wp-image-120236 size-full\" src=\"https:\/\/www.ocean4future.org\/savetheocean\/wp-content\/uploads\/2025\/08\/SanFranciscoharbor1851c_sharp-WIKIPEDIA-e1755097856918.jpg\" alt=\"\" width=\"680\" height=\"456\" \/><\/p>\n<p align=\"JUSTIFY\"><strong><span style=\"color: #008000;\">l&#8217;affollato porto di San Francisco a Yerba Buena Cove (1850 o 1851) \u2014 con Yerba Buena Island e le Berkeley Hills, sullo sfondo<\/span><\/strong>\u00a0 <a href=\"https:\/\/en.wikipedia.org\/wiki\/File:SanFranciscoharbor1851c_sharp.jpg\">San Francisco harbor 1851c sharp.jpg &#8211; Wikipedia<\/a><\/p>\n<p style=\"text-align: justify;\">Malgrado certi presupposti della prima met\u00e0 del secolo, nella seconda met\u00e0 dello stesso <strong><span style=\"color: #008000;\">marittimit\u00e0 e potere navale<\/span><\/strong> non sono stati certamente politica di stato degli Stati Uniti, squassati da una devastante guerra civile dai notevoli strascichi e da una conquista del West come priorit\u00e0 &#8211; nel 1886 erano in corso le guerre indiane. <strong><span style=\"color: #008000;\">La marittimit\u00e0 non era quindi una vocazione anche se il trasporto marittimo era una necessit\u00e0 assoluta,<\/span><\/strong> una condizionante della crescita e dell\u2019unificazione di un paese affacciato su due oceani e nei fatti privo di una sua continuit\u00e0 territoriale.<\/p>\n<p><img decoding=\"async\" class=\"wp-image-120237 size-full\" src=\"https:\/\/www.ocean4future.org\/savetheocean\/wp-content\/uploads\/2025\/08\/PanamaCanal1913a-wikipedia-e1755098291889.jpg\" alt=\"\" width=\"650\" height=\"138\" \/><\/p>\n<p align=\"justify\"><strong><span style=\"color: #008000;\">versione restaurata del taglio del canale di Panama, 1913<\/span> <\/strong><a href=\"https:\/\/commons.wikimedia.org\/wiki\/File:PanamaCanal1913a.jpg\">Panama Canal 1913a.jpg &#8211; Wikimedia Commons<\/a><\/p>\n<p style=\"text-align: justify;\">Prima dell\u2019apertura del canale di Panama (vedi foto) la rotta del Capo Horn era vitale non solo per il commercio internazionale ma per la stessa economia interna in quanto, per molto tempo, il trasporto marittimo, effettuato a vela, via capo Horn, risult\u00f2 pi\u00f9 economico che la traversata terrestre del territorio americano da est a ovest. Con l\u2019avvento della navigazione vapore (e negli Stati Uniti con la costruzione di una rete ferroviaria tra le due coste) di fatto acu\u00ec la crisi della US Navy impiegata su rotte cos\u00ec estese e prive di supporti sicuri. <strong><span style=\"color: #008000;\">Il Pacifico era vitale per la crescita e l\u2019espansione dei giovani Stati Uniti, e l\u2019accesso al Pacifico riguardava anche le rotte che potevano essere controllate da una (allora non trascurabile) \u201cpotenza\u201d come il Cile.<\/span> <\/strong>Quale credibilit\u00e0 e quale (non) potere navale? Se poteva essere messa in crisi la rotta di accesso dal sud, qual era la sicurezza delle rotte trans-pacifiche?<\/p>\n<p><img decoding=\"async\" class=\"alignnone wp-image-93352\" src=\"https:\/\/www.ocean4future.org\/savetheocean\/wp-content\/uploads\/2023\/06\/GEOPOLITICA-INFLUENZA-CENTRO-AMERICA-PANAMA-1895NicaraguaCanalCartoon.jpg\" alt=\"\" width=\"655\" height=\"846\" srcset=\"https:\/\/www.ocean4future.org\/savetheocean\/wp-content\/uploads\/2023\/06\/GEOPOLITICA-INFLUENZA-CENTRO-AMERICA-PANAMA-1895NicaraguaCanalCartoon.jpg 384w, https:\/\/www.ocean4future.org\/savetheocean\/wp-content\/uploads\/2023\/06\/GEOPOLITICA-INFLUENZA-CENTRO-AMERICA-PANAMA-1895NicaraguaCanalCartoon-232x300.jpg 232w\" sizes=\"(max-width: 655px) 100vw, 655px\" \/><\/p>\n<p style=\"text-align: justify;\"><strong><span style=\"color: #008000;\">Domande che trovano una risposta nello sviluppo successivo della US Navy che doveva supportare i timidi tentativi di espansione degli Stati Uniti nel commercio e proiezione verso il Sud Est asiatico.<\/span><\/strong> Nella prima met\u00e0 dell\u2019Ottocento quello che sarebbe stato definito l\u2019 \u201cimpero americano\u201d ebbe un primo rapido avvio nell&#8217;Est e nel Sud-Est asiatico, a partire da due tentativi di occupazione di porti indonesiani nel 1832 e nel 1839 ed una breve occupazione di Danang (Vietnam) nel 1846. Da allora gli Stati Uniti cercarono di perseguire una sorta di egemonia commerciale e stabilire relazioni commerciali nell&#8217;Asia orientale e sud-orientale.<\/p>\n<p>&nbsp;<\/p>\n<p><img decoding=\"async\" class=\"wp-image-120233 size-full\" src=\"https:\/\/www.ocean4future.org\/savetheocean\/wp-content\/uploads\/2025\/08\/Commodore_Matthew_Calbraith_Perry-wikipedia.png\" alt=\"\" width=\"800\" height=\"997\" srcset=\"https:\/\/www.ocean4future.org\/savetheocean\/wp-content\/uploads\/2025\/08\/Commodore_Matthew_Calbraith_Perry-wikipedia.png 800w, https:\/\/www.ocean4future.org\/savetheocean\/wp-content\/uploads\/2025\/08\/Commodore_Matthew_Calbraith_Perry-wikipedia-241x300.png 241w, https:\/\/www.ocean4future.org\/savetheocean\/wp-content\/uploads\/2025\/08\/Commodore_Matthew_Calbraith_Perry-wikipedia-768x957.png 768w\" sizes=\"(max-width: 800px) 100vw, 800px\" \/><\/p>\n<p align=\"justify\"><strong><span style=\"color: #008000;\">Commodore Matthew Calbraith Perry, USN &#8211; circa 1856-1858 Fonte Metropolitan Museum of Art, online collection<\/span><\/strong> <a href=\"https:\/\/commons.wikimedia.org\/wiki\/File:Commodore_Matthew_Calbraith_Perry.png\">Commodore Matthew Calbraith Perry.png &#8211; Wikimedia Commons<\/a><\/p>\n<p style=\"text-align: justify;\">La stessa missione in Giappone del <strong><span style=\"color: #008000;\">Commodoro<\/span> <span style=\"color: #008000;\">Matthew Calbraith Perry, <\/span><\/strong>nel 1853, aveva anche l\u2019obbiettivo di stabilire una stazione di rifornimento per le navi americane in viaggio verso il lucroso mercato della Cina, un enorme paese che era rimasto isolato per oltre 200 anni. La conseguenza non fu solo il risveglio di un\u2019 \u201centit\u00e0\u201d poco nota, ma lo stimolo ad uscire da un isolamento che port\u00f2 l&#8217;impero giapponese a consolidarsi come stato\/nazione ed espandersi con la colonizzazione di Formosa (Taiwan) nel 1895 e la Corea nel 1910. Involontariamente per gli Stati Uniti la non voluta nascita e crescita di un antagonista: il Giappone.<\/p>\n<p><img decoding=\"async\" class=\"wp-image-120234 size-full\" src=\"https:\/\/www.ocean4future.org\/savetheocean\/wp-content\/uploads\/2025\/08\/Commodore_Perrys_second_fleet-wikipedia.jpg\" alt=\"\" width=\"750\" height=\"463\" \/><\/p>\n<p align=\"justify\"><strong><span style=\"color: #008000;\">la Seconda Flotta statunitense agli ordini di Perry al suo ritorno in Giappone nel 1854<br \/>\n<a href=\"https:\/\/commons.wikimedia.org\/wiki\/File:Commodore_Perry%27s_second_fleet.jpg\">Commodore Perry&#8217;s second fleet.jpg &#8211; Wikimedia Commons<\/a><br \/>\n<\/span><\/strong><\/p>\n<p style=\"text-align: justify;\">Alla fine degli anni &#8217;90, con la guerra ispano-americana prima e poi il conflitto filippino-americano (1899-1902), i due imperi &#8211; americano e giapponese &#8211; cercarono l\u2019egemonia commerciale (e militare) nel Pacifico e sull\u2019intera Asia orientale e sudorientale, un processo che port\u00f2\u00a0 all\u2019inevitabile scontro della Seconda guerra mondiale. Un lungo e lento cammino degli Stati Uniti verso la consapevolezza e la ricerca del potere navale che ebbe come pilota &#8211; oggi si definirebbe influencer &#8211; <strong><span style=\"color: #008000;\">Alfred Thayer Mahan<\/span><\/strong>, ufficiale di Marina, insegnante, stratega, e precursore della geopolitica marittima (vedi foto).<\/p>\n<p><img decoding=\"async\" class=\" wp-image-68659\" src=\"https:\/\/www.ocean4future.org\/savetheocean\/wp-content\/uploads\/2022\/01\/Mahan.jpg\" alt=\"\" width=\"717\" height=\"969\" \/><\/p>\n<p style=\"text-align: justify;\">Proprio nel 1890 venne pubblicato il pi\u00f9 famoso dei suoi saggi, \u201c<strong><span style=\"color: #008000;\">The Influence of Sea Power Upon History<\/span><\/strong>\u201d, che reinterpreta la storia navale sino all\u2019et\u00e0 modern, elaborando una complessa e affascinante teoria del \u201cpotere marittimo\u201d. Mahan teorizza in forma chiara come la grandezza delle nazioni sia strettamente legata al predominio sul mare, indicando dove e come dove esercitarlo, sia in pace che in guerra, per negare all\u2019avversario vitali comunicazioni marittime e indebolire la sua potenza economica e militare. Nell\u2019ottica del tempo, e prendendo atto dello strapotere britannico con le stazioni di carbonamento, il Mahan teorizz\u00f2 come gli Stati dovevano acquisire basi strategiche all\u2019estero per rafforzare il proprio controllo dei mari, controllare stretti e infrastrutture strategiche, mentre le forze navali dovevano impegnare in battaglia quelle avversarie, impedire il commercio dei neutrali a favore del nemico, e fornire assistenza alle operazioni sulla terraferma: il quadro \u00e8 quello del \u201c<strong><span style=\"color: #008000;\">command of the sea<\/span><\/strong>\u201d (l\u2019utilizzo dello spazio marittimo solo a vantaggio della propria parte) che diventer\u00e0 un dogma della geopolitica marittima moderna.<\/p>\n<p><img decoding=\"async\" class=\"wp-image-120240 size-full\" src=\"https:\/\/www.ocean4future.org\/savetheocean\/wp-content\/uploads\/2025\/08\/uniformi-xix-secolo-us-navy-e1755098867735.jpg\" alt=\"\" width=\"650\" height=\"918\" \/><\/p>\n<p align=\"justify\"><strong><span style=\"color: #008000;\">Uniformi della US Navy 1850 circa &#8211; Fonte US Navy Institute &#8211;<\/span> <\/strong><a href=\"https:\/\/www.history.navy.mil\/browse-by-topic\/heritage\/uniforms-and-personal-equipment\/uniforms-1852-1855.html\">Uniforms of the U.S. Navy 1852-1855<\/a><\/p>\n<p style=\"text-align: justify;\"><strong><span style=\"color: #008000;\">La strategia (navale) doveva quindi contare su forze sufficienti per fronteggiare l\u2019avversario e possibilmente battere il nemico in uno scontro finale per il controllo dei mari.<\/span><\/strong> Per sua fortuna, il Mahan era \u201cuomo di sistema\u201d, ben relazionato e le sue idee ebbero immediata udienza politica al massimo livello; il <strong><span style=\"color: #008000;\">Presidente Theodore Roosevelt<\/span><\/strong> lo considerava uno stretto collaboratore in materia di politica estera, in particolare a supporto dell\u2019ambizioso progetto del canale di Panama; di fatto la strategia del Mahan trovava applicazione sotto ogni aspetto nelle tumultuose vicende del canale, a partire dalla concessione colombiana del 1901 (all&#8217;epoca Panama era un dipartimento della Colombia) per costruire e gestire il canale per 100 anni. Di questo parler\u00f2 in un prossimo articolo.<br \/>\n<strong><span style=\"color: #008000;\">Gian Carlo Poddighe<br \/>\n<\/span><\/strong><span style=\"color: #ffffff;\">.<\/span><br \/>\n<span style=\"color: #ffffff;\">.<\/span><br \/>\n<a class=\"maxbutton-3 maxbutton maxbutton-pagina-principale\" target=\"_blank\" title=\"tooltip\" rel=\"nofollow noopener\" href=\"http:\/\/www.ocean4future.org\"><span class='mb-text'>PAGINA PRINCIPALE - HOME PAGE<\/span><\/a><br \/>\n<span style=\"color: #ffffff;\">.<\/span><br \/>\nAlcune delle immagini possono essere state prese dal web, citandone ove possibile gli autori e\/o le fonti. Se qualcuno desiderasse specificarne l\u2019autore o rimuoverle, pu\u00f2 scrivere a infoocean4future@gmail.com e provvederemo immediatamente alla correzione dell\u2019articolo<\/p>\n<p><span style=\"color: #ffffff;\">.<\/span><\/p>\n","protected":false},"excerpt":{"rendered":"<p><span class=\"span-reading-time rt-reading-time\" style=\"display: block;\"><span class=\"rt-label rt-prefix\">tempo di lettura: <\/span> <span class=\"rt-time\"> 5<\/span> <span class=\"rt-label rt-postfix\">minuti<\/span><\/span>. . ARGOMENTO: STORIA NAVALE PERIODO: XIX SECOLO AREA: OCEANI parole chiave: politica navale statunitense . Per comprendere le ambizioni di oggi bisogna rileggere il passato. Nel 1890 non era per nulla scontato che gli Stati Uniti avessero una vocazione marittima n\u00e9 potessero diventare una potenza navale, n\u00e9 regionale e tanto meno globale. Le capacit\u00e0 [&hellip;]<\/p>\n","protected":false},"author":2391,"featured_media":120234,"comment_status":"open","ping_status":"open","sticky":false,"template":"","format":"standard","meta":{"_acf_changed":false,"_monsterinsights_skip_tracking":false,"_monsterinsights_sitenote_active":false,"_monsterinsights_sitenote_note":"","_monsterinsights_sitenote_category":0,"footnotes":""},"categories":[83],"tags":[],"class_list":["post-120127","post","type-post","status-publish","format-standard","has-post-thumbnail","hentry","category-storia-navale"],"acf":[],"yoast_head":"<!-- This site is optimized with the Yoast SEO plugin v27.4 - https:\/\/yoast.com\/product\/yoast-seo-wordpress\/ -->\n<title>Nascita del potere marittimo statunitense: dalle ceneri della guerra civile alla necessit\u00e0 di una marina oceanica &#8226; OCEAN4FUTURE autore<\/title>\n<meta name=\"robots\" content=\"index, follow, max-snippet:-1, max-image-preview:large, max-video-preview:-1\" \/>\n<link rel=\"canonical\" href=\"https:\/\/www.ocean4future.org\/savetheocean\/archives\/120127\" \/>\n<meta property=\"og:locale\" content=\"it_IT\" \/>\n<meta property=\"og:type\" content=\"article\" \/>\n<meta property=\"og:title\" content=\"Nascita del potere marittimo statunitense: dalle ceneri della guerra civile alla necessit\u00e0 di una marina oceanica &#8226; OCEAN4FUTURE autore\" \/>\n<meta property=\"og:description\" content=\"tempo di lettura:  5 minuti. . ARGOMENTO: STORIA NAVALE PERIODO: XIX SECOLO AREA: OCEANI parole chiave: politica navale statunitense . Per comprendere le ambizioni di oggi bisogna rileggere il passato. Nel 1890 non era per nulla scontato che gli Stati Uniti avessero una vocazione marittima n\u00e9 potessero diventare una potenza navale, n\u00e9 regionale e tanto meno globale. Le capacit\u00e0 [&hellip;]\" \/>\n<meta property=\"og:url\" content=\"https:\/\/www.ocean4future.org\/savetheocean\/archives\/120127\" \/>\n<meta property=\"og:site_name\" content=\"OCEAN4FUTURE\" \/>\n<meta property=\"article:published_time\" content=\"2025-08-28T22:02:00+00:00\" \/>\n<meta property=\"og:image\" content=\"https:\/\/www.ocean4future.org\/savetheocean\/wp-content\/uploads\/2025\/08\/Commodore_Perrys_second_fleet-wikipedia-e1755098649987.jpg\" \/>\n\t<meta property=\"og:image:width\" content=\"650\" \/>\n\t<meta property=\"og:image:height\" content=\"401\" \/>\n\t<meta property=\"og:image:type\" content=\"image\/jpeg\" \/>\n<meta name=\"author\" content=\"Gian Carlo Poddighe\" \/>\n<meta name=\"twitter:card\" content=\"summary_large_image\" \/>\n<meta name=\"twitter:creator\" content=\"@ocean4future\" \/>\n<meta name=\"twitter:site\" content=\"@ocean4future\" \/>\n<meta name=\"twitter:label1\" content=\"Scritto da\" \/>\n\t<meta name=\"twitter:data1\" content=\"Gian Carlo Poddighe\" \/>\n\t<meta name=\"twitter:label2\" content=\"Tempo di lettura stimato\" \/>\n\t<meta name=\"twitter:data2\" content=\"8 minuti\" \/>\n<script type=\"application\/ld+json\" class=\"yoast-schema-graph\">{\"@context\":\"https:\\\/\\\/schema.org\",\"@graph\":[{\"@type\":\"Article\",\"@id\":\"https:\\\/\\\/www.ocean4future.org\\\/savetheocean\\\/archives\\\/120127#article\",\"isPartOf\":{\"@id\":\"https:\\\/\\\/www.ocean4future.org\\\/savetheocean\\\/archives\\\/120127\"},\"author\":{\"name\":\"Gian Carlo Poddighe\",\"@id\":\"https:\\\/\\\/www.ocean4future.org\\\/savetheocean\\\/#\\\/schema\\\/person\\\/7d024833a7d3784b692b375bd72ea501\"},\"headline\":\"Nascita del potere marittimo statunitense: dalle ceneri della guerra civile alla necessit\u00e0 di una marina oceanica\",\"datePublished\":\"2025-08-28T22:02:00+00:00\",\"mainEntityOfPage\":{\"@id\":\"https:\\\/\\\/www.ocean4future.org\\\/savetheocean\\\/archives\\\/120127\"},\"wordCount\":1108,\"commentCount\":0,\"publisher\":{\"@id\":\"https:\\\/\\\/www.ocean4future.org\\\/savetheocean\\\/#\\\/schema\\\/person\\\/4e1c26437054353074d7bb2efa77162c\"},\"image\":{\"@id\":\"https:\\\/\\\/www.ocean4future.org\\\/savetheocean\\\/archives\\\/120127#primaryimage\"},\"thumbnailUrl\":\"https:\\\/\\\/www.ocean4future.org\\\/savetheocean\\\/wp-content\\\/uploads\\\/2025\\\/08\\\/Commodore_Perrys_second_fleet-wikipedia-e1755098649987.jpg\",\"articleSection\":[\"Storia Navale\"],\"inLanguage\":\"it-IT\",\"potentialAction\":[{\"@type\":\"CommentAction\",\"name\":\"Comment\",\"target\":[\"https:\\\/\\\/www.ocean4future.org\\\/savetheocean\\\/archives\\\/120127#respond\"]}]},{\"@type\":\"WebPage\",\"@id\":\"https:\\\/\\\/www.ocean4future.org\\\/savetheocean\\\/archives\\\/120127\",\"url\":\"https:\\\/\\\/www.ocean4future.org\\\/savetheocean\\\/archives\\\/120127\",\"name\":\"Nascita del potere marittimo statunitense: dalle ceneri della guerra civile alla necessit\u00e0 di una marina oceanica &#8226; OCEAN4FUTURE autore\",\"isPartOf\":{\"@id\":\"https:\\\/\\\/www.ocean4future.org\\\/savetheocean\\\/#website\"},\"primaryImageOfPage\":{\"@id\":\"https:\\\/\\\/www.ocean4future.org\\\/savetheocean\\\/archives\\\/120127#primaryimage\"},\"image\":{\"@id\":\"https:\\\/\\\/www.ocean4future.org\\\/savetheocean\\\/archives\\\/120127#primaryimage\"},\"thumbnailUrl\":\"https:\\\/\\\/www.ocean4future.org\\\/savetheocean\\\/wp-content\\\/uploads\\\/2025\\\/08\\\/Commodore_Perrys_second_fleet-wikipedia-e1755098649987.jpg\",\"datePublished\":\"2025-08-28T22:02:00+00:00\",\"breadcrumb\":{\"@id\":\"https:\\\/\\\/www.ocean4future.org\\\/savetheocean\\\/archives\\\/120127#breadcrumb\"},\"inLanguage\":\"it-IT\",\"potentialAction\":[{\"@type\":\"ReadAction\",\"target\":[\"https:\\\/\\\/www.ocean4future.org\\\/savetheocean\\\/archives\\\/120127\"]}]},{\"@type\":\"ImageObject\",\"inLanguage\":\"it-IT\",\"@id\":\"https:\\\/\\\/www.ocean4future.org\\\/savetheocean\\\/archives\\\/120127#primaryimage\",\"url\":\"https:\\\/\\\/www.ocean4future.org\\\/savetheocean\\\/wp-content\\\/uploads\\\/2025\\\/08\\\/Commodore_Perrys_second_fleet-wikipedia-e1755098649987.jpg\",\"contentUrl\":\"https:\\\/\\\/www.ocean4future.org\\\/savetheocean\\\/wp-content\\\/uploads\\\/2025\\\/08\\\/Commodore_Perrys_second_fleet-wikipedia-e1755098649987.jpg\",\"width\":650,\"height\":401},{\"@type\":\"BreadcrumbList\",\"@id\":\"https:\\\/\\\/www.ocean4future.org\\\/savetheocean\\\/archives\\\/120127#breadcrumb\",\"itemListElement\":[{\"@type\":\"ListItem\",\"position\":1,\"name\":\"Home\",\"item\":\"https:\\\/\\\/www.ocean4future.org\\\/savetheocean\"},{\"@type\":\"ListItem\",\"position\":2,\"name\":\"Nascita del potere marittimo statunitense: dalle ceneri della guerra civile alla necessit\u00e0 di una marina oceanica\"}]},{\"@type\":\"WebSite\",\"@id\":\"https:\\\/\\\/www.ocean4future.org\\\/savetheocean\\\/#website\",\"url\":\"https:\\\/\\\/www.ocean4future.org\\\/savetheocean\\\/\",\"name\":\"Ocean 4 Future\",\"description\":\"Per una nuova cultura del mare e della marittimit\u00e0\",\"publisher\":{\"@id\":\"https:\\\/\\\/www.ocean4future.org\\\/savetheocean\\\/#\\\/schema\\\/person\\\/4e1c26437054353074d7bb2efa77162c\"},\"potentialAction\":[{\"@type\":\"SearchAction\",\"target\":{\"@type\":\"EntryPoint\",\"urlTemplate\":\"https:\\\/\\\/www.ocean4future.org\\\/savetheocean\\\/?s={search_term_string}\"},\"query-input\":{\"@type\":\"PropertyValueSpecification\",\"valueRequired\":true,\"valueName\":\"search_term_string\"}}],\"inLanguage\":\"it-IT\"},{\"@type\":[\"Person\",\"Organization\"],\"@id\":\"https:\\\/\\\/www.ocean4future.org\\\/savetheocean\\\/#\\\/schema\\\/person\\\/4e1c26437054353074d7bb2efa77162c\",\"name\":\"oceandiver\",\"image\":{\"@type\":\"ImageObject\",\"inLanguage\":\"it-IT\",\"@id\":\"https:\\\/\\\/www.ocean4future.org\\\/savetheocean\\\/wp-content\\\/uploads\\\/2023\\\/04\\\/logo-ocean3.jpg\",\"url\":\"https:\\\/\\\/www.ocean4future.org\\\/savetheocean\\\/wp-content\\\/uploads\\\/2023\\\/04\\\/logo-ocean3.jpg\",\"contentUrl\":\"https:\\\/\\\/www.ocean4future.org\\\/savetheocean\\\/wp-content\\\/uploads\\\/2023\\\/04\\\/logo-ocean3.jpg\",\"width\":472,\"height\":301,\"caption\":\"oceandiver\"},\"logo\":{\"@id\":\"https:\\\/\\\/www.ocean4future.org\\\/savetheocean\\\/wp-content\\\/uploads\\\/2023\\\/04\\\/logo-ocean3.jpg\"}},{\"@type\":\"Person\",\"@id\":\"https:\\\/\\\/www.ocean4future.org\\\/savetheocean\\\/#\\\/schema\\\/person\\\/7d024833a7d3784b692b375bd72ea501\",\"name\":\"Gian Carlo Poddighe\",\"image\":{\"@type\":\"ImageObject\",\"inLanguage\":\"it-IT\",\"@id\":\"https:\\\/\\\/secure.gravatar.com\\\/avatar\\\/8a380c37e048f5be58bf374feb48f50096bda65840a148fddb2847d7a421fc81?s=96&d=mm&r=g\",\"url\":\"https:\\\/\\\/secure.gravatar.com\\\/avatar\\\/8a380c37e048f5be58bf374feb48f50096bda65840a148fddb2847d7a421fc81?s=96&d=mm&r=g\",\"contentUrl\":\"https:\\\/\\\/secure.gravatar.com\\\/avatar\\\/8a380c37e048f5be58bf374feb48f50096bda65840a148fddb2847d7a421fc81?s=96&d=mm&r=g\",\"caption\":\"Gian Carlo Poddighe\"},\"description\":\"Ufficiale del Genio Navale della Marina Militare Italiana in congedo, nei suoi anni di servizio \u00e8 stato destinato a bordo di unit\u00e0 di superficie, con diversi tipi di apparato motore, Diesel, Vapore, TAG. Transitato all\u2019industria nazionale ha svolto incarichi di responsabilit\u00e0 per le costruzioni della prima legge navale diventando promotore delle Mostre Navali Italiane. Ha occupato posizioni dirigenziali sia nel settore impiantistico che delle grandi opere e dell\u2019industria automobilistica, occupandosi della diversificazione produttiva e dei progetti di decarbonizzazione, con il passaggio alle motorizzazioni GNV. E\u2019 stato membro dei CdA di alcune importanti JV internazionali nei settori metallurgico, infrastrutturale ed automotive ed \u00e8 stato chiamato a far parte di commissioni specialistiche da parte di organismi internazionali, tra cui rilevanti quelle in materia di disaster management. Giornalista iscritto all\u2019OdG nazionale dal 1982, ha collaborato con periodici e quotidiani, ed \u00e8 stato direttore responsabile di quotidiani ricoprendo incarichi di vertice in societ\u00e0 editoriali. Membro di alcuni Think Tank geopolitici, collabora con quotidiani soprattutto per corrispondenze all\u2019estero, pubblica on line su testate del settore marittimo e navale italiane ed internazionali. Non ultimo ha pubblicato una serie di pregevoli saggi sull\u2019evoluzione tecnologica e militare sino alla 2^ Guerra Mondiale, in particolare della Regia Marina, pubblicati da Academia.edu.\",\"sameAs\":[\"https:\\\/\\\/independent.academia.edu\\\/\"],\"url\":\"https:\\\/\\\/www.ocean4future.org\\\/savetheocean\\\/archives\\\/author\\\/gian-carlo-poddighe\"}]}<\/script>\n<!-- \/ Yoast SEO plugin. -->","yoast_head_json":{"title":"Nascita del potere marittimo statunitense: dalle ceneri della guerra civile alla necessit\u00e0 di una marina oceanica &#8226; OCEAN4FUTURE autore","robots":{"index":"index","follow":"follow","max-snippet":"max-snippet:-1","max-image-preview":"max-image-preview:large","max-video-preview":"max-video-preview:-1"},"canonical":"https:\/\/www.ocean4future.org\/savetheocean\/archives\/120127","og_locale":"it_IT","og_type":"article","og_title":"Nascita del potere marittimo statunitense: dalle ceneri della guerra civile alla necessit\u00e0 di una marina oceanica &#8226; OCEAN4FUTURE autore","og_description":"tempo di lettura:  5 minuti. . ARGOMENTO: STORIA NAVALE PERIODO: XIX SECOLO AREA: OCEANI parole chiave: politica navale statunitense . Per comprendere le ambizioni di oggi bisogna rileggere il passato. Nel 1890 non era per nulla scontato che gli Stati Uniti avessero una vocazione marittima n\u00e9 potessero diventare una potenza navale, n\u00e9 regionale e tanto meno globale. Le capacit\u00e0 [&hellip;]","og_url":"https:\/\/www.ocean4future.org\/savetheocean\/archives\/120127","og_site_name":"OCEAN4FUTURE","article_published_time":"2025-08-28T22:02:00+00:00","og_image":[{"width":650,"height":401,"url":"https:\/\/www.ocean4future.org\/savetheocean\/wp-content\/uploads\/2025\/08\/Commodore_Perrys_second_fleet-wikipedia-e1755098649987.jpg","type":"image\/jpeg"}],"author":"Gian Carlo Poddighe","twitter_card":"summary_large_image","twitter_creator":"@ocean4future","twitter_site":"@ocean4future","twitter_misc":{"Scritto da":"Gian Carlo Poddighe","Tempo di lettura stimato":"8 minuti"},"schema":{"@context":"https:\/\/schema.org","@graph":[{"@type":"Article","@id":"https:\/\/www.ocean4future.org\/savetheocean\/archives\/120127#article","isPartOf":{"@id":"https:\/\/www.ocean4future.org\/savetheocean\/archives\/120127"},"author":{"name":"Gian Carlo Poddighe","@id":"https:\/\/www.ocean4future.org\/savetheocean\/#\/schema\/person\/7d024833a7d3784b692b375bd72ea501"},"headline":"Nascita del potere marittimo statunitense: dalle ceneri della guerra civile alla necessit\u00e0 di una marina oceanica","datePublished":"2025-08-28T22:02:00+00:00","mainEntityOfPage":{"@id":"https:\/\/www.ocean4future.org\/savetheocean\/archives\/120127"},"wordCount":1108,"commentCount":0,"publisher":{"@id":"https:\/\/www.ocean4future.org\/savetheocean\/#\/schema\/person\/4e1c26437054353074d7bb2efa77162c"},"image":{"@id":"https:\/\/www.ocean4future.org\/savetheocean\/archives\/120127#primaryimage"},"thumbnailUrl":"https:\/\/www.ocean4future.org\/savetheocean\/wp-content\/uploads\/2025\/08\/Commodore_Perrys_second_fleet-wikipedia-e1755098649987.jpg","articleSection":["Storia Navale"],"inLanguage":"it-IT","potentialAction":[{"@type":"CommentAction","name":"Comment","target":["https:\/\/www.ocean4future.org\/savetheocean\/archives\/120127#respond"]}]},{"@type":"WebPage","@id":"https:\/\/www.ocean4future.org\/savetheocean\/archives\/120127","url":"https:\/\/www.ocean4future.org\/savetheocean\/archives\/120127","name":"Nascita del potere marittimo statunitense: dalle ceneri della guerra civile alla necessit\u00e0 di una marina oceanica &#8226; OCEAN4FUTURE autore","isPartOf":{"@id":"https:\/\/www.ocean4future.org\/savetheocean\/#website"},"primaryImageOfPage":{"@id":"https:\/\/www.ocean4future.org\/savetheocean\/archives\/120127#primaryimage"},"image":{"@id":"https:\/\/www.ocean4future.org\/savetheocean\/archives\/120127#primaryimage"},"thumbnailUrl":"https:\/\/www.ocean4future.org\/savetheocean\/wp-content\/uploads\/2025\/08\/Commodore_Perrys_second_fleet-wikipedia-e1755098649987.jpg","datePublished":"2025-08-28T22:02:00+00:00","breadcrumb":{"@id":"https:\/\/www.ocean4future.org\/savetheocean\/archives\/120127#breadcrumb"},"inLanguage":"it-IT","potentialAction":[{"@type":"ReadAction","target":["https:\/\/www.ocean4future.org\/savetheocean\/archives\/120127"]}]},{"@type":"ImageObject","inLanguage":"it-IT","@id":"https:\/\/www.ocean4future.org\/savetheocean\/archives\/120127#primaryimage","url":"https:\/\/www.ocean4future.org\/savetheocean\/wp-content\/uploads\/2025\/08\/Commodore_Perrys_second_fleet-wikipedia-e1755098649987.jpg","contentUrl":"https:\/\/www.ocean4future.org\/savetheocean\/wp-content\/uploads\/2025\/08\/Commodore_Perrys_second_fleet-wikipedia-e1755098649987.jpg","width":650,"height":401},{"@type":"BreadcrumbList","@id":"https:\/\/www.ocean4future.org\/savetheocean\/archives\/120127#breadcrumb","itemListElement":[{"@type":"ListItem","position":1,"name":"Home","item":"https:\/\/www.ocean4future.org\/savetheocean"},{"@type":"ListItem","position":2,"name":"Nascita del potere marittimo statunitense: dalle ceneri della guerra civile alla necessit\u00e0 di una marina oceanica"}]},{"@type":"WebSite","@id":"https:\/\/www.ocean4future.org\/savetheocean\/#website","url":"https:\/\/www.ocean4future.org\/savetheocean\/","name":"Ocean 4 Future","description":"Per una nuova cultura del mare e della marittimit\u00e0","publisher":{"@id":"https:\/\/www.ocean4future.org\/savetheocean\/#\/schema\/person\/4e1c26437054353074d7bb2efa77162c"},"potentialAction":[{"@type":"SearchAction","target":{"@type":"EntryPoint","urlTemplate":"https:\/\/www.ocean4future.org\/savetheocean\/?s={search_term_string}"},"query-input":{"@type":"PropertyValueSpecification","valueRequired":true,"valueName":"search_term_string"}}],"inLanguage":"it-IT"},{"@type":["Person","Organization"],"@id":"https:\/\/www.ocean4future.org\/savetheocean\/#\/schema\/person\/4e1c26437054353074d7bb2efa77162c","name":"oceandiver","image":{"@type":"ImageObject","inLanguage":"it-IT","@id":"https:\/\/www.ocean4future.org\/savetheocean\/wp-content\/uploads\/2023\/04\/logo-ocean3.jpg","url":"https:\/\/www.ocean4future.org\/savetheocean\/wp-content\/uploads\/2023\/04\/logo-ocean3.jpg","contentUrl":"https:\/\/www.ocean4future.org\/savetheocean\/wp-content\/uploads\/2023\/04\/logo-ocean3.jpg","width":472,"height":301,"caption":"oceandiver"},"logo":{"@id":"https:\/\/www.ocean4future.org\/savetheocean\/wp-content\/uploads\/2023\/04\/logo-ocean3.jpg"}},{"@type":"Person","@id":"https:\/\/www.ocean4future.org\/savetheocean\/#\/schema\/person\/7d024833a7d3784b692b375bd72ea501","name":"Gian Carlo Poddighe","image":{"@type":"ImageObject","inLanguage":"it-IT","@id":"https:\/\/secure.gravatar.com\/avatar\/8a380c37e048f5be58bf374feb48f50096bda65840a148fddb2847d7a421fc81?s=96&d=mm&r=g","url":"https:\/\/secure.gravatar.com\/avatar\/8a380c37e048f5be58bf374feb48f50096bda65840a148fddb2847d7a421fc81?s=96&d=mm&r=g","contentUrl":"https:\/\/secure.gravatar.com\/avatar\/8a380c37e048f5be58bf374feb48f50096bda65840a148fddb2847d7a421fc81?s=96&d=mm&r=g","caption":"Gian Carlo Poddighe"},"description":"Ufficiale del Genio Navale della Marina Militare Italiana in congedo, nei suoi anni di servizio \u00e8 stato destinato a bordo di unit\u00e0 di superficie, con diversi tipi di apparato motore, Diesel, Vapore, TAG. Transitato all\u2019industria nazionale ha svolto incarichi di responsabilit\u00e0 per le costruzioni della prima legge navale diventando promotore delle Mostre Navali Italiane. Ha occupato posizioni dirigenziali sia nel settore impiantistico che delle grandi opere e dell\u2019industria automobilistica, occupandosi della diversificazione produttiva e dei progetti di decarbonizzazione, con il passaggio alle motorizzazioni GNV. E\u2019 stato membro dei CdA di alcune importanti JV internazionali nei settori metallurgico, infrastrutturale ed automotive ed \u00e8 stato chiamato a far parte di commissioni specialistiche da parte di organismi internazionali, tra cui rilevanti quelle in materia di disaster management. Giornalista iscritto all\u2019OdG nazionale dal 1982, ha collaborato con periodici e quotidiani, ed \u00e8 stato direttore responsabile di quotidiani ricoprendo incarichi di vertice in societ\u00e0 editoriali. Membro di alcuni Think Tank geopolitici, collabora con quotidiani soprattutto per corrispondenze all\u2019estero, pubblica on line su testate del settore marittimo e navale italiane ed internazionali. Non ultimo ha pubblicato una serie di pregevoli saggi sull\u2019evoluzione tecnologica e militare sino alla 2^ Guerra Mondiale, in particolare della Regia Marina, pubblicati da Academia.edu.","sameAs":["https:\/\/independent.academia.edu\/"],"url":"https:\/\/www.ocean4future.org\/savetheocean\/archives\/author\/gian-carlo-poddighe"}]}},"_links":{"self":[{"href":"https:\/\/www.ocean4future.org\/savetheocean\/wp-json\/wp\/v2\/posts\/120127","targetHints":{"allow":["GET"]}}],"collection":[{"href":"https:\/\/www.ocean4future.org\/savetheocean\/wp-json\/wp\/v2\/posts"}],"about":[{"href":"https:\/\/www.ocean4future.org\/savetheocean\/wp-json\/wp\/v2\/types\/post"}],"author":[{"embeddable":true,"href":"https:\/\/www.ocean4future.org\/savetheocean\/wp-json\/wp\/v2\/users\/2391"}],"replies":[{"embeddable":true,"href":"https:\/\/www.ocean4future.org\/savetheocean\/wp-json\/wp\/v2\/comments?post=120127"}],"version-history":[{"count":0,"href":"https:\/\/www.ocean4future.org\/savetheocean\/wp-json\/wp\/v2\/posts\/120127\/revisions"}],"wp:featuredmedia":[{"embeddable":true,"href":"https:\/\/www.ocean4future.org\/savetheocean\/wp-json\/wp\/v2\/media\/120234"}],"wp:attachment":[{"href":"https:\/\/www.ocean4future.org\/savetheocean\/wp-json\/wp\/v2\/media?parent=120127"}],"wp:term":[{"taxonomy":"category","embeddable":true,"href":"https:\/\/www.ocean4future.org\/savetheocean\/wp-json\/wp\/v2\/categories?post=120127"},{"taxonomy":"post_tag","embeddable":true,"href":"https:\/\/www.ocean4future.org\/savetheocean\/wp-json\/wp\/v2\/tags?post=120127"}],"curies":[{"name":"wp","href":"https:\/\/api.w.org\/{rel}","templated":true}]}}