{"id":119975,"date":"2025-08-11T00:03:00","date_gmt":"2025-08-10T22:03:00","guid":{"rendered":"https:\/\/www.ocean4future.org\/savetheocean\/?p=119975"},"modified":"2025-08-13T17:48:10","modified_gmt":"2025-08-13T15:48:10","slug":"la-navigazione-alla-fine-del-medioevo","status":"publish","type":"post","link":"https:\/\/www.ocean4future.org\/savetheocean\/archives\/119975","title":{"rendered":"La navigazione marittima alla fine del Medioevo"},"content":{"rendered":"<span class=\"span-reading-time rt-reading-time\" style=\"display: block;\"><span class=\"rt-label rt-prefix\">tempo di lettura: <\/span> <span class=\"rt-time\"> 4<\/span> <span class=\"rt-label rt-postfix\">minuti<\/span><\/span><p><span style=\"color: #ffffff;\">.<\/span><\/p>\n<a class=\"maxbutton-4 maxbutton maxbutton-livello-di-comprensione\" href=\"javascript:void(0);\"><span class='mb-text'>livello elementare<\/span><\/a>\n<p><span style=\"color: #ffffff;\">.<\/span><\/p>\n<p><strong><span style=\"color: #008000;\">ARGOMENTO: STORIA DELLA NAVIGAZIONE<\/span><\/strong><br \/>\n<strong><span style=\"color: #008000;\">PERIODO:MEDIOEVO<\/span><\/strong><br \/>\n<strong><span style=\"color: #008000;\">AREA: EUROPA<\/span><\/strong><br \/>\nparole chiave: mari del Nord, Mediterraneo<\/p>\n<p style=\"text-align: justify;\">Nel Medioevo, nel Mare del Nord e nel Mar Baltico, la navigazione commerciale collegava l\u2019Inghilterra e i Paesi Bassi con la Russia e i Paesi vicini favorendo lo scambio di lana, vino e sale, con pellicce, ambra, birra e stoccafisso. La principale marineria dell\u2019epoca era quella della <strong><span style=\"color: #008000;\">Lega Anseatica<\/span><\/strong> (fondata nel 1143 a Lubecca) che utilizzava imbarcazioni adeguate alle condizioni metereologiche della zona; si trattava di navi a vela, in genere con un solo albero, con fasciame a clinker, reminiscenza delle navi vichinghe, di cui rinforzavano longitudinalmente lo scafo, non pontato, con tavole di fasciame parzialmente sovrapposte, per fornire quella robustezza longitudinale che ora si realizza con i correnti longitudinali.<\/p>\n<p><img decoding=\"async\" class=\"wp-image-120073 size-full\" src=\"https:\/\/www.ocean4future.org\/savetheocean\/wp-content\/uploads\/2025\/08\/lega-anseatic-Stadtrecht_P.Schiffrecht.MHG_.ajb_.jpg\" alt=\"\" width=\"800\" height=\"1188\" srcset=\"https:\/\/www.ocean4future.org\/savetheocean\/wp-content\/uploads\/2025\/08\/lega-anseatic-Stadtrecht_P.Schiffrecht.MHG_.ajb_.jpg 800w, https:\/\/www.ocean4future.org\/savetheocean\/wp-content\/uploads\/2025\/08\/lega-anseatic-Stadtrecht_P.Schiffrecht.MHG_.ajb_-202x300.jpg 202w, https:\/\/www.ocean4future.org\/savetheocean\/wp-content\/uploads\/2025\/08\/lega-anseatic-Stadtrecht_P.Schiffrecht.MHG_.ajb_-690x1024.jpg 690w, https:\/\/www.ocean4future.org\/savetheocean\/wp-content\/uploads\/2025\/08\/lega-anseatic-Stadtrecht_P.Schiffrecht.MHG_.ajb_-768x1140.jpg 768w\" sizes=\"(max-width: 800px) 100vw, 800px\" \/><\/p>\n<p align=\"justify\"><strong><span style=\"color: #008000;\">Immagine di copertina tratta dalla sezione sul diritto marittimo &#8220;Van schiprechte&#8221; &#8211; &#8220;Delle leggi sulla navigazione&#8221; in medio-basso tedesco &#8211; del diritto cittadino di Amburgo del 1497<\/span><\/strong>.<br \/>\n<a href=\"https:\/\/commons.wikimedia.org\/wiki\/File:Stadtrecht_P.Schiffrecht.MHG.ajb.jpg\">Stadtrecht P.Schiffrecht.MHG.ajb.jpg &#8211; Wikimedia Commons<\/a><\/p>\n<p style=\"text-align: justify;\">Nel Mediterraneo, lo stimolo maggiore al commercio marittimo era dato dalle spezie e, pi\u00f9 avanti nel tempo, dalla logistica delle Crociate. La nave tonda con propulsione a vela, di romana memoria, era ora armata con due alberi (vele quadre al trinchetto, vele auriche alla maestra) ed aveva il nome di <strong><span style=\"color: #008000;\">brigantino o fregata o feluca o galeotta<\/span><\/strong> mentre, quando gli alberi erano tre, s\u00ec chiamava <strong><span style=\"color: #008000;\">caracca<\/span><\/strong>. Le principali marinerie erano quelle delle cosiddette <strong><span style=\"color: #008000;\">Repubbliche Marinare (Venezia, Ancona, Ragusa, Amalfi, Gaeta, Pisa, Genova e Noli)<\/span> <\/strong>che, per periodi differenti e spesso in competizione tra loro, percorrevano le rotte commerciali con il vicino Oriente e, lungo le coste europee, fino al Mare del Nord, alle Fiandre. Voglio ricordare la storia della caracca<strong><span style=\"color: #008000;\">\u00a0Querina<\/span><\/strong>, partita da Venezia per le Fiandre al comando di Pietro Querini nel 1431 e naufragata nel Mare del Nord. La sua avventurosa storia meriterebbe un altro articolo per cui mi limiter\u00f2 a dire che i pochi superstiti \u2013 16 di 68 \u2013 riuscirono a raggiungere le isole Lofoten (Nord Norvegia) e da l\u00ec a rientrare, undici mesi pi\u00f9 tardi, il 12 ottobre 1432, a Venezia dando inizio alla commercializzazione dello stoccafisso in Italia.<\/p>\n<p style=\"text-align: justify;\">La costruzione delle imbarcazioni, con fasciame a paro, era compito dei maestri d\u2019ascia che si affidavano all\u2019esperienza maturata e alle sagome di legno, delle parti principali dello scafo (seste) di precedenti costruzioni ben riuscite, per impostare la nuova nave. I segreti del mestiere e il colpo d\u2019occhio del maestro d\u2019ascia erano fondamentali per realizzare l\u2019imbarcazione perch\u00e9 non esisteva niente di scritto cui fare riferimento.<\/p>\n<p><img decoding=\"async\" class=\"wp-image-65536 size-full\" src=\"https:\/\/www.ocean4future.org\/savetheocean\/wp-content\/uploads\/2021\/10\/portolano-XV-secolo-mediterraneo-scaled-e1754659512523.jpg\" alt=\"\" width=\"650\" height=\"400\" \/><\/p>\n<p align=\"justify\"><strong><span style=\"color: #008000;\">dettaglio di portolano del XV secolo &#8211; Library of Congress Washington D. C.<\/span><\/strong><\/p>\n<p style=\"text-align: justify;\">Per navigare ci si riferiva ai punti cospicui dei litorali e si seguiva la direzione dal porto di partenza a quello di destinazione aiutandosi con l\u2019osservazione degli astri (Sole, Luna, stelle) e sfruttando il regime dei venti. L\u2019esperienza maturata in precedenti viaggi per mare inizi\u00f2 a essere trascritta e cos\u00ec nacquero i moderni portolani, manuali che raccoglievano le informazioni d\u2019interesse lungo le rotte, e le carte nautiche che registravano la posizione dei porti e le direzioni da seguire per raggiungerli.<\/p>\n<p><img decoding=\"async\" class=\"wp-image-40698 size-full\" src=\"https:\/\/www.ocean4future.org\/savetheocean\/wp-content\/uploads\/2020\/03\/Bussola-nel-Livre-des-Merveilles-e1754661553734.jpg\" alt=\"\" width=\"640\" height=\"451\" \/><\/p>\n<p align=\"justify\"><strong><span style=\"color: #008000;\">dettaglio di una miniatura del XV secolo &#8211;\u00a0 Navigatori nell&#8217;Oceano Indiano che si orientano con stelle e astrolabio &#8211; Fonte &#8220;Il Libro delle Meraviglie del Mondo&#8221;, Ms. 2810, folio 188v, miniata dal Maestro di Egerton, scritta da John (Jehan) de Mandeville. Intorno al 1410-1412. BN, Parigi) &#8211; ID immagine: 1453717<\/span><\/strong><\/p>\n<p style=\"text-align: justify;\">Nel Mediterraneo si navigava con la bussola a 16 rombi (rombo=vento=direzione: oltre agli otto venti canonici erano segnati i mezzi-venti cio\u00e8 le direzioni intermedie), con i portolani e con la stima; le carte portolano, su cui erano disegnate le linee dei profili della costa e scritti i nomi dei diversi porti, riportavano, nelle posizioni pi\u00f9 opportune, i venti cio\u00e8 le direzioni su cui indirizzare la prora per raggiungere il porto desiderato.<\/p>\n<p><img decoding=\"async\" class=\"alignnone size-full wp-image-120071\" src=\"https:\/\/www.ocean4future.org\/savetheocean\/wp-content\/uploads\/2025\/08\/portolano-1550-mediterraneo-e1754659483167.jpg\" alt=\"\" width=\"650\" height=\"265\" \/><\/p>\n<p><span style=\"color: #008000;\"><strong>La pergamena portolano, anonima, rappresenta tutto il mare Mediterraneo XV secolo (Library of Congress Washington D. C.)<\/strong><\/span><\/p>\n<p style=\"text-align: justify;\">In pratica si faceva una navigazione piana cio\u00e8 assimilando la superficie marina a una superficie piana e ci\u00f2 era possibile perch\u00e9 le distanze erano brevi, anche quando si navigava fuori vista dalla costa. Questa pratica, tuttora in uso, non correttamente compresa nel passato, ha generato la falsa idea che nel medioevo pensassero che la superficie terrestre fosse piana e che la terra non fosse sferica.<\/p>\n<p><img decoding=\"async\" class=\"wp-image-120074 size-full\" src=\"https:\/\/www.ocean4future.org\/savetheocean\/wp-content\/uploads\/2025\/08\/640px-Astrolabe_18th_century_disassembled.jpg\" alt=\"\" width=\"640\" height=\"621\" srcset=\"https:\/\/www.ocean4future.org\/savetheocean\/wp-content\/uploads\/2025\/08\/640px-Astrolabe_18th_century_disassembled.jpg 640w, https:\/\/www.ocean4future.org\/savetheocean\/wp-content\/uploads\/2025\/08\/640px-Astrolabe_18th_century_disassembled-300x291.jpg 300w, https:\/\/www.ocean4future.org\/savetheocean\/wp-content\/uploads\/2025\/08\/640px-Astrolabe_18th_century_disassembled-50x50.jpg 50w\" sizes=\"(max-width: 640px) 100vw, 640px\" \/><\/p>\n<p align=\"justify\"><strong><span style=\"color: #008000;\">Diverse parti di un astrolabio del XVIII secolo, realizzato in Nord Africa.<\/span><span style=\"color: #008000;\"> <span class=\"jCAhz ChMk0b\"><span class=\"ryNqvb\">I primi astrolabi furono realizzati nel III secolo, ma gli astrolabi in ottone pi\u00f9 avanzati non apparvero prima del Medioevo (VIII e IX secolo).<\/span><\/span> <\/span><span style=\"color: #008000;\">L&#8217;astrolabio era uno strumento astronomico utilizzato da astronomi classici, navigatori e astrologi per la localizzazione e previsione della posizione del Sole, della Luna, dei pianeti e delle stelle; la determinazione dell&#8217;ora locale in base alla latitudine locale e viceversa; la topografia e la triangolazione. Nel mondo islamico medievale, venivano utilizzati principalmente per studi astronomici, ma anche in altri ambiti diversi come l&#8217;astrologia, la navigazione, la topografia, la misurazione del tempo, le preghiere del Salah e la Qibla.<br \/>\n<\/span><\/strong><a href=\"https:\/\/commons.wikimedia.org\/wiki\/File:Astrolabe,_18th_century,_disassembled.jpg\">Astrolabe, 18th century, disassembled.jpg &#8211; Wikimedia Commons<\/a><\/p>\n<p style=\"text-align: justify;\">In questo periodo si diffusero la bussola, la cartografia e i codici di navigazione (Tavole amalfitane, gli Statuti del mare anconetani e il Capitolare Nauticum di Venezia). Prendendo spunto dalla lettura del libro \u201cArte del navigare\u201d di Pedro da Medina (1554) nel prossimo articolo vi racconter\u00f2 come, da una navigazione praticamente di cabotaggio, si arriv\u00f2 ad attraversare l\u2019oceano Atlantico.<br \/>\n<strong><span style=\"color: #008000;\">Piero Carpani<\/span><\/strong><\/p>\n<p><span style=\"color: #ffffff;\">.<\/span><\/p>\n<p><a class=\"maxbutton-3 maxbutton maxbutton-pagina-principale\" target=\"_blank\" title=\"tooltip\" rel=\"nofollow noopener\" href=\"http:\/\/www.ocean4future.org\"><span class='mb-text'>PAGINA PRINCIPALE - HOME PAGE<\/span><\/a><br \/>\n<span style=\"color: #ffffff;\">.<\/span><\/p>\n<p style=\"text-align: justify;\">Alcune delle foto presenti in questo blog possono essere state prese dal web, citandone ove possibile gli autori e\/o le fonti. Se qualcuno desiderasse specificarne l\u2019autore o rimuoverle, pu\u00f2 scrivere a infoocean4future@gmail.com e provvederemo immediatamente alla correzione dell\u2019articolo<\/p>\n<p><span style=\"color: #ffffff;\">.<\/span><\/p>\n","protected":false},"excerpt":{"rendered":"<p><span class=\"span-reading-time rt-reading-time\" style=\"display: block;\"><span class=\"rt-label rt-prefix\">tempo di lettura: <\/span> <span class=\"rt-time\"> 4<\/span> <span class=\"rt-label rt-postfix\">minuti<\/span><\/span>. . ARGOMENTO: STORIA DELLA NAVIGAZIONE PERIODO:MEDIOEVO AREA: EUROPA parole chiave: mari del Nord, Mediterraneo Nel Medioevo, nel Mare del Nord e nel Mar Baltico, la navigazione commerciale collegava l\u2019Inghilterra e i Paesi Bassi con la Russia e i Paesi vicini favorendo lo scambio di lana, vino e sale, con pellicce, ambra, birra e stoccafisso. [&hellip;]<\/p>\n","protected":false},"author":4438,"featured_media":120074,"comment_status":"open","ping_status":"open","sticky":false,"template":"","format":"standard","meta":{"_acf_changed":false,"_monsterinsights_skip_tracking":false,"_monsterinsights_sitenote_active":false,"_monsterinsights_sitenote_note":"","_monsterinsights_sitenote_category":0,"footnotes":""},"categories":[83,2317],"tags":[],"class_list":["post-119975","post","type-post","status-publish","format-standard","has-post-thumbnail","hentry","category-storia-navale","category-medioevo"],"acf":[],"yoast_head":"<!-- This site is optimized with the Yoast SEO plugin v27.4 - https:\/\/yoast.com\/product\/yoast-seo-wordpress\/ -->\n<title>La navigazione marittima alla fine del Medioevo &#8226; OCEAN4FUTURE autore<\/title>\n<meta name=\"robots\" content=\"index, follow, max-snippet:-1, max-image-preview:large, max-video-preview:-1\" \/>\n<link rel=\"canonical\" href=\"https:\/\/www.ocean4future.org\/savetheocean\/archives\/119975\" \/>\n<meta property=\"og:locale\" content=\"it_IT\" \/>\n<meta property=\"og:type\" content=\"article\" \/>\n<meta property=\"og:title\" content=\"La navigazione marittima alla fine del Medioevo &#8226; OCEAN4FUTURE autore\" \/>\n<meta property=\"og:description\" content=\"tempo di lettura:  4 minuti. . ARGOMENTO: STORIA DELLA NAVIGAZIONE PERIODO:MEDIOEVO AREA: EUROPA parole chiave: mari del Nord, Mediterraneo Nel Medioevo, nel Mare del Nord e nel Mar Baltico, la navigazione commerciale collegava l\u2019Inghilterra e i Paesi Bassi con la Russia e i Paesi vicini favorendo lo scambio di lana, vino e sale, con pellicce, ambra, birra e stoccafisso. [&hellip;]\" \/>\n<meta property=\"og:url\" content=\"https:\/\/www.ocean4future.org\/savetheocean\/archives\/119975\" \/>\n<meta property=\"og:site_name\" content=\"OCEAN4FUTURE\" \/>\n<meta property=\"article:published_time\" content=\"2025-08-10T22:03:00+00:00\" \/>\n<meta property=\"article:modified_time\" content=\"2025-08-13T15:48:10+00:00\" \/>\n<meta property=\"og:image\" content=\"https:\/\/www.ocean4future.org\/savetheocean\/wp-content\/uploads\/2025\/08\/640px-Astrolabe_18th_century_disassembled.jpg\" \/>\n\t<meta property=\"og:image:width\" content=\"640\" \/>\n\t<meta property=\"og:image:height\" content=\"621\" \/>\n\t<meta property=\"og:image:type\" content=\"image\/jpeg\" \/>\n<meta name=\"author\" content=\"Piero Carpani\" \/>\n<meta name=\"twitter:card\" content=\"summary_large_image\" \/>\n<meta name=\"twitter:creator\" content=\"@ocean4future\" \/>\n<meta name=\"twitter:site\" content=\"@ocean4future\" \/>\n<meta name=\"twitter:label1\" content=\"Scritto da\" \/>\n\t<meta name=\"twitter:data1\" content=\"Piero Carpani\" \/>\n\t<meta name=\"twitter:label2\" content=\"Tempo di lettura stimato\" \/>\n\t<meta name=\"twitter:data2\" content=\"7 minuti\" \/>\n<script type=\"application\/ld+json\" class=\"yoast-schema-graph\">{\"@context\":\"https:\\\/\\\/schema.org\",\"@graph\":[{\"@type\":\"Article\",\"@id\":\"https:\\\/\\\/www.ocean4future.org\\\/savetheocean\\\/archives\\\/119975#article\",\"isPartOf\":{\"@id\":\"https:\\\/\\\/www.ocean4future.org\\\/savetheocean\\\/archives\\\/119975\"},\"author\":{\"name\":\"Piero Carpani\",\"@id\":\"https:\\\/\\\/www.ocean4future.org\\\/savetheocean\\\/#\\\/schema\\\/person\\\/965165c540de5feedd0a44d02d8a0a52\"},\"headline\":\"La navigazione marittima alla fine del Medioevo\",\"datePublished\":\"2025-08-10T22:03:00+00:00\",\"dateModified\":\"2025-08-13T15:48:10+00:00\",\"mainEntityOfPage\":{\"@id\":\"https:\\\/\\\/www.ocean4future.org\\\/savetheocean\\\/archives\\\/119975\"},\"wordCount\":973,\"commentCount\":0,\"publisher\":{\"@id\":\"https:\\\/\\\/www.ocean4future.org\\\/savetheocean\\\/#\\\/schema\\\/person\\\/4e1c26437054353074d7bb2efa77162c\"},\"image\":{\"@id\":\"https:\\\/\\\/www.ocean4future.org\\\/savetheocean\\\/archives\\\/119975#primaryimage\"},\"thumbnailUrl\":\"https:\\\/\\\/www.ocean4future.org\\\/savetheocean\\\/wp-content\\\/uploads\\\/2025\\\/08\\\/640px-Astrolabe_18th_century_disassembled.jpg\",\"articleSection\":[\"Storia Navale\",\"Storia navale del Medioevo (post 476 d.C. - 1492)\"],\"inLanguage\":\"it-IT\",\"potentialAction\":[{\"@type\":\"CommentAction\",\"name\":\"Comment\",\"target\":[\"https:\\\/\\\/www.ocean4future.org\\\/savetheocean\\\/archives\\\/119975#respond\"]}]},{\"@type\":\"WebPage\",\"@id\":\"https:\\\/\\\/www.ocean4future.org\\\/savetheocean\\\/archives\\\/119975\",\"url\":\"https:\\\/\\\/www.ocean4future.org\\\/savetheocean\\\/archives\\\/119975\",\"name\":\"La navigazione marittima alla fine del Medioevo &#8226; OCEAN4FUTURE autore\",\"isPartOf\":{\"@id\":\"https:\\\/\\\/www.ocean4future.org\\\/savetheocean\\\/#website\"},\"primaryImageOfPage\":{\"@id\":\"https:\\\/\\\/www.ocean4future.org\\\/savetheocean\\\/archives\\\/119975#primaryimage\"},\"image\":{\"@id\":\"https:\\\/\\\/www.ocean4future.org\\\/savetheocean\\\/archives\\\/119975#primaryimage\"},\"thumbnailUrl\":\"https:\\\/\\\/www.ocean4future.org\\\/savetheocean\\\/wp-content\\\/uploads\\\/2025\\\/08\\\/640px-Astrolabe_18th_century_disassembled.jpg\",\"datePublished\":\"2025-08-10T22:03:00+00:00\",\"dateModified\":\"2025-08-13T15:48:10+00:00\",\"breadcrumb\":{\"@id\":\"https:\\\/\\\/www.ocean4future.org\\\/savetheocean\\\/archives\\\/119975#breadcrumb\"},\"inLanguage\":\"it-IT\",\"potentialAction\":[{\"@type\":\"ReadAction\",\"target\":[\"https:\\\/\\\/www.ocean4future.org\\\/savetheocean\\\/archives\\\/119975\"]}]},{\"@type\":\"ImageObject\",\"inLanguage\":\"it-IT\",\"@id\":\"https:\\\/\\\/www.ocean4future.org\\\/savetheocean\\\/archives\\\/119975#primaryimage\",\"url\":\"https:\\\/\\\/www.ocean4future.org\\\/savetheocean\\\/wp-content\\\/uploads\\\/2025\\\/08\\\/640px-Astrolabe_18th_century_disassembled.jpg\",\"contentUrl\":\"https:\\\/\\\/www.ocean4future.org\\\/savetheocean\\\/wp-content\\\/uploads\\\/2025\\\/08\\\/640px-Astrolabe_18th_century_disassembled.jpg\",\"width\":640,\"height\":621},{\"@type\":\"BreadcrumbList\",\"@id\":\"https:\\\/\\\/www.ocean4future.org\\\/savetheocean\\\/archives\\\/119975#breadcrumb\",\"itemListElement\":[{\"@type\":\"ListItem\",\"position\":1,\"name\":\"Home\",\"item\":\"https:\\\/\\\/www.ocean4future.org\\\/savetheocean\"},{\"@type\":\"ListItem\",\"position\":2,\"name\":\"La navigazione marittima alla fine del Medioevo\"}]},{\"@type\":\"WebSite\",\"@id\":\"https:\\\/\\\/www.ocean4future.org\\\/savetheocean\\\/#website\",\"url\":\"https:\\\/\\\/www.ocean4future.org\\\/savetheocean\\\/\",\"name\":\"Ocean 4 Future\",\"description\":\"Per una nuova cultura del mare e della marittimit\u00e0\",\"publisher\":{\"@id\":\"https:\\\/\\\/www.ocean4future.org\\\/savetheocean\\\/#\\\/schema\\\/person\\\/4e1c26437054353074d7bb2efa77162c\"},\"potentialAction\":[{\"@type\":\"SearchAction\",\"target\":{\"@type\":\"EntryPoint\",\"urlTemplate\":\"https:\\\/\\\/www.ocean4future.org\\\/savetheocean\\\/?s={search_term_string}\"},\"query-input\":{\"@type\":\"PropertyValueSpecification\",\"valueRequired\":true,\"valueName\":\"search_term_string\"}}],\"inLanguage\":\"it-IT\"},{\"@type\":[\"Person\",\"Organization\"],\"@id\":\"https:\\\/\\\/www.ocean4future.org\\\/savetheocean\\\/#\\\/schema\\\/person\\\/4e1c26437054353074d7bb2efa77162c\",\"name\":\"oceandiver\",\"image\":{\"@type\":\"ImageObject\",\"inLanguage\":\"it-IT\",\"@id\":\"https:\\\/\\\/www.ocean4future.org\\\/savetheocean\\\/wp-content\\\/uploads\\\/2023\\\/04\\\/logo-ocean3.jpg\",\"url\":\"https:\\\/\\\/www.ocean4future.org\\\/savetheocean\\\/wp-content\\\/uploads\\\/2023\\\/04\\\/logo-ocean3.jpg\",\"contentUrl\":\"https:\\\/\\\/www.ocean4future.org\\\/savetheocean\\\/wp-content\\\/uploads\\\/2023\\\/04\\\/logo-ocean3.jpg\",\"width\":472,\"height\":301,\"caption\":\"oceandiver\"},\"logo\":{\"@id\":\"https:\\\/\\\/www.ocean4future.org\\\/savetheocean\\\/wp-content\\\/uploads\\\/2023\\\/04\\\/logo-ocean3.jpg\"}},{\"@type\":\"Person\",\"@id\":\"https:\\\/\\\/www.ocean4future.org\\\/savetheocean\\\/#\\\/schema\\\/person\\\/965165c540de5feedd0a44d02d8a0a52\",\"name\":\"Piero Carpani\",\"image\":{\"@type\":\"ImageObject\",\"inLanguage\":\"it-IT\",\"@id\":\"https:\\\/\\\/secure.gravatar.com\\\/avatar\\\/97d36f90f34bc23ab4a9c3b352d6329ba4c394725cbe1f713c2c59a7d6168853?s=96&d=mm&r=g\",\"url\":\"https:\\\/\\\/secure.gravatar.com\\\/avatar\\\/97d36f90f34bc23ab4a9c3b352d6329ba4c394725cbe1f713c2c59a7d6168853?s=96&d=mm&r=g\",\"contentUrl\":\"https:\\\/\\\/secure.gravatar.com\\\/avatar\\\/97d36f90f34bc23ab4a9c3b352d6329ba4c394725cbe1f713c2c59a7d6168853?s=96&d=mm&r=g\",\"caption\":\"Piero Carpani\"},\"description\":\"L\u2019ammiraglio Genio Navale Piero Carpani, nato a Roma nel 1945, ha frequentato l\u2019Accademia Navale di Livorno e si \u00e8 laureato in Ingegneria Navale e Meccanica presso l\u2019Universit\u00e0 di Trieste. Tra i suoi numerosi incarichi professionali \u00e8 stato capo servizio Genio Navale a bordo dell\u2019Amerigo Vespucci e su Nave Sagittario, oltre a essere stato imbarcato sull\u2019Incrociatore Andrea Doria e sul Cacciatorpediniere Audace. La passione per la vela lo ha portato a partecipare alle attivit\u00e0 della Sezione Velica di La Spezia di cui \u00e8 stato vice presidente. Gli \u00e8 stata affidata Artica II, l\u2019imbarcazione storica della Marina Militare, che ha curato e portato in regata per dodici anni partecipando a numerose edizioni dei raduni di Porto Cervo, Imperia, Porto Santo Stefano, Napoli e alle regate delle Tall Ships del 1996 e 2000. Partecipa alle attivit\u00e0 di avvicinamento dei giovani alla vela collaborando con la STA Italia (Sail Training Association) come skipper di un\u2019imbarcazione privata. Ha pubblicato numerosi saggi tra cui \u00a0\u201cGiornale di bordo\u201d (Istituto Idrografico della Marina \u2013 2006 Genova) e \u00a0\u201cLa pi\u00f9 bella del Mondo \u2013 Nave Scuola Amerigo Vespucci\u201d (Grafiche Amadeo \u2013 C.S.O. 2008 Imperia).\",\"url\":\"https:\\\/\\\/www.ocean4future.org\\\/savetheocean\\\/archives\\\/author\\\/piero-carpani\"}]}<\/script>\n<!-- \/ Yoast SEO plugin. -->","yoast_head_json":{"title":"La navigazione marittima alla fine del Medioevo &#8226; OCEAN4FUTURE autore","robots":{"index":"index","follow":"follow","max-snippet":"max-snippet:-1","max-image-preview":"max-image-preview:large","max-video-preview":"max-video-preview:-1"},"canonical":"https:\/\/www.ocean4future.org\/savetheocean\/archives\/119975","og_locale":"it_IT","og_type":"article","og_title":"La navigazione marittima alla fine del Medioevo &#8226; OCEAN4FUTURE autore","og_description":"tempo di lettura:  4 minuti. . ARGOMENTO: STORIA DELLA NAVIGAZIONE PERIODO:MEDIOEVO AREA: EUROPA parole chiave: mari del Nord, Mediterraneo Nel Medioevo, nel Mare del Nord e nel Mar Baltico, la navigazione commerciale collegava l\u2019Inghilterra e i Paesi Bassi con la Russia e i Paesi vicini favorendo lo scambio di lana, vino e sale, con pellicce, ambra, birra e stoccafisso. [&hellip;]","og_url":"https:\/\/www.ocean4future.org\/savetheocean\/archives\/119975","og_site_name":"OCEAN4FUTURE","article_published_time":"2025-08-10T22:03:00+00:00","article_modified_time":"2025-08-13T15:48:10+00:00","og_image":[{"width":640,"height":621,"url":"https:\/\/www.ocean4future.org\/savetheocean\/wp-content\/uploads\/2025\/08\/640px-Astrolabe_18th_century_disassembled.jpg","type":"image\/jpeg"}],"author":"Piero Carpani","twitter_card":"summary_large_image","twitter_creator":"@ocean4future","twitter_site":"@ocean4future","twitter_misc":{"Scritto da":"Piero Carpani","Tempo di lettura stimato":"7 minuti"},"schema":{"@context":"https:\/\/schema.org","@graph":[{"@type":"Article","@id":"https:\/\/www.ocean4future.org\/savetheocean\/archives\/119975#article","isPartOf":{"@id":"https:\/\/www.ocean4future.org\/savetheocean\/archives\/119975"},"author":{"name":"Piero Carpani","@id":"https:\/\/www.ocean4future.org\/savetheocean\/#\/schema\/person\/965165c540de5feedd0a44d02d8a0a52"},"headline":"La navigazione marittima alla fine del Medioevo","datePublished":"2025-08-10T22:03:00+00:00","dateModified":"2025-08-13T15:48:10+00:00","mainEntityOfPage":{"@id":"https:\/\/www.ocean4future.org\/savetheocean\/archives\/119975"},"wordCount":973,"commentCount":0,"publisher":{"@id":"https:\/\/www.ocean4future.org\/savetheocean\/#\/schema\/person\/4e1c26437054353074d7bb2efa77162c"},"image":{"@id":"https:\/\/www.ocean4future.org\/savetheocean\/archives\/119975#primaryimage"},"thumbnailUrl":"https:\/\/www.ocean4future.org\/savetheocean\/wp-content\/uploads\/2025\/08\/640px-Astrolabe_18th_century_disassembled.jpg","articleSection":["Storia Navale","Storia navale del Medioevo (post 476 d.C. - 1492)"],"inLanguage":"it-IT","potentialAction":[{"@type":"CommentAction","name":"Comment","target":["https:\/\/www.ocean4future.org\/savetheocean\/archives\/119975#respond"]}]},{"@type":"WebPage","@id":"https:\/\/www.ocean4future.org\/savetheocean\/archives\/119975","url":"https:\/\/www.ocean4future.org\/savetheocean\/archives\/119975","name":"La navigazione marittima alla fine del Medioevo &#8226; OCEAN4FUTURE autore","isPartOf":{"@id":"https:\/\/www.ocean4future.org\/savetheocean\/#website"},"primaryImageOfPage":{"@id":"https:\/\/www.ocean4future.org\/savetheocean\/archives\/119975#primaryimage"},"image":{"@id":"https:\/\/www.ocean4future.org\/savetheocean\/archives\/119975#primaryimage"},"thumbnailUrl":"https:\/\/www.ocean4future.org\/savetheocean\/wp-content\/uploads\/2025\/08\/640px-Astrolabe_18th_century_disassembled.jpg","datePublished":"2025-08-10T22:03:00+00:00","dateModified":"2025-08-13T15:48:10+00:00","breadcrumb":{"@id":"https:\/\/www.ocean4future.org\/savetheocean\/archives\/119975#breadcrumb"},"inLanguage":"it-IT","potentialAction":[{"@type":"ReadAction","target":["https:\/\/www.ocean4future.org\/savetheocean\/archives\/119975"]}]},{"@type":"ImageObject","inLanguage":"it-IT","@id":"https:\/\/www.ocean4future.org\/savetheocean\/archives\/119975#primaryimage","url":"https:\/\/www.ocean4future.org\/savetheocean\/wp-content\/uploads\/2025\/08\/640px-Astrolabe_18th_century_disassembled.jpg","contentUrl":"https:\/\/www.ocean4future.org\/savetheocean\/wp-content\/uploads\/2025\/08\/640px-Astrolabe_18th_century_disassembled.jpg","width":640,"height":621},{"@type":"BreadcrumbList","@id":"https:\/\/www.ocean4future.org\/savetheocean\/archives\/119975#breadcrumb","itemListElement":[{"@type":"ListItem","position":1,"name":"Home","item":"https:\/\/www.ocean4future.org\/savetheocean"},{"@type":"ListItem","position":2,"name":"La navigazione marittima alla fine del Medioevo"}]},{"@type":"WebSite","@id":"https:\/\/www.ocean4future.org\/savetheocean\/#website","url":"https:\/\/www.ocean4future.org\/savetheocean\/","name":"Ocean 4 Future","description":"Per una nuova cultura del mare e della marittimit\u00e0","publisher":{"@id":"https:\/\/www.ocean4future.org\/savetheocean\/#\/schema\/person\/4e1c26437054353074d7bb2efa77162c"},"potentialAction":[{"@type":"SearchAction","target":{"@type":"EntryPoint","urlTemplate":"https:\/\/www.ocean4future.org\/savetheocean\/?s={search_term_string}"},"query-input":{"@type":"PropertyValueSpecification","valueRequired":true,"valueName":"search_term_string"}}],"inLanguage":"it-IT"},{"@type":["Person","Organization"],"@id":"https:\/\/www.ocean4future.org\/savetheocean\/#\/schema\/person\/4e1c26437054353074d7bb2efa77162c","name":"oceandiver","image":{"@type":"ImageObject","inLanguage":"it-IT","@id":"https:\/\/www.ocean4future.org\/savetheocean\/wp-content\/uploads\/2023\/04\/logo-ocean3.jpg","url":"https:\/\/www.ocean4future.org\/savetheocean\/wp-content\/uploads\/2023\/04\/logo-ocean3.jpg","contentUrl":"https:\/\/www.ocean4future.org\/savetheocean\/wp-content\/uploads\/2023\/04\/logo-ocean3.jpg","width":472,"height":301,"caption":"oceandiver"},"logo":{"@id":"https:\/\/www.ocean4future.org\/savetheocean\/wp-content\/uploads\/2023\/04\/logo-ocean3.jpg"}},{"@type":"Person","@id":"https:\/\/www.ocean4future.org\/savetheocean\/#\/schema\/person\/965165c540de5feedd0a44d02d8a0a52","name":"Piero Carpani","image":{"@type":"ImageObject","inLanguage":"it-IT","@id":"https:\/\/secure.gravatar.com\/avatar\/97d36f90f34bc23ab4a9c3b352d6329ba4c394725cbe1f713c2c59a7d6168853?s=96&d=mm&r=g","url":"https:\/\/secure.gravatar.com\/avatar\/97d36f90f34bc23ab4a9c3b352d6329ba4c394725cbe1f713c2c59a7d6168853?s=96&d=mm&r=g","contentUrl":"https:\/\/secure.gravatar.com\/avatar\/97d36f90f34bc23ab4a9c3b352d6329ba4c394725cbe1f713c2c59a7d6168853?s=96&d=mm&r=g","caption":"Piero Carpani"},"description":"L\u2019ammiraglio Genio Navale Piero Carpani, nato a Roma nel 1945, ha frequentato l\u2019Accademia Navale di Livorno e si \u00e8 laureato in Ingegneria Navale e Meccanica presso l\u2019Universit\u00e0 di Trieste. Tra i suoi numerosi incarichi professionali \u00e8 stato capo servizio Genio Navale a bordo dell\u2019Amerigo Vespucci e su Nave Sagittario, oltre a essere stato imbarcato sull\u2019Incrociatore Andrea Doria e sul Cacciatorpediniere Audace. La passione per la vela lo ha portato a partecipare alle attivit\u00e0 della Sezione Velica di La Spezia di cui \u00e8 stato vice presidente. Gli \u00e8 stata affidata Artica II, l\u2019imbarcazione storica della Marina Militare, che ha curato e portato in regata per dodici anni partecipando a numerose edizioni dei raduni di Porto Cervo, Imperia, Porto Santo Stefano, Napoli e alle regate delle Tall Ships del 1996 e 2000. Partecipa alle attivit\u00e0 di avvicinamento dei giovani alla vela collaborando con la STA Italia (Sail Training Association) come skipper di un\u2019imbarcazione privata. Ha pubblicato numerosi saggi tra cui \u00a0\u201cGiornale di bordo\u201d (Istituto Idrografico della Marina \u2013 2006 Genova) e \u00a0\u201cLa pi\u00f9 bella del Mondo \u2013 Nave Scuola Amerigo Vespucci\u201d (Grafiche Amadeo \u2013 C.S.O. 2008 Imperia).","url":"https:\/\/www.ocean4future.org\/savetheocean\/archives\/author\/piero-carpani"}]}},"_links":{"self":[{"href":"https:\/\/www.ocean4future.org\/savetheocean\/wp-json\/wp\/v2\/posts\/119975","targetHints":{"allow":["GET"]}}],"collection":[{"href":"https:\/\/www.ocean4future.org\/savetheocean\/wp-json\/wp\/v2\/posts"}],"about":[{"href":"https:\/\/www.ocean4future.org\/savetheocean\/wp-json\/wp\/v2\/types\/post"}],"author":[{"embeddable":true,"href":"https:\/\/www.ocean4future.org\/savetheocean\/wp-json\/wp\/v2\/users\/4438"}],"replies":[{"embeddable":true,"href":"https:\/\/www.ocean4future.org\/savetheocean\/wp-json\/wp\/v2\/comments?post=119975"}],"version-history":[{"count":0,"href":"https:\/\/www.ocean4future.org\/savetheocean\/wp-json\/wp\/v2\/posts\/119975\/revisions"}],"wp:featuredmedia":[{"embeddable":true,"href":"https:\/\/www.ocean4future.org\/savetheocean\/wp-json\/wp\/v2\/media\/120074"}],"wp:attachment":[{"href":"https:\/\/www.ocean4future.org\/savetheocean\/wp-json\/wp\/v2\/media?parent=119975"}],"wp:term":[{"taxonomy":"category","embeddable":true,"href":"https:\/\/www.ocean4future.org\/savetheocean\/wp-json\/wp\/v2\/categories?post=119975"},{"taxonomy":"post_tag","embeddable":true,"href":"https:\/\/www.ocean4future.org\/savetheocean\/wp-json\/wp\/v2\/tags?post=119975"}],"curies":[{"name":"wp","href":"https:\/\/api.w.org\/{rel}","templated":true}]}}