{"id":119565,"date":"2025-09-03T00:03:00","date_gmt":"2025-09-02T22:03:00","guid":{"rendered":"https:\/\/www.ocean4future.org\/savetheocean\/?p=119565"},"modified":"2025-08-24T10:49:12","modified_gmt":"2025-08-24T08:49:12","slug":"loceano-indiano-e-la-necessita-di-esserci-ed-operare","status":"publish","type":"post","link":"https:\/\/www.ocean4future.org\/savetheocean\/archives\/119565","title":{"rendered":"Oltre il Mediterraneo allargato, guardando l&#8217;Indo Pacifico"},"content":{"rendered":"<span class=\"span-reading-time rt-reading-time\" style=\"display: block;\"><span class=\"rt-label rt-prefix\">tempo di lettura: <\/span> <span class=\"rt-time\"> 6<\/span> <span class=\"rt-label rt-postfix\">minuti<\/span><\/span><p><span style=\"color: #ffffff;\">.<\/span><\/p>\n<a class=\"maxbutton-4 maxbutton maxbutton-livello-di-comprensione\" href=\"javascript:void(0);\"><span class='mb-text'>livello elementare<\/span><\/a>\n<p><span style=\"color: #ffffff;\">.<\/span><\/p>\n<p><strong><span style=\"color: #008000;\">ARGOMENTO: GEOPOLITICA<\/span><\/strong><br \/>\n<strong><span style=\"color: #008000;\">PERIODO: XXI SECOLO<\/span><\/strong><br \/>\n<strong><span style=\"color: #008000;\">AREA: OCEANO INDO-PACIFICO<\/span><\/strong><br \/>\nparole chiave: Indopacifico, risorse strategiche, libert\u00e0 dei mari<br \/>\n<span style=\"color: #ffffff;\">.<\/span><\/p>\n<p style=\"text-align: justify;\">Gli Europei, dopo la pesante esperienza del Mar Rosso, non hanno ancora affrontato a fondo il tema in termini di risposta unitaria del blocco occidentale ad un interferenza terroristica sulla libert\u00e0 dei mari; curiosamente non sembra che la questione sia della massima priorit\u00e0 politica e gli effetti vengono &#8220;nascosti&#8221; dietro il consequence management di situazioni di crisi in atto. Di fatto queste crisi locali possono provocare danni economici enormi per le nostre economie, causando carenze di materiali strategici, aumenti dei costi dei noleggi delle compagnie armatoriali e delle assicurazioni.<\/p>\n<p><img decoding=\"async\" class=\"alignnone size-full wp-image-101660\" src=\"https:\/\/www.ocean4future.org\/savetheocean\/wp-content\/uploads\/2024\/01\/AUMENT-COSTI-ASSICURATIVI-MARITTIMI-MAR-ROSSO-TG.2024.01.12-2048x2048-1.jpg\" alt=\"\" width=\"2048\" height=\"2048\" \/><\/p>\n<p style=\"text-align: justify;\"><strong><span style=\"color: #008000;\">Nonostante la mancanza di un dibattito consapevole, al fine di definire un indirizzo comune da parte occidentale, il problema del blocco temporale dei choke point \u00e8 posposto rimandandone la soluzione con azioni contingenti che non sempre sembrano voler essere intese a trovare soluzioni definitive.<\/span> <\/strong>Sebbene ci\u00f2 sia oggetto di dialogo, tra le nazioni occidentali sembrano non esistere punti di accordo politici comuni, incertezze di base che si trasformano in azioni contingenti certamente non risolutive.<\/p>\n<p><img decoding=\"async\" class=\"alignnone size-full wp-image-59659\" src=\"https:\/\/www.ocean4future.org\/savetheocean\/wp-content\/uploads\/2021\/05\/hormuz-ais-2.png\" alt=\"\" width=\"1692\" height=\"1738\" srcset=\"https:\/\/www.ocean4future.org\/savetheocean\/wp-content\/uploads\/2021\/05\/hormuz-ais-2.png 1692w, https:\/\/www.ocean4future.org\/savetheocean\/wp-content\/uploads\/2021\/05\/hormuz-ais-2-292x300.png 292w, https:\/\/www.ocean4future.org\/savetheocean\/wp-content\/uploads\/2021\/05\/hormuz-ais-2-997x1024.png 997w, https:\/\/www.ocean4future.org\/savetheocean\/wp-content\/uploads\/2021\/05\/hormuz-ais-2-768x789.png 768w, https:\/\/www.ocean4future.org\/savetheocean\/wp-content\/uploads\/2021\/05\/hormuz-ais-2-1495x1536.png 1495w, https:\/\/www.ocean4future.org\/savetheocean\/wp-content\/uploads\/2021\/05\/hormuz-ais-2-50x50.png 50w, https:\/\/www.ocean4future.org\/savetheocean\/wp-content\/uploads\/2021\/05\/hormuz-ais-2-1200x1233.png 1200w\" sizes=\"(max-width: 1692px) 100vw, 1692px\" \/><\/p>\n<p style=\"text-align: justify;\">Questa visione ravvicinata \u00e8 ancora pi\u00f9 delicata nell&#8217;Indo-Pacifico dove entrano in gioco due choke point strategici principali, <strong><span style=\"color: #008000;\">Hormuz e Malacca<\/span><\/strong>, ed altri secondari nel mare della Sonda. L&#8217;avversario geopolitico pi\u00f9 probabile \u00e8 la <strong><span style=\"color: #008000;\">Cina<\/span><\/strong> che sta investendo nello sviluppo di rotte di trasporto alternative all servizio della sua flotta mercantile ed in strutture portuali all&#8217;estero tutte supportate da una Marina oceanica di tutto rispetto.<\/p>\n<p><img decoding=\"async\" class=\"alignnone size-full wp-image-59661\" src=\"https:\/\/www.ocean4future.org\/savetheocean\/wp-content\/uploads\/2021\/05\/MALACCA-2.png\" alt=\"\" width=\"1092\" height=\"646\" srcset=\"https:\/\/www.ocean4future.org\/savetheocean\/wp-content\/uploads\/2021\/05\/MALACCA-2.png 1092w, https:\/\/www.ocean4future.org\/savetheocean\/wp-content\/uploads\/2021\/05\/MALACCA-2-300x177.png 300w, https:\/\/www.ocean4future.org\/savetheocean\/wp-content\/uploads\/2021\/05\/MALACCA-2-1024x606.png 1024w, https:\/\/www.ocean4future.org\/savetheocean\/wp-content\/uploads\/2021\/05\/MALACCA-2-768x454.png 768w\" sizes=\"(max-width: 1092px) 100vw, 1092px\" \/><\/p>\n<p style=\"text-align: justify;\">Lo <strong><span style=\"color: #008000;\">scopo del Dragone<\/span><\/strong> \u00e8 la salvaguardia delle &#8220;sue&#8221; rotte commerciali, assumendo il dominio marittimo dell&#8217;area. L&#8217;attenzione verso Taiwan, primo scoglio per una sua estensione operativa nel mar Cinese Meridionale, e verso i gruppi di isole in quell&#8217;area unilateralmente definita di propriet\u00e0 esclusiva, mostra che i pianificatori cinesi stiano prendendo molto sul serio la possibilit\u00e0 di creare un sua vasta area economica esclusiva che escluda o contingenti il traffico occidentale in contrapposizione al libero commercio marittimo.<\/p>\n<p><img decoding=\"async\" class=\"wp-image-99255 size-full\" src=\"https:\/\/www.ocean4future.org\/savetheocean\/wp-content\/uploads\/2023\/10\/MARINA-USA-WIKIMEDIA-USS_Carney_engages_Houthi_missiles.jpg\" alt=\"\" width=\"640\" height=\"427\" srcset=\"https:\/\/www.ocean4future.org\/savetheocean\/wp-content\/uploads\/2023\/10\/MARINA-USA-WIKIMEDIA-USS_Carney_engages_Houthi_missiles.jpg 640w, https:\/\/www.ocean4future.org\/savetheocean\/wp-content\/uploads\/2023\/10\/MARINA-USA-WIKIMEDIA-USS_Carney_engages_Houthi_missiles-300x200.jpg 300w\" sizes=\"(max-width: 640px) 100vw, 640px\" \/><\/p>\n<p align=\"justify\"><strong><span style=\"color: #008000;\">Il cacciatorpediniere lanciamissili USS Carney (DDG 64), classe Arleigh Burke, intercetta un attacco combinato di missili Houthi e droni nel Mar Rosso, il 19 ottobre. Il Carney \u00e8 schierato nell&#8217;area operativa della Quinta Flotta statunitense per contribuire a garantire la sicurezza e la stabilit\u00e0 marittima nella regione del Medio Oriente. (Foto della Marina statunitense scattata dallo specialista in comunicazioni di massa di 2a classe Aaron Lau)<\/span><\/strong><\/p>\n<p style=\"text-align: justify;\">Gli Stati Uniti, dopo un lungo periodo di stasi (culminato con l&#8217;amministrazione Obama),\u00a0 stanno riscoprendo l&#8217;importanza della marittimit\u00e0; dopo decenni di politiche al ribasso, la marina statunitense ha compreso la necessit\u00e0 di riorganizzarsi per ricreare uno strumento significativo per il suo ruolo di deterrenza globale sul mare. Da tempo gli strateghi navali statunitensi riflettono sul modo migliore per dissuadere e, se necessario, combattere e vincere una futura guerra nell&#8217;Indo-Pacifico contro la minaccia cinese. Una minaccia, sottolineo, che non pu\u00f2 essere vista come lontana ma riguarda tutto l\u2019Occidente che \u00e8 chiamato a fare delle scelte ben precise per difendere i propri diritti sanciti dal diritto internazionale. La recente crisi nel Mar Rosso (tra l&#8217;altro tutt&#8217;altro che conclusa) \u00e8 stato un campo di prova che ha dimostrato come milizie non regolari possano essere in grado di dirottare il traffico mercantile in maniera selettiva, causando ingenti danni alle economie occidentali. <strong><span style=\"color: #008000;\">Va compreso che parlare di &#8220;Mar Rosso&#8221;, di quello stretto e lungo mare di separazione tra due continenti tormentati, vuol dire affacciarsi ben oltre il Mar Mediterraneo allargato, quell&#8217;estensione del Mare Nostrum che ha caratterizzato le politiche marittime del secolo scorso.<\/span> <\/strong>Oltre Aden troviamo geograficamente l&#8217;Oceano Indiano dove, sotto le ceneri, sta covando una competizione occulta tra Cina e India, due superpotenze appartenenti ai BRICS e quindi non allineate con il blocco occidentale. L&#8217;Occidente \u00e8 presente con gruppi navali europei e statunitensi, non sempre operanti in sinergia e con la stessa missione (per lo pi\u00f9 nel campo della sicurezza marittima in ruolo di antipirateria). Non si tratta di un problema di natura operativa, perch\u00e9 i gruppi navali occidentali,\u00a0 i.e. task force, sono certamente in grado di operare sinergicamente con un alto livello di integrazione. Il problema \u00e8 politico, legato alle sfumature di impiego delle forze militari, che fanno comprendere una certa divergenza di vedute per un loro impiego continuativo lungo le rotte dell\u2019Oceano Indiano, determinante per una efficace deterrenza nell&#8217;area. Se da un lato Cinesi ed Indiani potrebbero presto confrontarsi per gli interessi reciproci su quel grande Oceano, le vie della seta marittime sono gi\u00e0 una realt\u00e0 con tanto di basi logistiche ed operative dall&#8217;Africa Orientale fino al Mar Cinese Occidentale. In particolare, come noto, la Cina ha creato hub economici-militari gi\u00e0 operativi, di fatto tessendo una rete sempre pi\u00f9 stretta di controllo marittimo. Non ultime le sue dichiarazioni unilaterali di esclusivit\u00e0 sull&#8217;impiego di tratti di mare internazionali (non riconosciute dai Tribunali internazionali), accompagnate da una presenza militare sempre pi\u00f9 aggressiva nel sud-est asiatico.<\/p>\n<p><img decoding=\"async\" class=\"wp-image-79900\" src=\"https:\/\/www.ocean4future.org\/savetheocean\/wp-content\/uploads\/2022\/11\/cAVOUR-italia.jpg\" alt=\"\" width=\"665\" height=\"641\" srcset=\"https:\/\/www.ocean4future.org\/savetheocean\/wp-content\/uploads\/2022\/11\/cAVOUR-italia.jpg 563w, https:\/\/www.ocean4future.org\/savetheocean\/wp-content\/uploads\/2022\/11\/cAVOUR-italia-300x289.jpg 300w\" sizes=\"(max-width: 665px) 100vw, 665px\" \/><\/p>\n<p align=\"justify\"><strong><span style=\"color: #008000;\">la marina militare italiana ha da anni intrapreso operazioni e campagne addestrative nell&#8217;Indo Pacifico, partecipando e comandato gruppi navali multinazionali per la sicurezza dele rotte marittime internazionali &#8211; Foto UPICOM<\/span><\/strong><\/p>\n<p style=\"text-align: justify;\">Il ruolo di gendarme del mondo, almeno per gli interessi occidentali, resta negli Stati Uniti che per\u00f2 non sono in grado di controllare tutto l&#8217;Indo-Pacifico contro una possibile minaccia caratterizzata dalla Cina e dalla Corea del Nord. Da qui la necessit\u00e0 di una maggiore solidariet\u00e0 occidentale senza la quale, l'&#8221;armarsi&#8221; o &#8220;riarmarsi&#8221;, come si suole scrivere oggi, non serve molto. E&#8217; necessaria una reale condivisione con gli Stati Uniti dello sforzo di controllo marittimo al fine di poter vantare una credibilit\u00e0 marittima di deterrenza nei confronti dell&#8217;espansionismo cinese. Nel Pacifico servono sicuramente alleanze e solidariet\u00e0 ed un\u2019impalcatura come quella della NATO che potrebbe essere essenziale per rispondere anche alle pi\u00f9 minime minacce. Consideriamo che, in caso di crisi,\u00a0 la deterrenza finale potrebbe essere garantita solo degli Stati Uniti d\u2019America, unica potenza nucleare in grado di reggere il confronto con la Cina (e se necessario anche con la Russia ed altri alleati).<\/p>\n<p style=\"text-align: justify;\">Il motivo di questo articolo vuole essere anche una risposta a coloro che, dimentichi che gli equilibri si ottengono dalle parit\u00e0 di forze applicate, auspicano una separazione politica dagli Stati Uniti colpevoli, secondo le loro visioni, di aver soffocato gli alleati, prediligendo i loro interessi. Ammesso e non concesso quanto sopra, la domanda che ci dovremmo porre \u00e8 la seguente: se non avessimo accettato di unirci al blocco occidentale che fine avrebbe fatto il nostro Paese? Ci saremmo trovati schiacciati da un Unione sovietica illiberale che certo non avrebbe favorito la libert\u00e0 di cui oggi possiamo godere nel nostro Paese. Esiste una terza strada? L&#8217;Europa Unita ha dimostrato la sua immaturit\u00e0 per una politica comune europea che spesso ha danneggiato gli interessi nazionali, a volte favorita da una certa ignavia dei nostri politici del secolo scorso. La scelta occidentale si \u00e8 quindi dimostrata il &#8220;male&#8221; minore e l\u2019alleanza occidentale, la NATO, nonostante la complessit\u00e0 del suo allargamento a molti Paesi ex sovietici, si sta dimostrando viva e vegeta, mostrando una certa coerenza e indipendenza anche dal maggior azionista.<\/p>\n<p><img decoding=\"async\" class=\"wp-image-109440 size-full\" src=\"https:\/\/www.ocean4future.org\/savetheocean\/wp-content\/uploads\/2024\/08\/cavour-a-yokuska.jpg\" alt=\"\" width=\"1600\" height=\"1066\" \/><\/p>\n<p align=\"justify\"><strong><span style=\"color: #008000;\">nave Cavour in porto a Yokosuka in Giappone, 2025 &#8211; Foto UPICOM<\/span><\/strong><\/p>\n<p style=\"text-align: justify;\">Cosa ci aspetta il futuro \u00e8 ancora da scoprire e, per quanto si possa provare a prevederlo, sicuramente sar\u00e0 influenzato dalla politica protezionistica Trumpiana, che al momento ha un effetto disruptive sulle Alleanze. Purtroppo il futuro sar\u00e0 caratterizzato da forti competizioni per assicurarsi le materie prime fondamentali e nessuno far\u00e0 sconti a nessuno per cui sta a noi saperci far valere con scelte decise ma ponderate ed equilibrate, mantenendo il timone al centro.<\/p>\n<p><strong><span style=\"color: #008000;\">Gian Carlo Poddighe<\/span><\/strong><\/p>\n<p><strong><span style=\"color: #008000;\">Foto UPICOM<\/span><\/strong><\/p>\n<p><span style=\"color: #ffffff;\">.<\/span><\/p>\n<p><a class=\"maxbutton-3 maxbutton maxbutton-pagina-principale\" target=\"_blank\" title=\"tooltip\" rel=\"nofollow noopener\" href=\"http:\/\/www.ocean4future.org\"><span class='mb-text'>PAGINA PRINCIPALE - HOME PAGE<\/span><\/a><br \/>\n<span style=\"color: #ffffff;\">.<\/span><\/p>\n<p style=\"text-align: justify;\">Alcune delle foto presenti in questo blog possono essere state prese dal web, citandone ove possibile gli autori e\/o le fonti. Se qualcuno desiderasse specificarne l\u2019autore o rimuoverle, pu\u00f2 scrivere a infoocean4future@gmail.com e provvederemo immediatamente alla correzione dell\u2019articolo<\/p>\n<p><span style=\"color: #ffffff;\">.<\/span><\/p>\n","protected":false},"excerpt":{"rendered":"<p><span class=\"span-reading-time rt-reading-time\" style=\"display: block;\"><span class=\"rt-label rt-prefix\">tempo di lettura: <\/span> <span class=\"rt-time\"> 6<\/span> <span class=\"rt-label rt-postfix\">minuti<\/span><\/span>. . ARGOMENTO: GEOPOLITICA PERIODO: XXI SECOLO AREA: OCEANO INDO-PACIFICO parole chiave: Indopacifico, risorse strategiche, libert\u00e0 dei mari . Gli Europei, dopo la pesante esperienza del Mar Rosso, non hanno ancora affrontato a fondo il tema in termini di risposta unitaria del blocco occidentale ad un interferenza terroristica sulla libert\u00e0 dei mari; curiosamente non sembra [&hellip;]<\/p>\n","protected":false},"author":2391,"featured_media":79910,"comment_status":"open","ping_status":"open","sticky":false,"template":"","format":"standard","meta":{"_acf_changed":false,"_monsterinsights_skip_tracking":false,"_monsterinsights_sitenote_active":false,"_monsterinsights_sitenote_note":"","_monsterinsights_sitenote_category":0,"footnotes":""},"categories":[1413],"tags":[],"class_list":["post-119565","post","type-post","status-publish","format-standard","has-post-thumbnail","hentry","category-geopolitica"],"acf":[],"yoast_head":"<!-- This site is optimized with the Yoast SEO plugin v27.4 - https:\/\/yoast.com\/product\/yoast-seo-wordpress\/ -->\n<title>Oltre il Mediterraneo allargato, guardando l&#039;Indo Pacifico &#8226; OCEAN4FUTURE autore<\/title>\n<meta name=\"robots\" content=\"index, follow, max-snippet:-1, max-image-preview:large, max-video-preview:-1\" \/>\n<link rel=\"canonical\" href=\"https:\/\/www.ocean4future.org\/savetheocean\/archives\/119565\" \/>\n<meta property=\"og:locale\" content=\"it_IT\" \/>\n<meta property=\"og:type\" content=\"article\" \/>\n<meta property=\"og:title\" content=\"Oltre il Mediterraneo allargato, guardando l&#039;Indo Pacifico &#8226; OCEAN4FUTURE autore\" \/>\n<meta property=\"og:description\" content=\"tempo di lettura:  6 minuti. . ARGOMENTO: GEOPOLITICA PERIODO: XXI SECOLO AREA: OCEANO INDO-PACIFICO parole chiave: Indopacifico, risorse strategiche, libert\u00e0 dei mari . Gli Europei, dopo la pesante esperienza del Mar Rosso, non hanno ancora affrontato a fondo il tema in termini di risposta unitaria del blocco occidentale ad un interferenza terroristica sulla libert\u00e0 dei mari; curiosamente non sembra [&hellip;]\" \/>\n<meta property=\"og:url\" content=\"https:\/\/www.ocean4future.org\/savetheocean\/archives\/119565\" \/>\n<meta property=\"og:site_name\" content=\"OCEAN4FUTURE\" \/>\n<meta property=\"article:published_time\" content=\"2025-09-02T22:03:00+00:00\" \/>\n<meta property=\"og:image\" content=\"https:\/\/www.ocean4future.org\/savetheocean\/wp-content\/uploads\/2022\/11\/cavour-e1754836605284.jpg\" \/>\n\t<meta property=\"og:image:width\" content=\"700\" \/>\n\t<meta property=\"og:image:height\" content=\"525\" \/>\n\t<meta property=\"og:image:type\" content=\"image\/jpeg\" \/>\n<meta name=\"author\" content=\"Gian Carlo Poddighe\" \/>\n<meta name=\"twitter:card\" content=\"summary_large_image\" \/>\n<meta name=\"twitter:creator\" content=\"@ocean4future\" \/>\n<meta name=\"twitter:site\" content=\"@ocean4future\" \/>\n<meta name=\"twitter:label1\" content=\"Scritto da\" \/>\n\t<meta name=\"twitter:data1\" content=\"Gian Carlo Poddighe\" \/>\n\t<meta name=\"twitter:label2\" content=\"Tempo di lettura stimato\" \/>\n\t<meta name=\"twitter:data2\" content=\"9 minuti\" \/>\n<script type=\"application\/ld+json\" class=\"yoast-schema-graph\">{\"@context\":\"https:\\\/\\\/schema.org\",\"@graph\":[{\"@type\":\"Article\",\"@id\":\"https:\\\/\\\/www.ocean4future.org\\\/savetheocean\\\/archives\\\/119565#article\",\"isPartOf\":{\"@id\":\"https:\\\/\\\/www.ocean4future.org\\\/savetheocean\\\/archives\\\/119565\"},\"author\":{\"name\":\"Gian Carlo Poddighe\",\"@id\":\"https:\\\/\\\/www.ocean4future.org\\\/savetheocean\\\/#\\\/schema\\\/person\\\/7d024833a7d3784b692b375bd72ea501\"},\"headline\":\"Oltre il Mediterraneo allargato, guardando l&#8217;Indo Pacifico\",\"datePublished\":\"2025-09-02T22:03:00+00:00\",\"mainEntityOfPage\":{\"@id\":\"https:\\\/\\\/www.ocean4future.org\\\/savetheocean\\\/archives\\\/119565\"},\"wordCount\":1333,\"commentCount\":0,\"publisher\":{\"@id\":\"https:\\\/\\\/www.ocean4future.org\\\/savetheocean\\\/#\\\/schema\\\/person\\\/4e1c26437054353074d7bb2efa77162c\"},\"image\":{\"@id\":\"https:\\\/\\\/www.ocean4future.org\\\/savetheocean\\\/archives\\\/119565#primaryimage\"},\"thumbnailUrl\":\"https:\\\/\\\/www.ocean4future.org\\\/savetheocean\\\/wp-content\\\/uploads\\\/2022\\\/11\\\/cavour-e1758373919634.jpg\",\"articleSection\":[\"Geopolitica e Storia contemporanea\"],\"inLanguage\":\"it-IT\",\"potentialAction\":[{\"@type\":\"CommentAction\",\"name\":\"Comment\",\"target\":[\"https:\\\/\\\/www.ocean4future.org\\\/savetheocean\\\/archives\\\/119565#respond\"]}]},{\"@type\":\"WebPage\",\"@id\":\"https:\\\/\\\/www.ocean4future.org\\\/savetheocean\\\/archives\\\/119565\",\"url\":\"https:\\\/\\\/www.ocean4future.org\\\/savetheocean\\\/archives\\\/119565\",\"name\":\"Oltre il Mediterraneo allargato, guardando l'Indo Pacifico &#8226; OCEAN4FUTURE autore\",\"isPartOf\":{\"@id\":\"https:\\\/\\\/www.ocean4future.org\\\/savetheocean\\\/#website\"},\"primaryImageOfPage\":{\"@id\":\"https:\\\/\\\/www.ocean4future.org\\\/savetheocean\\\/archives\\\/119565#primaryimage\"},\"image\":{\"@id\":\"https:\\\/\\\/www.ocean4future.org\\\/savetheocean\\\/archives\\\/119565#primaryimage\"},\"thumbnailUrl\":\"https:\\\/\\\/www.ocean4future.org\\\/savetheocean\\\/wp-content\\\/uploads\\\/2022\\\/11\\\/cavour-e1758373919634.jpg\",\"datePublished\":\"2025-09-02T22:03:00+00:00\",\"breadcrumb\":{\"@id\":\"https:\\\/\\\/www.ocean4future.org\\\/savetheocean\\\/archives\\\/119565#breadcrumb\"},\"inLanguage\":\"it-IT\",\"potentialAction\":[{\"@type\":\"ReadAction\",\"target\":[\"https:\\\/\\\/www.ocean4future.org\\\/savetheocean\\\/archives\\\/119565\"]}]},{\"@type\":\"ImageObject\",\"inLanguage\":\"it-IT\",\"@id\":\"https:\\\/\\\/www.ocean4future.org\\\/savetheocean\\\/archives\\\/119565#primaryimage\",\"url\":\"https:\\\/\\\/www.ocean4future.org\\\/savetheocean\\\/wp-content\\\/uploads\\\/2022\\\/11\\\/cavour-e1758373919634.jpg\",\"contentUrl\":\"https:\\\/\\\/www.ocean4future.org\\\/savetheocean\\\/wp-content\\\/uploads\\\/2022\\\/11\\\/cavour-e1758373919634.jpg\",\"width\":640,\"height\":480},{\"@type\":\"BreadcrumbList\",\"@id\":\"https:\\\/\\\/www.ocean4future.org\\\/savetheocean\\\/archives\\\/119565#breadcrumb\",\"itemListElement\":[{\"@type\":\"ListItem\",\"position\":1,\"name\":\"Home\",\"item\":\"https:\\\/\\\/www.ocean4future.org\\\/savetheocean\"},{\"@type\":\"ListItem\",\"position\":2,\"name\":\"Oltre il Mediterraneo allargato, guardando l&#8217;Indo Pacifico\"}]},{\"@type\":\"WebSite\",\"@id\":\"https:\\\/\\\/www.ocean4future.org\\\/savetheocean\\\/#website\",\"url\":\"https:\\\/\\\/www.ocean4future.org\\\/savetheocean\\\/\",\"name\":\"Ocean 4 Future\",\"description\":\"Per una nuova cultura del mare e della marittimit\u00e0\",\"publisher\":{\"@id\":\"https:\\\/\\\/www.ocean4future.org\\\/savetheocean\\\/#\\\/schema\\\/person\\\/4e1c26437054353074d7bb2efa77162c\"},\"potentialAction\":[{\"@type\":\"SearchAction\",\"target\":{\"@type\":\"EntryPoint\",\"urlTemplate\":\"https:\\\/\\\/www.ocean4future.org\\\/savetheocean\\\/?s={search_term_string}\"},\"query-input\":{\"@type\":\"PropertyValueSpecification\",\"valueRequired\":true,\"valueName\":\"search_term_string\"}}],\"inLanguage\":\"it-IT\"},{\"@type\":[\"Person\",\"Organization\"],\"@id\":\"https:\\\/\\\/www.ocean4future.org\\\/savetheocean\\\/#\\\/schema\\\/person\\\/4e1c26437054353074d7bb2efa77162c\",\"name\":\"oceandiver\",\"image\":{\"@type\":\"ImageObject\",\"inLanguage\":\"it-IT\",\"@id\":\"https:\\\/\\\/www.ocean4future.org\\\/savetheocean\\\/wp-content\\\/uploads\\\/2023\\\/04\\\/logo-ocean3.jpg\",\"url\":\"https:\\\/\\\/www.ocean4future.org\\\/savetheocean\\\/wp-content\\\/uploads\\\/2023\\\/04\\\/logo-ocean3.jpg\",\"contentUrl\":\"https:\\\/\\\/www.ocean4future.org\\\/savetheocean\\\/wp-content\\\/uploads\\\/2023\\\/04\\\/logo-ocean3.jpg\",\"width\":472,\"height\":301,\"caption\":\"oceandiver\"},\"logo\":{\"@id\":\"https:\\\/\\\/www.ocean4future.org\\\/savetheocean\\\/wp-content\\\/uploads\\\/2023\\\/04\\\/logo-ocean3.jpg\"}},{\"@type\":\"Person\",\"@id\":\"https:\\\/\\\/www.ocean4future.org\\\/savetheocean\\\/#\\\/schema\\\/person\\\/7d024833a7d3784b692b375bd72ea501\",\"name\":\"Gian Carlo Poddighe\",\"image\":{\"@type\":\"ImageObject\",\"inLanguage\":\"it-IT\",\"@id\":\"https:\\\/\\\/secure.gravatar.com\\\/avatar\\\/8a380c37e048f5be58bf374feb48f50096bda65840a148fddb2847d7a421fc81?s=96&d=mm&r=g\",\"url\":\"https:\\\/\\\/secure.gravatar.com\\\/avatar\\\/8a380c37e048f5be58bf374feb48f50096bda65840a148fddb2847d7a421fc81?s=96&d=mm&r=g\",\"contentUrl\":\"https:\\\/\\\/secure.gravatar.com\\\/avatar\\\/8a380c37e048f5be58bf374feb48f50096bda65840a148fddb2847d7a421fc81?s=96&d=mm&r=g\",\"caption\":\"Gian Carlo Poddighe\"},\"description\":\"Ufficiale del Genio Navale della Marina Militare Italiana in congedo, nei suoi anni di servizio \u00e8 stato destinato a bordo di unit\u00e0 di superficie, con diversi tipi di apparato motore, Diesel, Vapore, TAG. Transitato all\u2019industria nazionale ha svolto incarichi di responsabilit\u00e0 per le costruzioni della prima legge navale diventando promotore delle Mostre Navali Italiane. Ha occupato posizioni dirigenziali sia nel settore impiantistico che delle grandi opere e dell\u2019industria automobilistica, occupandosi della diversificazione produttiva e dei progetti di decarbonizzazione, con il passaggio alle motorizzazioni GNV. E\u2019 stato membro dei CdA di alcune importanti JV internazionali nei settori metallurgico, infrastrutturale ed automotive ed \u00e8 stato chiamato a far parte di commissioni specialistiche da parte di organismi internazionali, tra cui rilevanti quelle in materia di disaster management. Giornalista iscritto all\u2019OdG nazionale dal 1982, ha collaborato con periodici e quotidiani, ed \u00e8 stato direttore responsabile di quotidiani ricoprendo incarichi di vertice in societ\u00e0 editoriali. Membro di alcuni Think Tank geopolitici, collabora con quotidiani soprattutto per corrispondenze all\u2019estero, pubblica on line su testate del settore marittimo e navale italiane ed internazionali. Non ultimo ha pubblicato una serie di pregevoli saggi sull\u2019evoluzione tecnologica e militare sino alla 2^ Guerra Mondiale, in particolare della Regia Marina, pubblicati da Academia.edu.\",\"sameAs\":[\"https:\\\/\\\/independent.academia.edu\\\/\"],\"url\":\"https:\\\/\\\/www.ocean4future.org\\\/savetheocean\\\/archives\\\/author\\\/gian-carlo-poddighe\"}]}<\/script>\n<!-- \/ Yoast SEO plugin. -->","yoast_head_json":{"title":"Oltre il Mediterraneo allargato, guardando l'Indo Pacifico &#8226; OCEAN4FUTURE autore","robots":{"index":"index","follow":"follow","max-snippet":"max-snippet:-1","max-image-preview":"max-image-preview:large","max-video-preview":"max-video-preview:-1"},"canonical":"https:\/\/www.ocean4future.org\/savetheocean\/archives\/119565","og_locale":"it_IT","og_type":"article","og_title":"Oltre il Mediterraneo allargato, guardando l'Indo Pacifico &#8226; OCEAN4FUTURE autore","og_description":"tempo di lettura:  6 minuti. . ARGOMENTO: GEOPOLITICA PERIODO: XXI SECOLO AREA: OCEANO INDO-PACIFICO parole chiave: Indopacifico, risorse strategiche, libert\u00e0 dei mari . Gli Europei, dopo la pesante esperienza del Mar Rosso, non hanno ancora affrontato a fondo il tema in termini di risposta unitaria del blocco occidentale ad un interferenza terroristica sulla libert\u00e0 dei mari; curiosamente non sembra [&hellip;]","og_url":"https:\/\/www.ocean4future.org\/savetheocean\/archives\/119565","og_site_name":"OCEAN4FUTURE","article_published_time":"2025-09-02T22:03:00+00:00","og_image":[{"width":700,"height":525,"url":"https:\/\/www.ocean4future.org\/savetheocean\/wp-content\/uploads\/2022\/11\/cavour-e1754836605284.jpg","type":"image\/jpeg"}],"author":"Gian Carlo Poddighe","twitter_card":"summary_large_image","twitter_creator":"@ocean4future","twitter_site":"@ocean4future","twitter_misc":{"Scritto da":"Gian Carlo Poddighe","Tempo di lettura stimato":"9 minuti"},"schema":{"@context":"https:\/\/schema.org","@graph":[{"@type":"Article","@id":"https:\/\/www.ocean4future.org\/savetheocean\/archives\/119565#article","isPartOf":{"@id":"https:\/\/www.ocean4future.org\/savetheocean\/archives\/119565"},"author":{"name":"Gian Carlo Poddighe","@id":"https:\/\/www.ocean4future.org\/savetheocean\/#\/schema\/person\/7d024833a7d3784b692b375bd72ea501"},"headline":"Oltre il Mediterraneo allargato, guardando l&#8217;Indo Pacifico","datePublished":"2025-09-02T22:03:00+00:00","mainEntityOfPage":{"@id":"https:\/\/www.ocean4future.org\/savetheocean\/archives\/119565"},"wordCount":1333,"commentCount":0,"publisher":{"@id":"https:\/\/www.ocean4future.org\/savetheocean\/#\/schema\/person\/4e1c26437054353074d7bb2efa77162c"},"image":{"@id":"https:\/\/www.ocean4future.org\/savetheocean\/archives\/119565#primaryimage"},"thumbnailUrl":"https:\/\/www.ocean4future.org\/savetheocean\/wp-content\/uploads\/2022\/11\/cavour-e1758373919634.jpg","articleSection":["Geopolitica e Storia contemporanea"],"inLanguage":"it-IT","potentialAction":[{"@type":"CommentAction","name":"Comment","target":["https:\/\/www.ocean4future.org\/savetheocean\/archives\/119565#respond"]}]},{"@type":"WebPage","@id":"https:\/\/www.ocean4future.org\/savetheocean\/archives\/119565","url":"https:\/\/www.ocean4future.org\/savetheocean\/archives\/119565","name":"Oltre il Mediterraneo allargato, guardando l'Indo Pacifico &#8226; OCEAN4FUTURE autore","isPartOf":{"@id":"https:\/\/www.ocean4future.org\/savetheocean\/#website"},"primaryImageOfPage":{"@id":"https:\/\/www.ocean4future.org\/savetheocean\/archives\/119565#primaryimage"},"image":{"@id":"https:\/\/www.ocean4future.org\/savetheocean\/archives\/119565#primaryimage"},"thumbnailUrl":"https:\/\/www.ocean4future.org\/savetheocean\/wp-content\/uploads\/2022\/11\/cavour-e1758373919634.jpg","datePublished":"2025-09-02T22:03:00+00:00","breadcrumb":{"@id":"https:\/\/www.ocean4future.org\/savetheocean\/archives\/119565#breadcrumb"},"inLanguage":"it-IT","potentialAction":[{"@type":"ReadAction","target":["https:\/\/www.ocean4future.org\/savetheocean\/archives\/119565"]}]},{"@type":"ImageObject","inLanguage":"it-IT","@id":"https:\/\/www.ocean4future.org\/savetheocean\/archives\/119565#primaryimage","url":"https:\/\/www.ocean4future.org\/savetheocean\/wp-content\/uploads\/2022\/11\/cavour-e1758373919634.jpg","contentUrl":"https:\/\/www.ocean4future.org\/savetheocean\/wp-content\/uploads\/2022\/11\/cavour-e1758373919634.jpg","width":640,"height":480},{"@type":"BreadcrumbList","@id":"https:\/\/www.ocean4future.org\/savetheocean\/archives\/119565#breadcrumb","itemListElement":[{"@type":"ListItem","position":1,"name":"Home","item":"https:\/\/www.ocean4future.org\/savetheocean"},{"@type":"ListItem","position":2,"name":"Oltre il Mediterraneo allargato, guardando l&#8217;Indo Pacifico"}]},{"@type":"WebSite","@id":"https:\/\/www.ocean4future.org\/savetheocean\/#website","url":"https:\/\/www.ocean4future.org\/savetheocean\/","name":"Ocean 4 Future","description":"Per una nuova cultura del mare e della marittimit\u00e0","publisher":{"@id":"https:\/\/www.ocean4future.org\/savetheocean\/#\/schema\/person\/4e1c26437054353074d7bb2efa77162c"},"potentialAction":[{"@type":"SearchAction","target":{"@type":"EntryPoint","urlTemplate":"https:\/\/www.ocean4future.org\/savetheocean\/?s={search_term_string}"},"query-input":{"@type":"PropertyValueSpecification","valueRequired":true,"valueName":"search_term_string"}}],"inLanguage":"it-IT"},{"@type":["Person","Organization"],"@id":"https:\/\/www.ocean4future.org\/savetheocean\/#\/schema\/person\/4e1c26437054353074d7bb2efa77162c","name":"oceandiver","image":{"@type":"ImageObject","inLanguage":"it-IT","@id":"https:\/\/www.ocean4future.org\/savetheocean\/wp-content\/uploads\/2023\/04\/logo-ocean3.jpg","url":"https:\/\/www.ocean4future.org\/savetheocean\/wp-content\/uploads\/2023\/04\/logo-ocean3.jpg","contentUrl":"https:\/\/www.ocean4future.org\/savetheocean\/wp-content\/uploads\/2023\/04\/logo-ocean3.jpg","width":472,"height":301,"caption":"oceandiver"},"logo":{"@id":"https:\/\/www.ocean4future.org\/savetheocean\/wp-content\/uploads\/2023\/04\/logo-ocean3.jpg"}},{"@type":"Person","@id":"https:\/\/www.ocean4future.org\/savetheocean\/#\/schema\/person\/7d024833a7d3784b692b375bd72ea501","name":"Gian Carlo Poddighe","image":{"@type":"ImageObject","inLanguage":"it-IT","@id":"https:\/\/secure.gravatar.com\/avatar\/8a380c37e048f5be58bf374feb48f50096bda65840a148fddb2847d7a421fc81?s=96&d=mm&r=g","url":"https:\/\/secure.gravatar.com\/avatar\/8a380c37e048f5be58bf374feb48f50096bda65840a148fddb2847d7a421fc81?s=96&d=mm&r=g","contentUrl":"https:\/\/secure.gravatar.com\/avatar\/8a380c37e048f5be58bf374feb48f50096bda65840a148fddb2847d7a421fc81?s=96&d=mm&r=g","caption":"Gian Carlo Poddighe"},"description":"Ufficiale del Genio Navale della Marina Militare Italiana in congedo, nei suoi anni di servizio \u00e8 stato destinato a bordo di unit\u00e0 di superficie, con diversi tipi di apparato motore, Diesel, Vapore, TAG. Transitato all\u2019industria nazionale ha svolto incarichi di responsabilit\u00e0 per le costruzioni della prima legge navale diventando promotore delle Mostre Navali Italiane. Ha occupato posizioni dirigenziali sia nel settore impiantistico che delle grandi opere e dell\u2019industria automobilistica, occupandosi della diversificazione produttiva e dei progetti di decarbonizzazione, con il passaggio alle motorizzazioni GNV. E\u2019 stato membro dei CdA di alcune importanti JV internazionali nei settori metallurgico, infrastrutturale ed automotive ed \u00e8 stato chiamato a far parte di commissioni specialistiche da parte di organismi internazionali, tra cui rilevanti quelle in materia di disaster management. Giornalista iscritto all\u2019OdG nazionale dal 1982, ha collaborato con periodici e quotidiani, ed \u00e8 stato direttore responsabile di quotidiani ricoprendo incarichi di vertice in societ\u00e0 editoriali. Membro di alcuni Think Tank geopolitici, collabora con quotidiani soprattutto per corrispondenze all\u2019estero, pubblica on line su testate del settore marittimo e navale italiane ed internazionali. Non ultimo ha pubblicato una serie di pregevoli saggi sull\u2019evoluzione tecnologica e militare sino alla 2^ Guerra Mondiale, in particolare della Regia Marina, pubblicati da Academia.edu.","sameAs":["https:\/\/independent.academia.edu\/"],"url":"https:\/\/www.ocean4future.org\/savetheocean\/archives\/author\/gian-carlo-poddighe"}]}},"_links":{"self":[{"href":"https:\/\/www.ocean4future.org\/savetheocean\/wp-json\/wp\/v2\/posts\/119565","targetHints":{"allow":["GET"]}}],"collection":[{"href":"https:\/\/www.ocean4future.org\/savetheocean\/wp-json\/wp\/v2\/posts"}],"about":[{"href":"https:\/\/www.ocean4future.org\/savetheocean\/wp-json\/wp\/v2\/types\/post"}],"author":[{"embeddable":true,"href":"https:\/\/www.ocean4future.org\/savetheocean\/wp-json\/wp\/v2\/users\/2391"}],"replies":[{"embeddable":true,"href":"https:\/\/www.ocean4future.org\/savetheocean\/wp-json\/wp\/v2\/comments?post=119565"}],"version-history":[{"count":0,"href":"https:\/\/www.ocean4future.org\/savetheocean\/wp-json\/wp\/v2\/posts\/119565\/revisions"}],"wp:featuredmedia":[{"embeddable":true,"href":"https:\/\/www.ocean4future.org\/savetheocean\/wp-json\/wp\/v2\/media\/79910"}],"wp:attachment":[{"href":"https:\/\/www.ocean4future.org\/savetheocean\/wp-json\/wp\/v2\/media?parent=119565"}],"wp:term":[{"taxonomy":"category","embeddable":true,"href":"https:\/\/www.ocean4future.org\/savetheocean\/wp-json\/wp\/v2\/categories?post=119565"},{"taxonomy":"post_tag","embeddable":true,"href":"https:\/\/www.ocean4future.org\/savetheocean\/wp-json\/wp\/v2\/tags?post=119565"}],"curies":[{"name":"wp","href":"https:\/\/api.w.org\/{rel}","templated":true}]}}