{"id":119559,"date":"2025-07-22T00:02:00","date_gmt":"2025-07-21T22:02:00","guid":{"rendered":"https:\/\/www.ocean4future.org\/savetheocean\/?p=119559"},"modified":"2026-02-21T18:19:34","modified_gmt":"2026-02-21T17:19:34","slug":"venezia-non-solo-arsenale-parte-i","status":"publish","type":"post","link":"https:\/\/www.ocean4future.org\/savetheocean\/archives\/119559","title":{"rendered":"Le strutture della Regia Marina italiana a Venezia, ovvero non solo l&#8217;Arsenale &#8211; parte I"},"content":{"rendered":"<span class=\"span-reading-time rt-reading-time\" style=\"display: block;\"><span class=\"rt-label rt-prefix\">tempo di lettura: <\/span> <span class=\"rt-time\"> 7<\/span> <span class=\"rt-label rt-postfix\">minuti<\/span><\/span><p><span style=\"color: #ffffff;\">.<\/span><\/p>\n<p><a class=\"maxbutton-4 maxbutton maxbutton-livello-di-comprensione\" href=\"javascript:void(0);\"><span class='mb-text'>livello elementare<\/span><\/a><br \/>\n<span style=\"color: #ffffff;\">.<\/span><\/p>\n<p><strong><span style=\"color: #008000;\">ARGOMENTO: STORIA NAVALE<br \/>\n<\/span><\/strong> <strong><span style=\"color: #008000;\">PERIODO: XIX SECOLO<\/span><\/strong><br \/>\n<strong><span style=\"color: #008000;\">AREA: MAR MEDITERRANEO<br \/>\n<\/span><\/strong> parole chiave: Venezia, Regia Marina, Arsenale<\/p>\n<p style=\"text-align: justify;\">Il grande arsenale veneziano, purtroppo ormai spesso banalizzato ad uso dei turisti, pu\u00f2 essere considerato il cuore pulsante della potenza navale della Serenissima e la sua storia si intreccia con quella della citt\u00e0. Come \u00e8 noto, la <strong><span style=\"color: #008000;\">Regia Marina italiana<\/span><\/strong> acquis\u00ec il complesso nel 1866 e, dalle relazioni dell\u2019epoca, risulta che le condizioni generali dello stabilimento fossero sostanzialmente buone &#8211; anche quelle delle strutture pi\u00f9 antiche &#8211; bench\u00e9 fossero inevitabili qua e l\u00e0 lavori di consolidamento e manutenzione di quegli edifici secolari. L\u2019Arsenale era ovviamente un impianto industriale e quindi \u201csolo\u201d un luogo di lavoro, ma la Regia Marina aveva bisogno anche di altre strutture per attivit\u00e0 che non potevano svolgersi al suo interno per i pi\u00f9 svariati motivi. Reperire altrove gli spazi necessari non fu difficile dato che ci avevano gi\u00e0 pensato gli Austriaci, valendosi anche delle aree demaniali esterne che si trovavano nelle vicinanze e delle strutture monastiche lasciate libere fin dal tempo dei Francesi. In questo breve articolo, che sar\u00e0 pubblicato in due parti,&nbsp; vedremo di ricordarne qualcuna fra le pi\u00f9 importanti.<\/p>\n<p style=\"text-align: justify;\"><strong><span style=\"color: #008000;\">Le scuole di Marina e l&#8217;Ospedale<br \/>\n<\/span><\/strong>Furono ben quattro gli istituti che si succedettero per la formazione degli ufficiali di marina. Fin dal 1619 era stata istituita a Venezia una scuola navale chiamata: \u201c<strong><span style=\"color: #008000;\">Collegio dei giovani nobili<\/span><\/strong>\u201d, con sede sull\u2019isola della Giudecca e riservato agli appartenenti alle famiglie dell\u2019 aristocrazia minore o impoverita il cui reddito non doveva superare una certa cifra (1). Nel complesso l\u2019istruzione impartita non era di alto livello e prima della nomina ad ufficiale gli aspiranti usciti dalla scuola dovevano affrontare a bordo un lungo tirocinio. L\u2019istituto, pur attraversando nel tempo momenti di profonda crisi, sopravvisse fino all\u2019occupazione francese nel 1797.<\/p>\n<p><img decoding=\"async\" src=\"https:\/\/www.ocean4future.org\/savetheocean\/wp-content\/uploads\/2025\/07\/venezia-evangelista-palazzo-del-collegio.jpg\"><\/p>\n<p><strong><span style=\"color: #008000;\">Il palazzo del Collegio dei nobili alla Giudecca &#8211; da Wikipedia, foto Wolfgang Moreder<\/span><\/strong><\/p>\n<p style=\"text-align: justify;\">Fra il 1802 e il 1806, sotto gli austriaci, fu istituita all\u2019interno dell\u2019arsenale una <strong><span style=\"color: #008000;\">Marine Kadettenschule<\/span><\/strong> che con il ritorno dei francesi nel 1810 fu sostituita dal \u201c<strong><span style=\"color: #008000;\">Collegio di Marina di Venezia<\/span><\/strong>\u201d per il quale, presso la chiesa di Sant\u2019Agnese a Dorsoduro, fu costruito o riadattato un edificio che venne definito \u201cin stile francese\u201d. Infine, dopo il 1815, fu istituita dagli austriaci la Marine-Kollegium Schule per la formazione degli ufficiali di vascello e degli ingegneri costruttori che perpetu\u00f2 in qualche modo le tradizioni marinare della Serenissima e l\u2019uso della lingua italiana; da essa uscirono non solo molti ammiragli austriaci, fra cui <strong><span style=\"color: #008000;\">Wilhelm Teghetoff<\/span><\/strong>, ma anche ufficiali veneti che dopo il 1848-49, compromessi politicamente, emigrarono in Piemonte entrando a far parte della Marina sarda e poi di quella italiana come <strong><span style=\"color: #008000;\">Tommaso Bucchia, Domenico Chinca, Luigi Fincati, Antonio Sandri<\/span><\/strong>. Era abitudine che i futuri allievi tedeschi, prima di entrare nella scuola, soggiornassero per qualche tempo a Trieste dove, pur respirando ancora l\u2019ambiente mitteleuropeo, facessero pratica della lingua e delle abitudini italiane. Dopo l\u2019insurrezione di Venezia il Collegio di marina fu trasferito prima a Trieste e poi a Fiume mentre gli edifici furono adattati a caserma per il <strong><span style=\"color: #008000;\">Seemarinekorps<\/span><\/strong>, cio\u00e8 la fanteria di marina.<br \/>\nLa sede veneziana si trovava nel complesso monastico di Sant\u2019Anna costruito nel XIII secolo e soppresso nel 1806; qui presero i voti e trascorsero la loro vita le due figlie del Tintoretto Pierina e Ottavia. Nel 1867 l\u2019intera struttura fu adibita dalla Regia Marina ad ospedale navale che tuttavia fu soppresso nel 1870 ma, considerati \u201d<strong><em><span style=\"color: #008000;\">i molti e gravi inconvenienti<\/span><\/em><\/strong>\u201d (la cui natura e portata non \u00e8 stato peraltro possibile accertare) verificatisi in quel lasso di tempo, con il Regio Decreto dell\u201911 agosto 1872 venne ricostituito come ospedale succursale dipendente da quello della Spezia con una capacit\u00e0 ordinaria di 100 letti, poi portati a 250 e a 350 in casi eccezionali. Il complesso consisteva in due edifici principali, cortili ed orto mentre la chiesa sconsacrata, gi\u00e0 utilizzata come palestra per gli allievi austriaci, venne affittata all\u2019impresa fornitrice dei viveri per la marina ed era adibita a magazzino (2). L\u2019Ospedale funzion\u00f2 fino al 1986 e oggi \u00e8 stato in parte oggetto di interventi di recupero ricavando anche nuovi alloggi e in parte attende ancora un intervento di riqualificazione.<\/p>\n<p><img decoding=\"async\" class=\"alignnone size-full wp-image-119701\" src=\"https:\/\/www.ocean4future.org\/savetheocean\/wp-content\/uploads\/2025\/07\/venezia-evangeistacheisa-di-sant-Anna.jpg\" alt=\"\" width=\"905\" height=\"636\"><strong><span style=\"color: #008000;\">Chiesa e ospedale di S. Anna (Google maps)<\/span><\/strong><\/p>\n<p style=\"text-align: justify;\"><span style=\"color: #008000;\"><strong>La Scuola Macchinisti<\/strong><\/span><br \/>\nA differenza delle scuole che abbiamo appena visto, questa era destinata a una categoria di personale che aveva una formazione e un iter di carriera diverso da quello degli ufficiali di vascello e da quelli a nomina diretta, cio\u00e8 gli ufficiali macchinisti. Istituendo questa scuola si volle dare una sistemazione organica al reclutamento e alla carriera di questo Corpo che in origine era composto da personale borghese assunto a contratto, quasi sempre straniero o formatosi nelle pochissime scuole esistenti nel nostro paese o in qualche non meno rara industria privata moderna. La Scuola fu istituita a Genova nel 1862 e regolamentata con il Regio Decreto 4356 del 22 aprile 1868 venendo trasferita a Venezia nel 1873.<br \/>\nA seconda dei periodi i corsi duravano tre o quattro anni e gli allievi macchinisti, a differenza dei futuri ufficiali di vascello, facevano parte del Corpo Equipaggi, portavano l\u2019uniforme dei marinai e, anche se non in tutti i periodi, venivano pagati come tali o come operai per il lavoro svolto in officina. Peraltro la vita degli allievi era diversa da quella della truppa e non poche regole erano le stesse della Scuola di Marina di Genova mentre erano presenti \u201cfamigli\u201d che si occupavano dei servizi. Un\u2019altra e fondamentale differenza rispetto agli ufficiali di vascello era, all\u2019uscita dalla scuola, il conferimento agli allievi dello status di sottufficiale macchinista con l\u2019obbligo di un lungo periodo di servizio prima di poter essere nominati sottotenenti. La sede definitiva fu l\u2019ex <strong><span style=\"color: #008000;\">convento della Celestia<\/span><\/strong>, di propriet\u00e0 del demanio come il piazzale antistante e l\u2019antico viridarium, cio\u00e8 l\u2019orto, un tempo molto vasto ma che a pi\u00f9 riprese fu fagocitato dall\u2019espansione dell\u2019arsenale a cui era adiacente. Il monastero fu soppresso nel 1810 e, dopo anni di abbandono, nel 1824 gli austriaci utilizzarono il convento come caserma per la marina e l\u2019orto come deposito di legname da costruzione e di attrezzi. La chiesa medievale di Santa Maria Assunta in cielo o Santa Maria Celeste, pi\u00f9 volte ricostruita, dove un tempo era sepolto l\u2019<strong><span style=\"color: #008000;\">ammiraglio Carlo Zen<\/span><\/strong> (1334-1418), fu demolita. Nei programmi di insegnamento della scuola il lavoro pratico aveva un\u2019importanza notevole e per questo fu aperto un accesso diretto con l\u2019arsenale ad uso degli allievi per raggiungere le officine. La scuola fu soppressa nel 1912 e, mentre incominci\u00f2 la formazione gli allievi macchinisti presso la Regia Accademia Navale di Livorno &#8211; dalla quale uscivano subito ufficiali &#8211; negli stessi edifici veneziani fu ospitata la scuola per i sottufficiali meccanici. Oggi gli edifici della Celestia ospitano l\u2019Archivio Generale del Comune di Venezia.<\/p>\n<p><img decoding=\"async\" class=\"alignnone size-full wp-image-119703\" src=\"https:\/\/www.ocean4future.org\/savetheocean\/wp-content\/uploads\/2025\/07\/venezia-evangelista-chiostro-palladiano.jpg\" alt=\"\" width=\"811\" height=\"481\"><\/p>\n<p><span style=\"color: #008000;\"><strong>Il chiostro palladiano della scuola<\/strong><\/span><\/p>\n<p style=\"text-align: justify;\"><strong><span style=\"color: #008000;\">La Capitaneria di Porto<\/span><\/strong><br \/>\nDurante la Serenissima Repubblica l\u2019amministrazione marittima era frazionata fra numerose magistrature, in linea con l\u2019attento equilibrio che si voleva tenere fra i diversi poteri di governo (3). Solo durante l\u2019occupazione francese fu istituita una Capitaneria in senso proprio come, d\u2019altra parte, esistevano gi\u00e0 negli altri stati italiani durante l\u2019ancien r\u00e9gime. La sede della Capitaneria francese si trovava in \u201cTerra Nova\u201d presso i Pubblici Granai dove gi\u00e0 esisteva l\u2019ufficio del Magistrato di Sanit\u00e0 (4); fu presto demolita assieme alla chiesa di San Geminiano e ad altri edifici fra il 1807 e il 1810 per la costruzione dell\u2019ala napoleonica delle Procuratie. Solo nel 1832 la Capitaneria e la Sanit\u00e0 austriache, che dopo la riforma del 1850 presero il nome di \u201cUfficio Capitanale del porto e Ufficio Centrale di porto e Sanit\u00e0 Marittima\u201d, trovarono la sede definitiva nell\u2019edificio che occupano tuttora, costruito nel 1492 in stile lombardesco.<\/p>\n<p><img decoding=\"async\" class=\"alignnone size-full wp-image-119714\" src=\"https:\/\/www.ocean4future.org\/savetheocean\/wp-content\/uploads\/2025\/07\/VENEZIA-granaI-Terranova-anonimo.jpeg\" alt=\"\" width=\"1046\" height=\"800\"><\/p>\n<p><strong><span style=\"color: #008000;\">la grande fabbrica merlata dei Granai di San Marco sui quali si ergeva il leone di San Marco &#8211; dipinto anonimo &#8211; Museo Correr, Venezia<\/span><\/strong><\/p>\n<p align=\"justify\"><img decoding=\"async\" class=\"alignnone size-full wp-image-119705\" src=\"https:\/\/www.ocean4future.org\/savetheocean\/wp-content\/uploads\/2025\/07\/venezia-evangelista-fondaghetto.jpg\" alt=\"\" width=\"1200\" height=\"681\"><\/p>\n<p><span style=\"color: #008000;\"><strong>Il Fondaghetto della Farina in un quadro del Canaletto (1730 ca.)<\/strong><\/span><\/p>\n<p style=\"text-align: justify;\">In tale edificio fino al secolo precedente vi risedevano al piano terra i \u201cCinque officiali al formento\u201d con competenza in materia annonaria, di approvvigionamenti e di prezzi, e per questo era chiamato <strong><span style=\"color: #008000;\">Fondaghetto della Farina.<\/span> <\/strong><\/p>\n<p><img decoding=\"async\" class=\"wp-image-119712\" src=\"https:\/\/www.ocean4future.org\/savetheocean\/wp-content\/uploads\/2025\/07\/venezia-evangelista-soffittoo-cap-porto.jpg\" alt=\"\" width=\"657\" height=\"876\" srcset=\"https:\/\/www.ocean4future.org\/savetheocean\/wp-content\/uploads\/2025\/07\/venezia-evangelista-soffittoo-cap-porto.jpg 500w, https:\/\/www.ocean4future.org\/savetheocean\/wp-content\/uploads\/2025\/07\/venezia-evangelista-soffittoo-cap-porto-225x300.jpg 225w\" sizes=\"(max-width: 657px) 100vw, 657px\" \/><\/p>\n<p align=\"justify\"><strong><span style=\"color: #008000;\">Soffitto affrescato all\u2019interno dell\u2019attuale Capitaneria di porto &#8211; Foto amm. Filippo Marini p.g.c. all&#8217;autore<\/span><\/strong><\/p>\n<p style=\"text-align: justify;\">Al piano superiore, da met\u00e0 del XVIII secolo, aveva invece sede un\u2019 Accademia di pittori ed era uso che gli artisti ammessi, come ringraziamento, lasciassero qualche quadro o un affresco sulle pareti. Come si vede dalle immagini il tempo non ne ha cancellato tutte le tracce.<\/p>\n<p style=\"text-align: justify;\"><strong><span style=\"color: #008000;\">Fine I parte &#8211; continua<\/span><\/strong><\/p>\n<p><strong style=\"font-size: 16px; text-align: justify;\"><span style=\"color: #008000;\">Guglielmo Evangelista<\/span><\/strong><\/p>\n<p><strong><span style=\"color: #008000;\">Note<\/span><\/strong><\/p>\n<p style=\"text-align: justify;\">1) Gli appartenenti a questa categoria erano chiamati \u201cbarnabotti\u201d perch\u00e8 abitavano nella zona di Campo San Barnaba dove le abitazioni e la vita erano meno care che nel resto del centro della citt\u00e0.<br \/>\n2) L\u2019organico del 1873 prevedeva nove medici, un farmacista e 17 infermieri.<br \/>\n3) Ricordiamo gli Officiali del Cattaver che controllavano armamenti e carichi, gli Ammiragli del Lido e di Malamocco che sorvegliavano l\u2019ingresso e l\u2019uscita delle navi dalla laguna fino alle ingerenze con ampi poteri in molti settori dei Savi da Mar.<br \/>\n4) Scrive Giuseppe Tassini (\u201cEdifici di Venezia distrutti o volti ad uso diverso\u201d G. Cecchini, Venezia 1885): L\u2019edificio era merlato e sopra il prospetto scorgevasi il leone di San Marco coll\u2019anno 1340, epoca dell\u2019erezione\u2026.nel mezzo risiedeva il Magistrato della Sanit\u00e0 nelle cui stanze, secondo il Boschini, s\u2019ammiravano pitture di Michele Parrasio e quadri della scuola di Tiziano.<\/p>\n<p><span style=\"color: #ffffff;\">.<\/span><\/p>\n<p><a class=\"maxbutton-3 maxbutton maxbutton-pagina-principale\" target=\"_blank\" title=\"tooltip\" rel=\"nofollow noopener\" href=\"http:\/\/www.ocean4future.org\"><span class='mb-text'>PAGINA PRINCIPALE - HOME PAGE<\/span><\/a><br \/>\n<span style=\"color: #ffffff;\">.<\/span><\/p>\n<p style=\"text-align: justify;\">Alcune delle immagini possono essere state prese dal web, citandone ove possibile gli autori e\/o le fonti. Se qualcuno desiderasse specificarne l\u2019autore e le fonti o rimuoverle, pu\u00f2 scrivere a infoocean4future@gmail.com e provvederemo immediatamente alla correzione dell\u2019articolo<\/p>\n<p>&nbsp;<\/p>\n<p>&nbsp;<\/p>\n","protected":false},"excerpt":{"rendered":"<p><span class=\"span-reading-time rt-reading-time\" style=\"display: block;\"><span class=\"rt-label rt-prefix\">tempo di lettura: <\/span> <span class=\"rt-time\"> 7<\/span> <span class=\"rt-label rt-postfix\">minuti<\/span><\/span>. . ARGOMENTO: STORIA NAVALE PERIODO: XIX SECOLO AREA: MAR MEDITERRANEO parole chiave: Venezia, Regia Marina, Arsenale Il grande arsenale veneziano, purtroppo ormai spesso banalizzato ad uso dei turisti, pu\u00f2 essere considerato il cuore pulsante della potenza navale della Serenissima e la sua storia si intreccia con quella della citt\u00e0. Come \u00e8 noto, la Regia [&hellip;]<\/p>\n","protected":false},"author":2428,"featured_media":119714,"comment_status":"open","ping_status":"open","sticky":false,"template":"","format":"standard","meta":{"_acf_changed":false,"_monsterinsights_skip_tracking":false,"_monsterinsights_sitenote_active":false,"_monsterinsights_sitenote_note":"","_monsterinsights_sitenote_category":0,"footnotes":""},"categories":[83],"tags":[],"class_list":["post-119559","post","type-post","status-publish","format-standard","has-post-thumbnail","hentry","category-storia-navale"],"acf":[],"yoast_head":"<!-- This site is optimized with the Yoast SEO plugin v27.4 - https:\/\/yoast.com\/product\/yoast-seo-wordpress\/ -->\n<title>Le strutture della Regia Marina italiana a Venezia, ovvero non solo l&#039;Arsenale - parte I &#8226; OCEAN4FUTURE autore<\/title>\n<meta name=\"robots\" content=\"index, follow, max-snippet:-1, max-image-preview:large, max-video-preview:-1\" \/>\n<link rel=\"canonical\" href=\"https:\/\/www.ocean4future.org\/savetheocean\/archives\/119559\" \/>\n<meta property=\"og:locale\" content=\"it_IT\" \/>\n<meta property=\"og:type\" content=\"article\" \/>\n<meta property=\"og:title\" content=\"Le strutture della Regia Marina italiana a Venezia, ovvero non solo l&#039;Arsenale - parte I &#8226; OCEAN4FUTURE autore\" \/>\n<meta property=\"og:description\" content=\"tempo di lettura:  7 minuti. . ARGOMENTO: STORIA NAVALE PERIODO: XIX SECOLO AREA: MAR MEDITERRANEO parole chiave: Venezia, Regia Marina, Arsenale Il grande arsenale veneziano, purtroppo ormai spesso banalizzato ad uso dei turisti, pu\u00f2 essere considerato il cuore pulsante della potenza navale della Serenissima e la sua storia si intreccia con quella della citt\u00e0. Come \u00e8 noto, la Regia [&hellip;]\" \/>\n<meta property=\"og:url\" content=\"https:\/\/www.ocean4future.org\/savetheocean\/archives\/119559\" \/>\n<meta property=\"og:site_name\" content=\"OCEAN4FUTURE\" \/>\n<meta property=\"article:published_time\" content=\"2025-07-21T22:02:00+00:00\" \/>\n<meta property=\"article:modified_time\" content=\"2026-02-21T17:19:34+00:00\" \/>\n<meta property=\"og:image\" content=\"https:\/\/www.ocean4future.org\/savetheocean\/wp-content\/uploads\/2025\/07\/VENEZIA-granaI-Terranova-anonimo-e1752936097986.jpeg\" \/>\n\t<meta property=\"og:image:width\" content=\"700\" \/>\n\t<meta property=\"og:image:height\" content=\"535\" \/>\n\t<meta property=\"og:image:type\" content=\"image\/jpeg\" \/>\n<meta name=\"author\" content=\"Guglielmo Evangelista\" \/>\n<meta name=\"twitter:card\" content=\"summary_large_image\" \/>\n<meta name=\"twitter:creator\" content=\"@ocean4future\" \/>\n<meta name=\"twitter:site\" content=\"@ocean4future\" \/>\n<meta name=\"twitter:label1\" content=\"Scritto da\" \/>\n\t<meta name=\"twitter:data1\" content=\"Guglielmo Evangelista\" \/>\n\t<meta name=\"twitter:label2\" content=\"Tempo di lettura stimato\" \/>\n\t<meta name=\"twitter:data2\" content=\"10 minuti\" \/>\n<script type=\"application\/ld+json\" class=\"yoast-schema-graph\">{\"@context\":\"https:\\\/\\\/schema.org\",\"@graph\":[{\"@type\":\"Article\",\"@id\":\"https:\\\/\\\/www.ocean4future.org\\\/savetheocean\\\/archives\\\/119559#article\",\"isPartOf\":{\"@id\":\"https:\\\/\\\/www.ocean4future.org\\\/savetheocean\\\/archives\\\/119559\"},\"author\":{\"name\":\"Guglielmo Evangelista\",\"@id\":\"https:\\\/\\\/www.ocean4future.org\\\/savetheocean\\\/#\\\/schema\\\/person\\\/3dd16465e3eca75b65ae959225362b71\"},\"headline\":\"Le strutture della Regia Marina italiana a Venezia, ovvero non solo l&#8217;Arsenale &#8211; parte I\",\"datePublished\":\"2025-07-21T22:02:00+00:00\",\"dateModified\":\"2026-02-21T17:19:34+00:00\",\"mainEntityOfPage\":{\"@id\":\"https:\\\/\\\/www.ocean4future.org\\\/savetheocean\\\/archives\\\/119559\"},\"wordCount\":1643,\"commentCount\":0,\"publisher\":{\"@id\":\"https:\\\/\\\/www.ocean4future.org\\\/savetheocean\\\/#\\\/schema\\\/person\\\/4e1c26437054353074d7bb2efa77162c\"},\"image\":{\"@id\":\"https:\\\/\\\/www.ocean4future.org\\\/savetheocean\\\/archives\\\/119559#primaryimage\"},\"thumbnailUrl\":\"https:\\\/\\\/www.ocean4future.org\\\/savetheocean\\\/wp-content\\\/uploads\\\/2025\\\/07\\\/VENEZIA-granaI-Terranova-anonimo-e1752936097986.jpeg\",\"articleSection\":[\"Storia Navale\"],\"inLanguage\":\"it-IT\",\"potentialAction\":[{\"@type\":\"CommentAction\",\"name\":\"Comment\",\"target\":[\"https:\\\/\\\/www.ocean4future.org\\\/savetheocean\\\/archives\\\/119559#respond\"]}]},{\"@type\":\"WebPage\",\"@id\":\"https:\\\/\\\/www.ocean4future.org\\\/savetheocean\\\/archives\\\/119559\",\"url\":\"https:\\\/\\\/www.ocean4future.org\\\/savetheocean\\\/archives\\\/119559\",\"name\":\"Le strutture della Regia Marina italiana a Venezia, ovvero non solo l'Arsenale - parte I &#8226; OCEAN4FUTURE autore\",\"isPartOf\":{\"@id\":\"https:\\\/\\\/www.ocean4future.org\\\/savetheocean\\\/#website\"},\"primaryImageOfPage\":{\"@id\":\"https:\\\/\\\/www.ocean4future.org\\\/savetheocean\\\/archives\\\/119559#primaryimage\"},\"image\":{\"@id\":\"https:\\\/\\\/www.ocean4future.org\\\/savetheocean\\\/archives\\\/119559#primaryimage\"},\"thumbnailUrl\":\"https:\\\/\\\/www.ocean4future.org\\\/savetheocean\\\/wp-content\\\/uploads\\\/2025\\\/07\\\/VENEZIA-granaI-Terranova-anonimo-e1752936097986.jpeg\",\"datePublished\":\"2025-07-21T22:02:00+00:00\",\"dateModified\":\"2026-02-21T17:19:34+00:00\",\"breadcrumb\":{\"@id\":\"https:\\\/\\\/www.ocean4future.org\\\/savetheocean\\\/archives\\\/119559#breadcrumb\"},\"inLanguage\":\"it-IT\",\"potentialAction\":[{\"@type\":\"ReadAction\",\"target\":[\"https:\\\/\\\/www.ocean4future.org\\\/savetheocean\\\/archives\\\/119559\"]}]},{\"@type\":\"ImageObject\",\"inLanguage\":\"it-IT\",\"@id\":\"https:\\\/\\\/www.ocean4future.org\\\/savetheocean\\\/archives\\\/119559#primaryimage\",\"url\":\"https:\\\/\\\/www.ocean4future.org\\\/savetheocean\\\/wp-content\\\/uploads\\\/2025\\\/07\\\/VENEZIA-granaI-Terranova-anonimo-e1752936097986.jpeg\",\"contentUrl\":\"https:\\\/\\\/www.ocean4future.org\\\/savetheocean\\\/wp-content\\\/uploads\\\/2025\\\/07\\\/VENEZIA-granaI-Terranova-anonimo-e1752936097986.jpeg\",\"width\":700,\"height\":535},{\"@type\":\"BreadcrumbList\",\"@id\":\"https:\\\/\\\/www.ocean4future.org\\\/savetheocean\\\/archives\\\/119559#breadcrumb\",\"itemListElement\":[{\"@type\":\"ListItem\",\"position\":1,\"name\":\"Home\",\"item\":\"https:\\\/\\\/www.ocean4future.org\\\/savetheocean\"},{\"@type\":\"ListItem\",\"position\":2,\"name\":\"Le strutture della Regia Marina italiana a Venezia, ovvero non solo l&#8217;Arsenale &#8211; parte I\"}]},{\"@type\":\"WebSite\",\"@id\":\"https:\\\/\\\/www.ocean4future.org\\\/savetheocean\\\/#website\",\"url\":\"https:\\\/\\\/www.ocean4future.org\\\/savetheocean\\\/\",\"name\":\"Ocean 4 Future\",\"description\":\"Per una nuova cultura del mare e della marittimit\u00e0\",\"publisher\":{\"@id\":\"https:\\\/\\\/www.ocean4future.org\\\/savetheocean\\\/#\\\/schema\\\/person\\\/4e1c26437054353074d7bb2efa77162c\"},\"potentialAction\":[{\"@type\":\"SearchAction\",\"target\":{\"@type\":\"EntryPoint\",\"urlTemplate\":\"https:\\\/\\\/www.ocean4future.org\\\/savetheocean\\\/?s={search_term_string}\"},\"query-input\":{\"@type\":\"PropertyValueSpecification\",\"valueRequired\":true,\"valueName\":\"search_term_string\"}}],\"inLanguage\":\"it-IT\"},{\"@type\":[\"Person\",\"Organization\"],\"@id\":\"https:\\\/\\\/www.ocean4future.org\\\/savetheocean\\\/#\\\/schema\\\/person\\\/4e1c26437054353074d7bb2efa77162c\",\"name\":\"oceandiver\",\"image\":{\"@type\":\"ImageObject\",\"inLanguage\":\"it-IT\",\"@id\":\"https:\\\/\\\/www.ocean4future.org\\\/savetheocean\\\/wp-content\\\/uploads\\\/2023\\\/04\\\/logo-ocean3.jpg\",\"url\":\"https:\\\/\\\/www.ocean4future.org\\\/savetheocean\\\/wp-content\\\/uploads\\\/2023\\\/04\\\/logo-ocean3.jpg\",\"contentUrl\":\"https:\\\/\\\/www.ocean4future.org\\\/savetheocean\\\/wp-content\\\/uploads\\\/2023\\\/04\\\/logo-ocean3.jpg\",\"width\":472,\"height\":301,\"caption\":\"oceandiver\"},\"logo\":{\"@id\":\"https:\\\/\\\/www.ocean4future.org\\\/savetheocean\\\/wp-content\\\/uploads\\\/2023\\\/04\\\/logo-ocean3.jpg\"}},{\"@type\":\"Person\",\"@id\":\"https:\\\/\\\/www.ocean4future.org\\\/savetheocean\\\/#\\\/schema\\\/person\\\/3dd16465e3eca75b65ae959225362b71\",\"name\":\"Guglielmo Evangelista\",\"image\":{\"@type\":\"ImageObject\",\"inLanguage\":\"it-IT\",\"@id\":\"https:\\\/\\\/secure.gravatar.com\\\/avatar\\\/8543fae321a3a9d0dc4969a44c25b3990d365743f80a3573c9993c240078027b?s=96&d=mm&r=g\",\"url\":\"https:\\\/\\\/secure.gravatar.com\\\/avatar\\\/8543fae321a3a9d0dc4969a44c25b3990d365743f80a3573c9993c240078027b?s=96&d=mm&r=g\",\"contentUrl\":\"https:\\\/\\\/secure.gravatar.com\\\/avatar\\\/8543fae321a3a9d0dc4969a44c25b3990d365743f80a3573c9993c240078027b?s=96&d=mm&r=g\",\"caption\":\"Guglielmo Evangelista\"},\"description\":\"nasce a Broni (PV) nel 1951. Laureato in giurisprudenza \u00e8 stato ufficiale delle Capitanerie di Porto e successivamente funzionario di un Ente Pubblico. Ha al suo attivo nove libri fra cui \u201cStoria delle Capitanerie di porto\u201d , \u201cDuemila anni di navigazione padana\u201d e \u201cLe ancore e la tiara \u2013 La Marina Pontificia fra Restaurazione e Risorgimento\u201d ed oltre 400 articoli che riguardano storia, economia e trasporti. Collabora con numerosi periodici specializzati fra cui la Rivista Marittima\u201d.\",\"url\":\"https:\\\/\\\/www.ocean4future.org\\\/savetheocean\\\/archives\\\/author\\\/guglielmo-evangelista\"}]}<\/script>\n<!-- \/ Yoast SEO plugin. -->","yoast_head_json":{"title":"Le strutture della Regia Marina italiana a Venezia, ovvero non solo l'Arsenale - parte I &#8226; OCEAN4FUTURE autore","robots":{"index":"index","follow":"follow","max-snippet":"max-snippet:-1","max-image-preview":"max-image-preview:large","max-video-preview":"max-video-preview:-1"},"canonical":"https:\/\/www.ocean4future.org\/savetheocean\/archives\/119559","og_locale":"it_IT","og_type":"article","og_title":"Le strutture della Regia Marina italiana a Venezia, ovvero non solo l'Arsenale - parte I &#8226; OCEAN4FUTURE autore","og_description":"tempo di lettura:  7 minuti. . ARGOMENTO: STORIA NAVALE PERIODO: XIX SECOLO AREA: MAR MEDITERRANEO parole chiave: Venezia, Regia Marina, Arsenale Il grande arsenale veneziano, purtroppo ormai spesso banalizzato ad uso dei turisti, pu\u00f2 essere considerato il cuore pulsante della potenza navale della Serenissima e la sua storia si intreccia con quella della citt\u00e0. Come \u00e8 noto, la Regia [&hellip;]","og_url":"https:\/\/www.ocean4future.org\/savetheocean\/archives\/119559","og_site_name":"OCEAN4FUTURE","article_published_time":"2025-07-21T22:02:00+00:00","article_modified_time":"2026-02-21T17:19:34+00:00","og_image":[{"width":700,"height":535,"url":"https:\/\/www.ocean4future.org\/savetheocean\/wp-content\/uploads\/2025\/07\/VENEZIA-granaI-Terranova-anonimo-e1752936097986.jpeg","type":"image\/jpeg"}],"author":"Guglielmo Evangelista","twitter_card":"summary_large_image","twitter_creator":"@ocean4future","twitter_site":"@ocean4future","twitter_misc":{"Scritto da":"Guglielmo Evangelista","Tempo di lettura stimato":"10 minuti"},"schema":{"@context":"https:\/\/schema.org","@graph":[{"@type":"Article","@id":"https:\/\/www.ocean4future.org\/savetheocean\/archives\/119559#article","isPartOf":{"@id":"https:\/\/www.ocean4future.org\/savetheocean\/archives\/119559"},"author":{"name":"Guglielmo Evangelista","@id":"https:\/\/www.ocean4future.org\/savetheocean\/#\/schema\/person\/3dd16465e3eca75b65ae959225362b71"},"headline":"Le strutture della Regia Marina italiana a Venezia, ovvero non solo l&#8217;Arsenale &#8211; parte I","datePublished":"2025-07-21T22:02:00+00:00","dateModified":"2026-02-21T17:19:34+00:00","mainEntityOfPage":{"@id":"https:\/\/www.ocean4future.org\/savetheocean\/archives\/119559"},"wordCount":1643,"commentCount":0,"publisher":{"@id":"https:\/\/www.ocean4future.org\/savetheocean\/#\/schema\/person\/4e1c26437054353074d7bb2efa77162c"},"image":{"@id":"https:\/\/www.ocean4future.org\/savetheocean\/archives\/119559#primaryimage"},"thumbnailUrl":"https:\/\/www.ocean4future.org\/savetheocean\/wp-content\/uploads\/2025\/07\/VENEZIA-granaI-Terranova-anonimo-e1752936097986.jpeg","articleSection":["Storia Navale"],"inLanguage":"it-IT","potentialAction":[{"@type":"CommentAction","name":"Comment","target":["https:\/\/www.ocean4future.org\/savetheocean\/archives\/119559#respond"]}]},{"@type":"WebPage","@id":"https:\/\/www.ocean4future.org\/savetheocean\/archives\/119559","url":"https:\/\/www.ocean4future.org\/savetheocean\/archives\/119559","name":"Le strutture della Regia Marina italiana a Venezia, ovvero non solo l'Arsenale - parte I &#8226; OCEAN4FUTURE autore","isPartOf":{"@id":"https:\/\/www.ocean4future.org\/savetheocean\/#website"},"primaryImageOfPage":{"@id":"https:\/\/www.ocean4future.org\/savetheocean\/archives\/119559#primaryimage"},"image":{"@id":"https:\/\/www.ocean4future.org\/savetheocean\/archives\/119559#primaryimage"},"thumbnailUrl":"https:\/\/www.ocean4future.org\/savetheocean\/wp-content\/uploads\/2025\/07\/VENEZIA-granaI-Terranova-anonimo-e1752936097986.jpeg","datePublished":"2025-07-21T22:02:00+00:00","dateModified":"2026-02-21T17:19:34+00:00","breadcrumb":{"@id":"https:\/\/www.ocean4future.org\/savetheocean\/archives\/119559#breadcrumb"},"inLanguage":"it-IT","potentialAction":[{"@type":"ReadAction","target":["https:\/\/www.ocean4future.org\/savetheocean\/archives\/119559"]}]},{"@type":"ImageObject","inLanguage":"it-IT","@id":"https:\/\/www.ocean4future.org\/savetheocean\/archives\/119559#primaryimage","url":"https:\/\/www.ocean4future.org\/savetheocean\/wp-content\/uploads\/2025\/07\/VENEZIA-granaI-Terranova-anonimo-e1752936097986.jpeg","contentUrl":"https:\/\/www.ocean4future.org\/savetheocean\/wp-content\/uploads\/2025\/07\/VENEZIA-granaI-Terranova-anonimo-e1752936097986.jpeg","width":700,"height":535},{"@type":"BreadcrumbList","@id":"https:\/\/www.ocean4future.org\/savetheocean\/archives\/119559#breadcrumb","itemListElement":[{"@type":"ListItem","position":1,"name":"Home","item":"https:\/\/www.ocean4future.org\/savetheocean"},{"@type":"ListItem","position":2,"name":"Le strutture della Regia Marina italiana a Venezia, ovvero non solo l&#8217;Arsenale &#8211; parte I"}]},{"@type":"WebSite","@id":"https:\/\/www.ocean4future.org\/savetheocean\/#website","url":"https:\/\/www.ocean4future.org\/savetheocean\/","name":"Ocean 4 Future","description":"Per una nuova cultura del mare e della marittimit\u00e0","publisher":{"@id":"https:\/\/www.ocean4future.org\/savetheocean\/#\/schema\/person\/4e1c26437054353074d7bb2efa77162c"},"potentialAction":[{"@type":"SearchAction","target":{"@type":"EntryPoint","urlTemplate":"https:\/\/www.ocean4future.org\/savetheocean\/?s={search_term_string}"},"query-input":{"@type":"PropertyValueSpecification","valueRequired":true,"valueName":"search_term_string"}}],"inLanguage":"it-IT"},{"@type":["Person","Organization"],"@id":"https:\/\/www.ocean4future.org\/savetheocean\/#\/schema\/person\/4e1c26437054353074d7bb2efa77162c","name":"oceandiver","image":{"@type":"ImageObject","inLanguage":"it-IT","@id":"https:\/\/www.ocean4future.org\/savetheocean\/wp-content\/uploads\/2023\/04\/logo-ocean3.jpg","url":"https:\/\/www.ocean4future.org\/savetheocean\/wp-content\/uploads\/2023\/04\/logo-ocean3.jpg","contentUrl":"https:\/\/www.ocean4future.org\/savetheocean\/wp-content\/uploads\/2023\/04\/logo-ocean3.jpg","width":472,"height":301,"caption":"oceandiver"},"logo":{"@id":"https:\/\/www.ocean4future.org\/savetheocean\/wp-content\/uploads\/2023\/04\/logo-ocean3.jpg"}},{"@type":"Person","@id":"https:\/\/www.ocean4future.org\/savetheocean\/#\/schema\/person\/3dd16465e3eca75b65ae959225362b71","name":"Guglielmo Evangelista","image":{"@type":"ImageObject","inLanguage":"it-IT","@id":"https:\/\/secure.gravatar.com\/avatar\/8543fae321a3a9d0dc4969a44c25b3990d365743f80a3573c9993c240078027b?s=96&d=mm&r=g","url":"https:\/\/secure.gravatar.com\/avatar\/8543fae321a3a9d0dc4969a44c25b3990d365743f80a3573c9993c240078027b?s=96&d=mm&r=g","contentUrl":"https:\/\/secure.gravatar.com\/avatar\/8543fae321a3a9d0dc4969a44c25b3990d365743f80a3573c9993c240078027b?s=96&d=mm&r=g","caption":"Guglielmo Evangelista"},"description":"nasce a Broni (PV) nel 1951. Laureato in giurisprudenza \u00e8 stato ufficiale delle Capitanerie di Porto e successivamente funzionario di un Ente Pubblico. Ha al suo attivo nove libri fra cui \u201cStoria delle Capitanerie di porto\u201d , \u201cDuemila anni di navigazione padana\u201d e \u201cLe ancore e la tiara \u2013 La Marina Pontificia fra Restaurazione e Risorgimento\u201d ed oltre 400 articoli che riguardano storia, economia e trasporti. Collabora con numerosi periodici specializzati fra cui la Rivista Marittima\u201d.","url":"https:\/\/www.ocean4future.org\/savetheocean\/archives\/author\/guglielmo-evangelista"}]}},"_links":{"self":[{"href":"https:\/\/www.ocean4future.org\/savetheocean\/wp-json\/wp\/v2\/posts\/119559","targetHints":{"allow":["GET"]}}],"collection":[{"href":"https:\/\/www.ocean4future.org\/savetheocean\/wp-json\/wp\/v2\/posts"}],"about":[{"href":"https:\/\/www.ocean4future.org\/savetheocean\/wp-json\/wp\/v2\/types\/post"}],"author":[{"embeddable":true,"href":"https:\/\/www.ocean4future.org\/savetheocean\/wp-json\/wp\/v2\/users\/2428"}],"replies":[{"embeddable":true,"href":"https:\/\/www.ocean4future.org\/savetheocean\/wp-json\/wp\/v2\/comments?post=119559"}],"version-history":[{"count":1,"href":"https:\/\/www.ocean4future.org\/savetheocean\/wp-json\/wp\/v2\/posts\/119559\/revisions"}],"predecessor-version":[{"id":125875,"href":"https:\/\/www.ocean4future.org\/savetheocean\/wp-json\/wp\/v2\/posts\/119559\/revisions\/125875"}],"wp:featuredmedia":[{"embeddable":true,"href":"https:\/\/www.ocean4future.org\/savetheocean\/wp-json\/wp\/v2\/media\/119714"}],"wp:attachment":[{"href":"https:\/\/www.ocean4future.org\/savetheocean\/wp-json\/wp\/v2\/media?parent=119559"}],"wp:term":[{"taxonomy":"category","embeddable":true,"href":"https:\/\/www.ocean4future.org\/savetheocean\/wp-json\/wp\/v2\/categories?post=119559"},{"taxonomy":"post_tag","embeddable":true,"href":"https:\/\/www.ocean4future.org\/savetheocean\/wp-json\/wp\/v2\/tags?post=119559"}],"curies":[{"name":"wp","href":"https:\/\/api.w.org\/{rel}","templated":true}]}}