{"id":119403,"date":"2025-06-25T00:03:00","date_gmt":"2025-06-24T22:03:00","guid":{"rendered":"https:\/\/www.ocean4future.org\/savetheocean\/?p=119403"},"modified":"2025-06-23T22:22:37","modified_gmt":"2025-06-23T20:22:37","slug":"perche-lattacco-usa-alliran-non-e-linizio-della-terza-guerra-mondiale-di-antonio-li-gobbi","status":"publish","type":"post","link":"https:\/\/www.ocean4future.org\/savetheocean\/archives\/119403","title":{"rendered":"Perch\u00e9 l\u2019attacco USA all\u2019Iran non \u00e8 l\u2019inizio della Terza guerra mondiale di Antonio Li Gobbi"},"content":{"rendered":"<span class=\"span-reading-time rt-reading-time\" style=\"display: block;\"><span class=\"rt-label rt-prefix\">tempo di lettura: <\/span> <span class=\"rt-time\"> 6<\/span> <span class=\"rt-label rt-postfix\">minuti<\/span><\/span><p><span style=\"color: #ffffff\">.<\/span><br \/>\n<a class=\"maxbutton-4 maxbutton maxbutton-livello-di-comprensione\" href=\"javascript:void(0);\"><span class='mb-text'>livello elementare<\/span><\/a><br \/>\n<span style=\"color: #ffffff\">.<\/span><br \/>\n<span style=\"color: #008000\"><strong>ARGOMENTO: GEOPOLITICA<\/strong><\/span><br \/>\n<span style=\"color: #008000\"><strong>PERIODO: XXI SECOLO<\/strong><\/span><br \/>\n<span style=\"color: #008000\"><strong>AREA: MEDIO ORIENTE<\/strong><\/span><br \/>\nparole chiave: Iran, Israele, USA<br \/>\n<span style=\"color: #ffffff\">.<\/span><\/p>\n<p style=\"text-align: justify\"><span style=\"color: #008000\"><strong>C\u2019\u00e8 chi, dopo l\u2019attacco USA alle installazioni nucleari iraniane di Fordow, Natanz ed Isfahan, denuncia l\u2019allargamento incontrollato del conflitto in corso o addirittura preconizza, per l\u2019ennesima volta negli ultimi 80 anni, l\u2019inizio della terza guerra mondiale.<\/strong><\/span><\/p>\n<p><img decoding=\"async\" class=\"alignnone size-full wp-image-119410\" src=\"https:\/\/www.ocean4future.org\/savetheocean\/wp-content\/uploads\/2025\/06\/operation-midnight-hammer-230625-Li-Gobbi-e1750709276622.jpg\" alt=\"\" width=\"700\" height=\"468\" \/><\/p>\n<p style=\"text-align: justify\"><span style=\"color: #008000\"><strong>Forse la situazione non \u00e8 cos\u00ec drammatica<\/strong><\/span><br \/>\nL\u2019azione USA (di cui peraltro ancora non \u00e8 possibile sapere effettivamente quanto sia stata la reale efficacia) non era assolutamente inaspettata. Anzi, contravvenendo a qualsiasi prudenza che l\u2019operational security imporrebbe prima di lanciare un attacco militare, gli USA hanno pubblicizzato oltre misura cosa stessero facendo. Trump, rischiando di fare la figura di un \u201cre tentenna\u201d qualsiasi aveva dichiarato che si sarebbe preso ben due settimane per decidere se intervenire o meno, esponendosi a una figura poco dignitosa per il Commander in Chief. Il trasferimento dei bombardieri B2 da Guam a Diego Garcia (che ci si sarebbe aspettati fosse effettuato nella massima segretezza) \u00e8 stato fatto trapelare ai media con dovizia di particolari. Contrasti (veri o presunti) tra Trump e Bannon in merito all\u2019opportunit\u00e0 di intervento militare diretto USA sono stati ampiamente condivisi con la stampa.<\/p>\n<p><img decoding=\"async\" class=\"wp-image-119407 size-full\" src=\"https:\/\/www.ocean4future.org\/savetheocean\/wp-content\/uploads\/2025\/06\/2nd_Air_Refueling_Squadron_refuels_B-2s_161110-F-GV347-141.jpg\" alt=\"\" width=\"640\" height=\"426\" srcset=\"https:\/\/www.ocean4future.org\/savetheocean\/wp-content\/uploads\/2025\/06\/2nd_Air_Refueling_Squadron_refuels_B-2s_161110-F-GV347-141.jpg 640w, https:\/\/www.ocean4future.org\/savetheocean\/wp-content\/uploads\/2025\/06\/2nd_Air_Refueling_Squadron_refuels_B-2s_161110-F-GV347-141-300x200.jpg 300w\" sizes=\"(max-width: 640px) 100vw, 640px\" \/><\/p>\n<p align=\"justify\"><span style=\"color: #008000\"><strong>rifornimento in volo di un B2 &#8211; U.S. Air Force photo by Senior Airman Keith James\/Released<\/strong><\/span><\/p>\n<p style=\"text-align: justify\"><span style=\"color: #008000\"><strong>Incompetenza?<\/strong><\/span> Forse no. Forse il <strong><span style=\"color: #008000\">POTUS<sup>1<\/sup><\/span><\/strong> voleva dare ancora una possibilit\u00e0 alla leadership iraniana di addivenire ad un accordo prima dell\u2019intervento USA. Intanto presumerei che, tramite appositi canali, <strong><span style=\"color: #008000\">Putin, Xi Jinping e Mohammad Bin Salman<\/span><\/strong> fossero stati preavvisati degli obiettivi dell\u2019azione USA e dell\u2019intenzione statunitense di non procedere, comunque, al di l\u00e0 di azioni limitate e chirurgiche di bombardamento. Al riguardo, peraltro, sembrerebbe che fosse stata informata in anticipo anche la leadership iraniana. Certo, nelle trattative con i principali attori strategici interessati anche altre considerazioni o concessioni (es. in riferimento al conflitto in Ucraina, all\u2019appoggio USA a Taiwan, ecc.) possono aver avuto un peso non certo irrilevante. Dubiterei, invece, che Trump si sia coordinato con l\u2019UE, che lui ritiene un\u2019organizzazione inutile, n\u00e9 con i principali leader europei. Forse il POTUS era anche indispettito dall\u2019inconcludente incontro tenutosi a Ginevra tra il ministro degli esteri iraniano Abbas Araghchi e il quartetto rappresentato dai ministri degli esteri di E3 (Francia, Regno Unito e Germania) e l\u2019Alto Rappresentante per la Politica Estera UE. Quasi a voler indicare che il problema del nucleare iraniano lo sta trattando lui in prima persona e che non gradisce che leader europei, che considera di secondo piano, si permettano di \u201cdisturbare il manovratore.<\/p>\n<p><img decoding=\"async\" class=\"wp-image-119408 size-full\" src=\"https:\/\/www.ocean4future.org\/savetheocean\/wp-content\/uploads\/2025\/06\/B-2_Spirit_original.jpg\" alt=\"\" width=\"640\" height=\"401\" srcset=\"https:\/\/www.ocean4future.org\/savetheocean\/wp-content\/uploads\/2025\/06\/B-2_Spirit_original.jpg 640w, https:\/\/www.ocean4future.org\/savetheocean\/wp-content\/uploads\/2025\/06\/B-2_Spirit_original-300x188.jpg 300w, https:\/\/www.ocean4future.org\/savetheocean\/wp-content\/uploads\/2025\/06\/B-2_Spirit_original-320x202.jpg 320w\" sizes=\"(max-width: 640px) 100vw, 640px\" \/><\/p>\n<p align=\"justify\"><span style=\"color: #008000\"><strong>un B-2 Spirit U.S. Air Force Photo by: Staff Sgt Bennie J. Davis III<\/strong><\/span><\/p>\n<p style=\"text-align: justify\">Trump non \u00e8 George W. Bush, \u00e8 anni luce distante dalla sua vision di politica estera e non credo che azzarderebbe operazioni di terra (come fatto dagli USA in Afghanistan nel 2001 e in Iraq nel 2003, con esiti peraltro disastrosi, di cui gli americani hanno sicuramente fatto tesoro negli ultimi vent\u2019anni). Trump gi\u00e0 durante il suo primo mandato aveva pi\u00f9 volte utilizzato attacchi aerei per colpire obiettivi limitati in Medio Oriente<strong><sup><span style=\"color: #008000\">2<\/span><\/sup><\/strong>. Peraltro, anche in quelle occasioni lo fece senza chiedere alcuna autorizzazione al Congresso (cosa che sembra che oggi stia agitando alcuni politici USA). Per\u00f2, quelle azioni chirurgiche non lo hanno mai portato a impegnare sul terreno truppe USA. Inoltre, \u00e8 chiaro che gli USA non vorranno portare l\u2019attacco ad un punto da rischiare un crollo disordinato del regime degli Ayatollah. \u00c8 presumibile, invece, che puntino eventualmente ad un passaggio di mano del potere ad altri apparati dello Stato iraniano. Poteri probabilmente altrettanto liberticidi degli \u201cuomini con il turbante\u201d, ma solo meno ossessivamente anti occidentali. Prevedibilmente, ci saranno condanne sino-russe in Consiglio di Sicurezza, dichiarazioni infuocate da parte delle leadership di molti paesi arabi, ma sarei tentato di escludere da parte di tutti questi interventi concreti di natura militare a fianco dell\u2019Iran. \u00c8, invece, sicura l\u2019attivazione di tutti i proxi iraniani e delle organizzazioni filo-palestinesi per attaccare obiettivi ed interessi USA in tutto il globo. <strong><span style=\"color: #008000\">Certo, gli Houthi in Yemen possono tentare di colpire le tante installazioni e forze USA in tutta la penisola Araba e nel Corno d\u2019Africa. Ma non solo questo.<br \/>\n<\/span><\/strong><br \/>\nGli USA hanno una presenza militare ancora importante in Iraq nel contesto di \u201c<strong><span style=\"color: #008000\">Operation Inherent Resolve<\/span><\/strong>\u201d, coalizione a guida USA<strong><sup><span style=\"color: #008000\">3<\/span><\/sup><\/strong> per il contrasto alla minaccia terroristica di Daesh e in Iraq l\u2019influenza iraniana e dei Pasdaran \u00e8 ancora molto radicata. Inoltre, non si possono escludere attacchi terroristici da parte di gruppi islamisti anche sunniti contro obiettivi, interessi e personale USA in tutto il mondo (soprattutto in Africa e Asia, ma anche in Europa). In Europa, in particolare, possiamo ritenere probabili azioni terroristiche contro obiettivi e interessi USA da parte di formazioni della composita galassia islamista<sup><strong><span style=\"color: #008000\">4<\/span><\/strong><\/sup> o di tanti potenziali lupi solitari (i cos\u00ec detti \u201chomegrown terrorists\u201d) auto-radicatisi nella jihad. Attacchi che, in Italia, potrebbero mettere nel mirino le tante installazioni USA nel nostro paese, da parte di terroristi islamisti o anche da parte di rappresentanti della estrema sinistra nostrana (anarco insurrezionalisti, black block, centri sociali, ecc.). Certo, non pu\u00f2 essere del tutto escluso che l\u2019Iran \u201cdirettamente\u201d tenti una reazione militare contro gli USA. Mossa che riterrei suicida. Ci\u00f2 potrebbe avvenire, per\u00f2, solo contro assetti militari Usa in Iraq o navi Usa nel Golfo Persico o nell\u2019Oceano Indiano.<br \/>\n<span style=\"color: #ffffff\">.<\/span><br \/>\nUn attacco \u201cdichiaratamente\u201d iraniano a basi o istallazioni USA in Arabia Saudita, Kuwait, Qatar o Oman rappresenta, invece, anche una violazione dell\u2019integrit\u00e0 territoriale di tali paesi e non credo che l\u2019Iran potrebbe permettersi di avere altri \u201cnemici\u201d nella regione. Inoltre, occorre tener conto che le capacit\u00e0 militari convenzionali iraniane (che gi\u00e0 prima del conflitto erano rilevanti solo nel settore missilistico) sono ora consistentemente degradate anche nel settore missilistico. Viene anche evocata la possibilit\u00e0 della chiusura dello Stretto di Hormuz, da dove transita in uscita tra il 20 e il 30% delle forniture mondiali di greggio. Tecnicamente ci\u00f2 sarebbe possibile in quanto l\u2019Iran, pur non possedendo una marina militare utilizzabile in un confronto classico con quelle di altri paesi, dispone di capacit\u00e0 (con barchini d\u2019attacco, mine marittime, mini sommergibili e droni) comunque sufficienti per interdire il transito attraverso questo vulnerabilissimo e vitale choke point marittimo<strong><sup><span style=\"color: #008000\">5<\/span><\/sup><\/strong> . Per\u00f2, tra i danneggiati (oltre a Arabia Saudita, Emirati ed Europa) ci sarebbe anche la Cina e forse Teheran avrebbe interesse a non compromettere la possibilit\u00e0 di un sostegno politico diplomatico di Pechino in questo momento delicato (momento in cui anche Mosca, a parte le dichiarazioni di circostanza, sembra guardare altrove).<\/p>\n<p style=\"text-align: justify\">In conclusione, <strong><span style=\"color: #008000\">la situazione \u00e8 critica e l\u2019Iran, anche per salvare la faccia della propria leadership di fronte all\u2019opinione pubblica domestica, risponder\u00e0 in qualche modo<\/span><\/strong> ma l\u2019attacco USA ai siti di Fordow, Natanz ed Isfahan non penso sia la scintilla per il tanto temuto \u201callargamento del conflitto\u201d. Occorre, per\u00f2, rimarcare che spesso ci si allarma per le \u201cdimostrazioni di forza\u201d nelle relazioni internazionali. Sicuramente sarebbe pi\u00f9 rassicurante un mondo ove le relazioni tra gli Stati fossero basate esclusivamente sul dialogo tra pari. Non sempre ci\u00f2 avviene, purtroppo. N\u00e9 forse potrebbe avvenire. Peraltro, normalmente le \u201cdimostrazioni di debolezza\u201d risultano pi\u00f9 pericolose per la stabilit\u00e0 internazionale rispetto alle \u201cdimostrazioni di forza\u201d.<\/p>\n<p style=\"text-align: justify\"><img decoding=\"async\" class=\"alignnone size-full wp-image-119409\" src=\"https:\/\/www.ocean4future.org\/savetheocean\/wp-content\/uploads\/2025\/06\/Deleted_GBU-57_MOP_photo_2.jpg\" alt=\"\" width=\"640\" height=\"335\" srcset=\"https:\/\/www.ocean4future.org\/savetheocean\/wp-content\/uploads\/2025\/06\/Deleted_GBU-57_MOP_photo_2.jpg 640w, https:\/\/www.ocean4future.org\/savetheocean\/wp-content\/uploads\/2025\/06\/Deleted_GBU-57_MOP_photo_2-300x157.jpg 300w\" sizes=\"(max-width: 640px) 100vw, 640px\" \/><\/p>\n<p style=\"text-align: justify\">Pi\u00f9 preoccupante sarebbe il caso in cui l\u2019uso della famosa \u201csuperbomba\u201d <strong><span style=\"color: #008000\">GBU 57<\/span><\/strong> dovesse risultare non risolutivo per la distruzione delle installazioni di Fordow. Una simile evenienza comporterebbe due gravi danni per Washington. Da un lato, verrebbe minato il valore deterrente del principale mezzo di offesa convenzionale in possesso USA (evidenziando che, per determinati obiettivi, sarebbe inevitabile ricorrere a ordigni nucleari, sia pure \u201ctattici\u201d, di cui anche Russia e Cina dispongono in quantit\u00e0). Soprattutto, per\u00f2, gli iraniani avrebbero la possibilit\u00e0 di studiare e determinare con relativa precisione quali siano le \u201creali\u201d potenzialit\u00e0 della \u201csuperbomba\u201d che forse non sarebbe pi\u00f9 considerata cos\u00ec \u201csuper\u201d. Informazioni che sarebbero sicuramente rese disponibili a Cina, Russia e Corea del Nord. E questo sarebbe, secondo me, veramente preoccupante!<br \/>\n<strong><span style=\"color: #008000\">Antonio Li Gobbi<\/span><\/strong><\/p>\n<p>Pubblicato originariamente su <a href=\"https:\/\/www.difesaonline.it\/mondo-militare\/perch%C3%A9-lattacco-usa-alliran-non-%C3%A8-linizio-della-terza-guerra-mondiale\">https:\/\/www.difesaonline.it\/mondo-militare\/perch%C3%A9-lattacco-usa-alliran-non-%C3%A8-linizio-della-terza-guerra-mondiale <\/a>il 23\/06\/25<\/p>\n<p><span style=\"color: #008000\"><strong><span style=\"font-size: 20px\">Note<\/span><\/strong><\/span><\/p>\n<p>1 POTUS : acronimo statunitense per President Of The United States<\/p>\n<p style=\"text-align: justify\">2 Ad esempio il lancio di 59 missili Tomahawk contro la base aerea siriana di Shayrat il 7 aprile 2017 (in risposta al presunto uso di armi chimiche da parte delle forze di Assad a Kahn Shaykhun il precedente 4 aprile) o l\u2019uccisione del generale Qaseim Solemani il 3 gennaio 2020 a Baghdad.<\/p>\n<p style=\"text-align: justify\">3 Coalizione cui partecipa, in Iraq, anche l\u2019Italia con l\u2019<strong><span style=\"color: #008000\">Operazione Prima Parthica<\/span><\/strong> a Erbil, oltre che nel contesto della NATO Mission a Baghdad. Contingenti per la cui sicurezza il governo italiano ha posto in atto determinate misure.<\/p>\n<p><img decoding=\"async\" class=\"alignnone size-full wp-image-119412\" src=\"https:\/\/www.ocean4future.org\/savetheocean\/wp-content\/uploads\/2025\/06\/Screenshot-2025-06-23-221224-e1750709695783.png\" alt=\"\" width=\"704\" height=\"349\" \/><\/p>\n<p style=\"text-align: justify\">4 Uso il termine giornalistico \u201cislamista\u201d anzich\u00e9 \u201cislamico\u201d per distinguere chi professa una visione estremizzata e violenta dell\u2019Islam dalla maggioranza dei fedeli di tale credo religioso.<\/p>\n<p style=\"text-align: justify\">5 Lo Stretto di Hormuz \u00e8 un braccio di mare largo meno di 40 km nel punto pi\u00f9 stretto che separa l\u2019Iran dalla Penisola Arabica. Diviso in due corsie di navigazione di circa 3 km in ogni direzione, \u00e8 l\u2019unico passaggio marittimo tra il Golfo Persico e l\u2019Oceano Indiano.<\/p>\n<p style=\"text-align: justify\"><span style=\"color: #ffffff\">,<\/span><br \/>\n<a class=\"maxbutton-3 maxbutton maxbutton-pagina-principale\" target=\"_blank\" title=\"tooltip\" rel=\"nofollow noopener\" href=\"http:\/\/www.ocean4future.org\"><span class='mb-text'>PAGINA PRINCIPALE - HOME PAGE<\/span><\/a><br \/>\n<span style=\"color: #ffffff\">.<\/span><br \/>\nAlcune delle foto presenti in questo blog possono essere state prese dal web, citandone ove possibile gli autori e\/o le fonti. Se qualcuno desiderasse specificarne l\u2019autore o rimuoverle, pu\u00f2 scrivere a infoocean4future@gmail.com e provvederemo immediatamente alla correzione dell\u2019articolo<br \/>\n<span style=\"color: #ffffff\">.<\/span><\/p>\n","protected":false},"excerpt":{"rendered":"<p><span class=\"span-reading-time rt-reading-time\" style=\"display: block;\"><span class=\"rt-label rt-prefix\">tempo di lettura: <\/span> <span class=\"rt-time\"> 6<\/span> <span class=\"rt-label rt-postfix\">minuti<\/span><\/span>. . ARGOMENTO: GEOPOLITICA PERIODO: XXI SECOLO AREA: MEDIO ORIENTE parole chiave: Iran, Israele, USA . C\u2019\u00e8 chi, dopo l\u2019attacco USA alle installazioni nucleari iraniane di Fordow, Natanz ed Isfahan, denuncia l\u2019allargamento incontrollato del conflitto in corso o addirittura preconizza, per l\u2019ennesima volta negli ultimi 80 anni, l\u2019inizio della terza guerra mondiale. Forse la situazione [&hellip;]<\/p>\n","protected":false},"author":1,"featured_media":119407,"comment_status":"open","ping_status":"open","sticky":false,"template":"","format":"standard","meta":{"_acf_changed":false,"_monsterinsights_skip_tracking":false,"_monsterinsights_sitenote_active":false,"_monsterinsights_sitenote_note":"","_monsterinsights_sitenote_category":0,"footnotes":""},"categories":[1413,2421],"tags":[],"class_list":["post-119403","post","type-post","status-publish","format-standard","has-post-thumbnail","hentry","category-geopolitica","category-storia-contemporanea-geopolitica"],"acf":[],"yoast_head":"<!-- This site is optimized with the Yoast SEO plugin v27.4 - https:\/\/yoast.com\/product\/yoast-seo-wordpress\/ -->\n<title>Perch\u00e9 l\u2019attacco USA all\u2019Iran non \u00e8 l\u2019inizio della Terza guerra mondiale di Antonio Li Gobbi &#8226; OCEAN4FUTURE autore<\/title>\n<meta name=\"robots\" content=\"index, follow, max-snippet:-1, max-image-preview:large, max-video-preview:-1\" \/>\n<link rel=\"canonical\" href=\"https:\/\/www.ocean4future.org\/savetheocean\/archives\/119403\" \/>\n<meta property=\"og:locale\" content=\"it_IT\" \/>\n<meta property=\"og:type\" content=\"article\" \/>\n<meta property=\"og:title\" content=\"Perch\u00e9 l\u2019attacco USA all\u2019Iran non \u00e8 l\u2019inizio della Terza guerra mondiale di Antonio Li Gobbi &#8226; OCEAN4FUTURE autore\" \/>\n<meta property=\"og:description\" content=\"tempo di lettura:  6 minuti. . ARGOMENTO: GEOPOLITICA PERIODO: XXI SECOLO AREA: MEDIO ORIENTE parole chiave: Iran, Israele, USA . C\u2019\u00e8 chi, dopo l\u2019attacco USA alle installazioni nucleari iraniane di Fordow, Natanz ed Isfahan, denuncia l\u2019allargamento incontrollato del conflitto in corso o addirittura preconizza, per l\u2019ennesima volta negli ultimi 80 anni, l\u2019inizio della terza guerra mondiale. Forse la situazione [&hellip;]\" \/>\n<meta property=\"og:url\" content=\"https:\/\/www.ocean4future.org\/savetheocean\/archives\/119403\" \/>\n<meta property=\"og:site_name\" content=\"OCEAN4FUTURE\" \/>\n<meta property=\"article:published_time\" content=\"2025-06-24T22:03:00+00:00\" \/>\n<meta property=\"og:image\" content=\"https:\/\/www.ocean4future.org\/savetheocean\/wp-content\/uploads\/2025\/06\/2nd_Air_Refueling_Squadron_refuels_B-2s_161110-F-GV347-141.jpg\" \/>\n\t<meta property=\"og:image:width\" content=\"640\" \/>\n\t<meta property=\"og:image:height\" content=\"426\" \/>\n\t<meta property=\"og:image:type\" content=\"image\/jpeg\" \/>\n<meta name=\"author\" content=\"Admin\" \/>\n<meta name=\"twitter:card\" content=\"summary_large_image\" \/>\n<meta name=\"twitter:creator\" content=\"@ocean4future\" \/>\n<meta name=\"twitter:site\" content=\"@ocean4future\" \/>\n<meta name=\"twitter:label1\" content=\"Scritto da\" \/>\n\t<meta name=\"twitter:data1\" content=\"Admin\" \/>\n\t<meta name=\"twitter:label2\" content=\"Tempo di lettura stimato\" \/>\n\t<meta name=\"twitter:data2\" content=\"10 minuti\" \/>\n<script type=\"application\/ld+json\" class=\"yoast-schema-graph\">{\"@context\":\"https:\\\/\\\/schema.org\",\"@graph\":[{\"@type\":\"Article\",\"@id\":\"https:\\\/\\\/www.ocean4future.org\\\/savetheocean\\\/archives\\\/119403#article\",\"isPartOf\":{\"@id\":\"https:\\\/\\\/www.ocean4future.org\\\/savetheocean\\\/archives\\\/119403\"},\"author\":{\"name\":\"Admin\",\"@id\":\"https:\\\/\\\/www.ocean4future.org\\\/savetheocean\\\/#\\\/schema\\\/person\\\/3205b648e09942114ed508b82b58968a\"},\"headline\":\"Perch\u00e9 l\u2019attacco USA all\u2019Iran non \u00e8 l\u2019inizio della Terza guerra mondiale di Antonio Li Gobbi\",\"datePublished\":\"2025-06-24T22:03:00+00:00\",\"mainEntityOfPage\":{\"@id\":\"https:\\\/\\\/www.ocean4future.org\\\/savetheocean\\\/archives\\\/119403\"},\"wordCount\":1580,\"commentCount\":0,\"publisher\":{\"@id\":\"https:\\\/\\\/www.ocean4future.org\\\/savetheocean\\\/#\\\/schema\\\/person\\\/4e1c26437054353074d7bb2efa77162c\"},\"image\":{\"@id\":\"https:\\\/\\\/www.ocean4future.org\\\/savetheocean\\\/archives\\\/119403#primaryimage\"},\"thumbnailUrl\":\"https:\\\/\\\/www.ocean4future.org\\\/savetheocean\\\/wp-content\\\/uploads\\\/2025\\\/06\\\/2nd_Air_Refueling_Squadron_refuels_B-2s_161110-F-GV347-141.jpg\",\"articleSection\":[\"Geopolitica e Storia contemporanea\",\"Storia Contemporanea\"],\"inLanguage\":\"it-IT\",\"potentialAction\":[{\"@type\":\"CommentAction\",\"name\":\"Comment\",\"target\":[\"https:\\\/\\\/www.ocean4future.org\\\/savetheocean\\\/archives\\\/119403#respond\"]}]},{\"@type\":\"WebPage\",\"@id\":\"https:\\\/\\\/www.ocean4future.org\\\/savetheocean\\\/archives\\\/119403\",\"url\":\"https:\\\/\\\/www.ocean4future.org\\\/savetheocean\\\/archives\\\/119403\",\"name\":\"Perch\u00e9 l\u2019attacco USA all\u2019Iran non \u00e8 l\u2019inizio della Terza guerra mondiale di Antonio Li Gobbi &#8226; OCEAN4FUTURE autore\",\"isPartOf\":{\"@id\":\"https:\\\/\\\/www.ocean4future.org\\\/savetheocean\\\/#website\"},\"primaryImageOfPage\":{\"@id\":\"https:\\\/\\\/www.ocean4future.org\\\/savetheocean\\\/archives\\\/119403#primaryimage\"},\"image\":{\"@id\":\"https:\\\/\\\/www.ocean4future.org\\\/savetheocean\\\/archives\\\/119403#primaryimage\"},\"thumbnailUrl\":\"https:\\\/\\\/www.ocean4future.org\\\/savetheocean\\\/wp-content\\\/uploads\\\/2025\\\/06\\\/2nd_Air_Refueling_Squadron_refuels_B-2s_161110-F-GV347-141.jpg\",\"datePublished\":\"2025-06-24T22:03:00+00:00\",\"breadcrumb\":{\"@id\":\"https:\\\/\\\/www.ocean4future.org\\\/savetheocean\\\/archives\\\/119403#breadcrumb\"},\"inLanguage\":\"it-IT\",\"potentialAction\":[{\"@type\":\"ReadAction\",\"target\":[\"https:\\\/\\\/www.ocean4future.org\\\/savetheocean\\\/archives\\\/119403\"]}]},{\"@type\":\"ImageObject\",\"inLanguage\":\"it-IT\",\"@id\":\"https:\\\/\\\/www.ocean4future.org\\\/savetheocean\\\/archives\\\/119403#primaryimage\",\"url\":\"https:\\\/\\\/www.ocean4future.org\\\/savetheocean\\\/wp-content\\\/uploads\\\/2025\\\/06\\\/2nd_Air_Refueling_Squadron_refuels_B-2s_161110-F-GV347-141.jpg\",\"contentUrl\":\"https:\\\/\\\/www.ocean4future.org\\\/savetheocean\\\/wp-content\\\/uploads\\\/2025\\\/06\\\/2nd_Air_Refueling_Squadron_refuels_B-2s_161110-F-GV347-141.jpg\",\"width\":640,\"height\":426,\"caption\":\"A 2nd Air Refueling Squadron KC-10 Extender from Joint Base McGuire-Dix-Lakehurst, N.J., prepares to refuel a B-2 Spirit, during a training exercise near Kansas, Nov. 10, 2016. The KC-10 Extender is an Air Mobility Command advanced tanker and cargo aircraft designed to provide increased global mobility for U.S. armed forces. Although the KC-l0's primary mission is aerial refueling, it can combine the tasks of a tanker and cargo aircraft by refueling fighters and simultaneously carry the fighter support personnel and equipment on overseas deployments. (U.S. Air Force photo by Senior Airman Keith James\\\/Released)\"},{\"@type\":\"BreadcrumbList\",\"@id\":\"https:\\\/\\\/www.ocean4future.org\\\/savetheocean\\\/archives\\\/119403#breadcrumb\",\"itemListElement\":[{\"@type\":\"ListItem\",\"position\":1,\"name\":\"Home\",\"item\":\"https:\\\/\\\/www.ocean4future.org\\\/savetheocean\"},{\"@type\":\"ListItem\",\"position\":2,\"name\":\"Perch\u00e9 l\u2019attacco USA all\u2019Iran non \u00e8 l\u2019inizio della Terza guerra mondiale di Antonio Li Gobbi\"}]},{\"@type\":\"WebSite\",\"@id\":\"https:\\\/\\\/www.ocean4future.org\\\/savetheocean\\\/#website\",\"url\":\"https:\\\/\\\/www.ocean4future.org\\\/savetheocean\\\/\",\"name\":\"Ocean 4 Future\",\"description\":\"Per una nuova cultura del mare e della marittimit\u00e0\",\"publisher\":{\"@id\":\"https:\\\/\\\/www.ocean4future.org\\\/savetheocean\\\/#\\\/schema\\\/person\\\/4e1c26437054353074d7bb2efa77162c\"},\"potentialAction\":[{\"@type\":\"SearchAction\",\"target\":{\"@type\":\"EntryPoint\",\"urlTemplate\":\"https:\\\/\\\/www.ocean4future.org\\\/savetheocean\\\/?s={search_term_string}\"},\"query-input\":{\"@type\":\"PropertyValueSpecification\",\"valueRequired\":true,\"valueName\":\"search_term_string\"}}],\"inLanguage\":\"it-IT\"},{\"@type\":[\"Person\",\"Organization\"],\"@id\":\"https:\\\/\\\/www.ocean4future.org\\\/savetheocean\\\/#\\\/schema\\\/person\\\/4e1c26437054353074d7bb2efa77162c\",\"name\":\"oceandiver\",\"image\":{\"@type\":\"ImageObject\",\"inLanguage\":\"it-IT\",\"@id\":\"https:\\\/\\\/www.ocean4future.org\\\/savetheocean\\\/wp-content\\\/uploads\\\/2023\\\/04\\\/logo-ocean3.jpg\",\"url\":\"https:\\\/\\\/www.ocean4future.org\\\/savetheocean\\\/wp-content\\\/uploads\\\/2023\\\/04\\\/logo-ocean3.jpg\",\"contentUrl\":\"https:\\\/\\\/www.ocean4future.org\\\/savetheocean\\\/wp-content\\\/uploads\\\/2023\\\/04\\\/logo-ocean3.jpg\",\"width\":472,\"height\":301,\"caption\":\"oceandiver\"},\"logo\":{\"@id\":\"https:\\\/\\\/www.ocean4future.org\\\/savetheocean\\\/wp-content\\\/uploads\\\/2023\\\/04\\\/logo-ocean3.jpg\"}},{\"@type\":\"Person\",\"@id\":\"https:\\\/\\\/www.ocean4future.org\\\/savetheocean\\\/#\\\/schema\\\/person\\\/3205b648e09942114ed508b82b58968a\",\"name\":\"Admin\",\"image\":{\"@type\":\"ImageObject\",\"inLanguage\":\"it-IT\",\"@id\":\"https:\\\/\\\/secure.gravatar.com\\\/avatar\\\/74a53e8d4a2a128a5645382cc1aba75fd5b7a550c2b4199e141d245bc936c3a4?s=96&d=mm&r=g\",\"url\":\"https:\\\/\\\/secure.gravatar.com\\\/avatar\\\/74a53e8d4a2a128a5645382cc1aba75fd5b7a550c2b4199e141d245bc936c3a4?s=96&d=mm&r=g\",\"contentUrl\":\"https:\\\/\\\/secure.gravatar.com\\\/avatar\\\/74a53e8d4a2a128a5645382cc1aba75fd5b7a550c2b4199e141d245bc936c3a4?s=96&d=mm&r=g\",\"caption\":\"Admin\"},\"description\":\"La Redazione di OCEAN4FUTURE \u00e8 composta da oltre 60 collaboratori che operano in smart working in tutto il mondo per offrirvi articoli sul mare e la sua cultura\",\"sameAs\":[\"http:\\\/\\\/www.ocean4future.org\"],\"url\":\"https:\\\/\\\/www.ocean4future.org\\\/savetheocean\\\/archives\\\/author\\\/admin\"}]}<\/script>\n<!-- \/ Yoast SEO plugin. -->","yoast_head_json":{"title":"Perch\u00e9 l\u2019attacco USA all\u2019Iran non \u00e8 l\u2019inizio della Terza guerra mondiale di Antonio Li Gobbi &#8226; OCEAN4FUTURE autore","robots":{"index":"index","follow":"follow","max-snippet":"max-snippet:-1","max-image-preview":"max-image-preview:large","max-video-preview":"max-video-preview:-1"},"canonical":"https:\/\/www.ocean4future.org\/savetheocean\/archives\/119403","og_locale":"it_IT","og_type":"article","og_title":"Perch\u00e9 l\u2019attacco USA all\u2019Iran non \u00e8 l\u2019inizio della Terza guerra mondiale di Antonio Li Gobbi &#8226; OCEAN4FUTURE autore","og_description":"tempo di lettura:  6 minuti. . ARGOMENTO: GEOPOLITICA PERIODO: XXI SECOLO AREA: MEDIO ORIENTE parole chiave: Iran, Israele, USA . C\u2019\u00e8 chi, dopo l\u2019attacco USA alle installazioni nucleari iraniane di Fordow, Natanz ed Isfahan, denuncia l\u2019allargamento incontrollato del conflitto in corso o addirittura preconizza, per l\u2019ennesima volta negli ultimi 80 anni, l\u2019inizio della terza guerra mondiale. Forse la situazione [&hellip;]","og_url":"https:\/\/www.ocean4future.org\/savetheocean\/archives\/119403","og_site_name":"OCEAN4FUTURE","article_published_time":"2025-06-24T22:03:00+00:00","og_image":[{"width":640,"height":426,"url":"https:\/\/www.ocean4future.org\/savetheocean\/wp-content\/uploads\/2025\/06\/2nd_Air_Refueling_Squadron_refuels_B-2s_161110-F-GV347-141.jpg","type":"image\/jpeg"}],"author":"Admin","twitter_card":"summary_large_image","twitter_creator":"@ocean4future","twitter_site":"@ocean4future","twitter_misc":{"Scritto da":"Admin","Tempo di lettura stimato":"10 minuti"},"schema":{"@context":"https:\/\/schema.org","@graph":[{"@type":"Article","@id":"https:\/\/www.ocean4future.org\/savetheocean\/archives\/119403#article","isPartOf":{"@id":"https:\/\/www.ocean4future.org\/savetheocean\/archives\/119403"},"author":{"name":"Admin","@id":"https:\/\/www.ocean4future.org\/savetheocean\/#\/schema\/person\/3205b648e09942114ed508b82b58968a"},"headline":"Perch\u00e9 l\u2019attacco USA all\u2019Iran non \u00e8 l\u2019inizio della Terza guerra mondiale di Antonio Li Gobbi","datePublished":"2025-06-24T22:03:00+00:00","mainEntityOfPage":{"@id":"https:\/\/www.ocean4future.org\/savetheocean\/archives\/119403"},"wordCount":1580,"commentCount":0,"publisher":{"@id":"https:\/\/www.ocean4future.org\/savetheocean\/#\/schema\/person\/4e1c26437054353074d7bb2efa77162c"},"image":{"@id":"https:\/\/www.ocean4future.org\/savetheocean\/archives\/119403#primaryimage"},"thumbnailUrl":"https:\/\/www.ocean4future.org\/savetheocean\/wp-content\/uploads\/2025\/06\/2nd_Air_Refueling_Squadron_refuels_B-2s_161110-F-GV347-141.jpg","articleSection":["Geopolitica e Storia contemporanea","Storia Contemporanea"],"inLanguage":"it-IT","potentialAction":[{"@type":"CommentAction","name":"Comment","target":["https:\/\/www.ocean4future.org\/savetheocean\/archives\/119403#respond"]}]},{"@type":"WebPage","@id":"https:\/\/www.ocean4future.org\/savetheocean\/archives\/119403","url":"https:\/\/www.ocean4future.org\/savetheocean\/archives\/119403","name":"Perch\u00e9 l\u2019attacco USA all\u2019Iran non \u00e8 l\u2019inizio della Terza guerra mondiale di Antonio Li Gobbi &#8226; OCEAN4FUTURE autore","isPartOf":{"@id":"https:\/\/www.ocean4future.org\/savetheocean\/#website"},"primaryImageOfPage":{"@id":"https:\/\/www.ocean4future.org\/savetheocean\/archives\/119403#primaryimage"},"image":{"@id":"https:\/\/www.ocean4future.org\/savetheocean\/archives\/119403#primaryimage"},"thumbnailUrl":"https:\/\/www.ocean4future.org\/savetheocean\/wp-content\/uploads\/2025\/06\/2nd_Air_Refueling_Squadron_refuels_B-2s_161110-F-GV347-141.jpg","datePublished":"2025-06-24T22:03:00+00:00","breadcrumb":{"@id":"https:\/\/www.ocean4future.org\/savetheocean\/archives\/119403#breadcrumb"},"inLanguage":"it-IT","potentialAction":[{"@type":"ReadAction","target":["https:\/\/www.ocean4future.org\/savetheocean\/archives\/119403"]}]},{"@type":"ImageObject","inLanguage":"it-IT","@id":"https:\/\/www.ocean4future.org\/savetheocean\/archives\/119403#primaryimage","url":"https:\/\/www.ocean4future.org\/savetheocean\/wp-content\/uploads\/2025\/06\/2nd_Air_Refueling_Squadron_refuels_B-2s_161110-F-GV347-141.jpg","contentUrl":"https:\/\/www.ocean4future.org\/savetheocean\/wp-content\/uploads\/2025\/06\/2nd_Air_Refueling_Squadron_refuels_B-2s_161110-F-GV347-141.jpg","width":640,"height":426,"caption":"A 2nd Air Refueling Squadron KC-10 Extender from Joint Base McGuire-Dix-Lakehurst, N.J., prepares to refuel a B-2 Spirit, during a training exercise near Kansas, Nov. 10, 2016. The KC-10 Extender is an Air Mobility Command advanced tanker and cargo aircraft designed to provide increased global mobility for U.S. armed forces. Although the KC-l0's primary mission is aerial refueling, it can combine the tasks of a tanker and cargo aircraft by refueling fighters and simultaneously carry the fighter support personnel and equipment on overseas deployments. (U.S. Air Force photo by Senior Airman Keith James\/Released)"},{"@type":"BreadcrumbList","@id":"https:\/\/www.ocean4future.org\/savetheocean\/archives\/119403#breadcrumb","itemListElement":[{"@type":"ListItem","position":1,"name":"Home","item":"https:\/\/www.ocean4future.org\/savetheocean"},{"@type":"ListItem","position":2,"name":"Perch\u00e9 l\u2019attacco USA all\u2019Iran non \u00e8 l\u2019inizio della Terza guerra mondiale di Antonio Li Gobbi"}]},{"@type":"WebSite","@id":"https:\/\/www.ocean4future.org\/savetheocean\/#website","url":"https:\/\/www.ocean4future.org\/savetheocean\/","name":"Ocean 4 Future","description":"Per una nuova cultura del mare e della marittimit\u00e0","publisher":{"@id":"https:\/\/www.ocean4future.org\/savetheocean\/#\/schema\/person\/4e1c26437054353074d7bb2efa77162c"},"potentialAction":[{"@type":"SearchAction","target":{"@type":"EntryPoint","urlTemplate":"https:\/\/www.ocean4future.org\/savetheocean\/?s={search_term_string}"},"query-input":{"@type":"PropertyValueSpecification","valueRequired":true,"valueName":"search_term_string"}}],"inLanguage":"it-IT"},{"@type":["Person","Organization"],"@id":"https:\/\/www.ocean4future.org\/savetheocean\/#\/schema\/person\/4e1c26437054353074d7bb2efa77162c","name":"oceandiver","image":{"@type":"ImageObject","inLanguage":"it-IT","@id":"https:\/\/www.ocean4future.org\/savetheocean\/wp-content\/uploads\/2023\/04\/logo-ocean3.jpg","url":"https:\/\/www.ocean4future.org\/savetheocean\/wp-content\/uploads\/2023\/04\/logo-ocean3.jpg","contentUrl":"https:\/\/www.ocean4future.org\/savetheocean\/wp-content\/uploads\/2023\/04\/logo-ocean3.jpg","width":472,"height":301,"caption":"oceandiver"},"logo":{"@id":"https:\/\/www.ocean4future.org\/savetheocean\/wp-content\/uploads\/2023\/04\/logo-ocean3.jpg"}},{"@type":"Person","@id":"https:\/\/www.ocean4future.org\/savetheocean\/#\/schema\/person\/3205b648e09942114ed508b82b58968a","name":"Admin","image":{"@type":"ImageObject","inLanguage":"it-IT","@id":"https:\/\/secure.gravatar.com\/avatar\/74a53e8d4a2a128a5645382cc1aba75fd5b7a550c2b4199e141d245bc936c3a4?s=96&d=mm&r=g","url":"https:\/\/secure.gravatar.com\/avatar\/74a53e8d4a2a128a5645382cc1aba75fd5b7a550c2b4199e141d245bc936c3a4?s=96&d=mm&r=g","contentUrl":"https:\/\/secure.gravatar.com\/avatar\/74a53e8d4a2a128a5645382cc1aba75fd5b7a550c2b4199e141d245bc936c3a4?s=96&d=mm&r=g","caption":"Admin"},"description":"La Redazione di OCEAN4FUTURE \u00e8 composta da oltre 60 collaboratori che operano in smart working in tutto il mondo per offrirvi articoli sul mare e la sua cultura","sameAs":["http:\/\/www.ocean4future.org"],"url":"https:\/\/www.ocean4future.org\/savetheocean\/archives\/author\/admin"}]}},"_links":{"self":[{"href":"https:\/\/www.ocean4future.org\/savetheocean\/wp-json\/wp\/v2\/posts\/119403","targetHints":{"allow":["GET"]}}],"collection":[{"href":"https:\/\/www.ocean4future.org\/savetheocean\/wp-json\/wp\/v2\/posts"}],"about":[{"href":"https:\/\/www.ocean4future.org\/savetheocean\/wp-json\/wp\/v2\/types\/post"}],"author":[{"embeddable":true,"href":"https:\/\/www.ocean4future.org\/savetheocean\/wp-json\/wp\/v2\/users\/1"}],"replies":[{"embeddable":true,"href":"https:\/\/www.ocean4future.org\/savetheocean\/wp-json\/wp\/v2\/comments?post=119403"}],"version-history":[{"count":0,"href":"https:\/\/www.ocean4future.org\/savetheocean\/wp-json\/wp\/v2\/posts\/119403\/revisions"}],"wp:featuredmedia":[{"embeddable":true,"href":"https:\/\/www.ocean4future.org\/savetheocean\/wp-json\/wp\/v2\/media\/119407"}],"wp:attachment":[{"href":"https:\/\/www.ocean4future.org\/savetheocean\/wp-json\/wp\/v2\/media?parent=119403"}],"wp:term":[{"taxonomy":"category","embeddable":true,"href":"https:\/\/www.ocean4future.org\/savetheocean\/wp-json\/wp\/v2\/categories?post=119403"},{"taxonomy":"post_tag","embeddable":true,"href":"https:\/\/www.ocean4future.org\/savetheocean\/wp-json\/wp\/v2\/tags?post=119403"}],"curies":[{"name":"wp","href":"https:\/\/api.w.org\/{rel}","templated":true}]}}