{"id":119225,"date":"2025-07-03T00:03:00","date_gmt":"2025-07-02T22:03:00","guid":{"rendered":"https:\/\/www.ocean4future.org\/savetheocean\/?p=119225"},"modified":"2026-04-13T19:00:49","modified_gmt":"2026-04-13T17:00:49","slug":"pola-la-base-conquistata-e-perduta","status":"publish","type":"post","link":"https:\/\/www.ocean4future.org\/savetheocean\/archives\/119225","title":{"rendered":"Pola: la base conquistata e perduta"},"content":{"rendered":"<span class=\"span-reading-time rt-reading-time\" style=\"display: block;\"><span class=\"rt-label rt-prefix\">tempo di lettura: <\/span> <span class=\"rt-time\"> 9<\/span> <span class=\"rt-label rt-postfix\">minuti<\/span><\/span><p style=\"text-align: justify;\"><span style=\"color: #ffffff;\">.<\/span><\/p>\n<a class=\"maxbutton-4 maxbutton maxbutton-livello-di-comprensione\" href=\"javascript:void(0);\"><span class='mb-text'>livello elementare<\/span><\/a>\n<p><span style=\"color: #ffffff;\">.<\/span><\/p>\n<p><strong><span style=\"color: #008000;\">ARGOMENTO: STORIA NAVALE<\/span><\/strong><br \/>\n<strong><span style=\"color: #008000;\">PERIODO: XIX &#8211; XX SECOLO<\/span><\/strong><br \/>\n<strong><span style=\"color: #008000;\">AREA: MAR ADRIATICO<\/span><\/strong><br \/>\nparole chiave: Pola<\/p>\n<p>&nbsp;<\/p>\n<p style=\"text-align: justify;\">Fin dagli anni immediatamente successivi alla Restaurazione, nella prospettiva di sostituire il prestigioso ma antiquato arsenale di Venezia, la marina austriaca svolse studi ed effettu\u00f2 sopraluoghi lungo le coste gi\u00e0 della Repubblica di Venezia assegnatele dal <strong><span style=\"color: #008000;\">Congresso di Vienna<\/span><\/strong> che individuarono in Pola la candidata ideale per ospitare la nuova base navale dell\u2019Impero. Pola era all\u2019epoca una citt\u00e0 piccola e antica ma con un porto molto ampio e con buoni fondali, la cui configurazione lo rendeva ben difendibile.<br \/>\nL\u2019insurrezione di Venezia e gli avvenimenti del 1848-1849 fecero precipitare la situazione: la citt\u00e0 lagunare era diventata malsicura e quindi la base principale della flotta fu trasferita in un primo momento a Trieste ma, come a Genova, la forzata convivenza fra il porto militare e quello mercantile dava luogo a troppi inconvenienti. Ci si risolse quindi a trasferire a Pola, e in fretta, tutti i servizi necessari alla Marina: la prima pietra dell\u2019arsenale fu ufficialmente posata nel 1856 dall\u2019imperatrice Elisabetta anche se i lavori erano iniziati con la costruzione di tre magazzini fin dal 1848. Segu\u00ec una serie di miglioramenti al bacino portuale e radicali interventi urbanistici nella citt\u00e0 che divent\u00f2 un grande cantiere attirando lavoratori da tutte le regioni dell\u2019Impero che moltiplicarono i suoi abitanti. <strong><span style=\"color: #008000;\">Potremmo dire che Pola divenne per l\u2019Austria l\u2019equivalente di quello che negli stessi anni fu La Spezia per l\u2019Italia e non solo a causa delle stesse funzioni militari: entrambe le citt\u00e0 avevano un clima mite e piovoso ed essendo nate quasi dal nulla avevano aspetto moderno e non eccessivamente attraente, ma con dintorni splendidi.<\/span><\/strong><\/p>\n<p><img decoding=\"async\" class=\"alignnone wp-image-119249\" src=\"https:\/\/www.ocean4future.org\/savetheocean\/wp-content\/uploads\/2025\/07\/Pola-1.jpg\" alt=\"\" width=\"1011\" height=\"538\" srcset=\"https:\/\/www.ocean4future.org\/savetheocean\/wp-content\/uploads\/2025\/07\/Pola-1.jpg 534w, https:\/\/www.ocean4future.org\/savetheocean\/wp-content\/uploads\/2025\/07\/Pola-1-300x160.jpg 300w\" sizes=\"(max-width: 1011px) 100vw, 1011px\" \/><\/p>\n<p style=\"text-align: justify;\"><strong><span style=\"color: #008000;\">Il porto di Pola a fine XIX secolo (sopra e sotto &#8211; Cartoline dell\u2019epoca)<\/span><\/strong><\/p>\n<p><img decoding=\"async\" class=\"alignnone wp-image-119250\" src=\"https:\/\/www.ocean4future.org\/savetheocean\/wp-content\/uploads\/2025\/07\/Pola-2.jpg\" alt=\"\" width=\"1007\" height=\"756\" srcset=\"https:\/\/www.ocean4future.org\/savetheocean\/wp-content\/uploads\/2025\/07\/Pola-2.jpg 843w, https:\/\/www.ocean4future.org\/savetheocean\/wp-content\/uploads\/2025\/07\/Pola-2-300x225.jpg 300w, https:\/\/www.ocean4future.org\/savetheocean\/wp-content\/uploads\/2025\/07\/Pola-2-768x576.jpg 768w\" sizes=\"(max-width: 1007px) 100vw, 1007px\" \/><\/p>\n<p style=\"text-align: justify;\">Semmai, rispetto a Spezia, in qualche modo tutto peccava di gigantismo perch\u00e9 mentre la flotta italiana era dispersa fra numerose basi a Pola si concentrava sostanzialmente l\u2019intero apparato navale austriaco. L\u2019affollamento di personale militare dette vita nel tempo anche a particolari istituzioni ad esso riservate come una grande chiesa di marina intitolata alla Madonna del mare, le carceri, il cimitero e il monumentale Marine Casino, cio\u00e8 il circolo ufficiali nel cui ambito erano disponibili biblioteche e iniziative di ogni genere a favore dei familiari. Esistevano anche giardini d\u2019infanzia e scuole per i figli dei marinai. Vi era persino un calzaturificio militare che dopo il 1918 pass\u00f2 sotto la gestione del Commissariato.<\/p>\n<p><img decoding=\"async\" class=\"alignnone wp-image-119251\" src=\"https:\/\/www.ocean4future.org\/savetheocean\/wp-content\/uploads\/2025\/07\/Pola-ammiraglaito.jpg\" alt=\"\" width=\"985\" height=\"795\" srcset=\"https:\/\/www.ocean4future.org\/savetheocean\/wp-content\/uploads\/2025\/07\/Pola-ammiraglaito.jpg 424w, https:\/\/www.ocean4future.org\/savetheocean\/wp-content\/uploads\/2025\/07\/Pola-ammiraglaito-300x242.jpg 300w\" sizes=\"(max-width: 985px) 100vw, 985px\" \/><\/p>\n<p style=\"text-align: justify;\"><strong><span style=\"color: #008000;\">L\u2019ammiragliato (Cartolina d\u2019epoca)<\/span><\/strong><\/p>\n<p><img decoding=\"async\" class=\"alignnone size-full wp-image-119254\" src=\"https:\/\/www.ocean4future.org\/savetheocean\/wp-content\/uploads\/2025\/07\/pola-ammiragliato-dettaglio.jpg\" alt=\"\" width=\"1225\" height=\"622\" srcset=\"https:\/\/www.ocean4future.org\/savetheocean\/wp-content\/uploads\/2025\/07\/pola-ammiragliato-dettaglio.jpg 1225w, https:\/\/www.ocean4future.org\/savetheocean\/wp-content\/uploads\/2025\/07\/pola-ammiragliato-dettaglio-300x152.jpg 300w, https:\/\/www.ocean4future.org\/savetheocean\/wp-content\/uploads\/2025\/07\/pola-ammiragliato-dettaglio-1024x520.jpg 1024w, https:\/\/www.ocean4future.org\/savetheocean\/wp-content\/uploads\/2025\/07\/pola-ammiragliato-dettaglio-768x390.jpg 768w, https:\/\/www.ocean4future.org\/savetheocean\/wp-content\/uploads\/2025\/07\/pola-ammiragliato-dettaglio-1200x609.jpg 1200w\" sizes=\"(max-width: 1225px) 100vw, 1225px\" \/><\/p>\n<p style=\"text-align: justify;\"><strong><span style=\"color: #008000;\">L\u2019 Ammiragliato oggi con il dettaglio di una finestra. Nel fregio sovrastante alla corona imperiale e a quella italiana \u00e8 stata sostituita la stella rossa jugoslava (Da Google maps)<\/span><\/strong><\/p>\n<p><img decoding=\"async\" class=\"alignnone wp-image-119263\" src=\"https:\/\/www.ocean4future.org\/savetheocean\/wp-content\/uploads\/2025\/07\/Pola-ospedale-militare.jpg\" alt=\"\" width=\"976\" height=\"395\" srcset=\"https:\/\/www.ocean4future.org\/savetheocean\/wp-content\/uploads\/2025\/07\/Pola-ospedale-militare.jpg 999w, https:\/\/www.ocean4future.org\/savetheocean\/wp-content\/uploads\/2025\/07\/Pola-ospedale-militare-300x121.jpg 300w, https:\/\/www.ocean4future.org\/savetheocean\/wp-content\/uploads\/2025\/07\/Pola-ospedale-militare-768x311.jpg 768w, https:\/\/www.ocean4future.org\/savetheocean\/wp-content\/uploads\/2025\/07\/Pola-ospedale-militare-669x272.jpg 669w\" sizes=\"(max-width: 976px) 100vw, 976px\" \/><\/p>\n<p style=\"text-align: justify;\"><span style=\"color: #008000;\"><strong>L\u2019Ospedale navale (1861), ieri e oggi (Da cartolina e da Google maps)<\/strong><\/span><\/p>\n<p style=\"text-align: justify;\"><img decoding=\"async\" class=\"alignnone  wp-image-119258\" src=\"https:\/\/www.ocean4future.org\/savetheocean\/wp-content\/uploads\/2025\/07\/pola-chiesa-della-Madonna-del-mare.jpg\" alt=\"\" width=\"996\" height=\"402\" srcset=\"https:\/\/www.ocean4future.org\/savetheocean\/wp-content\/uploads\/2025\/07\/pola-chiesa-della-Madonna-del-mare.jpg 976w, https:\/\/www.ocean4future.org\/savetheocean\/wp-content\/uploads\/2025\/07\/pola-chiesa-della-Madonna-del-mare-300x121.jpg 300w, https:\/\/www.ocean4future.org\/savetheocean\/wp-content\/uploads\/2025\/07\/pola-chiesa-della-Madonna-del-mare-768x310.jpg 768w\" sizes=\"(max-width: 996px) 100vw, 996px\" \/><br \/>\n<span style=\"color: #008000;\"><strong>Chiesa della Madonna del mare (1891), ieri e oggi (Da Wikipedia e da Google maps)<\/strong><\/span><\/p>\n<p><img decoding=\"async\" class=\"alignnone  wp-image-119259\" src=\"https:\/\/www.ocean4future.org\/savetheocean\/wp-content\/uploads\/2025\/07\/Pola-circolo-di-marina.jpg\" alt=\"\" width=\"993\" height=\"1266\" srcset=\"https:\/\/www.ocean4future.org\/savetheocean\/wp-content\/uploads\/2025\/07\/Pola-circolo-di-marina.jpg 874w, https:\/\/www.ocean4future.org\/savetheocean\/wp-content\/uploads\/2025\/07\/Pola-circolo-di-marina-235x300.jpg 235w, https:\/\/www.ocean4future.org\/savetheocean\/wp-content\/uploads\/2025\/07\/Pola-circolo-di-marina-803x1024.jpg 803w, https:\/\/www.ocean4future.org\/savetheocean\/wp-content\/uploads\/2025\/07\/Pola-circolo-di-marina-768x979.jpg 768w\" sizes=\"(max-width: 993px) 100vw, 993px\" \/><br \/>\n<span style=\"color: #008000;\"><strong>Il Circolo di Marina ieri e oggi (1872) &#8211; da Cartolina e da Google Maps<\/strong><\/span><\/p>\n<p><img decoding=\"async\" class=\"alignnone wp-image-119261\" src=\"https:\/\/www.ocean4future.org\/savetheocean\/wp-content\/uploads\/2025\/07\/Pola-insegna-imperiale.jpg\" alt=\"\" width=\"963\" height=\"572\" srcset=\"https:\/\/www.ocean4future.org\/savetheocean\/wp-content\/uploads\/2025\/07\/Pola-insegna-imperiale.jpg 500w, https:\/\/www.ocean4future.org\/savetheocean\/wp-content\/uploads\/2025\/07\/Pola-insegna-imperiale-300x178.jpg 300w\" sizes=\"(max-width: 963px) 100vw, 963px\" \/><\/p>\n<p style=\"text-align: justify;\"><strong><span style=\"color: #008000;\">L\u2019insegna imperiale su un piatto di portata del Marine Casino. Ricordo del Capitano G.N. Guglielmo Boatti, nonno dello scrivente che insegn\u00f2 alla Scuola Motoristi a met\u00e0 degli anni \u201920. I sottufficiali avevano le stesse stoviglie, ma con filettature rosse (Collezione dell\u2019autore)<br \/>\n<\/span><\/strong><span style=\"color: #008000;\"><strong><img decoding=\"async\" class=\"alignnone size-full wp-image-119265\" src=\"https:\/\/www.ocean4future.org\/savetheocean\/wp-content\/uploads\/2025\/07\/Pola-scuola-macchinistoi.jpg\" alt=\"\" width=\"1431\" height=\"386\" srcset=\"https:\/\/www.ocean4future.org\/savetheocean\/wp-content\/uploads\/2025\/07\/Pola-scuola-macchinistoi.jpg 1431w, https:\/\/www.ocean4future.org\/savetheocean\/wp-content\/uploads\/2025\/07\/Pola-scuola-macchinistoi-300x81.jpg 300w, https:\/\/www.ocean4future.org\/savetheocean\/wp-content\/uploads\/2025\/07\/Pola-scuola-macchinistoi-1024x276.jpg 1024w, https:\/\/www.ocean4future.org\/savetheocean\/wp-content\/uploads\/2025\/07\/Pola-scuola-macchinistoi-768x207.jpg 768w, https:\/\/www.ocean4future.org\/savetheocean\/wp-content\/uploads\/2025\/07\/Pola-scuola-macchinistoi-1200x324.jpg 1200w\" sizes=\"(max-width: 1431px) 100vw, 1431px\" \/>La scuola macchinisti (1899). Ancora oggi \u00e8 l\u2019edificio pi\u00f9 grande di Pola<\/strong><\/span><\/p>\n<p><img decoding=\"async\" class=\"alignnone size-full wp-image-119266\" src=\"https:\/\/www.ocean4future.org\/savetheocean\/wp-content\/uploads\/2025\/07\/Pola-stabilimneto-balneare-RM-a-Valcane.jpg\" alt=\"\" width=\"1081\" height=\"583\" srcset=\"https:\/\/www.ocean4future.org\/savetheocean\/wp-content\/uploads\/2025\/07\/Pola-stabilimneto-balneare-RM-a-Valcane.jpg 1081w, https:\/\/www.ocean4future.org\/savetheocean\/wp-content\/uploads\/2025\/07\/Pola-stabilimneto-balneare-RM-a-Valcane-300x162.jpg 300w, https:\/\/www.ocean4future.org\/savetheocean\/wp-content\/uploads\/2025\/07\/Pola-stabilimneto-balneare-RM-a-Valcane-1024x552.jpg 1024w, https:\/\/www.ocean4future.org\/savetheocean\/wp-content\/uploads\/2025\/07\/Pola-stabilimneto-balneare-RM-a-Valcane-768x414.jpg 768w\" sizes=\"(max-width: 1081px) 100vw, 1081px\" \/><\/p>\n<p style=\"text-align: justify;\"><span style=\"color: #008000;\"><strong>Stabilimento balneare della Regia Marina a Valcane negli anni \u201830<\/strong><\/span><\/p>\n<p style=\"text-align: justify;\">A seguito dei fin troppo noti avvenimenti del novembre 1918 la base navale, la flotta e l\u2019arsenale, dopo una breve contesa con gli jugoslavi, caddero in mano italiana perfettamente integri anche se in quel momento di sbandamento generale si registr\u00f2 qualche episodio di saccheggio dei magazzini viveri e vestiario, situati in una zona periferica a nord della citt\u00e0 vicino alla stazione ferroviaria.<br \/>\n<span style=\"color: #ffffff;\">.<\/span><br \/>\nLa Regia Marina italiana decise di non smantellare la base, nonostante avesse perso la sua funzione strategica e la sua vicinanza a Venezia, ma non si poteva non approfittare di tutte quelle installazioni moderne ed efficienti, anche se per le nostre esigenze tutto era sovradimensionato.<strong><span style=\"color: #008000;\"> In particolare, sfruttando le numerose caserme, fu possibile ospitare comodamente, oltre al<\/span> <span style=\"color: #008000;\">Battaglione San Marco e alla Scuola nautica della Guardia di Finanza, le Scuole Sottufficiali.<\/span><\/strong> Furono istituite nel 1925 ed erano destinate ai volontari delle categorie cannonieri, torpedinieri, motoristi e furieri. Esse furono ricavate utilizzando parte del ridimensionato arsenale le cui lavorazioni furono concentrate soprattutto su un isolotto chiamato \u201cScoglio degli ulivi\u201d dove si trovavano bacini fissi e galleggianti e le principali officine. Negli anni \u201920 fu privatizzato e anche se continu\u00f2 a svolgere tutti i lavori per conto della base navale locale e nel 1927 costru\u00ec la nave officina Quarnaro, visse anni molto difficili con un andamento del lavoro fortemente discontinuo. Fu invece smantellato l\u2019Ufficio Idrografico che sorgeva in cima al colle di Montezaro che in pratica sarebbe stato un doppione di quello esistente Genova.<\/p>\n<p style=\"text-align: justify;\"><img decoding=\"async\" class=\"alignnone  wp-image-119255\" src=\"https:\/\/www.ocean4future.org\/savetheocean\/wp-content\/uploads\/2025\/07\/Pola-bacino-galleggiante-austriaco.jpg\" alt=\"\" width=\"1006\" height=\"467\" srcset=\"https:\/\/www.ocean4future.org\/savetheocean\/wp-content\/uploads\/2025\/07\/Pola-bacino-galleggiante-austriaco.jpg 821w, https:\/\/www.ocean4future.org\/savetheocean\/wp-content\/uploads\/2025\/07\/Pola-bacino-galleggiante-austriaco-300x139.jpg 300w, https:\/\/www.ocean4future.org\/savetheocean\/wp-content\/uploads\/2025\/07\/Pola-bacino-galleggiante-austriaco-768x356.jpg 768w\" sizes=\"(max-width: 1006px) 100vw, 1006px\" \/><strong><span style=\"color: #008000;\">Bacino galleggiante austriaco (dall\u2019Illustrazione Italiana)<\/span><\/strong><\/p>\n<p style=\"text-align: justify;\">La presenza di tanti giovani marinai delle nuove scuole e i conseguenti approvvigionamenti effettuati dalla Regia Marina portarono \u2013 forse seguendo un programma intenzionale del governo &#8211; una boccata d\u2019ossigeno all\u2019economia cittadina che ovviamente stava soffrendo molto per la presenza di una base navale le cui strutture erano simili e con la stessa estensione e quella precedente, ma svuotate della maggior parte dei contenuti operativi.<\/p>\n<p><img decoding=\"async\" class=\"alignnone  wp-image-119264\" src=\"https:\/\/www.ocean4future.org\/savetheocean\/wp-content\/uploads\/2025\/07\/Pola-scuola-CREM.jpg\" alt=\"\" width=\"1023\" height=\"685\" srcset=\"https:\/\/www.ocean4future.org\/savetheocean\/wp-content\/uploads\/2025\/07\/Pola-scuola-CREM.jpg 738w, https:\/\/www.ocean4future.org\/savetheocean\/wp-content\/uploads\/2025\/07\/Pola-scuola-CREM-300x201.jpg 300w\" sizes=\"(max-width: 1023px) 100vw, 1023px\" \/><\/p>\n<p style=\"text-align: justify;\"><strong><span style=\"color: #008000;\">Le scuole CREM (Cartolina dell\u2019epoca)<\/span><\/strong><\/p>\n<p><img decoding=\"async\" class=\"alignnone  wp-image-119267\" src=\"https:\/\/www.ocean4future.org\/savetheocean\/wp-content\/uploads\/2025\/07\/Screenshot-2025-06-19-171122.png\" alt=\"\" width=\"1015\" height=\"416\" srcset=\"https:\/\/www.ocean4future.org\/savetheocean\/wp-content\/uploads\/2025\/07\/Screenshot-2025-06-19-171122.png 715w, https:\/\/www.ocean4future.org\/savetheocean\/wp-content\/uploads\/2025\/07\/Screenshot-2025-06-19-171122-300x123.png 300w\" sizes=\"(max-width: 1015px) 100vw, 1015px\" \/> <img decoding=\"async\" class=\"alignnone wp-image-119268\" src=\"https:\/\/www.ocean4future.org\/savetheocean\/wp-content\/uploads\/2025\/07\/Screenshot-2025-06-19-171149.png\" alt=\"\" width=\"1017\" height=\"633\" srcset=\"https:\/\/www.ocean4future.org\/savetheocean\/wp-content\/uploads\/2025\/07\/Screenshot-2025-06-19-171149.png 471w, https:\/\/www.ocean4future.org\/savetheocean\/wp-content\/uploads\/2025\/07\/Screenshot-2025-06-19-171149-300x187.png 300w\" sizes=\"(max-width: 1017px) 100vw, 1017px\" \/><\/p>\n<p style=\"text-align: justify;\"><strong><span style=\"color: #008000;\">La caserma Nazario Sauro (Ex Franz Joseph, 1861)<\/span><\/strong><\/p>\n<p><img decoding=\"async\" class=\"alignnone wp-image-119257\" src=\"https:\/\/www.ocean4future.org\/savetheocean\/wp-content\/uploads\/2025\/07\/Pola-caserma-Bafile.jpg\" alt=\"\" width=\"1009\" height=\"596\" srcset=\"https:\/\/www.ocean4future.org\/savetheocean\/wp-content\/uploads\/2025\/07\/Pola-caserma-Bafile.jpg 1234w, https:\/\/www.ocean4future.org\/savetheocean\/wp-content\/uploads\/2025\/07\/Pola-caserma-Bafile-300x177.jpg 300w, https:\/\/www.ocean4future.org\/savetheocean\/wp-content\/uploads\/2025\/07\/Pola-caserma-Bafile-1024x604.jpg 1024w, https:\/\/www.ocean4future.org\/savetheocean\/wp-content\/uploads\/2025\/07\/Pola-caserma-Bafile-768x453.jpg 768w, https:\/\/www.ocean4future.org\/savetheocean\/wp-content\/uploads\/2025\/07\/Pola-caserma-Bafile-1200x708.jpg 1200w\" sizes=\"(max-width: 1009px) 100vw, 1009px\" \/><\/p>\n<p style=\"text-align: justify;\"><strong><span style=\"color: #008000;\">Caserma Bafile del Battaglione San Marco (da cartolina)<\/span><\/strong><\/p>\n<p style=\"text-align: justify;\">Dal punto di vista dell\u2019organizzazione territoriale con il Regio Decreto n. 188 del 17 febbraio 1921 fu istituito il<strong><span style=\"color: #008000;\"> Dipartimento Militare Marittimo di Pola<\/span> <\/strong>in sostituzione di quello di Venezia, ma probabilmente l\u2019iniziativa non ebbe alcun effetto pratico perch\u00e9 poco dopo, a seguito del Decreto n. 189 del 4 gennaio 1923, la sede dipartimentale torn\u00f2 a nella citt\u00e0 lagunare. Con il Regio Decreto n.1426 del 17 giugno 1923 il complesso del strutture navali polesane chiamato fino ad allora \u201c<strong><span style=\"color: #008000;\">Arsenale militare marittimo di Pola<\/span><\/strong>\u201d fu ridenominato \u201c<strong><span style=\"color: #008000;\">Base Navale di Pola<\/span><\/strong>\u201d.<\/p>\n<p style=\"text-align: justify;\">Nel 1924 avevano sede a Pola:<br \/>\n<strong><span style=\"color: #008000;\">&#8211; Il Comando Militare marittimo (Comandante Gaetano Pepe, Contrammiraglio di divisione)<\/span><\/strong><br \/>\n<strong><span style=\"color: #008000;\">&#8211; Il Battaglione San Marco (Comandante Ugo Cosentini, Capitano di corvetta)<\/span><\/strong><br \/>\n<strong><span style=\"color: #008000;\">&#8211; La Direzione di Sanit\u00e0 (Direttore Francesco Roselli, Colonnello medico)<\/span><\/strong><br \/>\n<strong><span style=\"color: #008000;\">&#8211; Sotto-Direzione Commissariato (Sotto Direttore Alberto Scarlatti, Tenente colonnello commissario)<\/span><\/strong><br \/>\n<span style=\"color: #008000;\"><strong>&#8211; Capitaneria di Porto (Comandante Emanuele Marco, Maggiore di porto).<br \/>\n<\/strong><\/span><br \/>\nIl Comando della zona fari (Comandante Gino Panelli, Capitano di corvetta della riserva navale) e l\u2019Ufficio Tecnico del Genio Navale (Direttore Francesco Modugno, Tenente colonnello del Genio Navale) si trovavano distaccati a Trieste (1).<\/p>\n<p><img decoding=\"async\" class=\"alignnone wp-image-119256\" src=\"https:\/\/www.ocean4future.org\/savetheocean\/wp-content\/uploads\/2025\/07\/Pola-Capitaneria-di-porto.jpg\" alt=\"\" width=\"1010\" height=\"596\" srcset=\"https:\/\/www.ocean4future.org\/savetheocean\/wp-content\/uploads\/2025\/07\/Pola-Capitaneria-di-porto.jpg 571w, https:\/\/www.ocean4future.org\/savetheocean\/wp-content\/uploads\/2025\/07\/Pola-Capitaneria-di-porto-300x177.jpg 300w\" sizes=\"(max-width: 1010px) 100vw, 1010px\" \/><\/p>\n<p style=\"text-align: justify;\"><strong><span style=\"color: #008000;\">La Capitaneria di porto. L\u2019edificio fu danneggiato dai bombardamenti e al suo posto oggi si trova un giardino (Cartolina dell\u2019epoca)<\/span><\/strong><\/p>\n<p><img decoding=\"async\" class=\"alignnone  wp-image-119262\" src=\"https:\/\/www.ocean4future.org\/savetheocean\/wp-content\/uploads\/2025\/07\/Pola-monumento-a-Sauro.jpg\" alt=\"\" width=\"1011\" height=\"1424\" srcset=\"https:\/\/www.ocean4future.org\/savetheocean\/wp-content\/uploads\/2025\/07\/Pola-monumento-a-Sauro.jpg 794w, https:\/\/www.ocean4future.org\/savetheocean\/wp-content\/uploads\/2025\/07\/Pola-monumento-a-Sauro-213x300.jpg 213w, https:\/\/www.ocean4future.org\/savetheocean\/wp-content\/uploads\/2025\/07\/Pola-monumento-a-Sauro-727x1024.jpg 727w, https:\/\/www.ocean4future.org\/savetheocean\/wp-content\/uploads\/2025\/07\/Pola-monumento-a-Sauro-768x1081.jpg 768w\" sizes=\"(max-width: 1011px) 100vw, 1011px\" \/><\/p>\n<p style=\"text-align: justify;\"><strong><span style=\"color: #008000;\">Nazario Sauro fu seppellito dagli austriaci in un luogo segreto che tuttavia fu presto identificato e nel 1919 gli fu costruita questa tomba nel cimitero della Marina. Nel 1947, prima dell\u2019occupazione slava, le spoglie vennero traslate nel tempio votivo del lido di Venezia.<\/span><\/strong><\/p>\n<p style=\"text-align: justify;\">Nel 1940, per la sua posizione lontana dai fronti di guerra, Pola fu scelta come sede della scuola sommergibili che si install\u00f2 sull\u2019isola di Santa Caterina adattando alcune strutture cedute dall\u2019Aeronautica. Con il procedere della guerra furono militarizzate anche le vicine isole Brioni, al tempo dell\u2019Austria rinomatissimi centri di villeggiatura. Erano ormai in decadenza ma le grandi strutture alberghiere erano l\u2019ideale per ospitare gli affollatissimi corsi per gli ufficiali di complemento trasferiti da Livorno e, pi\u00f9 tardi, alcuni reparti della Decima MAS. <strong><span style=\"color: #008000;\">Dopo l\u20198 settembre 1943 la situazione precipit\u00f2 e Pola inizi\u00f2 a vivere il periodo pi\u00f9 tragico della sua storia: gi\u00e0 dal giorno successivo all\u2019armistizio le navi militari presenti si erano allontanate, fra cui la corazzata Giulio Cesare, le corvette Urania e Baionetta, la torpediniera Sagittario e le navi scuola Vespucci e Colombo (2).<\/span><\/strong><\/p>\n<p><img decoding=\"async\" src=\"https:\/\/www.ocean4future.org\/savetheocean\/wp-content\/uploads\/2025\/07\/POla-ex-scuola-smg.jpg\" \/><\/p>\n<p style=\"text-align: justify;\"><strong><span style=\"color: #008000;\">L\u2019edificio che ospit\u00f2 la Scuola sommergibili (da Google Maps)<\/span><\/strong><\/p>\n<p style=\"text-align: justify;\">L\u201911 settembre, nel caos e nello sbandamento generale da parte delle forze italiane, nonostante il gran numero di marinai e soldati in grado di opporre una valida difesa, i Tedeschi occuparono senza trovare resistenza l\u2019arsenale e la citt\u00e0, appropriandosi delle poche unit\u00e0 che per qualsiasi ragione erano rimaste in porto e arrestarono il Comandante della base <strong><span style=\"color: #008000;\">ammiraglio Strazzeri<\/span><\/strong>. Con la costituzione della Repubblica Sociale Italiana si cerc\u00f2 di ricostituire una \u201cMarina del Nord\u201d, poverissima di mezzi e di uomini e, naturalmente, sotto tutela tedesca. A Pola fu istituito un \u201c<strong><span style=\"color: #008000;\">Comando Operativo di Marina<\/span><\/strong>\u201d retto dal <strong><span style=\"color: #008000;\">Capitano di fregata Alessandro Mirone,<\/span><\/strong> gi\u00e0 comandante in seconda della Scuole CREM ed un <strong><span style=\"color: #008000;\">Comando Sommergibili dipendente dalla X^ MAS<\/span><\/strong> (3) mentre altri piccoli presidi di quest\u2019ultima formazione erano sparsi fuori citt\u00e0 e nelle isole del Quarnaro. Ovviamente erano rimasti a Pola solo quei militari che fecero atto di adesione al Governo Repubblicano: la maggioranza fu deportata in Germania o si sband\u00f2. I marinai rimasti andarono a costituire il <strong><span style=\"color: #008000;\">Battaglione fucilieri di Marina-Pola agli ordini del Tenente di Vascello Carlo Russo,<\/span><\/strong> impiegato soprattutto in compiti di ordine pubblico. Rimase anche il <span style=\"color: #008000;\"><strong>Battaglione San Marco<\/strong><\/span> agli ordini del maggiore dell\u2019esercito Apollonio prima del trasferimento a Jesolo di quanto restava dell\u2019unit\u00e0.<\/p>\n<p style=\"text-align: justify;\"><img decoding=\"async\" class=\"alignnone size-full wp-image-119252\" src=\"https:\/\/www.ocean4future.org\/savetheocean\/wp-content\/uploads\/2025\/07\/Evangelista-Pola-mappa.jpg\" alt=\"\" width=\"987\" height=\"769\" srcset=\"https:\/\/www.ocean4future.org\/savetheocean\/wp-content\/uploads\/2025\/07\/Evangelista-Pola-mappa.jpg 987w, https:\/\/www.ocean4future.org\/savetheocean\/wp-content\/uploads\/2025\/07\/Evangelista-Pola-mappa-300x234.jpg 300w, https:\/\/www.ocean4future.org\/savetheocean\/wp-content\/uploads\/2025\/07\/Evangelista-Pola-mappa-768x598.jpg 768w\" sizes=\"(max-width: 987px) 100vw, 987px\" \/><br \/>\n<strong><span style=\"color: #008000;\">La convivenza dei marinai con i tedeschi fu molto difficile e di poco migliore lo fu per i mar\u00f2 della X^ MAS, grazie all\u2019energica politica di autonomia messa in atto dal Comandante Borghese.<\/span><\/strong> Nel frattempo la citt\u00e0 continu\u00f2 a subire pesanti bombardamenti che distrussero buona parte degli edifici civili e militari. La Capitaneria di Porto continu\u00f2 a funzionare al comando del Tenente colonnello di porto Balilla Monassi (4) che tuttavia fu pi\u00f9 tardi arrestato e internato dai tedeschi. Dopo la sanguinosa occupazione titina del maggio 1945, Pola rimase amministrata dal Governo Militare Alleato fino alla sua cessione alla Jugoslavia nel 1947. In quel periodo, mentre iniziava l\u2019esodo degli italiani, la Marina torn\u00f2 a Pola insediandosi all\u2019ex circolo ufficiali, ma solo con un ufficio stralcio per liquidare le pendenze connesse alla chiusura della base navale e della Capitaneria (retta provvisoriamente dal capitano Poloni) e al trasferimento di documenti e di quanto eventualmente recuperabile (5).<br \/>\n<span style=\"color: #ffffff;\">.<\/span><br \/>\nNel dopoguerra, essendo Pola completamente isolata e circondata dagli jugoslavi, i collegamenti erano tenuti dalla <strong><span style=\"color: #008000;\">regia<\/span><\/strong> <strong><span style=\"color: #008000;\">nave Monte Cucco<\/span><\/strong>, una piccola unit\u00e0 ausiliaria abbandonata dai tedeschi nel 1945, che collabor\u00f2 anche al trasporto di cittadini e beni privati durante l\u2019esodo. Da allora Pola non \u00e8 pi\u00f9 stata una base navale perch\u00e9 la marina jugoslava era insediata altrove; l\u2019arsenale divenne un\u2019azienda statale e i molti edifici appartenuti alla Marina austroungarica e successivamente alla Regia Marina sono stati riutilizzati dall\u2019esercito jugoslavo e poi croato. Il ridimensionamento delle forze armate di questa nazione, avvenuto dopo il 2000, li ha in parte lasciati liberi e analogamente a quanto sta avvenendo anche nel nostro paese sono oggetto di fumosi programmi di riqualificazione come poli culturali o sedi di \u201ceventi\u201d, ma in attesa di decisioni (e finanziamenti) di fatto sono abbandonati a un lento degrado.<\/p>\n<p><img decoding=\"async\" class=\"alignnone wp-image-119253\" src=\"https:\/\/www.ocean4future.org\/savetheocean\/wp-content\/uploads\/2025\/07\/Nave-trasporto-Monte-Cucco.jpg\" alt=\"\" width=\"1007\" height=\"644\" srcset=\"https:\/\/www.ocean4future.org\/savetheocean\/wp-content\/uploads\/2025\/07\/Nave-trasporto-Monte-Cucco.jpg 600w, https:\/\/www.ocean4future.org\/savetheocean\/wp-content\/uploads\/2025\/07\/Nave-trasporto-Monte-Cucco-300x192.jpg 300w, https:\/\/www.ocean4future.org\/savetheocean\/wp-content\/uploads\/2025\/07\/Nave-trasporto-Monte-Cucco-460x295.jpg 460w\" sizes=\"(max-width: 1007px) 100vw, 1007px\" \/><\/p>\n<p style=\"text-align: justify;\"><strong><span style=\"color: #008000;\">La nave trasporto Monte Cucco (Foto Bagnasco da www.associazione-venus.it)<\/span><\/strong><\/p>\n<p style=\"text-align: justify;\"><strong><span style=\"color: #008000;\">Guglielmo Evangelista<\/span><\/strong><br \/>\n<span style=\"color: #ffffff;\">,<\/span><\/p>\n<p style=\"text-align: justify;\"><strong><span style=\"color: #008000;\">Note<\/span><\/strong><br \/>\n1) L\u2019amministrazione marittima austriaca era tutta concentrata nei \u201cGoverni Marittimi\u201d di Trieste e Fiume, comprendenti un Ispettorato Nautico e un Ispettorato Tecnico, entit\u00e0 statali ma non militari con una competenza vastissima che andava dalle Capitanerie alla Sanit\u00e0, dai servizi idrografici alla politica commerciale, dalla sorveglianza dei cantieri alle infrastrutture dei porti. Poich\u00e9 fino al 1923 il Governo Marittimo era stato mantenuto nelle sue competenze sotto la presidenza del Tenente generale di porto Francesco Mazzinghi, \u00e8 probabile che quanto riguardava l\u2019Ispettorato tecnico fosse stato lasciato ancora a Trieste dove si trovavano personale e attrezzature.<br \/>\n2) L\u2019unica nave di una certa rilevanza catturata fu la vecchia ma efficiente torpediniera Insidioso.<br \/>\n3) Il Gruppo sommergibili \u201cComandante Longobardi\u201d disponeva esclusivamente di una decina di sommergibili \u201ctascabili\u201d tipo CB da 36 tonnellate in emersione catturati dai tedeschi in allestimento in varie localit\u00e0 e poi ceduti alla Marina della R.S.I. Le loro caratteristiche ne limitavano l\u2019operativit\u00e0 al pattugliamento litoraneo e, al massimo, furono utilizzati per sbarcare informatori e sabotatori lungo le coste dell\u2019Adriatico centrale e meridionale.<br \/>\n4) Il comandante Monassi, padre di Angelo, CSMM dal 1981 al 1984, nel dopoguerra ritorn\u00f2 a Pola e in un trafiletto comparso sul numero 636 del 17 novembre 1948 de L\u2019Arena di Pola si legge: &#8220;<strong><span style=\"color: #008000;\"><em>Partecipava con labari e corone a tutti i cortei Monassi Balilla, nato a Tricesimo, ex capitano di fregata della marina italiana. Gi\u00e0 comandante della Capitaneria di porto di Pola e di quella di Porto Buccari, Il Monassi, di sentimenti filoslavi, aspirava con la venuta degli jugoslavi ad assumere nuovamente il comando del porto di Pola. Esperto nella riparazione di strumenti per navigazione e bussole, pensava in una sistemazione sotto il regime jugoslavo. Convinto inoltre che anche l\u2019Italia sarebbe stata assoggettata prima o tardi a un regime comunista dichiarava inutile affrontare l\u2019esodo<\/em>.<\/span><\/strong>&#8221;<br \/>\n5) Fra questi, alcuni automezzi che, trasferiti ad Ancona, costituirono il nucleo iniziale del futuro autoreparto di questa base.<\/p>\n<p>&nbsp;<\/p>\n<p><a class=\"maxbutton-3 maxbutton maxbutton-pagina-principale\" target=\"_blank\" title=\"tooltip\" rel=\"nofollow noopener\" href=\"http:\/\/www.ocean4future.org\"><span class='mb-text'>PAGINA PRINCIPALE - HOME PAGE<\/span><\/a><br \/>\n<span style=\"color: #ffffff;\">.<\/span><\/p>\n<p style=\"text-align: justify;\">Alcune delle immagini possono essere state prese dal web, citandone ove possibile gli autori e\/o le fonti. Se qualcuno desiderasse specificarne l\u2019autore o rimuoverle, pu\u00f2 scrivere a infoocean4future@gmail.com e provvederemo immediatamente alla correzione dell\u2019articolo<\/p>\n<p><span style=\"color: #ffffff;\">.<\/span><\/p>\n","protected":false},"excerpt":{"rendered":"<p><span class=\"span-reading-time rt-reading-time\" style=\"display: block;\"><span class=\"rt-label rt-prefix\">tempo di lettura: <\/span> <span class=\"rt-time\"> 9<\/span> <span class=\"rt-label rt-postfix\">minuti<\/span><\/span>. . ARGOMENTO: STORIA NAVALE PERIODO: XIX &#8211; XX SECOLO AREA: MAR ADRIATICO parole chiave: Pola &nbsp; Fin dagli anni immediatamente successivi alla Restaurazione, nella prospettiva di sostituire il prestigioso ma antiquato arsenale di Venezia, la marina austriaca svolse studi ed effettu\u00f2 sopraluoghi lungo le coste gi\u00e0 della Repubblica di Venezia assegnatele dal Congresso di [&hellip;]<\/p>\n","protected":false},"author":2428,"featured_media":119250,"comment_status":"open","ping_status":"open","sticky":false,"template":"","format":"standard","meta":{"_acf_changed":false,"_monsterinsights_skip_tracking":false,"_monsterinsights_sitenote_active":false,"_monsterinsights_sitenote_note":"","_monsterinsights_sitenote_category":0,"footnotes":""},"categories":[83],"tags":[],"class_list":["post-119225","post","type-post","status-publish","format-standard","has-post-thumbnail","hentry","category-storia-navale"],"acf":[],"yoast_head":"<!-- This site is optimized with the Yoast SEO plugin v27.4 - https:\/\/yoast.com\/product\/yoast-seo-wordpress\/ -->\n<title>Pola: la base conquistata e perduta &#8226; OCEAN4FUTURE autore<\/title>\n<meta name=\"robots\" content=\"index, follow, max-snippet:-1, max-image-preview:large, max-video-preview:-1\" \/>\n<link rel=\"canonical\" href=\"https:\/\/www.ocean4future.org\/savetheocean\/archives\/119225\" \/>\n<meta property=\"og:locale\" content=\"it_IT\" \/>\n<meta property=\"og:type\" content=\"article\" \/>\n<meta property=\"og:title\" content=\"Pola: la base conquistata e perduta &#8226; OCEAN4FUTURE autore\" \/>\n<meta property=\"og:description\" content=\"tempo di lettura:  9 minuti. . ARGOMENTO: STORIA NAVALE PERIODO: XIX &#8211; XX SECOLO AREA: MAR ADRIATICO parole chiave: Pola &nbsp; Fin dagli anni immediatamente successivi alla Restaurazione, nella prospettiva di sostituire il prestigioso ma antiquato arsenale di Venezia, la marina austriaca svolse studi ed effettu\u00f2 sopraluoghi lungo le coste gi\u00e0 della Repubblica di Venezia assegnatele dal Congresso di [&hellip;]\" \/>\n<meta property=\"og:url\" content=\"https:\/\/www.ocean4future.org\/savetheocean\/archives\/119225\" \/>\n<meta property=\"og:site_name\" content=\"OCEAN4FUTURE\" \/>\n<meta property=\"article:published_time\" content=\"2025-07-02T22:03:00+00:00\" \/>\n<meta property=\"article:modified_time\" content=\"2026-04-13T17:00:49+00:00\" \/>\n<meta property=\"og:image\" content=\"https:\/\/www.ocean4future.org\/savetheocean\/wp-content\/uploads\/2025\/07\/Pola-2.jpg\" \/>\n\t<meta property=\"og:image:width\" content=\"843\" \/>\n\t<meta property=\"og:image:height\" content=\"632\" \/>\n\t<meta property=\"og:image:type\" content=\"image\/jpeg\" \/>\n<meta name=\"author\" content=\"Guglielmo Evangelista\" \/>\n<meta name=\"twitter:card\" content=\"summary_large_image\" \/>\n<meta name=\"twitter:creator\" content=\"@ocean4future\" \/>\n<meta name=\"twitter:site\" content=\"@ocean4future\" \/>\n<meta name=\"twitter:label1\" content=\"Scritto da\" \/>\n\t<meta name=\"twitter:data1\" content=\"Guglielmo Evangelista\" \/>\n\t<meta name=\"twitter:label2\" content=\"Tempo di lettura stimato\" \/>\n\t<meta name=\"twitter:data2\" content=\"16 minuti\" \/>\n<script type=\"application\/ld+json\" class=\"yoast-schema-graph\">{\"@context\":\"https:\\\/\\\/schema.org\",\"@graph\":[{\"@type\":\"Article\",\"@id\":\"https:\\\/\\\/www.ocean4future.org\\\/savetheocean\\\/archives\\\/119225#article\",\"isPartOf\":{\"@id\":\"https:\\\/\\\/www.ocean4future.org\\\/savetheocean\\\/archives\\\/119225\"},\"author\":{\"name\":\"Guglielmo Evangelista\",\"@id\":\"https:\\\/\\\/www.ocean4future.org\\\/savetheocean\\\/#\\\/schema\\\/person\\\/3dd16465e3eca75b65ae959225362b71\"},\"headline\":\"Pola: la base conquistata e perduta\",\"datePublished\":\"2025-07-02T22:03:00+00:00\",\"dateModified\":\"2026-04-13T17:00:49+00:00\",\"mainEntityOfPage\":{\"@id\":\"https:\\\/\\\/www.ocean4future.org\\\/savetheocean\\\/archives\\\/119225\"},\"wordCount\":2158,\"commentCount\":0,\"publisher\":{\"@id\":\"https:\\\/\\\/www.ocean4future.org\\\/savetheocean\\\/#\\\/schema\\\/person\\\/4e1c26437054353074d7bb2efa77162c\"},\"image\":{\"@id\":\"https:\\\/\\\/www.ocean4future.org\\\/savetheocean\\\/archives\\\/119225#primaryimage\"},\"thumbnailUrl\":\"https:\\\/\\\/www.ocean4future.org\\\/savetheocean\\\/wp-content\\\/uploads\\\/2025\\\/07\\\/Pola-2.jpg\",\"articleSection\":[\"Storia Navale\"],\"inLanguage\":\"it-IT\",\"potentialAction\":[{\"@type\":\"CommentAction\",\"name\":\"Comment\",\"target\":[\"https:\\\/\\\/www.ocean4future.org\\\/savetheocean\\\/archives\\\/119225#respond\"]}]},{\"@type\":\"WebPage\",\"@id\":\"https:\\\/\\\/www.ocean4future.org\\\/savetheocean\\\/archives\\\/119225\",\"url\":\"https:\\\/\\\/www.ocean4future.org\\\/savetheocean\\\/archives\\\/119225\",\"name\":\"Pola: la base conquistata e perduta &#8226; OCEAN4FUTURE autore\",\"isPartOf\":{\"@id\":\"https:\\\/\\\/www.ocean4future.org\\\/savetheocean\\\/#website\"},\"primaryImageOfPage\":{\"@id\":\"https:\\\/\\\/www.ocean4future.org\\\/savetheocean\\\/archives\\\/119225#primaryimage\"},\"image\":{\"@id\":\"https:\\\/\\\/www.ocean4future.org\\\/savetheocean\\\/archives\\\/119225#primaryimage\"},\"thumbnailUrl\":\"https:\\\/\\\/www.ocean4future.org\\\/savetheocean\\\/wp-content\\\/uploads\\\/2025\\\/07\\\/Pola-2.jpg\",\"datePublished\":\"2025-07-02T22:03:00+00:00\",\"dateModified\":\"2026-04-13T17:00:49+00:00\",\"breadcrumb\":{\"@id\":\"https:\\\/\\\/www.ocean4future.org\\\/savetheocean\\\/archives\\\/119225#breadcrumb\"},\"inLanguage\":\"it-IT\",\"potentialAction\":[{\"@type\":\"ReadAction\",\"target\":[\"https:\\\/\\\/www.ocean4future.org\\\/savetheocean\\\/archives\\\/119225\"]}]},{\"@type\":\"ImageObject\",\"inLanguage\":\"it-IT\",\"@id\":\"https:\\\/\\\/www.ocean4future.org\\\/savetheocean\\\/archives\\\/119225#primaryimage\",\"url\":\"https:\\\/\\\/www.ocean4future.org\\\/savetheocean\\\/wp-content\\\/uploads\\\/2025\\\/07\\\/Pola-2.jpg\",\"contentUrl\":\"https:\\\/\\\/www.ocean4future.org\\\/savetheocean\\\/wp-content\\\/uploads\\\/2025\\\/07\\\/Pola-2.jpg\",\"width\":843,\"height\":632},{\"@type\":\"BreadcrumbList\",\"@id\":\"https:\\\/\\\/www.ocean4future.org\\\/savetheocean\\\/archives\\\/119225#breadcrumb\",\"itemListElement\":[{\"@type\":\"ListItem\",\"position\":1,\"name\":\"Home\",\"item\":\"https:\\\/\\\/www.ocean4future.org\\\/savetheocean\"},{\"@type\":\"ListItem\",\"position\":2,\"name\":\"Pola: la base conquistata e perduta\"}]},{\"@type\":\"WebSite\",\"@id\":\"https:\\\/\\\/www.ocean4future.org\\\/savetheocean\\\/#website\",\"url\":\"https:\\\/\\\/www.ocean4future.org\\\/savetheocean\\\/\",\"name\":\"Ocean 4 Future\",\"description\":\"Per una nuova cultura del mare e della marittimit\u00e0\",\"publisher\":{\"@id\":\"https:\\\/\\\/www.ocean4future.org\\\/savetheocean\\\/#\\\/schema\\\/person\\\/4e1c26437054353074d7bb2efa77162c\"},\"potentialAction\":[{\"@type\":\"SearchAction\",\"target\":{\"@type\":\"EntryPoint\",\"urlTemplate\":\"https:\\\/\\\/www.ocean4future.org\\\/savetheocean\\\/?s={search_term_string}\"},\"query-input\":{\"@type\":\"PropertyValueSpecification\",\"valueRequired\":true,\"valueName\":\"search_term_string\"}}],\"inLanguage\":\"it-IT\"},{\"@type\":[\"Person\",\"Organization\"],\"@id\":\"https:\\\/\\\/www.ocean4future.org\\\/savetheocean\\\/#\\\/schema\\\/person\\\/4e1c26437054353074d7bb2efa77162c\",\"name\":\"oceandiver\",\"image\":{\"@type\":\"ImageObject\",\"inLanguage\":\"it-IT\",\"@id\":\"https:\\\/\\\/www.ocean4future.org\\\/savetheocean\\\/wp-content\\\/uploads\\\/2023\\\/04\\\/logo-ocean3.jpg\",\"url\":\"https:\\\/\\\/www.ocean4future.org\\\/savetheocean\\\/wp-content\\\/uploads\\\/2023\\\/04\\\/logo-ocean3.jpg\",\"contentUrl\":\"https:\\\/\\\/www.ocean4future.org\\\/savetheocean\\\/wp-content\\\/uploads\\\/2023\\\/04\\\/logo-ocean3.jpg\",\"width\":472,\"height\":301,\"caption\":\"oceandiver\"},\"logo\":{\"@id\":\"https:\\\/\\\/www.ocean4future.org\\\/savetheocean\\\/wp-content\\\/uploads\\\/2023\\\/04\\\/logo-ocean3.jpg\"}},{\"@type\":\"Person\",\"@id\":\"https:\\\/\\\/www.ocean4future.org\\\/savetheocean\\\/#\\\/schema\\\/person\\\/3dd16465e3eca75b65ae959225362b71\",\"name\":\"Guglielmo Evangelista\",\"image\":{\"@type\":\"ImageObject\",\"inLanguage\":\"it-IT\",\"@id\":\"https:\\\/\\\/secure.gravatar.com\\\/avatar\\\/8543fae321a3a9d0dc4969a44c25b3990d365743f80a3573c9993c240078027b?s=96&d=mm&r=g\",\"url\":\"https:\\\/\\\/secure.gravatar.com\\\/avatar\\\/8543fae321a3a9d0dc4969a44c25b3990d365743f80a3573c9993c240078027b?s=96&d=mm&r=g\",\"contentUrl\":\"https:\\\/\\\/secure.gravatar.com\\\/avatar\\\/8543fae321a3a9d0dc4969a44c25b3990d365743f80a3573c9993c240078027b?s=96&d=mm&r=g\",\"caption\":\"Guglielmo Evangelista\"},\"description\":\"nasce a Broni (PV) nel 1951. Laureato in giurisprudenza \u00e8 stato ufficiale delle Capitanerie di Porto e successivamente funzionario di un Ente Pubblico. Ha al suo attivo nove libri fra cui \u201cStoria delle Capitanerie di porto\u201d , \u201cDuemila anni di navigazione padana\u201d e \u201cLe ancore e la tiara \u2013 La Marina Pontificia fra Restaurazione e Risorgimento\u201d ed oltre 400 articoli che riguardano storia, economia e trasporti. Collabora con numerosi periodici specializzati fra cui la Rivista Marittima\u201d.\",\"url\":\"https:\\\/\\\/www.ocean4future.org\\\/savetheocean\\\/archives\\\/author\\\/guglielmo-evangelista\"}]}<\/script>\n<!-- \/ Yoast SEO plugin. -->","yoast_head_json":{"title":"Pola: la base conquistata e perduta &#8226; OCEAN4FUTURE autore","robots":{"index":"index","follow":"follow","max-snippet":"max-snippet:-1","max-image-preview":"max-image-preview:large","max-video-preview":"max-video-preview:-1"},"canonical":"https:\/\/www.ocean4future.org\/savetheocean\/archives\/119225","og_locale":"it_IT","og_type":"article","og_title":"Pola: la base conquistata e perduta &#8226; OCEAN4FUTURE autore","og_description":"tempo di lettura:  9 minuti. . ARGOMENTO: STORIA NAVALE PERIODO: XIX &#8211; XX SECOLO AREA: MAR ADRIATICO parole chiave: Pola &nbsp; Fin dagli anni immediatamente successivi alla Restaurazione, nella prospettiva di sostituire il prestigioso ma antiquato arsenale di Venezia, la marina austriaca svolse studi ed effettu\u00f2 sopraluoghi lungo le coste gi\u00e0 della Repubblica di Venezia assegnatele dal Congresso di [&hellip;]","og_url":"https:\/\/www.ocean4future.org\/savetheocean\/archives\/119225","og_site_name":"OCEAN4FUTURE","article_published_time":"2025-07-02T22:03:00+00:00","article_modified_time":"2026-04-13T17:00:49+00:00","og_image":[{"width":843,"height":632,"url":"https:\/\/www.ocean4future.org\/savetheocean\/wp-content\/uploads\/2025\/07\/Pola-2.jpg","type":"image\/jpeg"}],"author":"Guglielmo Evangelista","twitter_card":"summary_large_image","twitter_creator":"@ocean4future","twitter_site":"@ocean4future","twitter_misc":{"Scritto da":"Guglielmo Evangelista","Tempo di lettura stimato":"16 minuti"},"schema":{"@context":"https:\/\/schema.org","@graph":[{"@type":"Article","@id":"https:\/\/www.ocean4future.org\/savetheocean\/archives\/119225#article","isPartOf":{"@id":"https:\/\/www.ocean4future.org\/savetheocean\/archives\/119225"},"author":{"name":"Guglielmo Evangelista","@id":"https:\/\/www.ocean4future.org\/savetheocean\/#\/schema\/person\/3dd16465e3eca75b65ae959225362b71"},"headline":"Pola: la base conquistata e perduta","datePublished":"2025-07-02T22:03:00+00:00","dateModified":"2026-04-13T17:00:49+00:00","mainEntityOfPage":{"@id":"https:\/\/www.ocean4future.org\/savetheocean\/archives\/119225"},"wordCount":2158,"commentCount":0,"publisher":{"@id":"https:\/\/www.ocean4future.org\/savetheocean\/#\/schema\/person\/4e1c26437054353074d7bb2efa77162c"},"image":{"@id":"https:\/\/www.ocean4future.org\/savetheocean\/archives\/119225#primaryimage"},"thumbnailUrl":"https:\/\/www.ocean4future.org\/savetheocean\/wp-content\/uploads\/2025\/07\/Pola-2.jpg","articleSection":["Storia Navale"],"inLanguage":"it-IT","potentialAction":[{"@type":"CommentAction","name":"Comment","target":["https:\/\/www.ocean4future.org\/savetheocean\/archives\/119225#respond"]}]},{"@type":"WebPage","@id":"https:\/\/www.ocean4future.org\/savetheocean\/archives\/119225","url":"https:\/\/www.ocean4future.org\/savetheocean\/archives\/119225","name":"Pola: la base conquistata e perduta &#8226; OCEAN4FUTURE autore","isPartOf":{"@id":"https:\/\/www.ocean4future.org\/savetheocean\/#website"},"primaryImageOfPage":{"@id":"https:\/\/www.ocean4future.org\/savetheocean\/archives\/119225#primaryimage"},"image":{"@id":"https:\/\/www.ocean4future.org\/savetheocean\/archives\/119225#primaryimage"},"thumbnailUrl":"https:\/\/www.ocean4future.org\/savetheocean\/wp-content\/uploads\/2025\/07\/Pola-2.jpg","datePublished":"2025-07-02T22:03:00+00:00","dateModified":"2026-04-13T17:00:49+00:00","breadcrumb":{"@id":"https:\/\/www.ocean4future.org\/savetheocean\/archives\/119225#breadcrumb"},"inLanguage":"it-IT","potentialAction":[{"@type":"ReadAction","target":["https:\/\/www.ocean4future.org\/savetheocean\/archives\/119225"]}]},{"@type":"ImageObject","inLanguage":"it-IT","@id":"https:\/\/www.ocean4future.org\/savetheocean\/archives\/119225#primaryimage","url":"https:\/\/www.ocean4future.org\/savetheocean\/wp-content\/uploads\/2025\/07\/Pola-2.jpg","contentUrl":"https:\/\/www.ocean4future.org\/savetheocean\/wp-content\/uploads\/2025\/07\/Pola-2.jpg","width":843,"height":632},{"@type":"BreadcrumbList","@id":"https:\/\/www.ocean4future.org\/savetheocean\/archives\/119225#breadcrumb","itemListElement":[{"@type":"ListItem","position":1,"name":"Home","item":"https:\/\/www.ocean4future.org\/savetheocean"},{"@type":"ListItem","position":2,"name":"Pola: la base conquistata e perduta"}]},{"@type":"WebSite","@id":"https:\/\/www.ocean4future.org\/savetheocean\/#website","url":"https:\/\/www.ocean4future.org\/savetheocean\/","name":"Ocean 4 Future","description":"Per una nuova cultura del mare e della marittimit\u00e0","publisher":{"@id":"https:\/\/www.ocean4future.org\/savetheocean\/#\/schema\/person\/4e1c26437054353074d7bb2efa77162c"},"potentialAction":[{"@type":"SearchAction","target":{"@type":"EntryPoint","urlTemplate":"https:\/\/www.ocean4future.org\/savetheocean\/?s={search_term_string}"},"query-input":{"@type":"PropertyValueSpecification","valueRequired":true,"valueName":"search_term_string"}}],"inLanguage":"it-IT"},{"@type":["Person","Organization"],"@id":"https:\/\/www.ocean4future.org\/savetheocean\/#\/schema\/person\/4e1c26437054353074d7bb2efa77162c","name":"oceandiver","image":{"@type":"ImageObject","inLanguage":"it-IT","@id":"https:\/\/www.ocean4future.org\/savetheocean\/wp-content\/uploads\/2023\/04\/logo-ocean3.jpg","url":"https:\/\/www.ocean4future.org\/savetheocean\/wp-content\/uploads\/2023\/04\/logo-ocean3.jpg","contentUrl":"https:\/\/www.ocean4future.org\/savetheocean\/wp-content\/uploads\/2023\/04\/logo-ocean3.jpg","width":472,"height":301,"caption":"oceandiver"},"logo":{"@id":"https:\/\/www.ocean4future.org\/savetheocean\/wp-content\/uploads\/2023\/04\/logo-ocean3.jpg"}},{"@type":"Person","@id":"https:\/\/www.ocean4future.org\/savetheocean\/#\/schema\/person\/3dd16465e3eca75b65ae959225362b71","name":"Guglielmo Evangelista","image":{"@type":"ImageObject","inLanguage":"it-IT","@id":"https:\/\/secure.gravatar.com\/avatar\/8543fae321a3a9d0dc4969a44c25b3990d365743f80a3573c9993c240078027b?s=96&d=mm&r=g","url":"https:\/\/secure.gravatar.com\/avatar\/8543fae321a3a9d0dc4969a44c25b3990d365743f80a3573c9993c240078027b?s=96&d=mm&r=g","contentUrl":"https:\/\/secure.gravatar.com\/avatar\/8543fae321a3a9d0dc4969a44c25b3990d365743f80a3573c9993c240078027b?s=96&d=mm&r=g","caption":"Guglielmo Evangelista"},"description":"nasce a Broni (PV) nel 1951. Laureato in giurisprudenza \u00e8 stato ufficiale delle Capitanerie di Porto e successivamente funzionario di un Ente Pubblico. Ha al suo attivo nove libri fra cui \u201cStoria delle Capitanerie di porto\u201d , \u201cDuemila anni di navigazione padana\u201d e \u201cLe ancore e la tiara \u2013 La Marina Pontificia fra Restaurazione e Risorgimento\u201d ed oltre 400 articoli che riguardano storia, economia e trasporti. Collabora con numerosi periodici specializzati fra cui la Rivista Marittima\u201d.","url":"https:\/\/www.ocean4future.org\/savetheocean\/archives\/author\/guglielmo-evangelista"}]}},"_links":{"self":[{"href":"https:\/\/www.ocean4future.org\/savetheocean\/wp-json\/wp\/v2\/posts\/119225","targetHints":{"allow":["GET"]}}],"collection":[{"href":"https:\/\/www.ocean4future.org\/savetheocean\/wp-json\/wp\/v2\/posts"}],"about":[{"href":"https:\/\/www.ocean4future.org\/savetheocean\/wp-json\/wp\/v2\/types\/post"}],"author":[{"embeddable":true,"href":"https:\/\/www.ocean4future.org\/savetheocean\/wp-json\/wp\/v2\/users\/2428"}],"replies":[{"embeddable":true,"href":"https:\/\/www.ocean4future.org\/savetheocean\/wp-json\/wp\/v2\/comments?post=119225"}],"version-history":[{"count":2,"href":"https:\/\/www.ocean4future.org\/savetheocean\/wp-json\/wp\/v2\/posts\/119225\/revisions"}],"predecessor-version":[{"id":127401,"href":"https:\/\/www.ocean4future.org\/savetheocean\/wp-json\/wp\/v2\/posts\/119225\/revisions\/127401"}],"wp:featuredmedia":[{"embeddable":true,"href":"https:\/\/www.ocean4future.org\/savetheocean\/wp-json\/wp\/v2\/media\/119250"}],"wp:attachment":[{"href":"https:\/\/www.ocean4future.org\/savetheocean\/wp-json\/wp\/v2\/media?parent=119225"}],"wp:term":[{"taxonomy":"category","embeddable":true,"href":"https:\/\/www.ocean4future.org\/savetheocean\/wp-json\/wp\/v2\/categories?post=119225"},{"taxonomy":"post_tag","embeddable":true,"href":"https:\/\/www.ocean4future.org\/savetheocean\/wp-json\/wp\/v2\/tags?post=119225"}],"curies":[{"name":"wp","href":"https:\/\/api.w.org\/{rel}","templated":true}]}}