{"id":118637,"date":"2025-06-17T00:02:00","date_gmt":"2025-06-16T22:02:00","guid":{"rendered":"https:\/\/www.ocean4future.org\/savetheocean\/?p=118637"},"modified":"2025-06-16T21:18:36","modified_gmt":"2025-06-16T19:18:36","slug":"inesatezza","status":"publish","type":"post","link":"https:\/\/www.ocean4future.org\/savetheocean\/archives\/118637","title":{"rendered":"Dal Monarca al Re Galantuomo: le origini borboniche di un grande vascello"},"content":{"rendered":"<span class=\"span-reading-time rt-reading-time\" style=\"display: block;\"><span class=\"rt-label rt-prefix\">tempo di lettura: <\/span> <span class=\"rt-time\"> 6<\/span> <span class=\"rt-label rt-postfix\">minuti<\/span><\/span><p><span style=\"color: #ffffff;\">.<\/span><br \/>\n<a class=\"maxbutton-4 maxbutton maxbutton-livello-di-comprensione\" href=\"javascript:void(0);\"><span class='mb-text'>livello elementare<\/span><\/a><\/p>\n<p><span style=\"color: #ffffff;\">.<\/span><\/p>\n<p><span style=\"color: #008000;\"><strong>ARGOMENTO: STORIA NAVALE<\/strong><\/span><br \/>\n<span style=\"color: #008000;\"><strong>PERIODO: XIX SECOLO<\/strong><\/span><br \/>\n<span style=\"color: #008000;\"><strong>AREA: REGIA MARINA ITALIANA<\/strong><\/span><br \/>\nparole chiave: Monarca<br \/>\n<span style=\"color: #ffffff;\">.<\/span><\/p>\n<p style=\"text-align: justify;\">Il <strong><span style=\"color: #008000;\">vascello Monarca<\/span><\/strong>, progettato dell&#8217;<strong><span style=\"color: #008000;\">ingegnere Sabatelli<\/span><\/strong>, direttore del Regio Cantiere, fu impostato nel 1846 e varato a Castellammare di Stabia alla presenza del <strong><span style=\"color: #008000;\">Re delle Due Sicilie Ferdinando II e della moglie Maria Teresa<\/span><\/strong> il 10 giugno 1850. La grande nave venne poi rimorchiata nell&#8217;Arsenale di Napoli per completarne l&#8217;allestimento entrando in servizio nel novembre 1852. Alla fine del 1858 rientr\u00f2 in cantiere, sempre a Castellammare di Stabia, per installarvi l\u2019apparato motore quando vennero installate quattro caldaie tubolari ed una macchina alternativa a vapore Maudslay &amp; Field da 450 CV, unitamente ad un&#8217;elica (dapprima bipala e successivamente quadripala).<sup id=\"cite_ref-lavocedelmarinaio_2-2\" class=\"reference\"><\/sup> Per bilanciare il peso, l&#8217;armamento venne ridotto sbarcando venti cannoni ad avancarica da 30 libbre, mantenendone quindi 64. Torn\u00f2 in servizio il 10 luglio 1860, durante l\u2019impresa dei Mille quando fu coinvolto in un tentativo d\u2019abbordaggio mentre era ormeggiato in porto.<\/p>\n<p style=\"text-align: justify;\"><span style=\"color: #008000;\"><strong><img decoding=\"async\" class=\"\" src=\"https:\/\/www.ocean4future.org\/savetheocean\/wp-content\/uploads\/2025\/06\/Varo-di-prora-del-Monarca-a-Castellammare-di-Stabia.jpg\" alt=\"Questa immagine ha l'attributo alt vuoto; il nome del file \u00e8 Varo-di-prora-del-Monarca-a-Castellammare-di-Stabia.jpg\" width=\"831\" height=\"455\" \/>Varo di prora del Monarca a Castellammare di Stabia \u2013 giugno 1850\u00a0<\/strong><\/span><\/p>\n<p style=\"text-align: justify;\">I garibaldini avevano infatti progettato, con l&#8217;organizzazione di Giuseppe Piola-Caselli, Segretario di Stato della Marina dittatoriale siciliana, un colpo di mano con cui, dopo essersi introdotti nel porto di Castellammare, dove il Monarca era ormeggiato, avrebbero dovuto catturare il vascello borbonico. Allo scopo sarebbe stata impiegata la <strong><span style=\"color: #008000;\">pirofregata a ruote Tukery<\/span><\/strong>, ex borbonica <strong><span style=\"color: #008000;\">Veloce,<\/span><\/strong> passata con i garibaldini, che il 12 agosto 1860 era salpata da Palermo ed aveva poi imbarcato, oltre ai 150 uomini di equipaggio, due compagnie del <strong><span style=\"color: #008000;\">II battaglione Bersaglieri della brigata \u00abMedici\u00bb<\/span><\/strong>. La Tukery era per\u00f2 molto pi\u00f9 piccola (e bassa di bordo) rispetto al Monarca, oltrech\u00e9 dotata di un armamento enormemente inferiore, e soffriva in quel momento di problemi alle macchine. Secondo i piani, gli uomini della Tukery ed i bersaglieri, divisi in otto squadre, avrebbero arrembato il vascello a sorpresa, dopo averlo abbordato nottetempo. Il 13 agosto a Castellammare il <strong><span style=\"color: #008000;\">capitano di vascello Giovanni Vacca<\/span><\/strong>, passato con i piemontesi, fece rimuovere dal Monarca le catene di ferro (ne rimase per\u00f2 una, mancando il tempo di toglierla) e lasci\u00f2 quelle di canapa, facendo poi ormeggiare il vascello perpendicolarmente alla banchina, con la prua rivolta verso il mare: tutte queste manovre avrebbero dovuto favorire la cattura della nave, ma in realt\u00e0 non fecero che complicare l&#8217;attacco, sconvolgendone i piani, dato che non fu possibile informare Piola-Caselli della mutata situazione. Verso la mezzanotte del 13 agosto la pirofregata italiana penetr\u00f2 nel porto di Castellammare, trovando per\u00f2 una situazione imprevista: il Monarca non era pi\u00f9 ormeggiato lungo la banchina (cosa che avrebbe facilitato l&#8217;affiancamento e l&#8217;abbordaggio), ma, per via degli ordini impartiti da Vacca, si trovava con la prua rivolta al mare, cosa che complicava la cattura, richiedendo che le due navi accostassero le prue; inoltre non c&#8217;era nessuna nave da guerra sarda (a differenza di quanto era stato promesso a Piola) e la base era in allerta, causa il falso allarme verificatosi alcuni giorni prima in seguito all&#8217;avvistamento di mercantili erroneamente ritenuti carichi di garibaldini. Piola cerc\u00f2 comunque di prendere tempo, chiedendo agli uomini del Monarca dapprima se fosse in porto la pirofregata sarda Maria Adelaide, e poi domandando di attaccare una corda alla catena dell&#8217;\u00e0ncora dell&#8217;unit\u00e0 borbonica, per poter girare: tutto ci\u00f2 mentre l&#8217;equipaggio della Tukery cercava di calare tre scialuppe senza essere visto, per cercare di abbordare la nave avversaria (una delle lance riusc\u00ec anche a gettare un cavo sulla prua del Monarca, ma rinunci\u00f2 all&#8217;abbordaggio dopo il ferimento di un uomo, mentre le altre, portatesi sotto i portelli dei cannoni, trovarono le scalette ritirate dall&#8217;equipaggio e non poterono cos\u00ec salire). A quel punto, tuttavia, i marinai borbonici (per primo, forse, l&#8217;ufficiale Cesare Romano) riconobbero la nave ed aprirono il fuoco, diretti dal comandante in seconda, capitano di fregata Guglielmo Acton, dagli alfieri Cesare Romano e Negri e dal primo tenente del corpo dei cannonieri De Simone: la Tukery, di bordo molto pi\u00f9 basso del Monarca, venne dapprima fatta oggetto del tiro di moschetti dal pirovascello avversario, poi anche dai moli. L&#8217;equipaggio della pirofregata garibaldina si mise al riparo sottocoperta; i bersaglieri invece rimasero ai loro posti ed iniziarono a sparare per reagire al tiro borbonico, mentre Piola ordin\u00f2 di issare le lance e, dopo aver ordinato macchina avanti per contrattaccare, manovra resa impossibile dall\u2019avaria a un pistone, ordin\u00f2 di fare macchina indietro per cercare \u2013 le fonti non sono concordi \u2013 di uscire dal porto per tornare a Palermo o di girare intorno al Monarca per affiancarvisi o di arrembare con la prua: in questa manovra una delle scialuppe venne risucchiata da una delle ruote della Tukery e distrutta, con alcune vittime tra i carabinieri genovesi a bordo, mentre le altre due imbarcazioni dovettero rinunciare all&#8217;abbordaggio (una fu poi catturata e l&#8217;altra affondata).<\/p>\n<p><span style=\"color: #008000;\"><strong><img decoding=\"async\" class=\"\" src=\"https:\/\/www.ocean4future.org\/savetheocean\/wp-content\/uploads\/2025\/06\/Il-Tukery-attacca-il-Monarca.jpg\" alt=\"Questa immagine ha l'attributo alt vuoto; il nome del file \u00e8 Il-Tukery-attacca-il-Monarca.jpg\" width=\"838\" height=\"618\" \/><\/strong><\/span><\/p>\n<p style=\"text-align: justify;\"><span style=\"color: #008000;\"><strong>Il Tukery attacca il Monarca a Castellammare xilografia di Carlo Bossoli &#8211; 1860<br \/>\n<\/strong><\/span><br \/>\nLa macchina a vapore si guast\u00f2 e la nave rimase immobilizzata per una ventina di minuti, sotto il tiro sia del Monarca, i cui cannoni facevano fuoco a mitraglia, sia delle artiglierie delle fortificazioni di Castellammare (in tutto contro la Tukery furono esplosi sette colpi di cannone), oltre che dei tiratori della Guardia Nazionale che sparavano con le loro armi dalle banchine. <strong><span style=\"color: #008000;\">Piola<\/span><\/strong> invece non apr\u00ec il fuoco con i cannoni, in quanto avrebbe rischiato di colpire le navi straniere in rada (vi erano il <strong><span style=\"color: #008000;\">vascello francese Algesiras e quello britannico Renown<\/span><\/strong>), mentre si tentava di riparare le macchine: quando finalmente pot\u00e9 rimettere in moto, la <strong><span style=\"color: #008000;\">Tukery<\/span><\/strong> si ritir\u00f2 (dapprima venne sospinta dal vento verso la Renown e l\u2019Algesiras, cosa che indusse i borbonici a cessare il fuoco per non colpire navi neutrali) ed usc\u00ec dal porto, dopo aver perso dai 3 ai 7 uomini (<strong><span style=\"color: #008000;\">tra i quali il tenente Colombo dei bersaglieri ed il marinaio Giuseppe Croce<\/span><\/strong>) ed aver avuto tra i 6 ed i 17 feriti (compreso il guardiamarina Da Fieno). Da parte borbonica, l&#8217;unica vittima fu il <strong><span style=\"color: #008000;\">marinaio cannoniere Ferdinando Carino<\/span><\/strong>, mentre rimasero feriti il <strong><span style=\"color: #008000;\">capitano di fregata Guglielmo Acton<\/span><\/strong> (che per l&#8217;azione venne promosso capitano di vascello onorario e decorato da Francesco II con la Croce di Cavaliere dell&#8217;Ordine di San Ferdinando e del Merito) e due marinai,<strong><span style=\"color: #008000;\"> Gaetano Caravella e Donato Fabiano<\/span><\/strong>.<\/p>\n<p style=\"text-align: justify;\"><span style=\"color: #008000;\"><img decoding=\"async\" src=\"https:\/\/www.ocean4future.org\/savetheocean\/wp-content\/uploads\/2025\/06\/Scontro-tra-Il-Veloce-ora-Tukery-e-il-Monarca-1024x903.jpg\" alt=\"Questa immagine ha l'attributo alt vuoto; il nome del file \u00e8 Scontro-tra-Il-Veloce-ora-Tukery-e-il-Monarca-1024x903.jpg\" \/><strong>Scontro tra Il Veloce (ora Tukery) e il Monarca xilografia di Pietro Vajani 1861<\/strong><\/span><\/p>\n<p style=\"text-align: justify;\">Il 6 settembre 1860, quando <strong><span style=\"color: #008000;\">Francesco II<\/span> <\/strong>si ritir\u00f2 da Napoli al comando del suo esercito per condurre la resistenza contro le forze garibaldine da sud e le truppe regolari sabaude penetrate nei confini del Regno da nord, e infine chiudersi nella fortezza di Gaeta, il <strong><span style=\"color: #008000;\">Monarca<\/span><\/strong>, al comando del <strong><span style=\"color: #008000;\">capitano di vascello Giuseppe Flores<\/span><\/strong>, si rifiut\u00f2, al pari della quasi totalit\u00e0 della flotta borbonica, di seguire il sovrano, e rimase invece a Napoli, dove il 9 settembre pass\u00f2 alla Marina del Regno di Sardegna, per la quale, ribattezzato <span style=\"color: #008000;\"><strong>Re Galantuomo<\/strong><\/span>, entr\u00f2 in servizio il 17 novembre 1860.<\/p>\n<p style=\"text-align: justify;\"><img decoding=\"async\" class=\"alignleft\" src=\"https:\/\/www.ocean4future.org\/savetheocean\/wp-content\/uploads\/2025\/06\/Polena-del-Re-Galantuomo.jpg\" alt=\"Questa immagine ha l'attributo alt vuoto; il nome del file \u00e8 Polena-del-Re-Galantuomo.jpg\" \/>Al cambio del nome corrispose anche quello della polena che venne sostituita con un busto di Vittorio Emanuele II (il Re Galantuomo). Al comando del <strong><span style=\"color: #008000;\">capitano di vascello Giraud<\/span><\/strong>, il <strong><span style=\"color: #008000;\">Re Galantuomo<\/span><\/strong> partecip\u00f2 quindi alle operazioni di blocco navale ed assedio di Gaeta: il 27 gennaio 1861 giunse infatti nelle acque di Mola di Gaeta, prendendo parte al blocco. In due occasioni il vascello prese direttamente parte ad operazioni di bombardamento navale contro i forti di Gaeta: il 3 febbraio 1861, contro le batterie di Ponente, ed il 5 febbraio, cannoneggiando le batterie della Trinit\u00e0. Gaeta si arrese il 13 febbraio. Per essersi distinti nell&#8217;assedio undici uomini vennero decorati di Medaglia d&#8217;argento al valor militare ed altri 7 ricevettero la Medaglia di bronzo.<\/p>\n<p><span style=\"color: #008000;\"><strong>Fine I parte &#8211; continua<\/strong><\/span><br \/>\n<span style=\"color: #008000;\"><strong>Piero Carpani<\/strong><\/span><br \/>\n<span style=\"color: #ffffff;\">.<\/span><\/p>\n<p><a class=\"maxbutton-3 maxbutton maxbutton-pagina-principale\" target=\"_blank\" title=\"tooltip\" rel=\"nofollow noopener\" href=\"http:\/\/www.ocean4future.org\"><span class='mb-text'>PAGINA PRINCIPALE - HOME PAGE<\/span><\/a><br \/>\n<span style=\"color: #ffffff;\">.<\/span><\/p>\n<p style=\"text-align: justify;\">Alcune delle foto presenti in questo blog possono essere state prese dal web, citandone ove possibile gli autori e\/o le fonti. Se qualcuno desiderasse specificarne l\u2019autore o rimuoverle, pu\u00f2 scrivere a infoocean4future@gmail.com e provvederemo immediatamente alla correzione dell\u2019articolo<br \/>\n<span style=\"color: #ffffff;\">.<\/span><\/p>\n","protected":false},"excerpt":{"rendered":"<p><span class=\"span-reading-time rt-reading-time\" style=\"display: block;\"><span class=\"rt-label rt-prefix\">tempo di lettura: <\/span> <span class=\"rt-time\"> 6<\/span> <span class=\"rt-label rt-postfix\">minuti<\/span><\/span>. . ARGOMENTO: STORIA NAVALE PERIODO: XIX SECOLO AREA: REGIA MARINA ITALIANA parole chiave: Monarca . Il vascello Monarca, progettato dell&#8217;ingegnere Sabatelli, direttore del Regio Cantiere, fu impostato nel 1846 e varato a Castellammare di Stabia alla presenza del Re delle Due Sicilie Ferdinando II e della moglie Maria Teresa il 10 giugno 1850. La [&hellip;]<\/p>\n","protected":false},"author":4438,"featured_media":118768,"comment_status":"open","ping_status":"open","sticky":false,"template":"","format":"standard","meta":{"_acf_changed":false,"_monsterinsights_skip_tracking":false,"_monsterinsights_sitenote_active":false,"_monsterinsights_sitenote_note":"","_monsterinsights_sitenote_category":0,"footnotes":""},"categories":[2318],"tags":[],"class_list":["post-118637","post","type-post","status-publish","format-standard","has-post-thumbnail","hentry","category-eta-moderna"],"acf":[],"yoast_head":"<!-- This site is optimized with the Yoast SEO plugin v27.4 - https:\/\/yoast.com\/product\/yoast-seo-wordpress\/ -->\n<title>Dal Monarca al Re Galantuomo: le origini borboniche di un grande vascello &#8226; OCEAN4FUTURE autore<\/title>\n<meta name=\"robots\" content=\"index, follow, max-snippet:-1, max-image-preview:large, max-video-preview:-1\" \/>\n<link rel=\"canonical\" href=\"https:\/\/www.ocean4future.org\/savetheocean\/archives\/118637\" \/>\n<meta property=\"og:locale\" content=\"it_IT\" \/>\n<meta property=\"og:type\" content=\"article\" \/>\n<meta property=\"og:title\" content=\"Dal Monarca al Re Galantuomo: le origini borboniche di un grande vascello &#8226; OCEAN4FUTURE autore\" \/>\n<meta property=\"og:description\" content=\"tempo di lettura:  6 minuti. . ARGOMENTO: STORIA NAVALE PERIODO: XIX SECOLO AREA: REGIA MARINA ITALIANA parole chiave: Monarca . Il vascello Monarca, progettato dell&#8217;ingegnere Sabatelli, direttore del Regio Cantiere, fu impostato nel 1846 e varato a Castellammare di Stabia alla presenza del Re delle Due Sicilie Ferdinando II e della moglie Maria Teresa il 10 giugno 1850. La [&hellip;]\" \/>\n<meta property=\"og:url\" content=\"https:\/\/www.ocean4future.org\/savetheocean\/archives\/118637\" \/>\n<meta property=\"og:site_name\" content=\"OCEAN4FUTURE\" \/>\n<meta property=\"article:published_time\" content=\"2025-06-16T22:02:00+00:00\" \/>\n<meta property=\"og:image\" content=\"https:\/\/www.ocean4future.org\/savetheocean\/wp-content\/uploads\/2025\/06\/Il-Tukery-attacca-il-Monarca.jpg\" \/>\n\t<meta property=\"og:image:width\" content=\"800\" \/>\n\t<meta property=\"og:image:height\" content=\"590\" \/>\n\t<meta property=\"og:image:type\" content=\"image\/jpeg\" \/>\n<meta name=\"author\" content=\"Piero Carpani\" \/>\n<meta name=\"twitter:card\" content=\"summary_large_image\" \/>\n<meta name=\"twitter:creator\" content=\"@ocean4future\" \/>\n<meta name=\"twitter:site\" content=\"@ocean4future\" \/>\n<meta name=\"twitter:label1\" content=\"Scritto da\" \/>\n\t<meta name=\"twitter:data1\" content=\"Piero Carpani\" \/>\n\t<meta name=\"twitter:label2\" content=\"Tempo di lettura stimato\" \/>\n\t<meta name=\"twitter:data2\" content=\"8 minuti\" \/>\n<script type=\"application\/ld+json\" class=\"yoast-schema-graph\">{\"@context\":\"https:\\\/\\\/schema.org\",\"@graph\":[{\"@type\":\"Article\",\"@id\":\"https:\\\/\\\/www.ocean4future.org\\\/savetheocean\\\/archives\\\/118637#article\",\"isPartOf\":{\"@id\":\"https:\\\/\\\/www.ocean4future.org\\\/savetheocean\\\/archives\\\/118637\"},\"author\":{\"name\":\"Piero Carpani\",\"@id\":\"https:\\\/\\\/www.ocean4future.org\\\/savetheocean\\\/#\\\/schema\\\/person\\\/965165c540de5feedd0a44d02d8a0a52\"},\"headline\":\"Dal Monarca al Re Galantuomo: le origini borboniche di un grande vascello\",\"datePublished\":\"2025-06-16T22:02:00+00:00\",\"mainEntityOfPage\":{\"@id\":\"https:\\\/\\\/www.ocean4future.org\\\/savetheocean\\\/archives\\\/118637\"},\"wordCount\":1336,\"commentCount\":0,\"publisher\":{\"@id\":\"https:\\\/\\\/www.ocean4future.org\\\/savetheocean\\\/#\\\/schema\\\/person\\\/4e1c26437054353074d7bb2efa77162c\"},\"image\":{\"@id\":\"https:\\\/\\\/www.ocean4future.org\\\/savetheocean\\\/archives\\\/118637#primaryimage\"},\"thumbnailUrl\":\"https:\\\/\\\/www.ocean4future.org\\\/savetheocean\\\/wp-content\\\/uploads\\\/2025\\\/06\\\/Il-Tukery-attacca-il-Monarca.jpg\",\"articleSection\":[\"Storia navale dell'et\u00e0 moderna (post 1492 - oggi)\"],\"inLanguage\":\"it-IT\",\"potentialAction\":[{\"@type\":\"CommentAction\",\"name\":\"Comment\",\"target\":[\"https:\\\/\\\/www.ocean4future.org\\\/savetheocean\\\/archives\\\/118637#respond\"]}]},{\"@type\":\"WebPage\",\"@id\":\"https:\\\/\\\/www.ocean4future.org\\\/savetheocean\\\/archives\\\/118637\",\"url\":\"https:\\\/\\\/www.ocean4future.org\\\/savetheocean\\\/archives\\\/118637\",\"name\":\"Dal Monarca al Re Galantuomo: le origini borboniche di un grande vascello &#8226; OCEAN4FUTURE autore\",\"isPartOf\":{\"@id\":\"https:\\\/\\\/www.ocean4future.org\\\/savetheocean\\\/#website\"},\"primaryImageOfPage\":{\"@id\":\"https:\\\/\\\/www.ocean4future.org\\\/savetheocean\\\/archives\\\/118637#primaryimage\"},\"image\":{\"@id\":\"https:\\\/\\\/www.ocean4future.org\\\/savetheocean\\\/archives\\\/118637#primaryimage\"},\"thumbnailUrl\":\"https:\\\/\\\/www.ocean4future.org\\\/savetheocean\\\/wp-content\\\/uploads\\\/2025\\\/06\\\/Il-Tukery-attacca-il-Monarca.jpg\",\"datePublished\":\"2025-06-16T22:02:00+00:00\",\"breadcrumb\":{\"@id\":\"https:\\\/\\\/www.ocean4future.org\\\/savetheocean\\\/archives\\\/118637#breadcrumb\"},\"inLanguage\":\"it-IT\",\"potentialAction\":[{\"@type\":\"ReadAction\",\"target\":[\"https:\\\/\\\/www.ocean4future.org\\\/savetheocean\\\/archives\\\/118637\"]}]},{\"@type\":\"ImageObject\",\"inLanguage\":\"it-IT\",\"@id\":\"https:\\\/\\\/www.ocean4future.org\\\/savetheocean\\\/archives\\\/118637#primaryimage\",\"url\":\"https:\\\/\\\/www.ocean4future.org\\\/savetheocean\\\/wp-content\\\/uploads\\\/2025\\\/06\\\/Il-Tukery-attacca-il-Monarca.jpg\",\"contentUrl\":\"https:\\\/\\\/www.ocean4future.org\\\/savetheocean\\\/wp-content\\\/uploads\\\/2025\\\/06\\\/Il-Tukery-attacca-il-Monarca.jpg\",\"width\":800,\"height\":590},{\"@type\":\"BreadcrumbList\",\"@id\":\"https:\\\/\\\/www.ocean4future.org\\\/savetheocean\\\/archives\\\/118637#breadcrumb\",\"itemListElement\":[{\"@type\":\"ListItem\",\"position\":1,\"name\":\"Home\",\"item\":\"https:\\\/\\\/www.ocean4future.org\\\/savetheocean\"},{\"@type\":\"ListItem\",\"position\":2,\"name\":\"Dal Monarca al Re Galantuomo: le origini borboniche di un grande vascello\"}]},{\"@type\":\"WebSite\",\"@id\":\"https:\\\/\\\/www.ocean4future.org\\\/savetheocean\\\/#website\",\"url\":\"https:\\\/\\\/www.ocean4future.org\\\/savetheocean\\\/\",\"name\":\"Ocean 4 Future\",\"description\":\"Per una nuova cultura del mare e della marittimit\u00e0\",\"publisher\":{\"@id\":\"https:\\\/\\\/www.ocean4future.org\\\/savetheocean\\\/#\\\/schema\\\/person\\\/4e1c26437054353074d7bb2efa77162c\"},\"potentialAction\":[{\"@type\":\"SearchAction\",\"target\":{\"@type\":\"EntryPoint\",\"urlTemplate\":\"https:\\\/\\\/www.ocean4future.org\\\/savetheocean\\\/?s={search_term_string}\"},\"query-input\":{\"@type\":\"PropertyValueSpecification\",\"valueRequired\":true,\"valueName\":\"search_term_string\"}}],\"inLanguage\":\"it-IT\"},{\"@type\":[\"Person\",\"Organization\"],\"@id\":\"https:\\\/\\\/www.ocean4future.org\\\/savetheocean\\\/#\\\/schema\\\/person\\\/4e1c26437054353074d7bb2efa77162c\",\"name\":\"oceandiver\",\"image\":{\"@type\":\"ImageObject\",\"inLanguage\":\"it-IT\",\"@id\":\"https:\\\/\\\/www.ocean4future.org\\\/savetheocean\\\/wp-content\\\/uploads\\\/2023\\\/04\\\/logo-ocean3.jpg\",\"url\":\"https:\\\/\\\/www.ocean4future.org\\\/savetheocean\\\/wp-content\\\/uploads\\\/2023\\\/04\\\/logo-ocean3.jpg\",\"contentUrl\":\"https:\\\/\\\/www.ocean4future.org\\\/savetheocean\\\/wp-content\\\/uploads\\\/2023\\\/04\\\/logo-ocean3.jpg\",\"width\":472,\"height\":301,\"caption\":\"oceandiver\"},\"logo\":{\"@id\":\"https:\\\/\\\/www.ocean4future.org\\\/savetheocean\\\/wp-content\\\/uploads\\\/2023\\\/04\\\/logo-ocean3.jpg\"}},{\"@type\":\"Person\",\"@id\":\"https:\\\/\\\/www.ocean4future.org\\\/savetheocean\\\/#\\\/schema\\\/person\\\/965165c540de5feedd0a44d02d8a0a52\",\"name\":\"Piero Carpani\",\"image\":{\"@type\":\"ImageObject\",\"inLanguage\":\"it-IT\",\"@id\":\"https:\\\/\\\/secure.gravatar.com\\\/avatar\\\/97d36f90f34bc23ab4a9c3b352d6329ba4c394725cbe1f713c2c59a7d6168853?s=96&d=mm&r=g\",\"url\":\"https:\\\/\\\/secure.gravatar.com\\\/avatar\\\/97d36f90f34bc23ab4a9c3b352d6329ba4c394725cbe1f713c2c59a7d6168853?s=96&d=mm&r=g\",\"contentUrl\":\"https:\\\/\\\/secure.gravatar.com\\\/avatar\\\/97d36f90f34bc23ab4a9c3b352d6329ba4c394725cbe1f713c2c59a7d6168853?s=96&d=mm&r=g\",\"caption\":\"Piero Carpani\"},\"description\":\"L\u2019ammiraglio Genio Navale Piero Carpani, nato a Roma nel 1945, ha frequentato l\u2019Accademia Navale di Livorno e si \u00e8 laureato in Ingegneria Navale e Meccanica presso l\u2019Universit\u00e0 di Trieste. Tra i suoi numerosi incarichi professionali \u00e8 stato capo servizio Genio Navale a bordo dell\u2019Amerigo Vespucci e su Nave Sagittario, oltre a essere stato imbarcato sull\u2019Incrociatore Andrea Doria e sul Cacciatorpediniere Audace. La passione per la vela lo ha portato a partecipare alle attivit\u00e0 della Sezione Velica di La Spezia di cui \u00e8 stato vice presidente. Gli \u00e8 stata affidata Artica II, l\u2019imbarcazione storica della Marina Militare, che ha curato e portato in regata per dodici anni partecipando a numerose edizioni dei raduni di Porto Cervo, Imperia, Porto Santo Stefano, Napoli e alle regate delle Tall Ships del 1996 e 2000. Partecipa alle attivit\u00e0 di avvicinamento dei giovani alla vela collaborando con la STA Italia (Sail Training Association) come skipper di un\u2019imbarcazione privata. Ha pubblicato numerosi saggi tra cui \u00a0\u201cGiornale di bordo\u201d (Istituto Idrografico della Marina \u2013 2006 Genova) e \u00a0\u201cLa pi\u00f9 bella del Mondo \u2013 Nave Scuola Amerigo Vespucci\u201d (Grafiche Amadeo \u2013 C.S.O. 2008 Imperia).\",\"url\":\"https:\\\/\\\/www.ocean4future.org\\\/savetheocean\\\/archives\\\/author\\\/piero-carpani\"}]}<\/script>\n<!-- \/ Yoast SEO plugin. -->","yoast_head_json":{"title":"Dal Monarca al Re Galantuomo: le origini borboniche di un grande vascello &#8226; OCEAN4FUTURE autore","robots":{"index":"index","follow":"follow","max-snippet":"max-snippet:-1","max-image-preview":"max-image-preview:large","max-video-preview":"max-video-preview:-1"},"canonical":"https:\/\/www.ocean4future.org\/savetheocean\/archives\/118637","og_locale":"it_IT","og_type":"article","og_title":"Dal Monarca al Re Galantuomo: le origini borboniche di un grande vascello &#8226; OCEAN4FUTURE autore","og_description":"tempo di lettura:  6 minuti. . ARGOMENTO: STORIA NAVALE PERIODO: XIX SECOLO AREA: REGIA MARINA ITALIANA parole chiave: Monarca . Il vascello Monarca, progettato dell&#8217;ingegnere Sabatelli, direttore del Regio Cantiere, fu impostato nel 1846 e varato a Castellammare di Stabia alla presenza del Re delle Due Sicilie Ferdinando II e della moglie Maria Teresa il 10 giugno 1850. La [&hellip;]","og_url":"https:\/\/www.ocean4future.org\/savetheocean\/archives\/118637","og_site_name":"OCEAN4FUTURE","article_published_time":"2025-06-16T22:02:00+00:00","og_image":[{"width":800,"height":590,"url":"https:\/\/www.ocean4future.org\/savetheocean\/wp-content\/uploads\/2025\/06\/Il-Tukery-attacca-il-Monarca.jpg","type":"image\/jpeg"}],"author":"Piero Carpani","twitter_card":"summary_large_image","twitter_creator":"@ocean4future","twitter_site":"@ocean4future","twitter_misc":{"Scritto da":"Piero Carpani","Tempo di lettura stimato":"8 minuti"},"schema":{"@context":"https:\/\/schema.org","@graph":[{"@type":"Article","@id":"https:\/\/www.ocean4future.org\/savetheocean\/archives\/118637#article","isPartOf":{"@id":"https:\/\/www.ocean4future.org\/savetheocean\/archives\/118637"},"author":{"name":"Piero Carpani","@id":"https:\/\/www.ocean4future.org\/savetheocean\/#\/schema\/person\/965165c540de5feedd0a44d02d8a0a52"},"headline":"Dal Monarca al Re Galantuomo: le origini borboniche di un grande vascello","datePublished":"2025-06-16T22:02:00+00:00","mainEntityOfPage":{"@id":"https:\/\/www.ocean4future.org\/savetheocean\/archives\/118637"},"wordCount":1336,"commentCount":0,"publisher":{"@id":"https:\/\/www.ocean4future.org\/savetheocean\/#\/schema\/person\/4e1c26437054353074d7bb2efa77162c"},"image":{"@id":"https:\/\/www.ocean4future.org\/savetheocean\/archives\/118637#primaryimage"},"thumbnailUrl":"https:\/\/www.ocean4future.org\/savetheocean\/wp-content\/uploads\/2025\/06\/Il-Tukery-attacca-il-Monarca.jpg","articleSection":["Storia navale dell'et\u00e0 moderna (post 1492 - oggi)"],"inLanguage":"it-IT","potentialAction":[{"@type":"CommentAction","name":"Comment","target":["https:\/\/www.ocean4future.org\/savetheocean\/archives\/118637#respond"]}]},{"@type":"WebPage","@id":"https:\/\/www.ocean4future.org\/savetheocean\/archives\/118637","url":"https:\/\/www.ocean4future.org\/savetheocean\/archives\/118637","name":"Dal Monarca al Re Galantuomo: le origini borboniche di un grande vascello &#8226; OCEAN4FUTURE autore","isPartOf":{"@id":"https:\/\/www.ocean4future.org\/savetheocean\/#website"},"primaryImageOfPage":{"@id":"https:\/\/www.ocean4future.org\/savetheocean\/archives\/118637#primaryimage"},"image":{"@id":"https:\/\/www.ocean4future.org\/savetheocean\/archives\/118637#primaryimage"},"thumbnailUrl":"https:\/\/www.ocean4future.org\/savetheocean\/wp-content\/uploads\/2025\/06\/Il-Tukery-attacca-il-Monarca.jpg","datePublished":"2025-06-16T22:02:00+00:00","breadcrumb":{"@id":"https:\/\/www.ocean4future.org\/savetheocean\/archives\/118637#breadcrumb"},"inLanguage":"it-IT","potentialAction":[{"@type":"ReadAction","target":["https:\/\/www.ocean4future.org\/savetheocean\/archives\/118637"]}]},{"@type":"ImageObject","inLanguage":"it-IT","@id":"https:\/\/www.ocean4future.org\/savetheocean\/archives\/118637#primaryimage","url":"https:\/\/www.ocean4future.org\/savetheocean\/wp-content\/uploads\/2025\/06\/Il-Tukery-attacca-il-Monarca.jpg","contentUrl":"https:\/\/www.ocean4future.org\/savetheocean\/wp-content\/uploads\/2025\/06\/Il-Tukery-attacca-il-Monarca.jpg","width":800,"height":590},{"@type":"BreadcrumbList","@id":"https:\/\/www.ocean4future.org\/savetheocean\/archives\/118637#breadcrumb","itemListElement":[{"@type":"ListItem","position":1,"name":"Home","item":"https:\/\/www.ocean4future.org\/savetheocean"},{"@type":"ListItem","position":2,"name":"Dal Monarca al Re Galantuomo: le origini borboniche di un grande vascello"}]},{"@type":"WebSite","@id":"https:\/\/www.ocean4future.org\/savetheocean\/#website","url":"https:\/\/www.ocean4future.org\/savetheocean\/","name":"Ocean 4 Future","description":"Per una nuova cultura del mare e della marittimit\u00e0","publisher":{"@id":"https:\/\/www.ocean4future.org\/savetheocean\/#\/schema\/person\/4e1c26437054353074d7bb2efa77162c"},"potentialAction":[{"@type":"SearchAction","target":{"@type":"EntryPoint","urlTemplate":"https:\/\/www.ocean4future.org\/savetheocean\/?s={search_term_string}"},"query-input":{"@type":"PropertyValueSpecification","valueRequired":true,"valueName":"search_term_string"}}],"inLanguage":"it-IT"},{"@type":["Person","Organization"],"@id":"https:\/\/www.ocean4future.org\/savetheocean\/#\/schema\/person\/4e1c26437054353074d7bb2efa77162c","name":"oceandiver","image":{"@type":"ImageObject","inLanguage":"it-IT","@id":"https:\/\/www.ocean4future.org\/savetheocean\/wp-content\/uploads\/2023\/04\/logo-ocean3.jpg","url":"https:\/\/www.ocean4future.org\/savetheocean\/wp-content\/uploads\/2023\/04\/logo-ocean3.jpg","contentUrl":"https:\/\/www.ocean4future.org\/savetheocean\/wp-content\/uploads\/2023\/04\/logo-ocean3.jpg","width":472,"height":301,"caption":"oceandiver"},"logo":{"@id":"https:\/\/www.ocean4future.org\/savetheocean\/wp-content\/uploads\/2023\/04\/logo-ocean3.jpg"}},{"@type":"Person","@id":"https:\/\/www.ocean4future.org\/savetheocean\/#\/schema\/person\/965165c540de5feedd0a44d02d8a0a52","name":"Piero Carpani","image":{"@type":"ImageObject","inLanguage":"it-IT","@id":"https:\/\/secure.gravatar.com\/avatar\/97d36f90f34bc23ab4a9c3b352d6329ba4c394725cbe1f713c2c59a7d6168853?s=96&d=mm&r=g","url":"https:\/\/secure.gravatar.com\/avatar\/97d36f90f34bc23ab4a9c3b352d6329ba4c394725cbe1f713c2c59a7d6168853?s=96&d=mm&r=g","contentUrl":"https:\/\/secure.gravatar.com\/avatar\/97d36f90f34bc23ab4a9c3b352d6329ba4c394725cbe1f713c2c59a7d6168853?s=96&d=mm&r=g","caption":"Piero Carpani"},"description":"L\u2019ammiraglio Genio Navale Piero Carpani, nato a Roma nel 1945, ha frequentato l\u2019Accademia Navale di Livorno e si \u00e8 laureato in Ingegneria Navale e Meccanica presso l\u2019Universit\u00e0 di Trieste. Tra i suoi numerosi incarichi professionali \u00e8 stato capo servizio Genio Navale a bordo dell\u2019Amerigo Vespucci e su Nave Sagittario, oltre a essere stato imbarcato sull\u2019Incrociatore Andrea Doria e sul Cacciatorpediniere Audace. La passione per la vela lo ha portato a partecipare alle attivit\u00e0 della Sezione Velica di La Spezia di cui \u00e8 stato vice presidente. Gli \u00e8 stata affidata Artica II, l\u2019imbarcazione storica della Marina Militare, che ha curato e portato in regata per dodici anni partecipando a numerose edizioni dei raduni di Porto Cervo, Imperia, Porto Santo Stefano, Napoli e alle regate delle Tall Ships del 1996 e 2000. Partecipa alle attivit\u00e0 di avvicinamento dei giovani alla vela collaborando con la STA Italia (Sail Training Association) come skipper di un\u2019imbarcazione privata. Ha pubblicato numerosi saggi tra cui \u00a0\u201cGiornale di bordo\u201d (Istituto Idrografico della Marina \u2013 2006 Genova) e \u00a0\u201cLa pi\u00f9 bella del Mondo \u2013 Nave Scuola Amerigo Vespucci\u201d (Grafiche Amadeo \u2013 C.S.O. 2008 Imperia).","url":"https:\/\/www.ocean4future.org\/savetheocean\/archives\/author\/piero-carpani"}]}},"_links":{"self":[{"href":"https:\/\/www.ocean4future.org\/savetheocean\/wp-json\/wp\/v2\/posts\/118637","targetHints":{"allow":["GET"]}}],"collection":[{"href":"https:\/\/www.ocean4future.org\/savetheocean\/wp-json\/wp\/v2\/posts"}],"about":[{"href":"https:\/\/www.ocean4future.org\/savetheocean\/wp-json\/wp\/v2\/types\/post"}],"author":[{"embeddable":true,"href":"https:\/\/www.ocean4future.org\/savetheocean\/wp-json\/wp\/v2\/users\/4438"}],"replies":[{"embeddable":true,"href":"https:\/\/www.ocean4future.org\/savetheocean\/wp-json\/wp\/v2\/comments?post=118637"}],"version-history":[{"count":0,"href":"https:\/\/www.ocean4future.org\/savetheocean\/wp-json\/wp\/v2\/posts\/118637\/revisions"}],"wp:featuredmedia":[{"embeddable":true,"href":"https:\/\/www.ocean4future.org\/savetheocean\/wp-json\/wp\/v2\/media\/118768"}],"wp:attachment":[{"href":"https:\/\/www.ocean4future.org\/savetheocean\/wp-json\/wp\/v2\/media?parent=118637"}],"wp:term":[{"taxonomy":"category","embeddable":true,"href":"https:\/\/www.ocean4future.org\/savetheocean\/wp-json\/wp\/v2\/categories?post=118637"},{"taxonomy":"post_tag","embeddable":true,"href":"https:\/\/www.ocean4future.org\/savetheocean\/wp-json\/wp\/v2\/tags?post=118637"}],"curies":[{"name":"wp","href":"https:\/\/api.w.org\/{rel}","templated":true}]}}