{"id":118403,"date":"2025-06-03T00:02:00","date_gmt":"2025-06-02T22:02:00","guid":{"rendered":"https:\/\/www.ocean4future.org\/savetheocean\/?p=118403"},"modified":"2026-01-13T15:48:40","modified_gmt":"2026-01-13T14:48:40","slug":"la-base-navale-di-brindisi","status":"publish","type":"post","link":"https:\/\/www.ocean4future.org\/savetheocean\/archives\/118403","title":{"rendered":"La base navale di Brindisi dall&#8217;antichit\u00e0 ai giorni nostri"},"content":{"rendered":"<span class=\"span-reading-time rt-reading-time\" style=\"display: block;\"><span class=\"rt-label rt-prefix\">tempo di lettura: <\/span> <span class=\"rt-time\"> 7<\/span> <span class=\"rt-label rt-postfix\">minuti<\/span><\/span><p><span style=\"color: #ffffff;\">.<\/span><br \/>\n<a class=\"maxbutton-4 maxbutton maxbutton-livello-di-comprensione\" href=\"javascript:void(0);\"><span class='mb-text'>livello elementare<\/span><\/a><\/p>\n<p><span style=\"color: #ffffff;\">.<\/span><\/p>\n<p><span style=\"color: #008000;\"><strong>ARGOMENTO: STORIA NAVALE<\/strong><\/span><br \/>\n<span style=\"color: #008000;\"><strong>PERIODO: I SECOLO a.C. &#8211; XX SECOLO<\/strong><\/span><br \/>\n<span style=\"color: #008000;\"><strong>AREA:&nbsp; PUGLIA<\/strong><\/span><br \/>\nparole chiave: Brindisi<br \/>\n<span style=\"color: #ffffff;\">.<\/span><\/p>\n<p style=\"text-align: justify;\"><span style=\"font-size: 24px;\"><span style=\"color: #008000;\"><strong><em>Brundisium longae finis chartaeque viaeque est <\/em><\/strong><\/span>\u2026<\/span><br \/>\n<em>Brindisi \u00e8 la fine della lunga via e del mio racconto<\/em>, Orazio<\/p>\n<p style=\"text-align: justify;\">Cos\u00ec si conclude la quinta satira del primo libro di <strong><span style=\"color: #008000;\">Orazio<\/span><\/strong> che descrive il suo viaggio da Roma a Brindisi da dove poi avrebbe proseguito per la Grecia. In queste parole, scritte nel I secolo a.C., vi \u00e8 racchiuso quello che, nelle alterne vicende dei millenni, \u00e8 stato il destino del porto di Brindisi, cio\u00e8 essere il punto di imbarco per la Grecia e il vicino Oriente. Nell\u2019ampio porto naturale, diviso nei due bacini di levante e di ponente, separati dalla penisola su cui sorge la citt\u00e0 antica, ben presto non solo si svilupp\u00f2 il traffico mercantile, ma anche quello militare, trampolino di lancio per le flotte che partivano per le campagne nei Balcani e lungo le coste anatoliche del Mediterraneo svoltesi contro la Macedonia, i pirati illirici, il re del Ponto <strong><span style=\"color: #008000;\">Mitridate<\/span> <\/strong>e pi\u00f9 tardi fu una base importantissima durante le guerre civili fra <strong><span style=\"color: #008000;\">Cesare, Pompeo, Marco Antonio e Ottaviano<\/span><\/strong>.<\/p>\n<p><img decoding=\"async\" src=\"https:\/\/www.ocean4future.org\/savetheocean\/wp-content\/uploads\/2025\/06\/Brindisi_-_Colonne_romane_di_Brindisi_-_2024-09-05_18-33-08_001.jpg\" alt=\"Questa immagine ha l'attributo alt vuoto; il nome del file \u00e8 Brindisi_-_Colonne_romane_di_Brindisi_-_2024-09-05_18-33-08_001.jpg\" width=\"844\" height=\"563\"><\/p>\n<p align=\"justify\"><span style=\"color: #008000;\"><strong>capitello della colonna romana di Brindisi che indica il termine della via Appia, considerata dai&nbsp;Romani&nbsp;la&nbsp;<em>regina viarum<\/em>&nbsp;(regina delle strade)<br \/>\n<\/strong><\/span><a href=\"https:\/\/commons.wikimedia.org\/wiki\/File:Brindisi_-_Colonne_romane_di_Brindisi_-_2024-09-05_18-33-08_001.jpg\">Brindisi &#8211; Colonne romane di Brindisi &#8211; 2024-09-05 18-33-08 001.jpg &#8211; Wikimedia Commons<\/a><\/p>\n<p style=\"text-align: justify;\">Per questa ragione, per le esigenze della flotta romana, furono costruiti a Brindisi vari magazzini e un arsenale dove le navi potevano essere costruite, riparate o tenute in efficienza prima della partenza o al ritorno dalle operazioni militari. Ne d\u00e0 conferma <strong><span style=\"color: #008000;\">Giulio Cesare (De bello civili, III, 24)<\/span><\/strong>: &#8220;<strong><em><span style=\"color: #008000;\">In quel tempo Antonio si trovava a Brindisi\u2026.fiducioso nel valore dei soldati fece allestire circa 60 scialuppe delle navi grandi\u2026.ordin\u00f2 alle due triremi che aveva fatto costruire a Brindisi di portarsi verso l\u2019entrata del porto\u2026<\/span><\/em><\/strong>&#8221;<br \/>\nAnche nel Medioevo, ai tempi in cui Brindisi divenne uno dei principali porti di partenza per le crociate, vi fior\u00ec un importante arsenale dove potevano essere ricoverate venti navi; l\u2019imperatore Federico II lo rinnov\u00f2 e per la sua protezione fece costruire il <strong><span style=\"color: #008000;\">Castello Svevo<\/span><\/strong> nel 1227. Seguirono poi i secoli di decadenza della citt\u00e0, come d&#8217;altronde tutta l\u2019Italia meridionale sotto gli Spagnoli; per una rinascita, bisogn\u00f2 aspettare il 29 aprile 1865 quando, proveniente da Bologna, arriv\u00f2 la <strong><span style=\"color: #008000;\">ferrovia adriatica<\/span><\/strong>, poi prolungata fino a Otranto nel 1872. Questa linea, collegata con il resto della rete italiana ed europea, e la quasi contestuale apertura del canale di Suez nel 1869, permisero a Brindisi di diventare capolinea del percorso terrestre della <strong><span style=\"color: #008000;\">Valigia delle Indie<\/span><\/strong>, la famosa linea celere ferroviaria e marittima fra Londra e Bombay.<\/p>\n<p><img decoding=\"async\" class=\"\" src=\"https:\/\/www.ocean4future.org\/savetheocean\/wp-content\/uploads\/2025\/06\/Screenshot-2025-05-19-182031.png\" alt=\"Questa immagine ha l'attributo alt vuoto; il nome del file \u00e8 Screenshot-2025-05-19-182031.png\" width=\"861\" height=\"427\"><\/p>\n<p style=\"text-align: justify;\">Alla rivitalizzazione dell\u2019importanza commerciale del porto di Brindisi non corrispose uno sviluppo dell\u2019aspetto militare: la Marina aveva ormai scelto come sede meridionale a Taranto e Brindisi fu del tutto trascurata fino all\u2019inizio del XX secolo quando l\u2019<strong><span style=\"color: #008000;\">ammiraglio Camillo Candiani<\/span> <\/strong>elabor\u00f2 un primo progetto per istituirvi una base navale nel quadro di un potenziamento delle difese dell\u2019Adriatico, praticamente privo di porti e arsenali militari se si eccettuava quello di Venezia, troppo pericolosamente vicino al confine orientale.<\/p>\n<p style=\"text-align: justify;\"><img decoding=\"async\" class=\"\" src=\"https:\/\/www.ocean4future.org\/savetheocean\/wp-content\/uploads\/2025\/06\/Screenshot-2025-05-19-175312.png\" alt=\"Questa immagine ha l'attributo alt vuoto; il nome del file \u00e8 Screenshot-2025-05-19-175312.png\" width=\"854\" height=\"525\"><\/p>\n<p style=\"text-align: justify;\">Dopo anni di intensi lavori di dragaggio per migliorare i fondali del bacino di ponente, nel 1909 vi fu trasferita la squadriglia torpediniere di Messina che per il momento non poteva restare in quel porto, ancora inagibile. Questo era solo il primo passo perch\u00e9 nel 1910 la citt\u00e0 fu classificata piazzaforte marittima e nello stesso anno il Castello Svevo, per secoli abbandonato, poi riattato ed adibito a carcere ai tempi di Murat, fu scelto come sede del nuovo comando marittimo e, ai suoi piedi, sorsero le prime installazioni (1) destinate a moltiplicarsi rapidamente poich\u00e9, come \u00e8 noto, Brindisi fu uno dei fulcri della attivit\u00e0 navali italiane e alleate durante la prima guerra mondiale e del traffico con l\u2019Albania. Sorse anche una sezione lavori di potenzialit\u00e0 limitata e dipendente da dall\u2019arsenale di Taranto che, prima della costruzione di strutture a terra, era insediata sulle <strong><span style=\"color: #008000;\">navi officina Vulcano e Lombardia<\/span><\/strong> (2).<br \/>\nLa scelta dell\u2019ubicazione della base si dimostr\u00f2 ottimale perch\u00e9 ad ovest del castello, che chiudeva a settentrione il circuito delle mura cittadine, si stendeva la campagna e si prolungava la deserta costa sud del bacino di levante, aree completamente libere che, previa bonifica, permisero l\u2019espansione della zona militare. Lungo il bacino di levante furono costruiti 850 metri di banchine collegate nel 1910 da una strada litoranea.<\/p>\n<p><img decoding=\"async\" class=\"\" src=\"https:\/\/www.ocean4future.org\/savetheocean\/wp-content\/uploads\/2025\/06\/Screenshot-2025-05-19-175411.png\" alt=\"Questa immagine ha l'attributo alt vuoto; il nome del file \u00e8 Screenshot-2025-05-19-175411.png\" width=\"836\" height=\"464\"><\/p>\n<p style=\"text-align: justify;\">Il comprensorio della Marina, che oggi \u00e8 chiuso dall\u2019attuale via dei Mille, si estese anche al di l\u00e0 di questa strada con una serie di strutture, in parte gestite in comune con l\u2019esercito, che sorgevano nella scomparsa piazza Castello, gi\u00e0 usata come piazza d\u2019armi. Oggi la massima parte di quest\u2019area \u00e8 stata quasi del tutto demilitarizzata e convertita per usi residenziali civili. Con il Decreto Luogotenenziale n. 907 del 10 giugno 1915 fu istituito il <strong><span style=\"color: #008000;\">Comando Militare Marittimo<\/span><\/strong> di Brindisi retto da un contrammiraglio e dipendente direttamente dal Ministero. Nel 1916 fu costruito l\u2019idroscalo e, fra le opere tuttora esistenti, risalgono a quel periodo gli otto grandi edifici a sud ovest del castello necessari ad ospitare il personale ed i servizi a terra.<\/p>\n<p><img decoding=\"async\" src=\"https:\/\/www.ocean4future.org\/savetheocean\/wp-content\/uploads\/2025\/06\/Brindisi._Ship_Benedetto_Brin_Bestanddeelnr_22057_024.tif.jpg\" alt=\"Questa immagine ha l'attributo alt vuoto; il nome del file \u00e8 Brindisi._Ship_Benedetto_Brin_Bestanddeelnr_22057_024.tif.jpg\" width=\"850\" height=\"643\"><\/p>\n<p align=\"justify\"><strong><span style=\"color: #008000;\">l&#8217;affondamento della corazzata Benedetto Brin nel porto di Brindisi, settembre 1915 &#8211; Fotocollectie Spaarnestad Onderwerpen<br \/>\n<a href=\"https:\/\/commons.wikimedia.org\/wiki\/File:Brindisi._Ship_Benedetto_Brin,_Bestanddeelnr_22057_024.tif\">Ship Benedetto Brin, Bestanddeelnr 22057 024.tif &#8211; Wikimedia Commons<\/a><\/span><\/strong><\/p>\n<p style=\"text-align: justify;\">Brindisi pag\u00f2 duramente il suo ruolo di base navale: a partire dal 1\u00b0 giugno 1915 fino al 1918 sub\u00ec undici bombardamenti aerei e il suo porto vide il 27 settembre 1915 l\u2019affondamento della corazzata Benedetto Brin dilaniata dallo scoppio della Santabarbara \u2013 dovuto a cause accidentali nonostante abbia sollevato a suo tempo il sospetto di un sabotaggio \u2013 che caus\u00f2 ben 454 vittime.<\/p>\n<p style=\"text-align: justify;\"><img decoding=\"async\" class=\"\" src=\"https:\/\/www.ocean4future.org\/savetheocean\/wp-content\/uploads\/2025\/06\/Screenshot-2025-05-19-175540.png\" alt=\"Questa immagine ha l'attributo alt vuoto; il nome del file \u00e8 Screenshot-2025-05-19-175540.png\" width=\"847\" height=\"621\"><\/p>\n<p style=\"text-align: justify;\">Nel dopoguerra la base si ampli\u00f2 ulteriormente e in particolare l\u2019arsenale che nel 1919 occupava solo 60 operai. Fra le altre opere di quel periodo va ricordato il grande palazzo dell\u2019Ammiragliato (3), destinato soprattutto ad uffici, costruito di fronte al Castello Svevo nel 1929.<\/p>\n<p style=\"text-align: justify;\"><img decoding=\"async\" class=\"\" src=\"https:\/\/www.ocean4future.org\/savetheocean\/wp-content\/uploads\/2025\/06\/Screenshot-2025-05-19-175708.png\" alt=\"Questa immagine ha l'attributo alt vuoto; il nome del file \u00e8 Screenshot-2025-05-19-175708.png\" width=\"842\" height=\"500\"><\/p>\n<p style=\"text-align: justify;\">Negli anni \u201920, nel seno di ponente, fu dislocato il Bacino galleggiante GO 8 lungo costruito a Castellammare di Stabia nel 1919, lungo 124 metri, appartenente alla Regia Marina ma dato in uso al Cantiere Meccanico Brindisino.<\/p>\n<p><img decoding=\"async\" class=\"\" src=\"https:\/\/www.ocean4future.org\/savetheocean\/wp-content\/uploads\/2025\/06\/Screenshot-2025-05-19-175801.png\" alt=\"Questa immagine ha l'attributo alt vuoto; il nome del file \u00e8 Screenshot-2025-05-19-175801.png\" width=\"881\" height=\"527\"><\/p>\n<p style=\"text-align: justify;\">Nel 1934 il porto si arricch\u00ec del l\u2019imponente <strong><span style=\"color: #008000;\">Monumento al marinaio<\/span><\/strong>, alto 53 metri, tuttora di propriet\u00e0 della Marina e oggi circondato da giardini comunali, dedicato ai marinai caduti nella Grande Guerra, che fu realizzato dall\u2019<strong><span style=\"color: #008000;\">architetto Luigi Brunati e dallo scultore Amerigo Bartoli<\/span><\/strong>.<\/p>\n<p><img decoding=\"async\" class=\"\" src=\"https:\/\/www.ocean4future.org\/savetheocean\/wp-content\/uploads\/2025\/06\/Screenshot-2025-05-19-180003.png\" alt=\"Questa immagine ha l'attributo alt vuoto; il nome del file \u00e8 Screenshot-2025-05-19-180003.png\" width=\"852\" height=\"567\"><\/p>\n<p style=\"text-align: justify;\">A Brindisi facevano capo anche i collegamenti con la piccola base navale situata sull\u2019isolotto albanese di Saseno assicurando in primo luogo il rifornimento dell\u2019acqua perch\u00e9 era priva di sorgenti (4). Va anche ricordato in quegli anni il costante impegno con cui la Regia Marina, anche contribuendo finanziariamente, sostenne la realizzazione dell\u2019Acquedotto Pugliese, opera indispensabile per l\u2019approvvigionamento delle navi e delle caserme di Taranto e Brindisi, quest\u2019ultima raggiunta da una conduttura riservata nel 1929. Nell\u2019esercizio 1937-38 il consumo d\u2019acqua delle due basi navali risulta complessivamente di 3.564.715 metri cubi, pi\u00f9 di quello delle utenze industriali e agricole messe insieme e di gran lunga superiore a quello delle ferrovie e dei vari rami della pubblica amministrazione. Tralasceremo, perch\u00e9 \u00e8 fin troppo noto, il ruolo ricoperto da Brindisi dopo l\u20198 settembre 1943 quando fu di fatto l\u2019effimera capitale del Regno del sud, durante il quale il re alloggi\u00f2 per un certo periodo al secondo piano del circolo ufficiali e la Regia Accademia Navale si trasfer\u00ec nel locale Collegio Navale (5). La storia pi\u00f9 recente ha visto Brindisi sede del COMOS, il comando delle motosiluranti, destinato ad esaurire la sua funzione con la scomparsa delle ultime unit\u00e0 leggere negli anni \u201980, ma nel frattempo vi si insedi\u00f2 nel 1971 il <strong><span style=\"color: #008000;\">Battaglione San Marco<\/span> <\/strong>proveniente da Taranto che occup\u00f2 le vecchie strutture della base e pose il suo comando nel Castello Svevo.<\/p>\n<p><img decoding=\"async\" src=\"https:\/\/www.ocean4future.org\/savetheocean\/wp-content\/uploads\/2025\/06\/Screenshot-2025-05-19-180028.png\" alt=\"Questa immagine ha l'attributo alt vuoto; il nome del file \u00e8 Screenshot-2025-05-19-180028.png\"><\/p>\n<p style=\"text-align: justify;\">La sua trasformazione a livello di reggimento e poi di brigata ha richiesto spazi sempre pi\u00f9 ampi per il personale, l\u2019addestramento e i mezzi, questi ultimi in origine stipati nell\u2019ampio fossato del castello e per soddisfare tali esigenze la sede operativa \u00e8 stata trasferita nella grande e funzionale area della nuova caserma Carlotto inaugurata nel 1991. Va menzionato, per completezza, il Comando della 3\u00aa Divisione Navale per le unit\u00e0 anfibie, in grado di generare un Comando di Task Force proiettabile anfibio (CATF &#8211; <i>Commander of Amphibious Task Force<\/i>) che ha\/ha avuto alle sue dipendenze le Unit\u00e0 d&#8217;Assalto Anfibio multiruolo San Giusto, San Giorgio e San Marco, l&#8217;incrociatore Portaeromobili Giuseppe Garibaldi, di stanza a Taranto, e la Stazione Navale MARISTANAV Brindisi, deputata a fornire il supporto tecnico-logistico diretto alle Unit\u00e0 Navali ed al personale imbarcato.<\/p>\n<p><strong><span style=\"color: #008000;\">Guglielmo Evangelista<\/span><\/strong><br \/>\n<span style=\"color: #ffffff;\">.<\/span><\/p>\n<p style=\"text-align: justify;\"><span style=\"color: #008000;\"><span style=\"color: #000000;\">in anteprima, l&#8217;arrivo a Brindisi del Vespucci e del Colombo<\/span><strong><br \/>\n<span style=\"color: #ffffff;\">.<\/span><\/strong><\/span><\/p>\n<p style=\"text-align: justify;\"><span style=\"font-size: 20px;\"><strong><span style=\"color: #008000;\">Note<\/span><\/strong><\/span><br \/>\n1) Il primo edificio ad essere costruito fu la centrale elettrica situata ai piedi del castello verso levante seguita dalla palazzina del circolo ufficiali, che tuttora svolge la stessa funzione, al cui piano superiore si trovava l\u2019abitazione privata dell\u2019ammiraglio comandante.<br \/>\n2) La nave officina Vulcano (1885-1923), ex nave reale Trinacria, fu trasformata in nave ausiliaria nel 1902-1905 e fu radiata nel 1923. Il Lombardia (1883-1920) era un vecchio incrociatore protetto adattato a nave appoggio sommergibili.<br \/>\n3) Dopo il 1945 l\u2019edificio fu utilizzato per ospitare profughi e sfollati e venne demolito negli anni \u201960.<br \/>\n4) Saseno \u00e8 un\u2019isola di 5,6 chilometri quadrati all\u2019imbocco della baia di Valona. Fu occupata nel 1914 e poi trattenuta con l\u2019ambiguo status di \u201cpossedimento\u201d. E\u2019 del tutto priva di risorse e vi era solo una piccola base della Marina con funzione di centro di comunicazioni e controllo del traffico.<br \/>\n5) Il Collegio Navale nacque nel 1937 come Accademia Marinara dell\u2019Opera Nazionale Balilla. Dopo la guerra ospit\u00f2 profughi giuliani ritornando nel 1951 a essere un convitto al quale era annesso l\u2019Istituto Nautico. Nel 1977 cess\u00f2 la sua funzione scolastica e da allora \u00e8 rimasto abbandonato a un lento degrado.<br \/>\n<span style=\"color: #ffffff;\">.<\/span><\/p>\n<p><a class=\"maxbutton-3 maxbutton maxbutton-pagina-principale\" target=\"_blank\" title=\"tooltip\" rel=\"nofollow noopener\" href=\"http:\/\/www.ocean4future.org\"><span class='mb-text'>PAGINA PRINCIPALE - HOME PAGE<\/span><\/a><br \/>\n<span style=\"color: #ffffff;\">.<\/span><\/p>\n<p style=\"text-align: justify;\">Alcune delle immagini possono essere state prese dal web, citandone ove possibile gli autori e\/o le fonti. Se qualcuno desiderasse specificarne l\u2019autore o rimuoverle, pu\u00f2 scrivere a infoocean4future@gmail.com e provvederemo immediatamente alla correzione dell\u2019articolo<br \/>\n<span style=\"color: #ffffff;\">.<\/span><\/p>\n","protected":false},"excerpt":{"rendered":"<p><span class=\"span-reading-time rt-reading-time\" style=\"display: block;\"><span class=\"rt-label rt-prefix\">tempo di lettura: <\/span> <span class=\"rt-time\"> 7<\/span> <span class=\"rt-label rt-postfix\">minuti<\/span><\/span>. . ARGOMENTO: STORIA NAVALE PERIODO: I SECOLO a.C. &#8211; XX SECOLO AREA:&nbsp; PUGLIA parole chiave: Brindisi . Brundisium longae finis chartaeque viaeque est \u2026 Brindisi \u00e8 la fine della lunga via e del mio racconto, Orazio Cos\u00ec si conclude la quinta satira del primo libro di Orazio che descrive il suo viaggio da Roma [&hellip;]<\/p>\n","protected":false},"author":2428,"featured_media":67161,"comment_status":"open","ping_status":"open","sticky":false,"template":"","format":"standard","meta":{"_acf_changed":false,"_monsterinsights_skip_tracking":false,"_monsterinsights_sitenote_active":false,"_monsterinsights_sitenote_note":"","_monsterinsights_sitenote_category":0,"footnotes":""},"categories":[1360,83,2318],"tags":[],"class_list":["post-118403","post","type-post","status-publish","format-standard","has-post-thumbnail","hentry","category-marine-militari","category-storia-navale","category-eta-moderna"],"acf":[],"yoast_head":"<!-- This site is optimized with the Yoast SEO plugin v27.4 - https:\/\/yoast.com\/product\/yoast-seo-wordpress\/ -->\n<title>La base navale di Brindisi dall&#039;antichit\u00e0 ai giorni nostri &#8226; OCEAN4FUTURE autore<\/title>\n<meta name=\"robots\" content=\"index, follow, max-snippet:-1, max-image-preview:large, max-video-preview:-1\" \/>\n<link rel=\"canonical\" href=\"https:\/\/www.ocean4future.org\/savetheocean\/archives\/118403\" \/>\n<meta property=\"og:locale\" content=\"it_IT\" \/>\n<meta property=\"og:type\" content=\"article\" \/>\n<meta property=\"og:title\" content=\"La base navale di Brindisi dall&#039;antichit\u00e0 ai giorni nostri &#8226; OCEAN4FUTURE autore\" \/>\n<meta property=\"og:description\" content=\"tempo di lettura:  7 minuti. . ARGOMENTO: STORIA NAVALE PERIODO: I SECOLO a.C. &#8211; XX SECOLO AREA:&nbsp; PUGLIA parole chiave: Brindisi . Brundisium longae finis chartaeque viaeque est \u2026 Brindisi \u00e8 la fine della lunga via e del mio racconto, Orazio Cos\u00ec si conclude la quinta satira del primo libro di Orazio che descrive il suo viaggio da Roma [&hellip;]\" \/>\n<meta property=\"og:url\" content=\"https:\/\/www.ocean4future.org\/savetheocean\/archives\/118403\" \/>\n<meta property=\"og:site_name\" content=\"OCEAN4FUTURE\" \/>\n<meta property=\"article:published_time\" content=\"2025-06-02T22:02:00+00:00\" \/>\n<meta property=\"article:modified_time\" content=\"2026-01-13T14:48:40+00:00\" \/>\n<meta property=\"og:image\" content=\"https:\/\/www.ocean4future.org\/savetheocean\/wp-content\/uploads\/2021\/11\/cropped-navi-scuola-a-brindisi.jpg\" \/>\n\t<meta property=\"og:image:width\" content=\"960\" \/>\n\t<meta property=\"og:image:height\" content=\"596\" \/>\n\t<meta property=\"og:image:type\" content=\"image\/jpeg\" \/>\n<meta name=\"author\" content=\"Guglielmo Evangelista\" \/>\n<meta name=\"twitter:card\" content=\"summary_large_image\" \/>\n<meta name=\"twitter:creator\" content=\"@ocean4future\" \/>\n<meta name=\"twitter:site\" content=\"@ocean4future\" \/>\n<meta name=\"twitter:label1\" content=\"Scritto da\" \/>\n\t<meta name=\"twitter:data1\" content=\"Guglielmo Evangelista\" \/>\n\t<meta name=\"twitter:label2\" content=\"Tempo di lettura stimato\" \/>\n\t<meta name=\"twitter:data2\" content=\"12 minuti\" \/>\n<script type=\"application\/ld+json\" class=\"yoast-schema-graph\">{\"@context\":\"https:\\\/\\\/schema.org\",\"@graph\":[{\"@type\":\"Article\",\"@id\":\"https:\\\/\\\/www.ocean4future.org\\\/savetheocean\\\/archives\\\/118403#article\",\"isPartOf\":{\"@id\":\"https:\\\/\\\/www.ocean4future.org\\\/savetheocean\\\/archives\\\/118403\"},\"author\":{\"name\":\"Guglielmo Evangelista\",\"@id\":\"https:\\\/\\\/www.ocean4future.org\\\/savetheocean\\\/#\\\/schema\\\/person\\\/3dd16465e3eca75b65ae959225362b71\"},\"headline\":\"La base navale di Brindisi dall&#8217;antichit\u00e0 ai giorni nostri\",\"datePublished\":\"2025-06-02T22:02:00+00:00\",\"dateModified\":\"2026-01-13T14:48:40+00:00\",\"mainEntityOfPage\":{\"@id\":\"https:\\\/\\\/www.ocean4future.org\\\/savetheocean\\\/archives\\\/118403\"},\"wordCount\":1685,\"commentCount\":0,\"publisher\":{\"@id\":\"https:\\\/\\\/www.ocean4future.org\\\/savetheocean\\\/#\\\/schema\\\/person\\\/4e1c26437054353074d7bb2efa77162c\"},\"image\":{\"@id\":\"https:\\\/\\\/www.ocean4future.org\\\/savetheocean\\\/archives\\\/118403#primaryimage\"},\"thumbnailUrl\":\"https:\\\/\\\/www.ocean4future.org\\\/savetheocean\\\/wp-content\\\/uploads\\\/2021\\\/11\\\/cropped-navi-scuola-a-brindisi.jpg\",\"articleSection\":[\"Marine militari\",\"Storia Navale\",\"Storia navale dell'et\u00e0 moderna (post 1492 - oggi)\"],\"inLanguage\":\"it-IT\",\"potentialAction\":[{\"@type\":\"CommentAction\",\"name\":\"Comment\",\"target\":[\"https:\\\/\\\/www.ocean4future.org\\\/savetheocean\\\/archives\\\/118403#respond\"]}]},{\"@type\":\"WebPage\",\"@id\":\"https:\\\/\\\/www.ocean4future.org\\\/savetheocean\\\/archives\\\/118403\",\"url\":\"https:\\\/\\\/www.ocean4future.org\\\/savetheocean\\\/archives\\\/118403\",\"name\":\"La base navale di Brindisi dall'antichit\u00e0 ai giorni nostri &#8226; OCEAN4FUTURE autore\",\"isPartOf\":{\"@id\":\"https:\\\/\\\/www.ocean4future.org\\\/savetheocean\\\/#website\"},\"primaryImageOfPage\":{\"@id\":\"https:\\\/\\\/www.ocean4future.org\\\/savetheocean\\\/archives\\\/118403#primaryimage\"},\"image\":{\"@id\":\"https:\\\/\\\/www.ocean4future.org\\\/savetheocean\\\/archives\\\/118403#primaryimage\"},\"thumbnailUrl\":\"https:\\\/\\\/www.ocean4future.org\\\/savetheocean\\\/wp-content\\\/uploads\\\/2021\\\/11\\\/cropped-navi-scuola-a-brindisi.jpg\",\"datePublished\":\"2025-06-02T22:02:00+00:00\",\"dateModified\":\"2026-01-13T14:48:40+00:00\",\"breadcrumb\":{\"@id\":\"https:\\\/\\\/www.ocean4future.org\\\/savetheocean\\\/archives\\\/118403#breadcrumb\"},\"inLanguage\":\"it-IT\",\"potentialAction\":[{\"@type\":\"ReadAction\",\"target\":[\"https:\\\/\\\/www.ocean4future.org\\\/savetheocean\\\/archives\\\/118403\"]}]},{\"@type\":\"ImageObject\",\"inLanguage\":\"it-IT\",\"@id\":\"https:\\\/\\\/www.ocean4future.org\\\/savetheocean\\\/archives\\\/118403#primaryimage\",\"url\":\"https:\\\/\\\/www.ocean4future.org\\\/savetheocean\\\/wp-content\\\/uploads\\\/2021\\\/11\\\/cropped-navi-scuola-a-brindisi.jpg\",\"contentUrl\":\"https:\\\/\\\/www.ocean4future.org\\\/savetheocean\\\/wp-content\\\/uploads\\\/2021\\\/11\\\/cropped-navi-scuola-a-brindisi.jpg\",\"width\":960,\"height\":596},{\"@type\":\"BreadcrumbList\",\"@id\":\"https:\\\/\\\/www.ocean4future.org\\\/savetheocean\\\/archives\\\/118403#breadcrumb\",\"itemListElement\":[{\"@type\":\"ListItem\",\"position\":1,\"name\":\"Home\",\"item\":\"https:\\\/\\\/www.ocean4future.org\\\/savetheocean\"},{\"@type\":\"ListItem\",\"position\":2,\"name\":\"La base navale di Brindisi dall&#8217;antichit\u00e0 ai giorni nostri\"}]},{\"@type\":\"WebSite\",\"@id\":\"https:\\\/\\\/www.ocean4future.org\\\/savetheocean\\\/#website\",\"url\":\"https:\\\/\\\/www.ocean4future.org\\\/savetheocean\\\/\",\"name\":\"Ocean 4 Future\",\"description\":\"Per una nuova cultura del mare e della marittimit\u00e0\",\"publisher\":{\"@id\":\"https:\\\/\\\/www.ocean4future.org\\\/savetheocean\\\/#\\\/schema\\\/person\\\/4e1c26437054353074d7bb2efa77162c\"},\"potentialAction\":[{\"@type\":\"SearchAction\",\"target\":{\"@type\":\"EntryPoint\",\"urlTemplate\":\"https:\\\/\\\/www.ocean4future.org\\\/savetheocean\\\/?s={search_term_string}\"},\"query-input\":{\"@type\":\"PropertyValueSpecification\",\"valueRequired\":true,\"valueName\":\"search_term_string\"}}],\"inLanguage\":\"it-IT\"},{\"@type\":[\"Person\",\"Organization\"],\"@id\":\"https:\\\/\\\/www.ocean4future.org\\\/savetheocean\\\/#\\\/schema\\\/person\\\/4e1c26437054353074d7bb2efa77162c\",\"name\":\"oceandiver\",\"image\":{\"@type\":\"ImageObject\",\"inLanguage\":\"it-IT\",\"@id\":\"https:\\\/\\\/www.ocean4future.org\\\/savetheocean\\\/wp-content\\\/uploads\\\/2023\\\/04\\\/logo-ocean3.jpg\",\"url\":\"https:\\\/\\\/www.ocean4future.org\\\/savetheocean\\\/wp-content\\\/uploads\\\/2023\\\/04\\\/logo-ocean3.jpg\",\"contentUrl\":\"https:\\\/\\\/www.ocean4future.org\\\/savetheocean\\\/wp-content\\\/uploads\\\/2023\\\/04\\\/logo-ocean3.jpg\",\"width\":472,\"height\":301,\"caption\":\"oceandiver\"},\"logo\":{\"@id\":\"https:\\\/\\\/www.ocean4future.org\\\/savetheocean\\\/wp-content\\\/uploads\\\/2023\\\/04\\\/logo-ocean3.jpg\"}},{\"@type\":\"Person\",\"@id\":\"https:\\\/\\\/www.ocean4future.org\\\/savetheocean\\\/#\\\/schema\\\/person\\\/3dd16465e3eca75b65ae959225362b71\",\"name\":\"Guglielmo Evangelista\",\"image\":{\"@type\":\"ImageObject\",\"inLanguage\":\"it-IT\",\"@id\":\"https:\\\/\\\/secure.gravatar.com\\\/avatar\\\/8543fae321a3a9d0dc4969a44c25b3990d365743f80a3573c9993c240078027b?s=96&d=mm&r=g\",\"url\":\"https:\\\/\\\/secure.gravatar.com\\\/avatar\\\/8543fae321a3a9d0dc4969a44c25b3990d365743f80a3573c9993c240078027b?s=96&d=mm&r=g\",\"contentUrl\":\"https:\\\/\\\/secure.gravatar.com\\\/avatar\\\/8543fae321a3a9d0dc4969a44c25b3990d365743f80a3573c9993c240078027b?s=96&d=mm&r=g\",\"caption\":\"Guglielmo Evangelista\"},\"description\":\"nasce a Broni (PV) nel 1951. Laureato in giurisprudenza \u00e8 stato ufficiale delle Capitanerie di Porto e successivamente funzionario di un Ente Pubblico. Ha al suo attivo nove libri fra cui \u201cStoria delle Capitanerie di porto\u201d , \u201cDuemila anni di navigazione padana\u201d e \u201cLe ancore e la tiara \u2013 La Marina Pontificia fra Restaurazione e Risorgimento\u201d ed oltre 400 articoli che riguardano storia, economia e trasporti. Collabora con numerosi periodici specializzati fra cui la Rivista Marittima\u201d.\",\"url\":\"https:\\\/\\\/www.ocean4future.org\\\/savetheocean\\\/archives\\\/author\\\/guglielmo-evangelista\"}]}<\/script>\n<!-- \/ Yoast SEO plugin. -->","yoast_head_json":{"title":"La base navale di Brindisi dall'antichit\u00e0 ai giorni nostri &#8226; OCEAN4FUTURE autore","robots":{"index":"index","follow":"follow","max-snippet":"max-snippet:-1","max-image-preview":"max-image-preview:large","max-video-preview":"max-video-preview:-1"},"canonical":"https:\/\/www.ocean4future.org\/savetheocean\/archives\/118403","og_locale":"it_IT","og_type":"article","og_title":"La base navale di Brindisi dall'antichit\u00e0 ai giorni nostri &#8226; OCEAN4FUTURE autore","og_description":"tempo di lettura:  7 minuti. . ARGOMENTO: STORIA NAVALE PERIODO: I SECOLO a.C. &#8211; XX SECOLO AREA:&nbsp; PUGLIA parole chiave: Brindisi . Brundisium longae finis chartaeque viaeque est \u2026 Brindisi \u00e8 la fine della lunga via e del mio racconto, Orazio Cos\u00ec si conclude la quinta satira del primo libro di Orazio che descrive il suo viaggio da Roma [&hellip;]","og_url":"https:\/\/www.ocean4future.org\/savetheocean\/archives\/118403","og_site_name":"OCEAN4FUTURE","article_published_time":"2025-06-02T22:02:00+00:00","article_modified_time":"2026-01-13T14:48:40+00:00","og_image":[{"width":960,"height":596,"url":"https:\/\/www.ocean4future.org\/savetheocean\/wp-content\/uploads\/2021\/11\/cropped-navi-scuola-a-brindisi.jpg","type":"image\/jpeg"}],"author":"Guglielmo Evangelista","twitter_card":"summary_large_image","twitter_creator":"@ocean4future","twitter_site":"@ocean4future","twitter_misc":{"Scritto da":"Guglielmo Evangelista","Tempo di lettura stimato":"12 minuti"},"schema":{"@context":"https:\/\/schema.org","@graph":[{"@type":"Article","@id":"https:\/\/www.ocean4future.org\/savetheocean\/archives\/118403#article","isPartOf":{"@id":"https:\/\/www.ocean4future.org\/savetheocean\/archives\/118403"},"author":{"name":"Guglielmo Evangelista","@id":"https:\/\/www.ocean4future.org\/savetheocean\/#\/schema\/person\/3dd16465e3eca75b65ae959225362b71"},"headline":"La base navale di Brindisi dall&#8217;antichit\u00e0 ai giorni nostri","datePublished":"2025-06-02T22:02:00+00:00","dateModified":"2026-01-13T14:48:40+00:00","mainEntityOfPage":{"@id":"https:\/\/www.ocean4future.org\/savetheocean\/archives\/118403"},"wordCount":1685,"commentCount":0,"publisher":{"@id":"https:\/\/www.ocean4future.org\/savetheocean\/#\/schema\/person\/4e1c26437054353074d7bb2efa77162c"},"image":{"@id":"https:\/\/www.ocean4future.org\/savetheocean\/archives\/118403#primaryimage"},"thumbnailUrl":"https:\/\/www.ocean4future.org\/savetheocean\/wp-content\/uploads\/2021\/11\/cropped-navi-scuola-a-brindisi.jpg","articleSection":["Marine militari","Storia Navale","Storia navale dell'et\u00e0 moderna (post 1492 - oggi)"],"inLanguage":"it-IT","potentialAction":[{"@type":"CommentAction","name":"Comment","target":["https:\/\/www.ocean4future.org\/savetheocean\/archives\/118403#respond"]}]},{"@type":"WebPage","@id":"https:\/\/www.ocean4future.org\/savetheocean\/archives\/118403","url":"https:\/\/www.ocean4future.org\/savetheocean\/archives\/118403","name":"La base navale di Brindisi dall'antichit\u00e0 ai giorni nostri &#8226; OCEAN4FUTURE autore","isPartOf":{"@id":"https:\/\/www.ocean4future.org\/savetheocean\/#website"},"primaryImageOfPage":{"@id":"https:\/\/www.ocean4future.org\/savetheocean\/archives\/118403#primaryimage"},"image":{"@id":"https:\/\/www.ocean4future.org\/savetheocean\/archives\/118403#primaryimage"},"thumbnailUrl":"https:\/\/www.ocean4future.org\/savetheocean\/wp-content\/uploads\/2021\/11\/cropped-navi-scuola-a-brindisi.jpg","datePublished":"2025-06-02T22:02:00+00:00","dateModified":"2026-01-13T14:48:40+00:00","breadcrumb":{"@id":"https:\/\/www.ocean4future.org\/savetheocean\/archives\/118403#breadcrumb"},"inLanguage":"it-IT","potentialAction":[{"@type":"ReadAction","target":["https:\/\/www.ocean4future.org\/savetheocean\/archives\/118403"]}]},{"@type":"ImageObject","inLanguage":"it-IT","@id":"https:\/\/www.ocean4future.org\/savetheocean\/archives\/118403#primaryimage","url":"https:\/\/www.ocean4future.org\/savetheocean\/wp-content\/uploads\/2021\/11\/cropped-navi-scuola-a-brindisi.jpg","contentUrl":"https:\/\/www.ocean4future.org\/savetheocean\/wp-content\/uploads\/2021\/11\/cropped-navi-scuola-a-brindisi.jpg","width":960,"height":596},{"@type":"BreadcrumbList","@id":"https:\/\/www.ocean4future.org\/savetheocean\/archives\/118403#breadcrumb","itemListElement":[{"@type":"ListItem","position":1,"name":"Home","item":"https:\/\/www.ocean4future.org\/savetheocean"},{"@type":"ListItem","position":2,"name":"La base navale di Brindisi dall&#8217;antichit\u00e0 ai giorni nostri"}]},{"@type":"WebSite","@id":"https:\/\/www.ocean4future.org\/savetheocean\/#website","url":"https:\/\/www.ocean4future.org\/savetheocean\/","name":"Ocean 4 Future","description":"Per una nuova cultura del mare e della marittimit\u00e0","publisher":{"@id":"https:\/\/www.ocean4future.org\/savetheocean\/#\/schema\/person\/4e1c26437054353074d7bb2efa77162c"},"potentialAction":[{"@type":"SearchAction","target":{"@type":"EntryPoint","urlTemplate":"https:\/\/www.ocean4future.org\/savetheocean\/?s={search_term_string}"},"query-input":{"@type":"PropertyValueSpecification","valueRequired":true,"valueName":"search_term_string"}}],"inLanguage":"it-IT"},{"@type":["Person","Organization"],"@id":"https:\/\/www.ocean4future.org\/savetheocean\/#\/schema\/person\/4e1c26437054353074d7bb2efa77162c","name":"oceandiver","image":{"@type":"ImageObject","inLanguage":"it-IT","@id":"https:\/\/www.ocean4future.org\/savetheocean\/wp-content\/uploads\/2023\/04\/logo-ocean3.jpg","url":"https:\/\/www.ocean4future.org\/savetheocean\/wp-content\/uploads\/2023\/04\/logo-ocean3.jpg","contentUrl":"https:\/\/www.ocean4future.org\/savetheocean\/wp-content\/uploads\/2023\/04\/logo-ocean3.jpg","width":472,"height":301,"caption":"oceandiver"},"logo":{"@id":"https:\/\/www.ocean4future.org\/savetheocean\/wp-content\/uploads\/2023\/04\/logo-ocean3.jpg"}},{"@type":"Person","@id":"https:\/\/www.ocean4future.org\/savetheocean\/#\/schema\/person\/3dd16465e3eca75b65ae959225362b71","name":"Guglielmo Evangelista","image":{"@type":"ImageObject","inLanguage":"it-IT","@id":"https:\/\/secure.gravatar.com\/avatar\/8543fae321a3a9d0dc4969a44c25b3990d365743f80a3573c9993c240078027b?s=96&d=mm&r=g","url":"https:\/\/secure.gravatar.com\/avatar\/8543fae321a3a9d0dc4969a44c25b3990d365743f80a3573c9993c240078027b?s=96&d=mm&r=g","contentUrl":"https:\/\/secure.gravatar.com\/avatar\/8543fae321a3a9d0dc4969a44c25b3990d365743f80a3573c9993c240078027b?s=96&d=mm&r=g","caption":"Guglielmo Evangelista"},"description":"nasce a Broni (PV) nel 1951. Laureato in giurisprudenza \u00e8 stato ufficiale delle Capitanerie di Porto e successivamente funzionario di un Ente Pubblico. Ha al suo attivo nove libri fra cui \u201cStoria delle Capitanerie di porto\u201d , \u201cDuemila anni di navigazione padana\u201d e \u201cLe ancore e la tiara \u2013 La Marina Pontificia fra Restaurazione e Risorgimento\u201d ed oltre 400 articoli che riguardano storia, economia e trasporti. Collabora con numerosi periodici specializzati fra cui la Rivista Marittima\u201d.","url":"https:\/\/www.ocean4future.org\/savetheocean\/archives\/author\/guglielmo-evangelista"}]}},"_links":{"self":[{"href":"https:\/\/www.ocean4future.org\/savetheocean\/wp-json\/wp\/v2\/posts\/118403","targetHints":{"allow":["GET"]}}],"collection":[{"href":"https:\/\/www.ocean4future.org\/savetheocean\/wp-json\/wp\/v2\/posts"}],"about":[{"href":"https:\/\/www.ocean4future.org\/savetheocean\/wp-json\/wp\/v2\/types\/post"}],"author":[{"embeddable":true,"href":"https:\/\/www.ocean4future.org\/savetheocean\/wp-json\/wp\/v2\/users\/2428"}],"replies":[{"embeddable":true,"href":"https:\/\/www.ocean4future.org\/savetheocean\/wp-json\/wp\/v2\/comments?post=118403"}],"version-history":[{"count":0,"href":"https:\/\/www.ocean4future.org\/savetheocean\/wp-json\/wp\/v2\/posts\/118403\/revisions"}],"wp:featuredmedia":[{"embeddable":true,"href":"https:\/\/www.ocean4future.org\/savetheocean\/wp-json\/wp\/v2\/media\/67161"}],"wp:attachment":[{"href":"https:\/\/www.ocean4future.org\/savetheocean\/wp-json\/wp\/v2\/media?parent=118403"}],"wp:term":[{"taxonomy":"category","embeddable":true,"href":"https:\/\/www.ocean4future.org\/savetheocean\/wp-json\/wp\/v2\/categories?post=118403"},{"taxonomy":"post_tag","embeddable":true,"href":"https:\/\/www.ocean4future.org\/savetheocean\/wp-json\/wp\/v2\/tags?post=118403"}],"curies":[{"name":"wp","href":"https:\/\/api.w.org\/{rel}","templated":true}]}}