{"id":117284,"date":"2026-01-17T00:02:00","date_gmt":"2026-01-16T23:02:00","guid":{"rendered":"https:\/\/www.ocean4future.org\/savetheocean\/?p=117284"},"modified":"2026-01-17T08:08:50","modified_gmt":"2026-01-17T07:08:50","slug":"agende-geopolitiche-e-geoeconomiche-in-competizione","status":"publish","type":"post","link":"https:\/\/www.ocean4future.org\/savetheocean\/archives\/117284","title":{"rendered":"Agende geopolitiche e geoeconomiche in competizione: la Groenlandia"},"content":{"rendered":"<span class=\"span-reading-time rt-reading-time\" style=\"display: block;\"><span class=\"rt-label rt-prefix\">tempo di lettura: <\/span> <span class=\"rt-time\"> 5<\/span> <span class=\"rt-label rt-postfix\">minuti<\/span><\/span><p style=\"text-align: justify;\"><span style=\"color: #ffffff;\">.<\/span><br \/>\n<a class=\"maxbutton-4 maxbutton maxbutton-livello-di-comprensione\" href=\"javascript:void(0);\"><span class='mb-text'>livello elementare<\/span><\/a><br \/>\n<span style=\"color: #ffffff;\">.<\/span><br \/>\n<strong><span style=\"color: #008000;\">ARGOMENTO: GEOPOLITICA<\/span><\/strong><br \/>\n<strong><span style=\"color: #008000;\">PERIODO: XXI SECOLO<\/span><\/strong><br \/>\n<strong><span style=\"color: #008000;\">AREA: OPERAZIONI MILITARI<\/span><\/strong><br \/>\nparole chiave: Artico, Groenlandia<br \/>\n<span style=\"color: #ffffff;\">.<\/span><br \/>\nTrump \u00e8 tornato a parlare veementemente della Groenlandia. Un aspetto non chiaramente chiarito dai media che spiega l&#8217;interesse geopolitico americano per la grande isola danese. Di fatto, da una prospettiva di grande strategia, gli Stati Uniti hanno bisogno di una testa di ponte in prossimit\u00e0 dell&#8217;Artico \u2013 preferibilmente anche pi\u00f9 vicina all&#8217;Artico dell&#8217;Alaska \u2013 per agire come un attore competitivo nella corsa futura&nbsp; per il suo controllo.<\/p>\n<p style=\"text-align: justify;\">Va tenuto presente che le potenze eurasiatiche \u2013 la Russia e, in misura minore, la Cina \u2013 stanno gi\u00e0 pervicacemente cercando di conseguire una posizione dominante in questa regione critica. Secondo il pensiero geostrategico russo, il controllo dell&#8217;Artico \u00e8 strumentale per raggiungere l&#8217;egemonia globale, considerando la grande quantit\u00e0 di risorse naturali che contiene e, soprattutto, la sua posizione come potenziale rotta marittima in grado di collegare le parti settentrionali dell&#8217;Europa, l&#8217;Asia orientale e l&#8217;emisfero americano nell\u2019ipotesi a medio\/lungo termine di ulteriori aumenti dele temperature diminuzione dei ghiacci che permetterebbe alla Russia di concretare il sogno dello sviluppo e ripopolazione della Siberia e della disponibilit\u00e0 di porti di acque libere.<\/p>\n<p><img decoding=\"async\" class=\"alignnone size-full wp-image-102173\" src=\"https:\/\/www.ocean4future.org\/savetheocean\/wp-content\/uploads\/2024\/02\/ARTIC-COMMANDO47_COMMANDO-EXCERCISE_CETUS_20_MOD_45166208.jpg\" alt=\"\" width=\"640\" height=\"512\" srcset=\"https:\/\/www.ocean4future.org\/savetheocean\/wp-content\/uploads\/2024\/02\/ARTIC-COMMANDO47_COMMANDO-EXCERCISE_CETUS_20_MOD_45166208.jpg 640w, https:\/\/www.ocean4future.org\/savetheocean\/wp-content\/uploads\/2024\/02\/ARTIC-COMMANDO47_COMMANDO-EXCERCISE_CETUS_20_MOD_45166208-300x240.jpg 300w\" sizes=\"(max-width: 640px) 100vw, 640px\" \/><\/p>\n<p style=\"text-align: justify;\">La Russia sogna, sin dai tempi degli Zar, un facile accesso a porti di acque libere, con notevoli capacit\u00e0 di proiezione come potenza marittima, un\u2019ambizione che non \u00e8 mai riuscita a concretizzare. Il Cremlino \u00e8 ben consapevole del valore della regione artica e, di conseguenza, la presenza russa \u00e8 diventata sempre pi\u00f9 evidente nella regione.<br \/>\nCome atto dimostrativo, nel 2007, la Russia ha simbolicamente piantato la bandiera nazionale sul fondo dell&#8217;Oceano Artico, atto teso a sottolineare le rivendicazioni di Mosca su una parte sostanziale dell&#8217;Artico, inteso come estensione della piattaforma continentale siberiana e, di conseguenza, riconoscendone la sovranit\u00e0 della Federazione Russa.<\/p>\n<p style=\"text-align: justify;\">Sebbene queste informazioni non trovino spazio sui media, se non in caso di incidenti, bombardieri strategici russi volano regolarmente i perimetri artici nazionali e, come sondaggio, sconfinano sistematicamente, innescando evidenti attriti con le forze aeree di altri stati circumpolari. Inoltre va notato che la Russia ha un vantaggio senza pari per quanto riguarda la dotazione e costruzione di rompighiaccio nucleari e&nbsp; tradizionali.<\/p>\n<p style=\"text-align: justify;\"><img decoding=\"async\" class=\"alignnone size-full wp-image-114637\" src=\"https:\/\/www.ocean4future.org\/savetheocean\/wp-content\/uploads\/2025\/02\/Coast_Guard_Cutter_Hollyhock_assists_merchant_ship_through_ice_130301-G-ZZ999-012.jpg\" alt=\"\" width=\"640\" height=\"360\" srcset=\"https:\/\/www.ocean4future.org\/savetheocean\/wp-content\/uploads\/2025\/02\/Coast_Guard_Cutter_Hollyhock_assists_merchant_ship_through_ice_130301-G-ZZ999-012.jpg 640w, https:\/\/www.ocean4future.org\/savetheocean\/wp-content\/uploads\/2025\/02\/Coast_Guard_Cutter_Hollyhock_assists_merchant_ship_through_ice_130301-G-ZZ999-012-300x169.jpg 300w\" sizes=\"(max-width: 640px) 100vw, 640px\" \/><br \/>\n&nbsp;<br \/>\nUn altro attore della versione artica del &#8220;Grande Gioco&#8221; \u00e8 la Repubblica Popolare Cinese, anche se il suo ruolo \u00e8 stato pi\u00f9 discreto di quello svolto dai russi. Pechino ha programmato da decenni la propria corsa all\u2019Artico facilitata negli ultimi anni dalle crescenti difficolt\u00e0 della Russia ed ha iniziato a investire in operazioni minerarie in Groenlandia nel 2015, una mossa che potrebbe essere interpretata come un tentativo di aumentare la quota di mercato della Cina come fornitore dominante di terre rare al mondo <span style=\"color: #ffffff;\">.<\/span><br \/>\n<img decoding=\"async\" class=\"alignnone size-full wp-image-119899\" src=\"https:\/\/www.ocean4future.org\/savetheocean\/wp-content\/uploads\/2025\/08\/groenlandia-nasa-e1763657798354.jpeg\" alt=\"\" width=\"640\" height=\"361\"><br \/>\nSecondo alcune stime, la Groenlandia potrebbe avere riserve (ammesso che ce ne siano) per 38,5 milioni di tonnellate di ossidi di terre rare, mentre il resto delle riserve mondiali raggiunge i 120 milioni di tonnellate, un obbiettivo allettante che vale la pena perseguire da parte di chi sinora ne \u00e8 escluso.<\/p>\n<p style=\"text-align: justify;\">La Cina, nel pi\u00f9 tipico metodo e nella consueta replica delle sue azioni di \u201cconquista\u201d, \u00e8 sempre interessata alla costruzione di infrastrutture di trasporto e sistemi portuali; ha cominciato lungo tutta la costa artica della Russia \u2013 che comprende localit\u00e0 come Murmansk, Vladivostok e Arkhangelsk \u2013 al fine di consentire l&#8217;uso di vie navigabili circumpolari sia per la navigazione commerciale che per l&#8217;estrazione di risorse naturali, e tende a replicarlo nei possedimenti insulari danesi, meglio se opportunamente \u201cspinti\u201d verso un\u2019indipendenza demagogica, per quanto irrilevante (dal punto di vista politico ed economico).<br \/>\n<img decoding=\"async\" class=\"alignnone size-full wp-image-92444\" src=\"https:\/\/www.ocean4future.org\/savetheocean\/wp-content\/uploads\/2023\/05\/MARE-ARTICO-NASA-duhd5epo0mniuppa3scs-e1757924839938.jpg\" alt=\"\" width=\"640\" height=\"360\"><\/p>\n<p style=\"text-align: justify;\">L\u2019 accordo bilaterale tra Russia e Cina \u00e8 stato definito la &#8220;<strong><span style=\"color: #008000;\">Via della Seta di ghiaccio<\/span><\/strong>&#8220;: \u00e8 logico e pertinente sottolineare che, per Pechino, i programmi designati come \u201cvie della seta\u201d normalmente trascendono il campo dell&#8217;economia e degli affari, ma quasi sempre rispondono anche a valutazioni geopolitiche sottostanti.<\/p>\n<p style=\"text-align: justify;\">Indipendentemente dallo stile eterodosso di Donald Trump, la geopolitica costituisce una scacchiera governata in ultima analisi dall&#8217;azione di forze impersonali ed \u00e8 pertanto comprensibile che Washington cerchi di posizionarsi \u2013 inizialmente con una proposta di acquisto di un&#8217;isola altamente geostrategica \u2013 per il controllo diretto di una regione che nei prossimi decenni si profila determinate per gli equilibri di potere globali.<\/p>\n<p style=\"text-align: justify;\">I benefici strategici sarebbero enormemente superiori ai costi (per lo pi\u00f9 legati all&#8217;importo monetario che dovrebbe essere pagato e all&#8217;impatto trascurabile derivato dall&#8217;assorbimento demografico della piccola popolazione della Groenlandia). Se questo audace ed irrituale tentativo non andr\u00e0 da nessuna parte (che \u00e8 di gran lunga lo scenario pi\u00f9 probabile considerando il deciso rifiuto della Danimarca di vendere la Groenlandia), \u00e8 logico supporre che il sistema americano trover\u00e0 altri modi per contrastare l&#8217;avanzata dei colossi eurasiatici nel Circolo Polare Artico. Deve farlo, e si tratta di un imperativo geopolitico che, in un modo o nell&#8217;altro, non pu\u00f2 essere trascurato. Nella considerazione che la Groenlandia ha una sua indipendenza politica dalla Danimarca, pi\u00f9 volte espressa chiedendone la scissione, l&#8217;ultima parola potrebbe andare alla sparuta minoranza.&nbsp; &nbsp;<br \/>\n<img decoding=\"async\" class=\"alignnone wp-image-117294\" src=\"https:\/\/www.ocean4future.org\/savetheocean\/wp-content\/uploads\/2025\/05\/ARTICO-STRATEGICO-e1750232719235.png\" alt=\"\" width=\"640\" height=\"608\"><\/p>\n<p style=\"text-align: justify;\">In sintesi, contrariamente a quanto sostengono alcuni studiosi internazionali, tradizionalisti, la geografia \u00e8 ben lungi dall&#8217;essere irrilevante come condizione decisiva che inquadra il corso della politica internazionale. Il mondo \u00e8 ben lungi dall&#8217;essere piatto, i luoghi contano e, nello spietato gioco dell&#8217;alta strategia alcuni luoghi sono pi\u00f9 importanti di altri. Di conseguenza, la lotta per controllarli alimenta le tensioni geopolitiche secondo metriche che vanno oltre il diritto consuetudinario. La competizione territoriale tra grandi potenze, i cui interessi strategici nazionali sono spesso difficili da conciliare, \u00e8 pi\u00f9 forte che mai andando verso un futuro in cui la coperta sar\u00e0 sempre pi\u00f9 corta.<\/p>\n<p style=\"text-align: justify;\">Non sorprende che la geografia sia un fattore che ha sempre fortemente plasmato il corso della storia. Considerando esperienze precedenti \u00e8 improbabile che le cose cambino rapidamente, anche se le prossime elezioni in Groenlandia potrebbero modificare la situazione. L\u2019unica differenza \u00e8 che le realt\u00e0 geopolitiche contemporanee sono molto pi\u00f9 complesse e dinamiche di quelle dei secoli precedenti, ma i loro principi fondamentali sono ancora validi. Dopo tutto, come diceva Kissinger, l\u2019onnipresenza attiva delle forze impersonali non pu\u00f2 essere semplicemente abolita.<\/p>\n<p style=\"text-align: justify;\"><strong><span style=\"color: #008000;\">Tanto rumore per nulla?<\/span><\/strong> Intanto: nulla di nuovo n\u00e9 sotto il sole n\u00e9 nella notte artica e meno che mai sotto il mare, ma in un prossimo futuro l&#8217;area marittima richieder\u00e0 la massima attenzione, in particolare dei Paesi della UE, verso i primi passi della tanto conclamata difesa comune &#8211; un concetto molto pi\u00f9 vasto del riarmo tanto ostacolato e non compreso, una necessit\u00e0 che sta diventando irrinunciabile se l&#8217;Europa vorr\u00e0 avere una sua identit\u00e0 politica rilevante per non essere schiacciata dal revanscismo russo e dal lento distacco dei Paesi d&#8217;oltreoceano. Il pericolo non \u00e8 un&#8217;invasione cosacca verso l&#8217;Europa, ma che l&#8217;Europa si suicidi da sola, abituata ad essere protetta da un ombrello euro atlantico che ha bisogno di partner e non di mantenuti. Nel prossimo futuro le superpotenze adotteranno politiche molto pi\u00f9 aggressive secondo il principio del caso e\/o della necessit\u00e0.&nbsp;<br \/>\n<strong><span style=\"color: #008000;\">Gian Carlo Poddighe<\/span><\/strong><br \/>\n<span style=\"color: #ffffff;\">.<\/span><\/p>\n<a class=\"maxbutton-3 maxbutton maxbutton-pagina-principale\" target=\"_blank\" title=\"tooltip\" rel=\"nofollow noopener\" href=\"http:\/\/www.ocean4future.org\"><span class='mb-text'>PAGINA PRINCIPALE - HOME PAGE<\/span><\/a>\n<p><span style=\"color: #ffffff;\">.<\/span><\/p>\n<p style=\"text-align: justify;\">Alcune delle immagini presenti possono essere state prese dal web, citandone ove possibile gli autori e\/o le fonti. Se qualcuno desiderasse specificarne l\u2019autore e la fonte o rimuoverle, pu\u00f2 scrivere a infoocean4future@gmail.com e provvederemo immediatamente alla correzione dell\u2019articolo.<\/p>\n<p style=\"text-align: justify;\"><span style=\"color: #ffffff;\">.<\/span><\/p>\n<p style=\"text-align: justify;\">&nbsp;<\/p>\n","protected":false},"excerpt":{"rendered":"<p><span class=\"span-reading-time rt-reading-time\" style=\"display: block;\"><span class=\"rt-label rt-prefix\">tempo di lettura: <\/span> <span class=\"rt-time\"> 5<\/span> <span class=\"rt-label rt-postfix\">minuti<\/span><\/span>. . ARGOMENTO: GEOPOLITICA PERIODO: XXI SECOLO AREA: OPERAZIONI MILITARI parole chiave: Artico, Groenlandia . Trump \u00e8 tornato a parlare veementemente della Groenlandia. Un aspetto non chiaramente chiarito dai media che spiega l&#8217;interesse geopolitico americano per la grande isola danese. Di fatto, da una prospettiva di grande strategia, gli Stati Uniti hanno bisogno di una [&hellip;]<\/p>\n","protected":false},"author":2391,"featured_media":94104,"comment_status":"open","ping_status":"open","sticky":false,"template":"","format":"standard","meta":{"_acf_changed":false,"_monsterinsights_skip_tracking":false,"_monsterinsights_sitenote_active":false,"_monsterinsights_sitenote_note":"","_monsterinsights_sitenote_category":0,"footnotes":""},"categories":[1413],"tags":[],"class_list":["post-117284","post","type-post","status-publish","format-standard","has-post-thumbnail","hentry","category-geopolitica"],"acf":[],"yoast_head":"<!-- This site is optimized with the Yoast SEO plugin v27.4 - https:\/\/yoast.com\/product\/yoast-seo-wordpress\/ -->\n<title>Agende geopolitiche e geoeconomiche in competizione: la Groenlandia &#8226; OCEAN4FUTURE autore<\/title>\n<meta name=\"robots\" content=\"index, follow, max-snippet:-1, max-image-preview:large, max-video-preview:-1\" \/>\n<link rel=\"canonical\" href=\"https:\/\/www.ocean4future.org\/savetheocean\/archives\/117284\" \/>\n<meta property=\"og:locale\" content=\"it_IT\" \/>\n<meta property=\"og:type\" content=\"article\" \/>\n<meta property=\"og:title\" content=\"Agende geopolitiche e geoeconomiche in competizione: la Groenlandia &#8226; OCEAN4FUTURE autore\" \/>\n<meta property=\"og:description\" content=\"tempo di lettura:  5 minuti. . ARGOMENTO: GEOPOLITICA PERIODO: XXI SECOLO AREA: OPERAZIONI MILITARI parole chiave: Artico, Groenlandia . Trump \u00e8 tornato a parlare veementemente della Groenlandia. Un aspetto non chiaramente chiarito dai media che spiega l&#8217;interesse geopolitico americano per la grande isola danese. Di fatto, da una prospettiva di grande strategia, gli Stati Uniti hanno bisogno di una [&hellip;]\" \/>\n<meta property=\"og:url\" content=\"https:\/\/www.ocean4future.org\/savetheocean\/archives\/117284\" \/>\n<meta property=\"og:site_name\" content=\"OCEAN4FUTURE\" \/>\n<meta property=\"article:published_time\" content=\"2026-01-16T23:02:00+00:00\" \/>\n<meta property=\"article:modified_time\" content=\"2026-01-17T07:08:50+00:00\" \/>\n<meta property=\"og:image\" content=\"https:\/\/www.ocean4future.org\/savetheocean\/wp-content\/uploads\/2021\/09\/ARTICO-Iceberg_in_the_Arctic_with_its_underside_exposed.jpg\" \/>\n\t<meta property=\"og:image:width\" content=\"640\" \/>\n\t<meta property=\"og:image:height\" content=\"360\" \/>\n\t<meta property=\"og:image:type\" content=\"image\/jpeg\" \/>\n<meta name=\"author\" content=\"Gian Carlo Poddighe\" \/>\n<meta name=\"twitter:card\" content=\"summary_large_image\" \/>\n<meta name=\"twitter:creator\" content=\"@ocean4future\" \/>\n<meta name=\"twitter:site\" content=\"@ocean4future\" \/>\n<meta name=\"twitter:label1\" content=\"Scritto da\" \/>\n\t<meta name=\"twitter:data1\" content=\"Gian Carlo Poddighe\" \/>\n\t<meta name=\"twitter:label2\" content=\"Tempo di lettura stimato\" \/>\n\t<meta name=\"twitter:data2\" content=\"8 minuti\" \/>\n<script type=\"application\/ld+json\" class=\"yoast-schema-graph\">{\"@context\":\"https:\\\/\\\/schema.org\",\"@graph\":[{\"@type\":\"Article\",\"@id\":\"https:\\\/\\\/www.ocean4future.org\\\/savetheocean\\\/archives\\\/117284#article\",\"isPartOf\":{\"@id\":\"https:\\\/\\\/www.ocean4future.org\\\/savetheocean\\\/archives\\\/117284\"},\"author\":{\"name\":\"Gian Carlo Poddighe\",\"@id\":\"https:\\\/\\\/www.ocean4future.org\\\/savetheocean\\\/#\\\/schema\\\/person\\\/7d024833a7d3784b692b375bd72ea501\"},\"headline\":\"Agende geopolitiche e geoeconomiche in competizione: la Groenlandia\",\"datePublished\":\"2026-01-16T23:02:00+00:00\",\"dateModified\":\"2026-01-17T07:08:50+00:00\",\"mainEntityOfPage\":{\"@id\":\"https:\\\/\\\/www.ocean4future.org\\\/savetheocean\\\/archives\\\/117284\"},\"wordCount\":1222,\"commentCount\":0,\"publisher\":{\"@id\":\"https:\\\/\\\/www.ocean4future.org\\\/savetheocean\\\/#\\\/schema\\\/person\\\/4e1c26437054353074d7bb2efa77162c\"},\"image\":{\"@id\":\"https:\\\/\\\/www.ocean4future.org\\\/savetheocean\\\/archives\\\/117284#primaryimage\"},\"thumbnailUrl\":\"https:\\\/\\\/www.ocean4future.org\\\/savetheocean\\\/wp-content\\\/uploads\\\/2021\\\/09\\\/ARTICO-Iceberg_in_the_Arctic_with_its_underside_exposed.jpg\",\"articleSection\":[\"Geopolitica e Storia contemporanea\"],\"inLanguage\":\"it-IT\",\"potentialAction\":[{\"@type\":\"CommentAction\",\"name\":\"Comment\",\"target\":[\"https:\\\/\\\/www.ocean4future.org\\\/savetheocean\\\/archives\\\/117284#respond\"]}]},{\"@type\":\"WebPage\",\"@id\":\"https:\\\/\\\/www.ocean4future.org\\\/savetheocean\\\/archives\\\/117284\",\"url\":\"https:\\\/\\\/www.ocean4future.org\\\/savetheocean\\\/archives\\\/117284\",\"name\":\"Agende geopolitiche e geoeconomiche in competizione: la Groenlandia &#8226; OCEAN4FUTURE autore\",\"isPartOf\":{\"@id\":\"https:\\\/\\\/www.ocean4future.org\\\/savetheocean\\\/#website\"},\"primaryImageOfPage\":{\"@id\":\"https:\\\/\\\/www.ocean4future.org\\\/savetheocean\\\/archives\\\/117284#primaryimage\"},\"image\":{\"@id\":\"https:\\\/\\\/www.ocean4future.org\\\/savetheocean\\\/archives\\\/117284#primaryimage\"},\"thumbnailUrl\":\"https:\\\/\\\/www.ocean4future.org\\\/savetheocean\\\/wp-content\\\/uploads\\\/2021\\\/09\\\/ARTICO-Iceberg_in_the_Arctic_with_its_underside_exposed.jpg\",\"datePublished\":\"2026-01-16T23:02:00+00:00\",\"dateModified\":\"2026-01-17T07:08:50+00:00\",\"breadcrumb\":{\"@id\":\"https:\\\/\\\/www.ocean4future.org\\\/savetheocean\\\/archives\\\/117284#breadcrumb\"},\"inLanguage\":\"it-IT\",\"potentialAction\":[{\"@type\":\"ReadAction\",\"target\":[\"https:\\\/\\\/www.ocean4future.org\\\/savetheocean\\\/archives\\\/117284\"]}]},{\"@type\":\"ImageObject\",\"inLanguage\":\"it-IT\",\"@id\":\"https:\\\/\\\/www.ocean4future.org\\\/savetheocean\\\/archives\\\/117284#primaryimage\",\"url\":\"https:\\\/\\\/www.ocean4future.org\\\/savetheocean\\\/wp-content\\\/uploads\\\/2021\\\/09\\\/ARTICO-Iceberg_in_the_Arctic_with_its_underside_exposed.jpg\",\"contentUrl\":\"https:\\\/\\\/www.ocean4future.org\\\/savetheocean\\\/wp-content\\\/uploads\\\/2021\\\/09\\\/ARTICO-Iceberg_in_the_Arctic_with_its_underside_exposed.jpg\",\"width\":640,\"height\":360},{\"@type\":\"BreadcrumbList\",\"@id\":\"https:\\\/\\\/www.ocean4future.org\\\/savetheocean\\\/archives\\\/117284#breadcrumb\",\"itemListElement\":[{\"@type\":\"ListItem\",\"position\":1,\"name\":\"Home\",\"item\":\"https:\\\/\\\/www.ocean4future.org\\\/savetheocean\"},{\"@type\":\"ListItem\",\"position\":2,\"name\":\"Agende geopolitiche e geoeconomiche in competizione: la Groenlandia\"}]},{\"@type\":\"WebSite\",\"@id\":\"https:\\\/\\\/www.ocean4future.org\\\/savetheocean\\\/#website\",\"url\":\"https:\\\/\\\/www.ocean4future.org\\\/savetheocean\\\/\",\"name\":\"Ocean 4 Future\",\"description\":\"Per una nuova cultura del mare e della marittimit\u00e0\",\"publisher\":{\"@id\":\"https:\\\/\\\/www.ocean4future.org\\\/savetheocean\\\/#\\\/schema\\\/person\\\/4e1c26437054353074d7bb2efa77162c\"},\"potentialAction\":[{\"@type\":\"SearchAction\",\"target\":{\"@type\":\"EntryPoint\",\"urlTemplate\":\"https:\\\/\\\/www.ocean4future.org\\\/savetheocean\\\/?s={search_term_string}\"},\"query-input\":{\"@type\":\"PropertyValueSpecification\",\"valueRequired\":true,\"valueName\":\"search_term_string\"}}],\"inLanguage\":\"it-IT\"},{\"@type\":[\"Person\",\"Organization\"],\"@id\":\"https:\\\/\\\/www.ocean4future.org\\\/savetheocean\\\/#\\\/schema\\\/person\\\/4e1c26437054353074d7bb2efa77162c\",\"name\":\"oceandiver\",\"image\":{\"@type\":\"ImageObject\",\"inLanguage\":\"it-IT\",\"@id\":\"https:\\\/\\\/www.ocean4future.org\\\/savetheocean\\\/wp-content\\\/uploads\\\/2023\\\/04\\\/logo-ocean3.jpg\",\"url\":\"https:\\\/\\\/www.ocean4future.org\\\/savetheocean\\\/wp-content\\\/uploads\\\/2023\\\/04\\\/logo-ocean3.jpg\",\"contentUrl\":\"https:\\\/\\\/www.ocean4future.org\\\/savetheocean\\\/wp-content\\\/uploads\\\/2023\\\/04\\\/logo-ocean3.jpg\",\"width\":472,\"height\":301,\"caption\":\"oceandiver\"},\"logo\":{\"@id\":\"https:\\\/\\\/www.ocean4future.org\\\/savetheocean\\\/wp-content\\\/uploads\\\/2023\\\/04\\\/logo-ocean3.jpg\"}},{\"@type\":\"Person\",\"@id\":\"https:\\\/\\\/www.ocean4future.org\\\/savetheocean\\\/#\\\/schema\\\/person\\\/7d024833a7d3784b692b375bd72ea501\",\"name\":\"Gian Carlo Poddighe\",\"image\":{\"@type\":\"ImageObject\",\"inLanguage\":\"it-IT\",\"@id\":\"https:\\\/\\\/secure.gravatar.com\\\/avatar\\\/8a380c37e048f5be58bf374feb48f50096bda65840a148fddb2847d7a421fc81?s=96&d=mm&r=g\",\"url\":\"https:\\\/\\\/secure.gravatar.com\\\/avatar\\\/8a380c37e048f5be58bf374feb48f50096bda65840a148fddb2847d7a421fc81?s=96&d=mm&r=g\",\"contentUrl\":\"https:\\\/\\\/secure.gravatar.com\\\/avatar\\\/8a380c37e048f5be58bf374feb48f50096bda65840a148fddb2847d7a421fc81?s=96&d=mm&r=g\",\"caption\":\"Gian Carlo Poddighe\"},\"description\":\"Ufficiale del Genio Navale della Marina Militare Italiana in congedo, nei suoi anni di servizio \u00e8 stato destinato a bordo di unit\u00e0 di superficie, con diversi tipi di apparato motore, Diesel, Vapore, TAG. Transitato all\u2019industria nazionale ha svolto incarichi di responsabilit\u00e0 per le costruzioni della prima legge navale diventando promotore delle Mostre Navali Italiane. Ha occupato posizioni dirigenziali sia nel settore impiantistico che delle grandi opere e dell\u2019industria automobilistica, occupandosi della diversificazione produttiva e dei progetti di decarbonizzazione, con il passaggio alle motorizzazioni GNV. E\u2019 stato membro dei CdA di alcune importanti JV internazionali nei settori metallurgico, infrastrutturale ed automotive ed \u00e8 stato chiamato a far parte di commissioni specialistiche da parte di organismi internazionali, tra cui rilevanti quelle in materia di disaster management. Giornalista iscritto all\u2019OdG nazionale dal 1982, ha collaborato con periodici e quotidiani, ed \u00e8 stato direttore responsabile di quotidiani ricoprendo incarichi di vertice in societ\u00e0 editoriali. Membro di alcuni Think Tank geopolitici, collabora con quotidiani soprattutto per corrispondenze all\u2019estero, pubblica on line su testate del settore marittimo e navale italiane ed internazionali. Non ultimo ha pubblicato una serie di pregevoli saggi sull\u2019evoluzione tecnologica e militare sino alla 2^ Guerra Mondiale, in particolare della Regia Marina, pubblicati da Academia.edu.\",\"sameAs\":[\"https:\\\/\\\/independent.academia.edu\\\/\"],\"url\":\"https:\\\/\\\/www.ocean4future.org\\\/savetheocean\\\/archives\\\/author\\\/gian-carlo-poddighe\"}]}<\/script>\n<!-- \/ Yoast SEO plugin. -->","yoast_head_json":{"title":"Agende geopolitiche e geoeconomiche in competizione: la Groenlandia &#8226; OCEAN4FUTURE autore","robots":{"index":"index","follow":"follow","max-snippet":"max-snippet:-1","max-image-preview":"max-image-preview:large","max-video-preview":"max-video-preview:-1"},"canonical":"https:\/\/www.ocean4future.org\/savetheocean\/archives\/117284","og_locale":"it_IT","og_type":"article","og_title":"Agende geopolitiche e geoeconomiche in competizione: la Groenlandia &#8226; OCEAN4FUTURE autore","og_description":"tempo di lettura:  5 minuti. . ARGOMENTO: GEOPOLITICA PERIODO: XXI SECOLO AREA: OPERAZIONI MILITARI parole chiave: Artico, Groenlandia . Trump \u00e8 tornato a parlare veementemente della Groenlandia. Un aspetto non chiaramente chiarito dai media che spiega l&#8217;interesse geopolitico americano per la grande isola danese. Di fatto, da una prospettiva di grande strategia, gli Stati Uniti hanno bisogno di una [&hellip;]","og_url":"https:\/\/www.ocean4future.org\/savetheocean\/archives\/117284","og_site_name":"OCEAN4FUTURE","article_published_time":"2026-01-16T23:02:00+00:00","article_modified_time":"2026-01-17T07:08:50+00:00","og_image":[{"width":640,"height":360,"url":"https:\/\/www.ocean4future.org\/savetheocean\/wp-content\/uploads\/2021\/09\/ARTICO-Iceberg_in_the_Arctic_with_its_underside_exposed.jpg","type":"image\/jpeg"}],"author":"Gian Carlo Poddighe","twitter_card":"summary_large_image","twitter_creator":"@ocean4future","twitter_site":"@ocean4future","twitter_misc":{"Scritto da":"Gian Carlo Poddighe","Tempo di lettura stimato":"8 minuti"},"schema":{"@context":"https:\/\/schema.org","@graph":[{"@type":"Article","@id":"https:\/\/www.ocean4future.org\/savetheocean\/archives\/117284#article","isPartOf":{"@id":"https:\/\/www.ocean4future.org\/savetheocean\/archives\/117284"},"author":{"name":"Gian Carlo Poddighe","@id":"https:\/\/www.ocean4future.org\/savetheocean\/#\/schema\/person\/7d024833a7d3784b692b375bd72ea501"},"headline":"Agende geopolitiche e geoeconomiche in competizione: la Groenlandia","datePublished":"2026-01-16T23:02:00+00:00","dateModified":"2026-01-17T07:08:50+00:00","mainEntityOfPage":{"@id":"https:\/\/www.ocean4future.org\/savetheocean\/archives\/117284"},"wordCount":1222,"commentCount":0,"publisher":{"@id":"https:\/\/www.ocean4future.org\/savetheocean\/#\/schema\/person\/4e1c26437054353074d7bb2efa77162c"},"image":{"@id":"https:\/\/www.ocean4future.org\/savetheocean\/archives\/117284#primaryimage"},"thumbnailUrl":"https:\/\/www.ocean4future.org\/savetheocean\/wp-content\/uploads\/2021\/09\/ARTICO-Iceberg_in_the_Arctic_with_its_underside_exposed.jpg","articleSection":["Geopolitica e Storia contemporanea"],"inLanguage":"it-IT","potentialAction":[{"@type":"CommentAction","name":"Comment","target":["https:\/\/www.ocean4future.org\/savetheocean\/archives\/117284#respond"]}]},{"@type":"WebPage","@id":"https:\/\/www.ocean4future.org\/savetheocean\/archives\/117284","url":"https:\/\/www.ocean4future.org\/savetheocean\/archives\/117284","name":"Agende geopolitiche e geoeconomiche in competizione: la Groenlandia &#8226; OCEAN4FUTURE autore","isPartOf":{"@id":"https:\/\/www.ocean4future.org\/savetheocean\/#website"},"primaryImageOfPage":{"@id":"https:\/\/www.ocean4future.org\/savetheocean\/archives\/117284#primaryimage"},"image":{"@id":"https:\/\/www.ocean4future.org\/savetheocean\/archives\/117284#primaryimage"},"thumbnailUrl":"https:\/\/www.ocean4future.org\/savetheocean\/wp-content\/uploads\/2021\/09\/ARTICO-Iceberg_in_the_Arctic_with_its_underside_exposed.jpg","datePublished":"2026-01-16T23:02:00+00:00","dateModified":"2026-01-17T07:08:50+00:00","breadcrumb":{"@id":"https:\/\/www.ocean4future.org\/savetheocean\/archives\/117284#breadcrumb"},"inLanguage":"it-IT","potentialAction":[{"@type":"ReadAction","target":["https:\/\/www.ocean4future.org\/savetheocean\/archives\/117284"]}]},{"@type":"ImageObject","inLanguage":"it-IT","@id":"https:\/\/www.ocean4future.org\/savetheocean\/archives\/117284#primaryimage","url":"https:\/\/www.ocean4future.org\/savetheocean\/wp-content\/uploads\/2021\/09\/ARTICO-Iceberg_in_the_Arctic_with_its_underside_exposed.jpg","contentUrl":"https:\/\/www.ocean4future.org\/savetheocean\/wp-content\/uploads\/2021\/09\/ARTICO-Iceberg_in_the_Arctic_with_its_underside_exposed.jpg","width":640,"height":360},{"@type":"BreadcrumbList","@id":"https:\/\/www.ocean4future.org\/savetheocean\/archives\/117284#breadcrumb","itemListElement":[{"@type":"ListItem","position":1,"name":"Home","item":"https:\/\/www.ocean4future.org\/savetheocean"},{"@type":"ListItem","position":2,"name":"Agende geopolitiche e geoeconomiche in competizione: la Groenlandia"}]},{"@type":"WebSite","@id":"https:\/\/www.ocean4future.org\/savetheocean\/#website","url":"https:\/\/www.ocean4future.org\/savetheocean\/","name":"Ocean 4 Future","description":"Per una nuova cultura del mare e della marittimit\u00e0","publisher":{"@id":"https:\/\/www.ocean4future.org\/savetheocean\/#\/schema\/person\/4e1c26437054353074d7bb2efa77162c"},"potentialAction":[{"@type":"SearchAction","target":{"@type":"EntryPoint","urlTemplate":"https:\/\/www.ocean4future.org\/savetheocean\/?s={search_term_string}"},"query-input":{"@type":"PropertyValueSpecification","valueRequired":true,"valueName":"search_term_string"}}],"inLanguage":"it-IT"},{"@type":["Person","Organization"],"@id":"https:\/\/www.ocean4future.org\/savetheocean\/#\/schema\/person\/4e1c26437054353074d7bb2efa77162c","name":"oceandiver","image":{"@type":"ImageObject","inLanguage":"it-IT","@id":"https:\/\/www.ocean4future.org\/savetheocean\/wp-content\/uploads\/2023\/04\/logo-ocean3.jpg","url":"https:\/\/www.ocean4future.org\/savetheocean\/wp-content\/uploads\/2023\/04\/logo-ocean3.jpg","contentUrl":"https:\/\/www.ocean4future.org\/savetheocean\/wp-content\/uploads\/2023\/04\/logo-ocean3.jpg","width":472,"height":301,"caption":"oceandiver"},"logo":{"@id":"https:\/\/www.ocean4future.org\/savetheocean\/wp-content\/uploads\/2023\/04\/logo-ocean3.jpg"}},{"@type":"Person","@id":"https:\/\/www.ocean4future.org\/savetheocean\/#\/schema\/person\/7d024833a7d3784b692b375bd72ea501","name":"Gian Carlo Poddighe","image":{"@type":"ImageObject","inLanguage":"it-IT","@id":"https:\/\/secure.gravatar.com\/avatar\/8a380c37e048f5be58bf374feb48f50096bda65840a148fddb2847d7a421fc81?s=96&d=mm&r=g","url":"https:\/\/secure.gravatar.com\/avatar\/8a380c37e048f5be58bf374feb48f50096bda65840a148fddb2847d7a421fc81?s=96&d=mm&r=g","contentUrl":"https:\/\/secure.gravatar.com\/avatar\/8a380c37e048f5be58bf374feb48f50096bda65840a148fddb2847d7a421fc81?s=96&d=mm&r=g","caption":"Gian Carlo Poddighe"},"description":"Ufficiale del Genio Navale della Marina Militare Italiana in congedo, nei suoi anni di servizio \u00e8 stato destinato a bordo di unit\u00e0 di superficie, con diversi tipi di apparato motore, Diesel, Vapore, TAG. Transitato all\u2019industria nazionale ha svolto incarichi di responsabilit\u00e0 per le costruzioni della prima legge navale diventando promotore delle Mostre Navali Italiane. Ha occupato posizioni dirigenziali sia nel settore impiantistico che delle grandi opere e dell\u2019industria automobilistica, occupandosi della diversificazione produttiva e dei progetti di decarbonizzazione, con il passaggio alle motorizzazioni GNV. E\u2019 stato membro dei CdA di alcune importanti JV internazionali nei settori metallurgico, infrastrutturale ed automotive ed \u00e8 stato chiamato a far parte di commissioni specialistiche da parte di organismi internazionali, tra cui rilevanti quelle in materia di disaster management. Giornalista iscritto all\u2019OdG nazionale dal 1982, ha collaborato con periodici e quotidiani, ed \u00e8 stato direttore responsabile di quotidiani ricoprendo incarichi di vertice in societ\u00e0 editoriali. Membro di alcuni Think Tank geopolitici, collabora con quotidiani soprattutto per corrispondenze all\u2019estero, pubblica on line su testate del settore marittimo e navale italiane ed internazionali. Non ultimo ha pubblicato una serie di pregevoli saggi sull\u2019evoluzione tecnologica e militare sino alla 2^ Guerra Mondiale, in particolare della Regia Marina, pubblicati da Academia.edu.","sameAs":["https:\/\/independent.academia.edu\/"],"url":"https:\/\/www.ocean4future.org\/savetheocean\/archives\/author\/gian-carlo-poddighe"}]}},"_links":{"self":[{"href":"https:\/\/www.ocean4future.org\/savetheocean\/wp-json\/wp\/v2\/posts\/117284","targetHints":{"allow":["GET"]}}],"collection":[{"href":"https:\/\/www.ocean4future.org\/savetheocean\/wp-json\/wp\/v2\/posts"}],"about":[{"href":"https:\/\/www.ocean4future.org\/savetheocean\/wp-json\/wp\/v2\/types\/post"}],"author":[{"embeddable":true,"href":"https:\/\/www.ocean4future.org\/savetheocean\/wp-json\/wp\/v2\/users\/2391"}],"replies":[{"embeddable":true,"href":"https:\/\/www.ocean4future.org\/savetheocean\/wp-json\/wp\/v2\/comments?post=117284"}],"version-history":[{"count":0,"href":"https:\/\/www.ocean4future.org\/savetheocean\/wp-json\/wp\/v2\/posts\/117284\/revisions"}],"wp:featuredmedia":[{"embeddable":true,"href":"https:\/\/www.ocean4future.org\/savetheocean\/wp-json\/wp\/v2\/media\/94104"}],"wp:attachment":[{"href":"https:\/\/www.ocean4future.org\/savetheocean\/wp-json\/wp\/v2\/media?parent=117284"}],"wp:term":[{"taxonomy":"category","embeddable":true,"href":"https:\/\/www.ocean4future.org\/savetheocean\/wp-json\/wp\/v2\/categories?post=117284"},{"taxonomy":"post_tag","embeddable":true,"href":"https:\/\/www.ocean4future.org\/savetheocean\/wp-json\/wp\/v2\/tags?post=117284"}],"curies":[{"name":"wp","href":"https:\/\/api.w.org\/{rel}","templated":true}]}}