{"id":11622,"date":"2023-12-11T00:01:00","date_gmt":"2023-12-10T23:01:00","guid":{"rendered":"http:\/\/www.ocean4future.org\/savetheocean\/?p=11622"},"modified":"2024-05-29T13:34:38","modified_gmt":"2024-05-29T11:34:38","slug":"ergonomia-e-postura-del-subacqueo-ricreativo","status":"publish","type":"post","link":"https:\/\/www.ocean4future.org\/savetheocean\/archives\/11622","title":{"rendered":"Ergonomia e postura del Subacqueo Ricreativo di Francesco Fontana"},"content":{"rendered":"<span class=\"span-reading-time rt-reading-time\" style=\"display: block;\"><span class=\"rt-label rt-prefix\">tempo di lettura: <\/span> <span class=\"rt-time\"> 4<\/span> <span class=\"rt-label rt-postfix\">minuti<\/span><\/span><p><span style=\"color: #ffffff;\">.<\/span><br \/>\n<a class=\"maxbutton-4 maxbutton maxbutton-livello-di-comprensione\" href=\"javascript:void(0);\"><span class='mb-text'>livello elementare<\/span><\/a><br \/>\n<span style=\"color: #ffffff;\">.<\/span><br \/>\n<strong><span style=\"color: #008000;\">ARGOMENTO: ERGONOMIA DEL SUBACQUEO<\/span><\/strong><br \/>\n<strong><span style=\"color: #008000;\">PERIODO: XXI SECOLO<\/span><\/strong><br \/>\n<strong><span style=\"color: #008000;\">AREA: DIDATTICA<\/span><\/strong><br \/>\nparole chiave: postura, distribuzione dei pesi<br \/>\n<span style=\"color: #ffffff;\">.<\/span><br \/>\n<strong><span style=\"color: #008000;\"><span style=\"font-size: 14pt;\">Perch\u00e9 \u00e8 importante una corretta ergonomia per il subacqueo?<\/span><br \/>\n<\/span><\/strong><\/p>\n<p align=\"justify\">Definiamo subito il <strong><span style=\"color: #008000;\">concetto di Ergonomia e Postura<\/span><\/strong>: <strong><span style=\"color: #008000;\">l\u2019<\/span><span style=\"color: #008000;\">ergonomia<\/span><\/strong>&nbsp;\u00e8 la disciplina che studia la migliore integrazione tra attivit\u00e0 umane, attrezzatura e ambiente, finalizzate al maggior rendimento delle attivit\u00e0 stesse, mentre&nbsp;<strong><span style=\"color: #008000;\">la postura<\/span><\/strong> \u00e8 l\u2019adattamento personalizzato di\u202fogni individuo all\u2019ambiente fisico, psichico ed emozionale.<\/p>\n<p style=\"text-align: justify;\">I<img decoding=\"async\" class=\"alignright wp-image-11627 \" src=\"https:\/\/www.ocean4future.org\/savetheocean\/wp-content\/uploads\/2017\/01\/subacqueo.jpg\" alt=\"subacqueo\" width=\"252\" height=\"337\">l <strong><span style=\"color: #008000;\">subacqueo<\/span><\/strong>, come singolo individuo, avr\u00e0 una sua postura derivata da un insieme di fattori genetici e ambientali. In presenza di paramorfismi (<strong><span style=\"color: #008000;\">dorso piatto fig. 2 \u2013 ipercifosi fig.1&nbsp; ecc.<\/span><\/strong>), l\u2019utilizzo della attrezzatura subacquea, se non idoneamente collocata, pu\u00f2 determinare uno stress infiammatorio sulla colonna vertebrale, sulle articolazioni e sul sistema muscolo-tendineo (ad esempio, la collocazione del gruppo ARA o della zavorra sulla colonna vertebrale).<\/p>\n<p style=\"text-align: justify;\"><strong><span style=\"color: #008000;\">A oggi&nbsp;la sicurezza in immersione sembra infatti essere legata pi\u00f9 al benessere e allo stato di forma fisica individuale che al profilo di risalita, pertanto una scorretta interazione ergonomica pu\u00f2 influire negativamente.&nbsp;<\/span> <\/strong><\/p>\n<p style=\"text-align: justify;\">Questa pu\u00f2 indurre un\u2019azione meccanicamente stressante sul corpo del subacqueo, aumentando i fenomeni flogistici in particolare nei soggetti con predisposizione genetica alla infiammazione.<\/p>\n<p><a href=\"https:\/\/www.ocean4future.org\/savetheocean\/wp-content\/uploads\/2016\/12\/ergo-1.jpg\"><img decoding=\"async\" class=\"aligncenter wp-image-11623\" src=\"https:\/\/www.ocean4future.org\/savetheocean\/wp-content\/uploads\/2016\/12\/ergo-1.jpg\" alt=\"ergo-1\" width=\"610\" height=\"399\"><\/a><\/p>\n<p style=\"text-align: justify;\">Di questo argomento si \u00e8 parlato nel convegno&nbsp;<strong>\u201c<span style=\"color: #008000;\">La Subacquea del nuovo Millennio<\/span>\u201d<\/strong>&nbsp;organizzato dalla&nbsp;<a href=\"http:\/\/www.naddeurope.com\/\">NADD<\/a>&nbsp; in uno splendido scenario naturalistico nel comune di Colico sul lago di Como.<\/p>\n<table style=\"border-collapse: collapse; width: 100%;\">\n<tbody>\n<tr>\n<td style=\"width: 100%;\">\n<h5><strong><span style=\"color: #0000ff;\">[wpedon id=17555]<\/span><\/strong><\/h5>\n<p style=\"text-align: justify;\"><strong><span style=\"color: #0000ff;\">Questo articolo ti interessa? Su OCEAN4FUTURE, il portale del Mare e della Marittimit\u00e0, troverai numerosi articoli sulla subacquea in tutte le sue discipline scritti da autorevoli protagonisti che condivideranno con voi le loro conoscenze \u2026&nbsp; da non perdere. Se hai suggerimenti o domande puoi lasciarci un commento in calce all\u2019articolo oppure scriverci alla nostra mail: <a style=\"color: #0000ff;\" href=\"mailto:infoocean4future@gmail.com\">infoocean4future@gmail.com<\/a><\/span><\/strong><\/p>\n<\/td>\n<\/tr>\n<\/tbody>\n<\/table>\n<p style=\"text-align: justify;\">Sono stati presi in considerazione i vari distretti articolari dalla ATM (articolazione temporo-mandibolare) alla colonna vertebrale agli arti inferiori con considerazioni e consigli sull&#8217;attrezzatura maggiormente indicata e sulla sua migliore collocazione. Fermo restando che la configurazione adottata dal subacqueo \u00e8 una scelta personale e della didattica di riferimento.<\/p>\n<p style=\"text-align: justify;\"><a href=\"https:\/\/www.ocean4future.org\/savetheocean\/wp-content\/uploads\/2016\/12\/ergonomia_sub2.gif\"><img decoding=\"async\" class=\"alignleft wp-image-11624\" src=\"https:\/\/www.ocean4future.org\/savetheocean\/wp-content\/uploads\/2016\/12\/ergonomia_sub2.gif\" alt=\"ergonomia_sub2\" width=\"850\" height=\"1054\"><\/a>Un esempio potrebbe essere una disfunzione della articolazione temporo-mandibolare che pu\u00f2 determinare in immersione dolore articolare e subito dopo cefalea, l\u2019azione correttiva \u00e8 data dall&#8217;uso di un boccaglio anatomico termo-formabile. Molto importante \u00e8 inoltre&nbsp;la corretta movimentazione del gruppo ARA della zavorra ecc. per non caricare in modo eccessivo la colonna vertebrale.&nbsp;Visto l\u2019interesse suscitato tra i partecipanti e nella convinzione che soltanto attraverso la conoscenza si possa sviluppare un maggior senso di consapevolezza da parte di tutti coloro che praticano la subacquea con ricadute positive in termini di minor incidenza delle problematiche connesse alle immersioni, la tematica relativa all&#8217;ergonomia del subacqueo ricreativo sar\u00e0 oggetto di analisi e sviluppo ulteriore durante i convegni organizzati da&nbsp;<a href=\"http:\/\/www.simsi.it\/simsi-in-tour\/\"><strong>SIMSI in Tour<\/strong><\/a>. Eventi da non perdere assolutamente.<\/p>\n<p style=\"text-align: justify;\"><span style=\"font-size: 18pt;\"><strong><span style=\"color: #008000;\">Nota della redazione<br \/>\n<\/span><\/strong><\/span><br \/>\n<img decoding=\"async\" class=\"wp-image-11625 alignleft\" style=\"margin: 0px auto 12px; outline: #72777c solid 1px; height: 212px; text-align: justify; color: #444444; text-transform: none; line-height: 1.5; text-indent: 0px; letter-spacing: normal; clear: both; font-size: 16px; font-style: normal; font-variant: normal; font-weight: 400; text-decoration: none; word-spacing: 0px; display: block; white-space: normal; max-width: 640px; orphans: 2; -webkit-text-stroke-width: 0px;\" src=\"https:\/\/www.ocean4future.org\/savetheocean\/wp-content\/uploads\/2016\/12\/ergonomia_sub3.jpg\" alt=\"ergonomia_sub3\" width=\"276\" height=\"461\">L&#8217;ergonomia, secondo la <strong><span style=\"color: #008000;\">IEA<\/span><\/strong> (<strong><span style=\"color: #008000;\">International Ergonomics Association<\/span><\/strong>), \u00e8 quella scienza che si occupa dell&#8217;interazione tra gli elementi di un sistema e la funzione per cui vengono progettati allo scopo di migliorare la soddisfazione dell&#8217;utente e l&#8217;insieme delle prestazioni del sistema. In pratica, si occupa dello studio dell&#8217;interazione tra gli individui (umani) &nbsp;e le tecnologie al fin di armonizzarne il rapporto. Essa si sviluppa attraverso l&#8217;analisi degli effetti della tecnologia sull&#8217;Uomo sia a livello di salute che di prestazione e di comportamento. Vengono analizzate le situazioni lavorative al fine di &nbsp;adeguarle alle esigenze dell&#8217;attivit\u00e0 ed alle capacit\u00e0 potenziali dell&#8217;operatore sempre per mitigare il logoramento fisico e mentale ed aumentare il rendimento.&nbsp;<strong><span style=\"color: #008000;\">In sintesi, l&#8217;ergonomia si pone come disciplina di prevenzione per evitare l&#8217;insorgenza di effetti dannosi sui lavoratori. Viene da se che essa assume un ruolo importante in molte discipline compresa la subacquea.<\/span><\/strong><\/p>\n<p><strong><span style=\"color: #008000;\">Francesco Fontana<br \/>\n<span style=\"color: #ffffff;\">.<\/span><\/span><\/strong><\/p>\n<p style=\"text-align: justify;\">articolo pubblicato il&nbsp;5 dicembre 2016 &#8211; Scritto per <a href=\"http:\/\/www.simsi.it\/\">www.simsi.it<\/a> da&nbsp;<a href=\"http:\/\/www.simsi.it\/author\/francesco-fontana\/\">Francesco Fontana<\/a><\/p>\n<p><strong><span style=\"color: #0000ff;\">[wpedon id=17555]<\/span><\/strong><\/p>\n<p align=\"justify\"><strong><span style=\"color: #0000ff;\">Ti \u00e8 piaciuto questo articolo? Se s\u00ec, puoi fare una piccola donazione (anche un euro) per sostenere il nostro portale. Basta poco, per aiutarci a sostenere le spese di OCEAN4FUTURE, il portale del Mare e della Marittimit\u00e0. La donazione pu\u00f2 essere singola o puoi decidere di renderla automatica ogni mese. Per donare in sicurezza, Clicca sul link DONAZIONE oppure Scrivici per aiuto alla mail: <a style=\"color: #0000ff;\" href=\"mailto:infoocean4future@gmail.com\">infoocean4future@gmail.com<\/a><br \/>\n<span style=\"color: #ffffff;\">.<\/span><\/span><\/strong><\/p>\n<p style=\"text-align: justify;\">Alcune delle foto presenti in questo blog possono essere state prese dal web, citandone ove possibile gli autori e\/o le fonti. Se qualcuno desiderasse specificarne l\u2019autore o rimuoverle, pu\u00f2 scrivere a infoocean4future@gmail.com e provvederemo immediatamente alla correzione dell\u2019articolo<br \/>\n<span style=\"color: #ffffff;\">,<\/span><\/p>\n<p style=\"text-align: justify;\"><a class=\"maxbutton-3 maxbutton maxbutton-pagina-principale\" target=\"_blank\" title=\"tooltip\" rel=\"nofollow noopener\" href=\"http:\/\/www.ocean4future.org\"><span class='mb-text'>PAGINA PRINCIPALE<\/span><\/a><\/p>\n","protected":false},"excerpt":{"rendered":"<p><span class=\"span-reading-time rt-reading-time\" style=\"display: block;\"><span class=\"rt-label rt-prefix\">tempo di lettura: <\/span> <span class=\"rt-time\"> 4<\/span> <span class=\"rt-label rt-postfix\">minuti<\/span><\/span>. . ARGOMENTO: ERGONOMIA DEL SUBACQUEO PERIODO: XXI SECOLO AREA: DIDATTICA parole chiave: postura, distribuzione dei pesi . Perch\u00e9 \u00e8 importante una corretta ergonomia per il subacqueo? Definiamo subito il concetto di Ergonomia e Postura: l\u2019ergonomia&nbsp;\u00e8 la disciplina che studia la migliore integrazione tra attivit\u00e0 umane, attrezzatura e ambiente, finalizzate al maggior rendimento delle attivit\u00e0 [&hellip;]<\/p>\n","protected":false},"author":2393,"featured_media":99824,"comment_status":"open","ping_status":"open","sticky":false,"template":"","format":"standard","meta":{"_acf_changed":false,"_monsterinsights_skip_tracking":false,"_monsterinsights_sitenote_active":false,"_monsterinsights_sitenote_note":"","_monsterinsights_sitenote_category":0,"footnotes":""},"categories":[1149],"tags":[1367,1362,1366],"class_list":["post-11622","post","type-post","status-publish","format-standard","has-post-thumbnail","hentry","category-medicina-subacquea","tag-ergonomia","tag-medicina","tag-postura"],"acf":[],"yoast_head":"<!-- This site is optimized with the Yoast SEO plugin v27.5 - https:\/\/yoast.com\/product\/yoast-seo-wordpress\/ -->\n<title>Ergonomia e postura del Subacqueo Ricreativo di Francesco Fontana &#8226; OCEAN4FUTURE autore<\/title>\n<meta name=\"robots\" content=\"index, follow, max-snippet:-1, max-image-preview:large, max-video-preview:-1\" \/>\n<link rel=\"canonical\" href=\"https:\/\/www.ocean4future.org\/savetheocean\/archives\/11622\" \/>\n<meta property=\"og:locale\" content=\"it_IT\" \/>\n<meta property=\"og:type\" content=\"article\" \/>\n<meta property=\"og:title\" content=\"Ergonomia e postura del Subacqueo Ricreativo di Francesco Fontana &#8226; OCEAN4FUTURE autore\" \/>\n<meta property=\"og:description\" content=\"Perch\u00e9 \u00e8 importante una corretta ergonomia\u00a0del subacqueo? Definiamo subito il concetto di Ergonomia e Postura: l\u2019ergonomia\u00a0\u00e8 la disciplina che studia la migliore integrazione tra attivit\u00e0 umane, attrezzatura e ambiente, finalizzate al maggior rendimento delle attivit\u00e0 stesse, mentre\u00a0la postura\u00a0\u00e8 l\u2019adattamento personalizzato\u202fdi\u202fogni individuo all\u2019ambiente fisico, psichico ed emozionale. Il subacqueo, come singolo individuo, avr\u00e0 una sua postura\u2026\" \/>\n<meta property=\"og:url\" content=\"https:\/\/www.ocean4future.org\/savetheocean\/archives\/11622\" \/>\n<meta property=\"og:site_name\" content=\"OCEAN4FUTURE\" \/>\n<meta property=\"article:published_time\" content=\"2023-12-10T23:01:00+00:00\" \/>\n<meta property=\"article:modified_time\" content=\"2024-05-29T11:34:38+00:00\" \/>\n<meta property=\"og:image\" content=\"https:\/\/www.ocean4future.org\/savetheocean\/wp-content\/uploads\/2019\/07\/IMG_20230913_104844-MOD--scaled.jpg\" \/>\n\t<meta property=\"og:image:width\" content=\"2560\" \/>\n\t<meta property=\"og:image:height\" content=\"1920\" \/>\n\t<meta property=\"og:image:type\" content=\"image\/jpeg\" \/>\n<meta name=\"author\" content=\"Francesco Fontana\" \/>\n<meta name=\"twitter:card\" content=\"summary_large_image\" \/>\n<meta name=\"twitter:creator\" content=\"@ocean4future\" \/>\n<meta name=\"twitter:site\" content=\"@ocean4future\" \/>\n<meta name=\"twitter:label1\" content=\"Scritto da\" \/>\n\t<meta name=\"twitter:data1\" content=\"Francesco Fontana\" \/>\n\t<meta name=\"twitter:label2\" content=\"Tempo di lettura stimato\" \/>\n\t<meta name=\"twitter:data2\" content=\"5 minuti\" \/>\n<script type=\"application\/ld+json\" class=\"yoast-schema-graph\">{\"@context\":\"https:\\\/\\\/schema.org\",\"@graph\":[{\"@type\":\"Article\",\"@id\":\"https:\\\/\\\/www.ocean4future.org\\\/savetheocean\\\/archives\\\/11622#article\",\"isPartOf\":{\"@id\":\"https:\\\/\\\/www.ocean4future.org\\\/savetheocean\\\/archives\\\/11622\"},\"author\":{\"name\":\"Francesco Fontana\",\"@id\":\"https:\\\/\\\/www.ocean4future.org\\\/savetheocean\\\/#\\\/schema\\\/person\\\/19f916af800384f78b581cddfb93e8f8\"},\"headline\":\"Ergonomia e postura del Subacqueo Ricreativo di Francesco Fontana\",\"datePublished\":\"2023-12-10T23:01:00+00:00\",\"dateModified\":\"2024-05-29T11:34:38+00:00\",\"mainEntityOfPage\":{\"@id\":\"https:\\\/\\\/www.ocean4future.org\\\/savetheocean\\\/archives\\\/11622\"},\"wordCount\":782,\"commentCount\":0,\"publisher\":{\"@id\":\"https:\\\/\\\/www.ocean4future.org\\\/savetheocean\\\/#\\\/schema\\\/person\\\/4e1c26437054353074d7bb2efa77162c\"},\"image\":{\"@id\":\"https:\\\/\\\/www.ocean4future.org\\\/savetheocean\\\/archives\\\/11622#primaryimage\"},\"thumbnailUrl\":\"https:\\\/\\\/www.ocean4future.org\\\/savetheocean\\\/wp-content\\\/uploads\\\/2019\\\/07\\\/IMG_20230913_104844-MOD--scaled-e1732610193584.jpg\",\"keywords\":[\"ergonomia\",\"medicina\",\"postura\"],\"articleSection\":[\"Medicina subacquea\"],\"inLanguage\":\"it-IT\",\"potentialAction\":[{\"@type\":\"CommentAction\",\"name\":\"Comment\",\"target\":[\"https:\\\/\\\/www.ocean4future.org\\\/savetheocean\\\/archives\\\/11622#respond\"]}]},{\"@type\":\"WebPage\",\"@id\":\"https:\\\/\\\/www.ocean4future.org\\\/savetheocean\\\/archives\\\/11622\",\"url\":\"https:\\\/\\\/www.ocean4future.org\\\/savetheocean\\\/archives\\\/11622\",\"name\":\"Ergonomia e postura del Subacqueo Ricreativo di Francesco Fontana &#8226; OCEAN4FUTURE autore\",\"isPartOf\":{\"@id\":\"https:\\\/\\\/www.ocean4future.org\\\/savetheocean\\\/#website\"},\"primaryImageOfPage\":{\"@id\":\"https:\\\/\\\/www.ocean4future.org\\\/savetheocean\\\/archives\\\/11622#primaryimage\"},\"image\":{\"@id\":\"https:\\\/\\\/www.ocean4future.org\\\/savetheocean\\\/archives\\\/11622#primaryimage\"},\"thumbnailUrl\":\"https:\\\/\\\/www.ocean4future.org\\\/savetheocean\\\/wp-content\\\/uploads\\\/2019\\\/07\\\/IMG_20230913_104844-MOD--scaled-e1732610193584.jpg\",\"datePublished\":\"2023-12-10T23:01:00+00:00\",\"dateModified\":\"2024-05-29T11:34:38+00:00\",\"breadcrumb\":{\"@id\":\"https:\\\/\\\/www.ocean4future.org\\\/savetheocean\\\/archives\\\/11622#breadcrumb\"},\"inLanguage\":\"it-IT\",\"potentialAction\":[{\"@type\":\"ReadAction\",\"target\":[\"https:\\\/\\\/www.ocean4future.org\\\/savetheocean\\\/archives\\\/11622\"]}]},{\"@type\":\"ImageObject\",\"inLanguage\":\"it-IT\",\"@id\":\"https:\\\/\\\/www.ocean4future.org\\\/savetheocean\\\/archives\\\/11622#primaryimage\",\"url\":\"https:\\\/\\\/www.ocean4future.org\\\/savetheocean\\\/wp-content\\\/uploads\\\/2019\\\/07\\\/IMG_20230913_104844-MOD--scaled-e1732610193584.jpg\",\"contentUrl\":\"https:\\\/\\\/www.ocean4future.org\\\/savetheocean\\\/wp-content\\\/uploads\\\/2019\\\/07\\\/IMG_20230913_104844-MOD--scaled-e1732610193584.jpg\",\"width\":560,\"height\":420},{\"@type\":\"BreadcrumbList\",\"@id\":\"https:\\\/\\\/www.ocean4future.org\\\/savetheocean\\\/archives\\\/11622#breadcrumb\",\"itemListElement\":[{\"@type\":\"ListItem\",\"position\":1,\"name\":\"Home\",\"item\":\"https:\\\/\\\/www.ocean4future.org\\\/savetheocean\"},{\"@type\":\"ListItem\",\"position\":2,\"name\":\"Ergonomia e postura del Subacqueo Ricreativo di Francesco Fontana\"}]},{\"@type\":\"WebSite\",\"@id\":\"https:\\\/\\\/www.ocean4future.org\\\/savetheocean\\\/#website\",\"url\":\"https:\\\/\\\/www.ocean4future.org\\\/savetheocean\\\/\",\"name\":\"Ocean 4 Future\",\"description\":\"Per una nuova cultura del mare e della marittimit\u00e0\",\"publisher\":{\"@id\":\"https:\\\/\\\/www.ocean4future.org\\\/savetheocean\\\/#\\\/schema\\\/person\\\/4e1c26437054353074d7bb2efa77162c\"},\"potentialAction\":[{\"@type\":\"SearchAction\",\"target\":{\"@type\":\"EntryPoint\",\"urlTemplate\":\"https:\\\/\\\/www.ocean4future.org\\\/savetheocean\\\/?s={search_term_string}\"},\"query-input\":{\"@type\":\"PropertyValueSpecification\",\"valueRequired\":true,\"valueName\":\"search_term_string\"}}],\"inLanguage\":\"it-IT\"},{\"@type\":[\"Person\",\"Organization\"],\"@id\":\"https:\\\/\\\/www.ocean4future.org\\\/savetheocean\\\/#\\\/schema\\\/person\\\/4e1c26437054353074d7bb2efa77162c\",\"name\":\"oceandiver\",\"image\":{\"@type\":\"ImageObject\",\"inLanguage\":\"it-IT\",\"@id\":\"https:\\\/\\\/www.ocean4future.org\\\/savetheocean\\\/wp-content\\\/uploads\\\/2023\\\/04\\\/logo-ocean3.jpg\",\"url\":\"https:\\\/\\\/www.ocean4future.org\\\/savetheocean\\\/wp-content\\\/uploads\\\/2023\\\/04\\\/logo-ocean3.jpg\",\"contentUrl\":\"https:\\\/\\\/www.ocean4future.org\\\/savetheocean\\\/wp-content\\\/uploads\\\/2023\\\/04\\\/logo-ocean3.jpg\",\"width\":472,\"height\":301,\"caption\":\"oceandiver\"},\"logo\":{\"@id\":\"https:\\\/\\\/www.ocean4future.org\\\/savetheocean\\\/wp-content\\\/uploads\\\/2023\\\/04\\\/logo-ocean3.jpg\"}},{\"@type\":\"Person\",\"@id\":\"https:\\\/\\\/www.ocean4future.org\\\/savetheocean\\\/#\\\/schema\\\/person\\\/19f916af800384f78b581cddfb93e8f8\",\"name\":\"Francesco Fontana\",\"image\":{\"@type\":\"ImageObject\",\"inLanguage\":\"it-IT\",\"@id\":\"https:\\\/\\\/secure.gravatar.com\\\/avatar\\\/6d43e23ecec0d190d9fa4dc90b4f6cf2047ed7a6d05b2dd9f016c2f50ed48b66?s=96&d=mm&r=g\",\"url\":\"https:\\\/\\\/secure.gravatar.com\\\/avatar\\\/6d43e23ecec0d190d9fa4dc90b4f6cf2047ed7a6d05b2dd9f016c2f50ed48b66?s=96&d=mm&r=g\",\"contentUrl\":\"https:\\\/\\\/secure.gravatar.com\\\/avatar\\\/6d43e23ecec0d190d9fa4dc90b4f6cf2047ed7a6d05b2dd9f016c2f50ed48b66?s=96&d=mm&r=g\",\"caption\":\"Francesco Fontana\"},\"description\":\"nato a Catanzaro si laurea in Medicina e Chirurgia, Universit\u00e0 degli studi di Bologna, specializzandosi in Fisiatria e in Medicina Sportiva con indirizzo Traumatologico Sportivo. E' attualmente medico e Direttore Sanitario del Poliambulatorio Medico \u2013 Riabilitativo Kura di Cesena e Direttore Generale del Poliambulatorio Physiomedica di Faenza. E' inoltre Consulente Fisiatra del Centro Iperbarico di Ravenna. Iscritto alle Societ\u00e0 Scientifiche: SIMSI ( di cui cura la rubrica di divulgazione La Marea) e FMSI, \u00e8 in possesso del Brevetto di Sommozzatore Istruttore II\u00b0 grado NADD \u2013 CMAS \u2013 HSA Italia e di istruttore Nitrox NADD \u2013 CMAS. Non ultimo \u00e8 Fondatore e attuale Direttore Tecnico della Associazione Subacquea per Disabili Cesena in Blu e Presidente della Associazione Subacquea Cesena Blu.\",\"url\":\"https:\\\/\\\/www.ocean4future.org\\\/savetheocean\\\/archives\\\/author\\\/francesco-fontana\"}]}<\/script>\n<!-- \/ Yoast SEO plugin. -->","yoast_head_json":{"title":"Ergonomia e postura del Subacqueo Ricreativo di Francesco Fontana &#8226; OCEAN4FUTURE autore","robots":{"index":"index","follow":"follow","max-snippet":"max-snippet:-1","max-image-preview":"max-image-preview:large","max-video-preview":"max-video-preview:-1"},"canonical":"https:\/\/www.ocean4future.org\/savetheocean\/archives\/11622","og_locale":"it_IT","og_type":"article","og_title":"Ergonomia e postura del Subacqueo Ricreativo di Francesco Fontana &#8226; OCEAN4FUTURE autore","og_description":"Perch\u00e9 \u00e8 importante una corretta ergonomia\u00a0del subacqueo? Definiamo subito il concetto di Ergonomia e Postura: l\u2019ergonomia\u00a0\u00e8 la disciplina che studia la migliore integrazione tra attivit\u00e0 umane, attrezzatura e ambiente, finalizzate al maggior rendimento delle attivit\u00e0 stesse, mentre\u00a0la postura\u00a0\u00e8 l\u2019adattamento personalizzato\u202fdi\u202fogni individuo all\u2019ambiente fisico, psichico ed emozionale. Il subacqueo, come singolo individuo, avr\u00e0 una sua postura\u2026","og_url":"https:\/\/www.ocean4future.org\/savetheocean\/archives\/11622","og_site_name":"OCEAN4FUTURE","article_published_time":"2023-12-10T23:01:00+00:00","article_modified_time":"2024-05-29T11:34:38+00:00","og_image":[{"width":2560,"height":1920,"url":"https:\/\/www.ocean4future.org\/savetheocean\/wp-content\/uploads\/2019\/07\/IMG_20230913_104844-MOD--scaled.jpg","type":"image\/jpeg"}],"author":"Francesco Fontana","twitter_card":"summary_large_image","twitter_creator":"@ocean4future","twitter_site":"@ocean4future","twitter_misc":{"Scritto da":"Francesco Fontana","Tempo di lettura stimato":"5 minuti"},"schema":{"@context":"https:\/\/schema.org","@graph":[{"@type":"Article","@id":"https:\/\/www.ocean4future.org\/savetheocean\/archives\/11622#article","isPartOf":{"@id":"https:\/\/www.ocean4future.org\/savetheocean\/archives\/11622"},"author":{"name":"Francesco Fontana","@id":"https:\/\/www.ocean4future.org\/savetheocean\/#\/schema\/person\/19f916af800384f78b581cddfb93e8f8"},"headline":"Ergonomia e postura del Subacqueo Ricreativo di Francesco Fontana","datePublished":"2023-12-10T23:01:00+00:00","dateModified":"2024-05-29T11:34:38+00:00","mainEntityOfPage":{"@id":"https:\/\/www.ocean4future.org\/savetheocean\/archives\/11622"},"wordCount":782,"commentCount":0,"publisher":{"@id":"https:\/\/www.ocean4future.org\/savetheocean\/#\/schema\/person\/4e1c26437054353074d7bb2efa77162c"},"image":{"@id":"https:\/\/www.ocean4future.org\/savetheocean\/archives\/11622#primaryimage"},"thumbnailUrl":"https:\/\/www.ocean4future.org\/savetheocean\/wp-content\/uploads\/2019\/07\/IMG_20230913_104844-MOD--scaled-e1732610193584.jpg","keywords":["ergonomia","medicina","postura"],"articleSection":["Medicina subacquea"],"inLanguage":"it-IT","potentialAction":[{"@type":"CommentAction","name":"Comment","target":["https:\/\/www.ocean4future.org\/savetheocean\/archives\/11622#respond"]}]},{"@type":"WebPage","@id":"https:\/\/www.ocean4future.org\/savetheocean\/archives\/11622","url":"https:\/\/www.ocean4future.org\/savetheocean\/archives\/11622","name":"Ergonomia e postura del Subacqueo Ricreativo di Francesco Fontana &#8226; OCEAN4FUTURE autore","isPartOf":{"@id":"https:\/\/www.ocean4future.org\/savetheocean\/#website"},"primaryImageOfPage":{"@id":"https:\/\/www.ocean4future.org\/savetheocean\/archives\/11622#primaryimage"},"image":{"@id":"https:\/\/www.ocean4future.org\/savetheocean\/archives\/11622#primaryimage"},"thumbnailUrl":"https:\/\/www.ocean4future.org\/savetheocean\/wp-content\/uploads\/2019\/07\/IMG_20230913_104844-MOD--scaled-e1732610193584.jpg","datePublished":"2023-12-10T23:01:00+00:00","dateModified":"2024-05-29T11:34:38+00:00","breadcrumb":{"@id":"https:\/\/www.ocean4future.org\/savetheocean\/archives\/11622#breadcrumb"},"inLanguage":"it-IT","potentialAction":[{"@type":"ReadAction","target":["https:\/\/www.ocean4future.org\/savetheocean\/archives\/11622"]}]},{"@type":"ImageObject","inLanguage":"it-IT","@id":"https:\/\/www.ocean4future.org\/savetheocean\/archives\/11622#primaryimage","url":"https:\/\/www.ocean4future.org\/savetheocean\/wp-content\/uploads\/2019\/07\/IMG_20230913_104844-MOD--scaled-e1732610193584.jpg","contentUrl":"https:\/\/www.ocean4future.org\/savetheocean\/wp-content\/uploads\/2019\/07\/IMG_20230913_104844-MOD--scaled-e1732610193584.jpg","width":560,"height":420},{"@type":"BreadcrumbList","@id":"https:\/\/www.ocean4future.org\/savetheocean\/archives\/11622#breadcrumb","itemListElement":[{"@type":"ListItem","position":1,"name":"Home","item":"https:\/\/www.ocean4future.org\/savetheocean"},{"@type":"ListItem","position":2,"name":"Ergonomia e postura del Subacqueo Ricreativo di Francesco Fontana"}]},{"@type":"WebSite","@id":"https:\/\/www.ocean4future.org\/savetheocean\/#website","url":"https:\/\/www.ocean4future.org\/savetheocean\/","name":"Ocean 4 Future","description":"Per una nuova cultura del mare e della marittimit\u00e0","publisher":{"@id":"https:\/\/www.ocean4future.org\/savetheocean\/#\/schema\/person\/4e1c26437054353074d7bb2efa77162c"},"potentialAction":[{"@type":"SearchAction","target":{"@type":"EntryPoint","urlTemplate":"https:\/\/www.ocean4future.org\/savetheocean\/?s={search_term_string}"},"query-input":{"@type":"PropertyValueSpecification","valueRequired":true,"valueName":"search_term_string"}}],"inLanguage":"it-IT"},{"@type":["Person","Organization"],"@id":"https:\/\/www.ocean4future.org\/savetheocean\/#\/schema\/person\/4e1c26437054353074d7bb2efa77162c","name":"oceandiver","image":{"@type":"ImageObject","inLanguage":"it-IT","@id":"https:\/\/www.ocean4future.org\/savetheocean\/wp-content\/uploads\/2023\/04\/logo-ocean3.jpg","url":"https:\/\/www.ocean4future.org\/savetheocean\/wp-content\/uploads\/2023\/04\/logo-ocean3.jpg","contentUrl":"https:\/\/www.ocean4future.org\/savetheocean\/wp-content\/uploads\/2023\/04\/logo-ocean3.jpg","width":472,"height":301,"caption":"oceandiver"},"logo":{"@id":"https:\/\/www.ocean4future.org\/savetheocean\/wp-content\/uploads\/2023\/04\/logo-ocean3.jpg"}},{"@type":"Person","@id":"https:\/\/www.ocean4future.org\/savetheocean\/#\/schema\/person\/19f916af800384f78b581cddfb93e8f8","name":"Francesco Fontana","image":{"@type":"ImageObject","inLanguage":"it-IT","@id":"https:\/\/secure.gravatar.com\/avatar\/6d43e23ecec0d190d9fa4dc90b4f6cf2047ed7a6d05b2dd9f016c2f50ed48b66?s=96&d=mm&r=g","url":"https:\/\/secure.gravatar.com\/avatar\/6d43e23ecec0d190d9fa4dc90b4f6cf2047ed7a6d05b2dd9f016c2f50ed48b66?s=96&d=mm&r=g","contentUrl":"https:\/\/secure.gravatar.com\/avatar\/6d43e23ecec0d190d9fa4dc90b4f6cf2047ed7a6d05b2dd9f016c2f50ed48b66?s=96&d=mm&r=g","caption":"Francesco Fontana"},"description":"nato a Catanzaro si laurea in Medicina e Chirurgia, Universit\u00e0 degli studi di Bologna, specializzandosi in Fisiatria e in Medicina Sportiva con indirizzo Traumatologico Sportivo. E' attualmente medico e Direttore Sanitario del Poliambulatorio Medico \u2013 Riabilitativo Kura di Cesena e Direttore Generale del Poliambulatorio Physiomedica di Faenza. E' inoltre Consulente Fisiatra del Centro Iperbarico di Ravenna. Iscritto alle Societ\u00e0 Scientifiche: SIMSI ( di cui cura la rubrica di divulgazione La Marea) e FMSI, \u00e8 in possesso del Brevetto di Sommozzatore Istruttore II\u00b0 grado NADD \u2013 CMAS \u2013 HSA Italia e di istruttore Nitrox NADD \u2013 CMAS. Non ultimo \u00e8 Fondatore e attuale Direttore Tecnico della Associazione Subacquea per Disabili Cesena in Blu e Presidente della Associazione Subacquea Cesena Blu.","url":"https:\/\/www.ocean4future.org\/savetheocean\/archives\/author\/francesco-fontana"}]}},"_links":{"self":[{"href":"https:\/\/www.ocean4future.org\/savetheocean\/wp-json\/wp\/v2\/posts\/11622","targetHints":{"allow":["GET"]}}],"collection":[{"href":"https:\/\/www.ocean4future.org\/savetheocean\/wp-json\/wp\/v2\/posts"}],"about":[{"href":"https:\/\/www.ocean4future.org\/savetheocean\/wp-json\/wp\/v2\/types\/post"}],"author":[{"embeddable":true,"href":"https:\/\/www.ocean4future.org\/savetheocean\/wp-json\/wp\/v2\/users\/2393"}],"replies":[{"embeddable":true,"href":"https:\/\/www.ocean4future.org\/savetheocean\/wp-json\/wp\/v2\/comments?post=11622"}],"version-history":[{"count":0,"href":"https:\/\/www.ocean4future.org\/savetheocean\/wp-json\/wp\/v2\/posts\/11622\/revisions"}],"wp:featuredmedia":[{"embeddable":true,"href":"https:\/\/www.ocean4future.org\/savetheocean\/wp-json\/wp\/v2\/media\/99824"}],"wp:attachment":[{"href":"https:\/\/www.ocean4future.org\/savetheocean\/wp-json\/wp\/v2\/media?parent=11622"}],"wp:term":[{"taxonomy":"category","embeddable":true,"href":"https:\/\/www.ocean4future.org\/savetheocean\/wp-json\/wp\/v2\/categories?post=11622"},{"taxonomy":"post_tag","embeddable":true,"href":"https:\/\/www.ocean4future.org\/savetheocean\/wp-json\/wp\/v2\/tags?post=11622"}],"curies":[{"name":"wp","href":"https:\/\/api.w.org\/{rel}","templated":true}]}}