{"id":115207,"date":"2025-03-29T00:02:00","date_gmt":"2025-03-28T23:02:00","guid":{"rendered":"https:\/\/www.ocean4future.org\/savetheocean\/?p=115207"},"modified":"2026-03-23T17:25:05","modified_gmt":"2026-03-23T16:25:05","slug":"le-vasche-di-san-vito","status":"publish","type":"post","link":"https:\/\/www.ocean4future.org\/savetheocean\/archives\/115207","title":{"rendered":"Le vasche di San Vito dell&#8217;Arsenale Militare della Spezia"},"content":{"rendered":"<span class=\"span-reading-time rt-reading-time\" style=\"display: block;\"><span class=\"rt-label rt-prefix\">tempo di lettura: <\/span> <span class=\"rt-time\"> 6<\/span> <span class=\"rt-label rt-postfix\">minuti<\/span><\/span><p><span style=\"color: #ffffff;\">.<\/span><br \/>\n<a class=\"maxbutton-4 maxbutton maxbutton-livello-di-comprensione\" href=\"javascript:void(0);\"><span class='mb-text'>livello elementare<\/span><\/a><\/p>\n<p><span style=\"color: #ffffff;\">.<\/span><\/p>\n<p><span style=\"color: #008000;\"><strong>ARGOMENTO: STORIA NAVALE&nbsp;<\/strong><\/span><br \/>\n<span style=\"color: #008000;\"><strong>PERIODO:&nbsp;<\/strong><\/span><br \/>\n<span style=\"color: #008000;\"><strong>AREA: DIDATTICA<\/strong><\/span><br \/>\nparole chiave: operazioni marittime<br \/>\n<span style=\"color: #ffffff;\">.<\/span><\/p>\n<p style=\"text-align: justify;\">Guardando la mappa dell\u2019arsenale della Spezia si nota subito un grande bacino interno diviso in due parti, situato quasi al suo estremo sud e collegato al mare solo da uno stretto canale. Anche la sua posizione \u00e8 piuttosto anomala perch\u00e9 lo specchio d\u2019acqua si stende sostanzialmente nell\u2019entroterra mentre tutte le altre strutture dell\u2019arsenale, per la loro natura, si affacciano quanto pi\u00f9 possibile in riva al mare. Si tratta delle cosiddette \u201cVasche di San Vito\u201d che ebbero una funzione importantissima bench\u00e9 sia stata esercitata solo per pochi anni. Vennero progettate da Domenico Chiodo per l\u2019immersione dei legnami, una delle operazioni pi\u00f9 importanti e delicate a cui veniva sottoposto il materiale prima di venire impiegato nelle costruzioni navali (1).<\/p>\n<p><img decoding=\"async\" class=\"\" src=\"https:\/\/www.ocean4future.org\/savetheocean\/wp-content\/uploads\/2025\/03\/Screenshot-2025-03-18-162522.png\" alt=\"Questa immagine ha l'attributo alt vuoto; il nome del file \u00e8 Screenshot-2025-03-18-162522.png\" width=\"840\" height=\"721\"><\/p>\n<p style=\"text-align: justify;\">Questi due grandi bacini, il cui impiego divenne quasi subito assolutamente irrilevante per la funzionalit\u00e0 dell\u2019arsenale, furono per\u00f2 uno dei primi impianti ad essere costruiti, comportando un grosso lavoro di scavo e pesanti interventi nell\u2019ambiente circostante.<\/p>\n<p><img decoding=\"async\" src=\"https:\/\/www.ocean4future.org\/savetheocean\/wp-content\/uploads\/2025\/03\/Screenshot-2025-03-18-162631.png\" alt=\"Questa immagine ha l'attributo alt vuoto; il nome del file \u00e8 Screenshot-2025-03-18-162631.png\"><\/p>\n<p style=\"text-align: justify;\">Per la costruzione fu sfruttata un\u2019area poco urbanizzata ma nonostante questo si dovette fagocitare, lato mare, quello che secondo la descrizione data dal generale Carlo Mezzacapo (2) nel suo \u201c<strong><span style=\"color: #008000;\">La Spezia &#8211; Studi marittimo-militari<\/span><\/strong>\u201d del 1857 era \u201c<em><strong><span style=\"color: #008000;\">\u2026 un piccolo seno un tempo detto delle Fornaci ed ora di San Vito, dal vicino borghetto che ne d\u00e0 il nome. Siede questo in riva al mare\u2026<\/span><\/strong><\/em>\u201d Anche la vicinissima Marola si trov\u00f2 a dover fare i conti con un meno comodo accesso al litorale (3). La costruzione dei bacini, addentrandosi profondamente verso il monte, impose anche una lunga deviazione della strada napoleonica per Portovenere (ora SP 530) che dovette seguire un percorso del tutto nuovo anzich\u00e9, come nel resto del golfo, venire limitata ad un semplice arretramento verso monte per posizionarsi all\u2019esterno del muro di cinta dell\u2019arsenale (noto come viale Niccol\u00f2 Fieschi).<\/p>\n<table style=\"border-collapse: collapse; width: 100%;\">\n<tbody>\n<tr>\n<td style=\"width: 100%; text-align: justify;\"><span style=\"color: #008000;\"><strong>Una curiosit\u00e0: Nel 1862 durante lo scavo dei bacini di immersione per il legname destinato alle costruzioni navali furono ritrovati i ruderi di una importante costruzione romana con mosaici, tubature in piombo, lucerne, monete ed un sarcofago, oggi conservati in gran parte al Museo Civico di la Spezia. Lo scopritore, Falconi, ritenne potessero essere testimonianze del borgo scomparso di Tigulia, come gi\u00e0 sospettato da Don Gaspare Massa nel 1667, in qualche modo legato al poeta latino Aulo Persio Flacco. Curiosamente, nel promontorio settentrionale della baia di Le Grazie di Portovenere, esiste una zona chiamata Percii dove si favoleggia fosse presente un&#8217;altra villa romana appartenente al poeta.<\/strong><\/span><\/td>\n<\/tr>\n<\/tbody>\n<\/table>\n<p style=\"text-align: justify;\">La Commissione, che svolse l\u2019inchiesta sullo stato del materiale della Regia Marina all\u2019indomani della battaglia di Lissa, nel verbale relativo al sopraluogo del 5 ottobre 1866 rilev\u00f2 che, al contrario del resto dell\u2019arsenale, i due bacini erano gi\u00e0 ultimati e mancavano solo piccole finiture. Questo fa ritenere che l\u2019autorit\u00e0 militare avesse fatto pressioni per averli disponibili il prima possibile: infatti, fino a quel momento, la marina sarda e poi italiana non aveva altra possibilit\u00e0 che usare a questo fine la sola <span style=\"color: #008000;\"><strong>darsena di Genova<\/strong><\/span>, in promiscuit\u00e0 con le navi che vi venivano ricoverate e pesantemente inquinata da rifiuti e da scarichi fognari (4). Le vasche erano intercomunicanti ma potevano essere isolate l\u2019una dall\u2019altra; esse vennero presto circondate da tettoie e da vari edifici per il deposito, la prima lavorazione e il successivo essiccamento del legname.<\/p>\n<p><img decoding=\"async\" class=\"\" src=\"https:\/\/www.ocean4future.org\/savetheocean\/wp-content\/uploads\/2025\/03\/Screenshot-2025-03-18-162714.png\" alt=\"Questa immagine ha l'attributo alt vuoto; il nome del file \u00e8 Screenshot-2025-03-18-162714.png\" width=\"841\" height=\"595\"><\/p>\n<p style=\"text-align: justify;\">L\u2019area di San Vito, pur stendendosi senza soluzione di continuit\u00e0 con il resto dell\u2019arsenale, forse per la sua posizione eccentrica, venne a lungo considerata come qualcosa a parte. Nel 1876 risultava composta dalle seguenti strutture:<\/p>\n<p style=\"text-align: justify;\"><strong><span style=\"color: #008000;\">&#8211; Fosse di immersione (mq 26.400) con 900 metri di banchine.<\/span><\/strong><br \/>\n<strong><span style=\"color: #008000;\">&#8211; Ponte scorrevole in ferro e legno lungo m 16 e largo m 1,50.<\/span><\/strong><br \/>\n<strong><span style=\"color: #008000;\">&#8211; Officina falegnami (mq. 1.152)<\/span><\/strong><br \/>\n<strong><span style=\"color: #008000;\">&#8211; Officina remieri (mq. 294)<\/span><\/strong><\/p>\n<p style=\"text-align: justify;\"><img decoding=\"async\" src=\"https:\/\/www.ocean4future.org\/savetheocean\/wp-content\/uploads\/2025\/03\/vasche-san-vito-2.png\" alt=\"Questa immagine ha l'attributo alt vuoto; il nome del file \u00e8 vasche-san-vito-2.png\" width=\"845\" height=\"660\"><\/p>\n<p align=\"justify\"><span style=\"color: #008000;\"><strong>sulla sinistra, prima della &#8220;Prima Darsena di Armamento&#8221;, si nota il piccolo canale di collegamento con le due grandi darsene di San Vito<\/strong><\/span><\/p>\n<p style=\"text-align: justify;\">Secondo i dati forniti dall\u2019<strong><span style=\"color: #008000;\">Annuario Italiano di Statistica del 1884<\/span><\/strong> il comprensorio di San Vito, in cui si trovavano anche alcuni servizi di artiglieria, comprendeva:<\/p>\n<p style=\"text-align: justify;\">&#8211; 5.495 metri quadrati di officine, fabbricati e tettoie<br \/>\n&#8211; 830 metri quadrati di magazzini<br \/>\n&#8211; 32.400 metri quadrati di vasche e serbatoi d\u2019acqua<br \/>\n&#8211; 1.200 metri di linea ferroviaria<br \/>\n&#8211; 950 m di strade<\/p>\n<p style=\"text-align: justify;\">Tuttavia il razionale progetto, l\u2019ampia metratura e la sollecita realizzazione delle Vasche di San Vito si inserirono in un momento di transizione delle costruzioni navali caratterizzato dal passaggio degli scafi in legno a quelli in ferro e, in pratica, il legname che vi venne immesso non serv\u00ec mai per nessuna nuova grande unit\u00e0, ma solo per la costruzione di imbarcazioni d\u2019uso locale e la manutenzione corrente, almeno finch\u00e9 restarono in servizio delle pi\u00f9 vecchie fregate e delle corazzate della prima generazione che, sotto la corazzatura, avevano lo scafo in legno. Gi\u00e0 nell\u2019elenco dei fabbricati esistenti nel 1876 non viene citata la presenza di depositi di legname in corso di stagionatura. Quindi la storia delle Vasche, appena cominciata, finisce subito, anche se i due bacini hanno continuato a servire come una comoda darsena per il ricovero di unit\u00e0 minori tanto che oggi sono ingombre di piccole imbarcazioni di servizio radiate in attesa di vendita per demolizione, mentre gli edifici circostanti, pi\u00f9 volte ampliati e rimodernati, mantengono la funzione originaria di magazzini anche se non pi\u00f9 per il legname.<\/p>\n<p><span style=\"color: #008000;\"><strong>Guglielmo Evangelista<\/strong><\/span><\/p>\n<p><strong><span style=\"color: #008000;\">Note<\/span><\/strong><\/p>\n<p style=\"text-align: justify;\">1) L\u2019immersione del legname era una pratica necessaria per eliminare da esso varie sostanze organiche e nidi di parassiti e preparare il prodotto per la stagionatura. Le modalit\u00e0 di esecuzione, i tempi e l\u2019acqua da usarsi, dolce o salata, furono oggetto di aspre controversie fra i tecnici. Nel \u201cManuale del costruttore navale\u201d (Hoepli, Milano 1915) si sosteneva che il miglior luogo italiano per effettuare l\u2019immersione fosse il mare di Castellammare di Stabia grazie alle molte vene di acqua dolce minerale che vi sfociavano e si mescolavano all\u2019acqua salata.<\/p>\n<p><img decoding=\"async\" class=\"alignleft\" src=\"https:\/\/www.ocean4future.org\/savetheocean\/wp-content\/uploads\/2025\/03\/Screenshot-2025-03-18-162841.png\" alt=\"Questa immagine ha l'attributo alt vuoto; il nome del file \u00e8 Screenshot-2025-03-18-162841.png\" width=\"249\" height=\"307\"><\/p>\n<p style=\"text-align: justify;\">2) <strong><span style=\"color: #008000;\">Carlo Mezzacapo<\/span><\/strong> fu un generale del Regio Esercito, nato a Capua nel 1817 e morto a Roma nel 1905. A lui \u00e8 intitolata una caserma costruita a Taranto alla fine del XIX secolo, attuale sede del Comando Reclutamento e Forze di Completamento Regionale &#8220;Calabria&#8221;.<\/p>\n<p style=\"text-align: justify;\">Mezzacapo, inizialmente un ufficiale di artiglieria nell&#8217;esercito delle Due Sicilie, che aveva frequentato il <strong><span style=\"color: #008000;\">Real Collegio Militare della Nunziatella<\/span><\/strong>, nel 1848 fece parte del corpo di spedizione di 15.000 uomini che il governo costituzionale di Carlo Troya invi\u00f2 in Lombardia, al comando di Guglielmo Pepe, in aiuto del Regno di Sardegna nella guerra contro l&#8217;Impero austriaco nel corso della Prima guerra di indipendenza italiana, Mezzacapo ebbe il non facile compito di coordinare le truppe napoletane con quelle sarde, una sfida linguistica non indifferente. Richiamato da Ferdinando II si rifiut\u00f2, con altri ufficiali tra cui il fratello Luigi, di rientrare a Napoli e combatt\u00e9 nel 1848 alla difesa di Venezia contro gli Austro-ungarici per poi rifugiarsi prima a Genova e poi a Torino dove diede vita alla <strong><span style=\"color: #008000;\">Biblioteca militare per uso della giovent\u00f9 italiana<\/span><\/strong> e fond\u00f2 la \u201c<strong><span style=\"color: #008000;\">Rivista Militare<\/span><\/strong>\u201d. Studioso di problemi topografici e di fortificazioni pubblic\u00f2 con il fratello Luigi gli \u201c<strong><span style=\"color: #008000;\">Studi topografici e strategici sull\u2019Italia<\/span><\/strong>\u201d che include anche le fortificazioni di La Spezia. Durante la II guerra di Indipendenza fu Capo di Stato Maggiore della Divisione Mezzacapo in Toscana, nel 1859, e quindi partecip\u00f2 con l\u2019Esercito regolare piemontese alla campagna dell\u2019Italia Meridionale del 1860. Fu eletto senatore nel 1876.<\/p>\n<p style=\"text-align: justify;\">(3) Si rese necessaria anche la demolizione del cimitero e della <strong><span style=\"color: #008000;\">chiesa medievale di San Vito<\/span><\/strong>, che dava il nome a tutta l\u2019area; il vecchio edificio di culto fu modificato e destinato ad altri usi, la nuova chiesa fu ricostruita nel 1884 a Marola esternamente all&#8217;Arsenale.<\/p>\n<p style=\"text-align: justify;\">4) A titolo comparativo si ricorda che la <strong><span style=\"color: #008000;\">darsena di Genova<\/span><\/strong>, dopo che una parte fu sacrificata per la costruzione del bacino di carenaggio, occupava un\u2019area di circa 25.000 metri quadrati, quindi di poco inferiore di quella di San Vito, ma era costantemente occupata dalle navi in disarmo e dalle imbarcazioni minori di servizio.<br \/>\n<span style=\"color: #ffffff;\">.<\/span><\/p>\n<p style=\"text-align: justify;\">foto in anteprima le vasche di San Vito &#8211; photo credit Luisa Fontona facebook<\/p>\n<p><span style=\"color: #ffffff;\">.<\/span><\/p>\n<p><a class=\"maxbutton-3 maxbutton maxbutton-pagina-principale\" target=\"_blank\" title=\"tooltip\" rel=\"nofollow noopener\" href=\"http:\/\/www.ocean4future.org\"><span class='mb-text'>PAGINA PRINCIPALE - HOME PAGE<\/span><\/a><br \/>\n<span style=\"color: #ffffff;\">.<\/span><\/p>\n<p style=\"text-align: justify;\">Alcune delle immagini possono essere state prese dal web, citandone ove possibile gli autori e\/o le fonti. Se qualcuno desiderasse specificarne l\u2019autore e le fonti o rimuoverle, pu\u00f2 scrivere a infoocean4future@gmail.com e provvederemo immediatamente alla correzione dell\u2019articolo<br \/>\n<span style=\"color: #ffffff;\">.<\/span><\/p>\n<p style=\"text-align: justify;\"><span style=\"color: #ffffff;\">.<\/span><\/p>\n","protected":false},"excerpt":{"rendered":"<p><span class=\"span-reading-time rt-reading-time\" style=\"display: block;\"><span class=\"rt-label rt-prefix\">tempo di lettura: <\/span> <span class=\"rt-time\"> 6<\/span> <span class=\"rt-label rt-postfix\">minuti<\/span><\/span>. . ARGOMENTO: STORIA NAVALE&nbsp; PERIODO:&nbsp; AREA: DIDATTICA parole chiave: operazioni marittime . Guardando la mappa dell\u2019arsenale della Spezia si nota subito un grande bacino interno diviso in due parti, situato quasi al suo estremo sud e collegato al mare solo da uno stretto canale. Anche la sua posizione \u00e8 piuttosto anomala perch\u00e9 lo specchio [&hellip;]<\/p>\n","protected":false},"author":2428,"featured_media":116139,"comment_status":"open","ping_status":"open","sticky":false,"template":"","format":"standard","meta":{"_acf_changed":false,"_monsterinsights_skip_tracking":false,"_monsterinsights_sitenote_active":false,"_monsterinsights_sitenote_note":"","_monsterinsights_sitenote_category":0,"footnotes":""},"categories":[2421],"tags":[],"class_list":["post-115207","post","type-post","status-publish","format-standard","has-post-thumbnail","hentry","category-storia-contemporanea-geopolitica"],"acf":[],"yoast_head":"<!-- This site is optimized with the Yoast SEO plugin v27.4 - https:\/\/yoast.com\/product\/yoast-seo-wordpress\/ -->\n<title>Le vasche di San Vito dell&#039;Arsenale Militare della Spezia &#8226; OCEAN4FUTURE autore<\/title>\n<meta name=\"robots\" content=\"index, follow, max-snippet:-1, max-image-preview:large, max-video-preview:-1\" \/>\n<link rel=\"canonical\" href=\"https:\/\/www.ocean4future.org\/savetheocean\/archives\/115207\" \/>\n<meta property=\"og:locale\" content=\"it_IT\" \/>\n<meta property=\"og:type\" content=\"article\" \/>\n<meta property=\"og:title\" content=\"Le vasche di San Vito dell&#039;Arsenale Militare della Spezia &#8226; OCEAN4FUTURE autore\" \/>\n<meta property=\"og:description\" content=\"tempo di lettura:  6 minuti. . ARGOMENTO: STORIA NAVALE&nbsp; PERIODO:&nbsp; AREA: DIDATTICA parole chiave: operazioni marittime . Guardando la mappa dell\u2019arsenale della Spezia si nota subito un grande bacino interno diviso in due parti, situato quasi al suo estremo sud e collegato al mare solo da uno stretto canale. Anche la sua posizione \u00e8 piuttosto anomala perch\u00e9 lo specchio [&hellip;]\" \/>\n<meta property=\"og:url\" content=\"https:\/\/www.ocean4future.org\/savetheocean\/archives\/115207\" \/>\n<meta property=\"og:site_name\" content=\"OCEAN4FUTURE\" \/>\n<meta property=\"article:published_time\" content=\"2025-03-28T23:02:00+00:00\" \/>\n<meta property=\"article:modified_time\" content=\"2026-03-23T16:25:05+00:00\" \/>\n<meta property=\"og:image\" content=\"https:\/\/www.ocean4future.org\/savetheocean\/wp-content\/uploads\/2025\/03\/Screenshot-2025-03-18-172837.png\" \/>\n\t<meta property=\"og:image:width\" content=\"1248\" \/>\n\t<meta property=\"og:image:height\" content=\"724\" \/>\n\t<meta property=\"og:image:type\" content=\"image\/png\" \/>\n<meta name=\"author\" content=\"Guglielmo Evangelista\" \/>\n<meta name=\"twitter:card\" content=\"summary_large_image\" \/>\n<meta name=\"twitter:creator\" content=\"@ocean4future\" \/>\n<meta name=\"twitter:site\" content=\"@ocean4future\" \/>\n<meta name=\"twitter:label1\" content=\"Scritto da\" \/>\n\t<meta name=\"twitter:data1\" content=\"Guglielmo Evangelista\" \/>\n\t<meta name=\"twitter:label2\" content=\"Tempo di lettura stimato\" \/>\n\t<meta name=\"twitter:data2\" content=\"9 minuti\" \/>\n<script type=\"application\/ld+json\" class=\"yoast-schema-graph\">{\"@context\":\"https:\\\/\\\/schema.org\",\"@graph\":[{\"@type\":\"Article\",\"@id\":\"https:\\\/\\\/www.ocean4future.org\\\/savetheocean\\\/archives\\\/115207#article\",\"isPartOf\":{\"@id\":\"https:\\\/\\\/www.ocean4future.org\\\/savetheocean\\\/archives\\\/115207\"},\"author\":{\"name\":\"Guglielmo Evangelista\",\"@id\":\"https:\\\/\\\/www.ocean4future.org\\\/savetheocean\\\/#\\\/schema\\\/person\\\/3dd16465e3eca75b65ae959225362b71\"},\"headline\":\"Le vasche di San Vito dell&#8217;Arsenale Militare della Spezia\",\"datePublished\":\"2025-03-28T23:02:00+00:00\",\"dateModified\":\"2026-03-23T16:25:05+00:00\",\"mainEntityOfPage\":{\"@id\":\"https:\\\/\\\/www.ocean4future.org\\\/savetheocean\\\/archives\\\/115207\"},\"wordCount\":1396,\"commentCount\":0,\"publisher\":{\"@id\":\"https:\\\/\\\/www.ocean4future.org\\\/savetheocean\\\/#\\\/schema\\\/person\\\/4e1c26437054353074d7bb2efa77162c\"},\"image\":{\"@id\":\"https:\\\/\\\/www.ocean4future.org\\\/savetheocean\\\/archives\\\/115207#primaryimage\"},\"thumbnailUrl\":\"https:\\\/\\\/www.ocean4future.org\\\/savetheocean\\\/wp-content\\\/uploads\\\/2025\\\/03\\\/Screenshot-2025-03-18-172837.png\",\"articleSection\":[\"Storia Contemporanea\"],\"inLanguage\":\"it-IT\",\"potentialAction\":[{\"@type\":\"CommentAction\",\"name\":\"Comment\",\"target\":[\"https:\\\/\\\/www.ocean4future.org\\\/savetheocean\\\/archives\\\/115207#respond\"]}]},{\"@type\":\"WebPage\",\"@id\":\"https:\\\/\\\/www.ocean4future.org\\\/savetheocean\\\/archives\\\/115207\",\"url\":\"https:\\\/\\\/www.ocean4future.org\\\/savetheocean\\\/archives\\\/115207\",\"name\":\"Le vasche di San Vito dell'Arsenale Militare della Spezia &#8226; OCEAN4FUTURE autore\",\"isPartOf\":{\"@id\":\"https:\\\/\\\/www.ocean4future.org\\\/savetheocean\\\/#website\"},\"primaryImageOfPage\":{\"@id\":\"https:\\\/\\\/www.ocean4future.org\\\/savetheocean\\\/archives\\\/115207#primaryimage\"},\"image\":{\"@id\":\"https:\\\/\\\/www.ocean4future.org\\\/savetheocean\\\/archives\\\/115207#primaryimage\"},\"thumbnailUrl\":\"https:\\\/\\\/www.ocean4future.org\\\/savetheocean\\\/wp-content\\\/uploads\\\/2025\\\/03\\\/Screenshot-2025-03-18-172837.png\",\"datePublished\":\"2025-03-28T23:02:00+00:00\",\"dateModified\":\"2026-03-23T16:25:05+00:00\",\"breadcrumb\":{\"@id\":\"https:\\\/\\\/www.ocean4future.org\\\/savetheocean\\\/archives\\\/115207#breadcrumb\"},\"inLanguage\":\"it-IT\",\"potentialAction\":[{\"@type\":\"ReadAction\",\"target\":[\"https:\\\/\\\/www.ocean4future.org\\\/savetheocean\\\/archives\\\/115207\"]}]},{\"@type\":\"ImageObject\",\"inLanguage\":\"it-IT\",\"@id\":\"https:\\\/\\\/www.ocean4future.org\\\/savetheocean\\\/archives\\\/115207#primaryimage\",\"url\":\"https:\\\/\\\/www.ocean4future.org\\\/savetheocean\\\/wp-content\\\/uploads\\\/2025\\\/03\\\/Screenshot-2025-03-18-172837.png\",\"contentUrl\":\"https:\\\/\\\/www.ocean4future.org\\\/savetheocean\\\/wp-content\\\/uploads\\\/2025\\\/03\\\/Screenshot-2025-03-18-172837.png\",\"width\":1248,\"height\":724},{\"@type\":\"BreadcrumbList\",\"@id\":\"https:\\\/\\\/www.ocean4future.org\\\/savetheocean\\\/archives\\\/115207#breadcrumb\",\"itemListElement\":[{\"@type\":\"ListItem\",\"position\":1,\"name\":\"Home\",\"item\":\"https:\\\/\\\/www.ocean4future.org\\\/savetheocean\"},{\"@type\":\"ListItem\",\"position\":2,\"name\":\"Le vasche di San Vito dell&#8217;Arsenale Militare della Spezia\"}]},{\"@type\":\"WebSite\",\"@id\":\"https:\\\/\\\/www.ocean4future.org\\\/savetheocean\\\/#website\",\"url\":\"https:\\\/\\\/www.ocean4future.org\\\/savetheocean\\\/\",\"name\":\"Ocean 4 Future\",\"description\":\"Per una nuova cultura del mare e della marittimit\u00e0\",\"publisher\":{\"@id\":\"https:\\\/\\\/www.ocean4future.org\\\/savetheocean\\\/#\\\/schema\\\/person\\\/4e1c26437054353074d7bb2efa77162c\"},\"potentialAction\":[{\"@type\":\"SearchAction\",\"target\":{\"@type\":\"EntryPoint\",\"urlTemplate\":\"https:\\\/\\\/www.ocean4future.org\\\/savetheocean\\\/?s={search_term_string}\"},\"query-input\":{\"@type\":\"PropertyValueSpecification\",\"valueRequired\":true,\"valueName\":\"search_term_string\"}}],\"inLanguage\":\"it-IT\"},{\"@type\":[\"Person\",\"Organization\"],\"@id\":\"https:\\\/\\\/www.ocean4future.org\\\/savetheocean\\\/#\\\/schema\\\/person\\\/4e1c26437054353074d7bb2efa77162c\",\"name\":\"oceandiver\",\"image\":{\"@type\":\"ImageObject\",\"inLanguage\":\"it-IT\",\"@id\":\"https:\\\/\\\/www.ocean4future.org\\\/savetheocean\\\/wp-content\\\/uploads\\\/2023\\\/04\\\/logo-ocean3.jpg\",\"url\":\"https:\\\/\\\/www.ocean4future.org\\\/savetheocean\\\/wp-content\\\/uploads\\\/2023\\\/04\\\/logo-ocean3.jpg\",\"contentUrl\":\"https:\\\/\\\/www.ocean4future.org\\\/savetheocean\\\/wp-content\\\/uploads\\\/2023\\\/04\\\/logo-ocean3.jpg\",\"width\":472,\"height\":301,\"caption\":\"oceandiver\"},\"logo\":{\"@id\":\"https:\\\/\\\/www.ocean4future.org\\\/savetheocean\\\/wp-content\\\/uploads\\\/2023\\\/04\\\/logo-ocean3.jpg\"}},{\"@type\":\"Person\",\"@id\":\"https:\\\/\\\/www.ocean4future.org\\\/savetheocean\\\/#\\\/schema\\\/person\\\/3dd16465e3eca75b65ae959225362b71\",\"name\":\"Guglielmo Evangelista\",\"image\":{\"@type\":\"ImageObject\",\"inLanguage\":\"it-IT\",\"@id\":\"https:\\\/\\\/secure.gravatar.com\\\/avatar\\\/8543fae321a3a9d0dc4969a44c25b3990d365743f80a3573c9993c240078027b?s=96&d=mm&r=g\",\"url\":\"https:\\\/\\\/secure.gravatar.com\\\/avatar\\\/8543fae321a3a9d0dc4969a44c25b3990d365743f80a3573c9993c240078027b?s=96&d=mm&r=g\",\"contentUrl\":\"https:\\\/\\\/secure.gravatar.com\\\/avatar\\\/8543fae321a3a9d0dc4969a44c25b3990d365743f80a3573c9993c240078027b?s=96&d=mm&r=g\",\"caption\":\"Guglielmo Evangelista\"},\"description\":\"nasce a Broni (PV) nel 1951. Laureato in giurisprudenza \u00e8 stato ufficiale delle Capitanerie di Porto e successivamente funzionario di un Ente Pubblico. Ha al suo attivo nove libri fra cui \u201cStoria delle Capitanerie di porto\u201d , \u201cDuemila anni di navigazione padana\u201d e \u201cLe ancore e la tiara \u2013 La Marina Pontificia fra Restaurazione e Risorgimento\u201d ed oltre 400 articoli che riguardano storia, economia e trasporti. Collabora con numerosi periodici specializzati fra cui la Rivista Marittima\u201d.\",\"url\":\"https:\\\/\\\/www.ocean4future.org\\\/savetheocean\\\/archives\\\/author\\\/guglielmo-evangelista\"}]}<\/script>\n<!-- \/ Yoast SEO plugin. -->","yoast_head_json":{"title":"Le vasche di San Vito dell'Arsenale Militare della Spezia &#8226; OCEAN4FUTURE autore","robots":{"index":"index","follow":"follow","max-snippet":"max-snippet:-1","max-image-preview":"max-image-preview:large","max-video-preview":"max-video-preview:-1"},"canonical":"https:\/\/www.ocean4future.org\/savetheocean\/archives\/115207","og_locale":"it_IT","og_type":"article","og_title":"Le vasche di San Vito dell'Arsenale Militare della Spezia &#8226; OCEAN4FUTURE autore","og_description":"tempo di lettura:  6 minuti. . ARGOMENTO: STORIA NAVALE&nbsp; PERIODO:&nbsp; AREA: DIDATTICA parole chiave: operazioni marittime . Guardando la mappa dell\u2019arsenale della Spezia si nota subito un grande bacino interno diviso in due parti, situato quasi al suo estremo sud e collegato al mare solo da uno stretto canale. Anche la sua posizione \u00e8 piuttosto anomala perch\u00e9 lo specchio [&hellip;]","og_url":"https:\/\/www.ocean4future.org\/savetheocean\/archives\/115207","og_site_name":"OCEAN4FUTURE","article_published_time":"2025-03-28T23:02:00+00:00","article_modified_time":"2026-03-23T16:25:05+00:00","og_image":[{"width":1248,"height":724,"url":"https:\/\/www.ocean4future.org\/savetheocean\/wp-content\/uploads\/2025\/03\/Screenshot-2025-03-18-172837.png","type":"image\/png"}],"author":"Guglielmo Evangelista","twitter_card":"summary_large_image","twitter_creator":"@ocean4future","twitter_site":"@ocean4future","twitter_misc":{"Scritto da":"Guglielmo Evangelista","Tempo di lettura stimato":"9 minuti"},"schema":{"@context":"https:\/\/schema.org","@graph":[{"@type":"Article","@id":"https:\/\/www.ocean4future.org\/savetheocean\/archives\/115207#article","isPartOf":{"@id":"https:\/\/www.ocean4future.org\/savetheocean\/archives\/115207"},"author":{"name":"Guglielmo Evangelista","@id":"https:\/\/www.ocean4future.org\/savetheocean\/#\/schema\/person\/3dd16465e3eca75b65ae959225362b71"},"headline":"Le vasche di San Vito dell&#8217;Arsenale Militare della Spezia","datePublished":"2025-03-28T23:02:00+00:00","dateModified":"2026-03-23T16:25:05+00:00","mainEntityOfPage":{"@id":"https:\/\/www.ocean4future.org\/savetheocean\/archives\/115207"},"wordCount":1396,"commentCount":0,"publisher":{"@id":"https:\/\/www.ocean4future.org\/savetheocean\/#\/schema\/person\/4e1c26437054353074d7bb2efa77162c"},"image":{"@id":"https:\/\/www.ocean4future.org\/savetheocean\/archives\/115207#primaryimage"},"thumbnailUrl":"https:\/\/www.ocean4future.org\/savetheocean\/wp-content\/uploads\/2025\/03\/Screenshot-2025-03-18-172837.png","articleSection":["Storia Contemporanea"],"inLanguage":"it-IT","potentialAction":[{"@type":"CommentAction","name":"Comment","target":["https:\/\/www.ocean4future.org\/savetheocean\/archives\/115207#respond"]}]},{"@type":"WebPage","@id":"https:\/\/www.ocean4future.org\/savetheocean\/archives\/115207","url":"https:\/\/www.ocean4future.org\/savetheocean\/archives\/115207","name":"Le vasche di San Vito dell'Arsenale Militare della Spezia &#8226; OCEAN4FUTURE autore","isPartOf":{"@id":"https:\/\/www.ocean4future.org\/savetheocean\/#website"},"primaryImageOfPage":{"@id":"https:\/\/www.ocean4future.org\/savetheocean\/archives\/115207#primaryimage"},"image":{"@id":"https:\/\/www.ocean4future.org\/savetheocean\/archives\/115207#primaryimage"},"thumbnailUrl":"https:\/\/www.ocean4future.org\/savetheocean\/wp-content\/uploads\/2025\/03\/Screenshot-2025-03-18-172837.png","datePublished":"2025-03-28T23:02:00+00:00","dateModified":"2026-03-23T16:25:05+00:00","breadcrumb":{"@id":"https:\/\/www.ocean4future.org\/savetheocean\/archives\/115207#breadcrumb"},"inLanguage":"it-IT","potentialAction":[{"@type":"ReadAction","target":["https:\/\/www.ocean4future.org\/savetheocean\/archives\/115207"]}]},{"@type":"ImageObject","inLanguage":"it-IT","@id":"https:\/\/www.ocean4future.org\/savetheocean\/archives\/115207#primaryimage","url":"https:\/\/www.ocean4future.org\/savetheocean\/wp-content\/uploads\/2025\/03\/Screenshot-2025-03-18-172837.png","contentUrl":"https:\/\/www.ocean4future.org\/savetheocean\/wp-content\/uploads\/2025\/03\/Screenshot-2025-03-18-172837.png","width":1248,"height":724},{"@type":"BreadcrumbList","@id":"https:\/\/www.ocean4future.org\/savetheocean\/archives\/115207#breadcrumb","itemListElement":[{"@type":"ListItem","position":1,"name":"Home","item":"https:\/\/www.ocean4future.org\/savetheocean"},{"@type":"ListItem","position":2,"name":"Le vasche di San Vito dell&#8217;Arsenale Militare della Spezia"}]},{"@type":"WebSite","@id":"https:\/\/www.ocean4future.org\/savetheocean\/#website","url":"https:\/\/www.ocean4future.org\/savetheocean\/","name":"Ocean 4 Future","description":"Per una nuova cultura del mare e della marittimit\u00e0","publisher":{"@id":"https:\/\/www.ocean4future.org\/savetheocean\/#\/schema\/person\/4e1c26437054353074d7bb2efa77162c"},"potentialAction":[{"@type":"SearchAction","target":{"@type":"EntryPoint","urlTemplate":"https:\/\/www.ocean4future.org\/savetheocean\/?s={search_term_string}"},"query-input":{"@type":"PropertyValueSpecification","valueRequired":true,"valueName":"search_term_string"}}],"inLanguage":"it-IT"},{"@type":["Person","Organization"],"@id":"https:\/\/www.ocean4future.org\/savetheocean\/#\/schema\/person\/4e1c26437054353074d7bb2efa77162c","name":"oceandiver","image":{"@type":"ImageObject","inLanguage":"it-IT","@id":"https:\/\/www.ocean4future.org\/savetheocean\/wp-content\/uploads\/2023\/04\/logo-ocean3.jpg","url":"https:\/\/www.ocean4future.org\/savetheocean\/wp-content\/uploads\/2023\/04\/logo-ocean3.jpg","contentUrl":"https:\/\/www.ocean4future.org\/savetheocean\/wp-content\/uploads\/2023\/04\/logo-ocean3.jpg","width":472,"height":301,"caption":"oceandiver"},"logo":{"@id":"https:\/\/www.ocean4future.org\/savetheocean\/wp-content\/uploads\/2023\/04\/logo-ocean3.jpg"}},{"@type":"Person","@id":"https:\/\/www.ocean4future.org\/savetheocean\/#\/schema\/person\/3dd16465e3eca75b65ae959225362b71","name":"Guglielmo Evangelista","image":{"@type":"ImageObject","inLanguage":"it-IT","@id":"https:\/\/secure.gravatar.com\/avatar\/8543fae321a3a9d0dc4969a44c25b3990d365743f80a3573c9993c240078027b?s=96&d=mm&r=g","url":"https:\/\/secure.gravatar.com\/avatar\/8543fae321a3a9d0dc4969a44c25b3990d365743f80a3573c9993c240078027b?s=96&d=mm&r=g","contentUrl":"https:\/\/secure.gravatar.com\/avatar\/8543fae321a3a9d0dc4969a44c25b3990d365743f80a3573c9993c240078027b?s=96&d=mm&r=g","caption":"Guglielmo Evangelista"},"description":"nasce a Broni (PV) nel 1951. Laureato in giurisprudenza \u00e8 stato ufficiale delle Capitanerie di Porto e successivamente funzionario di un Ente Pubblico. Ha al suo attivo nove libri fra cui \u201cStoria delle Capitanerie di porto\u201d , \u201cDuemila anni di navigazione padana\u201d e \u201cLe ancore e la tiara \u2013 La Marina Pontificia fra Restaurazione e Risorgimento\u201d ed oltre 400 articoli che riguardano storia, economia e trasporti. Collabora con numerosi periodici specializzati fra cui la Rivista Marittima\u201d.","url":"https:\/\/www.ocean4future.org\/savetheocean\/archives\/author\/guglielmo-evangelista"}]}},"_links":{"self":[{"href":"https:\/\/www.ocean4future.org\/savetheocean\/wp-json\/wp\/v2\/posts\/115207","targetHints":{"allow":["GET"]}}],"collection":[{"href":"https:\/\/www.ocean4future.org\/savetheocean\/wp-json\/wp\/v2\/posts"}],"about":[{"href":"https:\/\/www.ocean4future.org\/savetheocean\/wp-json\/wp\/v2\/types\/post"}],"author":[{"embeddable":true,"href":"https:\/\/www.ocean4future.org\/savetheocean\/wp-json\/wp\/v2\/users\/2428"}],"replies":[{"embeddable":true,"href":"https:\/\/www.ocean4future.org\/savetheocean\/wp-json\/wp\/v2\/comments?post=115207"}],"version-history":[{"count":1,"href":"https:\/\/www.ocean4future.org\/savetheocean\/wp-json\/wp\/v2\/posts\/115207\/revisions"}],"predecessor-version":[{"id":126684,"href":"https:\/\/www.ocean4future.org\/savetheocean\/wp-json\/wp\/v2\/posts\/115207\/revisions\/126684"}],"wp:featuredmedia":[{"embeddable":true,"href":"https:\/\/www.ocean4future.org\/savetheocean\/wp-json\/wp\/v2\/media\/116139"}],"wp:attachment":[{"href":"https:\/\/www.ocean4future.org\/savetheocean\/wp-json\/wp\/v2\/media?parent=115207"}],"wp:term":[{"taxonomy":"category","embeddable":true,"href":"https:\/\/www.ocean4future.org\/savetheocean\/wp-json\/wp\/v2\/categories?post=115207"},{"taxonomy":"post_tag","embeddable":true,"href":"https:\/\/www.ocean4future.org\/savetheocean\/wp-json\/wp\/v2\/tags?post=115207"}],"curies":[{"name":"wp","href":"https:\/\/api.w.org\/{rel}","templated":true}]}}