{"id":115206,"date":"2025-03-22T00:02:00","date_gmt":"2025-03-21T23:02:00","guid":{"rendered":"https:\/\/www.ocean4future.org\/savetheocean\/?p=115206"},"modified":"2026-03-17T09:51:10","modified_gmt":"2026-03-17T08:51:10","slug":"la-polveriera-di-panigaglia","status":"publish","type":"post","link":"https:\/\/www.ocean4future.org\/savetheocean\/archives\/115206","title":{"rendered":"Da sorgitore della Squadra navale americana a polveriera al servizio del nuovo Arsenale della Spezia (1861): la storia marittima di Panigaglia"},"content":{"rendered":"<span class=\"span-reading-time rt-reading-time\" style=\"display: block;\"><span class=\"rt-label rt-prefix\">tempo di lettura: <\/span> <span class=\"rt-time\"> 6<\/span> <span class=\"rt-label rt-postfix\">minuti<\/span><\/span><p><span style=\"color: #ffffff;\">.<\/span><\/p>\n<a class=\"maxbutton-4 maxbutton maxbutton-livello-di-comprensione\" href=\"javascript:void(0);\"><span class='mb-text'>livello elementare<\/span><\/a>\n<p><span style=\"color: #ffffff;\">.<\/span><\/p>\n<p><span style=\"color: #008000;\"><strong>ARGOMENTO: STORIA&nbsp; NAVALE<\/strong><\/span><br \/>\n<span style=\"color: #008000;\"><strong>PERIODO: XIX SECOLO<\/strong><\/span><br \/>\n<span style=\"color: #008000;\"><strong>AREA: DIDATTICA<\/strong><\/span><br \/>\nparole chiave: La Spezia, Panigaglia (Portovenere)<br \/>\n<span style=\"color: #ffffff;\">.<\/span><\/p>\n<p align=\"justify\">In Italia, specialmente sugli Appennini, ci sono molte piccole localit\u00e0 virtualmente scomparse, ridotte a ruderi abbandonati i cui abitanti si sono trasferiti altrove. La scomparsa del paese di Panigaglia rappresenta per\u00f2 un caso a parte. In primo luogo non si trattava di poche abitazioni isolate fra i monti, ma di un centro marittimo, non fra i pi\u00f9 piccoli e ben collegato, che per\u00f2 ha visto la sua importanza diminuire senza un preciso motivo, perdendo nel tempo prima la sede parrocchiale e poi il rango di comune. Il nome \u00e8 ben noto a chiunque conosca il golfo della Spezia e a causa dei suoi impianti industriali \u00e8 salito spesso alla ribalta della cronaca ma \u00e8 inutile cercare le tracce di un qualsiasi centro abitato perch\u00e9 esso \u00e8 completamente scomparso, raso al suolo non da un\u2019antica incursione saracena, da un evento naturale o da un bombardamento, ma dall\u2019opera dell\u2019uomo. Fino agli inizi dell\u2019800, durante la Repubblica Ligure, il comune contava 648 abitanti<span style=\"color: #008000;\"> <strong><sup>1<\/sup><\/strong> <\/span>ed era pi\u00f9 popoloso di Corniglia, Manarola e Porto Venere, di cui nel 1805 divent\u00f2 una frazione insieme a Le Grazie e Fezzano. La chiesa di Sant\u2019Andrea Apostolo aveva perso il titolo parrocchiale fin dal 1798, trasferito al Santuario delle Grazie che un\u00ec al proprio il suo nome.<\/p>\n<p><img decoding=\"async\" class=\"\" src=\"https:\/\/www.ocean4future.org\/savetheocean\/wp-content\/uploads\/2025\/03\/Screenshot-2025-03-16-090339.png\" alt=\"Questa immagine ha l'attributo alt vuoto; il nome del file \u00e8 Screenshot-2025-03-16-090339.png\" width=\"840\" height=\"629\"><\/p>\n<p><img decoding=\"async\" src=\"https:\/\/www.ocean4future.org\/savetheocean\/wp-content\/uploads\/2025\/03\/Document_20250316_0001-1024x605.jpg\" alt=\"Questa immagine ha l'attributo alt vuoto; il nome del file \u00e8 Document_20250316_0001-1024x605.jpg\" width=\"1024\" height=\"605\"><\/p>\n<p align=\"justify\"><span style=\"color: #008000;\"><strong>Commissione d&#8217;Arcolli\u00e9res, Piano livellato e a curve orizzontali della penisola della Castellana e di Porto Venere nel Golfo di La Spezia, . Fonte Progetto di massima per lo stabilimento di un arsenale marittimo nel Golfo della Spezia, 27 luglio 1849 &#8211; notare in basso a destra il seno di Panigaglia con le sue infrastrutture, da La Spezia di Paolo Cevini, pag. 84, pubblicato 1984, foto Attilio Maranzano, SAGEP Editrice<\/strong><\/span><\/p>\n<p align=\"justify\">La scomparsa quasi completa di Panigaglia fu dovuta alla costruzione della polveriera a servizio della base navale della Spezia la cui presenza era incompatibile con l\u2019abitato, non solo per motivi di sicurezza, ma soprattutto perch\u00e9 i grandi magazzini, opportunamente distanziati, e la zona di rispetto occupavano l\u2019intero fondo della baia, dalla strada per Portovenere e dai primi rilievi fino al mare. La costruzione del complesso militare fu autorizzata con legge del 28 luglio 1861, e l\u2019impresa Colombo e Descalzi complet\u00f2 il lavoro nel 1867.<br \/>\nLa polveriera comprendeva in origine:<br \/>\n&#8211; due magazzini per polvere da sparo di cui uno a prova di bomba della capacit\u00e0 di 500 tonnellate.<br \/>\n&#8211; quattro magazzini per granate di cui uno a prova di bomba della capacit\u00e0 di 20000 pezzi.<br \/>\n&#8211; un laboratorio.<br \/>\n&#8211; un fabbricato per uffici, corpo di guardia e magazzino.<br \/>\nNella valle dell\u2019Acquasanta venne costruita una polveriera di riserva capace di 200 tonnellate di polvere. A Panigaglia, comunque, gli esplosivi si lavoravano poco poich\u00e9 serviva soprattutto per custodire le munizioni delle navi che entravano in arsenale e che venivano reimbarcate quando partivano per attivit\u00e0 operative. Ad ogni modo rimase qualche casa d\u2019abitazione in posizione decentrata con un piccolo molo come si desume dalle mappe e come dimostra l\u2019illustrazione relativo ad un salvataggio comparsa sul periodico \u201cIl Carabiniere\u201d del 1887.<\/p>\n<p><img decoding=\"async\" class=\"\" src=\"https:\/\/www.ocean4future.org\/savetheocean\/wp-content\/uploads\/2025\/03\/Screenshot-2025-03-16-090541.png\" alt=\"Questa immagine ha l'attributo alt vuoto; il nome del file \u00e8 Screenshot-2025-03-16-090541.png\" width=\"843\" height=\"676\"><\/p>\n<p><img decoding=\"async\" class=\"\" src=\"https:\/\/www.ocean4future.org\/savetheocean\/wp-content\/uploads\/2025\/03\/Screenshot-2025-03-16-090626.png\" alt=\"Questa immagine ha l'attributo alt vuoto; il nome del file \u00e8 Screenshot-2025-03-16-090626.png\" width=\"833\" height=\"535\"><\/p>\n<p align=\"justify\">Il personale che era destinato alla polveriera (nel 1886 contava 45 marinai) alloggiava normalmente su qualche nave messa a disposizione dal <strong><span style=\"color: #008000;\">Comando del Dipartimento Marittimo<\/span><\/strong> scegliendola fra quelle non pi\u00f9 utilizzabili o temporaneamente in disarmo che veniva ancorata di fronte allo stabilimento; pi\u00f9 tardi furono anche predisposti alloggi a terra, fra cui uno per un ufficiale e uno per un sottufficiale. Altre unit\u00e0 svolgevano servizio di vigilanza incrociando nello specchio d\u2019acqua antistante la polveriera: a volte erano navi di uso locale come la <strong><span style=\"color: #008000;\">goletta Marettimo<\/span><\/strong>, a volte navi di ben altro calibro ma temporaneamente \u201csfaccendate\u201d , come la <strong><span style=\"color: #008000;\">corazzata Conte Verde<\/span><\/strong>.<\/p>\n<p><img decoding=\"async\" class=\"\" src=\"https:\/\/www.ocean4future.org\/savetheocean\/wp-content\/uploads\/2025\/03\/Screenshot-2025-03-16-090726.png\" alt=\"Questa immagine ha l'attributo alt vuoto; il nome del file \u00e8 Screenshot-2025-03-16-090726.png\" width=\"831\" height=\"500\"><\/p>\n<p align=\"justify\">A Panigaglia si trovava anche una sorgente eccezionalmente abbondante la cui acqua era raccolta in un serbatoio capace di 257 metri cubi che soddisfaceva totalmente ai bisogni della flotta. Dal 1859 le navi venivano regolarmente a rifornirsi e l\u2019acqua era caricata a mezzo di tubi di tela su appositi cassoni posti sulle barche e poi portata a bordo; inoltre serviva anche all\u2019approvvigionamento idrico degli stabilimenti militari del Varignano e della Palmaria. Peraltro questa sorgente non va confusa con la vicina e celebre polla sottomarina di Cadimare che si trovava pi\u00f9 a nord in direzione di Spezia, scomparsa a causa degli interramenti dovuti alla creazione dei depositi di carbone dell\u2019arsenale. La costruzione della polveriera modific\u00f2 completamente l\u2019aspetto della zona. Venne anche atterrata la<strong><span style=\"color: #008000;\"> chiesa di Sant\u2019Andrea<\/span><\/strong> e con essa <strong><span style=\"color: #008000;\">il cimitero dei marinai statunitensi<\/span> <\/strong>poich\u00e9 dal 1848 il seno di Panigaglia era regolarmente frequentato dalle navi americane che vi avevano costruito alcuni magazzini e sfruttavano la sorgente. La militarizzazione del golfo rese impossibile la permanenza della squadra americana che, ritornata dopo l\u2019assenza dovuta alla guerra civile, \u201csloggi\u00f2\u201d definitivamente nel 1868. Quando nel 1929 una missione statunitense si rec\u00f2 a Panigaglia non rintracci\u00f2 quasi nulla: solo pochi frammenti di iscrizioni e una lapide integra murata sul muro di cinta della polveriera. Qualche resto delle inumazioni \u00e8 tornato ancora alla luce durante alcuni lavori di scavo svoltisi negli anni \u201970.<\/p>\n<p><img decoding=\"async\" class=\"\" src=\"https:\/\/www.ocean4future.org\/savetheocean\/wp-content\/uploads\/2025\/03\/Screenshot-2025-03-16-090742.png\" alt=\"Questa immagine ha l'attributo alt vuoto; il nome del file \u00e8 Screenshot-2025-03-16-090742.png\" width=\"855\" height=\"730\"><\/p>\n<p align=\"justify\">La storia registra una lunga serie di esplosioni di polveriere, quasi sempre con effetti disastrosi per le localit\u00e0 abitate e per chi vi lavorava. Limitandoci alla Spezia ricordiamo quella di Falconara il 22 settembre 1922. Queste tragedie, che avvennero in tutta Italia e in tutti i tempi, causarono centinaia di morti e danni materiali enormi. Panigaglia in un certo senso fu un\u2019eccezione perch\u00e9 i suoi decenni di vita non registrano eventi troppo gravi, ma in questi stabilimenti il pericolo \u00e8 sempre in agguato e quindi anche qui non manc\u00f2 qualche incidente. Nell\u2019ottobre 1902 lo scoppio di una granata in corso di caricamento uccise sul colpo cinque operai e altri due, Francesco Bonati e Francesco Cavara morirono in ospedale per le ferite ricevute. Poich\u00e9 la lavorazione dei proiettili avveniva in un casotto isolato sulla spiaggia lontano duecento metri dalle mura, non vi furono danni alle strutture. Il 3 agosto 1928 un incendio distrusse due capannoni, ma si riusc\u00ec ad evitare conseguenze peggiori e su coloro che erano intervenuti a portare soccorso cadde una pioggia di medaglie d\u2019argento e di bronzo al valor militare. Vi fu sono solo un ferito grave e uno leggero. Un altro incendio si verific\u00f2 nel 1930 in circostanze piuttosto singolari e non tocc\u00f2 la polveriera perch\u00e9 scoppi\u00f2 fra la vegetazione circostante. Una sentinella, vedendo le fiamme, dette l\u2019allarme facendo intervenire la squadra antincendio e la stessa sentinella blocc\u00f2 con l\u2019arma spianata un uomo che fuggiva. Bruci\u00f2 solo un po\u2019 di vegetazione e la causa sembra che si sia trattato solo di un fiammifero lasciato cadere dall\u2019incauto fumatore che fu arrestato.<\/p>\n<p><img decoding=\"async\" class=\"\" src=\"https:\/\/www.ocean4future.org\/savetheocean\/wp-content\/uploads\/2025\/03\/Screenshot-2025-03-16-090809.png\" alt=\"Questa immagine ha l'attributo alt vuoto; il nome del file \u00e8 Screenshot-2025-03-16-090809.png\" width=\"858\" height=\"929\"><\/p>\n<p align=\"justify\">Dopo il secondo conflitto mondiale la polveriera, ormai smantellata, sub\u00ec un lento degrado e la vasta area dei suoi ruderi divenne il luogo ideale per l\u2019addestramento degli incursori di <strong><span style=\"color: #008000;\">COM.SUB.IN.<\/span><\/strong> finch\u00e9, con la legge del 6 ottobre 1967, l\u2019intera area fu venduta all\u2019ENI per 630 milioni di lire. Se qualcosa della vecchia Panigaglia era stato risparmiato dalla Regia Marina in occasione della costruzione della polveriera, tutto scomparve con i non meno radicali lavori per i nuovi impianti progressivamente ampliati fino alla realizzazione dell\u2019attuale rigassificatore.<\/p>\n<p><strong><span style=\"color: #008000;\">Guglielmo Evangelista<\/span><\/strong><\/p>\n<p><span style=\"color: #ffffff;\">.<\/span><\/p>\n<p><strong><span style=\"color: #008000;\">in anteprima la flotta statunitense a Panigaglia da <\/span><em><span style=\"color: #008000;\">Navi di linea e corsari barbaresch<\/span><\/em><span style=\"color: #008000;\"><em>i<\/em><\/span> <span style=\"color: #008000;\">di Emiliano Beri, Universit\u00e0 di Genova<\/span><\/strong><strong><span style=\"color: #008000;\"><span style=\"color: #ffffff;\">.<br \/>\n.<\/span><\/span><\/strong><\/p>\n<p><strong><span style=\"color: #008000;\">Nota della redazione<\/span><\/strong><br \/>\n1. Un antico proverbio spezzino ricorda il paese di Panigaglia in cui probabilmente c&#8217;era abbondanza di uomini ma mancanza di donne: &#8220;<strong><span style=\"color: #008000;\"><em>E done de Montemarssei i han la gagia e i gh&#8217; amanca i osei, i omi de Panigagia i han i osei e la gh&#8217; amanca a gagia<\/em><\/span><\/strong>&#8221;<\/p>\n<p><span style=\"color: #ffffff;\">.<\/span><br \/>\n<a class=\"maxbutton-3 maxbutton maxbutton-pagina-principale\" target=\"_blank\" title=\"tooltip\" rel=\"nofollow noopener\" href=\"http:\/\/www.ocean4future.org\"><span class='mb-text'>PAGINA PRINCIPALE - HOME PAGE<\/span><\/a><br \/>\n<span style=\"color: #ffffff;\">.<\/span><\/p>\n<p style=\"text-align: justify;\">Alcune delle immagini possono essere state prese dal web, citandone ove possibile gli autori e\/o le fonti. Se qualcuno desiderasse specificarne l\u2019autore e le fonti o rimuoverle, pu\u00f2 scrivere a infoocean4future@gmail.com e provvederemo immediatamente alla correzione dell\u2019articolo<\/p>\n<p style=\"text-align: justify;\"><span style=\"color: #ffffff;\">.<\/span><br \/>\n<span style=\"color: #ffffff;\">.<\/span><\/p>\n","protected":false},"excerpt":{"rendered":"<p><span class=\"span-reading-time rt-reading-time\" style=\"display: block;\"><span class=\"rt-label rt-prefix\">tempo di lettura: <\/span> <span class=\"rt-time\"> 6<\/span> <span class=\"rt-label rt-postfix\">minuti<\/span><\/span>. . ARGOMENTO: STORIA&nbsp; NAVALE PERIODO: XIX SECOLO AREA: DIDATTICA parole chiave: La Spezia, Panigaglia (Portovenere) . In Italia, specialmente sugli Appennini, ci sono molte piccole localit\u00e0 virtualmente scomparse, ridotte a ruderi abbandonati i cui abitanti si sono trasferiti altrove. La scomparsa del paese di Panigaglia rappresenta per\u00f2 un caso a parte. In primo luogo [&hellip;]<\/p>\n","protected":false},"author":2428,"featured_media":37008,"comment_status":"open","ping_status":"open","sticky":false,"template":"","format":"standard","meta":{"_acf_changed":false,"_monsterinsights_skip_tracking":false,"_monsterinsights_sitenote_active":false,"_monsterinsights_sitenote_note":"","_monsterinsights_sitenote_category":0,"footnotes":""},"categories":[17,2318],"tags":[],"class_list":["post-115206","post","type-post","status-publish","format-standard","has-post-thumbnail","hentry","category-scienze-del-mare","category-eta-moderna"],"acf":[],"yoast_head":"<!-- This site is optimized with the Yoast SEO plugin v27.4 - https:\/\/yoast.com\/product\/yoast-seo-wordpress\/ -->\n<title>Da sorgitore della Squadra navale americana a polveriera al servizio del nuovo Arsenale della Spezia (1861): la storia marittima di Panigaglia &#8226; OCEAN4FUTURE autore<\/title>\n<meta name=\"robots\" content=\"index, follow, max-snippet:-1, max-image-preview:large, max-video-preview:-1\" \/>\n<link rel=\"canonical\" href=\"https:\/\/www.ocean4future.org\/savetheocean\/archives\/115206\" \/>\n<meta property=\"og:locale\" content=\"it_IT\" \/>\n<meta property=\"og:type\" content=\"article\" \/>\n<meta property=\"og:title\" content=\"Da sorgitore della Squadra navale americana a polveriera al servizio del nuovo Arsenale della Spezia (1861): la storia marittima di Panigaglia &#8226; OCEAN4FUTURE autore\" \/>\n<meta property=\"og:description\" content=\"tempo di lettura:  6 minuti. . ARGOMENTO: STORIA&nbsp; NAVALE PERIODO: XIX SECOLO AREA: DIDATTICA parole chiave: La Spezia, Panigaglia (Portovenere) . In Italia, specialmente sugli Appennini, ci sono molte piccole localit\u00e0 virtualmente scomparse, ridotte a ruderi abbandonati i cui abitanti si sono trasferiti altrove. La scomparsa del paese di Panigaglia rappresenta per\u00f2 un caso a parte. In primo luogo [&hellip;]\" \/>\n<meta property=\"og:url\" content=\"https:\/\/www.ocean4future.org\/savetheocean\/archives\/115206\" \/>\n<meta property=\"og:site_name\" content=\"OCEAN4FUTURE\" \/>\n<meta property=\"article:published_time\" content=\"2025-03-21T23:02:00+00:00\" \/>\n<meta property=\"article:modified_time\" content=\"2026-03-17T08:51:10+00:00\" \/>\n<meta property=\"og:image\" content=\"https:\/\/www.ocean4future.org\/savetheocean\/wp-content\/uploads\/2019\/12\/flotta-statunitense-nel-golfo-di-panigaglia.jpg\" \/>\n\t<meta property=\"og:image:width\" content=\"800\" \/>\n\t<meta property=\"og:image:height\" content=\"510\" \/>\n\t<meta property=\"og:image:type\" content=\"image\/jpeg\" \/>\n<meta name=\"author\" content=\"Guglielmo Evangelista\" \/>\n<meta name=\"twitter:card\" content=\"summary_large_image\" \/>\n<meta name=\"twitter:creator\" content=\"@ocean4future\" \/>\n<meta name=\"twitter:site\" content=\"@ocean4future\" \/>\n<meta name=\"twitter:label1\" content=\"Scritto da\" \/>\n\t<meta name=\"twitter:data1\" content=\"Guglielmo Evangelista\" \/>\n\t<meta name=\"twitter:label2\" content=\"Tempo di lettura stimato\" \/>\n\t<meta name=\"twitter:data2\" content=\"9 minuti\" \/>\n<script type=\"application\/ld+json\" class=\"yoast-schema-graph\">{\"@context\":\"https:\\\/\\\/schema.org\",\"@graph\":[{\"@type\":\"Article\",\"@id\":\"https:\\\/\\\/www.ocean4future.org\\\/savetheocean\\\/archives\\\/115206#article\",\"isPartOf\":{\"@id\":\"https:\\\/\\\/www.ocean4future.org\\\/savetheocean\\\/archives\\\/115206\"},\"author\":{\"name\":\"Guglielmo Evangelista\",\"@id\":\"https:\\\/\\\/www.ocean4future.org\\\/savetheocean\\\/#\\\/schema\\\/person\\\/3dd16465e3eca75b65ae959225362b71\"},\"headline\":\"Da sorgitore della Squadra navale americana a polveriera al servizio del nuovo Arsenale della Spezia (1861): la storia marittima di Panigaglia\",\"datePublished\":\"2025-03-21T23:02:00+00:00\",\"dateModified\":\"2026-03-17T08:51:10+00:00\",\"mainEntityOfPage\":{\"@id\":\"https:\\\/\\\/www.ocean4future.org\\\/savetheocean\\\/archives\\\/115206\"},\"wordCount\":1336,\"commentCount\":0,\"publisher\":{\"@id\":\"https:\\\/\\\/www.ocean4future.org\\\/savetheocean\\\/#\\\/schema\\\/person\\\/4e1c26437054353074d7bb2efa77162c\"},\"image\":{\"@id\":\"https:\\\/\\\/www.ocean4future.org\\\/savetheocean\\\/archives\\\/115206#primaryimage\"},\"thumbnailUrl\":\"https:\\\/\\\/www.ocean4future.org\\\/savetheocean\\\/wp-content\\\/uploads\\\/2019\\\/12\\\/flotta-statunitense-nel-golfo-di-panigaglia.jpg\",\"articleSection\":[\"Scienze del mare\",\"Storia navale dell'et\u00e0 moderna (post 1492 - oggi)\"],\"inLanguage\":\"it-IT\",\"potentialAction\":[{\"@type\":\"CommentAction\",\"name\":\"Comment\",\"target\":[\"https:\\\/\\\/www.ocean4future.org\\\/savetheocean\\\/archives\\\/115206#respond\"]}]},{\"@type\":\"WebPage\",\"@id\":\"https:\\\/\\\/www.ocean4future.org\\\/savetheocean\\\/archives\\\/115206\",\"url\":\"https:\\\/\\\/www.ocean4future.org\\\/savetheocean\\\/archives\\\/115206\",\"name\":\"Da sorgitore della Squadra navale americana a polveriera al servizio del nuovo Arsenale della Spezia (1861): la storia marittima di Panigaglia &#8226; OCEAN4FUTURE autore\",\"isPartOf\":{\"@id\":\"https:\\\/\\\/www.ocean4future.org\\\/savetheocean\\\/#website\"},\"primaryImageOfPage\":{\"@id\":\"https:\\\/\\\/www.ocean4future.org\\\/savetheocean\\\/archives\\\/115206#primaryimage\"},\"image\":{\"@id\":\"https:\\\/\\\/www.ocean4future.org\\\/savetheocean\\\/archives\\\/115206#primaryimage\"},\"thumbnailUrl\":\"https:\\\/\\\/www.ocean4future.org\\\/savetheocean\\\/wp-content\\\/uploads\\\/2019\\\/12\\\/flotta-statunitense-nel-golfo-di-panigaglia.jpg\",\"datePublished\":\"2025-03-21T23:02:00+00:00\",\"dateModified\":\"2026-03-17T08:51:10+00:00\",\"breadcrumb\":{\"@id\":\"https:\\\/\\\/www.ocean4future.org\\\/savetheocean\\\/archives\\\/115206#breadcrumb\"},\"inLanguage\":\"it-IT\",\"potentialAction\":[{\"@type\":\"ReadAction\",\"target\":[\"https:\\\/\\\/www.ocean4future.org\\\/savetheocean\\\/archives\\\/115206\"]}]},{\"@type\":\"ImageObject\",\"inLanguage\":\"it-IT\",\"@id\":\"https:\\\/\\\/www.ocean4future.org\\\/savetheocean\\\/archives\\\/115206#primaryimage\",\"url\":\"https:\\\/\\\/www.ocean4future.org\\\/savetheocean\\\/wp-content\\\/uploads\\\/2019\\\/12\\\/flotta-statunitense-nel-golfo-di-panigaglia.jpg\",\"contentUrl\":\"https:\\\/\\\/www.ocean4future.org\\\/savetheocean\\\/wp-content\\\/uploads\\\/2019\\\/12\\\/flotta-statunitense-nel-golfo-di-panigaglia.jpg\",\"width\":800,\"height\":510},{\"@type\":\"BreadcrumbList\",\"@id\":\"https:\\\/\\\/www.ocean4future.org\\\/savetheocean\\\/archives\\\/115206#breadcrumb\",\"itemListElement\":[{\"@type\":\"ListItem\",\"position\":1,\"name\":\"Home\",\"item\":\"https:\\\/\\\/www.ocean4future.org\\\/savetheocean\"},{\"@type\":\"ListItem\",\"position\":2,\"name\":\"Da sorgitore della Squadra navale americana a polveriera al servizio del nuovo Arsenale della Spezia (1861): la storia marittima di Panigaglia\"}]},{\"@type\":\"WebSite\",\"@id\":\"https:\\\/\\\/www.ocean4future.org\\\/savetheocean\\\/#website\",\"url\":\"https:\\\/\\\/www.ocean4future.org\\\/savetheocean\\\/\",\"name\":\"Ocean 4 Future\",\"description\":\"Per una nuova cultura del mare e della marittimit\u00e0\",\"publisher\":{\"@id\":\"https:\\\/\\\/www.ocean4future.org\\\/savetheocean\\\/#\\\/schema\\\/person\\\/4e1c26437054353074d7bb2efa77162c\"},\"potentialAction\":[{\"@type\":\"SearchAction\",\"target\":{\"@type\":\"EntryPoint\",\"urlTemplate\":\"https:\\\/\\\/www.ocean4future.org\\\/savetheocean\\\/?s={search_term_string}\"},\"query-input\":{\"@type\":\"PropertyValueSpecification\",\"valueRequired\":true,\"valueName\":\"search_term_string\"}}],\"inLanguage\":\"it-IT\"},{\"@type\":[\"Person\",\"Organization\"],\"@id\":\"https:\\\/\\\/www.ocean4future.org\\\/savetheocean\\\/#\\\/schema\\\/person\\\/4e1c26437054353074d7bb2efa77162c\",\"name\":\"oceandiver\",\"image\":{\"@type\":\"ImageObject\",\"inLanguage\":\"it-IT\",\"@id\":\"https:\\\/\\\/www.ocean4future.org\\\/savetheocean\\\/wp-content\\\/uploads\\\/2023\\\/04\\\/logo-ocean3.jpg\",\"url\":\"https:\\\/\\\/www.ocean4future.org\\\/savetheocean\\\/wp-content\\\/uploads\\\/2023\\\/04\\\/logo-ocean3.jpg\",\"contentUrl\":\"https:\\\/\\\/www.ocean4future.org\\\/savetheocean\\\/wp-content\\\/uploads\\\/2023\\\/04\\\/logo-ocean3.jpg\",\"width\":472,\"height\":301,\"caption\":\"oceandiver\"},\"logo\":{\"@id\":\"https:\\\/\\\/www.ocean4future.org\\\/savetheocean\\\/wp-content\\\/uploads\\\/2023\\\/04\\\/logo-ocean3.jpg\"}},{\"@type\":\"Person\",\"@id\":\"https:\\\/\\\/www.ocean4future.org\\\/savetheocean\\\/#\\\/schema\\\/person\\\/3dd16465e3eca75b65ae959225362b71\",\"name\":\"Guglielmo Evangelista\",\"image\":{\"@type\":\"ImageObject\",\"inLanguage\":\"it-IT\",\"@id\":\"https:\\\/\\\/secure.gravatar.com\\\/avatar\\\/8543fae321a3a9d0dc4969a44c25b3990d365743f80a3573c9993c240078027b?s=96&d=mm&r=g\",\"url\":\"https:\\\/\\\/secure.gravatar.com\\\/avatar\\\/8543fae321a3a9d0dc4969a44c25b3990d365743f80a3573c9993c240078027b?s=96&d=mm&r=g\",\"contentUrl\":\"https:\\\/\\\/secure.gravatar.com\\\/avatar\\\/8543fae321a3a9d0dc4969a44c25b3990d365743f80a3573c9993c240078027b?s=96&d=mm&r=g\",\"caption\":\"Guglielmo Evangelista\"},\"description\":\"nasce a Broni (PV) nel 1951. Laureato in giurisprudenza \u00e8 stato ufficiale delle Capitanerie di Porto e successivamente funzionario di un Ente Pubblico. Ha al suo attivo nove libri fra cui \u201cStoria delle Capitanerie di porto\u201d , \u201cDuemila anni di navigazione padana\u201d e \u201cLe ancore e la tiara \u2013 La Marina Pontificia fra Restaurazione e Risorgimento\u201d ed oltre 400 articoli che riguardano storia, economia e trasporti. Collabora con numerosi periodici specializzati fra cui la Rivista Marittima\u201d.\",\"url\":\"https:\\\/\\\/www.ocean4future.org\\\/savetheocean\\\/archives\\\/author\\\/guglielmo-evangelista\"}]}<\/script>\n<!-- \/ Yoast SEO plugin. -->","yoast_head_json":{"title":"Da sorgitore della Squadra navale americana a polveriera al servizio del nuovo Arsenale della Spezia (1861): la storia marittima di Panigaglia &#8226; OCEAN4FUTURE autore","robots":{"index":"index","follow":"follow","max-snippet":"max-snippet:-1","max-image-preview":"max-image-preview:large","max-video-preview":"max-video-preview:-1"},"canonical":"https:\/\/www.ocean4future.org\/savetheocean\/archives\/115206","og_locale":"it_IT","og_type":"article","og_title":"Da sorgitore della Squadra navale americana a polveriera al servizio del nuovo Arsenale della Spezia (1861): la storia marittima di Panigaglia &#8226; OCEAN4FUTURE autore","og_description":"tempo di lettura:  6 minuti. . ARGOMENTO: STORIA&nbsp; NAVALE PERIODO: XIX SECOLO AREA: DIDATTICA parole chiave: La Spezia, Panigaglia (Portovenere) . In Italia, specialmente sugli Appennini, ci sono molte piccole localit\u00e0 virtualmente scomparse, ridotte a ruderi abbandonati i cui abitanti si sono trasferiti altrove. La scomparsa del paese di Panigaglia rappresenta per\u00f2 un caso a parte. In primo luogo [&hellip;]","og_url":"https:\/\/www.ocean4future.org\/savetheocean\/archives\/115206","og_site_name":"OCEAN4FUTURE","article_published_time":"2025-03-21T23:02:00+00:00","article_modified_time":"2026-03-17T08:51:10+00:00","og_image":[{"width":800,"height":510,"url":"https:\/\/www.ocean4future.org\/savetheocean\/wp-content\/uploads\/2019\/12\/flotta-statunitense-nel-golfo-di-panigaglia.jpg","type":"image\/jpeg"}],"author":"Guglielmo Evangelista","twitter_card":"summary_large_image","twitter_creator":"@ocean4future","twitter_site":"@ocean4future","twitter_misc":{"Scritto da":"Guglielmo Evangelista","Tempo di lettura stimato":"9 minuti"},"schema":{"@context":"https:\/\/schema.org","@graph":[{"@type":"Article","@id":"https:\/\/www.ocean4future.org\/savetheocean\/archives\/115206#article","isPartOf":{"@id":"https:\/\/www.ocean4future.org\/savetheocean\/archives\/115206"},"author":{"name":"Guglielmo Evangelista","@id":"https:\/\/www.ocean4future.org\/savetheocean\/#\/schema\/person\/3dd16465e3eca75b65ae959225362b71"},"headline":"Da sorgitore della Squadra navale americana a polveriera al servizio del nuovo Arsenale della Spezia (1861): la storia marittima di Panigaglia","datePublished":"2025-03-21T23:02:00+00:00","dateModified":"2026-03-17T08:51:10+00:00","mainEntityOfPage":{"@id":"https:\/\/www.ocean4future.org\/savetheocean\/archives\/115206"},"wordCount":1336,"commentCount":0,"publisher":{"@id":"https:\/\/www.ocean4future.org\/savetheocean\/#\/schema\/person\/4e1c26437054353074d7bb2efa77162c"},"image":{"@id":"https:\/\/www.ocean4future.org\/savetheocean\/archives\/115206#primaryimage"},"thumbnailUrl":"https:\/\/www.ocean4future.org\/savetheocean\/wp-content\/uploads\/2019\/12\/flotta-statunitense-nel-golfo-di-panigaglia.jpg","articleSection":["Scienze del mare","Storia navale dell'et\u00e0 moderna (post 1492 - oggi)"],"inLanguage":"it-IT","potentialAction":[{"@type":"CommentAction","name":"Comment","target":["https:\/\/www.ocean4future.org\/savetheocean\/archives\/115206#respond"]}]},{"@type":"WebPage","@id":"https:\/\/www.ocean4future.org\/savetheocean\/archives\/115206","url":"https:\/\/www.ocean4future.org\/savetheocean\/archives\/115206","name":"Da sorgitore della Squadra navale americana a polveriera al servizio del nuovo Arsenale della Spezia (1861): la storia marittima di Panigaglia &#8226; OCEAN4FUTURE autore","isPartOf":{"@id":"https:\/\/www.ocean4future.org\/savetheocean\/#website"},"primaryImageOfPage":{"@id":"https:\/\/www.ocean4future.org\/savetheocean\/archives\/115206#primaryimage"},"image":{"@id":"https:\/\/www.ocean4future.org\/savetheocean\/archives\/115206#primaryimage"},"thumbnailUrl":"https:\/\/www.ocean4future.org\/savetheocean\/wp-content\/uploads\/2019\/12\/flotta-statunitense-nel-golfo-di-panigaglia.jpg","datePublished":"2025-03-21T23:02:00+00:00","dateModified":"2026-03-17T08:51:10+00:00","breadcrumb":{"@id":"https:\/\/www.ocean4future.org\/savetheocean\/archives\/115206#breadcrumb"},"inLanguage":"it-IT","potentialAction":[{"@type":"ReadAction","target":["https:\/\/www.ocean4future.org\/savetheocean\/archives\/115206"]}]},{"@type":"ImageObject","inLanguage":"it-IT","@id":"https:\/\/www.ocean4future.org\/savetheocean\/archives\/115206#primaryimage","url":"https:\/\/www.ocean4future.org\/savetheocean\/wp-content\/uploads\/2019\/12\/flotta-statunitense-nel-golfo-di-panigaglia.jpg","contentUrl":"https:\/\/www.ocean4future.org\/savetheocean\/wp-content\/uploads\/2019\/12\/flotta-statunitense-nel-golfo-di-panigaglia.jpg","width":800,"height":510},{"@type":"BreadcrumbList","@id":"https:\/\/www.ocean4future.org\/savetheocean\/archives\/115206#breadcrumb","itemListElement":[{"@type":"ListItem","position":1,"name":"Home","item":"https:\/\/www.ocean4future.org\/savetheocean"},{"@type":"ListItem","position":2,"name":"Da sorgitore della Squadra navale americana a polveriera al servizio del nuovo Arsenale della Spezia (1861): la storia marittima di Panigaglia"}]},{"@type":"WebSite","@id":"https:\/\/www.ocean4future.org\/savetheocean\/#website","url":"https:\/\/www.ocean4future.org\/savetheocean\/","name":"Ocean 4 Future","description":"Per una nuova cultura del mare e della marittimit\u00e0","publisher":{"@id":"https:\/\/www.ocean4future.org\/savetheocean\/#\/schema\/person\/4e1c26437054353074d7bb2efa77162c"},"potentialAction":[{"@type":"SearchAction","target":{"@type":"EntryPoint","urlTemplate":"https:\/\/www.ocean4future.org\/savetheocean\/?s={search_term_string}"},"query-input":{"@type":"PropertyValueSpecification","valueRequired":true,"valueName":"search_term_string"}}],"inLanguage":"it-IT"},{"@type":["Person","Organization"],"@id":"https:\/\/www.ocean4future.org\/savetheocean\/#\/schema\/person\/4e1c26437054353074d7bb2efa77162c","name":"oceandiver","image":{"@type":"ImageObject","inLanguage":"it-IT","@id":"https:\/\/www.ocean4future.org\/savetheocean\/wp-content\/uploads\/2023\/04\/logo-ocean3.jpg","url":"https:\/\/www.ocean4future.org\/savetheocean\/wp-content\/uploads\/2023\/04\/logo-ocean3.jpg","contentUrl":"https:\/\/www.ocean4future.org\/savetheocean\/wp-content\/uploads\/2023\/04\/logo-ocean3.jpg","width":472,"height":301,"caption":"oceandiver"},"logo":{"@id":"https:\/\/www.ocean4future.org\/savetheocean\/wp-content\/uploads\/2023\/04\/logo-ocean3.jpg"}},{"@type":"Person","@id":"https:\/\/www.ocean4future.org\/savetheocean\/#\/schema\/person\/3dd16465e3eca75b65ae959225362b71","name":"Guglielmo Evangelista","image":{"@type":"ImageObject","inLanguage":"it-IT","@id":"https:\/\/secure.gravatar.com\/avatar\/8543fae321a3a9d0dc4969a44c25b3990d365743f80a3573c9993c240078027b?s=96&d=mm&r=g","url":"https:\/\/secure.gravatar.com\/avatar\/8543fae321a3a9d0dc4969a44c25b3990d365743f80a3573c9993c240078027b?s=96&d=mm&r=g","contentUrl":"https:\/\/secure.gravatar.com\/avatar\/8543fae321a3a9d0dc4969a44c25b3990d365743f80a3573c9993c240078027b?s=96&d=mm&r=g","caption":"Guglielmo Evangelista"},"description":"nasce a Broni (PV) nel 1951. Laureato in giurisprudenza \u00e8 stato ufficiale delle Capitanerie di Porto e successivamente funzionario di un Ente Pubblico. Ha al suo attivo nove libri fra cui \u201cStoria delle Capitanerie di porto\u201d , \u201cDuemila anni di navigazione padana\u201d e \u201cLe ancore e la tiara \u2013 La Marina Pontificia fra Restaurazione e Risorgimento\u201d ed oltre 400 articoli che riguardano storia, economia e trasporti. Collabora con numerosi periodici specializzati fra cui la Rivista Marittima\u201d.","url":"https:\/\/www.ocean4future.org\/savetheocean\/archives\/author\/guglielmo-evangelista"}]}},"_links":{"self":[{"href":"https:\/\/www.ocean4future.org\/savetheocean\/wp-json\/wp\/v2\/posts\/115206","targetHints":{"allow":["GET"]}}],"collection":[{"href":"https:\/\/www.ocean4future.org\/savetheocean\/wp-json\/wp\/v2\/posts"}],"about":[{"href":"https:\/\/www.ocean4future.org\/savetheocean\/wp-json\/wp\/v2\/types\/post"}],"author":[{"embeddable":true,"href":"https:\/\/www.ocean4future.org\/savetheocean\/wp-json\/wp\/v2\/users\/2428"}],"replies":[{"embeddable":true,"href":"https:\/\/www.ocean4future.org\/savetheocean\/wp-json\/wp\/v2\/comments?post=115206"}],"version-history":[{"count":3,"href":"https:\/\/www.ocean4future.org\/savetheocean\/wp-json\/wp\/v2\/posts\/115206\/revisions"}],"predecessor-version":[{"id":126403,"href":"https:\/\/www.ocean4future.org\/savetheocean\/wp-json\/wp\/v2\/posts\/115206\/revisions\/126403"}],"wp:featuredmedia":[{"embeddable":true,"href":"https:\/\/www.ocean4future.org\/savetheocean\/wp-json\/wp\/v2\/media\/37008"}],"wp:attachment":[{"href":"https:\/\/www.ocean4future.org\/savetheocean\/wp-json\/wp\/v2\/media?parent=115206"}],"wp:term":[{"taxonomy":"category","embeddable":true,"href":"https:\/\/www.ocean4future.org\/savetheocean\/wp-json\/wp\/v2\/categories?post=115206"},{"taxonomy":"post_tag","embeddable":true,"href":"https:\/\/www.ocean4future.org\/savetheocean\/wp-json\/wp\/v2\/tags?post=115206"}],"curies":[{"name":"wp","href":"https:\/\/api.w.org\/{rel}","templated":true}]}}