{"id":114855,"date":"2025-07-06T00:02:00","date_gmt":"2025-07-05T22:02:00","guid":{"rendered":"https:\/\/www.ocean4future.org\/savetheocean\/?p=114855"},"modified":"2025-07-04T08:39:38","modified_gmt":"2025-07-04T06:39:38","slug":"laspettativa-di-vita","status":"publish","type":"post","link":"https:\/\/www.ocean4future.org\/savetheocean\/archives\/114855","title":{"rendered":"L\u2019aspettativa di vita ai tempi di Roma imperiale"},"content":{"rendered":"<span class=\"span-reading-time rt-reading-time\" style=\"display: block;\"><span class=\"rt-label rt-prefix\">tempo di lettura: <\/span> <span class=\"rt-time\"> 4<\/span> <span class=\"rt-label rt-postfix\">minuti<\/span><\/span><p><span style=\"color: #ffffff\">.<\/span><\/p>\n<a class=\"maxbutton-4 maxbutton maxbutton-livello-di-comprensione\" href=\"javascript:void(0);\"><span class='mb-text'>livello elementare<\/span><\/a>\n<p><span style=\"color: #ffffff\">.<\/span><\/p>\n<p><span style=\"color: #008000\"><strong>ARGOMENTO: STORIA NAVALE ROMANA<\/strong><\/span><br \/>\n<span style=\"color: #008000\"><strong>PERIODO: IMPERO ROMANO<\/strong><\/span><br \/>\n<span style=\"color: #008000\"><strong>AREA: DIDATTICA<\/strong><\/span><br \/>\nparole chiave: Classiari<br \/>\n<span style=\"color: #ffffff\">.<\/span><\/p>\n<p style=\"text-align: justify\">Una vita pericolosa, vissuta pericolosamente. I classiari potevano certamente perdere la vita mentre erano in servizio, ma qual era la loro aspettativa di vita in epoca imperiale? Ovvero, quali erano le effettive prospettive di godimento del periodo di vita da veterani stando in congedo? Sebbene ci sia il rischio di lasciarsi fuorviare da interpretazioni approssimative che confondano il concetto di aspettativa di vita con quello di vita media della popolazione, potremmo fare delle valutazioni.<\/p>\n<p><img decoding=\"async\" class=\"wp-image-119321 size-full\" src=\"https:\/\/www.ocean4future.org\/savetheocean\/wp-content\/uploads\/2025\/07\/Museum_fur_Antike_Schifffahrt_Mainz_02._Spritsail.jpg\" alt=\"\" width=\"1200\" height=\"678\" \/><\/p>\n<p align=\"justify\"><span style=\"color: #008000\"><strong>Nave romana con vela di poppa sul sarcofago di Copenaghen della fine del III secolo d.C. \u00c8 una delle pi\u00f9 antiche raffigurazioni di vela di poppa nella storia della navigazione. Luogo del ritrovamento: presumibilmente Ostia. Ubicazione attuale: Gliptoteca di Ny-Carlsberg a Copenaghen (Danimarca), Inv.-No. 1299. L&#8217;immagine sopra mostra una copia esposta al Museum f\u00fcr Antike Schiffahrt (Museo della Navigazione Antica) di Magonza, in Germania. <a href=\"https:\/\/commons.wikimedia.org\/wiki\/File:Museum_f%C3%BCr_Antike_Schifffahrt,_Mainz_02._Spritsail.jpg\">Museum f\u00fcr Antike Schifffahrt, Mainz 02. Spritsail.jpg &#8211; Wikimedia Commons<\/a><\/strong><\/span><\/p>\n<p style=\"text-align: justify\">Gli studi scientifici sulla demografia dell\u2019impero romano sono concordi nell\u2019ammettere che i dati disponibili non sono sufficientemente definiti, n\u00e9 del tutto attendibili, e nemmeno statisticamente validi. Ci\u00f2 nonostante prendendo a riferimento alcuni insiemi ristretti di dati ritenuti sufficientemente rappresentativi, gli esperti hanno calcolato che l\u2019aspettativa di vita al momento della nascita doveva essere compresa fra i venti e i trent\u2019anni. Questo valore, puramente teorico, \u00e8 fortemente influenzato soprattutto dall\u2019elevata mortalit\u00e0 infantile. Esso tende poi a crescere durante l\u2019infanzia e l\u2019adolescenza, subendo successivamente varie modificazioni e progressive diminuzioni man mano che ci si avvicina alla senilit\u00e0.<\/p>\n<p><img decoding=\"async\" class=\"wp-image-119323\" src=\"https:\/\/www.ocean4future.org\/savetheocean\/wp-content\/uploads\/2025\/07\/circular-marble-relief-depicting-a-roman-family-father-mother-and-two-sons-common-in-thrace-and-danube-regions-e1750514835718.jpg\" alt=\"\" width=\"638\" height=\"319\" \/><\/p>\n<p align=\"JUSTIFY\"><span style=\"color: #008000\"><strong>Rilievo funerario in marmo II-III secolo d.C. &#8211; Fonte Metropolitan Museum of Art, n. 49.69.5. <span class=\"artwork-tombstone--label\">Credit Line:<\/span>\u00a0<span class=\"artwork-tombstone--value\">Fletcher Fund, 1949 &#8211; <\/span>pubblico dominio <\/strong><\/span><a href=\"https:\/\/www.metmuseum.org\/art\/collection\/search\/254628\">https:\/\/www.metmuseum.org\/art\/collection\/search\/254628<\/a><\/p>\n<p style=\"text-align: justify\">Fra i vari tipi di calcolo, tutti alquanto complessi, appaiono di particolare interesse quelli che si sono basati su dei valori di aspettativa di vita stimati dagli stessi Romani per le varie fasce di et\u00e0: si tratta di un sistema di calcolo ideato per scopi fiscali da <strong><span style=\"color: #008000\">Ulpiano<\/span><\/strong> e trascritto poco dopo dall\u2019altro giurista <strong><span style=\"color: #008000\">Emilio Macro<\/span><\/strong>. Tali valori, valutati di origine empirica ma \u201cdemograficamente possibili\u201d, sono stati rielaborati con metodi scientifici in modo da creare di una tabella della vita nell\u2019impero romano: essa riporta, al momento della nascita e per le et\u00e0 da 1 a 80 anni, ogni cinque anni, un gran numero di valori, fra i quali l\u2019attesa di vita e la percentuale delle persone che raggiungono quella et\u00e0. Pur trattandosi di cifre che hanno un valore meramente indicativo dei possibili ordini di grandezza dei predetti dati, possiamo trarne delle informazioni di larga massima riferite al momento del passaggio dal servizio attivo al congedo.<\/p>\n<p><img decoding=\"async\" class=\"wp-image-119324\" src=\"https:\/\/www.ocean4future.org\/savetheocean\/wp-content\/uploads\/2025\/07\/Screenshot-2025-06-21-161242.png\" alt=\"\" width=\"638\" height=\"777\" srcset=\"https:\/\/www.ocean4future.org\/savetheocean\/wp-content\/uploads\/2025\/07\/Screenshot-2025-06-21-161242.png 534w, https:\/\/www.ocean4future.org\/savetheocean\/wp-content\/uploads\/2025\/07\/Screenshot-2025-06-21-161242-246x300.png 246w\" sizes=\"(max-width: 638px) 100vw, 638px\" \/><\/p>\n<p align=\"justify\"><strong><span style=\"color: #008000\">un&#8217;interessante tabella che propone, a seconda dell&#8217;et\u00e0, l&#8217;aspettativa di vita prevista, la percentuale della popolazione in quella fascia di et\u00e0 (approssimata) e la probabilit\u00e0 di morire alla fine di quel periodo &#8230; Fonte &#8220;Frier&#8217;s Life Table for the Roman Empire,&#8221; <\/span><\/strong><strong><span style=\"color: #008000\">p.144 of T.G. Parkin,\u00a0<i>Demography and Roman Society<\/i> (1992) (fr. Bruce Frier&#8217;s\u00a0<i>Landlords and Tenants in Imperial Rome<\/i>, 1980); cf. Coale &amp; Demeny,\u00a0<i>Regional Model Life Tables and Stable Populations<\/i>, 2nd ed. (1983) da <a style=\"color: #008000\" href=\"https:\/\/richardcarrier.info\/lifetbl.html\">Frier&#8217;s Life Table for the Roman Empire<\/a><\/span><\/strong><\/p>\n<p style=\"text-align: justify\">Tenuto conto che i classiari si arruolavano ad un\u2019et\u00e0 compresa fra 17 e 23 anni, per una ferma di 26 o 28 anni (da Settimio Severo in poi), essi potevano congedarsi quando avevano raggiunto un\u2019et\u00e0 minima di 43 anni e massima di 51 anni. Per tali due et\u00e0 estreme essi avrebbero avuto, secondo la predetta tabella, un\u2019aspettativa di vita fra 16 e 13 anni, potendo dunque raggiungere, mediamente, un\u2019et\u00e0 compresa fra 59 e 64 anni. Si tratta, come detto, di valori tutt\u2019altro che certi, da prendere comunque come grandezza orientative, quali possibili medie statistiche. I<strong><span style=\"color: #008000\">l che significa che chi arrivava a congedarsi aveva davanti a s\u00e9 la prospettiva di godere della sua nuova posizione di veterano per ancora diversi anni: mediamente circa tre lustri, secondo questo calcolo teorico, ma probabilmente anche di pi\u00f9, tenendo conto delle esperienze antiche.<br \/>\n<\/span><\/strong><br \/>\nSuperare la settantina, per i Romani, non era un evento eccezionale, se <strong><span style=\"color: #008000\">Augusto<\/span><\/strong> \u2013 di costituzione cagionevole \u2013 mor\u00ec a 75 anni, suo figlio adottivo, <strong><span style=\"color: #008000\">Tiberio<\/span><\/strong>, a 77 e sua moglie <span style=\"color: #008000\"><strong>Livia<\/strong><\/span> a 86. <strong><span style=\"color: #008000\">Plinio il Vecchio<\/span><\/strong> cita sette personaggi ultracentenari vissuti a Roma fra la repubblica e i primi decenni dell\u2019impero, inclusa la prima moglie di <strong><span style=\"color: #008000\">Cicerone, Terenzia<\/span><\/strong>, vissuta fino a 103 anni. Da <strong><span style=\"color: #008000\">Censorino<\/span><\/strong> abbiamo invece delle notizie specifiche sull\u2019articolazione della vita umana secondo i Romani.<br \/>\n<span style=\"color: #ffffff\">.<\/span><br \/>\n<strong><span style=\"color: #008000\">Marco Terenzio Varrone<\/span> <\/strong>(peraltro anch\u2019egli vissuto a lungo: fino a 90 anni), divideva la vita dell\u2019uomo in cinque epoche, la cui prime quattro duravano quindici anni ciascuna: dopo la quarta, che accompagnava i seniores fino a sessant\u2019anni, la quinta, quella degli anziani (<strong><span style=\"color: #008000\">senes<\/span><\/strong>), durava per il resto della vita. Secondo lo stesso <strong><span style=\"color: #008000\">Censorino<\/span><\/strong>, fra le tesi dei vari autori, quella pi\u00f9 convincente suddivideva la vita in settennati: il decimo, quello dei settant\u2019anni, era quello della maturit\u00e0, prossima alla morte. Tuttavia lo stesso Censorino considera ancora migliore la tesi di <strong><span style=\"color: #008000\">P<\/span><span style=\"color: #008000\">latone<\/span><\/strong>, che riteneva che il termine della vita dovesse essere indicato da un numero al quadrato, e pi\u00f9 precisamente dal nove, il cui quadrato corrisponde all\u2019et\u00e0 di ottantuno anni. <strong><span style=\"color: #008000\">Se ne ricava l\u2019impressione che, per i Romani, superare i sessant\u2019anni fosse pressoch\u00e9 scontato, pervenire ai settanta fosse abbastanza normale, mentre raggiungere gli ottanta non fosse eccezionale.<\/span><\/strong><br \/>\n<span style=\"color: #008000\"><strong>Domenico Carro<br \/>\n<\/strong><\/span><span style=\"color: #ffffff\">.<\/span><\/p>\n<p><a class=\"maxbutton-3 maxbutton maxbutton-pagina-principale\" target=\"_blank\" title=\"tooltip\" rel=\"nofollow noopener\" href=\"http:\/\/www.ocean4future.org\"><span class='mb-text'>PAGINA PRINCIPALE - HOME PAGE<\/span><\/a><br \/>\n<span style=\"color: #ffffff\">.<\/span><\/p>\n<p style=\"text-align: justify\">Alcune delle foto presenti in questo blog possono essere state prese dal web, citandone ove possibile gli autori e\/o le fonti. Se qualcuno desiderasse specificarne l\u2019autore o rimuoverle, pu\u00f2 scrivere a infoocean4future@gmail.com e provvederemo immediatamente alla correzione dell\u2019articolo<br \/>\n<span style=\"color: #ffffff\">.<\/span><\/p>\n<p>&nbsp;<\/p>\n","protected":false},"excerpt":{"rendered":"<p><span class=\"span-reading-time rt-reading-time\" style=\"display: block;\"><span class=\"rt-label rt-prefix\">tempo di lettura: <\/span> <span class=\"rt-time\"> 4<\/span> <span class=\"rt-label rt-postfix\">minuti<\/span><\/span>. . ARGOMENTO: STORIA NAVALE ROMANA PERIODO: IMPERO ROMANO AREA: DIDATTICA parole chiave: Classiari . Una vita pericolosa, vissuta pericolosamente. I classiari potevano certamente perdere la vita mentre erano in servizio, ma qual era la loro aspettativa di vita in epoca imperiale? Ovvero, quali erano le effettive prospettive di godimento del periodo di vita da [&hellip;]<\/p>\n","protected":false},"author":2432,"featured_media":119323,"comment_status":"open","ping_status":"open","sticky":false,"template":"","format":"standard","meta":{"_acf_changed":false,"_monsterinsights_skip_tracking":false,"_monsterinsights_sitenote_active":false,"_monsterinsights_sitenote_note":"","_monsterinsights_sitenote_category":0,"footnotes":""},"categories":[2312],"tags":[],"class_list":["post-114855","post","type-post","status-publish","format-standard","has-post-thumbnail","hentry","category-storia-navale-romana"],"acf":[],"yoast_head":"<!-- This site is optimized with the Yoast SEO plugin v27.4 - https:\/\/yoast.com\/product\/yoast-seo-wordpress\/ -->\n<title>L\u2019aspettativa di vita ai tempi di Roma imperiale &#8226; OCEAN4FUTURE autore<\/title>\n<meta name=\"robots\" content=\"index, follow, max-snippet:-1, max-image-preview:large, max-video-preview:-1\" \/>\n<link rel=\"canonical\" href=\"https:\/\/www.ocean4future.org\/savetheocean\/archives\/114855\" \/>\n<meta property=\"og:locale\" content=\"it_IT\" \/>\n<meta property=\"og:type\" content=\"article\" \/>\n<meta property=\"og:title\" content=\"L\u2019aspettativa di vita ai tempi di Roma imperiale &#8226; OCEAN4FUTURE autore\" \/>\n<meta property=\"og:description\" content=\"tempo di lettura:  4 minuti. . ARGOMENTO: STORIA NAVALE ROMANA PERIODO: IMPERO ROMANO AREA: DIDATTICA parole chiave: Classiari . Una vita pericolosa, vissuta pericolosamente. I classiari potevano certamente perdere la vita mentre erano in servizio, ma qual era la loro aspettativa di vita in epoca imperiale? Ovvero, quali erano le effettive prospettive di godimento del periodo di vita da [&hellip;]\" \/>\n<meta property=\"og:url\" content=\"https:\/\/www.ocean4future.org\/savetheocean\/archives\/114855\" \/>\n<meta property=\"og:site_name\" content=\"OCEAN4FUTURE\" \/>\n<meta property=\"article:author\" content=\"https:\/\/www.facebook.com\/romaeternaorg\" \/>\n<meta property=\"article:published_time\" content=\"2025-07-05T22:02:00+00:00\" \/>\n<meta property=\"og:image\" content=\"https:\/\/www.ocean4future.org\/savetheocean\/wp-content\/uploads\/2025\/07\/circular-marble-relief-depicting-a-roman-family-father-mother-and-two-sons-common-in-thrace-and-danube-regions-e1750514835718.jpg\" \/>\n\t<meta property=\"og:image:width\" content=\"620\" \/>\n\t<meta property=\"og:image:height\" content=\"310\" \/>\n\t<meta property=\"og:image:type\" content=\"image\/jpeg\" \/>\n<meta name=\"author\" content=\"Domenico Carro\" \/>\n<meta name=\"twitter:card\" content=\"summary_large_image\" \/>\n<meta name=\"twitter:creator\" content=\"@https:\/\/twitter.com\/romaeterna\" \/>\n<meta name=\"twitter:site\" content=\"@ocean4future\" \/>\n<meta name=\"twitter:label1\" content=\"Scritto da\" \/>\n\t<meta name=\"twitter:data1\" content=\"Domenico Carro\" \/>\n\t<meta name=\"twitter:label2\" content=\"Tempo di lettura stimato\" \/>\n\t<meta name=\"twitter:data2\" content=\"6 minuti\" \/>\n<script type=\"application\/ld+json\" class=\"yoast-schema-graph\">{\"@context\":\"https:\\\/\\\/schema.org\",\"@graph\":[{\"@type\":\"Article\",\"@id\":\"https:\\\/\\\/www.ocean4future.org\\\/savetheocean\\\/archives\\\/114855#article\",\"isPartOf\":{\"@id\":\"https:\\\/\\\/www.ocean4future.org\\\/savetheocean\\\/archives\\\/114855\"},\"author\":{\"name\":\"Domenico Carro\",\"@id\":\"https:\\\/\\\/www.ocean4future.org\\\/savetheocean\\\/#\\\/schema\\\/person\\\/bd39f4411183ae5079b848f4a43f0a4d\"},\"headline\":\"L\u2019aspettativa di vita ai tempi di Roma imperiale\",\"datePublished\":\"2025-07-05T22:02:00+00:00\",\"mainEntityOfPage\":{\"@id\":\"https:\\\/\\\/www.ocean4future.org\\\/savetheocean\\\/archives\\\/114855\"},\"wordCount\":971,\"commentCount\":0,\"publisher\":{\"@id\":\"https:\\\/\\\/www.ocean4future.org\\\/savetheocean\\\/#\\\/schema\\\/person\\\/4e1c26437054353074d7bb2efa77162c\"},\"image\":{\"@id\":\"https:\\\/\\\/www.ocean4future.org\\\/savetheocean\\\/archives\\\/114855#primaryimage\"},\"thumbnailUrl\":\"https:\\\/\\\/www.ocean4future.org\\\/savetheocean\\\/wp-content\\\/uploads\\\/2025\\\/07\\\/circular-marble-relief-depicting-a-roman-family-father-mother-and-two-sons-common-in-thrace-and-danube-regions-e1750514835718.jpg\",\"articleSection\":[\"Storia navale Romana\"],\"inLanguage\":\"it-IT\",\"potentialAction\":[{\"@type\":\"CommentAction\",\"name\":\"Comment\",\"target\":[\"https:\\\/\\\/www.ocean4future.org\\\/savetheocean\\\/archives\\\/114855#respond\"]}]},{\"@type\":\"WebPage\",\"@id\":\"https:\\\/\\\/www.ocean4future.org\\\/savetheocean\\\/archives\\\/114855\",\"url\":\"https:\\\/\\\/www.ocean4future.org\\\/savetheocean\\\/archives\\\/114855\",\"name\":\"L\u2019aspettativa di vita ai tempi di Roma imperiale &#8226; OCEAN4FUTURE autore\",\"isPartOf\":{\"@id\":\"https:\\\/\\\/www.ocean4future.org\\\/savetheocean\\\/#website\"},\"primaryImageOfPage\":{\"@id\":\"https:\\\/\\\/www.ocean4future.org\\\/savetheocean\\\/archives\\\/114855#primaryimage\"},\"image\":{\"@id\":\"https:\\\/\\\/www.ocean4future.org\\\/savetheocean\\\/archives\\\/114855#primaryimage\"},\"thumbnailUrl\":\"https:\\\/\\\/www.ocean4future.org\\\/savetheocean\\\/wp-content\\\/uploads\\\/2025\\\/07\\\/circular-marble-relief-depicting-a-roman-family-father-mother-and-two-sons-common-in-thrace-and-danube-regions-e1750514835718.jpg\",\"datePublished\":\"2025-07-05T22:02:00+00:00\",\"breadcrumb\":{\"@id\":\"https:\\\/\\\/www.ocean4future.org\\\/savetheocean\\\/archives\\\/114855#breadcrumb\"},\"inLanguage\":\"it-IT\",\"potentialAction\":[{\"@type\":\"ReadAction\",\"target\":[\"https:\\\/\\\/www.ocean4future.org\\\/savetheocean\\\/archives\\\/114855\"]}]},{\"@type\":\"ImageObject\",\"inLanguage\":\"it-IT\",\"@id\":\"https:\\\/\\\/www.ocean4future.org\\\/savetheocean\\\/archives\\\/114855#primaryimage\",\"url\":\"https:\\\/\\\/www.ocean4future.org\\\/savetheocean\\\/wp-content\\\/uploads\\\/2025\\\/07\\\/circular-marble-relief-depicting-a-roman-family-father-mother-and-two-sons-common-in-thrace-and-danube-regions-e1750514835718.jpg\",\"contentUrl\":\"https:\\\/\\\/www.ocean4future.org\\\/savetheocean\\\/wp-content\\\/uploads\\\/2025\\\/07\\\/circular-marble-relief-depicting-a-roman-family-father-mother-and-two-sons-common-in-thrace-and-danube-regions-e1750514835718.jpg\",\"width\":620,\"height\":310},{\"@type\":\"BreadcrumbList\",\"@id\":\"https:\\\/\\\/www.ocean4future.org\\\/savetheocean\\\/archives\\\/114855#breadcrumb\",\"itemListElement\":[{\"@type\":\"ListItem\",\"position\":1,\"name\":\"Home\",\"item\":\"https:\\\/\\\/www.ocean4future.org\\\/savetheocean\"},{\"@type\":\"ListItem\",\"position\":2,\"name\":\"L\u2019aspettativa di vita ai tempi di Roma imperiale\"}]},{\"@type\":\"WebSite\",\"@id\":\"https:\\\/\\\/www.ocean4future.org\\\/savetheocean\\\/#website\",\"url\":\"https:\\\/\\\/www.ocean4future.org\\\/savetheocean\\\/\",\"name\":\"Ocean 4 Future\",\"description\":\"Per una nuova cultura del mare e della marittimit\u00e0\",\"publisher\":{\"@id\":\"https:\\\/\\\/www.ocean4future.org\\\/savetheocean\\\/#\\\/schema\\\/person\\\/4e1c26437054353074d7bb2efa77162c\"},\"potentialAction\":[{\"@type\":\"SearchAction\",\"target\":{\"@type\":\"EntryPoint\",\"urlTemplate\":\"https:\\\/\\\/www.ocean4future.org\\\/savetheocean\\\/?s={search_term_string}\"},\"query-input\":{\"@type\":\"PropertyValueSpecification\",\"valueRequired\":true,\"valueName\":\"search_term_string\"}}],\"inLanguage\":\"it-IT\"},{\"@type\":[\"Person\",\"Organization\"],\"@id\":\"https:\\\/\\\/www.ocean4future.org\\\/savetheocean\\\/#\\\/schema\\\/person\\\/4e1c26437054353074d7bb2efa77162c\",\"name\":\"oceandiver\",\"image\":{\"@type\":\"ImageObject\",\"inLanguage\":\"it-IT\",\"@id\":\"https:\\\/\\\/www.ocean4future.org\\\/savetheocean\\\/wp-content\\\/uploads\\\/2023\\\/04\\\/logo-ocean3.jpg\",\"url\":\"https:\\\/\\\/www.ocean4future.org\\\/savetheocean\\\/wp-content\\\/uploads\\\/2023\\\/04\\\/logo-ocean3.jpg\",\"contentUrl\":\"https:\\\/\\\/www.ocean4future.org\\\/savetheocean\\\/wp-content\\\/uploads\\\/2023\\\/04\\\/logo-ocean3.jpg\",\"width\":472,\"height\":301,\"caption\":\"oceandiver\"},\"logo\":{\"@id\":\"https:\\\/\\\/www.ocean4future.org\\\/savetheocean\\\/wp-content\\\/uploads\\\/2023\\\/04\\\/logo-ocean3.jpg\"}},{\"@type\":\"Person\",\"@id\":\"https:\\\/\\\/www.ocean4future.org\\\/savetheocean\\\/#\\\/schema\\\/person\\\/bd39f4411183ae5079b848f4a43f0a4d\",\"name\":\"Domenico Carro\",\"image\":{\"@type\":\"ImageObject\",\"inLanguage\":\"it-IT\",\"@id\":\"https:\\\/\\\/secure.gravatar.com\\\/avatar\\\/47647ae893cdd6f04acaf68ee6f47e77a677bb080bbb9b02c80b6e3a3df707bd?s=96&d=mm&r=g\",\"url\":\"https:\\\/\\\/secure.gravatar.com\\\/avatar\\\/47647ae893cdd6f04acaf68ee6f47e77a677bb080bbb9b02c80b6e3a3df707bd?s=96&d=mm&r=g\",\"contentUrl\":\"https:\\\/\\\/secure.gravatar.com\\\/avatar\\\/47647ae893cdd6f04acaf68ee6f47e77a677bb080bbb9b02c80b6e3a3df707bd?s=96&d=mm&r=g\",\"caption\":\"Domenico Carro\"},\"description\":\"ammiraglio di divisione della Riserva della Marina Militare Italiana, dal momento del suo ritiro dal servizio attivo, assecondando la propria natura di appassionato cultore della Civilt\u00e0 Romana, ha potuto dedicarsi interamente all'approfondimento dei suoi studi storiografici, nell'ambito dei quali ha pubblicato numerosi libri e saggi, creato l'interessantissimo sito ROMA AETERNA ed\u00a0\u00a0il foro di discussione FORVM ROMAETERNA (2001-2013), poi sostituito dall'istituzione di pagine estratte da \\\"Roma Aeterna\\\" nelle maggiori reti sociali, quali Linkedin, Facebook, Twitter, Youtube, Flickr, etc.\u00a0 Non ultimo, l'ammiraglio Carro \u00e8 relatore in importanti convegni,\u00a0 nazionali ed internazionali sui temi della storiografia romana e della salvaguardia della cultura marittima.\",\"sameAs\":[\"http:\\\/\\\/www.romaeterna.org\\\/\",\"https:\\\/\\\/www.facebook.com\\\/romaeternaorg\",\"http:\\\/\\\/www.linkedin.com\\\/groups?gid=44675\",\"https:\\\/\\\/x.com\\\/https:\\\/\\\/twitter.com\\\/romaeterna\",\"http:\\\/\\\/www.youtube.com\\\/romaeternaorg\"],\"url\":\"https:\\\/\\\/www.ocean4future.org\\\/savetheocean\\\/archives\\\/author\\\/domenico-carro\"}]}<\/script>\n<!-- \/ Yoast SEO plugin. -->","yoast_head_json":{"title":"L\u2019aspettativa di vita ai tempi di Roma imperiale &#8226; OCEAN4FUTURE autore","robots":{"index":"index","follow":"follow","max-snippet":"max-snippet:-1","max-image-preview":"max-image-preview:large","max-video-preview":"max-video-preview:-1"},"canonical":"https:\/\/www.ocean4future.org\/savetheocean\/archives\/114855","og_locale":"it_IT","og_type":"article","og_title":"L\u2019aspettativa di vita ai tempi di Roma imperiale &#8226; OCEAN4FUTURE autore","og_description":"tempo di lettura:  4 minuti. . ARGOMENTO: STORIA NAVALE ROMANA PERIODO: IMPERO ROMANO AREA: DIDATTICA parole chiave: Classiari . Una vita pericolosa, vissuta pericolosamente. I classiari potevano certamente perdere la vita mentre erano in servizio, ma qual era la loro aspettativa di vita in epoca imperiale? Ovvero, quali erano le effettive prospettive di godimento del periodo di vita da [&hellip;]","og_url":"https:\/\/www.ocean4future.org\/savetheocean\/archives\/114855","og_site_name":"OCEAN4FUTURE","article_author":"https:\/\/www.facebook.com\/romaeternaorg","article_published_time":"2025-07-05T22:02:00+00:00","og_image":[{"width":620,"height":310,"url":"https:\/\/www.ocean4future.org\/savetheocean\/wp-content\/uploads\/2025\/07\/circular-marble-relief-depicting-a-roman-family-father-mother-and-two-sons-common-in-thrace-and-danube-regions-e1750514835718.jpg","type":"image\/jpeg"}],"author":"Domenico Carro","twitter_card":"summary_large_image","twitter_creator":"@https:\/\/twitter.com\/romaeterna","twitter_site":"@ocean4future","twitter_misc":{"Scritto da":"Domenico Carro","Tempo di lettura stimato":"6 minuti"},"schema":{"@context":"https:\/\/schema.org","@graph":[{"@type":"Article","@id":"https:\/\/www.ocean4future.org\/savetheocean\/archives\/114855#article","isPartOf":{"@id":"https:\/\/www.ocean4future.org\/savetheocean\/archives\/114855"},"author":{"name":"Domenico Carro","@id":"https:\/\/www.ocean4future.org\/savetheocean\/#\/schema\/person\/bd39f4411183ae5079b848f4a43f0a4d"},"headline":"L\u2019aspettativa di vita ai tempi di Roma imperiale","datePublished":"2025-07-05T22:02:00+00:00","mainEntityOfPage":{"@id":"https:\/\/www.ocean4future.org\/savetheocean\/archives\/114855"},"wordCount":971,"commentCount":0,"publisher":{"@id":"https:\/\/www.ocean4future.org\/savetheocean\/#\/schema\/person\/4e1c26437054353074d7bb2efa77162c"},"image":{"@id":"https:\/\/www.ocean4future.org\/savetheocean\/archives\/114855#primaryimage"},"thumbnailUrl":"https:\/\/www.ocean4future.org\/savetheocean\/wp-content\/uploads\/2025\/07\/circular-marble-relief-depicting-a-roman-family-father-mother-and-two-sons-common-in-thrace-and-danube-regions-e1750514835718.jpg","articleSection":["Storia navale Romana"],"inLanguage":"it-IT","potentialAction":[{"@type":"CommentAction","name":"Comment","target":["https:\/\/www.ocean4future.org\/savetheocean\/archives\/114855#respond"]}]},{"@type":"WebPage","@id":"https:\/\/www.ocean4future.org\/savetheocean\/archives\/114855","url":"https:\/\/www.ocean4future.org\/savetheocean\/archives\/114855","name":"L\u2019aspettativa di vita ai tempi di Roma imperiale &#8226; OCEAN4FUTURE autore","isPartOf":{"@id":"https:\/\/www.ocean4future.org\/savetheocean\/#website"},"primaryImageOfPage":{"@id":"https:\/\/www.ocean4future.org\/savetheocean\/archives\/114855#primaryimage"},"image":{"@id":"https:\/\/www.ocean4future.org\/savetheocean\/archives\/114855#primaryimage"},"thumbnailUrl":"https:\/\/www.ocean4future.org\/savetheocean\/wp-content\/uploads\/2025\/07\/circular-marble-relief-depicting-a-roman-family-father-mother-and-two-sons-common-in-thrace-and-danube-regions-e1750514835718.jpg","datePublished":"2025-07-05T22:02:00+00:00","breadcrumb":{"@id":"https:\/\/www.ocean4future.org\/savetheocean\/archives\/114855#breadcrumb"},"inLanguage":"it-IT","potentialAction":[{"@type":"ReadAction","target":["https:\/\/www.ocean4future.org\/savetheocean\/archives\/114855"]}]},{"@type":"ImageObject","inLanguage":"it-IT","@id":"https:\/\/www.ocean4future.org\/savetheocean\/archives\/114855#primaryimage","url":"https:\/\/www.ocean4future.org\/savetheocean\/wp-content\/uploads\/2025\/07\/circular-marble-relief-depicting-a-roman-family-father-mother-and-two-sons-common-in-thrace-and-danube-regions-e1750514835718.jpg","contentUrl":"https:\/\/www.ocean4future.org\/savetheocean\/wp-content\/uploads\/2025\/07\/circular-marble-relief-depicting-a-roman-family-father-mother-and-two-sons-common-in-thrace-and-danube-regions-e1750514835718.jpg","width":620,"height":310},{"@type":"BreadcrumbList","@id":"https:\/\/www.ocean4future.org\/savetheocean\/archives\/114855#breadcrumb","itemListElement":[{"@type":"ListItem","position":1,"name":"Home","item":"https:\/\/www.ocean4future.org\/savetheocean"},{"@type":"ListItem","position":2,"name":"L\u2019aspettativa di vita ai tempi di Roma imperiale"}]},{"@type":"WebSite","@id":"https:\/\/www.ocean4future.org\/savetheocean\/#website","url":"https:\/\/www.ocean4future.org\/savetheocean\/","name":"Ocean 4 Future","description":"Per una nuova cultura del mare e della marittimit\u00e0","publisher":{"@id":"https:\/\/www.ocean4future.org\/savetheocean\/#\/schema\/person\/4e1c26437054353074d7bb2efa77162c"},"potentialAction":[{"@type":"SearchAction","target":{"@type":"EntryPoint","urlTemplate":"https:\/\/www.ocean4future.org\/savetheocean\/?s={search_term_string}"},"query-input":{"@type":"PropertyValueSpecification","valueRequired":true,"valueName":"search_term_string"}}],"inLanguage":"it-IT"},{"@type":["Person","Organization"],"@id":"https:\/\/www.ocean4future.org\/savetheocean\/#\/schema\/person\/4e1c26437054353074d7bb2efa77162c","name":"oceandiver","image":{"@type":"ImageObject","inLanguage":"it-IT","@id":"https:\/\/www.ocean4future.org\/savetheocean\/wp-content\/uploads\/2023\/04\/logo-ocean3.jpg","url":"https:\/\/www.ocean4future.org\/savetheocean\/wp-content\/uploads\/2023\/04\/logo-ocean3.jpg","contentUrl":"https:\/\/www.ocean4future.org\/savetheocean\/wp-content\/uploads\/2023\/04\/logo-ocean3.jpg","width":472,"height":301,"caption":"oceandiver"},"logo":{"@id":"https:\/\/www.ocean4future.org\/savetheocean\/wp-content\/uploads\/2023\/04\/logo-ocean3.jpg"}},{"@type":"Person","@id":"https:\/\/www.ocean4future.org\/savetheocean\/#\/schema\/person\/bd39f4411183ae5079b848f4a43f0a4d","name":"Domenico Carro","image":{"@type":"ImageObject","inLanguage":"it-IT","@id":"https:\/\/secure.gravatar.com\/avatar\/47647ae893cdd6f04acaf68ee6f47e77a677bb080bbb9b02c80b6e3a3df707bd?s=96&d=mm&r=g","url":"https:\/\/secure.gravatar.com\/avatar\/47647ae893cdd6f04acaf68ee6f47e77a677bb080bbb9b02c80b6e3a3df707bd?s=96&d=mm&r=g","contentUrl":"https:\/\/secure.gravatar.com\/avatar\/47647ae893cdd6f04acaf68ee6f47e77a677bb080bbb9b02c80b6e3a3df707bd?s=96&d=mm&r=g","caption":"Domenico Carro"},"description":"ammiraglio di divisione della Riserva della Marina Militare Italiana, dal momento del suo ritiro dal servizio attivo, assecondando la propria natura di appassionato cultore della Civilt\u00e0 Romana, ha potuto dedicarsi interamente all'approfondimento dei suoi studi storiografici, nell'ambito dei quali ha pubblicato numerosi libri e saggi, creato l'interessantissimo sito ROMA AETERNA ed\u00a0\u00a0il foro di discussione FORVM ROMAETERNA (2001-2013), poi sostituito dall'istituzione di pagine estratte da \"Roma Aeterna\" nelle maggiori reti sociali, quali Linkedin, Facebook, Twitter, Youtube, Flickr, etc.\u00a0 Non ultimo, l'ammiraglio Carro \u00e8 relatore in importanti convegni,\u00a0 nazionali ed internazionali sui temi della storiografia romana e della salvaguardia della cultura marittima.","sameAs":["http:\/\/www.romaeterna.org\/","https:\/\/www.facebook.com\/romaeternaorg","http:\/\/www.linkedin.com\/groups?gid=44675","https:\/\/x.com\/https:\/\/twitter.com\/romaeterna","http:\/\/www.youtube.com\/romaeternaorg"],"url":"https:\/\/www.ocean4future.org\/savetheocean\/archives\/author\/domenico-carro"}]}},"_links":{"self":[{"href":"https:\/\/www.ocean4future.org\/savetheocean\/wp-json\/wp\/v2\/posts\/114855","targetHints":{"allow":["GET"]}}],"collection":[{"href":"https:\/\/www.ocean4future.org\/savetheocean\/wp-json\/wp\/v2\/posts"}],"about":[{"href":"https:\/\/www.ocean4future.org\/savetheocean\/wp-json\/wp\/v2\/types\/post"}],"author":[{"embeddable":true,"href":"https:\/\/www.ocean4future.org\/savetheocean\/wp-json\/wp\/v2\/users\/2432"}],"replies":[{"embeddable":true,"href":"https:\/\/www.ocean4future.org\/savetheocean\/wp-json\/wp\/v2\/comments?post=114855"}],"version-history":[{"count":0,"href":"https:\/\/www.ocean4future.org\/savetheocean\/wp-json\/wp\/v2\/posts\/114855\/revisions"}],"wp:featuredmedia":[{"embeddable":true,"href":"https:\/\/www.ocean4future.org\/savetheocean\/wp-json\/wp\/v2\/media\/119323"}],"wp:attachment":[{"href":"https:\/\/www.ocean4future.org\/savetheocean\/wp-json\/wp\/v2\/media?parent=114855"}],"wp:term":[{"taxonomy":"category","embeddable":true,"href":"https:\/\/www.ocean4future.org\/savetheocean\/wp-json\/wp\/v2\/categories?post=114855"},{"taxonomy":"post_tag","embeddable":true,"href":"https:\/\/www.ocean4future.org\/savetheocean\/wp-json\/wp\/v2\/tags?post=114855"}],"curies":[{"name":"wp","href":"https:\/\/api.w.org\/{rel}","templated":true}]}}