{"id":11425,"date":"2024-09-01T00:05:00","date_gmt":"2024-08-31T22:05:00","guid":{"rendered":"http:\/\/www.ocean4future.org\/savetheocean\/?p=11425"},"modified":"2026-03-25T14:19:52","modified_gmt":"2026-03-25T13:19:52","slug":"la-guerra-ai-pirati-di-gneo-pompeo-magno","status":"publish","type":"post","link":"https:\/\/www.ocean4future.org\/savetheocean\/archives\/11425","title":{"rendered":"La guerra ai pirati di Gneo Pompeo Magno"},"content":{"rendered":"<span class=\"span-reading-time rt-reading-time\" style=\"display: block;\"><span class=\"rt-label rt-prefix\">tempo di lettura: <\/span> <span class=\"rt-time\"> 7<\/span> <span class=\"rt-label rt-postfix\">minuti<\/span><\/span><p><span style=\"color: #ffffff;\">.<\/span><br \/>\n<a class=\"maxbutton-4 maxbutton maxbutton-livello-di-comprensione\" href=\"javascript:void(0);\"><span class='mb-text'>livello elementare<\/span><\/a><br \/>\n<span style=\"color: #ffffff;\">.<\/span><br \/>\n<strong><span style=\"color: #008000;\">ARGOMENTO: STORIA NAVALE<\/span><\/strong><br \/>\n<strong><span style=\"color: #008000;\">PERIODO: I SECOLO a.C.<\/span><\/strong><br \/>\n<strong><span style=\"color: #008000;\">AREA: DIDATTICA<\/span><\/strong><br \/>\nparole chiave: Gneo Pompeo, pirati, Tirreni<\/p>\n<p style=\"text-align: justify;\">&nbsp;<\/p>\n<p style=\"text-align: justify;\"><span style=\"font-size: 14pt;\"><strong><span style=\"color: #008000;\"><span style=\"font-size: 18pt;\">Il fenomeno della pirateria \u00e8 antichissimo<\/span><br \/>\n<\/span><\/strong><\/span>Oltre tre millenni fa popoli guerrieri adattarono la loro strategia predatoria passando dalla terra ferma al mare. Nel mar Mediterraneo scorrazzavano i coraggiosi e spregiudicati Shardana, popoli del mare che si erano specializzati nella pirateria ed il cui valore in battaglia li aveva portati ad essere la guardia di onore dei faraoni. Nello stesso mare, un popolo etrusco, conosciuto con il loro nome greco, <strong><span style=\"color: #008000;\">Thyrrenoi<\/span><\/strong> o <strong><span style=\"color: #008000;\">Tirreni<\/span><\/strong> (da cui deriva il nome del Mar Tirreno), depredava implacabilmente tutte le navi commerciali. I Pirati operavano in tutto il Mediterraneo e avevano fama di essere efferati e senza scrupolo. Fecero vittime famose tra cui un giovane romano che sarebbe diventato poi famoso, Gaio Giulio Cesare, catturato al largo dell\u2019isola di Farmacusa dai pirati della Cilicia, una regione della costa sudorientale dell\u2019Asia Minore. <strong><span style=\"color: #008000;\">Svetonio<\/span><\/strong> racconta che &#8220;<strong><em><span style=\"color: #008000;\">(Cesare) rest\u00f2 con loro per circa quaranta giorni, in compagnia di un medico e di due schiavi. I compagni di viaggio, infatti, e tutti gli altri servi erano stati inviati immediatamente a Roma per raccogliere i soldi del riscatto. Quando furono pagati i cinquanta talenti stabiliti, venne sbarcato su una spiaggia e allora, senza perdere tempo, assold\u00f2 una flotta e si lanci\u00f2 all\u2019inseguimento dei pirati: li cattur\u00f2 e li condann\u00f2 a quel supplizio (l&#8217;impiccagione) che spesso aveva minacciato loro per scherzo \u2026<\/span> <\/em><\/strong>&#8221; dalla Vita dei Cesari, Garzanti, Milano 2004.&nbsp;<\/p>\n<p style=\"text-align: justify;\"><strong><span style=\"color: #008000;\">Plutarco<\/span> <\/strong>racconta che il Senato della Repubblica Romana, preoccupato dalla cresciuta difficolt\u00e0 di rifornire Roma dei beni necessari per la sua sopravvivenza, a causa della depredazione delle navi&nbsp;mercantili, diede l\u2019incarico di &#8220;risolvere&#8221; il problema ad un generale, <strong><span style=\"color: #008000;\">Gneo Pompeo Magno<\/span><\/strong>. Pompeo, come vedremo, condusse una guerra rapida senza frontiere, inseguendo i pirati nello loro basi e giustiziandoli senza piet\u00e0. Altri tempi altre leggi ma, dopo soli tre mesi, la pace torn\u00f2 sul <strong><em><span style=\"color: #008000;\">mare nostrum<\/span><\/em><\/strong>&nbsp;e&nbsp;vi rimase per oltre 400 anni.<\/p>\n<p style=\"text-align: justify;\">Dalle fonti storiche (<strong><span style=\"color: #008000;\">Strabone<\/span> <\/strong>VIII sec. a.C.) l\u2019impiego di forze militari per combattere la pirateria era incominciato gi\u00e0 dai tempi delle citt\u00e0-stato della Grecia che avevano organizzato un complesso ed articolato sistema di navi per scortare i convogli mercantili contro i pirati. Fra di esse Rodi si assunse compiti di &#8220;polizia del mare&#8221; navigando fino in Adriatico \u00abper la salvezza delle genti\u00bb. Atene, la maggior potenza navale ellenica, nel cosiddetto &#8220;<strong><span style=\"color: #008000;\">decreto Tod 200<\/span><\/strong>&#8221; (325\/24 a.C) progett\u00f2 la creazione di una base navale in Adriatico per \u00ab<strong><em><span style=\"color: #008000;\">protezione dai Tirreni<\/span><\/em><\/strong>\u00bb, cio\u00e8 degli Etruschi che controllavano le coste tirreniche.<\/p>\n<p style=\"text-align: justify;\"><strong><span style=\"color: #008000;\"><br \/>\n<span style=\"font-size: 14pt;\"><span style=\"font-size: 18pt;\">Mar Egeo: crocevia di pirati<\/span><br \/>\n<\/span><\/span><\/strong>In realt\u00e0 il fenomeno era molto pi\u00f9 vasto. Un punto caldo del mare nostrum era il mar Egeo; con la sua miriade di isole, baie ed insenature che si prestava per un tipo di guerra che oggi chiameremmo asimmetrico.&nbsp; I pirati vi si potevano nascondere con facilit\u00e0 ed attendere il momento opportuno per abbordare le navi mercantili di passaggio. Va compreso che all&#8217;epoca la navigazione era prettamente costiera per cui i pirati non dovevano faticare molto. Le azioni marittime erano spesso accompagnate da razzie e saccheggi dei villaggi costieri dove i poveri abitanti venivano derubati e uccisi e le donne e i giovani presi come schiavi da rivendere sui mercati.<\/p>\n<p style=\"text-align: justify;\"><span style=\"font-size: 14pt;\"><strong><span style=\"color: #008000;\">Al tempo della guerra contro i pirati, condotta da Gneo Pompeo nel 67 a.C., lo storico romano Cassio Dione Cocceiano li descriveva cos\u00ec:<\/span><\/strong><\/span><\/p>\n<p style=\"text-align: justify;\">\u00ab <strong><em><span style=\"color: #008000;\">I pirati non navigavano pi\u00f9 a piccoli gruppi, ma in grosse schiere, e avevano i loro comandanti, che accrebbero la loro fama [per le imprese]. Depredavano e saccheggiavano prima di tutto coloro che navigavano, non lasciandoli in pace neppure d&#8217;inverno [&#8230;]; poi anche coloro che stavano nei porti. E se uno osava sfidarli in mare aperto, di solito era vinto e distrutto. Se poi riusciva a batterli, non era in grado di catturarli, a causa della velocit\u00e0 delle loro navi. Cos\u00ec i pirati tornavano subito indietro a saccheggiare e bruciare non solo villaggi e fattorie, ma intere citt\u00e0, mentre altre le rendevano alleate, tanto da svernarvi e creare basi per nuove operazioni, come si trattasse di un paese amico<\/span><\/em><\/strong>.\u00bb<\/p>\n<p>In un simile scenario ci voleva un abile generale per eradicare il problema e quell&#8217;uomo fu <strong><span style=\"color: #008000;\">Gneo Pompeo<\/span><\/strong>.<\/p>\n<p><a href=\"https:\/\/www.ocean4future.org\/savetheocean\/wp-content\/uploads\/2017\/01\/gneo-pompeo.jpg\"><img decoding=\"async\" class=\"wp-image-11427\" src=\"https:\/\/www.ocean4future.org\/savetheocean\/wp-content\/uploads\/2017\/01\/gneo-pompeo.jpg\" alt=\"gneo-pompeo\" width=\"644\" height=\"789\" srcset=\"https:\/\/www.ocean4future.org\/savetheocean\/wp-content\/uploads\/2017\/01\/gneo-pompeo.jpg 686w, https:\/\/www.ocean4future.org\/savetheocean\/wp-content\/uploads\/2017\/01\/gneo-pompeo-245x300.jpg 245w\" sizes=\"(max-width: 644px) 100vw, 644px\" \/><\/a><\/p>\n<p align=\"justify\"><strong><span style=\"color: #008000;\">Busto di Gnaeus Pompeius in Ny Carlsberg Glyptotek, Copenaghen <\/span><\/strong><strong><span style=\"color: #008000;\"><a href=\"https:\/\/commons.wikimedia.org\/wiki\/File:Pompejus_modified.png\">Pompejus modified.png &#8211; Wikimedia Commons<\/a><\/span><\/strong><\/p>\n<p style=\"text-align: justify;\"><strong><span style=\"color: #008000;\"><span style=\"font-size: 18pt;\">Chi fu&nbsp;Gneo Pompeo Magno?<\/span><\/span><span style=\"color: #008000;\"><br \/>\n<\/span><\/strong>Nato nel 106 a.C. ad Ascoli Piceno da famiglia nobile e ricca, era stato un seguace di Silla. L\u2019appellativo <strong><em><span style=\"color: #008000;\">Magno<\/span><\/em><\/strong> gli era stato dato dopo che aveva combattuto i seguaci di <strong><span style=\"color: #008000;\">Gaio Mario<\/span><\/strong> in Sicilia e poi in Africa, mettendo fine, nel 77 a.C., alla ribellione del console <strong><span style=\"color: #008000;\">Marco Emilio Lepido<\/span><\/strong>, in Etruria. Abile ed astuto militare, nel 71 a.C. Gneo Pompeo aveva represso, insieme a <strong><span style=\"color: #008000;\">Marco Licinio Crasso<\/span><\/strong>, la celebre rivolta di <strong><span style=\"color: #008000;\">Spartaco<\/span><\/strong> cosa che li fece divenire personaggi influenti sulla scena politica. Sebbene avessero una vecchia rivalit\u00e0, saggiamente preferirono l\u2019accordo allo scontro armato, e si fecero eleggere insieme al consolato del 70 a.C. Per guadagnarsi il consenso della plebe e dei nobili moderati, abrogarono le riforme di Silla, restituendo pieni poteri ai tribuni della plebe ed ampliando l\u2019elargizione del frumento al popolo.<\/p>\n<p style=\"text-align: justify;\">Scaduto il loro mandato, Pompeo e Crasso scomparvero dalla scena pubblica. In realt\u00e0 Pompeo continu\u00f2 a mantenere le sue amicizie politiche e, nel 67 a.C., a seguito di una legge per contrastare la pirateria, proposta da un vecchio amico, il tribuno <strong><span style=\"color: #008000;\">Aulo Gabinio<\/span><\/strong>. che minacciava l\u2019approvvigionamento alimentare di Roma, ricevette il comando militare delle forze con poteri eccezionali. Plutarco, nella \u201c<strong><span style=\"color: #008000;\">Vita di Pompeo<\/span><\/strong>\u201d (cap. XXIV-XXVI) descrisse nei dettagli quella campagna che riporto attingendo dalla traduzione di <a href=\"http:\/\/www.ilgrandeinquisitore.it\/2014\/07\/i-40-giorni-cambiarono-mondo-primavera-estate-67-c\/\">Vito Patella<\/a>.<\/p>\n<p style=\"text-align: justify;\">XXIV : &#8221; <strong><em><span style=\"color: #008000;\">&#8230; &nbsp;Il potere dei pirati era iniziato dalla Cilicia, e le vicende del loro potere furono in un primo tempo incerte, finch\u00e9 non arriv\u00f2 in loro aiuto il re Mitridate. Accadde perci\u00f2 che i Romani, impegnati nelle guerre civili, lasciarono i mari incustoditi, ci\u00f2 che spinse i pirati non solo ad attacchi in mare aperto, ma addirittura a mettere sottosopra le isole e le citt\u00e0 costiere. Essendo pertanto lucrosa l\u2019attivit\u00e0 dei pirati, molti di famiglie ricche e importanti, si imbarcarono sulle navi dei pirati. I pirati allora crearono molte postazioni armate, e fari con&nbsp;&nbsp;&nbsp; fortificazioni : tutto ci\u00f2 era fatto, tra l\u2019altro, con ostentata arroganza e provocazione, per scoraggiare e umiliare. Si diedero quindi a catturare personalit\u00e0 di alto livello, e a pretendere riscatti molto alti per il loro rilascio: tutto ci\u00f2 ovviamente era un insulto e un\u2019umiliazione per la supremazia di Roma. All&#8217;epoca, le navi dei pirati erano diventate pi\u00f9 di 1000, e quasi 400 le citt\u00e0 costiere catturate e soggiogate dai pirati. \u2026.Una volta addirittura catturarono due pretori in carica, Sestilio e Bellino, con tutto il loro seguito. Catturarono anche la figlia di Marco Antonio, che liberarono solo dopo pagamento di un riscatto. Ma il loro comportamento pi\u00f9 insultante era il seguente: se un prigioniero dichiarava il proprio nome, e si proclamava cittadino romano, i pirati fingevano di essere terrorizzati, si inginocchiavano ai piedi del prigioniero, supplicandolo di perdonarli per il loro errore (di averlo cio\u00e8 catturato). Il prigioniero pensava che la scena fosse reale, e che loro davvero fossero umili e sottomessi. In alcuni casi, i pirati ponevano calzature romane ai piedi del prigioniero,&nbsp; gli facevano indossare una tunica, e mentendo affermavano di fare tutto ci\u00f2 perch\u00e9 per il futuro non avessero a verificarsi altre catture per errore. Quindi, ponevano una scala in mare, e invitavano il prigioniero ad andarsene. Se il prigioniero recalcitrava di fronte a questa messinscena, essi lo annegavano subito nel mare. &#8230;<\/span><\/em><\/strong> &#8220;<\/p>\n<p style=\"text-align: justify;\">XXV: &#8220;<strong> <em><span style=\"color: #008000;\">&#8230; Il potere dei pirati si estese talmente tanto sul nostro mare divennero impossibili la navigazione e I commerci. Fu questa situazione che indusse i Romani a delegare Pompeo perch\u00e9 liberasse il mare dai pirati, e rendesse cos\u00ec di nuovo possibili gli stessi rifornimenti di merce e provviste. A Pompeo fu perci\u00f2 attribuito, attraverso una legge fatta approvare da Gabinio, amico di Pompeo. Questa legge concedeva a Pompeo&nbsp; non solo il domando della flotta sul mare, fino alle colonne d\u2019Ercole, ma un potere assoluto ed eccezionale, anche sulla terraferma entro 400 stadi ( circa 40 chilometri) di distanza dal mare. Il Senato propose una lista di nomi, tra cui Pompeo scelse 15 legati Comandanti (legati) attribuendo a ciascuno di essi la responsabilit\u00e0 di un settore geografico di intervento. &#8230;<\/span> <\/em><\/strong>&#8220;<\/p>\n<p style=\"text-align: justify;\"><span style=\"font-size: 14pt;\"><strong><span style=\"color: #008000;\">In questa tabella i nomi dei comandanti e le zone di mare assegnate<\/span><\/strong><\/span><\/p>\n<table>\n<tbody>\n<tr>\n<td width=\"343\"><span style=\"color: #008000;\">Lucio Gellio Publicola<\/span><\/td>\n<td width=\"463\"><span style=\"color: #008000;\">Mar Tirreno<\/span><\/td>\n<\/tr>\n<tr>\n<td width=\"343\"><span style=\"color: #008000;\">Publio Atilio<\/span><\/td>\n<td width=\"463\"><span style=\"color: #008000;\">Mar Ligure e acque della Corsica<\/span><\/td>\n<\/tr>\n<tr>\n<td width=\"343\"><span style=\"color: #008000;\">Marco Pomponio<\/span><\/td>\n<td width=\"463\"><span style=\"color: #008000;\">Mar Gallico (Golfo del Leone)<\/span><\/td>\n<\/tr>\n<tr>\n<td width=\"343\"><span style=\"color: #008000;\">Aulo Manlio Torquato<\/span><\/td>\n<td width=\"463\"><span style=\"color: #008000;\">Mar Balearico e acque delle coste orientali della Hispania<\/span><\/td>\n<\/tr>\n<tr>\n<td width=\"343\"><span style=\"color: #008000;\">Tiberio Claudio Nerone<\/span><\/td>\n<td width=\"463\"><span style=\"color: #008000;\">Stretto di Gibilterra&nbsp; e mare di Alboran<\/span><\/td>\n<\/tr>\n<tr>\n<td width=\"343\"><span style=\"color: #008000;\">Gneo Cornelio Lentulo Marcellino<\/span><\/td>\n<td width=\"463\"><span style=\"color: #008000;\">Acque della Sardegna e mar libico<\/span><\/td>\n<\/tr>\n<tr>\n<td width=\"343\"><span style=\"color: #008000;\">Aulo Plozio Varo<\/span><\/td>\n<td width=\"463\"><span style=\"color: #008000;\">Mare Siculo<\/span><\/td>\n<\/tr>\n<tr>\n<td width=\"343\"><span style=\"color: #008000;\">Marco Terrenzio Varrone<\/span><\/td>\n<td width=\"463\"><span style=\"color: #008000;\">Mar ionio, basso Adriatico, e basso Egeo fino a Delo<\/span><\/td>\n<\/tr>\n<tr>\n<td width=\"343\"><span style=\"color: #008000;\">Aulo e Quinto Pompeo Bitinico<\/span><\/td>\n<td width=\"463\"><span style=\"color: #008000;\">Mare Egizio<\/span><\/td>\n<\/tr>\n<tr>\n<td width=\"343\"><span style=\"color: #008000;\">Quinto Cecilio Metello Nepote<\/span><\/td>\n<td width=\"463\"><span style=\"color: #008000;\">Egeo sud-orientale, mar Panfilio ed acque di Cipro<\/span><\/td>\n<\/tr>\n<tr>\n<td width=\"343\"><span style=\"color: #008000;\">Marco Pupio Pisone Frugi Calpurniano<\/span><\/td>\n<td width=\"463\"><span style=\"color: #008000;\">Propontide e Bosforo<\/span><\/td>\n<\/tr>\n<tr>\n<td width=\"343\"><span style=\"color: #008000;\">Gneo Cornelio Lentulo Clodiano<\/span><\/td>\n<td width=\"463\"><span style=\"color: #008000;\">Mar Adriatico<\/span><\/td>\n<\/tr>\n<tr>\n<td width=\"343\"><span style=\"color: #008000;\">Lucio Lollio<\/span><\/td>\n<td width=\"463\"><span style=\"color: #008000;\">Mar Egeo settentrionale fino ai Dardanelli (Ellesponto)<\/span><\/td>\n<\/tr>\n<\/tbody>\n<\/table>\n<p style=\"text-align: justify;\">&#8220;<strong><em><span style=\"color: #008000;\"> &#8230; L\u2019ampiezza dei poteri concessi a Pompeo si comprende, considerando che i territori su cui venivano riconosciuti i pieni poteri, erano in pratica i territori di tutto l\u2019Impero di allora.&nbsp; I legati erano inoltre autorizzati ad attingere ai fondi del Tesoro, e quelle rimesse dei Pubblicani, ovvero degli esattori periferici delle tasse per l\u2019Impero. La flotta era composta da 200 navi, sotto un comando unico, come detto sopra. La popolazione accolse con favore queste decisioni, che per\u00f2 furono molto contrastate in Senato dove, tra i personaggi eminenti, il solo Giulio Cesare appoggi\u00f2 senza esitazioni la legge Gabinia. Alla fine, le forze agli ordini di Pompeo era composta da 500 navi, 120.000 soldati armati di tutto punto, e 5000 cavalli. Ventiquattro divennero i legati per Pompeo, tutti indicati dal Senato. Ventidue&nbsp; legati erano ex pretori; due, ex questori. Appena la decisione fu operative, i prezzi&nbsp; delle derrate alimentari scesero in maniera sensibile, ci\u00f2 che fece dire al popolo che il solo nome di Pompeo aveva posto fine alla guerra. Il mare e la terraferma entro 40 chilometri, furono suddivisi in tredici settori di intervento, a ognuno dei quali furono attribuiti delle navi, dei soldati e dei cavalli. Le forze cos\u00ec organizzate, si sparsero per tutto il mare, e attaccarono in massa e in contemporanea le navi dei pirati. Contro Pompeo si schierarono 60 tra le navi migliori dei pirati, ma Pompeo&nbsp; le affront\u00f2 solo dopo che il Mar Tirreno, il Mar Libico, la Sardegna, la Corsica, e la Sicilia,&nbsp; erano&nbsp; stati ripuliti dalle navi nemiche. Il tutto avvenne in 40 giorni, grazie al coordinamento delle forze di Pompeo. &#8230;<\/span> <\/em><\/strong>\u201c<\/p>\n<p style=\"text-align: justify;\"><span style=\"font-size: 18pt;\"><strong><span style=\"color: #008000;\">Una decisione strategica<\/span><\/strong><\/span><br \/>\nLa strategia di Gneo Pompeo di dividere il Mare Nostrum ed il Mar Nero in tredici settori, ognuno dei quali affidato al controllo di un suo comandante, permise in soli tre mesi di prendere il dominio dell\u2019isola di Creta, le coste della Cilicia, della Panfilia e della Licia. Ma la sua azione non fu solo militare ma anche politica: si preoccupo dei &nbsp;sopravvissuti e li fece trasferire in regioni interne e spopolate. Al fido <strong><span style=\"color: #008000;\">Cecilio Metello<\/span><\/strong> affid\u00f2 la gestione dei pirati cretesi, dirigendo la sua attenzione su un nemico di Roma ben pi\u00f9 temibile, <strong><span style=\"color: #008000;\">Mitridate<\/span><\/strong>. Ma questa \u00e8 un\u2019altra storia.<\/p>\n<p>&nbsp;<\/p>\n<p style=\"text-align: justify;\">Alcune delle foto presenti in questo blog possono essere state prese dal web, citandone ove possibile gli autori e\/o le fonti. Se qualcuno desiderasse specificarne l\u2019autore o rimuoverle, pu\u00f2 scrivere a infoocean4future@gmail.com e provvederemo immediatamente alla correzione dell\u2019articolo<\/p>\n<p>&nbsp;<\/p>\n<p><strong><a class=\"maxbutton-3 maxbutton maxbutton-pagina-principale\" target=\"_blank\" title=\"tooltip\" rel=\"nofollow noopener\" href=\"http:\/\/www.ocean4future.org\"><span class='mb-text'>PAGINA PRINCIPALE<\/span><\/a><br \/>\n<span style=\"color: #ffffff;\">.<\/span><\/strong><\/p>\n","protected":false},"excerpt":{"rendered":"<p><span class=\"span-reading-time rt-reading-time\" style=\"display: block;\"><span class=\"rt-label rt-prefix\">tempo di lettura: <\/span> <span class=\"rt-time\"> 7<\/span> <span class=\"rt-label rt-postfix\">minuti<\/span><\/span>. . ARGOMENTO: STORIA NAVALE PERIODO: I SECOLO a.C. AREA: DIDATTICA parole chiave: Gneo Pompeo, pirati, Tirreni &nbsp; Il fenomeno della pirateria \u00e8 antichissimo Oltre tre millenni fa popoli guerrieri adattarono la loro strategia predatoria passando dalla terra ferma al mare. Nel mar Mediterraneo scorrazzavano i coraggiosi e spregiudicati Shardana, popoli del mare che si [&hellip;]<\/p>\n","protected":false},"author":2380,"featured_media":11427,"comment_status":"open","ping_status":"open","sticky":false,"template":"","format":"standard","meta":{"_acf_changed":false,"_monsterinsights_skip_tracking":false,"_monsterinsights_sitenote_active":false,"_monsterinsights_sitenote_note":"","_monsterinsights_sitenote_category":0,"footnotes":""},"categories":[67],"tags":[1345,1344,182],"class_list":["post-11425","post","type-post","status-publish","format-standard","has-post-thumbnail","hentry","category-la-pirateria","tag-de-bellum-piraticum","tag-gneo-pompeo","tag-plutarco"],"acf":[],"yoast_head":"<!-- This site is optimized with the Yoast SEO plugin v27.4 - https:\/\/yoast.com\/product\/yoast-seo-wordpress\/ -->\n<title>La guerra ai pirati di Gneo Pompeo Magno &#8226; OCEAN4FUTURE autore<\/title>\n<meta name=\"robots\" content=\"index, follow, max-snippet:-1, max-image-preview:large, max-video-preview:-1\" \/>\n<link rel=\"canonical\" href=\"https:\/\/www.ocean4future.org\/savetheocean\/archives\/11425\" \/>\n<meta property=\"og:locale\" content=\"it_IT\" \/>\n<meta property=\"og:type\" content=\"article\" \/>\n<meta property=\"og:title\" content=\"La guerra ai pirati di Gneo Pompeo Magno &#8226; OCEAN4FUTURE autore\" \/>\n<meta property=\"og:description\" content=\"Il fenomeno della pirateria \u00e8 antichissimo. Oltre tre millenni fa popoli guerrieri adattarono la loro strategia predatoria passando dalla terra ferma al mare. Nel mar Mediterraneo scorrazzavano i coraggiosi Shardana, popoli del mare che si erano specializzati nella pirateria, il cui valore li aveva portati ad essere la guardia di onore dei faraoni. Nello stesso\u2026\" \/>\n<meta property=\"og:url\" content=\"https:\/\/www.ocean4future.org\/savetheocean\/archives\/11425\" \/>\n<meta property=\"og:site_name\" content=\"OCEAN4FUTURE\" \/>\n<meta property=\"article:published_time\" content=\"2024-08-31T22:05:00+00:00\" \/>\n<meta property=\"article:modified_time\" content=\"2026-03-25T13:19:52+00:00\" \/>\n<meta property=\"og:image\" content=\"https:\/\/www.ocean4future.org\/savetheocean\/wp-content\/uploads\/2017\/01\/gneo-pompeo.jpg\" \/>\n\t<meta property=\"og:image:width\" content=\"686\" \/>\n\t<meta property=\"og:image:height\" content=\"841\" \/>\n\t<meta property=\"og:image:type\" content=\"image\/jpeg\" \/>\n<meta name=\"author\" content=\"Andrea Mucedola\" \/>\n<meta name=\"twitter:card\" content=\"summary_large_image\" \/>\n<meta name=\"twitter:creator\" content=\"@ocean4future\" \/>\n<meta name=\"twitter:site\" content=\"@ocean4future\" \/>\n<meta name=\"twitter:label1\" content=\"Scritto da\" \/>\n\t<meta name=\"twitter:data1\" content=\"Andrea Mucedola\" \/>\n\t<meta name=\"twitter:label2\" content=\"Tempo di lettura stimato\" \/>\n\t<meta name=\"twitter:data2\" content=\"11 minuti\" \/>\n<script type=\"application\/ld+json\" class=\"yoast-schema-graph\">{\"@context\":\"https:\\\/\\\/schema.org\",\"@graph\":[{\"@type\":\"Article\",\"@id\":\"https:\\\/\\\/www.ocean4future.org\\\/savetheocean\\\/archives\\\/11425#article\",\"isPartOf\":{\"@id\":\"https:\\\/\\\/www.ocean4future.org\\\/savetheocean\\\/archives\\\/11425\"},\"author\":{\"name\":\"Andrea Mucedola\",\"@id\":\"https:\\\/\\\/www.ocean4future.org\\\/savetheocean\\\/#\\\/schema\\\/person\\\/252d25dcc5c002abcde7b2d4baa78f13\"},\"headline\":\"La guerra ai pirati di Gneo Pompeo Magno\",\"datePublished\":\"2024-08-31T22:05:00+00:00\",\"dateModified\":\"2026-03-25T13:19:52+00:00\",\"mainEntityOfPage\":{\"@id\":\"https:\\\/\\\/www.ocean4future.org\\\/savetheocean\\\/archives\\\/11425\"},\"wordCount\":1967,\"commentCount\":0,\"publisher\":{\"@id\":\"https:\\\/\\\/www.ocean4future.org\\\/savetheocean\\\/#\\\/schema\\\/person\\\/4e1c26437054353074d7bb2efa77162c\"},\"image\":{\"@id\":\"https:\\\/\\\/www.ocean4future.org\\\/savetheocean\\\/archives\\\/11425#primaryimage\"},\"thumbnailUrl\":\"https:\\\/\\\/www.ocean4future.org\\\/savetheocean\\\/wp-content\\\/uploads\\\/2017\\\/01\\\/gneo-pompeo.jpg\",\"keywords\":[\"de bellum piraticum\",\"Gneo Pompeo\",\"Plutarco\"],\"articleSection\":[\"Pirateria\"],\"inLanguage\":\"it-IT\",\"potentialAction\":[{\"@type\":\"CommentAction\",\"name\":\"Comment\",\"target\":[\"https:\\\/\\\/www.ocean4future.org\\\/savetheocean\\\/archives\\\/11425#respond\"]}]},{\"@type\":\"WebPage\",\"@id\":\"https:\\\/\\\/www.ocean4future.org\\\/savetheocean\\\/archives\\\/11425\",\"url\":\"https:\\\/\\\/www.ocean4future.org\\\/savetheocean\\\/archives\\\/11425\",\"name\":\"La guerra ai pirati di Gneo Pompeo Magno &#8226; OCEAN4FUTURE autore\",\"isPartOf\":{\"@id\":\"https:\\\/\\\/www.ocean4future.org\\\/savetheocean\\\/#website\"},\"primaryImageOfPage\":{\"@id\":\"https:\\\/\\\/www.ocean4future.org\\\/savetheocean\\\/archives\\\/11425#primaryimage\"},\"image\":{\"@id\":\"https:\\\/\\\/www.ocean4future.org\\\/savetheocean\\\/archives\\\/11425#primaryimage\"},\"thumbnailUrl\":\"https:\\\/\\\/www.ocean4future.org\\\/savetheocean\\\/wp-content\\\/uploads\\\/2017\\\/01\\\/gneo-pompeo.jpg\",\"datePublished\":\"2024-08-31T22:05:00+00:00\",\"dateModified\":\"2026-03-25T13:19:52+00:00\",\"breadcrumb\":{\"@id\":\"https:\\\/\\\/www.ocean4future.org\\\/savetheocean\\\/archives\\\/11425#breadcrumb\"},\"inLanguage\":\"it-IT\",\"potentialAction\":[{\"@type\":\"ReadAction\",\"target\":[\"https:\\\/\\\/www.ocean4future.org\\\/savetheocean\\\/archives\\\/11425\"]}]},{\"@type\":\"ImageObject\",\"inLanguage\":\"it-IT\",\"@id\":\"https:\\\/\\\/www.ocean4future.org\\\/savetheocean\\\/archives\\\/11425#primaryimage\",\"url\":\"https:\\\/\\\/www.ocean4future.org\\\/savetheocean\\\/wp-content\\\/uploads\\\/2017\\\/01\\\/gneo-pompeo.jpg\",\"contentUrl\":\"https:\\\/\\\/www.ocean4future.org\\\/savetheocean\\\/wp-content\\\/uploads\\\/2017\\\/01\\\/gneo-pompeo.jpg\",\"width\":686,\"height\":841},{\"@type\":\"BreadcrumbList\",\"@id\":\"https:\\\/\\\/www.ocean4future.org\\\/savetheocean\\\/archives\\\/11425#breadcrumb\",\"itemListElement\":[{\"@type\":\"ListItem\",\"position\":1,\"name\":\"Home\",\"item\":\"https:\\\/\\\/www.ocean4future.org\\\/savetheocean\"},{\"@type\":\"ListItem\",\"position\":2,\"name\":\"La guerra ai pirati di Gneo Pompeo Magno\"}]},{\"@type\":\"WebSite\",\"@id\":\"https:\\\/\\\/www.ocean4future.org\\\/savetheocean\\\/#website\",\"url\":\"https:\\\/\\\/www.ocean4future.org\\\/savetheocean\\\/\",\"name\":\"Ocean 4 Future\",\"description\":\"Per una nuova cultura del mare e della marittimit\u00e0\",\"publisher\":{\"@id\":\"https:\\\/\\\/www.ocean4future.org\\\/savetheocean\\\/#\\\/schema\\\/person\\\/4e1c26437054353074d7bb2efa77162c\"},\"potentialAction\":[{\"@type\":\"SearchAction\",\"target\":{\"@type\":\"EntryPoint\",\"urlTemplate\":\"https:\\\/\\\/www.ocean4future.org\\\/savetheocean\\\/?s={search_term_string}\"},\"query-input\":{\"@type\":\"PropertyValueSpecification\",\"valueRequired\":true,\"valueName\":\"search_term_string\"}}],\"inLanguage\":\"it-IT\"},{\"@type\":[\"Person\",\"Organization\"],\"@id\":\"https:\\\/\\\/www.ocean4future.org\\\/savetheocean\\\/#\\\/schema\\\/person\\\/4e1c26437054353074d7bb2efa77162c\",\"name\":\"oceandiver\",\"image\":{\"@type\":\"ImageObject\",\"inLanguage\":\"it-IT\",\"@id\":\"https:\\\/\\\/www.ocean4future.org\\\/savetheocean\\\/wp-content\\\/uploads\\\/2023\\\/04\\\/logo-ocean3.jpg\",\"url\":\"https:\\\/\\\/www.ocean4future.org\\\/savetheocean\\\/wp-content\\\/uploads\\\/2023\\\/04\\\/logo-ocean3.jpg\",\"contentUrl\":\"https:\\\/\\\/www.ocean4future.org\\\/savetheocean\\\/wp-content\\\/uploads\\\/2023\\\/04\\\/logo-ocean3.jpg\",\"width\":472,\"height\":301,\"caption\":\"oceandiver\"},\"logo\":{\"@id\":\"https:\\\/\\\/www.ocean4future.org\\\/savetheocean\\\/wp-content\\\/uploads\\\/2023\\\/04\\\/logo-ocean3.jpg\"}},{\"@type\":\"Person\",\"@id\":\"https:\\\/\\\/www.ocean4future.org\\\/savetheocean\\\/#\\\/schema\\\/person\\\/252d25dcc5c002abcde7b2d4baa78f13\",\"name\":\"Andrea Mucedola\",\"image\":{\"@type\":\"ImageObject\",\"inLanguage\":\"it-IT\",\"@id\":\"https:\\\/\\\/secure.gravatar.com\\\/avatar\\\/befc97e7f9e17a6b60a3969a83be976bdb6f8fc3d0b55cb27b11ae85db4b6240?s=96&d=mm&r=g\",\"url\":\"https:\\\/\\\/secure.gravatar.com\\\/avatar\\\/befc97e7f9e17a6b60a3969a83be976bdb6f8fc3d0b55cb27b11ae85db4b6240?s=96&d=mm&r=g\",\"contentUrl\":\"https:\\\/\\\/secure.gravatar.com\\\/avatar\\\/befc97e7f9e17a6b60a3969a83be976bdb6f8fc3d0b55cb27b11ae85db4b6240?s=96&d=mm&r=g\",\"caption\":\"Andrea Mucedola\"},\"description\":\"ammiraglio della Marina Militare Italiana (riserva), \u00e8 laureato in Scienze Marittime della Difesa presso l\u2019Universit\u00e0 di Pisa ed in Scienze Politiche cum laude all\u2019Universit\u00e0 di Trieste. Analista di Maritime Security, collabora con numerosi Centri di studi e analisi geopolitici italiani ed internazionali. Ricercatore subacqueo scientifico dal 1993, nel 2019, ha ricevuto il Tridente d'oro dell'Accademia delle Scienze e Tecniche Subacquee per la divulgazione della cultura del mare. Fa parte del Comitato scientifico della Fondazione Atlantide e della Scuola internazionale Subacquei scientifici (ISSD - AIOSS).\",\"sameAs\":[\"http:\\\/\\\/www.ocean4future.org\"],\"url\":\"https:\\\/\\\/www.ocean4future.org\\\/savetheocean\\\/archives\\\/author\\\/andrea-mucedola\"}]}<\/script>\n<!-- \/ Yoast SEO plugin. -->","yoast_head_json":{"title":"La guerra ai pirati di Gneo Pompeo Magno &#8226; OCEAN4FUTURE autore","robots":{"index":"index","follow":"follow","max-snippet":"max-snippet:-1","max-image-preview":"max-image-preview:large","max-video-preview":"max-video-preview:-1"},"canonical":"https:\/\/www.ocean4future.org\/savetheocean\/archives\/11425","og_locale":"it_IT","og_type":"article","og_title":"La guerra ai pirati di Gneo Pompeo Magno &#8226; OCEAN4FUTURE autore","og_description":"Il fenomeno della pirateria \u00e8 antichissimo. Oltre tre millenni fa popoli guerrieri adattarono la loro strategia predatoria passando dalla terra ferma al mare. Nel mar Mediterraneo scorrazzavano i coraggiosi Shardana, popoli del mare che si erano specializzati nella pirateria, il cui valore li aveva portati ad essere la guardia di onore dei faraoni. Nello stesso\u2026","og_url":"https:\/\/www.ocean4future.org\/savetheocean\/archives\/11425","og_site_name":"OCEAN4FUTURE","article_published_time":"2024-08-31T22:05:00+00:00","article_modified_time":"2026-03-25T13:19:52+00:00","og_image":[{"width":686,"height":841,"url":"https:\/\/www.ocean4future.org\/savetheocean\/wp-content\/uploads\/2017\/01\/gneo-pompeo.jpg","type":"image\/jpeg"}],"author":"Andrea Mucedola","twitter_card":"summary_large_image","twitter_creator":"@ocean4future","twitter_site":"@ocean4future","twitter_misc":{"Scritto da":"Andrea Mucedola","Tempo di lettura stimato":"11 minuti"},"schema":{"@context":"https:\/\/schema.org","@graph":[{"@type":"Article","@id":"https:\/\/www.ocean4future.org\/savetheocean\/archives\/11425#article","isPartOf":{"@id":"https:\/\/www.ocean4future.org\/savetheocean\/archives\/11425"},"author":{"name":"Andrea Mucedola","@id":"https:\/\/www.ocean4future.org\/savetheocean\/#\/schema\/person\/252d25dcc5c002abcde7b2d4baa78f13"},"headline":"La guerra ai pirati di Gneo Pompeo Magno","datePublished":"2024-08-31T22:05:00+00:00","dateModified":"2026-03-25T13:19:52+00:00","mainEntityOfPage":{"@id":"https:\/\/www.ocean4future.org\/savetheocean\/archives\/11425"},"wordCount":1967,"commentCount":0,"publisher":{"@id":"https:\/\/www.ocean4future.org\/savetheocean\/#\/schema\/person\/4e1c26437054353074d7bb2efa77162c"},"image":{"@id":"https:\/\/www.ocean4future.org\/savetheocean\/archives\/11425#primaryimage"},"thumbnailUrl":"https:\/\/www.ocean4future.org\/savetheocean\/wp-content\/uploads\/2017\/01\/gneo-pompeo.jpg","keywords":["de bellum piraticum","Gneo Pompeo","Plutarco"],"articleSection":["Pirateria"],"inLanguage":"it-IT","potentialAction":[{"@type":"CommentAction","name":"Comment","target":["https:\/\/www.ocean4future.org\/savetheocean\/archives\/11425#respond"]}]},{"@type":"WebPage","@id":"https:\/\/www.ocean4future.org\/savetheocean\/archives\/11425","url":"https:\/\/www.ocean4future.org\/savetheocean\/archives\/11425","name":"La guerra ai pirati di Gneo Pompeo Magno &#8226; OCEAN4FUTURE autore","isPartOf":{"@id":"https:\/\/www.ocean4future.org\/savetheocean\/#website"},"primaryImageOfPage":{"@id":"https:\/\/www.ocean4future.org\/savetheocean\/archives\/11425#primaryimage"},"image":{"@id":"https:\/\/www.ocean4future.org\/savetheocean\/archives\/11425#primaryimage"},"thumbnailUrl":"https:\/\/www.ocean4future.org\/savetheocean\/wp-content\/uploads\/2017\/01\/gneo-pompeo.jpg","datePublished":"2024-08-31T22:05:00+00:00","dateModified":"2026-03-25T13:19:52+00:00","breadcrumb":{"@id":"https:\/\/www.ocean4future.org\/savetheocean\/archives\/11425#breadcrumb"},"inLanguage":"it-IT","potentialAction":[{"@type":"ReadAction","target":["https:\/\/www.ocean4future.org\/savetheocean\/archives\/11425"]}]},{"@type":"ImageObject","inLanguage":"it-IT","@id":"https:\/\/www.ocean4future.org\/savetheocean\/archives\/11425#primaryimage","url":"https:\/\/www.ocean4future.org\/savetheocean\/wp-content\/uploads\/2017\/01\/gneo-pompeo.jpg","contentUrl":"https:\/\/www.ocean4future.org\/savetheocean\/wp-content\/uploads\/2017\/01\/gneo-pompeo.jpg","width":686,"height":841},{"@type":"BreadcrumbList","@id":"https:\/\/www.ocean4future.org\/savetheocean\/archives\/11425#breadcrumb","itemListElement":[{"@type":"ListItem","position":1,"name":"Home","item":"https:\/\/www.ocean4future.org\/savetheocean"},{"@type":"ListItem","position":2,"name":"La guerra ai pirati di Gneo Pompeo Magno"}]},{"@type":"WebSite","@id":"https:\/\/www.ocean4future.org\/savetheocean\/#website","url":"https:\/\/www.ocean4future.org\/savetheocean\/","name":"Ocean 4 Future","description":"Per una nuova cultura del mare e della marittimit\u00e0","publisher":{"@id":"https:\/\/www.ocean4future.org\/savetheocean\/#\/schema\/person\/4e1c26437054353074d7bb2efa77162c"},"potentialAction":[{"@type":"SearchAction","target":{"@type":"EntryPoint","urlTemplate":"https:\/\/www.ocean4future.org\/savetheocean\/?s={search_term_string}"},"query-input":{"@type":"PropertyValueSpecification","valueRequired":true,"valueName":"search_term_string"}}],"inLanguage":"it-IT"},{"@type":["Person","Organization"],"@id":"https:\/\/www.ocean4future.org\/savetheocean\/#\/schema\/person\/4e1c26437054353074d7bb2efa77162c","name":"oceandiver","image":{"@type":"ImageObject","inLanguage":"it-IT","@id":"https:\/\/www.ocean4future.org\/savetheocean\/wp-content\/uploads\/2023\/04\/logo-ocean3.jpg","url":"https:\/\/www.ocean4future.org\/savetheocean\/wp-content\/uploads\/2023\/04\/logo-ocean3.jpg","contentUrl":"https:\/\/www.ocean4future.org\/savetheocean\/wp-content\/uploads\/2023\/04\/logo-ocean3.jpg","width":472,"height":301,"caption":"oceandiver"},"logo":{"@id":"https:\/\/www.ocean4future.org\/savetheocean\/wp-content\/uploads\/2023\/04\/logo-ocean3.jpg"}},{"@type":"Person","@id":"https:\/\/www.ocean4future.org\/savetheocean\/#\/schema\/person\/252d25dcc5c002abcde7b2d4baa78f13","name":"Andrea Mucedola","image":{"@type":"ImageObject","inLanguage":"it-IT","@id":"https:\/\/secure.gravatar.com\/avatar\/befc97e7f9e17a6b60a3969a83be976bdb6f8fc3d0b55cb27b11ae85db4b6240?s=96&d=mm&r=g","url":"https:\/\/secure.gravatar.com\/avatar\/befc97e7f9e17a6b60a3969a83be976bdb6f8fc3d0b55cb27b11ae85db4b6240?s=96&d=mm&r=g","contentUrl":"https:\/\/secure.gravatar.com\/avatar\/befc97e7f9e17a6b60a3969a83be976bdb6f8fc3d0b55cb27b11ae85db4b6240?s=96&d=mm&r=g","caption":"Andrea Mucedola"},"description":"ammiraglio della Marina Militare Italiana (riserva), \u00e8 laureato in Scienze Marittime della Difesa presso l\u2019Universit\u00e0 di Pisa ed in Scienze Politiche cum laude all\u2019Universit\u00e0 di Trieste. Analista di Maritime Security, collabora con numerosi Centri di studi e analisi geopolitici italiani ed internazionali. Ricercatore subacqueo scientifico dal 1993, nel 2019, ha ricevuto il Tridente d'oro dell'Accademia delle Scienze e Tecniche Subacquee per la divulgazione della cultura del mare. Fa parte del Comitato scientifico della Fondazione Atlantide e della Scuola internazionale Subacquei scientifici (ISSD - AIOSS).","sameAs":["http:\/\/www.ocean4future.org"],"url":"https:\/\/www.ocean4future.org\/savetheocean\/archives\/author\/andrea-mucedola"}]}},"_links":{"self":[{"href":"https:\/\/www.ocean4future.org\/savetheocean\/wp-json\/wp\/v2\/posts\/11425","targetHints":{"allow":["GET"]}}],"collection":[{"href":"https:\/\/www.ocean4future.org\/savetheocean\/wp-json\/wp\/v2\/posts"}],"about":[{"href":"https:\/\/www.ocean4future.org\/savetheocean\/wp-json\/wp\/v2\/types\/post"}],"author":[{"embeddable":true,"href":"https:\/\/www.ocean4future.org\/savetheocean\/wp-json\/wp\/v2\/users\/2380"}],"replies":[{"embeddable":true,"href":"https:\/\/www.ocean4future.org\/savetheocean\/wp-json\/wp\/v2\/comments?post=11425"}],"version-history":[{"count":1,"href":"https:\/\/www.ocean4future.org\/savetheocean\/wp-json\/wp\/v2\/posts\/11425\/revisions"}],"predecessor-version":[{"id":126800,"href":"https:\/\/www.ocean4future.org\/savetheocean\/wp-json\/wp\/v2\/posts\/11425\/revisions\/126800"}],"wp:featuredmedia":[{"embeddable":true,"href":"https:\/\/www.ocean4future.org\/savetheocean\/wp-json\/wp\/v2\/media\/11427"}],"wp:attachment":[{"href":"https:\/\/www.ocean4future.org\/savetheocean\/wp-json\/wp\/v2\/media?parent=11425"}],"wp:term":[{"taxonomy":"category","embeddable":true,"href":"https:\/\/www.ocean4future.org\/savetheocean\/wp-json\/wp\/v2\/categories?post=11425"},{"taxonomy":"post_tag","embeddable":true,"href":"https:\/\/www.ocean4future.org\/savetheocean\/wp-json\/wp\/v2\/tags?post=11425"}],"curies":[{"name":"wp","href":"https:\/\/api.w.org\/{rel}","templated":true}]}}