{"id":112115,"date":"2024-11-30T00:02:00","date_gmt":"2024-11-29T23:02:00","guid":{"rendered":"https:\/\/www.ocean4future.org\/savetheocean\/?p=112115"},"modified":"2024-11-28T10:13:02","modified_gmt":"2024-11-28T09:13:02","slug":"la-leggenda-dellolandese-volante","status":"publish","type":"post","link":"https:\/\/www.ocean4future.org\/savetheocean\/archives\/112115","title":{"rendered":"La leggenda dell&#8217;Olandese volante"},"content":{"rendered":"<span class=\"span-reading-time rt-reading-time\" style=\"display: block;\"><span class=\"rt-label rt-prefix\">tempo di lettura: <\/span> <span class=\"rt-time\"> 5<\/span> <span class=\"rt-label rt-postfix\">minuti<\/span><\/span><p><span style=\"color: #ffffff;\">.<\/span><br \/>\n<a class=\"maxbutton-4 maxbutton maxbutton-livello-di-comprensione\" href=\"javascript:void(0);\"><span class='mb-text'>livello elementare<\/span><\/a><br \/>\n<span style=\"color: #ffffff;\">.<\/span><br \/>\n<span style=\"color: #008000;\"><strong>ARGOMENTO: MITI E LEGGENDE DEL MARE<\/strong><\/span><br \/>\n<span style=\"color: #008000;\"><strong>PERIODO: XVI SECOLO &#8211; CONTINUA<\/strong><\/span><br \/>\n<span style=\"color: #008000;\"><strong>AREA: RELITTI<\/strong><\/span><br \/>\nparole chiave: Flight Dutchman, fata morgana<br \/>\n<span style=\"color: #ffffff;\">.<\/span><\/p>\n<p align=\"JUSTIFY\">Forse una delle leggende del mare pi\u00f9 conosciute \u00e8 quella dell&#8217;<strong><span style=\"color: #008000;\">Olandese Volante<\/span><\/strong>, un vascello che si narra affond\u00f2 al largo della costa del Capo di Buona Speranza. Il suo capitano si chiamava <strong><span style=\"color: #008000;\">van der Decken<\/span> <\/strong>ed era sulla via del ritorno dall\u2019Estremo Oriente dopo un lungo viaggio che era stato molto fortunato. In quel periodo, XVII secolo, la <strong><span style=\"color: #008000;\">Compagnia delle Indie olandese (VOC)<\/span><\/strong> si estendeva in una rete commerciale che copriva tutto l\u2019Oceano Indiano assicurando beni preziosi all&#8217;Europa. I viaggi non erano certo facili e il successo delle navigazioni era legato alla perizia dei capitani e ad una buona dose di fortuna. La VOC perdeva molte navi e per facilitare i suoi capitani voleva fondare un insediamento al Capo, sulla punta estrema dell&#8217;Africa, offrendo cos\u00ec un rifugio alle navi che attraversavano il <strong><span style=\"color: #008000;\">Capo di Buona Speranza<\/span><\/strong>, uno dei passaggi considerati pi\u00f9 pericolosi in mare, erroneamente considerato il punto pi\u00f9 a sud del continente africano, tra l&#8217;oceano Atlantico e l&#8217;oceano Indiano il cui primato spetta in realt\u00e0 a capo Agulhas. La sua sinistra fama risale al XV secolo quando fu scoperto per la prima volta dal navigatore portoghese <strong><span style=\"color: #008000;\">Bartolomeo Diaz<\/span> <\/strong>nel 1487 (che lo battezzo il Capo delel Tempeste) ma fu <strong><span style=\"color: #008000;\">Vasco da Gama<\/span><\/strong>, nel 1497, ad attraversarlo per primo e portare a termine il tragitto verso le Indie.&nbsp;<\/p>\n<p align=\"JUSTIFY\">Noto come <strong><span style=\"color: #008000;\">Capo di Buona Speranza<\/span><\/strong>, era (ed \u00e8 ancora) temuto dai naviganti a causa dei forti venti e delle furiose tempeste foriere di tanti naufragi nei suoi pressi dove l&#8217;estremit\u00e0 meridionale della corrente del Benguela viene in contatto con la corrente di Agulhas, una corrente calda che proviene dall&#8217;oceano Indiano e scorre verso sud. E&#8217; proprio l&#8217;incontro di queste due correnti a causare di una notevole instabilit\u00e0 meteorologica, con frequenti tempeste. Non \u00e8 un caso che, intorno al XVII secolo, nacque la leggenda dell\u2019<strong><span style=\"color: #008000;\">Olandese Volante (Flying Dutchman)<\/span><\/strong>, un veliero che incapp\u00f2 in una violenta tempesta nella sua rotta di ritorno. La situazione descritta fu terribile ed il capitano e il suo equipaggio lottarono per ore per uscire dalla tempesta al punto che sembrava che ce l&#8217;avrebbero fatta, portandosi probabilmente sotto costa per sfuggire ai forti venti. Improvvisamente si ud\u00ec un forte scricchiolio ed il vascello urt\u00f2 degli scogli che aprirono una fall nello scafo che incominci\u00f2 ad affondare. Si dice che l&#8217;indomito <strong><span style=\"color: #008000;\">capitano Van der DeckeN<\/span><\/strong>, comprendendo la fine vicina, url\u00f2 una maledizione:\u201d <strong><em><span style=\"color: #008000;\">May I be eternally damned if I do, though I should beat about here till the day of judgment.<\/span><\/em><\/strong>&#8221; &#8220;<span style=\"color: #008000;\"><strong><em>Doppier\u00f2 questo Capo, anche se dovessi navigare fino al giorno del giudizio!<\/em><\/strong><\/span>&#8220;. Da questo racconto pieno di pathos, nacque la leggenda del veliero fantasma condannato per l\u2019eternit\u00e0 a navigare per mare. Tante le citazioni romanzesche e, non ultima, quella nel film dei Pirati dei Caraibi. Visto che non era abbastanza, qualcuno aggiunse che chi avesse visto la spettrale nave sarebbe incorso a breve in un grave pericolo.<\/p>\n<p align=\"JUSTIFY\">Sebbene la leggenda dell&#8217;Olandese Volante <strong><span style=\"color: #008000;\">non abbia alcun riferimento storico attendibile<\/span><\/strong>, vennero segnalati nel tempo numerosi suoi avvistamenti nella regione del Capo di Buona Speranza.<\/p>\n<p align=\"JUSTIFY\">Questa cronologia, sicuramente non esaustiva, ne descrive alcuni:<\/p>\n<p align=\"JUSTIFY\">1823: il Capitano Owen della <strong><span style=\"color: #008000;\">HMS Leven<\/span><\/strong>&nbsp;registr\u00f2 due avvistamenti nel diario di bordo della nave.<\/p>\n<p align=\"JUSTIFY\">1835: una nave britannica videro una nave a vela avvicinarsi a loro nel mezzo di una tempesta. Sembrava che ci sarebbe stata una collisione, ma la nave scomparve all&#8217;improvviso.<\/p>\n<p align=\"JUSTIFY\">1879: l&#8217;equipaggio della <strong><span style=\"color: #008000;\">SS Pretoria<\/span><\/strong> avvist\u00f2 la nave fantasma.<\/p>\n<p align=\"JUSTIFY\"><img decoding=\"async\" src=\"https:\/\/www.ocean4future.org\/savetheocean\/wp-content\/uploads\/2024\/11\/The_voyage_of_the_Royal_Cadets_round_the_world_sketches_on_board_HMS_Bacchante_-_The_Graphic-1024x714.jpg\" alt=\"Questa immagine ha l'attributo alt vuoto; il nome del file \u00e8 The_voyage_of_the_Royal_Cadets_round_the_world_sketches_on_board_HMS_Bacchante_-_The_Graphic-1024x714.jpg\" width=\"1024\" height=\"714\"><\/p>\n<p align=\"JUSTIFY\"><strong><span style=\"color: #008000;\">la vita a bordo dell&#8217;HMS Bacchante &#8211; Fonte The Voyage of the Royal Cadets Round the World, Sketches on Board H.M.S. &#8220;Bacchante&#8221;. Illustration for The Graphic, 20 September 1879.<a href=\"https:\/\/commons.wikimedia.org\/wiki\/File:The_voyage_of_the_Royal_Cadets_round_the_world,_sketches_on_board_HMS_%27Bacchante%27_-_The_Graphic.jpg\">The voyage of the Royal Cadets round the world, sketches on board HMS &#8216;Bacchante&#8217; &#8211; The Graphic.jpg &#8211; Wikimedia Commons<\/a><\/span><\/strong><\/p>\n<p align=\"JUSTIFY\">1881: tre membri dell&#8217;equipaggio della <strong><span style=\"color: #008000;\">HMS Bacchante<\/span><\/strong>, tra cui il futuro <strong><span style=\"color: #008000;\">re Giorgio<\/span> <\/strong>V (all&#8217;epoca giovane guardiamarina), videro la nave. Il giorno dopo, una vedetta cadde dal sartiame e mor\u00ec.<\/p>\n<p align=\"JUSTIFY\">1911: una baleniera quasi entr\u00f2 in collisione con lei prima che scomparisse.<\/p>\n<p align=\"JUSTIFY\">1923: alcuni ufficiali e marinai inglesi dichiararono di averla vista il 26 gennaio, fornendo una precisa documentazione alla <strong><span style=\"color: #008000;\">Society for Psychical Research (SPR)<\/span><\/strong>. In particolare, il quarto ufficiale Stone scrisse un resoconto dell&#8217;avvistamento che ebbe una durata di quindici minuti e disegn\u00f2 un&#8217;immagine del vascello fantasma. Anche il secondo ufficiale Bennett, un timoniere e un cadetto confermarono l\u2019avvistamento.&nbsp;<\/p>\n<p align=\"JUSTIFY\">1939: L&#8217;<strong><span style=\"color: #008000;\">ammiraglio Karl D\u00f6nitz<\/span><\/strong> dichiar\u00f2 che gli equipaggi degli U-Boot tedeschi avevano registrato degli avvistamenti misteriosi di quella nave fantasma.<\/p>\n<p align=\"JUSTIFY\">1941: degli abitanti di Glencairn Beach, un piccolo villaggio nei pressi di Cape Town, avvistarono la nave fantasma che poi scomparve, appena prima di schiantarsi contro gli scogli.<\/p>\n<p align=\"JUSTIFY\">1942: quattro testimoni videro un vascello entrare nella Table Bay (Cape Town) e poi scomparire. Il secondo ufficiale Davies e il terzo ufficiale Montserrat, della<strong><span style=\"color: #008000;\"> HMS Jubilee<\/span><\/strong> asserirono di aver visto il Flying Dutchman e lo annotarono nel diario di bordo della nave.<\/p>\n<p align=\"JUSTIFY\">1959: la nave <strong><span style=\"color: #008000;\">Straat Magelhaen<\/span><\/strong> riport\u00f2 di essere quasi entrata in collisione con la nave fantasma.<\/p>\n<p align=\"JUSTIFY\">Un bel mistero del mare la cui spiegazione potrebbe essere molto semplice; si tratterebbe del fenomeno della Fata Morgana, un miraggio che si pu\u00f2 scorgere all&#8217;interno di una stretta fascia posta sopra l&#8217;orizzonte. Probabilmente i marinai osservarono questa strana apparizione causata dal riflesso di un\u2019altra nave che stava navigando sull&#8217;acqua sotto questa immagine, ma ad una distanza tale che impediva loro di vederla.<\/p>\n<p align=\"JUSTIFY\"><img decoding=\"async\" src=\"https:\/\/www.ocean4future.org\/savetheocean\/wp-content\/uploads\/2024\/11\/Superior_mirage_of_the_boats_painting.jpg\" alt=\"Questa immagine ha l'attributo alt vuoto; il nome del file \u00e8 Superior_mirage_of_the_boats_painting.jpg\" width=\"941\" height=\"593\"><\/p>\n<p align=\"JUSTIFY\"><span style=\"color: #008000;\"><strong>Un&#8217;illustrazione di un libro del XIX secolo, che mostra versioni fittizie grossolanamente fuorvianti di miraggi superiori. I veri miraggi non possono mai essere cos\u00ec lontani dall&#8217;orizzonte, e un miraggio superiore non pu\u00f2 mai aumentare la lunghezza di un oggetto come mostrato a destra.<br \/>\n<a href=\"https:\/\/commons.wikimedia.org\/wiki\/File:Superior_mirage_of_the_boats_painting.jpg\">Superior mirage of the boats painting.jpg &#8211; Wikimedia Commons<\/a><\/strong><\/span><\/p>\n<p align=\"JUSTIFY\">A causa di questo fenomeno, i raggi del sole possono formare nell&#8217;aria un&#8217;immagine perfetta anche se distorta di oggetti sull\u2019acqua ovvero capovolte e rivolte verso l&#8217;alto. Un\u2019altra spiegazione che ci da la fisica \u00e8 che potrebbe essere stato un effetto ottico noto come incombenza che si verifica quando i raggi di luce vengono piegati attraverso diversi indici di rifrazione. Ci\u00f2 potrebbe far sembrare una nave appena fuori dall&#8217;orizzonte sollevata in aria, quasi a galleggiare. Una spiegazione scientifica che forse non sarebbe piaciuta a quei vecchi marinai che, alla ragione e alla conoscenza, preferivano l\u2019urlo delle tempeste, osservando con sacro rispetto le onde e il vento.<\/p>\n<p align=\"JUSTIFY\">in anteprima quadro ad olio di Charles Temple Dix che raffigura lo spettrale incontro di una nave con il Flying Dutchman<br \/>\n<a href=\"https:\/\/commons.wikimedia.org\/wiki\/File:The_Flying_Dutchman_by_Charles_Temple_Dix.jpg\">The Flying Dutchman by Charles Temple Dix.jpg &#8211; Wikimedia Commons<\/a><\/p>\n<p><span style=\"color: #ffffff;\">.<\/span><br \/>\n<a class=\"maxbutton-3 maxbutton maxbutton-pagina-principale\" target=\"_blank\" title=\"tooltip\" rel=\"nofollow noopener\" href=\"http:\/\/www.ocean4future.org\"><span class='mb-text'>PAGINA PRINCIPALE - HOME PAGE<\/span><\/a><br \/>\n<span style=\"color: #ffffff;\">.<\/span><\/p>\n<p align=\"JUSTIFY\">Alcune delle foto presenti in questo blog possono essere state prese dal web, citandone ove possibile gli autori e\/o le fonti. Se qualcuno desiderasse specificarne l\u2019autore o rimuoverle, pu\u00f2 scrivere a infoocean4future@gmail.com e provvederemo immediatamente alla correzione dell\u2019articolo<\/p>\n<p><span style=\"color: #ffffff;\">.<\/span><\/p>\n","protected":false},"excerpt":{"rendered":"<p><span class=\"span-reading-time rt-reading-time\" style=\"display: block;\"><span class=\"rt-label rt-prefix\">tempo di lettura: <\/span> <span class=\"rt-time\"> 5<\/span> <span class=\"rt-label rt-postfix\">minuti<\/span><\/span>. . ARGOMENTO: MITI E LEGGENDE DEL MARE PERIODO: XVI SECOLO &#8211; CONTINUA AREA: RELITTI parole chiave: Flight Dutchman, fata morgana . Forse una delle leggende del mare pi\u00f9 conosciute \u00e8 quella dell&#8217;Olandese Volante, un vascello che si narra affond\u00f2 al largo della costa del Capo di Buona Speranza. Il suo capitano si chiamava van [&hellip;]<\/p>\n","protected":false},"author":2398,"featured_media":112132,"comment_status":"open","ping_status":"open","sticky":false,"template":"","format":"standard","meta":{"_acf_changed":false,"_monsterinsights_skip_tracking":false,"_monsterinsights_sitenote_active":false,"_monsterinsights_sitenote_note":"","_monsterinsights_sitenote_category":0,"footnotes":""},"categories":[17],"tags":[],"class_list":["post-112115","post","type-post","status-publish","format-standard","has-post-thumbnail","hentry","category-scienze-del-mare"],"acf":[],"yoast_head":"<!-- This site is optimized with the Yoast SEO plugin v27.4 - https:\/\/yoast.com\/product\/yoast-seo-wordpress\/ -->\n<title>La leggenda dell&#039;Olandese volante &#8226; OCEAN4FUTURE autore<\/title>\n<meta name=\"robots\" content=\"index, follow, max-snippet:-1, max-image-preview:large, max-video-preview:-1\" \/>\n<link rel=\"canonical\" href=\"https:\/\/www.ocean4future.org\/savetheocean\/archives\/112115\" \/>\n<meta property=\"og:locale\" content=\"it_IT\" \/>\n<meta property=\"og:type\" content=\"article\" \/>\n<meta property=\"og:title\" content=\"La leggenda dell&#039;Olandese volante &#8226; OCEAN4FUTURE autore\" \/>\n<meta property=\"og:description\" content=\"tempo di lettura:  5 minuti. . ARGOMENTO: MITI E LEGGENDE DEL MARE PERIODO: XVI SECOLO &#8211; CONTINUA AREA: RELITTI parole chiave: Flight Dutchman, fata morgana . Forse una delle leggende del mare pi\u00f9 conosciute \u00e8 quella dell&#8217;Olandese Volante, un vascello che si narra affond\u00f2 al largo della costa del Capo di Buona Speranza. Il suo capitano si chiamava van [&hellip;]\" \/>\n<meta property=\"og:url\" content=\"https:\/\/www.ocean4future.org\/savetheocean\/archives\/112115\" \/>\n<meta property=\"og:site_name\" content=\"OCEAN4FUTURE\" \/>\n<meta property=\"article:published_time\" content=\"2024-11-29T23:02:00+00:00\" \/>\n<meta property=\"og:image\" content=\"https:\/\/www.ocean4future.org\/savetheocean\/wp-content\/uploads\/2024\/11\/1200px-The_Flying_Dutchman_by_Charles_Temple_Dix-e1731930459917.jpg\" \/>\n\t<meta property=\"og:image:width\" content=\"700\" \/>\n\t<meta property=\"og:image:height\" content=\"431\" \/>\n\t<meta property=\"og:image:type\" content=\"image\/jpeg\" \/>\n<meta name=\"author\" content=\"Redazione OCEAN4FUTURE\" \/>\n<meta name=\"twitter:card\" content=\"summary_large_image\" \/>\n<meta name=\"twitter:creator\" content=\"@ocean4future\" \/>\n<meta name=\"twitter:site\" content=\"@ocean4future\" \/>\n<meta name=\"twitter:label1\" content=\"Scritto da\" \/>\n\t<meta name=\"twitter:data1\" content=\"Redazione OCEAN4FUTURE\" \/>\n\t<meta name=\"twitter:label2\" content=\"Tempo di lettura stimato\" \/>\n\t<meta name=\"twitter:data2\" content=\"7 minuti\" \/>\n<script type=\"application\/ld+json\" class=\"yoast-schema-graph\">{\"@context\":\"https:\\\/\\\/schema.org\",\"@graph\":[{\"@type\":\"Article\",\"@id\":\"https:\\\/\\\/www.ocean4future.org\\\/savetheocean\\\/archives\\\/112115#article\",\"isPartOf\":{\"@id\":\"https:\\\/\\\/www.ocean4future.org\\\/savetheocean\\\/archives\\\/112115\"},\"author\":{\"name\":\"Redazione OCEAN4FUTURE\",\"@id\":\"https:\\\/\\\/www.ocean4future.org\\\/savetheocean\\\/#\\\/schema\\\/person\\\/ad3962a4283da6a7ba5d2e66f435a340\"},\"headline\":\"La leggenda dell&#8217;Olandese volante\",\"datePublished\":\"2024-11-29T23:02:00+00:00\",\"mainEntityOfPage\":{\"@id\":\"https:\\\/\\\/www.ocean4future.org\\\/savetheocean\\\/archives\\\/112115\"},\"wordCount\":1189,\"commentCount\":0,\"publisher\":{\"@id\":\"https:\\\/\\\/www.ocean4future.org\\\/savetheocean\\\/#\\\/schema\\\/person\\\/4e1c26437054353074d7bb2efa77162c\"},\"image\":{\"@id\":\"https:\\\/\\\/www.ocean4future.org\\\/savetheocean\\\/archives\\\/112115#primaryimage\"},\"thumbnailUrl\":\"https:\\\/\\\/www.ocean4future.org\\\/savetheocean\\\/wp-content\\\/uploads\\\/2024\\\/11\\\/1200px-The_Flying_Dutchman_by_Charles_Temple_Dix-e1731930459917.jpg\",\"articleSection\":[\"Scienze del mare\"],\"inLanguage\":\"it-IT\",\"potentialAction\":[{\"@type\":\"CommentAction\",\"name\":\"Comment\",\"target\":[\"https:\\\/\\\/www.ocean4future.org\\\/savetheocean\\\/archives\\\/112115#respond\"]}]},{\"@type\":\"WebPage\",\"@id\":\"https:\\\/\\\/www.ocean4future.org\\\/savetheocean\\\/archives\\\/112115\",\"url\":\"https:\\\/\\\/www.ocean4future.org\\\/savetheocean\\\/archives\\\/112115\",\"name\":\"La leggenda dell'Olandese volante &#8226; OCEAN4FUTURE autore\",\"isPartOf\":{\"@id\":\"https:\\\/\\\/www.ocean4future.org\\\/savetheocean\\\/#website\"},\"primaryImageOfPage\":{\"@id\":\"https:\\\/\\\/www.ocean4future.org\\\/savetheocean\\\/archives\\\/112115#primaryimage\"},\"image\":{\"@id\":\"https:\\\/\\\/www.ocean4future.org\\\/savetheocean\\\/archives\\\/112115#primaryimage\"},\"thumbnailUrl\":\"https:\\\/\\\/www.ocean4future.org\\\/savetheocean\\\/wp-content\\\/uploads\\\/2024\\\/11\\\/1200px-The_Flying_Dutchman_by_Charles_Temple_Dix-e1731930459917.jpg\",\"datePublished\":\"2024-11-29T23:02:00+00:00\",\"breadcrumb\":{\"@id\":\"https:\\\/\\\/www.ocean4future.org\\\/savetheocean\\\/archives\\\/112115#breadcrumb\"},\"inLanguage\":\"it-IT\",\"potentialAction\":[{\"@type\":\"ReadAction\",\"target\":[\"https:\\\/\\\/www.ocean4future.org\\\/savetheocean\\\/archives\\\/112115\"]}]},{\"@type\":\"ImageObject\",\"inLanguage\":\"it-IT\",\"@id\":\"https:\\\/\\\/www.ocean4future.org\\\/savetheocean\\\/archives\\\/112115#primaryimage\",\"url\":\"https:\\\/\\\/www.ocean4future.org\\\/savetheocean\\\/wp-content\\\/uploads\\\/2024\\\/11\\\/1200px-The_Flying_Dutchman_by_Charles_Temple_Dix-e1731930459917.jpg\",\"contentUrl\":\"https:\\\/\\\/www.ocean4future.org\\\/savetheocean\\\/wp-content\\\/uploads\\\/2024\\\/11\\\/1200px-The_Flying_Dutchman_by_Charles_Temple_Dix-e1731930459917.jpg\",\"width\":700,\"height\":431},{\"@type\":\"BreadcrumbList\",\"@id\":\"https:\\\/\\\/www.ocean4future.org\\\/savetheocean\\\/archives\\\/112115#breadcrumb\",\"itemListElement\":[{\"@type\":\"ListItem\",\"position\":1,\"name\":\"Home\",\"item\":\"https:\\\/\\\/www.ocean4future.org\\\/savetheocean\"},{\"@type\":\"ListItem\",\"position\":2,\"name\":\"La leggenda dell&#8217;Olandese volante\"}]},{\"@type\":\"WebSite\",\"@id\":\"https:\\\/\\\/www.ocean4future.org\\\/savetheocean\\\/#website\",\"url\":\"https:\\\/\\\/www.ocean4future.org\\\/savetheocean\\\/\",\"name\":\"Ocean 4 Future\",\"description\":\"Per una nuova cultura del mare e della marittimit\u00e0\",\"publisher\":{\"@id\":\"https:\\\/\\\/www.ocean4future.org\\\/savetheocean\\\/#\\\/schema\\\/person\\\/4e1c26437054353074d7bb2efa77162c\"},\"potentialAction\":[{\"@type\":\"SearchAction\",\"target\":{\"@type\":\"EntryPoint\",\"urlTemplate\":\"https:\\\/\\\/www.ocean4future.org\\\/savetheocean\\\/?s={search_term_string}\"},\"query-input\":{\"@type\":\"PropertyValueSpecification\",\"valueRequired\":true,\"valueName\":\"search_term_string\"}}],\"inLanguage\":\"it-IT\"},{\"@type\":[\"Person\",\"Organization\"],\"@id\":\"https:\\\/\\\/www.ocean4future.org\\\/savetheocean\\\/#\\\/schema\\\/person\\\/4e1c26437054353074d7bb2efa77162c\",\"name\":\"oceandiver\",\"image\":{\"@type\":\"ImageObject\",\"inLanguage\":\"it-IT\",\"@id\":\"https:\\\/\\\/www.ocean4future.org\\\/savetheocean\\\/wp-content\\\/uploads\\\/2023\\\/04\\\/logo-ocean3.jpg\",\"url\":\"https:\\\/\\\/www.ocean4future.org\\\/savetheocean\\\/wp-content\\\/uploads\\\/2023\\\/04\\\/logo-ocean3.jpg\",\"contentUrl\":\"https:\\\/\\\/www.ocean4future.org\\\/savetheocean\\\/wp-content\\\/uploads\\\/2023\\\/04\\\/logo-ocean3.jpg\",\"width\":472,\"height\":301,\"caption\":\"oceandiver\"},\"logo\":{\"@id\":\"https:\\\/\\\/www.ocean4future.org\\\/savetheocean\\\/wp-content\\\/uploads\\\/2023\\\/04\\\/logo-ocean3.jpg\"}},{\"@type\":\"Person\",\"@id\":\"https:\\\/\\\/www.ocean4future.org\\\/savetheocean\\\/#\\\/schema\\\/person\\\/ad3962a4283da6a7ba5d2e66f435a340\",\"name\":\"Redazione OCEAN4FUTURE\",\"image\":{\"@type\":\"ImageObject\",\"inLanguage\":\"it-IT\",\"@id\":\"https:\\\/\\\/secure.gravatar.com\\\/avatar\\\/ba6774c3cc06933a10f7e80f4184a636b9f8fe6f86714a5b2c583173eaf54646?s=96&d=mm&r=g\",\"url\":\"https:\\\/\\\/secure.gravatar.com\\\/avatar\\\/ba6774c3cc06933a10f7e80f4184a636b9f8fe6f86714a5b2c583173eaf54646?s=96&d=mm&r=g\",\"contentUrl\":\"https:\\\/\\\/secure.gravatar.com\\\/avatar\\\/ba6774c3cc06933a10f7e80f4184a636b9f8fe6f86714a5b2c583173eaf54646?s=96&d=mm&r=g\",\"caption\":\"Redazione OCEAN4FUTURE\"},\"description\":\"\u00e8 composta da oltre 60 collaboratori che lavorano in smart working, selezionati tra esperti di settore di diverse discipline. Hanno il compito di\u00a0 selezionare argomenti di particolare interesse, redigendo articoli basati su studi recenti. I contenuti degli stessi restano di responsabilit\u00e0 degli autori che sono ovviamente sempre citati. Eventuali quesiti possono essere inviati alla Redazione (infoocean4future@gmail.com) che, quando possibile, provveder\u00e0 ad inoltrarli agli Autori.\",\"sameAs\":[\"http:\\\/\\\/www.ocean4future.org\"],\"url\":\"https:\\\/\\\/www.ocean4future.org\\\/savetheocean\\\/archives\\\/author\\\/redazione-ocean4future\"}]}<\/script>\n<!-- \/ Yoast SEO plugin. -->","yoast_head_json":{"title":"La leggenda dell'Olandese volante &#8226; OCEAN4FUTURE autore","robots":{"index":"index","follow":"follow","max-snippet":"max-snippet:-1","max-image-preview":"max-image-preview:large","max-video-preview":"max-video-preview:-1"},"canonical":"https:\/\/www.ocean4future.org\/savetheocean\/archives\/112115","og_locale":"it_IT","og_type":"article","og_title":"La leggenda dell'Olandese volante &#8226; OCEAN4FUTURE autore","og_description":"tempo di lettura:  5 minuti. . ARGOMENTO: MITI E LEGGENDE DEL MARE PERIODO: XVI SECOLO &#8211; CONTINUA AREA: RELITTI parole chiave: Flight Dutchman, fata morgana . Forse una delle leggende del mare pi\u00f9 conosciute \u00e8 quella dell&#8217;Olandese Volante, un vascello che si narra affond\u00f2 al largo della costa del Capo di Buona Speranza. Il suo capitano si chiamava van [&hellip;]","og_url":"https:\/\/www.ocean4future.org\/savetheocean\/archives\/112115","og_site_name":"OCEAN4FUTURE","article_published_time":"2024-11-29T23:02:00+00:00","og_image":[{"width":700,"height":431,"url":"https:\/\/www.ocean4future.org\/savetheocean\/wp-content\/uploads\/2024\/11\/1200px-The_Flying_Dutchman_by_Charles_Temple_Dix-e1731930459917.jpg","type":"image\/jpeg"}],"author":"Redazione OCEAN4FUTURE","twitter_card":"summary_large_image","twitter_creator":"@ocean4future","twitter_site":"@ocean4future","twitter_misc":{"Scritto da":"Redazione OCEAN4FUTURE","Tempo di lettura stimato":"7 minuti"},"schema":{"@context":"https:\/\/schema.org","@graph":[{"@type":"Article","@id":"https:\/\/www.ocean4future.org\/savetheocean\/archives\/112115#article","isPartOf":{"@id":"https:\/\/www.ocean4future.org\/savetheocean\/archives\/112115"},"author":{"name":"Redazione OCEAN4FUTURE","@id":"https:\/\/www.ocean4future.org\/savetheocean\/#\/schema\/person\/ad3962a4283da6a7ba5d2e66f435a340"},"headline":"La leggenda dell&#8217;Olandese volante","datePublished":"2024-11-29T23:02:00+00:00","mainEntityOfPage":{"@id":"https:\/\/www.ocean4future.org\/savetheocean\/archives\/112115"},"wordCount":1189,"commentCount":0,"publisher":{"@id":"https:\/\/www.ocean4future.org\/savetheocean\/#\/schema\/person\/4e1c26437054353074d7bb2efa77162c"},"image":{"@id":"https:\/\/www.ocean4future.org\/savetheocean\/archives\/112115#primaryimage"},"thumbnailUrl":"https:\/\/www.ocean4future.org\/savetheocean\/wp-content\/uploads\/2024\/11\/1200px-The_Flying_Dutchman_by_Charles_Temple_Dix-e1731930459917.jpg","articleSection":["Scienze del mare"],"inLanguage":"it-IT","potentialAction":[{"@type":"CommentAction","name":"Comment","target":["https:\/\/www.ocean4future.org\/savetheocean\/archives\/112115#respond"]}]},{"@type":"WebPage","@id":"https:\/\/www.ocean4future.org\/savetheocean\/archives\/112115","url":"https:\/\/www.ocean4future.org\/savetheocean\/archives\/112115","name":"La leggenda dell'Olandese volante &#8226; OCEAN4FUTURE autore","isPartOf":{"@id":"https:\/\/www.ocean4future.org\/savetheocean\/#website"},"primaryImageOfPage":{"@id":"https:\/\/www.ocean4future.org\/savetheocean\/archives\/112115#primaryimage"},"image":{"@id":"https:\/\/www.ocean4future.org\/savetheocean\/archives\/112115#primaryimage"},"thumbnailUrl":"https:\/\/www.ocean4future.org\/savetheocean\/wp-content\/uploads\/2024\/11\/1200px-The_Flying_Dutchman_by_Charles_Temple_Dix-e1731930459917.jpg","datePublished":"2024-11-29T23:02:00+00:00","breadcrumb":{"@id":"https:\/\/www.ocean4future.org\/savetheocean\/archives\/112115#breadcrumb"},"inLanguage":"it-IT","potentialAction":[{"@type":"ReadAction","target":["https:\/\/www.ocean4future.org\/savetheocean\/archives\/112115"]}]},{"@type":"ImageObject","inLanguage":"it-IT","@id":"https:\/\/www.ocean4future.org\/savetheocean\/archives\/112115#primaryimage","url":"https:\/\/www.ocean4future.org\/savetheocean\/wp-content\/uploads\/2024\/11\/1200px-The_Flying_Dutchman_by_Charles_Temple_Dix-e1731930459917.jpg","contentUrl":"https:\/\/www.ocean4future.org\/savetheocean\/wp-content\/uploads\/2024\/11\/1200px-The_Flying_Dutchman_by_Charles_Temple_Dix-e1731930459917.jpg","width":700,"height":431},{"@type":"BreadcrumbList","@id":"https:\/\/www.ocean4future.org\/savetheocean\/archives\/112115#breadcrumb","itemListElement":[{"@type":"ListItem","position":1,"name":"Home","item":"https:\/\/www.ocean4future.org\/savetheocean"},{"@type":"ListItem","position":2,"name":"La leggenda dell&#8217;Olandese volante"}]},{"@type":"WebSite","@id":"https:\/\/www.ocean4future.org\/savetheocean\/#website","url":"https:\/\/www.ocean4future.org\/savetheocean\/","name":"Ocean 4 Future","description":"Per una nuova cultura del mare e della marittimit\u00e0","publisher":{"@id":"https:\/\/www.ocean4future.org\/savetheocean\/#\/schema\/person\/4e1c26437054353074d7bb2efa77162c"},"potentialAction":[{"@type":"SearchAction","target":{"@type":"EntryPoint","urlTemplate":"https:\/\/www.ocean4future.org\/savetheocean\/?s={search_term_string}"},"query-input":{"@type":"PropertyValueSpecification","valueRequired":true,"valueName":"search_term_string"}}],"inLanguage":"it-IT"},{"@type":["Person","Organization"],"@id":"https:\/\/www.ocean4future.org\/savetheocean\/#\/schema\/person\/4e1c26437054353074d7bb2efa77162c","name":"oceandiver","image":{"@type":"ImageObject","inLanguage":"it-IT","@id":"https:\/\/www.ocean4future.org\/savetheocean\/wp-content\/uploads\/2023\/04\/logo-ocean3.jpg","url":"https:\/\/www.ocean4future.org\/savetheocean\/wp-content\/uploads\/2023\/04\/logo-ocean3.jpg","contentUrl":"https:\/\/www.ocean4future.org\/savetheocean\/wp-content\/uploads\/2023\/04\/logo-ocean3.jpg","width":472,"height":301,"caption":"oceandiver"},"logo":{"@id":"https:\/\/www.ocean4future.org\/savetheocean\/wp-content\/uploads\/2023\/04\/logo-ocean3.jpg"}},{"@type":"Person","@id":"https:\/\/www.ocean4future.org\/savetheocean\/#\/schema\/person\/ad3962a4283da6a7ba5d2e66f435a340","name":"Redazione OCEAN4FUTURE","image":{"@type":"ImageObject","inLanguage":"it-IT","@id":"https:\/\/secure.gravatar.com\/avatar\/ba6774c3cc06933a10f7e80f4184a636b9f8fe6f86714a5b2c583173eaf54646?s=96&d=mm&r=g","url":"https:\/\/secure.gravatar.com\/avatar\/ba6774c3cc06933a10f7e80f4184a636b9f8fe6f86714a5b2c583173eaf54646?s=96&d=mm&r=g","contentUrl":"https:\/\/secure.gravatar.com\/avatar\/ba6774c3cc06933a10f7e80f4184a636b9f8fe6f86714a5b2c583173eaf54646?s=96&d=mm&r=g","caption":"Redazione OCEAN4FUTURE"},"description":"\u00e8 composta da oltre 60 collaboratori che lavorano in smart working, selezionati tra esperti di settore di diverse discipline. Hanno il compito di\u00a0 selezionare argomenti di particolare interesse, redigendo articoli basati su studi recenti. I contenuti degli stessi restano di responsabilit\u00e0 degli autori che sono ovviamente sempre citati. Eventuali quesiti possono essere inviati alla Redazione (infoocean4future@gmail.com) che, quando possibile, provveder\u00e0 ad inoltrarli agli Autori.","sameAs":["http:\/\/www.ocean4future.org"],"url":"https:\/\/www.ocean4future.org\/savetheocean\/archives\/author\/redazione-ocean4future"}]}},"_links":{"self":[{"href":"https:\/\/www.ocean4future.org\/savetheocean\/wp-json\/wp\/v2\/posts\/112115","targetHints":{"allow":["GET"]}}],"collection":[{"href":"https:\/\/www.ocean4future.org\/savetheocean\/wp-json\/wp\/v2\/posts"}],"about":[{"href":"https:\/\/www.ocean4future.org\/savetheocean\/wp-json\/wp\/v2\/types\/post"}],"author":[{"embeddable":true,"href":"https:\/\/www.ocean4future.org\/savetheocean\/wp-json\/wp\/v2\/users\/2398"}],"replies":[{"embeddable":true,"href":"https:\/\/www.ocean4future.org\/savetheocean\/wp-json\/wp\/v2\/comments?post=112115"}],"version-history":[{"count":0,"href":"https:\/\/www.ocean4future.org\/savetheocean\/wp-json\/wp\/v2\/posts\/112115\/revisions"}],"wp:featuredmedia":[{"embeddable":true,"href":"https:\/\/www.ocean4future.org\/savetheocean\/wp-json\/wp\/v2\/media\/112132"}],"wp:attachment":[{"href":"https:\/\/www.ocean4future.org\/savetheocean\/wp-json\/wp\/v2\/media?parent=112115"}],"wp:term":[{"taxonomy":"category","embeddable":true,"href":"https:\/\/www.ocean4future.org\/savetheocean\/wp-json\/wp\/v2\/categories?post=112115"},{"taxonomy":"post_tag","embeddable":true,"href":"https:\/\/www.ocean4future.org\/savetheocean\/wp-json\/wp\/v2\/tags?post=112115"}],"curies":[{"name":"wp","href":"https:\/\/api.w.org\/{rel}","templated":true}]}}