{"id":109586,"date":"2024-10-21T00:03:00","date_gmt":"2024-10-20T22:03:00","guid":{"rendered":"https:\/\/www.ocean4future.org\/savetheocean\/?p=109586"},"modified":"2026-04-28T08:55:40","modified_gmt":"2026-04-28T06:55:40","slug":"cenni-sulle-dotazioni-delle-apparecchiature-del-tiro-durante-la-seconda-guerra-mondiale","status":"publish","type":"post","link":"https:\/\/www.ocean4future.org\/savetheocean\/archives\/109586","title":{"rendered":"Le dotazioni delle apparecchiature del tiro durante la seconda guerra mondiale"},"content":{"rendered":"<span class=\"span-reading-time rt-reading-time\" style=\"display: block;\"><span class=\"rt-label rt-prefix\">tempo di lettura: <\/span> <span class=\"rt-time\"> 5<\/span> <span class=\"rt-label rt-postfix\">minuti<\/span><\/span><p><span style=\"color: #ffffff;\">\u00a0.<\/span><\/p>\n<a class=\"maxbutton-4 maxbutton maxbutton-livello-di-comprensione\" href=\"javascript:void(0);\"><span class='mb-text'>livello elementare<\/span><\/a>\n<p><span style=\"color: #ffffff;\">.<\/span><\/p>\n<p><span style=\"color: #008000;\"><strong>ARGOMENTO: STORIA NAVALE<\/strong><\/span><br \/>\n<span style=\"color: #008000;\"><strong>PERIODO: XX SECOLO<\/strong><\/span><br \/>\n<span style=\"color: #008000;\"><strong>AREA: TIRO NAVALE<\/strong><\/span><br \/>\nparole chiave: illuminanti, proiettori<br \/>\n<span style=\"color: #ffffff;\">&#8211;<\/span><\/p>\n<p align=\"justify\">Tra le due guerre si diffusero sistemi di calcolo meccanico\/elettromeccanico dei dati nonch\u00e9 sistemi di controllo centralizzato del tiro ma questi non erano mirati a risolvere il problema del tiro notturno. Gravi problemi derivavano anche dal settore degli esplosivi. Come scrive Poddighe, &#8220;<strong><em><span style=\"color: #008000;\">l<span id=\"t8_9\" class=\"t s1_9\">e difficolt\u00e0 in questo settore erano negli standard produttivi, nel peso e l\u2019equilibratura dei proiettili, ma le <\/span> <span id=\"t9_9\" class=\"t s1_9\">maggiori \u2013 e quasi eterne \u2013 difficolt\u00e0 che si protrassero sino alla 2^ GM, riguardarono esplosivi e soprattutto <\/span> <span id=\"ta_9\" class=\"t s1_9\">propellenti, che non furono mai all\u2019altezza e trascurarono evoluzioni fondamentali, come le cariche senza <\/span> <span id=\"tb_9\" class=\"t s1_9\">fumo e quelle a vampa ridotta per il tiro notturno (d\u2019altra parte senza che il combattimento notturno fosse <\/span> <\/span><\/em><\/strong><span id=\"tc_9\" class=\"t s1_9\"><em><span style=\"color: #008000;\"><strong>mai preso in considerazione da tattici e strateghi nostrani<\/strong>).<\/span><\/em>&#8221; <\/span>L\u2019adozione di <strong><span style=\"color: #008000;\">cariche a vampa ridotta<\/span><\/strong> non serviva solo per facilitare la visione notturna dei bersagli; esse erano note e diffuse sin dal 1919 sulla base dell\u2019esperienza di guerra e dell\u2019acquisizione di proietti tedeschi di quel tipo. In Italia erano disponibili soltanto fino al calibro 120 mm ed erano utilizzate dalle unit\u00e0 leggere e siluranti per l\u2019armamento principale e dalle unit\u00e0 maggiori in funzione anti-silurante.<br \/>\n<span style=\"color: #ffffff;\">.<\/span><\/p>\n<p><img decoding=\"async\" class=\"\" src=\"https:\/\/www.ocean4future.org\/savetheocean\/wp-content\/uploads\/2024\/10\/Lorenzo_Gasparri-671x1024.jpg\" alt=\"Questa immagine ha l'attributo alt vuoto; il nome del file \u00e8 Lorenzo_Gasparri-671x1024.jpg\" width=\"1073\" height=\"1637\" \/><\/p>\n<p align=\"justify\"><strong><span style=\"color: #008000;\">L&#8217;ammiraglio Lorenzo Gasparri, nato a Napoli nel 1894 entr\u00f2 nel 1911 nella Regia Accademia Navale come Allievo Ufficiale del Corpo di Stato Maggiore nel Corso Normale Vecchio Ordinamento (3 Anni). Nel 2\u00ba Anno risult\u00f2 essere 2\u00b0 nella sua Classe; il 27 agosto 1914 usc\u00ec dall&#8217;Accademia Navale di Livorno con il grado di Guardiamarina. Si laure\u00f2 successivamente in Ingegneria al Politecnico di Milano. Durante la Prima guerra mondiale fu Direttore di tiro a bordo dell&#8217;Incrociatore corazzato San Giorgio, partecipando alla Battaglia di Durazzo e meritando una Medaglia d&#8217;Argento al Valor Militare nell&#8217;ottobre 1918. Nel 1927 si brevett\u00f2 Direttore Superiore di Tiro, destinato tra il 1927 ed il 1928 come Comandante del Distaccamento italiano presso la Concessione di Tientsin in Cina. Nel 1930 fu nominato Membro della Commissione Permanente di Artiglieria Navale. Nel 1934 fu Comandante della Corazzata Giulio Cesare, in armamento ridotto, prima di frequentare l&#8217;Istituto di Guerra Marittima. Promosso Capitano di vascello, pass\u00f2 al Comando della 1\u00aa Flottiglia Cacciatorpediniere e dal 1\u00ba luglio 1938 all&#8217;8 gennaio 1940 ebbe il comando della Corazzata Conte di Cavour. In seguito divenne Capo della II Sezione della Divisione &#8220;Artiglierie e Servizio Tiro&#8221; della Direzione Generale &#8220;Armi e Armamenti Navali&#8221; del Ministero della Marina. Nel luglio 1941 fu promosso Contrammiraglio e, dal 16 settembre 1942 divenne Comandante del Gruppo Cacciatorpediniere di Squadra, distinguendosi nella scorta ai convogli diretti in Tunisia e in Libia. Il 3 gennaio 1943 fu promosso Ammiraglio di divisione, ma il 28 marzo successivo mor\u00ec a Napoli investito dall&#8217;esplosione della Motonave Caterina Costa, mentre tentava di allontanare delle bettoline cariche di munizioni dalla nave in fiamme. Fu decorato con Medaglia d&#8217;Oro al Valor Militare, alla memoria; successivamente alla sua scomparsa fu insignito di un&#8217;altra Medaglia d&#8217;Argento al Valor Militare.<br \/>\n<\/span><\/strong><br \/>\nGli studi nazionali furono tardivi e le applicazioni ancora pi\u00f9, con notizie fuorvianti, come scrisse l\u2019<strong><span style=\"color: #008000;\">ammiraglio Lorenzo Gasparri<\/span> <\/strong>nel 1941. Nella Marina tedesca si impiegava la carica a vampa ridotta soltanto fino al calibro da 105 mm e sembra che gli italiani le sperimentarono con i cannoni da 203 mm dell\u2019incrociatore Fiume solo in una esercitazione del 25 marzo 1941. Il tiro battente veniva effettuato in maniera concomitante col tiro illuminante al fine di permettere la &#8220;retro illuminazione&#8221; del bersaglio. In pratica i bengala avrebbero dovuto accendersi sull\u2019esatto rilevamento del bersaglio ma a distanza maggiore rispetto ad esso al fine di far bene stagliare il profilo del bersaglio rispetto alle tenebre circostanti.<\/p>\n<p align=\"justify\">Nel 1929 furono introdotti gli obici illuminanti da 120\/15 che furono imbarcati su tutti I cacciatorpediniere dalla classe Freccia in poi; un\u2019arma che risult\u00f2 inadeguata con una portata di 6.400 metri essendo in grado di illuminare solo bersagli a non pi\u00f9 di 4.000\/5.000 metri; successivamente furono sviluppati altres\u00ec proiettili illuminanti di calibro 120, 100, 90 millimetri da impiegare con le artiglierie di calibro minore. Va precisato che Il tiro illuminante era una pratica accessoria, per la sporadicit\u00e0 dell\u2019impiego e la breve durata dell\u2019illuminazione, ed era impossibile usarlo per l\u2019avvistamento ed il controllo della zona circostante le formazioni navali o i convogli. In sintesi, il tiro illuminante era un mezzo per agevolare il combattimento una volta scoperto il nemico, non certo un mezzo di scoperta. Le unit\u00e0 della Regia Marina erano dotate di proiettori per il combattimento notturno ravvicinato, per\u00f2 non tutti erano asserviti ai sistemi di puntamento delle armi n\u00e9 tutti erano dotati di persiane di oscuramento che permettevano di tenere il proiettore acceso e oscurato fino al momento dell\u2019impiego. Inoltre, essendo privi di sistemi di stabilizzazione e di asservimento, il loro puntamento risultava difficoltoso in caso di mare agitato per cui se ne fece un uso molto conservativo degli stessi.<\/p>\n<p align=\"justify\"><img decoding=\"async\" class=\"\" src=\"https:\/\/www.ocean4future.org\/savetheocean\/wp-content\/uploads\/2024\/10\/671px-HandbookFireControl1914Plate34.jpg\" alt=\"Questa immagine ha l'attributo alt vuoto; il nome del file \u00e8 671px-HandbookFireControl1914Plate34.jpg\" width=\"1074\" height=\"1440\" \/><\/p>\n<p align=\"justify\">Gli Inglesi invece avevano proiettori con le portelle di chiusura a persiana e stabilizzati; inoltre disponevano del sistema di controllo <strong><span style=\"color: #008000;\">Evershed (Evershed Bearing Indicator)<\/span><\/strong> che permetteva di ottenere un puntamento accurato anche in modalit\u00e0 oscurata. Ci\u00f2 facilit\u00f2 di mettere a punto tattiche per l\u2019utilizzo coordinato dei proiettori all\u2019interno della formazione navale in modo che solo alcune unit\u00e0 li accendevano, svelando inevitabilmente la propria posizione al nemico, permettendo per\u00f2 di illuminare il bersaglio a tutte le altre navi.<\/p>\n<p align=\"justify\"><img decoding=\"async\" class=\"\" src=\"https:\/\/www.ocean4future.org\/savetheocean\/wp-content\/uploads\/2024\/10\/600px-HandbookFireControl1914Plate38.jpg\" alt=\"Questa immagine ha l'attributo alt vuoto; il nome del file \u00e8 600px-HandbookFireControl1914Plate38.jpg\" width=\"1071\" height=\"612\" \/><\/p>\n<p align=\"justify\">In campo italiano, le corazzate ammodernate e tutti gli incrociatori e le nuove navi da battaglia ricevettero <strong><span style=\"color: #008000;\">APG (Apparati di Punteria Generale)<\/span><\/strong> per la direzione del tiro, ma il loro impiego non comprendeva tutte le armi impiegabili per il tiro ed il collegamento e la sincronizzazione di questi apparati era di difficile messa a punto, risultando farraginoso e non dando mai i risultati attesi.<\/p>\n<p><img decoding=\"async\" class=\"\" src=\"https:\/\/www.ocean4future.org\/savetheocean\/wp-content\/uploads\/2024\/10\/APG_Montecuccoli_brandeggio.jpg\" alt=\"Questa immagine ha l'attributo alt vuoto; il nome del file \u00e8 APG_Montecuccoli_brandeggio.jpg\" width=\"1070\" height=\"1427\" \/><\/p>\n<p align=\"justify\"><span style=\"color: #008000;\"><strong>Dettaglio della sezione &#8220;brandeggio&#8221; dell&#8217;Apparecchio di Punteria Generale (A.P.G.) dell&#8217;incrociatore Raimondo Montecuccoli conservato presso il Museo Tecnico Navale di La Spezia <a href=\"https:\/\/commons.wikimedia.org\/wiki\/File:APG_Montecuccoli_brandeggio.jpg\">APG Montecuccoli brandeggio.jpg &#8211; Wikimedia Commons<\/a><\/strong><\/span><\/p>\n<p align=\"justify\">Per il puntamento notturno dei siluri le unit\u00e0 sottili furono dotate di traguardi ottici Panerai, posti sulle alette di plancia per il calcolo dell\u2019angolo di mira dei siluri nel lancio notturno. Nel prossimo ed ultimo articolo parler\u00f2 degli aspetti tattici.<br \/>\n<strong><span style=\"color: #008000;\">Gianluca Bertozzi<\/span><\/strong><\/p>\n<p><span style=\"color: #ffffff;\">.<\/span><\/p>\n<p><a class=\"maxbutton-3 maxbutton maxbutton-pagina-principale\" target=\"_blank\" title=\"tooltip\" rel=\"nofollow noopener\" href=\"http:\/\/www.ocean4future.org\"><span class='mb-text'>PAGINA PRINCIPALE - HOME PAGE<\/span><\/a><br \/>\n<span style=\"color: #ffffff;\">.<\/span><\/p>\n<p align=\"justify\">Alcune delle immagini possono essere state prese dal web, citandone ove possibile gli autori e\/o le fonti. Se qualcuno desiderasse specificarne l\u2019autore e le fonti o rimuoverle, pu\u00f2 scrivere a infoocean4future@gmail.com e provvederemo immediatamente alla correzione dell\u2019articolo<br \/>\n<span style=\"color: #ffffff;\">.<\/span><\/p>\n","protected":false},"excerpt":{"rendered":"<p><span class=\"span-reading-time rt-reading-time\" style=\"display: block;\"><span class=\"rt-label rt-prefix\">tempo di lettura: <\/span> <span class=\"rt-time\"> 5<\/span> <span class=\"rt-label rt-postfix\">minuti<\/span><\/span>\u00a0. . ARGOMENTO: STORIA NAVALE PERIODO: XX SECOLO AREA: TIRO NAVALE parole chiave: illuminanti, proiettori &#8211; Tra le due guerre si diffusero sistemi di calcolo meccanico\/elettromeccanico dei dati nonch\u00e9 sistemi di controllo centralizzato del tiro ma questi non erano mirati a risolvere il problema del tiro notturno. Gravi problemi derivavano anche dal settore degli esplosivi. [&hellip;]<\/p>\n","protected":false},"author":2363,"featured_media":128218,"comment_status":"open","ping_status":"open","sticky":false,"template":"","format":"standard","meta":{"_acf_changed":false,"_monsterinsights_skip_tracking":false,"_monsterinsights_sitenote_active":false,"_monsterinsights_sitenote_note":"","_monsterinsights_sitenote_category":0,"footnotes":""},"categories":[2313],"tags":[],"class_list":["post-109586","post","type-post","status-publish","format-standard","has-post-thumbnail","hentry","category-storia-della-seconda-guerra-mondiale"],"acf":[],"yoast_head":"<!-- This site is optimized with the Yoast SEO plugin v27.4 - https:\/\/yoast.com\/product\/yoast-seo-wordpress\/ -->\n<title>Le dotazioni delle apparecchiature del tiro durante la seconda guerra mondiale &#8226; OCEAN4FUTURE autore<\/title>\n<meta name=\"robots\" content=\"index, follow, max-snippet:-1, max-image-preview:large, max-video-preview:-1\" \/>\n<link rel=\"canonical\" href=\"https:\/\/www.ocean4future.org\/savetheocean\/archives\/109586\" \/>\n<meta property=\"og:locale\" content=\"it_IT\" \/>\n<meta property=\"og:type\" content=\"article\" \/>\n<meta property=\"og:title\" content=\"Le dotazioni delle apparecchiature del tiro durante la seconda guerra mondiale &#8226; OCEAN4FUTURE autore\" \/>\n<meta property=\"og:description\" content=\"tempo di lettura:  5 minuti\u00a0. . ARGOMENTO: STORIA NAVALE PERIODO: XX SECOLO AREA: TIRO NAVALE parole chiave: illuminanti, proiettori &#8211; Tra le due guerre si diffusero sistemi di calcolo meccanico\/elettromeccanico dei dati nonch\u00e9 sistemi di controllo centralizzato del tiro ma questi non erano mirati a risolvere il problema del tiro notturno. Gravi problemi derivavano anche dal settore degli esplosivi. [&hellip;]\" \/>\n<meta property=\"og:url\" content=\"https:\/\/www.ocean4future.org\/savetheocean\/archives\/109586\" \/>\n<meta property=\"og:site_name\" content=\"OCEAN4FUTURE\" \/>\n<meta property=\"article:published_time\" content=\"2024-10-20T22:03:00+00:00\" \/>\n<meta property=\"article:modified_time\" content=\"2026-04-28T06:55:40+00:00\" \/>\n<meta property=\"og:image\" content=\"https:\/\/www.ocean4future.org\/savetheocean\/wp-content\/uploads\/2024\/10\/Vittorio_Veneto_and_Littorio_during_WW2.jpg\" \/>\n\t<meta property=\"og:image:width\" content=\"945\" \/>\n\t<meta property=\"og:image:height\" content=\"584\" \/>\n\t<meta property=\"og:image:type\" content=\"image\/jpeg\" \/>\n<meta name=\"author\" content=\"gianluca bertozzi\" \/>\n<meta name=\"twitter:card\" content=\"summary_large_image\" \/>\n<meta name=\"twitter:creator\" content=\"@ocean4future\" \/>\n<meta name=\"twitter:site\" content=\"@ocean4future\" \/>\n<meta name=\"twitter:label1\" content=\"Scritto da\" \/>\n\t<meta name=\"twitter:data1\" content=\"gianluca bertozzi\" \/>\n\t<meta name=\"twitter:label2\" content=\"Tempo di lettura stimato\" \/>\n\t<meta name=\"twitter:data2\" content=\"7 minuti\" \/>\n<script type=\"application\/ld+json\" class=\"yoast-schema-graph\">{\"@context\":\"https:\\\/\\\/schema.org\",\"@graph\":[{\"@type\":\"Article\",\"@id\":\"https:\\\/\\\/www.ocean4future.org\\\/savetheocean\\\/archives\\\/109586#article\",\"isPartOf\":{\"@id\":\"https:\\\/\\\/www.ocean4future.org\\\/savetheocean\\\/archives\\\/109586\"},\"author\":{\"name\":\"gianluca bertozzi\",\"@id\":\"https:\\\/\\\/www.ocean4future.org\\\/savetheocean\\\/#\\\/schema\\\/person\\\/f822ddfb364d07a67ccfdb34fcbe3663\"},\"headline\":\"Le dotazioni delle apparecchiature del tiro durante la seconda guerra mondiale\",\"datePublished\":\"2024-10-20T22:03:00+00:00\",\"dateModified\":\"2026-04-28T06:55:40+00:00\",\"mainEntityOfPage\":{\"@id\":\"https:\\\/\\\/www.ocean4future.org\\\/savetheocean\\\/archives\\\/109586\"},\"wordCount\":1077,\"commentCount\":0,\"publisher\":{\"@id\":\"https:\\\/\\\/www.ocean4future.org\\\/savetheocean\\\/#\\\/schema\\\/person\\\/4e1c26437054353074d7bb2efa77162c\"},\"image\":{\"@id\":\"https:\\\/\\\/www.ocean4future.org\\\/savetheocean\\\/archives\\\/109586#primaryimage\"},\"thumbnailUrl\":\"https:\\\/\\\/www.ocean4future.org\\\/savetheocean\\\/wp-content\\\/uploads\\\/2024\\\/10\\\/Vittorio_Veneto_and_Littorio_during_WW2.jpg\",\"articleSection\":[\"Storia navale della seconda guerra mondiale (1939 - 1945)\"],\"inLanguage\":\"it-IT\",\"potentialAction\":[{\"@type\":\"CommentAction\",\"name\":\"Comment\",\"target\":[\"https:\\\/\\\/www.ocean4future.org\\\/savetheocean\\\/archives\\\/109586#respond\"]}]},{\"@type\":\"WebPage\",\"@id\":\"https:\\\/\\\/www.ocean4future.org\\\/savetheocean\\\/archives\\\/109586\",\"url\":\"https:\\\/\\\/www.ocean4future.org\\\/savetheocean\\\/archives\\\/109586\",\"name\":\"Le dotazioni delle apparecchiature del tiro durante la seconda guerra mondiale &#8226; OCEAN4FUTURE autore\",\"isPartOf\":{\"@id\":\"https:\\\/\\\/www.ocean4future.org\\\/savetheocean\\\/#website\"},\"primaryImageOfPage\":{\"@id\":\"https:\\\/\\\/www.ocean4future.org\\\/savetheocean\\\/archives\\\/109586#primaryimage\"},\"image\":{\"@id\":\"https:\\\/\\\/www.ocean4future.org\\\/savetheocean\\\/archives\\\/109586#primaryimage\"},\"thumbnailUrl\":\"https:\\\/\\\/www.ocean4future.org\\\/savetheocean\\\/wp-content\\\/uploads\\\/2024\\\/10\\\/Vittorio_Veneto_and_Littorio_during_WW2.jpg\",\"datePublished\":\"2024-10-20T22:03:00+00:00\",\"dateModified\":\"2026-04-28T06:55:40+00:00\",\"breadcrumb\":{\"@id\":\"https:\\\/\\\/www.ocean4future.org\\\/savetheocean\\\/archives\\\/109586#breadcrumb\"},\"inLanguage\":\"it-IT\",\"potentialAction\":[{\"@type\":\"ReadAction\",\"target\":[\"https:\\\/\\\/www.ocean4future.org\\\/savetheocean\\\/archives\\\/109586\"]}]},{\"@type\":\"ImageObject\",\"inLanguage\":\"it-IT\",\"@id\":\"https:\\\/\\\/www.ocean4future.org\\\/savetheocean\\\/archives\\\/109586#primaryimage\",\"url\":\"https:\\\/\\\/www.ocean4future.org\\\/savetheocean\\\/wp-content\\\/uploads\\\/2024\\\/10\\\/Vittorio_Veneto_and_Littorio_during_WW2.jpg\",\"contentUrl\":\"https:\\\/\\\/www.ocean4future.org\\\/savetheocean\\\/wp-content\\\/uploads\\\/2024\\\/10\\\/Vittorio_Veneto_and_Littorio_during_WW2.jpg\",\"width\":945,\"height\":584},{\"@type\":\"BreadcrumbList\",\"@id\":\"https:\\\/\\\/www.ocean4future.org\\\/savetheocean\\\/archives\\\/109586#breadcrumb\",\"itemListElement\":[{\"@type\":\"ListItem\",\"position\":1,\"name\":\"Home\",\"item\":\"https:\\\/\\\/www.ocean4future.org\\\/savetheocean\"},{\"@type\":\"ListItem\",\"position\":2,\"name\":\"Le dotazioni delle apparecchiature del tiro durante la seconda guerra mondiale\"}]},{\"@type\":\"WebSite\",\"@id\":\"https:\\\/\\\/www.ocean4future.org\\\/savetheocean\\\/#website\",\"url\":\"https:\\\/\\\/www.ocean4future.org\\\/savetheocean\\\/\",\"name\":\"Ocean 4 Future\",\"description\":\"Per una nuova cultura del mare e della marittimit\u00e0\",\"publisher\":{\"@id\":\"https:\\\/\\\/www.ocean4future.org\\\/savetheocean\\\/#\\\/schema\\\/person\\\/4e1c26437054353074d7bb2efa77162c\"},\"potentialAction\":[{\"@type\":\"SearchAction\",\"target\":{\"@type\":\"EntryPoint\",\"urlTemplate\":\"https:\\\/\\\/www.ocean4future.org\\\/savetheocean\\\/?s={search_term_string}\"},\"query-input\":{\"@type\":\"PropertyValueSpecification\",\"valueRequired\":true,\"valueName\":\"search_term_string\"}}],\"inLanguage\":\"it-IT\"},{\"@type\":[\"Person\",\"Organization\"],\"@id\":\"https:\\\/\\\/www.ocean4future.org\\\/savetheocean\\\/#\\\/schema\\\/person\\\/4e1c26437054353074d7bb2efa77162c\",\"name\":\"oceandiver\",\"image\":{\"@type\":\"ImageObject\",\"inLanguage\":\"it-IT\",\"@id\":\"https:\\\/\\\/www.ocean4future.org\\\/savetheocean\\\/wp-content\\\/uploads\\\/2023\\\/04\\\/logo-ocean3.jpg\",\"url\":\"https:\\\/\\\/www.ocean4future.org\\\/savetheocean\\\/wp-content\\\/uploads\\\/2023\\\/04\\\/logo-ocean3.jpg\",\"contentUrl\":\"https:\\\/\\\/www.ocean4future.org\\\/savetheocean\\\/wp-content\\\/uploads\\\/2023\\\/04\\\/logo-ocean3.jpg\",\"width\":472,\"height\":301,\"caption\":\"oceandiver\"},\"logo\":{\"@id\":\"https:\\\/\\\/www.ocean4future.org\\\/savetheocean\\\/wp-content\\\/uploads\\\/2023\\\/04\\\/logo-ocean3.jpg\"}},{\"@type\":\"Person\",\"@id\":\"https:\\\/\\\/www.ocean4future.org\\\/savetheocean\\\/#\\\/schema\\\/person\\\/f822ddfb364d07a67ccfdb34fcbe3663\",\"name\":\"gianluca bertozzi\",\"image\":{\"@type\":\"ImageObject\",\"inLanguage\":\"it-IT\",\"@id\":\"https:\\\/\\\/secure.gravatar.com\\\/avatar\\\/fcfa868f0578a294f82f7a694520f0d9b154b90b1229c9b00ef37b680086aa55?s=96&d=mm&r=g\",\"url\":\"https:\\\/\\\/secure.gravatar.com\\\/avatar\\\/fcfa868f0578a294f82f7a694520f0d9b154b90b1229c9b00ef37b680086aa55?s=96&d=mm&r=g\",\"contentUrl\":\"https:\\\/\\\/secure.gravatar.com\\\/avatar\\\/fcfa868f0578a294f82f7a694520f0d9b154b90b1229c9b00ef37b680086aa55?s=96&d=mm&r=g\",\"caption\":\"gianluca bertozzi\"},\"description\":\"laureato in Giurisprudenza \u00e8 un attento e meticoloso studioso di storia navale e aeronautica militare\",\"url\":\"https:\\\/\\\/www.ocean4future.org\\\/savetheocean\\\/archives\\\/author\\\/gianluca-bertozzi\"}]}<\/script>\n<!-- \/ Yoast SEO plugin. -->","yoast_head_json":{"title":"Le dotazioni delle apparecchiature del tiro durante la seconda guerra mondiale &#8226; OCEAN4FUTURE autore","robots":{"index":"index","follow":"follow","max-snippet":"max-snippet:-1","max-image-preview":"max-image-preview:large","max-video-preview":"max-video-preview:-1"},"canonical":"https:\/\/www.ocean4future.org\/savetheocean\/archives\/109586","og_locale":"it_IT","og_type":"article","og_title":"Le dotazioni delle apparecchiature del tiro durante la seconda guerra mondiale &#8226; OCEAN4FUTURE autore","og_description":"tempo di lettura:  5 minuti\u00a0. . ARGOMENTO: STORIA NAVALE PERIODO: XX SECOLO AREA: TIRO NAVALE parole chiave: illuminanti, proiettori &#8211; Tra le due guerre si diffusero sistemi di calcolo meccanico\/elettromeccanico dei dati nonch\u00e9 sistemi di controllo centralizzato del tiro ma questi non erano mirati a risolvere il problema del tiro notturno. Gravi problemi derivavano anche dal settore degli esplosivi. [&hellip;]","og_url":"https:\/\/www.ocean4future.org\/savetheocean\/archives\/109586","og_site_name":"OCEAN4FUTURE","article_published_time":"2024-10-20T22:03:00+00:00","article_modified_time":"2026-04-28T06:55:40+00:00","og_image":[{"width":945,"height":584,"url":"https:\/\/www.ocean4future.org\/savetheocean\/wp-content\/uploads\/2024\/10\/Vittorio_Veneto_and_Littorio_during_WW2.jpg","type":"image\/jpeg"}],"author":"gianluca bertozzi","twitter_card":"summary_large_image","twitter_creator":"@ocean4future","twitter_site":"@ocean4future","twitter_misc":{"Scritto da":"gianluca bertozzi","Tempo di lettura stimato":"7 minuti"},"schema":{"@context":"https:\/\/schema.org","@graph":[{"@type":"Article","@id":"https:\/\/www.ocean4future.org\/savetheocean\/archives\/109586#article","isPartOf":{"@id":"https:\/\/www.ocean4future.org\/savetheocean\/archives\/109586"},"author":{"name":"gianluca bertozzi","@id":"https:\/\/www.ocean4future.org\/savetheocean\/#\/schema\/person\/f822ddfb364d07a67ccfdb34fcbe3663"},"headline":"Le dotazioni delle apparecchiature del tiro durante la seconda guerra mondiale","datePublished":"2024-10-20T22:03:00+00:00","dateModified":"2026-04-28T06:55:40+00:00","mainEntityOfPage":{"@id":"https:\/\/www.ocean4future.org\/savetheocean\/archives\/109586"},"wordCount":1077,"commentCount":0,"publisher":{"@id":"https:\/\/www.ocean4future.org\/savetheocean\/#\/schema\/person\/4e1c26437054353074d7bb2efa77162c"},"image":{"@id":"https:\/\/www.ocean4future.org\/savetheocean\/archives\/109586#primaryimage"},"thumbnailUrl":"https:\/\/www.ocean4future.org\/savetheocean\/wp-content\/uploads\/2024\/10\/Vittorio_Veneto_and_Littorio_during_WW2.jpg","articleSection":["Storia navale della seconda guerra mondiale (1939 - 1945)"],"inLanguage":"it-IT","potentialAction":[{"@type":"CommentAction","name":"Comment","target":["https:\/\/www.ocean4future.org\/savetheocean\/archives\/109586#respond"]}]},{"@type":"WebPage","@id":"https:\/\/www.ocean4future.org\/savetheocean\/archives\/109586","url":"https:\/\/www.ocean4future.org\/savetheocean\/archives\/109586","name":"Le dotazioni delle apparecchiature del tiro durante la seconda guerra mondiale &#8226; OCEAN4FUTURE autore","isPartOf":{"@id":"https:\/\/www.ocean4future.org\/savetheocean\/#website"},"primaryImageOfPage":{"@id":"https:\/\/www.ocean4future.org\/savetheocean\/archives\/109586#primaryimage"},"image":{"@id":"https:\/\/www.ocean4future.org\/savetheocean\/archives\/109586#primaryimage"},"thumbnailUrl":"https:\/\/www.ocean4future.org\/savetheocean\/wp-content\/uploads\/2024\/10\/Vittorio_Veneto_and_Littorio_during_WW2.jpg","datePublished":"2024-10-20T22:03:00+00:00","dateModified":"2026-04-28T06:55:40+00:00","breadcrumb":{"@id":"https:\/\/www.ocean4future.org\/savetheocean\/archives\/109586#breadcrumb"},"inLanguage":"it-IT","potentialAction":[{"@type":"ReadAction","target":["https:\/\/www.ocean4future.org\/savetheocean\/archives\/109586"]}]},{"@type":"ImageObject","inLanguage":"it-IT","@id":"https:\/\/www.ocean4future.org\/savetheocean\/archives\/109586#primaryimage","url":"https:\/\/www.ocean4future.org\/savetheocean\/wp-content\/uploads\/2024\/10\/Vittorio_Veneto_and_Littorio_during_WW2.jpg","contentUrl":"https:\/\/www.ocean4future.org\/savetheocean\/wp-content\/uploads\/2024\/10\/Vittorio_Veneto_and_Littorio_during_WW2.jpg","width":945,"height":584},{"@type":"BreadcrumbList","@id":"https:\/\/www.ocean4future.org\/savetheocean\/archives\/109586#breadcrumb","itemListElement":[{"@type":"ListItem","position":1,"name":"Home","item":"https:\/\/www.ocean4future.org\/savetheocean"},{"@type":"ListItem","position":2,"name":"Le dotazioni delle apparecchiature del tiro durante la seconda guerra mondiale"}]},{"@type":"WebSite","@id":"https:\/\/www.ocean4future.org\/savetheocean\/#website","url":"https:\/\/www.ocean4future.org\/savetheocean\/","name":"Ocean 4 Future","description":"Per una nuova cultura del mare e della marittimit\u00e0","publisher":{"@id":"https:\/\/www.ocean4future.org\/savetheocean\/#\/schema\/person\/4e1c26437054353074d7bb2efa77162c"},"potentialAction":[{"@type":"SearchAction","target":{"@type":"EntryPoint","urlTemplate":"https:\/\/www.ocean4future.org\/savetheocean\/?s={search_term_string}"},"query-input":{"@type":"PropertyValueSpecification","valueRequired":true,"valueName":"search_term_string"}}],"inLanguage":"it-IT"},{"@type":["Person","Organization"],"@id":"https:\/\/www.ocean4future.org\/savetheocean\/#\/schema\/person\/4e1c26437054353074d7bb2efa77162c","name":"oceandiver","image":{"@type":"ImageObject","inLanguage":"it-IT","@id":"https:\/\/www.ocean4future.org\/savetheocean\/wp-content\/uploads\/2023\/04\/logo-ocean3.jpg","url":"https:\/\/www.ocean4future.org\/savetheocean\/wp-content\/uploads\/2023\/04\/logo-ocean3.jpg","contentUrl":"https:\/\/www.ocean4future.org\/savetheocean\/wp-content\/uploads\/2023\/04\/logo-ocean3.jpg","width":472,"height":301,"caption":"oceandiver"},"logo":{"@id":"https:\/\/www.ocean4future.org\/savetheocean\/wp-content\/uploads\/2023\/04\/logo-ocean3.jpg"}},{"@type":"Person","@id":"https:\/\/www.ocean4future.org\/savetheocean\/#\/schema\/person\/f822ddfb364d07a67ccfdb34fcbe3663","name":"gianluca bertozzi","image":{"@type":"ImageObject","inLanguage":"it-IT","@id":"https:\/\/secure.gravatar.com\/avatar\/fcfa868f0578a294f82f7a694520f0d9b154b90b1229c9b00ef37b680086aa55?s=96&d=mm&r=g","url":"https:\/\/secure.gravatar.com\/avatar\/fcfa868f0578a294f82f7a694520f0d9b154b90b1229c9b00ef37b680086aa55?s=96&d=mm&r=g","contentUrl":"https:\/\/secure.gravatar.com\/avatar\/fcfa868f0578a294f82f7a694520f0d9b154b90b1229c9b00ef37b680086aa55?s=96&d=mm&r=g","caption":"gianluca bertozzi"},"description":"laureato in Giurisprudenza \u00e8 un attento e meticoloso studioso di storia navale e aeronautica militare","url":"https:\/\/www.ocean4future.org\/savetheocean\/archives\/author\/gianluca-bertozzi"}]}},"_links":{"self":[{"href":"https:\/\/www.ocean4future.org\/savetheocean\/wp-json\/wp\/v2\/posts\/109586","targetHints":{"allow":["GET"]}}],"collection":[{"href":"https:\/\/www.ocean4future.org\/savetheocean\/wp-json\/wp\/v2\/posts"}],"about":[{"href":"https:\/\/www.ocean4future.org\/savetheocean\/wp-json\/wp\/v2\/types\/post"}],"author":[{"embeddable":true,"href":"https:\/\/www.ocean4future.org\/savetheocean\/wp-json\/wp\/v2\/users\/2363"}],"replies":[{"embeddable":true,"href":"https:\/\/www.ocean4future.org\/savetheocean\/wp-json\/wp\/v2\/comments?post=109586"}],"version-history":[{"count":3,"href":"https:\/\/www.ocean4future.org\/savetheocean\/wp-json\/wp\/v2\/posts\/109586\/revisions"}],"predecessor-version":[{"id":128219,"href":"https:\/\/www.ocean4future.org\/savetheocean\/wp-json\/wp\/v2\/posts\/109586\/revisions\/128219"}],"wp:featuredmedia":[{"embeddable":true,"href":"https:\/\/www.ocean4future.org\/savetheocean\/wp-json\/wp\/v2\/media\/128218"}],"wp:attachment":[{"href":"https:\/\/www.ocean4future.org\/savetheocean\/wp-json\/wp\/v2\/media?parent=109586"}],"wp:term":[{"taxonomy":"category","embeddable":true,"href":"https:\/\/www.ocean4future.org\/savetheocean\/wp-json\/wp\/v2\/categories?post=109586"},{"taxonomy":"post_tag","embeddable":true,"href":"https:\/\/www.ocean4future.org\/savetheocean\/wp-json\/wp\/v2\/tags?post=109586"}],"curies":[{"name":"wp","href":"https:\/\/api.w.org\/{rel}","templated":true}]}}