{"id":109585,"date":"2024-10-05T00:03:00","date_gmt":"2024-10-04T22:03:00","guid":{"rendered":"https:\/\/www.ocean4future.org\/savetheocean\/?p=109585"},"modified":"2024-10-03T11:08:38","modified_gmt":"2024-10-03T09:08:38","slug":"il-combattimento-notturno-e-la-regia-marina-italiana-2","status":"publish","type":"post","link":"https:\/\/www.ocean4future.org\/savetheocean\/archives\/109585","title":{"rendered":"Il combattimento notturno e la Regia Marina italiana"},"content":{"rendered":"<span class=\"span-reading-time rt-reading-time\" style=\"display: block;\"><span class=\"rt-label rt-prefix\">tempo di lettura: <\/span> <span class=\"rt-time\"> 4<\/span> <span class=\"rt-label rt-postfix\">minuti<\/span><\/span><p><span style=\"color: #ffffff;\">.<\/span><\/p>\n<a class=\"maxbutton-4 maxbutton maxbutton-livello-di-comprensione\" href=\"javascript:void(0);\"><span class='mb-text'>livello elementare<\/span><\/a>\n<p><span style=\"color: #ffffff;\">.<\/span><\/p>\n<p><span style=\"color: #008000;\"><strong>ARGOMENTO: STORIA NAVALE<\/strong><\/span><br \/>\n<span style=\"color: #008000;\"><strong>PERIODO: XX SECOLO<\/strong><\/span><br \/>\n<span style=\"color: #008000;\"><strong>AREA: MAR MEDITERRANEO<\/strong><\/span><br \/>\nparole chiave: tattiche notturne, tiro<br \/>\n<span style=\"color: #ffffff;\">.<\/span><\/p>\n<p align=\"justify\">A ottant\u2019anni dagli avvenimenti esistono ancora falsi miti e strascichi consolidati dalle polemiche, talvolta pretestuose e molto personali da parte di alcuni dei protagonisti sopravvissuti in merito alle cause della sconfitta. Una sconfitta che non fu personale ma di sistema perch\u00e9 la Seconda guerra mondiale fu la prima guerra tecnologica tra capacit\u00e0 industriali e noi la combattemmo con gli uomini. Con questo breve studio si vuole solamente sollevare il problema della pacata rivisitazione dei fatti, anche rispolverando alcuni dei miti e motivi di acceso scontro del passato, e vuole quindi essere una provocazione per facilitare approfondimenti da parte degli appassionati anche se tecnici e storici sono gi\u00e0 andati oltre in molti approfondimenti.<\/p>\n<p><img decoding=\"async\" src=\"https:\/\/www.ocean4future.org\/savetheocean\/wp-content\/uploads\/2024\/10\/Screenshot-2024-09-25-105121.png\" alt=\"Questa immagine ha l'attributo alt vuoto; il nome del file \u00e8 Screenshot-2024-09-25-105121.png\" width=\"840\" height=\"727\"><\/p>\n<p align=\"justify\"><span style=\"color: #008000;\"><strong>Se durante il giorno l&#8217;osservazione del tiro poteva essere complessa, immaginiamoci durante la notte Fonte dell&#8217;immagine:&nbsp; studio di Giancarlo Poddighe pubblicato di Academia.org<br \/>\n<\/strong><\/span><a href=\"https:\/\/www.academia.edu\/36564599\/ARTIGLIERIE_E_TIRO_NAVALE_ITALIANO_ARTIGLIERIE_E_TIRO_NAVALE_ITALIANO\">ARTIGLIERIE E TIRO NAVALE ITALIANO ARTIGLIERIE E TIRO NAVALE ITALIANO | Gian Carlo Poddighe &#8211; Academia.edu<\/a><\/p>\n<p align=\"justify\">Tra i fattori di inferiorit\u00e0 della Regia Marina italiana nel confronto con la Royal Navy va annoverato l\u2019insufficiente preparazione al combattimento notturno. Si semplifica riducendo questa problematica alla carenza di apparati radar ma in realt\u00e0 la questione fu molto pi\u00f9 complessa. Innanzitutto, in Mediterraneo la dotazione di questo tipo di apparecchiature solo a partire dal 1942 divenne generalizzata; &nbsp;i Radar disponibili erano strumenti con diverse limitazioni operative, sebbene destinati al tiro pi\u00f9 che alla scoperta, erano spesso di limitata efficienza al punto che vedette bene addestrate dotate di buoni strumenti ottici avevano capacit\u00e0 di avvistamenti notturni equivalenti se non superiori ai radar disponibili fino a met\u00e0 del conflitto. Il fenomeno sembrerebbe essere comune anche in altre latitudini; ad esempio la <span style=\"color: #008000;\"><strong>Nihon Kaigun<\/strong><\/span> (la Marina Imperiale Giapponese), che non dispose di radar se non nelle fasi finali del conflitto, per anni ebbe una marcata superiorit\u00e0 in questo tipo di combattimento sulla US Navy statunitense che ne era invece abbondantemente dotata. &nbsp;<\/p>\n<p align=\"justify\"><strong><span style=\"color: #008000;\">C\u2019\u00e8 da chiedersi cosa avesse la Marina Imperiale di diverso dalla Regia Marina: migliori ottiche o pi\u00f9 efficace addestramento, o tutte e due?<br \/>\n<\/span><\/strong>Anche nella stessa guerra del Mediterraneo vi sono vari episodi in cui il combattimento notturno fu determinante, per esempio nella battaglia di Matapan ma anche&nbsp; nella distruzione del convoglio &#8220;Duisburg&#8221; quando il convoglio italiano fu localizzato dalle vedette dell&#8217;incrociatore <em>Aurora <\/em>della Forza K solo per mezzo dei binocoli alla distanza di circa 9 miglia (oltre 16.000 metri). <strong><span style=\"color: #008000;\">Il combattimento notturno non fu per\u00f2 solo un problema di avvistamento.<\/span> <\/strong>Nella dottrina italiana di anteguerra per unit\u00e0 maggiori il combattimento notturno non era considerato;&nbsp; non solo per coordinare efficacemente i movimenti delle navi ma anche per le difficolt\u00e0 di capire come evolveva l\u2019azione, identificare correttamente il nemico (con conseguenti forti rischi di \u201cfuoco amico\u201d e di collisioni), di fatto aumentando il rischio che, nella confusione, un\u2019unit\u00e0 silurante nemica riuscisse a lanciare un colpo fortunato. Si riteneva quindi che l\u2019esito di uno scontro notturno fosse troppo imprevedibile e troppo dipendente dalla fortuna per essere desiderabile. La possibilit\u00e0 di un combattimento notturno ricercato di propria iniziativa era quindi stata esclusa dai manuali e per le azioni notturne si riteneva pi\u00f9 conveniente impiegare i cacciatorpediniere della squadra quali unit\u00e0 siluranti.&nbsp;<\/p>\n<p><img decoding=\"async\" src=\"https:\/\/www.ocean4future.org\/savetheocean\/wp-content\/uploads\/2024\/10\/John_Jellicoe_medals-760x1024.jpg\" alt=\"Questa immagine ha l'attributo alt vuoto; il nome del file \u00e8 John_Jellicoe_medals-760x1024.jpg\" width=\"845\" height=\"1139\"><\/p>\n<p align=\"justify\"><strong><span style=\"color: #008000;\">John Jellicoe (5 dicembre 1859 \u2013 20 novembre 1935) fu un&nbsp;ammiraglio&nbsp;inglese, comandante in capo della&nbsp;<i>Grand Fleet<\/i> durante la prima guerra mondiale <a href=\"https:\/\/commons.wikimedia.org\/wiki\/File:John_Jellicoe_medals.jpg\">John Jellicoe &#8230;jpg &#8211; Wikimedia Commons<\/a><\/span><\/strong><\/p>\n<p align=\"justify\">Ricordo le dichiarazioni dell\u2019<strong><span style=\"color: #008000;\">ammiraglio Jellicoe<\/span><\/strong> dopo la battaglia dello <strong><span style=\"color: #008000;\">Jutland<\/span><\/strong>: \u201c<strong><em><span style=\"color: #008000;\">Ho scartato subito l&#8217;idea di un&#8217;azione notturna tra le navi pesanti, in quanto avrebbe portato problemi sempre maggiori a causa, in primo luogo, della presenza di unit\u00e0 siluranti in numero cos\u00ec elevato e, in secondo luogo, dell&#8217;impossibilit\u00e0 di distinguere tra le nostre navi e quelle nemiche. Inoltre, il risultato di un&#8217;azione notturna nelle condizioni moderne sar\u00e0 sempre in gran parte una questione di puro caso<\/span><\/em><\/strong>\u201d.<\/p>\n<p><img decoding=\"async\" src=\"https:\/\/www.ocean4future.org\/savetheocean\/wp-content\/uploads\/2024\/10\/USS_Washington_BB-56_firing_during_the_Second_Naval_Battle_of_Guadalcanal_14_November_1942.jpg\" alt=\"Questa immagine ha l'attributo alt vuoto; il nome del file \u00e8 USS_Washington_BB-56_firing_during_the_Second_Naval_Battle_of_Guadalcanal_14_November_1942.jpg\" width=\"1023\" height=\"702\"><\/p>\n<p align=\"justify\"><span style=\"color: #008000;\"><strong>La corazzata statunitense USS Washington (BB-56) durante esercitazioni di tiro notturne, 1942 &#8211; Fonte Foto della Marina degli Stati Uniti dal libro di crociera della Seconda Guerra Mondiale della USS Washington (BB-56) disponibile su Navysite.de Autore Marina degli Stati Uniti&nbsp;<\/strong><\/span><a href=\"https:\/\/commons.wikimedia.org\/wiki\/File:USS_Washington_(BB-56)_firing_during_the_Second_Naval_Battle_of_Guadalcanal,_14_November_1942.jpg\">USS Washington (BB-56) firing during the Second Naval Battle of Guadalcanal, 14 November 1942.jpg &#8211; Wikimedia Commons<\/a><\/p>\n<p align=\"justify\">Con queste premesse era considerato imperativo interrompere il contatto balistico tra le unit\u00e0 maggiori nell\u2019imminenza del tramonto e per favorire il disimpegno non si sarebbe dovuto esitare a ordinare ripetuti attacchi alle unit\u00e0 siluranti. Interrotto lo scontro le unit\u00e0 sottili avrebbero provveduto alla protezione del grosso, all\u2019esplorazione e al mantenimento del contatto col nemico e se possibile ad attaccarlo col siluro.&nbsp; Poich\u00e9 si riteneva che il nemico avrebbe proceduto allo stesso modo, le unit\u00e0 maggiori nelle ore notturne avrebbero dovuto tenersi pronte a reagire con le armi contro gli attacchi delle siluranti. Negli anni &#8217;20 il tema era stato ampiamente dibattuto, evolvendo, ed i testi con le analisi e le nuove teorie erano stati tradotti ed ampiamente diffusi in Italia e pubblicati dagli stessi vertici della Marina. Il tiro notturno con l&#8217;ausilio di illuminanti e l&#8217;uso di <strong><span style=\"color: #008000;\">cariche V.R. (a vampa ridotta)<\/span> <\/strong>era inspiegabilmente previsto dalle norme regolamentari italiane solo per i calibri anti silurante sulle unit\u00e0 maggiori e per le unit\u00e0 sottili. Non esisteva per\u00f2 alcuna tecnica\/norma per il tiro notturno con i grossi calibri n\u00e9, tantomeno, alcuna tattica d&#8217;impiego coordinato dei proiettori luminosi in supporto a tali artiglierie.<\/p>\n<p><span style=\"color: #008000;\"><strong>\u00c8 tutta da verificare e suona a giustificazione l\u2019affermazione che la dottrina operativa italiana sul punto era molto simile a quella del principale avversario, la Marina Francese.<\/strong><\/span><\/p>\n<p align=\"justify\">Di fatto la Royal Navy e la Nihon Kaigun giapponese nell&#8217;anteguerra avevano sviluppato tattiche e tecniche relative al combattimento notturno per le unit\u00e0 maggiori mentre la non certo arretrata U.S. Navy dovette superare l\u2019impasse con un balzo tecnologico solo a guerra in corso con la diffusione di apparati radar sempre pi\u00f9 efficienti.<br \/>\n<strong><span style=\"color: #008000;\">Gianluca Bertozzi<\/span><\/strong><br \/>\n<span style=\"color: #ffffff;\">.<\/span><\/p>\n<p><a class=\"maxbutton-3 maxbutton maxbutton-pagina-principale\" target=\"_blank\" title=\"tooltip\" rel=\"nofollow noopener\" href=\"http:\/\/www.ocean4future.org\"><span class='mb-text'>PAGINA PRINCIPALE - HOME PAGE<\/span><\/a><br \/>\n<span style=\"color: #ffffff;\">.<\/span><\/p>\n<p align=\"justify\">Alcune delle foto presenti in questo blog possono essere state prese dal web, citandone ove possibile gli autori e\/o le fonti. Se qualcuno desiderasse specificarne l\u2019autore o rimuoverle, pu\u00f2 scrivere a infoocean4future@gmail.com e provvederemo immediatamente alla correzione dell\u2019articolo<br \/>\n<span style=\"color: #ffffff;\">.<\/span><\/p>\n<p>&nbsp;<\/p>\n","protected":false},"excerpt":{"rendered":"<p><span class=\"span-reading-time rt-reading-time\" style=\"display: block;\"><span class=\"rt-label rt-prefix\">tempo di lettura: <\/span> <span class=\"rt-time\"> 4<\/span> <span class=\"rt-label rt-postfix\">minuti<\/span><\/span>. . ARGOMENTO: STORIA NAVALE PERIODO: XX SECOLO AREA: MAR MEDITERRANEO parole chiave: tattiche notturne, tiro . A ottant\u2019anni dagli avvenimenti esistono ancora falsi miti e strascichi consolidati dalle polemiche, talvolta pretestuose e molto personali da parte di alcuni dei protagonisti sopravvissuti in merito alle cause della sconfitta. Una sconfitta che non fu personale ma [&hellip;]<\/p>\n","protected":false},"author":2363,"featured_media":110156,"comment_status":"open","ping_status":"open","sticky":false,"template":"","format":"standard","meta":{"_acf_changed":false,"_monsterinsights_skip_tracking":false,"_monsterinsights_sitenote_active":false,"_monsterinsights_sitenote_note":"","_monsterinsights_sitenote_category":0,"footnotes":""},"categories":[17],"tags":[],"class_list":["post-109585","post","type-post","status-publish","format-standard","has-post-thumbnail","hentry","category-scienze-del-mare"],"acf":[],"yoast_head":"<!-- This site is optimized with the Yoast SEO plugin v27.4 - https:\/\/yoast.com\/product\/yoast-seo-wordpress\/ -->\n<title>Il combattimento notturno e la Regia Marina italiana &#8226; OCEAN4FUTURE autore<\/title>\n<meta name=\"robots\" content=\"index, follow, max-snippet:-1, max-image-preview:large, max-video-preview:-1\" \/>\n<link rel=\"canonical\" href=\"https:\/\/www.ocean4future.org\/savetheocean\/archives\/109585\" \/>\n<meta property=\"og:locale\" content=\"it_IT\" \/>\n<meta property=\"og:type\" content=\"article\" \/>\n<meta property=\"og:title\" content=\"Il combattimento notturno e la Regia Marina italiana &#8226; OCEAN4FUTURE autore\" \/>\n<meta property=\"og:description\" content=\"tempo di lettura:  4 minuti. . ARGOMENTO: STORIA NAVALE PERIODO: XX SECOLO AREA: MAR MEDITERRANEO parole chiave: tattiche notturne, tiro . A ottant\u2019anni dagli avvenimenti esistono ancora falsi miti e strascichi consolidati dalle polemiche, talvolta pretestuose e molto personali da parte di alcuni dei protagonisti sopravvissuti in merito alle cause della sconfitta. Una sconfitta che non fu personale ma [&hellip;]\" \/>\n<meta property=\"og:url\" content=\"https:\/\/www.ocean4future.org\/savetheocean\/archives\/109585\" \/>\n<meta property=\"og:site_name\" content=\"OCEAN4FUTURE\" \/>\n<meta property=\"article:published_time\" content=\"2024-10-04T22:03:00+00:00\" \/>\n<meta property=\"og:image\" content=\"https:\/\/www.ocean4future.org\/savetheocean\/wp-content\/uploads\/2024\/10\/USS_Washington_BB-56_firing_during_the_Second_Naval_Battle_of_Guadalcanal_14_November_1942.jpg\" \/>\n\t<meta property=\"og:image:width\" content=\"1023\" \/>\n\t<meta property=\"og:image:height\" content=\"702\" \/>\n\t<meta property=\"og:image:type\" content=\"image\/jpeg\" \/>\n<meta name=\"author\" content=\"gianluca bertozzi\" \/>\n<meta name=\"twitter:card\" content=\"summary_large_image\" \/>\n<meta name=\"twitter:creator\" content=\"@ocean4future\" \/>\n<meta name=\"twitter:site\" content=\"@ocean4future\" \/>\n<meta name=\"twitter:label1\" content=\"Scritto da\" \/>\n\t<meta name=\"twitter:data1\" content=\"gianluca bertozzi\" \/>\n\t<meta name=\"twitter:label2\" content=\"Tempo di lettura stimato\" \/>\n\t<meta name=\"twitter:data2\" content=\"7 minuti\" \/>\n<script type=\"application\/ld+json\" class=\"yoast-schema-graph\">{\"@context\":\"https:\\\/\\\/schema.org\",\"@graph\":[{\"@type\":\"Article\",\"@id\":\"https:\\\/\\\/www.ocean4future.org\\\/savetheocean\\\/archives\\\/109585#article\",\"isPartOf\":{\"@id\":\"https:\\\/\\\/www.ocean4future.org\\\/savetheocean\\\/archives\\\/109585\"},\"author\":{\"name\":\"gianluca bertozzi\",\"@id\":\"https:\\\/\\\/www.ocean4future.org\\\/savetheocean\\\/#\\\/schema\\\/person\\\/f822ddfb364d07a67ccfdb34fcbe3663\"},\"headline\":\"Il combattimento notturno e la Regia Marina italiana\",\"datePublished\":\"2024-10-04T22:03:00+00:00\",\"mainEntityOfPage\":{\"@id\":\"https:\\\/\\\/www.ocean4future.org\\\/savetheocean\\\/archives\\\/109585\"},\"wordCount\":1065,\"commentCount\":0,\"publisher\":{\"@id\":\"https:\\\/\\\/www.ocean4future.org\\\/savetheocean\\\/#\\\/schema\\\/person\\\/4e1c26437054353074d7bb2efa77162c\"},\"image\":{\"@id\":\"https:\\\/\\\/www.ocean4future.org\\\/savetheocean\\\/archives\\\/109585#primaryimage\"},\"thumbnailUrl\":\"https:\\\/\\\/www.ocean4future.org\\\/savetheocean\\\/wp-content\\\/uploads\\\/2024\\\/10\\\/USS_Washington_BB-56_firing_during_the_Second_Naval_Battle_of_Guadalcanal_14_November_1942-e1761854437652.jpg\",\"articleSection\":[\"Scienze del mare\"],\"inLanguage\":\"it-IT\",\"potentialAction\":[{\"@type\":\"CommentAction\",\"name\":\"Comment\",\"target\":[\"https:\\\/\\\/www.ocean4future.org\\\/savetheocean\\\/archives\\\/109585#respond\"]}]},{\"@type\":\"WebPage\",\"@id\":\"https:\\\/\\\/www.ocean4future.org\\\/savetheocean\\\/archives\\\/109585\",\"url\":\"https:\\\/\\\/www.ocean4future.org\\\/savetheocean\\\/archives\\\/109585\",\"name\":\"Il combattimento notturno e la Regia Marina italiana &#8226; OCEAN4FUTURE autore\",\"isPartOf\":{\"@id\":\"https:\\\/\\\/www.ocean4future.org\\\/savetheocean\\\/#website\"},\"primaryImageOfPage\":{\"@id\":\"https:\\\/\\\/www.ocean4future.org\\\/savetheocean\\\/archives\\\/109585#primaryimage\"},\"image\":{\"@id\":\"https:\\\/\\\/www.ocean4future.org\\\/savetheocean\\\/archives\\\/109585#primaryimage\"},\"thumbnailUrl\":\"https:\\\/\\\/www.ocean4future.org\\\/savetheocean\\\/wp-content\\\/uploads\\\/2024\\\/10\\\/USS_Washington_BB-56_firing_during_the_Second_Naval_Battle_of_Guadalcanal_14_November_1942-e1761854437652.jpg\",\"datePublished\":\"2024-10-04T22:03:00+00:00\",\"breadcrumb\":{\"@id\":\"https:\\\/\\\/www.ocean4future.org\\\/savetheocean\\\/archives\\\/109585#breadcrumb\"},\"inLanguage\":\"it-IT\",\"potentialAction\":[{\"@type\":\"ReadAction\",\"target\":[\"https:\\\/\\\/www.ocean4future.org\\\/savetheocean\\\/archives\\\/109585\"]}]},{\"@type\":\"ImageObject\",\"inLanguage\":\"it-IT\",\"@id\":\"https:\\\/\\\/www.ocean4future.org\\\/savetheocean\\\/archives\\\/109585#primaryimage\",\"url\":\"https:\\\/\\\/www.ocean4future.org\\\/savetheocean\\\/wp-content\\\/uploads\\\/2024\\\/10\\\/USS_Washington_BB-56_firing_during_the_Second_Naval_Battle_of_Guadalcanal_14_November_1942-e1761854437652.jpg\",\"contentUrl\":\"https:\\\/\\\/www.ocean4future.org\\\/savetheocean\\\/wp-content\\\/uploads\\\/2024\\\/10\\\/USS_Washington_BB-56_firing_during_the_Second_Naval_Battle_of_Guadalcanal_14_November_1942-e1761854437652.jpg\",\"width\":640,\"height\":439,\"caption\":\"http:\\\/\\\/www.militaryphotos.net\\\/forums\\\/showthread.php?t=157795&amp;page=4, image is near the bottom of the page.\"},{\"@type\":\"BreadcrumbList\",\"@id\":\"https:\\\/\\\/www.ocean4future.org\\\/savetheocean\\\/archives\\\/109585#breadcrumb\",\"itemListElement\":[{\"@type\":\"ListItem\",\"position\":1,\"name\":\"Home\",\"item\":\"https:\\\/\\\/www.ocean4future.org\\\/savetheocean\"},{\"@type\":\"ListItem\",\"position\":2,\"name\":\"Il combattimento notturno e la Regia Marina italiana\"}]},{\"@type\":\"WebSite\",\"@id\":\"https:\\\/\\\/www.ocean4future.org\\\/savetheocean\\\/#website\",\"url\":\"https:\\\/\\\/www.ocean4future.org\\\/savetheocean\\\/\",\"name\":\"Ocean 4 Future\",\"description\":\"Per una nuova cultura del mare e della marittimit\u00e0\",\"publisher\":{\"@id\":\"https:\\\/\\\/www.ocean4future.org\\\/savetheocean\\\/#\\\/schema\\\/person\\\/4e1c26437054353074d7bb2efa77162c\"},\"potentialAction\":[{\"@type\":\"SearchAction\",\"target\":{\"@type\":\"EntryPoint\",\"urlTemplate\":\"https:\\\/\\\/www.ocean4future.org\\\/savetheocean\\\/?s={search_term_string}\"},\"query-input\":{\"@type\":\"PropertyValueSpecification\",\"valueRequired\":true,\"valueName\":\"search_term_string\"}}],\"inLanguage\":\"it-IT\"},{\"@type\":[\"Person\",\"Organization\"],\"@id\":\"https:\\\/\\\/www.ocean4future.org\\\/savetheocean\\\/#\\\/schema\\\/person\\\/4e1c26437054353074d7bb2efa77162c\",\"name\":\"oceandiver\",\"image\":{\"@type\":\"ImageObject\",\"inLanguage\":\"it-IT\",\"@id\":\"https:\\\/\\\/www.ocean4future.org\\\/savetheocean\\\/wp-content\\\/uploads\\\/2023\\\/04\\\/logo-ocean3.jpg\",\"url\":\"https:\\\/\\\/www.ocean4future.org\\\/savetheocean\\\/wp-content\\\/uploads\\\/2023\\\/04\\\/logo-ocean3.jpg\",\"contentUrl\":\"https:\\\/\\\/www.ocean4future.org\\\/savetheocean\\\/wp-content\\\/uploads\\\/2023\\\/04\\\/logo-ocean3.jpg\",\"width\":472,\"height\":301,\"caption\":\"oceandiver\"},\"logo\":{\"@id\":\"https:\\\/\\\/www.ocean4future.org\\\/savetheocean\\\/wp-content\\\/uploads\\\/2023\\\/04\\\/logo-ocean3.jpg\"}},{\"@type\":\"Person\",\"@id\":\"https:\\\/\\\/www.ocean4future.org\\\/savetheocean\\\/#\\\/schema\\\/person\\\/f822ddfb364d07a67ccfdb34fcbe3663\",\"name\":\"gianluca bertozzi\",\"image\":{\"@type\":\"ImageObject\",\"inLanguage\":\"it-IT\",\"@id\":\"https:\\\/\\\/secure.gravatar.com\\\/avatar\\\/fcfa868f0578a294f82f7a694520f0d9b154b90b1229c9b00ef37b680086aa55?s=96&d=mm&r=g\",\"url\":\"https:\\\/\\\/secure.gravatar.com\\\/avatar\\\/fcfa868f0578a294f82f7a694520f0d9b154b90b1229c9b00ef37b680086aa55?s=96&d=mm&r=g\",\"contentUrl\":\"https:\\\/\\\/secure.gravatar.com\\\/avatar\\\/fcfa868f0578a294f82f7a694520f0d9b154b90b1229c9b00ef37b680086aa55?s=96&d=mm&r=g\",\"caption\":\"gianluca bertozzi\"},\"description\":\"laureato in Giurisprudenza \u00e8 un attento e meticoloso studioso di storia navale e aeronautica militare\",\"url\":\"https:\\\/\\\/www.ocean4future.org\\\/savetheocean\\\/archives\\\/author\\\/gianluca-bertozzi\"}]}<\/script>\n<!-- \/ Yoast SEO plugin. -->","yoast_head_json":{"title":"Il combattimento notturno e la Regia Marina italiana &#8226; OCEAN4FUTURE autore","robots":{"index":"index","follow":"follow","max-snippet":"max-snippet:-1","max-image-preview":"max-image-preview:large","max-video-preview":"max-video-preview:-1"},"canonical":"https:\/\/www.ocean4future.org\/savetheocean\/archives\/109585","og_locale":"it_IT","og_type":"article","og_title":"Il combattimento notturno e la Regia Marina italiana &#8226; OCEAN4FUTURE autore","og_description":"tempo di lettura:  4 minuti. . ARGOMENTO: STORIA NAVALE PERIODO: XX SECOLO AREA: MAR MEDITERRANEO parole chiave: tattiche notturne, tiro . A ottant\u2019anni dagli avvenimenti esistono ancora falsi miti e strascichi consolidati dalle polemiche, talvolta pretestuose e molto personali da parte di alcuni dei protagonisti sopravvissuti in merito alle cause della sconfitta. Una sconfitta che non fu personale ma [&hellip;]","og_url":"https:\/\/www.ocean4future.org\/savetheocean\/archives\/109585","og_site_name":"OCEAN4FUTURE","article_published_time":"2024-10-04T22:03:00+00:00","og_image":[{"width":1023,"height":702,"url":"https:\/\/www.ocean4future.org\/savetheocean\/wp-content\/uploads\/2024\/10\/USS_Washington_BB-56_firing_during_the_Second_Naval_Battle_of_Guadalcanal_14_November_1942.jpg","type":"image\/jpeg"}],"author":"gianluca bertozzi","twitter_card":"summary_large_image","twitter_creator":"@ocean4future","twitter_site":"@ocean4future","twitter_misc":{"Scritto da":"gianluca bertozzi","Tempo di lettura stimato":"7 minuti"},"schema":{"@context":"https:\/\/schema.org","@graph":[{"@type":"Article","@id":"https:\/\/www.ocean4future.org\/savetheocean\/archives\/109585#article","isPartOf":{"@id":"https:\/\/www.ocean4future.org\/savetheocean\/archives\/109585"},"author":{"name":"gianluca bertozzi","@id":"https:\/\/www.ocean4future.org\/savetheocean\/#\/schema\/person\/f822ddfb364d07a67ccfdb34fcbe3663"},"headline":"Il combattimento notturno e la Regia Marina italiana","datePublished":"2024-10-04T22:03:00+00:00","mainEntityOfPage":{"@id":"https:\/\/www.ocean4future.org\/savetheocean\/archives\/109585"},"wordCount":1065,"commentCount":0,"publisher":{"@id":"https:\/\/www.ocean4future.org\/savetheocean\/#\/schema\/person\/4e1c26437054353074d7bb2efa77162c"},"image":{"@id":"https:\/\/www.ocean4future.org\/savetheocean\/archives\/109585#primaryimage"},"thumbnailUrl":"https:\/\/www.ocean4future.org\/savetheocean\/wp-content\/uploads\/2024\/10\/USS_Washington_BB-56_firing_during_the_Second_Naval_Battle_of_Guadalcanal_14_November_1942-e1761854437652.jpg","articleSection":["Scienze del mare"],"inLanguage":"it-IT","potentialAction":[{"@type":"CommentAction","name":"Comment","target":["https:\/\/www.ocean4future.org\/savetheocean\/archives\/109585#respond"]}]},{"@type":"WebPage","@id":"https:\/\/www.ocean4future.org\/savetheocean\/archives\/109585","url":"https:\/\/www.ocean4future.org\/savetheocean\/archives\/109585","name":"Il combattimento notturno e la Regia Marina italiana &#8226; OCEAN4FUTURE autore","isPartOf":{"@id":"https:\/\/www.ocean4future.org\/savetheocean\/#website"},"primaryImageOfPage":{"@id":"https:\/\/www.ocean4future.org\/savetheocean\/archives\/109585#primaryimage"},"image":{"@id":"https:\/\/www.ocean4future.org\/savetheocean\/archives\/109585#primaryimage"},"thumbnailUrl":"https:\/\/www.ocean4future.org\/savetheocean\/wp-content\/uploads\/2024\/10\/USS_Washington_BB-56_firing_during_the_Second_Naval_Battle_of_Guadalcanal_14_November_1942-e1761854437652.jpg","datePublished":"2024-10-04T22:03:00+00:00","breadcrumb":{"@id":"https:\/\/www.ocean4future.org\/savetheocean\/archives\/109585#breadcrumb"},"inLanguage":"it-IT","potentialAction":[{"@type":"ReadAction","target":["https:\/\/www.ocean4future.org\/savetheocean\/archives\/109585"]}]},{"@type":"ImageObject","inLanguage":"it-IT","@id":"https:\/\/www.ocean4future.org\/savetheocean\/archives\/109585#primaryimage","url":"https:\/\/www.ocean4future.org\/savetheocean\/wp-content\/uploads\/2024\/10\/USS_Washington_BB-56_firing_during_the_Second_Naval_Battle_of_Guadalcanal_14_November_1942-e1761854437652.jpg","contentUrl":"https:\/\/www.ocean4future.org\/savetheocean\/wp-content\/uploads\/2024\/10\/USS_Washington_BB-56_firing_during_the_Second_Naval_Battle_of_Guadalcanal_14_November_1942-e1761854437652.jpg","width":640,"height":439,"caption":"http:\/\/www.militaryphotos.net\/forums\/showthread.php?t=157795&amp;page=4, image is near the bottom of the page."},{"@type":"BreadcrumbList","@id":"https:\/\/www.ocean4future.org\/savetheocean\/archives\/109585#breadcrumb","itemListElement":[{"@type":"ListItem","position":1,"name":"Home","item":"https:\/\/www.ocean4future.org\/savetheocean"},{"@type":"ListItem","position":2,"name":"Il combattimento notturno e la Regia Marina italiana"}]},{"@type":"WebSite","@id":"https:\/\/www.ocean4future.org\/savetheocean\/#website","url":"https:\/\/www.ocean4future.org\/savetheocean\/","name":"Ocean 4 Future","description":"Per una nuova cultura del mare e della marittimit\u00e0","publisher":{"@id":"https:\/\/www.ocean4future.org\/savetheocean\/#\/schema\/person\/4e1c26437054353074d7bb2efa77162c"},"potentialAction":[{"@type":"SearchAction","target":{"@type":"EntryPoint","urlTemplate":"https:\/\/www.ocean4future.org\/savetheocean\/?s={search_term_string}"},"query-input":{"@type":"PropertyValueSpecification","valueRequired":true,"valueName":"search_term_string"}}],"inLanguage":"it-IT"},{"@type":["Person","Organization"],"@id":"https:\/\/www.ocean4future.org\/savetheocean\/#\/schema\/person\/4e1c26437054353074d7bb2efa77162c","name":"oceandiver","image":{"@type":"ImageObject","inLanguage":"it-IT","@id":"https:\/\/www.ocean4future.org\/savetheocean\/wp-content\/uploads\/2023\/04\/logo-ocean3.jpg","url":"https:\/\/www.ocean4future.org\/savetheocean\/wp-content\/uploads\/2023\/04\/logo-ocean3.jpg","contentUrl":"https:\/\/www.ocean4future.org\/savetheocean\/wp-content\/uploads\/2023\/04\/logo-ocean3.jpg","width":472,"height":301,"caption":"oceandiver"},"logo":{"@id":"https:\/\/www.ocean4future.org\/savetheocean\/wp-content\/uploads\/2023\/04\/logo-ocean3.jpg"}},{"@type":"Person","@id":"https:\/\/www.ocean4future.org\/savetheocean\/#\/schema\/person\/f822ddfb364d07a67ccfdb34fcbe3663","name":"gianluca bertozzi","image":{"@type":"ImageObject","inLanguage":"it-IT","@id":"https:\/\/secure.gravatar.com\/avatar\/fcfa868f0578a294f82f7a694520f0d9b154b90b1229c9b00ef37b680086aa55?s=96&d=mm&r=g","url":"https:\/\/secure.gravatar.com\/avatar\/fcfa868f0578a294f82f7a694520f0d9b154b90b1229c9b00ef37b680086aa55?s=96&d=mm&r=g","contentUrl":"https:\/\/secure.gravatar.com\/avatar\/fcfa868f0578a294f82f7a694520f0d9b154b90b1229c9b00ef37b680086aa55?s=96&d=mm&r=g","caption":"gianluca bertozzi"},"description":"laureato in Giurisprudenza \u00e8 un attento e meticoloso studioso di storia navale e aeronautica militare","url":"https:\/\/www.ocean4future.org\/savetheocean\/archives\/author\/gianluca-bertozzi"}]}},"_links":{"self":[{"href":"https:\/\/www.ocean4future.org\/savetheocean\/wp-json\/wp\/v2\/posts\/109585","targetHints":{"allow":["GET"]}}],"collection":[{"href":"https:\/\/www.ocean4future.org\/savetheocean\/wp-json\/wp\/v2\/posts"}],"about":[{"href":"https:\/\/www.ocean4future.org\/savetheocean\/wp-json\/wp\/v2\/types\/post"}],"author":[{"embeddable":true,"href":"https:\/\/www.ocean4future.org\/savetheocean\/wp-json\/wp\/v2\/users\/2363"}],"replies":[{"embeddable":true,"href":"https:\/\/www.ocean4future.org\/savetheocean\/wp-json\/wp\/v2\/comments?post=109585"}],"version-history":[{"count":0,"href":"https:\/\/www.ocean4future.org\/savetheocean\/wp-json\/wp\/v2\/posts\/109585\/revisions"}],"wp:featuredmedia":[{"embeddable":true,"href":"https:\/\/www.ocean4future.org\/savetheocean\/wp-json\/wp\/v2\/media\/110156"}],"wp:attachment":[{"href":"https:\/\/www.ocean4future.org\/savetheocean\/wp-json\/wp\/v2\/media?parent=109585"}],"wp:term":[{"taxonomy":"category","embeddable":true,"href":"https:\/\/www.ocean4future.org\/savetheocean\/wp-json\/wp\/v2\/categories?post=109585"},{"taxonomy":"post_tag","embeddable":true,"href":"https:\/\/www.ocean4future.org\/savetheocean\/wp-json\/wp\/v2\/tags?post=109585"}],"curies":[{"name":"wp","href":"https:\/\/api.w.org\/{rel}","templated":true}]}}