{"id":103229,"date":"2024-07-07T00:02:00","date_gmt":"2024-07-06T22:02:00","guid":{"rendered":"https:\/\/www.ocean4future.org\/savetheocean\/?p=103229"},"modified":"2024-06-25T16:26:31","modified_gmt":"2024-06-25T14:26:31","slug":"mennenio-agrippa-tra-i-piu-grandi-ammiragli-di-tutti-i-tempi-2","status":"publish","type":"post","link":"https:\/\/www.ocean4future.org\/savetheocean\/archives\/103229","title":{"rendered":"Marco Agrippa: la Guerra Sicula e la lotta contro Sesto Pompeo"},"content":{"rendered":"<span class=\"span-reading-time rt-reading-time\" style=\"display: block;\"><span class=\"rt-label rt-prefix\">tempo di lettura: <\/span> <span class=\"rt-time\"> 4<\/span> <span class=\"rt-label rt-postfix\">minuti<\/span><\/span><p><span style=\"color: #ffffff;\">.<\/span><\/p>\n<p><a class=\"maxbutton-4 maxbutton maxbutton-livello-di-comprensione\" href=\"javascript:void(0);\"><span class='mb-text'>livello elementare<\/span><\/a><br \/>\n<span style=\"color: #ffffff;\">.<\/span><br \/>\n<span style=\"color: #008000;\"><strong>ARGOMENTO: STORIA NAVALE ROMANA<\/strong><\/span><br \/>\n<span style=\"color: #008000;\"><strong>PERIODO: I SECOLO a.C.<\/strong><\/span><br \/>\n<span style=\"color: #008000;\"><strong>AREA: MAR MEDITERRANEO<\/strong><\/span><br \/>\nparole chiave: Marco Vipsanio Agrippa, Ottaviano<br \/>\n<span style=\"color: #ffffff;\">.<\/span><\/p>\n<p align=\"JUSTIFY\">Le stesse qualit\u00e0, la stessa indole e la stessa mentalit\u00e0 si ritrovano sia nell\u2019Agrippa \u201cpolitico\u201d che nell\u2019Agrippa \u201cammiraglio\u201d, cio\u00e8 nel ruolo che egli rivest\u00ec negli anni in cui Ottaviano gli attribu\u00ec la piena responsabilit\u00e0 delle operazioni marittime. Tale funzione inizi\u00f2 nel bel mezzo della <strong><span style=\"color: #008000;\">Guerra Sicula<\/span><\/strong>, quando <strong><span style=\"color: #008000;\">Ottaviano<\/span><\/strong> si trovava nella pressante necessit\u00e0 di difendere l\u2019Italia dalle ostilit\u00e0 condotte dalle flotte di <strong><span style=\"color: #008000;\">Sesto Pompeo<\/span><\/strong>. Costui aveva occupato la Sicilia l\u2019anno dopo la morte di Cesare, e da allora esercitava la pirateria contro Roma e l\u2019intera Penisola, provocando danni e vittime, cos\u00ec come una gravissima carestia derivante dalla paralisi del traffico marittimo.<br \/>\n<span style=\"color: #ffffff;\">.<\/span><\/p>\n<figure style=\"width: 847px\" class=\"wp-caption alignnone\"><img decoding=\"async\" src=\"https:\/\/www.ocean4future.org\/savetheocean\/wp-content\/uploads\/2020\/02\/sesto-pompeo-magno.jpg\" alt=\"Questa immagine ha l'attributo alt vuoto; il nome del file \u00e8 sesto-pompeo-magno.jpg\" width=\"847\" height=\"403\"><figcaption class=\"wp-caption-text\"><strong><span style=\"color: #008000;\">denario Sesto Pompeo<\/span><\/strong><\/figcaption><\/figure>\n<p align=\"JUSTIFY\">Egli disponeva infatti di ingenti forze navali, armate da elementi raccogliticci ma superbamente addestrati al combattimento in mare, e ne affidava il comando ad ammiragli espertissimi, fra i quali alcuni capi pirati cilici catturati molti anni prima da suo padre, <strong><span style=\"color: #008000;\">Pompeo Magno<\/span><\/strong>. Dopo aver invano tentato varie soluzioni, sia diplomatiche che militari, per rimuovere questa nuova ed esiziale pirateria, Ottaviano decise di affidare il comando della guerra navale al suo amico d\u2019infanzia Marco Agrippa, che, pur avendo appena 26 anni, stava gi\u00e0 assumendo il suo primo consolato (37 a.C.).<\/p>\n<p align=\"JUSTIFY\"><strong><span style=\"color: #008000;\">Agrippa<\/span> <\/strong>costru\u00ec un nuovo porto, il<strong><span style=\"color: #008000;\"> Portus Iulius<\/span><\/strong>, congiungendo i laghi Averno e Lucrino con il mare, e lo allest\u00ec come una base navale del tutto rispondente. Vi radun\u00f2 le navi disponibili e mise in cantiere una nuova grande flotta costituita da unit\u00e0 molto robuste, di cui egli stesso studi\u00f2 accuratamente i progetti per migliorarne le prestazioni in combattimento. Per tutto il resto dell\u2019anno e nel successivo inverno sottopose ad un addestramento intensivo gli equipaggi: prima a terra, poi esercitandoli alle manovre tattiche nelle acque dei due laghi, ed infine in mare, approfittando dei giorni di cattivo tempo per abituare i suoi uomini a operare con disinvoltura anche nelle condizioni peggiori.<\/p>\n<p><img decoding=\"async\" src=\"https:\/\/www.ocean4future.org\/savetheocean\/wp-content\/uploads\/2024\/06\/Portus_Julius_plan.png\" alt=\"Questa immagine ha l'attributo alt vuoto; il nome del file \u00e8 Portus_Julius_plan.png\" width=\"1024\" height=\"803\"><\/p>\n<p align=\"justify\"><span style=\"color: #008000;\"><strong>Portus Iulius. <span class=\"jCAhz JxVs2d ChMk0b\"><span class=\"ryNqvb\">Il porto era difeso da una lunga diga marittima da Punta dell&#8217;Epitaffio a Punta Caruso, sulla sponda sabbiosa del Lago Lucrino e sulla quale passava la Via Herculanea.<\/span><\/span> Il porto prevedeva <span class=\"jCAhz JxVs2d\"><span class=\"ryNqvb\">un canale che permetteva alle navi di entrare nel bacino del Lucrino.<\/span><\/span> <span class=\"jCAhz JxVs2d ChMk0b\"><span class=\"ryNqvb\">Il porto esterno, dietro Capo Miseno, potrebbe aver servito le navi attive della marina romana mentre la rada interna era probabilmente progettata per la flotta di riserva e per le riparazioni, nonch\u00e9 come rifugio dalle tempeste.<\/span><\/span><\/strong><\/span><a href=\"https:\/\/commons.wikimedia.org\/wiki\/File:Portus_Julius_plan.png\">Portus Julius plan.png &#8211; Wikimedia Commons<\/a><\/p>\n<p align=\"JUSTIFY\">Nella primavera del 36 a.C. si avvi\u00f2 infine l\u2019operazione pianificata da Ottaviano ed Agrippa per attaccare la Sicilia da tre direzioni: da nord Marco Agrippa doveva impegnare la maggiore flotta avversaria; da levante e da sud-ovest Ottaviano e Lepido dovevano sbarcare le rispettive legioni. Mentre questi ultimi incontrarono serie difficolt\u00e0 per mare ed in costa, <strong><span style=\"color: #008000;\">Agrippa<\/span> <\/strong>riport\u00f2 una netta vittoria navale nelle acque di Milazzo, privando la flotta di Sesto Pompeo di trenta navi. Poi, essendosi impadronito del litorale fra Milazzo e Tindari, consent\u00ec l\u2019afflusso di tutte le legioni di Ottaviano ed il successivo taglio dei rifornimenti degli avversari.<\/p>\n<p><img decoding=\"async\" src=\"https:\/\/www.ocean4future.org\/savetheocean\/wp-content\/uploads\/2024\/06\/AGRIPPA-Plan_offensive_Sicile_-36-1024x738.png\" alt=\"Questa immagine ha l'attributo alt vuoto; il nome del file \u00e8 AGRIPPA-Plan_offensive_Sicile_-36-1024x738.png\" width=\"1024\" height=\"738\"><\/p>\n<p align=\"JUSTIFY\"><span style=\"color: #008000;\"><strong>Piano offensivo siciliano di Augusto e Agrippa contro Sesto Pompeo nel 36 a.C. <a href=\"https:\/\/commons.wikimedia.org\/wiki\/File:Plan_offensive_Sicile_-36.png\">plan offensive Sicile -36.png &#8211; Wikimedia Commons<\/a><\/strong><\/span><\/p>\n<p align=\"JUSTIFY\">Nel contempo fece costruire e distribuire sulle sue navi un nuovo attrezzo navale, l\u2019<strong><span style=\"color: #008000;\">h<\/span><span style=\"color: #008000;\">arpax<\/span><\/strong>, da lui ideato per scagliare a distanza i ramponi di abbordaggio, rendendo cos\u00ec pi\u00f9 spedito l\u2019arrembaggio e la cattura delle navi nemiche.<\/p>\n<p><img decoding=\"async\" src=\"https:\/\/www.ocean4future.org\/savetheocean\/wp-content\/uploads\/2024\/06\/arpagone-1024x563.jpg\" alt=\"Questa immagine ha l'attributo alt vuoto; il nome del file \u00e8 arpagone-1024x563.jpg\"><\/p>\n<p align=\"JUSTIFY\">Logorato dalle privazioni, Sesto Pompeo si trov\u00f2 infine costretto ad uscire da Messina con l\u2019intera flotta di 350 unit\u00e0, ma venne definitivamente sconfitto da Marco Agrippa in battaglia navale (<strong><span style=\"color: #008000;\">acque di Nauloco<\/span><\/strong>), perdendo quasi tutte le sue navi: ne salv\u00f2 solo 17, con le quali fece vela verso il Mediterraneo orientale, in una navigazione senza ritorno.<br \/>\n<strong><span style=\"color: #008000;\">Fine II parte \u2013 continua<\/span><\/strong><br \/>\n<strong><span style=\"color: #008000;\">Domenico Carro<\/span><\/strong><\/p>\n<p>in anteprima denario di Augusto coniato per celebrare la vittoria di Nauloco<br \/>\n<span style=\"color: #ffffff;\">.<\/span><\/p>\n<p>[wpedon id=17555]<\/p>\n<p align=\"JUSTIFY\"><strong><span style=\"color: #0000ff;\">Ti \u00e8 piaciuto questo articolo? Pensa se puoi fare una piccola donazione per sostenere il nostro progetto. Sostieni OCEAN4FUTURE, il portale del Mare e della Marittimit\u00e0. La donazione pu\u00f2 essere singola o puoi decidere di renderla automatica ogni mese. Per donare in sicurezza, Clicca sul link DONAZIONE oppure scrivici alla mail: infoocean4future@gmail.com<\/span><\/strong><br \/>\n<span style=\"color: #ffffff;\">.<\/span><br \/>\n<a class=\"maxbutton-3 maxbutton maxbutton-pagina-principale\" target=\"_blank\" title=\"tooltip\" rel=\"nofollow noopener\" href=\"http:\/\/www.ocean4future.org\"><span class='mb-text'>PAGINA PRINCIPALE - HOME PAGE<\/span><\/a><br \/>\n<span style=\"color: #ffffff;\">.<\/span><\/p>\n<p><a class=\"maxbutton-13 maxbutton maxbutton-parte-i\" target=\"_blank\" title=\" tooltip\" rel=\"nofollow noopener\" href=\"https:\/\/www.ocean4future.org\/savetheocean\/archives\/103227\"><span class='mb-text'>PARTE I<\/span><\/a> <a class=\"maxbutton-14 maxbutton maxbutton-parte-ii\" target=\"_blank\" title=\" tooltip\" rel=\"nofollow noopener\" href=\"https:\/\/www.ocean4future.org\/savetheocean\/archives\/103229\"><span class='mb-text'>PARTE II<\/span><\/a> <a class=\"maxbutton-15 maxbutton maxbutton-parte-iii\" target=\"_blank\" title=\" tooltip\" rel=\"nofollow noopener\" href=\"https:\/\/www.ocean4future.org\/savetheocean\/archives\/103230\"><span class='mb-text'>PARTE III<\/span><\/a><\/p>\n<p align=\"JUSTIFY\"><a class=\"maxbutton-16 maxbutton maxbutton-parte-iv\" target=\"_blank\" title=\" tooltip\" rel=\"nofollow noopener\" href=\"https:\/\/www.ocean4future.org\/savetheocean\/archives\/107593\"><span class='mb-text'>PARTE IV<\/span><\/a><br \/>\n<span style=\"color: #ffffff;\">.<\/span><\/p>\n<p align=\"JUSTIFY\">Alcune delle foto presenti in questo blog possono essere state prese dal web, citandone ove possibile gli autori e\/o le fonti. Se qualcuno desiderasse specificarne l\u2019autore o rimuoverle, pu\u00f2 scrivere a infoocean4future@gmail.com e provvederemo immediatamente alla correzione dell\u2019articolo<br \/>\n<span style=\"color: #ffffff;\">.<\/span><\/p>\n","protected":false},"excerpt":{"rendered":"<p><span class=\"span-reading-time rt-reading-time\" style=\"display: block;\"><span class=\"rt-label rt-prefix\">tempo di lettura: <\/span> <span class=\"rt-time\"> 4<\/span> <span class=\"rt-label rt-postfix\">minuti<\/span><\/span>. . ARGOMENTO: STORIA NAVALE ROMANA PERIODO: I SECOLO a.C. AREA: MAR MEDITERRANEO parole chiave: Marco Vipsanio Agrippa, Ottaviano . Le stesse qualit\u00e0, la stessa indole e la stessa mentalit\u00e0 si ritrovano sia nell\u2019Agrippa \u201cpolitico\u201d che nell\u2019Agrippa \u201cammiraglio\u201d, cio\u00e8 nel ruolo che egli rivest\u00ec negli anni in cui Ottaviano gli attribu\u00ec la piena responsabilit\u00e0 delle [&hellip;]<\/p>\n","protected":false},"author":2432,"featured_media":107625,"comment_status":"open","ping_status":"open","sticky":false,"template":"","format":"standard","meta":{"_acf_changed":false,"_monsterinsights_skip_tracking":false,"_monsterinsights_sitenote_active":false,"_monsterinsights_sitenote_note":"","_monsterinsights_sitenote_category":0,"footnotes":""},"categories":[2312],"tags":[],"class_list":["post-103229","post","type-post","status-publish","format-standard","has-post-thumbnail","hentry","category-storia-navale-romana"],"acf":[],"yoast_head":"<!-- This site is optimized with the Yoast SEO plugin v27.4 - https:\/\/yoast.com\/product\/yoast-seo-wordpress\/ -->\n<title>Marco Agrippa: la Guerra Sicula e la lotta contro Sesto Pompeo &#8226; OCEAN4FUTURE autore<\/title>\n<meta name=\"robots\" content=\"index, follow, max-snippet:-1, max-image-preview:large, max-video-preview:-1\" \/>\n<link rel=\"canonical\" href=\"https:\/\/www.ocean4future.org\/savetheocean\/archives\/103229\" \/>\n<meta property=\"og:locale\" content=\"it_IT\" \/>\n<meta property=\"og:type\" content=\"article\" \/>\n<meta property=\"og:title\" content=\"Marco Agrippa: la Guerra Sicula e la lotta contro Sesto Pompeo &#8226; OCEAN4FUTURE autore\" \/>\n<meta property=\"og:description\" content=\"tempo di lettura:  4 minuti. . ARGOMENTO: STORIA NAVALE ROMANA PERIODO: I SECOLO a.C. AREA: MAR MEDITERRANEO parole chiave: Marco Vipsanio Agrippa, Ottaviano . Le stesse qualit\u00e0, la stessa indole e la stessa mentalit\u00e0 si ritrovano sia nell\u2019Agrippa \u201cpolitico\u201d che nell\u2019Agrippa \u201cammiraglio\u201d, cio\u00e8 nel ruolo che egli rivest\u00ec negli anni in cui Ottaviano gli attribu\u00ec la piena responsabilit\u00e0 delle [&hellip;]\" \/>\n<meta property=\"og:url\" content=\"https:\/\/www.ocean4future.org\/savetheocean\/archives\/103229\" \/>\n<meta property=\"og:site_name\" content=\"OCEAN4FUTURE\" \/>\n<meta property=\"article:author\" content=\"https:\/\/www.facebook.com\/romaeternaorg\" \/>\n<meta property=\"article:published_time\" content=\"2024-07-06T22:02:00+00:00\" \/>\n<meta property=\"og:image\" content=\"https:\/\/www.ocean4future.org\/savetheocean\/wp-content\/uploads\/2024\/06\/arpagone.jpg\" \/>\n\t<meta property=\"og:image:width\" content=\"1165\" \/>\n\t<meta property=\"og:image:height\" content=\"640\" \/>\n\t<meta property=\"og:image:type\" content=\"image\/jpeg\" \/>\n<meta name=\"author\" content=\"Domenico Carro\" \/>\n<meta name=\"twitter:card\" content=\"summary_large_image\" \/>\n<meta name=\"twitter:creator\" content=\"@https:\/\/twitter.com\/romaeterna\" \/>\n<meta name=\"twitter:site\" content=\"@ocean4future\" \/>\n<meta name=\"twitter:label1\" content=\"Scritto da\" \/>\n\t<meta name=\"twitter:data1\" content=\"Domenico Carro\" \/>\n\t<meta name=\"twitter:label2\" content=\"Tempo di lettura stimato\" \/>\n\t<meta name=\"twitter:data2\" content=\"5 minuti\" \/>\n<script type=\"application\/ld+json\" class=\"yoast-schema-graph\">{\"@context\":\"https:\\\/\\\/schema.org\",\"@graph\":[{\"@type\":\"Article\",\"@id\":\"https:\\\/\\\/www.ocean4future.org\\\/savetheocean\\\/archives\\\/103229#article\",\"isPartOf\":{\"@id\":\"https:\\\/\\\/www.ocean4future.org\\\/savetheocean\\\/archives\\\/103229\"},\"author\":{\"name\":\"Domenico Carro\",\"@id\":\"https:\\\/\\\/www.ocean4future.org\\\/savetheocean\\\/#\\\/schema\\\/person\\\/bd39f4411183ae5079b848f4a43f0a4d\"},\"headline\":\"Marco Agrippa: la Guerra Sicula e la lotta contro Sesto Pompeo\",\"datePublished\":\"2024-07-06T22:02:00+00:00\",\"mainEntityOfPage\":{\"@id\":\"https:\\\/\\\/www.ocean4future.org\\\/savetheocean\\\/archives\\\/103229\"},\"wordCount\":855,\"commentCount\":0,\"publisher\":{\"@id\":\"https:\\\/\\\/www.ocean4future.org\\\/savetheocean\\\/#\\\/schema\\\/person\\\/4e1c26437054353074d7bb2efa77162c\"},\"image\":{\"@id\":\"https:\\\/\\\/www.ocean4future.org\\\/savetheocean\\\/archives\\\/103229#primaryimage\"},\"thumbnailUrl\":\"https:\\\/\\\/www.ocean4future.org\\\/savetheocean\\\/wp-content\\\/uploads\\\/2024\\\/06\\\/arpagone.jpg\",\"articleSection\":[\"Storia navale Romana\"],\"inLanguage\":\"it-IT\",\"potentialAction\":[{\"@type\":\"CommentAction\",\"name\":\"Comment\",\"target\":[\"https:\\\/\\\/www.ocean4future.org\\\/savetheocean\\\/archives\\\/103229#respond\"]}]},{\"@type\":\"WebPage\",\"@id\":\"https:\\\/\\\/www.ocean4future.org\\\/savetheocean\\\/archives\\\/103229\",\"url\":\"https:\\\/\\\/www.ocean4future.org\\\/savetheocean\\\/archives\\\/103229\",\"name\":\"Marco Agrippa: la Guerra Sicula e la lotta contro Sesto Pompeo &#8226; OCEAN4FUTURE autore\",\"isPartOf\":{\"@id\":\"https:\\\/\\\/www.ocean4future.org\\\/savetheocean\\\/#website\"},\"primaryImageOfPage\":{\"@id\":\"https:\\\/\\\/www.ocean4future.org\\\/savetheocean\\\/archives\\\/103229#primaryimage\"},\"image\":{\"@id\":\"https:\\\/\\\/www.ocean4future.org\\\/savetheocean\\\/archives\\\/103229#primaryimage\"},\"thumbnailUrl\":\"https:\\\/\\\/www.ocean4future.org\\\/savetheocean\\\/wp-content\\\/uploads\\\/2024\\\/06\\\/arpagone.jpg\",\"datePublished\":\"2024-07-06T22:02:00+00:00\",\"breadcrumb\":{\"@id\":\"https:\\\/\\\/www.ocean4future.org\\\/savetheocean\\\/archives\\\/103229#breadcrumb\"},\"inLanguage\":\"it-IT\",\"potentialAction\":[{\"@type\":\"ReadAction\",\"target\":[\"https:\\\/\\\/www.ocean4future.org\\\/savetheocean\\\/archives\\\/103229\"]}]},{\"@type\":\"ImageObject\",\"inLanguage\":\"it-IT\",\"@id\":\"https:\\\/\\\/www.ocean4future.org\\\/savetheocean\\\/archives\\\/103229#primaryimage\",\"url\":\"https:\\\/\\\/www.ocean4future.org\\\/savetheocean\\\/wp-content\\\/uploads\\\/2024\\\/06\\\/arpagone.jpg\",\"contentUrl\":\"https:\\\/\\\/www.ocean4future.org\\\/savetheocean\\\/wp-content\\\/uploads\\\/2024\\\/06\\\/arpagone.jpg\",\"width\":1165,\"height\":640},{\"@type\":\"BreadcrumbList\",\"@id\":\"https:\\\/\\\/www.ocean4future.org\\\/savetheocean\\\/archives\\\/103229#breadcrumb\",\"itemListElement\":[{\"@type\":\"ListItem\",\"position\":1,\"name\":\"Home\",\"item\":\"https:\\\/\\\/www.ocean4future.org\\\/savetheocean\"},{\"@type\":\"ListItem\",\"position\":2,\"name\":\"Marco Agrippa: la Guerra Sicula e la lotta contro Sesto Pompeo\"}]},{\"@type\":\"WebSite\",\"@id\":\"https:\\\/\\\/www.ocean4future.org\\\/savetheocean\\\/#website\",\"url\":\"https:\\\/\\\/www.ocean4future.org\\\/savetheocean\\\/\",\"name\":\"Ocean 4 Future\",\"description\":\"Per una nuova cultura del mare e della marittimit\u00e0\",\"publisher\":{\"@id\":\"https:\\\/\\\/www.ocean4future.org\\\/savetheocean\\\/#\\\/schema\\\/person\\\/4e1c26437054353074d7bb2efa77162c\"},\"potentialAction\":[{\"@type\":\"SearchAction\",\"target\":{\"@type\":\"EntryPoint\",\"urlTemplate\":\"https:\\\/\\\/www.ocean4future.org\\\/savetheocean\\\/?s={search_term_string}\"},\"query-input\":{\"@type\":\"PropertyValueSpecification\",\"valueRequired\":true,\"valueName\":\"search_term_string\"}}],\"inLanguage\":\"it-IT\"},{\"@type\":[\"Person\",\"Organization\"],\"@id\":\"https:\\\/\\\/www.ocean4future.org\\\/savetheocean\\\/#\\\/schema\\\/person\\\/4e1c26437054353074d7bb2efa77162c\",\"name\":\"oceandiver\",\"image\":{\"@type\":\"ImageObject\",\"inLanguage\":\"it-IT\",\"@id\":\"https:\\\/\\\/www.ocean4future.org\\\/savetheocean\\\/wp-content\\\/uploads\\\/2023\\\/04\\\/logo-ocean3.jpg\",\"url\":\"https:\\\/\\\/www.ocean4future.org\\\/savetheocean\\\/wp-content\\\/uploads\\\/2023\\\/04\\\/logo-ocean3.jpg\",\"contentUrl\":\"https:\\\/\\\/www.ocean4future.org\\\/savetheocean\\\/wp-content\\\/uploads\\\/2023\\\/04\\\/logo-ocean3.jpg\",\"width\":472,\"height\":301,\"caption\":\"oceandiver\"},\"logo\":{\"@id\":\"https:\\\/\\\/www.ocean4future.org\\\/savetheocean\\\/wp-content\\\/uploads\\\/2023\\\/04\\\/logo-ocean3.jpg\"}},{\"@type\":\"Person\",\"@id\":\"https:\\\/\\\/www.ocean4future.org\\\/savetheocean\\\/#\\\/schema\\\/person\\\/bd39f4411183ae5079b848f4a43f0a4d\",\"name\":\"Domenico Carro\",\"image\":{\"@type\":\"ImageObject\",\"inLanguage\":\"it-IT\",\"@id\":\"https:\\\/\\\/secure.gravatar.com\\\/avatar\\\/47647ae893cdd6f04acaf68ee6f47e77a677bb080bbb9b02c80b6e3a3df707bd?s=96&d=mm&r=g\",\"url\":\"https:\\\/\\\/secure.gravatar.com\\\/avatar\\\/47647ae893cdd6f04acaf68ee6f47e77a677bb080bbb9b02c80b6e3a3df707bd?s=96&d=mm&r=g\",\"contentUrl\":\"https:\\\/\\\/secure.gravatar.com\\\/avatar\\\/47647ae893cdd6f04acaf68ee6f47e77a677bb080bbb9b02c80b6e3a3df707bd?s=96&d=mm&r=g\",\"caption\":\"Domenico Carro\"},\"description\":\"ammiraglio di divisione della Riserva della Marina Militare Italiana, dal momento del suo ritiro dal servizio attivo, assecondando la propria natura di appassionato cultore della Civilt\u00e0 Romana, ha potuto dedicarsi interamente all'approfondimento dei suoi studi storiografici, nell'ambito dei quali ha pubblicato numerosi libri e saggi, creato l'interessantissimo sito ROMA AETERNA ed\u00a0\u00a0il foro di discussione FORVM ROMAETERNA (2001-2013), poi sostituito dall'istituzione di pagine estratte da \\\"Roma Aeterna\\\" nelle maggiori reti sociali, quali Linkedin, Facebook, Twitter, Youtube, Flickr, etc.\u00a0 Non ultimo, l'ammiraglio Carro \u00e8 relatore in importanti convegni,\u00a0 nazionali ed internazionali sui temi della storiografia romana e della salvaguardia della cultura marittima.\",\"sameAs\":[\"http:\\\/\\\/www.romaeterna.org\\\/\",\"https:\\\/\\\/www.facebook.com\\\/romaeternaorg\",\"http:\\\/\\\/www.linkedin.com\\\/groups?gid=44675\",\"https:\\\/\\\/x.com\\\/https:\\\/\\\/twitter.com\\\/romaeterna\",\"http:\\\/\\\/www.youtube.com\\\/romaeternaorg\"],\"url\":\"https:\\\/\\\/www.ocean4future.org\\\/savetheocean\\\/archives\\\/author\\\/domenico-carro\"}]}<\/script>\n<!-- \/ Yoast SEO plugin. -->","yoast_head_json":{"title":"Marco Agrippa: la Guerra Sicula e la lotta contro Sesto Pompeo &#8226; OCEAN4FUTURE autore","robots":{"index":"index","follow":"follow","max-snippet":"max-snippet:-1","max-image-preview":"max-image-preview:large","max-video-preview":"max-video-preview:-1"},"canonical":"https:\/\/www.ocean4future.org\/savetheocean\/archives\/103229","og_locale":"it_IT","og_type":"article","og_title":"Marco Agrippa: la Guerra Sicula e la lotta contro Sesto Pompeo &#8226; OCEAN4FUTURE autore","og_description":"tempo di lettura:  4 minuti. . ARGOMENTO: STORIA NAVALE ROMANA PERIODO: I SECOLO a.C. AREA: MAR MEDITERRANEO parole chiave: Marco Vipsanio Agrippa, Ottaviano . Le stesse qualit\u00e0, la stessa indole e la stessa mentalit\u00e0 si ritrovano sia nell\u2019Agrippa \u201cpolitico\u201d che nell\u2019Agrippa \u201cammiraglio\u201d, cio\u00e8 nel ruolo che egli rivest\u00ec negli anni in cui Ottaviano gli attribu\u00ec la piena responsabilit\u00e0 delle [&hellip;]","og_url":"https:\/\/www.ocean4future.org\/savetheocean\/archives\/103229","og_site_name":"OCEAN4FUTURE","article_author":"https:\/\/www.facebook.com\/romaeternaorg","article_published_time":"2024-07-06T22:02:00+00:00","og_image":[{"width":1165,"height":640,"url":"https:\/\/www.ocean4future.org\/savetheocean\/wp-content\/uploads\/2024\/06\/arpagone.jpg","type":"image\/jpeg"}],"author":"Domenico Carro","twitter_card":"summary_large_image","twitter_creator":"@https:\/\/twitter.com\/romaeterna","twitter_site":"@ocean4future","twitter_misc":{"Scritto da":"Domenico Carro","Tempo di lettura stimato":"5 minuti"},"schema":{"@context":"https:\/\/schema.org","@graph":[{"@type":"Article","@id":"https:\/\/www.ocean4future.org\/savetheocean\/archives\/103229#article","isPartOf":{"@id":"https:\/\/www.ocean4future.org\/savetheocean\/archives\/103229"},"author":{"name":"Domenico Carro","@id":"https:\/\/www.ocean4future.org\/savetheocean\/#\/schema\/person\/bd39f4411183ae5079b848f4a43f0a4d"},"headline":"Marco Agrippa: la Guerra Sicula e la lotta contro Sesto Pompeo","datePublished":"2024-07-06T22:02:00+00:00","mainEntityOfPage":{"@id":"https:\/\/www.ocean4future.org\/savetheocean\/archives\/103229"},"wordCount":855,"commentCount":0,"publisher":{"@id":"https:\/\/www.ocean4future.org\/savetheocean\/#\/schema\/person\/4e1c26437054353074d7bb2efa77162c"},"image":{"@id":"https:\/\/www.ocean4future.org\/savetheocean\/archives\/103229#primaryimage"},"thumbnailUrl":"https:\/\/www.ocean4future.org\/savetheocean\/wp-content\/uploads\/2024\/06\/arpagone.jpg","articleSection":["Storia navale Romana"],"inLanguage":"it-IT","potentialAction":[{"@type":"CommentAction","name":"Comment","target":["https:\/\/www.ocean4future.org\/savetheocean\/archives\/103229#respond"]}]},{"@type":"WebPage","@id":"https:\/\/www.ocean4future.org\/savetheocean\/archives\/103229","url":"https:\/\/www.ocean4future.org\/savetheocean\/archives\/103229","name":"Marco Agrippa: la Guerra Sicula e la lotta contro Sesto Pompeo &#8226; OCEAN4FUTURE autore","isPartOf":{"@id":"https:\/\/www.ocean4future.org\/savetheocean\/#website"},"primaryImageOfPage":{"@id":"https:\/\/www.ocean4future.org\/savetheocean\/archives\/103229#primaryimage"},"image":{"@id":"https:\/\/www.ocean4future.org\/savetheocean\/archives\/103229#primaryimage"},"thumbnailUrl":"https:\/\/www.ocean4future.org\/savetheocean\/wp-content\/uploads\/2024\/06\/arpagone.jpg","datePublished":"2024-07-06T22:02:00+00:00","breadcrumb":{"@id":"https:\/\/www.ocean4future.org\/savetheocean\/archives\/103229#breadcrumb"},"inLanguage":"it-IT","potentialAction":[{"@type":"ReadAction","target":["https:\/\/www.ocean4future.org\/savetheocean\/archives\/103229"]}]},{"@type":"ImageObject","inLanguage":"it-IT","@id":"https:\/\/www.ocean4future.org\/savetheocean\/archives\/103229#primaryimage","url":"https:\/\/www.ocean4future.org\/savetheocean\/wp-content\/uploads\/2024\/06\/arpagone.jpg","contentUrl":"https:\/\/www.ocean4future.org\/savetheocean\/wp-content\/uploads\/2024\/06\/arpagone.jpg","width":1165,"height":640},{"@type":"BreadcrumbList","@id":"https:\/\/www.ocean4future.org\/savetheocean\/archives\/103229#breadcrumb","itemListElement":[{"@type":"ListItem","position":1,"name":"Home","item":"https:\/\/www.ocean4future.org\/savetheocean"},{"@type":"ListItem","position":2,"name":"Marco Agrippa: la Guerra Sicula e la lotta contro Sesto Pompeo"}]},{"@type":"WebSite","@id":"https:\/\/www.ocean4future.org\/savetheocean\/#website","url":"https:\/\/www.ocean4future.org\/savetheocean\/","name":"Ocean 4 Future","description":"Per una nuova cultura del mare e della marittimit\u00e0","publisher":{"@id":"https:\/\/www.ocean4future.org\/savetheocean\/#\/schema\/person\/4e1c26437054353074d7bb2efa77162c"},"potentialAction":[{"@type":"SearchAction","target":{"@type":"EntryPoint","urlTemplate":"https:\/\/www.ocean4future.org\/savetheocean\/?s={search_term_string}"},"query-input":{"@type":"PropertyValueSpecification","valueRequired":true,"valueName":"search_term_string"}}],"inLanguage":"it-IT"},{"@type":["Person","Organization"],"@id":"https:\/\/www.ocean4future.org\/savetheocean\/#\/schema\/person\/4e1c26437054353074d7bb2efa77162c","name":"oceandiver","image":{"@type":"ImageObject","inLanguage":"it-IT","@id":"https:\/\/www.ocean4future.org\/savetheocean\/wp-content\/uploads\/2023\/04\/logo-ocean3.jpg","url":"https:\/\/www.ocean4future.org\/savetheocean\/wp-content\/uploads\/2023\/04\/logo-ocean3.jpg","contentUrl":"https:\/\/www.ocean4future.org\/savetheocean\/wp-content\/uploads\/2023\/04\/logo-ocean3.jpg","width":472,"height":301,"caption":"oceandiver"},"logo":{"@id":"https:\/\/www.ocean4future.org\/savetheocean\/wp-content\/uploads\/2023\/04\/logo-ocean3.jpg"}},{"@type":"Person","@id":"https:\/\/www.ocean4future.org\/savetheocean\/#\/schema\/person\/bd39f4411183ae5079b848f4a43f0a4d","name":"Domenico Carro","image":{"@type":"ImageObject","inLanguage":"it-IT","@id":"https:\/\/secure.gravatar.com\/avatar\/47647ae893cdd6f04acaf68ee6f47e77a677bb080bbb9b02c80b6e3a3df707bd?s=96&d=mm&r=g","url":"https:\/\/secure.gravatar.com\/avatar\/47647ae893cdd6f04acaf68ee6f47e77a677bb080bbb9b02c80b6e3a3df707bd?s=96&d=mm&r=g","contentUrl":"https:\/\/secure.gravatar.com\/avatar\/47647ae893cdd6f04acaf68ee6f47e77a677bb080bbb9b02c80b6e3a3df707bd?s=96&d=mm&r=g","caption":"Domenico Carro"},"description":"ammiraglio di divisione della Riserva della Marina Militare Italiana, dal momento del suo ritiro dal servizio attivo, assecondando la propria natura di appassionato cultore della Civilt\u00e0 Romana, ha potuto dedicarsi interamente all'approfondimento dei suoi studi storiografici, nell'ambito dei quali ha pubblicato numerosi libri e saggi, creato l'interessantissimo sito ROMA AETERNA ed\u00a0\u00a0il foro di discussione FORVM ROMAETERNA (2001-2013), poi sostituito dall'istituzione di pagine estratte da \"Roma Aeterna\" nelle maggiori reti sociali, quali Linkedin, Facebook, Twitter, Youtube, Flickr, etc.\u00a0 Non ultimo, l'ammiraglio Carro \u00e8 relatore in importanti convegni,\u00a0 nazionali ed internazionali sui temi della storiografia romana e della salvaguardia della cultura marittima.","sameAs":["http:\/\/www.romaeterna.org\/","https:\/\/www.facebook.com\/romaeternaorg","http:\/\/www.linkedin.com\/groups?gid=44675","https:\/\/x.com\/https:\/\/twitter.com\/romaeterna","http:\/\/www.youtube.com\/romaeternaorg"],"url":"https:\/\/www.ocean4future.org\/savetheocean\/archives\/author\/domenico-carro"}]}},"_links":{"self":[{"href":"https:\/\/www.ocean4future.org\/savetheocean\/wp-json\/wp\/v2\/posts\/103229","targetHints":{"allow":["GET"]}}],"collection":[{"href":"https:\/\/www.ocean4future.org\/savetheocean\/wp-json\/wp\/v2\/posts"}],"about":[{"href":"https:\/\/www.ocean4future.org\/savetheocean\/wp-json\/wp\/v2\/types\/post"}],"author":[{"embeddable":true,"href":"https:\/\/www.ocean4future.org\/savetheocean\/wp-json\/wp\/v2\/users\/2432"}],"replies":[{"embeddable":true,"href":"https:\/\/www.ocean4future.org\/savetheocean\/wp-json\/wp\/v2\/comments?post=103229"}],"version-history":[{"count":0,"href":"https:\/\/www.ocean4future.org\/savetheocean\/wp-json\/wp\/v2\/posts\/103229\/revisions"}],"wp:featuredmedia":[{"embeddable":true,"href":"https:\/\/www.ocean4future.org\/savetheocean\/wp-json\/wp\/v2\/media\/107625"}],"wp:attachment":[{"href":"https:\/\/www.ocean4future.org\/savetheocean\/wp-json\/wp\/v2\/media?parent=103229"}],"wp:term":[{"taxonomy":"category","embeddable":true,"href":"https:\/\/www.ocean4future.org\/savetheocean\/wp-json\/wp\/v2\/categories?post=103229"},{"taxonomy":"post_tag","embeddable":true,"href":"https:\/\/www.ocean4future.org\/savetheocean\/wp-json\/wp\/v2\/tags?post=103229"}],"curies":[{"name":"wp","href":"https:\/\/api.w.org\/{rel}","templated":true}]}}